{"id":122424,"date":"2018-05-23T05:00:28","date_gmt":"2018-05-23T08:00:28","guid":{"rendered":"https:\/\/www.estrategiaconcursos.com.br\/blog\/?p=122424"},"modified":"2018-05-23T16:00:07","modified_gmt":"2018-05-23T19:00:07","slug":"isencao-em-concursos-publicos","status":"publish","type":"post","link":"https:\/\/www.estrategiaconcursos.com.br\/blog\/isencao-em-concursos-publicos\/","title":{"rendered":"Projetos de Lei preveem isen\u00e7\u00e3o de taxas em concursos estaduais da Para\u00edba e de Roraima"},"content":{"rendered":"<p>Projetos de Lei apresentados nas Assembleias Legislativas da Para\u00edba e de Roraima podem conceder isen\u00e7\u00e3o do pagamento de taxas de inscri\u00e7\u00e3o de concursos estaduais.<\/p>\n<p>As iniciativas constituem uma boa not\u00edcia para quem pretende prestar concursos, pois garantem maior acesso na disputa por cargos p\u00fablicos.<\/p>\n<p>As isen\u00e7\u00f5es propostas nos dois Estados tem caracter\u00edsticas muito diversas uma da outra. Preparamos aqui um pequeno resumo do que pode mudar nos concursos da Para\u00edba e de Roraima.<\/p>\n<h2>Para\u00edba<\/h2>\n<p>Apresentado pelo deputado estadual Tovar Correia Lima, o Projeto de Lei Ordin\u00e1ria (PLO) 1.825\/2018 visa conceder isen\u00e7\u00e3o do pagamento de taxa de inscri\u00e7\u00e3o nos concursos estaduais aos cidad\u00e3os que foram nomeados e efetivamente trabalharam como mes\u00e1rios nas elei\u00e7\u00f5es, plebiscitos e referendos realizados pela Justi\u00e7a Eleitoral paraibana.<\/p>\n<p>A isen\u00e7\u00e3o abrange os concursos p\u00fablicos realizados pela Administra\u00e7\u00e3o P\u00fablica Direta, Indireta, Autarquias, Funda\u00e7\u00f5es P\u00fablicas e Entidades mantidas pelo Poder P\u00fablico Estadual.<\/p>\n<p>Segundo o projeto de lei, poder\u00e3o solicitar a isen\u00e7\u00e3o os que foram convocados e nomeados para trabalhar nas fun\u00e7\u00f5es de presidente de mesa, primeiro e segundo mes\u00e1rio ou secret\u00e1rio, membro ou escrutinador da Junta Eleitoral, Supervisor de Local de Vota\u00e7\u00e3o e aqueles que forem designados para auxiliar os servi\u00e7os.<\/p>\n<p>Para ter acesso a isen\u00e7\u00e3o, os candidatos dever\u00e3o ter servido por pelo menos\u00a0<strong><em>duas elei\u00e7\u00f5es consecutivas<\/em><\/strong>, ou de uma elei\u00e7\u00e3o seguida de referendo ou plebiscito, sendo que cada turno \u00e9 considerado uma elei\u00e7\u00e3o.<\/p>\n<p>A comprova\u00e7\u00e3o dever\u00e1 ser feita por meio de apresenta\u00e7\u00e3o de diploma expedido pela Justi\u00e7a Eleitoral, contendo todos os dados do candidato e a especifica\u00e7\u00e3o das fun\u00e7\u00f5es desempenhadas.<\/p>\n<p>Ap\u00f3s a comprova\u00e7\u00e3o, o benef\u00edcio ter\u00e1 validade de 4 anos, contados a partir da data em que o eleitor passar a fazer jus a ele, isto \u00e9, ter prestado servi\u00e7os em duas elei\u00e7\u00f5es seguidas, ou de uma elei\u00e7\u00e3o seguida de um plebiscito ou referendo.<\/p>\n<p>Clique aqui para acessar o texto do <a href=\"https:\/\/www.estrategiaconcursos.com.br\/blog\/wp-content\/uploads\/2018\/05\/57666_texto_integral.pdf\" target=\"_blank\" rel=\"noopener\">PLO 1.825\/2018<\/a>.<\/p>\n<h2>Roraima<\/h2>\n<p>Est\u00e1 em tramita\u00e7\u00e3o, na Assembleia Legislativa do Estado de Roraima, um Projeto de Lei que prev\u00ea a concess\u00e3o de uma <strong><em>isen\u00e7\u00e3o ampla<\/em><\/strong> do pagamento de taxas de concursos p\u00fablicos estaduais.<\/p>\n<p>O PL 045\/2018, apresentado pelo deputado estadual Oleno Matos em 15 de maio, concede isen\u00e7\u00e3o das taxas nos concursos do Estado \u00e0queles que se declararem isentos de fazer a Declara\u00e7\u00e3o Anual de Imposto de Renda (IR).<\/p>\n<p>De acordo com o deputado, o projeto visa oferecer \u00e0s pessoas mais pobres condi\u00e7\u00f5es de competir por empregos p\u00fablicos, permitindo assim maior possibilidade de ascens\u00e3o social.<\/p>\n<p>Segundo o projeto, os candidatos que desejarem solicitar a isen\u00e7\u00e3o com base nesta hip\u00f3tese dever\u00e3o preencher uma declara\u00e7\u00e3o pr\u00f3pria disponibilizada no ato da inscri\u00e7\u00e3o.<\/p>\n<p>O texto d\u00e1 liberdade para que os editais prevejam como dever\u00e1 ser feita a comprova\u00e7\u00e3o do enquadramento do candidato na hip\u00f3tese de isen\u00e7\u00e3o prevista.<\/p>\n<p>Em caso de\u00a0<strong><em>declara\u00e7\u00e3o falsa<\/em><\/strong>, al\u00e9m das san\u00e7\u00f5es civis, penais e administrativas previstas pela legisla\u00e7\u00e3o brasileira, o PL prev\u00ea que todos os atos realizados pelo candidato a partir da inscri\u00e7\u00e3o ser\u00e3o considerados nulos, assim como a\u00a0<strong><em>nomea\u00e7\u00e3o<\/em><\/strong><strong>,\u00a0<\/strong><strong><em>posse\u00a0<\/em><\/strong>e\u00a0<strong><em>exerc\u00edcio<\/em><\/strong><strong>\u00a0<\/strong>em cargo p\u00fablico.<\/p>\n<p>Confira abaixo a \u00edntegra do PL 045\/2018 de Roraima:<\/p>\n<p><img loading=\"lazy\" decoding=\"async\" class=\"aligncenter wp-image-122435\" src=\"https:\/\/dhg1h5j42swfq.cloudfront.net\/2018\/05\/23143643\/isen%C3%A7%C3%A3o-concurso-p%C3%BAblico.jpg\" alt=\"\" width=\"494\" height=\"487\" srcset=\"https:\/\/dhg1h5j42swfq.cloudfront.net\/2018\/05\/23143643\/isen%C3%A7%C3%A3o-concurso-p%C3%BAblico.jpg 658w, https:\/\/dhg1h5j42swfq.cloudfront.net\/2018\/05\/23143643\/isen%C3%A7%C3%A3o-concurso-p%C3%BAblico.jpg 300w, https:\/\/dhg1h5j42swfq.cloudfront.net\/2018\/05\/23143643\/isen%C3%A7%C3%A3o-concurso-p%C3%BAblico.jpg 610w\" sizes=\"auto, (max-width: 494px) 100vw, 494px\" \/><\/p>\n","protected":false},"excerpt":{"rendered":"<p>Projetos de Lei apresentados nas Assembleias Legislativas da Para\u00edba e de Roraima podem conceder isen\u00e7\u00e3o do pagamento de taxas de inscri\u00e7\u00e3o de concursos estaduais. As iniciativas constituem uma boa not\u00edcia para quem pretende prestar concursos, pois garantem maior acesso na disputa por cargos p\u00fablicos. As isen\u00e7\u00f5es propostas nos dois Estados tem caracter\u00edsticas muito diversas uma [&hellip;]<\/p>\n","protected":false},"author":1,"featured_media":0,"comment_status":"open","ping_status":"closed","sticky":false,"template":"","format":"standard","meta":{"post_tipo":"news","footnotes":""},"categories":[1],"tags":[],"tax_estado":[],"class_list":["post-122424","post","type-post","status-publish","format-standard","hentry","category-cursos-e-concursos"],"acf":[],"yoast_head":"<!-- This site is optimized with the Yoast SEO Premium plugin v27.2 (Yoast SEO v27.2) - https:\/\/yoast.com\/product\/yoast-seo-premium-wordpress\/ -->\n<title>Projetos de Lei d\u00e3o isen\u00e7\u00e3o de taxa em concursos p\u00fablicos em PB e RR<\/title>\n<meta name=\"description\" content=\"Projetos de lei em tramita\u00e7\u00e3o nas Assembleias Legislativas da Para\u00edba e de Roraima concedem a isen\u00e7\u00e3o em concursos p\u00fablicos estaduais. Na Para\u00edba, o PL abrange quem trabalhou em elei\u00e7\u00f5es. Em Roraima, aos isentos de declarar imposto de renda.\" \/>\n<meta name=\"robots\" content=\"index, follow, max-snippet:-1, max-image-preview:large, max-video-preview:-1\" \/>\n<link rel=\"canonical\" href=\"https:\/\/www.estrategiaconcursos.com.br\/blog\/isencao-em-concursos-publicos\/\" \/>\n<meta property=\"og:locale\" content=\"pt_BR\" \/>\n<meta property=\"og:type\" content=\"article\" \/>\n<meta property=\"og:title\" content=\"Projetos de Lei preveem isen\u00e7\u00e3o de taxas em concursos estaduais da Para\u00edba e de Roraima\" \/>\n<meta property=\"og:description\" content=\"Projetos de lei em tramita\u00e7\u00e3o nas Assembleias Legislativas da Para\u00edba e de Roraima concedem a isen\u00e7\u00e3o em concursos p\u00fablicos estaduais. Na Para\u00edba, o PL abrange quem trabalhou em elei\u00e7\u00f5es. Em Roraima, aos isentos de declarar imposto de renda.\" \/>\n<meta property=\"og:url\" content=\"https:\/\/www.estrategiaconcursos.com.br\/blog\/isencao-em-concursos-publicos\/\" \/>\n<meta property=\"og:site_name\" content=\"Estrat\u00e9gia Concursos\" \/>\n<meta property=\"article:author\" content=\"https:\/\/www.facebook.com\/EstrategiaConcursos\" \/>\n<meta property=\"article:published_time\" content=\"2018-05-23T08:00:28+00:00\" \/>\n<meta property=\"article:modified_time\" content=\"2018-05-23T19:00:07+00:00\" \/>\n<meta name=\"author\" content=\"Coordena\u00e7\u00e3o\" \/>\n<meta name=\"twitter:card\" content=\"summary_large_image\" \/>\n<meta name=\"twitter:creator\" content=\"@EstratConcursos\" \/>\n<meta name=\"twitter:site\" content=\"@EstratConcursos\" \/>\n<meta name=\"twitter:label1\" content=\"Escrito por\" \/>\n\t<meta name=\"twitter:data1\" content=\"Coordena\u00e7\u00e3o\" \/>\n\t<meta name=\"twitter:label2\" content=\"Est. tempo de leitura\" \/>\n\t<meta name=\"twitter:data2\" content=\"3 minutos\" \/>\n<script type=\"application\/ld+json\" class=\"yoast-schema-graph\">{\"@context\":\"https:\/\/schema.org\",\"@graph\":[{\"@type\":\"NewsArticle\",\"@id\":\"https:\/\/www.estrategiaconcursos.com.br\/blog\/isencao-em-concursos-publicos\/#article\",\"isPartOf\":{\"@id\":\"https:\/\/www.estrategiaconcursos.com.br\/blog\/isencao-em-concursos-publicos\/\"},\"author\":{\"name\":\"Coordena\u00e7\u00e3o\",\"@id\":\"https:\/\/www.estrategiaconcursos.com.br\/blog\/#\/schema\/person\/b4a388c97673c5f483d72185668afa1f\"},\"headline\":\"Projetos de Lei preveem isen\u00e7\u00e3o de taxas em concursos estaduais da Para\u00edba e de Roraima\",\"datePublished\":\"2018-05-23T08:00:28+00:00\",\"dateModified\":\"2018-05-23T19:00:07+00:00\",\"mainEntityOfPage\":{\"@id\":\"https:\/\/www.estrategiaconcursos.com.br\/blog\/isencao-em-concursos-publicos\/\"},\"wordCount\":579,\"commentCount\":0,\"publisher\":{\"@id\":\"https:\/\/www.estrategiaconcursos.com.br\/blog\/#organization\"},\"articleSection\":[\"Concursos P\u00fablicos\"],\"inLanguage\":\"pt-BR\",\"potentialAction\":[{\"@type\":\"CommentAction\",\"name\":\"Comment\",\"target\":[\"https:\/\/www.estrategiaconcursos.com.br\/blog\/isencao-em-concursos-publicos\/#respond\"]}],\"copyrightYear\":\"2018\",\"copyrightHolder\":{\"@id\":\"https:\/\/www.estrategiaconcursos.com.br\/blog\/#organization\"}},{\"@type\":\"WebPage\",\"@id\":\"https:\/\/www.estrategiaconcursos.com.br\/blog\/isencao-em-concursos-publicos\/\",\"url\":\"https:\/\/www.estrategiaconcursos.com.br\/blog\/isencao-em-concursos-publicos\/\",\"name\":\"Projetos de Lei d\u00e3o isen\u00e7\u00e3o de taxa em concursos p\u00fablicos em PB e RR\",\"isPartOf\":{\"@id\":\"https:\/\/www.estrategiaconcursos.com.br\/blog\/#website\"},\"datePublished\":\"2018-05-23T08:00:28+00:00\",\"dateModified\":\"2018-05-23T19:00:07+00:00\",\"description\":\"Projetos de lei em tramita\u00e7\u00e3o nas Assembleias Legislativas da Para\u00edba e de Roraima concedem a isen\u00e7\u00e3o em concursos p\u00fablicos estaduais. Na Para\u00edba, o PL abrange quem trabalhou em elei\u00e7\u00f5es. Em Roraima, aos isentos de declarar imposto de renda.\",\"breadcrumb\":{\"@id\":\"https:\/\/www.estrategiaconcursos.com.br\/blog\/isencao-em-concursos-publicos\/#breadcrumb\"},\"inLanguage\":\"pt-BR\",\"potentialAction\":[{\"@type\":\"ReadAction\",\"target\":[\"https:\/\/www.estrategiaconcursos.com.br\/blog\/isencao-em-concursos-publicos\/\"]}]},{\"@type\":\"BreadcrumbList\",\"@id\":\"https:\/\/www.estrategiaconcursos.com.br\/blog\/isencao-em-concursos-publicos\/#breadcrumb\",\"itemListElement\":[{\"@type\":\"ListItem\",\"position\":1,\"name\":\"In\u00edcio\",\"item\":\"https:\/\/www.estrategiaconcursos.com.br\/blog\/\"},{\"@type\":\"ListItem\",\"position\":2,\"name\":\"Projetos de Lei preveem isen\u00e7\u00e3o de taxas em concursos estaduais da Para\u00edba e de Roraima\"}]},{\"@type\":\"WebSite\",\"@id\":\"https:\/\/www.estrategiaconcursos.com.br\/blog\/#website\",\"url\":\"https:\/\/www.estrategiaconcursos.com.br\/blog\/\",\"name\":\"Estrat\u00e9gia Concursos\",\"description\":\"O blog da Estrat\u00e9gia Concursos traz not\u00edcias sobre concursos e artigos de professores oferecendo cursos para concursos (pdf + videaulas) no site.\",\"publisher\":{\"@id\":\"https:\/\/www.estrategiaconcursos.com.br\/blog\/#organization\"},\"potentialAction\":[{\"@type\":\"SearchAction\",\"target\":{\"@type\":\"EntryPoint\",\"urlTemplate\":\"https:\/\/www.estrategiaconcursos.com.br\/blog\/?s={search_term_string}\"},\"query-input\":{\"@type\":\"PropertyValueSpecification\",\"valueRequired\":true,\"valueName\":\"search_term_string\"}}],\"inLanguage\":\"pt-BR\"},{\"@type\":\"Organization\",\"@id\":\"https:\/\/www.estrategiaconcursos.com.br\/blog\/#organization\",\"name\":\"Estrat\u00e9gia Concursos\",\"url\":\"https:\/\/www.estrategiaconcursos.com.br\/blog\/\",\"logo\":{\"@type\":\"ImageObject\",\"inLanguage\":\"pt-BR\",\"@id\":\"https:\/\/www.estrategiaconcursos.com.br\/blog\/#\/schema\/logo\/image\/\",\"url\":\"https:\/\/dhg1h5j42swfq.cloudfront.net\/2025\/06\/03203428\/logo_concursos-1.jpg\",\"contentUrl\":\"https:\/\/dhg1h5j42swfq.cloudfront.net\/2025\/06\/03203428\/logo_concursos-1.jpg\",\"width\":230,\"height\":60,\"caption\":\"Estrat\u00e9gia Concursos\"},\"image\":{\"@id\":\"https:\/\/www.estrategiaconcursos.com.br\/blog\/#\/schema\/logo\/image\/\"},\"sameAs\":[\"https:\/\/x.com\/EstratConcursos\"]},{\"@type\":\"Person\",\"@id\":\"https:\/\/www.estrategiaconcursos.com.br\/blog\/#\/schema\/person\/b4a388c97673c5f483d72185668afa1f\",\"name\":\"Coordena\u00e7\u00e3o\",\"image\":{\"@type\":\"ImageObject\",\"inLanguage\":\"pt-BR\",\"@id\":\"https:\/\/secure.gravatar.com\/avatar\/b720319e4c9a967eb58678d110f4fe35452fc5d5f97b202bac7b8acceb18c6ad?s=96&d=mm&r=g\",\"url\":\"https:\/\/secure.gravatar.com\/avatar\/b720319e4c9a967eb58678d110f4fe35452fc5d5f97b202bac7b8acceb18c6ad?s=96&d=mm&r=g\",\"contentUrl\":\"https:\/\/secure.gravatar.com\/avatar\/b720319e4c9a967eb58678d110f4fe35452fc5d5f97b202bac7b8acceb18c6ad?s=96&d=mm&r=g\",\"caption\":\"Coordena\u00e7\u00e3o\"},\"sameAs\":[\"https:\/\/www.facebook.com\/EstrategiaConcursos\",\"https:\/\/x.com\/EstratConcursos\"],\"url\":\"https:\/\/www.estrategiaconcursos.com.br\/blog\/author\/estrategia2013\/\"}]}<\/script>\n<!-- \/ Yoast SEO Premium plugin. -->","yoast_head_json":{"title":"Projetos de Lei d\u00e3o isen\u00e7\u00e3o de taxa em concursos p\u00fablicos em PB e RR","description":"Projetos de lei em tramita\u00e7\u00e3o nas Assembleias Legislativas da Para\u00edba e de Roraima concedem a isen\u00e7\u00e3o em concursos p\u00fablicos estaduais. Na Para\u00edba, o PL abrange quem trabalhou em elei\u00e7\u00f5es. Em Roraima, aos isentos de declarar imposto de renda.","robots":{"index":"index","follow":"follow","max-snippet":"max-snippet:-1","max-image-preview":"max-image-preview:large","max-video-preview":"max-video-preview:-1"},"canonical":"https:\/\/www.estrategiaconcursos.com.br\/blog\/isencao-em-concursos-publicos\/","og_locale":"pt_BR","og_type":"article","og_title":"Projetos de Lei preveem isen\u00e7\u00e3o de taxas em concursos estaduais da Para\u00edba e de Roraima","og_description":"Projetos de lei em tramita\u00e7\u00e3o nas Assembleias Legislativas da Para\u00edba e de Roraima concedem a isen\u00e7\u00e3o em concursos p\u00fablicos estaduais. Na Para\u00edba, o PL abrange quem trabalhou em elei\u00e7\u00f5es. Em Roraima, aos isentos de declarar imposto de renda.","og_url":"https:\/\/www.estrategiaconcursos.com.br\/blog\/isencao-em-concursos-publicos\/","og_site_name":"Estrat\u00e9gia Concursos","article_author":"https:\/\/www.facebook.com\/EstrategiaConcursos","article_published_time":"2018-05-23T08:00:28+00:00","article_modified_time":"2018-05-23T19:00:07+00:00","author":"Coordena\u00e7\u00e3o","twitter_card":"summary_large_image","twitter_creator":"@EstratConcursos","twitter_site":"@EstratConcursos","twitter_misc":{"Escrito por":"Coordena\u00e7\u00e3o","Est. tempo de leitura":"3 minutos"},"schema":{"@context":"https:\/\/schema.org","@graph":[{"@type":"NewsArticle","@id":"https:\/\/www.estrategiaconcursos.com.br\/blog\/isencao-em-concursos-publicos\/#article","isPartOf":{"@id":"https:\/\/www.estrategiaconcursos.com.br\/blog\/isencao-em-concursos-publicos\/"},"author":{"name":"Coordena\u00e7\u00e3o","@id":"https:\/\/www.estrategiaconcursos.com.br\/blog\/#\/schema\/person\/b4a388c97673c5f483d72185668afa1f"},"headline":"Projetos de Lei preveem isen\u00e7\u00e3o de taxas em concursos estaduais da Para\u00edba e de Roraima","datePublished":"2018-05-23T08:00:28+00:00","dateModified":"2018-05-23T19:00:07+00:00","mainEntityOfPage":{"@id":"https:\/\/www.estrategiaconcursos.com.br\/blog\/isencao-em-concursos-publicos\/"},"wordCount":579,"commentCount":0,"publisher":{"@id":"https:\/\/www.estrategiaconcursos.com.br\/blog\/#organization"},"articleSection":["Concursos P\u00fablicos"],"inLanguage":"pt-BR","potentialAction":[{"@type":"CommentAction","name":"Comment","target":["https:\/\/www.estrategiaconcursos.com.br\/blog\/isencao-em-concursos-publicos\/#respond"]}],"copyrightYear":"2018","copyrightHolder":{"@id":"https:\/\/www.estrategiaconcursos.com.br\/blog\/#organization"}},{"@type":"WebPage","@id":"https:\/\/www.estrategiaconcursos.com.br\/blog\/isencao-em-concursos-publicos\/","url":"https:\/\/www.estrategiaconcursos.com.br\/blog\/isencao-em-concursos-publicos\/","name":"Projetos de Lei d\u00e3o isen\u00e7\u00e3o de taxa em concursos p\u00fablicos em PB e RR","isPartOf":{"@id":"https:\/\/www.estrategiaconcursos.com.br\/blog\/#website"},"datePublished":"2018-05-23T08:00:28+00:00","dateModified":"2018-05-23T19:00:07+00:00","description":"Projetos de lei em tramita\u00e7\u00e3o nas Assembleias Legislativas da Para\u00edba e de Roraima concedem a isen\u00e7\u00e3o em concursos p\u00fablicos estaduais. Na Para\u00edba, o PL abrange quem trabalhou em elei\u00e7\u00f5es. Em Roraima, aos isentos de declarar imposto de renda.","breadcrumb":{"@id":"https:\/\/www.estrategiaconcursos.com.br\/blog\/isencao-em-concursos-publicos\/#breadcrumb"},"inLanguage":"pt-BR","potentialAction":[{"@type":"ReadAction","target":["https:\/\/www.estrategiaconcursos.com.br\/blog\/isencao-em-concursos-publicos\/"]}]},{"@type":"BreadcrumbList","@id":"https:\/\/www.estrategiaconcursos.com.br\/blog\/isencao-em-concursos-publicos\/#breadcrumb","itemListElement":[{"@type":"ListItem","position":1,"name":"In\u00edcio","item":"https:\/\/www.estrategiaconcursos.com.br\/blog\/"},{"@type":"ListItem","position":2,"name":"Projetos de Lei preveem isen\u00e7\u00e3o de taxas em concursos estaduais da Para\u00edba e de Roraima"}]},{"@type":"WebSite","@id":"https:\/\/www.estrategiaconcursos.com.br\/blog\/#website","url":"https:\/\/www.estrategiaconcursos.com.br\/blog\/","name":"Estrat\u00e9gia Concursos","description":"O blog da Estrat\u00e9gia Concursos traz not\u00edcias sobre concursos e artigos de professores oferecendo cursos para concursos (pdf + videaulas) no site.","publisher":{"@id":"https:\/\/www.estrategiaconcursos.com.br\/blog\/#organization"},"potentialAction":[{"@type":"SearchAction","target":{"@type":"EntryPoint","urlTemplate":"https:\/\/www.estrategiaconcursos.com.br\/blog\/?s={search_term_string}"},"query-input":{"@type":"PropertyValueSpecification","valueRequired":true,"valueName":"search_term_string"}}],"inLanguage":"pt-BR"},{"@type":"Organization","@id":"https:\/\/www.estrategiaconcursos.com.br\/blog\/#organization","name":"Estrat\u00e9gia Concursos","url":"https:\/\/www.estrategiaconcursos.com.br\/blog\/","logo":{"@type":"ImageObject","inLanguage":"pt-BR","@id":"https:\/\/www.estrategiaconcursos.com.br\/blog\/#\/schema\/logo\/image\/","url":"https:\/\/dhg1h5j42swfq.cloudfront.net\/2025\/06\/03203428\/logo_concursos-1.jpg","contentUrl":"https:\/\/dhg1h5j42swfq.cloudfront.net\/2025\/06\/03203428\/logo_concursos-1.jpg","width":230,"height":60,"caption":"Estrat\u00e9gia Concursos"},"image":{"@id":"https:\/\/www.estrategiaconcursos.com.br\/blog\/#\/schema\/logo\/image\/"},"sameAs":["https:\/\/x.com\/EstratConcursos"]},{"@type":"Person","@id":"https:\/\/www.estrategiaconcursos.com.br\/blog\/#\/schema\/person\/b4a388c97673c5f483d72185668afa1f","name":"Coordena\u00e7\u00e3o","image":{"@type":"ImageObject","inLanguage":"pt-BR","@id":"https:\/\/secure.gravatar.com\/avatar\/b720319e4c9a967eb58678d110f4fe35452fc5d5f97b202bac7b8acceb18c6ad?s=96&d=mm&r=g","url":"https:\/\/secure.gravatar.com\/avatar\/b720319e4c9a967eb58678d110f4fe35452fc5d5f97b202bac7b8acceb18c6ad?s=96&d=mm&r=g","contentUrl":"https:\/\/secure.gravatar.com\/avatar\/b720319e4c9a967eb58678d110f4fe35452fc5d5f97b202bac7b8acceb18c6ad?s=96&d=mm&r=g","caption":"Coordena\u00e7\u00e3o"},"sameAs":["https:\/\/www.facebook.com\/EstrategiaConcursos","https:\/\/x.com\/EstratConcursos"],"url":"https:\/\/www.estrategiaconcursos.com.br\/blog\/author\/estrategia2013\/"}]}},"_links":{"self":[{"href":"https:\/\/www.estrategiaconcursos.com.br\/blog\/wp-json\/wp\/v2\/posts\/122424","targetHints":{"allow":["GET"]}}],"collection":[{"href":"https:\/\/www.estrategiaconcursos.com.br\/blog\/wp-json\/wp\/v2\/posts"}],"about":[{"href":"https:\/\/www.estrategiaconcursos.com.br\/blog\/wp-json\/wp\/v2\/types\/post"}],"author":[{"embeddable":true,"href":"https:\/\/www.estrategiaconcursos.com.br\/blog\/wp-json\/wp\/v2\/users\/1"}],"replies":[{"embeddable":true,"href":"https:\/\/www.estrategiaconcursos.com.br\/blog\/wp-json\/wp\/v2\/comments?post=122424"}],"version-history":[{"count":2,"href":"https:\/\/www.estrategiaconcursos.com.br\/blog\/wp-json\/wp\/v2\/posts\/122424\/revisions"}],"predecessor-version":[{"id":122442,"href":"https:\/\/www.estrategiaconcursos.com.br\/blog\/wp-json\/wp\/v2\/posts\/122424\/revisions\/122442"}],"wp:attachment":[{"href":"https:\/\/www.estrategiaconcursos.com.br\/blog\/wp-json\/wp\/v2\/media?parent=122424"}],"wp:term":[{"taxonomy":"category","embeddable":true,"href":"https:\/\/www.estrategiaconcursos.com.br\/blog\/wp-json\/wp\/v2\/categories?post=122424"},{"taxonomy":"post_tag","embeddable":true,"href":"https:\/\/www.estrategiaconcursos.com.br\/blog\/wp-json\/wp\/v2\/tags?post=122424"},{"taxonomy":"tax_estado","embeddable":true,"href":"https:\/\/www.estrategiaconcursos.com.br\/blog\/wp-json\/wp\/v2\/tax_estado?post=122424"}],"curies":[{"name":"wp","href":"https:\/\/api.w.org\/{rel}","templated":true}]}}