{"id":122408,"date":"2018-05-23T13:20:59","date_gmt":"2018-05-23T16:20:59","guid":{"rendered":"https:\/\/www.estrategiaconcursos.com.br\/blog\/?p=122408"},"modified":"2018-05-23T13:20:46","modified_gmt":"2018-05-23T16:20:46","slug":"aulao-presencial-de-vespera-pc-sp","status":"publish","type":"post","link":"https:\/\/www.estrategiaconcursos.com.br\/blog\/aulao-presencial-de-vespera-pc-sp\/","title":{"rendered":"Aul\u00e3o Presencial de V\u00e9spera PC SP | garanta sua participa\u00e7\u00e3o, dia 9 de junho em S\u00e3o Paulo"},"content":{"rendered":"<p style=\"text-align: justify;\"><span style=\"color: #000000;\"><em>Fala Guerreiros&#8230; Iae, partiu Sampa? \\0\/\\0\/\\0\/\\0\/<\/em><\/span><\/p>\n<p style=\"text-align: justify;\"><span style=\"color: #000000;\">\u00c9 isso a\u00ed! O Estrat\u00e9gia Concursos vai estar no dia 9 de junho, em S\u00e3o Paulo-SP, para realizar um <strong><em>AUL\u00c3O PRESENCIAL de Revis\u00e3o de V\u00e9spera<\/em><\/strong>\u00a0focado no\u00a0<em><strong>concurso da Pol\u00edcia Civil de S\u00e3o Paulo<\/strong><\/em>.<\/span><\/p>\n<p style=\"text-align: justify;\"><span style=\"color: #000000;\">Ser\u00e1 um grande evento onde os professores do Estrat\u00e9gia ministrar\u00e3o conte\u00fados<\/span><span style=\"color: #000000;\">\u00a0focados no edital do certame.<\/span><\/p>\n<p style=\"text-align: justify;\"><span style=\"color: #000000;\">E ainda vai ter resolu\u00e7\u00e3o de quest\u00f5es para te deixar ainda mais seguro para a prova da Vunesp&#8230; No dia, voc\u00eas ainda poder\u00e3o interagir com os nossos professores, n\u00e3o \u00e9 legal?<\/span><\/p>\n<p style=\"text-align: justify;\"><span style=\"color: #000000;\">Uma boa not\u00edcia \u00e9 que se voc\u00ea \u00e9 aluno do Estrat\u00e9gia Concursos e possui um Pacote Completo dos cargos de Escriv\u00e3o ou Investigador, ter\u00e1 <em><strong>um desconto de 50% no valor da inscri\u00e7\u00e3o<\/strong><\/em>.<\/span><\/p>\n<p style=\"text-align: justify;\"><span style=\"color: #000000;\">Assim que voc\u00ea efetuar a compra do ingresso,\u00a0o desconto ser\u00e1 abatido no ato da inscri\u00e7\u00e3o.\u00a0<\/span>Corra e garanta j\u00e1 a sua participa\u00e7\u00e3o neste grande evento porque as <em><strong>vagas s\u00e3o limitadas!<\/strong><\/em><\/p>\n<p style=\"padding-left: 30px; text-align: justify;\"><em><strong>Quem n\u00e3o \u00e9 aluno ou n\u00e3o comprou o pacote, pode participar?<br \/>\n<\/strong><span style=\"color: #000000;\">SIM!! \u00c9 claro! Voc\u00ea ser\u00e1 bem-vindo! Se voc\u00ea n\u00e3o adquiriu um dos nossos pacotes de cursos do concurso da Pol\u00edcia Civil de SP, nem mesmo \u00e9 aluno do Estrat\u00e9gia tamb\u00e9m pode participar do evento. \u00c9 s\u00f3 criar um perfil de aluno no nosso site e <strong>efetuar a sua inscri\u00e7\u00e3o pagando a taxa de R$ 79,00<\/strong>, \u00e0 vista ou em at\u00e9 12x no cart\u00e3o.<\/span><\/em><\/p>\n<h2><strong>Dia 9 de junho &#8211; Revis\u00e3o Presencial PC SP<\/strong><\/h2>\n<h1 style=\"text-align: center;\">Aula Presencial \u2013\u00a0<a href=\"https:\/\/www.estrategiaconcursos.com.br\/curso\/aulao-presencial-de-vespera-policia-civil-de-sao-paulo-escrivao-e-investigador-09-06\/\" target=\"_blank\" rel=\"noopener\"><span style=\"text-decoration: underline;\"><span style=\"color: #339966; text-decoration: underline;\">Inscreva-se Aqui!<\/span><\/span><\/a><\/h1>\n","protected":false},"excerpt":{"rendered":"<p>Fala Guerreiros&#8230; Iae, partiu Sampa? \\0\/\\0\/\\0\/\\0\/ \u00c9 isso a\u00ed! O Estrat\u00e9gia Concursos vai estar no dia 9 de junho, em S\u00e3o Paulo-SP, para realizar um AUL\u00c3O PRESENCIAL de Revis\u00e3o de V\u00e9spera\u00a0focado no\u00a0concurso da Pol\u00edcia Civil de S\u00e3o Paulo. Ser\u00e1 um grande evento onde os professores do Estrat\u00e9gia ministrar\u00e3o conte\u00fados\u00a0focados no edital do certame. E ainda [&hellip;]<\/p>\n","protected":false},"author":552,"featured_media":0,"comment_status":"open","ping_status":"closed","sticky":false,"template":"","format":"standard","meta":{"post_tipo":"article","footnotes":""},"categories":[1],"tags":[],"tax_estado":[],"class_list":["post-122408","post","type-post","status-publish","format-standard","hentry","category-cursos-e-concursos"],"acf":[],"yoast_head":"<!-- This site is optimized with the Yoast SEO Premium plugin v27.2 (Yoast SEO v27.2) - https:\/\/yoast.com\/product\/yoast-seo-premium-wordpress\/ -->\n<title>Aul\u00e3o Presencial de V\u00e9spera PC SP | garanta sua participa\u00e7\u00e3o, dia 9 de junho em S\u00e3o Paulo<\/title>\n<meta name=\"robots\" content=\"index, follow, max-snippet:-1, max-image-preview:large, max-video-preview:-1\" \/>\n<link rel=\"canonical\" href=\"https:\/\/www.estrategiaconcursos.com.br\/blog\/aulao-presencial-de-vespera-pc-sp\/\" \/>\n<meta property=\"og:locale\" content=\"pt_BR\" \/>\n<meta property=\"og:type\" content=\"article\" \/>\n<meta property=\"og:title\" content=\"Aul\u00e3o Presencial de V\u00e9spera PC SP | garanta sua participa\u00e7\u00e3o, dia 9 de junho em S\u00e3o Paulo\" \/>\n<meta property=\"og:description\" content=\"Fala Guerreiros&#8230; Iae, partiu Sampa? \/\/\/\/ \u00c9 isso a\u00ed! O Estrat\u00e9gia Concursos vai estar no dia 9 de junho, em S\u00e3o Paulo-SP, para realizar um AUL\u00c3O PRESENCIAL de Revis\u00e3o de V\u00e9spera\u00a0focado no\u00a0concurso da Pol\u00edcia Civil de S\u00e3o Paulo. Ser\u00e1 um grande evento onde os professores do Estrat\u00e9gia ministrar\u00e3o conte\u00fados\u00a0focados no edital do certame. E ainda [&hellip;]\" \/>\n<meta property=\"og:url\" content=\"https:\/\/www.estrategiaconcursos.com.br\/blog\/aulao-presencial-de-vespera-pc-sp\/\" \/>\n<meta property=\"og:site_name\" content=\"Estrat\u00e9gia Concursos\" \/>\n<meta property=\"article:published_time\" content=\"2018-05-23T16:20:59+00:00\" \/>\n<meta name=\"author\" content=\"Paulo Bilynskyj\" \/>\n<meta name=\"twitter:card\" content=\"summary_large_image\" \/>\n<meta name=\"twitter:creator\" content=\"@EstratConcursos\" \/>\n<meta name=\"twitter:site\" content=\"@EstratConcursos\" \/>\n<meta name=\"twitter:label1\" content=\"Escrito por\" \/>\n\t<meta name=\"twitter:data1\" content=\"Paulo Bilynskyj\" \/>\n\t<meta name=\"twitter:label2\" content=\"Est. tempo de leitura\" \/>\n\t<meta name=\"twitter:data2\" content=\"1 minuto\" \/>\n<script type=\"application\/ld+json\" class=\"yoast-schema-graph\">{\"@context\":\"https:\/\/schema.org\",\"@graph\":[{\"@type\":\"NewsArticle\",\"@id\":\"https:\/\/www.estrategiaconcursos.com.br\/blog\/aulao-presencial-de-vespera-pc-sp\/#article\",\"isPartOf\":{\"@id\":\"https:\/\/www.estrategiaconcursos.com.br\/blog\/aulao-presencial-de-vespera-pc-sp\/\"},\"author\":{\"name\":\"Paulo Bilynskyj\",\"@id\":\"https:\/\/www.estrategiaconcursos.com.br\/blog\/#\/schema\/person\/a630b15e36f45b4c21fed01219843cb5\"},\"headline\":\"Aul\u00e3o Presencial de V\u00e9spera PC SP | garanta sua participa\u00e7\u00e3o, dia 9 de junho em S\u00e3o Paulo\",\"datePublished\":\"2018-05-23T16:20:59+00:00\",\"mainEntityOfPage\":{\"@id\":\"https:\/\/www.estrategiaconcursos.com.br\/blog\/aulao-presencial-de-vespera-pc-sp\/\"},\"wordCount\":273,\"commentCount\":4,\"publisher\":{\"@id\":\"https:\/\/www.estrategiaconcursos.com.br\/blog\/#organization\"},\"articleSection\":[\"Concursos P\u00fablicos\"],\"inLanguage\":\"pt-BR\",\"potentialAction\":[{\"@type\":\"CommentAction\",\"name\":\"Comment\",\"target\":[\"https:\/\/www.estrategiaconcursos.com.br\/blog\/aulao-presencial-de-vespera-pc-sp\/#respond\"]}],\"copyrightYear\":\"2018\",\"copyrightHolder\":{\"@id\":\"https:\/\/www.estrategiaconcursos.com.br\/blog\/#organization\"}},{\"@type\":\"WebPage\",\"@id\":\"https:\/\/www.estrategiaconcursos.com.br\/blog\/aulao-presencial-de-vespera-pc-sp\/\",\"url\":\"https:\/\/www.estrategiaconcursos.com.br\/blog\/aulao-presencial-de-vespera-pc-sp\/\",\"name\":\"Aul\u00e3o Presencial de V\u00e9spera PC SP | garanta sua participa\u00e7\u00e3o, dia 9 de junho em S\u00e3o Paulo\",\"isPartOf\":{\"@id\":\"https:\/\/www.estrategiaconcursos.com.br\/blog\/#website\"},\"datePublished\":\"2018-05-23T16:20:59+00:00\",\"breadcrumb\":{\"@id\":\"https:\/\/www.estrategiaconcursos.com.br\/blog\/aulao-presencial-de-vespera-pc-sp\/#breadcrumb\"},\"inLanguage\":\"pt-BR\",\"potentialAction\":[{\"@type\":\"ReadAction\",\"target\":[\"https:\/\/www.estrategiaconcursos.com.br\/blog\/aulao-presencial-de-vespera-pc-sp\/\"]}]},{\"@type\":\"BreadcrumbList\",\"@id\":\"https:\/\/www.estrategiaconcursos.com.br\/blog\/aulao-presencial-de-vespera-pc-sp\/#breadcrumb\",\"itemListElement\":[{\"@type\":\"ListItem\",\"position\":1,\"name\":\"In\u00edcio\",\"item\":\"https:\/\/www.estrategiaconcursos.com.br\/blog\/\"},{\"@type\":\"ListItem\",\"position\":2,\"name\":\"Aul\u00e3o Presencial de V\u00e9spera PC SP | garanta sua participa\u00e7\u00e3o, dia 9 de junho em S\u00e3o Paulo\"}]},{\"@type\":\"WebSite\",\"@id\":\"https:\/\/www.estrategiaconcursos.com.br\/blog\/#website\",\"url\":\"https:\/\/www.estrategiaconcursos.com.br\/blog\/\",\"name\":\"Estrat\u00e9gia Concursos\",\"description\":\"O blog da Estrat\u00e9gia Concursos traz not\u00edcias sobre concursos e artigos de professores oferecendo cursos para concursos (pdf + videaulas) no site.\",\"publisher\":{\"@id\":\"https:\/\/www.estrategiaconcursos.com.br\/blog\/#organization\"},\"potentialAction\":[{\"@type\":\"SearchAction\",\"target\":{\"@type\":\"EntryPoint\",\"urlTemplate\":\"https:\/\/www.estrategiaconcursos.com.br\/blog\/?s={search_term_string}\"},\"query-input\":{\"@type\":\"PropertyValueSpecification\",\"valueRequired\":true,\"valueName\":\"search_term_string\"}}],\"inLanguage\":\"pt-BR\"},{\"@type\":\"Organization\",\"@id\":\"https:\/\/www.estrategiaconcursos.com.br\/blog\/#organization\",\"name\":\"Estrat\u00e9gia Concursos\",\"url\":\"https:\/\/www.estrategiaconcursos.com.br\/blog\/\",\"logo\":{\"@type\":\"ImageObject\",\"inLanguage\":\"pt-BR\",\"@id\":\"https:\/\/www.estrategiaconcursos.com.br\/blog\/#\/schema\/logo\/image\/\",\"url\":\"https:\/\/dhg1h5j42swfq.cloudfront.net\/2025\/06\/03203428\/logo_concursos-1.jpg\",\"contentUrl\":\"https:\/\/dhg1h5j42swfq.cloudfront.net\/2025\/06\/03203428\/logo_concursos-1.jpg\",\"width\":230,\"height\":60,\"caption\":\"Estrat\u00e9gia Concursos\"},\"image\":{\"@id\":\"https:\/\/www.estrategiaconcursos.com.br\/blog\/#\/schema\/logo\/image\/\"},\"sameAs\":[\"https:\/\/x.com\/EstratConcursos\"]},{\"@type\":\"Person\",\"@id\":\"https:\/\/www.estrategiaconcursos.com.br\/blog\/#\/schema\/person\/a630b15e36f45b4c21fed01219843cb5\",\"name\":\"Paulo Bilynskyj\",\"image\":{\"@type\":\"ImageObject\",\"inLanguage\":\"pt-BR\",\"@id\":\"https:\/\/secure.gravatar.com\/avatar\/37e21f70c9042e7456beffdc6d31fe051f3f6dcbf252f69343a791b144852057?s=96&d=mm&r=g\",\"url\":\"https:\/\/secure.gravatar.com\/avatar\/37e21f70c9042e7456beffdc6d31fe051f3f6dcbf252f69343a791b144852057?s=96&d=mm&r=g\",\"contentUrl\":\"https:\/\/secure.gravatar.com\/avatar\/37e21f70c9042e7456beffdc6d31fe051f3f6dcbf252f69343a791b144852057?s=96&d=mm&r=g\",\"caption\":\"Paulo Bilynskyj\"},\"url\":\"https:\/\/www.estrategiaconcursos.com.br\/blog\/author\/pbilynskyjgmail-com\/\"}]}<\/script>\n<!-- \/ Yoast SEO Premium plugin. -->","yoast_head_json":{"title":"Aul\u00e3o Presencial de V\u00e9spera PC SP | garanta sua participa\u00e7\u00e3o, dia 9 de junho em S\u00e3o Paulo","robots":{"index":"index","follow":"follow","max-snippet":"max-snippet:-1","max-image-preview":"max-image-preview:large","max-video-preview":"max-video-preview:-1"},"canonical":"https:\/\/www.estrategiaconcursos.com.br\/blog\/aulao-presencial-de-vespera-pc-sp\/","og_locale":"pt_BR","og_type":"article","og_title":"Aul\u00e3o Presencial de V\u00e9spera PC SP | garanta sua participa\u00e7\u00e3o, dia 9 de junho em S\u00e3o Paulo","og_description":"Fala Guerreiros&#8230; Iae, partiu Sampa? \/\/\/\/ \u00c9 isso a\u00ed! O Estrat\u00e9gia Concursos vai estar no dia 9 de junho, em S\u00e3o Paulo-SP, para realizar um AUL\u00c3O PRESENCIAL de Revis\u00e3o de V\u00e9spera\u00a0focado no\u00a0concurso da Pol\u00edcia Civil de S\u00e3o Paulo. Ser\u00e1 um grande evento onde os professores do Estrat\u00e9gia ministrar\u00e3o conte\u00fados\u00a0focados no edital do certame. E ainda [&hellip;]","og_url":"https:\/\/www.estrategiaconcursos.com.br\/blog\/aulao-presencial-de-vespera-pc-sp\/","og_site_name":"Estrat\u00e9gia Concursos","article_published_time":"2018-05-23T16:20:59+00:00","author":"Paulo Bilynskyj","twitter_card":"summary_large_image","twitter_creator":"@EstratConcursos","twitter_site":"@EstratConcursos","twitter_misc":{"Escrito por":"Paulo Bilynskyj","Est. tempo de leitura":"1 minuto"},"schema":{"@context":"https:\/\/schema.org","@graph":[{"@type":"NewsArticle","@id":"https:\/\/www.estrategiaconcursos.com.br\/blog\/aulao-presencial-de-vespera-pc-sp\/#article","isPartOf":{"@id":"https:\/\/www.estrategiaconcursos.com.br\/blog\/aulao-presencial-de-vespera-pc-sp\/"},"author":{"name":"Paulo Bilynskyj","@id":"https:\/\/www.estrategiaconcursos.com.br\/blog\/#\/schema\/person\/a630b15e36f45b4c21fed01219843cb5"},"headline":"Aul\u00e3o Presencial de V\u00e9spera PC SP | garanta sua participa\u00e7\u00e3o, dia 9 de junho em S\u00e3o Paulo","datePublished":"2018-05-23T16:20:59+00:00","mainEntityOfPage":{"@id":"https:\/\/www.estrategiaconcursos.com.br\/blog\/aulao-presencial-de-vespera-pc-sp\/"},"wordCount":273,"commentCount":4,"publisher":{"@id":"https:\/\/www.estrategiaconcursos.com.br\/blog\/#organization"},"articleSection":["Concursos P\u00fablicos"],"inLanguage":"pt-BR","potentialAction":[{"@type":"CommentAction","name":"Comment","target":["https:\/\/www.estrategiaconcursos.com.br\/blog\/aulao-presencial-de-vespera-pc-sp\/#respond"]}],"copyrightYear":"2018","copyrightHolder":{"@id":"https:\/\/www.estrategiaconcursos.com.br\/blog\/#organization"}},{"@type":"WebPage","@id":"https:\/\/www.estrategiaconcursos.com.br\/blog\/aulao-presencial-de-vespera-pc-sp\/","url":"https:\/\/www.estrategiaconcursos.com.br\/blog\/aulao-presencial-de-vespera-pc-sp\/","name":"Aul\u00e3o Presencial de V\u00e9spera PC SP | garanta sua participa\u00e7\u00e3o, dia 9 de junho em S\u00e3o Paulo","isPartOf":{"@id":"https:\/\/www.estrategiaconcursos.com.br\/blog\/#website"},"datePublished":"2018-05-23T16:20:59+00:00","breadcrumb":{"@id":"https:\/\/www.estrategiaconcursos.com.br\/blog\/aulao-presencial-de-vespera-pc-sp\/#breadcrumb"},"inLanguage":"pt-BR","potentialAction":[{"@type":"ReadAction","target":["https:\/\/www.estrategiaconcursos.com.br\/blog\/aulao-presencial-de-vespera-pc-sp\/"]}]},{"@type":"BreadcrumbList","@id":"https:\/\/www.estrategiaconcursos.com.br\/blog\/aulao-presencial-de-vespera-pc-sp\/#breadcrumb","itemListElement":[{"@type":"ListItem","position":1,"name":"In\u00edcio","item":"https:\/\/www.estrategiaconcursos.com.br\/blog\/"},{"@type":"ListItem","position":2,"name":"Aul\u00e3o Presencial de V\u00e9spera PC SP | garanta sua participa\u00e7\u00e3o, dia 9 de junho em S\u00e3o Paulo"}]},{"@type":"WebSite","@id":"https:\/\/www.estrategiaconcursos.com.br\/blog\/#website","url":"https:\/\/www.estrategiaconcursos.com.br\/blog\/","name":"Estrat\u00e9gia Concursos","description":"O blog da Estrat\u00e9gia Concursos traz not\u00edcias sobre concursos e artigos de professores oferecendo cursos para concursos (pdf + videaulas) no site.","publisher":{"@id":"https:\/\/www.estrategiaconcursos.com.br\/blog\/#organization"},"potentialAction":[{"@type":"SearchAction","target":{"@type":"EntryPoint","urlTemplate":"https:\/\/www.estrategiaconcursos.com.br\/blog\/?s={search_term_string}"},"query-input":{"@type":"PropertyValueSpecification","valueRequired":true,"valueName":"search_term_string"}}],"inLanguage":"pt-BR"},{"@type":"Organization","@id":"https:\/\/www.estrategiaconcursos.com.br\/blog\/#organization","name":"Estrat\u00e9gia Concursos","url":"https:\/\/www.estrategiaconcursos.com.br\/blog\/","logo":{"@type":"ImageObject","inLanguage":"pt-BR","@id":"https:\/\/www.estrategiaconcursos.com.br\/blog\/#\/schema\/logo\/image\/","url":"https:\/\/dhg1h5j42swfq.cloudfront.net\/2025\/06\/03203428\/logo_concursos-1.jpg","contentUrl":"https:\/\/dhg1h5j42swfq.cloudfront.net\/2025\/06\/03203428\/logo_concursos-1.jpg","width":230,"height":60,"caption":"Estrat\u00e9gia Concursos"},"image":{"@id":"https:\/\/www.estrategiaconcursos.com.br\/blog\/#\/schema\/logo\/image\/"},"sameAs":["https:\/\/x.com\/EstratConcursos"]},{"@type":"Person","@id":"https:\/\/www.estrategiaconcursos.com.br\/blog\/#\/schema\/person\/a630b15e36f45b4c21fed01219843cb5","name":"Paulo Bilynskyj","image":{"@type":"ImageObject","inLanguage":"pt-BR","@id":"https:\/\/secure.gravatar.com\/avatar\/37e21f70c9042e7456beffdc6d31fe051f3f6dcbf252f69343a791b144852057?s=96&d=mm&r=g","url":"https:\/\/secure.gravatar.com\/avatar\/37e21f70c9042e7456beffdc6d31fe051f3f6dcbf252f69343a791b144852057?s=96&d=mm&r=g","contentUrl":"https:\/\/secure.gravatar.com\/avatar\/37e21f70c9042e7456beffdc6d31fe051f3f6dcbf252f69343a791b144852057?s=96&d=mm&r=g","caption":"Paulo Bilynskyj"},"url":"https:\/\/www.estrategiaconcursos.com.br\/blog\/author\/pbilynskyjgmail-com\/"}]}},"_links":{"self":[{"href":"https:\/\/www.estrategiaconcursos.com.br\/blog\/wp-json\/wp\/v2\/posts\/122408","targetHints":{"allow":["GET"]}}],"collection":[{"href":"https:\/\/www.estrategiaconcursos.com.br\/blog\/wp-json\/wp\/v2\/posts"}],"about":[{"href":"https:\/\/www.estrategiaconcursos.com.br\/blog\/wp-json\/wp\/v2\/types\/post"}],"author":[{"embeddable":true,"href":"https:\/\/www.estrategiaconcursos.com.br\/blog\/wp-json\/wp\/v2\/users\/552"}],"replies":[{"embeddable":true,"href":"https:\/\/www.estrategiaconcursos.com.br\/blog\/wp-json\/wp\/v2\/comments?post=122408"}],"version-history":[{"count":4,"href":"https:\/\/www.estrategiaconcursos.com.br\/blog\/wp-json\/wp\/v2\/posts\/122408\/revisions"}],"predecessor-version":[{"id":122415,"href":"https:\/\/www.estrategiaconcursos.com.br\/blog\/wp-json\/wp\/v2\/posts\/122408\/revisions\/122415"}],"wp:attachment":[{"href":"https:\/\/www.estrategiaconcursos.com.br\/blog\/wp-json\/wp\/v2\/media?parent=122408"}],"wp:term":[{"taxonomy":"category","embeddable":true,"href":"https:\/\/www.estrategiaconcursos.com.br\/blog\/wp-json\/wp\/v2\/categories?post=122408"},{"taxonomy":"post_tag","embeddable":true,"href":"https:\/\/www.estrategiaconcursos.com.br\/blog\/wp-json\/wp\/v2\/tags?post=122408"},{"taxonomy":"tax_estado","embeddable":true,"href":"https:\/\/www.estrategiaconcursos.com.br\/blog\/wp-json\/wp\/v2\/tax_estado?post=122408"}],"curies":[{"name":"wp","href":"https:\/\/api.w.org\/{rel}","templated":true}]}}