{"id":1223760,"date":"2023-07-14T14:00:00","date_gmt":"2023-07-14T17:00:00","guid":{"rendered":"https:\/\/www.estrategiaconcursos.com.br\/blog\/?p=1223760"},"modified":"2023-07-04T15:02:46","modified_gmt":"2023-07-04T18:02:46","slug":"procedimento-previo-oficio-iss-rj","status":"publish","type":"post","link":"https:\/\/www.estrategiaconcursos.com.br\/blog\/procedimento-previo-oficio-iss-rj\/","title":{"rendered":"ISS-RJ: Procedimento Pr\u00e9vio de Of\u00edcio no Decreto 14.602\/96"},"content":{"rendered":"\n<p>Veja neste artigo uma an\u00e1lise sobre o <strong><mark style=\"background-color:rgba(0, 0, 0, 0)\" class=\"has-inline-color has-vivid-cyan-blue-color\">Processo Administrativo Tribut\u00e1rio<\/mark><\/strong>, mais especificamente sobre o <strong>Procedimento Pr\u00e9vio de Of\u00edcio<\/strong>, no Decreto 14.602\/96, para o ISS-RJ.<\/p>\n\n\n\n<figure class=\"wp-block-image aligncenter size-large is-resized\"><img loading=\"lazy\" decoding=\"async\" src=\"https:\/\/dhg1h5j42swfq.cloudfront.net\/2023\/04\/04121109\/iss-rj-1024x576.jpg\" alt=\"ISS-RJ: Procedimento Pr\u00e9vio de Of\u00edcio no Decreto 14.602\/96\" class=\"wp-image-1196657\" width=\"478\" height=\"268\" srcset=\"https:\/\/dhg1h5j42swfq.cloudfront.net\/2023\/04\/04121109\/iss-rj-1024x576.jpg 1024w, https:\/\/dhg1h5j42swfq.cloudfront.net\/2023\/04\/04121109\/iss-rj-300x169.jpg 300w, https:\/\/dhg1h5j42swfq.cloudfront.net\/2023\/04\/04121109\/iss-rj-768x432.jpg 768w, https:\/\/dhg1h5j42swfq.cloudfront.net\/2023\/04\/04121109\/iss-rj-610x343.jpg 610w, https:\/\/dhg1h5j42swfq.cloudfront.net\/2023\/04\/04121109\/iss-rj-150x84.jpg 150w, https:\/\/dhg1h5j42swfq.cloudfront.net\/2023\/04\/04121109\/iss-rj.jpg 1280w\" sizes=\"auto, (max-width: 478px) 100vw, 478px\" \/><\/figure>\n\n\n\n<p>Ol\u00e1, pessoal! Tudo bem com voc\u00eas?<\/p>\n\n\n\n<p>O concurso de Fiscal de Rendas do&nbsp;<strong><a href=\"https:\/\/www.estrategiaconcursos.com.br\/blog\/concurso-iss-rj\/\" target=\"_blank\" rel=\"noreferrer noopener\">ISS-RJ<\/a><\/strong>&nbsp;est\u00e1 com o edital na pra\u00e7a, com uma remunera\u00e7\u00e3o inicial de R$ 26.068,43.<\/p>\n\n\n\n<p>Dessa maneira, no artigo de hoje, iremos aprender sobre o <strong><mark style=\"background-color:rgba(0, 0, 0, 0)\" class=\"has-inline-color has-vivid-cyan-blue-color\">Processo Administrativo Tribut\u00e1rio<\/mark><\/strong>, mais especificamente sobre o <strong><mark style=\"background-color:rgba(0, 0, 0, 0)\" class=\"has-inline-color has-black-color\">Procedimento Pr\u00e9vio de Of\u00edcio<\/mark><\/strong>, no <strong>Decreto 14.602\/96<\/strong>, para o concurso do ISS-RJ.<\/p>\n\n\n\n<p>Este decreto ser\u00e1 dividido em algumas partes, sendo o artigo de hoje sobre o&nbsp;<strong>Procedimento Pr\u00e9vio de Of\u00edcio<\/strong>.<\/p>\n\n\n\n<p>Vamos l\u00e1?<\/p>\n\n\n\n<div class=\"container\" id=\"boxes\">\n  <div class=\"row\">\n\n    <div class=\"col-sm\">\n      <div class=\"banner-fiscal-01\" id=\"box-assinatura\">\n        <h3 class=\"titulo-assinatura\">Carreiras Fiscais<\/h3>\n        <p class=\"subtitulo-assinatura\">Conhe\u00e7a os cursos para ISS RJ<\/p>\n        <div class=\"box-botao\">\n          <a class=\"btn-assinatura\" target=\"_blank\" href=\"https:\/\/www.estrategiaconcursos.com.br\/cursosPorConcurso\/iss-rio-de-janeiro-363\/\" role=\"button\" rel=\"noopener noreferrer\">Conhe\u00e7a mais<\/a>\n        <\/div>\n      <\/div>\n      \n    <\/div>\n\n  <\/div>\n<\/div>\n\n\n\n<h2 class=\"wp-block-heading\" id=\"h-o-procedimento-previo-de-oficio-para-iss-rj\"><mark style=\"background-color:rgba(0, 0, 0, 0)\" class=\"has-inline-color has-vivid-cyan-blue-color\">O Procedimento Pr\u00e9vio de Of\u00edcio para ISS-RJ<\/mark><\/h2>\n\n\n\n<p>O procedimento pr\u00e9vio de of\u00edcio \u00e9 composto pelas seguintes a\u00e7\u00f5es, realizadas de of\u00edcio ou por algum agente autorizado:<\/p>\n\n\n\n<ul class=\"wp-block-list\">\n<li><strong>ci\u00eancia <\/strong>dada ao sujeito passivo ou seu preposto de qualquer ato praticado por servidor competente para esse fim;<\/li>\n\n\n\n<li>lavratura de <strong>Termo de Arrecada\u00e7\u00e3o<\/strong> ou <strong>Apreens\u00e3o<\/strong>;<\/li>\n\n\n\n<li>lavratura de <strong>Auto de Constata\u00e7\u00e3o<\/strong>;<\/li>\n\n\n\n<li>lavratura de <strong>Nota <\/strong>ou <strong>Notifica\u00e7\u00e3o de Lan\u00e7amento<\/strong>;<\/li>\n\n\n\n<li>lavratura de <strong>Auto de Infra\u00e7\u00e3o.<\/strong><\/li>\n<\/ul>\n\n\n\n<p><strong><mark style=\"background-color:rgba(0, 0, 0, 0)\" class=\"has-inline-color has-vivid-red-color\">A SABER:<\/mark><\/strong> Importante destacar que a <strong>formaliza\u00e7\u00e3o <\/strong>de qualquer desses procedimentos <strong>exclui <\/strong>a chamada den\u00fancia espont\u00e2nea, ou seja, a <strong>espontaneidade <\/strong>da parte obrigada ao cumprimento das normas constantes da legisla\u00e7\u00e3o tribut\u00e1ria.<\/p>\n\n\n\n<p>O procedimento dever\u00e1 ser <strong>conclu\u00eddo <\/strong>em <strong><mark style=\"background-color:rgba(0, 0, 0, 0)\" class=\"has-inline-color has-vivid-cyan-blue-color\">at\u00e9 60 dias<\/mark><\/strong>, prorrog\u00e1veis pelo mesmo prazo, mediante nova intima\u00e7\u00e3o. Vale ressaltar que a soma das prorroga\u00e7\u00f5es n\u00e3o poder\u00e1 ultrapassar 120 dias, <strong>salvo <\/strong>em situa\u00e7\u00f5es excepcionais, por meio de despacho fundamentado da autoridade competente a que estiver subordinado o funcion\u00e1rio encarregado da a\u00e7\u00e3o fiscal.<\/p>\n\n\n\n<p>Vamos analisar, a partir de agora, os procedimentos citados.<\/p>\n\n\n\n<h2 class=\"wp-block-heading\" id=\"h-termo-de-arrecadacao\"><mark style=\"background-color:rgba(0, 0, 0, 0)\" class=\"has-inline-color has-vivid-cyan-blue-color\">Termo de Arrecada\u00e7\u00e3o<\/mark><\/h2>\n\n\n\n<p>O Termo de Arrecada\u00e7\u00e3o ser\u00e1 lavrado quando os <strong>livros e documentos<\/strong> que interessam \u00e0 a\u00e7\u00e3o fiscal forem <strong>arrecadados <\/strong>pela autoridade competente.<\/p>\n\n\n\n<p><strong><mark style=\"background-color:rgba(0, 0, 0, 0)\" class=\"has-inline-color has-vivid-red-color\">PRAZO<\/mark><\/strong>: Contudo, nenhum livro ou documento arrecadado poder\u00e1 permanecer com a fiscaliza\u00e7\u00e3o por prazo superior a <strong>30 dias<\/strong>. Tal prazo pode ser prorrogado pela autoridade competente.<\/p>\n\n\n\n<h2 class=\"wp-block-heading\" id=\"h-termo-de-apreensao\"><mark style=\"background-color:rgba(0, 0, 0, 0)\" class=\"has-inline-color has-vivid-cyan-blue-color\">Termo de Apreens\u00e3o<\/mark><\/h2>\n\n\n\n<p>Por sua vez, o Termo de Apreens\u00e3o ser\u00e1 lavrado quando os <strong>livros <\/strong>e <strong>documentos <\/strong>que contenham ind\u00edcios da pr\u00e1tica de infra\u00e7\u00f5es \u00e0 legisla\u00e7\u00e3o fiscal ou penal forem <strong>apreendidos <\/strong>pela autoridade competente.<\/p>\n\n\n\n<p>Todavia, os mesmos ser\u00e3o <strong>devolvidos <\/strong>ao sujeito passivo caso n\u00e3o haja a comprova\u00e7\u00e3o, na esfera administrativa, da ocorr\u00eancia de delitos fiscais.<\/p>\n\n\n\n<h2 class=\"wp-block-heading\" id=\"h-auto-de-constatacao\"><mark style=\"background-color:rgba(0, 0, 0, 0)\" class=\"has-inline-color has-vivid-cyan-blue-color\">Auto de Constata\u00e7\u00e3o<\/mark><\/h2>\n\n\n\n<p>O Auto de Constata\u00e7\u00e3o \u00e9 utilizado quando, no interesse da fiscaliza\u00e7\u00e3o, seja necess\u00e1rio consignar a exist\u00eancia de <strong>estado ou situa\u00e7\u00e3o de fato<\/strong> <strong>pass\u00edvel de modifica\u00e7\u00e3o<\/strong> com o decurso do <strong>tempo<\/strong>.<\/p>\n\n\n\n<p>Ele poder\u00e1 servir de prova no processo que lhe deu origem ou que vier a ser instaurado.<\/p>\n\n\n\n<h2 class=\"wp-block-heading\" id=\"h-notificacao-de-lancamento\"><mark style=\"background-color:rgba(0, 0, 0, 0)\" class=\"has-inline-color has-vivid-cyan-blue-color\">Notifica\u00e7\u00e3o de Lan\u00e7amento<\/mark><\/h2>\n\n\n\n<p>A notifica\u00e7\u00e3o de lan\u00e7amento \u00e9 utilizada para a <strong>formaliza\u00e7\u00e3o do cr\u00e9dito tribut\u00e1rio<\/strong>, nos casos em que o lan\u00e7amento do tributo n\u00e3o resulte em aplica\u00e7\u00e3o de penalidade por infra\u00e7\u00e3o \u00e0 legisla\u00e7\u00e3o tribut\u00e1ria.<\/p>\n\n\n\n<p>Em outras palavras, este instrumento \u00e9 utilizado para notificar o contribuinte da notifica\u00e7\u00e3o de lan\u00e7amento tribut\u00e1rio realizado pela Administra\u00e7\u00e3o Fazend\u00e1ria, que n\u00e3o seja decorrente de penalidade.<\/p>\n\n\n\n<h2 class=\"wp-block-heading\" id=\"h-auto-de-infracao\"><mark style=\"background-color:rgba(0, 0, 0, 0)\" class=\"has-inline-color has-vivid-cyan-blue-color\">Auto de Infra\u00e7\u00e3o<\/mark><\/h2>\n\n\n\n<p>Por fim, o auto de infra\u00e7\u00e3o, como o pr\u00f3prio nome j\u00e1 diz, ser\u00e1 utilizado para formalizar a aplica\u00e7\u00e3o de <strong>penalidade <\/strong>por <strong>infring\u00eancia <\/strong>\u00e0 legisla\u00e7\u00e3o tribut\u00e1ria, decorrente de procedimento fiscal.<\/p>\n\n\n\n<p>Apenas os servidores com a compet\u00eancia para a fiscaliza\u00e7\u00e3o do tributo poder\u00e3o lavrar o auto de infra\u00e7\u00e3o.<\/p>\n\n\n\n<p>No caso de serem apurados <strong>mais de uma infra\u00e7\u00e3o <\/strong>ou mais de um d\u00e9bito, em uma mesma a\u00e7\u00e3o fiscal, uma <strong>\u00fanica autua\u00e7\u00e3o <\/strong>dever\u00e1 consubstanciar todos os d\u00e9bitos e infra\u00e7\u00f5es. Contudo, em situa\u00e7\u00f5es <strong>excepcionais<\/strong>, o titular do \u00f3rg\u00e3o lan\u00e7ador poder\u00e1 autorizar a lavratura de mais de um Auto de Infra\u00e7\u00e3o na mesma a\u00e7\u00e3o fiscal, por meio de despacho fundamentado.<\/p>\n\n\n\n<p>O auto de infra\u00e7\u00e3o poder\u00e1 ser <strong>retificado<\/strong>. Entretanto, isso dever\u00e1 acontecer <strong>antes do julgamento de primeira inst\u00e2ncia<\/strong>, mediante procedimento fundamentado, pelo titular do \u00f3rg\u00e3o lan\u00e7ador.<\/p>\n\n\n\n<p>J\u00e1 os meros erros de fato poder\u00e3o ser corrigidos pelo pr\u00f3prio autuante ou por seu chefe imediato.<\/p>\n\n\n\n<p>Por fim, caso o sujeito passivo n\u00e3o ofere\u00e7a impugna\u00e7\u00e3o em rela\u00e7\u00e3o ao auto de infra\u00e7\u00e3o, nem efetue o pagamento, ele ser\u00e1 considerado <strong>revel<\/strong>, reputando-se verdadeiros os fatos relativos ao lan\u00e7amento tribut\u00e1rio.<\/p>\n\n\n\n<h2 class=\"wp-block-heading\"><mark style=\"background-color:rgba(0, 0, 0, 0)\" class=\"has-inline-color has-vivid-cyan-blue-color\">Finalizando<\/mark><\/h2>\n\n\n\n<p>Bom, pessoal! Chegamos ao fim do nosso artigo sobre o Processo Administrativo Tribut\u00e1rio, mais especificamente sobre o Procedimento Pr\u00e9vio de Of\u00edcio, no Decreto 14.602\/96, para o ISS-RJ. Esperamos que tenham gostado.<\/p>\n\n\n\n<p>Caso queira se preparar para chegar&nbsp;<strong>competitivo&nbsp;<\/strong>nesta prova, invista nos &nbsp;<a href=\"https:\/\/www.estrategiaconcursos.com.br\/cursosPorConcurso\/iss-rio-de-janeiro-363\/\" target=\"_blank\" rel=\"noreferrer noopener\"><strong>cursos para o ISS RJ do Estrat\u00e9gia Concursos<\/strong><\/a>. L\u00e1 voc\u00ea encontrar\u00e1&nbsp;<strong>aulas completas e detalhadas, com os melhores professores do mercado<\/strong>.<\/p>\n\n\n\n<p>Conhe\u00e7a tamb\u00e9m o&nbsp;<a href=\"https:\/\/questoes.estrategiaconcursos.com.br\/\" target=\"_blank\" rel=\"noreferrer noopener\"><strong>Sistema de Quest\u00f5es do Estrat\u00e9gia<\/strong><\/a>. Afinal, a \u00fanica maneira de&nbsp;<strong>consolidar o conte\u00fado&nbsp;<\/strong>de maneira satisfat\u00f3ria \u00e9 atrav\u00e9s da&nbsp;<strong>resolu\u00e7\u00e3o de quest\u00f5es.<\/strong><\/p>\n\n\n\n<h2 class=\"wp-block-heading has-text-align-center\" id=\"h-cursos-e-assinaturas\">Cursos e Assinaturas <\/h2>\n\n\n\n<p>Prepare-se com o melhor material e com quem mais aprova em Concursos P\u00fablicos em todo o pa\u00eds!<\/p>\n\n\n\n<p class=\"has-text-align-center has-vivid-cyan-blue-color has-text-color has-background\" style=\"background-color:#0078bd\"><a href=\"https:\/\/www.estrategiaconcursos.com.br\/blog\/concursos-abertos\/\" target=\"_blank\" rel=\"noreferrer noopener\"><strong><mark style=\"background-color:rgba(0, 0, 0, 0)\" class=\"has-inline-color has-white-color\">Concursos Abertos<\/mark><\/strong><\/a><\/p>\n\n\n\n<p class=\"has-text-align-center has-vivid-cyan-blue-color has-text-color has-background\" style=\"background-color:#0078bd\"><a href=\"https:\/\/www.estrategiaconcursos.com.br\/blog\/concursos-2023\/\" target=\"_blank\" rel=\"noreferrer noopener\"><strong><mark style=\"background-color:rgba(0, 0, 0, 0)\" class=\"has-inline-color has-white-color\">Concursos 2023<\/mark><\/strong><\/a><\/p>\n\n\n\n<div class=\"container\" id=\"boxes\">\n  <div class=\"row\">\n    <div class=\"col-sm\">\n      <div class=\"estrategia\" id=\"box-assinatura\">\n        <h3 class=\"titulo-assinatura\">Assinatura de Concursos<\/h3>\n        <p class=\"subtitulo-assinatura\">Assinatura de 1 ano ou 2 anos<\/p>\n        <div class=\"box-botao\">\n          <a class=\"btn-assinatura\" target=\"_blank\" href=\"https:\/\/www.estrategiaconcursos.com.br\/assinaturas\/\" role=\"button\" rel=\"noopener noreferrer\">ASSINE AGORA<\/a>\n        <\/div>\n      <\/div>\n      \n    <\/div><\/div><\/div>\n\n\n\n<div class=\"container\" id=\"boxes\">\n  <div class=\"row\">\n\n    <div class=\"col-sm\">\n      <div class=\"banner-fiscal-01\" id=\"box-assinatura\">\n        <h3 class=\"titulo-assinatura\">Carreiras Fiscais<\/h3>\n        <p class=\"subtitulo-assinatura\">Conhe\u00e7a os cursos para ISS RJ<\/p>\n        <div class=\"box-botao\">\n          <a class=\"btn-assinatura\" target=\"_blank\" href=\"https:\/\/www.estrategiaconcursos.com.br\/cursosPorConcurso\/iss-rio-de-janeiro-363\/\" role=\"button\" rel=\"noopener noreferrer\">Conhe\u00e7a mais<\/a>\n        <\/div>\n      <\/div>\n      \n    <\/div>\n\n  <\/div>\n<\/div>\n","protected":false},"excerpt":{"rendered":"<p>Veja neste artigo uma an\u00e1lise sobre o Processo Administrativo Tribut\u00e1rio, mais especificamente sobre o Procedimento Pr\u00e9vio de Of\u00edcio, no Decreto 14.602\/96, para o ISS-RJ. Ol\u00e1, pessoal! Tudo bem com voc\u00eas? O concurso de Fiscal de Rendas do&nbsp;ISS-RJ&nbsp;est\u00e1 com o edital na pra\u00e7a, com uma remunera\u00e7\u00e3o inicial de R$ 26.068,43. Dessa maneira, no artigo de hoje, [&hellip;]<\/p>\n","protected":false},"author":1976,"featured_media":1196657,"comment_status":"open","ping_status":"closed","sticky":false,"template":"","format":"standard","meta":{"post_tipo":"article","footnotes":""},"categories":[220183],"tags":[],"tax_estado":[219963,219982],"class_list":["post-1223760","post","type-post","status-publish","format-standard","has-post-thumbnail","hentry","category-fiscal-municipal","tax_estado-concursos-federais","tax_estado-rj"],"acf":[],"yoast_head":"<!-- This site is optimized with the Yoast SEO Premium plugin v27.2 (Yoast SEO v27.2) - https:\/\/yoast.com\/product\/yoast-seo-premium-wordpress\/ -->\n<title>ISS-RJ: Procedimento Pr\u00e9vio de Of\u00edcio no Decreto 14.602\/96<\/title>\n<meta name=\"description\" content=\"Veja aqui uma an\u00e1lise sobre o Procedimento Pr\u00e9vio de Of\u00edcio, no Decreto 14.602\/96, para o concurso do ISS-RJ.\" \/>\n<meta name=\"robots\" content=\"index, follow, max-snippet:-1, max-image-preview:large, max-video-preview:-1\" \/>\n<link rel=\"canonical\" href=\"https:\/\/www.estrategiaconcursos.com.br\/blog\/procedimento-previo-oficio-iss-rj\/\" \/>\n<meta property=\"og:locale\" content=\"pt_BR\" \/>\n<meta property=\"og:type\" content=\"article\" \/>\n<meta property=\"og:title\" content=\"ISS-RJ: Procedimento Pr\u00e9vio de Of\u00edcio no Decreto 14.602\/96\" \/>\n<meta property=\"og:description\" content=\"Veja aqui uma an\u00e1lise sobre o Procedimento Pr\u00e9vio de Of\u00edcio, no Decreto 14.602\/96, para o concurso do ISS-RJ.\" \/>\n<meta property=\"og:url\" content=\"https:\/\/www.estrategiaconcursos.com.br\/blog\/procedimento-previo-oficio-iss-rj\/\" \/>\n<meta property=\"og:site_name\" content=\"Estrat\u00e9gia Concursos\" \/>\n<meta property=\"article:published_time\" content=\"2023-07-14T17:00:00+00:00\" \/>\n<meta property=\"og:image\" content=\"https:\/\/dhg1h5j42swfq.cloudfront.net\/2023\/04\/04121109\/iss-rj.jpg\" \/>\n\t<meta property=\"og:image:width\" content=\"1280\" \/>\n\t<meta property=\"og:image:height\" content=\"720\" \/>\n\t<meta property=\"og:image:type\" content=\"image\/jpeg\" \/>\n<meta name=\"author\" content=\"Kassio Henrique Sobral Rocha\" \/>\n<meta name=\"twitter:card\" content=\"summary_large_image\" \/>\n<meta name=\"twitter:creator\" content=\"@EstratConcursos\" \/>\n<meta name=\"twitter:site\" content=\"@EstratConcursos\" \/>\n<meta name=\"twitter:label1\" content=\"Escrito por\" \/>\n\t<meta name=\"twitter:data1\" content=\"Kassio Henrique Sobral Rocha\" \/>\n\t<meta name=\"twitter:label2\" content=\"Est. tempo de leitura\" \/>\n\t<meta name=\"twitter:data2\" content=\"5 minutos\" \/>\n<script type=\"application\/ld+json\" class=\"yoast-schema-graph\">{\"@context\":\"https:\/\/schema.org\",\"@graph\":[{\"@type\":\"NewsArticle\",\"@id\":\"https:\/\/www.estrategiaconcursos.com.br\/blog\/procedimento-previo-oficio-iss-rj\/#article\",\"isPartOf\":{\"@id\":\"https:\/\/www.estrategiaconcursos.com.br\/blog\/procedimento-previo-oficio-iss-rj\/\"},\"author\":{\"name\":\"Kassio Henrique Sobral Rocha\",\"@id\":\"https:\/\/www.estrategiaconcursos.com.br\/blog\/#\/schema\/person\/f0c830e07cfe11c231c0ea5dbb036df5\"},\"headline\":\"ISS-RJ: Procedimento Pr\u00e9vio de Of\u00edcio no Decreto 14.602\/96\",\"datePublished\":\"2023-07-14T17:00:00+00:00\",\"mainEntityOfPage\":{\"@id\":\"https:\/\/www.estrategiaconcursos.com.br\/blog\/procedimento-previo-oficio-iss-rj\/\"},\"wordCount\":931,\"commentCount\":0,\"publisher\":{\"@id\":\"https:\/\/www.estrategiaconcursos.com.br\/blog\/#organization\"},\"image\":{\"@id\":\"https:\/\/www.estrategiaconcursos.com.br\/blog\/procedimento-previo-oficio-iss-rj\/#primaryimage\"},\"thumbnailUrl\":\"https:\/\/dhg1h5j42swfq.cloudfront.net\/2023\/04\/04121109\/iss-rj.jpg\",\"articleSection\":[\"Fiscal - Municipal (ISS)\"],\"inLanguage\":\"pt-BR\",\"potentialAction\":[{\"@type\":\"CommentAction\",\"name\":\"Comment\",\"target\":[\"https:\/\/www.estrategiaconcursos.com.br\/blog\/procedimento-previo-oficio-iss-rj\/#respond\"]}],\"copyrightYear\":\"2023\",\"copyrightHolder\":{\"@id\":\"https:\/\/www.estrategiaconcursos.com.br\/blog\/#organization\"}},{\"@type\":\"WebPage\",\"@id\":\"https:\/\/www.estrategiaconcursos.com.br\/blog\/procedimento-previo-oficio-iss-rj\/\",\"url\":\"https:\/\/www.estrategiaconcursos.com.br\/blog\/procedimento-previo-oficio-iss-rj\/\",\"name\":\"ISS-RJ: Procedimento Pr\u00e9vio de Of\u00edcio no Decreto 14.602\/96\",\"isPartOf\":{\"@id\":\"https:\/\/www.estrategiaconcursos.com.br\/blog\/#website\"},\"primaryImageOfPage\":{\"@id\":\"https:\/\/www.estrategiaconcursos.com.br\/blog\/procedimento-previo-oficio-iss-rj\/#primaryimage\"},\"image\":{\"@id\":\"https:\/\/www.estrategiaconcursos.com.br\/blog\/procedimento-previo-oficio-iss-rj\/#primaryimage\"},\"thumbnailUrl\":\"https:\/\/dhg1h5j42swfq.cloudfront.net\/2023\/04\/04121109\/iss-rj.jpg\",\"datePublished\":\"2023-07-14T17:00:00+00:00\",\"description\":\"Veja aqui uma an\u00e1lise sobre o Procedimento Pr\u00e9vio de Of\u00edcio, no Decreto 14.602\/96, para o concurso do ISS-RJ.\",\"breadcrumb\":{\"@id\":\"https:\/\/www.estrategiaconcursos.com.br\/blog\/procedimento-previo-oficio-iss-rj\/#breadcrumb\"},\"inLanguage\":\"pt-BR\",\"potentialAction\":[{\"@type\":\"ReadAction\",\"target\":[\"https:\/\/www.estrategiaconcursos.com.br\/blog\/procedimento-previo-oficio-iss-rj\/\"]}]},{\"@type\":\"ImageObject\",\"inLanguage\":\"pt-BR\",\"@id\":\"https:\/\/www.estrategiaconcursos.com.br\/blog\/procedimento-previo-oficio-iss-rj\/#primaryimage\",\"url\":\"https:\/\/dhg1h5j42swfq.cloudfront.net\/2023\/04\/04121109\/iss-rj.jpg\",\"contentUrl\":\"https:\/\/dhg1h5j42swfq.cloudfront.net\/2023\/04\/04121109\/iss-rj.jpg\",\"width\":1280,\"height\":720,\"caption\":\"\u00c1rea Fiscal - RJ: Principais concursos!\"},{\"@type\":\"BreadcrumbList\",\"@id\":\"https:\/\/www.estrategiaconcursos.com.br\/blog\/procedimento-previo-oficio-iss-rj\/#breadcrumb\",\"itemListElement\":[{\"@type\":\"ListItem\",\"position\":1,\"name\":\"In\u00edcio\",\"item\":\"https:\/\/www.estrategiaconcursos.com.br\/blog\/\"},{\"@type\":\"ListItem\",\"position\":2,\"name\":\"ISS-RJ: Procedimento Pr\u00e9vio de Of\u00edcio no Decreto 14.602\/96\"}]},{\"@type\":\"WebSite\",\"@id\":\"https:\/\/www.estrategiaconcursos.com.br\/blog\/#website\",\"url\":\"https:\/\/www.estrategiaconcursos.com.br\/blog\/\",\"name\":\"Estrat\u00e9gia Concursos\",\"description\":\"O blog da Estrat\u00e9gia Concursos traz not\u00edcias sobre concursos e artigos de professores oferecendo cursos para concursos (pdf + videaulas) no site.\",\"publisher\":{\"@id\":\"https:\/\/www.estrategiaconcursos.com.br\/blog\/#organization\"},\"potentialAction\":[{\"@type\":\"SearchAction\",\"target\":{\"@type\":\"EntryPoint\",\"urlTemplate\":\"https:\/\/www.estrategiaconcursos.com.br\/blog\/?s={search_term_string}\"},\"query-input\":{\"@type\":\"PropertyValueSpecification\",\"valueRequired\":true,\"valueName\":\"search_term_string\"}}],\"inLanguage\":\"pt-BR\"},{\"@type\":\"Organization\",\"@id\":\"https:\/\/www.estrategiaconcursos.com.br\/blog\/#organization\",\"name\":\"Estrat\u00e9gia Concursos\",\"url\":\"https:\/\/www.estrategiaconcursos.com.br\/blog\/\",\"logo\":{\"@type\":\"ImageObject\",\"inLanguage\":\"pt-BR\",\"@id\":\"https:\/\/www.estrategiaconcursos.com.br\/blog\/#\/schema\/logo\/image\/\",\"url\":\"https:\/\/dhg1h5j42swfq.cloudfront.net\/2025\/06\/03203428\/logo_concursos-1.jpg\",\"contentUrl\":\"https:\/\/dhg1h5j42swfq.cloudfront.net\/2025\/06\/03203428\/logo_concursos-1.jpg\",\"width\":230,\"height\":60,\"caption\":\"Estrat\u00e9gia Concursos\"},\"image\":{\"@id\":\"https:\/\/www.estrategiaconcursos.com.br\/blog\/#\/schema\/logo\/image\/\"},\"sameAs\":[\"https:\/\/x.com\/EstratConcursos\"]},{\"@type\":\"Person\",\"@id\":\"https:\/\/www.estrategiaconcursos.com.br\/blog\/#\/schema\/person\/f0c830e07cfe11c231c0ea5dbb036df5\",\"name\":\"Kassio Henrique Sobral Rocha\",\"image\":{\"@type\":\"ImageObject\",\"inLanguage\":\"pt-BR\",\"@id\":\"https:\/\/secure.gravatar.com\/avatar\/d10350cbdad043facd8ec77a377f86f9026afee3348e463b04854fd4490ce759?s=96&d=mm&r=g\",\"url\":\"https:\/\/secure.gravatar.com\/avatar\/d10350cbdad043facd8ec77a377f86f9026afee3348e463b04854fd4490ce759?s=96&d=mm&r=g\",\"contentUrl\":\"https:\/\/secure.gravatar.com\/avatar\/d10350cbdad043facd8ec77a377f86f9026afee3348e463b04854fd4490ce759?s=96&d=mm&r=g\",\"caption\":\"Kassio Henrique Sobral Rocha\"},\"url\":\"https:\/\/www.estrategiaconcursos.com.br\/blog\/author\/kassio-rochayahoo-com-br\/\"}]}<\/script>\n<!-- \/ Yoast SEO Premium plugin. -->","yoast_head_json":{"title":"ISS-RJ: Procedimento Pr\u00e9vio de Of\u00edcio no Decreto 14.602\/96","description":"Veja aqui uma an\u00e1lise sobre o Procedimento Pr\u00e9vio de Of\u00edcio, no Decreto 14.602\/96, para o concurso do ISS-RJ.","robots":{"index":"index","follow":"follow","max-snippet":"max-snippet:-1","max-image-preview":"max-image-preview:large","max-video-preview":"max-video-preview:-1"},"canonical":"https:\/\/www.estrategiaconcursos.com.br\/blog\/procedimento-previo-oficio-iss-rj\/","og_locale":"pt_BR","og_type":"article","og_title":"ISS-RJ: Procedimento Pr\u00e9vio de Of\u00edcio no Decreto 14.602\/96","og_description":"Veja aqui uma an\u00e1lise sobre o Procedimento Pr\u00e9vio de Of\u00edcio, no Decreto 14.602\/96, para o concurso do ISS-RJ.","og_url":"https:\/\/www.estrategiaconcursos.com.br\/blog\/procedimento-previo-oficio-iss-rj\/","og_site_name":"Estrat\u00e9gia Concursos","article_published_time":"2023-07-14T17:00:00+00:00","og_image":[{"width":1280,"height":720,"url":"https:\/\/dhg1h5j42swfq.cloudfront.net\/2023\/04\/04121109\/iss-rj.jpg","type":"image\/jpeg"}],"author":"Kassio Henrique Sobral Rocha","twitter_card":"summary_large_image","twitter_creator":"@EstratConcursos","twitter_site":"@EstratConcursos","twitter_misc":{"Escrito por":"Kassio Henrique Sobral Rocha","Est. tempo de leitura":"5 minutos"},"schema":{"@context":"https:\/\/schema.org","@graph":[{"@type":"NewsArticle","@id":"https:\/\/www.estrategiaconcursos.com.br\/blog\/procedimento-previo-oficio-iss-rj\/#article","isPartOf":{"@id":"https:\/\/www.estrategiaconcursos.com.br\/blog\/procedimento-previo-oficio-iss-rj\/"},"author":{"name":"Kassio Henrique Sobral Rocha","@id":"https:\/\/www.estrategiaconcursos.com.br\/blog\/#\/schema\/person\/f0c830e07cfe11c231c0ea5dbb036df5"},"headline":"ISS-RJ: Procedimento Pr\u00e9vio de Of\u00edcio no Decreto 14.602\/96","datePublished":"2023-07-14T17:00:00+00:00","mainEntityOfPage":{"@id":"https:\/\/www.estrategiaconcursos.com.br\/blog\/procedimento-previo-oficio-iss-rj\/"},"wordCount":931,"commentCount":0,"publisher":{"@id":"https:\/\/www.estrategiaconcursos.com.br\/blog\/#organization"},"image":{"@id":"https:\/\/www.estrategiaconcursos.com.br\/blog\/procedimento-previo-oficio-iss-rj\/#primaryimage"},"thumbnailUrl":"https:\/\/dhg1h5j42swfq.cloudfront.net\/2023\/04\/04121109\/iss-rj.jpg","articleSection":["Fiscal - Municipal (ISS)"],"inLanguage":"pt-BR","potentialAction":[{"@type":"CommentAction","name":"Comment","target":["https:\/\/www.estrategiaconcursos.com.br\/blog\/procedimento-previo-oficio-iss-rj\/#respond"]}],"copyrightYear":"2023","copyrightHolder":{"@id":"https:\/\/www.estrategiaconcursos.com.br\/blog\/#organization"}},{"@type":"WebPage","@id":"https:\/\/www.estrategiaconcursos.com.br\/blog\/procedimento-previo-oficio-iss-rj\/","url":"https:\/\/www.estrategiaconcursos.com.br\/blog\/procedimento-previo-oficio-iss-rj\/","name":"ISS-RJ: Procedimento Pr\u00e9vio de Of\u00edcio no Decreto 14.602\/96","isPartOf":{"@id":"https:\/\/www.estrategiaconcursos.com.br\/blog\/#website"},"primaryImageOfPage":{"@id":"https:\/\/www.estrategiaconcursos.com.br\/blog\/procedimento-previo-oficio-iss-rj\/#primaryimage"},"image":{"@id":"https:\/\/www.estrategiaconcursos.com.br\/blog\/procedimento-previo-oficio-iss-rj\/#primaryimage"},"thumbnailUrl":"https:\/\/dhg1h5j42swfq.cloudfront.net\/2023\/04\/04121109\/iss-rj.jpg","datePublished":"2023-07-14T17:00:00+00:00","description":"Veja aqui uma an\u00e1lise sobre o Procedimento Pr\u00e9vio de Of\u00edcio, no Decreto 14.602\/96, para o concurso do ISS-RJ.","breadcrumb":{"@id":"https:\/\/www.estrategiaconcursos.com.br\/blog\/procedimento-previo-oficio-iss-rj\/#breadcrumb"},"inLanguage":"pt-BR","potentialAction":[{"@type":"ReadAction","target":["https:\/\/www.estrategiaconcursos.com.br\/blog\/procedimento-previo-oficio-iss-rj\/"]}]},{"@type":"ImageObject","inLanguage":"pt-BR","@id":"https:\/\/www.estrategiaconcursos.com.br\/blog\/procedimento-previo-oficio-iss-rj\/#primaryimage","url":"https:\/\/dhg1h5j42swfq.cloudfront.net\/2023\/04\/04121109\/iss-rj.jpg","contentUrl":"https:\/\/dhg1h5j42swfq.cloudfront.net\/2023\/04\/04121109\/iss-rj.jpg","width":1280,"height":720,"caption":"\u00c1rea Fiscal - RJ: Principais concursos!"},{"@type":"BreadcrumbList","@id":"https:\/\/www.estrategiaconcursos.com.br\/blog\/procedimento-previo-oficio-iss-rj\/#breadcrumb","itemListElement":[{"@type":"ListItem","position":1,"name":"In\u00edcio","item":"https:\/\/www.estrategiaconcursos.com.br\/blog\/"},{"@type":"ListItem","position":2,"name":"ISS-RJ: Procedimento Pr\u00e9vio de Of\u00edcio no Decreto 14.602\/96"}]},{"@type":"WebSite","@id":"https:\/\/www.estrategiaconcursos.com.br\/blog\/#website","url":"https:\/\/www.estrategiaconcursos.com.br\/blog\/","name":"Estrat\u00e9gia Concursos","description":"O blog da Estrat\u00e9gia Concursos traz not\u00edcias sobre concursos e artigos de professores oferecendo cursos para concursos (pdf + videaulas) no site.","publisher":{"@id":"https:\/\/www.estrategiaconcursos.com.br\/blog\/#organization"},"potentialAction":[{"@type":"SearchAction","target":{"@type":"EntryPoint","urlTemplate":"https:\/\/www.estrategiaconcursos.com.br\/blog\/?s={search_term_string}"},"query-input":{"@type":"PropertyValueSpecification","valueRequired":true,"valueName":"search_term_string"}}],"inLanguage":"pt-BR"},{"@type":"Organization","@id":"https:\/\/www.estrategiaconcursos.com.br\/blog\/#organization","name":"Estrat\u00e9gia Concursos","url":"https:\/\/www.estrategiaconcursos.com.br\/blog\/","logo":{"@type":"ImageObject","inLanguage":"pt-BR","@id":"https:\/\/www.estrategiaconcursos.com.br\/blog\/#\/schema\/logo\/image\/","url":"https:\/\/dhg1h5j42swfq.cloudfront.net\/2025\/06\/03203428\/logo_concursos-1.jpg","contentUrl":"https:\/\/dhg1h5j42swfq.cloudfront.net\/2025\/06\/03203428\/logo_concursos-1.jpg","width":230,"height":60,"caption":"Estrat\u00e9gia Concursos"},"image":{"@id":"https:\/\/www.estrategiaconcursos.com.br\/blog\/#\/schema\/logo\/image\/"},"sameAs":["https:\/\/x.com\/EstratConcursos"]},{"@type":"Person","@id":"https:\/\/www.estrategiaconcursos.com.br\/blog\/#\/schema\/person\/f0c830e07cfe11c231c0ea5dbb036df5","name":"Kassio Henrique Sobral Rocha","image":{"@type":"ImageObject","inLanguage":"pt-BR","@id":"https:\/\/secure.gravatar.com\/avatar\/d10350cbdad043facd8ec77a377f86f9026afee3348e463b04854fd4490ce759?s=96&d=mm&r=g","url":"https:\/\/secure.gravatar.com\/avatar\/d10350cbdad043facd8ec77a377f86f9026afee3348e463b04854fd4490ce759?s=96&d=mm&r=g","contentUrl":"https:\/\/secure.gravatar.com\/avatar\/d10350cbdad043facd8ec77a377f86f9026afee3348e463b04854fd4490ce759?s=96&d=mm&r=g","caption":"Kassio Henrique Sobral Rocha"},"url":"https:\/\/www.estrategiaconcursos.com.br\/blog\/author\/kassio-rochayahoo-com-br\/"}]}},"_links":{"self":[{"href":"https:\/\/www.estrategiaconcursos.com.br\/blog\/wp-json\/wp\/v2\/posts\/1223760","targetHints":{"allow":["GET"]}}],"collection":[{"href":"https:\/\/www.estrategiaconcursos.com.br\/blog\/wp-json\/wp\/v2\/posts"}],"about":[{"href":"https:\/\/www.estrategiaconcursos.com.br\/blog\/wp-json\/wp\/v2\/types\/post"}],"author":[{"embeddable":true,"href":"https:\/\/www.estrategiaconcursos.com.br\/blog\/wp-json\/wp\/v2\/users\/1976"}],"replies":[{"embeddable":true,"href":"https:\/\/www.estrategiaconcursos.com.br\/blog\/wp-json\/wp\/v2\/comments?post=1223760"}],"version-history":[{"count":7,"href":"https:\/\/www.estrategiaconcursos.com.br\/blog\/wp-json\/wp\/v2\/posts\/1223760\/revisions"}],"predecessor-version":[{"id":1243287,"href":"https:\/\/www.estrategiaconcursos.com.br\/blog\/wp-json\/wp\/v2\/posts\/1223760\/revisions\/1243287"}],"wp:featuredmedia":[{"embeddable":true,"href":"https:\/\/www.estrategiaconcursos.com.br\/blog\/wp-json\/wp\/v2\/media\/1196657"}],"wp:attachment":[{"href":"https:\/\/www.estrategiaconcursos.com.br\/blog\/wp-json\/wp\/v2\/media?parent=1223760"}],"wp:term":[{"taxonomy":"category","embeddable":true,"href":"https:\/\/www.estrategiaconcursos.com.br\/blog\/wp-json\/wp\/v2\/categories?post=1223760"},{"taxonomy":"post_tag","embeddable":true,"href":"https:\/\/www.estrategiaconcursos.com.br\/blog\/wp-json\/wp\/v2\/tags?post=1223760"},{"taxonomy":"tax_estado","embeddable":true,"href":"https:\/\/www.estrategiaconcursos.com.br\/blog\/wp-json\/wp\/v2\/tax_estado?post=1223760"}],"curies":[{"name":"wp","href":"https:\/\/api.w.org\/{rel}","templated":true}]}}