{"id":122088,"date":"2026-03-31T12:11:00","date_gmt":"2026-03-31T15:11:00","guid":{"rendered":"https:\/\/www.estrategiaconcursos.com.br\/blog\/?p=122088"},"modified":"2026-04-01T11:26:33","modified_gmt":"2026-04-01T14:26:33","slug":"concurso-trt-pi","status":"publish","type":"post","link":"https:\/\/www.estrategiaconcursos.com.br\/blog\/concurso-trt-pi\/","title":{"rendered":"Concurso TRT PI: novo edital previsto para todos os cargos!"},"content":{"rendered":"\n<p>O <a style=\"font-weight: bold;\" href=\"https:\/\/www.estrategiaconcursos.com.br\/blog\/concurso-trt-22\" target=\"_blank\" rel=\"noreferrer noopener\">Tribunal Regional do Trabalho da 22\u00aa Regi\u00e3o<\/a> pretende realizar novo concurso p\u00fablico assim que acabar a validade do \u00faltimo certame: 5 de dezembro de 2026. <\/p>\n\n\n\n<p>O pr\u00f3ximo edital ofertar\u00e1 vagas para todos os cargos de t\u00e9cnico e analista que fazem parte do quadro de pessoal. <\/p>\n\n\n\n<p>E os futuros servidores ter\u00e3o sal\u00e1rio ainda maior. A remunera\u00e7\u00e3o inicial, a partir de julho de 2026, ser\u00e1 de R$ 9.776,74 (T\u00e9cnico) e R$ 16.041,21 (Analista).<\/p>\n\n\n\n<div class=\"container\" id=\"boxes\">\n  <div class=\"row\">\n\n    <div class=\"col-sm\">\n      <div class=\"banner-estrategia\" id=\"box-assinatura\">\n        <h2 class=\"titulo-assinatura\"><span style=\"color: #ffffff;\">Concurso TRT 22<\/span><\/h2>\n        <p class=\"subtitulo-assinatura\">Estude conosco<\/p>\n        <div class=\"box-botao\">\n          <a class=\"btn-assinatura\" target=\"_blank\" href=\"https:\/\/www.estrategiaconcursos.com.br\/cursosPorConcurso\/tribunal-regional-do-trabalho-da-22-regiao-trt-pi\/\" role=\"button\" rel=\"noopener noreferrer\">Conhe\u00e7a os cursos<\/a>\n        <\/div>\n      <\/div>\n     \n    <\/div>\n\n  <\/div>\n<\/div>\n\n\n\n<ul id=\"block-ee678516-e9d1-48bd-b327-7b9acd55f0fd\" class=\"wp-block-list has-pale-ocean-gradient-background has-background\">\n<li><strong>Concurso TRT PI 202<\/strong>6<\/li>\n\n\n\n<li><strong>Status:<\/strong>\u00a0Previsto<\/li>\n\n\n\n<li><strong>Banca:\u00a0<\/strong>a definir<\/li>\n\n\n\n<li><strong>Vagas:\u00a0<\/strong>CR<\/li>\n\n\n\n<li><strong>Sal\u00e1rio inicial conforme legisla\u00e7\u00e3o:<\/strong>&nbsp;R$ 9.052,54 (T\u00e9cnico) e R$ 14.852,98 (Analista)<\/li>\n\n\n\n<li><strong>Sal\u00e1rios a partir de Jul. de 2026:&nbsp;<\/strong>R$ 9.776,74 (T\u00e9cnico)\/R$ 16.041,21 (Analista)<\/li>\n\n\n\n<li><strong>\u00daltimo edital:<\/strong> <a href=\"https:\/\/dhg1h5j42swfq.cloudfront.net\/2022\/07\/12044244\/2022_07_12_assinado_do3-192-202.pdf\" target=\"_blank\" rel=\"noreferrer noopener nofollow\">TRT PI 2022<\/a><\/li>\n<\/ul>\n\n\n\n<p>Reunimos neste artigo as principais informa\u00e7\u00f5es sobre o \u00f3rg\u00e3o e seu \u00faltimo edital, como remunera\u00e7\u00e3o, requisitos, etapas do concurso, entre outros.<\/p>\n\n\n\n<ul id=\"indice\" class=\"wp-block-list\">\n<li><strong><a href=\"#atual\">Situa\u00e7\u00e3o atual <\/a><\/strong>\n<ul class=\"wp-block-list\">\n<li><a href=\"#novo-edital\">Novo edital<\/a><\/li>\n\n\n\n<li><a href=\"#h-cargos-previstos\">Cargos previstos<\/a><\/li>\n\n\n\n<li><a href=\"#cargos-vagos\">Cargos vagos<\/a><\/li>\n<\/ul>\n<\/li>\n\n\n\n<li><a href=\"#cargos-e-vagas\"><strong>Concurso TRT PI 2022<\/strong><\/a><\/li>\n\n\n\n<li><a href=\"#vagas\">Cargos e vagas<\/a><\/li>\n\n\n\n<li><a href=\"#carreira\">Carreira no TRT 22<\/a><\/li>\n\n\n\n<li><a href=\"#requisitos\">Requisitos e atribui\u00e7\u00f5es<\/a>\n<ul class=\"wp-block-list\">\n<li><a href=\"#nivel-superior\">N\u00edvel Superior<\/a><\/li>\n\n\n\n<li><a href=\"#nivel-medio\">N\u00edvel M\u00e9dio<\/a><\/li>\n<\/ul>\n<\/li>\n\n\n\n<li><a href=\"#provas\">Etapas de provas<\/a>\n<ul class=\"wp-block-list\">\n<li><a href=\"#objetiva\">Prova objetiva<\/a><\/li>\n<\/ul>\n<\/li>\n\n\n\n<li><a href=\"#edital-estrategico\"><strong>Edital Estrat\u00e9gico<\/strong><\/a><\/li>\n<\/ul>\n\n\n\n<ul id=\"indice\" class=\"wp-block-list\">\n<li><strong><a href=\"#ultimo-concurso\">\u00daltimo concurso<\/a><\/strong>\n<ul class=\"wp-block-list\">\n<li><a href=\"#etapas\">Etapas do concurso<\/a><\/li>\n<\/ul>\n<\/li>\n\n\n\n<li><strong><a href=\"#cursos-e-assinaturas-trt-pi\">Assinatura e cursos<\/a><\/strong><\/li>\n\n\n\n<li><strong><a href=\"#ficha-tecnica\">Ficha T\u00e9cnica<\/a> <\/strong><\/li>\n<\/ul>\n\n\n\n<h2 class=\"wp-block-heading\" id=\"situacao\">Concurso TRT PI: situa\u00e7\u00e3o atual<\/h2>\n\n\n\n<h3 class=\"wp-block-heading\" id=\"h-novo-edital\">Novo edital <\/h3>\n\n\n\n<p>No dia 22 de janeiro de 2026 os servidores da Ouvidoria do TRT da 22\u00aa Regi\u00e3o em resposta ao pedido realizado pelo time de jornalismo do Estrat\u00e9gia Concurso, informou que o tribunal pretende fazer <a href=\"https:\/\/www.estrategiaconcursos.com.br\/blog\/trt-pi-realizara-novo-concurso-este-ano\/\">um novo concurso p\u00fablico<\/a>. <\/p>\n\n\n\n<h3 class=\"wp-block-heading\" id=\"h-cargos-previstos\">Cargos previstos<\/h3>\n\n\n\n<p>Al\u00e9m disso, em mar\u00e7o de 2026 o tribunal confirmou que ser\u00e3o ofertadas vagas para todos os cargos do quadro de pessoal, sendo:<\/p>\n\n\n\n<ul class=\"wp-block-list\">\n<li><a href=\"https:\/\/www.estrategiaconcursos.com.br\/curso\/trt-22-regiao-analista-judiciario-area-administrativa-pacote-completo-2022-pre-edital\/\" target=\"_blank\" rel=\"noreferrer noopener\">Analista Judici\u00e1rio \u2013 \u00c1rea Administrativa<\/a><\/li>\n\n\n\n<li>Analista Judici\u00e1rio \u2013 \u00c1rea Apoio Especializado \u2013 Especialidade Biblioteconomia<\/li>\n\n\n\n<li>Analista Judici\u00e1rio \u2013 \u00c1rea Administrativa \u2013 Especialidade Contabilidade<\/li>\n\n\n\n<li>Analista Judici\u00e1rio \u2013 \u00c1rea Apoio Especializado \u2013 Especialidade Engenharia<\/li>\n\n\n\n<li>Analista Judici\u00e1rio \u2013 \u00c1rea Apoio Especializado -Especialidade Medicina (Cl\u00ednico Geral)<\/li>\n\n\n\n<li>Analista Judici\u00e1rio \u2013 \u00c1rea Apoio Especializado -Especialidade Odontologia<\/li>\n\n\n\n<li>Analista Judici\u00e1rio \u2013 \u00c1rea Apoio Especializado \u2013 Tecnologia da Informa\u00e7\u00e3o<\/li>\n\n\n\n<li><a href=\"https:\/\/www.estrategiaconcursos.com.br\/curso\/trt-22-regiao-analista-judiciario-execucao-de-mandados-pacote-completo-2022-pre-edital\/\" target=\"_blank\" rel=\"noreferrer noopener\">Analista Judici\u00e1rio \u2013 \u00c1rea Judici\u00e1ria \u2013 Especialidade Oficial de Justi\u00e7a Avaliador Federal<\/a><\/li>\n\n\n\n<li><a href=\"https:\/\/www.estrategiaconcursos.com.br\/curso\/trt-22-regiao-analista-judiciario-area-judiciaria-pacote-completo-2022-pre-edital\/\" target=\"_blank\" rel=\"noreferrer noopener\">Analista Judici\u00e1rio \u2013 \u00c1rea Judici\u00e1ria<\/a><\/li>\n\n\n\n<li><a href=\"https:\/\/www.estrategiaconcursos.com.br\/curso\/trt-22-regiao-tecnico-judiciario-area-administrativa-pacote-completo-2022-pre-edital\/\" target=\"_blank\" rel=\"noreferrer noopener\">T\u00e9cnico Judici\u00e1rio \u2013 \u00c1rea Administrativa<\/a><\/li>\n\n\n\n<li>T\u00e9cnico Judici\u00e1rio \u2013 \u00c1rea Apoio Especializado \u2013 Especialidade Tecnologia da Informa\u00e7\u00e3o<\/li>\n\n\n\n<li>T\u00e9cnico Judici\u00e1rio \u2013 Agente de Pol\u00edcia Judicial<\/li>\n<\/ul>\n\n\n\n<h3 class=\"wp-block-heading\" id=\"h-cargos-vagos\">Cargos vagos<\/h3>\n\n\n\n<p>De acordo com dados de fevereiro de 2026, atualmente o TRT PI tem <strong>12 cargos vagos<\/strong>. Sendo:<\/p>\n\n\n\n<ul class=\"wp-block-list\">\n<li>ANALISTA &#8211; 4 vac\u00e2ncias; e<\/li>\n\n\n\n<li>T\u00c9CNICO &#8211; 8 vac\u00e2ncias.<\/li>\n<\/ul>\n\n\n\n<h2 class=\"wp-block-heading\" id=\"cargos-e-vagas\">Concurso TRT PI 2022: cargos e vagas<\/h2>\n\n\n\n<p>O TRT PI ofertou, ao todo, <strong>43 vagas imediatas mais forma\u00e7\u00e3o de cadastro de reserva<\/strong>, sendo:<\/p>\n\n\n\n<h3 class=\"wp-block-heading\" id=\"cargos-de-nivel-superior\">Cargos de n\u00edvel superior<\/h3>\n\n\n\n<ul class=\"wp-block-list\">\n<li><a href=\"https:\/\/www.estrategiaconcursos.com.br\/curso\/trt-22-regiao-analista-judiciario-area-administrativa-pacote-completo-2022-pre-edital\/\" target=\"_blank\" rel=\"noreferrer noopener\"><strong>Analista Judici\u00e1rio \u2013 \u00c1rea Administrativa<\/strong><\/a>\n<ul class=\"wp-block-list\">\n<li>Vagas: CR<\/li>\n<\/ul>\n<\/li>\n\n\n\n<li><strong>Analista Judici\u00e1rio \u2013 \u00c1rea Apoio Especializado \u2013 Especialidade Biblioteconomia<\/strong>\n<ul class=\"wp-block-list\">\n<li>Vagas: CR<\/li>\n<\/ul>\n<\/li>\n\n\n\n<li><strong>Analista Judici\u00e1rio \u2013 \u00c1rea Administrativa \u2013 Especialidade Contabilidade<\/strong>\n<ul class=\"wp-block-list\">\n<li>Vagas: 01 + CR<\/li>\n<\/ul>\n<\/li>\n\n\n\n<li><strong>Analista Judici\u00e1rio \u2013 \u00c1rea Apoio Especializado \u2013 Especialidade Engenharia<\/strong>\n<ul class=\"wp-block-list\">\n<li>Vagas: CR<\/li>\n<\/ul>\n<\/li>\n\n\n\n<li><strong>Analista Judici\u00e1rio \u2013 \u00c1rea Apoio Especializado -Especialidade Medicina (Cl\u00ednico Geral)<\/strong>\n<ul class=\"wp-block-list\">\n<li>Vagas: 02 + CR<\/li>\n<\/ul>\n<\/li>\n\n\n\n<li><strong>Analista Judici\u00e1rio \u2013 \u00c1rea Apoio Especializado -Especialidade Odontologia<\/strong>\n<ul class=\"wp-block-list\">\n<li>Vagas: CR<\/li>\n<\/ul>\n<\/li>\n\n\n\n<li><strong>Analista Judici\u00e1rio \u2013 \u00c1rea Apoio Especializado \u2013 Tecnologia da Informa\u00e7\u00e3o<\/strong>\n<ul class=\"wp-block-list\">\n<li>Vagas: 02 + CR<\/li>\n<\/ul>\n<\/li>\n\n\n\n<li><strong><a href=\"https:\/\/www.estrategiaconcursos.com.br\/curso\/trt-22-regiao-analista-judiciario-execucao-de-mandados-pacote-completo-2022-pre-edital\/\" target=\"_blank\" rel=\"noreferrer noopener\">Analista Judici\u00e1rio \u2013 \u00c1rea Judici\u00e1ria \u2013 Especialidade Oficial de Justi\u00e7a Avaliador Federal<\/a><\/strong>\n<ul class=\"wp-block-list\">\n<li>Vagas: 02 + CR<\/li>\n<\/ul>\n<\/li>\n\n\n\n<li><a href=\"https:\/\/www.estrategiaconcursos.com.br\/curso\/trt-22-regiao-analista-judiciario-area-judiciaria-pacote-completo-2022-pre-edital\/\" target=\"_blank\" rel=\"noreferrer noopener\"><strong>Analista Judici\u00e1rio \u2013 \u00c1rea Judici\u00e1ria<\/strong><\/a>\n<ul class=\"wp-block-list\">\n<li>Vagas: 10 + CR<\/li>\n<\/ul>\n<\/li>\n<\/ul>\n\n\n\n<h3 class=\"wp-block-heading\" id=\"cargos-de-nivel-medio\">Cargos de n\u00edvel m\u00e9dio<\/h3>\n\n\n\n<ul class=\"wp-block-list\">\n<li><a href=\"https:\/\/www.estrategiaconcursos.com.br\/curso\/trt-22-regiao-tecnico-judiciario-area-administrativa-pacote-completo-2022-pre-edital\/\" target=\"_blank\" rel=\"noreferrer noopener\"><strong>T\u00e9cnico Judici\u00e1rio \u2013 \u00c1rea Administrativa<\/strong><\/a>\n<ul class=\"wp-block-list\">\n<li>Vagas: 20 + CR<\/li>\n<\/ul>\n<\/li>\n\n\n\n<li><strong>T\u00e9cnico Judici\u00e1rio \u2013 \u00c1rea Apoio Especializado \u2013 Especialidade Tecnologia da Informa\u00e7\u00e3o<\/strong>\n<ul class=\"wp-block-list\">\n<li>Vagas: 06 + CR<\/li>\n<\/ul>\n<\/li>\n<\/ul>\n\n\n\n<h2 class=\"wp-block-heading\" id=\"carreira\">Carreira no TRT PI<\/h2>\n\n\n\n<h3 class=\"wp-block-heading remuneracao\" id=\"remuneracao-concurso-trt-pi\">Remunera\u00e7\u00e3o e benef\u00edcios <\/h3>\n\n\n\n<p>A Justi\u00e7a Federal teve o&nbsp;<a href=\"https:\/\/www.estrategiaconcursos.com.br\/blog\/lula-sancionou-reajuste-salarial-aos-servidores-para-2026\/\">reajuste salarial de 8%<\/a>&nbsp;para todas as carreiras sancionado pelo governo federal. Com isso, os sal\u00e1rios iniciais podem&nbsp;<strong>chegar a R$&nbsp;16.041,21<\/strong>, al\u00e9m de benef\u00edcios.<\/p>\n\n\n\n<p>O adicional de qualifica\u00e7\u00e3o tamb\u00e9m foi reajustado. Atualmente, um analista em final de carreira pode somar R$ 1.161,52 se tiver doutorado, por exemplo.&nbsp;<\/p>\n\n\n\n<p>Com a mudan\u00e7a, o valor vai para&nbsp;<strong>R$ 3.857,75<\/strong>&nbsp;a partir de 2026, considerando-se o reajuste de 8% a partir do pr\u00f3ximo ano, previsto na&nbsp;Lei 15.293, de 19 de dezembro de 2025.<\/p>\n\n\n\n<p>Tamb\u00e9m a partir de 2026, o mestrado valer\u00e1&nbsp;<strong>R$ 2.700,43 (contra os atuais R$ 929,21)<\/strong>. Essas duas qualifica\u00e7\u00f5es n\u00e3o podem ser acumuladas entre si e absorvem outras de valores menores.<\/p>\n\n\n\n<p>Com o reajuste, os vencimentos b\u00e1sicos iniciais para os cargos ficam com os seguintes valores a partir de julho de 2026:<\/p>\n\n\n\n<ul class=\"wp-block-list\">\n<li><strong>R$ 9.776,74 (T\u00e9cnico)&nbsp;<\/strong><\/li>\n\n\n\n<li><strong>R$ 16.041,21 (Analista)<\/strong><\/li>\n<\/ul>\n\n\n\n<p>Al\u00e9m do vencimento b\u00e1sico atualizado, os aprovados ter\u00e3o direito a benef\u00edcios como&nbsp;<strong>aux\u00edlio pr\u00e9-escolar<\/strong>&nbsp;no valor de&nbsp;<strong><\/strong><strong>R$ 1.288,47<\/strong>, e&nbsp;<strong>aux\u00edlio alimenta\u00e7\u00e3o<\/strong>&nbsp;no valor de&nbsp;<strong><\/strong><strong>R$ 1.860,51<\/strong>,&nbsp;<strong>Aux\u00edlio-Natalidade<\/strong>&nbsp;no valor de&nbsp;<strong>R$718,58<\/strong>&nbsp;e&nbsp;<strong>Aux\u00edlio-Sa\u00fade&nbsp;<\/strong>no valor de&nbsp;<strong>R$579,39.<\/strong><\/p>\n\n\n\n<h3 class=\"wp-block-heading\" id=\"requisitos\">Concurso TRT 22: requisitos e atribui\u00e7\u00f5es <\/h3>\n\n\n\n<h3 class=\"wp-block-heading\" id=\"nivel-superior\">N\u00edvel superior<\/h3>\n\n\n\n<ul class=\"wp-block-list\">\n<li><a href=\"https:\/\/www.estrategiaconcursos.com.br\/curso\/trt-22-regiao-analista-judiciario-area-administrativa-pacote-completo-2022-pre-edital\/\" target=\"_blank\" rel=\"noreferrer noopener\"><strong>Analista Judici\u00e1rio \u2013 \u00c1rea Administrativa<\/strong><\/a>\n<ul class=\"wp-block-list\">\n<li><strong>Requisitos<\/strong>: Diploma de curso superior, em qualquer \u00e1rea de forma\u00e7\u00e3o, inclusive Tecn\u00f3logos e Licenciatura Plena, devidamente registrado, fornecido por Institui\u00e7\u00e3o de Ensino Superior reconhecida pelo Minist\u00e9rio da Educa\u00e7\u00e3o.<\/li>\n\n\n\n<li><strong>Atribui\u00e7\u00f5es<\/strong>: Realizar tarefas relacionadas \u00e0 administra\u00e7\u00e3o de recursos humanos, materiais, patrimoniais, or\u00e7ament\u00e1rios e financeiros, de desenvolvimento organizacional, licita\u00e7\u00f5es e contratos, contadoria e auditoria; emitir informa\u00e7\u00f5es e pareceres. <\/li>\n<\/ul>\n<\/li>\n<\/ul>\n\n\n\n<ul class=\"wp-block-list\">\n<li><strong>Analista Judici\u00e1rio \u2013 \u00c1rea Apoio Especializado \u2013 Especialidade Biblioteconomia<\/strong>\n<ul class=\"wp-block-list\">\n<li><strong>Requisitos<\/strong>: Diploma de Gradua\u00e7\u00e3o em Biblioteconomia, devidamente registrado, reconhecido pelo Minist\u00e9rio da Educa\u00e7\u00e3o, e registro no respectivo \u00d3rg\u00e3o de Classe.<\/li>\n\n\n\n<li><strong>Atribui\u00e7\u00f5es<\/strong>: Manter atualizado o invent\u00e1rio do acervo bibliogr\u00e1fico; proceder ao cadastramento das publica\u00e7\u00f5es editadas pelo Tribunal junto aos \u00f3rg\u00e3os respons\u00e1veis pela padroniza\u00e7\u00e3o internacional de numera\u00e7\u00e3o de t\u00edtulos de livros e peri\u00f3dicos;&nbsp; dentre outras.<\/li>\n<\/ul>\n<\/li>\n<\/ul>\n\n\n\n<ul class=\"wp-block-list\">\n<li><strong>Analista Judici\u00e1rio \u2013 \u00c1rea Administrativa \u2013 Especialidade Contabilidade<\/strong>\n<ul class=\"wp-block-list\">\n<li><strong>Requisitos<\/strong>: Diploma de Gradua\u00e7\u00e3o em Contabilidade, devidamente registrado, reconhecido pelo Minist\u00e9rio da Educa\u00e7\u00e3o, e registro no respectivo \u00d3rg\u00e3o de Classe.<\/li>\n\n\n\n<li><strong>Atribui\u00e7\u00f5es<\/strong>: Executar atividades relativas \u00e0 elabora\u00e7\u00e3o do or\u00e7amento, planifica\u00e7\u00e3o de contas, detalhamento de despesas, servi\u00e7os cont\u00e1beis, balan\u00e7os, balancetes, demonstrativos de movimento de contas, c\u00e1lculo de faturas, tabelas de vencimentos, folhas de pagamento e organiza\u00e7\u00e3o de processos de presta\u00e7\u00e3o de contas; dentre outras.<\/li>\n<\/ul>\n<\/li>\n<\/ul>\n\n\n\n<ul class=\"wp-block-list\">\n<li><strong>Analista Judici\u00e1rio \u2013 \u00c1rea Apoio Especializado \u2013 Especialidade Engenharia<\/strong>\n<ul class=\"wp-block-list\">\n<li><strong>Requisitos<\/strong>: Diploma de Gradua\u00e7\u00e3o em Engenharia Civil, devidamente registrado, reconhecido pelo Minist\u00e9rio da Educa\u00e7\u00e3o, e registro no respectivo \u00d3rg\u00e3o de Classe.<\/li>\n\n\n\n<li><strong>Atribui\u00e7\u00f5es<\/strong>: Elaborar projetos relativos a constru\u00e7\u00e3o, conserva\u00e7\u00e3o e reforma dos pr\u00e9dios do Tribunal; acompanhar e fiscalizar obras e servi\u00e7os; realizar exames t\u00e9cnicos de expedientes relativos a execu\u00e7\u00e3o de obras; dentre outras.<\/li>\n<\/ul>\n<\/li>\n<\/ul>\n\n\n\n<ul class=\"wp-block-list\">\n<li><strong>Analista Judici\u00e1rio \u2013 \u00c1rea Apoio Especializado -Especialidade Medicina (Cl\u00ednico Geral)<\/strong>\n<ul class=\"wp-block-list\">\n<li><strong>Requisitos<\/strong>: Diploma de Gradua\u00e7\u00e3o em Medicina, devidamente registrado, reconhecido pelo Minist\u00e9rio da Educa\u00e7\u00e3o, e registro no respectivo \u00d3rg\u00e3o de Classe.<\/li>\n\n\n\n<li><strong>Atribui\u00e7\u00f5es<\/strong>: Realizar consultas, exames, diagn\u00f3sticos e inspe\u00e7\u00f5es de sa\u00fade; solicitar exames; prescrever tratamentos; realizar visitas domiciliares ou em depend\u00eancias hospitalares; dentre outras.<\/li>\n<\/ul>\n<\/li>\n<\/ul>\n\n\n\n<ul class=\"wp-block-list\">\n<li><strong>Analista Judici\u00e1rio \u2013 \u00c1rea Apoio Especializado -Especialidade Odontologia<\/strong>\n<ul class=\"wp-block-list\">\n<li><strong>Requisitos<\/strong>: Diploma de Gradua\u00e7\u00e3o em Odontologia, devidamente registrado, reconhecido pelo Minist\u00e9rio da Educa\u00e7\u00e3o, e registro no respectivo \u00d3rg\u00e3o de Classe.<\/li>\n\n\n\n<li><strong>Atribui\u00e7\u00f5es<\/strong>: Realizar consultas, diagn\u00f3sticos, tratamentos e preven\u00e7\u00e3o das afec\u00e7\u00f5es bucais; atuar em campanhas e programas de sa\u00fade bucal; conceder licen\u00e7as para tratamento de sa\u00fade relacionado \u00e0 odontologia; dentre outras.<\/li>\n<\/ul>\n<\/li>\n<\/ul>\n\n\n\n<ul class=\"wp-block-list\">\n<li><strong>Analista Judici\u00e1rio \u2013 \u00c1rea Apoio Especializado \u2013 Tecnologia da Informa\u00e7\u00e3o<\/strong>\n<ul class=\"wp-block-list\">\n<li><strong>Requisitos<\/strong>: Diploma de curso superior em Inform\u00e1tica, ou de qualquer outro curso superior acrescido de curso de p\u00f3s-gradua\u00e7\u00e3o na \u00e1rea de Inform\u00e1tica, devidamente registrados e fornecidos por Institui\u00e7\u00e3o de Ensino Superior reconhecida pelo Minist\u00e9rio da Educa\u00e7\u00e3o.<\/li>\n\n\n\n<li><strong>Atribui\u00e7\u00f5es<\/strong>: Desenvolver projetos e sistemas de inform\u00e1tica; documentar os sistemas; analisar e avaliar diagramas, estruturas e descri\u00e7\u00f5es de entradas e sa\u00eddas de sistemas; sugerir as caracter\u00edsticas e quantitativos de equipamentos necess\u00e1rios \u00e0 utiliza\u00e7\u00e3o dos sistemas; dentre outras.<\/li>\n<\/ul>\n<\/li>\n<\/ul>\n\n\n\n<ul class=\"wp-block-list\">\n<li><strong>Analista Judici\u00e1rio \u2013 \u00c1rea Judici\u00e1ria \u2013 Especialidade Oficial de Justi\u00e7a Aval<a href=\"https:\/\/www.estrategiaconcursos.com.br\/curso\/trt-22-regiao-analista-judiciario-execucao-de-mandados-pacote-completo-2022-pre-edital\/\" target=\"_blank\" rel=\"noreferrer noopener\">iador Federal<\/a><\/strong>\n<ul class=\"wp-block-list\">\n<li><strong>Requisitos<\/strong>: Diploma de Gradua\u00e7\u00e3o em Direito, devidamente registrado, fornecido por Institui\u00e7\u00e3o de Ensino Superior reconhecida pelo Minist\u00e9rio da Educa\u00e7\u00e3o.<\/li>\n\n\n\n<li><strong>Atribui\u00e7\u00f5es<\/strong>: Executar cita\u00e7\u00f5es, notifica\u00e7\u00f5es, intima\u00e7\u00f5es e demais ordens judiciais, certificando no mandado o ocorrido; executar penhoras, avalia\u00e7\u00f5es, arremata\u00e7\u00f5es, pra\u00e7as e hastas p\u00fablicas, remiss\u00f5es, adjudica\u00e7\u00f5es, arrestos, sequestros, buscas e apreens\u00f5es, lavrando no local o respectivo auto circunstanciado; redigir, digitar e conferir expedientes diversos e executar outras atividades de mesma natureza e grau de complexidade.<\/li>\n<\/ul>\n<\/li>\n<\/ul>\n\n\n\n<ul class=\"wp-block-list\">\n<li><a href=\"https:\/\/www.estrategiaconcursos.com.br\/curso\/trt-22-regiao-analista-judiciario-area-judiciaria-pacote-completo-2022-pre-edital\/\" target=\"_blank\" rel=\"noreferrer noopener\"><strong>Analista Judici\u00e1rio \u2013 \u00c1rea Judici\u00e1ria<\/strong><\/a>\n<ul class=\"wp-block-list\">\n<li><strong>Requisitos<\/strong>: Diploma de Gradua\u00e7\u00e3o em Direito, devidamente registrado, fornecido por Institui\u00e7\u00e3o de Ensino Superior reconhecida pelo Minist\u00e9rio da Educa\u00e7\u00e3o.<\/li>\n\n\n\n<li><strong>Atribui\u00e7\u00f5es<\/strong>: Analisar peti\u00e7\u00f5es e processos, confeccionar minutas de votos, emitir informa\u00e7\u00f5es e pareceres; proceder a estudos e pesquisas na legisla\u00e7\u00e3o, na jurisprud\u00eancia e na doutrina pertinente para fundamentar a an\u00e1lise de processo e emiss\u00e3o de parecer; dentre outras.<\/li>\n<\/ul>\n<\/li>\n<\/ul>\n\n\n\n<h3 class=\"wp-block-heading\" id=\"nivel-medio\">N\u00edvel m\u00e9dio<\/h3>\n\n\n\n<ul class=\"wp-block-list\">\n<li><a href=\"https:\/\/www.estrategiaconcursos.com.br\/curso\/trt-22-regiao-tecnico-judiciario-area-administrativa-pacote-completo-2022-pre-edital\/\" target=\"_blank\" rel=\"noreferrer noopener\"><strong>T\u00e9cnico Judici\u00e1rio \u2013 \u00c1rea Administrativa<\/strong><\/a>\n<ul class=\"wp-block-list\">\n<li><strong>Requisitos<\/strong>: Certificado de conclus\u00e3o de curso de Ensino M\u00e9dio, devidamente registrado, expedido por Institui\u00e7\u00e3o de Ensino reconhecida pelo Minist\u00e9rio da Educa\u00e7\u00e3o.<\/li>\n\n\n\n<li><strong>Atribui\u00e7\u00f5es<\/strong>: Prestar apoio t\u00e9cnico e administrativo pertinente \u00e0s atribui\u00e7\u00f5es das unidades organizacionais; executar tarefas de apoio \u00e0 atividade judici\u00e1ria; arquivar documentos; dentre outras.<\/li>\n<\/ul>\n<\/li>\n<\/ul>\n\n\n\n<ul class=\"wp-block-list\">\n<li><strong>T\u00e9cnico Judici\u00e1rio \u2013 \u00c1rea Apoio Especializado \u2013 Especialidade Tecnologia da Informa\u00e7\u00e3o<\/strong>\n<ul class=\"wp-block-list\">\n<li><strong>Requisitos<\/strong>: Certificado de conclus\u00e3o de curso de Ensino M\u00e9dio, acrescido de curso de Programa\u00e7\u00e3o com, no m\u00ednimo, 120 (cento e vinte) horas\/aula, ou certificado de conclus\u00e3o de Curso T\u00e9cnico na \u00e1rea de Inform\u00e1tica, devidamente registrados e expedidos por Institui\u00e7\u00e3o de Ensino reconhecida pelo Minist\u00e9rio da Educa\u00e7\u00e3o. <\/li>\n\n\n\n<li><strong>Atribui\u00e7\u00f5es<\/strong>: Executar atividades relacionadas ao desenvolvimento, teste, codifica\u00e7\u00e3o, manuten\u00e7\u00e3o e documenta\u00e7\u00e3o de programas e sistemas de inform\u00e1tica; prestar suporte t\u00e9cnico e treinamento a usu\u00e1rios; elaborar p\u00e1ginas para internet e intranet; dentre outras.<\/li>\n<\/ul>\n<\/li>\n<\/ul>\n\n\n\n<h2 class=\"wp-block-heading\" id=\"concurso-trt-pi-etapas-de-provas\">Concurso TRT PI: etapas de provas <\/h2>\n\n\n\n<p>De acordo com o edital TRT PI, as Provas Objetivas foram realizadas na cidade de Teresina (PI) e tiveram aplica\u00e7\u00e3o no dia&nbsp;18 de setembro de 2022, nos seguintes per\u00edodos:<\/p>\n\n\n\n<ul class=\"wp-block-list\">\n<li>no per\u00edodo da <strong>MANH\u00c3<\/strong>: para o cargo de T\u00e9cnico Judici\u00e1rio, todas as \u00c1reas e Especialidades;<\/li>\n\n\n\n<li>no per\u00edodo da <strong>TARDE<\/strong>: para o cargo de Analista Judici\u00e1rio, todas as \u00c1reas e Especialidades.<\/li>\n<\/ul>\n\n\n\n<p>As provas tiveram 3h30 de dura\u00e7\u00e3o. Os candidatos foram avaliados da seguinte forma:<\/p>\n\n\n\n<figure class=\"wp-block-table is-style-stripes\"><table class=\"has-pale-ocean-gradient-background has-background\"><thead><tr><th class=\"has-text-align-center\" data-align=\"center\">Cargo\/\u00c1rea\/Especialidade<\/th><th>Provas Objetivas<\/th><th class=\"has-text-align-center\" data-align=\"center\">N\u00ba de quest\u00f5es<\/th><th class=\"has-text-align-center\" data-align=\"center\">Peso<\/th><th class=\"has-text-align-center\" data-align=\"center\">Car\u00e1ter<\/th><\/tr><\/thead><tbody><tr><td class=\"has-text-align-center\" data-align=\"center\">Analista Judici\u00e1rio \u2013 \u00c1rea Administrativa<\/td><td>\u2013 Conhecimentos Gerais<br \/>\u2013 Conhecimentos Espec\u00edficos<\/td><td class=\"has-text-align-center\" data-align=\"center\">20<br \/>40<\/td><td class=\"has-text-align-center\" data-align=\"center\">1<br \/>3<\/td><td class=\"has-text-align-center\" data-align=\"center\">Habilitat\u00f3rio e Classificat\u00f3rio<\/td><\/tr><tr><td class=\"has-text-align-center\" data-align=\"center\">Analista Judici\u00e1rio \u2013 \u00c1rea Apoio Especializado \u2013 Especialidade Biblioteconomia<\/td><td>\u2013 Conhecimentos Gerais<br \/>\u2013 Conhecimentos Espec\u00edficos<\/td><td class=\"has-text-align-center\" data-align=\"center\">20<br \/>40<\/td><td class=\"has-text-align-center\" data-align=\"center\">1<br \/>3<\/td><td class=\"has-text-align-center\" data-align=\"center\">Habilitat\u00f3rio e Classificat\u00f3rio<\/td><\/tr><tr><td class=\"has-text-align-center\" data-align=\"center\">Analista Judici\u00e1rio \u2013 \u00c1rea Administrativa \u2013 Especialidade Contabilidade<\/td><td>\u2013 Conhecimentos Gerais<br \/>\u2013 Conhecimentos Espec\u00edficos<\/td><td class=\"has-text-align-center\" data-align=\"center\">20<br \/>40<\/td><td class=\"has-text-align-center\" data-align=\"center\">1<br \/>3<\/td><td class=\"has-text-align-center\" data-align=\"center\">Habilitat\u00f3rio e Classificat\u00f3rio<\/td><\/tr><tr><td class=\"has-text-align-center\" data-align=\"center\">Analista Judici\u00e1rio \u2013 \u00c1rea Apoio Especializado \u2013 Especialidade Engenharia<\/td><td>\u2013 Conhecimentos Gerais<br \/>\u2013 Conhecimentos Espec\u00edficos<\/td><td class=\"has-text-align-center\" data-align=\"center\">20<br \/>40<\/td><td class=\"has-text-align-center\" data-align=\"center\">1<br \/>3<\/td><td class=\"has-text-align-center\" data-align=\"center\">Habilitat\u00f3rio e Classificat\u00f3rio<\/td><\/tr><tr><td class=\"has-text-align-center\" data-align=\"center\">Analista Judici\u00e1rio \u2013 \u00c1rea Apoio Especializado -Especialidade Medicina (Cl\u00ednico Geral)<\/td><td>\u2013 Conhecimentos Gerais<br \/>\u2013 Conhecimentos Espec\u00edficos<\/td><td class=\"has-text-align-center\" data-align=\"center\">20<br \/>40<\/td><td class=\"has-text-align-center\" data-align=\"center\">1<br \/>3<\/td><td class=\"has-text-align-center\" data-align=\"center\">Habilitat\u00f3rio e Classificat\u00f3rio<\/td><\/tr><tr><td class=\"has-text-align-center\" data-align=\"center\">Analista Judici\u00e1rio \u2013 \u00c1rea Apoio Especializado \u2013 Especialidade Odontologia<\/td><td>\u2013 Conhecimentos Gerais<br \/>\u2013 Conhecimentos Espec\u00edficos<\/td><td class=\"has-text-align-center\" data-align=\"center\">20<br \/>40<\/td><td class=\"has-text-align-center\" data-align=\"center\">1<br \/>3<\/td><td class=\"has-text-align-center\" data-align=\"center\">Habilitat\u00f3rio e Classificat\u00f3rio<\/td><\/tr><tr><td class=\"has-text-align-center\" data-align=\"center\">Analista Judici\u00e1rio \u2013 \u00c1rea Apoio Especializado \u2013 Tecnologia da Informa\u00e7\u00e3o<\/td><td>\u2013 Conhecimentos Gerais<br \/>\u2013 Conhecimentos Espec\u00edficos<\/td><td class=\"has-text-align-center\" data-align=\"center\">20<br \/>40<\/td><td class=\"has-text-align-center\" data-align=\"center\">1<br \/>3<\/td><td class=\"has-text-align-center\" data-align=\"center\">Habilitat\u00f3rio e Classificat\u00f3rio<\/td><\/tr><tr><td class=\"has-text-align-center\" data-align=\"center\">Analista Judici\u00e1rio \u2013 \u00c1rea Judici\u00e1ria \u2013 Especialidade Oficial de Justi\u00e7a Avaliador Federal<\/td><td>\u2013 Conhecimentos Gerais<br \/>\u2013 Conhecimentos Espec\u00edficos<\/td><td class=\"has-text-align-center\" data-align=\"center\">20<br \/>40<\/td><td class=\"has-text-align-center\" data-align=\"center\">1<br \/>3<\/td><td class=\"has-text-align-center\" data-align=\"center\">Habilitat\u00f3rio e Classificat\u00f3rio<\/td><\/tr><tr><td class=\"has-text-align-center\" data-align=\"center\">Analista Judici\u00e1rio \u2013 \u00c1rea Judici\u00e1ria<\/td><td>\u2013 Conhecimentos Gerais<br \/>\u2013 Conhecimentos Espec\u00edficos<\/td><td class=\"has-text-align-center\" data-align=\"center\">20<br \/>40<\/td><td class=\"has-text-align-center\" data-align=\"center\">1<br \/>3<\/td><td class=\"has-text-align-center\" data-align=\"center\">Habilitat\u00f3rio e Classificat\u00f3rio<\/td><\/tr><tr><td class=\"has-text-align-center\" data-align=\"center\">T\u00e9cnico Judici\u00e1rio \u2013 \u00c1rea Administrativa<\/td><td>\u2013 Conhecimentos Gerais<br \/>\u2013 Conhecimentos Espec\u00edficos<\/td><td class=\"has-text-align-center\" data-align=\"center\">20<br \/>40<\/td><td class=\"has-text-align-center\" data-align=\"center\">1<br \/>3<\/td><td class=\"has-text-align-center\" data-align=\"center\">Habilitat\u00f3rio e Classificat\u00f3rio<\/td><\/tr><tr><td class=\"has-text-align-center\" data-align=\"center\">T\u00e9cnico Judici\u00e1rio \u2013 \u00c1rea Apoio Especializado \u2013 Especialidade Tecnologia da Informa\u00e7\u00e3o<\/td><td>\u2013 Conhecimentos Gerais<br \/>\u2013 Conhecimentos Espec\u00edficos<\/td><td class=\"has-text-align-center\" data-align=\"center\">20<br \/>40<\/td><td class=\"has-text-align-center\" data-align=\"center\">1<br \/>3<\/td><td class=\"has-text-align-center\" data-align=\"center\">Habilitat\u00f3rio e Classificat\u00f3rio<\/td><\/tr><\/tbody><\/table><figcaption class=\"wp-element-caption\">Detalhes da prova objetiva<\/figcaption><\/figure>\n\n\n\n<h2 class=\"wp-block-heading\" id=\"objetiva\">Concurso TRT PI: conte\u00fado da prova objetiva<\/h2>\n\n\n\n<p>As Provas Objetivas constaram de quest\u00f5es objetivas de m\u00faltipla escolha (com cinco alternativas cada).<\/p>\n\n\n\n<p>As quest\u00f5es se dividiram da seguinte forma:<\/p>\n\n\n\n<ul class=\"wp-block-list\">\n<li><strong>Analista Judici\u00e1rio \u2013 \u00c1rea Judici\u00e1ria<\/strong>\n<ul class=\"wp-block-list\">\n<li><strong>Conhecimentos B\u00e1sicos (20 quest\u00f5es)<\/strong>\n<ul class=\"wp-block-list\">\n<li>L\u00edngua Portuguesa<\/li>\n\n\n\n<li>Matem\u00e1tica e Racioc\u00ednio-L\u00f3gico<\/li>\n\n\n\n<li>Legisla\u00e7\u00e3o<\/li>\n<\/ul>\n<\/li>\n\n\n\n<li><strong>Conhecimentos Espec\u00edficos (40 quest\u00f5es)<\/strong>\n<ul class=\"wp-block-list\">\n<li>Direito Constitucional<\/li>\n\n\n\n<li>Direito Tribut\u00e1rio<\/li>\n\n\n\n<li>Direito Administrativo<\/li>\n\n\n\n<li>Direito do Trabalho<\/li>\n\n\n\n<li>Direito Processual do Trabalho<\/li>\n\n\n\n<li>Direito Civil<\/li>\n\n\n\n<li>Direito Processual Civil<\/li>\n<\/ul>\n<\/li>\n<\/ul>\n<\/li>\n\n\n\n<li><strong>Analista Judici\u00e1rio \u2013 \u00c1rea Judici\u00e1ria \u2013 Especialidade Oficial de Justi\u00e7a Avaliador Federal<\/strong>\n<ul class=\"wp-block-list\">\n<li><strong>Conhecimentos B\u00e1sicos (20 quest\u00f5es)<\/strong>\n<ul class=\"wp-block-list\">\n<li>L\u00edngua Portuguesa<\/li>\n\n\n\n<li>Matem\u00e1tica e Racioc\u00ednio-L\u00f3gico Legisla\u00e7\u00e3o<\/li>\n<\/ul>\n<\/li>\n\n\n\n<li><strong>Conhecimentos Espec\u00edficos (40 quest\u00f5es)<\/strong>\n<ul class=\"wp-block-list\">\n<li>Direito Constitucional<\/li>\n\n\n\n<li>Direito Administrativo<\/li>\n\n\n\n<li>Direito do Trabalho<\/li>\n\n\n\n<li>Direito Processual do Trabalho<\/li>\n\n\n\n<li>Direito Civil<\/li>\n\n\n\n<li>Direito Processual Civil<\/li>\n<\/ul>\n<\/li>\n<\/ul>\n<\/li>\n\n\n\n<li><strong>Analista Judici\u00e1rio \u2013 \u00c1rea Administrativa<\/strong>\n<ul class=\"wp-block-list\">\n<li><strong>Conhecimentos B\u00e1sicos (20 quest\u00f5es)<\/strong>\n<ul class=\"wp-block-list\">\n<li>L\u00edngua Portuguesa<\/li>\n\n\n\n<li>Matem\u00e1tica e Racioc\u00ednio-L\u00f3gico<\/li>\n\n\n\n<li>Legisla\u00e7\u00e3o<\/li>\n<\/ul>\n<\/li>\n\n\n\n<li><strong>Conhecimentos Espec\u00edficos (40 quest\u00f5es)<\/strong><ul><li>No\u00e7\u00f5es de Direito do Trabalho<\/li><\/ul>\n<ul class=\"wp-block-list\">\n<li>No\u00e7\u00f5es de Direito Processual do Trabalho<\/li>\n\n\n\n<li>No\u00e7\u00f5es de Direito Administrativo&nbsp;<\/li>\n\n\n\n<li>No\u00e7\u00f5es de Administra\u00e7\u00e3o P\u00fablica<\/li>\n\n\n\n<li>No\u00e7\u00f5es de Direito Constitucional<\/li>\n\n\n\n<li>No\u00e7\u00f5es de Or\u00e7amento P\u00fablico<\/li>\n\n\n\n<li>No\u00e7\u00f5es de Gest\u00e3o de Pessoas<\/li>\n<\/ul>\n<\/li>\n<\/ul>\n<\/li>\n\n\n\n<li><strong>Analista Judici\u00e1rio \u2013 \u00c1rea Administrativa \u2013 Especialidade Contabilidade<\/strong>\n<ul class=\"wp-block-list\">\n<li><strong>Conhecimentos B\u00e1sicos (20 quest\u00f5es)<\/strong>\n<ul class=\"wp-block-list\">\n<li>L\u00edngua Portuguesa<\/li>\n\n\n\n<li>Matem\u00e1tica e Racioc\u00ednio-L\u00f3gico<\/li>\n\n\n\n<li>Legisla\u00e7\u00e3o<\/li>\n<\/ul>\n<\/li>\n\n\n\n<li><strong>Conhecimentos Espec\u00edficos (40 quest\u00f5es)<\/strong><ul><li>No\u00e7\u00f5es de Direito Administrativo e de Administra\u00e7\u00e3o P\u00fablica<\/li><\/ul>\n<ul class=\"wp-block-list\">\n<li>Or\u00e7amento P\u00fablico<\/li>\n\n\n\n<li>Contabilidade Aplicada ao Setor P\u00fablico<\/li>\n\n\n\n<li>Administra\u00e7\u00e3o Financeira e Or\u00e7ament\u00e1ria<\/li>\n\n\n\n<li>Contabilidade Geral<\/li>\n<\/ul>\n<\/li>\n<\/ul>\n<\/li>\n\n\n\n<li><strong>Analista Judici\u00e1rio \u2013 \u00c1rea Apoio Especializado \u2013 Especialidade Biblioteconomia<\/strong>\n<ul class=\"wp-block-list\">\n<li><strong>Conhecimentos B\u00e1sicos (20 quest\u00f5es)<\/strong>\n<ul class=\"wp-block-list\">\n<li>L\u00edngua Portuguesa<\/li>\n\n\n\n<li>Matem\u00e1tica e Racioc\u00ednio-L\u00f3gico<\/li>\n\n\n\n<li>Legisla\u00e7\u00e3o<\/li>\n<\/ul>\n<\/li>\n\n\n\n<li><strong>Conhecimentos Espec\u00edficos (40 quest\u00f5es)<\/strong><\/li>\n<\/ul>\n<\/li>\n\n\n\n<li><strong>Analista Judici\u00e1rio \u2013 \u00c1rea Apoio Especializado \u2013 Especialidade Engenharia<\/strong>\n<ul class=\"wp-block-list\">\n<li><strong>Conhecimentos B\u00e1sicos (20 quest\u00f5es)<\/strong>\n<ul class=\"wp-block-list\">\n<li>L\u00edngua Portuguesa<\/li>\n\n\n\n<li>Matem\u00e1tica e Racioc\u00ednio-L\u00f3gico<\/li>\n\n\n\n<li>Legisla\u00e7\u00e3o<\/li>\n<\/ul>\n<\/li>\n\n\n\n<li><strong>Conhecimentos Espec\u00edficos (40 quest\u00f5es)<\/strong><\/li>\n<\/ul>\n<\/li>\n\n\n\n<li><strong>Analista Judici\u00e1rio \u2013 \u00c1rea Apoio Especializado \u2013 Especialidade Tecnologia da Informa\u00e7\u00e3o<\/strong>\n<ul class=\"wp-block-list\">\n<li><strong>Conhecimentos B\u00e1sicos (20 quest\u00f5es)<\/strong>\n<ul class=\"wp-block-list\">\n<li>L\u00edngua Portuguesa<\/li>\n\n\n\n<li>Matem\u00e1tica e Racioc\u00ednio-L\u00f3gico<\/li>\n\n\n\n<li>Legisla\u00e7\u00e3o<\/li>\n<\/ul>\n<\/li>\n\n\n\n<li><strong>Conhecimentos Espec\u00edficos (40 quest\u00f5es)<\/strong><\/li>\n<\/ul>\n<\/li>\n\n\n\n<li><strong>Analista Judici\u00e1rio \u2013 \u00c1rea Apoio Especializado \u2013 Especialidade Medicina<\/strong>\n<ul class=\"wp-block-list\">\n<li><strong>Conhecimentos B\u00e1sicos (20 quest\u00f5es)<\/strong>\n<ul class=\"wp-block-list\">\n<li>L\u00edngua Portuguesa<\/li>\n\n\n\n<li>Matem\u00e1tica e Racioc\u00ednio-L\u00f3gico<\/li>\n\n\n\n<li>Legisla\u00e7\u00e3o<\/li>\n<\/ul>\n<\/li>\n\n\n\n<li><strong>Conhecimentos Espec\u00edficos (40 quest\u00f5es)<\/strong><\/li>\n<\/ul>\n<\/li>\n\n\n\n<li><strong>Analista Judici\u00e1rio \u2013 \u00c1rea Apoio Especializado \u2013 Especialidade Odontologia<\/strong>\n<ul class=\"wp-block-list\">\n<li><strong>Conhecimentos B\u00e1sicos (20 quest\u00f5es)<\/strong>\n<ul class=\"wp-block-list\">\n<li>L\u00edngua Portuguesa<\/li>\n\n\n\n<li>Matem\u00e1tica e Racioc\u00ednio-L\u00f3gico<\/li>\n\n\n\n<li>Legisla\u00e7\u00e3o<\/li>\n<\/ul>\n<\/li>\n\n\n\n<li><strong>Conhecimentos Espec\u00edficos (40 quest\u00f5es)<\/strong><\/li>\n<\/ul>\n<\/li>\n\n\n\n<li><strong>T\u00e9cnico Judici\u00e1rio \u2013 \u00c1rea Administrativa<\/strong>\n<ul class=\"wp-block-list\">\n<li><strong>Conhecimentos B\u00e1sicos (20 quest\u00f5es)<\/strong>\n<ul class=\"wp-block-list\">\n<li>L\u00edngua Portuguesa<\/li>\n\n\n\n<li>Matem\u00e1tica e Racioc\u00ednio-L\u00f3gico<\/li>\n\n\n\n<li>Legisla\u00e7\u00e3o<\/li>\n<\/ul>\n<\/li>\n\n\n\n<li><strong>Conhecimentos Espec\u00edficos (40 quest\u00f5es)<\/strong>\n<ul class=\"wp-block-list\">\n<li>No\u00e7\u00f5es de Direito Constitucional<\/li>\n\n\n\n<li>No\u00e7\u00f5es de Direito Administrativo<\/li>\n\n\n\n<li>No\u00e7\u00f5es de Administra\u00e7\u00e3o Geral e P\u00fablica<\/li>\n\n\n\n<li>No\u00e7\u00f5es de Direito do Trabalho<\/li>\n\n\n\n<li>No\u00e7\u00f5es de Direito Processual do Trabalho<\/li>\n<\/ul>\n<\/li>\n<\/ul>\n<\/li>\n\n\n\n<li><strong>T\u00e9cnico Judici\u00e1rio \u2013 \u00c1rea Apoio Especializado \u2013 Especialidade Tecnologia da Informa\u00e7\u00e3o<\/strong>\n<ul class=\"wp-block-list\">\n<li><strong>Conhecimentos B\u00e1sicos (20 quest\u00f5es)<\/strong>\n<ul class=\"wp-block-list\">\n<li>L\u00edngua Portuguesa<\/li>\n\n\n\n<li>Matem\u00e1tica e Racioc\u00ednio-L\u00f3gico<\/li>\n\n\n\n<li>Legisla\u00e7\u00e3o<\/li>\n<\/ul>\n<\/li>\n\n\n\n<li><strong>Conhecimentos Espec\u00edficos (40 quest\u00f5es)<\/strong><\/li>\n<\/ul>\n<\/li>\n<\/ul>\n\n\n\n<h3 class=\"wp-block-heading\">Homologa\u00e7\u00e3o <\/h3>\n\n\n\n<p>Consta no Di\u00e1rio Oficial da Uni\u00e3o do dia 05 de dezembro a resolu\u00e7\u00e3o administrativa referente ao <strong>concurso TRT PI<\/strong>. <\/p>\n\n\n\n<p>De acordo com o documento, foi homologado o resultado final do concurso p\u00fablico para servidores do&nbsp;<a href=\"https:\/\/www.estrategiaconcursos.com.br\/blog\/concurso-trt-22\" target=\"_blank\" rel=\"noreferrer noopener\">Tribunal Regional do Trabalho da 22\u00aa Regi\u00e3o<\/a>. Confira:<\/p>\n\n\n\n<figure class=\"wp-block-image size-full\"><img loading=\"lazy\" decoding=\"async\" width=\"981\" height=\"860\" src=\"https:\/\/dhg1h5j42swfq.cloudfront.net\/2022\/12\/05070028\/trt22.jpg\" alt=\"Resultado do concurso foi homologado\" class=\"wp-image-1134228\" srcset=\"https:\/\/dhg1h5j42swfq.cloudfront.net\/2022\/12\/05070028\/trt22.jpg 981w, https:\/\/dhg1h5j42swfq.cloudfront.net\/2022\/12\/05070028\/trt22-300x263.jpg 300w, https:\/\/dhg1h5j42swfq.cloudfront.net\/2022\/12\/05070028\/trt22-768x673.jpg 768w, https:\/\/dhg1h5j42swfq.cloudfront.net\/2022\/12\/05070028\/trt22-610x535.jpg 610w, https:\/\/dhg1h5j42swfq.cloudfront.net\/2022\/12\/05070028\/trt22-150x131.jpg 150w\" sizes=\"auto, (max-width: 981px) 100vw, 981px\" \/><figcaption class=\"wp-element-caption\">Concurso TRT PI: resultado homologado<\/figcaption><\/figure>\n\n\n\n<h3 class=\"wp-block-heading\" id=\"resultado-final\">Resultado final<\/h3>\n\n\n\n<p>O <a href=\"https:\/\/dhg1h5j42swfq.cloudfront.net\/2022\/12\/01164400\/resultado_final_desempate_trt22.pdf\">resultado final<\/a> do concurso TRT PI para servidores foi publicado no dia de dezembro de 2022 no site da banca FCC. <\/p>\n\n\n\n<h3 class=\"wp-block-heading\" id=\"h-resultado-prova-objetiva\">Resultado prova objetiva<\/h3>\n\n\n\n<p>Foi divulgado no <a href=\"https:\/\/dhg1h5j42swfq.cloudfront.net\/2022\/10\/27064800\/trt-pi.pdf\" target=\"_blank\" rel=\"noreferrer noopener nofollow\">Di\u00e1rio Oficial da Uni\u00e3o<\/a> do dia 27 de outubro que os resultados das provas objetivas seriam disponibilizados no site da banca &#8211; FCC. <\/p>\n\n\n\n<h3 class=\"wp-block-heading\" id=\"demanda\">Demanda por cargo<\/h3>\n\n\n\n<p>No dia 30 de agosto a banca FCC divulgou o n\u00famero de candidatos inscritos em cada um dos cargos do edital do concurso TRT PI, confira detalhes na imagem abaixo:<\/p>\n\n\n\n<figure class=\"wp-block-image aligncenter size-large is-resized\"><img loading=\"lazy\" decoding=\"async\" width=\"1024\" height=\"345\" src=\"https:\/\/dhg1h5j42swfq.cloudfront.net\/2022\/08\/30143641\/captura-de-tela-2022-08-30-as-14-35-46-1024x345.png\" alt=\"Demanda de inscritos do \u00faltimo edital\" class=\"wp-image-1086288\" srcset=\"https:\/\/dhg1h5j42swfq.cloudfront.net\/2022\/08\/30143641\/captura-de-tela-2022-08-30-as-14-35-46-1024x345.png 1024w, https:\/\/dhg1h5j42swfq.cloudfront.net\/2022\/08\/30143641\/captura-de-tela-2022-08-30-as-14-35-46-300x101.png 300w, https:\/\/dhg1h5j42swfq.cloudfront.net\/2022\/08\/30143641\/captura-de-tela-2022-08-30-as-14-35-46-768x259.png 768w, https:\/\/dhg1h5j42swfq.cloudfront.net\/2022\/08\/30143641\/captura-de-tela-2022-08-30-as-14-35-46-1536x518.png 1536w, https:\/\/dhg1h5j42swfq.cloudfront.net\/2022\/08\/30143641\/captura-de-tela-2022-08-30-as-14-35-46-2048x691.png 2048w, https:\/\/dhg1h5j42swfq.cloudfront.net\/2022\/08\/30143641\/captura-de-tela-2022-08-30-as-14-35-46-610x206.png 610w, https:\/\/dhg1h5j42swfq.cloudfront.net\/2022\/08\/30143641\/captura-de-tela-2022-08-30-as-14-35-46-150x51.png 150w\" sizes=\"auto, (max-width: 1024px) 100vw, 1024px\" \/><figcaption class=\"wp-element-caption\">Concurso TRT PI: n\u00famero de inscritos<\/figcaption><\/figure>\n\n\n\n<h2 class=\"wp-block-heading\" id=\"concurso-trt-22-edital-estrategico\">Concurso TRT 22: Edital Estrat\u00e9gico<\/h2>\n\n\n\n<p id=\"concurso-trt-22-edital-estrategico\">Para te ajudar no registro das diferentes tarefas de estudos: teoria, revis\u00e3o e exerc\u00edcios, confira o Edital Estrat\u00e9gico do concurso TRT 22:<\/p>\n\n\n\n<ul class=\"wp-block-list\">\n<li><a href=\"https:\/\/dhg1h5j42swfq.cloudfront.net\/2022\/07\/13094352\/edital-estrategico_trt-pi_analista-judiciario-area-ti.xlsx\" target=\"_blank\" rel=\"noreferrer noopener nofollow\">Analista Judici\u00e1rio &#8211; TI<\/a>;<\/li>\n\n\n\n<li><a href=\"https:\/\/dhg1h5j42swfq.cloudfront.net\/2022\/07\/13094502\/edital-estrategico_trt-pi_analista-judiciario-area-contabilidade-1.xlsx\" target=\"_blank\" rel=\"noreferrer noopener nofollow\">Analista Judici\u00e1rio &#8211; Contabilidade<\/a>;<\/li>\n\n\n\n<li><a href=\"https:\/\/dhg1h5j42swfq.cloudfront.net\/2022\/07\/13095144\/edital-estrategico_trt-pi_analista-judiciario-area-administrativa.xlsx\" target=\"_blank\" rel=\"noreferrer noopener nofollow\">Analista Judici\u00e1rio &#8211; Administrativa<\/a>;<\/li>\n\n\n\n<li><a href=\"https:\/\/dhg1h5j42swfq.cloudfront.net\/2022\/07\/13095450\/edital-estrategico_trt-pi_analista-judiciario-oficial-de-justica.xlsx\" target=\"_blank\" rel=\"noreferrer noopener nofollow\">Analista Judici\u00e1rio &#8211; Oficial de Justi\u00e7a<\/a>;<\/li>\n\n\n\n<li><a href=\"https:\/\/dhg1h5j42swfq.cloudfront.net\/2022\/07\/13095607\/edital-estrategico_trt-pi_analista-judiciario-area-judiciaria-1.xlsx\" target=\"_blank\" rel=\"noreferrer noopener nofollow\">Analista Judici\u00e1rio &#8211; Judici\u00e1ria<\/a>;<\/li>\n\n\n\n<li><a href=\"https:\/\/dhg1h5j42swfq.cloudfront.net\/2022\/07\/13095231\/edital-estrategico_trt-pi_tecnico-judiciario-area-ti.xlsx\" target=\"_blank\" rel=\"noreferrer noopener nofollow\">T\u00e9cnico Judici\u00e1rio &#8211; TI<\/a>;<\/li>\n\n\n\n<li><a href=\"https:\/\/dhg1h5j42swfq.cloudfront.net\/2022\/07\/13095331\/edital-estrategico_trt-pi_tecnico-judiciario-area-administrativa.xlsx\" target=\"_blank\" rel=\"noreferrer noopener nofollow\">T\u00e9cnico Judici\u00e1rio &#8211; Administrativa<\/a>.<\/li>\n<\/ul>\n\n\n\n<h2 class=\"wp-block-heading\" id=\"ultimo-concurso\">\u00daltimo concurso TRT 22<\/h2>\n\n\n\n<p>O \u00faltimo concurso TRT PI aconteceu em <strong>2010<\/strong> sob organiza\u00e7\u00e3o da FCC. Na ocasi\u00e3o foram ofertadas <strong>nove vagas imediatas mais cadastro de reserva<\/strong> para os cargos de <strong>Analista Judici\u00e1rio e T\u00e9cnico Judici\u00e1rio<\/strong>.<\/p>\n\n\n\n<p>Com o fim da validade, o certame foi prorrogado por mais dois anos, ficando vigente at\u00e9 2015.<\/p>\n\n\n\n<p>Apesar de ofertar poucas vagas, foram <strong>nomeados 121 candidatos<\/strong>, conforme \u00e9 poss\u00edvel ver mais abaixo no t\u00f3pico Nomea\u00e7\u00f5es.<\/p>\n\n\n\n<h4 class=\"wp-block-heading\" id=\"analista-judiciario\">Analista Judici\u00e1rio<\/h4>\n\n\n\n<ul class=\"wp-block-list\">\n<li>01 + CR: \u00c1rea Judici\u00e1ria <\/li>\n\n\n\n<li>01 + CR: Especialidade Execu\u00e7\u00e3o de Mandados <\/li>\n\n\n\n<li>CR: \u00c1rea Administrativa <\/li>\n\n\n\n<li>01 + CR: Especialidade Tecnologia da Informa\u00e7\u00e3o <\/li>\n<\/ul>\n\n\n\n<h4 class=\"wp-block-heading\" id=\"tecnico-judiciario\">T\u00e9cnico Judici\u00e1rio <\/h4>\n\n\n\n<ul class=\"wp-block-list\">\n<li>04 + CR: \u00c1rea Administrativa  <\/li>\n\n\n\n<li>02 + CR: Especialidade Tecnologia da Informa\u00e7\u00e3o <\/li>\n<\/ul>\n\n\n\n<h3 class=\"wp-block-heading\" id=\"etapas\">Etapas de provas<\/h3>\n\n\n\n<p>Todos os candidatos realizaram uma <strong>prova objetiva<\/strong> com <strong>60 quest\u00f5es<\/strong> de m\u00faltipla escolha sobre conhecimentos b\u00e1sicos e espec\u00edficos. Os candidatos aos cargos de Analista tamb\u00e9m realizaram uma <strong>prova discursiva<\/strong> (reda\u00e7\u00e3o). Ambas as etapas foram de car\u00e1ter eliminat\u00f3rio e classificat\u00f3rio.<\/p>\n\n\n\n<h4 class=\"wp-block-heading\" id=\"analista-judiciario\">Analista Judici\u00e1rio<\/h4>\n\n\n\n<ul class=\"wp-block-list\">\n<li><em>(P1) <\/em>Prova Objetiva &#8211; Conhecimentos Gerais (20 quest\u00f5es, peso 1)<\/li>\n\n\n\n<li><em>(P2) <\/em>Prova Objetiva &#8211; Conhecimentos Espec\u00edficos (40 quest\u00f5es, peso 3) <\/li>\n\n\n\n<li><em>(P3) <\/em>Discursiva &#8211; Reda\u00e7\u00e3o (somente para Analista)<\/li>\n<\/ul>\n\n\n\n<h4 class=\"wp-block-heading\" id=\"tecnico-judiciario\">T\u00e9cnico Judici\u00e1rio <\/h4>\n\n\n\n<ul class=\"wp-block-list\">\n<li><em>(P1) <\/em>Prova Objetiva &#8211; Conhecimentos Gerais (20 quest\u00f5es, peso 1)<\/li>\n\n\n\n<li><em>(P2) <\/em>Prova Objetiva &#8211; Conhecimentos Espec\u00edficos (40 quest\u00f5es, peso 2) <\/li>\n<\/ul>\n\n\n\n<h3 class=\"wp-block-heading\" id=\"conhecimentos-gerais\">Conhecimentos Gerais <\/h3>\n\n\n\n<p>Apesar da possibilidade de varia\u00e7\u00e3o quanto \u00e0 abordagem e profundidade dos temas, as disciplinas exigidas a t\u00edtulo de conhecimentos gerais foram as mesmas para todos os cargos e especialidades, quais sejam: <\/p>\n\n\n\n<ul class=\"wp-block-list\">\n<li>L\u00edngua Portuguesa; <\/li>\n\n\n\n<li>Matem\u00e1tica e Racioc\u00ednio L\u00f3gico-matem\u00e1tico; <\/li>\n\n\n\n<li>No\u00e7\u00f5es de Direito Constitucional; <\/li>\n\n\n\n<li>No\u00e7\u00f5es de Direito Administrativo.<\/li>\n<\/ul>\n\n\n\n<h3 class=\"wp-block-heading\" id=\"nomeacoes\">Nomea\u00e7\u00f5es<\/h3>\n\n\n\n<p>Entre 2011 e 2015 foram nomeados no total 121 candidatos. Desses, somente 43 entraram em exerc\u00edcio no \u00f3rg\u00e3o. Os demais perderam o prazo para nomea\u00e7\u00e3o, desistiram da vaga ou at\u00e9 mesmo tomaram posse, mas pediram vac\u00e2ncia.<\/p>\n\n\n\n<figure class=\"wp-block-table is-style-stripes\"><table class=\"has-pale-ocean-gradient-background has-background has-fixed-layout\"><tbody><tr><td class=\"has-text-align-center\" data-align=\"center\"><strong>Cargo\/especialidade<\/strong><\/td><td class=\"has-text-align-center\" data-align=\"center\"><strong>Nomeados<\/strong><\/td><td class=\"has-text-align-center\" data-align=\"center\"><strong>Em exerc\u00edcio<\/strong><\/td><td class=\"has-text-align-center\" data-align=\"center\"><strong>Desist\u00eancia ou perda do prazo<\/strong><\/td><\/tr><tr><td class=\"has-text-align-center\" data-align=\"center\">Analista &#8211; \u00c1rea Judici\u00e1ria  <\/td><td class=\"has-text-align-center\" data-align=\"center\">5<\/td><td class=\"has-text-align-center\" data-align=\"center\">3<\/td><td class=\"has-text-align-center\" data-align=\"center\">2<\/td><\/tr><tr><td class=\"has-text-align-center\" data-align=\"center\">Analista &#8211; Execu\u00e7\u00e3o de Mandados  <\/td><td class=\"has-text-align-center\" data-align=\"center\">19<\/td><td class=\"has-text-align-center\" data-align=\"center\">3<\/td><td class=\"has-text-align-center\" data-align=\"center\">16<\/td><\/tr><tr><td class=\"has-text-align-center\" data-align=\"center\">Analista &#8211; \u00c1rea Administrativa  <\/td><td class=\"has-text-align-center\" data-align=\"center\">5<\/td><td class=\"has-text-align-center\" data-align=\"center\">3<\/td><td class=\"has-text-align-center\" data-align=\"center\">2<\/td><\/tr><tr><td class=\"has-text-align-center\" data-align=\"center\">Analista &#8211; Especialidade T.I.<\/td><td class=\"has-text-align-center\" data-align=\"center\">20<\/td><td class=\"has-text-align-center\" data-align=\"center\">14<\/td><td class=\"has-text-align-center\" data-align=\"center\">6<\/td><\/tr><tr><td class=\"has-text-align-center\" data-align=\"center\">T\u00e9cnico &#8211; \u00c1rea Administrativa   <\/td><td class=\"has-text-align-center\" data-align=\"center\">53<\/td><td class=\"has-text-align-center\" data-align=\"center\">17<\/td><td class=\"has-text-align-center\" data-align=\"center\">36<\/td><\/tr><tr><td class=\"has-text-align-center\" data-align=\"center\">T\u00e9cnico &#8211; Especialidade T.I.<\/td><td class=\"has-text-align-center\" data-align=\"center\">19<\/td><td class=\"has-text-align-center\" data-align=\"center\">3<\/td><td class=\"has-text-align-center\" data-align=\"center\">16<\/td><\/tr><tr><td class=\"has-text-align-center\" data-align=\"center\"><strong>Total<\/strong><\/td><td class=\"has-text-align-center\" data-align=\"center\"><strong>121<\/strong><\/td><td class=\"has-text-align-center\" data-align=\"center\">43<\/td><td class=\"has-text-align-center\" data-align=\"center\">78<\/td><\/tr><\/tbody><\/table><figcaption class=\"wp-element-caption\">Quantitativo de nomeados por cargo<\/figcaption><\/figure>\n\n\n\n<h2 class=\"wp-block-heading has-text-align-center\" id=\"cursos-e-assinaturas-trt-pi\">Quer saber tudo sobre concursos previstos?<br \/>Confira nossos artigos!<\/h2>\n\n\n\n<ul class=\"wp-block-list\">\n<li><a href=\"https:\/\/www.estrategiaconcursos.com.br\/blog\/concursos-abertos\/\" target=\"_blank\" rel=\"noreferrer noopener\">Concursos abertos<\/a><\/li>\n\n\n\n<li><a href=\"https:\/\/www.estrategiaconcursos.com.br\/blog\/concursos-tribunais\/\">Concursos tribunais<\/a><\/li>\n\n\n\n<li><a href=\"https:\/\/www.estrategiaconcursos.com.br\/blog\/concursos-trt\/\">Concursos TRT<\/a><\/li>\n\n\n\n<li><a href=\"https:\/\/www.estrategiaconcursos.com.br\/blog\/concursos-2026\/\">Concursos 2026<\/a><br \/><\/li>\n<\/ul>\n\n\n\n<div class=\"container\" id=\"boxes\">\n  <div class=\"row\">\n\n    <div class=\"col-sm\">\n      <div class=\"banner-estrategia\" id=\"box-assinatura\">\n        <h3 class=\"titulo-assinatura\">Concurso TRT 22<\/h3>\n        <p class=\"subtitulo-assinatura\">Estude conosco<\/p>\n        <div class=\"box-botao\">\n          <a class=\"btn-assinatura\" target=\"_blank\" href=\"https:\/\/www.estrategiaconcursos.com.br\/cursosPorConcurso\/tribunal-regional-do-trabalho-da-22-regiao-trt-pi\/\" role=\"button\" rel=\"noopener noreferrer\">Conhe\u00e7a os cursos<\/a>\n        <\/div>\n      <\/div>\n     \n    <\/div>\n\n  <\/div>\n<\/div>\n\n\n\n<div class=\"container\" id=\"boxes\">\n  <div class=\"row\">\n\n    <div class=\"col-sm\">\n      <div class=\"estrategia\" id=\"box-assinatura\">\n        <h3 class=\"titulo-assinatura\">Assinatura de Concursos<\/h3>\n        <p class=\"subtitulo-assinatura\">Assinatura de 1 ano ou 2 anos<\/p>\n        <div class=\"box-botao\">\n          <a class=\"btn-assinatura\" target=\"_blank\" href=\"https:\/\/www.estrategiaconcursos.com.br\/assinaturas\/\" role=\"button\" rel=\"noopener noreferrer\">ASSINE AGORA<\/a>\n        <\/div>\n      <\/div>\n     \n    <\/div><\/div><\/div>\n\n\n\n<figure class=\"wp-block-image size-full is-resized\"><img loading=\"lazy\" decoding=\"async\" width=\"1024\" height=\"632\" src=\"https:\/\/dhg1h5j42swfq.cloudfront.net\/2020\/03\/31100754\/ficha-tecnica-1-1024x632-1.png\" alt=\"Concurso TRT PI \" class=\"wp-image-755761\" style=\"width:173px;height:106px\" srcset=\"https:\/\/dhg1h5j42swfq.cloudfront.net\/2020\/03\/31100754\/ficha-tecnica-1-1024x632-1.png 1024w, https:\/\/dhg1h5j42swfq.cloudfront.net\/2020\/03\/31100754\/ficha-tecnica-1-1024x632-1-300x185.png 300w, https:\/\/dhg1h5j42swfq.cloudfront.net\/2020\/03\/31100754\/ficha-tecnica-1-1024x632-1-768x474.png 768w, https:\/\/dhg1h5j42swfq.cloudfront.net\/2020\/03\/31100754\/ficha-tecnica-1-1024x632-1-610x376.png 610w\" sizes=\"auto, (max-width: 1024px) 100vw, 1024px\" \/><\/figure>\n\n\n\n<h4 class=\"wp-block-heading\" id=\"ficha-tecnica-concurso-trt-mt\"><strong>Concurso TRT PI (22\u00aa Regi\u00e3o)<\/strong><\/h4>\n\n\n\n<p>\u25ba<strong>Data da prova:&nbsp;<\/strong><s>18 de setembro<\/s><strong><br \/>\u25baVagas:&nbsp;<\/strong>43 + CR<strong><br \/>\u25baCargos:&nbsp;<\/strong>Analista e T\u00e9cnico Judici\u00e1rio<strong><br \/>\u25baBanca:&nbsp;<\/strong>FCC<strong><br \/>\u25baEscolaridade:<\/strong>&nbsp;m\u00e9dio e superior<strong><br \/>\u25baEdital<\/strong>: <a href=\"https:\/\/dhg1h5j42swfq.cloudfront.net\/2022\/07\/12044244\/2022_07_12_assinado_do3-192-202.pdf\">TRT PI 2022<\/a><\/p>\n","protected":false},"excerpt":{"rendered":"<p>O Tribunal Regional do Trabalho da 22\u00aa Regi\u00e3o pretende realizar novo concurso p\u00fablico assim que acabar a validade do \u00faltimo certame: 5 de dezembro de 2026. O pr\u00f3ximo edital ofertar\u00e1 vagas para todos os cargos de t\u00e9cnico e analista que fazem parte do quadro de pessoal. E os futuros servidores ter\u00e3o sal\u00e1rio ainda maior. A [&hellip;]<\/p>\n","protected":false},"author":1,"featured_media":1028211,"comment_status":"open","ping_status":"closed","sticky":false,"template":"","format":"standard","meta":{"post_tipo":"news_page","footnotes":""},"categories":[1984],"tags":[],"tax_estado":[219980],"class_list":["post-122088","post","type-post","status-publish","format-standard","has-post-thumbnail","hentry","category-tribunais","tax_estado-pi"],"acf":[],"yoast_head":"<!-- This site is optimized with the Yoast SEO Premium plugin v27.2 (Yoast SEO v27.2) - https:\/\/yoast.com\/product\/yoast-seo-premium-wordpress\/ -->\n<title>Concurso TRT PI: novo edital previsto para todos os cargos!<\/title>\n<meta name=\"description\" content=\"Concurso TRT PI: validade do certame \u00e9 prorrogada por mais dois anos! Edital ofertou 43 vagas + CR para Analista e T\u00e9cnico Judici\u00e1rio.\" \/>\n<meta name=\"robots\" content=\"index, follow, max-snippet:-1, max-image-preview:large, max-video-preview:-1\" \/>\n<link rel=\"canonical\" href=\"https:\/\/www.estrategiaconcursos.com.br\/blog\/concurso-trt-pi\/\" \/>\n<meta property=\"og:locale\" content=\"pt_BR\" \/>\n<meta property=\"og:type\" content=\"article\" \/>\n<meta property=\"og:title\" content=\"Concurso TRT PI: novo edital previsto para todos os cargos!\" \/>\n<meta property=\"og:description\" content=\"Concurso TRT PI: validade do certame \u00e9 prorrogada por mais dois anos! Edital ofertou 43 vagas + CR para Analista e T\u00e9cnico Judici\u00e1rio.\" \/>\n<meta property=\"og:url\" content=\"https:\/\/www.estrategiaconcursos.com.br\/blog\/concurso-trt-pi\/\" \/>\n<meta property=\"og:site_name\" content=\"Estrat\u00e9gia Concursos\" \/>\n<meta property=\"article:author\" content=\"https:\/\/www.facebook.com\/EstrategiaConcursos\" \/>\n<meta property=\"article:published_time\" content=\"2026-03-31T15:11:00+00:00\" \/>\n<meta property=\"article:modified_time\" content=\"2026-04-01T14:26:33+00:00\" \/>\n<meta property=\"og:image\" content=\"https:\/\/dhg1h5j42swfq.cloudfront.net\/2022\/05\/14113055\/trt_22_pi.jpg\" \/>\n\t<meta property=\"og:image:width\" content=\"768\" \/>\n\t<meta property=\"og:image:height\" content=\"432\" \/>\n\t<meta property=\"og:image:type\" content=\"image\/jpeg\" \/>\n<meta name=\"author\" content=\"Coordena\u00e7\u00e3o\" \/>\n<meta name=\"twitter:card\" content=\"summary_large_image\" \/>\n<meta name=\"twitter:creator\" content=\"@EstratConcursos\" \/>\n<meta name=\"twitter:site\" content=\"@EstratConcursos\" \/>\n<meta name=\"twitter:label1\" content=\"Escrito por\" \/>\n\t<meta name=\"twitter:data1\" content=\"Coordena\u00e7\u00e3o\" \/>\n\t<meta name=\"twitter:label2\" content=\"Est. tempo de leitura\" \/>\n\t<meta name=\"twitter:data2\" content=\"14 minutos\" \/>\n<script type=\"application\/ld+json\" class=\"yoast-schema-graph\">{\"@context\":\"https:\/\/schema.org\",\"@graph\":[{\"@type\":\"NewsArticle\",\"@id\":\"https:\/\/www.estrategiaconcursos.com.br\/blog\/concurso-trt-pi\/#article\",\"isPartOf\":{\"@id\":\"https:\/\/www.estrategiaconcursos.com.br\/blog\/concurso-trt-pi\/\"},\"author\":{\"name\":\"Coordena\u00e7\u00e3o\",\"@id\":\"https:\/\/www.estrategiaconcursos.com.br\/blog\/#\/schema\/person\/b4a388c97673c5f483d72185668afa1f\"},\"headline\":\"Concurso TRT PI: novo edital previsto para todos os cargos!\",\"datePublished\":\"2026-03-31T15:11:00+00:00\",\"dateModified\":\"2026-04-01T14:26:33+00:00\",\"mainEntityOfPage\":{\"@id\":\"https:\/\/www.estrategiaconcursos.com.br\/blog\/concurso-trt-pi\/\"},\"wordCount\":3094,\"commentCount\":0,\"publisher\":{\"@id\":\"https:\/\/www.estrategiaconcursos.com.br\/blog\/#organization\"},\"image\":{\"@id\":\"https:\/\/www.estrategiaconcursos.com.br\/blog\/concurso-trt-pi\/#primaryimage\"},\"thumbnailUrl\":\"https:\/\/dhg1h5j42swfq.cloudfront.net\/2022\/05\/14113055\/trt_22_pi.jpg\",\"articleSection\":[\"Tribunais\"],\"inLanguage\":\"pt-BR\",\"potentialAction\":[{\"@type\":\"CommentAction\",\"name\":\"Comment\",\"target\":[\"https:\/\/www.estrategiaconcursos.com.br\/blog\/concurso-trt-pi\/#respond\"]}],\"copyrightYear\":\"2026\",\"copyrightHolder\":{\"@id\":\"https:\/\/www.estrategiaconcursos.com.br\/blog\/#organization\"}},{\"@type\":\"WebPage\",\"@id\":\"https:\/\/www.estrategiaconcursos.com.br\/blog\/concurso-trt-pi\/\",\"url\":\"https:\/\/www.estrategiaconcursos.com.br\/blog\/concurso-trt-pi\/\",\"name\":\"Concurso TRT PI: novo edital previsto para todos os cargos!\",\"isPartOf\":{\"@id\":\"https:\/\/www.estrategiaconcursos.com.br\/blog\/#website\"},\"primaryImageOfPage\":{\"@id\":\"https:\/\/www.estrategiaconcursos.com.br\/blog\/concurso-trt-pi\/#primaryimage\"},\"image\":{\"@id\":\"https:\/\/www.estrategiaconcursos.com.br\/blog\/concurso-trt-pi\/#primaryimage\"},\"thumbnailUrl\":\"https:\/\/dhg1h5j42swfq.cloudfront.net\/2022\/05\/14113055\/trt_22_pi.jpg\",\"datePublished\":\"2026-03-31T15:11:00+00:00\",\"dateModified\":\"2026-04-01T14:26:33+00:00\",\"description\":\"Concurso TRT PI: validade do certame \u00e9 prorrogada por mais dois anos! Edital ofertou 43 vagas + CR para Analista e T\u00e9cnico Judici\u00e1rio.\",\"breadcrumb\":{\"@id\":\"https:\/\/www.estrategiaconcursos.com.br\/blog\/concurso-trt-pi\/#breadcrumb\"},\"inLanguage\":\"pt-BR\",\"potentialAction\":[{\"@type\":\"ReadAction\",\"target\":[\"https:\/\/www.estrategiaconcursos.com.br\/blog\/concurso-trt-pi\/\"]}]},{\"@type\":\"ImageObject\",\"inLanguage\":\"pt-BR\",\"@id\":\"https:\/\/www.estrategiaconcursos.com.br\/blog\/concurso-trt-pi\/#primaryimage\",\"url\":\"https:\/\/dhg1h5j42swfq.cloudfront.net\/2022\/05\/14113055\/trt_22_pi.jpg\",\"contentUrl\":\"https:\/\/dhg1h5j42swfq.cloudfront.net\/2022\/05\/14113055\/trt_22_pi.jpg\",\"width\":768,\"height\":432,\"caption\":\"Concurso TRT PI: cargos definidos\"},{\"@type\":\"BreadcrumbList\",\"@id\":\"https:\/\/www.estrategiaconcursos.com.br\/blog\/concurso-trt-pi\/#breadcrumb\",\"itemListElement\":[{\"@type\":\"ListItem\",\"position\":1,\"name\":\"In\u00edcio\",\"item\":\"https:\/\/www.estrategiaconcursos.com.br\/blog\/\"},{\"@type\":\"ListItem\",\"position\":2,\"name\":\"Concurso TRT PI: novo edital previsto para todos os cargos!\"}]},{\"@type\":\"WebSite\",\"@id\":\"https:\/\/www.estrategiaconcursos.com.br\/blog\/#website\",\"url\":\"https:\/\/www.estrategiaconcursos.com.br\/blog\/\",\"name\":\"Estrat\u00e9gia Concursos\",\"description\":\"O blog da Estrat\u00e9gia Concursos traz not\u00edcias sobre concursos e artigos de professores oferecendo cursos para concursos (pdf + videaulas) no site.\",\"publisher\":{\"@id\":\"https:\/\/www.estrategiaconcursos.com.br\/blog\/#organization\"},\"potentialAction\":[{\"@type\":\"SearchAction\",\"target\":{\"@type\":\"EntryPoint\",\"urlTemplate\":\"https:\/\/www.estrategiaconcursos.com.br\/blog\/?s={search_term_string}\"},\"query-input\":{\"@type\":\"PropertyValueSpecification\",\"valueRequired\":true,\"valueName\":\"search_term_string\"}}],\"inLanguage\":\"pt-BR\"},{\"@type\":\"Organization\",\"@id\":\"https:\/\/www.estrategiaconcursos.com.br\/blog\/#organization\",\"name\":\"Estrat\u00e9gia Concursos\",\"url\":\"https:\/\/www.estrategiaconcursos.com.br\/blog\/\",\"logo\":{\"@type\":\"ImageObject\",\"inLanguage\":\"pt-BR\",\"@id\":\"https:\/\/www.estrategiaconcursos.com.br\/blog\/#\/schema\/logo\/image\/\",\"url\":\"https:\/\/dhg1h5j42swfq.cloudfront.net\/2025\/06\/03203428\/logo_concursos-1.jpg\",\"contentUrl\":\"https:\/\/dhg1h5j42swfq.cloudfront.net\/2025\/06\/03203428\/logo_concursos-1.jpg\",\"width\":230,\"height\":60,\"caption\":\"Estrat\u00e9gia Concursos\"},\"image\":{\"@id\":\"https:\/\/www.estrategiaconcursos.com.br\/blog\/#\/schema\/logo\/image\/\"},\"sameAs\":[\"https:\/\/x.com\/EstratConcursos\"]},{\"@type\":\"Person\",\"@id\":\"https:\/\/www.estrategiaconcursos.com.br\/blog\/#\/schema\/person\/b4a388c97673c5f483d72185668afa1f\",\"name\":\"Coordena\u00e7\u00e3o\",\"image\":{\"@type\":\"ImageObject\",\"inLanguage\":\"pt-BR\",\"@id\":\"https:\/\/secure.gravatar.com\/avatar\/b720319e4c9a967eb58678d110f4fe35452fc5d5f97b202bac7b8acceb18c6ad?s=96&d=mm&r=g\",\"url\":\"https:\/\/secure.gravatar.com\/avatar\/b720319e4c9a967eb58678d110f4fe35452fc5d5f97b202bac7b8acceb18c6ad?s=96&d=mm&r=g\",\"contentUrl\":\"https:\/\/secure.gravatar.com\/avatar\/b720319e4c9a967eb58678d110f4fe35452fc5d5f97b202bac7b8acceb18c6ad?s=96&d=mm&r=g\",\"caption\":\"Coordena\u00e7\u00e3o\"},\"sameAs\":[\"https:\/\/www.facebook.com\/EstrategiaConcursos\",\"https:\/\/x.com\/EstratConcursos\"],\"url\":\"https:\/\/www.estrategiaconcursos.com.br\/blog\/author\/estrategia2013\/\"}]}<\/script>\n<!-- \/ Yoast SEO Premium plugin. -->","yoast_head_json":{"title":"Concurso TRT PI: novo edital previsto para todos os cargos!","description":"Concurso TRT PI: validade do certame \u00e9 prorrogada por mais dois anos! Edital ofertou 43 vagas + CR para Analista e T\u00e9cnico Judici\u00e1rio.","robots":{"index":"index","follow":"follow","max-snippet":"max-snippet:-1","max-image-preview":"max-image-preview:large","max-video-preview":"max-video-preview:-1"},"canonical":"https:\/\/www.estrategiaconcursos.com.br\/blog\/concurso-trt-pi\/","og_locale":"pt_BR","og_type":"article","og_title":"Concurso TRT PI: novo edital previsto para todos os cargos!","og_description":"Concurso TRT PI: validade do certame \u00e9 prorrogada por mais dois anos! Edital ofertou 43 vagas + CR para Analista e T\u00e9cnico Judici\u00e1rio.","og_url":"https:\/\/www.estrategiaconcursos.com.br\/blog\/concurso-trt-pi\/","og_site_name":"Estrat\u00e9gia Concursos","article_author":"https:\/\/www.facebook.com\/EstrategiaConcursos","article_published_time":"2026-03-31T15:11:00+00:00","article_modified_time":"2026-04-01T14:26:33+00:00","og_image":[{"width":768,"height":432,"url":"https:\/\/dhg1h5j42swfq.cloudfront.net\/2022\/05\/14113055\/trt_22_pi.jpg","type":"image\/jpeg"}],"author":"Coordena\u00e7\u00e3o","twitter_card":"summary_large_image","twitter_creator":"@EstratConcursos","twitter_site":"@EstratConcursos","twitter_misc":{"Escrito por":"Coordena\u00e7\u00e3o","Est. tempo de leitura":"14 minutos"},"schema":{"@context":"https:\/\/schema.org","@graph":[{"@type":"NewsArticle","@id":"https:\/\/www.estrategiaconcursos.com.br\/blog\/concurso-trt-pi\/#article","isPartOf":{"@id":"https:\/\/www.estrategiaconcursos.com.br\/blog\/concurso-trt-pi\/"},"author":{"name":"Coordena\u00e7\u00e3o","@id":"https:\/\/www.estrategiaconcursos.com.br\/blog\/#\/schema\/person\/b4a388c97673c5f483d72185668afa1f"},"headline":"Concurso TRT PI: novo edital previsto para todos os cargos!","datePublished":"2026-03-31T15:11:00+00:00","dateModified":"2026-04-01T14:26:33+00:00","mainEntityOfPage":{"@id":"https:\/\/www.estrategiaconcursos.com.br\/blog\/concurso-trt-pi\/"},"wordCount":3094,"commentCount":0,"publisher":{"@id":"https:\/\/www.estrategiaconcursos.com.br\/blog\/#organization"},"image":{"@id":"https:\/\/www.estrategiaconcursos.com.br\/blog\/concurso-trt-pi\/#primaryimage"},"thumbnailUrl":"https:\/\/dhg1h5j42swfq.cloudfront.net\/2022\/05\/14113055\/trt_22_pi.jpg","articleSection":["Tribunais"],"inLanguage":"pt-BR","potentialAction":[{"@type":"CommentAction","name":"Comment","target":["https:\/\/www.estrategiaconcursos.com.br\/blog\/concurso-trt-pi\/#respond"]}],"copyrightYear":"2026","copyrightHolder":{"@id":"https:\/\/www.estrategiaconcursos.com.br\/blog\/#organization"}},{"@type":"WebPage","@id":"https:\/\/www.estrategiaconcursos.com.br\/blog\/concurso-trt-pi\/","url":"https:\/\/www.estrategiaconcursos.com.br\/blog\/concurso-trt-pi\/","name":"Concurso TRT PI: novo edital previsto para todos os cargos!","isPartOf":{"@id":"https:\/\/www.estrategiaconcursos.com.br\/blog\/#website"},"primaryImageOfPage":{"@id":"https:\/\/www.estrategiaconcursos.com.br\/blog\/concurso-trt-pi\/#primaryimage"},"image":{"@id":"https:\/\/www.estrategiaconcursos.com.br\/blog\/concurso-trt-pi\/#primaryimage"},"thumbnailUrl":"https:\/\/dhg1h5j42swfq.cloudfront.net\/2022\/05\/14113055\/trt_22_pi.jpg","datePublished":"2026-03-31T15:11:00+00:00","dateModified":"2026-04-01T14:26:33+00:00","description":"Concurso TRT PI: validade do certame \u00e9 prorrogada por mais dois anos! Edital ofertou 43 vagas + CR para Analista e T\u00e9cnico Judici\u00e1rio.","breadcrumb":{"@id":"https:\/\/www.estrategiaconcursos.com.br\/blog\/concurso-trt-pi\/#breadcrumb"},"inLanguage":"pt-BR","potentialAction":[{"@type":"ReadAction","target":["https:\/\/www.estrategiaconcursos.com.br\/blog\/concurso-trt-pi\/"]}]},{"@type":"ImageObject","inLanguage":"pt-BR","@id":"https:\/\/www.estrategiaconcursos.com.br\/blog\/concurso-trt-pi\/#primaryimage","url":"https:\/\/dhg1h5j42swfq.cloudfront.net\/2022\/05\/14113055\/trt_22_pi.jpg","contentUrl":"https:\/\/dhg1h5j42swfq.cloudfront.net\/2022\/05\/14113055\/trt_22_pi.jpg","width":768,"height":432,"caption":"Concurso TRT PI: cargos definidos"},{"@type":"BreadcrumbList","@id":"https:\/\/www.estrategiaconcursos.com.br\/blog\/concurso-trt-pi\/#breadcrumb","itemListElement":[{"@type":"ListItem","position":1,"name":"In\u00edcio","item":"https:\/\/www.estrategiaconcursos.com.br\/blog\/"},{"@type":"ListItem","position":2,"name":"Concurso TRT PI: novo edital previsto para todos os cargos!"}]},{"@type":"WebSite","@id":"https:\/\/www.estrategiaconcursos.com.br\/blog\/#website","url":"https:\/\/www.estrategiaconcursos.com.br\/blog\/","name":"Estrat\u00e9gia Concursos","description":"O blog da Estrat\u00e9gia Concursos traz not\u00edcias sobre concursos e artigos de professores oferecendo cursos para concursos (pdf + videaulas) no site.","publisher":{"@id":"https:\/\/www.estrategiaconcursos.com.br\/blog\/#organization"},"potentialAction":[{"@type":"SearchAction","target":{"@type":"EntryPoint","urlTemplate":"https:\/\/www.estrategiaconcursos.com.br\/blog\/?s={search_term_string}"},"query-input":{"@type":"PropertyValueSpecification","valueRequired":true,"valueName":"search_term_string"}}],"inLanguage":"pt-BR"},{"@type":"Organization","@id":"https:\/\/www.estrategiaconcursos.com.br\/blog\/#organization","name":"Estrat\u00e9gia Concursos","url":"https:\/\/www.estrategiaconcursos.com.br\/blog\/","logo":{"@type":"ImageObject","inLanguage":"pt-BR","@id":"https:\/\/www.estrategiaconcursos.com.br\/blog\/#\/schema\/logo\/image\/","url":"https:\/\/dhg1h5j42swfq.cloudfront.net\/2025\/06\/03203428\/logo_concursos-1.jpg","contentUrl":"https:\/\/dhg1h5j42swfq.cloudfront.net\/2025\/06\/03203428\/logo_concursos-1.jpg","width":230,"height":60,"caption":"Estrat\u00e9gia Concursos"},"image":{"@id":"https:\/\/www.estrategiaconcursos.com.br\/blog\/#\/schema\/logo\/image\/"},"sameAs":["https:\/\/x.com\/EstratConcursos"]},{"@type":"Person","@id":"https:\/\/www.estrategiaconcursos.com.br\/blog\/#\/schema\/person\/b4a388c97673c5f483d72185668afa1f","name":"Coordena\u00e7\u00e3o","image":{"@type":"ImageObject","inLanguage":"pt-BR","@id":"https:\/\/secure.gravatar.com\/avatar\/b720319e4c9a967eb58678d110f4fe35452fc5d5f97b202bac7b8acceb18c6ad?s=96&d=mm&r=g","url":"https:\/\/secure.gravatar.com\/avatar\/b720319e4c9a967eb58678d110f4fe35452fc5d5f97b202bac7b8acceb18c6ad?s=96&d=mm&r=g","contentUrl":"https:\/\/secure.gravatar.com\/avatar\/b720319e4c9a967eb58678d110f4fe35452fc5d5f97b202bac7b8acceb18c6ad?s=96&d=mm&r=g","caption":"Coordena\u00e7\u00e3o"},"sameAs":["https:\/\/www.facebook.com\/EstrategiaConcursos","https:\/\/x.com\/EstratConcursos"],"url":"https:\/\/www.estrategiaconcursos.com.br\/blog\/author\/estrategia2013\/"}]}},"_links":{"self":[{"href":"https:\/\/www.estrategiaconcursos.com.br\/blog\/wp-json\/wp\/v2\/posts\/122088","targetHints":{"allow":["GET"]}}],"collection":[{"href":"https:\/\/www.estrategiaconcursos.com.br\/blog\/wp-json\/wp\/v2\/posts"}],"about":[{"href":"https:\/\/www.estrategiaconcursos.com.br\/blog\/wp-json\/wp\/v2\/types\/post"}],"author":[{"embeddable":true,"href":"https:\/\/www.estrategiaconcursos.com.br\/blog\/wp-json\/wp\/v2\/users\/1"}],"replies":[{"embeddable":true,"href":"https:\/\/www.estrategiaconcursos.com.br\/blog\/wp-json\/wp\/v2\/comments?post=122088"}],"version-history":[{"count":168,"href":"https:\/\/www.estrategiaconcursos.com.br\/blog\/wp-json\/wp\/v2\/posts\/122088\/revisions"}],"predecessor-version":[{"id":1746893,"href":"https:\/\/www.estrategiaconcursos.com.br\/blog\/wp-json\/wp\/v2\/posts\/122088\/revisions\/1746893"}],"wp:featuredmedia":[{"embeddable":true,"href":"https:\/\/www.estrategiaconcursos.com.br\/blog\/wp-json\/wp\/v2\/media\/1028211"}],"wp:attachment":[{"href":"https:\/\/www.estrategiaconcursos.com.br\/blog\/wp-json\/wp\/v2\/media?parent=122088"}],"wp:term":[{"taxonomy":"category","embeddable":true,"href":"https:\/\/www.estrategiaconcursos.com.br\/blog\/wp-json\/wp\/v2\/categories?post=122088"},{"taxonomy":"post_tag","embeddable":true,"href":"https:\/\/www.estrategiaconcursos.com.br\/blog\/wp-json\/wp\/v2\/tags?post=122088"},{"taxonomy":"tax_estado","embeddable":true,"href":"https:\/\/www.estrategiaconcursos.com.br\/blog\/wp-json\/wp\/v2\/tax_estado?post=122088"}],"curies":[{"name":"wp","href":"https:\/\/api.w.org\/{rel}","templated":true}]}}