{"id":122072,"date":"2018-05-21T11:35:15","date_gmt":"2018-05-21T14:35:15","guid":{"rendered":"https:\/\/www.estrategiaconcursos.com.br\/blog\/?p=122072"},"modified":"2018-05-21T15:16:22","modified_gmt":"2018-05-21T18:16:22","slug":"pgm-manaus-gabarito-extraoficial-de-direito-constitucional","status":"publish","type":"post","link":"https:\/\/www.estrategiaconcursos.com.br\/blog\/pgm-manaus-gabarito-extraoficial-de-direito-constitucional\/","title":{"rendered":"PGM Manaus &#8211; Gabarito Extraoficial de Direito Constitucional"},"content":{"rendered":"<p>Ol\u00e1, pessoal!<\/p>\n<p>A seguir, comentaremos as quest\u00f5es de Direito Constitucional do concurso da da PGM Manaus. A prova ocorreu neste final de semana, banca Cespe.<\/p>\n<p>Abra\u00e7os,<\/p>\n<p>N\u00e1dia Carolina<\/p>\n<p>&#8230;&#8230;&#8230;&#8230;&#8230;&#8230;&#8230;&#8230;&#8230;&#8230;&#8230;&#8230;&#8230;&#8230;&#8230;&#8230;&#8230;&#8230;&#8230;&#8230;&#8230;&#8230;&#8230;&#8230;&#8230;&#8230;&#8230;&#8230;&#8230;&#8230;&#8230;&#8230;&#8230;&#8230;&#8230;&#8230;&#8230;&#8230;&#8230;&#8230;&#8230;&#8230;&#8230;&#8230;&#8230;&#8230;&#8230;&#8230;&#8230;&#8230;&#8230;&#8230;&#8230;&#8230;&#8230;&#8230;&#8230;&#8230;&#8230;&#8230;&#8230;&#8230;&#8230;&#8230;&#8230;&#8230;&#8230;&#8230;&#8230;.<\/p>\n<p><strong>Considerando a jurisprud\u00eancia do STF a respeito do direito de greve dos servidores p\u00fablicos, julgue os itens seguintes.<\/strong><\/p>\n<p><strong>63 \u2013 (CESPE\/ PGM Manaus \u2013 2018) A norma constitucional que garante ao servidor p\u00fablico o direito \u00e0 greve \u00e9 classificada como norma de efic\u00e1cia plena.<\/strong><\/p>\n<p><strong>Coment\u00e1rios:<\/strong><\/p>\n<p>O direito de greve dos servidores p\u00fablicos \u00e9 norma constitucional de efic\u00e1cia <strong><em>limitada<\/em><\/strong>. Quest\u00e3o errada.<\/p>\n<p><strong>66 \u2013 (CESPE\/ PGM Manaus \u2013 2018) Os servidores p\u00fablicos, sejam eles civis ou militares, possuem direito \u00e0 greve.<\/strong><\/p>\n<p><strong>Coment\u00e1rios:<\/strong><\/p>\n<p>Os servidores p\u00fablicos <strong><em>militares<\/em><\/strong> n\u00e3o t\u00eam direito \u00e0 greve (art. 142, IV, CF). Quest\u00e3o errada.<\/p>\n<p><strong>Julgue os itens a seguir com base nas normas constitucionais que versam sobre as prerrogativas dos vereadores.<\/strong><\/p>\n<p><strong>Coment\u00e1rios:<\/strong><\/p>\n<p><strong>67 \u2013 (CESPE\/ PGM Manaus \u2013 2018) Os estados podem prever foro por prerrogativa de fun\u00e7\u00e3o aos vereadores, ressalvada a compet\u00eancia constitucional do tribunal do j\u00fari.<\/strong><\/p>\n<p><strong>Coment\u00e1rios:<\/strong><\/p>\n<p>De fato, o STF entende que a Constitui\u00e7\u00e3o Estadual pode conferir foro por prerrogativa de fun\u00e7\u00e3o aos vereadores, ressalvada a compet\u00eancia constitucional do tribunal do j\u00fari. Quest\u00e3o correta.<\/p>\n<p><strong>68 \u2013 (CESPE\/ PGM Manaus \u2013 2018) N\u00e3o estar\u00e1 abarcado pela imunidade material o vereador que ofender advers\u00e1rio pol\u00edtico em entrevista em munic\u00edpio diverso daquele no qual cumpre mandato.<\/strong><\/p>\n<p><strong>Coment\u00e1rios:<\/strong><\/p>\n<p>De fato, a CF\/88 conferiu aos vereadores inviolabilidade por suas opini\u00f5es, palavras e votos no exerc\u00edcio do mandato e <strong><em>na circunscri\u00e7\u00e3o do Munic\u00edpio<\/em><\/strong> (CF, art. 29, VIII). Na situa\u00e7\u00e3o proposta, o vereador n\u00e3o est\u00e1 abarcado por essa imunidade material. Quest\u00e3o correta.<\/p>\n<p><strong>69 \u2013 (CESPE\/ PGM Manaus \u2013 2018) Vereadores s\u00f3 poder\u00e3o ser presos se em flagrante de crime inafian\u00e7\u00e1vel.<\/strong><\/p>\n<p><strong>Coment\u00e1rios:<\/strong><\/p>\n<p>Os Vereadores n\u00e3o gozam de qualquer imunidade formal. A Carta Magna apenas lhes atribuiu a imunidade material, limitada \u00e0 circunscri\u00e7\u00e3o do Munic\u00edpio. Quest\u00e3o errada.<\/p>\n<p><strong>No tocante \u00e0s t\u00e9cnicas de decis\u00e3o em sede de controle abstrato, julgue os itens que se seguem.<\/strong><\/p>\n<p><strong>70 \u2013 (CESPE\/ PGM Manaus \u2013 2018) Ao afirmar que a aplica\u00e7\u00e3o de uma norma a determinada hip\u00f3tese f\u00e1tica \u00e9 inconstitucional, o STF se utiliza da t\u00e9cnica de decis\u00e3o denominada declara\u00e7\u00e3o de inconstitucionalidade sem redu\u00e7\u00e3o do texto.<\/strong><\/p>\n<p><strong>Coment\u00e1rios:<\/strong><\/p>\n<p>A declara\u00e7\u00e3o de inconstitucionalidade sem redu\u00e7\u00e3o do texto ocorre quando, ao interpretar a norma, o STF exclui uma interpreta\u00e7\u00e3o que poderia torn\u00e1-la inconstitucional. Trata-se de esp\u00e9cie de interpreta\u00e7\u00e3o conforme a Constitui\u00e7\u00e3o. Quest\u00e3o correta.<\/p>\n<p><strong>71 &#8211; (CESPE\/ PGM Manaus \u2013 2018) Se a inconstitucionalidade de uma norma atinge outra, tem-se a denominada inconstitucionalidade consequencial ou por arrastamento.<\/strong><\/p>\n<p><strong>Coment\u00e1rios:<\/strong><\/p>\n<p>A inconstitucionalidade por arrastamento ocorre quando h\u00e1 uma rela\u00e7\u00e3o de depend\u00eancia entre, pelo menos, duas normas: uma delas \u00e9 a principal; as outras, acess\u00f3rias. Se, em um determinado processo, a norma principal for declarada inconstitucional, todas as normas dela dependentes tamb\u00e9m dever\u00e3o ser consideradas inconstitucionais. Essas normas padecer\u00e3o da inconstitucionalidade \u201cpor arrastamento\u201d (ou inconstitucionalidade \u201cpor reverbera\u00e7\u00e3o normativa\u201d). Quest\u00e3o correta.<\/p>\n<p><strong>72- (CESPE\/ PGM Manaus \u2013 2018) Caso uma norma comporte v\u00e1rias interpreta\u00e7\u00f5es e o STF afirme que somente uma delas atende aos comandos constitucionais, diz-se que houve interpreta\u00e7\u00e3o conforme.<\/strong><\/p>\n<p><strong>Coment\u00e1rios:<\/strong><\/p>\n<p>A interpreta\u00e7\u00e3o conforme \u00e0 Constitui\u00e7\u00e3o \u00e9 uma t\u00e9cnica aplic\u00e1vel para a interpreta\u00e7\u00e3o de normas infraconstitucionais poliss\u00eamicas (plurissignificativas), isto \u00e9, normas que tenham mais de um sentido poss\u00edvel. Por meio dessa t\u00e9cnica, o STF, ao analisar uma norma, atribuir-lhe-\u00e1 o sentido que a compatibilize com o texto constitucional. Quest\u00e3o correta.<\/p>\n<p><strong>\u00c0 luz do entendimento do STF e da doutrina sobre as CPI, julgue os itens subsequentes.<\/strong><\/p>\n<p><strong>73 \u2013 (CESPE\/ PGM Manaus \u2013 2018) A quebra de sigilo banc\u00e1rio e fiscal s\u00e3o medidas compreendidas na esfera de compet\u00eancia das CPI instauradas pelo Congresso Nacional.<\/strong><\/p>\n<p><strong>Coment\u00e1rios:<\/strong><\/p>\n<p>A quebra de sigilo banc\u00e1rio, fiscal e telef\u00f4nico podem ser determinadas por CPI, n\u00e3o estando abrangidas por cl\u00e1usula de reserva de jurisdi\u00e7\u00e3o. Quest\u00e3o correta.<\/p>\n<p><strong>74 \u2013 (CESPE\/ PGM Manaus \u2013 2018) As CPI instauradas pelos poderes legislativos municipais possuem poderes investigativos pr\u00f3prios das autoridades judiciais.<\/strong><\/p>\n<p><strong>Coment\u00e1rios:<\/strong><\/p>\n<p>N\u00e3o h\u00e1 Poder Judici\u00e1rio Municipal. Logo, os poderes das CPIs municipais s\u00e3o mais restritos. Elas n\u00e3o podem, por exemplo, determinar a quebra de sigilo telef\u00f4nico. Quest\u00e3o errada.<\/p>\n<p><strong>75 \u2013 (CESPE\/ PGM Manaus \u2013 2018) As CPI instauradas no \u00e2mbito do Congresso Nacional podem determinar o bloqueio dos bens de um investigado.<\/strong><\/p>\n<p><strong>Coment\u00e1rios:<\/strong><\/p>\n<p>As CPI n\u00e3o podem determinar a aplica\u00e7\u00e3o de medidas cautelares, tais como indisponibilidade de bens, arrestos, sequestro, hipoteca judici\u00e1ria ou, ainda, proibi\u00e7\u00e3o de ausentar-se da comarca ou do pa\u00eds. Essa mat\u00e9ria est\u00e1 sujeita a reserva de jurisdi\u00e7\u00e3o. Quest\u00e3o errada.<\/p>\n<p><strong>Julgue os itens seguintes, a respeito do mandado de injun\u00e7\u00e3o.<\/strong><\/p>\n<p><strong>76 \u2013 (CESPE\/ PGM Manaus \u2013 2018) A concess\u00e3o do mandado de injun\u00e7\u00e3o est\u00e1 condicionada \u00e0 aus\u00eancia de norma regulamentadora para o exerc\u00edcio de um direito, ainda que esta omiss\u00e3o seja parcial.<\/strong><\/p>\n<p><strong>Coment\u00e1rios:<\/strong><\/p>\n<p>O mandado de injun\u00e7\u00e3o \u00e9 um constitucional dispon\u00edvel para qualquer pessoa prejudicada pela falta de norma regulamentadora que inviabilize o exerc\u00edcio dos direitos e liberdades constitucionais e das prerrogativas inerentes \u00e0 nacionalidade, soberania e cidadania. \u00c9 cab\u00edvel n\u00e3o s\u00f3 para omiss\u00f5es de car\u00e1ter absoluto ou total como tamb\u00e9m para as omiss\u00f5es de car\u00e1ter parcial. Quest\u00e3o correta.<\/p>\n<p><strong>77 &#8211; (CESPE\/ PGM Manaus \u2013 2018) A decis\u00e3o que concede mandado de injun\u00e7\u00e3o, em regra, gera efeitos <em>ultra partes<\/em>.<\/strong><\/p>\n<p><strong>Coment\u00e1rios:<\/strong><\/p>\n<p>A Lei n\u00ba 13.300\/2016 prev\u00ea que, em mandado de injun\u00e7\u00e3o, \u201ca decis\u00e3o ter\u00e1 efic\u00e1cia subjetiva limitada \u00e0s partes e produzir\u00e1 efeitos at\u00e9 o advento da norma regulamentadora\u201d (art. 9\u00ba, caput). \u00c9 poss\u00edvel, entretanto, que seja conferida efic\u00e1cia ultra partes ou erga omnes \u00e0 decis\u00e3o, quando isso for inerente ou indispens\u00e1vel ao exerc\u00edcio do direito, liberdade ou da prerrogativa objeto da impetra\u00e7\u00e3o (art. 9\u00ba, \u00a7 1\u00ba). Quest\u00e3o errada.<\/p>\n<p><strong>78 \u2013 (CESPE\/ PGM Manaus \u2013 2018) Entre os legitimados para a impetra\u00e7\u00e3o do mandado de injun\u00e7\u00e3o, figura a pessoa natural.<\/strong><\/p>\n<p><strong>Coment\u00e1rios:<\/strong><\/p>\n<p>De fato, qualquer pessoa, f\u00edsica ou jur\u00eddica, que se veja impossibilitada de exercer direito constitucional por falta de norma regulamentadora \u00e9 legitimada a impetrar mandado de injun\u00e7\u00e3o. Quest\u00e3o correta.<\/p>\n<p><strong>Conforme regras e interpreta\u00e7\u00e3o da CF, julgue os itens subsequentes, relativos a autonomia municipal e interven\u00e7\u00e3o de estado-membro em munic\u00edpio.<\/strong><\/p>\n<p><strong>148 \u2013 <\/strong><strong>(CESPE\/ PGM Manaus \u2013 2018) <\/strong><strong>Diante de descumprimento de princ\u00edpios indicados na Constitui\u00e7\u00e3o Estadual, poder\u00e1 o TCE\/AM dar provimento a representa\u00e7\u00e3o a fim de assegurar a observ\u00e2ncia de tais preceitos atrav\u00e9s de interven\u00e7\u00e3o do estado-membro no munic\u00edpio.<\/strong><\/p>\n<p><strong>Coment\u00e1rios:<\/strong><\/p>\n<p>No caso de descumprimento de princ\u00edpios indicados na Constitui\u00e7\u00e3o Estadual , compete ao <strong><em>Procurador-Geral de Justi\u00e7a<\/em><\/strong> dar provimento a representa\u00e7\u00e3o para esses fins. Caso haja provimento pelo Tribunal de Justi\u00e7a, o Governador dever\u00e1 decretar a interven\u00e7\u00e3o estadual. Quest\u00e3o errada.<\/p>\n<p><strong>149 \u2013 <\/strong><strong>(CESPE\/ PGM Manaus \u2013 2018) <\/strong><strong>Da capacidade de auto-organiza\u00e7\u00e3o municipal decorre a constata\u00e7\u00e3o de que o estado-membro n\u00e3o pode ingerir na autonomia organizat\u00f3ria do munic\u00edpio, o que confere a este a possibilidade de ordenar internamente, inclusive por meio de lei org\u00e2nica, sem a necessidade de anu\u00eancia do respectivo governo estadual.<\/strong><\/p>\n<p><strong>Coment\u00e1rios:<\/strong><\/p>\n<p>Como todos os demais entes da federa\u00e7\u00e3o, o munic\u00edpio \u00e9 dotado de auto-organiza\u00e7\u00e3o, autolegisla\u00e7\u00e3o, autoadministra\u00e7\u00e3o e autogoverno, dentro dos limites estabelecidos pela Constitui\u00e7\u00e3o Federal. Desse modo, n\u00e3o precisa de anu\u00eancia do governo estadual para se ordenar. Quest\u00e3o correta.<\/p>\n<p><strong>150 &#8211; <\/strong><strong>(CESPE\/ PGM Manaus \u2013 2018) <\/strong><strong>No \u00e2mbito de sua jurisdi\u00e7\u00e3o, compete ao munic\u00edpio a fixa\u00e7\u00e3o do hor\u00e1rio de funcionamento de estabelecimentos comerciais, uma vez que se trata de assunto de interesse local.<\/strong><\/p>\n<p><strong>Coment\u00e1rios:<\/strong><\/p>\n<p>Segundo o STF, o Munic\u00edpio \u00e9 competente para fixar o hor\u00e1rio de funcionamento de estabelecimento comercial (S\u00famula Vinculante n\u00ba 38, STF). Esse entendimento tamb\u00e9m abrange drogarias, farm\u00e1cias e plant\u00f5es obrigat\u00f3rios destes. Quest\u00e3o correta.<\/p>\n","protected":false},"excerpt":{"rendered":"<p>Ol\u00e1, pessoal! A seguir, comentaremos as quest\u00f5es de Direito Constitucional do concurso da da PGM Manaus. A prova ocorreu neste final de semana, banca Cespe. Abra\u00e7os, N\u00e1dia Carolina &#8230;&#8230;&#8230;&#8230;&#8230;&#8230;&#8230;&#8230;&#8230;&#8230;&#8230;&#8230;&#8230;&#8230;&#8230;&#8230;&#8230;&#8230;&#8230;&#8230;&#8230;&#8230;&#8230;&#8230;&#8230;&#8230;&#8230;&#8230;&#8230;&#8230;&#8230;&#8230;&#8230;&#8230;&#8230;&#8230;&#8230;&#8230;&#8230;&#8230;&#8230;&#8230;&#8230;&#8230;&#8230;&#8230;&#8230;&#8230;&#8230;&#8230;&#8230;&#8230;&#8230;&#8230;&#8230;&#8230;&#8230;&#8230;&#8230;&#8230;&#8230;&#8230;&#8230;&#8230;&#8230;&#8230;&#8230;&#8230;&#8230;. Considerando a jurisprud\u00eancia do STF a respeito do direito de greve dos servidores p\u00fablicos, julgue os itens seguintes. 63 \u2013 (CESPE\/ PGM Manaus \u2013 2018) A [&hellip;]<\/p>\n","protected":false},"author":58,"featured_media":0,"comment_status":"open","ping_status":"closed","sticky":false,"template":"","format":"standard","meta":{"post_tipo":"article","footnotes":""},"categories":[2185],"tags":[3836],"tax_estado":[],"class_list":["post-122072","post","type-post","status-publish","format-standard","hentry","category-carreiras-juridicas","tag-prova-pgm-manaus-constitucional"],"acf":[],"yoast_head":"<!-- This site is optimized with the Yoast SEO Premium plugin v27.2 (Yoast SEO v27.2) - https:\/\/yoast.com\/product\/yoast-seo-premium-wordpress\/ -->\n<title>PGM Manaus - Gabarito Extraoficial de Direito Constitucional<\/title>\n<meta name=\"robots\" content=\"index, follow, max-snippet:-1, max-image-preview:large, max-video-preview:-1\" \/>\n<link rel=\"canonical\" href=\"https:\/\/www.estrategiaconcursos.com.br\/blog\/pgm-manaus-gabarito-extraoficial-de-direito-constitucional\/\" \/>\n<meta property=\"og:locale\" content=\"pt_BR\" \/>\n<meta property=\"og:type\" content=\"article\" \/>\n<meta property=\"og:title\" content=\"PGM Manaus - Gabarito Extraoficial de Direito Constitucional\" \/>\n<meta property=\"og:description\" content=\"Ol\u00e1, pessoal! A seguir, comentaremos as quest\u00f5es de Direito Constitucional do concurso da da PGM Manaus. A prova ocorreu neste final de semana, banca Cespe. Abra\u00e7os, N\u00e1dia Carolina &#8230;&#8230;&#8230;&#8230;&#8230;&#8230;&#8230;&#8230;&#8230;&#8230;&#8230;&#8230;&#8230;&#8230;&#8230;&#8230;&#8230;&#8230;&#8230;&#8230;&#8230;&#8230;&#8230;&#8230;&#8230;&#8230;&#8230;&#8230;&#8230;&#8230;&#8230;&#8230;&#8230;&#8230;&#8230;&#8230;&#8230;&#8230;&#8230;&#8230;&#8230;&#8230;&#8230;&#8230;&#8230;&#8230;&#8230;&#8230;&#8230;&#8230;&#8230;&#8230;&#8230;&#8230;&#8230;&#8230;&#8230;&#8230;&#8230;&#8230;&#8230;&#8230;&#8230;&#8230;&#8230;&#8230;&#8230;&#8230;&#8230;. Considerando a jurisprud\u00eancia do STF a respeito do direito de greve dos servidores p\u00fablicos, julgue os itens seguintes. 63 \u2013 (CESPE\/ PGM Manaus \u2013 2018) A [&hellip;]\" \/>\n<meta property=\"og:url\" content=\"https:\/\/www.estrategiaconcursos.com.br\/blog\/pgm-manaus-gabarito-extraoficial-de-direito-constitucional\/\" \/>\n<meta property=\"og:site_name\" content=\"Estrat\u00e9gia Concursos\" \/>\n<meta property=\"article:author\" content=\"https:\/\/www.facebook.com\/nadia.c.santos.16\" \/>\n<meta property=\"article:published_time\" content=\"2018-05-21T14:35:15+00:00\" \/>\n<meta property=\"article:modified_time\" content=\"2018-05-21T18:16:22+00:00\" \/>\n<meta name=\"author\" content=\"N\u00e1dia Carolina\" \/>\n<meta name=\"twitter:card\" content=\"summary_large_image\" \/>\n<meta name=\"twitter:creator\" content=\"@EstratConcursos\" \/>\n<meta name=\"twitter:site\" content=\"@EstratConcursos\" \/>\n<meta name=\"twitter:label1\" content=\"Escrito por\" \/>\n\t<meta name=\"twitter:data1\" content=\"N\u00e1dia Carolina\" \/>\n\t<meta name=\"twitter:label2\" content=\"Est. tempo de leitura\" \/>\n\t<meta name=\"twitter:data2\" content=\"7 minutos\" \/>\n<script type=\"application\/ld+json\" class=\"yoast-schema-graph\">{\"@context\":\"https:\/\/schema.org\",\"@graph\":[{\"@type\":\"NewsArticle\",\"@id\":\"https:\/\/www.estrategiaconcursos.com.br\/blog\/pgm-manaus-gabarito-extraoficial-de-direito-constitucional\/#article\",\"isPartOf\":{\"@id\":\"https:\/\/www.estrategiaconcursos.com.br\/blog\/pgm-manaus-gabarito-extraoficial-de-direito-constitucional\/\"},\"author\":{\"name\":\"N\u00e1dia Carolina\",\"@id\":\"https:\/\/www.estrategiaconcursos.com.br\/blog\/#\/schema\/person\/bf1b1d1865628ae32d608d5bad5442c6\"},\"headline\":\"PGM Manaus &#8211; Gabarito Extraoficial de Direito Constitucional\",\"datePublished\":\"2018-05-21T14:35:15+00:00\",\"dateModified\":\"2018-05-21T18:16:22+00:00\",\"mainEntityOfPage\":{\"@id\":\"https:\/\/www.estrategiaconcursos.com.br\/blog\/pgm-manaus-gabarito-extraoficial-de-direito-constitucional\/\"},\"wordCount\":1352,\"commentCount\":1,\"publisher\":{\"@id\":\"https:\/\/www.estrategiaconcursos.com.br\/blog\/#organization\"},\"keywords\":[\"prova pgm manaus constitucional\"],\"articleSection\":[\"Jur\u00eddico\"],\"inLanguage\":\"pt-BR\",\"potentialAction\":[{\"@type\":\"CommentAction\",\"name\":\"Comment\",\"target\":[\"https:\/\/www.estrategiaconcursos.com.br\/blog\/pgm-manaus-gabarito-extraoficial-de-direito-constitucional\/#respond\"]}],\"copyrightYear\":\"2018\",\"copyrightHolder\":{\"@id\":\"https:\/\/www.estrategiaconcursos.com.br\/blog\/#organization\"}},{\"@type\":\"WebPage\",\"@id\":\"https:\/\/www.estrategiaconcursos.com.br\/blog\/pgm-manaus-gabarito-extraoficial-de-direito-constitucional\/\",\"url\":\"https:\/\/www.estrategiaconcursos.com.br\/blog\/pgm-manaus-gabarito-extraoficial-de-direito-constitucional\/\",\"name\":\"PGM Manaus - Gabarito Extraoficial de Direito Constitucional\",\"isPartOf\":{\"@id\":\"https:\/\/www.estrategiaconcursos.com.br\/blog\/#website\"},\"datePublished\":\"2018-05-21T14:35:15+00:00\",\"dateModified\":\"2018-05-21T18:16:22+00:00\",\"breadcrumb\":{\"@id\":\"https:\/\/www.estrategiaconcursos.com.br\/blog\/pgm-manaus-gabarito-extraoficial-de-direito-constitucional\/#breadcrumb\"},\"inLanguage\":\"pt-BR\",\"potentialAction\":[{\"@type\":\"ReadAction\",\"target\":[\"https:\/\/www.estrategiaconcursos.com.br\/blog\/pgm-manaus-gabarito-extraoficial-de-direito-constitucional\/\"]}]},{\"@type\":\"BreadcrumbList\",\"@id\":\"https:\/\/www.estrategiaconcursos.com.br\/blog\/pgm-manaus-gabarito-extraoficial-de-direito-constitucional\/#breadcrumb\",\"itemListElement\":[{\"@type\":\"ListItem\",\"position\":1,\"name\":\"In\u00edcio\",\"item\":\"https:\/\/www.estrategiaconcursos.com.br\/blog\/\"},{\"@type\":\"ListItem\",\"position\":2,\"name\":\"PGM Manaus &#8211; Gabarito Extraoficial de Direito Constitucional\"}]},{\"@type\":\"WebSite\",\"@id\":\"https:\/\/www.estrategiaconcursos.com.br\/blog\/#website\",\"url\":\"https:\/\/www.estrategiaconcursos.com.br\/blog\/\",\"name\":\"Estrat\u00e9gia Concursos\",\"description\":\"O blog da Estrat\u00e9gia Concursos traz not\u00edcias sobre concursos e artigos de professores oferecendo cursos para concursos (pdf + videaulas) no site.\",\"publisher\":{\"@id\":\"https:\/\/www.estrategiaconcursos.com.br\/blog\/#organization\"},\"potentialAction\":[{\"@type\":\"SearchAction\",\"target\":{\"@type\":\"EntryPoint\",\"urlTemplate\":\"https:\/\/www.estrategiaconcursos.com.br\/blog\/?s={search_term_string}\"},\"query-input\":{\"@type\":\"PropertyValueSpecification\",\"valueRequired\":true,\"valueName\":\"search_term_string\"}}],\"inLanguage\":\"pt-BR\"},{\"@type\":\"Organization\",\"@id\":\"https:\/\/www.estrategiaconcursos.com.br\/blog\/#organization\",\"name\":\"Estrat\u00e9gia Concursos\",\"url\":\"https:\/\/www.estrategiaconcursos.com.br\/blog\/\",\"logo\":{\"@type\":\"ImageObject\",\"inLanguage\":\"pt-BR\",\"@id\":\"https:\/\/www.estrategiaconcursos.com.br\/blog\/#\/schema\/logo\/image\/\",\"url\":\"https:\/\/dhg1h5j42swfq.cloudfront.net\/2025\/06\/03203428\/logo_concursos-1.jpg\",\"contentUrl\":\"https:\/\/dhg1h5j42swfq.cloudfront.net\/2025\/06\/03203428\/logo_concursos-1.jpg\",\"width\":230,\"height\":60,\"caption\":\"Estrat\u00e9gia Concursos\"},\"image\":{\"@id\":\"https:\/\/www.estrategiaconcursos.com.br\/blog\/#\/schema\/logo\/image\/\"},\"sameAs\":[\"https:\/\/x.com\/EstratConcursos\"]},{\"@type\":\"Person\",\"@id\":\"https:\/\/www.estrategiaconcursos.com.br\/blog\/#\/schema\/person\/bf1b1d1865628ae32d608d5bad5442c6\",\"name\":\"N\u00e1dia Carolina\",\"image\":{\"@type\":\"ImageObject\",\"inLanguage\":\"pt-BR\",\"@id\":\"https:\/\/secure.gravatar.com\/avatar\/0ec0c484339a071f22ea5ced30956ccdaab0f83125b2dc1857c3b038404136a7?s=96&d=mm&r=g\",\"url\":\"https:\/\/secure.gravatar.com\/avatar\/0ec0c484339a071f22ea5ced30956ccdaab0f83125b2dc1857c3b038404136a7?s=96&d=mm&r=g\",\"contentUrl\":\"https:\/\/secure.gravatar.com\/avatar\/0ec0c484339a071f22ea5ced30956ccdaab0f83125b2dc1857c3b038404136a7?s=96&d=mm&r=g\",\"caption\":\"N\u00e1dia Carolina\"},\"sameAs\":[\"https:\/\/www.facebook.com\/nadia.c.santos.16\"],\"url\":\"https:\/\/www.estrategiaconcursos.com.br\/blog\/author\/nadiaestrategiaconcursos-com-br\/\"}]}<\/script>\n<!-- \/ Yoast SEO Premium plugin. -->","yoast_head_json":{"title":"PGM Manaus - Gabarito Extraoficial de Direito Constitucional","robots":{"index":"index","follow":"follow","max-snippet":"max-snippet:-1","max-image-preview":"max-image-preview:large","max-video-preview":"max-video-preview:-1"},"canonical":"https:\/\/www.estrategiaconcursos.com.br\/blog\/pgm-manaus-gabarito-extraoficial-de-direito-constitucional\/","og_locale":"pt_BR","og_type":"article","og_title":"PGM Manaus - Gabarito Extraoficial de Direito Constitucional","og_description":"Ol\u00e1, pessoal! A seguir, comentaremos as quest\u00f5es de Direito Constitucional do concurso da da PGM Manaus. A prova ocorreu neste final de semana, banca Cespe. Abra\u00e7os, N\u00e1dia Carolina &#8230;&#8230;&#8230;&#8230;&#8230;&#8230;&#8230;&#8230;&#8230;&#8230;&#8230;&#8230;&#8230;&#8230;&#8230;&#8230;&#8230;&#8230;&#8230;&#8230;&#8230;&#8230;&#8230;&#8230;&#8230;&#8230;&#8230;&#8230;&#8230;&#8230;&#8230;&#8230;&#8230;&#8230;&#8230;&#8230;&#8230;&#8230;&#8230;&#8230;&#8230;&#8230;&#8230;&#8230;&#8230;&#8230;&#8230;&#8230;&#8230;&#8230;&#8230;&#8230;&#8230;&#8230;&#8230;&#8230;&#8230;&#8230;&#8230;&#8230;&#8230;&#8230;&#8230;&#8230;&#8230;&#8230;&#8230;&#8230;&#8230;. Considerando a jurisprud\u00eancia do STF a respeito do direito de greve dos servidores p\u00fablicos, julgue os itens seguintes. 63 \u2013 (CESPE\/ PGM Manaus \u2013 2018) A [&hellip;]","og_url":"https:\/\/www.estrategiaconcursos.com.br\/blog\/pgm-manaus-gabarito-extraoficial-de-direito-constitucional\/","og_site_name":"Estrat\u00e9gia Concursos","article_author":"https:\/\/www.facebook.com\/nadia.c.santos.16","article_published_time":"2018-05-21T14:35:15+00:00","article_modified_time":"2018-05-21T18:16:22+00:00","author":"N\u00e1dia Carolina","twitter_card":"summary_large_image","twitter_creator":"@EstratConcursos","twitter_site":"@EstratConcursos","twitter_misc":{"Escrito por":"N\u00e1dia Carolina","Est. tempo de leitura":"7 minutos"},"schema":{"@context":"https:\/\/schema.org","@graph":[{"@type":"NewsArticle","@id":"https:\/\/www.estrategiaconcursos.com.br\/blog\/pgm-manaus-gabarito-extraoficial-de-direito-constitucional\/#article","isPartOf":{"@id":"https:\/\/www.estrategiaconcursos.com.br\/blog\/pgm-manaus-gabarito-extraoficial-de-direito-constitucional\/"},"author":{"name":"N\u00e1dia Carolina","@id":"https:\/\/www.estrategiaconcursos.com.br\/blog\/#\/schema\/person\/bf1b1d1865628ae32d608d5bad5442c6"},"headline":"PGM Manaus &#8211; Gabarito Extraoficial de Direito Constitucional","datePublished":"2018-05-21T14:35:15+00:00","dateModified":"2018-05-21T18:16:22+00:00","mainEntityOfPage":{"@id":"https:\/\/www.estrategiaconcursos.com.br\/blog\/pgm-manaus-gabarito-extraoficial-de-direito-constitucional\/"},"wordCount":1352,"commentCount":1,"publisher":{"@id":"https:\/\/www.estrategiaconcursos.com.br\/blog\/#organization"},"keywords":["prova pgm manaus constitucional"],"articleSection":["Jur\u00eddico"],"inLanguage":"pt-BR","potentialAction":[{"@type":"CommentAction","name":"Comment","target":["https:\/\/www.estrategiaconcursos.com.br\/blog\/pgm-manaus-gabarito-extraoficial-de-direito-constitucional\/#respond"]}],"copyrightYear":"2018","copyrightHolder":{"@id":"https:\/\/www.estrategiaconcursos.com.br\/blog\/#organization"}},{"@type":"WebPage","@id":"https:\/\/www.estrategiaconcursos.com.br\/blog\/pgm-manaus-gabarito-extraoficial-de-direito-constitucional\/","url":"https:\/\/www.estrategiaconcursos.com.br\/blog\/pgm-manaus-gabarito-extraoficial-de-direito-constitucional\/","name":"PGM Manaus - Gabarito Extraoficial de Direito Constitucional","isPartOf":{"@id":"https:\/\/www.estrategiaconcursos.com.br\/blog\/#website"},"datePublished":"2018-05-21T14:35:15+00:00","dateModified":"2018-05-21T18:16:22+00:00","breadcrumb":{"@id":"https:\/\/www.estrategiaconcursos.com.br\/blog\/pgm-manaus-gabarito-extraoficial-de-direito-constitucional\/#breadcrumb"},"inLanguage":"pt-BR","potentialAction":[{"@type":"ReadAction","target":["https:\/\/www.estrategiaconcursos.com.br\/blog\/pgm-manaus-gabarito-extraoficial-de-direito-constitucional\/"]}]},{"@type":"BreadcrumbList","@id":"https:\/\/www.estrategiaconcursos.com.br\/blog\/pgm-manaus-gabarito-extraoficial-de-direito-constitucional\/#breadcrumb","itemListElement":[{"@type":"ListItem","position":1,"name":"In\u00edcio","item":"https:\/\/www.estrategiaconcursos.com.br\/blog\/"},{"@type":"ListItem","position":2,"name":"PGM Manaus &#8211; Gabarito Extraoficial de Direito Constitucional"}]},{"@type":"WebSite","@id":"https:\/\/www.estrategiaconcursos.com.br\/blog\/#website","url":"https:\/\/www.estrategiaconcursos.com.br\/blog\/","name":"Estrat\u00e9gia Concursos","description":"O blog da Estrat\u00e9gia Concursos traz not\u00edcias sobre concursos e artigos de professores oferecendo cursos para concursos (pdf + videaulas) no site.","publisher":{"@id":"https:\/\/www.estrategiaconcursos.com.br\/blog\/#organization"},"potentialAction":[{"@type":"SearchAction","target":{"@type":"EntryPoint","urlTemplate":"https:\/\/www.estrategiaconcursos.com.br\/blog\/?s={search_term_string}"},"query-input":{"@type":"PropertyValueSpecification","valueRequired":true,"valueName":"search_term_string"}}],"inLanguage":"pt-BR"},{"@type":"Organization","@id":"https:\/\/www.estrategiaconcursos.com.br\/blog\/#organization","name":"Estrat\u00e9gia Concursos","url":"https:\/\/www.estrategiaconcursos.com.br\/blog\/","logo":{"@type":"ImageObject","inLanguage":"pt-BR","@id":"https:\/\/www.estrategiaconcursos.com.br\/blog\/#\/schema\/logo\/image\/","url":"https:\/\/dhg1h5j42swfq.cloudfront.net\/2025\/06\/03203428\/logo_concursos-1.jpg","contentUrl":"https:\/\/dhg1h5j42swfq.cloudfront.net\/2025\/06\/03203428\/logo_concursos-1.jpg","width":230,"height":60,"caption":"Estrat\u00e9gia Concursos"},"image":{"@id":"https:\/\/www.estrategiaconcursos.com.br\/blog\/#\/schema\/logo\/image\/"},"sameAs":["https:\/\/x.com\/EstratConcursos"]},{"@type":"Person","@id":"https:\/\/www.estrategiaconcursos.com.br\/blog\/#\/schema\/person\/bf1b1d1865628ae32d608d5bad5442c6","name":"N\u00e1dia Carolina","image":{"@type":"ImageObject","inLanguage":"pt-BR","@id":"https:\/\/secure.gravatar.com\/avatar\/0ec0c484339a071f22ea5ced30956ccdaab0f83125b2dc1857c3b038404136a7?s=96&d=mm&r=g","url":"https:\/\/secure.gravatar.com\/avatar\/0ec0c484339a071f22ea5ced30956ccdaab0f83125b2dc1857c3b038404136a7?s=96&d=mm&r=g","contentUrl":"https:\/\/secure.gravatar.com\/avatar\/0ec0c484339a071f22ea5ced30956ccdaab0f83125b2dc1857c3b038404136a7?s=96&d=mm&r=g","caption":"N\u00e1dia Carolina"},"sameAs":["https:\/\/www.facebook.com\/nadia.c.santos.16"],"url":"https:\/\/www.estrategiaconcursos.com.br\/blog\/author\/nadiaestrategiaconcursos-com-br\/"}]}},"_links":{"self":[{"href":"https:\/\/www.estrategiaconcursos.com.br\/blog\/wp-json\/wp\/v2\/posts\/122072","targetHints":{"allow":["GET"]}}],"collection":[{"href":"https:\/\/www.estrategiaconcursos.com.br\/blog\/wp-json\/wp\/v2\/posts"}],"about":[{"href":"https:\/\/www.estrategiaconcursos.com.br\/blog\/wp-json\/wp\/v2\/types\/post"}],"author":[{"embeddable":true,"href":"https:\/\/www.estrategiaconcursos.com.br\/blog\/wp-json\/wp\/v2\/users\/58"}],"replies":[{"embeddable":true,"href":"https:\/\/www.estrategiaconcursos.com.br\/blog\/wp-json\/wp\/v2\/comments?post=122072"}],"version-history":[{"count":3,"href":"https:\/\/www.estrategiaconcursos.com.br\/blog\/wp-json\/wp\/v2\/posts\/122072\/revisions"}],"predecessor-version":[{"id":122081,"href":"https:\/\/www.estrategiaconcursos.com.br\/blog\/wp-json\/wp\/v2\/posts\/122072\/revisions\/122081"}],"wp:attachment":[{"href":"https:\/\/www.estrategiaconcursos.com.br\/blog\/wp-json\/wp\/v2\/media?parent=122072"}],"wp:term":[{"taxonomy":"category","embeddable":true,"href":"https:\/\/www.estrategiaconcursos.com.br\/blog\/wp-json\/wp\/v2\/categories?post=122072"},{"taxonomy":"post_tag","embeddable":true,"href":"https:\/\/www.estrategiaconcursos.com.br\/blog\/wp-json\/wp\/v2\/tags?post=122072"},{"taxonomy":"tax_estado","embeddable":true,"href":"https:\/\/www.estrategiaconcursos.com.br\/blog\/wp-json\/wp\/v2\/tax_estado?post=122072"}],"curies":[{"name":"wp","href":"https:\/\/api.w.org\/{rel}","templated":true}]}}