{"id":1220658,"date":"2023-07-17T16:08:00","date_gmt":"2023-07-17T19:08:00","guid":{"rendered":"https:\/\/www.estrategiaconcursos.com.br\/blog\/?p=1220658"},"modified":"2023-07-18T15:44:06","modified_gmt":"2023-07-18T18:44:06","slug":"concurso-iss-estiva","status":"publish","type":"post","link":"https:\/\/www.estrategiaconcursos.com.br\/blog\/concurso-iss-estiva\/","title":{"rendered":"Concurso ISS Estiva MG: confira os gabaritos preliminares!"},"content":{"rendered":"\n<p>J\u00e1 \u00e9 poss\u00edvel consultar os gabaritos preliminares das provas objetivas do <strong>concurso ISS Estiva<\/strong>, munic\u00edpio de Minas Gerais. Confira abaixo:<\/p>\n\n\n\n<ul class=\"wp-block-list\">\n<li><a href=\"https:\/\/dhg1h5j42swfq.cloudfront.net\/2023\/07\/17160102\/d4cb1a8e1d6198279c37ffa59022a8fb.pdf\" target=\"_blank\" rel=\"noreferrer noopener nofollow\">Gabaritos preliminares<\/a><\/li>\n\n\n\n<li><a href=\"https:\/\/dhg1h5j42swfq.cloudfront.net\/2023\/07\/17160102\/d4cb1a8e1d6198279c37ffa59022a8fb.pdf\" target=\"_blank\" rel=\"noreferrer noopener nofollow\">Caderno de prova<\/a><\/li>\n<\/ul>\n\n\n\n<p>Os candidatos t\u00eam at\u00e9 \u00e0s 15h do dia 20 de julho para interpor recursos contra o documento divulgado. Todo o processo deve ser realizado atrav\u00e9s do site da banca organizadora.<\/p>\n\n\n\n<p>A sele\u00e7\u00e3o oferta <strong>uma vaga imediata<\/strong> para o cargo de <strong>Fiscal de Tributos e Posturas<\/strong>, que exige dos candidatos n\u00edvel m\u00e9dio de forma\u00e7\u00e3o e possui remunera\u00e7\u00e3o inicial de <strong>R$ 2.666,40<\/strong> para carga hor\u00e1ria de 40 horas semanais.<\/p>\n\n\n\n<ul class=\"has-very-light-gray-to-cyan-bluish-gray-gradient-background has-background wp-block-list\">\n<li><strong>Prefeitura Municipal de Estiva &#8211; MG<\/strong><\/li>\n\n\n\n<li><strong>Status:<\/strong> gabaritos preliminares divulgados<\/li>\n\n\n\n<li><strong>Banca:<\/strong> <a href=\"https:\/\/portal.mbgestaopublica.com.br\/edital\/ver\/87\" target=\"_blank\" rel=\"noreferrer noopener\">M\u00e1xima<\/a><\/li>\n\n\n\n<li><strong>Vagas:<\/strong> 01<\/li>\n\n\n\n<li><strong>Sal\u00e1rio inicial:<\/strong> R$ 2.666,40<\/li>\n\n\n\n<li><strong>Edital:<\/strong> <a href=\"https:\/\/dhg1h5j42swfq.cloudfront.net\/2023\/06\/28082528\/89bd250522f54886c9305adb2845d782.pdf\" target=\"_blank\" rel=\"noreferrer noopener nofollow\">Edital ISS Estiva<\/a><\/li>\n<\/ul>\n\n\n\n<p>A fim de te deixar sempre bem informado, elaboramos este artigo com as principais informa\u00e7\u00f5es e novidades sobre o concurso Estiva. Acompanhe os t\u00f3picos abaixo e n\u00e3o perca nenhum detalhe:<\/p>\n\n\n\n<ul class=\"wp-block-list\" id=\"indice\">\n<li><a href=\"#datas\">Principais datas<\/a><\/li>\n\n\n\n<li><a href=\"#cargos\">Cargos e vagas<\/a>\n<ul class=\"wp-block-list\">\n<li><a href=\"#requisitos\">Requisitos<\/a><\/li>\n\n\n\n<li><a href=\"#atri\">Atribui\u00e7\u00f5es<\/a><\/li>\n<\/ul>\n<\/li>\n\n\n\n<li><a href=\"#etapas\">Etapas e provas<\/a><\/li>\n\n\n\n<li><a href=\"#cursos\">Cursos e assinaturas<\/a><\/li>\n\n\n\n<li><a href=\"#ficha\">Ficha t\u00e9cnica<\/a><\/li>\n<\/ul>\n\n\n\n<div class=\"container\" id=\"boxes\">\n  <div class=\"row\">\n\n    <div class=\"col-sm\">\n      <div class=\"banner-fiscal-01\" id=\"box-assinatura\">\n        <h3 class=\"titulo-assinatura\">Carreiras Fiscais<\/h3>\n        <p class=\"subtitulo-assinatura\">Estude conosco<\/p>\n        <div class=\"box-botao\">\n          <a class=\"btn-assinatura\" target=\"_blank\" href=\"https:\/\/www.estrategiaconcursos.com.br\/cursosPorConcurso\/area-fiscal-fiscos-estaduais-e-municipais-410\/\" role=\"button\" rel=\"noopener noreferrer\">Conhe\u00e7a os cursos<\/a>\n        <\/div>\n      <\/div>\n      \n    <\/div>\n\n  <\/div>\n<\/div>\n\n\n\n<h2 class=\"wp-block-heading\" id=\"cargos\">Concurso ISS Estiva: cargos e vagas <\/h2>\n\n\n\n<p>O concurso ISS Estiva oferta uma vaga imediata para Fiscal de Tributos e Posturas com sal\u00e1rio inicial de <strong>R$ 2.666,40<\/strong>. Os futuros servidores ter\u00e3o que cumprir jornadas de 40 horas semanais.<\/p>\n\n\n\n<h3 class=\"wp-block-heading\" id=\"requisitos\">Requisitos<\/h3>\n\n\n\n<p>Para ingressar no cargo \u00e9 <strong>necess\u00e1rio possuir o ensino m\u00e9dio completo<\/strong>.<\/p>\n\n\n\n<h3 class=\"wp-block-heading\" id=\"atri\">Atribui\u00e7\u00f5es<\/h3>\n\n\n\n<ul class=\"wp-block-list\">\n<li>Efetuar dilig\u00eancias e levantamentos para instru\u00e7\u00e3o de processos, papeletas e orienta\u00e7\u00f5es de contribuintes;<\/li>\n\n\n\n<li>Examinar e analisar livros fiscais e cont\u00e1beis, talon\u00e1rios, balan\u00e7os e outros documentos de contribuintes;<\/li>\n\n\n\n<li>Instruir processos tribut\u00e1rios e de cobran\u00e7a de d\u00edvida ativa;<\/li>\n\n\n\n<li>Elaborar boletins de atividades de promo\u00e7\u00e3o de relat\u00f3rios sobre ocorr\u00eancias fiscais;<\/li>\n\n\n\n<li>Elaborar termos de in\u00edcio de a\u00e7\u00e3o de verifica\u00e7\u00e3o fiscal, notifica\u00e7\u00f5es, outros de infra\u00e7\u00e3o e demais lan\u00e7amentos previstos em lei ou regulamentos municipais;<\/li>\n\n\n\n<li>Verificar o tipo de lan\u00e7amento a que est\u00e1 sujeito o im\u00f3vel, para efeito e cobran\u00e7a dos tributos municipais;<\/li>\n\n\n\n<li>Efetuar fiscaliza\u00e7\u00e3o peri\u00f3dicas no munic\u00edpio para apurar exist\u00eancia de constru\u00e7\u00f5es clandestinas e promover desdobramento de lotes;<\/li>\n\n\n\n<li>Verificar a \u00e1rea de estabelecimentos comerciais, industriais e prestadoras de servi\u00e7o, para fins de fiscaliza\u00e7\u00e3o da taxa de licen\u00e7a de localiza\u00e7\u00e3o e impostos pertinentes;<\/li>\n\n\n\n<li>Examinar processos, papeletas e dar pareceres sobre mat\u00e9ria de sua \u00e1rea de atua\u00e7\u00e3o;<\/li>\n\n\n\n<li>Verificar a observ\u00e2ncia de posturas relacionadas com a obstru\u00e7\u00e3o de vias p\u00fablicas, meio ambiente, com\u00e9rcio de vendedores ambulantes, hor\u00e1rio de com\u00e9rcio e outros assuntos correlatos, informando processos e expedientes relacionados com sua atividade e dando parecer;<\/li>\n\n\n\n<li>Elaborar relat\u00f3rios, comunica\u00e7\u00e3o e notifica\u00e7\u00f5es relativas ao trabalho de fiscaliza\u00e7\u00e3o;<\/li>\n\n\n\n<li>Orientar o p\u00fablico sobre a observ\u00e2ncia de normas fiscais pertinentes;<\/li>\n\n\n\n<li>Fiscalizar, observar e acompanhar o cumprimento das leis ambientais;<\/li>\n\n\n\n<li>Executar outras atividades similares por demanda de seu chefe imediato.<\/li>\n<\/ul>\n\n\n\n<h2 class=\"wp-block-heading\" id=\"etapas\">Concurso ISS Estiva: etapas e provas <\/h2>\n\n\n\n<p>Com dura\u00e7\u00e3o de 3 horas, os candidatos foram avaliados atrav\u00e9s de prova objetiva, de car\u00e1ter eliminat\u00f3rio e classificat\u00f3rio, com 40 quest\u00f5es de m\u00faltipla escolha.<\/p>\n\n\n\n<ul class=\"wp-block-list\">\n<li>Portugu\u00eas &#8211; 20 quest\u00f5es, peso 2;<\/li>\n\n\n\n<li>Conhecimentos espec\u00edficos &#8211; 20 quest\u00f5es, peso 3.<\/li>\n<\/ul>\n\n\n\n<figure class=\"wp-block-image aligncenter size-full\"><img loading=\"lazy\" decoding=\"async\" width=\"696\" height=\"143\" src=\"https:\/\/dhg1h5j42swfq.cloudfront.net\/2023\/05\/23135747\/captura-de-tela-2023-05-23-as-13-55-19.png\" alt=\"Tabela com os conte\u00fados espec\u00edficos do Concurso ISS Estiva\" class=\"wp-image-1220724\" srcset=\"https:\/\/dhg1h5j42swfq.cloudfront.net\/2023\/05\/23135747\/captura-de-tela-2023-05-23-as-13-55-19.png 696w, https:\/\/dhg1h5j42swfq.cloudfront.net\/2023\/05\/23135747\/captura-de-tela-2023-05-23-as-13-55-19-300x62.png 300w, https:\/\/dhg1h5j42swfq.cloudfront.net\/2023\/05\/23135747\/captura-de-tela-2023-05-23-as-13-55-19-610x125.png 610w, https:\/\/dhg1h5j42swfq.cloudfront.net\/2023\/05\/23135747\/captura-de-tela-2023-05-23-as-13-55-19-150x31.png 150w\" sizes=\"auto, (max-width: 696px) 100vw, 696px\" \/><\/figure>\n\n\n\n<p>Ser\u00e1 aprovado o candidato que obtiver o <strong>m\u00ednimo de 50% dos pontos<\/strong> distribu\u00eddos no conjunto das disciplinas da Prova Objetiva.<\/p>\n\n\n\n<hr class=\"wp-block-separator has-alpha-channel-opacity\"\/>\n\n\n\n<h2 class=\"wp-block-heading has-text-align-center\" id=\"cursos\"><em>Quer estudar para o concurso ISS Estiva?<\/em><\/h2>\n\n\n\n<div class=\"container\" id=\"boxes\">\n  <div class=\"row\">\n\n    <div class=\"col-sm\">\n      <div class=\"banner-fiscal-01\" id=\"box-assinatura\">\n        <h3 class=\"titulo-assinatura\">Carreiras Fiscais<\/h3>\n        <p class=\"subtitulo-assinatura\">Estude conosco<\/p>\n        <div class=\"box-botao\">\n          <a class=\"btn-assinatura\" target=\"_blank\" href=\"https:\/\/www.estrategiaconcursos.com.br\/cursosPorConcurso\/area-fiscal-fiscos-estaduais-e-municipais-410\/\" role=\"button\" rel=\"noopener noreferrer\">Conhe\u00e7a os cursos<\/a>\n        <\/div>\n      <\/div>\n      \n    <\/div>\n\n  <\/div>\n<\/div>\n\n\n\n<div class=\"container\" id=\"boxes\">\n  <div class=\"row\">\n\n    <div class=\"col-sm\">\n      <div class=\"estrategia\" id=\"box-assinatura\">\n        <h3 class=\"titulo-assinatura\">Assinatura Concursos<\/h3>\n        <p class=\"subtitulo-assinatura\">Assinatura de 1 ano ou 2 anos<\/p>\n        <div class=\"box-botao\">\n          <a class=\"btn-assinatura\" target=\"_blank\" href=\"https:\/\/www.estrategiaconcursos.com.br\/assinaturas\/\" role=\"button\" rel=\"noopener noreferrer\">ASSINE AGORA<\/a>\n        <\/div>\n      <\/div><\/div><\/div><\/div>\n\n\n\n<h2 class=\"wp-block-heading has-text-align-center\" id=\"h-quer-saber-tudo-sobre-concursos-previstos-confira-os-nossos-artigos\">Quer saber tudo sobre concursos previstos?<br \/>Confira os nossos artigos!<\/h2>\n\n\n\n<ul class=\"wp-block-list\">\n<li><a href=\"https:\/\/www.estrategiaconcursos.com.br\/blog\/concursos-abertos\/\" target=\"_blank\" rel=\"noreferrer noopener\">Concursos abertos<\/a><\/li>\n\n\n\n<li><a href=\"https:\/\/www.estrategiaconcursos.com.br\/blog\/concursos-2023\/\" target=\"_blank\" rel=\"noreferrer noopener\">Concursos 2023<\/a><\/li>\n\n\n\n<li><a href=\"https:\/\/www.estrategiaconcursos.com.br\/blog\/concursos-2024\/\" target=\"_blank\" rel=\"noreferrer noopener\">Concursos 2024<\/a><\/li>\n<\/ul>\n\n\n\n<figure class=\"wp-block-image size-large is-resized\"><img loading=\"lazy\" decoding=\"async\" src=\"https:\/\/dhg1h5j42swfq.cloudfront.net\/2025\/06\/27101122\/ficha-tecnica-1-1024x632.png\" alt=\"Informa\u00e7\u00f5es do concurso ISS Estiva\" class=\"wp-image-702728\" width=\"269\" height=\"166\" srcset=\"https:\/\/dhg1h5j42swfq.cloudfront.net\/2025\/06\/27101122\/ficha-tecnica-1-1024x632.png 1024w, https:\/\/dhg1h5j42swfq.cloudfront.net\/2025\/06\/27101122\/ficha-tecnica-1-300x185.png 300w, https:\/\/dhg1h5j42swfq.cloudfront.net\/2025\/06\/27101122\/ficha-tecnica-1-768x474.png 768w, https:\/\/dhg1h5j42swfq.cloudfront.net\/2025\/06\/27101122\/ficha-tecnica-1-1536x948.png 1536w, https:\/\/dhg1h5j42swfq.cloudfront.net\/2025\/06\/27101122\/ficha-tecnica-1-610x377.png 610w, https:\/\/dhg1h5j42swfq.cloudfront.net\/2025\/06\/27101122\/ficha-tecnica-1.png 1571w\" sizes=\"auto, (max-width: 269px) 100vw, 269px\" \/><\/figure>\n\n\n\n<h3 class=\"wp-block-heading\" id=\"ficha\">Informa\u00e7\u00f5es do concurso ISS Estiva<\/h3>\n\n\n\n<ul class=\"wp-block-list\">\n<li><strong>Provas<\/strong>: <s>16\/07\/2023<\/s><\/li>\n\n\n\n<li><strong>Vagas<\/strong>: 01<\/li>\n\n\n\n<li><strong>Cargos<\/strong>: Fiscal de Tributos e Posturas<\/li>\n\n\n\n<li><strong>Banca<\/strong>: M\u00e1xima<\/li>\n\n\n\n<li><strong>Escolaridade<\/strong>: N\u00edvel M\u00e9dio<\/li>\n\n\n\n<li><strong>Edital com erratas:<\/strong> <a href=\"https:\/\/dhg1h5j42swfq.cloudfront.net\/2023\/06\/28082528\/89bd250522f54886c9305adb2845d782.pdf\" target=\"_blank\" rel=\"noreferrer noopener nofollow\">Edital ISS Estiva<\/a><\/li>\n<\/ul>\n","protected":false},"excerpt":{"rendered":"<p>J\u00e1 \u00e9 poss\u00edvel consultar os gabaritos preliminares das provas objetivas do concurso ISS Estiva, munic\u00edpio de Minas Gerais. Confira abaixo: Os candidatos t\u00eam at\u00e9 \u00e0s 15h do dia 20 de julho para interpor recursos contra o documento divulgado. Todo o processo deve ser realizado atrav\u00e9s do site da banca organizadora. A sele\u00e7\u00e3o oferta uma vaga [&hellip;]<\/p>\n","protected":false},"author":1,"featured_media":1223637,"comment_status":"open","ping_status":"closed","sticky":false,"template":"","format":"standard","meta":{"post_tipo":"news_page","footnotes":""},"categories":[220183],"tags":[],"tax_estado":[219974],"class_list":["post-1220658","post","type-post","status-publish","format-standard","has-post-thumbnail","hentry","category-fiscal-municipal","tax_estado-mg"],"acf":[],"yoast_head":"<!-- This site is optimized with the Yoast SEO Premium plugin v27.2 (Yoast SEO v27.2) - https:\/\/yoast.com\/product\/yoast-seo-premium-wordpress\/ -->\n<title>Concurso ISS Estiva MG: confira os gabaritos preliminares!<\/title>\n<meta name=\"description\" content=\"Concurso ISS Estiva: edital oferta vaga para Fiscal e sal\u00e1rio inicial de R$ 2,6 mil. Divulgados os gabaritos preliminares da prova objetiva!\" \/>\n<meta name=\"robots\" content=\"index, follow, max-snippet:-1, max-image-preview:large, max-video-preview:-1\" \/>\n<link rel=\"canonical\" href=\"https:\/\/www.estrategiaconcursos.com.br\/blog\/concurso-iss-estiva\/\" \/>\n<meta property=\"og:locale\" content=\"pt_BR\" \/>\n<meta property=\"og:type\" content=\"article\" \/>\n<meta property=\"og:title\" content=\"Concurso ISS Estiva MG: confira os gabaritos preliminares!\" \/>\n<meta property=\"og:description\" content=\"Concurso ISS Estiva: edital oferta vaga para Fiscal e sal\u00e1rio inicial de R$ 2,6 mil. Divulgados os gabaritos preliminares da prova objetiva!\" \/>\n<meta property=\"og:url\" content=\"https:\/\/www.estrategiaconcursos.com.br\/blog\/concurso-iss-estiva\/\" \/>\n<meta property=\"og:site_name\" content=\"Estrat\u00e9gia Concursos\" \/>\n<meta property=\"article:author\" content=\"https:\/\/www.facebook.com\/EstrategiaConcursos\" \/>\n<meta property=\"article:published_time\" content=\"2023-07-17T19:08:00+00:00\" \/>\n<meta property=\"article:modified_time\" content=\"2023-07-18T18:44:06+00:00\" \/>\n<meta property=\"og:image\" content=\"https:\/\/dhg1h5j42swfq.cloudfront.net\/2023\/05\/29134047\/iss-estiva.jpg\" \/>\n\t<meta property=\"og:image:width\" content=\"768\" \/>\n\t<meta property=\"og:image:height\" content=\"432\" \/>\n\t<meta property=\"og:image:type\" content=\"image\/jpeg\" \/>\n<meta name=\"author\" content=\"Coordena\u00e7\u00e3o\" \/>\n<meta name=\"twitter:card\" content=\"summary_large_image\" \/>\n<meta name=\"twitter:creator\" content=\"@EstratConcursos\" \/>\n<meta name=\"twitter:site\" content=\"@EstratConcursos\" \/>\n<meta name=\"twitter:label1\" content=\"Escrito por\" \/>\n\t<meta name=\"twitter:data1\" content=\"Coordena\u00e7\u00e3o\" \/>\n\t<meta name=\"twitter:label2\" content=\"Est. tempo de leitura\" \/>\n\t<meta name=\"twitter:data2\" content=\"3 minutos\" \/>\n<script type=\"application\/ld+json\" class=\"yoast-schema-graph\">{\"@context\":\"https:\/\/schema.org\",\"@graph\":[{\"@type\":\"NewsArticle\",\"@id\":\"https:\/\/www.estrategiaconcursos.com.br\/blog\/concurso-iss-estiva\/#article\",\"isPartOf\":{\"@id\":\"https:\/\/www.estrategiaconcursos.com.br\/blog\/concurso-iss-estiva\/\"},\"author\":{\"name\":\"Coordena\u00e7\u00e3o\",\"@id\":\"https:\/\/www.estrategiaconcursos.com.br\/blog\/#\/schema\/person\/b4a388c97673c5f483d72185668afa1f\"},\"headline\":\"Concurso ISS Estiva MG: confira os gabaritos preliminares!\",\"datePublished\":\"2023-07-17T19:08:00+00:00\",\"dateModified\":\"2023-07-18T18:44:06+00:00\",\"mainEntityOfPage\":{\"@id\":\"https:\/\/www.estrategiaconcursos.com.br\/blog\/concurso-iss-estiva\/\"},\"wordCount\":632,\"commentCount\":0,\"publisher\":{\"@id\":\"https:\/\/www.estrategiaconcursos.com.br\/blog\/#organization\"},\"image\":{\"@id\":\"https:\/\/www.estrategiaconcursos.com.br\/blog\/concurso-iss-estiva\/#primaryimage\"},\"thumbnailUrl\":\"https:\/\/dhg1h5j42swfq.cloudfront.net\/2023\/05\/29134047\/iss-estiva.jpg\",\"articleSection\":[\"Fiscal - Municipal (ISS)\"],\"inLanguage\":\"pt-BR\",\"potentialAction\":[{\"@type\":\"CommentAction\",\"name\":\"Comment\",\"target\":[\"https:\/\/www.estrategiaconcursos.com.br\/blog\/concurso-iss-estiva\/#respond\"]}],\"copyrightYear\":\"2023\",\"copyrightHolder\":{\"@id\":\"https:\/\/www.estrategiaconcursos.com.br\/blog\/#organization\"}},{\"@type\":\"WebPage\",\"@id\":\"https:\/\/www.estrategiaconcursos.com.br\/blog\/concurso-iss-estiva\/\",\"url\":\"https:\/\/www.estrategiaconcursos.com.br\/blog\/concurso-iss-estiva\/\",\"name\":\"Concurso ISS Estiva MG: confira os gabaritos preliminares!\",\"isPartOf\":{\"@id\":\"https:\/\/www.estrategiaconcursos.com.br\/blog\/#website\"},\"primaryImageOfPage\":{\"@id\":\"https:\/\/www.estrategiaconcursos.com.br\/blog\/concurso-iss-estiva\/#primaryimage\"},\"image\":{\"@id\":\"https:\/\/www.estrategiaconcursos.com.br\/blog\/concurso-iss-estiva\/#primaryimage\"},\"thumbnailUrl\":\"https:\/\/dhg1h5j42swfq.cloudfront.net\/2023\/05\/29134047\/iss-estiva.jpg\",\"datePublished\":\"2023-07-17T19:08:00+00:00\",\"dateModified\":\"2023-07-18T18:44:06+00:00\",\"description\":\"Concurso ISS Estiva: edital oferta vaga para Fiscal e sal\u00e1rio inicial de R$ 2,6 mil. Divulgados os gabaritos preliminares da prova objetiva!\",\"breadcrumb\":{\"@id\":\"https:\/\/www.estrategiaconcursos.com.br\/blog\/concurso-iss-estiva\/#breadcrumb\"},\"inLanguage\":\"pt-BR\",\"potentialAction\":[{\"@type\":\"ReadAction\",\"target\":[\"https:\/\/www.estrategiaconcursos.com.br\/blog\/concurso-iss-estiva\/\"]}]},{\"@type\":\"ImageObject\",\"inLanguage\":\"pt-BR\",\"@id\":\"https:\/\/www.estrategiaconcursos.com.br\/blog\/concurso-iss-estiva\/#primaryimage\",\"url\":\"https:\/\/dhg1h5j42swfq.cloudfront.net\/2023\/05\/29134047\/iss-estiva.jpg\",\"contentUrl\":\"https:\/\/dhg1h5j42swfq.cloudfront.net\/2023\/05\/29134047\/iss-estiva.jpg\",\"width\":768,\"height\":432,\"caption\":\"Concurso ISS Estiva\"},{\"@type\":\"BreadcrumbList\",\"@id\":\"https:\/\/www.estrategiaconcursos.com.br\/blog\/concurso-iss-estiva\/#breadcrumb\",\"itemListElement\":[{\"@type\":\"ListItem\",\"position\":1,\"name\":\"In\u00edcio\",\"item\":\"https:\/\/www.estrategiaconcursos.com.br\/blog\/\"},{\"@type\":\"ListItem\",\"position\":2,\"name\":\"Concurso ISS Estiva MG: confira os gabaritos preliminares!\"}]},{\"@type\":\"WebSite\",\"@id\":\"https:\/\/www.estrategiaconcursos.com.br\/blog\/#website\",\"url\":\"https:\/\/www.estrategiaconcursos.com.br\/blog\/\",\"name\":\"Estrat\u00e9gia Concursos\",\"description\":\"O blog da Estrat\u00e9gia Concursos traz not\u00edcias sobre concursos e artigos de professores oferecendo cursos para concursos (pdf + videaulas) no site.\",\"publisher\":{\"@id\":\"https:\/\/www.estrategiaconcursos.com.br\/blog\/#organization\"},\"potentialAction\":[{\"@type\":\"SearchAction\",\"target\":{\"@type\":\"EntryPoint\",\"urlTemplate\":\"https:\/\/www.estrategiaconcursos.com.br\/blog\/?s={search_term_string}\"},\"query-input\":{\"@type\":\"PropertyValueSpecification\",\"valueRequired\":true,\"valueName\":\"search_term_string\"}}],\"inLanguage\":\"pt-BR\"},{\"@type\":\"Organization\",\"@id\":\"https:\/\/www.estrategiaconcursos.com.br\/blog\/#organization\",\"name\":\"Estrat\u00e9gia Concursos\",\"url\":\"https:\/\/www.estrategiaconcursos.com.br\/blog\/\",\"logo\":{\"@type\":\"ImageObject\",\"inLanguage\":\"pt-BR\",\"@id\":\"https:\/\/www.estrategiaconcursos.com.br\/blog\/#\/schema\/logo\/image\/\",\"url\":\"https:\/\/dhg1h5j42swfq.cloudfront.net\/2025\/06\/03203428\/logo_concursos-1.jpg\",\"contentUrl\":\"https:\/\/dhg1h5j42swfq.cloudfront.net\/2025\/06\/03203428\/logo_concursos-1.jpg\",\"width\":230,\"height\":60,\"caption\":\"Estrat\u00e9gia Concursos\"},\"image\":{\"@id\":\"https:\/\/www.estrategiaconcursos.com.br\/blog\/#\/schema\/logo\/image\/\"},\"sameAs\":[\"https:\/\/x.com\/EstratConcursos\"]},{\"@type\":\"Person\",\"@id\":\"https:\/\/www.estrategiaconcursos.com.br\/blog\/#\/schema\/person\/b4a388c97673c5f483d72185668afa1f\",\"name\":\"Coordena\u00e7\u00e3o\",\"image\":{\"@type\":\"ImageObject\",\"inLanguage\":\"pt-BR\",\"@id\":\"https:\/\/secure.gravatar.com\/avatar\/b720319e4c9a967eb58678d110f4fe35452fc5d5f97b202bac7b8acceb18c6ad?s=96&d=mm&r=g\",\"url\":\"https:\/\/secure.gravatar.com\/avatar\/b720319e4c9a967eb58678d110f4fe35452fc5d5f97b202bac7b8acceb18c6ad?s=96&d=mm&r=g\",\"contentUrl\":\"https:\/\/secure.gravatar.com\/avatar\/b720319e4c9a967eb58678d110f4fe35452fc5d5f97b202bac7b8acceb18c6ad?s=96&d=mm&r=g\",\"caption\":\"Coordena\u00e7\u00e3o\"},\"sameAs\":[\"https:\/\/www.facebook.com\/EstrategiaConcursos\",\"https:\/\/x.com\/EstratConcursos\"],\"url\":\"https:\/\/www.estrategiaconcursos.com.br\/blog\/author\/estrategia2013\/\"}]}<\/script>\n<!-- \/ Yoast SEO Premium plugin. -->","yoast_head_json":{"title":"Concurso ISS Estiva MG: confira os gabaritos preliminares!","description":"Concurso ISS Estiva: edital oferta vaga para Fiscal e sal\u00e1rio inicial de R$ 2,6 mil. Divulgados os gabaritos preliminares da prova objetiva!","robots":{"index":"index","follow":"follow","max-snippet":"max-snippet:-1","max-image-preview":"max-image-preview:large","max-video-preview":"max-video-preview:-1"},"canonical":"https:\/\/www.estrategiaconcursos.com.br\/blog\/concurso-iss-estiva\/","og_locale":"pt_BR","og_type":"article","og_title":"Concurso ISS Estiva MG: confira os gabaritos preliminares!","og_description":"Concurso ISS Estiva: edital oferta vaga para Fiscal e sal\u00e1rio inicial de R$ 2,6 mil. Divulgados os gabaritos preliminares da prova objetiva!","og_url":"https:\/\/www.estrategiaconcursos.com.br\/blog\/concurso-iss-estiva\/","og_site_name":"Estrat\u00e9gia Concursos","article_author":"https:\/\/www.facebook.com\/EstrategiaConcursos","article_published_time":"2023-07-17T19:08:00+00:00","article_modified_time":"2023-07-18T18:44:06+00:00","og_image":[{"width":768,"height":432,"url":"https:\/\/dhg1h5j42swfq.cloudfront.net\/2023\/05\/29134047\/iss-estiva.jpg","type":"image\/jpeg"}],"author":"Coordena\u00e7\u00e3o","twitter_card":"summary_large_image","twitter_creator":"@EstratConcursos","twitter_site":"@EstratConcursos","twitter_misc":{"Escrito por":"Coordena\u00e7\u00e3o","Est. tempo de leitura":"3 minutos"},"schema":{"@context":"https:\/\/schema.org","@graph":[{"@type":"NewsArticle","@id":"https:\/\/www.estrategiaconcursos.com.br\/blog\/concurso-iss-estiva\/#article","isPartOf":{"@id":"https:\/\/www.estrategiaconcursos.com.br\/blog\/concurso-iss-estiva\/"},"author":{"name":"Coordena\u00e7\u00e3o","@id":"https:\/\/www.estrategiaconcursos.com.br\/blog\/#\/schema\/person\/b4a388c97673c5f483d72185668afa1f"},"headline":"Concurso ISS Estiva MG: confira os gabaritos preliminares!","datePublished":"2023-07-17T19:08:00+00:00","dateModified":"2023-07-18T18:44:06+00:00","mainEntityOfPage":{"@id":"https:\/\/www.estrategiaconcursos.com.br\/blog\/concurso-iss-estiva\/"},"wordCount":632,"commentCount":0,"publisher":{"@id":"https:\/\/www.estrategiaconcursos.com.br\/blog\/#organization"},"image":{"@id":"https:\/\/www.estrategiaconcursos.com.br\/blog\/concurso-iss-estiva\/#primaryimage"},"thumbnailUrl":"https:\/\/dhg1h5j42swfq.cloudfront.net\/2023\/05\/29134047\/iss-estiva.jpg","articleSection":["Fiscal - Municipal (ISS)"],"inLanguage":"pt-BR","potentialAction":[{"@type":"CommentAction","name":"Comment","target":["https:\/\/www.estrategiaconcursos.com.br\/blog\/concurso-iss-estiva\/#respond"]}],"copyrightYear":"2023","copyrightHolder":{"@id":"https:\/\/www.estrategiaconcursos.com.br\/blog\/#organization"}},{"@type":"WebPage","@id":"https:\/\/www.estrategiaconcursos.com.br\/blog\/concurso-iss-estiva\/","url":"https:\/\/www.estrategiaconcursos.com.br\/blog\/concurso-iss-estiva\/","name":"Concurso ISS Estiva MG: confira os gabaritos preliminares!","isPartOf":{"@id":"https:\/\/www.estrategiaconcursos.com.br\/blog\/#website"},"primaryImageOfPage":{"@id":"https:\/\/www.estrategiaconcursos.com.br\/blog\/concurso-iss-estiva\/#primaryimage"},"image":{"@id":"https:\/\/www.estrategiaconcursos.com.br\/blog\/concurso-iss-estiva\/#primaryimage"},"thumbnailUrl":"https:\/\/dhg1h5j42swfq.cloudfront.net\/2023\/05\/29134047\/iss-estiva.jpg","datePublished":"2023-07-17T19:08:00+00:00","dateModified":"2023-07-18T18:44:06+00:00","description":"Concurso ISS Estiva: edital oferta vaga para Fiscal e sal\u00e1rio inicial de R$ 2,6 mil. Divulgados os gabaritos preliminares da prova objetiva!","breadcrumb":{"@id":"https:\/\/www.estrategiaconcursos.com.br\/blog\/concurso-iss-estiva\/#breadcrumb"},"inLanguage":"pt-BR","potentialAction":[{"@type":"ReadAction","target":["https:\/\/www.estrategiaconcursos.com.br\/blog\/concurso-iss-estiva\/"]}]},{"@type":"ImageObject","inLanguage":"pt-BR","@id":"https:\/\/www.estrategiaconcursos.com.br\/blog\/concurso-iss-estiva\/#primaryimage","url":"https:\/\/dhg1h5j42swfq.cloudfront.net\/2023\/05\/29134047\/iss-estiva.jpg","contentUrl":"https:\/\/dhg1h5j42swfq.cloudfront.net\/2023\/05\/29134047\/iss-estiva.jpg","width":768,"height":432,"caption":"Concurso ISS Estiva"},{"@type":"BreadcrumbList","@id":"https:\/\/www.estrategiaconcursos.com.br\/blog\/concurso-iss-estiva\/#breadcrumb","itemListElement":[{"@type":"ListItem","position":1,"name":"In\u00edcio","item":"https:\/\/www.estrategiaconcursos.com.br\/blog\/"},{"@type":"ListItem","position":2,"name":"Concurso ISS Estiva MG: confira os gabaritos preliminares!"}]},{"@type":"WebSite","@id":"https:\/\/www.estrategiaconcursos.com.br\/blog\/#website","url":"https:\/\/www.estrategiaconcursos.com.br\/blog\/","name":"Estrat\u00e9gia Concursos","description":"O blog da Estrat\u00e9gia Concursos traz not\u00edcias sobre concursos e artigos de professores oferecendo cursos para concursos (pdf + videaulas) no site.","publisher":{"@id":"https:\/\/www.estrategiaconcursos.com.br\/blog\/#organization"},"potentialAction":[{"@type":"SearchAction","target":{"@type":"EntryPoint","urlTemplate":"https:\/\/www.estrategiaconcursos.com.br\/blog\/?s={search_term_string}"},"query-input":{"@type":"PropertyValueSpecification","valueRequired":true,"valueName":"search_term_string"}}],"inLanguage":"pt-BR"},{"@type":"Organization","@id":"https:\/\/www.estrategiaconcursos.com.br\/blog\/#organization","name":"Estrat\u00e9gia Concursos","url":"https:\/\/www.estrategiaconcursos.com.br\/blog\/","logo":{"@type":"ImageObject","inLanguage":"pt-BR","@id":"https:\/\/www.estrategiaconcursos.com.br\/blog\/#\/schema\/logo\/image\/","url":"https:\/\/dhg1h5j42swfq.cloudfront.net\/2025\/06\/03203428\/logo_concursos-1.jpg","contentUrl":"https:\/\/dhg1h5j42swfq.cloudfront.net\/2025\/06\/03203428\/logo_concursos-1.jpg","width":230,"height":60,"caption":"Estrat\u00e9gia Concursos"},"image":{"@id":"https:\/\/www.estrategiaconcursos.com.br\/blog\/#\/schema\/logo\/image\/"},"sameAs":["https:\/\/x.com\/EstratConcursos"]},{"@type":"Person","@id":"https:\/\/www.estrategiaconcursos.com.br\/blog\/#\/schema\/person\/b4a388c97673c5f483d72185668afa1f","name":"Coordena\u00e7\u00e3o","image":{"@type":"ImageObject","inLanguage":"pt-BR","@id":"https:\/\/secure.gravatar.com\/avatar\/b720319e4c9a967eb58678d110f4fe35452fc5d5f97b202bac7b8acceb18c6ad?s=96&d=mm&r=g","url":"https:\/\/secure.gravatar.com\/avatar\/b720319e4c9a967eb58678d110f4fe35452fc5d5f97b202bac7b8acceb18c6ad?s=96&d=mm&r=g","contentUrl":"https:\/\/secure.gravatar.com\/avatar\/b720319e4c9a967eb58678d110f4fe35452fc5d5f97b202bac7b8acceb18c6ad?s=96&d=mm&r=g","caption":"Coordena\u00e7\u00e3o"},"sameAs":["https:\/\/www.facebook.com\/EstrategiaConcursos","https:\/\/x.com\/EstratConcursos"],"url":"https:\/\/www.estrategiaconcursos.com.br\/blog\/author\/estrategia2013\/"}]}},"_links":{"self":[{"href":"https:\/\/www.estrategiaconcursos.com.br\/blog\/wp-json\/wp\/v2\/posts\/1220658","targetHints":{"allow":["GET"]}}],"collection":[{"href":"https:\/\/www.estrategiaconcursos.com.br\/blog\/wp-json\/wp\/v2\/posts"}],"about":[{"href":"https:\/\/www.estrategiaconcursos.com.br\/blog\/wp-json\/wp\/v2\/types\/post"}],"author":[{"embeddable":true,"href":"https:\/\/www.estrategiaconcursos.com.br\/blog\/wp-json\/wp\/v2\/users\/1"}],"replies":[{"embeddable":true,"href":"https:\/\/www.estrategiaconcursos.com.br\/blog\/wp-json\/wp\/v2\/comments?post=1220658"}],"version-history":[{"count":19,"href":"https:\/\/www.estrategiaconcursos.com.br\/blog\/wp-json\/wp\/v2\/posts\/1220658\/revisions"}],"predecessor-version":[{"id":1250643,"href":"https:\/\/www.estrategiaconcursos.com.br\/blog\/wp-json\/wp\/v2\/posts\/1220658\/revisions\/1250643"}],"wp:featuredmedia":[{"embeddable":true,"href":"https:\/\/www.estrategiaconcursos.com.br\/blog\/wp-json\/wp\/v2\/media\/1223637"}],"wp:attachment":[{"href":"https:\/\/www.estrategiaconcursos.com.br\/blog\/wp-json\/wp\/v2\/media?parent=1220658"}],"wp:term":[{"taxonomy":"category","embeddable":true,"href":"https:\/\/www.estrategiaconcursos.com.br\/blog\/wp-json\/wp\/v2\/categories?post=1220658"},{"taxonomy":"post_tag","embeddable":true,"href":"https:\/\/www.estrategiaconcursos.com.br\/blog\/wp-json\/wp\/v2\/tags?post=1220658"},{"taxonomy":"tax_estado","embeddable":true,"href":"https:\/\/www.estrategiaconcursos.com.br\/blog\/wp-json\/wp\/v2\/tax_estado?post=1220658"}],"curies":[{"name":"wp","href":"https:\/\/api.w.org\/{rel}","templated":true}]}}