{"id":121933,"date":"2018-05-20T20:29:25","date_gmt":"2018-05-20T23:29:25","guid":{"rendered":"https:\/\/www.estrategiaconcursos.com.br\/blog\/?p=121933"},"modified":"2018-05-21T16:06:11","modified_gmt":"2018-05-21T19:06:11","slug":"gabarito-direito-administrativo-pm-df-soldado-extraoficial","status":"publish","type":"post","link":"https:\/\/www.estrategiaconcursos.com.br\/blog\/gabarito-direito-administrativo-pm-df-soldado-extraoficial\/","title":{"rendered":"Gabarito Direito Administrativo PM DF Soldado (extraoficial)"},"content":{"rendered":"<p style=\"text-align: justify;\">Fala, pessoal! Neste artigo, faremos a corre\u00e7\u00e3o da prova de Direito Administrativo PM DF &#8211; Soldado. As quest\u00f5es estavam bem tranquilas.<\/p>\n<p style=\"text-align: center;\"><span style=\"text-decoration: underline;\"><span style=\"font-size: 18pt;\">E lembre-se de participar do <a href=\"https:\/\/www.estrategiaconcursos.com.br\/blog\/ranking-pmdf-soldado-2018\/\" target=\"_blank\" rel=\"noopener\">Ranking PMDF (clique aqui)<\/a>.<\/span><\/span><\/p>\n<p style=\"text-align: justify;\">Acredito que n\u00e3o teremos muito o que questionar quando a banca soltar o gabarito preliminar oficial. Vamos aos coment\u00e1rios!<\/p>\n<p style=\"text-align: justify;\">&#8212;&#8212;<\/p>\n<p style=\"text-align: justify;\">36 &#8211; A Constitui\u00e7\u00e3o Federal apresentou uma s\u00e9rie de princ\u00edpios que norteiam o Direito Administrativo, mas a Emenda Constitucional n\u00ba 19\/1998 acrescentou \u00e0 Carta Magna um princ\u00edpio espec\u00edfico cujo objetivo era desburocratizar a presta\u00e7\u00e3o de servi\u00e7o p\u00fablico. Esse \u00e9 o princ\u00edpio da<\/p>\n<p style=\"text-align: justify;\">a) finalidade<\/p>\n<p style=\"text-align: justify;\">b) proporcionalidade<\/p>\n<p style=\"text-align: justify;\">c) publicidade<\/p>\n<p style=\"text-align: justify;\">d) moralidade<\/p>\n<p style=\"text-align: justify;\">e) efici\u00eancia<\/p>\n<p style=\"text-align: justify;\"><strong>Coment\u00e1rio<\/strong>: os princ\u00edpios constitucionais expressos aplic\u00e1veis \u00e0 Administra\u00e7\u00e3o P\u00fablica formam o famoso mnem\u00f4nico: LIMPE \u2013 legalidade, impessoalidade, moralidade, publicidade e efici\u00eancia. Vale lembrar, no entanto, que o princ\u00edpio da efici\u00eancia n\u00e3o constava no texto origin\u00e1rio da CF, vindo a ser inclu\u00eddo pela Emenda Constitucional 19\/98.<\/p>\n<p style=\"text-align: justify;\">Gabarito extraoficial: alternativa E.<\/p>\n<p style=\"text-align: justify;\">37 \u2013 A nomea\u00e7\u00e3o para cargo p\u00fablico depende de pr\u00e9via habilita\u00e7\u00e3o em concurso p\u00fablico de provas ou de provas e t\u00edtulos. Assim, segundo a Lei n\u00ba 8.112\/1990, \u00e9 requisito b\u00e1sico para a investidura em cargo p\u00fablico o (a)<\/p>\n<p style=\"text-align: justify;\">a) interesse da administra\u00e7\u00e3o<\/p>\n<p style=\"text-align: justify;\">b) gozo dos direitos pol\u00edticos<\/p>\n<p style=\"text-align: justify;\">c) manuten\u00e7\u00e3o da ess\u00eancia das atribui\u00e7\u00f5es do cargo<\/p>\n<p style=\"text-align: justify;\">d) vincula\u00e7\u00e3o entre os graus de responsabilidade e complexidade das atividades<\/p>\n<p style=\"text-align: justify;\">e) mesmo n\u00edvel de escolaridade, especialidade ou habilita\u00e7\u00e3o profissional.<\/p>\n<p style=\"text-align: justify;\"><strong>Coment\u00e1rio<\/strong>: no edital do concurso, constava apenas \u201cregime jur\u00eddico \u00fanico\u201d, sem definir exatamente qual a lei que seria cobrada. Vale lembrar que os servidores estatut\u00e1rios do DF em geral se submetem ao regime da LC 840\/11. Por outro lado, os servidores da pol\u00edcia civil do DF se sujeitam \u00e0s disposi\u00e7\u00f5es da Lei 8.112\/1990, uma vez que compete \u00e0 Uni\u00e3o \u201corganizar e manter a pol\u00edcia civil, a pol\u00edcia militar e o corpo de bombeiros militar do Distrito Federal\u201d (CF, art. 21). No entanto, os militares da PM DF e do CBM DF n\u00e3o se submetem ao regime da Lei 8.112\/90 e nem da LC 840\/11. Eles est\u00e3o sujeitos \u00e0s normas pr\u00f3prias das organiza\u00e7\u00f5es militares. Dessa forma, entendemos que a banca deveria ter definido o regime que cobraria na prova, podendo ter colocado no edital a norma expressa a ser cobrada (Lei 8112 ou LC 840), ou ter definido se era \u201co regime jur\u00eddico \u00fanico dos servidores federais\u201d. Infelizmente, nem sempre as bancas s\u00e3o claras naquilo que ir\u00e3o exigir.<\/p>\n<p style=\"text-align: justify;\">Bom, apesar dessa observa\u00e7\u00e3o, poder\u00edamos encontrar a nossa resposta tanto com base na Lei 8.112 como na LC 840. Segundo a Lei 8.112\/19990:<\/p>\n<blockquote><p>Art. 5\u00ba S\u00e3o requisitos b\u00e1sicos para investidura em cargo p\u00fablico:<\/p>\n<p>I &#8211; a nacionalidade brasileira;<\/p>\n<p>II &#8211; o <strong>gozo dos direitos pol\u00edticos<\/strong>;<\/p>\n<p>III &#8211; a quita\u00e7\u00e3o com as obriga\u00e7\u00f5es militares e eleitorais;<\/p>\n<p>IV &#8211; o n\u00edvel de escolaridade exigido para o exerc\u00edcio do cargo;<\/p>\n<p>V &#8211; a idade m\u00ednima de dezoito anos;<\/p>\n<p>VI &#8211; aptid\u00e3o f\u00edsica e mental.<\/p><\/blockquote>\n<p style=\"text-align: justify;\">Assim, o gabarito \u00e9 a letra B (gozo dos direitos pol\u00edticos). Essa mesma resposta chegar\u00edamos analisando a LC 840\/11 (art. 7\u00ba, II).<\/p>\n<p style=\"text-align: justify;\">Todas as demais alternativas apresentaram requisitos para fins de redistribui\u00e7\u00e3o (Lei 8.112\/90, art. 37) e por isso est\u00e3o incorretas.<\/p>\n<p style=\"text-align: justify;\">Gabarito extraoficial: alternativa B.<\/p>\n<p style=\"text-align: justify;\">38 \u2013 Todo direito pressup\u00f5e a no\u00e7\u00e3o de limite e da proibi\u00e7\u00e3o do excesso, visando a evitar toda forma de interven\u00e7\u00e3o ou restri\u00e7\u00e3o abusiva ou desnecess\u00e1ria da Administra\u00e7\u00e3o P\u00fablica, mesmo no caso do exerc\u00edcio do poder discricion\u00e1rio. Assim, o princ\u00edpio que melhor desenvolve esse papel \u00e9 o da<\/p>\n<p style=\"text-align: justify;\">a) legalidade<\/p>\n<p style=\"text-align: justify;\">b) moralidade<\/p>\n<p style=\"text-align: justify;\">c) seguran\u00e7a jur\u00eddica<\/p>\n<p style=\"text-align: justify;\">d) proporcionalidade<\/p>\n<p style=\"text-align: justify;\">e) autotutela<\/p>\n<p style=\"text-align: justify;\"><strong><u>Coment\u00e1rio<\/u><\/strong>: os princ\u00edpios da razoabilidade e da proporcionalidade est\u00e3o diretamente ligados \u00e0 proibi\u00e7\u00e3o de excessos. Por isso, o agente p\u00fablico, ainda que diante de ato discricion\u00e1rio, n\u00e3o pode cometer exageros na interven\u00e7\u00e3o ou restri\u00e7\u00e3o de direitos. Logo, o gabarito \u00e9 a letra D.<\/p>\n<p style=\"text-align: justify;\">A legalidade exige a conduta conforme a lei; a moralidade determina a conduta \u00e9tica e honesta dos agentes p\u00fablicos; a seguran\u00e7a jur\u00eddica trata da estabilidade das rela\u00e7\u00f5es jur\u00eddicas; por fim, a autotutela \u00e9 a capacidade da Administra\u00e7\u00e3o de rever os seus pr\u00f3prios atos.<\/p>\n<p style=\"text-align: justify;\">Gabarito extraoficial: alternativa D.<\/p>\n<p style=\"text-align: justify;\">39 \u2013 Para efeitos legais, servidor \u00e9 a pessoa legalmente investida em cargo p\u00fablico. A respeito desse assunto, \u00e9 correto afirmar que s\u00e3o proibi\u00e7\u00f5es aos servidores p\u00fablicos<\/p>\n<p style=\"text-align: justify;\">a) recusar f\u00e9 a documentos p\u00fablicos<\/p>\n<p style=\"text-align: justify;\">b) manter conduta compat\u00edvel com a moralidade administrativa<\/p>\n<p style=\"text-align: justify;\">c) tratar com urbanidade as pessoas<\/p>\n<p style=\"text-align: justify;\">d) ser leal \u00e0 institui\u00e7\u00e3o a que servir<\/p>\n<p style=\"text-align: justify;\">e) representar contra ilegalidade, omiss\u00e3o ou abuso de poder<\/p>\n<p style=\"text-align: justify;\"><strong><u>Coment\u00e1rio<\/u><\/strong>: \u00e9 vedado aos servidores p\u00fablicos recusar f\u00e9 aos documentos p\u00fablicos (CF, art. 19, II; Lei 8.112\/90, art. 117, III; LC 840\/11, art. 190, VI). Logo, o gabarito \u00e9 a letra A. todas as demais condutas tratam dos deveres dos servidores p\u00fablicos.<\/p>\n<p style=\"text-align: justify;\">Gabarito extraoficial: alternativa A.<\/p>\n<p style=\"text-align: justify;\">40 \u2013 A presta\u00e7\u00e3o de servi\u00e7o p\u00fablico incumbe ao Poder P\u00fablico, na forma da lei, direta ou indiretamente ou no regime de concess\u00e3o ou permiss\u00e3o, sempre por meio de licita\u00e7\u00e3o. Sendo assim, incumbe ao poder concedente<\/p>\n<p style=\"text-align: justify;\">a) manter em dia o invent\u00e1rio e os registros dos bens vinculados \u00e0 concess\u00e3o<\/p>\n<p style=\"text-align: justify;\">b) cumprir e fazer cumprir as normas do servi\u00e7o e as cl\u00e1usulas contratuais da concess\u00e3o<\/p>\n<p style=\"text-align: justify;\">c) intervir na presta\u00e7\u00e3o de servi\u00e7o nos casos e nas condi\u00e7\u00f5es previstas em lei<\/p>\n<p style=\"text-align: justify;\">d) zelar pela integridade dos bens vinculados \u00e0 presta\u00e7\u00e3o de servi\u00e7o, bem como segur\u00e1-los adequadamente<\/p>\n<p style=\"text-align: justify;\">e) captar, aplicar e gerir os recursos financeiros necess\u00e1rios \u00e0 presta\u00e7\u00e3o do servi\u00e7o.<\/p>\n<p style=\"text-align: justify;\"><strong><u>Coment\u00e1rio<\/u><\/strong>: de acordo com a Lei 8.987\/1995, um dos encargos do poder concedente \u00e9 \u201cintervir na presta\u00e7\u00e3o do servi\u00e7o, nos casos e condi\u00e7\u00f5es previstos em lei\u201d (art. 29, III). Logo, o gabarito \u00e9 a op\u00e7\u00e3o C.<\/p>\n<p style=\"text-align: justify;\">As demais alternativas tratam dos encargos da concession\u00e1ria (art. 31).<\/p>\n<p style=\"text-align: justify;\">Gabarito extraoficial: alternativa C.<\/p>\n<p style=\"text-align: justify;\">____<\/p>\n<p style=\"text-align: justify;\">\u00c9 isso a\u00ed, pessoal! Um grande abra\u00e7o a todos! N\u00e3o deixe de nos seguir nas redes sociais:<\/p>\n<ul style=\"text-align: justify;\">\n<li><strong>Instagram<\/strong>: <a href=\"https:\/\/www.instagram.com\/profherbertalmeida\/\" target=\"_blank\" rel=\"noopener\">@profherbertalmeida<\/a><\/li>\n<li><strong>Youtube<\/strong>: \/profherbertalmeida<\/li>\n<li><strong>Facebook<\/strong>:\u00a0<a href=\"https:\/\/www.facebook.com\/profherbertalmeida\/\" target=\"_blank\" rel=\"noopener\">profherbertalmeida<\/a><\/li>\n<\/ul>\n<p style=\"text-align: justify;\">Grande abra\u00e7o,<\/p>\n<p style=\"text-align: justify;\">Herbert Almeida<\/p>\n","protected":false},"excerpt":{"rendered":"<p>Fala, pessoal! Neste artigo, faremos a corre\u00e7\u00e3o da prova de Direito Administrativo PM DF &#8211; Soldado. As quest\u00f5es estavam bem tranquilas. E lembre-se de participar do Ranking PMDF (clique aqui). Acredito que n\u00e3o teremos muito o que questionar quando a banca soltar o gabarito preliminar oficial. Vamos aos coment\u00e1rios! &#8212;&#8212; 36 &#8211; A Constitui\u00e7\u00e3o Federal [&hellip;]<\/p>\n","protected":false},"author":129,"featured_media":0,"comment_status":"open","ping_status":"closed","sticky":false,"template":"","format":"standard","meta":{"post_tipo":"article","footnotes":""},"categories":[1],"tags":[],"tax_estado":[],"class_list":["post-121933","post","type-post","status-publish","format-standard","hentry","category-cursos-e-concursos"],"acf":[],"yoast_head":"<!-- This site is optimized with the Yoast SEO Premium plugin v27.2 (Yoast SEO v27.2) - https:\/\/yoast.com\/product\/yoast-seo-premium-wordpress\/ -->\n<title>Gabarito Direito Administrativo PM DF Soldado (extraoficial)<\/title>\n<meta name=\"description\" content=\"Gabarito Direito Administrativo PM DF - Extraoficial. Coment\u00e1rio das quest\u00f5es de Direito Administrativo do concurso da PMDF, aplicado pelo Iades.\" \/>\n<meta name=\"robots\" content=\"index, follow, max-snippet:-1, max-image-preview:large, max-video-preview:-1\" \/>\n<link rel=\"canonical\" href=\"https:\/\/www.estrategiaconcursos.com.br\/blog\/gabarito-direito-administrativo-pm-df-soldado-extraoficial\/\" \/>\n<meta property=\"og:locale\" content=\"pt_BR\" \/>\n<meta property=\"og:type\" content=\"article\" \/>\n<meta property=\"og:title\" content=\"Gabarito Direito Administrativo PM DF Soldado (extraoficial)\" \/>\n<meta property=\"og:description\" content=\"Gabarito Direito Administrativo PM DF - Extraoficial. Coment\u00e1rio das quest\u00f5es de Direito Administrativo do concurso da PMDF, aplicado pelo Iades.\" \/>\n<meta property=\"og:url\" content=\"https:\/\/www.estrategiaconcursos.com.br\/blog\/gabarito-direito-administrativo-pm-df-soldado-extraoficial\/\" \/>\n<meta property=\"og:site_name\" content=\"Estrat\u00e9gia Concursos\" \/>\n<meta property=\"article:published_time\" content=\"2018-05-20T23:29:25+00:00\" \/>\n<meta property=\"article:modified_time\" content=\"2018-05-21T19:06:11+00:00\" \/>\n<meta name=\"author\" content=\"Herbert Almeida\" \/>\n<meta name=\"twitter:card\" content=\"summary_large_image\" \/>\n<meta name=\"twitter:creator\" content=\"@EstratConcursos\" \/>\n<meta name=\"twitter:site\" content=\"@EstratConcursos\" \/>\n<meta name=\"twitter:label1\" content=\"Escrito por\" \/>\n\t<meta name=\"twitter:data1\" content=\"Herbert Almeida\" \/>\n\t<meta name=\"twitter:label2\" content=\"Est. tempo de leitura\" \/>\n\t<meta name=\"twitter:data2\" content=\"5 minutos\" \/>\n<script type=\"application\/ld+json\" class=\"yoast-schema-graph\">{\"@context\":\"https:\/\/schema.org\",\"@graph\":[{\"@type\":\"NewsArticle\",\"@id\":\"https:\/\/www.estrategiaconcursos.com.br\/blog\/gabarito-direito-administrativo-pm-df-soldado-extraoficial\/#article\",\"isPartOf\":{\"@id\":\"https:\/\/www.estrategiaconcursos.com.br\/blog\/gabarito-direito-administrativo-pm-df-soldado-extraoficial\/\"},\"author\":{\"name\":\"Herbert Almeida\",\"@id\":\"https:\/\/www.estrategiaconcursos.com.br\/blog\/#\/schema\/person\/59717c75350fa01aa0fd68a52a8d02e0\"},\"headline\":\"Gabarito Direito Administrativo PM DF Soldado (extraoficial)\",\"datePublished\":\"2018-05-20T23:29:25+00:00\",\"dateModified\":\"2018-05-21T19:06:11+00:00\",\"mainEntityOfPage\":{\"@id\":\"https:\/\/www.estrategiaconcursos.com.br\/blog\/gabarito-direito-administrativo-pm-df-soldado-extraoficial\/\"},\"wordCount\":1057,\"commentCount\":0,\"publisher\":{\"@id\":\"https:\/\/www.estrategiaconcursos.com.br\/blog\/#organization\"},\"articleSection\":[\"Concursos P\u00fablicos\"],\"inLanguage\":\"pt-BR\",\"potentialAction\":[{\"@type\":\"CommentAction\",\"name\":\"Comment\",\"target\":[\"https:\/\/www.estrategiaconcursos.com.br\/blog\/gabarito-direito-administrativo-pm-df-soldado-extraoficial\/#respond\"]}],\"copyrightYear\":\"2018\",\"copyrightHolder\":{\"@id\":\"https:\/\/www.estrategiaconcursos.com.br\/blog\/#organization\"}},{\"@type\":\"WebPage\",\"@id\":\"https:\/\/www.estrategiaconcursos.com.br\/blog\/gabarito-direito-administrativo-pm-df-soldado-extraoficial\/\",\"url\":\"https:\/\/www.estrategiaconcursos.com.br\/blog\/gabarito-direito-administrativo-pm-df-soldado-extraoficial\/\",\"name\":\"Gabarito Direito Administrativo PM DF Soldado (extraoficial)\",\"isPartOf\":{\"@id\":\"https:\/\/www.estrategiaconcursos.com.br\/blog\/#website\"},\"datePublished\":\"2018-05-20T23:29:25+00:00\",\"dateModified\":\"2018-05-21T19:06:11+00:00\",\"description\":\"Gabarito Direito Administrativo PM DF - Extraoficial. Coment\u00e1rio das quest\u00f5es de Direito Administrativo do concurso da PMDF, aplicado pelo Iades.\",\"breadcrumb\":{\"@id\":\"https:\/\/www.estrategiaconcursos.com.br\/blog\/gabarito-direito-administrativo-pm-df-soldado-extraoficial\/#breadcrumb\"},\"inLanguage\":\"pt-BR\",\"potentialAction\":[{\"@type\":\"ReadAction\",\"target\":[\"https:\/\/www.estrategiaconcursos.com.br\/blog\/gabarito-direito-administrativo-pm-df-soldado-extraoficial\/\"]}]},{\"@type\":\"BreadcrumbList\",\"@id\":\"https:\/\/www.estrategiaconcursos.com.br\/blog\/gabarito-direito-administrativo-pm-df-soldado-extraoficial\/#breadcrumb\",\"itemListElement\":[{\"@type\":\"ListItem\",\"position\":1,\"name\":\"In\u00edcio\",\"item\":\"https:\/\/www.estrategiaconcursos.com.br\/blog\/\"},{\"@type\":\"ListItem\",\"position\":2,\"name\":\"Gabarito Direito Administrativo PM DF Soldado (extraoficial)\"}]},{\"@type\":\"WebSite\",\"@id\":\"https:\/\/www.estrategiaconcursos.com.br\/blog\/#website\",\"url\":\"https:\/\/www.estrategiaconcursos.com.br\/blog\/\",\"name\":\"Estrat\u00e9gia Concursos\",\"description\":\"O blog da Estrat\u00e9gia Concursos traz not\u00edcias sobre concursos e artigos de professores oferecendo cursos para concursos (pdf + videaulas) no site.\",\"publisher\":{\"@id\":\"https:\/\/www.estrategiaconcursos.com.br\/blog\/#organization\"},\"potentialAction\":[{\"@type\":\"SearchAction\",\"target\":{\"@type\":\"EntryPoint\",\"urlTemplate\":\"https:\/\/www.estrategiaconcursos.com.br\/blog\/?s={search_term_string}\"},\"query-input\":{\"@type\":\"PropertyValueSpecification\",\"valueRequired\":true,\"valueName\":\"search_term_string\"}}],\"inLanguage\":\"pt-BR\"},{\"@type\":\"Organization\",\"@id\":\"https:\/\/www.estrategiaconcursos.com.br\/blog\/#organization\",\"name\":\"Estrat\u00e9gia Concursos\",\"url\":\"https:\/\/www.estrategiaconcursos.com.br\/blog\/\",\"logo\":{\"@type\":\"ImageObject\",\"inLanguage\":\"pt-BR\",\"@id\":\"https:\/\/www.estrategiaconcursos.com.br\/blog\/#\/schema\/logo\/image\/\",\"url\":\"https:\/\/dhg1h5j42swfq.cloudfront.net\/2025\/06\/03203428\/logo_concursos-1.jpg\",\"contentUrl\":\"https:\/\/dhg1h5j42swfq.cloudfront.net\/2025\/06\/03203428\/logo_concursos-1.jpg\",\"width\":230,\"height\":60,\"caption\":\"Estrat\u00e9gia Concursos\"},\"image\":{\"@id\":\"https:\/\/www.estrategiaconcursos.com.br\/blog\/#\/schema\/logo\/image\/\"},\"sameAs\":[\"https:\/\/x.com\/EstratConcursos\"]},{\"@type\":\"Person\",\"@id\":\"https:\/\/www.estrategiaconcursos.com.br\/blog\/#\/schema\/person\/59717c75350fa01aa0fd68a52a8d02e0\",\"name\":\"Herbert Almeida\",\"image\":{\"@type\":\"ImageObject\",\"inLanguage\":\"pt-BR\",\"@id\":\"https:\/\/secure.gravatar.com\/avatar\/b6461a43893c24d5fc91efc433971ffec025c84c0341129f4578034d77f9a536?s=96&d=mm&r=g\",\"url\":\"https:\/\/secure.gravatar.com\/avatar\/b6461a43893c24d5fc91efc433971ffec025c84c0341129f4578034d77f9a536?s=96&d=mm&r=g\",\"contentUrl\":\"https:\/\/secure.gravatar.com\/avatar\/b6461a43893c24d5fc91efc433971ffec025c84c0341129f4578034d77f9a536?s=96&d=mm&r=g\",\"caption\":\"Herbert Almeida\"},\"url\":\"https:\/\/www.estrategiaconcursos.com.br\/blog\/author\/herbertestrategiaconcursos-com-br\/\"}]}<\/script>\n<!-- \/ Yoast SEO Premium plugin. -->","yoast_head_json":{"title":"Gabarito Direito Administrativo PM DF Soldado (extraoficial)","description":"Gabarito Direito Administrativo PM DF - Extraoficial. Coment\u00e1rio das quest\u00f5es de Direito Administrativo do concurso da PMDF, aplicado pelo Iades.","robots":{"index":"index","follow":"follow","max-snippet":"max-snippet:-1","max-image-preview":"max-image-preview:large","max-video-preview":"max-video-preview:-1"},"canonical":"https:\/\/www.estrategiaconcursos.com.br\/blog\/gabarito-direito-administrativo-pm-df-soldado-extraoficial\/","og_locale":"pt_BR","og_type":"article","og_title":"Gabarito Direito Administrativo PM DF Soldado (extraoficial)","og_description":"Gabarito Direito Administrativo PM DF - Extraoficial. Coment\u00e1rio das quest\u00f5es de Direito Administrativo do concurso da PMDF, aplicado pelo Iades.","og_url":"https:\/\/www.estrategiaconcursos.com.br\/blog\/gabarito-direito-administrativo-pm-df-soldado-extraoficial\/","og_site_name":"Estrat\u00e9gia Concursos","article_published_time":"2018-05-20T23:29:25+00:00","article_modified_time":"2018-05-21T19:06:11+00:00","author":"Herbert Almeida","twitter_card":"summary_large_image","twitter_creator":"@EstratConcursos","twitter_site":"@EstratConcursos","twitter_misc":{"Escrito por":"Herbert Almeida","Est. tempo de leitura":"5 minutos"},"schema":{"@context":"https:\/\/schema.org","@graph":[{"@type":"NewsArticle","@id":"https:\/\/www.estrategiaconcursos.com.br\/blog\/gabarito-direito-administrativo-pm-df-soldado-extraoficial\/#article","isPartOf":{"@id":"https:\/\/www.estrategiaconcursos.com.br\/blog\/gabarito-direito-administrativo-pm-df-soldado-extraoficial\/"},"author":{"name":"Herbert Almeida","@id":"https:\/\/www.estrategiaconcursos.com.br\/blog\/#\/schema\/person\/59717c75350fa01aa0fd68a52a8d02e0"},"headline":"Gabarito Direito Administrativo PM DF Soldado (extraoficial)","datePublished":"2018-05-20T23:29:25+00:00","dateModified":"2018-05-21T19:06:11+00:00","mainEntityOfPage":{"@id":"https:\/\/www.estrategiaconcursos.com.br\/blog\/gabarito-direito-administrativo-pm-df-soldado-extraoficial\/"},"wordCount":1057,"commentCount":0,"publisher":{"@id":"https:\/\/www.estrategiaconcursos.com.br\/blog\/#organization"},"articleSection":["Concursos P\u00fablicos"],"inLanguage":"pt-BR","potentialAction":[{"@type":"CommentAction","name":"Comment","target":["https:\/\/www.estrategiaconcursos.com.br\/blog\/gabarito-direito-administrativo-pm-df-soldado-extraoficial\/#respond"]}],"copyrightYear":"2018","copyrightHolder":{"@id":"https:\/\/www.estrategiaconcursos.com.br\/blog\/#organization"}},{"@type":"WebPage","@id":"https:\/\/www.estrategiaconcursos.com.br\/blog\/gabarito-direito-administrativo-pm-df-soldado-extraoficial\/","url":"https:\/\/www.estrategiaconcursos.com.br\/blog\/gabarito-direito-administrativo-pm-df-soldado-extraoficial\/","name":"Gabarito Direito Administrativo PM DF Soldado (extraoficial)","isPartOf":{"@id":"https:\/\/www.estrategiaconcursos.com.br\/blog\/#website"},"datePublished":"2018-05-20T23:29:25+00:00","dateModified":"2018-05-21T19:06:11+00:00","description":"Gabarito Direito Administrativo PM DF - Extraoficial. Coment\u00e1rio das quest\u00f5es de Direito Administrativo do concurso da PMDF, aplicado pelo Iades.","breadcrumb":{"@id":"https:\/\/www.estrategiaconcursos.com.br\/blog\/gabarito-direito-administrativo-pm-df-soldado-extraoficial\/#breadcrumb"},"inLanguage":"pt-BR","potentialAction":[{"@type":"ReadAction","target":["https:\/\/www.estrategiaconcursos.com.br\/blog\/gabarito-direito-administrativo-pm-df-soldado-extraoficial\/"]}]},{"@type":"BreadcrumbList","@id":"https:\/\/www.estrategiaconcursos.com.br\/blog\/gabarito-direito-administrativo-pm-df-soldado-extraoficial\/#breadcrumb","itemListElement":[{"@type":"ListItem","position":1,"name":"In\u00edcio","item":"https:\/\/www.estrategiaconcursos.com.br\/blog\/"},{"@type":"ListItem","position":2,"name":"Gabarito Direito Administrativo PM DF Soldado (extraoficial)"}]},{"@type":"WebSite","@id":"https:\/\/www.estrategiaconcursos.com.br\/blog\/#website","url":"https:\/\/www.estrategiaconcursos.com.br\/blog\/","name":"Estrat\u00e9gia Concursos","description":"O blog da Estrat\u00e9gia Concursos traz not\u00edcias sobre concursos e artigos de professores oferecendo cursos para concursos (pdf + videaulas) no site.","publisher":{"@id":"https:\/\/www.estrategiaconcursos.com.br\/blog\/#organization"},"potentialAction":[{"@type":"SearchAction","target":{"@type":"EntryPoint","urlTemplate":"https:\/\/www.estrategiaconcursos.com.br\/blog\/?s={search_term_string}"},"query-input":{"@type":"PropertyValueSpecification","valueRequired":true,"valueName":"search_term_string"}}],"inLanguage":"pt-BR"},{"@type":"Organization","@id":"https:\/\/www.estrategiaconcursos.com.br\/blog\/#organization","name":"Estrat\u00e9gia Concursos","url":"https:\/\/www.estrategiaconcursos.com.br\/blog\/","logo":{"@type":"ImageObject","inLanguage":"pt-BR","@id":"https:\/\/www.estrategiaconcursos.com.br\/blog\/#\/schema\/logo\/image\/","url":"https:\/\/dhg1h5j42swfq.cloudfront.net\/2025\/06\/03203428\/logo_concursos-1.jpg","contentUrl":"https:\/\/dhg1h5j42swfq.cloudfront.net\/2025\/06\/03203428\/logo_concursos-1.jpg","width":230,"height":60,"caption":"Estrat\u00e9gia Concursos"},"image":{"@id":"https:\/\/www.estrategiaconcursos.com.br\/blog\/#\/schema\/logo\/image\/"},"sameAs":["https:\/\/x.com\/EstratConcursos"]},{"@type":"Person","@id":"https:\/\/www.estrategiaconcursos.com.br\/blog\/#\/schema\/person\/59717c75350fa01aa0fd68a52a8d02e0","name":"Herbert Almeida","image":{"@type":"ImageObject","inLanguage":"pt-BR","@id":"https:\/\/secure.gravatar.com\/avatar\/b6461a43893c24d5fc91efc433971ffec025c84c0341129f4578034d77f9a536?s=96&d=mm&r=g","url":"https:\/\/secure.gravatar.com\/avatar\/b6461a43893c24d5fc91efc433971ffec025c84c0341129f4578034d77f9a536?s=96&d=mm&r=g","contentUrl":"https:\/\/secure.gravatar.com\/avatar\/b6461a43893c24d5fc91efc433971ffec025c84c0341129f4578034d77f9a536?s=96&d=mm&r=g","caption":"Herbert Almeida"},"url":"https:\/\/www.estrategiaconcursos.com.br\/blog\/author\/herbertestrategiaconcursos-com-br\/"}]}},"_links":{"self":[{"href":"https:\/\/www.estrategiaconcursos.com.br\/blog\/wp-json\/wp\/v2\/posts\/121933","targetHints":{"allow":["GET"]}}],"collection":[{"href":"https:\/\/www.estrategiaconcursos.com.br\/blog\/wp-json\/wp\/v2\/posts"}],"about":[{"href":"https:\/\/www.estrategiaconcursos.com.br\/blog\/wp-json\/wp\/v2\/types\/post"}],"author":[{"embeddable":true,"href":"https:\/\/www.estrategiaconcursos.com.br\/blog\/wp-json\/wp\/v2\/users\/129"}],"replies":[{"embeddable":true,"href":"https:\/\/www.estrategiaconcursos.com.br\/blog\/wp-json\/wp\/v2\/comments?post=121933"}],"version-history":[{"count":4,"href":"https:\/\/www.estrategiaconcursos.com.br\/blog\/wp-json\/wp\/v2\/posts\/121933\/revisions"}],"predecessor-version":[{"id":122140,"href":"https:\/\/www.estrategiaconcursos.com.br\/blog\/wp-json\/wp\/v2\/posts\/121933\/revisions\/122140"}],"wp:attachment":[{"href":"https:\/\/www.estrategiaconcursos.com.br\/blog\/wp-json\/wp\/v2\/media?parent=121933"}],"wp:term":[{"taxonomy":"category","embeddable":true,"href":"https:\/\/www.estrategiaconcursos.com.br\/blog\/wp-json\/wp\/v2\/categories?post=121933"},{"taxonomy":"post_tag","embeddable":true,"href":"https:\/\/www.estrategiaconcursos.com.br\/blog\/wp-json\/wp\/v2\/tags?post=121933"},{"taxonomy":"tax_estado","embeddable":true,"href":"https:\/\/www.estrategiaconcursos.com.br\/blog\/wp-json\/wp\/v2\/tax_estado?post=121933"}],"curies":[{"name":"wp","href":"https:\/\/api.w.org\/{rel}","templated":true}]}}