{"id":1219210,"date":"2023-05-19T15:33:56","date_gmt":"2023-05-19T18:33:56","guid":{"rendered":"https:\/\/www.estrategiaconcursos.com.br\/blog\/?p=1219210"},"modified":"2023-05-19T17:34:24","modified_gmt":"2023-05-19T20:34:24","slug":"concurso-de-cambe-edital-publicado","status":"publish","type":"post","link":"https:\/\/www.estrategiaconcursos.com.br\/blog\/concurso-de-cambe-edital-publicado\/","title":{"rendered":"Edital Camb\u00e9 PR: PUBLICADO com iniciais de at\u00e9 R$ 8,1 mil!"},"content":{"rendered":"\n<p>A <strong>Prefeitura de Camb\u00e9<\/strong> (PR) publicou o seu edital de concurso p\u00fablico para provimento de <strong>27 vagas<\/strong> em cargos de n\u00edvel m\u00e9dio, t\u00e9cnico e superior de forma\u00e7\u00e3o. J\u00e1 os sal\u00e1rios iniciais s\u00e3o bem atraentes, de at\u00e9 R$ 8,1 mil!<\/p>\n\n\n\n<p>Al\u00e9m das oportunidades imediatas, a sele\u00e7\u00e3o ainda contempla vagas em cadastro de reserva. As chances s\u00e3o em diversas \u00e1reas, sendo elas: sa\u00fade, esporte, assist\u00eancia social, entre outras.<\/p>\n\n\n\n<p>Os interessados em participar do concurso devem se inscrever entre os dias <strong>1\u00ba de junho e 06 de julho<\/strong>, atrav\u00e9s do site da banca organizadora, <a href=\"https:\/\/www.fauel.org.br\/paginaconcurso.php?concurso=04025959b191f8f9de3f924f0940515f\" target=\"_blank\" rel=\"noreferrer noopener\"><strong>FAUEL<\/strong><\/a>. Tamb\u00e9m ser\u00e1 necess\u00e1rio efetuar o pagamento da taxa:<\/p>\n\n\n\n<ul class=\"wp-block-list\">\n<li>N\u00edvel m\u00e9dio\/t\u00e9cnico: <strong>R$ 70,00<\/strong><\/li>\n\n\n\n<li>N\u00edvel superior: <strong>R$ 100,00<\/strong><\/li>\n<\/ul>\n\n\n\n<p>Vale frisar que as provas objetivas e discursivas do edital Prefeitura de Camb\u00e9 est\u00e3o previstas para o dia<strong> 06 de agosto<\/strong> e, a depender do cargo, tamb\u00e9m ser\u00e3o realizadas provas de t\u00edtulos.<\/p>\n\n\n\n<figure class=\"wp-block-image aligncenter size-full\"><img loading=\"lazy\" decoding=\"async\" width=\"889\" height=\"599\" src=\"https:\/\/dhg1h5j42swfq.cloudfront.net\/2023\/05\/19151954\/cambe.png\" alt=\"Edital Prefeitura de Camb\u00e9 \u00e9 publicado com iniciais de at\u00e9 R$ 8,1 mil!\" class=\"wp-image-1219212\" srcset=\"https:\/\/dhg1h5j42swfq.cloudfront.net\/2023\/05\/19151954\/cambe.png 889w, https:\/\/dhg1h5j42swfq.cloudfront.net\/2023\/05\/19151954\/cambe-300x202.png 300w, https:\/\/dhg1h5j42swfq.cloudfront.net\/2023\/05\/19151954\/cambe-768x517.png 768w, https:\/\/dhg1h5j42swfq.cloudfront.net\/2023\/05\/19151954\/cambe-610x411.png 610w, https:\/\/dhg1h5j42swfq.cloudfront.net\/2023\/05\/19151954\/cambe-150x101.png 150w\" sizes=\"auto, (max-width: 889px) 100vw, 889px\" \/><figcaption class=\"wp-element-caption\">Edital Prefeitura de Camb\u00e9 \u00e9 publicado com iniciais de at\u00e9 R$ 8,1 mil!<\/figcaption><\/figure>\n\n\n\n<p>O prazo de validade do concurso ser\u00e1 de dois anos, contado a partir da data de publica\u00e7\u00e3o da homologa\u00e7\u00e3o do resultado final, podendo ser prorrog\u00e1vel por uma vez, por igual per\u00edodo.<\/p>\n\n\n\n<div class=\"container\" id=\"boxes\">\n  <div class=\"row\">\n\n    <div class=\"col-sm\">\n      <div class=\"banner-estrategia\" id=\"box-assinatura\">\n        <h3 class=\"titulo-assinatura\">Concurso Prefeitura de Camb\u00e9<\/h3>\n        <p class=\"subtitulo-assinatura\">Conhe\u00e7a os cursos<\/p>\n        <div class=\"box-botao\">\n          <a class=\"btn-assinatura\" target=\"_blank\" href=\"https:\/\/www.estrategiaconcursos.com.br\/cursos\/\" role=\"button\" rel=\"noopener noreferrer\">Conhe\u00e7a mais<\/a>\n        <\/div>\n      <\/div>\n \n    <\/div>\n\n  <\/div>\n<\/div>\n\n\n\n<h2 class=\"wp-block-heading\" id=\"datas\">Edital de Camb\u00e9: principais datas <\/h2>\n\n\n\n<ul class=\"wp-block-list\">\n<li><strong>Inscri\u00e7\u00f5es<\/strong>: 1\u00ba de junho a 06 de julho <\/li>\n\n\n\n<li><strong>Isen\u00e7\u00e3o da taxa:<\/strong> 29 a 31 de maio<\/li>\n\n\n\n<li><strong>\u00daltimo dia para pagamento<\/strong>: 07 de julho<\/li>\n\n\n\n<li><strong>Provas<\/strong>: 06 de agosto<\/li>\n<\/ul>\n\n\n\n<h2 class=\"wp-block-heading\" id=\"cargos\">Edital de Camb\u00e9: cargos e vagas <\/h2>\n\n\n\n<p>Veja abaixo a distribui\u00e7\u00e3o dos cargos, vagas e sal\u00e1rios do edital de Camb\u00e9:<\/p>\n\n\n\n<h3 class=\"wp-block-heading\" id=\"medio\">Cargos de n\u00edveis m\u00e9dio\/t\u00e9cnico<\/h3>\n\n\n\n<ul class=\"wp-block-list\">\n<li><strong>Agente Fazend\u00e1rio:<\/strong> 03 vagas + CR (R$ 3.404,53)<\/li>\n\n\n\n<li><strong>Agente Social:<\/strong> 04 vagas + CR (R$ 1.812,76)<\/li>\n\n\n\n<li><strong>Auxiliar em Sa\u00fade Bucal:<\/strong> 01 vaga + CR (R$ 1.946,52)<\/li>\n\n\n\n<li><strong>Fiscal do Procon:<\/strong> 01 vaga + CR (R$ 2.796,85)<\/li>\n\n\n\n<li><strong>Fiscal Sanit\u00e1rio:<\/strong> 01 vaga + CR (R$ 2.796,85)<\/li>\n\n\n\n<li><strong>T\u00e9cnico em Sa\u00fade Bucal:<\/strong> 01 vaga + CR (R$ 2.796,85)<\/li>\n<\/ul>\n\n\n\n<h3 class=\"wp-block-heading\" id=\"superior\">Cargos de n\u00edvel superior<\/h3>\n\n\n\n<ul class=\"wp-block-list\">\n<li><strong>Advogado: <\/strong>01 vaga + CR (R$ 6.516,73)<\/li>\n\n\n\n<li><strong>Assistente Social:<\/strong> 05 vagas + CR (R$ 3.915,15)<\/li>\n\n\n\n<li><strong>Bi\u00f3logo:<\/strong> 01 vaga + CR (R$ 4.837,87)<\/li>\n\n\n\n<li><strong>Contador:<\/strong> 01 vaga + CR (R$ 6.516,73)<\/li>\n\n\n\n<li><strong>Dentista: <\/strong>01 vaga + CR (R$ 8.103,73)<\/li>\n\n\n\n<li><strong>Educador F\u00edsico do Esporte:<\/strong> 03 vagas + CR (R$ 2.796,85)<\/li>\n\n\n\n<li><strong>Engenheiro Agr\u00f4nomo:<\/strong> 01 vaga + CR (R$ 3.915,15)<\/li>\n\n\n\n<li><strong>Engenheiro Eletricista:<\/strong> 01 vaga + CR (R$ 6.516,73)<\/li>\n<\/ul>\n\n\n\n<h2 class=\"wp-block-heading\" id=\"etapas\">Edital de Camb\u00e9: etapas e provas <\/h2>\n\n\n\n<p>Os candidatos inscritos no edital de Camb\u00e9 ter\u00e3o que enfrentar algumas importantes etapas de provas para garantir a t\u00e3o sonhada aprova\u00e7\u00e3o. Confira cada uma delas:<\/p>\n\n\n\n<ul class=\"wp-block-list\">\n<li><strong>Prova Objetiva: <\/strong>de car\u00e1ter classificat\u00f3rio e eliminat\u00f3rio, aplicada \u00e0 todos os cargos;<\/li>\n\n\n\n<li><strong>Prova Dissertativa: <\/strong>de car\u00e1ter classificat\u00f3rio e eliminat\u00f3rio, aplicada somente ao cargo de Advogado;<\/li>\n\n\n\n<li><strong>Avalia\u00e7\u00e3o de T\u00edtulos:<\/strong> de car\u00e1ter classificat\u00f3rio, aplicada aos cargos de Assistente Social, Bi\u00f3logo, Contador, Dentista \u2013 PSF, Educador F\u00edsico do Esporte, Engenheiro Agr\u00f4nomo e Engenheiro Eletricista.<\/li>\n<\/ul>\n\n\n\n<h3 class=\"wp-block-heading\" id=\"objetiva\">Sobre a prova objetiva<\/h3>\n\n\n\n<p>A prova objetiva do edital de Camb\u00e9 ser\u00e1 realizada no dia 06 de agosto, composta por <strong>60 quest\u00f5es de m\u00faltipla escolha<\/strong>. Os conte\u00fados cobrados ser\u00e3o de conhecimentos gerais e conhecimentos espec\u00edficos de cada fun\u00e7\u00e3o:<\/p>\n\n\n\n<figure class=\"wp-block-image aligncenter size-full\"><img loading=\"lazy\" decoding=\"async\" width=\"673\" height=\"217\" src=\"https:\/\/dhg1h5j42swfq.cloudfront.net\/2023\/05\/19134533\/captura-de-tela-2023-05-19-as-13-44-53.png\" alt=\"Edital de Camb\u00e9: provas\" class=\"wp-image-1219074\" srcset=\"https:\/\/dhg1h5j42swfq.cloudfront.net\/2023\/05\/19134533\/captura-de-tela-2023-05-19-as-13-44-53.png 673w, https:\/\/dhg1h5j42swfq.cloudfront.net\/2023\/05\/19134533\/captura-de-tela-2023-05-19-as-13-44-53-300x97.png 300w, https:\/\/dhg1h5j42swfq.cloudfront.net\/2023\/05\/19134533\/captura-de-tela-2023-05-19-as-13-44-53-610x197.png 610w, https:\/\/dhg1h5j42swfq.cloudfront.net\/2023\/05\/19134533\/captura-de-tela-2023-05-19-as-13-44-53-150x48.png 150w\" sizes=\"auto, (max-width: 673px) 100vw, 673px\" \/><\/figure>\n\n\n\n<figure class=\"wp-block-image aligncenter size-full\"><img loading=\"lazy\" decoding=\"async\" width=\"670\" height=\"261\" src=\"https:\/\/dhg1h5j42swfq.cloudfront.net\/2023\/05\/19134548\/captura-de-tela-2023-05-19-as-13-45-03.png\" alt=\"provas objetivas do edital da Prefeitura de Camb\u00e9\" class=\"wp-image-1219075\" srcset=\"https:\/\/dhg1h5j42swfq.cloudfront.net\/2023\/05\/19134548\/captura-de-tela-2023-05-19-as-13-45-03.png 670w, https:\/\/dhg1h5j42swfq.cloudfront.net\/2023\/05\/19134548\/captura-de-tela-2023-05-19-as-13-45-03-300x117.png 300w, https:\/\/dhg1h5j42swfq.cloudfront.net\/2023\/05\/19134548\/captura-de-tela-2023-05-19-as-13-45-03-610x238.png 610w, https:\/\/dhg1h5j42swfq.cloudfront.net\/2023\/05\/19134548\/captura-de-tela-2023-05-19-as-13-45-03-150x58.png 150w\" sizes=\"auto, (max-width: 670px) 100vw, 670px\" \/><\/figure>\n\n\n\n<p>Para ser considerado aprovado, obter, no m\u00ednimo, <strong>50%<\/strong> do total de pontos previstos para a prova e <strong>n\u00e3o zerar<\/strong> em nenhuma das mat\u00e9rias.<\/p>\n\n\n\n<p class=\"has-text-align-center\"><em>Para conferir as informa\u00e7\u00f5es acerca das demais etapas, prova discursiva e avalia\u00e7\u00e3o de t\u00edtulos, acesse agora mesmo o artigo completo que preparamos sobre o concurso Prefeitura de Camb\u00e9:<\/em><\/p>\n\n\n\n<p class=\"has-text-align-center has-background\" style=\"background-color:#f8f8f8;font-size:clamp(14.642px, 0.915rem + ((1vw - 3.2px) * 0.721), 22px);\"><strong>Saiba mais: <a href=\"https:\/\/www.estrategiaconcursos.com.br\/blog\/concurso-prefeitura-de-cambe\/\" target=\"_blank\" rel=\"noreferrer noopener\">Concurso Prefeitura de Camb\u00e9<\/a><\/strong><\/p>\n\n\n\n<p class=\"has-text-align-center has-background\" style=\"background-color:#eef6ff;font-size:clamp(14.642px, 0.915rem + ((1vw - 3.2px) * 0.721), 22px);\"><strong>Veja tamb\u00e9m: <a href=\"https:\/\/www.estrategiaconcursos.com.br\/blog\/concurso-iss-cambe\/\" target=\"_blank\" rel=\"noreferrer noopener\">Concurso ISS Camb\u00e9<\/a> | <a href=\"https:\/\/www.estrategiaconcursos.com.br\/blog\/concurso-cambe-saude\/\" target=\"_blank\" rel=\"noreferrer noopener\">Concurso Camb\u00e9 Sa\u00fade<\/a><\/strong><\/p>\n\n\n\n<hr class=\"wp-block-separator has-alpha-channel-opacity\"\/>\n\n\n\n<h2 class=\"wp-block-heading has-text-align-center\" id=\"cursos\"><em>Quer estudar para o edital de Camb\u00e9?<\/em><\/h2>\n\n\n\n<div class=\"container\" id=\"boxes\">\n  <div class=\"row\">\n\n    <div class=\"col-sm\">\n      <div class=\"banner-estrategia\" id=\"box-assinatura\">\n        <h3 class=\"titulo-assinatura\">Concurso Prefeitura de Camb\u00e9<\/h3>\n        <p class=\"subtitulo-assinatura\">Conhe\u00e7a os cursos<\/p>\n        <div class=\"box-botao\">\n          <a class=\"btn-assinatura\" target=\"_blank\" href=\"https:\/\/www.estrategiaconcursos.com.br\/cursos\/\" role=\"button\" rel=\"noopener noreferrer\">Conhe\u00e7a mais<\/a>\n        <\/div>\n      <\/div>\n \n    <\/div>\n\n  <\/div>\n<\/div>\n\n\n\n<div class=\"container\" id=\"boxes\">\n  <div class=\"row\">\n\n    <div class=\"col-sm\">\n      <div class=\"estrategia\" id=\"box-assinatura\">\n        <h3 class=\"titulo-assinatura\">Assinatura Concursos<\/h3>\n        <p class=\"subtitulo-assinatura\">Assinatura de 1 ano ou 2 anos<\/p>\n        <div class=\"box-botao\">\n          <a class=\"btn-assinatura\" target=\"_blank\" href=\"https:\/\/www.estrategiaconcursos.com.br\/assinaturas\/\" role=\"button\" rel=\"noopener noreferrer\">ASSINE AGORA<\/a>\n        <\/div>\n      <\/div><\/div><\/div><\/div>\n\n\n\n<h2 class=\"wp-block-heading has-text-align-center\" id=\"h-quer-saber-tudo-sobre-concursos-previstos-confira-os-nossos-artigos\">Quer saber tudo sobre concursos previstos?<br \/>Confira os nossos artigos!<\/h2>\n\n\n\n<ul class=\"wp-block-list\">\n<li><a href=\"https:\/\/www.estrategiaconcursos.com.br\/blog\/concursos-abertos\/\" target=\"_blank\" rel=\"noreferrer noopener\">Concursos abertos<\/a><\/li>\n\n\n\n<li><a href=\"https:\/\/www.estrategiaconcursos.com.br\/blog\/concursos-2023\/\" target=\"_blank\" rel=\"noreferrer noopener\">Concursos 2023<\/a><\/li>\n\n\n\n<li><a href=\"https:\/\/www.estrategiaconcursos.com.br\/blog\/concursos-2024\/\" target=\"_blank\" rel=\"noreferrer noopener\">Concursos 2024<\/a><\/li>\n<\/ul>\n\n\n\n<figure class=\"wp-block-image size-large is-resized\"><img loading=\"lazy\" decoding=\"async\" src=\"https:\/\/dhg1h5j42swfq.cloudfront.net\/2025\/06\/27101122\/ficha-tecnica-1-1024x632.png\" alt=\"Informa\u00e7\u00f5es do edital Prefeitura Camb\u00e9\" class=\"wp-image-702728\" width=\"269\" height=\"166\" srcset=\"https:\/\/dhg1h5j42swfq.cloudfront.net\/2025\/06\/27101122\/ficha-tecnica-1-1024x632.png 1024w, https:\/\/dhg1h5j42swfq.cloudfront.net\/2025\/06\/27101122\/ficha-tecnica-1-300x185.png 300w, https:\/\/dhg1h5j42swfq.cloudfront.net\/2025\/06\/27101122\/ficha-tecnica-1-768x474.png 768w, https:\/\/dhg1h5j42swfq.cloudfront.net\/2025\/06\/27101122\/ficha-tecnica-1-1536x948.png 1536w, https:\/\/dhg1h5j42swfq.cloudfront.net\/2025\/06\/27101122\/ficha-tecnica-1-610x377.png 610w, https:\/\/dhg1h5j42swfq.cloudfront.net\/2025\/06\/27101122\/ficha-tecnica-1.png 1571w\" sizes=\"auto, (max-width: 269px) 100vw, 269px\" \/><\/figure>\n\n\n\n<h3 class=\"wp-block-heading\" id=\"ficha\">Informa\u00e7\u00f5es do edital Prefeitura de Camb\u00e9<\/h3>\n\n\n\n<ul class=\"wp-block-list\">\n<li><strong>Provas<\/strong>: 06\/08\/2023<\/li>\n\n\n\n<li><strong>Vagas<\/strong>: 25 + CR<\/li>\n\n\n\n<li><strong>Cargos<\/strong>: diversos<\/li>\n\n\n\n<li><strong>Banca<\/strong>: FAUEL<\/li>\n\n\n\n<li><strong>Escolaridade<\/strong>: n\u00edvel m\u00e9dio\/t\u00e9cnico e superior<\/li>\n\n\n\n<li><strong>Edital:<\/strong> <a href=\"https:\/\/dhg1h5j42swfq.cloudfront.net\/2023\/05\/19130433\/cambe_ed_001_abertura.pdf\" target=\"_blank\" rel=\"noreferrer noopener nofollow\">Camb\u00e9 2023<\/a><\/li>\n<\/ul>\n","protected":false},"excerpt":{"rendered":"<p>A Prefeitura de Camb\u00e9 (PR) publicou o seu edital de concurso p\u00fablico para provimento de 27 vagas em cargos de n\u00edvel m\u00e9dio, t\u00e9cnico e superior de forma\u00e7\u00e3o. J\u00e1 os sal\u00e1rios iniciais s\u00e3o bem atraentes, de at\u00e9 R$ 8,1 mil! Al\u00e9m das oportunidades imediatas, a sele\u00e7\u00e3o ainda contempla vagas em cadastro de reserva. As chances s\u00e3o [&hellip;]<\/p>\n","protected":false},"author":656,"featured_media":1219362,"comment_status":"open","ping_status":"closed","sticky":false,"template":"","format":"standard","meta":{"post_tipo":"news","footnotes":""},"categories":[214992,220219],"tags":[],"tax_estado":[219981],"class_list":["post-1219210","post","type-post","status-publish","format-standard","has-post-thumbnail","hentry","category-concursos-administrativos","category-noticias","tax_estado-pr"],"acf":[],"yoast_head":"<!-- This site is optimized with the Yoast SEO Premium plugin v27.2 (Yoast SEO v27.2) - https:\/\/yoast.com\/product\/yoast-seo-premium-wordpress\/ -->\n<title>Edital Camb\u00e9 PR: PUBLICADO com iniciais de at\u00e9 R$ 8,1 mil!<\/title>\n<meta name=\"description\" content=\"Edital da Prefeitura de Camb\u00e9 \u00e9 PUBLICADO para provimento de 25 vagas + cadastro de reserva. Os sal\u00e1rios iniciais podem chegar a R$ 8,1 mil.\" \/>\n<meta name=\"robots\" content=\"index, follow, max-snippet:-1, max-image-preview:large, max-video-preview:-1\" \/>\n<link rel=\"canonical\" href=\"https:\/\/www.estrategiaconcursos.com.br\/blog\/concurso-de-cambe-edital-publicado\/\" \/>\n<meta property=\"og:locale\" content=\"pt_BR\" \/>\n<meta property=\"og:type\" content=\"article\" \/>\n<meta property=\"og:title\" content=\"Edital Camb\u00e9 PR: PUBLICADO com iniciais de at\u00e9 R$ 8,1 mil!\" \/>\n<meta property=\"og:description\" content=\"Edital da Prefeitura de Camb\u00e9 \u00e9 PUBLICADO para provimento de 25 vagas + cadastro de reserva. Os sal\u00e1rios iniciais podem chegar a R$ 8,1 mil.\" \/>\n<meta property=\"og:url\" content=\"https:\/\/www.estrategiaconcursos.com.br\/blog\/concurso-de-cambe-edital-publicado\/\" \/>\n<meta property=\"og:site_name\" content=\"Estrat\u00e9gia Concursos\" \/>\n<meta property=\"article:published_time\" content=\"2023-05-19T18:33:56+00:00\" \/>\n<meta property=\"article:modified_time\" content=\"2023-05-19T20:34:24+00:00\" \/>\n<meta property=\"og:image\" content=\"https:\/\/dhg1h5j42swfq.cloudfront.net\/2023\/05\/19173232\/prefeitura-de-cambe.jpg\" \/>\n\t<meta property=\"og:image:width\" content=\"768\" \/>\n\t<meta property=\"og:image:height\" content=\"432\" \/>\n\t<meta property=\"og:image:type\" content=\"image\/jpeg\" \/>\n<meta name=\"author\" content=\"F\u00e1bio Scaldelai\" \/>\n<meta name=\"twitter:card\" content=\"summary_large_image\" \/>\n<meta name=\"twitter:creator\" content=\"@EstratConcursos\" \/>\n<meta name=\"twitter:site\" content=\"@EstratConcursos\" \/>\n<meta name=\"twitter:label1\" content=\"Escrito por\" \/>\n\t<meta name=\"twitter:data1\" content=\"F\u00e1bio Scaldelai\" \/>\n\t<meta name=\"twitter:label2\" content=\"Est. tempo de leitura\" \/>\n\t<meta name=\"twitter:data2\" content=\"3 minutos\" \/>\n<script type=\"application\/ld+json\" class=\"yoast-schema-graph\">{\"@context\":\"https:\/\/schema.org\",\"@graph\":[{\"@type\":\"NewsArticle\",\"@id\":\"https:\/\/www.estrategiaconcursos.com.br\/blog\/concurso-de-cambe-edital-publicado\/#article\",\"isPartOf\":{\"@id\":\"https:\/\/www.estrategiaconcursos.com.br\/blog\/concurso-de-cambe-edital-publicado\/\"},\"author\":{\"name\":\"F\u00e1bio Scaldelai\",\"@id\":\"https:\/\/www.estrategiaconcursos.com.br\/blog\/#\/schema\/person\/e3b6b7ce0192dd4ad270655969d61750\"},\"headline\":\"Edital Camb\u00e9 PR: PUBLICADO com iniciais de at\u00e9 R$ 8,1 mil!\",\"datePublished\":\"2023-05-19T18:33:56+00:00\",\"dateModified\":\"2023-05-19T20:34:24+00:00\",\"mainEntityOfPage\":{\"@id\":\"https:\/\/www.estrategiaconcursos.com.br\/blog\/concurso-de-cambe-edital-publicado\/\"},\"wordCount\":643,\"commentCount\":0,\"publisher\":{\"@id\":\"https:\/\/www.estrategiaconcursos.com.br\/blog\/#organization\"},\"image\":{\"@id\":\"https:\/\/www.estrategiaconcursos.com.br\/blog\/concurso-de-cambe-edital-publicado\/#primaryimage\"},\"thumbnailUrl\":\"https:\/\/dhg1h5j42swfq.cloudfront.net\/2023\/05\/19173232\/prefeitura-de-cambe.jpg\",\"articleSection\":[\"Executivo (Administrativa)\",\"\u00daltimas not\u00edcias\"],\"inLanguage\":\"pt-BR\",\"potentialAction\":[{\"@type\":\"CommentAction\",\"name\":\"Comment\",\"target\":[\"https:\/\/www.estrategiaconcursos.com.br\/blog\/concurso-de-cambe-edital-publicado\/#respond\"]}],\"copyrightYear\":\"2023\",\"copyrightHolder\":{\"@id\":\"https:\/\/www.estrategiaconcursos.com.br\/blog\/#organization\"}},{\"@type\":\"WebPage\",\"@id\":\"https:\/\/www.estrategiaconcursos.com.br\/blog\/concurso-de-cambe-edital-publicado\/\",\"url\":\"https:\/\/www.estrategiaconcursos.com.br\/blog\/concurso-de-cambe-edital-publicado\/\",\"name\":\"Edital Camb\u00e9 PR: PUBLICADO com iniciais de at\u00e9 R$ 8,1 mil!\",\"isPartOf\":{\"@id\":\"https:\/\/www.estrategiaconcursos.com.br\/blog\/#website\"},\"primaryImageOfPage\":{\"@id\":\"https:\/\/www.estrategiaconcursos.com.br\/blog\/concurso-de-cambe-edital-publicado\/#primaryimage\"},\"image\":{\"@id\":\"https:\/\/www.estrategiaconcursos.com.br\/blog\/concurso-de-cambe-edital-publicado\/#primaryimage\"},\"thumbnailUrl\":\"https:\/\/dhg1h5j42swfq.cloudfront.net\/2023\/05\/19173232\/prefeitura-de-cambe.jpg\",\"datePublished\":\"2023-05-19T18:33:56+00:00\",\"dateModified\":\"2023-05-19T20:34:24+00:00\",\"description\":\"Edital da Prefeitura de Camb\u00e9 \u00e9 PUBLICADO para provimento de 25 vagas + cadastro de reserva. Os sal\u00e1rios iniciais podem chegar a R$ 8,1 mil.\",\"breadcrumb\":{\"@id\":\"https:\/\/www.estrategiaconcursos.com.br\/blog\/concurso-de-cambe-edital-publicado\/#breadcrumb\"},\"inLanguage\":\"pt-BR\",\"potentialAction\":[{\"@type\":\"ReadAction\",\"target\":[\"https:\/\/www.estrategiaconcursos.com.br\/blog\/concurso-de-cambe-edital-publicado\/\"]}]},{\"@type\":\"ImageObject\",\"inLanguage\":\"pt-BR\",\"@id\":\"https:\/\/www.estrategiaconcursos.com.br\/blog\/concurso-de-cambe-edital-publicado\/#primaryimage\",\"url\":\"https:\/\/dhg1h5j42swfq.cloudfront.net\/2023\/05\/19173232\/prefeitura-de-cambe.jpg\",\"contentUrl\":\"https:\/\/dhg1h5j42swfq.cloudfront.net\/2023\/05\/19173232\/prefeitura-de-cambe.jpg\",\"width\":768,\"height\":432,\"caption\":\"Concurso Prefeitura de Camb\u00e9\"},{\"@type\":\"BreadcrumbList\",\"@id\":\"https:\/\/www.estrategiaconcursos.com.br\/blog\/concurso-de-cambe-edital-publicado\/#breadcrumb\",\"itemListElement\":[{\"@type\":\"ListItem\",\"position\":1,\"name\":\"In\u00edcio\",\"item\":\"https:\/\/www.estrategiaconcursos.com.br\/blog\/\"},{\"@type\":\"ListItem\",\"position\":2,\"name\":\"Edital Camb\u00e9 PR: PUBLICADO com iniciais de at\u00e9 R$ 8,1 mil!\"}]},{\"@type\":\"WebSite\",\"@id\":\"https:\/\/www.estrategiaconcursos.com.br\/blog\/#website\",\"url\":\"https:\/\/www.estrategiaconcursos.com.br\/blog\/\",\"name\":\"Estrat\u00e9gia Concursos\",\"description\":\"O blog da Estrat\u00e9gia Concursos traz not\u00edcias sobre concursos e artigos de professores oferecendo cursos para concursos (pdf + videaulas) no site.\",\"publisher\":{\"@id\":\"https:\/\/www.estrategiaconcursos.com.br\/blog\/#organization\"},\"potentialAction\":[{\"@type\":\"SearchAction\",\"target\":{\"@type\":\"EntryPoint\",\"urlTemplate\":\"https:\/\/www.estrategiaconcursos.com.br\/blog\/?s={search_term_string}\"},\"query-input\":{\"@type\":\"PropertyValueSpecification\",\"valueRequired\":true,\"valueName\":\"search_term_string\"}}],\"inLanguage\":\"pt-BR\"},{\"@type\":\"Organization\",\"@id\":\"https:\/\/www.estrategiaconcursos.com.br\/blog\/#organization\",\"name\":\"Estrat\u00e9gia Concursos\",\"url\":\"https:\/\/www.estrategiaconcursos.com.br\/blog\/\",\"logo\":{\"@type\":\"ImageObject\",\"inLanguage\":\"pt-BR\",\"@id\":\"https:\/\/www.estrategiaconcursos.com.br\/blog\/#\/schema\/logo\/image\/\",\"url\":\"https:\/\/dhg1h5j42swfq.cloudfront.net\/2025\/06\/03203428\/logo_concursos-1.jpg\",\"contentUrl\":\"https:\/\/dhg1h5j42swfq.cloudfront.net\/2025\/06\/03203428\/logo_concursos-1.jpg\",\"width\":230,\"height\":60,\"caption\":\"Estrat\u00e9gia Concursos\"},\"image\":{\"@id\":\"https:\/\/www.estrategiaconcursos.com.br\/blog\/#\/schema\/logo\/image\/\"},\"sameAs\":[\"https:\/\/x.com\/EstratConcursos\"]},{\"@type\":\"Person\",\"@id\":\"https:\/\/www.estrategiaconcursos.com.br\/blog\/#\/schema\/person\/e3b6b7ce0192dd4ad270655969d61750\",\"name\":\"F\u00e1bio Scaldelai\",\"image\":{\"@type\":\"ImageObject\",\"inLanguage\":\"pt-BR\",\"@id\":\"https:\/\/secure.gravatar.com\/avatar\/8ed7492c4d88d8495bc0cb24cda6847b8ae23eec459a919e08e77d0ca0fd79ec?s=96&d=mm&r=g\",\"url\":\"https:\/\/secure.gravatar.com\/avatar\/8ed7492c4d88d8495bc0cb24cda6847b8ae23eec459a919e08e77d0ca0fd79ec?s=96&d=mm&r=g\",\"contentUrl\":\"https:\/\/secure.gravatar.com\/avatar\/8ed7492c4d88d8495bc0cb24cda6847b8ae23eec459a919e08e77d0ca0fd79ec?s=96&d=mm&r=g\",\"caption\":\"F\u00e1bio Scaldelai\"},\"description\":\"Jornalista no Estrat\u00e9gia Concursos e Produtor de Televis\u00e3o, formado em Jornalismo, R\u00e1dio e TV pela Faculdade Integrada Rio Branco, com especializa\u00e7\u00f5es em Gest\u00e3o Empresarial e Marketing pelo M\u00f3dulo. Atuou como produtor no SBT, TV Bandeirantes e R\u00e1dio Band FM, al\u00e9m de acumular tr\u00eas anos de experi\u00eancia no setor de concursos p\u00fablicos pela LFG (Luiz Fl\u00e1vio Gomes). No Estrat\u00e9gia Concursos, atua na apura\u00e7\u00e3o de not\u00edcias da \u00e1rea fiscal, al\u00e9m de coberturas sobre concursos das \u00e1reas de controle (TCU, TCE, etc), concurso AFT, \u00e1rea de gest\u00e3o e administrativa, bem como dos \u00f3rg\u00e3os participantes do CNU. Tamb\u00e9m possui experi\u00eancia em link building e an\u00e1lise de m\u00eddia, adquirida durante sua atua\u00e7\u00e3o na ag\u00eancia SEO Marketing.\",\"url\":\"https:\/\/www.estrategiaconcursos.com.br\/blog\/author\/fabio-scaldelaiestrategiaconcursos-com-br\/\"}]}<\/script>\n<!-- \/ Yoast SEO Premium plugin. -->","yoast_head_json":{"title":"Edital Camb\u00e9 PR: PUBLICADO com iniciais de at\u00e9 R$ 8,1 mil!","description":"Edital da Prefeitura de Camb\u00e9 \u00e9 PUBLICADO para provimento de 25 vagas + cadastro de reserva. Os sal\u00e1rios iniciais podem chegar a R$ 8,1 mil.","robots":{"index":"index","follow":"follow","max-snippet":"max-snippet:-1","max-image-preview":"max-image-preview:large","max-video-preview":"max-video-preview:-1"},"canonical":"https:\/\/www.estrategiaconcursos.com.br\/blog\/concurso-de-cambe-edital-publicado\/","og_locale":"pt_BR","og_type":"article","og_title":"Edital Camb\u00e9 PR: PUBLICADO com iniciais de at\u00e9 R$ 8,1 mil!","og_description":"Edital da Prefeitura de Camb\u00e9 \u00e9 PUBLICADO para provimento de 25 vagas + cadastro de reserva. Os sal\u00e1rios iniciais podem chegar a R$ 8,1 mil.","og_url":"https:\/\/www.estrategiaconcursos.com.br\/blog\/concurso-de-cambe-edital-publicado\/","og_site_name":"Estrat\u00e9gia Concursos","article_published_time":"2023-05-19T18:33:56+00:00","article_modified_time":"2023-05-19T20:34:24+00:00","og_image":[{"width":768,"height":432,"url":"https:\/\/dhg1h5j42swfq.cloudfront.net\/2023\/05\/19173232\/prefeitura-de-cambe.jpg","type":"image\/jpeg"}],"author":"F\u00e1bio Scaldelai","twitter_card":"summary_large_image","twitter_creator":"@EstratConcursos","twitter_site":"@EstratConcursos","twitter_misc":{"Escrito por":"F\u00e1bio Scaldelai","Est. tempo de leitura":"3 minutos"},"schema":{"@context":"https:\/\/schema.org","@graph":[{"@type":"NewsArticle","@id":"https:\/\/www.estrategiaconcursos.com.br\/blog\/concurso-de-cambe-edital-publicado\/#article","isPartOf":{"@id":"https:\/\/www.estrategiaconcursos.com.br\/blog\/concurso-de-cambe-edital-publicado\/"},"author":{"name":"F\u00e1bio Scaldelai","@id":"https:\/\/www.estrategiaconcursos.com.br\/blog\/#\/schema\/person\/e3b6b7ce0192dd4ad270655969d61750"},"headline":"Edital Camb\u00e9 PR: PUBLICADO com iniciais de at\u00e9 R$ 8,1 mil!","datePublished":"2023-05-19T18:33:56+00:00","dateModified":"2023-05-19T20:34:24+00:00","mainEntityOfPage":{"@id":"https:\/\/www.estrategiaconcursos.com.br\/blog\/concurso-de-cambe-edital-publicado\/"},"wordCount":643,"commentCount":0,"publisher":{"@id":"https:\/\/www.estrategiaconcursos.com.br\/blog\/#organization"},"image":{"@id":"https:\/\/www.estrategiaconcursos.com.br\/blog\/concurso-de-cambe-edital-publicado\/#primaryimage"},"thumbnailUrl":"https:\/\/dhg1h5j42swfq.cloudfront.net\/2023\/05\/19173232\/prefeitura-de-cambe.jpg","articleSection":["Executivo (Administrativa)","\u00daltimas not\u00edcias"],"inLanguage":"pt-BR","potentialAction":[{"@type":"CommentAction","name":"Comment","target":["https:\/\/www.estrategiaconcursos.com.br\/blog\/concurso-de-cambe-edital-publicado\/#respond"]}],"copyrightYear":"2023","copyrightHolder":{"@id":"https:\/\/www.estrategiaconcursos.com.br\/blog\/#organization"}},{"@type":"WebPage","@id":"https:\/\/www.estrategiaconcursos.com.br\/blog\/concurso-de-cambe-edital-publicado\/","url":"https:\/\/www.estrategiaconcursos.com.br\/blog\/concurso-de-cambe-edital-publicado\/","name":"Edital Camb\u00e9 PR: PUBLICADO com iniciais de at\u00e9 R$ 8,1 mil!","isPartOf":{"@id":"https:\/\/www.estrategiaconcursos.com.br\/blog\/#website"},"primaryImageOfPage":{"@id":"https:\/\/www.estrategiaconcursos.com.br\/blog\/concurso-de-cambe-edital-publicado\/#primaryimage"},"image":{"@id":"https:\/\/www.estrategiaconcursos.com.br\/blog\/concurso-de-cambe-edital-publicado\/#primaryimage"},"thumbnailUrl":"https:\/\/dhg1h5j42swfq.cloudfront.net\/2023\/05\/19173232\/prefeitura-de-cambe.jpg","datePublished":"2023-05-19T18:33:56+00:00","dateModified":"2023-05-19T20:34:24+00:00","description":"Edital da Prefeitura de Camb\u00e9 \u00e9 PUBLICADO para provimento de 25 vagas + cadastro de reserva. Os sal\u00e1rios iniciais podem chegar a R$ 8,1 mil.","breadcrumb":{"@id":"https:\/\/www.estrategiaconcursos.com.br\/blog\/concurso-de-cambe-edital-publicado\/#breadcrumb"},"inLanguage":"pt-BR","potentialAction":[{"@type":"ReadAction","target":["https:\/\/www.estrategiaconcursos.com.br\/blog\/concurso-de-cambe-edital-publicado\/"]}]},{"@type":"ImageObject","inLanguage":"pt-BR","@id":"https:\/\/www.estrategiaconcursos.com.br\/blog\/concurso-de-cambe-edital-publicado\/#primaryimage","url":"https:\/\/dhg1h5j42swfq.cloudfront.net\/2023\/05\/19173232\/prefeitura-de-cambe.jpg","contentUrl":"https:\/\/dhg1h5j42swfq.cloudfront.net\/2023\/05\/19173232\/prefeitura-de-cambe.jpg","width":768,"height":432,"caption":"Concurso Prefeitura de Camb\u00e9"},{"@type":"BreadcrumbList","@id":"https:\/\/www.estrategiaconcursos.com.br\/blog\/concurso-de-cambe-edital-publicado\/#breadcrumb","itemListElement":[{"@type":"ListItem","position":1,"name":"In\u00edcio","item":"https:\/\/www.estrategiaconcursos.com.br\/blog\/"},{"@type":"ListItem","position":2,"name":"Edital Camb\u00e9 PR: PUBLICADO com iniciais de at\u00e9 R$ 8,1 mil!"}]},{"@type":"WebSite","@id":"https:\/\/www.estrategiaconcursos.com.br\/blog\/#website","url":"https:\/\/www.estrategiaconcursos.com.br\/blog\/","name":"Estrat\u00e9gia Concursos","description":"O blog da Estrat\u00e9gia Concursos traz not\u00edcias sobre concursos e artigos de professores oferecendo cursos para concursos (pdf + videaulas) no site.","publisher":{"@id":"https:\/\/www.estrategiaconcursos.com.br\/blog\/#organization"},"potentialAction":[{"@type":"SearchAction","target":{"@type":"EntryPoint","urlTemplate":"https:\/\/www.estrategiaconcursos.com.br\/blog\/?s={search_term_string}"},"query-input":{"@type":"PropertyValueSpecification","valueRequired":true,"valueName":"search_term_string"}}],"inLanguage":"pt-BR"},{"@type":"Organization","@id":"https:\/\/www.estrategiaconcursos.com.br\/blog\/#organization","name":"Estrat\u00e9gia Concursos","url":"https:\/\/www.estrategiaconcursos.com.br\/blog\/","logo":{"@type":"ImageObject","inLanguage":"pt-BR","@id":"https:\/\/www.estrategiaconcursos.com.br\/blog\/#\/schema\/logo\/image\/","url":"https:\/\/dhg1h5j42swfq.cloudfront.net\/2025\/06\/03203428\/logo_concursos-1.jpg","contentUrl":"https:\/\/dhg1h5j42swfq.cloudfront.net\/2025\/06\/03203428\/logo_concursos-1.jpg","width":230,"height":60,"caption":"Estrat\u00e9gia Concursos"},"image":{"@id":"https:\/\/www.estrategiaconcursos.com.br\/blog\/#\/schema\/logo\/image\/"},"sameAs":["https:\/\/x.com\/EstratConcursos"]},{"@type":"Person","@id":"https:\/\/www.estrategiaconcursos.com.br\/blog\/#\/schema\/person\/e3b6b7ce0192dd4ad270655969d61750","name":"F\u00e1bio Scaldelai","image":{"@type":"ImageObject","inLanguage":"pt-BR","@id":"https:\/\/secure.gravatar.com\/avatar\/8ed7492c4d88d8495bc0cb24cda6847b8ae23eec459a919e08e77d0ca0fd79ec?s=96&d=mm&r=g","url":"https:\/\/secure.gravatar.com\/avatar\/8ed7492c4d88d8495bc0cb24cda6847b8ae23eec459a919e08e77d0ca0fd79ec?s=96&d=mm&r=g","contentUrl":"https:\/\/secure.gravatar.com\/avatar\/8ed7492c4d88d8495bc0cb24cda6847b8ae23eec459a919e08e77d0ca0fd79ec?s=96&d=mm&r=g","caption":"F\u00e1bio Scaldelai"},"description":"Jornalista no Estrat\u00e9gia Concursos e Produtor de Televis\u00e3o, formado em Jornalismo, R\u00e1dio e TV pela Faculdade Integrada Rio Branco, com especializa\u00e7\u00f5es em Gest\u00e3o Empresarial e Marketing pelo M\u00f3dulo. Atuou como produtor no SBT, TV Bandeirantes e R\u00e1dio Band FM, al\u00e9m de acumular tr\u00eas anos de experi\u00eancia no setor de concursos p\u00fablicos pela LFG (Luiz Fl\u00e1vio Gomes). No Estrat\u00e9gia Concursos, atua na apura\u00e7\u00e3o de not\u00edcias da \u00e1rea fiscal, al\u00e9m de coberturas sobre concursos das \u00e1reas de controle (TCU, TCE, etc), concurso AFT, \u00e1rea de gest\u00e3o e administrativa, bem como dos \u00f3rg\u00e3os participantes do CNU. Tamb\u00e9m possui experi\u00eancia em link building e an\u00e1lise de m\u00eddia, adquirida durante sua atua\u00e7\u00e3o na ag\u00eancia SEO Marketing.","url":"https:\/\/www.estrategiaconcursos.com.br\/blog\/author\/fabio-scaldelaiestrategiaconcursos-com-br\/"}]}},"_links":{"self":[{"href":"https:\/\/www.estrategiaconcursos.com.br\/blog\/wp-json\/wp\/v2\/posts\/1219210","targetHints":{"allow":["GET"]}}],"collection":[{"href":"https:\/\/www.estrategiaconcursos.com.br\/blog\/wp-json\/wp\/v2\/posts"}],"about":[{"href":"https:\/\/www.estrategiaconcursos.com.br\/blog\/wp-json\/wp\/v2\/types\/post"}],"author":[{"embeddable":true,"href":"https:\/\/www.estrategiaconcursos.com.br\/blog\/wp-json\/wp\/v2\/users\/656"}],"replies":[{"embeddable":true,"href":"https:\/\/www.estrategiaconcursos.com.br\/blog\/wp-json\/wp\/v2\/comments?post=1219210"}],"version-history":[{"count":10,"href":"https:\/\/www.estrategiaconcursos.com.br\/blog\/wp-json\/wp\/v2\/posts\/1219210\/revisions"}],"predecessor-version":[{"id":1219267,"href":"https:\/\/www.estrategiaconcursos.com.br\/blog\/wp-json\/wp\/v2\/posts\/1219210\/revisions\/1219267"}],"wp:featuredmedia":[{"embeddable":true,"href":"https:\/\/www.estrategiaconcursos.com.br\/blog\/wp-json\/wp\/v2\/media\/1219362"}],"wp:attachment":[{"href":"https:\/\/www.estrategiaconcursos.com.br\/blog\/wp-json\/wp\/v2\/media?parent=1219210"}],"wp:term":[{"taxonomy":"category","embeddable":true,"href":"https:\/\/www.estrategiaconcursos.com.br\/blog\/wp-json\/wp\/v2\/categories?post=1219210"},{"taxonomy":"post_tag","embeddable":true,"href":"https:\/\/www.estrategiaconcursos.com.br\/blog\/wp-json\/wp\/v2\/tags?post=1219210"},{"taxonomy":"tax_estado","embeddable":true,"href":"https:\/\/www.estrategiaconcursos.com.br\/blog\/wp-json\/wp\/v2\/tax_estado?post=1219210"}],"curies":[{"name":"wp","href":"https:\/\/api.w.org\/{rel}","templated":true}]}}