{"id":121920,"date":"2018-05-20T19:08:32","date_gmt":"2018-05-20T22:08:32","guid":{"rendered":"https:\/\/www.estrategiaconcursos.com.br\/blog\/?p=121920"},"modified":"2023-04-06T15:13:32","modified_gmt":"2023-04-06T18:13:32","slug":"gabarito-extraoficial-direito-constitucional-pm-df-soldado","status":"publish","type":"post","link":"https:\/\/www.estrategiaconcursos.com.br\/blog\/gabarito-extraoficial-direito-constitucional-pm-df-soldado\/","title":{"rendered":"Gabarito Extraoficial &#8211; Direito Constitucional &#8211; PM-DF (Soldado)"},"content":{"rendered":"<p>Ol\u00e1, pessoal!<\/p>\n<p>Tudo bem?<\/p>\n<p>Seguem, abaixo, os coment\u00e1rios \u00e0 prova da PM-DF de Direito Constitucional, para o cargo de Soldado. Utilizei a prova tipo A para efeitos de numera\u00e7\u00e3o das quest\u00f5es. N\u00e3o vislumbro qualquer possibilidade de anula\u00e7\u00e3o.<\/p>\n<p style=\"text-align: center;\"><span style=\"text-decoration: underline;\"><span style=\"font-size: 18pt;\">E lembre-se de participar do <a href=\"https:\/\/www.estrategiaconcursos.com.br\/blog\/ranking-pmdf-soldado-2018\/\" target=\"_blank\" rel=\"noopener\">Ranking PMDF (clique aqui)<\/a>.<\/span><\/span><\/p>\n<p>Entendo que a prova foi relativamente dif\u00edcil, exigindo o conhecimento de diversos t\u00f3picos da nossa disciplina, inclusive da jurisprud\u00eancia.<\/p>\n<p>Abra\u00e7os,<\/p>\n<p>N\u00e1dia Carolina<\/p>\n<p><strong>&#8230;&#8230;&#8230;&#8230;&#8230;&#8230;&#8230;&#8230;&#8230;&#8230;&#8230;&#8230;&#8230;&#8230;&#8230;&#8230;&#8230;&#8230;&#8230;&#8230;&#8230;&#8230;&#8230;&#8230;&#8230;&#8230;&#8230;&#8230;&#8230;&#8230;&#8230;&#8230;&#8230;&#8230;&#8230;&#8230;&#8230;<\/strong><\/p>\n<p><strong>2018 \u2013 PM-DF (Soldado)<\/strong><\/p>\n<p><strong>31- (IADES\/ PM-DF \u2013 2018) Com rela\u00e7\u00e3o ao Poder Judici\u00e1rio, assinale a alternativa correta.<\/strong><\/p>\n<p>a) As decis\u00f5es administrativas dos tribunais ser\u00e3o motivadas e em sess\u00e3o p\u00fablica, sendo as disciplinares tomadas pelo voto da maioria dos membros presentes \u00e0 sess\u00e3o.<\/p>\n<p>b) O Conselho Nacional de Justi\u00e7a (CNJ) \u00e9 dotado de compet\u00eancia jurisdicional em todo o territ\u00f3rio nacional.<\/p>\n<p>c) O Superior Tribunal de Justi\u00e7a tem a compet\u00eancia de julgar, originariamente, o lit\u00edgio entre Estado estrangeiro ou organismo internacional e a Uni\u00e3o, o estado, o Distrito Federal ou o territ\u00f3rio.<\/p>\n<p>d) A compet\u00eancia origin\u00e1ria do Supremo Tribunal Federal, cuidando-se de impugna\u00e7\u00e3o a delibera\u00e7\u00f5es emanadas do CNJ, tem sido reconhecida apenas na hip\u00f3tese de impetra\u00e7\u00e3o, contra este, de mandado de seguran\u00e7a, de <em>habeas data<\/em>, de <em>habeas corpus<\/em> (quando for o caso) ou de mandado de injun\u00e7\u00e3o, de sorte que as a\u00e7\u00f5es ordin\u00e1rias dever\u00e3o ser propostas perante o ju\u00edzo federal de primeira inst\u00e2ncia.<\/p>\n<p>e) Os presidentes do Senado Federal e da C\u00e2mara dos Deputados, entre outros, podem propor a a\u00e7\u00e3o direta de inconstitucionalidade e a a\u00e7\u00e3o declarat\u00f3ria de constitucionalidade.<\/p>\n<p><strong>Coment\u00e1rios:<\/strong><\/p>\n<p>Letra A: errada. As decis\u00f5es disciplinares dos tribunais s\u00e3o tomadas pela maioria absoluta dos seus membros (art. 93, X, CF).<\/p>\n<p>Letra B: errada. O CNJ n\u00e3o tem compet\u00eancia jurisdicional.<\/p>\n<p>Letra C: errada. Trata-se de compet\u00eancia do Supremo Tribunal Federal (art. 102, I, \u201ce\u201d, CF).<\/p>\n<p>Letra D: correta. De fato, a compet\u00eancia do STF para julgar as a\u00e7\u00f5es contra o CNJ e contra o CNMP limita-se \u00e0s <strong><em>quest\u00f5es mandamentais<\/em><\/strong>, tipicamente constitucionais, quais sejam: mandado de seguran\u00e7a, mandado de injun\u00e7\u00e3o, <em>habeas corpus<\/em> e <em>habeas data<\/em>. A\u00e7\u00f5es ordin\u00e1rias contra o CNJ e o CNMP, portanto, dever\u00e3o ser propostas perante o ju\u00edzo federal de primeira inst\u00e2ncia.<\/p>\n<p>Letra E: errada. S\u00e3o legitimados a propor a a\u00e7\u00e3o direta de inconstitucionalidade e a a\u00e7\u00e3o declarat\u00f3ria de constitucionalidade (art. 103, CF):<\/p>\n<p><strong><em>I<\/em><\/strong><em> &#8211; o Presidente da Rep\u00fablica;<\/em><\/p>\n<p><strong><em>II<\/em><\/strong><em> &#8211; a<span style=\"text-decoration: underline;\"><strong> Mesa<\/strong><\/span> do <span style=\"text-decoration: underline;\"><strong>Senado Federal<\/strong><\/span>;<\/em><\/p>\n<p><strong><em>III<\/em><\/strong><em> &#8211; a <span style=\"text-decoration: underline;\"><strong>Mesa<\/strong> <\/span>da <span style=\"text-decoration: underline;\"><strong>C\u00e2mara dos Deputados<\/strong><\/span>;<\/em><\/p>\n<p><strong><em>IV<\/em><\/strong><em> &#8211; a Mesa de Assembleia Legislativa ou da C\u00e2mara Legislativa do Distrito Federal;<\/em><\/p>\n<p><strong><em>V<\/em><\/strong><em> &#8211; o Governador de Estado ou do Distrito Federal; <\/em><\/p>\n<p><strong><em>VI<\/em><\/strong><em> &#8211; o Procurador-Geral da Rep\u00fablica;<\/em><\/p>\n<p><strong><em>VII <\/em><\/strong><em>&#8211; o Conselho Federal da Ordem dos Advogados do Brasil;<\/em><\/p>\n<p><strong><em>VIII<\/em><\/strong><em> &#8211; partido pol\u00edtico com representa\u00e7\u00e3o no Congresso Nacional.<\/em><\/p>\n<p>O gabarito \u00e9 a letra D.<\/p>\n<p><strong>32 &#8211; (IADES\/ PM-DF \u2013 2018) Quanto \u00e0 defesa do Estado e das institui\u00e7\u00f5es democr\u00e1ticas, assinale a alternativa correta.\\<\/strong><\/p>\n<p>a) Na vig\u00eancia de estado de s\u00edtio, n\u00e3o poder\u00e3o ser adotadas contra as pessoas restri\u00e7\u00f5es relativas \u00e0 inviolabilidade da correspond\u00eancia, ao sigilo das comunica\u00e7\u00f5es, \u00e0 presta\u00e7\u00e3o de informa\u00e7\u00f5es e \u00e0 liberdade de imprensa, de radiodifus\u00e3o e de televis\u00e3o, inclusive em rela\u00e7\u00e3o \u00e0 difus\u00e3o de pronunciamentos de parlamentares efetuados nas respectivas casas legislativas.<\/p>\n<p>b) O decreto que instituir o estado de defesa determinar\u00e1 o tempo da respectiva dura\u00e7\u00e3o, sendo dispens\u00e1vel a especifica\u00e7\u00e3o das \u00e1reas abrangidas, uma vez que se trata de medida emergencial.<\/p>\n<p>c) Ao solicitar autoriza\u00e7\u00e3o para decretar estado de s\u00edtio ou a respectiva prorroga\u00e7\u00e3o, o presidente da Rep\u00fablica declinar\u00e1 os motivos determinantes do pedido, devendo o Congresso Nacional decidir por maioria absoluta.<\/p>\n<p>d) Caso seja solicitada autoriza\u00e7\u00e3o para decretar o estado de s\u00edtio durante o recesso parlamentar, os presidentes da C\u00e2mara dos Deputados e do Senado Federal, de imediato, convocar\u00e3o extraordinariamente as respectivas casas legislativas para se reunirem dentro de cinco dias, a fim de apreciar o ato.<\/p>\n<p>e) O tempo de dura\u00e7\u00e3o do estado de defesa n\u00e3o ser\u00e1 superior a 180 dias, podendo ser prorrogado uma vez, por igual per\u00edodo, se persistirem as raz\u00f5es que justificaram a respectiva decreta\u00e7\u00e3o.<\/p>\n<p><strong>Coment\u00e1rios:<\/strong><\/p>\n<p>Letra A: errada. Durante o estado de s\u00edtio, <strong><em>poder\u00e3o <\/em><\/strong><strong><em>ser adotadas as seguintes medidas coercitivas contra as pessoas<\/em><\/strong>:<\/p>\n<p>&#8211; obriga\u00e7\u00e3o de perman\u00eancia em localidade determinada;<\/p>\n<p>&#8211; deten\u00e7\u00e3o em edif\u00edcio n\u00e3o destinado a acusados ou condenados por crimes comuns;<\/p>\n<p>&#8211; restri\u00e7\u00f5es relativas \u00e0 inviolabilidade da correspond\u00eancia, ao sigilo das comunica\u00e7\u00f5es, \u00e0 presta\u00e7\u00e3o de informa\u00e7\u00f5es e \u00e0 liberdade de imprensa, radiodifus\u00e3o e televis\u00e3o, na forma da lei;<\/p>\n<p>&#8211; suspens\u00e3o da liberdade de reuni\u00e3o;<\/p>\n<p>&#8211; busca e apreens\u00e3o em domic\u00edlio;<\/p>\n<p>&#8211; interven\u00e7\u00e3o nas empresas de servi\u00e7os p\u00fablicos;<\/p>\n<p>&#8211; requisi\u00e7\u00e3o de bens.<\/p>\n<p><strong><em>Importante:<\/em><\/strong> n\u00e3o h\u00e1 restri\u00e7\u00e3o \u00e0 difus\u00e3o de pronunciamentos de parlamentares efetuados em suas Casas Legislativas, desde que liberada pela respectiva Mesa.<\/p>\n<p>Letra B: errada. O decreto que instituir o estado de defesa dever\u00e1, sim, especificar as \u00e1reas a serem abrangidas. O estado de defesa \u00e9 espacialmente limitado, devendo abranger locais restritos e determinados.<\/p>\n<p>Letra C: correta. O Presidente da Rep\u00fablica, ao solicitar autoriza\u00e7\u00e3o para decretar o estado de s\u00edtio ou sua prorroga\u00e7\u00e3o, relatar\u00e1 (ou seja, declinar\u00e1) os motivos determinantes do pedido, devendo o Congresso Nacional decidir por maioria absoluta. A autoriza\u00e7\u00e3o do Congresso \u00e9 necess\u00e1ria tanto para a decreta\u00e7\u00e3o do estado de s\u00edtio quanto para sua prorroga\u00e7\u00e3o.<\/p>\n<p>Letra D: errada. A convoca\u00e7\u00e3o extraordin\u00e1ria do Congresso Nacional, nesse caso, \u00e9 de responsabilidade do Presidente do Senado Federal. N\u00e3o cabe ao Presidente da C\u00e2mara faz\u00ea-lo:<\/p>\n<p><strong><em>Art. 138, \u00a7 2<sup>o<\/sup>, CF.<\/em><\/strong><em> Solicitada autoriza\u00e7\u00e3o para decretar o estado de s\u00edtio durante o recesso parlamentar, o Presidente do Senado Federal, de imediato, convocar\u00e1 extraordinariamente o Congresso Nacional para se reunir dentro de cinco dias, a fim de apreciar o ato.<\/em><\/p>\n<p>Letra E: errada. O tempo de dura\u00e7\u00e3o do estado de defesa <strong><em>n\u00e3o ser\u00e1 superior a 30 (trinta) dias<\/em><\/strong>, podendo ser prorrogado uma vez, por igual per\u00edodo, se persistirem as raz\u00f5es que justificaram a sua decreta\u00e7\u00e3o (art. 137, \u00a7 2<sup>o<\/sup>, CF).<\/p>\n<p>O gabarito \u00e9 a letra C.<\/p>\n<p>&#8230;&#8230;&#8230;&#8230;&#8230;&#8230;&#8230;&#8230;&#8230;&#8230;&#8230;&#8230;&#8230;&#8230;..<\/p>\n","protected":false},"excerpt":{"rendered":"<p>Ol\u00e1, pessoal! Tudo bem? Seguem, abaixo, os coment\u00e1rios \u00e0 prova da PM-DF de Direito Constitucional, para o cargo de Soldado. Utilizei a prova tipo A para efeitos de numera\u00e7\u00e3o das quest\u00f5es. N\u00e3o vislumbro qualquer possibilidade de anula\u00e7\u00e3o. E lembre-se de participar do Ranking PMDF (clique aqui). Entendo que a prova foi relativamente dif\u00edcil, exigindo o [&hellip;]<\/p>\n","protected":false},"author":58,"featured_media":0,"comment_status":"open","ping_status":"closed","sticky":false,"template":"","format":"standard","meta":{"post_tipo":"article","footnotes":""},"categories":[220188],"tags":[3835,3834],"tax_estado":[219970],"class_list":["post-121920","post","type-post","status-publish","format-standard","hentry","category-policial-agente-penitenciario","tag-constitucional-pm-df","tag-prova-pm-df","tax_estado-df"],"acf":[],"yoast_head":"<!-- This site is optimized with the Yoast SEO Premium plugin v27.2 (Yoast SEO v27.2) - https:\/\/yoast.com\/product\/yoast-seo-premium-wordpress\/ -->\n<title>Gabarito Extraoficial - Direito Constitucional - PM-DF (Soldado)<\/title>\n<meta name=\"robots\" content=\"index, follow, max-snippet:-1, max-image-preview:large, max-video-preview:-1\" \/>\n<link rel=\"canonical\" href=\"https:\/\/www.estrategiaconcursos.com.br\/blog\/gabarito-extraoficial-direito-constitucional-pm-df-soldado\/\" \/>\n<meta property=\"og:locale\" content=\"pt_BR\" \/>\n<meta property=\"og:type\" content=\"article\" \/>\n<meta property=\"og:title\" content=\"Gabarito Extraoficial - Direito Constitucional - PM-DF (Soldado)\" \/>\n<meta property=\"og:description\" content=\"Ol\u00e1, pessoal! Tudo bem? Seguem, abaixo, os coment\u00e1rios \u00e0 prova da PM-DF de Direito Constitucional, para o cargo de Soldado. Utilizei a prova tipo A para efeitos de numera\u00e7\u00e3o das quest\u00f5es. N\u00e3o vislumbro qualquer possibilidade de anula\u00e7\u00e3o. E lembre-se de participar do Ranking PMDF (clique aqui). Entendo que a prova foi relativamente dif\u00edcil, exigindo o [&hellip;]\" \/>\n<meta property=\"og:url\" content=\"https:\/\/www.estrategiaconcursos.com.br\/blog\/gabarito-extraoficial-direito-constitucional-pm-df-soldado\/\" \/>\n<meta property=\"og:site_name\" content=\"Estrat\u00e9gia Concursos\" \/>\n<meta property=\"article:author\" content=\"https:\/\/www.facebook.com\/nadia.c.santos.16\" \/>\n<meta property=\"article:published_time\" content=\"2018-05-20T22:08:32+00:00\" \/>\n<meta property=\"article:modified_time\" content=\"2023-04-06T18:13:32+00:00\" \/>\n<meta name=\"author\" content=\"N\u00e1dia Carolina\" \/>\n<meta name=\"twitter:card\" content=\"summary_large_image\" \/>\n<meta name=\"twitter:creator\" content=\"@EstratConcursos\" \/>\n<meta name=\"twitter:site\" content=\"@EstratConcursos\" \/>\n<meta name=\"twitter:label1\" content=\"Escrito por\" \/>\n\t<meta name=\"twitter:data1\" content=\"N\u00e1dia Carolina\" \/>\n\t<meta name=\"twitter:label2\" content=\"Est. tempo de leitura\" \/>\n\t<meta name=\"twitter:data2\" content=\"5 minutos\" \/>\n<script type=\"application\/ld+json\" class=\"yoast-schema-graph\">{\"@context\":\"https:\/\/schema.org\",\"@graph\":[{\"@type\":\"NewsArticle\",\"@id\":\"https:\/\/www.estrategiaconcursos.com.br\/blog\/gabarito-extraoficial-direito-constitucional-pm-df-soldado\/#article\",\"isPartOf\":{\"@id\":\"https:\/\/www.estrategiaconcursos.com.br\/blog\/gabarito-extraoficial-direito-constitucional-pm-df-soldado\/\"},\"author\":{\"name\":\"N\u00e1dia Carolina\",\"@id\":\"https:\/\/www.estrategiaconcursos.com.br\/blog\/#\/schema\/person\/bf1b1d1865628ae32d608d5bad5442c6\"},\"headline\":\"Gabarito Extraoficial &#8211; Direito Constitucional &#8211; PM-DF (Soldado)\",\"datePublished\":\"2018-05-20T22:08:32+00:00\",\"dateModified\":\"2023-04-06T18:13:32+00:00\",\"mainEntityOfPage\":{\"@id\":\"https:\/\/www.estrategiaconcursos.com.br\/blog\/gabarito-extraoficial-direito-constitucional-pm-df-soldado\/\"},\"wordCount\":1088,\"commentCount\":0,\"publisher\":{\"@id\":\"https:\/\/www.estrategiaconcursos.com.br\/blog\/#organization\"},\"keywords\":[\"constitucional pm-df\",\"Prova pm-DF\"],\"articleSection\":[\"Policial (Agente Penitenci\u00e1rio)\"],\"inLanguage\":\"pt-BR\",\"potentialAction\":[{\"@type\":\"CommentAction\",\"name\":\"Comment\",\"target\":[\"https:\/\/www.estrategiaconcursos.com.br\/blog\/gabarito-extraoficial-direito-constitucional-pm-df-soldado\/#respond\"]}],\"copyrightYear\":\"2018\",\"copyrightHolder\":{\"@id\":\"https:\/\/www.estrategiaconcursos.com.br\/blog\/#organization\"}},{\"@type\":\"WebPage\",\"@id\":\"https:\/\/www.estrategiaconcursos.com.br\/blog\/gabarito-extraoficial-direito-constitucional-pm-df-soldado\/\",\"url\":\"https:\/\/www.estrategiaconcursos.com.br\/blog\/gabarito-extraoficial-direito-constitucional-pm-df-soldado\/\",\"name\":\"Gabarito Extraoficial - Direito Constitucional - PM-DF (Soldado)\",\"isPartOf\":{\"@id\":\"https:\/\/www.estrategiaconcursos.com.br\/blog\/#website\"},\"datePublished\":\"2018-05-20T22:08:32+00:00\",\"dateModified\":\"2023-04-06T18:13:32+00:00\",\"breadcrumb\":{\"@id\":\"https:\/\/www.estrategiaconcursos.com.br\/blog\/gabarito-extraoficial-direito-constitucional-pm-df-soldado\/#breadcrumb\"},\"inLanguage\":\"pt-BR\",\"potentialAction\":[{\"@type\":\"ReadAction\",\"target\":[\"https:\/\/www.estrategiaconcursos.com.br\/blog\/gabarito-extraoficial-direito-constitucional-pm-df-soldado\/\"]}]},{\"@type\":\"BreadcrumbList\",\"@id\":\"https:\/\/www.estrategiaconcursos.com.br\/blog\/gabarito-extraoficial-direito-constitucional-pm-df-soldado\/#breadcrumb\",\"itemListElement\":[{\"@type\":\"ListItem\",\"position\":1,\"name\":\"In\u00edcio\",\"item\":\"https:\/\/www.estrategiaconcursos.com.br\/blog\/\"},{\"@type\":\"ListItem\",\"position\":2,\"name\":\"Gabarito Extraoficial &#8211; Direito Constitucional &#8211; PM-DF (Soldado)\"}]},{\"@type\":\"WebSite\",\"@id\":\"https:\/\/www.estrategiaconcursos.com.br\/blog\/#website\",\"url\":\"https:\/\/www.estrategiaconcursos.com.br\/blog\/\",\"name\":\"Estrat\u00e9gia Concursos\",\"description\":\"O blog da Estrat\u00e9gia Concursos traz not\u00edcias sobre concursos e artigos de professores oferecendo cursos para concursos (pdf + videaulas) no site.\",\"publisher\":{\"@id\":\"https:\/\/www.estrategiaconcursos.com.br\/blog\/#organization\"},\"potentialAction\":[{\"@type\":\"SearchAction\",\"target\":{\"@type\":\"EntryPoint\",\"urlTemplate\":\"https:\/\/www.estrategiaconcursos.com.br\/blog\/?s={search_term_string}\"},\"query-input\":{\"@type\":\"PropertyValueSpecification\",\"valueRequired\":true,\"valueName\":\"search_term_string\"}}],\"inLanguage\":\"pt-BR\"},{\"@type\":\"Organization\",\"@id\":\"https:\/\/www.estrategiaconcursos.com.br\/blog\/#organization\",\"name\":\"Estrat\u00e9gia Concursos\",\"url\":\"https:\/\/www.estrategiaconcursos.com.br\/blog\/\",\"logo\":{\"@type\":\"ImageObject\",\"inLanguage\":\"pt-BR\",\"@id\":\"https:\/\/www.estrategiaconcursos.com.br\/blog\/#\/schema\/logo\/image\/\",\"url\":\"https:\/\/dhg1h5j42swfq.cloudfront.net\/2025\/06\/03203428\/logo_concursos-1.jpg\",\"contentUrl\":\"https:\/\/dhg1h5j42swfq.cloudfront.net\/2025\/06\/03203428\/logo_concursos-1.jpg\",\"width\":230,\"height\":60,\"caption\":\"Estrat\u00e9gia Concursos\"},\"image\":{\"@id\":\"https:\/\/www.estrategiaconcursos.com.br\/blog\/#\/schema\/logo\/image\/\"},\"sameAs\":[\"https:\/\/x.com\/EstratConcursos\"]},{\"@type\":\"Person\",\"@id\":\"https:\/\/www.estrategiaconcursos.com.br\/blog\/#\/schema\/person\/bf1b1d1865628ae32d608d5bad5442c6\",\"name\":\"N\u00e1dia Carolina\",\"image\":{\"@type\":\"ImageObject\",\"inLanguage\":\"pt-BR\",\"@id\":\"https:\/\/secure.gravatar.com\/avatar\/0ec0c484339a071f22ea5ced30956ccdaab0f83125b2dc1857c3b038404136a7?s=96&d=mm&r=g\",\"url\":\"https:\/\/secure.gravatar.com\/avatar\/0ec0c484339a071f22ea5ced30956ccdaab0f83125b2dc1857c3b038404136a7?s=96&d=mm&r=g\",\"contentUrl\":\"https:\/\/secure.gravatar.com\/avatar\/0ec0c484339a071f22ea5ced30956ccdaab0f83125b2dc1857c3b038404136a7?s=96&d=mm&r=g\",\"caption\":\"N\u00e1dia Carolina\"},\"sameAs\":[\"https:\/\/www.facebook.com\/nadia.c.santos.16\"],\"url\":\"https:\/\/www.estrategiaconcursos.com.br\/blog\/author\/nadiaestrategiaconcursos-com-br\/\"}]}<\/script>\n<!-- \/ Yoast SEO Premium plugin. -->","yoast_head_json":{"title":"Gabarito Extraoficial - Direito Constitucional - PM-DF (Soldado)","robots":{"index":"index","follow":"follow","max-snippet":"max-snippet:-1","max-image-preview":"max-image-preview:large","max-video-preview":"max-video-preview:-1"},"canonical":"https:\/\/www.estrategiaconcursos.com.br\/blog\/gabarito-extraoficial-direito-constitucional-pm-df-soldado\/","og_locale":"pt_BR","og_type":"article","og_title":"Gabarito Extraoficial - Direito Constitucional - PM-DF (Soldado)","og_description":"Ol\u00e1, pessoal! Tudo bem? Seguem, abaixo, os coment\u00e1rios \u00e0 prova da PM-DF de Direito Constitucional, para o cargo de Soldado. Utilizei a prova tipo A para efeitos de numera\u00e7\u00e3o das quest\u00f5es. N\u00e3o vislumbro qualquer possibilidade de anula\u00e7\u00e3o. E lembre-se de participar do Ranking PMDF (clique aqui). Entendo que a prova foi relativamente dif\u00edcil, exigindo o [&hellip;]","og_url":"https:\/\/www.estrategiaconcursos.com.br\/blog\/gabarito-extraoficial-direito-constitucional-pm-df-soldado\/","og_site_name":"Estrat\u00e9gia Concursos","article_author":"https:\/\/www.facebook.com\/nadia.c.santos.16","article_published_time":"2018-05-20T22:08:32+00:00","article_modified_time":"2023-04-06T18:13:32+00:00","author":"N\u00e1dia Carolina","twitter_card":"summary_large_image","twitter_creator":"@EstratConcursos","twitter_site":"@EstratConcursos","twitter_misc":{"Escrito por":"N\u00e1dia Carolina","Est. tempo de leitura":"5 minutos"},"schema":{"@context":"https:\/\/schema.org","@graph":[{"@type":"NewsArticle","@id":"https:\/\/www.estrategiaconcursos.com.br\/blog\/gabarito-extraoficial-direito-constitucional-pm-df-soldado\/#article","isPartOf":{"@id":"https:\/\/www.estrategiaconcursos.com.br\/blog\/gabarito-extraoficial-direito-constitucional-pm-df-soldado\/"},"author":{"name":"N\u00e1dia Carolina","@id":"https:\/\/www.estrategiaconcursos.com.br\/blog\/#\/schema\/person\/bf1b1d1865628ae32d608d5bad5442c6"},"headline":"Gabarito Extraoficial &#8211; Direito Constitucional &#8211; PM-DF (Soldado)","datePublished":"2018-05-20T22:08:32+00:00","dateModified":"2023-04-06T18:13:32+00:00","mainEntityOfPage":{"@id":"https:\/\/www.estrategiaconcursos.com.br\/blog\/gabarito-extraoficial-direito-constitucional-pm-df-soldado\/"},"wordCount":1088,"commentCount":0,"publisher":{"@id":"https:\/\/www.estrategiaconcursos.com.br\/blog\/#organization"},"keywords":["constitucional pm-df","Prova pm-DF"],"articleSection":["Policial (Agente Penitenci\u00e1rio)"],"inLanguage":"pt-BR","potentialAction":[{"@type":"CommentAction","name":"Comment","target":["https:\/\/www.estrategiaconcursos.com.br\/blog\/gabarito-extraoficial-direito-constitucional-pm-df-soldado\/#respond"]}],"copyrightYear":"2018","copyrightHolder":{"@id":"https:\/\/www.estrategiaconcursos.com.br\/blog\/#organization"}},{"@type":"WebPage","@id":"https:\/\/www.estrategiaconcursos.com.br\/blog\/gabarito-extraoficial-direito-constitucional-pm-df-soldado\/","url":"https:\/\/www.estrategiaconcursos.com.br\/blog\/gabarito-extraoficial-direito-constitucional-pm-df-soldado\/","name":"Gabarito Extraoficial - Direito Constitucional - PM-DF (Soldado)","isPartOf":{"@id":"https:\/\/www.estrategiaconcursos.com.br\/blog\/#website"},"datePublished":"2018-05-20T22:08:32+00:00","dateModified":"2023-04-06T18:13:32+00:00","breadcrumb":{"@id":"https:\/\/www.estrategiaconcursos.com.br\/blog\/gabarito-extraoficial-direito-constitucional-pm-df-soldado\/#breadcrumb"},"inLanguage":"pt-BR","potentialAction":[{"@type":"ReadAction","target":["https:\/\/www.estrategiaconcursos.com.br\/blog\/gabarito-extraoficial-direito-constitucional-pm-df-soldado\/"]}]},{"@type":"BreadcrumbList","@id":"https:\/\/www.estrategiaconcursos.com.br\/blog\/gabarito-extraoficial-direito-constitucional-pm-df-soldado\/#breadcrumb","itemListElement":[{"@type":"ListItem","position":1,"name":"In\u00edcio","item":"https:\/\/www.estrategiaconcursos.com.br\/blog\/"},{"@type":"ListItem","position":2,"name":"Gabarito Extraoficial &#8211; Direito Constitucional &#8211; PM-DF (Soldado)"}]},{"@type":"WebSite","@id":"https:\/\/www.estrategiaconcursos.com.br\/blog\/#website","url":"https:\/\/www.estrategiaconcursos.com.br\/blog\/","name":"Estrat\u00e9gia Concursos","description":"O blog da Estrat\u00e9gia Concursos traz not\u00edcias sobre concursos e artigos de professores oferecendo cursos para concursos (pdf + videaulas) no site.","publisher":{"@id":"https:\/\/www.estrategiaconcursos.com.br\/blog\/#organization"},"potentialAction":[{"@type":"SearchAction","target":{"@type":"EntryPoint","urlTemplate":"https:\/\/www.estrategiaconcursos.com.br\/blog\/?s={search_term_string}"},"query-input":{"@type":"PropertyValueSpecification","valueRequired":true,"valueName":"search_term_string"}}],"inLanguage":"pt-BR"},{"@type":"Organization","@id":"https:\/\/www.estrategiaconcursos.com.br\/blog\/#organization","name":"Estrat\u00e9gia Concursos","url":"https:\/\/www.estrategiaconcursos.com.br\/blog\/","logo":{"@type":"ImageObject","inLanguage":"pt-BR","@id":"https:\/\/www.estrategiaconcursos.com.br\/blog\/#\/schema\/logo\/image\/","url":"https:\/\/dhg1h5j42swfq.cloudfront.net\/2025\/06\/03203428\/logo_concursos-1.jpg","contentUrl":"https:\/\/dhg1h5j42swfq.cloudfront.net\/2025\/06\/03203428\/logo_concursos-1.jpg","width":230,"height":60,"caption":"Estrat\u00e9gia Concursos"},"image":{"@id":"https:\/\/www.estrategiaconcursos.com.br\/blog\/#\/schema\/logo\/image\/"},"sameAs":["https:\/\/x.com\/EstratConcursos"]},{"@type":"Person","@id":"https:\/\/www.estrategiaconcursos.com.br\/blog\/#\/schema\/person\/bf1b1d1865628ae32d608d5bad5442c6","name":"N\u00e1dia Carolina","image":{"@type":"ImageObject","inLanguage":"pt-BR","@id":"https:\/\/secure.gravatar.com\/avatar\/0ec0c484339a071f22ea5ced30956ccdaab0f83125b2dc1857c3b038404136a7?s=96&d=mm&r=g","url":"https:\/\/secure.gravatar.com\/avatar\/0ec0c484339a071f22ea5ced30956ccdaab0f83125b2dc1857c3b038404136a7?s=96&d=mm&r=g","contentUrl":"https:\/\/secure.gravatar.com\/avatar\/0ec0c484339a071f22ea5ced30956ccdaab0f83125b2dc1857c3b038404136a7?s=96&d=mm&r=g","caption":"N\u00e1dia Carolina"},"sameAs":["https:\/\/www.facebook.com\/nadia.c.santos.16"],"url":"https:\/\/www.estrategiaconcursos.com.br\/blog\/author\/nadiaestrategiaconcursos-com-br\/"}]}},"_links":{"self":[{"href":"https:\/\/www.estrategiaconcursos.com.br\/blog\/wp-json\/wp\/v2\/posts\/121920","targetHints":{"allow":["GET"]}}],"collection":[{"href":"https:\/\/www.estrategiaconcursos.com.br\/blog\/wp-json\/wp\/v2\/posts"}],"about":[{"href":"https:\/\/www.estrategiaconcursos.com.br\/blog\/wp-json\/wp\/v2\/types\/post"}],"author":[{"embeddable":true,"href":"https:\/\/www.estrategiaconcursos.com.br\/blog\/wp-json\/wp\/v2\/users\/58"}],"replies":[{"embeddable":true,"href":"https:\/\/www.estrategiaconcursos.com.br\/blog\/wp-json\/wp\/v2\/comments?post=121920"}],"version-history":[{"count":7,"href":"https:\/\/www.estrategiaconcursos.com.br\/blog\/wp-json\/wp\/v2\/posts\/121920\/revisions"}],"predecessor-version":[{"id":1198394,"href":"https:\/\/www.estrategiaconcursos.com.br\/blog\/wp-json\/wp\/v2\/posts\/121920\/revisions\/1198394"}],"wp:attachment":[{"href":"https:\/\/www.estrategiaconcursos.com.br\/blog\/wp-json\/wp\/v2\/media?parent=121920"}],"wp:term":[{"taxonomy":"category","embeddable":true,"href":"https:\/\/www.estrategiaconcursos.com.br\/blog\/wp-json\/wp\/v2\/categories?post=121920"},{"taxonomy":"post_tag","embeddable":true,"href":"https:\/\/www.estrategiaconcursos.com.br\/blog\/wp-json\/wp\/v2\/tags?post=121920"},{"taxonomy":"tax_estado","embeddable":true,"href":"https:\/\/www.estrategiaconcursos.com.br\/blog\/wp-json\/wp\/v2\/tax_estado?post=121920"}],"curies":[{"name":"wp","href":"https:\/\/api.w.org\/{rel}","templated":true}]}}