{"id":121912,"date":"2018-05-20T18:13:51","date_gmt":"2018-05-20T21:13:51","guid":{"rendered":"https:\/\/www.estrategiaconcursos.com.br\/blog\/?p=121912"},"modified":"2018-05-21T15:59:59","modified_gmt":"2018-05-21T18:59:59","slug":"gabarito-extraoficial-pmdf-lei-organica-do-df","status":"publish","type":"post","link":"https:\/\/www.estrategiaconcursos.com.br\/blog\/gabarito-extraoficial-pmdf-lei-organica-do-df\/","title":{"rendered":"Gabarito extraoficial PMDF &#8211; Lei Org\u00e2nica do DF"},"content":{"rendered":"<p style=\"text-align: justify;\">Ol\u00e1, tudo bem?<\/p>\n<p style=\"text-align: justify;\">Abaixo seguem os meus coment\u00e1rios acerca das 3 quest\u00f5es de Lei Org\u00e2nica do DF que ca\u00edram na prova da PMDF aplicada no dia 20 de maio.<\/p>\n<p style=\"text-align: center;\"><span style=\"text-decoration: underline;\"><span style=\"font-size: 18pt;\">E lembre-se de participar do <a href=\"https:\/\/www.estrategiaconcursos.com.br\/blog\/ranking-pmdf-soldado-2018\/\" target=\"_blank\" rel=\"noopener\">Ranking PMDF (clique aqui)<\/a>.<\/span><\/span><\/p>\n<p style=\"text-align: justify;\">Vamos l\u00e1?<\/p>\n<p style=\"text-align: justify;\"><strong>(IADES \u2013 PMDF \u2013 Soldado _ 2018)<\/strong> Com base nas disposi\u00e7\u00f5es gerais previstas na Lei Org\u00e2nica do Distrito Federal (DF), assinale a alternativa correta.<\/p>\n<ul style=\"text-align: justify;\">\n<li>Os poderes do DF s\u00e3o independentes entre si.<\/li>\n<li>A delega\u00e7\u00e3o de atribui\u00e7\u00f5es entre os poderes Executivo e Judici\u00e1rio \u00e9 facultativa<\/li>\n<li>O cidad\u00e3o investido de uma fun\u00e7\u00e3o do Poder Executivo pode exercer qualquer outra fun\u00e7\u00e3o no Poder Judici\u00e1rio, desde que haja hor\u00e1rio compat\u00edvel.<\/li>\n<li>A Lei Org\u00e2nica do DF divide o ente federado em quatro poderes distintos.<\/li>\n<li>O Poder Executivo e o Poder Legislativo do DF n\u00e3o s\u00e3o harm\u00f4nicos entre si.<\/li>\n<\/ul>\n<p style=\"text-align: justify;\"><strong>Resposta:<\/strong> <strong>A<\/strong>. O mesmo dispositivo fundamenta as demais assertivas, confira:<\/p>\n<p style=\"text-align: justify;\"><strong>Art. 53.<\/strong> S\u00e3o Poderes do Distrito Federal, independentes e harm\u00f4nicos entre si, o Executivo e o Legislativo.<\/p>\n<ul style=\"text-align: justify;\">\n<li>1\u00ba \u00c9 vedada a delega\u00e7\u00e3o de atribui\u00e7\u00f5es entre os Poderes.<\/li>\n<li>2\u00ba O cidad\u00e3o, investido na fun\u00e7\u00e3o de um dos Poderes, n\u00e3o poder\u00e1 exercer a de outro, salvo as exce\u00e7\u00f5es previstas nesta Lei Org\u00e2nica.<\/li>\n<\/ul>\n<p style=\"text-align: justify;\"><strong>(IADES \u2013 PMDF \u2013 Soldado _ 2018)<\/strong> A Lei Org\u00e2nica do DF disciplina, em um dos respectivos cap\u00edtulos, quanto aos servidores p\u00fablicos do DF. A respeito desse dispositivo legal, assinale a alternativa correta.<\/p>\n<ul style=\"text-align: justify;\">\n<li>O servidor p\u00fablico est\u00e1vel n\u00e3o poder\u00e1 perder o pr\u00f3prio cargo mediante procedimento de avalia\u00e7\u00e3o peri\u00f3dica de desempenho.<\/li>\n<li>Os servidores p\u00fablicos do DF s\u00e3o proibidos de exercer o direito de greve.<\/li>\n<li>\u00c9 direito do servidor p\u00fablico, sujeito ao regime jur\u00eddico \u00fanico, a participa\u00e7\u00e3o na elabora\u00e7\u00e3o e altera\u00e7\u00e3o dos planos de carreira.<\/li>\n<li>O direito \u00e0 livre associa\u00e7\u00e3o sindical somente \u00e9 garantido aos servidores p\u00fablicos est\u00e1veis.<\/li>\n<li>O tempo de servi\u00e7o prestado por servidor requisitado a qualquer dos poderes do DF n\u00e3o \u00e9 computado como exerc\u00edcio efetivo para efeito de progress\u00e3o funcional.<\/li>\n<\/ul>\n<p style=\"text-align: justify;\"><strong>Resposta: C.<\/strong><\/p>\n<p style=\"text-align: justify;\">Art. 35&#8230;<\/p>\n<p style=\"text-align: justify;\">VII \u2013 participa\u00e7\u00e3o na elabora\u00e7\u00e3o e altera\u00e7\u00e3o dos planos de carreira;<\/p>\n<p style=\"text-align: justify;\"><strong>A<\/strong> \u2013 errado, pois \u00e9 uma possibilidade de perda:<\/p>\n<p style=\"text-align: justify;\">Art. 40 &#8230;<\/p>\n<ul style=\"text-align: justify;\">\n<li>1\u00ba O servidor p\u00fablico est\u00e1vel s\u00f3 perde o cargo:<\/li>\n<\/ul>\n<p style=\"text-align: justify;\">I \u2013 em virtude de senten\u00e7a judicial transitada em julgado;<\/p>\n<p style=\"text-align: justify;\">II \u2013 mediante processo administrativo em que lhe sejam assegurados o contradit\u00f3rio e a ampla defesa;<\/p>\n<p style=\"text-align: justify;\">III \u2013 mediante procedimento de avalia\u00e7\u00e3o peri\u00f3dica de desempenho, na forma de lei complementar, assegurado o contradit\u00f3rio e a ampla defesa.<\/p>\n<p style=\"text-align: justify;\"><strong>B<\/strong> \u2013 errado:<\/p>\n<p style=\"text-align: justify;\"><strong>Art. 39.<\/strong> O direito de greve \u00e9 exercido nos termos e nos limites definidos em lei complementar.<\/p>\n<p style=\"text-align: justify;\"><strong>D<\/strong> \u2013 n\u00e3o \u00e9 limitado apenas a servidores est\u00e1veis.<\/p>\n<p style=\"text-align: justify;\"><strong>Art. 36.<\/strong> \u00c9 garantido ao servidor p\u00fablico o direito \u00e0 livre associa\u00e7\u00e3o sindical, observado o disposto no art. 8\u00ba da Constitui\u00e7\u00e3o Federal.<\/p>\n<p style=\"text-align: justify;\"><em>Par\u00e1grafo \u00fanico.<\/em> A lei dispor\u00e1 sobre licen\u00e7a sindical para os dirigentes de federa\u00e7\u00f5es e sindicatos de servidores p\u00fablicos, durante o exerc\u00edcio do mandato, resguardados os direitos e vantagens inerentes \u00e0 carreira de cada um.<\/p>\n<p style=\"text-align: justify;\"><strong>E<\/strong> \u2013 errado.<\/p>\n<p style=\"text-align: justify;\">Art. 35&#8230;<\/p>\n<ul style=\"text-align: justify;\">\n<li>2\u00ba \u00c9 computado como exerc\u00edcio efetivo, para efeito de progress\u00e3o funcional ou concess\u00e3o de licen\u00e7a-pr\u00eamio e aposentadoria nas carreiras espec\u00edficas do servi\u00e7o p\u00fablico, o tempo de servi\u00e7o prestado por servidor requisitado a qualquer dos Poderes do Distrito Federal.<\/li>\n<\/ul>\n<p style=\"text-align: justify;\"><strong>(IADES \u2013 PMDF \u2013 Soldado _ 2018)<\/strong> De acordo com a Lei Org\u00e2nica do DF, \u00e9 correto afirmar que os atos de improbidade administrativa<\/p>\n<ul style=\"text-align: justify;\">\n<li>Podem importar apenas a aplica\u00e7\u00e3o da penalidade de advert\u00eancia<\/li>\n<li>N\u00e3o importar\u00e3o perda da fun\u00e7\u00e3o p\u00fablica<\/li>\n<li>N\u00e3o importar\u00e3o a indisponibilidade de bens<\/li>\n<li>Podem importar a cassa\u00e7\u00e3o dos direitos pol\u00edticos.<\/li>\n<li>Podem importar o ressarcimento ao er\u00e1rio.<\/li>\n<\/ul>\n<p style=\"text-align: justify;\"><strong>Resposta: E.<\/strong><\/p>\n<p style=\"text-align: justify;\"><strong>Art. 27.<\/strong> Os atos de improbidade administrativa importar\u00e3o suspens\u00e3o dos direitos pol\u00edticos, perda da fun\u00e7\u00e3o p\u00fablica, indisponibilidade dos bens e ressarcimento ao er\u00e1rio, na forma e grada\u00e7\u00e3o previstas em lei, sem preju\u00edzo da a\u00e7\u00e3o penal cab\u00edvel.<\/p>\n<p style=\"text-align: justify;\">\n","protected":false},"excerpt":{"rendered":"<p>Ol\u00e1, tudo bem? Abaixo seguem os meus coment\u00e1rios acerca das 3 quest\u00f5es de Lei Org\u00e2nica do DF que ca\u00edram na prova da PMDF aplicada no dia 20 de maio. E lembre-se de participar do Ranking PMDF (clique aqui). Vamos l\u00e1? (IADES \u2013 PMDF \u2013 Soldado _ 2018) Com base nas disposi\u00e7\u00f5es gerais previstas na Lei [&hellip;]<\/p>\n","protected":false},"author":48,"featured_media":0,"comment_status":"open","ping_status":"closed","sticky":false,"template":"","format":"standard","meta":{"post_tipo":"article","footnotes":""},"categories":[1],"tags":[],"tax_estado":[],"class_list":["post-121912","post","type-post","status-publish","format-standard","hentry","category-cursos-e-concursos"],"acf":[],"yoast_head":"<!-- This site is optimized with the Yoast SEO Premium plugin v27.2 (Yoast SEO v27.2) - https:\/\/yoast.com\/product\/yoast-seo-premium-wordpress\/ -->\n<title>Gabarito extraoficial PMDF - Lei Org\u00e2nica do DF<\/title>\n<meta name=\"robots\" content=\"index, follow, max-snippet:-1, max-image-preview:large, max-video-preview:-1\" \/>\n<link rel=\"canonical\" href=\"https:\/\/www.estrategiaconcursos.com.br\/blog\/gabarito-extraoficial-pmdf-lei-organica-do-df\/\" \/>\n<meta property=\"og:locale\" content=\"pt_BR\" \/>\n<meta property=\"og:type\" content=\"article\" \/>\n<meta property=\"og:title\" content=\"Gabarito extraoficial PMDF - Lei Org\u00e2nica do DF\" \/>\n<meta property=\"og:description\" content=\"Ol\u00e1, tudo bem? Abaixo seguem os meus coment\u00e1rios acerca das 3 quest\u00f5es de Lei Org\u00e2nica do DF que ca\u00edram na prova da PMDF aplicada no dia 20 de maio. E lembre-se de participar do Ranking PMDF (clique aqui). Vamos l\u00e1? (IADES \u2013 PMDF \u2013 Soldado _ 2018) Com base nas disposi\u00e7\u00f5es gerais previstas na Lei [&hellip;]\" \/>\n<meta property=\"og:url\" content=\"https:\/\/www.estrategiaconcursos.com.br\/blog\/gabarito-extraoficial-pmdf-lei-organica-do-df\/\" \/>\n<meta property=\"og:site_name\" content=\"Estrat\u00e9gia Concursos\" \/>\n<meta property=\"article:published_time\" content=\"2018-05-20T21:13:51+00:00\" \/>\n<meta property=\"article:modified_time\" content=\"2018-05-21T18:59:59+00:00\" \/>\n<meta name=\"author\" content=\"Coordena\u00e7\u00e3o\" \/>\n<meta name=\"twitter:card\" content=\"summary_large_image\" \/>\n<meta name=\"twitter:creator\" content=\"@EstratConcursos\" \/>\n<meta name=\"twitter:site\" content=\"@EstratConcursos\" \/>\n<meta name=\"twitter:label1\" content=\"Escrito por\" \/>\n\t<meta name=\"twitter:data1\" content=\"Coordena\u00e7\u00e3o\" \/>\n\t<meta name=\"twitter:label2\" content=\"Est. tempo de leitura\" \/>\n\t<meta name=\"twitter:data2\" content=\"3 minutos\" \/>\n<script type=\"application\/ld+json\" class=\"yoast-schema-graph\">{\"@context\":\"https:\/\/schema.org\",\"@graph\":[{\"@type\":\"NewsArticle\",\"@id\":\"https:\/\/www.estrategiaconcursos.com.br\/blog\/gabarito-extraoficial-pmdf-lei-organica-do-df\/#article\",\"isPartOf\":{\"@id\":\"https:\/\/www.estrategiaconcursos.com.br\/blog\/gabarito-extraoficial-pmdf-lei-organica-do-df\/\"},\"author\":{\"name\":\"Coordena\u00e7\u00e3o\",\"@id\":\"https:\/\/www.estrategiaconcursos.com.br\/blog\/#\/schema\/person\/cdad40b5818eb228a838461fcd656da7\"},\"headline\":\"Gabarito extraoficial PMDF &#8211; Lei Org\u00e2nica do DF\",\"datePublished\":\"2018-05-20T21:13:51+00:00\",\"dateModified\":\"2018-05-21T18:59:59+00:00\",\"mainEntityOfPage\":{\"@id\":\"https:\/\/www.estrategiaconcursos.com.br\/blog\/gabarito-extraoficial-pmdf-lei-organica-do-df\/\"},\"wordCount\":684,\"commentCount\":0,\"publisher\":{\"@id\":\"https:\/\/www.estrategiaconcursos.com.br\/blog\/#organization\"},\"articleSection\":[\"Concursos P\u00fablicos\"],\"inLanguage\":\"pt-BR\",\"potentialAction\":[{\"@type\":\"CommentAction\",\"name\":\"Comment\",\"target\":[\"https:\/\/www.estrategiaconcursos.com.br\/blog\/gabarito-extraoficial-pmdf-lei-organica-do-df\/#respond\"]}],\"copyrightYear\":\"2018\",\"copyrightHolder\":{\"@id\":\"https:\/\/www.estrategiaconcursos.com.br\/blog\/#organization\"}},{\"@type\":\"WebPage\",\"@id\":\"https:\/\/www.estrategiaconcursos.com.br\/blog\/gabarito-extraoficial-pmdf-lei-organica-do-df\/\",\"url\":\"https:\/\/www.estrategiaconcursos.com.br\/blog\/gabarito-extraoficial-pmdf-lei-organica-do-df\/\",\"name\":\"Gabarito extraoficial PMDF - Lei Org\u00e2nica do DF\",\"isPartOf\":{\"@id\":\"https:\/\/www.estrategiaconcursos.com.br\/blog\/#website\"},\"datePublished\":\"2018-05-20T21:13:51+00:00\",\"dateModified\":\"2018-05-21T18:59:59+00:00\",\"breadcrumb\":{\"@id\":\"https:\/\/www.estrategiaconcursos.com.br\/blog\/gabarito-extraoficial-pmdf-lei-organica-do-df\/#breadcrumb\"},\"inLanguage\":\"pt-BR\",\"potentialAction\":[{\"@type\":\"ReadAction\",\"target\":[\"https:\/\/www.estrategiaconcursos.com.br\/blog\/gabarito-extraoficial-pmdf-lei-organica-do-df\/\"]}]},{\"@type\":\"BreadcrumbList\",\"@id\":\"https:\/\/www.estrategiaconcursos.com.br\/blog\/gabarito-extraoficial-pmdf-lei-organica-do-df\/#breadcrumb\",\"itemListElement\":[{\"@type\":\"ListItem\",\"position\":1,\"name\":\"In\u00edcio\",\"item\":\"https:\/\/www.estrategiaconcursos.com.br\/blog\/\"},{\"@type\":\"ListItem\",\"position\":2,\"name\":\"Gabarito extraoficial PMDF &#8211; Lei Org\u00e2nica do DF\"}]},{\"@type\":\"WebSite\",\"@id\":\"https:\/\/www.estrategiaconcursos.com.br\/blog\/#website\",\"url\":\"https:\/\/www.estrategiaconcursos.com.br\/blog\/\",\"name\":\"Estrat\u00e9gia Concursos\",\"description\":\"O blog da Estrat\u00e9gia Concursos traz not\u00edcias sobre concursos e artigos de professores oferecendo cursos para concursos (pdf + videaulas) no site.\",\"publisher\":{\"@id\":\"https:\/\/www.estrategiaconcursos.com.br\/blog\/#organization\"},\"potentialAction\":[{\"@type\":\"SearchAction\",\"target\":{\"@type\":\"EntryPoint\",\"urlTemplate\":\"https:\/\/www.estrategiaconcursos.com.br\/blog\/?s={search_term_string}\"},\"query-input\":{\"@type\":\"PropertyValueSpecification\",\"valueRequired\":true,\"valueName\":\"search_term_string\"}}],\"inLanguage\":\"pt-BR\"},{\"@type\":\"Organization\",\"@id\":\"https:\/\/www.estrategiaconcursos.com.br\/blog\/#organization\",\"name\":\"Estrat\u00e9gia Concursos\",\"url\":\"https:\/\/www.estrategiaconcursos.com.br\/blog\/\",\"logo\":{\"@type\":\"ImageObject\",\"inLanguage\":\"pt-BR\",\"@id\":\"https:\/\/www.estrategiaconcursos.com.br\/blog\/#\/schema\/logo\/image\/\",\"url\":\"https:\/\/dhg1h5j42swfq.cloudfront.net\/2025\/06\/03203428\/logo_concursos-1.jpg\",\"contentUrl\":\"https:\/\/dhg1h5j42swfq.cloudfront.net\/2025\/06\/03203428\/logo_concursos-1.jpg\",\"width\":230,\"height\":60,\"caption\":\"Estrat\u00e9gia Concursos\"},\"image\":{\"@id\":\"https:\/\/www.estrategiaconcursos.com.br\/blog\/#\/schema\/logo\/image\/\"},\"sameAs\":[\"https:\/\/x.com\/EstratConcursos\"]},{\"@type\":\"Person\",\"@id\":\"https:\/\/www.estrategiaconcursos.com.br\/blog\/#\/schema\/person\/cdad40b5818eb228a838461fcd656da7\",\"name\":\"Coordena\u00e7\u00e3o\",\"image\":{\"@type\":\"ImageObject\",\"inLanguage\":\"pt-BR\",\"@id\":\"https:\/\/secure.gravatar.com\/avatar\/a413b22da0f5009c634f6c4586a2dbe5207074fd5becd88db5183b8069ef25e4?s=96&d=mm&r=g\",\"url\":\"https:\/\/secure.gravatar.com\/avatar\/a413b22da0f5009c634f6c4586a2dbe5207074fd5becd88db5183b8069ef25e4?s=96&d=mm&r=g\",\"contentUrl\":\"https:\/\/secure.gravatar.com\/avatar\/a413b22da0f5009c634f6c4586a2dbe5207074fd5becd88db5183b8069ef25e4?s=96&d=mm&r=g\",\"caption\":\"Coordena\u00e7\u00e3o\"},\"url\":\"https:\/\/www.estrategiaconcursos.com.br\/blog\/author\/contatoestrategiaconcursos-com-br\/\"}]}<\/script>\n<!-- \/ Yoast SEO Premium plugin. -->","yoast_head_json":{"title":"Gabarito extraoficial PMDF - Lei Org\u00e2nica do DF","robots":{"index":"index","follow":"follow","max-snippet":"max-snippet:-1","max-image-preview":"max-image-preview:large","max-video-preview":"max-video-preview:-1"},"canonical":"https:\/\/www.estrategiaconcursos.com.br\/blog\/gabarito-extraoficial-pmdf-lei-organica-do-df\/","og_locale":"pt_BR","og_type":"article","og_title":"Gabarito extraoficial PMDF - Lei Org\u00e2nica do DF","og_description":"Ol\u00e1, tudo bem? Abaixo seguem os meus coment\u00e1rios acerca das 3 quest\u00f5es de Lei Org\u00e2nica do DF que ca\u00edram na prova da PMDF aplicada no dia 20 de maio. E lembre-se de participar do Ranking PMDF (clique aqui). Vamos l\u00e1? (IADES \u2013 PMDF \u2013 Soldado _ 2018) Com base nas disposi\u00e7\u00f5es gerais previstas na Lei [&hellip;]","og_url":"https:\/\/www.estrategiaconcursos.com.br\/blog\/gabarito-extraoficial-pmdf-lei-organica-do-df\/","og_site_name":"Estrat\u00e9gia Concursos","article_published_time":"2018-05-20T21:13:51+00:00","article_modified_time":"2018-05-21T18:59:59+00:00","author":"Coordena\u00e7\u00e3o","twitter_card":"summary_large_image","twitter_creator":"@EstratConcursos","twitter_site":"@EstratConcursos","twitter_misc":{"Escrito por":"Coordena\u00e7\u00e3o","Est. tempo de leitura":"3 minutos"},"schema":{"@context":"https:\/\/schema.org","@graph":[{"@type":"NewsArticle","@id":"https:\/\/www.estrategiaconcursos.com.br\/blog\/gabarito-extraoficial-pmdf-lei-organica-do-df\/#article","isPartOf":{"@id":"https:\/\/www.estrategiaconcursos.com.br\/blog\/gabarito-extraoficial-pmdf-lei-organica-do-df\/"},"author":{"name":"Coordena\u00e7\u00e3o","@id":"https:\/\/www.estrategiaconcursos.com.br\/blog\/#\/schema\/person\/cdad40b5818eb228a838461fcd656da7"},"headline":"Gabarito extraoficial PMDF &#8211; Lei Org\u00e2nica do DF","datePublished":"2018-05-20T21:13:51+00:00","dateModified":"2018-05-21T18:59:59+00:00","mainEntityOfPage":{"@id":"https:\/\/www.estrategiaconcursos.com.br\/blog\/gabarito-extraoficial-pmdf-lei-organica-do-df\/"},"wordCount":684,"commentCount":0,"publisher":{"@id":"https:\/\/www.estrategiaconcursos.com.br\/blog\/#organization"},"articleSection":["Concursos P\u00fablicos"],"inLanguage":"pt-BR","potentialAction":[{"@type":"CommentAction","name":"Comment","target":["https:\/\/www.estrategiaconcursos.com.br\/blog\/gabarito-extraoficial-pmdf-lei-organica-do-df\/#respond"]}],"copyrightYear":"2018","copyrightHolder":{"@id":"https:\/\/www.estrategiaconcursos.com.br\/blog\/#organization"}},{"@type":"WebPage","@id":"https:\/\/www.estrategiaconcursos.com.br\/blog\/gabarito-extraoficial-pmdf-lei-organica-do-df\/","url":"https:\/\/www.estrategiaconcursos.com.br\/blog\/gabarito-extraoficial-pmdf-lei-organica-do-df\/","name":"Gabarito extraoficial PMDF - Lei Org\u00e2nica do DF","isPartOf":{"@id":"https:\/\/www.estrategiaconcursos.com.br\/blog\/#website"},"datePublished":"2018-05-20T21:13:51+00:00","dateModified":"2018-05-21T18:59:59+00:00","breadcrumb":{"@id":"https:\/\/www.estrategiaconcursos.com.br\/blog\/gabarito-extraoficial-pmdf-lei-organica-do-df\/#breadcrumb"},"inLanguage":"pt-BR","potentialAction":[{"@type":"ReadAction","target":["https:\/\/www.estrategiaconcursos.com.br\/blog\/gabarito-extraoficial-pmdf-lei-organica-do-df\/"]}]},{"@type":"BreadcrumbList","@id":"https:\/\/www.estrategiaconcursos.com.br\/blog\/gabarito-extraoficial-pmdf-lei-organica-do-df\/#breadcrumb","itemListElement":[{"@type":"ListItem","position":1,"name":"In\u00edcio","item":"https:\/\/www.estrategiaconcursos.com.br\/blog\/"},{"@type":"ListItem","position":2,"name":"Gabarito extraoficial PMDF &#8211; Lei Org\u00e2nica do DF"}]},{"@type":"WebSite","@id":"https:\/\/www.estrategiaconcursos.com.br\/blog\/#website","url":"https:\/\/www.estrategiaconcursos.com.br\/blog\/","name":"Estrat\u00e9gia Concursos","description":"O blog da Estrat\u00e9gia Concursos traz not\u00edcias sobre concursos e artigos de professores oferecendo cursos para concursos (pdf + videaulas) no site.","publisher":{"@id":"https:\/\/www.estrategiaconcursos.com.br\/blog\/#organization"},"potentialAction":[{"@type":"SearchAction","target":{"@type":"EntryPoint","urlTemplate":"https:\/\/www.estrategiaconcursos.com.br\/blog\/?s={search_term_string}"},"query-input":{"@type":"PropertyValueSpecification","valueRequired":true,"valueName":"search_term_string"}}],"inLanguage":"pt-BR"},{"@type":"Organization","@id":"https:\/\/www.estrategiaconcursos.com.br\/blog\/#organization","name":"Estrat\u00e9gia Concursos","url":"https:\/\/www.estrategiaconcursos.com.br\/blog\/","logo":{"@type":"ImageObject","inLanguage":"pt-BR","@id":"https:\/\/www.estrategiaconcursos.com.br\/blog\/#\/schema\/logo\/image\/","url":"https:\/\/dhg1h5j42swfq.cloudfront.net\/2025\/06\/03203428\/logo_concursos-1.jpg","contentUrl":"https:\/\/dhg1h5j42swfq.cloudfront.net\/2025\/06\/03203428\/logo_concursos-1.jpg","width":230,"height":60,"caption":"Estrat\u00e9gia Concursos"},"image":{"@id":"https:\/\/www.estrategiaconcursos.com.br\/blog\/#\/schema\/logo\/image\/"},"sameAs":["https:\/\/x.com\/EstratConcursos"]},{"@type":"Person","@id":"https:\/\/www.estrategiaconcursos.com.br\/blog\/#\/schema\/person\/cdad40b5818eb228a838461fcd656da7","name":"Coordena\u00e7\u00e3o","image":{"@type":"ImageObject","inLanguage":"pt-BR","@id":"https:\/\/secure.gravatar.com\/avatar\/a413b22da0f5009c634f6c4586a2dbe5207074fd5becd88db5183b8069ef25e4?s=96&d=mm&r=g","url":"https:\/\/secure.gravatar.com\/avatar\/a413b22da0f5009c634f6c4586a2dbe5207074fd5becd88db5183b8069ef25e4?s=96&d=mm&r=g","contentUrl":"https:\/\/secure.gravatar.com\/avatar\/a413b22da0f5009c634f6c4586a2dbe5207074fd5becd88db5183b8069ef25e4?s=96&d=mm&r=g","caption":"Coordena\u00e7\u00e3o"},"url":"https:\/\/www.estrategiaconcursos.com.br\/blog\/author\/contatoestrategiaconcursos-com-br\/"}]}},"_links":{"self":[{"href":"https:\/\/www.estrategiaconcursos.com.br\/blog\/wp-json\/wp\/v2\/posts\/121912","targetHints":{"allow":["GET"]}}],"collection":[{"href":"https:\/\/www.estrategiaconcursos.com.br\/blog\/wp-json\/wp\/v2\/posts"}],"about":[{"href":"https:\/\/www.estrategiaconcursos.com.br\/blog\/wp-json\/wp\/v2\/types\/post"}],"author":[{"embeddable":true,"href":"https:\/\/www.estrategiaconcursos.com.br\/blog\/wp-json\/wp\/v2\/users\/48"}],"replies":[{"embeddable":true,"href":"https:\/\/www.estrategiaconcursos.com.br\/blog\/wp-json\/wp\/v2\/comments?post=121912"}],"version-history":[{"count":2,"href":"https:\/\/www.estrategiaconcursos.com.br\/blog\/wp-json\/wp\/v2\/posts\/121912\/revisions"}],"predecessor-version":[{"id":122135,"href":"https:\/\/www.estrategiaconcursos.com.br\/blog\/wp-json\/wp\/v2\/posts\/121912\/revisions\/122135"}],"wp:attachment":[{"href":"https:\/\/www.estrategiaconcursos.com.br\/blog\/wp-json\/wp\/v2\/media?parent=121912"}],"wp:term":[{"taxonomy":"category","embeddable":true,"href":"https:\/\/www.estrategiaconcursos.com.br\/blog\/wp-json\/wp\/v2\/categories?post=121912"},{"taxonomy":"post_tag","embeddable":true,"href":"https:\/\/www.estrategiaconcursos.com.br\/blog\/wp-json\/wp\/v2\/tags?post=121912"},{"taxonomy":"tax_estado","embeddable":true,"href":"https:\/\/www.estrategiaconcursos.com.br\/blog\/wp-json\/wp\/v2\/tax_estado?post=121912"}],"curies":[{"name":"wp","href":"https:\/\/api.w.org\/{rel}","templated":true}]}}