{"id":1218964,"date":"2024-07-24T09:56:00","date_gmt":"2024-07-24T12:56:00","guid":{"rendered":"https:\/\/www.estrategiaconcursos.com.br\/blog\/?p=1218964"},"modified":"2024-07-24T12:20:40","modified_gmt":"2024-07-24T15:20:40","slug":"concurso-prefeitura-jaboticabal","status":"publish","type":"post","link":"https:\/\/www.estrategiaconcursos.com.br\/blog\/concurso-prefeitura-jaboticabal\/","title":{"rendered":"Concurso Jaboticabal SP: gabaritos s\u00e3o divulgados"},"content":{"rendered":"\n<h3 class=\"wp-block-heading\" id=\"h-edital-n\u00ba1-esta-homologado\"><em>Edital n\u00ba1 est\u00e1 homologado!<\/em><\/h3>\n\n\n\n<p>As provas do novo concurso da&nbsp;<strong>Prefeitura de <a href=\"https:\/\/www.estrategiaconcursos.com.br\/cursosPorConcurso\/prefeitura-municipal-de-jaboticabal-sp\/\" target=\"_blank\" rel=\"noreferrer noopener\">Jaboticabal<\/a>, <\/strong>em S\u00e3o Paulo, foram aplicadas para <strong>2.847 candidatos inscritos<\/strong>. Com isso, os gabaritos j\u00e1 podem ser conferidos.<\/p>\n\n\n\n<ul class=\"wp-block-list\">\n<li><a href=\"https:\/\/uc7c87385a6bdce90bbfb10f63f8.dl.dropboxusercontent.com\/cd\/0\/inline2\/CXViRfn7dYgaCFAOo0GvbiqPL816HuEK2Xf0Py-xWyrkqIjeaQ4gBfNdWeAx54vn95WCMWSUkLQeksNNOkU2_9JyDi49pXmOGX9EKz8H4ZGe4toLw9n5LY9EkqcUO_unr193EiwZYmjYkQvIOwxk-WfW1cYs1TadpioMn4J3-p_OZwEHypiZvprCqD_8ssOAr5NjXcHita7m1a4hDlPwIVHSevrEzfIV_co_PG9_R8G7GWnEkpGZ0TEHLO2y16qhVNTtKMsQXr-6g4Efv5PSoMP68Uzu_DZYJosPjhnfbRX2R6zFcohCVy81z_CCfutjQCB8n1DMPb6NMLEpBKfBhoFGYymtadaMjOEmceSGlJVY529CSl128S88fD4WkOYD6qA\/file\" target=\"_blank\" rel=\"noreferrer noopener nofollow\"><strong>Gabaritos preliminares<\/strong><\/a><\/li>\n<\/ul>\n\n\n\n<p>Aos interessados, os recursos poder\u00e3o ser interpostos, diretamente no site da banca organizadora, o <strong>Instituto INDEC<\/strong>, durante os dias <strong>25 e 26 de julho<\/strong>.<\/p>\n\n\n\n<p>Para este certame, as vagas ofertadas s\u00e3o todas em cadastro de reserva, com remunera\u00e7\u00f5es que variam de <strong>R$ 1.821,29 a R$ 8.868,13<\/strong> ao m\u00eas.<\/p>\n\n\n\n<ul class=\"has-very-light-gray-to-cyan-bluish-gray-gradient-background has-background wp-block-list\">\n<li><strong>Prefeitura Municipal de Jaboticabal <\/strong><\/li>\n\n\n\n<li><strong>Status:<\/strong> gabaritos divulgados<\/li>\n\n\n\n<li><strong>Banca:<\/strong> <a href=\"https:\/\/institutoindec.org.br\/concursos\/publicacoes\/PREFEITURA+DO+MUNIC%C3%8DPIO+DE+JABOTICABAL\/115\" target=\"_blank\" rel=\"noreferrer noopener\">Instituto INDEC<\/a><\/li>\n\n\n\n<li><strong>Vagas:<\/strong> CR<\/li>\n\n\n\n<li><strong>Sal\u00e1rio inicial:<\/strong> R$ 1.821,29 a R$ 8.868,13<\/li>\n\n\n\n<li><strong>Edital:<\/strong> <a href=\"https:\/\/dhg1h5j42swfq.cloudfront.net\/2024\/05\/13124046\/edital-de-abertura-concurso-publico-002-2024_2024_05_10_14_33_22.pdf\" target=\"_blank\" rel=\"noreferrer noopener nofollow\">Prefeitura de Jaboticabal 2024 II<\/a><\/li>\n<\/ul>\n\n\n\n<p>Al\u00e9m deste, h\u00e1 outro edital divulgado anteriormente, que teve prova objetiva aplicada no dia 19 de maio. Para este certame, todas as etapas j\u00e1 foram <a href=\"https:\/\/ucb528f467d80097a842194a6343.dl.dropboxusercontent.com\/cd\/0\/inline2\/CXVjWDV2zsJdOO1LPT7I0j7VNdK7sQkt5oSgGT1Eu5OC85UPJimSkyUt9RNibV9fb_T3RAaxbFdXrubJ2m8BQle3a6fE4CdjJ9gcPidb4woK7ac0iSO-eN73KKWTKKhAclB_qZd5VZnMZFN5vvMNS3vLFZSJZ5yWxVEpSmj-UQaQ0DCAlZdAbBJb9h4EkdMeoH6HPYTOcDSekVdXqJG_tPiARPL_XbFqIUhgW_y0VFnJ4WHY782x7bNYt65N7awglqb-exRLydXDka-j0VWp2VhT8dleGFuCc6Xi662BOzMZTfxj5OwkNpTmdHc-b81gOxLrIb68htBfP-xggvgNGFQdH57mT4s0Cw4WLXk9zrs-bHkHTVLwvpGx64D3LkE7kVo\/file\" target=\"_blank\" rel=\"noreferrer noopener nofollow\">homologadas<\/a>.<\/p>\n\n\n\n<p>A validade ser\u00e1 de dois anos, podendo ser prorrogado uma vez por igual per\u00edodo. Foram ofertadas <strong>vagas em CR<\/strong> para diversos cargos e escolaridades.<\/p>\n\n\n\n<ul class=\"has-very-light-gray-to-cyan-bluish-gray-gradient-background has-background wp-block-list\">\n<li><strong>Prefeitura Municipal de Jaboticabal <\/strong><\/li>\n\n\n\n<li><strong>Status:<\/strong> homologado<\/li>\n\n\n\n<li><strong>Banca:<\/strong> <a href=\"https:\/\/institutoindec.org.br\/concursos\/publicacoes\/PREFEITURA+DO+MUNIC%C3%8DPIO+DE+JABOTICABAL\/104\" target=\"_blank\" rel=\"noreferrer noopener\">Instituto INDEC<\/a><\/li>\n\n\n\n<li><strong>Vagas:<\/strong> CR<\/li>\n\n\n\n<li><strong>Sal\u00e1rio inicial:<\/strong> R$ 1.566,92 a R$ 4.881,13<\/li>\n\n\n\n<li><strong>Edital:<\/strong> <a href=\"https:\/\/dhg1h5j42swfq.cloudfront.net\/2024\/03\/08093522\/edital-de-abertura-concurso-publico-001-2024_1709831692.pdf\" target=\"_blank\" rel=\"noreferrer noopener nofollow\">Prefeitura de Jaboticabal 2024 I<\/a><\/li>\n<\/ul>\n\n\n\n<p>A fim de te deixar sempre bem informado, elaboramos este artigo com as principais informa\u00e7\u00f5es e novidades sobre o concurso Jaboticabal. Acompanhe os t\u00f3picos abaixo e n\u00e3o perca nenhum detalhe:<\/p>\n\n\n\n<ul class=\"wp-block-list\" id=\"indice\">\n<li><a href=\"#cargos\"><strong>Cargos e vagas<\/strong><\/a>\n<ul class=\"wp-block-list\">\n<li><a href=\"#1\"><strong>Edital 01<\/strong><\/a>\n<ul class=\"wp-block-list\">\n<li><a href=\"#fundamental\">Fundamental incompleto<\/a><\/li>\n\n\n\n<li><a href=\"#completo\">Fundamental completo<\/a><\/li>\n\n\n\n<li><a href=\"#medio\">M\u00e9dio<\/a><\/li>\n\n\n\n<li><a href=\"#superior\">Superior<\/a><\/li>\n\n\n\n<li><a href=\"#beni\">Benef\u00edcios<\/a><\/li>\n<\/ul>\n<\/li>\n\n\n\n<li><a href=\"#2\"><strong>Edital 02<\/strong><\/a>\n<ul class=\"wp-block-list\">\n<li><a href=\"#fundamental-2\">Fundamental<\/a><\/li>\n\n\n\n<li><a href=\"http:\/\/medio-2\">M\u00e9dio<\/a><\/li>\n\n\n\n<li><a href=\"http:\/\/superior-2\">Superior<\/a><\/li>\n<\/ul>\n<\/li>\n<\/ul>\n<\/li>\n\n\n\n<li><a href=\"#etapas\"><strong>Etapas e provas<\/strong><\/a>\n<ul class=\"wp-block-list\">\n<li><a href=\"#objetiva\">Prova objetiva<\/a><\/li>\n\n\n\n<li><a href=\"#pratica\">Prova pr\u00e1tica<\/a><\/li>\n\n\n\n<li><a href=\"#titulos\">Prova de t\u00edtulos<\/a><\/li>\n<\/ul>\n<\/li>\n\n\n\n<li><a href=\"#cursos\"><strong>Cursos e assinaturas<\/strong><\/a><\/li>\n\n\n\n<li><a href=\"#ficha\"><strong>Ficha t\u00e9cnica<\/strong><\/a><\/li>\n<\/ul>\n\n\n\n<div class=\"container\" id=\"boxes\">\n  <div class=\"row\">\n\n    <div class=\"col-sm\">\n      <div class=\"banner-estrategia\" id=\"box-assinatura\">\n        <h3 class=\"titulo-assinatura\">Cursos Jaboticabal<\/h3>\n        <p class=\"subtitulo-assinatura\">Conhe\u00e7a os cursos<\/p>\n        <div class=\"box-botao\">\n          <a class=\"btn-assinatura\" target=\"_blank\" href=\"https:\/\/www.estrategiaconcursos.com.br\/cursosPorConcurso\/prefeitura-municipal-de-jaboticabal-sp\/\" role=\"button\" rel=\"noopener noreferrer\">Conhe\u00e7a mais<\/a>\n        <\/div>\n      <\/div>\n     \n    <\/div>\n\n  <\/div>\n<\/div>\n\n\n\n<h2 class=\"wp-block-heading\" id=\"cargos\">Concurso Prefeitura de Jaboticabal: cargos, vagas e sal\u00e1rios<\/h2>\n\n\n\n<h3 class=\"wp-block-heading\" id=\"1\">Edital 01<\/h3>\n\n\n\n<h3 class=\"wp-block-heading\" id=\"fundamental\">N\u00edvel fundamental incompleto<\/h3>\n\n\n\n<figure class=\"wp-block-table is-style-stripes\"><table><thead><tr><th class=\"has-text-align-center\" data-align=\"center\">Cargos<\/th><th class=\"has-text-align-center\" data-align=\"center\">Vagas<\/th><th class=\"has-text-align-center\" data-align=\"center\">Sal\u00e1rio<\/th><\/tr><\/thead><tbody><tr><td class=\"has-text-align-center\" data-align=\"center\">Ajudante de Servi\u00e7os Gerais<\/td><td class=\"has-text-align-center\" data-align=\"center\">CR<\/td><td class=\"has-text-align-center\" data-align=\"center\">R$ 1.566,92<\/td><\/tr><tr><td class=\"has-text-align-center\" data-align=\"center\">Coveiro<\/td><td class=\"has-text-align-center\" data-align=\"center\">CR<\/td><td class=\"has-text-align-center\" data-align=\"center\">R$ 2.266,29<\/td><\/tr><tr><td class=\"has-text-align-center\" data-align=\"center\">Servente<\/td><td class=\"has-text-align-center\" data-align=\"center\">CR<\/td><td class=\"has-text-align-center\" data-align=\"center\">R$ 1.566,92<\/td><\/tr><\/tbody><\/table><figcaption class=\"wp-element-caption\">Vagas e sal\u00e1rios dos cargos ofertados para n\u00edvel fundamental incompleto<\/figcaption><\/figure>\n\n\n\n<h3 class=\"wp-block-heading\" id=\"completo\">N\u00edvel fundamental completo<\/h3>\n\n\n\n<figure class=\"wp-block-table is-style-stripes\"><table><thead><tr><th class=\"has-text-align-center\" data-align=\"center\">Cargos<\/th><th class=\"has-text-align-center\" data-align=\"center\">Vagas<\/th><th class=\"has-text-align-center\" data-align=\"center\">Sal\u00e1rio<\/th><\/tr><\/thead><tbody><tr><td class=\"has-text-align-center\" data-align=\"center\">Cozinheiro<\/td><td class=\"has-text-align-center\" data-align=\"center\">CR<\/td><td class=\"has-text-align-center\" data-align=\"center\">R$ 2.004,30<\/td><\/tr><tr><td class=\"has-text-align-center\" data-align=\"center\">Motorista de Ve\u00edculos Leves<\/td><td class=\"has-text-align-center\" data-align=\"center\">CR<\/td><td class=\"has-text-align-center\" data-align=\"center\">R$ 2.564,26<\/td><\/tr><tr><td class=\"has-text-align-center\" data-align=\"center\">Motorista de Ve\u00edculos Pesados<\/td><td class=\"has-text-align-center\" data-align=\"center\">CR<\/td><td class=\"has-text-align-center\" data-align=\"center\">R$ 2.900,77<\/td><\/tr><tr><td class=\"has-text-align-center\" data-align=\"center\">Padeiro<\/td><td class=\"has-text-align-center\" data-align=\"center\">CR<\/td><td class=\"has-text-align-center\" data-align=\"center\">R$ 2.004,30<\/td><\/tr><\/tbody><\/table><figcaption class=\"wp-element-caption\">Vagas e sal\u00e1rios dos cargos ofertados para n\u00edvel fundamental completo<\/figcaption><\/figure>\n\n\n\n<h3 class=\"wp-block-heading\" id=\"medio\">N\u00edvel m\u00e9dio<\/h3>\n\n\n\n<figure class=\"wp-block-table is-style-stripes\"><table><thead><tr><th class=\"has-text-align-center\" data-align=\"center\">Cargos<\/th><th class=\"has-text-align-center\" data-align=\"center\">Vagas<\/th><th class=\"has-text-align-center\" data-align=\"center\">Sal\u00e1rio<\/th><\/tr><\/thead><tbody><tr><td class=\"has-text-align-center\" data-align=\"center\">Agente Administrativo<\/td><td class=\"has-text-align-center\" data-align=\"center\">CR<\/td><td class=\"has-text-align-center\" data-align=\"center\">R$ 3.282,91<\/td><\/tr><tr><td class=\"has-text-align-center\" data-align=\"center\">Agente de Tr\u00e2nsito<\/td><td class=\"has-text-align-center\" data-align=\"center\">CR<\/td><td class=\"has-text-align-center\" data-align=\"center\">R$ 3.282,91<\/td><\/tr><tr><td class=\"has-text-align-center\" data-align=\"center\">Atendente de Farm\u00e1cia<\/td><td class=\"has-text-align-center\" data-align=\"center\">CR<\/td><td class=\"has-text-align-center\" data-align=\"center\">R$ 2.004,30<\/td><\/tr><tr><td class=\"has-text-align-center\" data-align=\"center\">Inspetor de Alunos<\/td><td class=\"has-text-align-center\" data-align=\"center\">CR<\/td><td class=\"has-text-align-center\" data-align=\"center\">R$ 2.004,30<\/td><\/tr><tr><td class=\"has-text-align-center\" data-align=\"center\">Secret\u00e1rio de Escola<\/td><td class=\"has-text-align-center\" data-align=\"center\">CR<\/td><td class=\"has-text-align-center\" data-align=\"center\">R$ 2.900,77<\/td><\/tr><tr><td class=\"has-text-align-center\" data-align=\"center\">T\u00e9cnico Municipal de N\u00edvel M\u00e9dio &#8211; Enfermagem<\/td><td class=\"has-text-align-center\" data-align=\"center\">CR<\/td><td class=\"has-text-align-center\" data-align=\"center\">R$ 3.715,43<\/td><\/tr><\/tbody><\/table><figcaption class=\"wp-element-caption\">Vagas e sal\u00e1rios dos cargos ofertados para n\u00edvel m\u00e9dio<\/figcaption><\/figure>\n\n\n\n<h3 class=\"wp-block-heading\" id=\"superior\">N\u00edvel superior<\/h3>\n\n\n\n<figure class=\"wp-block-table is-style-stripes\"><table><thead><tr><th class=\"has-text-align-center\" data-align=\"center\">Cargos<\/th><th class=\"has-text-align-center\" data-align=\"center\">Vagas<\/th><th class=\"has-text-align-center\" data-align=\"center\">Sal\u00e1rio<\/th><\/tr><\/thead><tbody><tr><td class=\"has-text-align-center\" data-align=\"center\">Professor<em><strong> (v\u00e1rios)<\/strong><\/em><\/td><td class=\"has-text-align-center\" data-align=\"center\">CR<\/td><td class=\"has-text-align-center\" data-align=\"center\">R$ 3.514,55<\/td><\/tr><tr><td class=\"has-text-align-center\" data-align=\"center\">T\u00e9cnico Municipal de N\u00edvel Superior A &#8211; Arquitetura<\/td><td class=\"has-text-align-center\" data-align=\"center\">CR<\/td><td class=\"has-text-align-center\" data-align=\"center\">R$ 4.881,13<\/td><\/tr><tr><td class=\"has-text-align-center\" data-align=\"center\">T\u00e9cnico Municipal de N\u00edvel Superior A &#8211; Contabilidade<\/td><td class=\"has-text-align-center\" data-align=\"center\">CR<\/td><td class=\"has-text-align-center\" data-align=\"center\">R$ 4.881,13<\/td><\/tr><tr><td class=\"has-text-align-center\" data-align=\"center\">T\u00e9cnico Municipal de N\u00edvel Superior A &#8211; Enfermagem<\/td><td class=\"has-text-align-center\" data-align=\"center\">CR<\/td><td class=\"has-text-align-center\" data-align=\"center\">R$ 4.881,13<\/td><\/tr><tr><td class=\"has-text-align-center\" data-align=\"center\">T\u00e9cnico Municipal de N\u00edvel Superior A \u2013 Engenharia Civil<\/td><td class=\"has-text-align-center\" data-align=\"center\">CR<\/td><td class=\"has-text-align-center\" data-align=\"center\">R$ 4.881,13<\/td><\/tr><tr><td class=\"has-text-align-center\" data-align=\"center\">T\u00e9cnico Municipal de N\u00edvel Superior A \u2013 Engenharia El\u00e9trica<\/td><td class=\"has-text-align-center\" data-align=\"center\">CR<\/td><td class=\"has-text-align-center\" data-align=\"center\">R$ 4.881,13<\/td><\/tr><tr><td class=\"has-text-align-center\" data-align=\"center\">T\u00e9cnico Municipal de N\u00edvel Superior A \u2013 <br \/>Engenharia de Tr\u00e1fego, Transporte e Tr\u00e2nsito<\/td><td class=\"has-text-align-center\" data-align=\"center\">CR<\/td><td class=\"has-text-align-center\" data-align=\"center\">R$ 4.881,13<\/td><\/tr><tr><td class=\"has-text-align-center\" data-align=\"center\">T\u00e9cnico Municipal de N\u00edvel Superior A \u2013 Farm\u00e1cia<\/td><td class=\"has-text-align-center\" data-align=\"center\">CR<\/td><td class=\"has-text-align-center\" data-align=\"center\">R$ 4.881,13<\/td><\/tr><tr><td class=\"has-text-align-center\" data-align=\"center\">T\u00e9cnico Municipal de N\u00edvel Superior A \u2013 Fiscaliza\u00e7\u00e3o Tribut\u00e1ria<\/td><td class=\"has-text-align-center\" data-align=\"center\">CR<\/td><td class=\"has-text-align-center\" data-align=\"center\">R$ 4.881,13<\/td><\/tr><tr><td class=\"has-text-align-center\" data-align=\"center\">T\u00e9cnico Municipal de N\u00edvel Superior A &#8211; Psicologia<\/td><td class=\"has-text-align-center\" data-align=\"center\">CR<\/td><td class=\"has-text-align-center\" data-align=\"center\">R$ 4.881,13<\/td><\/tr><tr><td class=\"has-text-align-center\" data-align=\"center\">T\u00e9cnico Municipal de N\u00edvel Superior A \u2013 Servi\u00e7o Social<\/td><td class=\"has-text-align-center\" data-align=\"center\">CR<\/td><td class=\"has-text-align-center\" data-align=\"center\">R$ 4.881,13<\/td><\/tr><tr><td class=\"has-text-align-center\" data-align=\"center\">T\u00e9cnico Municipal de N\u00edvel Superior C \u2013 M\u00e9dico <em><strong>(v\u00e1rios)<\/strong><\/em><\/td><td class=\"has-text-align-center\" data-align=\"center\">CR<\/td><td class=\"has-text-align-center\" data-align=\"center\">R$ 4.434,06<\/td><\/tr><\/tbody><\/table><figcaption class=\"wp-element-caption\">Vagas e sal\u00e1rios dos cargos ofertados para n\u00edvel superior<\/figcaption><\/figure>\n\n\n\n<h3 class=\"wp-block-heading\" id=\"beni\">Benef\u00edcios <\/h3>\n\n\n\n<p>Todos os cargos t\u00eam como benef\u00edcio:<\/p>\n\n\n\n<ul class=\"wp-block-list\">\n<li>Cart\u00e3o Alimenta\u00e7\u00e3o no valor de R$ 700,00 mensais; e<\/li>\n\n\n\n<li>Cesta B\u00e1sica, sendo que esta \u00e9 optativa por parte do servidor e, de acordo com a Lei incidir\u00e3o descontos de 10%, 30% ou pagar\u00e1 integralmente de acordo com a faixa salarial.<\/li>\n<\/ul>\n\n\n\n<h3 class=\"wp-block-heading\" id=\"2\">Edital 02<\/h3>\n\n\n\n<h3 class=\"wp-block-heading\" id=\"fundamental-2\">N\u00edvel fundamental<\/h3>\n\n\n\n<figure class=\"wp-block-table is-style-stripes\"><table><thead><tr><th class=\"has-text-align-center\" data-align=\"center\">Cargos<\/th><th class=\"has-text-align-center\" data-align=\"center\">Vagas<\/th><th class=\"has-text-align-center\" data-align=\"center\">Remunera\u00e7\u00f5es<\/th><\/tr><\/thead><tbody><tr><td class=\"has-text-align-center\" data-align=\"center\">Operador de M\u00e1quinas Pesadas I<\/td><td class=\"has-text-align-center\" data-align=\"center\">CR<\/td><td class=\"has-text-align-center\" data-align=\"center\">R$ 2.679,65<\/td><\/tr><tr><td class=\"has-text-align-center\" data-align=\"center\">Operador de M\u00e1quinas Pesadas II<\/td><td class=\"has-text-align-center\" data-align=\"center\">CR<\/td><td class=\"has-text-align-center\" data-align=\"center\">R$ 2.368,27<\/td><\/tr><tr><td class=\"has-text-align-center\" data-align=\"center\">Trator de animais<\/td><td class=\"has-text-align-center\" data-align=\"center\">CR<\/td><td class=\"has-text-align-center\" data-align=\"center\">R$ 1.853,45<\/td><\/tr><\/tbody><\/table><figcaption class=\"wp-element-caption\">Vagas e sal\u00e1rios dos cargos ofertados para n\u00edvel fundamental<\/figcaption><\/figure>\n\n\n\n<h3 class=\"wp-block-heading\" id=\"m\u00e9dio-2\">N\u00edvel m\u00e9dio<\/h3>\n\n\n\n<figure class=\"wp-block-table is-style-stripes\"><table><thead><tr><th class=\"has-text-align-center\" data-align=\"center\">Cargos<\/th><th class=\"has-text-align-center\" data-align=\"center\">Vagas<\/th><th class=\"has-text-align-center\" data-align=\"center\">Remunera\u00e7\u00f5es<\/th><\/tr><\/thead><tbody><tr><td class=\"has-text-align-center\" data-align=\"center\">Auxiliar de pessoa com defici\u00eancia<\/td><td class=\"has-text-align-center\" data-align=\"center\">CR<\/td><td class=\"has-text-align-center\" data-align=\"center\">R$ 1.821,29<\/td><\/tr><tr><td class=\"has-text-align-center\" data-align=\"center\">T\u00e9cnico Municipal de N\u00edvel M\u00e9dio &#8211; An\u00e1lises Cl\u00ednicas<\/td><td class=\"has-text-align-center\" data-align=\"center\">CR<\/td><td class=\"has-text-align-center\" data-align=\"center\">R$ 3.882,62<\/td><\/tr><tr><td class=\"has-text-align-center\" data-align=\"center\">T\u00e9cnico Municipal de N\u00edvel M\u00e9dio &#8211; Imobiliza\u00e7\u00e3o Ortop\u00e9dica<\/td><td class=\"has-text-align-center\" data-align=\"center\">CR<\/td><td class=\"has-text-align-center\" data-align=\"center\">R$ 3.882,62<\/td><\/tr><tr><td class=\"has-text-align-center\" data-align=\"center\"><\/td><td class=\"has-text-align-center\" data-align=\"center\"><\/td><td class=\"has-text-align-center\" data-align=\"center\"><\/td><\/tr><\/tbody><\/table><figcaption class=\"wp-element-caption\">Vagas e sal\u00e1rios dos cargos ofertados para n\u00edvel m\u00e9dio<\/figcaption><\/figure>\n\n\n\n<h3 class=\"wp-block-heading\" id=\"superior-2\">N\u00edvel superior<\/h3>\n\n\n\n<figure class=\"wp-block-table is-style-stripes\"><table><thead><tr><th class=\"has-text-align-center\" data-align=\"center\">Cargos<\/th><th class=\"has-text-align-center\" data-align=\"center\">Vagas<\/th><th class=\"has-text-align-center\" data-align=\"center\">Remunera\u00e7\u00f5es<\/th><\/tr><\/thead><tbody><tr><td class=\"has-text-align-center\" data-align=\"center\">Diretor de Escola<\/td><td class=\"has-text-align-center\" data-align=\"center\">CR<\/td><td class=\"has-text-align-center\" data-align=\"center\">R$ 6.616,87<\/td><\/tr><tr><td class=\"has-text-align-center\" data-align=\"center\">Educador Hospitalar e Domiciliar<\/td><td class=\"has-text-align-center\" data-align=\"center\">CR<\/td><td class=\"has-text-align-center\" data-align=\"center\">R$ 3.672,70<\/td><\/tr><tr><td class=\"has-text-align-center\" data-align=\"center\">Professor de Creche<\/td><td class=\"has-text-align-center\" data-align=\"center\">CR<\/td><td class=\"has-text-align-center\" data-align=\"center\">R$ 3.071,54 +<br \/>R$ 774,09 (piso)<\/td><\/tr><tr><td class=\"has-text-align-center\" data-align=\"center\">T\u00e9cnico Municipal de N\u00edvel Superior A<\/td><td class=\"has-text-align-center\" data-align=\"center\">CR<\/td><td class=\"has-text-align-center\" data-align=\"center\">R$ 5.100,78<\/td><\/tr><tr><td class=\"has-text-align-center\" data-align=\"center\">Engenharia Ambiental<\/td><td class=\"has-text-align-center\" data-align=\"center\">CR<\/td><td class=\"has-text-align-center\" data-align=\"center\">R$ 5.100,78<\/td><\/tr><tr><td class=\"has-text-align-center\" data-align=\"center\">T\u00e9cnico Municipal de N\u00edvel Superior A &#8211; Engenharia Agr\u00f4noma<\/td><td class=\"has-text-align-center\" data-align=\"center\">CR<\/td><td class=\"has-text-align-center\" data-align=\"center\">R$ 5.100,78<\/td><\/tr><tr><td class=\"has-text-align-center\" data-align=\"center\">Engenharia Agr\u00f4noma; T\u00e9cnico Municipal de N\u00edvel Superior A &#8211; Fisioterapia<\/td><td class=\"has-text-align-center\" data-align=\"center\">CR<\/td><td class=\"has-text-align-center\" data-align=\"center\">R$ 5.100,78<\/td><\/tr><tr><td class=\"has-text-align-center\" data-align=\"center\">T\u00e9cnico Municipal de N\u00edvel Superior A &#8211; Fonoaudiologia<\/td><td class=\"has-text-align-center\" data-align=\"center\">CR<\/td><td class=\"has-text-align-center\" data-align=\"center\">R$ 5.100,78<\/td><\/tr><tr><td class=\"has-text-align-center\" data-align=\"center\">&nbsp;T\u00e9cnico Municipal de N\u00edvel Superior A &#8211; Psicopedagogia Cl\u00ednica<\/td><td class=\"has-text-align-center\" data-align=\"center\">CR<\/td><td class=\"has-text-align-center\" data-align=\"center\">R$ 5.100,78<\/td><\/tr><tr><td class=\"has-text-align-center\" data-align=\"center\">T\u00e9cnico Municipal de N\u00edvel Superior A &#8211; Psicopedagogia Institucional<\/td><td class=\"has-text-align-center\" data-align=\"center\">CR<\/td><td class=\"has-text-align-center\" data-align=\"center\">R$ 5.100,78<\/td><\/tr><tr><td class=\"has-text-align-center\" data-align=\"center\">T\u00e9cnico Municipal de N\u00edvel Superior A &#8211; Terapia Ocupacional<\/td><td class=\"has-text-align-center\" data-align=\"center\">CR<\/td><td class=\"has-text-align-center\" data-align=\"center\">R$ 5.100,78<\/td><\/tr><tr><td class=\"has-text-align-center\" data-align=\"center\">T\u00e9cnico Municipal de N\u00edvel Superior C &#8211; Medicina Veterin\u00e1ria<\/td><td class=\"has-text-align-center\" data-align=\"center\">CR<\/td><td class=\"has-text-align-center\" data-align=\"center\">R$ 4.633,59<\/td><\/tr><tr><td class=\"has-text-align-center\" data-align=\"center\">T\u00e9cnico Municipal de N\u00edvel Superior C &#8211; Odont\u00f3logo 20hs<\/td><td class=\"has-text-align-center\" data-align=\"center\">CR<\/td><td class=\"has-text-align-center\" data-align=\"center\">R$ 4.633,59<\/td><\/tr><tr><td class=\"has-text-align-center\" data-align=\"center\">T\u00e9cnico Municipal de N\u00edvel Superior C &#8211; Odont\u00f3logo 40hs<\/td><td class=\"has-text-align-center\" data-align=\"center\">CR<\/td><td class=\"has-text-align-center\" data-align=\"center\">R$ 8.868,13<\/td><\/tr><tr><td class=\"has-text-align-center\" data-align=\"center\">T\u00e9cnico Municipal de N\u00edvel Superior C &#8211; Reumatologia<\/td><td class=\"has-text-align-center\" data-align=\"center\">CR<\/td><td class=\"has-text-align-center\" data-align=\"center\">R$ 4.633,59<\/td><\/tr><\/tbody><\/table><figcaption class=\"wp-element-caption\">Vagas e sal\u00e1rios dos cargos ofertados para n\u00edvel superior<\/figcaption><\/figure>\n\n\n\n<h2 class=\"wp-block-heading\" id=\"etapas\">Concurso Prefeitura de Jaboticabal: etapas de provas<\/h2>\n\n\n\n<figure class=\"wp-block-table is-style-stripes\"><table class=\"has-fixed-layout\"><thead><tr><th class=\"has-text-align-center\" data-align=\"center\">PROVAS\/TIPOS<\/th><th class=\"has-text-align-center\" data-align=\"center\">CARGOS<\/th><th class=\"has-text-align-center\" data-align=\"center\">Car\u00e1ter<\/th><\/tr><\/thead><tbody><tr><td class=\"has-text-align-center\" data-align=\"center\">Prova Objetiva<\/td><td class=\"has-text-align-center\" data-align=\"center\">Todos os cargos<\/td><td class=\"has-text-align-center\" data-align=\"center\">Eliminat\u00f3rio e classificat\u00f3rio<\/td><\/tr><tr><td class=\"has-text-align-center\" data-align=\"center\">Prova Pr\u00e1tica &#8211; <br \/>Teste de Dire\u00e7\u00e3o Veicular<\/td><td class=\"has-text-align-center\" data-align=\"center\">Motorista de Ve\u00edculos Leves e <br \/>Motorista de Ve\u00edculos Pesados<\/td><td class=\"has-text-align-center\" data-align=\"center\">Eliminat\u00f3rio e classificat\u00f3rio<\/td><\/tr><tr><td class=\"has-text-align-center\" data-align=\"center\">Prova de T\u00edtulos<\/td><td class=\"has-text-align-center\" data-align=\"center\">Professor de Educa\u00e7\u00e3o B\u00e1sica I e <br \/>Professor de Educa\u00e7\u00e3o B\u00e1sica II<\/td><td class=\"has-text-align-center\" data-align=\"center\">Classificat\u00f3rio<\/td><\/tr><\/tbody><\/table><figcaption class=\"wp-element-caption\">Etapas de avalia\u00e7\u00e3o aos cargos ofertados<\/figcaption><\/figure>\n\n\n\n<h3 class=\"wp-block-heading\" id=\"objetiva\">Prova objetiva<\/h3>\n\n\n\n<p>As Provas Objetivas se constitu\u00edram de <strong>40 quest\u00f5es<\/strong> objetivas de m\u00faltipla escolha, com 04 alternativas, sendo somente uma correta.<\/p>\n\n\n\n<p>A etapa foi avaliada na escala de 0 a 100 pontos, sendo considerados habilitados os candidatos que obtiverem, no m\u00ednimo, 50% de pontos na prova.<\/p>\n\n\n\n<ul class=\"wp-block-list\">\n<li><strong><em>Fundamental incompleto<\/em><\/strong>\n<ul class=\"wp-block-list\">\n<li>20 quest\u00f5es &#8211; L\u00edngua Portuguesa;<\/li>\n\n\n\n<li>20 quest\u00f5es &#8211; Matem\u00e1tica.<\/li>\n<\/ul>\n<\/li>\n<\/ul>\n\n\n\n<ul class=\"wp-block-list\">\n<li><strong><em>Fundamental completo<\/em><\/strong>\n<ul class=\"wp-block-list\">\n<li>10 quest\u00f5es &#8211; L\u00edngua Portuguesa; <\/li>\n\n\n\n<li>10 quest\u00f5es &#8211; Matem\u00e1tica; <\/li>\n\n\n\n<li>20 quest\u00f5es &#8211; Conhecimentos Espec\u00edficos.<\/li>\n<\/ul>\n<\/li>\n<\/ul>\n\n\n\n<ul class=\"wp-block-list\">\n<li><strong><em>N\u00edvel M\u00e9dio (exceto Enfermagem)<\/em><\/strong>\n<ul class=\"wp-block-list\">\n<li>10 quest\u00f5es &#8211; L\u00edngua Portuguesa; <\/li>\n\n\n\n<li>10 quest\u00f5es &#8211; Matem\u00e1tica;<\/li>\n\n\n\n<li>20 quest\u00f5es &#8211; Conhecimentos Espec\u00edficos. <\/li>\n<\/ul>\n<\/li>\n<\/ul>\n\n\n\n<ul class=\"wp-block-list\">\n<li><strong><em>N\u00edvel M\u00e9dio (somente Enfermagem)<\/em><\/strong>\n<ul class=\"wp-block-list\">\n<li>10 quest\u00f5es &#8211; L\u00edngua Portuguesa;<\/li>\n\n\n\n<li>05 quest\u00f5es &#8211; Matem\u00e1tica;<\/li>\n\n\n\n<li>05 quest\u00f5es &#8211; Conhecimentos em Inform\u00e1tica;<\/li>\n\n\n\n<li>20 quest\u00f5es &#8211; Conhecimentos Espec\u00edficos. <\/li>\n<\/ul>\n<\/li>\n<\/ul>\n\n\n\n<ul class=\"wp-block-list\">\n<li><strong><em>N\u00edvel Superior<\/em> (<em>somente Professor<\/em>)<\/strong>\n<ul class=\"wp-block-list\">\n<li>05 quest\u00f5es &#8211; L\u00edngua Portuguesa<\/li>\n\n\n\n<li>05 quest\u00f5es &#8211; Matem\u00e1tica <\/li>\n\n\n\n<li>10 quest\u00f5es &#8211; Conhecimentos Pedag\u00f3gicos e Legisla\u00e7\u00e3o <\/li>\n\n\n\n<li>20 quest\u00f5es &#8211; Conhecimentos Espec\u00edficos <\/li>\n<\/ul>\n<\/li>\n<\/ul>\n\n\n\n<ul class=\"wp-block-list\">\n<li><strong><em>N\u00edvel Superior<\/em> (<em>somente M\u00e9dicos<\/em>)<\/strong>\n<ul class=\"wp-block-list\">\n<li>10 quest\u00f5es &#8211; L\u00edngua Portuguesa;<\/li>\n\n\n\n<li>10 quest\u00f5es &#8211; Matem\u00e1tica; <\/li>\n\n\n\n<li>20 quest\u00f5es &#8211; Conhecimentos Espec\u00edficos. <\/li>\n<\/ul>\n<\/li>\n<\/ul>\n\n\n\n<ul class=\"wp-block-list\">\n<li><strong><em>N\u00edvel Superior<\/em> (<\/strong><strong>demais cargos<\/strong>)\n<ul class=\"wp-block-list\">\n<li>10 quest\u00f5es &#8211; L\u00edngua Portuguesa; <\/li>\n\n\n\n<li>05 quest\u00f5es &#8211; Matem\u00e1tica;<\/li>\n\n\n\n<li>05 quest\u00f5es &#8211; Conhecimentos em Inform\u00e1tica; <\/li>\n\n\n\n<li>20 quest\u00f5es &#8211; Conhecimentos Espec\u00edficos.<\/li>\n<\/ul>\n<\/li>\n<\/ul>\n\n\n\n<h3 class=\"wp-block-heading\" id=\"pratica\">Prova pr\u00e1tica<\/h3>\n\n\n\n<p>A prova pr\u00e1tica foi realizada tendo em vista as atribui\u00e7\u00f5es do cargo e os conhecimentos espec\u00edficos e avaliar\u00e1 o candidato individualmente, no que diz respeito aos conhecimentos e habilidades na pr\u00e1tica do volante, aferindo a experi\u00eancia, adequa\u00e7\u00e3o de atitudes, postura e habilidades do candidato em dirigir ve\u00edculos na categoria exigida<\/p>\n\n\n\n<p>O teste foi efetuado com equipamentos, m\u00e1quinas, instrumentos ou ve\u00edculos adequados \u00e0 pr\u00e1tica das atribui\u00e7\u00f5es e natureza do cargo, nas condi\u00e7\u00f5es em que se encontrarem.<\/p>\n\n\n\n<p>A Prova Pr\u00e1tica de Teste de Dire\u00e7\u00e3o Veicular foi avaliada na escala de 0 a 100 pontos, sendo considerados habilitados os candidatos que obtiverem, no m\u00ednimo, 50% de pontos.<\/p>\n\n\n\n<h3 class=\"wp-block-heading\" id=\"titulos\">Prova de t\u00edtulos<\/h3>\n\n\n\n<p>O envio de t\u00edtulos N\u00c3O foi obrigat\u00f3rio \u00e0 vista do car\u00e1ter classificat\u00f3rio desta prova. A contagem dos t\u00edtulos n\u00e3o p\u00f4de exceder a 10 pontos.<\/p>\n\n\n\n<figure class=\"wp-block-table is-style-stripes\"><table><thead><tr><th class=\"has-text-align-center\" data-align=\"center\">T\u00edtulos<\/th><th class=\"has-text-align-center\" data-align=\"center\">Pontua\u00e7\u00e3o<br \/>Atribu\u00edda<\/th><th class=\"has-text-align-center\" data-align=\"center\">N\u00ba. M\u00e1ximo de Documentos<\/th><\/tr><\/thead><tbody><tr><td class=\"has-text-align-center\" data-align=\"center\">Diploma de conclus\u00e3o de Curso de Doutorado<\/td><td class=\"has-text-align-center\" data-align=\"center\">10,00<\/td><td class=\"has-text-align-center\" data-align=\"center\">1<\/td><\/tr><tr><td class=\"has-text-align-center\" data-align=\"center\">Diploma de conclus\u00e3o de Curso de Mestrado<\/td><td class=\"has-text-align-center\" data-align=\"center\">5,00<\/td><td class=\"has-text-align-center\" data-align=\"center\">1<\/td><\/tr><tr><td class=\"has-text-align-center\" data-align=\"center\">Diploma de conclus\u00e3o de Curso de Especializa\u00e7\u00e3o (m\u00ednimo de 360 horas), em n\u00edvel de p\u00f3s-gradua\u00e7\u00e3o, espec\u00edfico para a \u00e1rea na qual concorre<\/td><td class=\"has-text-align-center\" data-align=\"center\">2,50<\/td><td class=\"has-text-align-center\" data-align=\"center\">1<\/td><\/tr><\/tbody><\/table><figcaption class=\"wp-element-caption\">Quadro de atribui\u00e7\u00e3o de pontos a depender do t\u00edtulo<\/figcaption><\/figure>\n\n\n\n<hr class=\"wp-block-separator has-css-opacity\"\/>\n\n\n\n<h2 class=\"wp-block-heading has-text-align-center\" id=\"cursos\">Quer estudar para o concurso Prefeitura de Jaboticabal?<\/h2>\n\n\n\n<div class=\"container\" id=\"boxes\">\n  <div class=\"row\">\n\n    <div class=\"col-sm\">\n      <div class=\"banner-estrategia\" id=\"box-assinatura\">\n        <h3 class=\"titulo-assinatura\">Cursos Jaboticabal<\/h3>\n        <p class=\"subtitulo-assinatura\">Conhe\u00e7a os cursos<\/p>\n        <div class=\"box-botao\">\n          <a class=\"btn-assinatura\" target=\"_blank\" href=\"https:\/\/www.estrategiaconcursos.com.br\/cursosPorConcurso\/prefeitura-municipal-de-jaboticabal-sp\/\" role=\"button\" rel=\"noopener noreferrer\">Conhe\u00e7a mais<\/a>\n        <\/div>\n      <\/div>\n     \n    <\/div>\n\n  <\/div>\n<\/div>\n\n\n\n<div class=\"container\" id=\"boxes\">\n  <div class=\"row\">\n\n    <div class=\"col-sm\">\n      <div class=\"estrategia\" id=\"box-assinatura\">\n        <h3 class=\"titulo-assinatura\">Assinatura Concursos<\/h3>\n        <p class=\"subtitulo-assinatura\">Assinatura de 1 ano ou 2 anos<\/p>\n        <div class=\"box-botao\">\n          <a class=\"btn-assinatura\" target=\"_blank\" href=\"https:\/\/www.estrategiaconcursos.com.br\/assinaturas\/\" role=\"button\" rel=\"noopener noreferrer\">ASSINE AGORA<\/a>\n        <\/div>\n      <\/div><\/div><\/div><\/div>\n\n\n\n<h2 class=\"wp-block-heading has-text-align-center\" id=\"h-quer-saber-tudo-sobre-concursos-previstos-confira-nossos-artigos\">Quer saber tudo sobre concursos previstos?<br \/>Confira  nossos artigos!<\/h2>\n\n\n\n<ul class=\"wp-block-list\">\n<li><a href=\"https:\/\/www.estrategiaconcursos.com.br\/blog\/concursos-abertos\/\" target=\"_blank\" rel=\"noreferrer noopener\">Concursos abertos<\/a><\/li>\n\n\n\n<li><a href=\"https:\/\/www.estrategiaconcursos.com.br\/blog\/concursos-prefeituras\/\">Concursos prefeituras<\/a><\/li>\n\n\n\n<li><a href=\"https:\/\/www.estrategiaconcursos.com.br\/blog\/concursos-2024\/\" target=\"_blank\" rel=\"noreferrer noopener\">Concursos 2024<\/a><\/li>\n<\/ul>\n\n\n\n<figure class=\"wp-block-image size-large is-resized\"><img loading=\"lazy\" decoding=\"async\" width=\"1024\" height=\"632\" src=\"https:\/\/dhg1h5j42swfq.cloudfront.net\/2025\/06\/27101122\/ficha-tecnica-1-1024x632.png\" alt=\"Informa\u00e7\u00f5es do concurso Prefeitura de Jaboticabal - SP\" class=\"wp-image-702728\" style=\"width:235px;height:auto\" srcset=\"https:\/\/dhg1h5j42swfq.cloudfront.net\/2025\/06\/27101122\/ficha-tecnica-1-1024x632.png 1024w, https:\/\/dhg1h5j42swfq.cloudfront.net\/2025\/06\/27101122\/ficha-tecnica-1-300x185.png 300w, https:\/\/dhg1h5j42swfq.cloudfront.net\/2025\/06\/27101122\/ficha-tecnica-1-768x474.png 768w, https:\/\/dhg1h5j42swfq.cloudfront.net\/2025\/06\/27101122\/ficha-tecnica-1-1536x948.png 1536w, https:\/\/dhg1h5j42swfq.cloudfront.net\/2025\/06\/27101122\/ficha-tecnica-1-610x377.png 610w, https:\/\/dhg1h5j42swfq.cloudfront.net\/2025\/06\/27101122\/ficha-tecnica-1.png 1571w\" sizes=\"auto, (max-width: 1024px) 100vw, 1024px\" \/><\/figure>\n\n\n\n<h3 class=\"wp-block-heading\" id=\"ficha\">Informa\u00e7\u00f5es do concurso Prefeitura de Jaboticabal &#8211; SP<\/h3>\n\n\n\n<ul class=\"wp-block-list\">\n<li><strong>Provas<\/strong>: <s>19\/05<\/s> e <s>21\/07\/2024<\/s><\/li>\n\n\n\n<li><strong>Vagas<\/strong>: CR<\/li>\n\n\n\n<li><strong>Cargos<\/strong>: v\u00e1rios<\/li>\n\n\n\n<li><strong>Banca<\/strong>: Instituto INDEC<\/li>\n\n\n\n<li><strong>Escolaridade<\/strong>: n\u00edveis fundamental, m\u00e9dio e superior<\/li>\n\n\n\n<li><strong>Edital:<\/strong> <a href=\"https:\/\/dhg1h5j42swfq.cloudfront.net\/2024\/03\/08093522\/edital-de-abertura-concurso-publico-001-2024_1709831692.pdf\" target=\"_blank\" rel=\"noreferrer noopener nofollow\">Prefeitura de Jaboticabal 2024<\/a> | <a href=\"https:\/\/dhg1h5j42swfq.cloudfront.net\/2024\/04\/09084649\/1-8.pdf\" target=\"_blank\" rel=\"noreferrer noopener nofollow\">Retifica\u00e7\u00e3o 1<\/a> | <a href=\"https:\/\/dhg1h5j42swfq.cloudfront.net\/2024\/04\/09084646\/2-8.pdf\" target=\"_blank\" rel=\"noreferrer noopener nofollow\">Retifica\u00e7\u00e3o 2<\/a> | <a href=\"https:\/\/dhg1h5j42swfq.cloudfront.net\/2024\/04\/09084643\/3-6.pdf\" target=\"_blank\" rel=\"noreferrer noopener nofollow\">Retifica\u00e7\u00e3o 3<\/a> | <a href=\"https:\/\/dhg1h5j42swfq.cloudfront.net\/2024\/05\/13124046\/edital-de-abertura-concurso-publico-002-2024_2024_05_10_14_33_22.pdf\" target=\"_blank\" rel=\"noreferrer noopener nofollow\">Prefeitura de Jaboticabal 2024 II<\/a><\/li>\n<\/ul>\n","protected":false},"excerpt":{"rendered":"<p>Edital n\u00ba1 est\u00e1 homologado! As provas do novo concurso da&nbsp;Prefeitura de Jaboticabal, em S\u00e3o Paulo, foram aplicadas para 2.847 candidatos inscritos. Com isso, os gabaritos j\u00e1 podem ser conferidos. Aos interessados, os recursos poder\u00e3o ser interpostos, diretamente no site da banca organizadora, o Instituto INDEC, durante os dias 25 e 26 de julho. Para este [&hellip;]<\/p>\n","protected":false},"author":1,"featured_media":1219727,"comment_status":"open","ping_status":"closed","sticky":false,"template":"","format":"standard","meta":{"post_tipo":"news_page","footnotes":""},"categories":[214992],"tags":[],"tax_estado":[219989],"class_list":["post-1218964","post","type-post","status-publish","format-standard","has-post-thumbnail","hentry","category-concursos-administrativos","tax_estado-sp"],"acf":[],"yoast_head":"<!-- This site is optimized with the Yoast SEO Premium plugin v27.2 (Yoast SEO v27.2) - https:\/\/yoast.com\/product\/yoast-seo-premium-wordpress\/ -->\n<title>Concurso Jaboticabal SP: gabaritos s\u00e3o divulgados<\/title>\n<meta name=\"description\" content=\"Concurso Prefeitura de Jaboticabal: edital n\u00ba 1 est\u00e1 homologado. J\u00e1 o edital n\u00ba 2, os gabaritos preliminares foram divulgados!\" \/>\n<meta name=\"robots\" content=\"index, follow, max-snippet:-1, max-image-preview:large, max-video-preview:-1\" \/>\n<link rel=\"canonical\" href=\"https:\/\/www.estrategiaconcursos.com.br\/blog\/concurso-prefeitura-jaboticabal\/\" \/>\n<meta property=\"og:locale\" content=\"pt_BR\" \/>\n<meta property=\"og:type\" content=\"article\" \/>\n<meta property=\"og:title\" content=\"Concurso Jaboticabal SP: gabaritos s\u00e3o divulgados\" \/>\n<meta property=\"og:description\" content=\"Concurso Prefeitura de Jaboticabal: edital n\u00ba 1 est\u00e1 homologado. J\u00e1 o edital n\u00ba 2, os gabaritos preliminares foram divulgados!\" \/>\n<meta property=\"og:url\" content=\"https:\/\/www.estrategiaconcursos.com.br\/blog\/concurso-prefeitura-jaboticabal\/\" \/>\n<meta property=\"og:site_name\" content=\"Estrat\u00e9gia Concursos\" \/>\n<meta property=\"article:author\" content=\"https:\/\/www.facebook.com\/EstrategiaConcursos\" \/>\n<meta property=\"article:published_time\" content=\"2024-07-24T12:56:00+00:00\" \/>\n<meta property=\"article:modified_time\" content=\"2024-07-24T15:20:40+00:00\" \/>\n<meta property=\"og:image\" content=\"https:\/\/dhg1h5j42swfq.cloudfront.net\/2023\/05\/22083825\/768-432-max-9.jpg\" \/>\n\t<meta property=\"og:image:width\" content=\"768\" \/>\n\t<meta property=\"og:image:height\" content=\"432\" \/>\n\t<meta property=\"og:image:type\" content=\"image\/jpeg\" \/>\n<meta name=\"author\" content=\"Coordena\u00e7\u00e3o\" \/>\n<meta name=\"twitter:card\" content=\"summary_large_image\" \/>\n<meta name=\"twitter:creator\" content=\"@EstratConcursos\" \/>\n<meta name=\"twitter:site\" content=\"@EstratConcursos\" \/>\n<meta name=\"twitter:label1\" content=\"Escrito por\" \/>\n\t<meta name=\"twitter:data1\" content=\"Coordena\u00e7\u00e3o\" \/>\n\t<meta name=\"twitter:label2\" content=\"Est. tempo de leitura\" \/>\n\t<meta name=\"twitter:data2\" content=\"7 minutos\" \/>\n<script type=\"application\/ld+json\" class=\"yoast-schema-graph\">{\"@context\":\"https:\/\/schema.org\",\"@graph\":[{\"@type\":\"NewsArticle\",\"@id\":\"https:\/\/www.estrategiaconcursos.com.br\/blog\/concurso-prefeitura-jaboticabal\/#article\",\"isPartOf\":{\"@id\":\"https:\/\/www.estrategiaconcursos.com.br\/blog\/concurso-prefeitura-jaboticabal\/\"},\"author\":{\"name\":\"Coordena\u00e7\u00e3o\",\"@id\":\"https:\/\/www.estrategiaconcursos.com.br\/blog\/#\/schema\/person\/b4a388c97673c5f483d72185668afa1f\"},\"headline\":\"Concurso Jaboticabal SP: gabaritos s\u00e3o divulgados\",\"datePublished\":\"2024-07-24T12:56:00+00:00\",\"dateModified\":\"2024-07-24T15:20:40+00:00\",\"mainEntityOfPage\":{\"@id\":\"https:\/\/www.estrategiaconcursos.com.br\/blog\/concurso-prefeitura-jaboticabal\/\"},\"wordCount\":1491,\"commentCount\":0,\"publisher\":{\"@id\":\"https:\/\/www.estrategiaconcursos.com.br\/blog\/#organization\"},\"image\":{\"@id\":\"https:\/\/www.estrategiaconcursos.com.br\/blog\/concurso-prefeitura-jaboticabal\/#primaryimage\"},\"thumbnailUrl\":\"https:\/\/dhg1h5j42swfq.cloudfront.net\/2023\/05\/22083825\/768-432-max-9.jpg\",\"articleSection\":[\"Executivo (Administrativa)\"],\"inLanguage\":\"pt-BR\",\"potentialAction\":[{\"@type\":\"CommentAction\",\"name\":\"Comment\",\"target\":[\"https:\/\/www.estrategiaconcursos.com.br\/blog\/concurso-prefeitura-jaboticabal\/#respond\"]}],\"copyrightYear\":\"2024\",\"copyrightHolder\":{\"@id\":\"https:\/\/www.estrategiaconcursos.com.br\/blog\/#organization\"}},{\"@type\":\"WebPage\",\"@id\":\"https:\/\/www.estrategiaconcursos.com.br\/blog\/concurso-prefeitura-jaboticabal\/\",\"url\":\"https:\/\/www.estrategiaconcursos.com.br\/blog\/concurso-prefeitura-jaboticabal\/\",\"name\":\"Concurso Jaboticabal SP: gabaritos s\u00e3o divulgados\",\"isPartOf\":{\"@id\":\"https:\/\/www.estrategiaconcursos.com.br\/blog\/#website\"},\"primaryImageOfPage\":{\"@id\":\"https:\/\/www.estrategiaconcursos.com.br\/blog\/concurso-prefeitura-jaboticabal\/#primaryimage\"},\"image\":{\"@id\":\"https:\/\/www.estrategiaconcursos.com.br\/blog\/concurso-prefeitura-jaboticabal\/#primaryimage\"},\"thumbnailUrl\":\"https:\/\/dhg1h5j42swfq.cloudfront.net\/2023\/05\/22083825\/768-432-max-9.jpg\",\"datePublished\":\"2024-07-24T12:56:00+00:00\",\"dateModified\":\"2024-07-24T15:20:40+00:00\",\"description\":\"Concurso Prefeitura de Jaboticabal: edital n\u00ba 1 est\u00e1 homologado. J\u00e1 o edital n\u00ba 2, os gabaritos preliminares foram divulgados!\",\"breadcrumb\":{\"@id\":\"https:\/\/www.estrategiaconcursos.com.br\/blog\/concurso-prefeitura-jaboticabal\/#breadcrumb\"},\"inLanguage\":\"pt-BR\",\"potentialAction\":[{\"@type\":\"ReadAction\",\"target\":[\"https:\/\/www.estrategiaconcursos.com.br\/blog\/concurso-prefeitura-jaboticabal\/\"]}]},{\"@type\":\"ImageObject\",\"inLanguage\":\"pt-BR\",\"@id\":\"https:\/\/www.estrategiaconcursos.com.br\/blog\/concurso-prefeitura-jaboticabal\/#primaryimage\",\"url\":\"https:\/\/dhg1h5j42swfq.cloudfront.net\/2023\/05\/22083825\/768-432-max-9.jpg\",\"contentUrl\":\"https:\/\/dhg1h5j42swfq.cloudfront.net\/2023\/05\/22083825\/768-432-max-9.jpg\",\"width\":768,\"height\":432},{\"@type\":\"BreadcrumbList\",\"@id\":\"https:\/\/www.estrategiaconcursos.com.br\/blog\/concurso-prefeitura-jaboticabal\/#breadcrumb\",\"itemListElement\":[{\"@type\":\"ListItem\",\"position\":1,\"name\":\"In\u00edcio\",\"item\":\"https:\/\/www.estrategiaconcursos.com.br\/blog\/\"},{\"@type\":\"ListItem\",\"position\":2,\"name\":\"Concurso Jaboticabal SP: gabaritos s\u00e3o divulgados\"}]},{\"@type\":\"WebSite\",\"@id\":\"https:\/\/www.estrategiaconcursos.com.br\/blog\/#website\",\"url\":\"https:\/\/www.estrategiaconcursos.com.br\/blog\/\",\"name\":\"Estrat\u00e9gia Concursos\",\"description\":\"O blog da Estrat\u00e9gia Concursos traz not\u00edcias sobre concursos e artigos de professores oferecendo cursos para concursos (pdf + videaulas) no site.\",\"publisher\":{\"@id\":\"https:\/\/www.estrategiaconcursos.com.br\/blog\/#organization\"},\"potentialAction\":[{\"@type\":\"SearchAction\",\"target\":{\"@type\":\"EntryPoint\",\"urlTemplate\":\"https:\/\/www.estrategiaconcursos.com.br\/blog\/?s={search_term_string}\"},\"query-input\":{\"@type\":\"PropertyValueSpecification\",\"valueRequired\":true,\"valueName\":\"search_term_string\"}}],\"inLanguage\":\"pt-BR\"},{\"@type\":\"Organization\",\"@id\":\"https:\/\/www.estrategiaconcursos.com.br\/blog\/#organization\",\"name\":\"Estrat\u00e9gia Concursos\",\"url\":\"https:\/\/www.estrategiaconcursos.com.br\/blog\/\",\"logo\":{\"@type\":\"ImageObject\",\"inLanguage\":\"pt-BR\",\"@id\":\"https:\/\/www.estrategiaconcursos.com.br\/blog\/#\/schema\/logo\/image\/\",\"url\":\"https:\/\/dhg1h5j42swfq.cloudfront.net\/2025\/06\/03203428\/logo_concursos-1.jpg\",\"contentUrl\":\"https:\/\/dhg1h5j42swfq.cloudfront.net\/2025\/06\/03203428\/logo_concursos-1.jpg\",\"width\":230,\"height\":60,\"caption\":\"Estrat\u00e9gia Concursos\"},\"image\":{\"@id\":\"https:\/\/www.estrategiaconcursos.com.br\/blog\/#\/schema\/logo\/image\/\"},\"sameAs\":[\"https:\/\/x.com\/EstratConcursos\"]},{\"@type\":\"Person\",\"@id\":\"https:\/\/www.estrategiaconcursos.com.br\/blog\/#\/schema\/person\/b4a388c97673c5f483d72185668afa1f\",\"name\":\"Coordena\u00e7\u00e3o\",\"image\":{\"@type\":\"ImageObject\",\"inLanguage\":\"pt-BR\",\"@id\":\"https:\/\/secure.gravatar.com\/avatar\/b720319e4c9a967eb58678d110f4fe35452fc5d5f97b202bac7b8acceb18c6ad?s=96&d=mm&r=g\",\"url\":\"https:\/\/secure.gravatar.com\/avatar\/b720319e4c9a967eb58678d110f4fe35452fc5d5f97b202bac7b8acceb18c6ad?s=96&d=mm&r=g\",\"contentUrl\":\"https:\/\/secure.gravatar.com\/avatar\/b720319e4c9a967eb58678d110f4fe35452fc5d5f97b202bac7b8acceb18c6ad?s=96&d=mm&r=g\",\"caption\":\"Coordena\u00e7\u00e3o\"},\"sameAs\":[\"https:\/\/www.facebook.com\/EstrategiaConcursos\",\"https:\/\/x.com\/EstratConcursos\"],\"url\":\"https:\/\/www.estrategiaconcursos.com.br\/blog\/author\/estrategia2013\/\"}]}<\/script>\n<!-- \/ Yoast SEO Premium plugin. -->","yoast_head_json":{"title":"Concurso Jaboticabal SP: gabaritos s\u00e3o divulgados","description":"Concurso Prefeitura de Jaboticabal: edital n\u00ba 1 est\u00e1 homologado. J\u00e1 o edital n\u00ba 2, os gabaritos preliminares foram divulgados!","robots":{"index":"index","follow":"follow","max-snippet":"max-snippet:-1","max-image-preview":"max-image-preview:large","max-video-preview":"max-video-preview:-1"},"canonical":"https:\/\/www.estrategiaconcursos.com.br\/blog\/concurso-prefeitura-jaboticabal\/","og_locale":"pt_BR","og_type":"article","og_title":"Concurso Jaboticabal SP: gabaritos s\u00e3o divulgados","og_description":"Concurso Prefeitura de Jaboticabal: edital n\u00ba 1 est\u00e1 homologado. J\u00e1 o edital n\u00ba 2, os gabaritos preliminares foram divulgados!","og_url":"https:\/\/www.estrategiaconcursos.com.br\/blog\/concurso-prefeitura-jaboticabal\/","og_site_name":"Estrat\u00e9gia Concursos","article_author":"https:\/\/www.facebook.com\/EstrategiaConcursos","article_published_time":"2024-07-24T12:56:00+00:00","article_modified_time":"2024-07-24T15:20:40+00:00","og_image":[{"width":768,"height":432,"url":"https:\/\/dhg1h5j42swfq.cloudfront.net\/2023\/05\/22083825\/768-432-max-9.jpg","type":"image\/jpeg"}],"author":"Coordena\u00e7\u00e3o","twitter_card":"summary_large_image","twitter_creator":"@EstratConcursos","twitter_site":"@EstratConcursos","twitter_misc":{"Escrito por":"Coordena\u00e7\u00e3o","Est. tempo de leitura":"7 minutos"},"schema":{"@context":"https:\/\/schema.org","@graph":[{"@type":"NewsArticle","@id":"https:\/\/www.estrategiaconcursos.com.br\/blog\/concurso-prefeitura-jaboticabal\/#article","isPartOf":{"@id":"https:\/\/www.estrategiaconcursos.com.br\/blog\/concurso-prefeitura-jaboticabal\/"},"author":{"name":"Coordena\u00e7\u00e3o","@id":"https:\/\/www.estrategiaconcursos.com.br\/blog\/#\/schema\/person\/b4a388c97673c5f483d72185668afa1f"},"headline":"Concurso Jaboticabal SP: gabaritos s\u00e3o divulgados","datePublished":"2024-07-24T12:56:00+00:00","dateModified":"2024-07-24T15:20:40+00:00","mainEntityOfPage":{"@id":"https:\/\/www.estrategiaconcursos.com.br\/blog\/concurso-prefeitura-jaboticabal\/"},"wordCount":1491,"commentCount":0,"publisher":{"@id":"https:\/\/www.estrategiaconcursos.com.br\/blog\/#organization"},"image":{"@id":"https:\/\/www.estrategiaconcursos.com.br\/blog\/concurso-prefeitura-jaboticabal\/#primaryimage"},"thumbnailUrl":"https:\/\/dhg1h5j42swfq.cloudfront.net\/2023\/05\/22083825\/768-432-max-9.jpg","articleSection":["Executivo (Administrativa)"],"inLanguage":"pt-BR","potentialAction":[{"@type":"CommentAction","name":"Comment","target":["https:\/\/www.estrategiaconcursos.com.br\/blog\/concurso-prefeitura-jaboticabal\/#respond"]}],"copyrightYear":"2024","copyrightHolder":{"@id":"https:\/\/www.estrategiaconcursos.com.br\/blog\/#organization"}},{"@type":"WebPage","@id":"https:\/\/www.estrategiaconcursos.com.br\/blog\/concurso-prefeitura-jaboticabal\/","url":"https:\/\/www.estrategiaconcursos.com.br\/blog\/concurso-prefeitura-jaboticabal\/","name":"Concurso Jaboticabal SP: gabaritos s\u00e3o divulgados","isPartOf":{"@id":"https:\/\/www.estrategiaconcursos.com.br\/blog\/#website"},"primaryImageOfPage":{"@id":"https:\/\/www.estrategiaconcursos.com.br\/blog\/concurso-prefeitura-jaboticabal\/#primaryimage"},"image":{"@id":"https:\/\/www.estrategiaconcursos.com.br\/blog\/concurso-prefeitura-jaboticabal\/#primaryimage"},"thumbnailUrl":"https:\/\/dhg1h5j42swfq.cloudfront.net\/2023\/05\/22083825\/768-432-max-9.jpg","datePublished":"2024-07-24T12:56:00+00:00","dateModified":"2024-07-24T15:20:40+00:00","description":"Concurso Prefeitura de Jaboticabal: edital n\u00ba 1 est\u00e1 homologado. J\u00e1 o edital n\u00ba 2, os gabaritos preliminares foram divulgados!","breadcrumb":{"@id":"https:\/\/www.estrategiaconcursos.com.br\/blog\/concurso-prefeitura-jaboticabal\/#breadcrumb"},"inLanguage":"pt-BR","potentialAction":[{"@type":"ReadAction","target":["https:\/\/www.estrategiaconcursos.com.br\/blog\/concurso-prefeitura-jaboticabal\/"]}]},{"@type":"ImageObject","inLanguage":"pt-BR","@id":"https:\/\/www.estrategiaconcursos.com.br\/blog\/concurso-prefeitura-jaboticabal\/#primaryimage","url":"https:\/\/dhg1h5j42swfq.cloudfront.net\/2023\/05\/22083825\/768-432-max-9.jpg","contentUrl":"https:\/\/dhg1h5j42swfq.cloudfront.net\/2023\/05\/22083825\/768-432-max-9.jpg","width":768,"height":432},{"@type":"BreadcrumbList","@id":"https:\/\/www.estrategiaconcursos.com.br\/blog\/concurso-prefeitura-jaboticabal\/#breadcrumb","itemListElement":[{"@type":"ListItem","position":1,"name":"In\u00edcio","item":"https:\/\/www.estrategiaconcursos.com.br\/blog\/"},{"@type":"ListItem","position":2,"name":"Concurso Jaboticabal SP: gabaritos s\u00e3o divulgados"}]},{"@type":"WebSite","@id":"https:\/\/www.estrategiaconcursos.com.br\/blog\/#website","url":"https:\/\/www.estrategiaconcursos.com.br\/blog\/","name":"Estrat\u00e9gia Concursos","description":"O blog da Estrat\u00e9gia Concursos traz not\u00edcias sobre concursos e artigos de professores oferecendo cursos para concursos (pdf + videaulas) no site.","publisher":{"@id":"https:\/\/www.estrategiaconcursos.com.br\/blog\/#organization"},"potentialAction":[{"@type":"SearchAction","target":{"@type":"EntryPoint","urlTemplate":"https:\/\/www.estrategiaconcursos.com.br\/blog\/?s={search_term_string}"},"query-input":{"@type":"PropertyValueSpecification","valueRequired":true,"valueName":"search_term_string"}}],"inLanguage":"pt-BR"},{"@type":"Organization","@id":"https:\/\/www.estrategiaconcursos.com.br\/blog\/#organization","name":"Estrat\u00e9gia Concursos","url":"https:\/\/www.estrategiaconcursos.com.br\/blog\/","logo":{"@type":"ImageObject","inLanguage":"pt-BR","@id":"https:\/\/www.estrategiaconcursos.com.br\/blog\/#\/schema\/logo\/image\/","url":"https:\/\/dhg1h5j42swfq.cloudfront.net\/2025\/06\/03203428\/logo_concursos-1.jpg","contentUrl":"https:\/\/dhg1h5j42swfq.cloudfront.net\/2025\/06\/03203428\/logo_concursos-1.jpg","width":230,"height":60,"caption":"Estrat\u00e9gia Concursos"},"image":{"@id":"https:\/\/www.estrategiaconcursos.com.br\/blog\/#\/schema\/logo\/image\/"},"sameAs":["https:\/\/x.com\/EstratConcursos"]},{"@type":"Person","@id":"https:\/\/www.estrategiaconcursos.com.br\/blog\/#\/schema\/person\/b4a388c97673c5f483d72185668afa1f","name":"Coordena\u00e7\u00e3o","image":{"@type":"ImageObject","inLanguage":"pt-BR","@id":"https:\/\/secure.gravatar.com\/avatar\/b720319e4c9a967eb58678d110f4fe35452fc5d5f97b202bac7b8acceb18c6ad?s=96&d=mm&r=g","url":"https:\/\/secure.gravatar.com\/avatar\/b720319e4c9a967eb58678d110f4fe35452fc5d5f97b202bac7b8acceb18c6ad?s=96&d=mm&r=g","contentUrl":"https:\/\/secure.gravatar.com\/avatar\/b720319e4c9a967eb58678d110f4fe35452fc5d5f97b202bac7b8acceb18c6ad?s=96&d=mm&r=g","caption":"Coordena\u00e7\u00e3o"},"sameAs":["https:\/\/www.facebook.com\/EstrategiaConcursos","https:\/\/x.com\/EstratConcursos"],"url":"https:\/\/www.estrategiaconcursos.com.br\/blog\/author\/estrategia2013\/"}]}},"_links":{"self":[{"href":"https:\/\/www.estrategiaconcursos.com.br\/blog\/wp-json\/wp\/v2\/posts\/1218964","targetHints":{"allow":["GET"]}}],"collection":[{"href":"https:\/\/www.estrategiaconcursos.com.br\/blog\/wp-json\/wp\/v2\/posts"}],"about":[{"href":"https:\/\/www.estrategiaconcursos.com.br\/blog\/wp-json\/wp\/v2\/types\/post"}],"author":[{"embeddable":true,"href":"https:\/\/www.estrategiaconcursos.com.br\/blog\/wp-json\/wp\/v2\/users\/1"}],"replies":[{"embeddable":true,"href":"https:\/\/www.estrategiaconcursos.com.br\/blog\/wp-json\/wp\/v2\/comments?post=1218964"}],"version-history":[{"count":50,"href":"https:\/\/www.estrategiaconcursos.com.br\/blog\/wp-json\/wp\/v2\/posts\/1218964\/revisions"}],"predecessor-version":[{"id":1434728,"href":"https:\/\/www.estrategiaconcursos.com.br\/blog\/wp-json\/wp\/v2\/posts\/1218964\/revisions\/1434728"}],"wp:featuredmedia":[{"embeddable":true,"href":"https:\/\/www.estrategiaconcursos.com.br\/blog\/wp-json\/wp\/v2\/media\/1219727"}],"wp:attachment":[{"href":"https:\/\/www.estrategiaconcursos.com.br\/blog\/wp-json\/wp\/v2\/media?parent=1218964"}],"wp:term":[{"taxonomy":"category","embeddable":true,"href":"https:\/\/www.estrategiaconcursos.com.br\/blog\/wp-json\/wp\/v2\/categories?post=1218964"},{"taxonomy":"post_tag","embeddable":true,"href":"https:\/\/www.estrategiaconcursos.com.br\/blog\/wp-json\/wp\/v2\/tags?post=1218964"},{"taxonomy":"tax_estado","embeddable":true,"href":"https:\/\/www.estrategiaconcursos.com.br\/blog\/wp-json\/wp\/v2\/tax_estado?post=1218964"}],"curies":[{"name":"wp","href":"https:\/\/api.w.org\/{rel}","templated":true}]}}