{"id":1218845,"date":"2023-05-19T10:29:59","date_gmt":"2023-05-19T13:29:59","guid":{"rendered":"https:\/\/www.estrategiaconcursos.com.br\/blog\/?p=1218845"},"modified":"2023-05-19T10:30:03","modified_gmt":"2023-05-19T13:30:03","slug":"coordenadora-da-fenajufe-esclarece-nivel-superior-para-tecnicos","status":"publish","type":"post","link":"https:\/\/www.estrategiaconcursos.com.br\/blog\/coordenadora-da-fenajufe-esclarece-nivel-superior-para-tecnicos\/","title":{"rendered":"Coordenadora da Fenajufe esclarece n\u00edvel superior para t\u00e9cnicos"},"content":{"rendered":"\n<p>O <strong>n\u00edvel superior para t\u00e9cnicos<\/strong> j\u00e1 pode ser considerado a &#8220;nova tend\u00eancia&#8221; do universo dos concursos P\u00fablicos?<\/p>\n\n\n\n<p>O assunto \u00e9 pol\u00eamico, mas grandes editais j\u00e1 prometem o novo requisito ao cargo que antes era destinado a candidatos de n\u00edvel m\u00e9dio de escolaridade.<\/p>\n\n\n\n<p>Dois \u00f3timos exemplos s\u00e3o os editais do <a href=\"https:\/\/www.estrategiaconcursos.com.br\/blog\/concurso-tse-unificado\/\" target=\"_blank\" rel=\"noreferrer noopener\">concurso TSE unificado<\/a>, aguardado para o 2\u00ba semestre de 2023, e o <a href=\"https:\/\/www.estrategiaconcursos.com.br\/blog\/concurso-mpu\/\" target=\"_blank\" rel=\"noreferrer noopener\">concurso do MPU<\/a> para a carreira de t\u00e9cnico em seguran\u00e7a.<\/p>\n\n\n\n<p>No caso do <strong>MPU<\/strong>, o n\u00edvel superior para t\u00e9cnico depende apenas da san\u00e7\u00e3o da presid\u00eancia da Rep\u00fablica para que possa tornar-se oficialmente vigente. <\/p>\n\n\n\n<p><strong>Mas por que o n\u00edvel superior para t\u00e9cnicos do judici\u00e1rio e MPU veio \u00e0 pauta?<\/strong> Esse \u00e9 o questionamento feito pela maioria dos concurseiros.<\/p>\n\n\n\n<p>Para isso, o estrat\u00e9gia concursos entrevistou a coordenadora da Federa\u00e7\u00e3o Nacional dos Trabalhadores do Judici\u00e1rio Federal e Minist\u00e9rio P\u00fablico da Uni\u00e3o (Fenajufe), entidade respons\u00e1vel por protocolar o novo requisito no STF.<\/p>\n\n\n\n<p>Segundo Fernanda Lauria o novo requisito tem importantes motivos para ser exigido. Confira detalhes no v\u00eddeo abaixo:<\/p>\n\n\n<figure class=\"wp-block-embed-youtube wp-block-embed is-type-video is-provider-youtube wp-embed-aspect-16-9 wp-has-aspect-ratio\"><div class=\"lyte-wrapper\" style=\"width:853px;max-width:100%;margin:5px;\"><div class=\"lyMe\" id=\"WYL_1xFgmfmc1-g\"><div id=\"lyte_1xFgmfmc1-g\" data-src=\"\/\/i.ytimg.com\/vi\/1xFgmfmc1-g\/hqdefault.jpg\" class=\"pL\"><div class=\"tC\"><div class=\"tT\"><\/div><\/div><div class=\"play\"><\/div><div class=\"ctrl\"><div class=\"Lctrl\"><\/div><div class=\"Rctrl\"><\/div><\/div><\/div><noscript><a href=\"https:\/\/youtu.be\/1xFgmfmc1-g\" rel=\"nofollow\"><img loading=\"lazy\" decoding=\"async\" src=\"https:\/\/i.ytimg.com\/vi\/1xFgmfmc1-g\/0.jpg\" alt=\"YouTube video thumbnail\" width=\"853\" height=\"460\" \/><br \/>Assista a este v\u00eddeo no YouTube<\/a><\/noscript><\/div><\/div><div class=\"lL\" style=\"max-width:100%;width:853px;margin:5px;\"><\/div><figcaption>N\u00edvel superior para t\u00e9cnicos do judici\u00e1rio<\/figcaption><\/figure>\n\n\n<h2 class=\"wp-block-heading\">Concurso TSE unificado em 2023<\/h2>\n\n\n\n<p>Visando a celeridade da realiza\u00e7\u00e3o do <strong>concurso TSE unificado<\/strong>, que inclusive teve a sua publica\u00e7\u00e3o em 2023 refor\u00e7ada, foi levantada a possibilidade de publica\u00e7\u00e3o de dois editais.<\/p>\n\n\n\n<p>Lembrando que Informa\u00e7\u00f5es preliminares apontam o edital em agosto de 2023, com provas e nomea\u00e7\u00f5es ainda neste ano.<\/p>\n\n\n\n<p>Os candidatos poder\u00e3o realizar provas em qualquer estado, por\u00e9m no momento da inscri\u00e7\u00e3o dever\u00e1 sinalizar para qual estado concorrem.<\/p>\n\n\n\n<p>Veja todos os detalhes do edital do TSE unificado atrav\u00e9s do link abaixo:<\/p>\n\n\n\n<p class=\"has-text-align-center has-pale-cyan-blue-background-color has-background has-medium-font-size\"><strong>Saiba mais: <a href=\"https:\/\/www.estrategiaconcursos.com.br\/blog\/concurso-tse-unificado\/\" target=\"_blank\" rel=\"noreferrer noopener\">concurso TSE unificado<\/a><\/strong><\/p>\n\n\n\n<h2 class=\"wp-block-heading has-text-align-center\" id=\"h-quer-saber-tudo-sobre-concursos-previstos-confira-nossos-artigos\">Quer saber tudo sobre concursos previstos?<br \/>Confira nossos artigos!<\/h2>\n\n\n\n<ul class=\"wp-block-list\">\n<li><a href=\"https:\/\/www.estrategiaconcursos.com.br\/blog\/concursos-abertos\/\" target=\"_blank\" rel=\"noreferrer noopener\">Concursos abertos<\/a><\/li>\n\n\n\n<li><a href=\"https:\/\/www.estrategiaconcursos.com.br\/blog\/concursos-2023\/\" target=\"_blank\" rel=\"noreferrer noopener\">Concursos 2023<\/a><\/li>\n\n\n\n<li><a href=\"https:\/\/www.estrategiaconcursos.com.br\/blog\/concursos-tribunais-2022\/\" target=\"_blank\" rel=\"noreferrer noopener\">Concursos Tribunais<\/a><\/li>\n<\/ul>\n\n\n\n<h2 class=\"wp-block-heading has-text-align-center\" id=\"cursos-assinatura\"><br \/>Que tal estudar para o concurso TSE Unificado?<\/h2>\n\n\n\n<div class=\"container\" id=\"boxes\">\n  <div class=\"row\">\n\n    <div class=\"col-sm\">\n      <div class=\"banner-tribunal\" id=\"box-assinatura\">\n        <h3 class=\"titulo-assinatura\">Curso TSE<\/h3>\n        <p class=\"subtitulo-assinatura\">Conhe\u00e7a os cursos<\/p>\n        <div class=\"box-botao\">\n          <a class=\"btn-assinatura\" target=\"_blank\" href=\"https:\/\/www.estrategiaconcursos.com.br\/cursosPorConcurso\/tribunal-superior-eleitoral-tse-servidores\/\" role=\"button\" rel=\"noopener noreferrer\">Conhe\u00e7a mais<\/a>\n        <\/div>\n      <\/div>\n      <p class=\"texto-auxiliar\"><\/p>\n    <\/div>\n\n  <\/div>\n<\/div>\n\n\n\n<div class=\"container\" id=\"boxes\">\n  <div class=\"row\">\n\n    <div class=\"col-sm\">\n      <div class=\"estrategia\" id=\"box-assinatura\">\n        <h3 class=\"titulo-assinatura\">Assinatura Concursos<\/h3>\n        <p class=\"subtitulo-assinatura\">Assinatura de 1 ano ou 2 anos<\/p>\n        <div class=\"box-botao\">\n          <a class=\"btn-assinatura\" target=\"_blank\" href=\"https:\/\/www.estrategiaconcursos.com.br\/assinaturas\/\" role=\"button\" rel=\"noopener noreferrer\">ASSINE AGORA<\/a>\n        <\/div>\n      <\/div>\n     \n    <\/div><\/div><\/div>\n","protected":false},"excerpt":{"rendered":"<p>O n\u00edvel superior para t\u00e9cnicos j\u00e1 pode ser considerado a &#8220;nova tend\u00eancia&#8221; do universo dos concursos P\u00fablicos? O assunto \u00e9 pol\u00eamico, mas grandes editais j\u00e1 prometem o novo requisito ao cargo que antes era destinado a candidatos de n\u00edvel m\u00e9dio de escolaridade. Dois \u00f3timos exemplos s\u00e3o os editais do concurso TSE unificado, aguardado para o [&hellip;]<\/p>\n","protected":false},"author":2319,"featured_media":0,"comment_status":"open","ping_status":"closed","sticky":false,"template":"","format":"standard","meta":{"post_tipo":"news","footnotes":""},"categories":[1984,220737,220219],"tags":[],"tax_estado":[219963],"class_list":["post-1218845","post","type-post","status-publish","format-standard","hentry","category-tribunais","category-tribunais-tribunais","category-noticias","tax_estado-concursos-federais"],"acf":[],"yoast_head":"<!-- This site is optimized with the Yoast SEO Premium plugin v27.2 (Yoast SEO v27.2) - https:\/\/yoast.com\/product\/yoast-seo-premium-wordpress\/ -->\n<title>Coordenadora da Fenajufe esclarece n\u00edvel superior para t\u00e9cnicos<\/title>\n<meta name=\"robots\" content=\"index, follow, max-snippet:-1, max-image-preview:large, max-video-preview:-1\" \/>\n<link rel=\"canonical\" href=\"https:\/\/www.estrategiaconcursos.com.br\/blog\/coordenadora-da-fenajufe-esclarece-nivel-superior-para-tecnicos\/\" \/>\n<meta property=\"og:locale\" content=\"pt_BR\" \/>\n<meta property=\"og:type\" content=\"article\" \/>\n<meta property=\"og:title\" content=\"Coordenadora da Fenajufe esclarece n\u00edvel superior para t\u00e9cnicos\" \/>\n<meta property=\"og:description\" content=\"O n\u00edvel superior para t\u00e9cnicos j\u00e1 pode ser considerado a &#8220;nova tend\u00eancia&#8221; do universo dos concursos P\u00fablicos? O assunto \u00e9 pol\u00eamico, mas grandes editais j\u00e1 prometem o novo requisito ao cargo que antes era destinado a candidatos de n\u00edvel m\u00e9dio de escolaridade. Dois \u00f3timos exemplos s\u00e3o os editais do concurso TSE unificado, aguardado para o [&hellip;]\" \/>\n<meta property=\"og:url\" content=\"https:\/\/www.estrategiaconcursos.com.br\/blog\/coordenadora-da-fenajufe-esclarece-nivel-superior-para-tecnicos\/\" \/>\n<meta property=\"og:site_name\" content=\"Estrat\u00e9gia Concursos\" \/>\n<meta property=\"article:published_time\" content=\"2023-05-19T13:29:59+00:00\" \/>\n<meta property=\"article:modified_time\" content=\"2023-05-19T13:30:03+00:00\" \/>\n<meta property=\"og:image\" content=\"https:\/\/dhg1h5j42swfq.cloudfront.net\/2023\/01\/18152341\/tse_unificado-1.jpg\" \/>\n\t<meta property=\"og:image:width\" content=\"768\" \/>\n\t<meta property=\"og:image:height\" content=\"432\" \/>\n\t<meta property=\"og:image:type\" content=\"image\/jpeg\" \/>\n<meta name=\"author\" content=\"Let\u00edcia Teixeira\" \/>\n<meta name=\"twitter:card\" content=\"summary_large_image\" \/>\n<meta name=\"twitter:creator\" content=\"@EstratConcursos\" \/>\n<meta name=\"twitter:site\" content=\"@EstratConcursos\" \/>\n<meta name=\"twitter:label1\" content=\"Escrito por\" \/>\n\t<meta name=\"twitter:data1\" content=\"Let\u00edcia Teixeira\" \/>\n\t<meta name=\"twitter:label2\" content=\"Est. tempo de leitura\" \/>\n\t<meta name=\"twitter:data2\" content=\"2 minutos\" \/>\n<script type=\"application\/ld+json\" class=\"yoast-schema-graph\">{\"@context\":\"https:\/\/schema.org\",\"@graph\":[{\"@type\":\"NewsArticle\",\"@id\":\"https:\/\/www.estrategiaconcursos.com.br\/blog\/coordenadora-da-fenajufe-esclarece-nivel-superior-para-tecnicos\/#article\",\"isPartOf\":{\"@id\":\"https:\/\/www.estrategiaconcursos.com.br\/blog\/coordenadora-da-fenajufe-esclarece-nivel-superior-para-tecnicos\/\"},\"author\":{\"name\":\"Let\u00edcia Teixeira\",\"@id\":\"https:\/\/www.estrategiaconcursos.com.br\/blog\/#\/schema\/person\/9b94727dcf4410f4a7931c83966c843b\"},\"headline\":\"Coordenadora da Fenajufe esclarece n\u00edvel superior para t\u00e9cnicos\",\"datePublished\":\"2023-05-19T13:29:59+00:00\",\"dateModified\":\"2023-05-19T13:30:03+00:00\",\"mainEntityOfPage\":{\"@id\":\"https:\/\/www.estrategiaconcursos.com.br\/blog\/coordenadora-da-fenajufe-esclarece-nivel-superior-para-tecnicos\/\"},\"wordCount\":351,\"commentCount\":0,\"publisher\":{\"@id\":\"https:\/\/www.estrategiaconcursos.com.br\/blog\/#organization\"},\"articleSection\":[\"Tribunais\",\"Tribunais\",\"\u00daltimas not\u00edcias\"],\"inLanguage\":\"pt-BR\",\"potentialAction\":[{\"@type\":\"CommentAction\",\"name\":\"Comment\",\"target\":[\"https:\/\/www.estrategiaconcursos.com.br\/blog\/coordenadora-da-fenajufe-esclarece-nivel-superior-para-tecnicos\/#respond\"]}],\"copyrightYear\":\"2023\",\"copyrightHolder\":{\"@id\":\"https:\/\/www.estrategiaconcursos.com.br\/blog\/#organization\"}},{\"@type\":\"WebPage\",\"@id\":\"https:\/\/www.estrategiaconcursos.com.br\/blog\/coordenadora-da-fenajufe-esclarece-nivel-superior-para-tecnicos\/\",\"url\":\"https:\/\/www.estrategiaconcursos.com.br\/blog\/coordenadora-da-fenajufe-esclarece-nivel-superior-para-tecnicos\/\",\"name\":\"Coordenadora da Fenajufe esclarece n\u00edvel superior para t\u00e9cnicos\",\"isPartOf\":{\"@id\":\"https:\/\/www.estrategiaconcursos.com.br\/blog\/#website\"},\"datePublished\":\"2023-05-19T13:29:59+00:00\",\"dateModified\":\"2023-05-19T13:30:03+00:00\",\"breadcrumb\":{\"@id\":\"https:\/\/www.estrategiaconcursos.com.br\/blog\/coordenadora-da-fenajufe-esclarece-nivel-superior-para-tecnicos\/#breadcrumb\"},\"inLanguage\":\"pt-BR\",\"potentialAction\":[{\"@type\":\"ReadAction\",\"target\":[\"https:\/\/www.estrategiaconcursos.com.br\/blog\/coordenadora-da-fenajufe-esclarece-nivel-superior-para-tecnicos\/\"]}]},{\"@type\":\"BreadcrumbList\",\"@id\":\"https:\/\/www.estrategiaconcursos.com.br\/blog\/coordenadora-da-fenajufe-esclarece-nivel-superior-para-tecnicos\/#breadcrumb\",\"itemListElement\":[{\"@type\":\"ListItem\",\"position\":1,\"name\":\"In\u00edcio\",\"item\":\"https:\/\/www.estrategiaconcursos.com.br\/blog\/\"},{\"@type\":\"ListItem\",\"position\":2,\"name\":\"Coordenadora da Fenajufe esclarece n\u00edvel superior para t\u00e9cnicos\"}]},{\"@type\":\"WebSite\",\"@id\":\"https:\/\/www.estrategiaconcursos.com.br\/blog\/#website\",\"url\":\"https:\/\/www.estrategiaconcursos.com.br\/blog\/\",\"name\":\"Estrat\u00e9gia Concursos\",\"description\":\"O blog da Estrat\u00e9gia Concursos traz not\u00edcias sobre concursos e artigos de professores oferecendo cursos para concursos (pdf + videaulas) no site.\",\"publisher\":{\"@id\":\"https:\/\/www.estrategiaconcursos.com.br\/blog\/#organization\"},\"potentialAction\":[{\"@type\":\"SearchAction\",\"target\":{\"@type\":\"EntryPoint\",\"urlTemplate\":\"https:\/\/www.estrategiaconcursos.com.br\/blog\/?s={search_term_string}\"},\"query-input\":{\"@type\":\"PropertyValueSpecification\",\"valueRequired\":true,\"valueName\":\"search_term_string\"}}],\"inLanguage\":\"pt-BR\"},{\"@type\":\"Organization\",\"@id\":\"https:\/\/www.estrategiaconcursos.com.br\/blog\/#organization\",\"name\":\"Estrat\u00e9gia Concursos\",\"url\":\"https:\/\/www.estrategiaconcursos.com.br\/blog\/\",\"logo\":{\"@type\":\"ImageObject\",\"inLanguage\":\"pt-BR\",\"@id\":\"https:\/\/www.estrategiaconcursos.com.br\/blog\/#\/schema\/logo\/image\/\",\"url\":\"https:\/\/dhg1h5j42swfq.cloudfront.net\/2025\/06\/03203428\/logo_concursos-1.jpg\",\"contentUrl\":\"https:\/\/dhg1h5j42swfq.cloudfront.net\/2025\/06\/03203428\/logo_concursos-1.jpg\",\"width\":230,\"height\":60,\"caption\":\"Estrat\u00e9gia Concursos\"},\"image\":{\"@id\":\"https:\/\/www.estrategiaconcursos.com.br\/blog\/#\/schema\/logo\/image\/\"},\"sameAs\":[\"https:\/\/x.com\/EstratConcursos\"]},{\"@type\":\"Person\",\"@id\":\"https:\/\/www.estrategiaconcursos.com.br\/blog\/#\/schema\/person\/9b94727dcf4410f4a7931c83966c843b\",\"name\":\"Let\u00edcia Teixeira\",\"image\":{\"@type\":\"ImageObject\",\"inLanguage\":\"pt-BR\",\"@id\":\"https:\/\/secure.gravatar.com\/avatar\/fb589b06b881e20b676d08f9d03226d1e3291ba2f90e751ddc9ccb21abf0244d?s=96&d=mm&r=g\",\"url\":\"https:\/\/secure.gravatar.com\/avatar\/fb589b06b881e20b676d08f9d03226d1e3291ba2f90e751ddc9ccb21abf0244d?s=96&d=mm&r=g\",\"contentUrl\":\"https:\/\/secure.gravatar.com\/avatar\/fb589b06b881e20b676d08f9d03226d1e3291ba2f90e751ddc9ccb21abf0244d?s=96&d=mm&r=g\",\"caption\":\"Let\u00edcia Teixeira\"},\"description\":\"Jornalista com experi\u00eancia de mais de quatro anos no segmento de concursos p\u00fablicos. Especializada em Narrativa Transm\u00eddia e Storytelling pela Universidade Cat\u00f3lica de Bras\u00edlia, com atua\u00e7\u00e3o nas \u00e1reas de SEO, conte\u00fado, Webwriting e Copywriting.\",\"url\":\"https:\/\/www.estrategiaconcursos.com.br\/blog\/author\/leticia-teixeiraestrategia-com\/\"}]}<\/script>\n<!-- \/ Yoast SEO Premium plugin. -->","yoast_head_json":{"title":"Coordenadora da Fenajufe esclarece n\u00edvel superior para t\u00e9cnicos","robots":{"index":"index","follow":"follow","max-snippet":"max-snippet:-1","max-image-preview":"max-image-preview:large","max-video-preview":"max-video-preview:-1"},"canonical":"https:\/\/www.estrategiaconcursos.com.br\/blog\/coordenadora-da-fenajufe-esclarece-nivel-superior-para-tecnicos\/","og_locale":"pt_BR","og_type":"article","og_title":"Coordenadora da Fenajufe esclarece n\u00edvel superior para t\u00e9cnicos","og_description":"O n\u00edvel superior para t\u00e9cnicos j\u00e1 pode ser considerado a &#8220;nova tend\u00eancia&#8221; do universo dos concursos P\u00fablicos? O assunto \u00e9 pol\u00eamico, mas grandes editais j\u00e1 prometem o novo requisito ao cargo que antes era destinado a candidatos de n\u00edvel m\u00e9dio de escolaridade. Dois \u00f3timos exemplos s\u00e3o os editais do concurso TSE unificado, aguardado para o [&hellip;]","og_url":"https:\/\/www.estrategiaconcursos.com.br\/blog\/coordenadora-da-fenajufe-esclarece-nivel-superior-para-tecnicos\/","og_site_name":"Estrat\u00e9gia Concursos","article_published_time":"2023-05-19T13:29:59+00:00","article_modified_time":"2023-05-19T13:30:03+00:00","og_image":[{"width":768,"height":432,"url":"https:\/\/dhg1h5j42swfq.cloudfront.net\/2023\/01\/18152341\/tse_unificado-1.jpg","type":"image\/jpeg"}],"author":"Let\u00edcia Teixeira","twitter_card":"summary_large_image","twitter_creator":"@EstratConcursos","twitter_site":"@EstratConcursos","twitter_misc":{"Escrito por":"Let\u00edcia Teixeira","Est. tempo de leitura":"2 minutos"},"schema":{"@context":"https:\/\/schema.org","@graph":[{"@type":"NewsArticle","@id":"https:\/\/www.estrategiaconcursos.com.br\/blog\/coordenadora-da-fenajufe-esclarece-nivel-superior-para-tecnicos\/#article","isPartOf":{"@id":"https:\/\/www.estrategiaconcursos.com.br\/blog\/coordenadora-da-fenajufe-esclarece-nivel-superior-para-tecnicos\/"},"author":{"name":"Let\u00edcia Teixeira","@id":"https:\/\/www.estrategiaconcursos.com.br\/blog\/#\/schema\/person\/9b94727dcf4410f4a7931c83966c843b"},"headline":"Coordenadora da Fenajufe esclarece n\u00edvel superior para t\u00e9cnicos","datePublished":"2023-05-19T13:29:59+00:00","dateModified":"2023-05-19T13:30:03+00:00","mainEntityOfPage":{"@id":"https:\/\/www.estrategiaconcursos.com.br\/blog\/coordenadora-da-fenajufe-esclarece-nivel-superior-para-tecnicos\/"},"wordCount":351,"commentCount":0,"publisher":{"@id":"https:\/\/www.estrategiaconcursos.com.br\/blog\/#organization"},"articleSection":["Tribunais","Tribunais","\u00daltimas not\u00edcias"],"inLanguage":"pt-BR","potentialAction":[{"@type":"CommentAction","name":"Comment","target":["https:\/\/www.estrategiaconcursos.com.br\/blog\/coordenadora-da-fenajufe-esclarece-nivel-superior-para-tecnicos\/#respond"]}],"copyrightYear":"2023","copyrightHolder":{"@id":"https:\/\/www.estrategiaconcursos.com.br\/blog\/#organization"}},{"@type":"WebPage","@id":"https:\/\/www.estrategiaconcursos.com.br\/blog\/coordenadora-da-fenajufe-esclarece-nivel-superior-para-tecnicos\/","url":"https:\/\/www.estrategiaconcursos.com.br\/blog\/coordenadora-da-fenajufe-esclarece-nivel-superior-para-tecnicos\/","name":"Coordenadora da Fenajufe esclarece n\u00edvel superior para t\u00e9cnicos","isPartOf":{"@id":"https:\/\/www.estrategiaconcursos.com.br\/blog\/#website"},"datePublished":"2023-05-19T13:29:59+00:00","dateModified":"2023-05-19T13:30:03+00:00","breadcrumb":{"@id":"https:\/\/www.estrategiaconcursos.com.br\/blog\/coordenadora-da-fenajufe-esclarece-nivel-superior-para-tecnicos\/#breadcrumb"},"inLanguage":"pt-BR","potentialAction":[{"@type":"ReadAction","target":["https:\/\/www.estrategiaconcursos.com.br\/blog\/coordenadora-da-fenajufe-esclarece-nivel-superior-para-tecnicos\/"]}]},{"@type":"BreadcrumbList","@id":"https:\/\/www.estrategiaconcursos.com.br\/blog\/coordenadora-da-fenajufe-esclarece-nivel-superior-para-tecnicos\/#breadcrumb","itemListElement":[{"@type":"ListItem","position":1,"name":"In\u00edcio","item":"https:\/\/www.estrategiaconcursos.com.br\/blog\/"},{"@type":"ListItem","position":2,"name":"Coordenadora da Fenajufe esclarece n\u00edvel superior para t\u00e9cnicos"}]},{"@type":"WebSite","@id":"https:\/\/www.estrategiaconcursos.com.br\/blog\/#website","url":"https:\/\/www.estrategiaconcursos.com.br\/blog\/","name":"Estrat\u00e9gia Concursos","description":"O blog da Estrat\u00e9gia Concursos traz not\u00edcias sobre concursos e artigos de professores oferecendo cursos para concursos (pdf + videaulas) no site.","publisher":{"@id":"https:\/\/www.estrategiaconcursos.com.br\/blog\/#organization"},"potentialAction":[{"@type":"SearchAction","target":{"@type":"EntryPoint","urlTemplate":"https:\/\/www.estrategiaconcursos.com.br\/blog\/?s={search_term_string}"},"query-input":{"@type":"PropertyValueSpecification","valueRequired":true,"valueName":"search_term_string"}}],"inLanguage":"pt-BR"},{"@type":"Organization","@id":"https:\/\/www.estrategiaconcursos.com.br\/blog\/#organization","name":"Estrat\u00e9gia Concursos","url":"https:\/\/www.estrategiaconcursos.com.br\/blog\/","logo":{"@type":"ImageObject","inLanguage":"pt-BR","@id":"https:\/\/www.estrategiaconcursos.com.br\/blog\/#\/schema\/logo\/image\/","url":"https:\/\/dhg1h5j42swfq.cloudfront.net\/2025\/06\/03203428\/logo_concursos-1.jpg","contentUrl":"https:\/\/dhg1h5j42swfq.cloudfront.net\/2025\/06\/03203428\/logo_concursos-1.jpg","width":230,"height":60,"caption":"Estrat\u00e9gia Concursos"},"image":{"@id":"https:\/\/www.estrategiaconcursos.com.br\/blog\/#\/schema\/logo\/image\/"},"sameAs":["https:\/\/x.com\/EstratConcursos"]},{"@type":"Person","@id":"https:\/\/www.estrategiaconcursos.com.br\/blog\/#\/schema\/person\/9b94727dcf4410f4a7931c83966c843b","name":"Let\u00edcia Teixeira","image":{"@type":"ImageObject","inLanguage":"pt-BR","@id":"https:\/\/secure.gravatar.com\/avatar\/fb589b06b881e20b676d08f9d03226d1e3291ba2f90e751ddc9ccb21abf0244d?s=96&d=mm&r=g","url":"https:\/\/secure.gravatar.com\/avatar\/fb589b06b881e20b676d08f9d03226d1e3291ba2f90e751ddc9ccb21abf0244d?s=96&d=mm&r=g","contentUrl":"https:\/\/secure.gravatar.com\/avatar\/fb589b06b881e20b676d08f9d03226d1e3291ba2f90e751ddc9ccb21abf0244d?s=96&d=mm&r=g","caption":"Let\u00edcia Teixeira"},"description":"Jornalista com experi\u00eancia de mais de quatro anos no segmento de concursos p\u00fablicos. Especializada em Narrativa Transm\u00eddia e Storytelling pela Universidade Cat\u00f3lica de Bras\u00edlia, com atua\u00e7\u00e3o nas \u00e1reas de SEO, conte\u00fado, Webwriting e Copywriting.","url":"https:\/\/www.estrategiaconcursos.com.br\/blog\/author\/leticia-teixeiraestrategia-com\/"}]}},"_links":{"self":[{"href":"https:\/\/www.estrategiaconcursos.com.br\/blog\/wp-json\/wp\/v2\/posts\/1218845","targetHints":{"allow":["GET"]}}],"collection":[{"href":"https:\/\/www.estrategiaconcursos.com.br\/blog\/wp-json\/wp\/v2\/posts"}],"about":[{"href":"https:\/\/www.estrategiaconcursos.com.br\/blog\/wp-json\/wp\/v2\/types\/post"}],"author":[{"embeddable":true,"href":"https:\/\/www.estrategiaconcursos.com.br\/blog\/wp-json\/wp\/v2\/users\/2319"}],"replies":[{"embeddable":true,"href":"https:\/\/www.estrategiaconcursos.com.br\/blog\/wp-json\/wp\/v2\/comments?post=1218845"}],"version-history":[{"count":2,"href":"https:\/\/www.estrategiaconcursos.com.br\/blog\/wp-json\/wp\/v2\/posts\/1218845\/revisions"}],"predecessor-version":[{"id":1218871,"href":"https:\/\/www.estrategiaconcursos.com.br\/blog\/wp-json\/wp\/v2\/posts\/1218845\/revisions\/1218871"}],"wp:attachment":[{"href":"https:\/\/www.estrategiaconcursos.com.br\/blog\/wp-json\/wp\/v2\/media?parent=1218845"}],"wp:term":[{"taxonomy":"category","embeddable":true,"href":"https:\/\/www.estrategiaconcursos.com.br\/blog\/wp-json\/wp\/v2\/categories?post=1218845"},{"taxonomy":"post_tag","embeddable":true,"href":"https:\/\/www.estrategiaconcursos.com.br\/blog\/wp-json\/wp\/v2\/tags?post=1218845"},{"taxonomy":"tax_estado","embeddable":true,"href":"https:\/\/www.estrategiaconcursos.com.br\/blog\/wp-json\/wp\/v2\/tax_estado?post=1218845"}],"curies":[{"name":"wp","href":"https:\/\/api.w.org\/{rel}","templated":true}]}}