{"id":1218105,"date":"2023-05-24T06:53:33","date_gmt":"2023-05-24T09:53:33","guid":{"rendered":"https:\/\/www.estrategiaconcursos.com.br\/blog\/?p=1218105"},"modified":"2025-04-24T08:35:29","modified_gmt":"2025-04-24T11:35:29","slug":"concurso-pm-sp-oficial-edital-publicado","status":"publish","type":"post","link":"https:\/\/www.estrategiaconcursos.com.br\/blog\/concurso-pm-sp-oficial-edital-publicado\/","title":{"rendered":"Edital PM SP Oficial: inscri\u00e7\u00f5es encerradas; 200 vagas!"},"content":{"rendered":"\n<p>Est\u00e3o encerradas as inscri\u00e7\u00f5es para o <strong>edital PM SP Oficial <\/strong>(<a rel=\"noreferrer noopener\" href=\"https:\/\/www.estrategiaconcursos.com.br\/cursosPorConcurso\/policia-militar-de-sao-paulo-pm-sp\/\" target=\"_blank\">Pol\u00edcia Militar de S\u00e3o Paulo<\/a>) que oferta <strong>200 vagas<\/strong> para o cargo de <a rel=\"noreferrer noopener\" href=\"https:\/\/www.estrategiaconcursos.com.br\/curso\/pm-sp-oficial-pacote-2023-pos-edital\/\" target=\"_blank\">Aluno-Oficial<\/a>. <\/p>\n\n\n\n<p>Os interessados em participar da sele\u00e7\u00e3o puderam se candidatar at\u00e9 o dia 22 de junho de 2023, no site da banca organizadora, <a rel=\"noreferrer noopener\" href=\"https:\/\/www.vunesp.com.br\/PMES2301\" target=\"_blank\">Vunesp<\/a>. A taxa foi definida em R$ 150,00.<\/p>\n\n\n\n<p>As oportunidades s\u00e3o de n\u00edvel m\u00e9dio de forma\u00e7\u00e3o. A remunera\u00e7\u00e3o b\u00e1sica inicial para o cargo de Aluno-Oficial PM \u00e9 de <strong>R$ 3.815,03<\/strong>, sendo composta da seguinte maneira:  <\/p>\n\n\n\n<ul class=\"wp-block-list\">\n<li>Padr\u00e3o no valor de R$ 1.514,68;<\/li>\n\n\n\n<li>Regime Especial de Trabalho Policial (RETP), previsto na Lei n\u00ba 10.291\/68, no valor de R$ 1.514,68; e<\/li>\n\n\n\n<li>Insalubridade, prevista na Lei Complementar n\u00ba 432\/85, com altera\u00e7\u00f5es da Lei Complementar n\u00ba 1.179\/12, no valor de R$ 785,67.<\/li>\n<\/ul>\n\n\n\n<ul class=\"has-very-light-gray-to-cyan-bluish-gray-gradient-background has-background wp-block-list\">\n<li><strong style=\"background-color: initial; color: initial;\">Banca:<\/strong> Vunesp<\/li>\n\n\n\n<li><strong>Vagas:<\/strong> 200<\/li>\n\n\n\n<li><strong>Cargo<\/strong>: Oficial<\/li>\n\n\n\n<li><strong>Sal\u00e1rio inicial:<\/strong> R$ 3.815,03<\/li>\n\n\n\n<li><strong>Editais<\/strong>: <a href=\"https:\/\/dhg1h5j42swfq.cloudfront.net\/2023\/05\/18065227\/sp.pdf\" target=\"_blank\" rel=\"noreferrer noopener nofollow\">PM SP Oficial -2023<\/a><\/li>\n<\/ul>\n\n\n\n<div class=\"container\" id=\"boxes\">\n  <div class=\"row\">\n\n    <div class=\"col-sm\">\n      <div class=\"banner-policial\" id=\"box-assinatura\">\n        <h3 class=\"titulo-assinatura\">Concurso PM SP<\/h3>\n        <p class=\"subtitulo-assinatura\">Estude conosco<\/p>\n        <div class=\"box-botao\">\n          <a class=\"btn-assinatura\" target=\"_blank\" href=\"https:\/\/www.estrategiaconcursos.com.br\/cursosPorConcurso\/policia-militar-de-sao-paulo-pm-sp\/\" role=\"button\" rel=\"noopener noreferrer\">Conhe\u00e7a os cursos<\/a>\n        <\/div>\n      <\/div>\n     \n    <\/div>\n\n  <\/div>\n<\/div>\n\n\n\n<h2 class=\"wp-block-heading\" id=\"datas\">Principais datas do edital PM SP Oficial<\/h2>\n\n\n\n<ul class=\"has-very-light-gray-background-color has-background wp-block-list\">\n<li><strong>Inscri\u00e7\u00f5es<\/strong>: <s>24\/05 a 22\/06<\/s> <\/li>\n\n\n\n<li><strong>Prova<\/strong>: 20\/08 <\/li>\n<\/ul>\n\n\n\n<p>O candidato deve, no ato de inscri\u00e7\u00e3o, escolher algumas das seguintes cidades para a realiza\u00e7\u00e3o da prova objetiva:<\/p>\n\n\n\n<ul class=\"wp-block-list\">\n<li>Ara\u00e7atuba;<\/li>\n\n\n\n<li>Bauru;<\/li>\n\n\n\n<li>Campinas;<\/li>\n\n\n\n<li>Piracicaba;<\/li>\n\n\n\n<li>Presidente Prudente;<\/li>\n\n\n\n<li>Ribeir\u00e3o Preto;<\/li>\n\n\n\n<li>Santos;<\/li>\n\n\n\n<li>S\u00e3o Jos\u00e9 do Rio Preto;<\/li>\n\n\n\n<li>S\u00e3o Jos\u00e9 dos Campos;<\/li>\n\n\n\n<li>S\u00e3o Paulo; e<\/li>\n\n\n\n<li>Sorocaba.<\/li>\n<\/ul>\n\n\n\n<h2 class=\"wp-block-heading\" id=\"cargos-vagas\">Cargos e vagas do edital PM SP Oficial<\/h2>\n\n\n\n<figure class=\"wp-block-table is-style-stripes\"><table class=\"has-very-light-gray-to-cyan-bluish-gray-gradient-background has-background has-fixed-layout\"><thead><tr><th class=\"has-text-align-center\" data-align=\"center\">CARGOS<\/th><th class=\"has-text-align-center\" data-align=\"center\">VAGAS<\/th><th class=\"has-text-align-center\" data-align=\"center\">SAL\u00c1RIO<\/th><\/tr><\/thead><tbody><tr><td class=\"has-text-align-center\" data-align=\"center\"><a href=\"https:\/\/www.estrategiaconcursos.com.br\/curso\/pm-sp-oficial-pacote-2023-pos-edital\/\" target=\"_blank\" rel=\"noreferrer noopener\">Oficial<\/a><\/td><td class=\"has-text-align-center\" data-align=\"center\">200<\/td><td class=\"has-text-align-center\" data-align=\"center\">R$ 3.815,03<\/td><\/tr><\/tbody><\/table><\/figure>\n\n\n\n<h3 class=\"wp-block-heading\">Requisitos do edital PM SP Oficial<\/h3>\n\n\n\n<p>As oportunidades exigem apenas n\u00edvel m\u00e9dio de forma\u00e7\u00e3o, al\u00e9m de idade m\u00e1xima de 30 anos.<\/p>\n\n\n\n<h2 class=\"wp-block-heading\" id=\"etapas\">Etapas e provas do edital PM SP Oficial<\/h2>\n\n\n\n<p>A sele\u00e7\u00e3o dos candidatos inscritos no edital PM SP se dar\u00e1 mediante aplica\u00e7\u00e3o das seguintes etapas:<\/p>\n\n\n\n<ul class=\"wp-block-list\">\n<li><strong>Prova Objetiva<\/strong> (Parte I), de car\u00e1ter eliminat\u00f3rio e classificat\u00f3rio, visa avaliar o conhecimento do candidato para o desempenho das atribui\u00e7\u00f5es e versar\u00e1 sobre o conte\u00fado program\u00e1tico constante no \u201cAnexo B\u201d;<\/li>\n\n\n\n<li><strong>Prova Dissertativa<\/strong> (Parte II), de car\u00e1ter eliminat\u00f3rio e classificat\u00f3rio, visa avaliar a capacidade do candidato de produzir uma reda\u00e7\u00e3o que atenda ao tema e ao g\u00eanero\/tipo de texto propostos, al\u00e9m de seu dom\u00ednio da norma culta da l\u00edngua portuguesa e dos mecanismos de coes\u00e3o e coer\u00eancia textual;<\/li>\n\n\n\n<li><strong>Exames de Aptid\u00e3o F\u00edsica <\/strong>(Cap\u00edtulo IX), de car\u00e1ter eliminat\u00f3rio, visam avaliar o desempenho f\u00edsico do candidato, que dever\u00e1 obedecer aos padr\u00f5es exigidos para o cargo;<\/li>\n\n\n\n<li><strong>Exames de Sa\u00fade<\/strong> (Cap\u00edtulo X), de car\u00e1ter eliminat\u00f3rio, os quais visam avaliar as condi\u00e7\u00f5es de sa\u00fade do candidato;<\/li>\n\n\n\n<li><strong>Exames Psicol\u00f3gicos <\/strong>(Cap\u00edtulo XI), de car\u00e1ter eliminat\u00f3rio, visam identificar caracter\u00edsticas de personalidade, aptid\u00e3o, potencial e adequa\u00e7\u00e3o do candidato ao perfil psicol\u00f3gico estabelecido para o cargo;<\/li>\n\n\n\n<li><strong>Avalia\u00e7\u00e3o da Conduta Social, da Reputa\u00e7\u00e3o e da Idoneidade<\/strong> (Cap\u00edtulo XII), de car\u00e1ter eliminat\u00f3rio, visa \u00e0 aprecia\u00e7\u00e3o da conduta social, reputa\u00e7\u00e3o e idoneidade do candidato, em sua vida pregressa e atual em todos os aspectos da vida em sociedade, quer seja social, moral, profissional, escolar, quanto \u00e0 compatibilidade para o exerc\u00edcio do cargo;<\/li>\n\n\n\n<li><strong>An\u00e1lise de Documentos <\/strong>(Cap\u00edtulo XIII), de car\u00e1ter eliminat\u00f3rio, tem por finalidade analisar os documentos apresentados pelos candidatos para comprova\u00e7\u00e3o dos requisitos e condi\u00e7\u00f5es para ingresso.<\/li>\n<\/ul>\n\n\n\n<h3 class=\"wp-block-heading\">Objetiva<\/h3>\n\n\n\n<p>A Prova Objetiva (Parte I) do edital PM SP Oficial tem data prevista para realiza\u00e7\u00e3o em 20 de agosto de 2023, no per\u00edodo da tarde.<\/p>\n\n\n\n<p>A Prova Objetiva (Parte I) constar\u00e1 de 80 quest\u00f5es de m\u00faltipla escolha com cinco alternativas cada uma, sendo apenas uma alternativa correta, de acordo com o conte\u00fado program\u00e1tico:<\/p>\n\n\n\n<ul class=\"wp-block-list\">\n<li><strong>Ci\u00eancias Humanas e suas Tecnologias \u2013 20 (vinte) quest\u00f5es, sendo:<\/strong>\n<ul class=\"wp-block-list\">\n<li>Hist\u00f3ria: 6 (seis) quest\u00f5es;<\/li>\n\n\n\n<li>Filosofia: 4 (quatro) quest\u00f5es;<\/li>\n\n\n\n<li>Sociologia: 4 (quatro) quest\u00f5es;<\/li>\n\n\n\n<li>Geografia: 6 (seis) quest\u00f5es;<\/li>\n<\/ul>\n<\/li>\n\n\n\n<li><strong>Linguagens e C\u00f3digos \u2013 24 (vinte e quatro) quest\u00f5es, sendo:<\/strong>\n<ul class=\"wp-block-list\">\n<li>L\u00edngua Portuguesa e interpreta\u00e7\u00e3o de texto: 18 (dezoito) quest\u00f5es;<\/li>\n\n\n\n<li>L\u00edngua Inglesa ou Espanhola: 6 (seis) quest\u00f5es;<\/li>\n<\/ul>\n<\/li>\n\n\n\n<li><strong>Matem\u00e1tica e Ci\u00eancias da Natureza \u2013 30 (trinta) quest\u00f5es, sendo:<\/strong>\n<ul class=\"wp-block-list\">\n<li>Matem\u00e1tica: 12 (doze) quest\u00f5es;<\/li>\n\n\n\n<li>F\u00edsica: 6 (seis) quest\u00f5es;<\/li>\n\n\n\n<li>Qu\u00edmica: 6 (seis) quest\u00f5es;<\/li>\n\n\n\n<li>Biologia: 6 (seis) quest\u00f5es;<\/li>\n<\/ul>\n<\/li>\n\n\n\n<li><strong>Conhecimentos Espec\u00edficos \u2013 6 (seis) quest\u00f5es, sendo:<\/strong>\n<ul class=\"wp-block-list\">\n<li>No\u00e7\u00f5es de Administra\u00e7\u00e3o P\u00fablica: 2 (duas) quest\u00f5es;<\/li>\n\n\n\n<li>No\u00e7\u00f5es B\u00e1sicas de Inform\u00e1tica: 4 (quatro) quest\u00f5es.<\/li>\n<\/ul>\n<\/li>\n<\/ul>\n\n\n\n<h3 class=\"wp-block-heading\">Dissertativa <\/h3>\n\n\n\n<p>A Prova Dissertativa (Parte II), com data prevista para aplica\u00e7\u00e3o em 20 de agosto de 2023, ser\u00e1 realizada no mesmo per\u00edodo e local da Prova Objetiva (Parte I), devendo o candidato administrar o tempo de realiza\u00e7\u00e3o das provas.<\/p>\n\n\n\n<p>A Prova Dissertativa (Parte II) ser\u00e1 composta de uma reda\u00e7\u00e3o, na qual se espera que o candidato produza um texto dissertativo-argumentativo (em prosa), de acordo com a norma padr\u00e3o da l\u00edngua portuguesa, a partir da leitura e compreens\u00e3o de textos auxiliares, que servem como um referencial para ampliar os argumentos produzidos pelo pr\u00f3prio candidato.<\/p>\n\n\n\n<p>Ele dever\u00e1 demonstrar dom\u00ednio dos mecanismos de coes\u00e3o e coer\u00eancia textual, considerando a import\u00e2ncia de apresentar um texto bem articulado. <\/p>\n\n\n\n<h3 class=\"wp-block-heading\">Aptid\u00e3o F\u00edsica<\/h3>\n\n\n\n<p>A aplica\u00e7\u00e3o dos Exames de Aptid\u00e3o F\u00edsica ser\u00e1 realizada sob responsabilidade da Escola de Educa\u00e7\u00e3o F\u00edsica da Pol\u00edcia Militar do Estado de S\u00e3o Paulo.<\/p>\n\n\n\n<p>O candidato dever\u00e1 apresentar atestado m\u00e9dico expedido por \u00f3rg\u00e3o p\u00fablico ou particular de sa\u00fade, no qual conste estar APTO para realiza\u00e7\u00e3o dos Exames de Aptid\u00e3o F\u00edsica.<\/p>\n\n\n\n<p>Os Exames de Aptid\u00e3o F\u00edsica do edital PM SP Oficial, de car\u00e1ter eliminat\u00f3rio, ser\u00e3o compostos, al\u00e9m da aferi\u00e7\u00e3o de altura, pelos seguintes testes:<\/p>\n\n\n\n<ul class=\"wp-block-list\">\n<li><strong>prova de condicionamento f\u00edsico geral, contemplando:<\/strong>\n<ul class=\"wp-block-list\">\n<li>teste de flex\u00e3o e extens\u00e3o de cotovelos, por meio do teste din\u00e2mico de barra para homens e isometria na barra fixa para mulheres;<\/li>\n\n\n\n<li>resist\u00eancia abdominal, em dec\u00fabito dorsal (tipo remador);<\/li>\n\n\n\n<li>corrida de 50 (cinquenta) metros;<\/li>\n\n\n\n<li>corrida de 12 (doze) minutos.<\/li>\n<\/ul>\n<\/li>\n\n\n\n<li><strong>prova de habilidade espec\u00edfica, composta por uma prova de nata\u00e7\u00e3o.<\/strong><\/li>\n<\/ul>\n\n\n\n<hr class=\"wp-block-separator has-alpha-channel-opacity\"\/>\n\n\n\n<p class=\"has-text-align-center has-cyan-bluish-gray-background-color has-background has-medium-font-size\"><strong>Saiba mais: <a href=\"https:\/\/www.estrategiaconcursos.com.br\/blog\/concurso-pm-sp\/\" target=\"_blank\" rel=\"noreferrer noopener\">Concurso PM SP Oficial<\/a><\/strong><\/p>\n\n\n\n<h2 class=\"wp-block-heading has-text-align-center\" id=\"h-quer-saber-tudo-sobre-concursos-previstos-confira-nossos-artigos\">Quer saber tudo sobre concursos previstos?<br \/>Confira  nossos artigos!<\/h2>\n\n\n\n<ul class=\"wp-block-list\">\n<li><a href=\"https:\/\/www.estrategiaconcursos.com.br\/blog\/concursos-abertos\/\" target=\"_blank\" rel=\"noreferrer noopener\">Concursos abertos<\/a><\/li>\n\n\n\n<li><a href=\"https:\/\/www.estrategiaconcursos.com.br\/blog\/concursos-2023\/\" target=\"_blank\" rel=\"noreferrer noopener\">Concursos 2023<\/a><\/li>\n\n\n\n<li><a href=\"https:\/\/www.estrategiaconcursos.com.br\/blog\/concursos-2023\/\" target=\"_blank\" rel=\"noreferrer noopener\">Concursos 2024<\/a><\/li>\n<\/ul>\n\n\n\n<h2 class=\"wp-block-heading has-text-align-center\" id=\"h-quer-estudar-para-o-concurso-pm-sp-oficial\">Quer estudar para o concurso PM SP Oficial?<\/h2>\n\n\n\n<div class=\"container\" id=\"boxes\">\n  <div class=\"row\">\n\n    <div class=\"col-sm\">\n      <div class=\"banner-policial\" id=\"box-assinatura\">\n        <h3 class=\"titulo-assinatura\">Concurso PM SP<\/h3>\n        <p class=\"subtitulo-assinatura\">Estude conosco<\/p>\n        <div class=\"box-botao\">\n          <a class=\"btn-assinatura\" target=\"_blank\" href=\"https:\/\/www.estrategiaconcursos.com.br\/cursosPorConcurso\/policia-militar-de-sao-paulo-pm-sp\/\" role=\"button\" rel=\"noopener noreferrer\">Conhe\u00e7a os cursos<\/a>\n        <\/div>\n      <\/div>\n     \n    <\/div>\n\n  <\/div>\n<\/div>\n\n\n\n<div class=\"container\" id=\"boxes\">\n  <div class=\"row\">\n\n    <div class=\"col-sm\">\n      <div class=\"estrategia\" id=\"box-assinatura\">\n        <h3 class=\"titulo-assinatura\">Assinatura de Concursos<\/h3>\n        <p class=\"subtitulo-assinatura\">Assinatura de 1 ano ou 2 anos<\/p>\n        <div class=\"box-botao\">\n          <a class=\"btn-assinatura\" target=\"_blank\" href=\"https:\/\/www.estrategiaconcursos.com.br\/assinaturas\/\" role=\"button\" rel=\"noopener noreferrer\">ASSINE AGORA<\/a>\n        <\/div>\n      <\/div>\n     \n    <\/div><\/div><\/div>\n\n\n\n<figure class=\"wp-block-image size-large is-resized\"><img loading=\"lazy\" decoding=\"async\" src=\"https:\/\/dhg1h5j42swfq.cloudfront.net\/2025\/06\/27101122\/ficha-tecnica-1-1024x632.png\" alt=\"Informa\u00e7\u00f5es do edital \" class=\"wp-image-702728\" width=\"269\" height=\"166\" srcset=\"https:\/\/dhg1h5j42swfq.cloudfront.net\/2025\/06\/27101122\/ficha-tecnica-1-1024x632.png 1024w, https:\/\/dhg1h5j42swfq.cloudfront.net\/2025\/06\/27101122\/ficha-tecnica-1-300x185.png 300w, https:\/\/dhg1h5j42swfq.cloudfront.net\/2025\/06\/27101122\/ficha-tecnica-1-768x474.png 768w, https:\/\/dhg1h5j42swfq.cloudfront.net\/2025\/06\/27101122\/ficha-tecnica-1-1536x948.png 1536w, https:\/\/dhg1h5j42swfq.cloudfront.net\/2025\/06\/27101122\/ficha-tecnica-1-610x377.png 610w, https:\/\/dhg1h5j42swfq.cloudfront.net\/2025\/06\/27101122\/ficha-tecnica-1.png 1571w\" sizes=\"auto, (max-width: 269px) 100vw, 269px\" \/><\/figure>\n\n\n\n<h3 class=\"wp-block-heading\" id=\"block-ba1614b5-988b-41ef-892d-f4c9f7e9dd42\">Informa\u00e7\u00f5es do edital PM SP Oficial<\/h3>\n\n\n\n<ul class=\"wp-block-list\" id=\"block-46dd482c-33cf-409c-8762-75c111403f14\">\n<li><strong>Provas<\/strong>: 20\/08\/2023<\/li>\n\n\n\n<li><strong>Vagas<\/strong>: 200<\/li>\n\n\n\n<li><strong>Cargos<\/strong>: Oficial<\/li>\n\n\n\n<li><strong>Banca<\/strong>: Vunesp<\/li>\n\n\n\n<li><strong>Escolaridade<\/strong>: n\u00edvel m\u00e9dio <\/li>\n\n\n\n<li><strong>Editais<\/strong>: <a href=\"https:\/\/dhg1h5j42swfq.cloudfront.net\/2023\/05\/18065227\/sp.pdf\" target=\"_blank\" rel=\"noreferrer noopener nofollow\">PM SP Oficial -2023<\/a><\/li>\n<\/ul>\n","protected":false},"excerpt":{"rendered":"<p>Est\u00e3o encerradas as inscri\u00e7\u00f5es para o edital PM SP Oficial (Pol\u00edcia Militar de S\u00e3o Paulo) que oferta 200 vagas para o cargo de Aluno-Oficial. Os interessados em participar da sele\u00e7\u00e3o puderam se candidatar at\u00e9 o dia 22 de junho de 2023, no site da banca organizadora, Vunesp. A taxa foi definida em R$ 150,00. As [&hellip;]<\/p>\n","protected":false},"author":2375,"featured_media":1092171,"comment_status":"open","ping_status":"closed","sticky":false,"template":"","format":"standard","meta":{"post_tipo":"news","footnotes":""},"categories":[220186,220219],"tags":[],"tax_estado":[219989],"class_list":["post-1218105","post","type-post","status-publish","format-standard","has-post-thumbnail","hentry","category-policial-oficial","category-noticias","tax_estado-sp"],"acf":[],"yoast_head":"<!-- This site is optimized with the Yoast SEO Premium plugin v27.2 (Yoast SEO v27.2) - https:\/\/yoast.com\/product\/yoast-seo-premium-wordpress\/ -->\n<title>Edital PM SP Oficial: inscri\u00e7\u00f5es encerradas; 200 vagas!<\/title>\n<meta name=\"description\" content=\"Edital PM SP com a oferta de 200 vagas para Oficial tem inscri\u00e7\u00f5es encerradas. Acesse e confira os detalhes com o Estrat\u00e9gia!\" \/>\n<meta name=\"robots\" content=\"index, follow, max-snippet:-1, max-image-preview:large, max-video-preview:-1\" \/>\n<link rel=\"canonical\" href=\"https:\/\/www.estrategiaconcursos.com.br\/blog\/concurso-pm-sp-oficial-edital-publicado\/\" \/>\n<meta property=\"og:locale\" content=\"pt_BR\" \/>\n<meta property=\"og:type\" content=\"article\" \/>\n<meta property=\"og:title\" content=\"Edital PM SP Oficial: inscri\u00e7\u00f5es encerradas; 200 vagas!\" \/>\n<meta property=\"og:description\" content=\"Edital PM SP com a oferta de 200 vagas para Oficial tem inscri\u00e7\u00f5es encerradas. Acesse e confira os detalhes com o Estrat\u00e9gia!\" \/>\n<meta property=\"og:url\" content=\"https:\/\/www.estrategiaconcursos.com.br\/blog\/concurso-pm-sp-oficial-edital-publicado\/\" \/>\n<meta property=\"og:site_name\" content=\"Estrat\u00e9gia Concursos\" \/>\n<meta property=\"article:published_time\" content=\"2023-05-24T09:53:33+00:00\" \/>\n<meta property=\"article:modified_time\" content=\"2025-04-24T11:35:29+00:00\" \/>\n<meta property=\"og:image\" content=\"https:\/\/dhg1h5j42swfq.cloudfront.net\/2022\/09\/09153217\/pm-sp.jpg\" \/>\n\t<meta property=\"og:image:width\" content=\"768\" \/>\n\t<meta property=\"og:image:height\" content=\"432\" \/>\n\t<meta property=\"og:image:type\" content=\"image\/jpeg\" \/>\n<meta name=\"author\" content=\"Priscila Almeida\" \/>\n<meta name=\"twitter:card\" content=\"summary_large_image\" \/>\n<meta name=\"twitter:creator\" content=\"@EstratConcursos\" \/>\n<meta name=\"twitter:site\" content=\"@EstratConcursos\" \/>\n<meta name=\"twitter:label1\" content=\"Escrito por\" \/>\n\t<meta name=\"twitter:data1\" content=\"Priscila Almeida\" \/>\n\t<meta name=\"twitter:label2\" content=\"Est. tempo de leitura\" \/>\n\t<meta name=\"twitter:data2\" content=\"5 minutos\" \/>\n<script type=\"application\/ld+json\" class=\"yoast-schema-graph\">{\"@context\":\"https:\/\/schema.org\",\"@graph\":[{\"@type\":\"NewsArticle\",\"@id\":\"https:\/\/www.estrategiaconcursos.com.br\/blog\/concurso-pm-sp-oficial-edital-publicado\/#article\",\"isPartOf\":{\"@id\":\"https:\/\/www.estrategiaconcursos.com.br\/blog\/concurso-pm-sp-oficial-edital-publicado\/\"},\"author\":{\"name\":\"Priscila Almeida\",\"@id\":\"https:\/\/www.estrategiaconcursos.com.br\/blog\/#\/schema\/person\/a06e841e501f2e1d8c49c4e8f066bfd1\"},\"headline\":\"Edital PM SP Oficial: inscri\u00e7\u00f5es encerradas; 200 vagas!\",\"datePublished\":\"2023-05-24T09:53:33+00:00\",\"dateModified\":\"2025-04-24T11:35:29+00:00\",\"mainEntityOfPage\":{\"@id\":\"https:\/\/www.estrategiaconcursos.com.br\/blog\/concurso-pm-sp-oficial-edital-publicado\/\"},\"wordCount\":1073,\"commentCount\":0,\"publisher\":{\"@id\":\"https:\/\/www.estrategiaconcursos.com.br\/blog\/#organization\"},\"image\":{\"@id\":\"https:\/\/www.estrategiaconcursos.com.br\/blog\/concurso-pm-sp-oficial-edital-publicado\/#primaryimage\"},\"thumbnailUrl\":\"https:\/\/dhg1h5j42swfq.cloudfront.net\/2022\/09\/09153217\/pm-sp.jpg\",\"articleSection\":[\"Policial (PM\/BM - Oficial)\",\"\u00daltimas not\u00edcias\"],\"inLanguage\":\"pt-BR\",\"potentialAction\":[{\"@type\":\"CommentAction\",\"name\":\"Comment\",\"target\":[\"https:\/\/www.estrategiaconcursos.com.br\/blog\/concurso-pm-sp-oficial-edital-publicado\/#respond\"]}],\"copyrightYear\":\"2023\",\"copyrightHolder\":{\"@id\":\"https:\/\/www.estrategiaconcursos.com.br\/blog\/#organization\"}},{\"@type\":\"WebPage\",\"@id\":\"https:\/\/www.estrategiaconcursos.com.br\/blog\/concurso-pm-sp-oficial-edital-publicado\/\",\"url\":\"https:\/\/www.estrategiaconcursos.com.br\/blog\/concurso-pm-sp-oficial-edital-publicado\/\",\"name\":\"Edital PM SP Oficial: inscri\u00e7\u00f5es encerradas; 200 vagas!\",\"isPartOf\":{\"@id\":\"https:\/\/www.estrategiaconcursos.com.br\/blog\/#website\"},\"primaryImageOfPage\":{\"@id\":\"https:\/\/www.estrategiaconcursos.com.br\/blog\/concurso-pm-sp-oficial-edital-publicado\/#primaryimage\"},\"image\":{\"@id\":\"https:\/\/www.estrategiaconcursos.com.br\/blog\/concurso-pm-sp-oficial-edital-publicado\/#primaryimage\"},\"thumbnailUrl\":\"https:\/\/dhg1h5j42swfq.cloudfront.net\/2022\/09\/09153217\/pm-sp.jpg\",\"datePublished\":\"2023-05-24T09:53:33+00:00\",\"dateModified\":\"2025-04-24T11:35:29+00:00\",\"description\":\"Edital PM SP com a oferta de 200 vagas para Oficial tem inscri\u00e7\u00f5es encerradas. Acesse e confira os detalhes com o Estrat\u00e9gia!\",\"breadcrumb\":{\"@id\":\"https:\/\/www.estrategiaconcursos.com.br\/blog\/concurso-pm-sp-oficial-edital-publicado\/#breadcrumb\"},\"inLanguage\":\"pt-BR\",\"potentialAction\":[{\"@type\":\"ReadAction\",\"target\":[\"https:\/\/www.estrategiaconcursos.com.br\/blog\/concurso-pm-sp-oficial-edital-publicado\/\"]}]},{\"@type\":\"ImageObject\",\"inLanguage\":\"pt-BR\",\"@id\":\"https:\/\/www.estrategiaconcursos.com.br\/blog\/concurso-pm-sp-oficial-edital-publicado\/#primaryimage\",\"url\":\"https:\/\/dhg1h5j42swfq.cloudfront.net\/2022\/09\/09153217\/pm-sp.jpg\",\"contentUrl\":\"https:\/\/dhg1h5j42swfq.cloudfront.net\/2022\/09\/09153217\/pm-sp.jpg\",\"width\":768,\"height\":432,\"caption\":\"concurso pm sp\"},{\"@type\":\"BreadcrumbList\",\"@id\":\"https:\/\/www.estrategiaconcursos.com.br\/blog\/concurso-pm-sp-oficial-edital-publicado\/#breadcrumb\",\"itemListElement\":[{\"@type\":\"ListItem\",\"position\":1,\"name\":\"In\u00edcio\",\"item\":\"https:\/\/www.estrategiaconcursos.com.br\/blog\/\"},{\"@type\":\"ListItem\",\"position\":2,\"name\":\"Edital PM SP Oficial: inscri\u00e7\u00f5es encerradas; 200 vagas!\"}]},{\"@type\":\"WebSite\",\"@id\":\"https:\/\/www.estrategiaconcursos.com.br\/blog\/#website\",\"url\":\"https:\/\/www.estrategiaconcursos.com.br\/blog\/\",\"name\":\"Estrat\u00e9gia Concursos\",\"description\":\"O blog da Estrat\u00e9gia Concursos traz not\u00edcias sobre concursos e artigos de professores oferecendo cursos para concursos (pdf + videaulas) no site.\",\"publisher\":{\"@id\":\"https:\/\/www.estrategiaconcursos.com.br\/blog\/#organization\"},\"potentialAction\":[{\"@type\":\"SearchAction\",\"target\":{\"@type\":\"EntryPoint\",\"urlTemplate\":\"https:\/\/www.estrategiaconcursos.com.br\/blog\/?s={search_term_string}\"},\"query-input\":{\"@type\":\"PropertyValueSpecification\",\"valueRequired\":true,\"valueName\":\"search_term_string\"}}],\"inLanguage\":\"pt-BR\"},{\"@type\":\"Organization\",\"@id\":\"https:\/\/www.estrategiaconcursos.com.br\/blog\/#organization\",\"name\":\"Estrat\u00e9gia Concursos\",\"url\":\"https:\/\/www.estrategiaconcursos.com.br\/blog\/\",\"logo\":{\"@type\":\"ImageObject\",\"inLanguage\":\"pt-BR\",\"@id\":\"https:\/\/www.estrategiaconcursos.com.br\/blog\/#\/schema\/logo\/image\/\",\"url\":\"https:\/\/dhg1h5j42swfq.cloudfront.net\/2025\/06\/03203428\/logo_concursos-1.jpg\",\"contentUrl\":\"https:\/\/dhg1h5j42swfq.cloudfront.net\/2025\/06\/03203428\/logo_concursos-1.jpg\",\"width\":230,\"height\":60,\"caption\":\"Estrat\u00e9gia Concursos\"},\"image\":{\"@id\":\"https:\/\/www.estrategiaconcursos.com.br\/blog\/#\/schema\/logo\/image\/\"},\"sameAs\":[\"https:\/\/x.com\/EstratConcursos\"]},{\"@type\":\"Person\",\"@id\":\"https:\/\/www.estrategiaconcursos.com.br\/blog\/#\/schema\/person\/a06e841e501f2e1d8c49c4e8f066bfd1\",\"name\":\"Priscila Almeida\",\"image\":{\"@type\":\"ImageObject\",\"inLanguage\":\"pt-BR\",\"@id\":\"https:\/\/secure.gravatar.com\/avatar\/0a963c9e2a947fa675b669cea2b5d0ba6dd1cbf46b966190343b6c9973ad3337?s=96&d=mm&r=g\",\"url\":\"https:\/\/secure.gravatar.com\/avatar\/0a963c9e2a947fa675b669cea2b5d0ba6dd1cbf46b966190343b6c9973ad3337?s=96&d=mm&r=g\",\"contentUrl\":\"https:\/\/secure.gravatar.com\/avatar\/0a963c9e2a947fa675b669cea2b5d0ba6dd1cbf46b966190343b6c9973ad3337?s=96&d=mm&r=g\",\"caption\":\"Priscila Almeida\"},\"description\":\"Atua na \u00e1rea de concursos p\u00fablicos desde 2019. As editorias que mais t\u00eam familiaridade s\u00e3o: Tribunais (TJs; TRTs; TREs; TSTs; STJ, STF, STM e TSE); Defensorias; Minist\u00e9rios P\u00fablicos; Procuradorias; Educa\u00e7\u00e3o e Conselhos. Na \u00e1rea de comunica\u00e7\u00e3o, de maneira geral, a caminhada \u00e9 um pouco mais longa - desde 2007. Possui experi\u00eancia em reda\u00e7\u00f5es de r\u00e1dio, TV, Web e impresso, al\u00e9m de desenvolver trabalhos em assessorias de comunica\u00e7\u00e3o institucional, empresarial e p\u00fablicas. Entre outros trabalhos, se destacam a atua\u00e7\u00e3o nas \u00e1reas de Justi\u00e7a, Congresso, Esportes, Sa\u00fade, Agropecu\u00e1ria, Cidades e Avia\u00e7\u00e3o Civil.\",\"url\":\"https:\/\/www.estrategiaconcursos.com.br\/blog\/author\/priscila-almeidaestrategia-com\/\"}]}<\/script>\n<!-- \/ Yoast SEO Premium plugin. -->","yoast_head_json":{"title":"Edital PM SP Oficial: inscri\u00e7\u00f5es encerradas; 200 vagas!","description":"Edital PM SP com a oferta de 200 vagas para Oficial tem inscri\u00e7\u00f5es encerradas. Acesse e confira os detalhes com o Estrat\u00e9gia!","robots":{"index":"index","follow":"follow","max-snippet":"max-snippet:-1","max-image-preview":"max-image-preview:large","max-video-preview":"max-video-preview:-1"},"canonical":"https:\/\/www.estrategiaconcursos.com.br\/blog\/concurso-pm-sp-oficial-edital-publicado\/","og_locale":"pt_BR","og_type":"article","og_title":"Edital PM SP Oficial: inscri\u00e7\u00f5es encerradas; 200 vagas!","og_description":"Edital PM SP com a oferta de 200 vagas para Oficial tem inscri\u00e7\u00f5es encerradas. Acesse e confira os detalhes com o Estrat\u00e9gia!","og_url":"https:\/\/www.estrategiaconcursos.com.br\/blog\/concurso-pm-sp-oficial-edital-publicado\/","og_site_name":"Estrat\u00e9gia Concursos","article_published_time":"2023-05-24T09:53:33+00:00","article_modified_time":"2025-04-24T11:35:29+00:00","og_image":[{"width":768,"height":432,"url":"https:\/\/dhg1h5j42swfq.cloudfront.net\/2022\/09\/09153217\/pm-sp.jpg","type":"image\/jpeg"}],"author":"Priscila Almeida","twitter_card":"summary_large_image","twitter_creator":"@EstratConcursos","twitter_site":"@EstratConcursos","twitter_misc":{"Escrito por":"Priscila Almeida","Est. tempo de leitura":"5 minutos"},"schema":{"@context":"https:\/\/schema.org","@graph":[{"@type":"NewsArticle","@id":"https:\/\/www.estrategiaconcursos.com.br\/blog\/concurso-pm-sp-oficial-edital-publicado\/#article","isPartOf":{"@id":"https:\/\/www.estrategiaconcursos.com.br\/blog\/concurso-pm-sp-oficial-edital-publicado\/"},"author":{"name":"Priscila Almeida","@id":"https:\/\/www.estrategiaconcursos.com.br\/blog\/#\/schema\/person\/a06e841e501f2e1d8c49c4e8f066bfd1"},"headline":"Edital PM SP Oficial: inscri\u00e7\u00f5es encerradas; 200 vagas!","datePublished":"2023-05-24T09:53:33+00:00","dateModified":"2025-04-24T11:35:29+00:00","mainEntityOfPage":{"@id":"https:\/\/www.estrategiaconcursos.com.br\/blog\/concurso-pm-sp-oficial-edital-publicado\/"},"wordCount":1073,"commentCount":0,"publisher":{"@id":"https:\/\/www.estrategiaconcursos.com.br\/blog\/#organization"},"image":{"@id":"https:\/\/www.estrategiaconcursos.com.br\/blog\/concurso-pm-sp-oficial-edital-publicado\/#primaryimage"},"thumbnailUrl":"https:\/\/dhg1h5j42swfq.cloudfront.net\/2022\/09\/09153217\/pm-sp.jpg","articleSection":["Policial (PM\/BM - Oficial)","\u00daltimas not\u00edcias"],"inLanguage":"pt-BR","potentialAction":[{"@type":"CommentAction","name":"Comment","target":["https:\/\/www.estrategiaconcursos.com.br\/blog\/concurso-pm-sp-oficial-edital-publicado\/#respond"]}],"copyrightYear":"2023","copyrightHolder":{"@id":"https:\/\/www.estrategiaconcursos.com.br\/blog\/#organization"}},{"@type":"WebPage","@id":"https:\/\/www.estrategiaconcursos.com.br\/blog\/concurso-pm-sp-oficial-edital-publicado\/","url":"https:\/\/www.estrategiaconcursos.com.br\/blog\/concurso-pm-sp-oficial-edital-publicado\/","name":"Edital PM SP Oficial: inscri\u00e7\u00f5es encerradas; 200 vagas!","isPartOf":{"@id":"https:\/\/www.estrategiaconcursos.com.br\/blog\/#website"},"primaryImageOfPage":{"@id":"https:\/\/www.estrategiaconcursos.com.br\/blog\/concurso-pm-sp-oficial-edital-publicado\/#primaryimage"},"image":{"@id":"https:\/\/www.estrategiaconcursos.com.br\/blog\/concurso-pm-sp-oficial-edital-publicado\/#primaryimage"},"thumbnailUrl":"https:\/\/dhg1h5j42swfq.cloudfront.net\/2022\/09\/09153217\/pm-sp.jpg","datePublished":"2023-05-24T09:53:33+00:00","dateModified":"2025-04-24T11:35:29+00:00","description":"Edital PM SP com a oferta de 200 vagas para Oficial tem inscri\u00e7\u00f5es encerradas. Acesse e confira os detalhes com o Estrat\u00e9gia!","breadcrumb":{"@id":"https:\/\/www.estrategiaconcursos.com.br\/blog\/concurso-pm-sp-oficial-edital-publicado\/#breadcrumb"},"inLanguage":"pt-BR","potentialAction":[{"@type":"ReadAction","target":["https:\/\/www.estrategiaconcursos.com.br\/blog\/concurso-pm-sp-oficial-edital-publicado\/"]}]},{"@type":"ImageObject","inLanguage":"pt-BR","@id":"https:\/\/www.estrategiaconcursos.com.br\/blog\/concurso-pm-sp-oficial-edital-publicado\/#primaryimage","url":"https:\/\/dhg1h5j42swfq.cloudfront.net\/2022\/09\/09153217\/pm-sp.jpg","contentUrl":"https:\/\/dhg1h5j42swfq.cloudfront.net\/2022\/09\/09153217\/pm-sp.jpg","width":768,"height":432,"caption":"concurso pm sp"},{"@type":"BreadcrumbList","@id":"https:\/\/www.estrategiaconcursos.com.br\/blog\/concurso-pm-sp-oficial-edital-publicado\/#breadcrumb","itemListElement":[{"@type":"ListItem","position":1,"name":"In\u00edcio","item":"https:\/\/www.estrategiaconcursos.com.br\/blog\/"},{"@type":"ListItem","position":2,"name":"Edital PM SP Oficial: inscri\u00e7\u00f5es encerradas; 200 vagas!"}]},{"@type":"WebSite","@id":"https:\/\/www.estrategiaconcursos.com.br\/blog\/#website","url":"https:\/\/www.estrategiaconcursos.com.br\/blog\/","name":"Estrat\u00e9gia Concursos","description":"O blog da Estrat\u00e9gia Concursos traz not\u00edcias sobre concursos e artigos de professores oferecendo cursos para concursos (pdf + videaulas) no site.","publisher":{"@id":"https:\/\/www.estrategiaconcursos.com.br\/blog\/#organization"},"potentialAction":[{"@type":"SearchAction","target":{"@type":"EntryPoint","urlTemplate":"https:\/\/www.estrategiaconcursos.com.br\/blog\/?s={search_term_string}"},"query-input":{"@type":"PropertyValueSpecification","valueRequired":true,"valueName":"search_term_string"}}],"inLanguage":"pt-BR"},{"@type":"Organization","@id":"https:\/\/www.estrategiaconcursos.com.br\/blog\/#organization","name":"Estrat\u00e9gia Concursos","url":"https:\/\/www.estrategiaconcursos.com.br\/blog\/","logo":{"@type":"ImageObject","inLanguage":"pt-BR","@id":"https:\/\/www.estrategiaconcursos.com.br\/blog\/#\/schema\/logo\/image\/","url":"https:\/\/dhg1h5j42swfq.cloudfront.net\/2025\/06\/03203428\/logo_concursos-1.jpg","contentUrl":"https:\/\/dhg1h5j42swfq.cloudfront.net\/2025\/06\/03203428\/logo_concursos-1.jpg","width":230,"height":60,"caption":"Estrat\u00e9gia Concursos"},"image":{"@id":"https:\/\/www.estrategiaconcursos.com.br\/blog\/#\/schema\/logo\/image\/"},"sameAs":["https:\/\/x.com\/EstratConcursos"]},{"@type":"Person","@id":"https:\/\/www.estrategiaconcursos.com.br\/blog\/#\/schema\/person\/a06e841e501f2e1d8c49c4e8f066bfd1","name":"Priscila Almeida","image":{"@type":"ImageObject","inLanguage":"pt-BR","@id":"https:\/\/secure.gravatar.com\/avatar\/0a963c9e2a947fa675b669cea2b5d0ba6dd1cbf46b966190343b6c9973ad3337?s=96&d=mm&r=g","url":"https:\/\/secure.gravatar.com\/avatar\/0a963c9e2a947fa675b669cea2b5d0ba6dd1cbf46b966190343b6c9973ad3337?s=96&d=mm&r=g","contentUrl":"https:\/\/secure.gravatar.com\/avatar\/0a963c9e2a947fa675b669cea2b5d0ba6dd1cbf46b966190343b6c9973ad3337?s=96&d=mm&r=g","caption":"Priscila Almeida"},"description":"Atua na \u00e1rea de concursos p\u00fablicos desde 2019. As editorias que mais t\u00eam familiaridade s\u00e3o: Tribunais (TJs; TRTs; TREs; TSTs; STJ, STF, STM e TSE); Defensorias; Minist\u00e9rios P\u00fablicos; Procuradorias; Educa\u00e7\u00e3o e Conselhos. Na \u00e1rea de comunica\u00e7\u00e3o, de maneira geral, a caminhada \u00e9 um pouco mais longa - desde 2007. Possui experi\u00eancia em reda\u00e7\u00f5es de r\u00e1dio, TV, Web e impresso, al\u00e9m de desenvolver trabalhos em assessorias de comunica\u00e7\u00e3o institucional, empresarial e p\u00fablicas. Entre outros trabalhos, se destacam a atua\u00e7\u00e3o nas \u00e1reas de Justi\u00e7a, Congresso, Esportes, Sa\u00fade, Agropecu\u00e1ria, Cidades e Avia\u00e7\u00e3o Civil.","url":"https:\/\/www.estrategiaconcursos.com.br\/blog\/author\/priscila-almeidaestrategia-com\/"}]}},"_links":{"self":[{"href":"https:\/\/www.estrategiaconcursos.com.br\/blog\/wp-json\/wp\/v2\/posts\/1218105","targetHints":{"allow":["GET"]}}],"collection":[{"href":"https:\/\/www.estrategiaconcursos.com.br\/blog\/wp-json\/wp\/v2\/posts"}],"about":[{"href":"https:\/\/www.estrategiaconcursos.com.br\/blog\/wp-json\/wp\/v2\/types\/post"}],"author":[{"embeddable":true,"href":"https:\/\/www.estrategiaconcursos.com.br\/blog\/wp-json\/wp\/v2\/users\/2375"}],"replies":[{"embeddable":true,"href":"https:\/\/www.estrategiaconcursos.com.br\/blog\/wp-json\/wp\/v2\/comments?post=1218105"}],"version-history":[{"count":30,"href":"https:\/\/www.estrategiaconcursos.com.br\/blog\/wp-json\/wp\/v2\/posts\/1218105\/revisions"}],"predecessor-version":[{"id":1238232,"href":"https:\/\/www.estrategiaconcursos.com.br\/blog\/wp-json\/wp\/v2\/posts\/1218105\/revisions\/1238232"}],"wp:featuredmedia":[{"embeddable":true,"href":"https:\/\/www.estrategiaconcursos.com.br\/blog\/wp-json\/wp\/v2\/media\/1092171"}],"wp:attachment":[{"href":"https:\/\/www.estrategiaconcursos.com.br\/blog\/wp-json\/wp\/v2\/media?parent=1218105"}],"wp:term":[{"taxonomy":"category","embeddable":true,"href":"https:\/\/www.estrategiaconcursos.com.br\/blog\/wp-json\/wp\/v2\/categories?post=1218105"},{"taxonomy":"post_tag","embeddable":true,"href":"https:\/\/www.estrategiaconcursos.com.br\/blog\/wp-json\/wp\/v2\/tags?post=1218105"},{"taxonomy":"tax_estado","embeddable":true,"href":"https:\/\/www.estrategiaconcursos.com.br\/blog\/wp-json\/wp\/v2\/tax_estado?post=1218105"}],"curies":[{"name":"wp","href":"https:\/\/api.w.org\/{rel}","templated":true}]}}