{"id":1217981,"date":"2023-05-19T18:00:00","date_gmt":"2023-05-19T21:00:00","guid":{"rendered":"https:\/\/www.estrategiaconcursos.com.br\/blog\/?p=1217981"},"modified":"2023-05-26T11:09:48","modified_gmt":"2023-05-26T14:09:48","slug":"concurso-publico-editais-da-semana-15-a-19-05","status":"publish","type":"post","link":"https:\/\/www.estrategiaconcursos.com.br\/blog\/concurso-publico-editais-da-semana-15-a-19-05\/","title":{"rendered":"Concursos P\u00fablicos: 19 editais esta semana; mais de 6 mil vagas"},"content":{"rendered":"\n<p>A semana chega ao fim com um saldo de<strong> 19 novos editais <\/strong>publicados e<strong> mais de 6 mil vagas<\/strong>, entre imediatas e cadastro reserva.<\/p>\n\n\n\n<p>Os destaques da semana s\u00e3o<strong> duas grandes prefeituras<\/strong>, nos estados de S\u00e3o Paulo (Santos) e do Acre (Rio Branco).<\/p>\n\n\n\n<p>Em S\u00e3o Paulo, a <strong>Prefeitura de Santos<\/strong> divulgou quatro editais. Juntos, somam 354 vagas para diversos cargos e escolaridades, com remunera\u00e7\u00f5es de at\u00e9 R$ 14 mil.<\/p>\n\n\n\n<p>J\u00e1 na capital do Acre, a<strong> Prefeitura de Rio Branco <\/strong>soltou dois editais, sendo um para o quadro geral do munic\u00edpio e outro para o Instituto de Previd\u00eancia.<\/p>\n\n\n\n<p class=\"has-text-align-center\">Quer ficar informado sobre TODOS os <a href=\"https:\/\/www.estrategiaconcursos.com.br\/blog\/concursos-abertos\/\" target=\"_blank\" rel=\"noreferrer noopener\">novos editais de concursos<\/a> publicados nos \u00faltimos dias? <em><strong>Confira mais informa\u00e7\u00f5es ao longo deste artigo!<\/strong><\/em>  <\/p>\n\n\n\n<h2 class=\"wp-block-heading has-text-align-center has-cyan-bluish-gray-background-color has-background\" id=\"h-confira-os-editais-de-concursos-publicados-nesta-semana\">Confira os editais de concursos publicados nesta semana:<\/h2>\n\n\n\n<h3 class=\"wp-block-heading\"><a href=\"https:\/\/www.estrategiaconcursos.com.br\/blog\/concurso-pm-sp-oficial-edital-publicado\/\" target=\"_blank\" rel=\"noreferrer noopener\">Concurso PM SP<\/a><\/h3>\n\n\n\n<ul class=\"wp-block-list\">\n<li><strong>Banca:<\/strong>&nbsp;<a href=\"https:\/\/www.vunesp.com.br\/PMES2301\" target=\"_blank\" rel=\"noreferrer noopener\">Vunesp<\/a><\/li>\n\n\n\n<li><strong>Per\u00edodo de inscri\u00e7\u00f5es<\/strong>: 24\/05 a 22\/06<\/li>\n\n\n\n<li><strong>Data da prova:<\/strong> 20\/08<\/li>\n\n\n\n<li><strong>Vagas:<\/strong>&nbsp;200<\/li>\n\n\n\n<li><strong>Cargos:<\/strong>&nbsp;Oficial<\/li>\n\n\n\n<li><strong>Remunera\u00e7\u00e3o<\/strong>: R$ 3.815,03<\/li>\n\n\n\n<li><strong>Edital:<\/strong> <a href=\"https:\/\/dhg1h5j42swfq.cloudfront.net\/2023\/05\/18065227\/sp.pdf\" target=\"_blank\" rel=\"noreferrer noopener nofollow\">PM SP Oficial -2023<\/a><\/li>\n\n\n\n<li><a href=\"https:\/\/www.estrategiaconcursos.com.br\/cursosPorConcurso\/policia-militar-de-sao-paulo-pm-sp\/\" target=\"_blank\" rel=\"noreferrer noopener\">Cursos&nbsp;PM SP<\/a><\/li>\n<\/ul>\n\n\n\n<h3 class=\"wp-block-heading\"><a href=\"https:\/\/www.estrategiaconcursos.com.br\/blog\/concurso-ses-df\/\" target=\"_blank\" rel=\"noreferrer noopener\">Concurso SES DF<\/a><\/h3>\n\n\n\n<ul class=\"wp-block-list\">\n<li><strong>Banca:<\/strong>&nbsp;<a href=\"https:\/\/consulpam.selecao.net.br\/informacoes\/43\/\" target=\"_blank\" rel=\"noreferrer noopener\">Instituto Consulpam<\/a><\/li>\n\n\n\n<li><strong>Per\u00edodo de inscri\u00e7\u00f5es<\/strong>: 1\u00ba a 20\/06 | 06\/07 a 08\/08<\/li>\n\n\n\n<li><strong>Data da prova:<\/strong> 03 e 17\/09<\/li>\n\n\n\n<li><strong>Vagas:<\/strong>&nbsp;350 + 3.652 CR | 200 + 1.000 CR<\/li>\n\n\n\n<li><strong>Cargos:<\/strong>&nbsp;Analista em Gest\u00e3o e T\u00e9cnico em Gest\u00e3o | T\u00e9cnico de Enfermagem<\/li>\n\n\n\n<li><strong>Remunera\u00e7\u00e3o<\/strong>: R$ 1.698,46 a R$ 1.735,50<\/li>\n\n\n\n<li><strong>Editais:<\/strong> <a href=\"https:\/\/dhg1h5j42swfq.cloudfront.net\/2023\/05\/19062514\/df19.pdf\" target=\"_blank\" rel=\"noreferrer noopener nofollow\">SES DF Gest\u00e3o<\/a> | <a href=\"https:\/\/dhg1h5j42swfq.cloudfront.net\/2023\/05\/19061238\/concurso-ses-df-tecnico-enfermagem-edital-publicado.pdf\" target=\"_blank\" rel=\"noreferrer noopener nofollow\">SES DF Enfermagem<\/a><\/li>\n\n\n\n<li><a href=\"https:\/\/www.estrategiaconcursos.com.br\/cursosPorConcurso\/secretaria-de-saude-df\/\" target=\"_blank\" rel=\"noreferrer noopener\">Cursos&nbsp;SES DF<\/a><\/li>\n<\/ul>\n\n\n\n<h3 class=\"wp-block-heading\"><a href=\"https:\/\/www.estrategiaconcursos.com.br\/blog\/concurso-prefeitura-de-santos\/\" target=\"_blank\" rel=\"noreferrer noopener\">Concurso Prefeitura de Santos<\/a>&nbsp;(SP)<\/h3>\n\n\n\n<ul class=\"wp-block-list\">\n<li><strong>Banca:<\/strong>&nbsp;<a href=\"https:\/\/www.institutomais.org.br\/Concursos\/ConcursosAbertos\" target=\"_blank\" rel=\"noreferrer noopener\">Instituto Mais<\/a><\/li>\n\n\n\n<li><strong>Per\u00edodo de inscri\u00e7\u00f5es<\/strong>: at\u00e9 15\/06<\/li>\n\n\n\n<li><strong>Data da prova:<\/strong>&nbsp;23 e 30\/07 e 20\/08\/2023<\/li>\n\n\n\n<li><strong>Vagas:<\/strong>&nbsp;354<\/li>\n\n\n\n<li><strong>Cargos:<\/strong>&nbsp;V\u00e1rios<\/li>\n\n\n\n<li><strong>Remunera\u00e7\u00e3o<\/strong>: R$ 2.443,30 a R$ 14.717,31<\/li>\n\n\n\n<li><strong>Edital:<\/strong>&nbsp;<a href=\"https:\/\/dhg1h5j42swfq.cloudfront.net\/2023\/05\/15083548\/edital-1-1.pdf\" target=\"_blank\" rel=\"noreferrer noopener nofollow\">quadro geral I<\/a>&nbsp;|&nbsp;<a href=\"https:\/\/dhg1h5j42swfq.cloudfront.net\/2023\/05\/15085321\/edital-3-1.pdf\" target=\"_blank\" rel=\"noreferrer noopener nofollow\">geral II<\/a>&nbsp;|&nbsp;<a href=\"https:\/\/dhg1h5j42swfq.cloudfront.net\/2023\/05\/15090301\/edital-4-advogado-e-iss-1.pdf\" target=\"_blank\" rel=\"noreferrer noopener nofollow\">ISS e Advogado<\/a>&nbsp;|&nbsp;<a href=\"https:\/\/dhg1h5j42swfq.cloudfront.net\/2023\/05\/15090319\/edital-2-medicos-2.pdf\" target=\"_blank\" rel=\"noreferrer noopener nofollow\">M\u00e9dicos<\/a><\/li>\n\n\n\n<li><a href=\"https:\/\/www.estrategiaconcursos.com.br\/cursosPorConcurso\/prefeitura-municipal-de-santos-sp\/\" target=\"_blank\" rel=\"noreferrer noopener\">Cursos&nbsp;Santos<\/a><\/li>\n<\/ul>\n\n\n\n<h3 class=\"wp-block-heading\"><a href=\"https:\/\/www.estrategiaconcursos.com.br\/blog\/concurso-rio-branco\/\" target=\"_blank\" rel=\"noreferrer noopener\">Concurso Prefeitura de Rio Branco<\/a>&nbsp;(AC)<\/h3>\n\n\n\n<ul class=\"wp-block-list\">\n<li><strong>Banca:<\/strong>&nbsp;IBADE<\/li>\n\n\n\n<li><strong>Per\u00edodo de inscri\u00e7\u00f5es<\/strong>: at\u00e9 19\/06<\/li>\n\n\n\n<li><strong>Data da prova:<\/strong>&nbsp;09\/07<\/li>\n\n\n\n<li><strong>Vagas:<\/strong>&nbsp;19 + 11 CR<\/li>\n\n\n\n<li><strong>Cargos:<\/strong>&nbsp;V\u00e1rios<\/li>\n\n\n\n<li><strong>Remunera\u00e7\u00e3o<\/strong>:&nbsp;R$ 1.700,00 a R$ 18.840,00<\/li>\n\n\n\n<li><strong>Edital:<\/strong>&nbsp;<a href=\"https:\/\/dhg1h5j42swfq.cloudfront.net\/2023\/05\/17112523\/d6d9f3f4c4fdab15840403cbeb2c177b.pdf\" target=\"_blank\" rel=\"noreferrer noopener nofollow\">Rio Branco 2023<\/a>&nbsp;<\/li>\n\n\n\n<li><a href=\"https:\/\/www.estrategiaconcursos.com.br\/cursosPorConcurso\/prefeitura-municipal-de-de-rio-branco-ac\/\" target=\"_blank\" rel=\"noreferrer noopener\">Cursos Rio Branco<\/a><\/li>\n<\/ul>\n\n\n\n<h3 class=\"wp-block-heading\"><a href=\"https:\/\/www.estrategiaconcursos.com.br\/blog\/concurso-rio-branco\/\" target=\"_blank\" rel=\"noreferrer noopener\">Concurso RBPREV<\/a>&nbsp;(AC)<\/h3>\n\n\n\n<ul class=\"wp-block-list\">\n<li><strong>Banca:<\/strong>&nbsp;IBADE<\/li>\n\n\n\n<li><strong>Per\u00edodo de inscri\u00e7\u00f5es<\/strong>: at\u00e9 19\/06<\/li>\n\n\n\n<li><strong>Data da prova:<\/strong>&nbsp;16\/07<\/li>\n\n\n\n<li><strong>Vagas:<\/strong>&nbsp;26 + 12 CR<\/li>\n\n\n\n<li><strong>Cargos:<\/strong>&nbsp;V\u00e1rios<\/li>\n\n\n\n<li><strong>Remunera\u00e7\u00e3o<\/strong>:&nbsp;R$ 2.022,24 a R$ 7.134,93<\/li>\n\n\n\n<li><strong>Edital:<\/strong>&nbsp;<a href=\"https:\/\/dhg1h5j42swfq.cloudfront.net\/2023\/05\/17114842\/771bfdf015e8b35e29250a90db678c79.pdf\" target=\"_blank\" rel=\"noreferrer noopener nofollow\">RBPREV<\/a><\/li>\n\n\n\n<li><a href=\"https:\/\/www.estrategiaconcursos.com.br\/cursosPorConcurso\/prefeitura-municipal-de-de-rio-branco-ac\/\" target=\"_blank\" rel=\"noreferrer noopener\">Cursos RBPREV<\/a><\/li>\n<\/ul>\n\n\n\n<h3 class=\"wp-block-heading\"><a href=\"https:\/\/www.estrategiaconcursos.com.br\/blog\/concurso-ime-cfrm-edital-publicado\/\" target=\"_blank\" rel=\"noreferrer noopener\">Concurso IME CFrm<\/a><\/h3>\n\n\n\n<ul class=\"wp-block-list\">\n<li><strong>Banca:<\/strong>&nbsp;<a href=\"http:\/\/www.ime.eb.br\/\" target=\"_blank\" rel=\"noreferrer noopener\">organiza\u00e7\u00e3o pr\u00f3pria<\/a><\/li>\n\n\n\n<li><strong>Per\u00edodo de inscri\u00e7\u00f5es<\/strong>: 31\/05 a 10\/07<\/li>\n\n\n\n<li><strong>Data da prova:<\/strong> 25 e 26\/10<\/li>\n\n\n\n<li><strong>Vagas:<\/strong>&nbsp;27<\/li>\n\n\n\n<li><strong>Cargos:<\/strong>&nbsp;Oficial<\/li>\n\n\n\n<li><strong>Remunera\u00e7\u00e3o<\/strong>: R$ 8.245,00<\/li>\n\n\n\n<li><strong>Edital:<\/strong> <a href=\"https:\/\/dhg1h5j42swfq.cloudfront.net\/2023\/05\/18055308\/ime.pdf\" target=\"_blank\" rel=\"noreferrer noopener nofollow\">IME 2023<\/a><\/li>\n<\/ul>\n\n\n\n<h3 class=\"wp-block-heading\"><a href=\"https:\/\/www.estrategiaconcursos.com.br\/blog\/concurso-furg-tae-edital-publicado\/\" target=\"_blank\" rel=\"noreferrer noopener\">Concurso FURG<\/a>&nbsp;(RS)<\/h3>\n\n\n\n<ul class=\"wp-block-list\">\n<li><strong>Banca:<\/strong>&nbsp;<a href=\"https:\/\/progep.furg.br\/bin\/edital\/index.php\" target=\"_blank\" rel=\"noreferrer noopener\">organiza\u00e7\u00e3o pr\u00f3pria<\/a><\/li>\n\n\n\n<li><strong>Per\u00edodo de inscri\u00e7\u00f5es<\/strong>: 22\/05 a 12\/06<\/li>\n\n\n\n<li><strong>Data da prova:<\/strong>&nbsp;27\/08<\/li>\n\n\n\n<li><strong>Vagas:<\/strong>&nbsp;08<\/li>\n\n\n\n<li><strong>Cargos:<\/strong>&nbsp;Assistente Social, Pedagogo, Psic\u00f3logo, T\u00e9cnico de TI<\/li>\n\n\n\n<li><strong>Remunera\u00e7\u00e3o<\/strong>: R$ 2.667,19 a R$ 4.556,92<\/li>\n\n\n\n<li><strong>Edital:<\/strong>&nbsp;<a href=\"https:\/\/dhg1h5j42swfq.cloudfront.net\/2023\/05\/15061611\/edital-no-5-de-de-12-de-maio-de-2023-concurso-publico-edital-no-5-de-de-12-de-maio-de-2023-concurso-publico-dou-imprensa-nacional.pdf\" target=\"_blank\" rel=\"noreferrer noopener nofollow\">FURG<\/a><\/li>\n<\/ul>\n\n\n\n<h3 class=\"wp-block-heading\"><a href=\"https:\/\/www.estrategiaconcursos.com.br\/blog\/concurso-coren-pi-edital-publicado\/\" target=\"_blank\" rel=\"noreferrer noopener\">Concurso Coren PI<\/a><\/h3>\n\n\n\n<ul class=\"wp-block-list\">\n<li><strong>Banca:<\/strong>&nbsp;<a href=\"https:\/\/idib.org.br\/\" target=\"_blank\" rel=\"noreferrer noopener\">IDIB<\/a><\/li>\n\n\n\n<li><strong>Per\u00edodo de inscri\u00e7\u00f5es<\/strong>: at\u00e9 15\/06<\/li>\n\n\n\n<li><strong>Data da prova:<\/strong>&nbsp;16\/07<\/li>\n\n\n\n<li><strong>Vagas:<\/strong>&nbsp;06 + 135 CR<\/li>\n\n\n\n<li><strong>Cargos:<\/strong>&nbsp;V\u00e1rios<\/li>\n\n\n\n<li><strong>Remunera\u00e7\u00e3o<\/strong>: R$ 2.329,80 a R$ 5.689,31<\/li>\n\n\n\n<li><strong>Edital:<\/strong>&nbsp;<a href=\"https:\/\/dhg1h5j42swfq.cloudfront.net\/2023\/05\/15095722\/edital_coren-pi.pdf\" target=\"_blank\" rel=\"noreferrer noopener nofollow\">Coren PI<\/a><\/li>\n<\/ul>\n\n\n\n<h3 class=\"wp-block-heading\"><a href=\"https:\/\/www.estrategiaconcursos.com.br\/blog\/concurso-cau-rs\/\" target=\"_blank\" rel=\"noreferrer noopener\">Concurso CAU RS<\/a><\/h3>\n\n\n\n<ul class=\"wp-block-list\">\n<li><strong>Banca:<\/strong>&nbsp;<a href=\"https:\/\/www.fundatec.org.br\/portal\/concursos\/index_concursos.php?concurso=771\" target=\"_blank\" rel=\"noreferrer noopener\">Fundatec<\/a><\/li>\n\n\n\n<li><strong>Per\u00edodo de inscri\u00e7\u00f5es<\/strong>: at\u00e9 13\/06<\/li>\n\n\n\n<li><strong>Data da prova:<\/strong>&nbsp;09\/07<\/li>\n\n\n\n<li><strong>Vagas:<\/strong>&nbsp;CR<\/li>\n\n\n\n<li><strong>Cargos:<\/strong>&nbsp;V\u00e1rios<\/li>\n\n\n\n<li><strong>Remunera\u00e7\u00e3o<\/strong>: R$ 3.340,37 a R$ 11.083,69<\/li>\n\n\n\n<li><strong>Edital:<\/strong>&nbsp;<a href=\"https:\/\/dhg1h5j42swfq.cloudfront.net\/2023\/05\/17120736\/edital_abertura_77164639bd73b153.pdf\" target=\"_blank\" rel=\"noreferrer noopener nofollow\">Edital CAU RS<\/a><\/li>\n<\/ul>\n\n\n\n<h3 class=\"wp-block-heading\"><a href=\"https:\/\/www.estrategiaconcursos.com.br\/blog\/concurso-camara-de-pouso-alegre\/\" target=\"_blank\" rel=\"noreferrer noopener\">Concurso C\u00e2mara de Pouso Alegre<\/a>&nbsp;(MG)<\/h3>\n\n\n\n<ul class=\"wp-block-list\">\n<li><strong>Banca:<\/strong>&nbsp;<a href=\"https:\/\/www.institutoconsulplan.org.br\/Index.aspx\" target=\"_blank\" rel=\"noreferrer noopener\">Instituto Consulplan<\/a><\/li>\n\n\n\n<li><strong>Per\u00edodo de inscri\u00e7\u00f5es<\/strong>: 19\/07 a 21\/08<\/li>\n\n\n\n<li><strong>Data da prova:<\/strong>&nbsp;01\/10<\/li>\n\n\n\n<li><strong>Vagas:<\/strong>&nbsp;11<\/li>\n\n\n\n<li><strong>Cargos:<\/strong>&nbsp;V\u00e1rios<\/li>\n\n\n\n<li><strong>Remunera\u00e7\u00e3o<\/strong>: R$ 6.606,31 a R$ 10.639,55<\/li>\n\n\n\n<li><strong>Edital:<\/strong>&nbsp;<a href=\"https:\/\/dhg1h5j42swfq.cloudfront.net\/2023\/05\/17094203\/1_1230101.pdf\" target=\"_blank\" rel=\"noreferrer noopener nofollow\">C\u00e2mara de Pouso Alegre \u2013 2023<\/a><\/li>\n\n\n\n<li><a href=\"https:\/\/www.estrategiaconcursos.com.br\/cursosPorConcurso\/camara-municipal-de-pouso-alegre-mg\/\" target=\"_blank\" rel=\"noreferrer noopener\">Cursos&nbsp;CPA<\/a><\/li>\n<\/ul>\n\n\n\n<h3 class=\"wp-block-heading\"><a href=\"https:\/\/www.estrategiaconcursos.com.br\/blog\/concurso-piracicaba-saude\/\" target=\"_blank\" rel=\"noreferrer noopener\">Concurso Prefeitura de Piracicaba<\/a>&nbsp;(SP)<\/h3>\n\n\n\n<ul class=\"wp-block-list\">\n<li><strong>Banca:<\/strong>&nbsp;<a href=\"https:\/\/www.vunesp.com.br\/PMPR2304\" target=\"_blank\" rel=\"noreferrer noopener\">Vunesp<\/a><\/li>\n\n\n\n<li><strong>Per\u00edodo de inscri\u00e7\u00f5es<\/strong>: 28\/05 a 03\/07<\/li>\n\n\n\n<li><strong>Data da prova:<\/strong>&nbsp;13\/08<\/li>\n\n\n\n<li><strong>Vagas:<\/strong>&nbsp;25 + CR<\/li>\n\n\n\n<li><strong>Cargos:<\/strong>&nbsp;V\u00e1rios<\/li>\n\n\n\n<li><strong>Remunera\u00e7\u00e3o<\/strong>: R$ 4.775,21 a R$ 12.107,42&nbsp;<\/li>\n\n\n\n<li><strong>Edital:<\/strong>&nbsp;<a href=\"https:\/\/dhg1h5j42swfq.cloudfront.net\/2023\/03\/28112656\/piracicabasd.pdf\" target=\"_blank\" rel=\"noreferrer noopener nofollow\">Piracicaba Sa\u00fade \u2013 2023-2<\/a><\/li>\n<\/ul>\n\n\n\n<h3 class=\"wp-block-heading\"><a href=\"https:\/\/www.estrategiaconcursos.com.br\/blog\/concurso-prefeitura-de-cambe\/\" target=\"_blank\" rel=\"noreferrer noopener\">Concurso Prefeitura de Camb\u00e9<\/a>&nbsp;(PR)<\/h3>\n\n\n\n<ul class=\"wp-block-list\">\n<li><strong>Banca:<\/strong>&nbsp;<a href=\"https:\/\/www.fauel.org.br\/paginaconcurso.php?concurso=04025959b191f8f9de3f924f0940515f\" target=\"_blank\" rel=\"noreferrer noopener\">FAUEL<\/a><\/li>\n\n\n\n<li><strong>Per\u00edodo de inscri\u00e7\u00f5es<\/strong>: 01\/06 a 06\/07<\/li>\n\n\n\n<li><strong>Data da prova:<\/strong>&nbsp;06\/08<\/li>\n\n\n\n<li><strong>Vagas:<\/strong>&nbsp;25 + CR<\/li>\n\n\n\n<li><strong>Cargos:<\/strong>&nbsp;V\u00e1rios<\/li>\n\n\n\n<li><strong>Remunera\u00e7\u00e3o<\/strong>: &nbsp;R$ 1.812,76 a R$ 8.103,73<\/li>\n\n\n\n<li><strong>Edital:<\/strong>&nbsp;<a href=\"https:\/\/dhg1h5j42swfq.cloudfront.net\/2023\/05\/19130433\/cambe_ed_001_abertura.pdf\" target=\"_blank\" rel=\"noreferrer noopener nofollow\">Camb\u00e9 2023<\/a><\/li>\n<\/ul>\n\n\n\n<h3 class=\"wp-block-heading\"><a href=\"https:\/\/www.estrategiaconcursos.com.br\/blog\/concurso-prefeitura-de-jaboticabal\/\" target=\"_blank\" rel=\"noreferrer noopener\">Concurso Prefeitura de Jaboticabal<\/a> (SP)<\/h3>\n\n\n\n<ul class=\"wp-block-list\">\n<li><strong>Banca:<\/strong>&nbsp;<a href=\"https:\/\/institutoindec.org.br\/concursos\/publicacoes\/PREFEITURA+DO+MUNIC%C3%8DPIO+DE+JABOTICABAL\/55\" target=\"_blank\" rel=\"noreferrer noopener\">INDEC<\/a><\/li>\n\n\n\n<li><strong>Per\u00edodo de inscri\u00e7\u00f5es<\/strong>: at\u00e9 20\/06<\/li>\n\n\n\n<li><strong>Data da prova:<\/strong>&nbsp;23\/07<\/li>\n\n\n\n<li><strong>Vagas:<\/strong>&nbsp;01<\/li>\n\n\n\n<li><strong>Cargos:<\/strong>&nbsp;Auditor de Controle Interno<\/li>\n\n\n\n<li><strong>Remunera\u00e7\u00e3o<\/strong>: R$ 4.881,13<\/li>\n\n\n\n<li><strong>Edital:<\/strong>&nbsp;<a href=\"https:\/\/dhg1h5j42swfq.cloudfront.net\/2023\/05\/19120121\/1684429901_edital-de-abertura-concurso-001-2023-auditor-interno.pdf\" target=\"_blank\" rel=\"noreferrer noopener nofollow\">Prefeitura de Jaboticabal 2023<\/a><\/li>\n<\/ul>\n\n\n\n<h3 class=\"wp-block-heading\"><a href=\"https:\/\/www.estrategiaconcursos.com.br\/blog\/concurso-praia-grande-saude\/\" target=\"_blank\" rel=\"noreferrer noopener\">Concurso SMS Praia Grande<\/a>&nbsp;(SP)<\/h3>\n\n\n\n<ul class=\"wp-block-list\">\n<li><strong>Banca:<\/strong>&nbsp;<a href=\"https:\/\/www.ibamsp-concursos.org.br\/site\/concursos\/documentos\/734\" target=\"_blank\" rel=\"noreferrer noopener\">IBAM<\/a><\/li>\n\n\n\n<li><strong>Per\u00edodo de inscri\u00e7\u00f5es<\/strong>: at\u00e9 15\/06<\/li>\n\n\n\n<li><strong>Data da prova:<\/strong>&nbsp;23\/07<\/li>\n\n\n\n<li><strong>Vagas:<\/strong>&nbsp;13 + CR<\/li>\n\n\n\n<li><strong>Cargos:<\/strong>&nbsp;M\u00e9dico<\/li>\n\n\n\n<li><strong>Remunera\u00e7\u00e3o<\/strong>: R$ 17.200,00 a R$ 19.891,51<\/li>\n\n\n\n<li><strong>Edital:<\/strong>&nbsp;<a href=\"https:\/\/dhg1h5j42swfq.cloudfront.net\/2023\/05\/17100931\/01-edital-de-abertura.pdf\" target=\"_blank\" rel=\"noreferrer noopener nofollow\">Praia Grande Sa\u00fade 2023<\/a><\/li>\n<\/ul>\n\n\n\n<h3 class=\"wp-block-heading\"><a href=\"https:\/\/www.estrategiaconcursos.com.br\/blog\/concurso-praia-grande-educacao\/\" target=\"_blank\" rel=\"noreferrer noopener\">Concurso SME Praia Grande<\/a>&nbsp;(SP)<\/h3>\n\n\n\n<ul class=\"wp-block-list\">\n<li><strong>Banca:<\/strong>&nbsp;<a href=\"https:\/\/www.ibamsp-concursos.org.br\/site\/concursos\/documentos\/733\" target=\"_blank\" rel=\"noreferrer noopener\">IBAM<\/a><\/li>\n\n\n\n<li><strong>Per\u00edodo de inscri\u00e7\u00f5es<\/strong>: at\u00e9 15\/06<\/li>\n\n\n\n<li><strong>Data da prova:<\/strong>&nbsp;23\/07<\/li>\n\n\n\n<li><strong>Vagas:<\/strong>&nbsp;10<\/li>\n\n\n\n<li><strong>Cargos:<\/strong>&nbsp;Professor Adjunto<\/li>\n\n\n\n<li><strong>Remunera\u00e7\u00e3o<\/strong>: R$ 4.342,44<\/li>\n\n\n\n<li><strong>Edital:<\/strong>&nbsp;<a href=\"https:\/\/dhg1h5j42swfq.cloudfront.net\/2023\/05\/17100158\/01-edital-de-abertura-1.pdf\" target=\"_blank\" rel=\"noreferrer noopener nofollow\">Praia Grande Educa\u00e7\u00e3o<\/a><\/li>\n<\/ul>\n\n\n\n<figure class=\"wp-block-image aligncenter size-large is-resized\"><img loading=\"lazy\" decoding=\"async\" src=\"https:\/\/dhg1h5j42swfq.cloudfront.net\/2020\/09\/18141901\/Coruja_Concursos%404x-506x1024.png\" alt=\"Concurso P\u00fablico - editais publicados ao longo da semana\" class=\"wp-image-574355\" width=\"30\" height=\"60\" srcset=\"https:\/\/dhg1h5j42swfq.cloudfront.net\/2020\/09\/18141901\/Coruja_Concursos%404x-506x1024.png 506w, https:\/\/dhg1h5j42swfq.cloudfront.net\/2020\/09\/18141901\/Coruja_Concursos%404x-148x300.png 148w, https:\/\/dhg1h5j42swfq.cloudfront.net\/2020\/09\/18141901\/Coruja_Concursos%404x-610x1236.png 610w, https:\/\/dhg1h5j42swfq.cloudfront.net\/2020\/09\/18141901\/Coruja_Concursos%404x.png 745w\" sizes=\"auto, (max-width: 30px) 100vw, 30px\" \/><\/figure>\n\n\n\n<p class=\"has-text-align-center has-background\" style=\"background-color:#ededed;font-size:clamp(14.642px, 0.915rem + ((1vw - 3.2px) * 0.721), 22px);px\"><strong><a href=\"https:\/\/www.estrategiaconcursos.com.br\/blog\/principais-noticias-do-dia\/\" target=\"_blank\" rel=\"noreferrer noopener\">Principais not\u00edcias do dia<\/a><\/strong><\/p>\n\n\n\n<div class=\"container\" id=\"boxes\">\r\n  <div class=\"row\">\r\n\r\n    <div class=\"col-sm\">\r\n      <div class=\"estrategia\" id=\"box-assinatura\">\r\n        <h3 class=\"titulo-assinatura\">Assinatura Concursos<\/h3>\r\n        <p class=\"subtitulo-assinatura\">Assinatura de 1 ano ou 2 anos<\/p>\r\n        <div class=\"box-botao\">\r\n          <a class=\"btn-assinatura\" target=\"_blank\" href=\"https:\/\/www.estrategiaconcursos.com.br\/assinaturas\/\" role=\"button\" rel=\"noopener noreferrer\">ASSINE AGORA<\/a>\r\n        <\/div>\r\n      <\/div><\/div><\/div><\/div>\n\n\n\n<h2 class=\"wp-block-heading has-text-align-center\" id=\"h-quer-saber-tudo-sobre-concursos-previstos-confira-nossos-artigos\">Quer saber tudo sobre concursos previstos?<br \/>Confira nossos artigos!<\/h2>\n\n\n\n<ul class=\"wp-block-list\">\n<li><a href=\"https:\/\/www.estrategiaconcursos.com.br\/blog\/concursos-abertos\/\" target=\"_blank\" rel=\"noreferrer noopener\">Concursos Abertos<\/a><\/li>\n\n\n\n<li><a href=\"https:\/\/www.estrategiaconcursos.com.br\/blog\/concursos-2023\/\" target=\"_blank\" rel=\"noreferrer noopener\">Concursos 2023<\/a><\/li>\n\n\n\n<li><a href=\"https:\/\/www.estrategiaconcursos.com.br\/blog\/concursos-2024\/\" target=\"_blank\" rel=\"noreferrer noopener\">Concursos 2024<\/a><\/li>\n<\/ul>\n","protected":false},"excerpt":{"rendered":"<p>A semana chega ao fim com um saldo de 19 novos editais publicados e mais de 6 mil vagas, entre imediatas e cadastro reserva. Os destaques da semana s\u00e3o duas grandes prefeituras, nos estados de S\u00e3o Paulo (Santos) e do Acre (Rio Branco). Em S\u00e3o Paulo, a Prefeitura de Santos divulgou quatro editais. Juntos, somam [&hellip;]<\/p>\n","protected":false},"author":659,"featured_media":1159742,"comment_status":"open","ping_status":"closed","sticky":false,"template":"","format":"standard","meta":{"post_tipo":"news","footnotes":""},"categories":[1,220219],"tags":[],"tax_estado":[219963],"class_list":["post-1217981","post","type-post","status-publish","format-standard","has-post-thumbnail","hentry","category-cursos-e-concursos","category-noticias","tax_estado-concursos-federais"],"acf":[],"yoast_head":"<!-- This site is optimized with the Yoast SEO Premium plugin v27.2 (Yoast SEO v27.2) - https:\/\/yoast.com\/product\/yoast-seo-premium-wordpress\/ -->\n<title>Concursos P\u00fablicos: 19 editais esta semana; mais de 6 mil vagas<\/title>\n<meta name=\"description\" content=\"Concurso P\u00fablico 2023: 19 editais sa\u00edram ao longo desta semana (15 a 19\/05). Confira n\u00famero de vagas, remunera\u00e7\u00e3o e principais datas.\" \/>\n<meta name=\"robots\" content=\"index, follow, max-snippet:-1, max-image-preview:large, max-video-preview:-1\" \/>\n<link rel=\"canonical\" href=\"https:\/\/www.estrategiaconcursos.com.br\/blog\/concurso-publico-editais-da-semana-15-a-19-05\/\" \/>\n<meta property=\"og:locale\" content=\"pt_BR\" \/>\n<meta property=\"og:type\" content=\"article\" \/>\n<meta property=\"og:title\" content=\"Concursos P\u00fablicos: 19 editais esta semana; mais de 6 mil vagas\" \/>\n<meta property=\"og:description\" content=\"Concurso P\u00fablico 2023: 19 editais sa\u00edram ao longo desta semana (15 a 19\/05). Confira n\u00famero de vagas, remunera\u00e7\u00e3o e principais datas.\" \/>\n<meta property=\"og:url\" content=\"https:\/\/www.estrategiaconcursos.com.br\/blog\/concurso-publico-editais-da-semana-15-a-19-05\/\" \/>\n<meta property=\"og:site_name\" content=\"Estrat\u00e9gia Concursos\" \/>\n<meta property=\"article:published_time\" content=\"2023-05-19T21:00:00+00:00\" \/>\n<meta property=\"article:modified_time\" content=\"2023-05-26T14:09:48+00:00\" \/>\n<meta property=\"og:image\" content=\"https:\/\/dhg1h5j42swfq.cloudfront.net\/2023\/01\/26151321\/concursos.jpeg\" \/>\n\t<meta property=\"og:image:width\" content=\"768\" \/>\n\t<meta property=\"og:image:height\" content=\"432\" \/>\n\t<meta property=\"og:image:type\" content=\"image\/jpeg\" \/>\n<meta name=\"author\" content=\"Camila Leite\" \/>\n<meta name=\"twitter:card\" content=\"summary_large_image\" \/>\n<meta name=\"twitter:creator\" content=\"@EstratConcursos\" \/>\n<meta name=\"twitter:site\" content=\"@EstratConcursos\" \/>\n<meta name=\"twitter:label1\" content=\"Escrito por\" \/>\n\t<meta name=\"twitter:data1\" content=\"Camila Leite\" \/>\n\t<meta name=\"twitter:label2\" content=\"Est. tempo de leitura\" \/>\n\t<meta name=\"twitter:data2\" content=\"4 minutos\" \/>\n<script type=\"application\/ld+json\" class=\"yoast-schema-graph\">{\"@context\":\"https:\/\/schema.org\",\"@graph\":[{\"@type\":\"NewsArticle\",\"@id\":\"https:\/\/www.estrategiaconcursos.com.br\/blog\/concurso-publico-editais-da-semana-15-a-19-05\/#article\",\"isPartOf\":{\"@id\":\"https:\/\/www.estrategiaconcursos.com.br\/blog\/concurso-publico-editais-da-semana-15-a-19-05\/\"},\"author\":{\"name\":\"Camila Leite\",\"@id\":\"https:\/\/www.estrategiaconcursos.com.br\/blog\/#\/schema\/person\/84ecdc6eb58d3cf1689bf76c5cd8fb38\"},\"headline\":\"Concursos P\u00fablicos: 19 editais esta semana; mais de 6 mil vagas\",\"datePublished\":\"2023-05-19T21:00:00+00:00\",\"dateModified\":\"2023-05-26T14:09:48+00:00\",\"mainEntityOfPage\":{\"@id\":\"https:\/\/www.estrategiaconcursos.com.br\/blog\/concurso-publico-editais-da-semana-15-a-19-05\/\"},\"wordCount\":739,\"commentCount\":0,\"publisher\":{\"@id\":\"https:\/\/www.estrategiaconcursos.com.br\/blog\/#organization\"},\"image\":{\"@id\":\"https:\/\/www.estrategiaconcursos.com.br\/blog\/concurso-publico-editais-da-semana-15-a-19-05\/#primaryimage\"},\"thumbnailUrl\":\"https:\/\/dhg1h5j42swfq.cloudfront.net\/2023\/01\/26151321\/concursos.jpeg\",\"articleSection\":[\"Concursos P\u00fablicos\",\"\u00daltimas not\u00edcias\"],\"inLanguage\":\"pt-BR\",\"potentialAction\":[{\"@type\":\"CommentAction\",\"name\":\"Comment\",\"target\":[\"https:\/\/www.estrategiaconcursos.com.br\/blog\/concurso-publico-editais-da-semana-15-a-19-05\/#respond\"]}],\"copyrightYear\":\"2023\",\"copyrightHolder\":{\"@id\":\"https:\/\/www.estrategiaconcursos.com.br\/blog\/#organization\"}},{\"@type\":\"WebPage\",\"@id\":\"https:\/\/www.estrategiaconcursos.com.br\/blog\/concurso-publico-editais-da-semana-15-a-19-05\/\",\"url\":\"https:\/\/www.estrategiaconcursos.com.br\/blog\/concurso-publico-editais-da-semana-15-a-19-05\/\",\"name\":\"Concursos P\u00fablicos: 19 editais esta semana; mais de 6 mil vagas\",\"isPartOf\":{\"@id\":\"https:\/\/www.estrategiaconcursos.com.br\/blog\/#website\"},\"primaryImageOfPage\":{\"@id\":\"https:\/\/www.estrategiaconcursos.com.br\/blog\/concurso-publico-editais-da-semana-15-a-19-05\/#primaryimage\"},\"image\":{\"@id\":\"https:\/\/www.estrategiaconcursos.com.br\/blog\/concurso-publico-editais-da-semana-15-a-19-05\/#primaryimage\"},\"thumbnailUrl\":\"https:\/\/dhg1h5j42swfq.cloudfront.net\/2023\/01\/26151321\/concursos.jpeg\",\"datePublished\":\"2023-05-19T21:00:00+00:00\",\"dateModified\":\"2023-05-26T14:09:48+00:00\",\"description\":\"Concurso P\u00fablico 2023: 19 editais sa\u00edram ao longo desta semana (15 a 19\/05). Confira n\u00famero de vagas, remunera\u00e7\u00e3o e principais datas.\",\"breadcrumb\":{\"@id\":\"https:\/\/www.estrategiaconcursos.com.br\/blog\/concurso-publico-editais-da-semana-15-a-19-05\/#breadcrumb\"},\"inLanguage\":\"pt-BR\",\"potentialAction\":[{\"@type\":\"ReadAction\",\"target\":[\"https:\/\/www.estrategiaconcursos.com.br\/blog\/concurso-publico-editais-da-semana-15-a-19-05\/\"]}]},{\"@type\":\"ImageObject\",\"inLanguage\":\"pt-BR\",\"@id\":\"https:\/\/www.estrategiaconcursos.com.br\/blog\/concurso-publico-editais-da-semana-15-a-19-05\/#primaryimage\",\"url\":\"https:\/\/dhg1h5j42swfq.cloudfront.net\/2023\/01\/26151321\/concursos.jpeg\",\"contentUrl\":\"https:\/\/dhg1h5j42swfq.cloudfront.net\/2023\/01\/26151321\/concursos.jpeg\",\"width\":768,\"height\":432,\"caption\":\"Concurso P\u00fablicos editais semana\"},{\"@type\":\"BreadcrumbList\",\"@id\":\"https:\/\/www.estrategiaconcursos.com.br\/blog\/concurso-publico-editais-da-semana-15-a-19-05\/#breadcrumb\",\"itemListElement\":[{\"@type\":\"ListItem\",\"position\":1,\"name\":\"In\u00edcio\",\"item\":\"https:\/\/www.estrategiaconcursos.com.br\/blog\/\"},{\"@type\":\"ListItem\",\"position\":2,\"name\":\"Concursos P\u00fablicos: 19 editais esta semana; mais de 6 mil vagas\"}]},{\"@type\":\"WebSite\",\"@id\":\"https:\/\/www.estrategiaconcursos.com.br\/blog\/#website\",\"url\":\"https:\/\/www.estrategiaconcursos.com.br\/blog\/\",\"name\":\"Estrat\u00e9gia Concursos\",\"description\":\"O blog da Estrat\u00e9gia Concursos traz not\u00edcias sobre concursos e artigos de professores oferecendo cursos para concursos (pdf + videaulas) no site.\",\"publisher\":{\"@id\":\"https:\/\/www.estrategiaconcursos.com.br\/blog\/#organization\"},\"potentialAction\":[{\"@type\":\"SearchAction\",\"target\":{\"@type\":\"EntryPoint\",\"urlTemplate\":\"https:\/\/www.estrategiaconcursos.com.br\/blog\/?s={search_term_string}\"},\"query-input\":{\"@type\":\"PropertyValueSpecification\",\"valueRequired\":true,\"valueName\":\"search_term_string\"}}],\"inLanguage\":\"pt-BR\"},{\"@type\":\"Organization\",\"@id\":\"https:\/\/www.estrategiaconcursos.com.br\/blog\/#organization\",\"name\":\"Estrat\u00e9gia Concursos\",\"url\":\"https:\/\/www.estrategiaconcursos.com.br\/blog\/\",\"logo\":{\"@type\":\"ImageObject\",\"inLanguage\":\"pt-BR\",\"@id\":\"https:\/\/www.estrategiaconcursos.com.br\/blog\/#\/schema\/logo\/image\/\",\"url\":\"https:\/\/dhg1h5j42swfq.cloudfront.net\/2025\/06\/03203428\/logo_concursos-1.jpg\",\"contentUrl\":\"https:\/\/dhg1h5j42swfq.cloudfront.net\/2025\/06\/03203428\/logo_concursos-1.jpg\",\"width\":230,\"height\":60,\"caption\":\"Estrat\u00e9gia Concursos\"},\"image\":{\"@id\":\"https:\/\/www.estrategiaconcursos.com.br\/blog\/#\/schema\/logo\/image\/\"},\"sameAs\":[\"https:\/\/x.com\/EstratConcursos\"]},{\"@type\":\"Person\",\"@id\":\"https:\/\/www.estrategiaconcursos.com.br\/blog\/#\/schema\/person\/84ecdc6eb58d3cf1689bf76c5cd8fb38\",\"name\":\"Camila Leite\",\"image\":{\"@type\":\"ImageObject\",\"inLanguage\":\"pt-BR\",\"@id\":\"https:\/\/secure.gravatar.com\/avatar\/f2f8faef639c8a2bfb7fb909912a56917f4c3a0aed064500168e2fb8ea55cf61?s=96&d=mm&r=g\",\"url\":\"https:\/\/secure.gravatar.com\/avatar\/f2f8faef639c8a2bfb7fb909912a56917f4c3a0aed064500168e2fb8ea55cf61?s=96&d=mm&r=g\",\"contentUrl\":\"https:\/\/secure.gravatar.com\/avatar\/f2f8faef639c8a2bfb7fb909912a56917f4c3a0aed064500168e2fb8ea55cf61?s=96&d=mm&r=g\",\"caption\":\"Camila Leite\"},\"description\":\"Formada em Design Gr\u00e1fico e em Propaganda e Marketing pela UNIP, integra a equipe de jornalismo do Estrat\u00e9gia Concursos desde 2018. Ao longo dos anos, construiu uma s\u00f3lida experi\u00eancia na produ\u00e7\u00e3o de conte\u00fado informativo e relevante para concurseiros. Desde 2020, atua na cobertura das \u00e1reas Fiscal \u2014 com \u00eanfase nas Secretarias de Fazenda (Sefaz) das regi\u00f5es Sul e Sudeste \u2014, al\u00e9m da cobertura de concursos federais, como CNU, Petrobras, CGU, Receita Federal, ag\u00eancias reguladoras (Anvisa, ANAC, entre outras) e INSS. Mant\u00e9m contato direto com os principais \u00f3rg\u00e3os p\u00fablicos, acompanhando editais, atualiza\u00e7\u00f5es e movimenta\u00e7\u00f5es importantes para os candidatos.\",\"sameAs\":[\"https:\/\/www.linkedin.com\/in\/camila-pinheiro-leite-9ba135b6\/\"],\"url\":\"https:\/\/www.estrategiaconcursos.com.br\/blog\/author\/camila-leiteestrategiaconcursos-com-br\/\"}]}<\/script>\n<!-- \/ Yoast SEO Premium plugin. -->","yoast_head_json":{"title":"Concursos P\u00fablicos: 19 editais esta semana; mais de 6 mil vagas","description":"Concurso P\u00fablico 2023: 19 editais sa\u00edram ao longo desta semana (15 a 19\/05). Confira n\u00famero de vagas, remunera\u00e7\u00e3o e principais datas.","robots":{"index":"index","follow":"follow","max-snippet":"max-snippet:-1","max-image-preview":"max-image-preview:large","max-video-preview":"max-video-preview:-1"},"canonical":"https:\/\/www.estrategiaconcursos.com.br\/blog\/concurso-publico-editais-da-semana-15-a-19-05\/","og_locale":"pt_BR","og_type":"article","og_title":"Concursos P\u00fablicos: 19 editais esta semana; mais de 6 mil vagas","og_description":"Concurso P\u00fablico 2023: 19 editais sa\u00edram ao longo desta semana (15 a 19\/05). Confira n\u00famero de vagas, remunera\u00e7\u00e3o e principais datas.","og_url":"https:\/\/www.estrategiaconcursos.com.br\/blog\/concurso-publico-editais-da-semana-15-a-19-05\/","og_site_name":"Estrat\u00e9gia Concursos","article_published_time":"2023-05-19T21:00:00+00:00","article_modified_time":"2023-05-26T14:09:48+00:00","og_image":[{"width":768,"height":432,"url":"https:\/\/dhg1h5j42swfq.cloudfront.net\/2023\/01\/26151321\/concursos.jpeg","type":"image\/jpeg"}],"author":"Camila Leite","twitter_card":"summary_large_image","twitter_creator":"@EstratConcursos","twitter_site":"@EstratConcursos","twitter_misc":{"Escrito por":"Camila Leite","Est. tempo de leitura":"4 minutos"},"schema":{"@context":"https:\/\/schema.org","@graph":[{"@type":"NewsArticle","@id":"https:\/\/www.estrategiaconcursos.com.br\/blog\/concurso-publico-editais-da-semana-15-a-19-05\/#article","isPartOf":{"@id":"https:\/\/www.estrategiaconcursos.com.br\/blog\/concurso-publico-editais-da-semana-15-a-19-05\/"},"author":{"name":"Camila Leite","@id":"https:\/\/www.estrategiaconcursos.com.br\/blog\/#\/schema\/person\/84ecdc6eb58d3cf1689bf76c5cd8fb38"},"headline":"Concursos P\u00fablicos: 19 editais esta semana; mais de 6 mil vagas","datePublished":"2023-05-19T21:00:00+00:00","dateModified":"2023-05-26T14:09:48+00:00","mainEntityOfPage":{"@id":"https:\/\/www.estrategiaconcursos.com.br\/blog\/concurso-publico-editais-da-semana-15-a-19-05\/"},"wordCount":739,"commentCount":0,"publisher":{"@id":"https:\/\/www.estrategiaconcursos.com.br\/blog\/#organization"},"image":{"@id":"https:\/\/www.estrategiaconcursos.com.br\/blog\/concurso-publico-editais-da-semana-15-a-19-05\/#primaryimage"},"thumbnailUrl":"https:\/\/dhg1h5j42swfq.cloudfront.net\/2023\/01\/26151321\/concursos.jpeg","articleSection":["Concursos P\u00fablicos","\u00daltimas not\u00edcias"],"inLanguage":"pt-BR","potentialAction":[{"@type":"CommentAction","name":"Comment","target":["https:\/\/www.estrategiaconcursos.com.br\/blog\/concurso-publico-editais-da-semana-15-a-19-05\/#respond"]}],"copyrightYear":"2023","copyrightHolder":{"@id":"https:\/\/www.estrategiaconcursos.com.br\/blog\/#organization"}},{"@type":"WebPage","@id":"https:\/\/www.estrategiaconcursos.com.br\/blog\/concurso-publico-editais-da-semana-15-a-19-05\/","url":"https:\/\/www.estrategiaconcursos.com.br\/blog\/concurso-publico-editais-da-semana-15-a-19-05\/","name":"Concursos P\u00fablicos: 19 editais esta semana; mais de 6 mil vagas","isPartOf":{"@id":"https:\/\/www.estrategiaconcursos.com.br\/blog\/#website"},"primaryImageOfPage":{"@id":"https:\/\/www.estrategiaconcursos.com.br\/blog\/concurso-publico-editais-da-semana-15-a-19-05\/#primaryimage"},"image":{"@id":"https:\/\/www.estrategiaconcursos.com.br\/blog\/concurso-publico-editais-da-semana-15-a-19-05\/#primaryimage"},"thumbnailUrl":"https:\/\/dhg1h5j42swfq.cloudfront.net\/2023\/01\/26151321\/concursos.jpeg","datePublished":"2023-05-19T21:00:00+00:00","dateModified":"2023-05-26T14:09:48+00:00","description":"Concurso P\u00fablico 2023: 19 editais sa\u00edram ao longo desta semana (15 a 19\/05). Confira n\u00famero de vagas, remunera\u00e7\u00e3o e principais datas.","breadcrumb":{"@id":"https:\/\/www.estrategiaconcursos.com.br\/blog\/concurso-publico-editais-da-semana-15-a-19-05\/#breadcrumb"},"inLanguage":"pt-BR","potentialAction":[{"@type":"ReadAction","target":["https:\/\/www.estrategiaconcursos.com.br\/blog\/concurso-publico-editais-da-semana-15-a-19-05\/"]}]},{"@type":"ImageObject","inLanguage":"pt-BR","@id":"https:\/\/www.estrategiaconcursos.com.br\/blog\/concurso-publico-editais-da-semana-15-a-19-05\/#primaryimage","url":"https:\/\/dhg1h5j42swfq.cloudfront.net\/2023\/01\/26151321\/concursos.jpeg","contentUrl":"https:\/\/dhg1h5j42swfq.cloudfront.net\/2023\/01\/26151321\/concursos.jpeg","width":768,"height":432,"caption":"Concurso P\u00fablicos editais semana"},{"@type":"BreadcrumbList","@id":"https:\/\/www.estrategiaconcursos.com.br\/blog\/concurso-publico-editais-da-semana-15-a-19-05\/#breadcrumb","itemListElement":[{"@type":"ListItem","position":1,"name":"In\u00edcio","item":"https:\/\/www.estrategiaconcursos.com.br\/blog\/"},{"@type":"ListItem","position":2,"name":"Concursos P\u00fablicos: 19 editais esta semana; mais de 6 mil vagas"}]},{"@type":"WebSite","@id":"https:\/\/www.estrategiaconcursos.com.br\/blog\/#website","url":"https:\/\/www.estrategiaconcursos.com.br\/blog\/","name":"Estrat\u00e9gia Concursos","description":"O blog da Estrat\u00e9gia Concursos traz not\u00edcias sobre concursos e artigos de professores oferecendo cursos para concursos (pdf + videaulas) no site.","publisher":{"@id":"https:\/\/www.estrategiaconcursos.com.br\/blog\/#organization"},"potentialAction":[{"@type":"SearchAction","target":{"@type":"EntryPoint","urlTemplate":"https:\/\/www.estrategiaconcursos.com.br\/blog\/?s={search_term_string}"},"query-input":{"@type":"PropertyValueSpecification","valueRequired":true,"valueName":"search_term_string"}}],"inLanguage":"pt-BR"},{"@type":"Organization","@id":"https:\/\/www.estrategiaconcursos.com.br\/blog\/#organization","name":"Estrat\u00e9gia Concursos","url":"https:\/\/www.estrategiaconcursos.com.br\/blog\/","logo":{"@type":"ImageObject","inLanguage":"pt-BR","@id":"https:\/\/www.estrategiaconcursos.com.br\/blog\/#\/schema\/logo\/image\/","url":"https:\/\/dhg1h5j42swfq.cloudfront.net\/2025\/06\/03203428\/logo_concursos-1.jpg","contentUrl":"https:\/\/dhg1h5j42swfq.cloudfront.net\/2025\/06\/03203428\/logo_concursos-1.jpg","width":230,"height":60,"caption":"Estrat\u00e9gia Concursos"},"image":{"@id":"https:\/\/www.estrategiaconcursos.com.br\/blog\/#\/schema\/logo\/image\/"},"sameAs":["https:\/\/x.com\/EstratConcursos"]},{"@type":"Person","@id":"https:\/\/www.estrategiaconcursos.com.br\/blog\/#\/schema\/person\/84ecdc6eb58d3cf1689bf76c5cd8fb38","name":"Camila Leite","image":{"@type":"ImageObject","inLanguage":"pt-BR","@id":"https:\/\/secure.gravatar.com\/avatar\/f2f8faef639c8a2bfb7fb909912a56917f4c3a0aed064500168e2fb8ea55cf61?s=96&d=mm&r=g","url":"https:\/\/secure.gravatar.com\/avatar\/f2f8faef639c8a2bfb7fb909912a56917f4c3a0aed064500168e2fb8ea55cf61?s=96&d=mm&r=g","contentUrl":"https:\/\/secure.gravatar.com\/avatar\/f2f8faef639c8a2bfb7fb909912a56917f4c3a0aed064500168e2fb8ea55cf61?s=96&d=mm&r=g","caption":"Camila Leite"},"description":"Formada em Design Gr\u00e1fico e em Propaganda e Marketing pela UNIP, integra a equipe de jornalismo do Estrat\u00e9gia Concursos desde 2018. Ao longo dos anos, construiu uma s\u00f3lida experi\u00eancia na produ\u00e7\u00e3o de conte\u00fado informativo e relevante para concurseiros. Desde 2020, atua na cobertura das \u00e1reas Fiscal \u2014 com \u00eanfase nas Secretarias de Fazenda (Sefaz) das regi\u00f5es Sul e Sudeste \u2014, al\u00e9m da cobertura de concursos federais, como CNU, Petrobras, CGU, Receita Federal, ag\u00eancias reguladoras (Anvisa, ANAC, entre outras) e INSS. Mant\u00e9m contato direto com os principais \u00f3rg\u00e3os p\u00fablicos, acompanhando editais, atualiza\u00e7\u00f5es e movimenta\u00e7\u00f5es importantes para os candidatos.","sameAs":["https:\/\/www.linkedin.com\/in\/camila-pinheiro-leite-9ba135b6\/"],"url":"https:\/\/www.estrategiaconcursos.com.br\/blog\/author\/camila-leiteestrategiaconcursos-com-br\/"}]}},"_links":{"self":[{"href":"https:\/\/www.estrategiaconcursos.com.br\/blog\/wp-json\/wp\/v2\/posts\/1217981","targetHints":{"allow":["GET"]}}],"collection":[{"href":"https:\/\/www.estrategiaconcursos.com.br\/blog\/wp-json\/wp\/v2\/posts"}],"about":[{"href":"https:\/\/www.estrategiaconcursos.com.br\/blog\/wp-json\/wp\/v2\/types\/post"}],"author":[{"embeddable":true,"href":"https:\/\/www.estrategiaconcursos.com.br\/blog\/wp-json\/wp\/v2\/users\/659"}],"replies":[{"embeddable":true,"href":"https:\/\/www.estrategiaconcursos.com.br\/blog\/wp-json\/wp\/v2\/comments?post=1217981"}],"version-history":[{"count":12,"href":"https:\/\/www.estrategiaconcursos.com.br\/blog\/wp-json\/wp\/v2\/posts\/1217981\/revisions"}],"predecessor-version":[{"id":1222635,"href":"https:\/\/www.estrategiaconcursos.com.br\/blog\/wp-json\/wp\/v2\/posts\/1217981\/revisions\/1222635"}],"wp:featuredmedia":[{"embeddable":true,"href":"https:\/\/www.estrategiaconcursos.com.br\/blog\/wp-json\/wp\/v2\/media\/1159742"}],"wp:attachment":[{"href":"https:\/\/www.estrategiaconcursos.com.br\/blog\/wp-json\/wp\/v2\/media?parent=1217981"}],"wp:term":[{"taxonomy":"category","embeddable":true,"href":"https:\/\/www.estrategiaconcursos.com.br\/blog\/wp-json\/wp\/v2\/categories?post=1217981"},{"taxonomy":"post_tag","embeddable":true,"href":"https:\/\/www.estrategiaconcursos.com.br\/blog\/wp-json\/wp\/v2\/tags?post=1217981"},{"taxonomy":"tax_estado","embeddable":true,"href":"https:\/\/www.estrategiaconcursos.com.br\/blog\/wp-json\/wp\/v2\/tax_estado?post=1217981"}],"curies":[{"name":"wp","href":"https:\/\/api.w.org\/{rel}","templated":true}]}}