{"id":1216014,"date":"2023-05-15T11:08:25","date_gmt":"2023-05-15T14:08:25","guid":{"rendered":"https:\/\/www.estrategiaconcursos.com.br\/blog\/?p=1216014"},"modified":"2023-05-15T15:38:08","modified_gmt":"2023-05-15T18:38:08","slug":"pss-ibama-editais-publicados","status":"publish","type":"post","link":"https:\/\/www.estrategiaconcursos.com.br\/blog\/pss-ibama-editais-publicados\/","title":{"rendered":"PSS IBAMA: novos editais com iniciais de at\u00e9 R$ 5,2 mil"},"content":{"rendered":"\n<p>O Instituto Brasileiro do Meio Ambiente e dos Recursos Naturais Renov\u00e1veis divulgou <strong>novos editais com vagas tempor\u00e1rias para o seu PSS IBAMA<\/strong>. As oportunidades possuem sal\u00e1rios iniciais de at\u00e9 R$ 5,2 mil.<\/p>\n\n\n\n<p>S\u00e3o ofertadas <strong>198 vagas<\/strong> para os cargos de Supervisor de Brigadas, Brigadistas, Chefe de Esquadr\u00e3o e Chefe Brigada. A exig\u00eancia \u00e9 que os candidatos tenham n\u00edveis de alfabetiza\u00e7\u00e3o e ensino m\u00e9dio de escolaridade.<\/p>\n\n\n\n<p>Os servidores ser\u00e3o lotados nos estados de Pernambuco e Mato Grosso. J\u00e1 as inscri\u00e7\u00f5es devem ser feitas, ainda neste m\u00eas de maio, conforme o per\u00edodo estabelecido para cada lota\u00e7\u00e3o\/cargo.<\/p>\n\n\n\n<ul class=\"wp-block-list\">\n<li><a href=\"https:\/\/dhg1h5j42swfq.cloudfront.net\/2023\/05\/15105643\/temporarios_ibama_.pdf\" target=\"_blank\" rel=\"noreferrer noopener nofollow\"><strong>Confira o per\u00edodo de inscri\u00e7\u00f5es aqui!<\/strong><\/a><\/li>\n<\/ul>\n\n\n\n<figure class=\"wp-block-image aligncenter size-full is-resized\"><img loading=\"lazy\" decoding=\"async\" src=\"https:\/\/dhg1h5j42swfq.cloudfront.net\/2023\/05\/15112454\/ibama.jpeg\" alt=\"PSS IBAMA: novos editais com iniciais de at\u00e9 R$ 5,2 mil\" class=\"wp-image-1216075\" width=\"789\" height=\"444\" srcset=\"https:\/\/dhg1h5j42swfq.cloudfront.net\/2023\/05\/15112454\/ibama.jpeg 768w, https:\/\/dhg1h5j42swfq.cloudfront.net\/2023\/05\/15112454\/ibama-300x169.jpeg 300w, https:\/\/dhg1h5j42swfq.cloudfront.net\/2023\/05\/15112454\/ibama-610x343.jpeg 610w, https:\/\/dhg1h5j42swfq.cloudfront.net\/2023\/05\/15112454\/ibama-150x84.jpeg 150w\" sizes=\"auto, (max-width: 789px) 100vw, 789px\" \/><figcaption class=\"wp-element-caption\">PSS IBAMA: novos editais com iniciais de at\u00e9 R$ 5,2 mil<\/figcaption><\/figure>\n\n\n\n<ul class=\"has-background wp-block-list\" style=\"background-color:#f0f0f0\">\n<li><strong>Instituto de Meio Ambiente e dos Recursos Naturais Renov\u00e1veis<\/strong><\/li>\n\n\n\n<li><strong>Status:<\/strong>&nbsp;novos editais para tempor\u00e1rios <\/li>\n\n\n\n<li><strong>Banca:&nbsp;<\/strong><a href=\"https:\/\/www.gov.br\/ibama\/pt-br\" target=\"_blank\" rel=\"noreferrer noopener\">organiza\u00e7\u00e3o pr\u00f3pria<\/a><\/li>\n\n\n\n<li><strong>Vagas:&nbsp;<\/strong>198<\/li>\n\n\n\n<li><strong>Sal\u00e1rio inicial:<\/strong>&nbsp;R$ 1.302,00 a R$ 5.208,00<\/li>\n\n\n\n<li><strong>Editais:<\/strong> <a href=\"https:\/\/dhg1h5j42swfq.cloudfront.net\/2023\/05\/15105643\/temporarios_ibama_.pdf\" target=\"_blank\" rel=\"noreferrer noopener nofollow\">PSS IBAMA<\/a><\/li>\n<\/ul>\n\n\n\n<div class=\"container\" id=\"boxes\">\r\n  <div class=\"row\">\r\n\r\n    <div class=\"col-sm\">\r\n      <div class=\"banner-estrategia\" id=\"box-assinatura\">\r\n        <h3 class=\"titulo-assinatura\">Cursos para IBAMA<\/h3>\r\n        <p class=\"subtitulo-assinatura\">Estude conosco<\/p>\r\n        <div class=\"box-botao\">\r\n          <a class=\"btn-assinatura\" target=\"_blank\" href=\"https:\/\/www.estrategiaconcursos.com.br\/cursosPorConcurso\/ibama-analista-61\/\" role=\"button\" rel=\"noopener noreferrer\">Conhe\u00e7a os cursos<\/a>\r\n        <\/div>\r\n      <\/div>\r\n     \r\n    <\/div>\r\n\r\n  <\/div>\r\n<\/div>\n\n\n\n<h2 class=\"wp-block-heading\" id=\"h-pss-ibama-editais-atribuicoes-dos-cargos\">PSS IBAMA editais: atribui\u00e7\u00f5es dos cargos<\/h2>\n\n\n\n<ul class=\"wp-block-list\">\n<li><strong>Brigadista&nbsp;<\/strong>\u2013 Executar atividades relacionadas ao manejo integrado do fogo, tais como: preven\u00e7\u00e3o, uso do fogo, monitoramento, prepara\u00e7\u00e3o e combate aos inc\u00eandios florestais,<br \/>ficando \u00e0 disposi\u00e7\u00e3o para atuar em grandes opera\u00e7\u00f5es de combate, \u00e0 qualquer tempo.<\/li>\n\n\n\n<li><strong>Chefe de Esquadr\u00e3o&nbsp;<\/strong>\u2013 Comandar os brigadistas do esquadr\u00e3o nas atividades de preven\u00e7\u00e3o e combate, elaborar e executar o plano semanal de trabalho do esquadr\u00e3o e zelar pela manuten\u00e7\u00e3o dos equipamentos, materiais e ve\u00edculos da Brigada, ficando \u00e0 disposi\u00e7\u00e3o para atuar em grandes opera\u00e7\u00f5es de combate, \u00e0 qualquer tempo.<\/li>\n\n\n\n<li><strong>Chefe de Brigada<\/strong>&nbsp;\u2013 Executar as atividades administrativas referentes \u00e0 brigada, coordenar a hierarquia de comando de chefes de esquadr\u00e3o e brigadistas, enviar relat\u00f3rios gerenciais e representar o Prevfogo localmente, ficando \u00e0 disposi\u00e7\u00e3o para atuar em grandes opera\u00e7\u00f5es de combate, \u00e0 qualquer tempo.<\/li>\n\n\n\n<li><strong>Supervisor Estadual de Brigadas<\/strong> \u2013 Apoiar as a\u00e7\u00f5es t\u00e9cnico-administrativas das Coordena\u00e7\u00f5es Estaduais do Prevfogo e gerenciar as Brigadas do Prevfogo sob sua responsabilidade.<\/li>\n<\/ul>\n\n\n\n<h2 class=\"wp-block-heading\">PSS IBAMA: editais com vagas em diversos lota\u00e7\u00f5es<\/h2>\n\n\n\n<p>Confira abaixo todas as lota\u00e7\u00f5es conforme o seu estado de origem contempladas nos editais do PSS IBAMA:<\/p>\n\n\n\n<ul class=\"wp-block-list\">\n<li>Petrolina (PE)<\/li>\n\n\n\n<li>Serra Talhada (PE)<\/li>\n\n\n\n<li>C\u00e1ceres (MT)<\/li>\n\n\n\n<li>Cotrigua\u00e7u (MT)<\/li>\n\n\n\n<li>Brasnorte &#8211; TI Irantxe (MT)<\/li>\n\n\n\n<li>Brasnorte &#8211; TI Menku (MT)<\/li>\n\n\n\n<li>Tangar\u00e1 da Serra &#8211; TI Pareci (MT)<\/li>\n\n\n\n<li>Conquista D&#8217;Oeste &#8211; TI Juininha (MT)<\/li>\n\n\n\n<li>Paranatinga &#8211; TI Bakairi (MT)<\/li>\n<\/ul>\n\n\n\n<p>Enquanto o processo seletivo (PSS) IBAMA tempor\u00e1rios \u00e9 divulgado, o concurso para o quadro de efetivos do \u00f3rg\u00e3o segue sendo aguardado. <\/p>\n\n\n\n<p>Inclusive, a autoriza\u00e7\u00e3o&nbsp;j\u00e1 foi confirmada pela ministra do Meio Ambiente, Marina Silva. Com isso, a previs\u00e3o \u00e9 que, em breve, novidades sejam informadas. Confira os detalhes atrav\u00e9s do artigo abaixo:<\/p>\n\n\n\n<p class=\"has-text-align-center has-background has-medium-font-size\" style=\"background-color:#e1e3e6\"><strong>Saiba mais: <a href=\"https:\/\/www.estrategiaconcursos.com.br\/blog\/concurso-ibama\/\" target=\"_blank\" rel=\"noreferrer noopener\">concurso IBAMA<\/a><\/strong><\/p>\n\n\n\n<hr class=\"wp-block-separator has-alpha-channel-opacity\"\/>\n\n\n\n<div class=\"container\" id=\"boxes\">\n  <div class=\"row\">\n\n    <div class=\"col-sm\">\n      <div class=\"banner-estrategia\" id=\"box-assinatura\">\n        <h3 class=\"titulo-assinatura\">Cursos para IBAMA<\/h3>\n        <p class=\"subtitulo-assinatura\">Estude conosco<\/p>\n        <div class=\"box-botao\">\n          <a class=\"btn-assinatura\" target=\"_blank\" href=\"https:\/\/www.estrategiaconcursos.com.br\/cursosPorConcurso\/ibama-analista-61\/\" role=\"button\" rel=\"noopener noreferrer\">Conhe\u00e7a os cursos<\/a>\n        <\/div>\n      <\/div>\n     \n    <\/div>\n\n  <\/div>\n<\/div>\n\n\n\n<div class=\"container\" id=\"boxes\">\n  <div class=\"row\">\n\n    <div class=\"col-sm\">\n      <div class=\"estrategia\" id=\"box-assinatura\">\n        <h3 class=\"titulo-assinatura\">Assinatura Concursos<\/h3>\n        <p class=\"subtitulo-assinatura\">Assinatura de 1 ano ou 2 anos<\/p>\n        <div class=\"box-botao\">\n          <a class=\"btn-assinatura\" target=\"_blank\" href=\"https:\/\/www.estrategiaconcursos.com.br\/assinaturas\/\" role=\"button\" rel=\"noopener noreferrer\">ASSINE AGORA<\/a>\n        <\/div>\n      <\/div><\/div><\/div><\/div>\n\n\n\n<h2 class=\"wp-block-heading has-text-align-center\" id=\"quer-saber-tudo-sobre-concursos-previstos-confira-nossos-artigos\">Quer saber tudo sobre concursos previstos?<br \/>Confira nossos artigos!<\/h2>\n\n\n\n<ul class=\"wp-block-list\">\n<li><a target=\"_blank\" href=\"https:\/\/www.estrategiaconcursos.com.br\/blog\/concursos-abertos\/\" rel=\"noreferrer noopener\">Concursos abertos<\/a><\/li>\n\n\n\n<li><a href=\"https:\/\/www.estrategiaconcursos.com.br\/blog\/concursos-2023\/\" target=\"_blank\" rel=\"noreferrer noopener\">Concursos 2023<\/a><\/li>\n\n\n\n<li><a href=\"https:\/\/www.estrategiaconcursos.com.br\/blog\/concursos-2024\/\" target=\"_blank\" rel=\"noreferrer noopener\">Concursos 2024<\/a><\/li>\n<\/ul>\n\n\n\n<figure class=\"wp-block-image size-large is-resized\"><img loading=\"lazy\" decoding=\"async\" src=\"https:\/\/dhg1h5j42swfq.cloudfront.net\/2021\/05\/11075428\/ficha-tecnica-24-1024x632.png\" alt=\"ficha t\u00e9cnica do concurso IBAMA tempor\u00e1rios\" class=\"wp-image-736927\" width=\"275\" height=\"170\" srcset=\"https:\/\/dhg1h5j42swfq.cloudfront.net\/2021\/05\/11075428\/ficha-tecnica-24-1024x632.png 1024w, https:\/\/dhg1h5j42swfq.cloudfront.net\/2021\/05\/11075428\/ficha-tecnica-24-300x185.png 300w, https:\/\/dhg1h5j42swfq.cloudfront.net\/2021\/05\/11075428\/ficha-tecnica-24-768x474.png 768w, https:\/\/dhg1h5j42swfq.cloudfront.net\/2021\/05\/11075428\/ficha-tecnica-24-1536x948.png 1536w, https:\/\/dhg1h5j42swfq.cloudfront.net\/2021\/05\/11075428\/ficha-tecnica-24-610x377.png 610w, https:\/\/dhg1h5j42swfq.cloudfront.net\/2021\/05\/11075428\/ficha-tecnica-24.png 1571w\" sizes=\"auto, (max-width: 275px) 100vw, 275px\" \/><\/figure>\n\n\n\n<h3 class=\"wp-block-heading\" id=\"ficha\">Informa\u00e7\u00f5es dos editais do PSS IBAMA<\/h3>\n\n\n\n<ul class=\"wp-block-list\">\n<li><strong>Vagas<\/strong>: 198<\/li>\n\n\n\n<li><strong>Banca:<\/strong> organiza\u00e7\u00e3o pr\u00f3pria<\/li>\n\n\n\n<li><strong>Cargos<\/strong>: Supervisor de Brigadas, Brigadistas, Chefe de Esquadr\u00e3o e Chefe Brigada. <\/li>\n\n\n\n<li><strong>Requisitos:<\/strong> alfabetizado e m\u00e9dio<\/li>\n\n\n\n<li><strong>Editais:<\/strong> <a href=\"https:\/\/dhg1h5j42swfq.cloudfront.net\/2023\/05\/15105643\/temporarios_ibama_.pdf\" target=\"_blank\" rel=\"noreferrer noopener nofollow\">PSS IBAMA<\/a><\/li>\n<\/ul>\n","protected":false},"excerpt":{"rendered":"<p>O Instituto Brasileiro do Meio Ambiente e dos Recursos Naturais Renov\u00e1veis divulgou novos editais com vagas tempor\u00e1rias para o seu PSS IBAMA. As oportunidades possuem sal\u00e1rios iniciais de at\u00e9 R$ 5,2 mil. S\u00e3o ofertadas 198 vagas para os cargos de Supervisor de Brigadas, Brigadistas, Chefe de Esquadr\u00e3o e Chefe Brigada. A exig\u00eancia \u00e9 que os [&hellip;]<\/p>\n","protected":false},"author":656,"featured_media":951975,"comment_status":"open","ping_status":"closed","sticky":false,"template":"","format":"standard","meta":{"post_tipo":"news","footnotes":""},"categories":[214992,220219],"tags":[],"tax_estado":[219976,219979],"class_list":["post-1216014","post","type-post","status-publish","format-standard","has-post-thumbnail","hentry","category-concursos-administrativos","category-noticias","tax_estado-mt","tax_estado-pe"],"acf":[],"yoast_head":"<!-- This site is optimized with the Yoast SEO Premium plugin v27.2 (Yoast SEO v27.2) - https:\/\/yoast.com\/product\/yoast-seo-premium-wordpress\/ -->\n<title>PSS IBAMA: novos editais com iniciais de at\u00e9 R$ 5,2 mil<\/title>\n<meta name=\"description\" content=\"PSS IBAMA: novos editais com 198 vagas e iniciais de R$ 5,2 mil s\u00e3o publicados. Vagas em diversos cargos. Acesse e saiba mais!\" \/>\n<meta name=\"robots\" content=\"index, follow, max-snippet:-1, max-image-preview:large, max-video-preview:-1\" \/>\n<link rel=\"canonical\" href=\"https:\/\/www.estrategiaconcursos.com.br\/blog\/pss-ibama-editais-publicados\/\" \/>\n<meta property=\"og:locale\" content=\"pt_BR\" \/>\n<meta property=\"og:type\" content=\"article\" \/>\n<meta property=\"og:title\" content=\"PSS IBAMA: novos editais com iniciais de at\u00e9 R$ 5,2 mil\" \/>\n<meta property=\"og:description\" content=\"PSS IBAMA: novos editais com 198 vagas e iniciais de R$ 5,2 mil s\u00e3o publicados. Vagas em diversos cargos. Acesse e saiba mais!\" \/>\n<meta property=\"og:url\" content=\"https:\/\/www.estrategiaconcursos.com.br\/blog\/pss-ibama-editais-publicados\/\" \/>\n<meta property=\"og:site_name\" content=\"Estrat\u00e9gia Concursos\" \/>\n<meta property=\"article:published_time\" content=\"2023-05-15T14:08:25+00:00\" \/>\n<meta property=\"article:modified_time\" content=\"2023-05-15T18:38:08+00:00\" \/>\n<meta property=\"og:image\" content=\"https:\/\/dhg1h5j42swfq.cloudfront.net\/2022\/01\/21150137\/ibama-1.jpg\" \/>\n\t<meta property=\"og:image:width\" content=\"300\" \/>\n\t<meta property=\"og:image:height\" content=\"168\" \/>\n\t<meta property=\"og:image:type\" content=\"image\/jpeg\" \/>\n<meta name=\"author\" content=\"F\u00e1bio Scaldelai\" \/>\n<meta name=\"twitter:card\" content=\"summary_large_image\" \/>\n<meta name=\"twitter:creator\" content=\"@EstratConcursos\" \/>\n<meta name=\"twitter:site\" content=\"@EstratConcursos\" \/>\n<meta name=\"twitter:label1\" content=\"Escrito por\" \/>\n\t<meta name=\"twitter:data1\" content=\"F\u00e1bio Scaldelai\" \/>\n\t<meta name=\"twitter:label2\" content=\"Est. tempo de leitura\" \/>\n\t<meta name=\"twitter:data2\" content=\"3 minutos\" \/>\n<script type=\"application\/ld+json\" class=\"yoast-schema-graph\">{\"@context\":\"https:\/\/schema.org\",\"@graph\":[{\"@type\":\"NewsArticle\",\"@id\":\"https:\/\/www.estrategiaconcursos.com.br\/blog\/pss-ibama-editais-publicados\/#article\",\"isPartOf\":{\"@id\":\"https:\/\/www.estrategiaconcursos.com.br\/blog\/pss-ibama-editais-publicados\/\"},\"author\":{\"name\":\"F\u00e1bio Scaldelai\",\"@id\":\"https:\/\/www.estrategiaconcursos.com.br\/blog\/#\/schema\/person\/e3b6b7ce0192dd4ad270655969d61750\"},\"headline\":\"PSS IBAMA: novos editais com iniciais de at\u00e9 R$ 5,2 mil\",\"datePublished\":\"2023-05-15T14:08:25+00:00\",\"dateModified\":\"2023-05-15T18:38:08+00:00\",\"mainEntityOfPage\":{\"@id\":\"https:\/\/www.estrategiaconcursos.com.br\/blog\/pss-ibama-editais-publicados\/\"},\"wordCount\":539,\"commentCount\":0,\"publisher\":{\"@id\":\"https:\/\/www.estrategiaconcursos.com.br\/blog\/#organization\"},\"image\":{\"@id\":\"https:\/\/www.estrategiaconcursos.com.br\/blog\/pss-ibama-editais-publicados\/#primaryimage\"},\"thumbnailUrl\":\"https:\/\/dhg1h5j42swfq.cloudfront.net\/2022\/01\/21150137\/ibama-1.jpg\",\"articleSection\":[\"Executivo (Administrativa)\",\"\u00daltimas not\u00edcias\"],\"inLanguage\":\"pt-BR\",\"potentialAction\":[{\"@type\":\"CommentAction\",\"name\":\"Comment\",\"target\":[\"https:\/\/www.estrategiaconcursos.com.br\/blog\/pss-ibama-editais-publicados\/#respond\"]}],\"copyrightYear\":\"2023\",\"copyrightHolder\":{\"@id\":\"https:\/\/www.estrategiaconcursos.com.br\/blog\/#organization\"}},{\"@type\":\"WebPage\",\"@id\":\"https:\/\/www.estrategiaconcursos.com.br\/blog\/pss-ibama-editais-publicados\/\",\"url\":\"https:\/\/www.estrategiaconcursos.com.br\/blog\/pss-ibama-editais-publicados\/\",\"name\":\"PSS IBAMA: novos editais com iniciais de at\u00e9 R$ 5,2 mil\",\"isPartOf\":{\"@id\":\"https:\/\/www.estrategiaconcursos.com.br\/blog\/#website\"},\"primaryImageOfPage\":{\"@id\":\"https:\/\/www.estrategiaconcursos.com.br\/blog\/pss-ibama-editais-publicados\/#primaryimage\"},\"image\":{\"@id\":\"https:\/\/www.estrategiaconcursos.com.br\/blog\/pss-ibama-editais-publicados\/#primaryimage\"},\"thumbnailUrl\":\"https:\/\/dhg1h5j42swfq.cloudfront.net\/2022\/01\/21150137\/ibama-1.jpg\",\"datePublished\":\"2023-05-15T14:08:25+00:00\",\"dateModified\":\"2023-05-15T18:38:08+00:00\",\"description\":\"PSS IBAMA: novos editais com 198 vagas e iniciais de R$ 5,2 mil s\u00e3o publicados. Vagas em diversos cargos. Acesse e saiba mais!\",\"breadcrumb\":{\"@id\":\"https:\/\/www.estrategiaconcursos.com.br\/blog\/pss-ibama-editais-publicados\/#breadcrumb\"},\"inLanguage\":\"pt-BR\",\"potentialAction\":[{\"@type\":\"ReadAction\",\"target\":[\"https:\/\/www.estrategiaconcursos.com.br\/blog\/pss-ibama-editais-publicados\/\"]}]},{\"@type\":\"ImageObject\",\"inLanguage\":\"pt-BR\",\"@id\":\"https:\/\/www.estrategiaconcursos.com.br\/blog\/pss-ibama-editais-publicados\/#primaryimage\",\"url\":\"https:\/\/dhg1h5j42swfq.cloudfront.net\/2022\/01\/21150137\/ibama-1.jpg\",\"contentUrl\":\"https:\/\/dhg1h5j42swfq.cloudfront.net\/2022\/01\/21150137\/ibama-1.jpg\",\"width\":300,\"height\":168,\"caption\":\"IBAMA nomea\u00e7\u00f5es\"},{\"@type\":\"BreadcrumbList\",\"@id\":\"https:\/\/www.estrategiaconcursos.com.br\/blog\/pss-ibama-editais-publicados\/#breadcrumb\",\"itemListElement\":[{\"@type\":\"ListItem\",\"position\":1,\"name\":\"In\u00edcio\",\"item\":\"https:\/\/www.estrategiaconcursos.com.br\/blog\/\"},{\"@type\":\"ListItem\",\"position\":2,\"name\":\"PSS IBAMA: novos editais com iniciais de at\u00e9 R$ 5,2 mil\"}]},{\"@type\":\"WebSite\",\"@id\":\"https:\/\/www.estrategiaconcursos.com.br\/blog\/#website\",\"url\":\"https:\/\/www.estrategiaconcursos.com.br\/blog\/\",\"name\":\"Estrat\u00e9gia Concursos\",\"description\":\"O blog da Estrat\u00e9gia Concursos traz not\u00edcias sobre concursos e artigos de professores oferecendo cursos para concursos (pdf + videaulas) no site.\",\"publisher\":{\"@id\":\"https:\/\/www.estrategiaconcursos.com.br\/blog\/#organization\"},\"potentialAction\":[{\"@type\":\"SearchAction\",\"target\":{\"@type\":\"EntryPoint\",\"urlTemplate\":\"https:\/\/www.estrategiaconcursos.com.br\/blog\/?s={search_term_string}\"},\"query-input\":{\"@type\":\"PropertyValueSpecification\",\"valueRequired\":true,\"valueName\":\"search_term_string\"}}],\"inLanguage\":\"pt-BR\"},{\"@type\":\"Organization\",\"@id\":\"https:\/\/www.estrategiaconcursos.com.br\/blog\/#organization\",\"name\":\"Estrat\u00e9gia Concursos\",\"url\":\"https:\/\/www.estrategiaconcursos.com.br\/blog\/\",\"logo\":{\"@type\":\"ImageObject\",\"inLanguage\":\"pt-BR\",\"@id\":\"https:\/\/www.estrategiaconcursos.com.br\/blog\/#\/schema\/logo\/image\/\",\"url\":\"https:\/\/dhg1h5j42swfq.cloudfront.net\/2025\/06\/03203428\/logo_concursos-1.jpg\",\"contentUrl\":\"https:\/\/dhg1h5j42swfq.cloudfront.net\/2025\/06\/03203428\/logo_concursos-1.jpg\",\"width\":230,\"height\":60,\"caption\":\"Estrat\u00e9gia Concursos\"},\"image\":{\"@id\":\"https:\/\/www.estrategiaconcursos.com.br\/blog\/#\/schema\/logo\/image\/\"},\"sameAs\":[\"https:\/\/x.com\/EstratConcursos\"]},{\"@type\":\"Person\",\"@id\":\"https:\/\/www.estrategiaconcursos.com.br\/blog\/#\/schema\/person\/e3b6b7ce0192dd4ad270655969d61750\",\"name\":\"F\u00e1bio Scaldelai\",\"image\":{\"@type\":\"ImageObject\",\"inLanguage\":\"pt-BR\",\"@id\":\"https:\/\/secure.gravatar.com\/avatar\/8ed7492c4d88d8495bc0cb24cda6847b8ae23eec459a919e08e77d0ca0fd79ec?s=96&d=mm&r=g\",\"url\":\"https:\/\/secure.gravatar.com\/avatar\/8ed7492c4d88d8495bc0cb24cda6847b8ae23eec459a919e08e77d0ca0fd79ec?s=96&d=mm&r=g\",\"contentUrl\":\"https:\/\/secure.gravatar.com\/avatar\/8ed7492c4d88d8495bc0cb24cda6847b8ae23eec459a919e08e77d0ca0fd79ec?s=96&d=mm&r=g\",\"caption\":\"F\u00e1bio Scaldelai\"},\"description\":\"Jornalista no Estrat\u00e9gia Concursos e Produtor de Televis\u00e3o, formado em Jornalismo, R\u00e1dio e TV pela Faculdade Integrada Rio Branco, com especializa\u00e7\u00f5es em Gest\u00e3o Empresarial e Marketing pelo M\u00f3dulo. Atuou como produtor no SBT, TV Bandeirantes e R\u00e1dio Band FM, al\u00e9m de acumular tr\u00eas anos de experi\u00eancia no setor de concursos p\u00fablicos pela LFG (Luiz Fl\u00e1vio Gomes). No Estrat\u00e9gia Concursos, atua na apura\u00e7\u00e3o de not\u00edcias da \u00e1rea fiscal, al\u00e9m de coberturas sobre concursos das \u00e1reas de controle (TCU, TCE, etc), concurso AFT, \u00e1rea de gest\u00e3o e administrativa, bem como dos \u00f3rg\u00e3os participantes do CNU. Tamb\u00e9m possui experi\u00eancia em link building e an\u00e1lise de m\u00eddia, adquirida durante sua atua\u00e7\u00e3o na ag\u00eancia SEO Marketing.\",\"url\":\"https:\/\/www.estrategiaconcursos.com.br\/blog\/author\/fabio-scaldelaiestrategiaconcursos-com-br\/\"}]}<\/script>\n<!-- \/ Yoast SEO Premium plugin. -->","yoast_head_json":{"title":"PSS IBAMA: novos editais com iniciais de at\u00e9 R$ 5,2 mil","description":"PSS IBAMA: novos editais com 198 vagas e iniciais de R$ 5,2 mil s\u00e3o publicados. Vagas em diversos cargos. Acesse e saiba mais!","robots":{"index":"index","follow":"follow","max-snippet":"max-snippet:-1","max-image-preview":"max-image-preview:large","max-video-preview":"max-video-preview:-1"},"canonical":"https:\/\/www.estrategiaconcursos.com.br\/blog\/pss-ibama-editais-publicados\/","og_locale":"pt_BR","og_type":"article","og_title":"PSS IBAMA: novos editais com iniciais de at\u00e9 R$ 5,2 mil","og_description":"PSS IBAMA: novos editais com 198 vagas e iniciais de R$ 5,2 mil s\u00e3o publicados. Vagas em diversos cargos. Acesse e saiba mais!","og_url":"https:\/\/www.estrategiaconcursos.com.br\/blog\/pss-ibama-editais-publicados\/","og_site_name":"Estrat\u00e9gia Concursos","article_published_time":"2023-05-15T14:08:25+00:00","article_modified_time":"2023-05-15T18:38:08+00:00","og_image":[{"width":300,"height":168,"url":"https:\/\/dhg1h5j42swfq.cloudfront.net\/2022\/01\/21150137\/ibama-1.jpg","type":"image\/jpeg"}],"author":"F\u00e1bio Scaldelai","twitter_card":"summary_large_image","twitter_creator":"@EstratConcursos","twitter_site":"@EstratConcursos","twitter_misc":{"Escrito por":"F\u00e1bio Scaldelai","Est. tempo de leitura":"3 minutos"},"schema":{"@context":"https:\/\/schema.org","@graph":[{"@type":"NewsArticle","@id":"https:\/\/www.estrategiaconcursos.com.br\/blog\/pss-ibama-editais-publicados\/#article","isPartOf":{"@id":"https:\/\/www.estrategiaconcursos.com.br\/blog\/pss-ibama-editais-publicados\/"},"author":{"name":"F\u00e1bio Scaldelai","@id":"https:\/\/www.estrategiaconcursos.com.br\/blog\/#\/schema\/person\/e3b6b7ce0192dd4ad270655969d61750"},"headline":"PSS IBAMA: novos editais com iniciais de at\u00e9 R$ 5,2 mil","datePublished":"2023-05-15T14:08:25+00:00","dateModified":"2023-05-15T18:38:08+00:00","mainEntityOfPage":{"@id":"https:\/\/www.estrategiaconcursos.com.br\/blog\/pss-ibama-editais-publicados\/"},"wordCount":539,"commentCount":0,"publisher":{"@id":"https:\/\/www.estrategiaconcursos.com.br\/blog\/#organization"},"image":{"@id":"https:\/\/www.estrategiaconcursos.com.br\/blog\/pss-ibama-editais-publicados\/#primaryimage"},"thumbnailUrl":"https:\/\/dhg1h5j42swfq.cloudfront.net\/2022\/01\/21150137\/ibama-1.jpg","articleSection":["Executivo (Administrativa)","\u00daltimas not\u00edcias"],"inLanguage":"pt-BR","potentialAction":[{"@type":"CommentAction","name":"Comment","target":["https:\/\/www.estrategiaconcursos.com.br\/blog\/pss-ibama-editais-publicados\/#respond"]}],"copyrightYear":"2023","copyrightHolder":{"@id":"https:\/\/www.estrategiaconcursos.com.br\/blog\/#organization"}},{"@type":"WebPage","@id":"https:\/\/www.estrategiaconcursos.com.br\/blog\/pss-ibama-editais-publicados\/","url":"https:\/\/www.estrategiaconcursos.com.br\/blog\/pss-ibama-editais-publicados\/","name":"PSS IBAMA: novos editais com iniciais de at\u00e9 R$ 5,2 mil","isPartOf":{"@id":"https:\/\/www.estrategiaconcursos.com.br\/blog\/#website"},"primaryImageOfPage":{"@id":"https:\/\/www.estrategiaconcursos.com.br\/blog\/pss-ibama-editais-publicados\/#primaryimage"},"image":{"@id":"https:\/\/www.estrategiaconcursos.com.br\/blog\/pss-ibama-editais-publicados\/#primaryimage"},"thumbnailUrl":"https:\/\/dhg1h5j42swfq.cloudfront.net\/2022\/01\/21150137\/ibama-1.jpg","datePublished":"2023-05-15T14:08:25+00:00","dateModified":"2023-05-15T18:38:08+00:00","description":"PSS IBAMA: novos editais com 198 vagas e iniciais de R$ 5,2 mil s\u00e3o publicados. Vagas em diversos cargos. Acesse e saiba mais!","breadcrumb":{"@id":"https:\/\/www.estrategiaconcursos.com.br\/blog\/pss-ibama-editais-publicados\/#breadcrumb"},"inLanguage":"pt-BR","potentialAction":[{"@type":"ReadAction","target":["https:\/\/www.estrategiaconcursos.com.br\/blog\/pss-ibama-editais-publicados\/"]}]},{"@type":"ImageObject","inLanguage":"pt-BR","@id":"https:\/\/www.estrategiaconcursos.com.br\/blog\/pss-ibama-editais-publicados\/#primaryimage","url":"https:\/\/dhg1h5j42swfq.cloudfront.net\/2022\/01\/21150137\/ibama-1.jpg","contentUrl":"https:\/\/dhg1h5j42swfq.cloudfront.net\/2022\/01\/21150137\/ibama-1.jpg","width":300,"height":168,"caption":"IBAMA nomea\u00e7\u00f5es"},{"@type":"BreadcrumbList","@id":"https:\/\/www.estrategiaconcursos.com.br\/blog\/pss-ibama-editais-publicados\/#breadcrumb","itemListElement":[{"@type":"ListItem","position":1,"name":"In\u00edcio","item":"https:\/\/www.estrategiaconcursos.com.br\/blog\/"},{"@type":"ListItem","position":2,"name":"PSS IBAMA: novos editais com iniciais de at\u00e9 R$ 5,2 mil"}]},{"@type":"WebSite","@id":"https:\/\/www.estrategiaconcursos.com.br\/blog\/#website","url":"https:\/\/www.estrategiaconcursos.com.br\/blog\/","name":"Estrat\u00e9gia Concursos","description":"O blog da Estrat\u00e9gia Concursos traz not\u00edcias sobre concursos e artigos de professores oferecendo cursos para concursos (pdf + videaulas) no site.","publisher":{"@id":"https:\/\/www.estrategiaconcursos.com.br\/blog\/#organization"},"potentialAction":[{"@type":"SearchAction","target":{"@type":"EntryPoint","urlTemplate":"https:\/\/www.estrategiaconcursos.com.br\/blog\/?s={search_term_string}"},"query-input":{"@type":"PropertyValueSpecification","valueRequired":true,"valueName":"search_term_string"}}],"inLanguage":"pt-BR"},{"@type":"Organization","@id":"https:\/\/www.estrategiaconcursos.com.br\/blog\/#organization","name":"Estrat\u00e9gia Concursos","url":"https:\/\/www.estrategiaconcursos.com.br\/blog\/","logo":{"@type":"ImageObject","inLanguage":"pt-BR","@id":"https:\/\/www.estrategiaconcursos.com.br\/blog\/#\/schema\/logo\/image\/","url":"https:\/\/dhg1h5j42swfq.cloudfront.net\/2025\/06\/03203428\/logo_concursos-1.jpg","contentUrl":"https:\/\/dhg1h5j42swfq.cloudfront.net\/2025\/06\/03203428\/logo_concursos-1.jpg","width":230,"height":60,"caption":"Estrat\u00e9gia Concursos"},"image":{"@id":"https:\/\/www.estrategiaconcursos.com.br\/blog\/#\/schema\/logo\/image\/"},"sameAs":["https:\/\/x.com\/EstratConcursos"]},{"@type":"Person","@id":"https:\/\/www.estrategiaconcursos.com.br\/blog\/#\/schema\/person\/e3b6b7ce0192dd4ad270655969d61750","name":"F\u00e1bio Scaldelai","image":{"@type":"ImageObject","inLanguage":"pt-BR","@id":"https:\/\/secure.gravatar.com\/avatar\/8ed7492c4d88d8495bc0cb24cda6847b8ae23eec459a919e08e77d0ca0fd79ec?s=96&d=mm&r=g","url":"https:\/\/secure.gravatar.com\/avatar\/8ed7492c4d88d8495bc0cb24cda6847b8ae23eec459a919e08e77d0ca0fd79ec?s=96&d=mm&r=g","contentUrl":"https:\/\/secure.gravatar.com\/avatar\/8ed7492c4d88d8495bc0cb24cda6847b8ae23eec459a919e08e77d0ca0fd79ec?s=96&d=mm&r=g","caption":"F\u00e1bio Scaldelai"},"description":"Jornalista no Estrat\u00e9gia Concursos e Produtor de Televis\u00e3o, formado em Jornalismo, R\u00e1dio e TV pela Faculdade Integrada Rio Branco, com especializa\u00e7\u00f5es em Gest\u00e3o Empresarial e Marketing pelo M\u00f3dulo. Atuou como produtor no SBT, TV Bandeirantes e R\u00e1dio Band FM, al\u00e9m de acumular tr\u00eas anos de experi\u00eancia no setor de concursos p\u00fablicos pela LFG (Luiz Fl\u00e1vio Gomes). No Estrat\u00e9gia Concursos, atua na apura\u00e7\u00e3o de not\u00edcias da \u00e1rea fiscal, al\u00e9m de coberturas sobre concursos das \u00e1reas de controle (TCU, TCE, etc), concurso AFT, \u00e1rea de gest\u00e3o e administrativa, bem como dos \u00f3rg\u00e3os participantes do CNU. Tamb\u00e9m possui experi\u00eancia em link building e an\u00e1lise de m\u00eddia, adquirida durante sua atua\u00e7\u00e3o na ag\u00eancia SEO Marketing.","url":"https:\/\/www.estrategiaconcursos.com.br\/blog\/author\/fabio-scaldelaiestrategiaconcursos-com-br\/"}]}},"_links":{"self":[{"href":"https:\/\/www.estrategiaconcursos.com.br\/blog\/wp-json\/wp\/v2\/posts\/1216014","targetHints":{"allow":["GET"]}}],"collection":[{"href":"https:\/\/www.estrategiaconcursos.com.br\/blog\/wp-json\/wp\/v2\/posts"}],"about":[{"href":"https:\/\/www.estrategiaconcursos.com.br\/blog\/wp-json\/wp\/v2\/types\/post"}],"author":[{"embeddable":true,"href":"https:\/\/www.estrategiaconcursos.com.br\/blog\/wp-json\/wp\/v2\/users\/656"}],"replies":[{"embeddable":true,"href":"https:\/\/www.estrategiaconcursos.com.br\/blog\/wp-json\/wp\/v2\/comments?post=1216014"}],"version-history":[{"count":11,"href":"https:\/\/www.estrategiaconcursos.com.br\/blog\/wp-json\/wp\/v2\/posts\/1216014\/revisions"}],"predecessor-version":[{"id":1216246,"href":"https:\/\/www.estrategiaconcursos.com.br\/blog\/wp-json\/wp\/v2\/posts\/1216014\/revisions\/1216246"}],"wp:featuredmedia":[{"embeddable":true,"href":"https:\/\/www.estrategiaconcursos.com.br\/blog\/wp-json\/wp\/v2\/media\/951975"}],"wp:attachment":[{"href":"https:\/\/www.estrategiaconcursos.com.br\/blog\/wp-json\/wp\/v2\/media?parent=1216014"}],"wp:term":[{"taxonomy":"category","embeddable":true,"href":"https:\/\/www.estrategiaconcursos.com.br\/blog\/wp-json\/wp\/v2\/categories?post=1216014"},{"taxonomy":"post_tag","embeddable":true,"href":"https:\/\/www.estrategiaconcursos.com.br\/blog\/wp-json\/wp\/v2\/tags?post=1216014"},{"taxonomy":"tax_estado","embeddable":true,"href":"https:\/\/www.estrategiaconcursos.com.br\/blog\/wp-json\/wp\/v2\/tax_estado?post=1216014"}],"curies":[{"name":"wp","href":"https:\/\/api.w.org\/{rel}","templated":true}]}}