{"id":1215403,"date":"2023-05-15T09:00:00","date_gmt":"2023-05-15T12:00:00","guid":{"rendered":"https:\/\/www.estrategiaconcursos.com.br\/blog\/?p=1215403"},"modified":"2023-06-02T16:00:29","modified_gmt":"2023-06-02T19:00:29","slug":"carta-aos-assinantes-133","status":"publish","type":"post","link":"https:\/\/www.estrategiaconcursos.com.br\/blog\/carta-aos-assinantes-133\/","title":{"rendered":"Carta aos Assinantes do Estrat\u00e9gia Concursos &#8211; 133"},"content":{"rendered":"\n<p class=\"has-text-align-right has-luminous-vivid-amber-background-color has-background\"><em>Confira, em nossa <strong>cent\u00e9sima<\/strong> <strong>trig\u00e9sima<\/strong> <strong>terceira<\/strong> carta aos assinantes, a nossa programa\u00e7\u00e3o semanal, as novidades do nosso Sistema de Quest\u00f5es e as principais movimenta\u00e7\u00f5es de concursos.<\/em><\/p>\n\n\n\n<p>Ol\u00e1, pessoal. Tudo bem?<\/p>\n\n\n\n<p>Aqui \u00e9 o<strong> Prof. Diego Cerqueira <\/strong>em nossa <strong><mark style=\"background-color:rgba(0, 0, 0, 0)\" class=\"has-inline-color has-vivid-purple-color\">cent\u00e9sima trig\u00e9sima terceira carta aos Assinantes<\/mark><\/strong> do Estrat\u00e9gia Concursos.<\/p>\n\n\n\n<p>Gostaria de iniciar essa carta falando aos concurseiros da <strong><mark style=\"background-color:rgba(0, 0, 0, 0)\" class=\"has-inline-color has-vivid-purple-color\">\u00e1rea Fiscal<\/mark><\/strong>. Nessa semana, foi publicado o edital do concurso <strong><a href=\"https:\/\/www.estrategiaconcursos.com.br\/blog\/concurso-iss-rj\/\" target=\"_blank\" rel=\"noreferrer noopener\">ISS Rio<\/a><\/strong>, com 18 vagas para <strong><a href=\"https:\/\/www.estrategiaconcursos.com.br\/curso\/iss-rj-analista-de-planejamento-e-orcamento-apo-pacote-2023-pos-edital\/\" target=\"_blank\" rel=\"noreferrer noopener\">Analista de Planejamento e Or\u00e7amento<\/a><\/strong>, cujo sal\u00e1rio inicial \u00e9 de <strong><mark style=\"background-color:rgba(0, 0, 0, 0)\" class=\"has-inline-color has-vivid-purple-color\">R$ 12.542,03<\/mark><\/strong>. As inscri\u00e7\u00f5es ficar\u00e3o abertas at\u00e9 12 de junho. Outro fisco municipal que pode ter o edital publicado em breve \u00e9 o <a href=\"https:\/\/www.estrategiaconcursos.com.br\/blog\/concurso-iss-sp\/\" target=\"_blank\" rel=\"noreferrer noopener\"><strong>ISS S\u00e3o Paulo<\/strong><\/a>. A Vunesp foi definida como banca organizadora. <\/p>\n\n\n\n<p>Al\u00e9m disso, as provas da <strong><mark style=\"background-color:rgba(0, 0, 0, 0)\" class=\"has-inline-color has-vivid-purple-color\">SEFAZ MT<\/mark><\/strong> se aproximam, por isso vale conferir o artigo que nossa equipe preparou sobre a <strong><mark style=\"background-color:rgba(0, 0, 0, 0)\" class=\"has-inline-color has-vivid-purple-color\">Legisla\u00e7\u00e3o Tribut\u00e1ria Estadual (LTE)<\/mark><\/strong>. Essa disciplina, sem d\u00favidas, ter\u00e1 um peso importante na sua prova. Confira <strong><a href=\"https:\/\/www.estrategiaconcursos.com.br\/blog\/apostas-lte-sefaz-mt\/\" target=\"_blank\" rel=\"noreferrer noopener\">AQUI<\/a><\/strong>!<\/p>\n\n\n\n<p>Se voc\u00ea vai realizar a prova do <strong><a href=\"https:\/\/www.estrategiaconcursos.com.br\/blog\/concurso-tj-rn\/\" target=\"_blank\" rel=\"noreferrer noopener\">concurso TJ RN<\/a><\/strong>, n\u00e3o pode deixar de conferir o artigo sobre <strong><mark style=\"background-color:rgba(0, 0, 0, 0)\" class=\"has-inline-color has-vivid-purple-color\">Poderes Administrativos<\/mark><\/strong>. Esse assunto tem grande relev\u00e2ncia no Direito Administrativo e \u00e9 muito cobrado em provas da banca FGV. Veja <strong><a href=\"https:\/\/www.estrategiaconcursos.com.br\/blog\/poderes-administrativos-tjrn\/\" target=\"_blank\" rel=\"noreferrer noopener\">AQUI<\/a><\/strong>!<\/p>\n\n\n\n<p>J\u00e1 iniciou sua prepara\u00e7\u00e3o para carreira de <strong><mark style=\"background-color:rgba(0, 0, 0, 0)\" class=\"has-inline-color has-vivid-purple-color\">EPPGG<\/mark><\/strong>? Ainda n\u00e3o? A expectativa \u00e9 de que o novo<strong> concurso de <a href=\"https:\/\/www.estrategiaconcursos.com.br\/blog\/concurso-eppgg\/\" target=\"_blank\" rel=\"noreferrer noopener\">Especialista em Pol\u00edticas P\u00fablicas e Gest\u00e3o Governamental<\/a><\/strong> seja autorizado ainda em 2023. Por isso \u00e9 fundamental iniciar a prepara\u00e7\u00e3o agora mesmo. O Estrat\u00e9gia Concursos lan\u00e7ou a Trilha Estrat\u00e9gia Pr\u00e9-edital. Saiba mais <strong><a href=\"https:\/\/www.estrategiaconcursos.com.br\/blog\/lancamento-da-trilha-estrategica-para-o-ministerio-da-economia-eppgg\/\" target=\"_blank\" rel=\"noreferrer noopener\">AQUI<\/a>!<\/strong><\/p>\n\n\n\n<h2 class=\"wp-block-heading\" id=\"h-sistema-de-questoes-do-estrategia\">Sistema de Quest\u00f5es do Estrat\u00e9gia<\/h2>\n\n\n\n<p>Na \u00faltima semana a nossa equipe do Sistema de Quest\u00f5es <strong>criou<\/strong> os seguintes <strong>Cadernos de Apostas de LTE<\/strong>:<\/p>\n\n\n\n<ul class=\"wp-block-list\">\n<li>Secretaria da Fazenda de Mato Grosso (<a href=\"https:\/\/www.estrategiaconcursos.com.br\/blog\/apostas-lte-sefaz-mt\/\" target=\"_blank\" rel=\"noreferrer noopener\">Clique aqui!<\/a>)<\/li>\n<\/ul>\n\n\n\n<p>E <strong>criados<\/strong> os seguintes&nbsp;<strong>Cadernos de Provas Anteriores<\/strong>:<\/p>\n\n\n\n<ul class=\"wp-block-list\">\n<li>Tribunal de Justi\u00e7a do Rio Grande do Norte (<a href=\"https:\/\/www.estrategiaconcursos.com.br\/blog\/cadernos-das-provas-da-banca-fgv-para-o-concurso-tj-rn\/\" target=\"_blank\" rel=\"noreferrer noopener\">Clique aqui!<\/a>)<\/li>\n\n\n\n<li>Banco do Brasil Tecnologia (<a href=\"https:\/\/www.estrategiaconcursos.com.br\/blog\/cadernos-ultimas-provas-bancarias-concurso-bbts\/\" target=\"_blank\" rel=\"noreferrer noopener\">Clique aqui!<\/a>)<\/li>\n<\/ul>\n\n\n\n<p>Al\u00e9m disso, foram <strong>atualizados<\/strong> os seguintes <strong>Cadernos de Quest\u00f5es In\u00e9ditas<\/strong>:<\/p>\n\n\n\n<ul class=\"wp-block-list\">\n<li>Secretaria da Fazenda de Mato Grosso (<a href=\"https:\/\/www.estrategiaconcursos.com.br\/blog\/questoes-ineditas-sefaz-mt\/\" target=\"_blank\" rel=\"noreferrer noopener\">Clique aqui!<\/a>)<\/li>\n\n\n\n<li>Secretaria de Finan\u00e7as do Rio de Janeiro (<a href=\"https:\/\/www.estrategiaconcursos.com.br\/blog\/questoes-ineditas-iss-rj\/\" target=\"_blank\" rel=\"noreferrer noopener\">Clique aqui!<\/a>)<\/li>\n\n\n\n<li>Secretaria de Finan\u00e7as de Fortaleza (<a href=\"https:\/\/www.estrategiaconcursos.com.br\/blog\/cadernos-de-questoes-iss-fortaleza-atm\/\" target=\"_blank\" rel=\"noreferrer noopener\">Clique aqui!<\/a>)<\/li>\n\n\n\n<li>Atualidades em Quest\u00f5es (<a href=\"https:\/\/www.estrategiaconcursos.com.br\/blog\/atualidades-em-questoes-2\/\" target=\"_blank\" rel=\"noreferrer noopener\">Clique aqui!<\/a>)<\/li>\n<\/ul>\n\n\n\n<h2 class=\"wp-block-heading\" id=\"h-agora-vamos-ver-as-principais-movimentacoes-de-concursos-da-ultima-semana\">Agora, vamos ver as principais movimenta\u00e7\u00f5es de concursos da \u00faltima semana?<\/h2>\n\n\n\n<ul class=\"wp-block-list\">\n<li><a href=\"https:\/\/www.estrategiaconcursos.com.br\/blog\/concurso-pf-administrativo\/\" target=\"_blank\" rel=\"noreferrer noopener\"><strong>PF Administrativo<\/strong><\/a>: Foi encaminhado um <strong><mark style=\"background-color:rgba(0, 0, 0, 0)\" class=\"has-inline-color has-vivid-purple-color\">novo pedido de autoriza\u00e7\u00e3o<\/mark><\/strong> que visa \u00e0 realiza\u00e7\u00e3o do concurso para a <strong><mark style=\"background-color:rgba(0, 0, 0, 0)\" class=\"has-inline-color has-vivid-purple-color\">\u00e1rea administrativa<\/mark><\/strong> da Pol\u00edcia Federal (PF Administrativo). S\u00e3o solicitadas <strong><mark style=\"background-color:rgba(0, 0, 0, 0)\" class=\"has-inline-color has-vivid-purple-color\">734 vagas<\/mark><\/strong> imediatas para o n\u00edvel m\u00e9dio (559 vagas) e cargos de n\u00edvel superior (175 vagas). Os sal\u00e1rios variam de <strong><mark style=\"background-color:rgba(0, 0, 0, 0)\" class=\"has-inline-color has-vivid-purple-color\">R$ 5.609,28 a R$ 8.932,39<\/mark><\/strong> (ap\u00f3s reajuste).<\/li>\n\n\n\n<li><a href=\"https:\/\/www.estrategiaconcursos.com.br\/blog\/concurso-pm-sc\/\" target=\"_blank\" rel=\"noreferrer noopener\"><strong>PM SC<\/strong><\/a>: Foi publicado o edital do concurso PM SC com<mark style=\"background-color:rgba(0, 0, 0, 0)\" class=\"has-inline-color has-vivid-purple-color\"> <strong>550 vagas<\/strong><\/mark>. As oportunidades s\u00e3o para <strong><mark style=\"background-color:rgba(0, 0, 0, 0)\" class=\"has-inline-color has-vivid-purple-color\">Soldado<\/mark><\/strong> e <strong><mark style=\"background-color:rgba(0, 0, 0, 0)\" class=\"has-inline-color has-vivid-purple-color\">Oficial<\/mark><\/strong>, exigindo n\u00edvel superior e <strong>n\u00e3o<\/strong> ter completado a idade m\u00e1xima de 30 anos. Os sal\u00e1rios variam de <strong><mark style=\"background-color:rgba(0, 0, 0, 0)\" class=\"has-inline-color has-vivid-purple-color\">R$ 6.000,00 a R$ 16.306,00<\/mark><\/strong>. Os interessados podem realizar as inscri\u00e7\u00f5es a partir do dia 19 de maio, por meio do site da banca Cebraspe. A aplica\u00e7\u00e3o das provas \u00e9 prevista nas datas de 13, 20 e 27 de agosto.<\/li>\n\n\n\n<li><strong><a href=\"https:\/\/www.estrategiaconcursos.com.br\/blog\/concurso-see-sp\/\" target=\"_blank\" rel=\"noreferrer noopener\">SEE SP<\/a><\/strong>: A Secretaria de Educa\u00e7\u00e3o do Estado de S\u00e3o Paulo finalmente publicou o edital novo concurso SEE SP com a oferta de 15 mil vagas para provimento nas carreiras de professores de n\u00edveis fundamental e m\u00e9dio! O edital est\u00e1 sob responsabilidade da banca Vunesp, e os interessados poder\u00e3o se inscrever no site da organizadora entre os dias 15 de maio e 12 de junho de 2023, ao custo de R$ 40,00 para uma disciplina, e R$ 60,00 para duas.<\/li>\n\n\n\n<li><a href=\"https:\/\/www.estrategiaconcursos.com.br\/blog\/concurso-tj-rs\/\" target=\"_blank\" rel=\"noreferrer noopener\"><strong>TJ RS<\/strong><\/a>: Foi publicado um novo&nbsp;edital para o Tribunal de Justi\u00e7a do Rio Grande do Sul! &nbsp;Conforme o documento, o \u00f3rg\u00e3o oferece&nbsp;<strong><mark style=\"background-color:rgba(0, 0, 0, 0)\" class=\"has-inline-color has-vivid-purple-color\">26 vagas<\/mark><\/strong>&nbsp;distribu\u00eddas entre os cargos de n\u00edveis m\u00e9dio e superior na \u00e1rea de tecnologia, com sal\u00e1rios iniciais que variam de&nbsp;<strong><mark style=\"background-color:rgba(0, 0, 0, 0)\" class=\"has-inline-color has-vivid-purple-color\">R$ 4.995,33 a R$ 10.257,56<\/mark><\/strong>. Os interessados em participar da sele\u00e7\u00e3o devem realizar as inscri\u00e7\u00f5es no per\u00edodo de e 16 de maio a 14 de junho 2023, no site da banca organizadora, VUNESP.<\/li>\n\n\n\n<li><strong><a href=\"https:\/\/www.estrategiaconcursos.com.br\/blog\/concurso-tj-go\/\" target=\"_blank\" rel=\"noreferrer noopener\">TJ GO<\/a><\/strong>: O presidente do Tribunal de Justi\u00e7a de Goi\u00e1s, Carlos Fran\u00e7a, anunciou a abertura de um novo edital TJ GO. Ser\u00e3o ofertadas <strong><mark style=\"background-color:rgba(0, 0, 0, 0)\" class=\"has-inline-color has-vivid-purple-color\">12 vagas<\/mark><\/strong> para o cargo de<strong><mark style=\"background-color:rgba(0, 0, 0, 0)\" class=\"has-inline-color has-vivid-purple-color\"> Analista Judici\u00e1rio<\/mark><\/strong> \u2013 <strong><mark style=\"background-color:rgba(0, 0, 0, 0)\" class=\"has-inline-color has-vivid-purple-color\">Oficial de Justi\u00e7a<\/mark><\/strong> e <strong><mark style=\"background-color:rgba(0, 0, 0, 0)\" class=\"has-inline-color has-vivid-purple-color\">3<\/mark><\/strong> para <strong><mark style=\"background-color:rgba(0, 0, 0, 0)\" class=\"has-inline-color has-vivid-purple-color\">Analista Judici\u00e1rio<\/mark><\/strong> \u2013 <strong><mark style=\"background-color:rgba(0, 0, 0, 0)\" class=\"has-inline-color has-vivid-purple-color\">Contador<\/mark><\/strong>, al\u00e9m da forma\u00e7\u00e3o de cadastro reserva. A expectativa \u00e9 de que o edital saia ainda em 2023.<\/li>\n\n\n\n<li><strong><a href=\"https:\/\/www.estrategiaconcursos.com.br\/blog\/concurso-mp-ro\/\" target=\"_blank\" rel=\"noreferrer noopener\">MP RO<\/a><\/strong>: foi publicado o <strong><mark style=\"background-color:rgba(0, 0, 0, 0)\" class=\"has-inline-color has-vivid-purple-color\">termo aditivo do contrato<\/mark><\/strong> entre o MP RO e o Cebraspe que detalha o n\u00famero de vagas e os cargos a serem ofertados. Ser\u00e3o, ao todo, <strong><mark style=\"background-color:rgba(0, 0, 0, 0)\" class=\"has-inline-color has-vivid-purple-color\">432 vagas<\/mark><\/strong>, sendo 12 imediatas e 420 para forma\u00e7\u00e3o de cadastro de reserva.<\/li>\n\n\n\n<li><strong><a href=\"https:\/\/www.estrategiaconcursos.com.br\/blog\/concurso-emprel\/\" target=\"_blank\" rel=\"noreferrer noopener\">EMPREL<\/a>: <\/strong>foi publicado o edital do concurso p\u00fablico da Empresa Municipal de Inform\u00e1tica de Recife (Emprel). O documento oferta <strong><mark style=\"background-color:rgba(0, 0, 0, 0)\" class=\"has-inline-color has-vivid-purple-color\">30 vagas<\/mark><\/strong> mais forma\u00e7\u00e3o de cadastro reserva para os cargos de Analista de Infraestrutura e Suporte e Analista de Sistemas. Os sal\u00e1rios iniciais s\u00e3o de <strong><mark style=\"background-color:rgba(0, 0, 0, 0)\" class=\"has-inline-color has-vivid-purple-color\">R$ 6.200,00<\/mark><\/strong>, para uma jornada de 40 horas semanais. Aqueles interessados em participar devem se inscrever entre os dias <strong><mark style=\"background-color:rgba(0, 0, 0, 0)\" class=\"has-inline-color has-vivid-purple-color\">16 de maio e 14 de junho<\/mark><\/strong>, diretamente pelo site da banca Cebraspe, ao custo de R$ 120,00. J\u00e1 as provas objetivas, de car\u00e1ter eliminat\u00f3rio e classificat\u00f3rio, ser\u00e3o aplicadas no dia 06 de agosto.<\/li>\n\n\n\n<li><strong><a href=\"https:\/\/www.estrategiaconcursos.com.br\/blog\/concurso-cge-al\/\" target=\"_blank\" rel=\"noreferrer noopener\">CGE AL<\/a>:<\/strong> Foi publicada no Di\u00e1rio Oficial de Alagoas a portaria que estabelece um <strong><mark style=\"background-color:rgba(0, 0, 0, 0)\" class=\"has-inline-color has-vivid-purple-color\">grupo de trabalho<\/mark><\/strong> para o <strong><mark style=\"background-color:rgba(0, 0, 0, 0)\" class=\"has-inline-color has-vivid-purple-color\">primeiro concurso p\u00fablico da Controladoria Geral do Estado<\/mark><\/strong> (CGE AL). De acordo com o documento, o grupo ter\u00e1 como finalidade a promo\u00e7\u00e3o de estudos e debates no sentido de verificar a viabilidade do certame para provimento de vagas no quadro geral do \u00f3rg\u00e3o. Vale frisar que o <strong><mark style=\"background-color:rgba(0, 0, 0, 0)\" class=\"has-inline-color has-vivid-purple-color\">quantitativo de vagas e cargos<\/mark><\/strong> que ser\u00e3o contemplados no certame <strong><mark style=\"background-color:rgba(0, 0, 0, 0)\" class=\"has-inline-color has-vivid-purple-color\">ainda n\u00e3o foram divulgados<\/mark><\/strong>, uma vez que estudos ainda ser\u00e3o realizados para definir tais quest\u00f5es. A comiss\u00e3o dever\u00e1 estabelecer o cronograma de trabalho, de forma que o Relat\u00f3rio Final seja apresentado ao Governador em at\u00e9 90 dias, ou seja, at\u00e9 agosto. Se necess\u00e1rio, esse prazo poder\u00e1 ser prorrogado.<\/li>\n<\/ul>\n\n\n\n<p>Desejo a todos uma excelente semana de estudos!<\/p>\n\n\n\n<p>Abra\u00e7os,<\/p>\n\n\n\n<p><strong>Prof. Diego Cerqueira<\/strong><\/p>\n","protected":false},"excerpt":{"rendered":"<p>Confira, em nossa cent\u00e9sima trig\u00e9sima terceira carta aos assinantes, a nossa programa\u00e7\u00e3o semanal, as novidades do nosso Sistema de Quest\u00f5es e as principais movimenta\u00e7\u00f5es de concursos. Ol\u00e1, pessoal. Tudo bem? Aqui \u00e9 o Prof. Diego Cerqueira em nossa cent\u00e9sima trig\u00e9sima terceira carta aos Assinantes do Estrat\u00e9gia Concursos. Gostaria de iniciar essa carta falando aos concurseiros [&hellip;]<\/p>\n","protected":false},"author":1,"featured_media":1208734,"comment_status":"open","ping_status":"closed","sticky":false,"template":"","format":"standard","meta":{"post_tipo":"article","footnotes":""},"categories":[1,220219],"tags":[],"tax_estado":[219964,219965,219966,219967,219968,219969,219963,219970,219971,219972,219973,219974,219975,219976,219977,219978,219979,219980,219981,219982,219983,219984,219985,219986,219987,219988,219989,219990],"class_list":["post-1215403","post","type-post","status-publish","format-standard","has-post-thumbnail","hentry","category-cursos-e-concursos","category-noticias","tax_estado-ac","tax_estado-al","tax_estado-am","tax_estado-ap","tax_estado-ba","tax_estado-ce","tax_estado-concursos-federais","tax_estado-df","tax_estado-es","tax_estado-go","tax_estado-ma","tax_estado-mg","tax_estado-ms","tax_estado-mt","tax_estado-pa","tax_estado-pb","tax_estado-pe","tax_estado-pi","tax_estado-pr","tax_estado-rj","tax_estado-rn","tax_estado-ro","tax_estado-rr","tax_estado-rs","tax_estado-sc","tax_estado-se","tax_estado-sp","tax_estado-to"],"acf":[],"yoast_head":"<!-- This site is optimized with the Yoast SEO Premium plugin v27.2 (Yoast SEO v27.2) - https:\/\/yoast.com\/product\/yoast-seo-premium-wordpress\/ -->\n<title>Carta aos Assinantes do Estrat\u00e9gia Concursos - 133<\/title>\n<meta name=\"description\" content=\"Confira, em nossa 133\u00aa carta aos assinantes, a nossa programa\u00e7\u00e3o semanal, novidades do nosso SQ e principais movimenta\u00e7\u00f5es de concursos.\" \/>\n<meta name=\"robots\" content=\"index, follow, max-snippet:-1, max-image-preview:large, max-video-preview:-1\" \/>\n<link rel=\"canonical\" href=\"https:\/\/www.estrategiaconcursos.com.br\/blog\/carta-aos-assinantes-133\/\" \/>\n<meta property=\"og:locale\" content=\"pt_BR\" \/>\n<meta property=\"og:type\" content=\"article\" \/>\n<meta property=\"og:title\" content=\"Carta aos Assinantes do Estrat\u00e9gia Concursos - 133\" \/>\n<meta property=\"og:description\" content=\"Confira, em nossa 133\u00aa carta aos assinantes, a nossa programa\u00e7\u00e3o semanal, novidades do nosso SQ e principais movimenta\u00e7\u00f5es de concursos.\" \/>\n<meta property=\"og:url\" content=\"https:\/\/www.estrategiaconcursos.com.br\/blog\/carta-aos-assinantes-133\/\" \/>\n<meta property=\"og:site_name\" content=\"Estrat\u00e9gia Concursos\" \/>\n<meta property=\"article:author\" content=\"https:\/\/www.facebook.com\/EstrategiaConcursos\" \/>\n<meta property=\"article:published_time\" content=\"2023-05-15T12:00:00+00:00\" \/>\n<meta property=\"article:modified_time\" content=\"2023-06-02T19:00:29+00:00\" \/>\n<meta property=\"og:image\" content=\"https:\/\/dhg1h5j42swfq.cloudfront.net\/2023\/04\/28161224\/carta-aos-assinantes.jpg\" \/>\n\t<meta property=\"og:image:width\" content=\"300\" \/>\n\t<meta property=\"og:image:height\" content=\"168\" \/>\n\t<meta property=\"og:image:type\" content=\"image\/jpeg\" \/>\n<meta name=\"author\" content=\"Coordena\u00e7\u00e3o\" \/>\n<meta name=\"twitter:card\" content=\"summary_large_image\" \/>\n<meta name=\"twitter:creator\" content=\"@EstratConcursos\" \/>\n<meta name=\"twitter:site\" content=\"@EstratConcursos\" \/>\n<meta name=\"twitter:label1\" content=\"Escrito por\" \/>\n\t<meta name=\"twitter:data1\" content=\"Coordena\u00e7\u00e3o\" \/>\n\t<meta name=\"twitter:label2\" content=\"Est. tempo de leitura\" \/>\n\t<meta name=\"twitter:data2\" content=\"5 minutos\" \/>\n<script type=\"application\/ld+json\" class=\"yoast-schema-graph\">{\"@context\":\"https:\/\/schema.org\",\"@graph\":[{\"@type\":\"NewsArticle\",\"@id\":\"https:\/\/www.estrategiaconcursos.com.br\/blog\/carta-aos-assinantes-133\/#article\",\"isPartOf\":{\"@id\":\"https:\/\/www.estrategiaconcursos.com.br\/blog\/carta-aos-assinantes-133\/\"},\"author\":{\"name\":\"Coordena\u00e7\u00e3o\",\"@id\":\"https:\/\/www.estrategiaconcursos.com.br\/blog\/#\/schema\/person\/b4a388c97673c5f483d72185668afa1f\"},\"headline\":\"Carta aos Assinantes do Estrat\u00e9gia Concursos &#8211; 133\",\"datePublished\":\"2023-05-15T12:00:00+00:00\",\"dateModified\":\"2023-06-02T19:00:29+00:00\",\"mainEntityOfPage\":{\"@id\":\"https:\/\/www.estrategiaconcursos.com.br\/blog\/carta-aos-assinantes-133\/\"},\"wordCount\":1034,\"commentCount\":0,\"publisher\":{\"@id\":\"https:\/\/www.estrategiaconcursos.com.br\/blog\/#organization\"},\"image\":{\"@id\":\"https:\/\/www.estrategiaconcursos.com.br\/blog\/carta-aos-assinantes-133\/#primaryimage\"},\"thumbnailUrl\":\"https:\/\/dhg1h5j42swfq.cloudfront.net\/2023\/04\/28161224\/carta-aos-assinantes.jpg\",\"articleSection\":[\"Concursos P\u00fablicos\",\"\u00daltimas not\u00edcias\"],\"inLanguage\":\"pt-BR\",\"potentialAction\":[{\"@type\":\"CommentAction\",\"name\":\"Comment\",\"target\":[\"https:\/\/www.estrategiaconcursos.com.br\/blog\/carta-aos-assinantes-133\/#respond\"]}],\"copyrightYear\":\"2023\",\"copyrightHolder\":{\"@id\":\"https:\/\/www.estrategiaconcursos.com.br\/blog\/#organization\"}},{\"@type\":\"WebPage\",\"@id\":\"https:\/\/www.estrategiaconcursos.com.br\/blog\/carta-aos-assinantes-133\/\",\"url\":\"https:\/\/www.estrategiaconcursos.com.br\/blog\/carta-aos-assinantes-133\/\",\"name\":\"Carta aos Assinantes do Estrat\u00e9gia Concursos - 133\",\"isPartOf\":{\"@id\":\"https:\/\/www.estrategiaconcursos.com.br\/blog\/#website\"},\"primaryImageOfPage\":{\"@id\":\"https:\/\/www.estrategiaconcursos.com.br\/blog\/carta-aos-assinantes-133\/#primaryimage\"},\"image\":{\"@id\":\"https:\/\/www.estrategiaconcursos.com.br\/blog\/carta-aos-assinantes-133\/#primaryimage\"},\"thumbnailUrl\":\"https:\/\/dhg1h5j42swfq.cloudfront.net\/2023\/04\/28161224\/carta-aos-assinantes.jpg\",\"datePublished\":\"2023-05-15T12:00:00+00:00\",\"dateModified\":\"2023-06-02T19:00:29+00:00\",\"description\":\"Confira, em nossa 133\u00aa carta aos assinantes, a nossa programa\u00e7\u00e3o semanal, novidades do nosso SQ e principais movimenta\u00e7\u00f5es de concursos.\",\"breadcrumb\":{\"@id\":\"https:\/\/www.estrategiaconcursos.com.br\/blog\/carta-aos-assinantes-133\/#breadcrumb\"},\"inLanguage\":\"pt-BR\",\"potentialAction\":[{\"@type\":\"ReadAction\",\"target\":[\"https:\/\/www.estrategiaconcursos.com.br\/blog\/carta-aos-assinantes-133\/\"]}]},{\"@type\":\"ImageObject\",\"inLanguage\":\"pt-BR\",\"@id\":\"https:\/\/www.estrategiaconcursos.com.br\/blog\/carta-aos-assinantes-133\/#primaryimage\",\"url\":\"https:\/\/dhg1h5j42swfq.cloudfront.net\/2023\/04\/28161224\/carta-aos-assinantes.jpg\",\"contentUrl\":\"https:\/\/dhg1h5j42swfq.cloudfront.net\/2023\/04\/28161224\/carta-aos-assinantes.jpg\",\"width\":300,\"height\":168,\"caption\":\"carta aos assinantes\"},{\"@type\":\"BreadcrumbList\",\"@id\":\"https:\/\/www.estrategiaconcursos.com.br\/blog\/carta-aos-assinantes-133\/#breadcrumb\",\"itemListElement\":[{\"@type\":\"ListItem\",\"position\":1,\"name\":\"In\u00edcio\",\"item\":\"https:\/\/www.estrategiaconcursos.com.br\/blog\/\"},{\"@type\":\"ListItem\",\"position\":2,\"name\":\"Carta aos Assinantes do Estrat\u00e9gia Concursos &#8211; 133\"}]},{\"@type\":\"WebSite\",\"@id\":\"https:\/\/www.estrategiaconcursos.com.br\/blog\/#website\",\"url\":\"https:\/\/www.estrategiaconcursos.com.br\/blog\/\",\"name\":\"Estrat\u00e9gia Concursos\",\"description\":\"O blog da Estrat\u00e9gia Concursos traz not\u00edcias sobre concursos e artigos de professores oferecendo cursos para concursos (pdf + videaulas) no site.\",\"publisher\":{\"@id\":\"https:\/\/www.estrategiaconcursos.com.br\/blog\/#organization\"},\"potentialAction\":[{\"@type\":\"SearchAction\",\"target\":{\"@type\":\"EntryPoint\",\"urlTemplate\":\"https:\/\/www.estrategiaconcursos.com.br\/blog\/?s={search_term_string}\"},\"query-input\":{\"@type\":\"PropertyValueSpecification\",\"valueRequired\":true,\"valueName\":\"search_term_string\"}}],\"inLanguage\":\"pt-BR\"},{\"@type\":\"Organization\",\"@id\":\"https:\/\/www.estrategiaconcursos.com.br\/blog\/#organization\",\"name\":\"Estrat\u00e9gia Concursos\",\"url\":\"https:\/\/www.estrategiaconcursos.com.br\/blog\/\",\"logo\":{\"@type\":\"ImageObject\",\"inLanguage\":\"pt-BR\",\"@id\":\"https:\/\/www.estrategiaconcursos.com.br\/blog\/#\/schema\/logo\/image\/\",\"url\":\"https:\/\/dhg1h5j42swfq.cloudfront.net\/2025\/06\/03203428\/logo_concursos-1.jpg\",\"contentUrl\":\"https:\/\/dhg1h5j42swfq.cloudfront.net\/2025\/06\/03203428\/logo_concursos-1.jpg\",\"width\":230,\"height\":60,\"caption\":\"Estrat\u00e9gia Concursos\"},\"image\":{\"@id\":\"https:\/\/www.estrategiaconcursos.com.br\/blog\/#\/schema\/logo\/image\/\"},\"sameAs\":[\"https:\/\/x.com\/EstratConcursos\"]},{\"@type\":\"Person\",\"@id\":\"https:\/\/www.estrategiaconcursos.com.br\/blog\/#\/schema\/person\/b4a388c97673c5f483d72185668afa1f\",\"name\":\"Coordena\u00e7\u00e3o\",\"image\":{\"@type\":\"ImageObject\",\"inLanguage\":\"pt-BR\",\"@id\":\"https:\/\/secure.gravatar.com\/avatar\/b720319e4c9a967eb58678d110f4fe35452fc5d5f97b202bac7b8acceb18c6ad?s=96&d=mm&r=g\",\"url\":\"https:\/\/secure.gravatar.com\/avatar\/b720319e4c9a967eb58678d110f4fe35452fc5d5f97b202bac7b8acceb18c6ad?s=96&d=mm&r=g\",\"contentUrl\":\"https:\/\/secure.gravatar.com\/avatar\/b720319e4c9a967eb58678d110f4fe35452fc5d5f97b202bac7b8acceb18c6ad?s=96&d=mm&r=g\",\"caption\":\"Coordena\u00e7\u00e3o\"},\"sameAs\":[\"https:\/\/www.facebook.com\/EstrategiaConcursos\",\"https:\/\/x.com\/EstratConcursos\"],\"url\":\"https:\/\/www.estrategiaconcursos.com.br\/blog\/author\/estrategia2013\/\"}]}<\/script>\n<!-- \/ Yoast SEO Premium plugin. -->","yoast_head_json":{"title":"Carta aos Assinantes do Estrat\u00e9gia Concursos - 133","description":"Confira, em nossa 133\u00aa carta aos assinantes, a nossa programa\u00e7\u00e3o semanal, novidades do nosso SQ e principais movimenta\u00e7\u00f5es de concursos.","robots":{"index":"index","follow":"follow","max-snippet":"max-snippet:-1","max-image-preview":"max-image-preview:large","max-video-preview":"max-video-preview:-1"},"canonical":"https:\/\/www.estrategiaconcursos.com.br\/blog\/carta-aos-assinantes-133\/","og_locale":"pt_BR","og_type":"article","og_title":"Carta aos Assinantes do Estrat\u00e9gia Concursos - 133","og_description":"Confira, em nossa 133\u00aa carta aos assinantes, a nossa programa\u00e7\u00e3o semanal, novidades do nosso SQ e principais movimenta\u00e7\u00f5es de concursos.","og_url":"https:\/\/www.estrategiaconcursos.com.br\/blog\/carta-aos-assinantes-133\/","og_site_name":"Estrat\u00e9gia Concursos","article_author":"https:\/\/www.facebook.com\/EstrategiaConcursos","article_published_time":"2023-05-15T12:00:00+00:00","article_modified_time":"2023-06-02T19:00:29+00:00","og_image":[{"width":300,"height":168,"url":"https:\/\/dhg1h5j42swfq.cloudfront.net\/2023\/04\/28161224\/carta-aos-assinantes.jpg","type":"image\/jpeg"}],"author":"Coordena\u00e7\u00e3o","twitter_card":"summary_large_image","twitter_creator":"@EstratConcursos","twitter_site":"@EstratConcursos","twitter_misc":{"Escrito por":"Coordena\u00e7\u00e3o","Est. tempo de leitura":"5 minutos"},"schema":{"@context":"https:\/\/schema.org","@graph":[{"@type":"NewsArticle","@id":"https:\/\/www.estrategiaconcursos.com.br\/blog\/carta-aos-assinantes-133\/#article","isPartOf":{"@id":"https:\/\/www.estrategiaconcursos.com.br\/blog\/carta-aos-assinantes-133\/"},"author":{"name":"Coordena\u00e7\u00e3o","@id":"https:\/\/www.estrategiaconcursos.com.br\/blog\/#\/schema\/person\/b4a388c97673c5f483d72185668afa1f"},"headline":"Carta aos Assinantes do Estrat\u00e9gia Concursos &#8211; 133","datePublished":"2023-05-15T12:00:00+00:00","dateModified":"2023-06-02T19:00:29+00:00","mainEntityOfPage":{"@id":"https:\/\/www.estrategiaconcursos.com.br\/blog\/carta-aos-assinantes-133\/"},"wordCount":1034,"commentCount":0,"publisher":{"@id":"https:\/\/www.estrategiaconcursos.com.br\/blog\/#organization"},"image":{"@id":"https:\/\/www.estrategiaconcursos.com.br\/blog\/carta-aos-assinantes-133\/#primaryimage"},"thumbnailUrl":"https:\/\/dhg1h5j42swfq.cloudfront.net\/2023\/04\/28161224\/carta-aos-assinantes.jpg","articleSection":["Concursos P\u00fablicos","\u00daltimas not\u00edcias"],"inLanguage":"pt-BR","potentialAction":[{"@type":"CommentAction","name":"Comment","target":["https:\/\/www.estrategiaconcursos.com.br\/blog\/carta-aos-assinantes-133\/#respond"]}],"copyrightYear":"2023","copyrightHolder":{"@id":"https:\/\/www.estrategiaconcursos.com.br\/blog\/#organization"}},{"@type":"WebPage","@id":"https:\/\/www.estrategiaconcursos.com.br\/blog\/carta-aos-assinantes-133\/","url":"https:\/\/www.estrategiaconcursos.com.br\/blog\/carta-aos-assinantes-133\/","name":"Carta aos Assinantes do Estrat\u00e9gia Concursos - 133","isPartOf":{"@id":"https:\/\/www.estrategiaconcursos.com.br\/blog\/#website"},"primaryImageOfPage":{"@id":"https:\/\/www.estrategiaconcursos.com.br\/blog\/carta-aos-assinantes-133\/#primaryimage"},"image":{"@id":"https:\/\/www.estrategiaconcursos.com.br\/blog\/carta-aos-assinantes-133\/#primaryimage"},"thumbnailUrl":"https:\/\/dhg1h5j42swfq.cloudfront.net\/2023\/04\/28161224\/carta-aos-assinantes.jpg","datePublished":"2023-05-15T12:00:00+00:00","dateModified":"2023-06-02T19:00:29+00:00","description":"Confira, em nossa 133\u00aa carta aos assinantes, a nossa programa\u00e7\u00e3o semanal, novidades do nosso SQ e principais movimenta\u00e7\u00f5es de concursos.","breadcrumb":{"@id":"https:\/\/www.estrategiaconcursos.com.br\/blog\/carta-aos-assinantes-133\/#breadcrumb"},"inLanguage":"pt-BR","potentialAction":[{"@type":"ReadAction","target":["https:\/\/www.estrategiaconcursos.com.br\/blog\/carta-aos-assinantes-133\/"]}]},{"@type":"ImageObject","inLanguage":"pt-BR","@id":"https:\/\/www.estrategiaconcursos.com.br\/blog\/carta-aos-assinantes-133\/#primaryimage","url":"https:\/\/dhg1h5j42swfq.cloudfront.net\/2023\/04\/28161224\/carta-aos-assinantes.jpg","contentUrl":"https:\/\/dhg1h5j42swfq.cloudfront.net\/2023\/04\/28161224\/carta-aos-assinantes.jpg","width":300,"height":168,"caption":"carta aos assinantes"},{"@type":"BreadcrumbList","@id":"https:\/\/www.estrategiaconcursos.com.br\/blog\/carta-aos-assinantes-133\/#breadcrumb","itemListElement":[{"@type":"ListItem","position":1,"name":"In\u00edcio","item":"https:\/\/www.estrategiaconcursos.com.br\/blog\/"},{"@type":"ListItem","position":2,"name":"Carta aos Assinantes do Estrat\u00e9gia Concursos &#8211; 133"}]},{"@type":"WebSite","@id":"https:\/\/www.estrategiaconcursos.com.br\/blog\/#website","url":"https:\/\/www.estrategiaconcursos.com.br\/blog\/","name":"Estrat\u00e9gia Concursos","description":"O blog da Estrat\u00e9gia Concursos traz not\u00edcias sobre concursos e artigos de professores oferecendo cursos para concursos (pdf + videaulas) no site.","publisher":{"@id":"https:\/\/www.estrategiaconcursos.com.br\/blog\/#organization"},"potentialAction":[{"@type":"SearchAction","target":{"@type":"EntryPoint","urlTemplate":"https:\/\/www.estrategiaconcursos.com.br\/blog\/?s={search_term_string}"},"query-input":{"@type":"PropertyValueSpecification","valueRequired":true,"valueName":"search_term_string"}}],"inLanguage":"pt-BR"},{"@type":"Organization","@id":"https:\/\/www.estrategiaconcursos.com.br\/blog\/#organization","name":"Estrat\u00e9gia Concursos","url":"https:\/\/www.estrategiaconcursos.com.br\/blog\/","logo":{"@type":"ImageObject","inLanguage":"pt-BR","@id":"https:\/\/www.estrategiaconcursos.com.br\/blog\/#\/schema\/logo\/image\/","url":"https:\/\/dhg1h5j42swfq.cloudfront.net\/2025\/06\/03203428\/logo_concursos-1.jpg","contentUrl":"https:\/\/dhg1h5j42swfq.cloudfront.net\/2025\/06\/03203428\/logo_concursos-1.jpg","width":230,"height":60,"caption":"Estrat\u00e9gia Concursos"},"image":{"@id":"https:\/\/www.estrategiaconcursos.com.br\/blog\/#\/schema\/logo\/image\/"},"sameAs":["https:\/\/x.com\/EstratConcursos"]},{"@type":"Person","@id":"https:\/\/www.estrategiaconcursos.com.br\/blog\/#\/schema\/person\/b4a388c97673c5f483d72185668afa1f","name":"Coordena\u00e7\u00e3o","image":{"@type":"ImageObject","inLanguage":"pt-BR","@id":"https:\/\/secure.gravatar.com\/avatar\/b720319e4c9a967eb58678d110f4fe35452fc5d5f97b202bac7b8acceb18c6ad?s=96&d=mm&r=g","url":"https:\/\/secure.gravatar.com\/avatar\/b720319e4c9a967eb58678d110f4fe35452fc5d5f97b202bac7b8acceb18c6ad?s=96&d=mm&r=g","contentUrl":"https:\/\/secure.gravatar.com\/avatar\/b720319e4c9a967eb58678d110f4fe35452fc5d5f97b202bac7b8acceb18c6ad?s=96&d=mm&r=g","caption":"Coordena\u00e7\u00e3o"},"sameAs":["https:\/\/www.facebook.com\/EstrategiaConcursos","https:\/\/x.com\/EstratConcursos"],"url":"https:\/\/www.estrategiaconcursos.com.br\/blog\/author\/estrategia2013\/"}]}},"_links":{"self":[{"href":"https:\/\/www.estrategiaconcursos.com.br\/blog\/wp-json\/wp\/v2\/posts\/1215403","targetHints":{"allow":["GET"]}}],"collection":[{"href":"https:\/\/www.estrategiaconcursos.com.br\/blog\/wp-json\/wp\/v2\/posts"}],"about":[{"href":"https:\/\/www.estrategiaconcursos.com.br\/blog\/wp-json\/wp\/v2\/types\/post"}],"author":[{"embeddable":true,"href":"https:\/\/www.estrategiaconcursos.com.br\/blog\/wp-json\/wp\/v2\/users\/1"}],"replies":[{"embeddable":true,"href":"https:\/\/www.estrategiaconcursos.com.br\/blog\/wp-json\/wp\/v2\/comments?post=1215403"}],"version-history":[{"count":7,"href":"https:\/\/www.estrategiaconcursos.com.br\/blog\/wp-json\/wp\/v2\/posts\/1215403\/revisions"}],"predecessor-version":[{"id":1219334,"href":"https:\/\/www.estrategiaconcursos.com.br\/blog\/wp-json\/wp\/v2\/posts\/1215403\/revisions\/1219334"}],"wp:featuredmedia":[{"embeddable":true,"href":"https:\/\/www.estrategiaconcursos.com.br\/blog\/wp-json\/wp\/v2\/media\/1208734"}],"wp:attachment":[{"href":"https:\/\/www.estrategiaconcursos.com.br\/blog\/wp-json\/wp\/v2\/media?parent=1215403"}],"wp:term":[{"taxonomy":"category","embeddable":true,"href":"https:\/\/www.estrategiaconcursos.com.br\/blog\/wp-json\/wp\/v2\/categories?post=1215403"},{"taxonomy":"post_tag","embeddable":true,"href":"https:\/\/www.estrategiaconcursos.com.br\/blog\/wp-json\/wp\/v2\/tags?post=1215403"},{"taxonomy":"tax_estado","embeddable":true,"href":"https:\/\/www.estrategiaconcursos.com.br\/blog\/wp-json\/wp\/v2\/tax_estado?post=1215403"}],"curies":[{"name":"wp","href":"https:\/\/api.w.org\/{rel}","templated":true}]}}