{"id":1212436,"date":"2023-05-08T15:09:05","date_gmt":"2023-05-08T18:09:05","guid":{"rendered":"https:\/\/www.estrategiaconcursos.com.br\/blog\/?p=1212436"},"modified":"2023-05-08T19:09:01","modified_gmt":"2023-05-08T22:09:01","slug":"concurso-pm-mg-soldado-recursos-possiveis","status":"publish","type":"post","link":"https:\/\/www.estrategiaconcursos.com.br\/blog\/concurso-pm-mg-soldado-recursos-possiveis\/","title":{"rendered":"Concurso PM MG Soldado: veja os recursos poss\u00edveis"},"content":{"rendered":"\n<p>Ap\u00f3s a aplica\u00e7\u00e3o das provas do <strong>concurso PM MG Soldado<\/strong> no \u00faltimo domingo, 07 de maio de 2023, a Pol\u00edcia Militar, <a href=\"https:\/\/inscricaocrs.policiamilitar.mg.gov.br\/#\/concurso\/search\/1\" target=\"_blank\" rel=\"noreferrer noopener\">respons\u00e1vel pela condu\u00e7\u00e3o do certame<\/a>, divulgou os <a href=\"https:\/\/www.estrategiaconcursos.com.br\/blog\/concurso-pm-mg-gabarito-preliminar-soldado\/\" target=\"_blank\" rel=\"noreferrer noopener\">gabaritos provis\u00f3rios<\/a> da etapa.<\/p>\n\n\n\n<p>Com isso, os interessados poder\u00e3o interpor recursos entre&nbsp;<strong>08 e 09 de maio<\/strong>. O Estrat\u00e9gia Concursos esteve presente durante toda a sua prepara\u00e7\u00e3o, inclusive realizando a&nbsp;<a href=\"https:\/\/www.estrategiaconcursos.com.br\/blog\/gabarito-extraoficial-pm-mg-soldado\/\" target=\"_blank\" rel=\"noreferrer noopener\">corre\u00e7\u00e3o extraoficial<\/a>, e vai te ajudar em mais essa etapa.<\/p>\n\n\n\n<p>Nosso time de professores elaborou sugest\u00f5es de recursos contra o gabarito provis\u00f3rio do concurso PM MG Soldado. Veja a seguir!<\/p>\n\n\n\n<h2 class=\"wp-block-heading\">PM MG Soldado &#8211; recursos poss\u00edveis!<\/h2>\n\n\n\n<h3 class=\"wp-block-heading has-cyan-bluish-gray-background-color has-background\" id=\"h-lingua-portuguesa\">L\u00edngua Portuguesa<\/h3>\n\n\n\n<p class=\"has-medium-font-size\"><span style=\"text-decoration: underline;\"><strong>Quest\u00e3o 2<\/strong><\/span><\/p>\n\n\n\n<p>A quest\u00e3o 2 apresenta o seguinte comando \u201cA partir da leitura do texto, pode-se afirmar que todas as alternativas est\u00e3o corretas, EXCETO:\u201d, de acordo com a banca, a alternativa B foi dada como correta. Essa alternativa continha a seguinte informa\u00e7\u00e3o: \u201c<em>Segundo o autor, o seu melhor conto trata-se de uma parte de sua vida que se passa durante um per\u00edodo em que ele foi preso e torturado.\u201d<\/em><\/p>\n\n\n\n<p>No entanto, essa alternativa n\u00e3o pode ser considerada correta, j\u00e1 que o conto a que o autor se refere, escrito durante a \u00e9poca em que foi preso e torturado, cont\u00e9m outro assunto. H\u00e1 EXPLICITAMENTE no texto essa informa\u00e7\u00e3o:<\/p>\n\n\n\n<p><em>\u201cNaquela tarde mesmo escrevi o conto. Nem precisei pensar muito; simplesmente sentei e fui escrevendo. A hist\u00f3ria brotava de dentro de mim, flu\u00eda f\u00e1cil. E era um belo conto, diferente de ludo o que eu tinha escrito at\u00e9 ent\u00e3o. N\u00e3o falava em revolta, n\u00e3o satirizava opressores. <strong><u>Contava a hist\u00f3ria de um pai e de seu filho moribundo<\/u><\/strong>.\u201d<\/em><\/p>\n\n\n\n<p>O texto deixa claro que o melhor conto do autor foi esse escrito por ele durante a \u00e9poca em que foi torturado, ou seja, seu melhor conto N\u00c3O se trata de uma parte de SUA vida, como indica a alternativa, mas da hist\u00f3ria de um PAI e de um FILHO moribundo. Conto esse nunca publicado, de acordo com o pr\u00f3prio autor, o que justifica a informa\u00e7\u00e3o dada no segundo par\u00e1grafo do texto: \u201cMeu melhor conto&#8230; N\u00e3o est\u00e1 em nenhum dos meus livros, em nenhuma antologia, em nenhuma publica\u00e7\u00e3o. Ele est\u00e1 aqui, na minha mem\u00f3ria; posso acess\u00e1-lo a qualquer momento. Posso inclusive lembrar <strong><u>AS CIRCUNST\u00c2NCIAS<\/u><\/strong> em que o escrevi. N\u00e3o esqueci, n\u00e3o. N\u00e3o esqueci nada.<\/p>\n\n\n\n<p>A circunst\u00e2ncia da escrita do conto foi a \u00e9poca em que esteve preso e torturado. Mas esse n\u00e3o \u00e9 o assunto do conto, apenas a circunst\u00e2ncia em que foi escrito.<\/p>\n\n\n\n<p>Tendo como justificativa o pr\u00f3prio texto, <span style=\"text-decoration: underline;\">solicita-se a anula\u00e7\u00e3o da quest\u00e3o<\/span>.<\/p>\n\n\n\n<h3 class=\"wp-block-heading has-cyan-bluish-gray-background-color has-background\" id=\"h-literatura\">Literatura<\/h3>\n\n\n\n<p class=\"has-medium-font-size\"><span style=\"text-decoration: underline;\"><strong>Quest\u00e3o 21<\/strong><\/span><\/p>\n\n\n\n<p>A quest\u00e3o 21 apresenta o seguinte comando \u201cConsiderando o contexto da obra, Mem\u00f3rias p\u00f3stumas de Br\u00e1s Cubas, de Machado de Assis, analise as afirmativas abaixo e, a seguir, responda o que se pede\u201d. Ap\u00f3s isso, s\u00e3o apresentadas quatro afirma\u00e7\u00f5es para serem julgadas e, na sequ\u00eancia, h\u00e1 \u201cEst\u00e1(\u00e3o) INCORRETA(S) a(s) afirmativa(s)\u201d. <\/p>\n\n\n\n<p>De acordo com a banca, a alternativa C foi dada como correta, o que faz com que as afirmativas I e III sejam erradas. O que se afirma em III de fato est\u00e1 incorreto, no entanto, o que foi afirmado na I est\u00e1 totalmente correto. &nbsp;<\/p>\n\n\n\n<p>A grande \u201csacada\u201d de Machado de Assis foi criar um personagem que narra os fatos da pr\u00f3pria vida de uma maneira inusitada: ap\u00f3s estar morto. Br\u00e1s Cubas mesmo de coloca como autor defunto, o que o coloca em uma posi\u00e7\u00e3o confort\u00e1vel para narrar as pr\u00f3prios mem\u00f3rias sem precisar sofrer \u201cem vida\u201d os julgamentos dos outros. <\/p>\n\n\n\n<p>Dessa forma, o Br\u00e1s morto \u00e9 o narrador capaz de expor sem nenhum pudor os pr\u00f3prios defeitos, j\u00e1 que est\u00e1 morto e n\u00e3o pode mais ser atingido pela ira de seus contempor\u00e2neos. Al\u00e9m disso, a condi\u00e7\u00e3o em que est\u00e1 (autor defunto) lhe d\u00e1 a sabedoria necess\u00e1ria para perceber que seu modo de agir \u00e9 semelhante ao de todos os seres humanos. Essa an\u00e1lise confirma a primeira afirma\u00e7\u00e3o da quest\u00e3o como correta, pois o narrador est\u00e1 sim em uma posi\u00e7\u00e3o estrat\u00e9gica que o \u201clibera\u201d das consequ\u00eancias daquilo que ele est\u00e1 narrando.<\/p>\n\n\n\n<p>Tendo como justificativa o pr\u00f3prio texto, <span style=\"text-decoration: underline;\">solicita-se a anula\u00e7\u00e3o da quest\u00e3o ou retifica\u00e7\u00e3o do gabarito<\/span>.<\/p>\n\n\n\n<h2 class=\"wp-block-heading has-text-align-center has-cyan-bluish-gray-background-color has-background has-medium-font-size\"><a href=\"https:\/\/www.estrategiaconcursos.com.br\/blog\/concurso-pm-mg\/\" target=\"_blank\" rel=\"noreferrer noopener\">Concurso Pol\u00edcia Militar MG<\/a><\/h2>\n\n\n\n<h2 class=\"wp-block-heading has-text-align-center\" id=\"cursos\">Quer saber tudo sobre concursos previstos? <br \/>Confira nossos artigos!<\/h2>\n\n\n\n<ul class=\"wp-block-list\">\n<li><a href=\"https:\/\/www.estrategiaconcursos.com.br\/blog\/concursos-abertos\/\">Concursos abertos<\/a><\/li>\n\n\n\n<li><a href=\"https:\/\/www.estrategiaconcursos.com.br\/blog\/concursos-2023\/\" target=\"_blank\" rel=\"noreferrer noopener\">Concursos 2023<\/a><\/li>\n<\/ul>\n\n\n\n<h2 class=\"wp-block-heading has-text-align-center\" id=\"cursos\">Quer estudar para o concurso PM MG?<\/h2>\n\n\n\n<div id=\"boxes\" class=\"container\">\n<div class=\"row\">\n<div class=\"col-sm\">\n<div id=\"box-assinatura\" class=\"banner-policial\">\n<h3 class=\"titulo-assinatura\">Concurso PM MG<\/h3>\n<p class=\"subtitulo-assinatura\">Conhe\u00e7a os cursos<\/p>\n<div class=\"box-botao\"><a class=\"btn-assinatura\" role=\"button\" href=\"https:\/\/www.estrategiaconcursos.com.br\/cursosPorConcurso\/policia-militar-de-minas-gerais-pm-mg\/\" target=\"_blank\" rel=\"noopener noreferrer\">Conhe\u00e7a mais<\/a><\/div>\n<\/div>\n\n<\/div>\n<\/div>\n<\/div>\n\n\n\n<div class=\"container\" id=\"boxes\">\n  <div class=\"row\">\n\n    <div class=\"col-sm\">\n      <div class=\"estrategia\" id=\"box-assinatura\">\n        <h3 class=\"titulo-assinatura\">Assinatura Concursos<\/h3>\n        <p class=\"subtitulo-assinatura\">Assinatura de 1 ano ou 2 anos<\/p>\n        <div class=\"box-botao\">\n          <a class=\"btn-assinatura\" target=\"_blank\" href=\"https:\/\/www.estrategiaconcursos.com.br\/assinaturas\/\" role=\"button\" rel=\"noopener noreferrer\">ASSINE AGORA<\/a>\n        <\/div>\n      <\/div>\n     \n    <\/div><\/div><\/div>\n","protected":false},"excerpt":{"rendered":"<p>Ap\u00f3s a aplica\u00e7\u00e3o das provas do concurso PM MG Soldado no \u00faltimo domingo, 07 de maio de 2023, a Pol\u00edcia Militar, respons\u00e1vel pela condu\u00e7\u00e3o do certame, divulgou os gabaritos provis\u00f3rios da etapa. Com isso, os interessados poder\u00e3o interpor recursos entre&nbsp;08 e 09 de maio. O Estrat\u00e9gia Concursos esteve presente durante toda a sua prepara\u00e7\u00e3o, inclusive [&hellip;]<\/p>\n","protected":false},"author":1483,"featured_media":1158338,"comment_status":"open","ping_status":"closed","sticky":false,"template":"","format":"standard","meta":{"post_tipo":"news","footnotes":""},"categories":[220187],"tags":[],"tax_estado":[219974],"class_list":["post-1212436","post","type-post","status-publish","format-standard","has-post-thumbnail","hentry","category-policial-pracas","tax_estado-mg"],"acf":[],"yoast_head":"<!-- This site is optimized with the Yoast SEO Premium plugin v27.2 (Yoast SEO v27.2) - https:\/\/yoast.com\/product\/yoast-seo-premium-wordpress\/ -->\n<title>pm mg recursos poss\u00edveis<\/title>\n<meta name=\"description\" content=\"Concurso PM MG: confira os poss\u00edveis recursos dos gabaritos preliminares das provas para Soldado. A etapa foi aplicada no dia 07 de maio.\" \/>\n<meta name=\"robots\" content=\"index, follow, max-snippet:-1, max-image-preview:large, max-video-preview:-1\" \/>\n<link rel=\"canonical\" href=\"https:\/\/www.estrategiaconcursos.com.br\/blog\/concurso-pm-mg-soldado-recursos-possiveis\/\" \/>\n<meta property=\"og:locale\" content=\"pt_BR\" \/>\n<meta property=\"og:type\" content=\"article\" \/>\n<meta property=\"og:title\" content=\"Concurso PM MG Soldado: veja os recursos poss\u00edveis\" \/>\n<meta property=\"og:description\" content=\"Concurso PM MG: confira os poss\u00edveis recursos dos gabaritos preliminares das provas para Soldado. A etapa foi aplicada no dia 07 de maio.\" \/>\n<meta property=\"og:url\" content=\"https:\/\/www.estrategiaconcursos.com.br\/blog\/concurso-pm-mg-soldado-recursos-possiveis\/\" \/>\n<meta property=\"og:site_name\" content=\"Estrat\u00e9gia Concursos\" \/>\n<meta property=\"article:published_time\" content=\"2023-05-08T18:09:05+00:00\" \/>\n<meta property=\"article:modified_time\" content=\"2023-05-08T22:09:01+00:00\" \/>\n<meta property=\"og:image\" content=\"https:\/\/dhg1h5j42swfq.cloudfront.net\/2023\/01\/24145013\/pm-mg-1.jpg\" \/>\n\t<meta property=\"og:image:width\" content=\"768\" \/>\n\t<meta property=\"og:image:height\" content=\"432\" \/>\n\t<meta property=\"og:image:type\" content=\"image\/jpeg\" \/>\n<meta name=\"author\" content=\"Diogo Mendes\" \/>\n<meta name=\"twitter:card\" content=\"summary_large_image\" \/>\n<meta name=\"twitter:creator\" content=\"@EstratConcursos\" \/>\n<meta name=\"twitter:site\" content=\"@EstratConcursos\" \/>\n<meta name=\"twitter:label1\" content=\"Escrito por\" \/>\n\t<meta name=\"twitter:data1\" content=\"Diogo Mendes\" \/>\n\t<meta name=\"twitter:label2\" content=\"Est. tempo de leitura\" \/>\n\t<meta name=\"twitter:data2\" content=\"4 minutos\" \/>\n<script type=\"application\/ld+json\" class=\"yoast-schema-graph\">{\"@context\":\"https:\/\/schema.org\",\"@graph\":[{\"@type\":\"NewsArticle\",\"@id\":\"https:\/\/www.estrategiaconcursos.com.br\/blog\/concurso-pm-mg-soldado-recursos-possiveis\/#article\",\"isPartOf\":{\"@id\":\"https:\/\/www.estrategiaconcursos.com.br\/blog\/concurso-pm-mg-soldado-recursos-possiveis\/\"},\"author\":{\"name\":\"Diogo Mendes\",\"@id\":\"https:\/\/www.estrategiaconcursos.com.br\/blog\/#\/schema\/person\/cc9e76173880338ce9f656c88664a1f6\"},\"headline\":\"Concurso PM MG Soldado: veja os recursos poss\u00edveis\",\"datePublished\":\"2023-05-08T18:09:05+00:00\",\"dateModified\":\"2023-05-08T22:09:01+00:00\",\"mainEntityOfPage\":{\"@id\":\"https:\/\/www.estrategiaconcursos.com.br\/blog\/concurso-pm-mg-soldado-recursos-possiveis\/\"},\"wordCount\":802,\"commentCount\":0,\"publisher\":{\"@id\":\"https:\/\/www.estrategiaconcursos.com.br\/blog\/#organization\"},\"image\":{\"@id\":\"https:\/\/www.estrategiaconcursos.com.br\/blog\/concurso-pm-mg-soldado-recursos-possiveis\/#primaryimage\"},\"thumbnailUrl\":\"https:\/\/dhg1h5j42swfq.cloudfront.net\/2023\/01\/24145013\/pm-mg-1.jpg\",\"articleSection\":[\"Policial (PM\/BM - Pra\u00e7as)\"],\"inLanguage\":\"pt-BR\",\"potentialAction\":[{\"@type\":\"CommentAction\",\"name\":\"Comment\",\"target\":[\"https:\/\/www.estrategiaconcursos.com.br\/blog\/concurso-pm-mg-soldado-recursos-possiveis\/#respond\"]}],\"copyrightYear\":\"2023\",\"copyrightHolder\":{\"@id\":\"https:\/\/www.estrategiaconcursos.com.br\/blog\/#organization\"}},{\"@type\":\"WebPage\",\"@id\":\"https:\/\/www.estrategiaconcursos.com.br\/blog\/concurso-pm-mg-soldado-recursos-possiveis\/\",\"url\":\"https:\/\/www.estrategiaconcursos.com.br\/blog\/concurso-pm-mg-soldado-recursos-possiveis\/\",\"name\":\"pm mg recursos poss\u00edveis\",\"isPartOf\":{\"@id\":\"https:\/\/www.estrategiaconcursos.com.br\/blog\/#website\"},\"primaryImageOfPage\":{\"@id\":\"https:\/\/www.estrategiaconcursos.com.br\/blog\/concurso-pm-mg-soldado-recursos-possiveis\/#primaryimage\"},\"image\":{\"@id\":\"https:\/\/www.estrategiaconcursos.com.br\/blog\/concurso-pm-mg-soldado-recursos-possiveis\/#primaryimage\"},\"thumbnailUrl\":\"https:\/\/dhg1h5j42swfq.cloudfront.net\/2023\/01\/24145013\/pm-mg-1.jpg\",\"datePublished\":\"2023-05-08T18:09:05+00:00\",\"dateModified\":\"2023-05-08T22:09:01+00:00\",\"description\":\"Concurso PM MG: confira os poss\u00edveis recursos dos gabaritos preliminares das provas para Soldado. A etapa foi aplicada no dia 07 de maio.\",\"breadcrumb\":{\"@id\":\"https:\/\/www.estrategiaconcursos.com.br\/blog\/concurso-pm-mg-soldado-recursos-possiveis\/#breadcrumb\"},\"inLanguage\":\"pt-BR\",\"potentialAction\":[{\"@type\":\"ReadAction\",\"target\":[\"https:\/\/www.estrategiaconcursos.com.br\/blog\/concurso-pm-mg-soldado-recursos-possiveis\/\"]}]},{\"@type\":\"ImageObject\",\"inLanguage\":\"pt-BR\",\"@id\":\"https:\/\/www.estrategiaconcursos.com.br\/blog\/concurso-pm-mg-soldado-recursos-possiveis\/#primaryimage\",\"url\":\"https:\/\/dhg1h5j42swfq.cloudfront.net\/2023\/01\/24145013\/pm-mg-1.jpg\",\"contentUrl\":\"https:\/\/dhg1h5j42swfq.cloudfront.net\/2023\/01\/24145013\/pm-mg-1.jpg\",\"width\":768,\"height\":432,\"caption\":\"concurso pm mg\"},{\"@type\":\"BreadcrumbList\",\"@id\":\"https:\/\/www.estrategiaconcursos.com.br\/blog\/concurso-pm-mg-soldado-recursos-possiveis\/#breadcrumb\",\"itemListElement\":[{\"@type\":\"ListItem\",\"position\":1,\"name\":\"In\u00edcio\",\"item\":\"https:\/\/www.estrategiaconcursos.com.br\/blog\/\"},{\"@type\":\"ListItem\",\"position\":2,\"name\":\"Concurso PM MG Soldado: veja os recursos poss\u00edveis\"}]},{\"@type\":\"WebSite\",\"@id\":\"https:\/\/www.estrategiaconcursos.com.br\/blog\/#website\",\"url\":\"https:\/\/www.estrategiaconcursos.com.br\/blog\/\",\"name\":\"Estrat\u00e9gia Concursos\",\"description\":\"O blog da Estrat\u00e9gia Concursos traz not\u00edcias sobre concursos e artigos de professores oferecendo cursos para concursos (pdf + videaulas) no site.\",\"publisher\":{\"@id\":\"https:\/\/www.estrategiaconcursos.com.br\/blog\/#organization\"},\"potentialAction\":[{\"@type\":\"SearchAction\",\"target\":{\"@type\":\"EntryPoint\",\"urlTemplate\":\"https:\/\/www.estrategiaconcursos.com.br\/blog\/?s={search_term_string}\"},\"query-input\":{\"@type\":\"PropertyValueSpecification\",\"valueRequired\":true,\"valueName\":\"search_term_string\"}}],\"inLanguage\":\"pt-BR\"},{\"@type\":\"Organization\",\"@id\":\"https:\/\/www.estrategiaconcursos.com.br\/blog\/#organization\",\"name\":\"Estrat\u00e9gia Concursos\",\"url\":\"https:\/\/www.estrategiaconcursos.com.br\/blog\/\",\"logo\":{\"@type\":\"ImageObject\",\"inLanguage\":\"pt-BR\",\"@id\":\"https:\/\/www.estrategiaconcursos.com.br\/blog\/#\/schema\/logo\/image\/\",\"url\":\"https:\/\/dhg1h5j42swfq.cloudfront.net\/2025\/06\/03203428\/logo_concursos-1.jpg\",\"contentUrl\":\"https:\/\/dhg1h5j42swfq.cloudfront.net\/2025\/06\/03203428\/logo_concursos-1.jpg\",\"width\":230,\"height\":60,\"caption\":\"Estrat\u00e9gia Concursos\"},\"image\":{\"@id\":\"https:\/\/www.estrategiaconcursos.com.br\/blog\/#\/schema\/logo\/image\/\"},\"sameAs\":[\"https:\/\/x.com\/EstratConcursos\"]},{\"@type\":\"Person\",\"@id\":\"https:\/\/www.estrategiaconcursos.com.br\/blog\/#\/schema\/person\/cc9e76173880338ce9f656c88664a1f6\",\"name\":\"Diogo Mendes\",\"image\":{\"@type\":\"ImageObject\",\"inLanguage\":\"pt-BR\",\"@id\":\"https:\/\/secure.gravatar.com\/avatar\/9754d6777d460a45ef4067b586b94c32005cc2345a0404b8d96adc620cf63806?s=96&d=mm&r=g\",\"url\":\"https:\/\/secure.gravatar.com\/avatar\/9754d6777d460a45ef4067b586b94c32005cc2345a0404b8d96adc620cf63806?s=96&d=mm&r=g\",\"contentUrl\":\"https:\/\/secure.gravatar.com\/avatar\/9754d6777d460a45ef4067b586b94c32005cc2345a0404b8d96adc620cf63806?s=96&d=mm&r=g\",\"caption\":\"Diogo Mendes\"},\"description\":\"Diogo Mendes \u00e9 jornalista formado pela Universidade Paulista, com experi\u00eancia em reda\u00e7\u00f5es de diversos ve\u00edculos e na produ\u00e7\u00e3o de conte\u00fados especializados em concursos p\u00fablicos. Desde 2019, atua no Estrat\u00e9gia Concursos como Jornalista e Analista de Conte\u00fado, com foco na apura\u00e7\u00e3o de informa\u00e7\u00f5es junto a \u00f3rg\u00e3os e fontes oficiais. Dedica-se especialmente \u00e0 produ\u00e7\u00e3o de not\u00edcias e reportagens sobre Concursos Legislativos, al\u00e9m de acompanhar diariamente os concursos policiais, banc\u00e1rios e da \u00e1rea da sa\u00fade.\",\"url\":\"https:\/\/www.estrategiaconcursos.com.br\/blog\/author\/diogo-mendesestrategiaconcursos-com-br\/\"}]}<\/script>\n<!-- \/ Yoast SEO Premium plugin. -->","yoast_head_json":{"title":"pm mg recursos poss\u00edveis","description":"Concurso PM MG: confira os poss\u00edveis recursos dos gabaritos preliminares das provas para Soldado. A etapa foi aplicada no dia 07 de maio.","robots":{"index":"index","follow":"follow","max-snippet":"max-snippet:-1","max-image-preview":"max-image-preview:large","max-video-preview":"max-video-preview:-1"},"canonical":"https:\/\/www.estrategiaconcursos.com.br\/blog\/concurso-pm-mg-soldado-recursos-possiveis\/","og_locale":"pt_BR","og_type":"article","og_title":"Concurso PM MG Soldado: veja os recursos poss\u00edveis","og_description":"Concurso PM MG: confira os poss\u00edveis recursos dos gabaritos preliminares das provas para Soldado. A etapa foi aplicada no dia 07 de maio.","og_url":"https:\/\/www.estrategiaconcursos.com.br\/blog\/concurso-pm-mg-soldado-recursos-possiveis\/","og_site_name":"Estrat\u00e9gia Concursos","article_published_time":"2023-05-08T18:09:05+00:00","article_modified_time":"2023-05-08T22:09:01+00:00","og_image":[{"width":768,"height":432,"url":"https:\/\/dhg1h5j42swfq.cloudfront.net\/2023\/01\/24145013\/pm-mg-1.jpg","type":"image\/jpeg"}],"author":"Diogo Mendes","twitter_card":"summary_large_image","twitter_creator":"@EstratConcursos","twitter_site":"@EstratConcursos","twitter_misc":{"Escrito por":"Diogo Mendes","Est. tempo de leitura":"4 minutos"},"schema":{"@context":"https:\/\/schema.org","@graph":[{"@type":"NewsArticle","@id":"https:\/\/www.estrategiaconcursos.com.br\/blog\/concurso-pm-mg-soldado-recursos-possiveis\/#article","isPartOf":{"@id":"https:\/\/www.estrategiaconcursos.com.br\/blog\/concurso-pm-mg-soldado-recursos-possiveis\/"},"author":{"name":"Diogo Mendes","@id":"https:\/\/www.estrategiaconcursos.com.br\/blog\/#\/schema\/person\/cc9e76173880338ce9f656c88664a1f6"},"headline":"Concurso PM MG Soldado: veja os recursos poss\u00edveis","datePublished":"2023-05-08T18:09:05+00:00","dateModified":"2023-05-08T22:09:01+00:00","mainEntityOfPage":{"@id":"https:\/\/www.estrategiaconcursos.com.br\/blog\/concurso-pm-mg-soldado-recursos-possiveis\/"},"wordCount":802,"commentCount":0,"publisher":{"@id":"https:\/\/www.estrategiaconcursos.com.br\/blog\/#organization"},"image":{"@id":"https:\/\/www.estrategiaconcursos.com.br\/blog\/concurso-pm-mg-soldado-recursos-possiveis\/#primaryimage"},"thumbnailUrl":"https:\/\/dhg1h5j42swfq.cloudfront.net\/2023\/01\/24145013\/pm-mg-1.jpg","articleSection":["Policial (PM\/BM - Pra\u00e7as)"],"inLanguage":"pt-BR","potentialAction":[{"@type":"CommentAction","name":"Comment","target":["https:\/\/www.estrategiaconcursos.com.br\/blog\/concurso-pm-mg-soldado-recursos-possiveis\/#respond"]}],"copyrightYear":"2023","copyrightHolder":{"@id":"https:\/\/www.estrategiaconcursos.com.br\/blog\/#organization"}},{"@type":"WebPage","@id":"https:\/\/www.estrategiaconcursos.com.br\/blog\/concurso-pm-mg-soldado-recursos-possiveis\/","url":"https:\/\/www.estrategiaconcursos.com.br\/blog\/concurso-pm-mg-soldado-recursos-possiveis\/","name":"pm mg recursos poss\u00edveis","isPartOf":{"@id":"https:\/\/www.estrategiaconcursos.com.br\/blog\/#website"},"primaryImageOfPage":{"@id":"https:\/\/www.estrategiaconcursos.com.br\/blog\/concurso-pm-mg-soldado-recursos-possiveis\/#primaryimage"},"image":{"@id":"https:\/\/www.estrategiaconcursos.com.br\/blog\/concurso-pm-mg-soldado-recursos-possiveis\/#primaryimage"},"thumbnailUrl":"https:\/\/dhg1h5j42swfq.cloudfront.net\/2023\/01\/24145013\/pm-mg-1.jpg","datePublished":"2023-05-08T18:09:05+00:00","dateModified":"2023-05-08T22:09:01+00:00","description":"Concurso PM MG: confira os poss\u00edveis recursos dos gabaritos preliminares das provas para Soldado. A etapa foi aplicada no dia 07 de maio.","breadcrumb":{"@id":"https:\/\/www.estrategiaconcursos.com.br\/blog\/concurso-pm-mg-soldado-recursos-possiveis\/#breadcrumb"},"inLanguage":"pt-BR","potentialAction":[{"@type":"ReadAction","target":["https:\/\/www.estrategiaconcursos.com.br\/blog\/concurso-pm-mg-soldado-recursos-possiveis\/"]}]},{"@type":"ImageObject","inLanguage":"pt-BR","@id":"https:\/\/www.estrategiaconcursos.com.br\/blog\/concurso-pm-mg-soldado-recursos-possiveis\/#primaryimage","url":"https:\/\/dhg1h5j42swfq.cloudfront.net\/2023\/01\/24145013\/pm-mg-1.jpg","contentUrl":"https:\/\/dhg1h5j42swfq.cloudfront.net\/2023\/01\/24145013\/pm-mg-1.jpg","width":768,"height":432,"caption":"concurso pm mg"},{"@type":"BreadcrumbList","@id":"https:\/\/www.estrategiaconcursos.com.br\/blog\/concurso-pm-mg-soldado-recursos-possiveis\/#breadcrumb","itemListElement":[{"@type":"ListItem","position":1,"name":"In\u00edcio","item":"https:\/\/www.estrategiaconcursos.com.br\/blog\/"},{"@type":"ListItem","position":2,"name":"Concurso PM MG Soldado: veja os recursos poss\u00edveis"}]},{"@type":"WebSite","@id":"https:\/\/www.estrategiaconcursos.com.br\/blog\/#website","url":"https:\/\/www.estrategiaconcursos.com.br\/blog\/","name":"Estrat\u00e9gia Concursos","description":"O blog da Estrat\u00e9gia Concursos traz not\u00edcias sobre concursos e artigos de professores oferecendo cursos para concursos (pdf + videaulas) no site.","publisher":{"@id":"https:\/\/www.estrategiaconcursos.com.br\/blog\/#organization"},"potentialAction":[{"@type":"SearchAction","target":{"@type":"EntryPoint","urlTemplate":"https:\/\/www.estrategiaconcursos.com.br\/blog\/?s={search_term_string}"},"query-input":{"@type":"PropertyValueSpecification","valueRequired":true,"valueName":"search_term_string"}}],"inLanguage":"pt-BR"},{"@type":"Organization","@id":"https:\/\/www.estrategiaconcursos.com.br\/blog\/#organization","name":"Estrat\u00e9gia Concursos","url":"https:\/\/www.estrategiaconcursos.com.br\/blog\/","logo":{"@type":"ImageObject","inLanguage":"pt-BR","@id":"https:\/\/www.estrategiaconcursos.com.br\/blog\/#\/schema\/logo\/image\/","url":"https:\/\/dhg1h5j42swfq.cloudfront.net\/2025\/06\/03203428\/logo_concursos-1.jpg","contentUrl":"https:\/\/dhg1h5j42swfq.cloudfront.net\/2025\/06\/03203428\/logo_concursos-1.jpg","width":230,"height":60,"caption":"Estrat\u00e9gia Concursos"},"image":{"@id":"https:\/\/www.estrategiaconcursos.com.br\/blog\/#\/schema\/logo\/image\/"},"sameAs":["https:\/\/x.com\/EstratConcursos"]},{"@type":"Person","@id":"https:\/\/www.estrategiaconcursos.com.br\/blog\/#\/schema\/person\/cc9e76173880338ce9f656c88664a1f6","name":"Diogo Mendes","image":{"@type":"ImageObject","inLanguage":"pt-BR","@id":"https:\/\/secure.gravatar.com\/avatar\/9754d6777d460a45ef4067b586b94c32005cc2345a0404b8d96adc620cf63806?s=96&d=mm&r=g","url":"https:\/\/secure.gravatar.com\/avatar\/9754d6777d460a45ef4067b586b94c32005cc2345a0404b8d96adc620cf63806?s=96&d=mm&r=g","contentUrl":"https:\/\/secure.gravatar.com\/avatar\/9754d6777d460a45ef4067b586b94c32005cc2345a0404b8d96adc620cf63806?s=96&d=mm&r=g","caption":"Diogo Mendes"},"description":"Diogo Mendes \u00e9 jornalista formado pela Universidade Paulista, com experi\u00eancia em reda\u00e7\u00f5es de diversos ve\u00edculos e na produ\u00e7\u00e3o de conte\u00fados especializados em concursos p\u00fablicos. Desde 2019, atua no Estrat\u00e9gia Concursos como Jornalista e Analista de Conte\u00fado, com foco na apura\u00e7\u00e3o de informa\u00e7\u00f5es junto a \u00f3rg\u00e3os e fontes oficiais. Dedica-se especialmente \u00e0 produ\u00e7\u00e3o de not\u00edcias e reportagens sobre Concursos Legislativos, al\u00e9m de acompanhar diariamente os concursos policiais, banc\u00e1rios e da \u00e1rea da sa\u00fade.","url":"https:\/\/www.estrategiaconcursos.com.br\/blog\/author\/diogo-mendesestrategiaconcursos-com-br\/"}]}},"_links":{"self":[{"href":"https:\/\/www.estrategiaconcursos.com.br\/blog\/wp-json\/wp\/v2\/posts\/1212436","targetHints":{"allow":["GET"]}}],"collection":[{"href":"https:\/\/www.estrategiaconcursos.com.br\/blog\/wp-json\/wp\/v2\/posts"}],"about":[{"href":"https:\/\/www.estrategiaconcursos.com.br\/blog\/wp-json\/wp\/v2\/types\/post"}],"author":[{"embeddable":true,"href":"https:\/\/www.estrategiaconcursos.com.br\/blog\/wp-json\/wp\/v2\/users\/1483"}],"replies":[{"embeddable":true,"href":"https:\/\/www.estrategiaconcursos.com.br\/blog\/wp-json\/wp\/v2\/comments?post=1212436"}],"version-history":[{"count":14,"href":"https:\/\/www.estrategiaconcursos.com.br\/blog\/wp-json\/wp\/v2\/posts\/1212436\/revisions"}],"predecessor-version":[{"id":1212682,"href":"https:\/\/www.estrategiaconcursos.com.br\/blog\/wp-json\/wp\/v2\/posts\/1212436\/revisions\/1212682"}],"wp:featuredmedia":[{"embeddable":true,"href":"https:\/\/www.estrategiaconcursos.com.br\/blog\/wp-json\/wp\/v2\/media\/1158338"}],"wp:attachment":[{"href":"https:\/\/www.estrategiaconcursos.com.br\/blog\/wp-json\/wp\/v2\/media?parent=1212436"}],"wp:term":[{"taxonomy":"category","embeddable":true,"href":"https:\/\/www.estrategiaconcursos.com.br\/blog\/wp-json\/wp\/v2\/categories?post=1212436"},{"taxonomy":"post_tag","embeddable":true,"href":"https:\/\/www.estrategiaconcursos.com.br\/blog\/wp-json\/wp\/v2\/tags?post=1212436"},{"taxonomy":"tax_estado","embeddable":true,"href":"https:\/\/www.estrategiaconcursos.com.br\/blog\/wp-json\/wp\/v2\/tax_estado?post=1212436"}],"curies":[{"name":"wp","href":"https:\/\/api.w.org\/{rel}","templated":true}]}}