{"id":1212318,"date":"2023-05-08T13:17:30","date_gmt":"2023-05-08T16:17:30","guid":{"rendered":"https:\/\/www.estrategiaconcursos.com.br\/blog\/?p=1212318"},"modified":"2023-05-08T15:19:00","modified_gmt":"2023-05-08T18:19:00","slug":"concurso-iss-cronograma-analista","status":"publish","type":"post","link":"https:\/\/www.estrategiaconcursos.com.br\/blog\/concurso-iss-cronograma-analista\/","title":{"rendered":"Concurso ISS: veja o cronograma do edital para Analista!"},"content":{"rendered":"\n<p>A segunda-feira, 08, come\u00e7ou agitada para os concurseiros que esperavam ansiosamente o edital do <strong>concurso ISS RJ<\/strong> (<a href=\"https:\/\/www.estrategiaconcursos.com.br\/cursosPorConcurso\/iss-rio-de-janeiro-363\/\" target=\"_blank\" rel=\"noreferrer noopener\">Secretaria Municipal de Fazenda e Planejamento do Rio de Janeiro<\/a>)!<\/p>\n\n\n\n<p>O documento foi publicado com 18 vagas para o cargo de <strong>Analista de Planejamento e Or\u00e7amento (APO)<\/strong>. Abaixo, \u00e9 poss\u00edvel conferir as principais datas do cronograma do concurso ISS RJ.<\/p>\n\n\n\n<h3 class=\"wp-block-heading\">Cronograma concurso ISS RJ Analista<\/h3>\n\n\n\n<ul class=\"has-very-light-gray-to-cyan-bluish-gray-gradient-background has-background wp-block-list\">\n<li><strong>Inscri\u00e7\u00f5es<\/strong>: 09\/05 a 12\/06\/2023<\/li>\n\n\n\n<li><strong>Isen\u00e7\u00e3o da taxa<\/strong>: 09 a 11\/05\/2023<\/li>\n\n\n\n<li><strong>\u00daltimo dia para pagamento<\/strong>: 13\/06\/2023<\/li>\n\n\n\n<li><strong>Divulga\u00e7\u00e3o dos locais para realiza\u00e7\u00e3o das provas:<\/strong> 21\/08\/2023<\/li>\n\n\n\n<li><strong>Prova<\/strong>: 27\/08\/2023\n<ul class=\"wp-block-list\">\n<li><strong>P1:&nbsp;<\/strong>08h \u00e0s 11h30min<\/li>\n\n\n\n<li><strong>P2:<\/strong>&nbsp;15h \u00e0s 18h30min<\/li>\n<\/ul>\n<\/li>\n<\/ul>\n\n\n\n<p>Demais datas dever\u00e3o ser publicadas por meio do site da banca organizadora, a <strong><a href=\"https:\/\/conhecimento.fgv.br\/concursos\" target=\"_blank\" rel=\"noreferrer noopener\">FGV<\/a><\/strong>, ou pelo Di\u00e1rio Oficial do Estado. <\/p>\n\n\n\n<h3 class=\"wp-block-heading\">Qual a remunera\u00e7\u00e3o do concurso ISS RJ Analista?<\/h3>\n\n\n\n<ul class=\"wp-block-list\">\n<li><strong>Vencimento B\u00e1sico:<\/strong>&nbsp;R$ 1.833,63<\/li>\n\n\n\n<li><strong>Gratifica\u00e7\u00e3o de Produtividade de Desempenho Or\u00e7ament\u00e1rio \u2013 Lei n\u00ba 4.450\/06:&nbsp;<\/strong>R$ 6.763,20<\/li>\n\n\n\n<li><strong>Gratifica\u00e7\u00e3o Complementar \u2013 Lei n.\u00ba 6.064\/2016 (*):&nbsp;<\/strong>R$ 3.945,20<\/li>\n\n\n\n<li><strong>Total da Remunera\u00e7\u00e3o:<\/strong>&nbsp;R$ 12.542,03<\/li>\n<\/ul>\n\n\n\n<p>O prazo de validade do concurso ISS RJ Analista \u00e9 de 24 meses, contados da data da publica\u00e7\u00e3o da homologa\u00e7\u00e3o do resultado final, podendo ser prorrogado uma \u00fanica vez, por igual per\u00edodo.<\/p>\n\n\n\n<p>Vale lembrar que, em breve, deve ser publicado o edital para o cargo de&nbsp;<strong><a href=\"https:\/\/www.estrategiaconcursos.com.br\/curso\/iss-rj-auditor-fiscal-de-rendas-do-municipio-pacote-2022-fgv-pre-edital\/\" target=\"_blank\" rel=\"noreferrer noopener\">Fiscal de Rendas<\/a><\/strong>, tamb\u00e9m sob organiza\u00e7\u00e3o da FGV.<\/p>\n\n\n\n<p class=\"has-text-align-center\"><em>Para mais detalhes do concurso ISS RJ Analista, cujo artigo especifica sobre o cronograma do edital, acesse o link abaixo. Preparamos um artigo completo, separado por t\u00f3picos, para facilitar a sua compreens\u00e3o:<\/em><\/p>\n\n\n\n<p class=\"has-text-align-center has-background has-medium-font-size\" style=\"background-color:#e0e3e5\"><strong><a href=\"https:\/\/www.estrategiaconcursos.com.br\/blog\/concurso-iss-rj\/\" target=\"_blank\" rel=\"noreferrer noopener\">Mais informa\u00e7\u00f5es do concurso ISS RJ<\/a><\/strong><\/p>\n\n\n\n<hr class=\"wp-block-separator has-css-opacity\"\/>\n\n\n\n<h2 class=\"wp-block-heading has-text-align-center\" id=\"cursos\">Quer estudar para o concurso ISS RJ?<\/h2>\n\n\n\n<div class=\"container\" id=\"boxes\">\r\n  <div class=\"row\">\r\n\r\n    <div class=\"col-sm\">\r\n      <div class=\"banner-estrategia\" id=\"box-assinatura\">\r\n        <h3 class=\"titulo-assinatura\">Cursos para concursos<\/h3>\r\n        <p class=\"subtitulo-assinatura\">Conhe\u00e7a os cursos<\/p>\r\n        <div class=\"box-botao\">\r\n          <a class=\"btn-assinatura\" target=\"_blank\" href=\"https:\/\/www.estrategiaconcursos.com.br\/cursosPorConcurso\/iss-rio-de-janeiro-363\/\" role=\"button\" rel=\"noopener noreferrer\">Conhe\u00e7a mais<\/a>\r\n        <\/div>\r\n      <\/div>\r\n     \r\n    <\/div>\r\n\r\n  <\/div>\r\n<\/div>\n\n\n\n<div class=\"container\" id=\"boxes\">\n  <div class=\"row\">\n\n    <div class=\"col-sm\">\n      <div class=\"estrategia\" id=\"box-assinatura\">\n        <h3 class=\"titulo-assinatura\">Assinatura Concursos<\/h3>\n        <p class=\"subtitulo-assinatura\">Assinatura de 1 ano ou 2 anos<\/p>\n        <div class=\"box-botao\">\n          <a class=\"btn-assinatura\" target=\"_blank\" href=\"https:\/\/www.estrategiaconcursos.com.br\/assinaturas\/\" role=\"button\" rel=\"noopener noreferrer\">ASSINE AGORA<\/a>\n        <\/div>\n      <\/div><\/div><\/div><\/div>\n\n\n\n<h2 class=\"wp-block-heading has-text-align-center\" id=\"h-quer-saber-tudo-sobre-concursos-previstos-confira-nossos-artigos\">Quer saber tudo sobre concursos previstos?<br \/>Confira  nossos artigos!<\/h2>\n\n\n\n<ul class=\"wp-block-list\">\n<li><a href=\"https:\/\/www.estrategiaconcursos.com.br\/blog\/concursos-abertos\/\" target=\"_blank\" rel=\"noreferrer noopener\">Concursos abertos<\/a><\/li>\n\n\n\n<li><a href=\"https:\/\/www.estrategiaconcursos.com.br\/blog\/concursos-2023\/\" target=\"_blank\" rel=\"noreferrer noopener\">Concursos 2023<\/a><\/li>\n<\/ul>\n","protected":false},"excerpt":{"rendered":"<p>A segunda-feira, 08, come\u00e7ou agitada para os concurseiros que esperavam ansiosamente o edital do concurso ISS RJ (Secretaria Municipal de Fazenda e Planejamento do Rio de Janeiro)! O documento foi publicado com 18 vagas para o cargo de Analista de Planejamento e Or\u00e7amento (APO). Abaixo, \u00e9 poss\u00edvel conferir as principais datas do cronograma do concurso [&hellip;]<\/p>\n","protected":false},"author":2018,"featured_media":1174270,"comment_status":"open","ping_status":"closed","sticky":false,"template":"","format":"standard","meta":{"post_tipo":"news","footnotes":""},"categories":[220183,220219],"tags":[],"tax_estado":[219982],"class_list":["post-1212318","post","type-post","status-publish","format-standard","has-post-thumbnail","hentry","category-fiscal-municipal","category-noticias","tax_estado-rj"],"acf":[],"yoast_head":"<!-- This site is optimized with the Yoast SEO Premium plugin v27.2 (Yoast SEO v27.2) - https:\/\/yoast.com\/product\/yoast-seo-premium-wordpress\/ -->\n<title>Concurso ISS: veja o cronograma do edital para Analista!<\/title>\n<meta name=\"description\" content=\"Concurso ISS RJ Analista: com edital publicado, confira as principais datas divulgadas do cronograma. S\u00e3o 18 vagas contempladas!\" \/>\n<meta name=\"robots\" content=\"index, follow, max-snippet:-1, max-image-preview:large, max-video-preview:-1\" \/>\n<link rel=\"canonical\" href=\"https:\/\/www.estrategiaconcursos.com.br\/blog\/concurso-iss-cronograma-analista\/\" \/>\n<meta property=\"og:locale\" content=\"pt_BR\" \/>\n<meta property=\"og:type\" content=\"article\" \/>\n<meta property=\"og:title\" content=\"Concurso ISS: veja o cronograma do edital para Analista!\" \/>\n<meta property=\"og:description\" content=\"Concurso ISS RJ Analista: com edital publicado, confira as principais datas divulgadas do cronograma. S\u00e3o 18 vagas contempladas!\" \/>\n<meta property=\"og:url\" content=\"https:\/\/www.estrategiaconcursos.com.br\/blog\/concurso-iss-cronograma-analista\/\" \/>\n<meta property=\"og:site_name\" content=\"Estrat\u00e9gia Concursos\" \/>\n<meta property=\"article:published_time\" content=\"2023-05-08T16:17:30+00:00\" \/>\n<meta property=\"article:modified_time\" content=\"2023-05-08T18:19:00+00:00\" \/>\n<meta property=\"og:image\" content=\"https:\/\/dhg1h5j42swfq.cloudfront.net\/2023\/02\/17162810\/iss-rj.jpg\" \/>\n\t<meta property=\"og:image:width\" content=\"768\" \/>\n\t<meta property=\"og:image:height\" content=\"432\" \/>\n\t<meta property=\"og:image:type\" content=\"image\/jpeg\" \/>\n<meta name=\"author\" content=\"B\u00e1rbara Carvalho Santos\" \/>\n<meta name=\"twitter:card\" content=\"summary_large_image\" \/>\n<meta name=\"twitter:creator\" content=\"@EstratConcursos\" \/>\n<meta name=\"twitter:site\" content=\"@EstratConcursos\" \/>\n<meta name=\"twitter:label1\" content=\"Escrito por\" \/>\n\t<meta name=\"twitter:data1\" content=\"B\u00e1rbara Carvalho Santos\" \/>\n\t<meta name=\"twitter:label2\" content=\"Est. tempo de leitura\" \/>\n\t<meta name=\"twitter:data2\" content=\"1 minuto\" \/>\n<script type=\"application\/ld+json\" class=\"yoast-schema-graph\">{\"@context\":\"https:\/\/schema.org\",\"@graph\":[{\"@type\":\"NewsArticle\",\"@id\":\"https:\/\/www.estrategiaconcursos.com.br\/blog\/concurso-iss-cronograma-analista\/#article\",\"isPartOf\":{\"@id\":\"https:\/\/www.estrategiaconcursos.com.br\/blog\/concurso-iss-cronograma-analista\/\"},\"author\":{\"name\":\"B\u00e1rbara Carvalho Santos\",\"@id\":\"https:\/\/www.estrategiaconcursos.com.br\/blog\/#\/schema\/person\/e3882259fa157d54c44c21f4ee4e0e60\"},\"headline\":\"Concurso ISS: veja o cronograma do edital para Analista!\",\"datePublished\":\"2023-05-08T16:17:30+00:00\",\"dateModified\":\"2023-05-08T18:19:00+00:00\",\"mainEntityOfPage\":{\"@id\":\"https:\/\/www.estrategiaconcursos.com.br\/blog\/concurso-iss-cronograma-analista\/\"},\"wordCount\":304,\"commentCount\":0,\"publisher\":{\"@id\":\"https:\/\/www.estrategiaconcursos.com.br\/blog\/#organization\"},\"image\":{\"@id\":\"https:\/\/www.estrategiaconcursos.com.br\/blog\/concurso-iss-cronograma-analista\/#primaryimage\"},\"thumbnailUrl\":\"https:\/\/dhg1h5j42swfq.cloudfront.net\/2023\/02\/17162810\/iss-rj.jpg\",\"articleSection\":[\"Fiscal - Municipal (ISS)\",\"\u00daltimas not\u00edcias\"],\"inLanguage\":\"pt-BR\",\"potentialAction\":[{\"@type\":\"CommentAction\",\"name\":\"Comment\",\"target\":[\"https:\/\/www.estrategiaconcursos.com.br\/blog\/concurso-iss-cronograma-analista\/#respond\"]}],\"copyrightYear\":\"2023\",\"copyrightHolder\":{\"@id\":\"https:\/\/www.estrategiaconcursos.com.br\/blog\/#organization\"}},{\"@type\":\"WebPage\",\"@id\":\"https:\/\/www.estrategiaconcursos.com.br\/blog\/concurso-iss-cronograma-analista\/\",\"url\":\"https:\/\/www.estrategiaconcursos.com.br\/blog\/concurso-iss-cronograma-analista\/\",\"name\":\"Concurso ISS: veja o cronograma do edital para Analista!\",\"isPartOf\":{\"@id\":\"https:\/\/www.estrategiaconcursos.com.br\/blog\/#website\"},\"primaryImageOfPage\":{\"@id\":\"https:\/\/www.estrategiaconcursos.com.br\/blog\/concurso-iss-cronograma-analista\/#primaryimage\"},\"image\":{\"@id\":\"https:\/\/www.estrategiaconcursos.com.br\/blog\/concurso-iss-cronograma-analista\/#primaryimage\"},\"thumbnailUrl\":\"https:\/\/dhg1h5j42swfq.cloudfront.net\/2023\/02\/17162810\/iss-rj.jpg\",\"datePublished\":\"2023-05-08T16:17:30+00:00\",\"dateModified\":\"2023-05-08T18:19:00+00:00\",\"description\":\"Concurso ISS RJ Analista: com edital publicado, confira as principais datas divulgadas do cronograma. S\u00e3o 18 vagas contempladas!\",\"breadcrumb\":{\"@id\":\"https:\/\/www.estrategiaconcursos.com.br\/blog\/concurso-iss-cronograma-analista\/#breadcrumb\"},\"inLanguage\":\"pt-BR\",\"potentialAction\":[{\"@type\":\"ReadAction\",\"target\":[\"https:\/\/www.estrategiaconcursos.com.br\/blog\/concurso-iss-cronograma-analista\/\"]}]},{\"@type\":\"ImageObject\",\"inLanguage\":\"pt-BR\",\"@id\":\"https:\/\/www.estrategiaconcursos.com.br\/blog\/concurso-iss-cronograma-analista\/#primaryimage\",\"url\":\"https:\/\/dhg1h5j42swfq.cloudfront.net\/2023\/02\/17162810\/iss-rj.jpg\",\"contentUrl\":\"https:\/\/dhg1h5j42swfq.cloudfront.net\/2023\/02\/17162810\/iss-rj.jpg\",\"width\":768,\"height\":432,\"caption\":\"A Lei 14.010\/2020 (Rela\u00e7\u00f5es Jur\u00eddicas na Pandemia) para ISS-RJ\"},{\"@type\":\"BreadcrumbList\",\"@id\":\"https:\/\/www.estrategiaconcursos.com.br\/blog\/concurso-iss-cronograma-analista\/#breadcrumb\",\"itemListElement\":[{\"@type\":\"ListItem\",\"position\":1,\"name\":\"In\u00edcio\",\"item\":\"https:\/\/www.estrategiaconcursos.com.br\/blog\/\"},{\"@type\":\"ListItem\",\"position\":2,\"name\":\"Concurso ISS: veja o cronograma do edital para Analista!\"}]},{\"@type\":\"WebSite\",\"@id\":\"https:\/\/www.estrategiaconcursos.com.br\/blog\/#website\",\"url\":\"https:\/\/www.estrategiaconcursos.com.br\/blog\/\",\"name\":\"Estrat\u00e9gia Concursos\",\"description\":\"O blog da Estrat\u00e9gia Concursos traz not\u00edcias sobre concursos e artigos de professores oferecendo cursos para concursos (pdf + videaulas) no site.\",\"publisher\":{\"@id\":\"https:\/\/www.estrategiaconcursos.com.br\/blog\/#organization\"},\"potentialAction\":[{\"@type\":\"SearchAction\",\"target\":{\"@type\":\"EntryPoint\",\"urlTemplate\":\"https:\/\/www.estrategiaconcursos.com.br\/blog\/?s={search_term_string}\"},\"query-input\":{\"@type\":\"PropertyValueSpecification\",\"valueRequired\":true,\"valueName\":\"search_term_string\"}}],\"inLanguage\":\"pt-BR\"},{\"@type\":\"Organization\",\"@id\":\"https:\/\/www.estrategiaconcursos.com.br\/blog\/#organization\",\"name\":\"Estrat\u00e9gia Concursos\",\"url\":\"https:\/\/www.estrategiaconcursos.com.br\/blog\/\",\"logo\":{\"@type\":\"ImageObject\",\"inLanguage\":\"pt-BR\",\"@id\":\"https:\/\/www.estrategiaconcursos.com.br\/blog\/#\/schema\/logo\/image\/\",\"url\":\"https:\/\/dhg1h5j42swfq.cloudfront.net\/2025\/06\/03203428\/logo_concursos-1.jpg\",\"contentUrl\":\"https:\/\/dhg1h5j42swfq.cloudfront.net\/2025\/06\/03203428\/logo_concursos-1.jpg\",\"width\":230,\"height\":60,\"caption\":\"Estrat\u00e9gia Concursos\"},\"image\":{\"@id\":\"https:\/\/www.estrategiaconcursos.com.br\/blog\/#\/schema\/logo\/image\/\"},\"sameAs\":[\"https:\/\/x.com\/EstratConcursos\"]},{\"@type\":\"Person\",\"@id\":\"https:\/\/www.estrategiaconcursos.com.br\/blog\/#\/schema\/person\/e3882259fa157d54c44c21f4ee4e0e60\",\"name\":\"B\u00e1rbara Carvalho Santos\",\"image\":{\"@type\":\"ImageObject\",\"inLanguage\":\"pt-BR\",\"@id\":\"https:\/\/secure.gravatar.com\/avatar\/353300f73140f779692b9be2b39f434d1341e4e34c7f55bd5a990fe29ef352eb?s=96&d=mm&r=g\",\"url\":\"https:\/\/secure.gravatar.com\/avatar\/353300f73140f779692b9be2b39f434d1341e4e34c7f55bd5a990fe29ef352eb?s=96&d=mm&r=g\",\"contentUrl\":\"https:\/\/secure.gravatar.com\/avatar\/353300f73140f779692b9be2b39f434d1341e4e34c7f55bd5a990fe29ef352eb?s=96&d=mm&r=g\",\"caption\":\"B\u00e1rbara Carvalho Santos\"},\"description\":\"M\u00e3e e jornalista formada pela UNIP, possui ampla experi\u00eancia na cobertura de entretenimento em grandes ve\u00edculos, como o site da CNN, RedeTV! e Estrat\u00e9gia Educacional. Atuou tamb\u00e9m em ag\u00eancias de marketing, produtoras musicais e assessorias de imprensa, com foco especial no trabalho com personalidades p\u00fablicas. Atualmente, integra a equipe do Estrat\u00e9gia Concursos, onde \u00e9 respons\u00e1vel pela produ\u00e7\u00e3o de conte\u00fados estrat\u00e9gicos voltados para o setor de concursos p\u00fablicos, com destaque para a \u00e1rea fiscal, gest\u00e3o, controle, concursos administrativos e Minist\u00e9rios participantes do CNU, al\u00e9m de diversos \u00f3rg\u00e3os federais. Tem como miss\u00e3o transformar informa\u00e7\u00f5es complexas em conte\u00fados acess\u00edveis, relevantes e de alto valor para quem sonha com uma carreira no servi\u00e7o p\u00fablico.\",\"url\":\"https:\/\/www.estrategiaconcursos.com.br\/blog\/author\/barbara-santos\/\"}]}<\/script>\n<!-- \/ Yoast SEO Premium plugin. -->","yoast_head_json":{"title":"Concurso ISS: veja o cronograma do edital para Analista!","description":"Concurso ISS RJ Analista: com edital publicado, confira as principais datas divulgadas do cronograma. S\u00e3o 18 vagas contempladas!","robots":{"index":"index","follow":"follow","max-snippet":"max-snippet:-1","max-image-preview":"max-image-preview:large","max-video-preview":"max-video-preview:-1"},"canonical":"https:\/\/www.estrategiaconcursos.com.br\/blog\/concurso-iss-cronograma-analista\/","og_locale":"pt_BR","og_type":"article","og_title":"Concurso ISS: veja o cronograma do edital para Analista!","og_description":"Concurso ISS RJ Analista: com edital publicado, confira as principais datas divulgadas do cronograma. S\u00e3o 18 vagas contempladas!","og_url":"https:\/\/www.estrategiaconcursos.com.br\/blog\/concurso-iss-cronograma-analista\/","og_site_name":"Estrat\u00e9gia Concursos","article_published_time":"2023-05-08T16:17:30+00:00","article_modified_time":"2023-05-08T18:19:00+00:00","og_image":[{"width":768,"height":432,"url":"https:\/\/dhg1h5j42swfq.cloudfront.net\/2023\/02\/17162810\/iss-rj.jpg","type":"image\/jpeg"}],"author":"B\u00e1rbara Carvalho Santos","twitter_card":"summary_large_image","twitter_creator":"@EstratConcursos","twitter_site":"@EstratConcursos","twitter_misc":{"Escrito por":"B\u00e1rbara Carvalho Santos","Est. tempo de leitura":"1 minuto"},"schema":{"@context":"https:\/\/schema.org","@graph":[{"@type":"NewsArticle","@id":"https:\/\/www.estrategiaconcursos.com.br\/blog\/concurso-iss-cronograma-analista\/#article","isPartOf":{"@id":"https:\/\/www.estrategiaconcursos.com.br\/blog\/concurso-iss-cronograma-analista\/"},"author":{"name":"B\u00e1rbara Carvalho Santos","@id":"https:\/\/www.estrategiaconcursos.com.br\/blog\/#\/schema\/person\/e3882259fa157d54c44c21f4ee4e0e60"},"headline":"Concurso ISS: veja o cronograma do edital para Analista!","datePublished":"2023-05-08T16:17:30+00:00","dateModified":"2023-05-08T18:19:00+00:00","mainEntityOfPage":{"@id":"https:\/\/www.estrategiaconcursos.com.br\/blog\/concurso-iss-cronograma-analista\/"},"wordCount":304,"commentCount":0,"publisher":{"@id":"https:\/\/www.estrategiaconcursos.com.br\/blog\/#organization"},"image":{"@id":"https:\/\/www.estrategiaconcursos.com.br\/blog\/concurso-iss-cronograma-analista\/#primaryimage"},"thumbnailUrl":"https:\/\/dhg1h5j42swfq.cloudfront.net\/2023\/02\/17162810\/iss-rj.jpg","articleSection":["Fiscal - Municipal (ISS)","\u00daltimas not\u00edcias"],"inLanguage":"pt-BR","potentialAction":[{"@type":"CommentAction","name":"Comment","target":["https:\/\/www.estrategiaconcursos.com.br\/blog\/concurso-iss-cronograma-analista\/#respond"]}],"copyrightYear":"2023","copyrightHolder":{"@id":"https:\/\/www.estrategiaconcursos.com.br\/blog\/#organization"}},{"@type":"WebPage","@id":"https:\/\/www.estrategiaconcursos.com.br\/blog\/concurso-iss-cronograma-analista\/","url":"https:\/\/www.estrategiaconcursos.com.br\/blog\/concurso-iss-cronograma-analista\/","name":"Concurso ISS: veja o cronograma do edital para Analista!","isPartOf":{"@id":"https:\/\/www.estrategiaconcursos.com.br\/blog\/#website"},"primaryImageOfPage":{"@id":"https:\/\/www.estrategiaconcursos.com.br\/blog\/concurso-iss-cronograma-analista\/#primaryimage"},"image":{"@id":"https:\/\/www.estrategiaconcursos.com.br\/blog\/concurso-iss-cronograma-analista\/#primaryimage"},"thumbnailUrl":"https:\/\/dhg1h5j42swfq.cloudfront.net\/2023\/02\/17162810\/iss-rj.jpg","datePublished":"2023-05-08T16:17:30+00:00","dateModified":"2023-05-08T18:19:00+00:00","description":"Concurso ISS RJ Analista: com edital publicado, confira as principais datas divulgadas do cronograma. S\u00e3o 18 vagas contempladas!","breadcrumb":{"@id":"https:\/\/www.estrategiaconcursos.com.br\/blog\/concurso-iss-cronograma-analista\/#breadcrumb"},"inLanguage":"pt-BR","potentialAction":[{"@type":"ReadAction","target":["https:\/\/www.estrategiaconcursos.com.br\/blog\/concurso-iss-cronograma-analista\/"]}]},{"@type":"ImageObject","inLanguage":"pt-BR","@id":"https:\/\/www.estrategiaconcursos.com.br\/blog\/concurso-iss-cronograma-analista\/#primaryimage","url":"https:\/\/dhg1h5j42swfq.cloudfront.net\/2023\/02\/17162810\/iss-rj.jpg","contentUrl":"https:\/\/dhg1h5j42swfq.cloudfront.net\/2023\/02\/17162810\/iss-rj.jpg","width":768,"height":432,"caption":"A Lei 14.010\/2020 (Rela\u00e7\u00f5es Jur\u00eddicas na Pandemia) para ISS-RJ"},{"@type":"BreadcrumbList","@id":"https:\/\/www.estrategiaconcursos.com.br\/blog\/concurso-iss-cronograma-analista\/#breadcrumb","itemListElement":[{"@type":"ListItem","position":1,"name":"In\u00edcio","item":"https:\/\/www.estrategiaconcursos.com.br\/blog\/"},{"@type":"ListItem","position":2,"name":"Concurso ISS: veja o cronograma do edital para Analista!"}]},{"@type":"WebSite","@id":"https:\/\/www.estrategiaconcursos.com.br\/blog\/#website","url":"https:\/\/www.estrategiaconcursos.com.br\/blog\/","name":"Estrat\u00e9gia Concursos","description":"O blog da Estrat\u00e9gia Concursos traz not\u00edcias sobre concursos e artigos de professores oferecendo cursos para concursos (pdf + videaulas) no site.","publisher":{"@id":"https:\/\/www.estrategiaconcursos.com.br\/blog\/#organization"},"potentialAction":[{"@type":"SearchAction","target":{"@type":"EntryPoint","urlTemplate":"https:\/\/www.estrategiaconcursos.com.br\/blog\/?s={search_term_string}"},"query-input":{"@type":"PropertyValueSpecification","valueRequired":true,"valueName":"search_term_string"}}],"inLanguage":"pt-BR"},{"@type":"Organization","@id":"https:\/\/www.estrategiaconcursos.com.br\/blog\/#organization","name":"Estrat\u00e9gia Concursos","url":"https:\/\/www.estrategiaconcursos.com.br\/blog\/","logo":{"@type":"ImageObject","inLanguage":"pt-BR","@id":"https:\/\/www.estrategiaconcursos.com.br\/blog\/#\/schema\/logo\/image\/","url":"https:\/\/dhg1h5j42swfq.cloudfront.net\/2025\/06\/03203428\/logo_concursos-1.jpg","contentUrl":"https:\/\/dhg1h5j42swfq.cloudfront.net\/2025\/06\/03203428\/logo_concursos-1.jpg","width":230,"height":60,"caption":"Estrat\u00e9gia Concursos"},"image":{"@id":"https:\/\/www.estrategiaconcursos.com.br\/blog\/#\/schema\/logo\/image\/"},"sameAs":["https:\/\/x.com\/EstratConcursos"]},{"@type":"Person","@id":"https:\/\/www.estrategiaconcursos.com.br\/blog\/#\/schema\/person\/e3882259fa157d54c44c21f4ee4e0e60","name":"B\u00e1rbara Carvalho Santos","image":{"@type":"ImageObject","inLanguage":"pt-BR","@id":"https:\/\/secure.gravatar.com\/avatar\/353300f73140f779692b9be2b39f434d1341e4e34c7f55bd5a990fe29ef352eb?s=96&d=mm&r=g","url":"https:\/\/secure.gravatar.com\/avatar\/353300f73140f779692b9be2b39f434d1341e4e34c7f55bd5a990fe29ef352eb?s=96&d=mm&r=g","contentUrl":"https:\/\/secure.gravatar.com\/avatar\/353300f73140f779692b9be2b39f434d1341e4e34c7f55bd5a990fe29ef352eb?s=96&d=mm&r=g","caption":"B\u00e1rbara Carvalho Santos"},"description":"M\u00e3e e jornalista formada pela UNIP, possui ampla experi\u00eancia na cobertura de entretenimento em grandes ve\u00edculos, como o site da CNN, RedeTV! e Estrat\u00e9gia Educacional. Atuou tamb\u00e9m em ag\u00eancias de marketing, produtoras musicais e assessorias de imprensa, com foco especial no trabalho com personalidades p\u00fablicas. Atualmente, integra a equipe do Estrat\u00e9gia Concursos, onde \u00e9 respons\u00e1vel pela produ\u00e7\u00e3o de conte\u00fados estrat\u00e9gicos voltados para o setor de concursos p\u00fablicos, com destaque para a \u00e1rea fiscal, gest\u00e3o, controle, concursos administrativos e Minist\u00e9rios participantes do CNU, al\u00e9m de diversos \u00f3rg\u00e3os federais. Tem como miss\u00e3o transformar informa\u00e7\u00f5es complexas em conte\u00fados acess\u00edveis, relevantes e de alto valor para quem sonha com uma carreira no servi\u00e7o p\u00fablico.","url":"https:\/\/www.estrategiaconcursos.com.br\/blog\/author\/barbara-santos\/"}]}},"_links":{"self":[{"href":"https:\/\/www.estrategiaconcursos.com.br\/blog\/wp-json\/wp\/v2\/posts\/1212318","targetHints":{"allow":["GET"]}}],"collection":[{"href":"https:\/\/www.estrategiaconcursos.com.br\/blog\/wp-json\/wp\/v2\/posts"}],"about":[{"href":"https:\/\/www.estrategiaconcursos.com.br\/blog\/wp-json\/wp\/v2\/types\/post"}],"author":[{"embeddable":true,"href":"https:\/\/www.estrategiaconcursos.com.br\/blog\/wp-json\/wp\/v2\/users\/2018"}],"replies":[{"embeddable":true,"href":"https:\/\/www.estrategiaconcursos.com.br\/blog\/wp-json\/wp\/v2\/comments?post=1212318"}],"version-history":[{"count":8,"href":"https:\/\/www.estrategiaconcursos.com.br\/blog\/wp-json\/wp\/v2\/posts\/1212318\/revisions"}],"predecessor-version":[{"id":1212499,"href":"https:\/\/www.estrategiaconcursos.com.br\/blog\/wp-json\/wp\/v2\/posts\/1212318\/revisions\/1212499"}],"wp:featuredmedia":[{"embeddable":true,"href":"https:\/\/www.estrategiaconcursos.com.br\/blog\/wp-json\/wp\/v2\/media\/1174270"}],"wp:attachment":[{"href":"https:\/\/www.estrategiaconcursos.com.br\/blog\/wp-json\/wp\/v2\/media?parent=1212318"}],"wp:term":[{"taxonomy":"category","embeddable":true,"href":"https:\/\/www.estrategiaconcursos.com.br\/blog\/wp-json\/wp\/v2\/categories?post=1212318"},{"taxonomy":"post_tag","embeddable":true,"href":"https:\/\/www.estrategiaconcursos.com.br\/blog\/wp-json\/wp\/v2\/tags?post=1212318"},{"taxonomy":"tax_estado","embeddable":true,"href":"https:\/\/www.estrategiaconcursos.com.br\/blog\/wp-json\/wp\/v2\/tax_estado?post=1212318"}],"curies":[{"name":"wp","href":"https:\/\/api.w.org\/{rel}","templated":true}]}}