{"id":1211909,"date":"2023-06-05T08:00:00","date_gmt":"2023-06-05T11:00:00","guid":{"rendered":"https:\/\/www.estrategiaconcursos.com.br\/blog\/?p=1211909"},"modified":"2023-06-13T13:46:48","modified_gmt":"2023-06-13T16:46:48","slug":"causas-exclusao-conduta","status":"publish","type":"post","link":"https:\/\/www.estrategiaconcursos.com.br\/blog\/causas-exclusao-conduta\/","title":{"rendered":"Causas de Exclus\u00e3o da Conduta: Resumo para Carreiras Policiais"},"content":{"rendered":"\n<p><\/p><p><\/p><p><\/p><p><span style=\"font-size: revert; color: initial;\">No presente resumo sobre<\/span><strong style=\"font-size: revert; color: initial;\"> a<\/strong><span style=\"font-size: revert; color: initial;\"><strong>s causas de exclus\u00e3o da conduta do agente<\/strong>, trataremos de um tema de alta incid\u00eancia nos concursos das carreiras policiais.    <\/span><\/p><span style=\"color: initial; font-size: revert;\">Os concursos da \u00e1rea de Seguran\u00e7a P\u00fablica prometem in\u00fameras vagas neste ano. <\/span>\n\n\n\n<p>Confira <a href=\"https:\/\/www.estrategiaconcursos.com.br\/blog\/concursos-de-policia\/\">aqui<\/a> todos os concursos da \u00e1rea de seguran\u00e7a p\u00fablica previstos para os pr\u00f3ximos meses.<\/p>\n\n\n\n<p>Lembrando que, al\u00e9m da teoria abaixo exposta, para a sua aprova\u00e7\u00e3o, \u00e9 essencial a leitura do <a href=\"https:\/\/www.planalto.gov.br\/ccivil_03\/decreto-lei\/del2848compilado.htm\" target=\"_blank\" rel=\"noreferrer noopener\">C\u00f3digo Penal<\/a>, j\u00e1 que as bancas adoram cobrar a literalidade dos dispositivos nos certames.<\/p>\n\n\n\n<figure class=\"wp-block-gallery has-nested-images columns-default is-cropped wp-block-gallery-1 is-layout-flex wp-block-gallery-is-layout-flex\">\n<figure class=\"wp-block-image size-large is-style-default\"><img loading=\"lazy\" decoding=\"async\" width=\"1024\" height=\"597\" data-id=\"1013494\" src=\"https:\/\/dhg1h5j42swfq.cloudfront.net\/2022\/04\/22113903\/consurso-da-policia-civil-da-bahia-1024x597.jpg\" alt=\"causas de exclus\u00e3o da conduta\" class=\"wp-image-1013494\" title=\"Causas de Exclus\u00e3o da Conduta\" srcset=\"https:\/\/dhg1h5j42swfq.cloudfront.net\/2022\/04\/22113903\/consurso-da-policia-civil-da-bahia-1024x597.jpg 1024w, https:\/\/dhg1h5j42swfq.cloudfront.net\/2022\/04\/22113903\/consurso-da-policia-civil-da-bahia-300x175.jpg 300w, https:\/\/dhg1h5j42swfq.cloudfront.net\/2022\/04\/22113903\/consurso-da-policia-civil-da-bahia-768x448.jpg 768w, https:\/\/dhg1h5j42swfq.cloudfront.net\/2022\/04\/22113903\/consurso-da-policia-civil-da-bahia-610x356.jpg 610w, https:\/\/dhg1h5j42swfq.cloudfront.net\/2022\/04\/22113903\/consurso-da-policia-civil-da-bahia.jpg 1200w\" sizes=\"auto, (max-width: 1024px) 100vw, 1024px\" \/><\/figure>\n<\/figure>\n\n\n\n<p> T\u00f3picos a serem vistos:<\/p>\n\n\n\n<ul class=\"wp-block-list\">\n<li>Aspectos Introdut\u00f3rios<\/li>\n\n\n\n<li>Esp\u00e9cies de Causas de Exclus\u00e3o da Conduta<\/li>\n\n\n\n<li>Quest\u00f5es de Concurso<\/li>\n<\/ul>\n\n\n\n<p>Vamos l\u00e1.<\/p>\n\n\n\n<h2 class=\"wp-block-heading\" id=\"h-aspectos-introdutorios\">ASPECTOS INTRODUT\u00d3RIOS <\/h2>\n\n\n\n<p>Segundo a doutrina dominante, o crime, em seu conceito anal\u00edtico, comp\u00f5e-se de<strong> fato t\u00edpico, il\u00edcito e cul<\/strong>p\u00e1vel.<\/p>\n\n\n\n<p>O fato t\u00edpico, segundo a vis\u00e3o trazida pelo finalismo, \u00e9 composto pelos seguintes elementos:<\/p>\n\n\n\n<p><strong>a)conduta dolosa ou culposa, comissiva ou omissiva;<\/strong><\/p>\n\n\n\n<p>b)resultado;<\/p>\n\n\n\n<p>c)nexo de causalidade;<\/p>\n\n\n\n<p>d)tipicidade.<\/p>\n\n\n\n<p><strong>Tendo por base o finalismo de Welzel, por conduta entende-se o comportamento humano volunt\u00e1rio dirigido a uma finalidade.<\/strong><\/p>\n\n\n\n<p>Destaca-se que a conduta pode ser dolosa, quando o agente possui consci\u00eancia e vontade de produzir diretamente o resultado ou assume o risco de produzi-lo, ou culposa, nos casos em que age com imprud\u00eancia, imper\u00edcia ou neglig\u00eancia.<\/p>\n\n\n\n<p>Assim, <strong>se o agente n\u00e3o atua dolosa ou culposamente, n\u00e3o haver\u00e1 a\u00e7\u00e3o<\/strong>. \u00c9 justamente nesse fato que se baseiam as causas de exclus\u00e3o da conduta.<\/p>\n\n\n\n<h2 class=\"wp-block-heading\" id=\"h-especies-causas-de-exclusao-da-conduta\">ESP\u00c9CIES &#8211; Causas de Exclus\u00e3o da Conduta<\/h2>\n\n\n\n<p>A doutrina elenca 3 principais causas de exclus\u00e3o da conduta, hip\u00f3tese em que n\u00e3o haver\u00e1 crime por aus\u00eancia, consequentemente, do elemento do fato t\u00edpico:<\/p>\n\n\n\n<p><strong>i)for\u00e7a f\u00edsica irresist\u00edvel;<\/strong><\/p>\n\n\n\n<p><strong>ii)estados de inconsci\u00eancia;<\/strong><\/p>\n\n\n\n<p><strong>iii)movimentos reflexos.<\/strong><\/p>\n\n\n\n<p>Destaca-se que a for\u00e7a f\u00edsica irresist\u00edvel pode se originar da natureza ou da a\u00e7\u00e3o de um terceiro. Em rela\u00e7\u00e3o ao primeiro caso, cita-se o exemplo do indiv\u00edduo que \u00e9 levado por uma enchente e no trajeto acaba por lesionar um terceiro. Por outro lado, no segundo caso, ocorre a denominada coa\u00e7\u00e3o f\u00edsica irresist\u00edvel(vis absoluta), em que o agente nada mais \u00e9 que um instrumento nas m\u00e3os de um terceiro.<\/p>\n\n\n\n<p>Assim elimina-se completamente a vontade do coagido. Exclui-se a conduta, e, consequentemente, o fato t\u00edpico praticado pelo coagido.<\/p>\n\n\n\n<p>Nas li\u00e7\u00f5es de Luiz Regis Prado(PRADO, Luiz Regis.&nbsp;<em>Tratado de Direito Penal<\/em>: parte geral \u2013 arts. 1\u00ba a 120 do CP. 3. ed. Rio de Janeiro: Forense, 2019. v. 1, p. 210):<\/p>\n\n\n\n<blockquote class=\"wp-block-quote is-layout-flow wp-block-quote-is-layout-flow\">\n<blockquote class=\"wp-block-quote is-layout-flow wp-block-quote-is-layout-flow\">\n<p><em><strong>A coa\u00e7\u00e3o f\u00edsica irresist\u00edvel, \u201cvis absoluta\u201d, exclui a pr\u00f3pria a\u00e7\u00e3o por aus\u00eancia de vontade. Nesse caso, o executor \u00e9 considerado apenas um instrumento mec\u00e2nico de realiza\u00e7\u00e3o da vontade do coator, que, na realidade, \u00e9 o autor mediato.<\/strong><\/em><\/p>\n\n\n\n<p>Ademais, <strong>os estados de total inconsci\u00eancia, como o sonambulismo e os ataques epil\u00e9ticos, tamb\u00e9m  <\/strong>configuram causas de exclus\u00e3o da conduta.<\/p>\n\n\n\n<p>Por fim, cabe mencionar os atos reflexos como mais uma das causas de exclus\u00e3o da conduta<\/p>\n\n\n\n<p>Nas li\u00e7\u00f5es de Rog\u00e9rio Greco(GRECO, Rog\u00e9rio. C\u00f3digo penal comentado. 11. ed. 2017 Niter\u00f3i, RJ: Impetus, 2017):<\/p>\n\n\n\n<p><em>\u00c9 o caso, por exemplo, daquele que, ao colocar o fio de seu aparelho de som em uma tomada recebe uma pequena descarga el\u00e9trica e, num efeito reflexo, ao movimentar seu corpo, atinge outra pessoa, causando-lhe les\u00f5es.<\/em><strong><em> N\u00e3o podemos imputar-lhe esse resultado, em face da inexist\u00eancia de conduta. Sem a conduta humana, dolosa ou culposa, n\u00e3o h\u00e1 fato t\u00edpico, e sem o fato t\u00edpico n\u00e3o se pode falar em crim<\/em>e.<\/strong><\/p>\n\n\n\n<h2 class=\"wp-block-heading\" id=\"h-questoes-causas-de-exclusao-da-conduta\">QUEST\u00d5ES &#8211; Causas de Exclus\u00e3o da Conduta<\/h2>\n\n\n\n<p><strong>FGV &#8211; PC AM &#8211; Escriv\u00e3o de Pol\u00edcia &#8211; 2022<\/strong><\/p>\n\n\n\n<p>Segundo o conceito anal\u00edtico de crime, o instituto \u00e9 composto por tr\u00eas elementos, quais sejam, o fato t\u00edpico, a ilicitude ou antijuridicidade e a culpabilidade. O fato t\u00edpico, por sua vez, \u00e9 composto por conduta, resultado, nexo de causalidade e tipicidade.<\/p>\n\n\n\n<p>Analise as proposi\u00e7\u00f5es a seguir e assinale aquela que cont\u00e9m somente causas de exclus\u00e3o da tipicidade.<\/p>\n\n\n\n<p>A)Coa\u00e7\u00e3o moral irresist\u00edvel, estados de inconsci\u00eancia e obedi\u00eancia hier\u00e1rquica.<\/p>\n\n\n\n<p>B)Coa\u00e7\u00e3o f\u00edsica irresist\u00edvel, estados de inconsci\u00eancia e atos reflexos.<\/p>\n\n\n\n<p>C)Coa\u00e7\u00e3o f\u00edsica irresist\u00edvel, estrito cumprimento do dever legal e estados de inconsci\u00eancia.<\/p>\n\n\n\n<p>D)Coa\u00e7\u00e3o moral irresist\u00edvel, estados de inconsci\u00eancia e exerc\u00edcio regular de direito.<\/p>\n\n\n\n<p>E)Coa\u00e7\u00e3o f\u00edsica irresist\u00edvel, obedi\u00eancia hier\u00e1rquica e atos reflexos.<\/p>\n\n\n\n<p>Gabarito: B<\/p>\n\n\n\n<p><strong>Coment\u00e1rios: O estrito cumprimento do dever legal e o exerc\u00edcio regular de direito s\u00e3o causas de exclus\u00e3o da ilicitude(art. 23 do <a href=\"https:\/\/www.planalto.gov.br\/ccivil_03\/decreto-lei\/del2848compilado.htm\" target=\"_blank\" rel=\"noreferrer noopener\">C\u00f3digo Penal<\/a>).<\/strong><\/p>\n\n\n\n<p><strong>A obedi\u00eancia hier\u00e1rquica \u00e9 causa de exclus\u00e3o da culpabilidade(art. 22 do <\/strong><a href=\"https:\/\/www.planalto.gov.br\/ccivil_03\/decreto-lei\/del2848compilado.htm\"><strong>C\u00f3digo Penal<\/strong><\/a><strong>), fundada na inexigibilidade de conduta diversa.<\/strong><\/p>\n\n\n\n<p>A coa\u00e7\u00e3o f\u00edsica irresist\u00edvel, o estado de inconsci\u00eancia e os atos reflexos s\u00e3o causas de exclus\u00e3o da conduta.<\/p>\n\n\n\n<p><strong>Instituto AOCP &#8211; PC PA &#8211; Investigador de Pol\u00edcia Civil &#8211; 2021<\/strong><\/p>\n\n\n\n<p>A coa\u00e7\u00e3o f\u00edsica irresist\u00edvel funciona como causa excludente da culpabilidade, em face da inexigibilidade de conduta diversa. J\u00e1 a coa\u00e7\u00e3o moral irresist\u00edvel exclui a conduta e, consequentemente, o fato t\u00edpico.<\/p>\n\n\n\n<p>Gabarito: E<\/p>\n\n\n\n<p>Coment\u00e1rios: <strong>A coa\u00e7\u00e3o f\u00edsica irresist\u00edvel funciona como causa excludente da conduta do agente, uma vez que esse n\u00e3o age com dolo ou culpa, sendo mero instrumento do coator.<\/strong><\/p>\n\n\n\n<p><strong>Por outro lado, a coa\u00e7\u00e3o moral irresist\u00edvel funciona como causa excludente da culpabilidade, em face da inexigibilidade de conduta diversa.<\/strong><\/p>\n\n\n\n<p><strong>IDECAN &#8211; PC CE &#8211; Inspetor &#8211; 2021<\/strong> &#8211; causas de exclus\u00e3o da conduta<\/p>\n\n\n\n<p>Vin\u00edcius sofre de sonambulismo desde a mais tenra idade. Certa noite, durante o sono, Vin\u00edcius, em estado de inconsci\u00eancia, se levanta e se dirige at\u00e9 o escrit\u00f3rio de sua casa e pega uma tesoura na gaveta. Nesse momento, sua esposa toca em seu ombro para lev\u00e1-lo de volta \u00e0 cama, ocasi\u00e3o em que Vin\u00edcius, ainda son\u00e2mbulo, se vira e desfere cinco golpes com a tesoura em sua esposa, na altura do abd\u00f4men. Ato cont\u00ednuo, Vin\u00edcius retorna para o quarto e continua seu sono, enquanto sua esposa cai inconsciente e morre minutos depois em virtude da excessiva perda de sangue.<\/p>\n\n\n\n<p>Nessa hip\u00f3tese, \u00e9 correto afirmar que Vin\u00edcius<\/p>\n\n\n\n<p>A)deve responder por delito de homic\u00eddio culposo.<\/p>\n\n\n\n<p>B)deve responder por delito de homic\u00eddio doloso, praticado com dolo eventual.<\/p>\n\n\n\n<p>C)n\u00e3o praticou crime, pois o estado de inconsci\u00eancia exclui a culpabilidade pela inexigibilidade de conduta diversa.<\/p>\n\n\n\n<p><strong>D)n\u00e3o praticou crime, pois o estado de inconsci\u00eancia exclui a conduta, por aus\u00eancia de voluntariedade no movimento.<\/strong><\/p>\n\n\n\n<p>E)deve responder por delito de homic\u00eddio preterdoloso.<\/p>\n\n\n\n<p>Gabarito: D<\/p>\n\n\n\n<h2 class=\"wp-block-heading\" id=\"h-finalizando\">FINALIZANDO <\/h2>\n\n\n\n<p>Chegamos ao fim do nosso resumo sobre as Causas de Exclus\u00e3o da Conduta.<\/p>\n\n\n\n<p><span style=\"font-size: revert; color: initial;\">Caso queira ter a mais completa prepara\u00e7\u00e3o para o seu concurso p\u00fablico, invista nos&nbsp;<\/span><a style=\"font-size: revert;\" href=\"https:\/\/www.estrategiaconcursos.com.br\/cursos\/concurso\/\">cursos completos&nbsp;<\/a><span style=\"font-size: revert; color: initial;\">do&nbsp;<\/span><strong style=\"font-size: revert; color: initial;\">Estrat\u00e9gia Concursos<\/strong><span style=\"font-size: revert; color: initial;\">.<\/span><\/p>\n\n\n\n<p><span style=\"font-size: revert; color: initial;\">L\u00e1 voc\u00ea encontrar\u00e1 tudo o que precisa para atingir o cargo dos seus sonhos.       <\/span><\/p>\n\n\n\n<p>Al\u00e9m disso, \u00e9 essencial acompanhar a evolu\u00e7\u00e3o dos seus estudos por meio do&nbsp;<a href=\"https:\/\/questoes.estrategiaconcursos.com.br\/\">Sistema de Quest\u00f5es do Estrat\u00e9gia<\/a>, n\u00e3o deixe para marcar o \u201cx\u201d somente no dia da prova.<\/p>\n\n\n\n<p>Grande abra\u00e7o a todos.<\/p>\n\n\n\n<p>Victor Baio<\/p>\n<\/blockquote>\n<\/blockquote>\n\n\n\n<p><\/p><p><\/p><p><\/p><p><\/p><p class=\"has-text-align-center has-pale-cyan-blue-background-color has-background has-medium-font-size\"><a href=\"https:\/\/www.estrategiaconcursos.com.br\/blog\/concursos-abertos\/\" target=\"_blank\" rel=\"noreferrer noopener\">Concursos abertos<\/a><\/p>   <p class=\"has-text-align-center has-pale-cyan-blue-background-color has-background has-medium-font-size\"><a href=\"https:\/\/www.estrategiaconcursos.com.br\/blog\/concursos-2023\/\" target=\"_blank\" rel=\"noreferrer noopener\">Concursos 2023<\/a><\/p>\n\n\n\n<p><\/p>\n","protected":false},"excerpt":{"rendered":"<p>Causas de Exclus\u00e3o da Conduta<\/p>\n","protected":false},"author":2343,"featured_media":1005470,"comment_status":"open","ping_status":"closed","sticky":false,"template":"","format":"standard","meta":{"post_tipo":"article","footnotes":""},"categories":[220188,1988,220189,220190,220186,220187],"tags":[221437,221436],"tax_estado":[219964,219965,219966,219967,219968,219969,219963,219970,219971,219972,219973,219974,219975,219976,219977,219978,219979,219980,219981,219982,219983,219984,219985,219986,219987,219988,219989,219990],"class_list":["post-1211909","post","type-post","status-publish","format-standard","has-post-thumbnail","hentry","category-policial-agente-penitenciario","category-policia","category-policial-guarda-civis","category-policial-peritos","category-policial-oficial","category-policial-pracas","tag-causas-de-exclusao-da-conduta","tag-exclusao-da-conduta","tax_estado-ac","tax_estado-al","tax_estado-am","tax_estado-ap","tax_estado-ba","tax_estado-ce","tax_estado-concursos-federais","tax_estado-df","tax_estado-es","tax_estado-go","tax_estado-ma","tax_estado-mg","tax_estado-ms","tax_estado-mt","tax_estado-pa","tax_estado-pb","tax_estado-pe","tax_estado-pi","tax_estado-pr","tax_estado-rj","tax_estado-rn","tax_estado-ro","tax_estado-rr","tax_estado-rs","tax_estado-sc","tax_estado-se","tax_estado-sp","tax_estado-to"],"acf":[],"yoast_head":"<!-- This site is optimized with the Yoast SEO Premium plugin v27.2 (Yoast SEO v27.2) - https:\/\/yoast.com\/product\/yoast-seo-premium-wordpress\/ -->\n<title>Causas de Exclus\u00e3o da Conduta: Resumo para Carreiras Policiais<\/title>\n<meta name=\"description\" content=\"Causas de Exclus\u00e3o da Conduta. Fique por dentro dessa tema de alta relev\u00e2ncia para a sua aprova\u00e7\u00e3o nos concursos das Carreiras Policiais.\" \/>\n<meta name=\"robots\" content=\"index, follow, max-snippet:-1, max-image-preview:large, max-video-preview:-1\" \/>\n<link rel=\"canonical\" href=\"https:\/\/www.estrategiaconcursos.com.br\/blog\/causas-exclusao-conduta\/\" \/>\n<meta property=\"og:locale\" content=\"pt_BR\" \/>\n<meta property=\"og:type\" content=\"article\" \/>\n<meta property=\"og:title\" content=\"Causas de Exclus\u00e3o da Conduta: Resumo para Carreiras Policiais\" \/>\n<meta property=\"og:description\" content=\"Causas de Exclus\u00e3o da Conduta. Fique por dentro dessa tema de alta relev\u00e2ncia para a sua aprova\u00e7\u00e3o nos concursos das Carreiras Policiais.\" \/>\n<meta property=\"og:url\" content=\"https:\/\/www.estrategiaconcursos.com.br\/blog\/causas-exclusao-conduta\/\" \/>\n<meta property=\"og:site_name\" content=\"Estrat\u00e9gia Concursos\" \/>\n<meta property=\"article:published_time\" content=\"2023-06-05T11:00:00+00:00\" \/>\n<meta property=\"article:modified_time\" content=\"2023-06-13T16:46:48+00:00\" \/>\n<meta property=\"og:image\" content=\"https:\/\/dhg1h5j42swfq.cloudfront.net\/2022\/04\/08192730\/policia_legislativa-senado.jpg\" \/>\n\t<meta property=\"og:image:width\" content=\"1500\" \/>\n\t<meta property=\"og:image:height\" content=\"900\" \/>\n\t<meta property=\"og:image:type\" content=\"image\/jpeg\" \/>\n<meta name=\"author\" content=\"Victor Baio do Carmo\" \/>\n<meta name=\"twitter:card\" content=\"summary_large_image\" \/>\n<meta name=\"twitter:creator\" content=\"@EstratConcursos\" \/>\n<meta name=\"twitter:site\" content=\"@EstratConcursos\" \/>\n<meta name=\"twitter:label1\" content=\"Escrito por\" \/>\n\t<meta name=\"twitter:data1\" content=\"Victor Baio do Carmo\" \/>\n\t<meta name=\"twitter:label2\" content=\"Est. tempo de leitura\" \/>\n\t<meta name=\"twitter:data2\" content=\"6 minutos\" \/>\n<script type=\"application\/ld+json\" class=\"yoast-schema-graph\">{\"@context\":\"https:\/\/schema.org\",\"@graph\":[{\"@type\":\"NewsArticle\",\"@id\":\"https:\/\/www.estrategiaconcursos.com.br\/blog\/causas-exclusao-conduta\/#article\",\"isPartOf\":{\"@id\":\"https:\/\/www.estrategiaconcursos.com.br\/blog\/causas-exclusao-conduta\/\"},\"author\":{\"name\":\"Victor Baio do Carmo\",\"@id\":\"https:\/\/www.estrategiaconcursos.com.br\/blog\/#\/schema\/person\/52a5e7b42bb3c34ccdf208f25a312eec\"},\"headline\":\"Causas de Exclus\u00e3o da Conduta: Resumo para Carreiras Policiais\",\"datePublished\":\"2023-06-05T11:00:00+00:00\",\"dateModified\":\"2023-06-13T16:46:48+00:00\",\"mainEntityOfPage\":{\"@id\":\"https:\/\/www.estrategiaconcursos.com.br\/blog\/causas-exclusao-conduta\/\"},\"wordCount\":1267,\"commentCount\":0,\"publisher\":{\"@id\":\"https:\/\/www.estrategiaconcursos.com.br\/blog\/#organization\"},\"image\":{\"@id\":\"https:\/\/www.estrategiaconcursos.com.br\/blog\/causas-exclusao-conduta\/#primaryimage\"},\"thumbnailUrl\":\"https:\/\/dhg1h5j42swfq.cloudfront.net\/2022\/04\/08192730\/policia_legislativa-senado.jpg\",\"keywords\":[\"causas de exclus\u00e3o da conduta\",\"exclus\u00e3o da conduta\"],\"articleSection\":[\"Policial (Agente Penitenci\u00e1rio)\",\"Policial (Agente, Escriv\u00e3o e Investigador)\",\"Policial (Guardas Civis)\",\"Policial (Peritos, Papiloscopistas)\",\"Policial (PM\/BM - Oficial)\",\"Policial (PM\/BM - Pra\u00e7as)\"],\"inLanguage\":\"pt-BR\",\"potentialAction\":[{\"@type\":\"CommentAction\",\"name\":\"Comment\",\"target\":[\"https:\/\/www.estrategiaconcursos.com.br\/blog\/causas-exclusao-conduta\/#respond\"]}],\"copyrightYear\":\"2023\",\"copyrightHolder\":{\"@id\":\"https:\/\/www.estrategiaconcursos.com.br\/blog\/#organization\"}},{\"@type\":\"WebPage\",\"@id\":\"https:\/\/www.estrategiaconcursos.com.br\/blog\/causas-exclusao-conduta\/\",\"url\":\"https:\/\/www.estrategiaconcursos.com.br\/blog\/causas-exclusao-conduta\/\",\"name\":\"Causas de Exclus\u00e3o da Conduta: Resumo para Carreiras Policiais\",\"isPartOf\":{\"@id\":\"https:\/\/www.estrategiaconcursos.com.br\/blog\/#website\"},\"primaryImageOfPage\":{\"@id\":\"https:\/\/www.estrategiaconcursos.com.br\/blog\/causas-exclusao-conduta\/#primaryimage\"},\"image\":{\"@id\":\"https:\/\/www.estrategiaconcursos.com.br\/blog\/causas-exclusao-conduta\/#primaryimage\"},\"thumbnailUrl\":\"https:\/\/dhg1h5j42swfq.cloudfront.net\/2022\/04\/08192730\/policia_legislativa-senado.jpg\",\"datePublished\":\"2023-06-05T11:00:00+00:00\",\"dateModified\":\"2023-06-13T16:46:48+00:00\",\"description\":\"Causas de Exclus\u00e3o da Conduta. Fique por dentro dessa tema de alta relev\u00e2ncia para a sua aprova\u00e7\u00e3o nos concursos das Carreiras Policiais.\",\"breadcrumb\":{\"@id\":\"https:\/\/www.estrategiaconcursos.com.br\/blog\/causas-exclusao-conduta\/#breadcrumb\"},\"inLanguage\":\"pt-BR\",\"potentialAction\":[{\"@type\":\"ReadAction\",\"target\":[\"https:\/\/www.estrategiaconcursos.com.br\/blog\/causas-exclusao-conduta\/\"]}]},{\"@type\":\"ImageObject\",\"inLanguage\":\"pt-BR\",\"@id\":\"https:\/\/www.estrategiaconcursos.com.br\/blog\/causas-exclusao-conduta\/#primaryimage\",\"url\":\"https:\/\/dhg1h5j42swfq.cloudfront.net\/2022\/04\/08192730\/policia_legislativa-senado.jpg\",\"contentUrl\":\"https:\/\/dhg1h5j42swfq.cloudfront.net\/2022\/04\/08192730\/policia_legislativa-senado.jpg\",\"width\":1500,\"height\":900,\"caption\":\"Princ\u00edpio da Individualiza\u00e7\u00e3o da Pena: Resumo para Carreiras Policiais\"},{\"@type\":\"BreadcrumbList\",\"@id\":\"https:\/\/www.estrategiaconcursos.com.br\/blog\/causas-exclusao-conduta\/#breadcrumb\",\"itemListElement\":[{\"@type\":\"ListItem\",\"position\":1,\"name\":\"In\u00edcio\",\"item\":\"https:\/\/www.estrategiaconcursos.com.br\/blog\/\"},{\"@type\":\"ListItem\",\"position\":2,\"name\":\"Causas de Exclus\u00e3o da Conduta: Resumo para Carreiras Policiais\"}]},{\"@type\":\"WebSite\",\"@id\":\"https:\/\/www.estrategiaconcursos.com.br\/blog\/#website\",\"url\":\"https:\/\/www.estrategiaconcursos.com.br\/blog\/\",\"name\":\"Estrat\u00e9gia Concursos\",\"description\":\"O blog da Estrat\u00e9gia Concursos traz not\u00edcias sobre concursos e artigos de professores oferecendo cursos para concursos (pdf + videaulas) no site.\",\"publisher\":{\"@id\":\"https:\/\/www.estrategiaconcursos.com.br\/blog\/#organization\"},\"potentialAction\":[{\"@type\":\"SearchAction\",\"target\":{\"@type\":\"EntryPoint\",\"urlTemplate\":\"https:\/\/www.estrategiaconcursos.com.br\/blog\/?s={search_term_string}\"},\"query-input\":{\"@type\":\"PropertyValueSpecification\",\"valueRequired\":true,\"valueName\":\"search_term_string\"}}],\"inLanguage\":\"pt-BR\"},{\"@type\":\"Organization\",\"@id\":\"https:\/\/www.estrategiaconcursos.com.br\/blog\/#organization\",\"name\":\"Estrat\u00e9gia Concursos\",\"url\":\"https:\/\/www.estrategiaconcursos.com.br\/blog\/\",\"logo\":{\"@type\":\"ImageObject\",\"inLanguage\":\"pt-BR\",\"@id\":\"https:\/\/www.estrategiaconcursos.com.br\/blog\/#\/schema\/logo\/image\/\",\"url\":\"https:\/\/dhg1h5j42swfq.cloudfront.net\/2025\/06\/03203428\/logo_concursos-1.jpg\",\"contentUrl\":\"https:\/\/dhg1h5j42swfq.cloudfront.net\/2025\/06\/03203428\/logo_concursos-1.jpg\",\"width\":230,\"height\":60,\"caption\":\"Estrat\u00e9gia Concursos\"},\"image\":{\"@id\":\"https:\/\/www.estrategiaconcursos.com.br\/blog\/#\/schema\/logo\/image\/\"},\"sameAs\":[\"https:\/\/x.com\/EstratConcursos\"]},{\"@type\":\"Person\",\"@id\":\"https:\/\/www.estrategiaconcursos.com.br\/blog\/#\/schema\/person\/52a5e7b42bb3c34ccdf208f25a312eec\",\"name\":\"Victor Baio do Carmo\",\"image\":{\"@type\":\"ImageObject\",\"inLanguage\":\"pt-BR\",\"@id\":\"https:\/\/secure.gravatar.com\/avatar\/148fc18f2878ea373246778f423b66b836c3535ba972328844adc004c2a998d5?s=96&d=mm&r=g\",\"url\":\"https:\/\/secure.gravatar.com\/avatar\/148fc18f2878ea373246778f423b66b836c3535ba972328844adc004c2a998d5?s=96&d=mm&r=g\",\"contentUrl\":\"https:\/\/secure.gravatar.com\/avatar\/148fc18f2878ea373246778f423b66b836c3535ba972328844adc004c2a998d5?s=96&d=mm&r=g\",\"caption\":\"Victor Baio do Carmo\"},\"url\":\"https:\/\/www.estrategiaconcursos.com.br\/blog\/author\/victorbaio93gmail-com\/\"}]}<\/script>\n<!-- \/ Yoast SEO Premium plugin. -->","yoast_head_json":{"title":"Causas de Exclus\u00e3o da Conduta: Resumo para Carreiras Policiais","description":"Causas de Exclus\u00e3o da Conduta. Fique por dentro dessa tema de alta relev\u00e2ncia para a sua aprova\u00e7\u00e3o nos concursos das Carreiras Policiais.","robots":{"index":"index","follow":"follow","max-snippet":"max-snippet:-1","max-image-preview":"max-image-preview:large","max-video-preview":"max-video-preview:-1"},"canonical":"https:\/\/www.estrategiaconcursos.com.br\/blog\/causas-exclusao-conduta\/","og_locale":"pt_BR","og_type":"article","og_title":"Causas de Exclus\u00e3o da Conduta: Resumo para Carreiras Policiais","og_description":"Causas de Exclus\u00e3o da Conduta. Fique por dentro dessa tema de alta relev\u00e2ncia para a sua aprova\u00e7\u00e3o nos concursos das Carreiras Policiais.","og_url":"https:\/\/www.estrategiaconcursos.com.br\/blog\/causas-exclusao-conduta\/","og_site_name":"Estrat\u00e9gia Concursos","article_published_time":"2023-06-05T11:00:00+00:00","article_modified_time":"2023-06-13T16:46:48+00:00","og_image":[{"width":1500,"height":900,"url":"https:\/\/dhg1h5j42swfq.cloudfront.net\/2022\/04\/08192730\/policia_legislativa-senado.jpg","type":"image\/jpeg"}],"author":"Victor Baio do Carmo","twitter_card":"summary_large_image","twitter_creator":"@EstratConcursos","twitter_site":"@EstratConcursos","twitter_misc":{"Escrito por":"Victor Baio do Carmo","Est. tempo de leitura":"6 minutos"},"schema":{"@context":"https:\/\/schema.org","@graph":[{"@type":"NewsArticle","@id":"https:\/\/www.estrategiaconcursos.com.br\/blog\/causas-exclusao-conduta\/#article","isPartOf":{"@id":"https:\/\/www.estrategiaconcursos.com.br\/blog\/causas-exclusao-conduta\/"},"author":{"name":"Victor Baio do Carmo","@id":"https:\/\/www.estrategiaconcursos.com.br\/blog\/#\/schema\/person\/52a5e7b42bb3c34ccdf208f25a312eec"},"headline":"Causas de Exclus\u00e3o da Conduta: Resumo para Carreiras Policiais","datePublished":"2023-06-05T11:00:00+00:00","dateModified":"2023-06-13T16:46:48+00:00","mainEntityOfPage":{"@id":"https:\/\/www.estrategiaconcursos.com.br\/blog\/causas-exclusao-conduta\/"},"wordCount":1267,"commentCount":0,"publisher":{"@id":"https:\/\/www.estrategiaconcursos.com.br\/blog\/#organization"},"image":{"@id":"https:\/\/www.estrategiaconcursos.com.br\/blog\/causas-exclusao-conduta\/#primaryimage"},"thumbnailUrl":"https:\/\/dhg1h5j42swfq.cloudfront.net\/2022\/04\/08192730\/policia_legislativa-senado.jpg","keywords":["causas de exclus\u00e3o da conduta","exclus\u00e3o da conduta"],"articleSection":["Policial (Agente Penitenci\u00e1rio)","Policial (Agente, Escriv\u00e3o e Investigador)","Policial (Guardas Civis)","Policial (Peritos, Papiloscopistas)","Policial (PM\/BM - Oficial)","Policial (PM\/BM - Pra\u00e7as)"],"inLanguage":"pt-BR","potentialAction":[{"@type":"CommentAction","name":"Comment","target":["https:\/\/www.estrategiaconcursos.com.br\/blog\/causas-exclusao-conduta\/#respond"]}],"copyrightYear":"2023","copyrightHolder":{"@id":"https:\/\/www.estrategiaconcursos.com.br\/blog\/#organization"}},{"@type":"WebPage","@id":"https:\/\/www.estrategiaconcursos.com.br\/blog\/causas-exclusao-conduta\/","url":"https:\/\/www.estrategiaconcursos.com.br\/blog\/causas-exclusao-conduta\/","name":"Causas de Exclus\u00e3o da Conduta: Resumo para Carreiras Policiais","isPartOf":{"@id":"https:\/\/www.estrategiaconcursos.com.br\/blog\/#website"},"primaryImageOfPage":{"@id":"https:\/\/www.estrategiaconcursos.com.br\/blog\/causas-exclusao-conduta\/#primaryimage"},"image":{"@id":"https:\/\/www.estrategiaconcursos.com.br\/blog\/causas-exclusao-conduta\/#primaryimage"},"thumbnailUrl":"https:\/\/dhg1h5j42swfq.cloudfront.net\/2022\/04\/08192730\/policia_legislativa-senado.jpg","datePublished":"2023-06-05T11:00:00+00:00","dateModified":"2023-06-13T16:46:48+00:00","description":"Causas de Exclus\u00e3o da Conduta. Fique por dentro dessa tema de alta relev\u00e2ncia para a sua aprova\u00e7\u00e3o nos concursos das Carreiras Policiais.","breadcrumb":{"@id":"https:\/\/www.estrategiaconcursos.com.br\/blog\/causas-exclusao-conduta\/#breadcrumb"},"inLanguage":"pt-BR","potentialAction":[{"@type":"ReadAction","target":["https:\/\/www.estrategiaconcursos.com.br\/blog\/causas-exclusao-conduta\/"]}]},{"@type":"ImageObject","inLanguage":"pt-BR","@id":"https:\/\/www.estrategiaconcursos.com.br\/blog\/causas-exclusao-conduta\/#primaryimage","url":"https:\/\/dhg1h5j42swfq.cloudfront.net\/2022\/04\/08192730\/policia_legislativa-senado.jpg","contentUrl":"https:\/\/dhg1h5j42swfq.cloudfront.net\/2022\/04\/08192730\/policia_legislativa-senado.jpg","width":1500,"height":900,"caption":"Princ\u00edpio da Individualiza\u00e7\u00e3o da Pena: Resumo para Carreiras Policiais"},{"@type":"BreadcrumbList","@id":"https:\/\/www.estrategiaconcursos.com.br\/blog\/causas-exclusao-conduta\/#breadcrumb","itemListElement":[{"@type":"ListItem","position":1,"name":"In\u00edcio","item":"https:\/\/www.estrategiaconcursos.com.br\/blog\/"},{"@type":"ListItem","position":2,"name":"Causas de Exclus\u00e3o da Conduta: Resumo para Carreiras Policiais"}]},{"@type":"WebSite","@id":"https:\/\/www.estrategiaconcursos.com.br\/blog\/#website","url":"https:\/\/www.estrategiaconcursos.com.br\/blog\/","name":"Estrat\u00e9gia Concursos","description":"O blog da Estrat\u00e9gia Concursos traz not\u00edcias sobre concursos e artigos de professores oferecendo cursos para concursos (pdf + videaulas) no site.","publisher":{"@id":"https:\/\/www.estrategiaconcursos.com.br\/blog\/#organization"},"potentialAction":[{"@type":"SearchAction","target":{"@type":"EntryPoint","urlTemplate":"https:\/\/www.estrategiaconcursos.com.br\/blog\/?s={search_term_string}"},"query-input":{"@type":"PropertyValueSpecification","valueRequired":true,"valueName":"search_term_string"}}],"inLanguage":"pt-BR"},{"@type":"Organization","@id":"https:\/\/www.estrategiaconcursos.com.br\/blog\/#organization","name":"Estrat\u00e9gia Concursos","url":"https:\/\/www.estrategiaconcursos.com.br\/blog\/","logo":{"@type":"ImageObject","inLanguage":"pt-BR","@id":"https:\/\/www.estrategiaconcursos.com.br\/blog\/#\/schema\/logo\/image\/","url":"https:\/\/dhg1h5j42swfq.cloudfront.net\/2025\/06\/03203428\/logo_concursos-1.jpg","contentUrl":"https:\/\/dhg1h5j42swfq.cloudfront.net\/2025\/06\/03203428\/logo_concursos-1.jpg","width":230,"height":60,"caption":"Estrat\u00e9gia Concursos"},"image":{"@id":"https:\/\/www.estrategiaconcursos.com.br\/blog\/#\/schema\/logo\/image\/"},"sameAs":["https:\/\/x.com\/EstratConcursos"]},{"@type":"Person","@id":"https:\/\/www.estrategiaconcursos.com.br\/blog\/#\/schema\/person\/52a5e7b42bb3c34ccdf208f25a312eec","name":"Victor Baio do Carmo","image":{"@type":"ImageObject","inLanguage":"pt-BR","@id":"https:\/\/secure.gravatar.com\/avatar\/148fc18f2878ea373246778f423b66b836c3535ba972328844adc004c2a998d5?s=96&d=mm&r=g","url":"https:\/\/secure.gravatar.com\/avatar\/148fc18f2878ea373246778f423b66b836c3535ba972328844adc004c2a998d5?s=96&d=mm&r=g","contentUrl":"https:\/\/secure.gravatar.com\/avatar\/148fc18f2878ea373246778f423b66b836c3535ba972328844adc004c2a998d5?s=96&d=mm&r=g","caption":"Victor Baio do Carmo"},"url":"https:\/\/www.estrategiaconcursos.com.br\/blog\/author\/victorbaio93gmail-com\/"}]}},"_links":{"self":[{"href":"https:\/\/www.estrategiaconcursos.com.br\/blog\/wp-json\/wp\/v2\/posts\/1211909","targetHints":{"allow":["GET"]}}],"collection":[{"href":"https:\/\/www.estrategiaconcursos.com.br\/blog\/wp-json\/wp\/v2\/posts"}],"about":[{"href":"https:\/\/www.estrategiaconcursos.com.br\/blog\/wp-json\/wp\/v2\/types\/post"}],"author":[{"embeddable":true,"href":"https:\/\/www.estrategiaconcursos.com.br\/blog\/wp-json\/wp\/v2\/users\/2343"}],"replies":[{"embeddable":true,"href":"https:\/\/www.estrategiaconcursos.com.br\/blog\/wp-json\/wp\/v2\/comments?post=1211909"}],"version-history":[{"count":14,"href":"https:\/\/www.estrategiaconcursos.com.br\/blog\/wp-json\/wp\/v2\/posts\/1211909\/revisions"}],"predecessor-version":[{"id":1231505,"href":"https:\/\/www.estrategiaconcursos.com.br\/blog\/wp-json\/wp\/v2\/posts\/1211909\/revisions\/1231505"}],"wp:featuredmedia":[{"embeddable":true,"href":"https:\/\/www.estrategiaconcursos.com.br\/blog\/wp-json\/wp\/v2\/media\/1005470"}],"wp:attachment":[{"href":"https:\/\/www.estrategiaconcursos.com.br\/blog\/wp-json\/wp\/v2\/media?parent=1211909"}],"wp:term":[{"taxonomy":"category","embeddable":true,"href":"https:\/\/www.estrategiaconcursos.com.br\/blog\/wp-json\/wp\/v2\/categories?post=1211909"},{"taxonomy":"post_tag","embeddable":true,"href":"https:\/\/www.estrategiaconcursos.com.br\/blog\/wp-json\/wp\/v2\/tags?post=1211909"},{"taxonomy":"tax_estado","embeddable":true,"href":"https:\/\/www.estrategiaconcursos.com.br\/blog\/wp-json\/wp\/v2\/tax_estado?post=1211909"}],"curies":[{"name":"wp","href":"https:\/\/api.w.org\/{rel}","templated":true}]}}