{"id":1211875,"date":"2023-05-07T11:20:10","date_gmt":"2023-05-07T14:20:10","guid":{"rendered":"https:\/\/www.estrategiaconcursos.com.br\/blog\/?p=1211875"},"modified":"2024-10-16T11:15:25","modified_gmt":"2024-10-16T14:15:25","slug":"gabarito-extraoficial-pm-mg-soldado-2023","status":"publish","type":"post","link":"https:\/\/www.estrategiaconcursos.com.br\/blog\/gabarito-extraoficial-pm-mg-soldado-2023\/","title":{"rendered":"Gabarito extraoficial PM MG soldado: veja seu desempenho"},"content":{"rendered":"\n<p>Neste domingo, 07 de maio de 2023, foram aplicadas as provas do&nbsp;<strong>concurso p\u00fablico da Pol\u00edcia Militar de Minas Gerais (PM MG)<\/strong>&nbsp;para o cargo de soldado, cuja oferta de vagas \u00e9 de&nbsp;<strong>2.821<\/strong>.<\/p>\n\n\n\n<p>Com o objetivo de ajud\u00e1-los em todas as etapas do certame e, claro, diminuir um pouco a ansiedade para saber seu desempenho,&nbsp;<strong>nossos professores realizaram o gabarito extraoficial PM MG soldado<\/strong>.<\/p>\n\n\n\n<p>Agora \u00e9 a hora! Confira seu desempenho e ainda receba dicas de recursos (se houver necessidade, \u00e9 claro)! Lembrando que o&nbsp;gabarito oficial preliminar ser\u00e1 publicado pela banca organizadora,&nbsp;de <a href=\"https:\/\/inscricaocrs.policiamilitar.mg.gov.br\/#\/concurso\/search\/1\" target=\"_blank\" rel=\"noreferrer noopener\">organiza\u00e7\u00e3o pr\u00f3pria da PM MG<\/a>.<\/p>\n\n\n<figure class=\"wp-block-embed-youtube wp-block-embed is-type-video is-provider-youtube wp-embed-aspect-16-9 wp-has-aspect-ratio\"><div class=\"lyte-wrapper\" style=\"width:853px;max-width:100%;margin:5px;\"><div class=\"lyMe\" id=\"WYL_8JY3vVOSx_U\"><div id=\"lyte_8JY3vVOSx_U\" data-src=\"\/\/i.ytimg.com\/vi\/8JY3vVOSx_U\/hqdefault.jpg\" class=\"pL\"><div class=\"tC\"><div class=\"tT\"><\/div><\/div><div class=\"play\"><\/div><div class=\"ctrl\"><div class=\"Lctrl\"><\/div><div class=\"Rctrl\"><\/div><\/div><\/div><noscript><a href=\"https:\/\/youtu.be\/8JY3vVOSx_U\" rel=\"nofollow\"><img loading=\"lazy\" decoding=\"async\" src=\"https:\/\/i.ytimg.com\/vi\/8JY3vVOSx_U\/0.jpg\" alt=\"YouTube video thumbnail\" width=\"853\" height=\"460\" \/><br \/>Assista a este v\u00eddeo no YouTube<\/a><\/noscript><\/div><\/div><div class=\"lL\" style=\"max-width:100%;width:853px;margin:5px;\"><\/div><figcaption><\/figcaption><\/figure>\n\n\n<figure class=\"wp-block-table is-style-stripes\"><table class=\"has-fixed-layout\"><tbody><tr><td class=\"has-text-align-center\" data-align=\"center\"><strong>Disciplina<\/strong><\/td><td class=\"has-text-align-center\" data-align=\"center\"><strong>Professor<\/strong><\/td><\/tr><tr><td class=\"has-text-align-center\" data-align=\"center\">L\u00edngua Portuguesa E Interpreta\u00e7\u00e3o De Textos<\/td><td class=\"has-text-align-center\" data-align=\"center\">Janaina Arruda<\/td><\/tr><tr><td class=\"has-text-align-center\" data-align=\"center\">Direito Constitucional e Lei 4657<\/td><td class=\"has-text-align-center\" data-align=\"center\">Emerson Bruno<\/td><\/tr><tr><td class=\"has-text-align-center\" data-align=\"center\">Direito Humanos<\/td><td class=\"has-text-align-center\" data-align=\"center\">Lilian Novakoski<\/td><\/tr><tr><td class=\"has-text-align-center\" data-align=\"center\">Racioc\u00ednio L\u00f3gico-Matem\u00e1tico<\/td><td class=\"has-text-align-center\" data-align=\"center\">Jhoni Zini<\/td><\/tr><tr><td class=\"has-text-align-center\" data-align=\"center\">No\u00e7\u00f5es de L\u00edngua Inglesa<\/td><td class=\"has-text-align-center\" data-align=\"center\">Andrea Belo<\/td><\/tr><tr><td class=\"has-text-align-center\" data-align=\"center\">Literatura<\/td><td class=\"has-text-align-center\" data-align=\"center\">Rafaela Freitas<\/td><\/tr><\/tbody><\/table><\/figure>\n\n\n\n<h3 class=\"wp-block-heading\" id=\"h-gabarito-extraoficial-pm-rn-soldado\">Gabarito extraoficial: PM MG soldado<\/h3>\n\n\n\n<p>Abaixo, voc\u00ea confere os gabaritos das quest\u00f5es corrigidas pelos nossos professores. Como existem diferentes tipos de provas, voc\u00ea pode conferir o in\u00edcio da quest\u00e3o.<\/p>\n\n\n\n<p><strong>Quest\u00e3o 1:&nbsp;<\/strong>No in\u00edcio da narrativa, observa-se&#8230;<br \/><strong><em>Resposta:<\/em><\/strong> D<\/p>\n\n\n\n<p><strong>Quest\u00e3o 2<\/strong>: A partir da leitura do texto, pode-se&#8230;<br \/><strong><em>Resposta:<\/em><\/strong> B<\/p>\n\n\n\n<p><strong>Quest\u00e3o 3:&nbsp;<\/strong>Analise as proposi\u00e7\u00f5es abaixo&#8230;<br \/><strong><em>Resposta:<\/em><\/strong>&nbsp;A<\/p>\n\n\n\n<p><strong>Quest\u00e3o 4:<\/strong>&nbsp;Ap\u00f3s a leitura do \u00faltimo par\u00e1grafo&#8230;<br \/><strong><em>Resposta:<\/em><\/strong>&nbsp;C<\/p>\n\n\n\n<p><strong>Quest\u00e3o 5:&nbsp;<\/strong>Marque a alternativa CORRETA que aponta a&#8230;<br \/><strong><em>Resposta:<\/em><\/strong>&nbsp;B<\/p>\n\n\n\n<p><strong>Quest\u00e3o 6:&nbsp;<\/strong>No excerto &#8220;Fizeram o poss\u00edvel&#8230;&#8221;<br \/><strong><em>Resposta:<\/em><\/strong>&nbsp;A<\/p>\n\n\n\n<p><strong>Quest\u00e3o 7:&nbsp;<\/strong>No fragmento &#8220;Pertence ao Tenente&#8230;&#8221;<br \/><strong><em>Resposta:<\/em><\/strong>&nbsp;C<\/p>\n\n\n\n<p><strong>Quest\u00e3o 8:&nbsp;<\/strong>Na frase &#8220;Contava a hist\u00f3ria de um pai&#8230;&#8221;<br \/><strong><em>Resposta:<\/em><\/strong>&nbsp;A<\/p>\n\n\n\n<p><strong>Quest\u00e3o 9:&nbsp;<\/strong>Analise o fragmento a seguir e responda&#8230;<br \/><strong><em>Resposta:<\/em><\/strong>&nbsp;D<\/p>\n\n\n\n<p><strong>Quest\u00e3o 10:&nbsp;<\/strong>No trecho &#8220;Estava concluindo o curso de Letras&#8230;&#8221;<br \/><strong><em>Resposta:<\/em><\/strong>&nbsp;A<\/p>\n\n\n\n<p><strong>Quest\u00e3o 11:&nbsp;<\/strong>Observe os trechos abaixo, extra\u00eddos&#8230;<br \/><strong><em>Resposta:<\/em><\/strong>&nbsp;A<\/p>\n\n\n\n<p><strong>Quest\u00e3o 12:&nbsp;<\/strong>Identifique o fragmento em que h\u00e1 per\u00edodo&#8230;<br \/><strong><em>Resposta:<\/em><\/strong>&nbsp;C<\/p>\n\n\n\n<p><strong>Quest\u00e3o 13:&nbsp;<\/strong>Para a forma\u00e7\u00e3o do per\u00edodo composto&#8230;<br \/><strong><em>Resposta:<\/em><\/strong>&nbsp;C<\/p>\n\n\n\n<p><strong>Quest\u00e3o 14:&nbsp;<\/strong>Assinale a alternativa CORRETA em que todas&#8230;<br \/><strong><em>Resposta:<\/em><\/strong>&nbsp;A<\/p>\n\n\n\n<p><strong>Quest\u00e3o 15:&nbsp;<\/strong>Considerando que a maioria dos adv\u00e9rbios&#8230;<br \/><strong><em>Resposta:<\/em><\/strong>&nbsp;C<\/p>\n\n\n\n<p><strong>Quest\u00e3o 16:&nbsp;<\/strong>Considerando a import\u00e2ncia dos sinais&#8230;<br \/><strong><em>Resposta:<\/em><\/strong>&nbsp;A<\/p>\n\n\n\n<p><strong>Quest\u00e3o 17:&nbsp;<\/strong>No excerto &#8220;Mas n\u00e3o o farei.&#8221;&#8230;<br \/><strong><em>Resposta:<\/em><\/strong>&nbsp;B<\/p>\n\n\n\n<p><strong>Quest\u00e3o 18:&nbsp;<\/strong>Analise os fragmentos abaixo&#8230;<br \/><strong><em>Resposta:<\/em><\/strong>&nbsp;B<\/p>\n\n\n\n<p><strong>Quest\u00e3o 19:&nbsp;<\/strong>Observe a concord\u00e2ncia dos partic\u00edpios&#8230;<br \/><strong><em>Resposta:<\/em><\/strong>&nbsp;D<\/p>\n\n\n\n<p><strong>Quest\u00e3o 20:&nbsp;<\/strong>Analise a <span style=\"text-decoration: underline;\">concord\u00e2ncia verbal<\/span>&#8230;<br \/><strong><em>Resposta:<\/em><\/strong>&nbsp;B<\/p>\n\n\n\n<p><strong>Quest\u00e3o 21:&nbsp;<\/strong>Considerando o contexto da obra, <em>Mem\u00f3rias<\/em>&#8230;<br \/><strong><em>Resposta:<\/em><\/strong>&nbsp;D<\/p>\n\n\n\n<p><strong>Quest\u00e3o 22:&nbsp;<\/strong>Na obra <em>Mem\u00f3rias p\u00f3stumas de Br\u00e1s<\/em>&#8230;<br \/><strong><em>Resposta:<\/em><\/strong>&nbsp;A<\/p>\n\n\n\n<p><strong>Quest\u00e3o 23<\/strong>: Em conflito com o mundo, o discurso<br \/><strong><em>Resposta:<\/em><\/strong>&nbsp;C<\/p>\n\n\n\n<p><strong>Quest\u00e3o 24:&nbsp;<\/strong>No romance do autor Lima Barreto&#8230;<br \/><strong><em>Resposta:<\/em><\/strong>&nbsp;D<\/p>\n\n\n\n<p><strong>Quest\u00e3o 25:&nbsp;<\/strong>Considerando o contexto do romance&#8230;<br \/><strong><em>Resposta:<\/em><\/strong>&nbsp;A<\/p>\n\n\n\n<p><strong>Quest\u00e3o 26:&nbsp;<\/strong>Considere as informa\u00e7\u00f5es contidas no texto&#8230;<br \/><strong><em>Resposta:<\/em><\/strong>&nbsp;C<\/p>\n\n\n\n<p><strong>Quest\u00e3o 27:&nbsp;<\/strong>Considerando as informa\u00e7\u00f5es trazidas pelo texto&#8230;<br \/><strong><em>Resposta:<\/em><\/strong>&nbsp;A<\/p>\n\n\n\n<p><strong>Quest\u00e3o 28:&nbsp;<\/strong>Considerando as informa\u00e7\u00f5es contidas no texto, assinale&#8230;<br \/><strong><em>Resposta:<\/em><\/strong>&nbsp;B<\/p>\n\n\n\n<p><strong>Quest\u00e3o 29:<\/strong>&nbsp;Considerando as informa\u00e7\u00f5es contidas no texto&#8230;<br \/><strong><em>Resposta:<\/em><\/strong> A<\/p>\n\n\n\n<p><strong>Quest\u00e3o 30:&nbsp;<\/strong>Em 24 de outubro de 2019, o site&#8230;<br \/><strong><em>Resposta:<\/em><\/strong>&nbsp;D<\/p>\n\n\n\n<p><strong>Quest\u00e3o 31:&nbsp;<\/strong>A Constitui\u00e7\u00e3o da Rep\u00fablica Federativa do Brasil, promulgada&#8230;<br \/><strong><em>Resposta:<\/em><\/strong>&nbsp;D<\/p>\n\n\n\n<p><strong>Quest\u00e3o 32<\/strong>: Assinale a alternativa INCORRETA quanto ao previsto&#8230;<br \/><strong><em>Resposta:<\/em><\/strong>&nbsp;A<\/p>\n\n\n\n<p><strong>Quest\u00e3o 33:&nbsp;<\/strong>O art. 37 da Constitui\u00e7\u00e3o da Rep\u00fablica&#8230;<br \/><strong><em>Resposta:<\/em><\/strong>&nbsp;C<\/p>\n\n\n\n<p><strong>Quest\u00e3o 34:&nbsp;<\/strong>De acordo com o previsto na Constitui\u00e7\u00e3o&#8230;<br \/><strong><em>Resposta:<\/em><\/strong>&nbsp;D<\/p>\n\n\n\n<p><strong>Quest\u00e3o 35:&nbsp;<\/strong>A Constitui\u00e7\u00e3o da Rep\u00fablica Federativa&#8230;<br \/><strong><em>Resposta:<\/em><\/strong>&nbsp;C<\/p>\n\n\n\n<p><strong>Quest\u00e3o 36:&nbsp;<\/strong>O cap\u00edtulo da Constitui\u00e7\u00e3o da Rep\u00fablica&#8230;<br \/><strong><em>Resposta:<\/em><\/strong>&nbsp;D<\/p>\n\n\n\n<p><strong>Quest\u00e3o 37:&nbsp;<\/strong>Nos termos previstos na Lei de Introdu\u00e7\u00e3o&#8230;<br \/><strong><em>Resposta:<\/em><\/strong>&nbsp;pass\u00edvel de anula\u00e7\u00e3o<\/p>\n\n\n\n<p><strong>Quest\u00e3o 38:&nbsp;<\/strong>No que se refere aos direitos individuais&#8230;<br \/><strong><em>Resposta:<\/em><\/strong>&nbsp;D<\/p>\n\n\n\n<p><strong>Quest\u00e3o 39:&nbsp;<\/strong>Quanto \u00e0s penas previstas no capitulo&#8230;<br \/><strong><em>Resposta:<\/em><\/strong>&nbsp;C<\/p>\n\n\n\n<p><strong>Quest\u00e3o 40:<\/strong> Em rela\u00e7\u00e3o ao previsto na Declara\u00e7\u00e3o Universal&#8230;<br \/><strong><em>Resposta:<\/em><\/strong>&nbsp;D<\/p>\n\n\n\n<p><strong>Quest\u00e3o 41:&nbsp;<\/strong>Uma patrulha policial \u00e9 composta<br \/><strong><em>Resposta:<\/em><\/strong>&nbsp;D<\/p>\n\n\n\n<p><strong>Quest\u00e3o 42:&nbsp;<\/strong>Analise as assertivas abaixo&#8230;<br \/><strong><em>Resposta:<\/em><\/strong>&nbsp;B<\/p>\n\n\n\n<p><strong>Quest\u00e3o 43:&nbsp;<\/strong>O assessor de comunica\u00e7\u00e3o da 20\u00aa&#8230;<br \/><strong><em>Resposta:<\/em><\/strong>&nbsp;B<\/p>\n\n\n\n<p><strong>Quest\u00e3o 44:&nbsp;<\/strong>A Policia Militar de Minas Gerais avalia&#8230;<br \/><strong><em>Resposta:<\/em><\/strong>&nbsp;A<\/p>\n\n\n\n<p><strong>Quest\u00e3o 45<\/strong>: Com uma r\u00e9gua voc\u00ea mede&#8230;<br \/><strong><em>Resposta:<\/em><\/strong>&nbsp;D<\/p>\n\n\n\n<p><strong>Quest\u00e3o 46:&nbsp;<\/strong>Sabendo que as dist\u00e2ncias BC e BD&#8230;<br \/><strong><em>Resposta:<\/em><\/strong>&nbsp;B<\/p>\n\n\n\n<p><strong>Quest\u00e3o 47<\/strong>: A f\u00e1brica de muni\u00e7\u00f5es de PMMG&#8230;<br \/><strong><em>Resposta:<\/em><\/strong>&nbsp;C<\/p>\n\n\n\n<p><strong>Quest\u00e3o 48:&nbsp;<\/strong>Uma esfera de raio 3 m \u00e9 colocada&#8230;<br \/><strong><em>Resposta:<\/em><\/strong>&nbsp;A<\/p>\n\n\n\n<p><strong>Quest\u00e3o 49:&nbsp;<\/strong>Considere a seguinte sequ\u00eancia: 1, 5, 13&#8230;<br \/><strong><em>Resposta<\/em><\/strong>: B<\/p>\n\n\n\n<p><strong>Quest\u00e3o 50:&nbsp;<\/strong>Sabendo que o s\u00e9timo termo&#8230;<br \/><strong><em>Resposta:<\/em><\/strong>&nbsp;D<\/p>\n\n\n\n<h2 class=\"wp-block-heading has-text-align-center\" id=\"cursos\">Quer saber tudo sobre concursos previstos? <br \/>Confira nossos artigos!<\/h2>\n\n\n\n<ul class=\"wp-block-list\">\n<li><a href=\"https:\/\/www.estrategiaconcursos.com.br\/blog\/concursos-abertos\/\">Concursos abertos<\/a><\/li>\n\n\n\n<li><a href=\"https:\/\/www.estrategiaconcursos.com.br\/blog\/concursos-2023\/\" target=\"_blank\" rel=\"noreferrer noopener\">Concursos 2023<\/a><\/li>\n<\/ul>\n\n\n\n<h2 class=\"wp-block-heading has-text-align-center\" id=\"cursos\">Quer estudar para o concurso PM MG?<\/h2>\n\n\n\n<div id=\"boxes\" class=\"container\">\n<div class=\"row\">\n<div class=\"col-sm\">\n<div id=\"box-assinatura\" class=\"banner-policial\">\n<h3 class=\"titulo-assinatura\">Concurso PM MG<\/h3>\n<p class=\"subtitulo-assinatura\">Conhe\u00e7a os cursos<\/p>\n<div class=\"box-botao\"><a class=\"btn-assinatura\" role=\"button\" href=\"https:\/\/www.estrategiaconcursos.com.br\/cursosPorConcurso\/policia-militar-de-minas-gerais-pm-mg\/\" target=\"_blank\" rel=\"noopener noreferrer\">Conhe\u00e7a mais<\/a><\/div>\n<\/div>\n\n<\/div>\n<\/div>\n<\/div>\n\n\n\n<div class=\"container\" id=\"boxes\">\n  <div class=\"row\">\n\n    <div class=\"col-sm\">\n      <div class=\"estrategia\" id=\"box-assinatura\">\n        <h3 class=\"titulo-assinatura\">Assinatura Concursos<\/h3>\n        <p class=\"subtitulo-assinatura\">Assinatura de 1 ano ou 2 anos<\/p>\n        <div class=\"box-botao\">\n          <a class=\"btn-assinatura\" target=\"_blank\" href=\"https:\/\/www.estrategiaconcursos.com.br\/assinaturas\/\" role=\"button\" rel=\"noopener noreferrer\">ASSINE AGORA<\/a>\n        <\/div>\n      <\/div>\n     \n    <\/div><\/div><\/div>\n","protected":false},"excerpt":{"rendered":"<p>Neste domingo, 07 de maio de 2023, foram aplicadas as provas do&nbsp;concurso p\u00fablico da Pol\u00edcia Militar de Minas Gerais (PM MG)&nbsp;para o cargo de soldado, cuja oferta de vagas \u00e9 de&nbsp;2.821. Com o objetivo de ajud\u00e1-los em todas as etapas do certame e, claro, diminuir um pouco a ansiedade para saber seu desempenho,&nbsp;nossos professores realizaram [&hellip;]<\/p>\n","protected":false},"author":1483,"featured_media":1211878,"comment_status":"open","ping_status":"closed","sticky":false,"template":"","format":"standard","meta":{"post_tipo":"news","footnotes":""},"categories":[220187,220219],"tags":[],"tax_estado":[219974],"class_list":["post-1211875","post","type-post","status-publish","format-standard","has-post-thumbnail","hentry","category-policial-pracas","category-noticias","tax_estado-mg"],"acf":[],"yoast_head":"<!-- This site is optimized with the Yoast SEO Premium plugin v27.2 (Yoast SEO v27.2) - https:\/\/yoast.com\/product\/yoast-seo-premium-wordpress\/ -->\n<title>Gabarito extraoficial PM MG soldado: veja seu desempenho<\/title>\n<meta name=\"description\" content=\"Acesse o site do Estrat\u00e9gia Concursos e confira todos os detalhes do gabarito extraoficial da PM MG para Soldado!\" \/>\n<meta name=\"robots\" content=\"index, follow, max-snippet:-1, max-image-preview:large, max-video-preview:-1\" \/>\n<link rel=\"canonical\" href=\"https:\/\/www.estrategiaconcursos.com.br\/blog\/gabarito-extraoficial-pm-mg-soldado-2023\/\" \/>\n<meta property=\"og:locale\" content=\"pt_BR\" \/>\n<meta property=\"og:type\" content=\"article\" \/>\n<meta property=\"og:title\" content=\"Gabarito extraoficial PM MG soldado: veja seu desempenho\" \/>\n<meta property=\"og:description\" content=\"Acesse o site do Estrat\u00e9gia Concursos e confira todos os detalhes do gabarito extraoficial da PM MG para Soldado!\" \/>\n<meta property=\"og:url\" content=\"https:\/\/www.estrategiaconcursos.com.br\/blog\/gabarito-extraoficial-pm-mg-soldado-2023\/\" \/>\n<meta property=\"og:site_name\" content=\"Estrat\u00e9gia Concursos\" \/>\n<meta property=\"article:published_time\" content=\"2023-05-07T14:20:10+00:00\" \/>\n<meta property=\"article:modified_time\" content=\"2024-10-16T14:15:25+00:00\" \/>\n<meta property=\"og:image\" content=\"https:\/\/dhg1h5j42swfq.cloudfront.net\/2023\/05\/07110021\/1280-720-max-3-1.jpg\" \/>\n\t<meta property=\"og:image:width\" content=\"1280\" \/>\n\t<meta property=\"og:image:height\" content=\"720\" \/>\n\t<meta property=\"og:image:type\" content=\"image\/jpeg\" \/>\n<meta name=\"author\" content=\"Diogo Mendes\" \/>\n<meta name=\"twitter:card\" content=\"summary_large_image\" \/>\n<meta name=\"twitter:creator\" content=\"@EstratConcursos\" \/>\n<meta name=\"twitter:site\" content=\"@EstratConcursos\" \/>\n<meta name=\"twitter:label1\" content=\"Escrito por\" \/>\n\t<meta name=\"twitter:data1\" content=\"Diogo Mendes\" \/>\n\t<meta name=\"twitter:label2\" content=\"Est. tempo de leitura\" \/>\n\t<meta name=\"twitter:data2\" content=\"4 minutos\" \/>\n<script type=\"application\/ld+json\" class=\"yoast-schema-graph\">{\"@context\":\"https:\/\/schema.org\",\"@graph\":[{\"@type\":\"NewsArticle\",\"@id\":\"https:\/\/www.estrategiaconcursos.com.br\/blog\/gabarito-extraoficial-pm-mg-soldado-2023\/#article\",\"isPartOf\":{\"@id\":\"https:\/\/www.estrategiaconcursos.com.br\/blog\/gabarito-extraoficial-pm-mg-soldado-2023\/\"},\"author\":{\"name\":\"Diogo Mendes\",\"@id\":\"https:\/\/www.estrategiaconcursos.com.br\/blog\/#\/schema\/person\/cc9e76173880338ce9f656c88664a1f6\"},\"headline\":\"Gabarito extraoficial PM MG soldado: veja seu desempenho\",\"datePublished\":\"2023-05-07T14:20:10+00:00\",\"dateModified\":\"2024-10-16T14:15:25+00:00\",\"mainEntityOfPage\":{\"@id\":\"https:\/\/www.estrategiaconcursos.com.br\/blog\/gabarito-extraoficial-pm-mg-soldado-2023\/\"},\"wordCount\":867,\"commentCount\":0,\"publisher\":{\"@id\":\"https:\/\/www.estrategiaconcursos.com.br\/blog\/#organization\"},\"image\":{\"@id\":\"https:\/\/www.estrategiaconcursos.com.br\/blog\/gabarito-extraoficial-pm-mg-soldado-2023\/#primaryimage\"},\"thumbnailUrl\":\"https:\/\/dhg1h5j42swfq.cloudfront.net\/2023\/05\/07110021\/1280-720-max-3-1.jpg\",\"articleSection\":[\"Policial (PM\/BM - Pra\u00e7as)\",\"\u00daltimas not\u00edcias\"],\"inLanguage\":\"pt-BR\",\"potentialAction\":[{\"@type\":\"CommentAction\",\"name\":\"Comment\",\"target\":[\"https:\/\/www.estrategiaconcursos.com.br\/blog\/gabarito-extraoficial-pm-mg-soldado-2023\/#respond\"]}],\"copyrightYear\":\"2023\",\"copyrightHolder\":{\"@id\":\"https:\/\/www.estrategiaconcursos.com.br\/blog\/#organization\"}},{\"@type\":\"WebPage\",\"@id\":\"https:\/\/www.estrategiaconcursos.com.br\/blog\/gabarito-extraoficial-pm-mg-soldado-2023\/\",\"url\":\"https:\/\/www.estrategiaconcursos.com.br\/blog\/gabarito-extraoficial-pm-mg-soldado-2023\/\",\"name\":\"Gabarito extraoficial PM MG soldado: veja seu desempenho\",\"isPartOf\":{\"@id\":\"https:\/\/www.estrategiaconcursos.com.br\/blog\/#website\"},\"primaryImageOfPage\":{\"@id\":\"https:\/\/www.estrategiaconcursos.com.br\/blog\/gabarito-extraoficial-pm-mg-soldado-2023\/#primaryimage\"},\"image\":{\"@id\":\"https:\/\/www.estrategiaconcursos.com.br\/blog\/gabarito-extraoficial-pm-mg-soldado-2023\/#primaryimage\"},\"thumbnailUrl\":\"https:\/\/dhg1h5j42swfq.cloudfront.net\/2023\/05\/07110021\/1280-720-max-3-1.jpg\",\"datePublished\":\"2023-05-07T14:20:10+00:00\",\"dateModified\":\"2024-10-16T14:15:25+00:00\",\"description\":\"Acesse o site do Estrat\u00e9gia Concursos e confira todos os detalhes do gabarito extraoficial da PM MG para Soldado!\",\"breadcrumb\":{\"@id\":\"https:\/\/www.estrategiaconcursos.com.br\/blog\/gabarito-extraoficial-pm-mg-soldado-2023\/#breadcrumb\"},\"inLanguage\":\"pt-BR\",\"potentialAction\":[{\"@type\":\"ReadAction\",\"target\":[\"https:\/\/www.estrategiaconcursos.com.br\/blog\/gabarito-extraoficial-pm-mg-soldado-2023\/\"]}]},{\"@type\":\"ImageObject\",\"inLanguage\":\"pt-BR\",\"@id\":\"https:\/\/www.estrategiaconcursos.com.br\/blog\/gabarito-extraoficial-pm-mg-soldado-2023\/#primaryimage\",\"url\":\"https:\/\/dhg1h5j42swfq.cloudfront.net\/2023\/05\/07110021\/1280-720-max-3-1.jpg\",\"contentUrl\":\"https:\/\/dhg1h5j42swfq.cloudfront.net\/2023\/05\/07110021\/1280-720-max-3-1.jpg\",\"width\":1280,\"height\":720},{\"@type\":\"BreadcrumbList\",\"@id\":\"https:\/\/www.estrategiaconcursos.com.br\/blog\/gabarito-extraoficial-pm-mg-soldado-2023\/#breadcrumb\",\"itemListElement\":[{\"@type\":\"ListItem\",\"position\":1,\"name\":\"In\u00edcio\",\"item\":\"https:\/\/www.estrategiaconcursos.com.br\/blog\/\"},{\"@type\":\"ListItem\",\"position\":2,\"name\":\"Gabarito extraoficial PM MG soldado: veja seu desempenho\"}]},{\"@type\":\"WebSite\",\"@id\":\"https:\/\/www.estrategiaconcursos.com.br\/blog\/#website\",\"url\":\"https:\/\/www.estrategiaconcursos.com.br\/blog\/\",\"name\":\"Estrat\u00e9gia Concursos\",\"description\":\"O blog da Estrat\u00e9gia Concursos traz not\u00edcias sobre concursos e artigos de professores oferecendo cursos para concursos (pdf + videaulas) no site.\",\"publisher\":{\"@id\":\"https:\/\/www.estrategiaconcursos.com.br\/blog\/#organization\"},\"potentialAction\":[{\"@type\":\"SearchAction\",\"target\":{\"@type\":\"EntryPoint\",\"urlTemplate\":\"https:\/\/www.estrategiaconcursos.com.br\/blog\/?s={search_term_string}\"},\"query-input\":{\"@type\":\"PropertyValueSpecification\",\"valueRequired\":true,\"valueName\":\"search_term_string\"}}],\"inLanguage\":\"pt-BR\"},{\"@type\":\"Organization\",\"@id\":\"https:\/\/www.estrategiaconcursos.com.br\/blog\/#organization\",\"name\":\"Estrat\u00e9gia Concursos\",\"url\":\"https:\/\/www.estrategiaconcursos.com.br\/blog\/\",\"logo\":{\"@type\":\"ImageObject\",\"inLanguage\":\"pt-BR\",\"@id\":\"https:\/\/www.estrategiaconcursos.com.br\/blog\/#\/schema\/logo\/image\/\",\"url\":\"https:\/\/dhg1h5j42swfq.cloudfront.net\/2025\/06\/03203428\/logo_concursos-1.jpg\",\"contentUrl\":\"https:\/\/dhg1h5j42swfq.cloudfront.net\/2025\/06\/03203428\/logo_concursos-1.jpg\",\"width\":230,\"height\":60,\"caption\":\"Estrat\u00e9gia Concursos\"},\"image\":{\"@id\":\"https:\/\/www.estrategiaconcursos.com.br\/blog\/#\/schema\/logo\/image\/\"},\"sameAs\":[\"https:\/\/x.com\/EstratConcursos\"]},{\"@type\":\"Person\",\"@id\":\"https:\/\/www.estrategiaconcursos.com.br\/blog\/#\/schema\/person\/cc9e76173880338ce9f656c88664a1f6\",\"name\":\"Diogo Mendes\",\"image\":{\"@type\":\"ImageObject\",\"inLanguage\":\"pt-BR\",\"@id\":\"https:\/\/secure.gravatar.com\/avatar\/9754d6777d460a45ef4067b586b94c32005cc2345a0404b8d96adc620cf63806?s=96&d=mm&r=g\",\"url\":\"https:\/\/secure.gravatar.com\/avatar\/9754d6777d460a45ef4067b586b94c32005cc2345a0404b8d96adc620cf63806?s=96&d=mm&r=g\",\"contentUrl\":\"https:\/\/secure.gravatar.com\/avatar\/9754d6777d460a45ef4067b586b94c32005cc2345a0404b8d96adc620cf63806?s=96&d=mm&r=g\",\"caption\":\"Diogo Mendes\"},\"description\":\"Diogo Mendes \u00e9 jornalista formado pela Universidade Paulista, com experi\u00eancia em reda\u00e7\u00f5es de diversos ve\u00edculos e na produ\u00e7\u00e3o de conte\u00fados especializados em concursos p\u00fablicos. Desde 2019, atua no Estrat\u00e9gia Concursos como Jornalista e Analista de Conte\u00fado, com foco na apura\u00e7\u00e3o de informa\u00e7\u00f5es junto a \u00f3rg\u00e3os e fontes oficiais. Dedica-se especialmente \u00e0 produ\u00e7\u00e3o de not\u00edcias e reportagens sobre Concursos Legislativos, al\u00e9m de acompanhar diariamente os concursos policiais, banc\u00e1rios e da \u00e1rea da sa\u00fade.\",\"url\":\"https:\/\/www.estrategiaconcursos.com.br\/blog\/author\/diogo-mendesestrategiaconcursos-com-br\/\"}]}<\/script>\n<!-- \/ Yoast SEO Premium plugin. -->","yoast_head_json":{"title":"Gabarito extraoficial PM MG soldado: veja seu desempenho","description":"Acesse o site do Estrat\u00e9gia Concursos e confira todos os detalhes do gabarito extraoficial da PM MG para Soldado!","robots":{"index":"index","follow":"follow","max-snippet":"max-snippet:-1","max-image-preview":"max-image-preview:large","max-video-preview":"max-video-preview:-1"},"canonical":"https:\/\/www.estrategiaconcursos.com.br\/blog\/gabarito-extraoficial-pm-mg-soldado-2023\/","og_locale":"pt_BR","og_type":"article","og_title":"Gabarito extraoficial PM MG soldado: veja seu desempenho","og_description":"Acesse o site do Estrat\u00e9gia Concursos e confira todos os detalhes do gabarito extraoficial da PM MG para Soldado!","og_url":"https:\/\/www.estrategiaconcursos.com.br\/blog\/gabarito-extraoficial-pm-mg-soldado-2023\/","og_site_name":"Estrat\u00e9gia Concursos","article_published_time":"2023-05-07T14:20:10+00:00","article_modified_time":"2024-10-16T14:15:25+00:00","og_image":[{"width":1280,"height":720,"url":"https:\/\/dhg1h5j42swfq.cloudfront.net\/2023\/05\/07110021\/1280-720-max-3-1.jpg","type":"image\/jpeg"}],"author":"Diogo Mendes","twitter_card":"summary_large_image","twitter_creator":"@EstratConcursos","twitter_site":"@EstratConcursos","twitter_misc":{"Escrito por":"Diogo Mendes","Est. tempo de leitura":"4 minutos"},"schema":{"@context":"https:\/\/schema.org","@graph":[{"@type":"NewsArticle","@id":"https:\/\/www.estrategiaconcursos.com.br\/blog\/gabarito-extraoficial-pm-mg-soldado-2023\/#article","isPartOf":{"@id":"https:\/\/www.estrategiaconcursos.com.br\/blog\/gabarito-extraoficial-pm-mg-soldado-2023\/"},"author":{"name":"Diogo Mendes","@id":"https:\/\/www.estrategiaconcursos.com.br\/blog\/#\/schema\/person\/cc9e76173880338ce9f656c88664a1f6"},"headline":"Gabarito extraoficial PM MG soldado: veja seu desempenho","datePublished":"2023-05-07T14:20:10+00:00","dateModified":"2024-10-16T14:15:25+00:00","mainEntityOfPage":{"@id":"https:\/\/www.estrategiaconcursos.com.br\/blog\/gabarito-extraoficial-pm-mg-soldado-2023\/"},"wordCount":867,"commentCount":0,"publisher":{"@id":"https:\/\/www.estrategiaconcursos.com.br\/blog\/#organization"},"image":{"@id":"https:\/\/www.estrategiaconcursos.com.br\/blog\/gabarito-extraoficial-pm-mg-soldado-2023\/#primaryimage"},"thumbnailUrl":"https:\/\/dhg1h5j42swfq.cloudfront.net\/2023\/05\/07110021\/1280-720-max-3-1.jpg","articleSection":["Policial (PM\/BM - Pra\u00e7as)","\u00daltimas not\u00edcias"],"inLanguage":"pt-BR","potentialAction":[{"@type":"CommentAction","name":"Comment","target":["https:\/\/www.estrategiaconcursos.com.br\/blog\/gabarito-extraoficial-pm-mg-soldado-2023\/#respond"]}],"copyrightYear":"2023","copyrightHolder":{"@id":"https:\/\/www.estrategiaconcursos.com.br\/blog\/#organization"}},{"@type":"WebPage","@id":"https:\/\/www.estrategiaconcursos.com.br\/blog\/gabarito-extraoficial-pm-mg-soldado-2023\/","url":"https:\/\/www.estrategiaconcursos.com.br\/blog\/gabarito-extraoficial-pm-mg-soldado-2023\/","name":"Gabarito extraoficial PM MG soldado: veja seu desempenho","isPartOf":{"@id":"https:\/\/www.estrategiaconcursos.com.br\/blog\/#website"},"primaryImageOfPage":{"@id":"https:\/\/www.estrategiaconcursos.com.br\/blog\/gabarito-extraoficial-pm-mg-soldado-2023\/#primaryimage"},"image":{"@id":"https:\/\/www.estrategiaconcursos.com.br\/blog\/gabarito-extraoficial-pm-mg-soldado-2023\/#primaryimage"},"thumbnailUrl":"https:\/\/dhg1h5j42swfq.cloudfront.net\/2023\/05\/07110021\/1280-720-max-3-1.jpg","datePublished":"2023-05-07T14:20:10+00:00","dateModified":"2024-10-16T14:15:25+00:00","description":"Acesse o site do Estrat\u00e9gia Concursos e confira todos os detalhes do gabarito extraoficial da PM MG para Soldado!","breadcrumb":{"@id":"https:\/\/www.estrategiaconcursos.com.br\/blog\/gabarito-extraoficial-pm-mg-soldado-2023\/#breadcrumb"},"inLanguage":"pt-BR","potentialAction":[{"@type":"ReadAction","target":["https:\/\/www.estrategiaconcursos.com.br\/blog\/gabarito-extraoficial-pm-mg-soldado-2023\/"]}]},{"@type":"ImageObject","inLanguage":"pt-BR","@id":"https:\/\/www.estrategiaconcursos.com.br\/blog\/gabarito-extraoficial-pm-mg-soldado-2023\/#primaryimage","url":"https:\/\/dhg1h5j42swfq.cloudfront.net\/2023\/05\/07110021\/1280-720-max-3-1.jpg","contentUrl":"https:\/\/dhg1h5j42swfq.cloudfront.net\/2023\/05\/07110021\/1280-720-max-3-1.jpg","width":1280,"height":720},{"@type":"BreadcrumbList","@id":"https:\/\/www.estrategiaconcursos.com.br\/blog\/gabarito-extraoficial-pm-mg-soldado-2023\/#breadcrumb","itemListElement":[{"@type":"ListItem","position":1,"name":"In\u00edcio","item":"https:\/\/www.estrategiaconcursos.com.br\/blog\/"},{"@type":"ListItem","position":2,"name":"Gabarito extraoficial PM MG soldado: veja seu desempenho"}]},{"@type":"WebSite","@id":"https:\/\/www.estrategiaconcursos.com.br\/blog\/#website","url":"https:\/\/www.estrategiaconcursos.com.br\/blog\/","name":"Estrat\u00e9gia Concursos","description":"O blog da Estrat\u00e9gia Concursos traz not\u00edcias sobre concursos e artigos de professores oferecendo cursos para concursos (pdf + videaulas) no site.","publisher":{"@id":"https:\/\/www.estrategiaconcursos.com.br\/blog\/#organization"},"potentialAction":[{"@type":"SearchAction","target":{"@type":"EntryPoint","urlTemplate":"https:\/\/www.estrategiaconcursos.com.br\/blog\/?s={search_term_string}"},"query-input":{"@type":"PropertyValueSpecification","valueRequired":true,"valueName":"search_term_string"}}],"inLanguage":"pt-BR"},{"@type":"Organization","@id":"https:\/\/www.estrategiaconcursos.com.br\/blog\/#organization","name":"Estrat\u00e9gia Concursos","url":"https:\/\/www.estrategiaconcursos.com.br\/blog\/","logo":{"@type":"ImageObject","inLanguage":"pt-BR","@id":"https:\/\/www.estrategiaconcursos.com.br\/blog\/#\/schema\/logo\/image\/","url":"https:\/\/dhg1h5j42swfq.cloudfront.net\/2025\/06\/03203428\/logo_concursos-1.jpg","contentUrl":"https:\/\/dhg1h5j42swfq.cloudfront.net\/2025\/06\/03203428\/logo_concursos-1.jpg","width":230,"height":60,"caption":"Estrat\u00e9gia Concursos"},"image":{"@id":"https:\/\/www.estrategiaconcursos.com.br\/blog\/#\/schema\/logo\/image\/"},"sameAs":["https:\/\/x.com\/EstratConcursos"]},{"@type":"Person","@id":"https:\/\/www.estrategiaconcursos.com.br\/blog\/#\/schema\/person\/cc9e76173880338ce9f656c88664a1f6","name":"Diogo Mendes","image":{"@type":"ImageObject","inLanguage":"pt-BR","@id":"https:\/\/secure.gravatar.com\/avatar\/9754d6777d460a45ef4067b586b94c32005cc2345a0404b8d96adc620cf63806?s=96&d=mm&r=g","url":"https:\/\/secure.gravatar.com\/avatar\/9754d6777d460a45ef4067b586b94c32005cc2345a0404b8d96adc620cf63806?s=96&d=mm&r=g","contentUrl":"https:\/\/secure.gravatar.com\/avatar\/9754d6777d460a45ef4067b586b94c32005cc2345a0404b8d96adc620cf63806?s=96&d=mm&r=g","caption":"Diogo Mendes"},"description":"Diogo Mendes \u00e9 jornalista formado pela Universidade Paulista, com experi\u00eancia em reda\u00e7\u00f5es de diversos ve\u00edculos e na produ\u00e7\u00e3o de conte\u00fados especializados em concursos p\u00fablicos. Desde 2019, atua no Estrat\u00e9gia Concursos como Jornalista e Analista de Conte\u00fado, com foco na apura\u00e7\u00e3o de informa\u00e7\u00f5es junto a \u00f3rg\u00e3os e fontes oficiais. Dedica-se especialmente \u00e0 produ\u00e7\u00e3o de not\u00edcias e reportagens sobre Concursos Legislativos, al\u00e9m de acompanhar diariamente os concursos policiais, banc\u00e1rios e da \u00e1rea da sa\u00fade.","url":"https:\/\/www.estrategiaconcursos.com.br\/blog\/author\/diogo-mendesestrategiaconcursos-com-br\/"}]}},"_links":{"self":[{"href":"https:\/\/www.estrategiaconcursos.com.br\/blog\/wp-json\/wp\/v2\/posts\/1211875","targetHints":{"allow":["GET"]}}],"collection":[{"href":"https:\/\/www.estrategiaconcursos.com.br\/blog\/wp-json\/wp\/v2\/posts"}],"about":[{"href":"https:\/\/www.estrategiaconcursos.com.br\/blog\/wp-json\/wp\/v2\/types\/post"}],"author":[{"embeddable":true,"href":"https:\/\/www.estrategiaconcursos.com.br\/blog\/wp-json\/wp\/v2\/users\/1483"}],"replies":[{"embeddable":true,"href":"https:\/\/www.estrategiaconcursos.com.br\/blog\/wp-json\/wp\/v2\/comments?post=1211875"}],"version-history":[{"count":20,"href":"https:\/\/www.estrategiaconcursos.com.br\/blog\/wp-json\/wp\/v2\/posts\/1211875\/revisions"}],"predecessor-version":[{"id":1212456,"href":"https:\/\/www.estrategiaconcursos.com.br\/blog\/wp-json\/wp\/v2\/posts\/1211875\/revisions\/1212456"}],"wp:featuredmedia":[{"embeddable":true,"href":"https:\/\/www.estrategiaconcursos.com.br\/blog\/wp-json\/wp\/v2\/media\/1211878"}],"wp:attachment":[{"href":"https:\/\/www.estrategiaconcursos.com.br\/blog\/wp-json\/wp\/v2\/media?parent=1211875"}],"wp:term":[{"taxonomy":"category","embeddable":true,"href":"https:\/\/www.estrategiaconcursos.com.br\/blog\/wp-json\/wp\/v2\/categories?post=1211875"},{"taxonomy":"post_tag","embeddable":true,"href":"https:\/\/www.estrategiaconcursos.com.br\/blog\/wp-json\/wp\/v2\/tags?post=1211875"},{"taxonomy":"tax_estado","embeddable":true,"href":"https:\/\/www.estrategiaconcursos.com.br\/blog\/wp-json\/wp\/v2\/tax_estado?post=1211875"}],"curies":[{"name":"wp","href":"https:\/\/api.w.org\/{rel}","templated":true}]}}