{"id":1211163,"date":"2023-05-08T09:00:00","date_gmt":"2023-05-08T12:00:00","guid":{"rendered":"https:\/\/www.estrategiaconcursos.com.br\/blog\/?p=1211163"},"modified":"2023-05-12T15:56:08","modified_gmt":"2023-05-12T18:56:08","slug":"carta-aos-assinantes-132","status":"publish","type":"post","link":"https:\/\/www.estrategiaconcursos.com.br\/blog\/carta-aos-assinantes-132\/","title":{"rendered":"Carta aos Assinantes do Estrat\u00e9gia Concursos &#8211; 132"},"content":{"rendered":"\n<p class=\"has-text-align-right has-luminous-vivid-amber-background-color has-background\"><em>Confira, em nossa <strong>cent\u00e9sima<\/strong> <strong>trig\u00e9sima<\/strong> <strong>segunda<\/strong> carta aos assinantes, a nossa programa\u00e7\u00e3o semanal, as novidades do nosso Sistema de Quest\u00f5es e as principais movimenta\u00e7\u00f5es de concursos.<\/em><\/p>\n\n\n\n<p>Ol\u00e1, pessoal. Tudo bem?<\/p>\n\n\n\n<p>Aqui \u00e9 o<strong> Prof. Diego Cerqueira <\/strong>em nossa <strong><mark style=\"background-color:rgba(0, 0, 0, 0)\" class=\"has-inline-color has-vivid-purple-color\">cent\u00e9sima trig\u00e9sima segunda carta aos Assinantes<\/mark><\/strong> do Estrat\u00e9gia Concursos.<\/p>\n\n\n\n<p>Nessa semana, finalizamos uma das maiores oportunidades para os alunos conquistarem a aprova\u00e7\u00e3o: <strong><mark style=\"background-color:rgba(0, 0, 0, 0)\" class=\"has-inline-color has-vivid-purple-color\">Assinatura Vital\u00edcia!<\/mark><\/strong> Se voc\u00ea perdeu essa oportunidade, sinto informar que n\u00e3o haver\u00e1 outra. Os alunos vital\u00edcios contam com benef\u00edcios que v\u00e3o contribuir ainda mais na jornada rumo \u00e0 aprova\u00e7\u00e3o, como o LDI (Livro Digital Interativo), uma das grandes novidades apresentadas no lan\u00e7amento da Assinatura Vital\u00edcia.<\/p>\n\n\n\n<p>Se voc\u00ea fez o concurso da Receita Federal e est\u00e1 desanimado por n\u00e3o ter tido um bom desempenho, saiba que outras excelentes oportunidades da \u00e1rea fiscal est\u00e3o no radar, como <a href=\"https:\/\/www.estrategiaconcursos.com.br\/blog\/concursos-fiscais\/\" target=\"_blank\" rel=\"noreferrer noopener\">ISS SP, ISS RJ e SEFAZ AC<\/a>. Al\u00e9m disso, o <mark style=\"background-color:rgba(0, 0, 0, 0)\" class=\"has-inline-color has-vivid-purple-color\"><strong>concurso AFT<\/strong><\/mark> voltou a ganhar destaque nessa semana. Isso porque a Comiss\u00e3o de Trabalho da C\u00e2mara dos Deputados&nbsp;aprovou o requerimento para tratar acerca da realiza\u00e7\u00e3o do concurso AFT. (<a href=\"https:\/\/www.estrategiaconcursos.com.br\/blog\/concurso-aft-requerimento-aprovado\/\" target=\"_blank\" rel=\"noreferrer noopener\">Veja aqui<\/a>!)<\/p>\n\n\n\n<p>No \u00e2mbito federal, v\u00e1rios concursos j\u00e1 est\u00e3o sendo autorizados, inclusive, com nomea\u00e7\u00f5es previstas at\u00e9 o final deste ano. O <strong><mark style=\"background-color:rgba(0, 0, 0, 0)\" class=\"has-inline-color has-vivid-purple-color\">concurso IBGE<\/mark><\/strong>, por exemplo, pode ser uma excelente op\u00e7\u00e3o para voc\u00ea ingressar no servi\u00e7o p\u00fablico. O \u00f3rg\u00e3o solicitou autoriza\u00e7\u00e3o para provimento de <strong><mark style=\"background-color:rgba(0, 0, 0, 0)\" class=\"has-inline-color has-vivid-purple-color\">3 mil vagas<\/mark><\/strong>. (<a href=\"https:\/\/www.estrategiaconcursos.com.br\/blog\/concurso-ibge\/\" target=\"_blank\" rel=\"noreferrer noopener\">Confira os detalhes<\/a>!)<\/p>\n\n\n\n<h2 class=\"wp-block-heading\" id=\"h-sistema-de-questoes-do-estrategia\">Sistema de Quest\u00f5es do Estrat\u00e9gia<\/h2>\n\n\n\n<p>Na \u00faltima semana a nossa equipe do Sistema de Quest\u00f5es <strong>criou<\/strong> os seguintes <strong>Cadernos de Quest\u00f5es Anteriores<\/strong>:<\/p>\n\n\n\n<ul class=\"wp-block-list\">\n<li>Tribunal de Justi\u00e7a da Bahia (<a href=\"https:\/\/www.estrategiaconcursos.com.br\/blog\/cadernos-de-questoes-para-o-concurso-tj-ba\/\" target=\"_blank\" rel=\"noreferrer noopener\">Clique aqui!<\/a>)<\/li>\n\n\n\n<li>Assembleia Legislativa de Santa Catarina (<a href=\"https:\/\/www.estrategiaconcursos.com.br\/blog\/cadernos-questoes-banca-fgv-concurso-alesc\/\" target=\"_blank\" rel=\"noreferrer noopener\">Clique aqui!<\/a>)<\/li>\n<\/ul>\n\n\n\n<p>Tamb\u00e9m foi <strong>criado <\/strong>o seguinte <strong>Caderno de Quest\u00f5es In\u00e9ditas<\/strong>:<\/p>\n\n\n\n<ul class=\"wp-block-list\">\n<li>Defensoria P\u00fablica do Rio Grande do Sul (<a href=\"https:\/\/www.estrategiaconcursos.com.br\/blog\/questoes-ineditas-dpe-rs\/\" target=\"_blank\" rel=\"noreferrer noopener\">Clique aqui!<\/a>)<\/li>\n<\/ul>\n\n\n\n<p>E <strong>criado<\/strong> o seguinte&nbsp;<strong>Caderno de Provas Anteriores<\/strong>:<\/p>\n\n\n\n<ul class=\"wp-block-list\">\n<li>Secretaria de Estado de Fazenda de Mato Grosso (<a href=\"https:\/\/www.estrategiaconcursos.com.br\/blog\/cadernos-de-questoes-sefaz-mt-provas-fiscais\/\" target=\"_blank\" rel=\"noreferrer noopener\">Clique aqui!<\/a>)<\/li>\n<\/ul>\n\n\n\n<p>Al\u00e9m disso, foi <strong>atualizado<\/strong> o seguinte <strong>Caderno de Provas Anteriores<\/strong>:<\/p>\n\n\n\n<ul class=\"wp-block-list\">\n<li>Provas da \u00e1rea banc\u00e1ria (<a href=\"https:\/\/www.estrategiaconcursos.com.br\/blog\/30-provas-para-a-area-bancaria\/\" target=\"_blank\" rel=\"noreferrer noopener\">Clique aqui!<\/a>)<\/li>\n<\/ul>\n\n\n\n<h2 class=\"wp-block-heading\" id=\"h-agora-vamos-ver-as-principais-movimentacoes-de-concursos-da-ultima-semana\">Agora, vamos ver as principais movimenta\u00e7\u00f5es de concursos da \u00faltima semana?<\/h2>\n\n\n\n<ul class=\"wp-block-list\">\n<li><strong><a href=\"https:\/\/www.estrategiaconcursos.com.br\/blog\/concurso-mma\/\" target=\"_blank\" rel=\"noreferrer noopener\">MMA<\/a>: <\/strong>Foi publicada no Di\u00e1rio Oficial da Uni\u00e3o (DOU) desta ter\u00e7a-feira, 02 de maio, a autoriza\u00e7\u00e3o para o novo concurso p\u00fablico do Minist\u00e9rio do Meio Ambiente (MMA). De acordo com o documento, ser\u00e3o oferecidas 98 vagas imediatas para o cargo de Analista Ambiental, cuja exig\u00eancia \u00e9 n\u00edvel superior de forma\u00e7\u00e3o. Com isso, o pr\u00f3ximo passo ser\u00e1 a forma\u00e7\u00e3o de uma comiss\u00e3o de acompanhamento das atividades do certame, bem como a escolha e contrata\u00e7\u00e3o da banca para condu\u00e7\u00e3o do mesmo. O prazo para a publica\u00e7\u00e3o do edital de abertura ser\u00e1 de at\u00e9 seis meses, contado a partir da publica\u00e7\u00e3o da Portaria. Mas, ao que tudo indica, o documento deve ser publicado bem antes. Isso porque, a previs\u00e3o do Governo \u00e9 de iniciar as nomea\u00e7\u00f5es em novembro.<\/li>\n<\/ul>\n\n\n\n<ul class=\"wp-block-list\">\n<li><strong><a href=\"https:\/\/www.estrategiaconcursos.com.br\/blog\/concurso-funai\/\" target=\"_blank\" rel=\"noreferrer noopener\">FUNAI<\/a>:<\/strong> O Minist\u00e9rio da Gest\u00e3o e da Inova\u00e7\u00e3o em Servi\u00e7os P\u00fablicos autorizou, nesta ter\u00e7a-feira (2), a realiza\u00e7\u00e3o de um concurso p\u00fablico para o preenchimento de 502 vagas na Funda\u00e7\u00e3o Nacional dos Povos Ind\u00edgenas (Funai). Do total de oportunidades, 152 s\u00e3o destinadas para pessoas com ensino m\u00e9dio e as outras 350, para profissionais com n\u00edvel superior. O governo tem at\u00e9 seis meses para publicar o edital deste concurso. O prazo para a realiza\u00e7\u00e3o da primeira prova do processo \u00e9 de dois meses a partir da divulga\u00e7\u00e3o do edital. Com 32.256 inscritos, o \u00faltimo concurso Funai aconteceu em 2016, com a oferta de 220 vagas para cargos em n\u00edvel superior. Na ocasi\u00e3o, a ESAF foi a banca organizadora do certame.<\/li>\n<\/ul>\n\n\n\n<ul class=\"wp-block-list\">\n<li><strong><a href=\"https:\/\/www.estrategiaconcursos.com.br\/blog\/concurso-reciprev\/\" target=\"_blank\" rel=\"noreferrer noopener\">RECIPREV<\/a>:<\/strong> A Prefeitura do Recife vai realizar um concurso p\u00fablico para o preenchimento de 15 vagas na Autarquia Municipal de Previd\u00eancia e Assist\u00eancia \u00e0 Sa\u00fade dos Servidores (Reciprev), al\u00e9m de cadastro de reserva para os cargos de Assistente de Previd\u00eancia e Assist\u00eancia \u00e0 Sa\u00fade, Analista de Previd\u00eancia e T\u00e9cnico em Previd\u00eancia. O prefeito Jo\u00e3o Campos fez o an\u00fancio do certame em seu gabinete, ao lado do diretor-presidente da autarquia dos servidores, Manoel Carneiro. \u201cVamos realizar o concurso da Reciprev para garantir quadros efetivos para a nossa autarquia. Com isso, a gente d\u00e1 a garantia da boa pol\u00edtica p\u00fablica, de forma permanente, com responsabilidade fiscal, equil\u00edbrio, zelo com o dinheiro e com a previd\u00eancia\u201d, confirmou o mesmo.<\/li>\n<\/ul>\n\n\n\n<ul class=\"wp-block-list\">\n<li><strong><a href=\"https:\/\/www.estrategiaconcursos.com.br\/blog\/concurso-cvm\/\" target=\"_blank\" rel=\"noreferrer noopener\">CVM<\/a><\/strong>: o concurso CVM (Comiss\u00e3o de Valores Mobili\u00e1rios) pode ofertar 180 vagas! De acordo com nota t\u00e9cnica, esse foi o quantitativo solicitado para o novo edital. As oportunidades se distribuem em 31 vagas para inspetor, 56 para analista e 93 para agente executivo. Os sal\u00e1rios variam de R$ 4.750,20 a R$ 20.924,80, ap\u00f3s reajuste. Vale lembrar que, recentemente, o certame voltou a ser pauta durante reuni\u00e3o do sindicato com o assessor especial da ministra Esther Dweck, da Gest\u00e3o e da Inova\u00e7\u00e3o em Servi\u00e7os P\u00fablicos, Jos\u00e9 Celso Cardoso J\u00fanior.<\/li>\n<\/ul>\n\n\n\n<ul class=\"wp-block-list\">\n<li><strong><a href=\"https:\/\/www.estrategiaconcursos.com.br\/blog\/concurso-prf\/\" target=\"_blank\" rel=\"noreferrer noopener\">PRF<\/a><\/strong>: a Pol\u00edcia Rodovi\u00e1ria Federal (PRF) encaminhou ao Minist\u00e9rio de Justi\u00e7a e Seguran\u00e7a P\u00fablica (MJSP) um of\u00edcio com pedido de autoriza\u00e7\u00e3o de novo concurso. De acordo com o documento, foram solicitadas 4.902 vagas de n\u00edvel superior e sal\u00e1rio de R$ 10.790,87 (ap\u00f3s reajuste). Tamb\u00e9m foi solicitado o edital para a \u00e1rea administrativa com 219 vagas de Agente Administrativo, de n\u00edvel m\u00e9dio e sal\u00e1rio de R$ 5.173,31 (ap\u00f3s reajuste).<\/li>\n<\/ul>\n\n\n\n<ul class=\"wp-block-list\">\n<li><strong><a href=\"https:\/\/www.estrategiaconcursos.com.br\/blog\/concurso-bnb\/\" target=\"_blank\" rel=\"noreferrer noopener\">BNB<\/a><\/strong>: Com um concurso BNB realizado recentemente, o Banco do Nordeste do Brasil pode ter um novo edital publicado em 2023, segundo expectativa do presidente Paulo C\u00e2mara. Apesar do levantamento de cargos e vagas estar em andamento, a previs\u00e3o \u00e9 de que sejam ofertadas oportunidades nas \u00e1reas de tecnologia da informa\u00e7\u00e3o e atendimento ao p\u00fablico.<\/li>\n<\/ul>\n\n\n\n<ul class=\"wp-block-list\">\n<li><strong><a href=\"https:\/\/www.estrategiaconcursos.com.br\/blog\/concurso-diplomata\/\" target=\"_blank\" rel=\"noreferrer noopener\">Concurso Diplomata<\/a>:<\/strong> Foi divulgado no Di\u00e1rio Oficial da Uni\u00e3o, do dia 04 de maio de 2023, o extrato de contrato que oficializa o Instituto Americano de Desenvolvimento (IADES) como banca do novo concurso Diplomata!<\/li>\n<\/ul>\n\n\n\n<ul class=\"wp-block-list\">\n<li><strong><a href=\"https:\/\/www.estrategiaconcursos.com.br\/blog\/concurso-tj-rs\/\" target=\"_blank\" rel=\"noreferrer noopener\">TJ RS<\/a><\/strong>: foi autorizado novo&nbsp;<strong>concurso TJ RS<\/strong>! Dessa vez, ser\u00e3o&nbsp;<strong>30 vagas<\/strong>&nbsp;para o cargo de&nbsp;<strong>T\u00e9cnico do Poder Judici\u00e1rio<\/strong>. A autoriza\u00e7\u00e3o, com decis\u00e3o unanime, ocorreu em reuni\u00e3o do Conselho da Magistratura do Tribunal de Justi\u00e7a realizada no dia 28 de abril.<\/li>\n<\/ul>\n\n\n\n<ul class=\"wp-block-list\">\n<li><strong><a href=\"https:\/\/www.estrategiaconcursos.com.br\/blog\/concurso-mp-sp\/\" target=\"_blank\" rel=\"noreferrer noopener\">MP SP<\/a>:<\/strong> o Minist\u00e9rio P\u00fablico de Estado de S\u00e3o Paulo ratificou a contrata\u00e7\u00e3o da Vunesp para o novo edital de analista t\u00e9cnico-cient\u00edfico! Com a contrata\u00e7\u00e3o da banca organizadora, o edital pode ser divulgado a qualquer momento.<\/li>\n<\/ul>\n\n\n\n<p>Desejo a todos uma excelente semana de estudos!<\/p>\n\n\n\n<p>Abra\u00e7os,<\/p>\n\n\n\n<p><strong>Prof. Diego Cerqueira<\/strong><\/p>\n","protected":false},"excerpt":{"rendered":"<p>Confira, em nossa cent\u00e9sima trig\u00e9sima segunda carta aos assinantes, a nossa programa\u00e7\u00e3o semanal, as novidades do nosso Sistema de Quest\u00f5es e as principais movimenta\u00e7\u00f5es de concursos. Ol\u00e1, pessoal. Tudo bem? Aqui \u00e9 o Prof. Diego Cerqueira em nossa cent\u00e9sima trig\u00e9sima segunda carta aos Assinantes do Estrat\u00e9gia Concursos. Nessa semana, finalizamos uma das maiores oportunidades para [&hellip;]<\/p>\n","protected":false},"author":1789,"featured_media":1208734,"comment_status":"open","ping_status":"closed","sticky":false,"template":"","format":"standard","meta":{"post_tipo":"article","footnotes":""},"categories":[1],"tags":[],"tax_estado":[219964,219965,219966,219967,219968,219969,219963,219970,219971,219972,219973,219974,219975,219976,219977,219978,219979,219980,219981,219982,219983,219984,219985,219986,219987,219988,219989,219990],"class_list":["post-1211163","post","type-post","status-publish","format-standard","has-post-thumbnail","hentry","category-cursos-e-concursos","tax_estado-ac","tax_estado-al","tax_estado-am","tax_estado-ap","tax_estado-ba","tax_estado-ce","tax_estado-concursos-federais","tax_estado-df","tax_estado-es","tax_estado-go","tax_estado-ma","tax_estado-mg","tax_estado-ms","tax_estado-mt","tax_estado-pa","tax_estado-pb","tax_estado-pe","tax_estado-pi","tax_estado-pr","tax_estado-rj","tax_estado-rn","tax_estado-ro","tax_estado-rr","tax_estado-rs","tax_estado-sc","tax_estado-se","tax_estado-sp","tax_estado-to"],"acf":[],"yoast_head":"<!-- This site is optimized with the Yoast SEO Premium plugin v27.2 (Yoast SEO v27.2) - https:\/\/yoast.com\/product\/yoast-seo-premium-wordpress\/ -->\n<title>Carta aos Assinantes do Estrat\u00e9gia Concursos - 132<\/title>\n<meta name=\"description\" content=\"Confira, em nossa 132\u00aa carta aos assinantes, a nossa programa\u00e7\u00e3o semanal, novidades do nosso SQ e principais movimenta\u00e7\u00f5es de concursos.\" \/>\n<meta name=\"robots\" content=\"index, follow, max-snippet:-1, max-image-preview:large, max-video-preview:-1\" \/>\n<link rel=\"canonical\" href=\"https:\/\/www.estrategiaconcursos.com.br\/blog\/carta-aos-assinantes-132\/\" \/>\n<meta property=\"og:locale\" content=\"pt_BR\" \/>\n<meta property=\"og:type\" content=\"article\" \/>\n<meta property=\"og:title\" content=\"Carta aos Assinantes do Estrat\u00e9gia Concursos - 132\" \/>\n<meta property=\"og:description\" content=\"Confira, em nossa 132\u00aa carta aos assinantes, a nossa programa\u00e7\u00e3o semanal, novidades do nosso SQ e principais movimenta\u00e7\u00f5es de concursos.\" \/>\n<meta property=\"og:url\" content=\"https:\/\/www.estrategiaconcursos.com.br\/blog\/carta-aos-assinantes-132\/\" \/>\n<meta property=\"og:site_name\" content=\"Estrat\u00e9gia Concursos\" \/>\n<meta property=\"article:published_time\" content=\"2023-05-08T12:00:00+00:00\" \/>\n<meta property=\"article:modified_time\" content=\"2023-05-12T18:56:08+00:00\" \/>\n<meta property=\"og:image\" content=\"https:\/\/dhg1h5j42swfq.cloudfront.net\/2023\/04\/28161224\/carta-aos-assinantes.jpg\" \/>\n\t<meta property=\"og:image:width\" content=\"300\" \/>\n\t<meta property=\"og:image:height\" content=\"168\" \/>\n\t<meta property=\"og:image:type\" content=\"image\/jpeg\" \/>\n<meta name=\"author\" content=\"Coordena\u00e7\u00e3o Estrat\u00e9gia\" \/>\n<meta name=\"twitter:card\" content=\"summary_large_image\" \/>\n<meta name=\"twitter:creator\" content=\"@EstratConcursos\" \/>\n<meta name=\"twitter:site\" content=\"@EstratConcursos\" \/>\n<meta name=\"twitter:label1\" content=\"Escrito por\" \/>\n\t<meta name=\"twitter:data1\" content=\"Coordena\u00e7\u00e3o Estrat\u00e9gia\" \/>\n\t<meta name=\"twitter:label2\" content=\"Est. tempo de leitura\" \/>\n\t<meta name=\"twitter:data2\" content=\"6 minutos\" \/>\n<script type=\"application\/ld+json\" class=\"yoast-schema-graph\">{\"@context\":\"https:\/\/schema.org\",\"@graph\":[{\"@type\":\"NewsArticle\",\"@id\":\"https:\/\/www.estrategiaconcursos.com.br\/blog\/carta-aos-assinantes-132\/#article\",\"isPartOf\":{\"@id\":\"https:\/\/www.estrategiaconcursos.com.br\/blog\/carta-aos-assinantes-132\/\"},\"author\":{\"name\":\"Coordena\u00e7\u00e3o Estrat\u00e9gia\",\"@id\":\"https:\/\/www.estrategiaconcursos.com.br\/blog\/#\/schema\/person\/ba5fab3b1fa4a358429e37bc50f74021\"},\"headline\":\"Carta aos Assinantes do Estrat\u00e9gia Concursos &#8211; 132\",\"datePublished\":\"2023-05-08T12:00:00+00:00\",\"dateModified\":\"2023-05-12T18:56:08+00:00\",\"mainEntityOfPage\":{\"@id\":\"https:\/\/www.estrategiaconcursos.com.br\/blog\/carta-aos-assinantes-132\/\"},\"wordCount\":1141,\"commentCount\":0,\"publisher\":{\"@id\":\"https:\/\/www.estrategiaconcursos.com.br\/blog\/#organization\"},\"image\":{\"@id\":\"https:\/\/www.estrategiaconcursos.com.br\/blog\/carta-aos-assinantes-132\/#primaryimage\"},\"thumbnailUrl\":\"https:\/\/dhg1h5j42swfq.cloudfront.net\/2023\/04\/28161224\/carta-aos-assinantes.jpg\",\"articleSection\":[\"Concursos P\u00fablicos\"],\"inLanguage\":\"pt-BR\",\"potentialAction\":[{\"@type\":\"CommentAction\",\"name\":\"Comment\",\"target\":[\"https:\/\/www.estrategiaconcursos.com.br\/blog\/carta-aos-assinantes-132\/#respond\"]}],\"copyrightYear\":\"2023\",\"copyrightHolder\":{\"@id\":\"https:\/\/www.estrategiaconcursos.com.br\/blog\/#organization\"}},{\"@type\":\"WebPage\",\"@id\":\"https:\/\/www.estrategiaconcursos.com.br\/blog\/carta-aos-assinantes-132\/\",\"url\":\"https:\/\/www.estrategiaconcursos.com.br\/blog\/carta-aos-assinantes-132\/\",\"name\":\"Carta aos Assinantes do Estrat\u00e9gia Concursos - 132\",\"isPartOf\":{\"@id\":\"https:\/\/www.estrategiaconcursos.com.br\/blog\/#website\"},\"primaryImageOfPage\":{\"@id\":\"https:\/\/www.estrategiaconcursos.com.br\/blog\/carta-aos-assinantes-132\/#primaryimage\"},\"image\":{\"@id\":\"https:\/\/www.estrategiaconcursos.com.br\/blog\/carta-aos-assinantes-132\/#primaryimage\"},\"thumbnailUrl\":\"https:\/\/dhg1h5j42swfq.cloudfront.net\/2023\/04\/28161224\/carta-aos-assinantes.jpg\",\"datePublished\":\"2023-05-08T12:00:00+00:00\",\"dateModified\":\"2023-05-12T18:56:08+00:00\",\"description\":\"Confira, em nossa 132\u00aa carta aos assinantes, a nossa programa\u00e7\u00e3o semanal, novidades do nosso SQ e principais movimenta\u00e7\u00f5es de concursos.\",\"breadcrumb\":{\"@id\":\"https:\/\/www.estrategiaconcursos.com.br\/blog\/carta-aos-assinantes-132\/#breadcrumb\"},\"inLanguage\":\"pt-BR\",\"potentialAction\":[{\"@type\":\"ReadAction\",\"target\":[\"https:\/\/www.estrategiaconcursos.com.br\/blog\/carta-aos-assinantes-132\/\"]}]},{\"@type\":\"ImageObject\",\"inLanguage\":\"pt-BR\",\"@id\":\"https:\/\/www.estrategiaconcursos.com.br\/blog\/carta-aos-assinantes-132\/#primaryimage\",\"url\":\"https:\/\/dhg1h5j42swfq.cloudfront.net\/2023\/04\/28161224\/carta-aos-assinantes.jpg\",\"contentUrl\":\"https:\/\/dhg1h5j42swfq.cloudfront.net\/2023\/04\/28161224\/carta-aos-assinantes.jpg\",\"width\":300,\"height\":168,\"caption\":\"carta aos assinantes\"},{\"@type\":\"BreadcrumbList\",\"@id\":\"https:\/\/www.estrategiaconcursos.com.br\/blog\/carta-aos-assinantes-132\/#breadcrumb\",\"itemListElement\":[{\"@type\":\"ListItem\",\"position\":1,\"name\":\"In\u00edcio\",\"item\":\"https:\/\/www.estrategiaconcursos.com.br\/blog\/\"},{\"@type\":\"ListItem\",\"position\":2,\"name\":\"Carta aos Assinantes do Estrat\u00e9gia Concursos &#8211; 132\"}]},{\"@type\":\"WebSite\",\"@id\":\"https:\/\/www.estrategiaconcursos.com.br\/blog\/#website\",\"url\":\"https:\/\/www.estrategiaconcursos.com.br\/blog\/\",\"name\":\"Estrat\u00e9gia Concursos\",\"description\":\"O blog da Estrat\u00e9gia Concursos traz not\u00edcias sobre concursos e artigos de professores oferecendo cursos para concursos (pdf + videaulas) no site.\",\"publisher\":{\"@id\":\"https:\/\/www.estrategiaconcursos.com.br\/blog\/#organization\"},\"potentialAction\":[{\"@type\":\"SearchAction\",\"target\":{\"@type\":\"EntryPoint\",\"urlTemplate\":\"https:\/\/www.estrategiaconcursos.com.br\/blog\/?s={search_term_string}\"},\"query-input\":{\"@type\":\"PropertyValueSpecification\",\"valueRequired\":true,\"valueName\":\"search_term_string\"}}],\"inLanguage\":\"pt-BR\"},{\"@type\":\"Organization\",\"@id\":\"https:\/\/www.estrategiaconcursos.com.br\/blog\/#organization\",\"name\":\"Estrat\u00e9gia Concursos\",\"url\":\"https:\/\/www.estrategiaconcursos.com.br\/blog\/\",\"logo\":{\"@type\":\"ImageObject\",\"inLanguage\":\"pt-BR\",\"@id\":\"https:\/\/www.estrategiaconcursos.com.br\/blog\/#\/schema\/logo\/image\/\",\"url\":\"https:\/\/dhg1h5j42swfq.cloudfront.net\/2025\/06\/03203428\/logo_concursos-1.jpg\",\"contentUrl\":\"https:\/\/dhg1h5j42swfq.cloudfront.net\/2025\/06\/03203428\/logo_concursos-1.jpg\",\"width\":230,\"height\":60,\"caption\":\"Estrat\u00e9gia Concursos\"},\"image\":{\"@id\":\"https:\/\/www.estrategiaconcursos.com.br\/blog\/#\/schema\/logo\/image\/\"},\"sameAs\":[\"https:\/\/x.com\/EstratConcursos\"]},{\"@type\":\"Person\",\"@id\":\"https:\/\/www.estrategiaconcursos.com.br\/blog\/#\/schema\/person\/ba5fab3b1fa4a358429e37bc50f74021\",\"name\":\"Coordena\u00e7\u00e3o Estrat\u00e9gia\",\"image\":{\"@type\":\"ImageObject\",\"inLanguage\":\"pt-BR\",\"@id\":\"https:\/\/secure.gravatar.com\/avatar\/adff33ff18541ba37c900dd2b1e82dbfb0fe33d873b92636b4827a8da462feb3?s=96&d=mm&r=g\",\"url\":\"https:\/\/secure.gravatar.com\/avatar\/adff33ff18541ba37c900dd2b1e82dbfb0fe33d873b92636b4827a8da462feb3?s=96&d=mm&r=g\",\"contentUrl\":\"https:\/\/secure.gravatar.com\/avatar\/adff33ff18541ba37c900dd2b1e82dbfb0fe33d873b92636b4827a8da462feb3?s=96&d=mm&r=g\",\"caption\":\"Coordena\u00e7\u00e3o Estrat\u00e9gia\"},\"url\":\"https:\/\/www.estrategiaconcursos.com.br\/blog\/author\/victor-tanakaaestrategiaconcursos-com-br\/\"}]}<\/script>\n<!-- \/ Yoast SEO Premium plugin. -->","yoast_head_json":{"title":"Carta aos Assinantes do Estrat\u00e9gia Concursos - 132","description":"Confira, em nossa 132\u00aa carta aos assinantes, a nossa programa\u00e7\u00e3o semanal, novidades do nosso SQ e principais movimenta\u00e7\u00f5es de concursos.","robots":{"index":"index","follow":"follow","max-snippet":"max-snippet:-1","max-image-preview":"max-image-preview:large","max-video-preview":"max-video-preview:-1"},"canonical":"https:\/\/www.estrategiaconcursos.com.br\/blog\/carta-aos-assinantes-132\/","og_locale":"pt_BR","og_type":"article","og_title":"Carta aos Assinantes do Estrat\u00e9gia Concursos - 132","og_description":"Confira, em nossa 132\u00aa carta aos assinantes, a nossa programa\u00e7\u00e3o semanal, novidades do nosso SQ e principais movimenta\u00e7\u00f5es de concursos.","og_url":"https:\/\/www.estrategiaconcursos.com.br\/blog\/carta-aos-assinantes-132\/","og_site_name":"Estrat\u00e9gia Concursos","article_published_time":"2023-05-08T12:00:00+00:00","article_modified_time":"2023-05-12T18:56:08+00:00","og_image":[{"width":300,"height":168,"url":"https:\/\/dhg1h5j42swfq.cloudfront.net\/2023\/04\/28161224\/carta-aos-assinantes.jpg","type":"image\/jpeg"}],"author":"Coordena\u00e7\u00e3o Estrat\u00e9gia","twitter_card":"summary_large_image","twitter_creator":"@EstratConcursos","twitter_site":"@EstratConcursos","twitter_misc":{"Escrito por":"Coordena\u00e7\u00e3o Estrat\u00e9gia","Est. tempo de leitura":"6 minutos"},"schema":{"@context":"https:\/\/schema.org","@graph":[{"@type":"NewsArticle","@id":"https:\/\/www.estrategiaconcursos.com.br\/blog\/carta-aos-assinantes-132\/#article","isPartOf":{"@id":"https:\/\/www.estrategiaconcursos.com.br\/blog\/carta-aos-assinantes-132\/"},"author":{"name":"Coordena\u00e7\u00e3o Estrat\u00e9gia","@id":"https:\/\/www.estrategiaconcursos.com.br\/blog\/#\/schema\/person\/ba5fab3b1fa4a358429e37bc50f74021"},"headline":"Carta aos Assinantes do Estrat\u00e9gia Concursos &#8211; 132","datePublished":"2023-05-08T12:00:00+00:00","dateModified":"2023-05-12T18:56:08+00:00","mainEntityOfPage":{"@id":"https:\/\/www.estrategiaconcursos.com.br\/blog\/carta-aos-assinantes-132\/"},"wordCount":1141,"commentCount":0,"publisher":{"@id":"https:\/\/www.estrategiaconcursos.com.br\/blog\/#organization"},"image":{"@id":"https:\/\/www.estrategiaconcursos.com.br\/blog\/carta-aos-assinantes-132\/#primaryimage"},"thumbnailUrl":"https:\/\/dhg1h5j42swfq.cloudfront.net\/2023\/04\/28161224\/carta-aos-assinantes.jpg","articleSection":["Concursos P\u00fablicos"],"inLanguage":"pt-BR","potentialAction":[{"@type":"CommentAction","name":"Comment","target":["https:\/\/www.estrategiaconcursos.com.br\/blog\/carta-aos-assinantes-132\/#respond"]}],"copyrightYear":"2023","copyrightHolder":{"@id":"https:\/\/www.estrategiaconcursos.com.br\/blog\/#organization"}},{"@type":"WebPage","@id":"https:\/\/www.estrategiaconcursos.com.br\/blog\/carta-aos-assinantes-132\/","url":"https:\/\/www.estrategiaconcursos.com.br\/blog\/carta-aos-assinantes-132\/","name":"Carta aos Assinantes do Estrat\u00e9gia Concursos - 132","isPartOf":{"@id":"https:\/\/www.estrategiaconcursos.com.br\/blog\/#website"},"primaryImageOfPage":{"@id":"https:\/\/www.estrategiaconcursos.com.br\/blog\/carta-aos-assinantes-132\/#primaryimage"},"image":{"@id":"https:\/\/www.estrategiaconcursos.com.br\/blog\/carta-aos-assinantes-132\/#primaryimage"},"thumbnailUrl":"https:\/\/dhg1h5j42swfq.cloudfront.net\/2023\/04\/28161224\/carta-aos-assinantes.jpg","datePublished":"2023-05-08T12:00:00+00:00","dateModified":"2023-05-12T18:56:08+00:00","description":"Confira, em nossa 132\u00aa carta aos assinantes, a nossa programa\u00e7\u00e3o semanal, novidades do nosso SQ e principais movimenta\u00e7\u00f5es de concursos.","breadcrumb":{"@id":"https:\/\/www.estrategiaconcursos.com.br\/blog\/carta-aos-assinantes-132\/#breadcrumb"},"inLanguage":"pt-BR","potentialAction":[{"@type":"ReadAction","target":["https:\/\/www.estrategiaconcursos.com.br\/blog\/carta-aos-assinantes-132\/"]}]},{"@type":"ImageObject","inLanguage":"pt-BR","@id":"https:\/\/www.estrategiaconcursos.com.br\/blog\/carta-aos-assinantes-132\/#primaryimage","url":"https:\/\/dhg1h5j42swfq.cloudfront.net\/2023\/04\/28161224\/carta-aos-assinantes.jpg","contentUrl":"https:\/\/dhg1h5j42swfq.cloudfront.net\/2023\/04\/28161224\/carta-aos-assinantes.jpg","width":300,"height":168,"caption":"carta aos assinantes"},{"@type":"BreadcrumbList","@id":"https:\/\/www.estrategiaconcursos.com.br\/blog\/carta-aos-assinantes-132\/#breadcrumb","itemListElement":[{"@type":"ListItem","position":1,"name":"In\u00edcio","item":"https:\/\/www.estrategiaconcursos.com.br\/blog\/"},{"@type":"ListItem","position":2,"name":"Carta aos Assinantes do Estrat\u00e9gia Concursos &#8211; 132"}]},{"@type":"WebSite","@id":"https:\/\/www.estrategiaconcursos.com.br\/blog\/#website","url":"https:\/\/www.estrategiaconcursos.com.br\/blog\/","name":"Estrat\u00e9gia Concursos","description":"O blog da Estrat\u00e9gia Concursos traz not\u00edcias sobre concursos e artigos de professores oferecendo cursos para concursos (pdf + videaulas) no site.","publisher":{"@id":"https:\/\/www.estrategiaconcursos.com.br\/blog\/#organization"},"potentialAction":[{"@type":"SearchAction","target":{"@type":"EntryPoint","urlTemplate":"https:\/\/www.estrategiaconcursos.com.br\/blog\/?s={search_term_string}"},"query-input":{"@type":"PropertyValueSpecification","valueRequired":true,"valueName":"search_term_string"}}],"inLanguage":"pt-BR"},{"@type":"Organization","@id":"https:\/\/www.estrategiaconcursos.com.br\/blog\/#organization","name":"Estrat\u00e9gia Concursos","url":"https:\/\/www.estrategiaconcursos.com.br\/blog\/","logo":{"@type":"ImageObject","inLanguage":"pt-BR","@id":"https:\/\/www.estrategiaconcursos.com.br\/blog\/#\/schema\/logo\/image\/","url":"https:\/\/dhg1h5j42swfq.cloudfront.net\/2025\/06\/03203428\/logo_concursos-1.jpg","contentUrl":"https:\/\/dhg1h5j42swfq.cloudfront.net\/2025\/06\/03203428\/logo_concursos-1.jpg","width":230,"height":60,"caption":"Estrat\u00e9gia Concursos"},"image":{"@id":"https:\/\/www.estrategiaconcursos.com.br\/blog\/#\/schema\/logo\/image\/"},"sameAs":["https:\/\/x.com\/EstratConcursos"]},{"@type":"Person","@id":"https:\/\/www.estrategiaconcursos.com.br\/blog\/#\/schema\/person\/ba5fab3b1fa4a358429e37bc50f74021","name":"Coordena\u00e7\u00e3o Estrat\u00e9gia","image":{"@type":"ImageObject","inLanguage":"pt-BR","@id":"https:\/\/secure.gravatar.com\/avatar\/adff33ff18541ba37c900dd2b1e82dbfb0fe33d873b92636b4827a8da462feb3?s=96&d=mm&r=g","url":"https:\/\/secure.gravatar.com\/avatar\/adff33ff18541ba37c900dd2b1e82dbfb0fe33d873b92636b4827a8da462feb3?s=96&d=mm&r=g","contentUrl":"https:\/\/secure.gravatar.com\/avatar\/adff33ff18541ba37c900dd2b1e82dbfb0fe33d873b92636b4827a8da462feb3?s=96&d=mm&r=g","caption":"Coordena\u00e7\u00e3o Estrat\u00e9gia"},"url":"https:\/\/www.estrategiaconcursos.com.br\/blog\/author\/victor-tanakaaestrategiaconcursos-com-br\/"}]}},"_links":{"self":[{"href":"https:\/\/www.estrategiaconcursos.com.br\/blog\/wp-json\/wp\/v2\/posts\/1211163","targetHints":{"allow":["GET"]}}],"collection":[{"href":"https:\/\/www.estrategiaconcursos.com.br\/blog\/wp-json\/wp\/v2\/posts"}],"about":[{"href":"https:\/\/www.estrategiaconcursos.com.br\/blog\/wp-json\/wp\/v2\/types\/post"}],"author":[{"embeddable":true,"href":"https:\/\/www.estrategiaconcursos.com.br\/blog\/wp-json\/wp\/v2\/users\/1789"}],"replies":[{"embeddable":true,"href":"https:\/\/www.estrategiaconcursos.com.br\/blog\/wp-json\/wp\/v2\/comments?post=1211163"}],"version-history":[{"count":9,"href":"https:\/\/www.estrategiaconcursos.com.br\/blog\/wp-json\/wp\/v2\/posts\/1211163\/revisions"}],"predecessor-version":[{"id":1215499,"href":"https:\/\/www.estrategiaconcursos.com.br\/blog\/wp-json\/wp\/v2\/posts\/1211163\/revisions\/1215499"}],"wp:featuredmedia":[{"embeddable":true,"href":"https:\/\/www.estrategiaconcursos.com.br\/blog\/wp-json\/wp\/v2\/media\/1208734"}],"wp:attachment":[{"href":"https:\/\/www.estrategiaconcursos.com.br\/blog\/wp-json\/wp\/v2\/media?parent=1211163"}],"wp:term":[{"taxonomy":"category","embeddable":true,"href":"https:\/\/www.estrategiaconcursos.com.br\/blog\/wp-json\/wp\/v2\/categories?post=1211163"},{"taxonomy":"post_tag","embeddable":true,"href":"https:\/\/www.estrategiaconcursos.com.br\/blog\/wp-json\/wp\/v2\/tags?post=1211163"},{"taxonomy":"tax_estado","embeddable":true,"href":"https:\/\/www.estrategiaconcursos.com.br\/blog\/wp-json\/wp\/v2\/tax_estado?post=1211163"}],"curies":[{"name":"wp","href":"https:\/\/api.w.org\/{rel}","templated":true}]}}