{"id":1210935,"date":"2023-05-04T14:29:56","date_gmt":"2023-05-04T17:29:56","guid":{"rendered":"https:\/\/www.estrategiaconcursos.com.br\/blog\/?p=1210935"},"modified":"2025-09-12T17:48:30","modified_gmt":"2025-09-12T20:48:30","slug":"concursos-federais-nomeacoes-novembro-2023","status":"publish","type":"post","link":"https:\/\/www.estrategiaconcursos.com.br\/blog\/concursos-federais-nomeacoes-novembro-2023\/","title":{"rendered":"Concursos federais: nomea\u00e7\u00f5es previstas para novembro!"},"content":{"rendered":"\n<p>Os concursos federais voltaram com tudo em 2023 e as novidades n\u00e3o param de pipocar, inclusive com conversas sobre nomea\u00e7\u00f5es! \u00c9 isso mesmo, os concursos rec\u00e9m autorizados j\u00e1 possuem uma data prevista para o in\u00edcio dos provimentos.<\/p>\n\n\n\n<p>Segunda a tabela de <a href=\"https:\/\/dhg1h5j42swfq.cloudfront.net\/2023\/05\/04134518\/autorizacoes2maio2023.pdf\" target=\"_blank\" rel=\"noreferrer noopener nofollow\"><strong>Autoriza\u00e7\u00f5es e Provimentos<\/strong><\/a> divulgada pelo Governo Federal, os concursos da Funai, MMA e MCTI devem ter seus provimentos <strong>a partir de novembro de 2023<\/strong>.<\/p>\n\n\n\n<p>Para o concurso Diplomata, a previs\u00e3o j\u00e1 \u00e9 mais pr\u00f3xima, <strong>a partir de julho<\/strong>. Isso porque, \u00e9 o certame mais avan\u00e7ado at\u00e9 o momento.<\/p>\n\n\n\n<h2 class=\"wp-block-heading\">Cronograma de nomea\u00e7\u00f5es dos concursos federais 2023:<\/h2>\n\n\n\n<p>A tabela tamb\u00e9m inclui o concurso da Ag\u00eancia Nacional de Minera\u00e7\u00e3o, realizado entre 2021 e 2022 e que j\u00e1 teve todas as 40 vagas preenchidas.<\/p>\n\n\n\n<ul class=\"wp-block-list\">\n<li>Ag\u00eancia Nacional de Minera\u00e7\u00e3o &#8211; <a href=\"https:\/\/www.estrategiaconcursos.com.br\/blog\/concurso-anm\/#nomeacoes\" target=\"_blank\" rel=\"noreferrer noopener\">ANM<\/a>: <strong><s>fevereiro de 2023<\/s><\/strong><\/li>\n\n\n\n<li>Minist\u00e9rio das Rela\u00e7\u00f5es Exteriores &#8211; MRE: <strong>a partir de<\/strong> <strong>julho de 2023<\/strong><\/li>\n\n\n\n<li>Minist\u00e9rio da Ci\u00eancia, Tecnologia e Inova\u00e7\u00e3o &#8211; MCTI: <strong>a partir de<\/strong> <strong>novembro de 2023<\/strong><\/li>\n\n\n\n<li>Minist\u00e9rio do Meio Ambiente e Mudan\u00e7a do Clima &#8211; MMA: <strong>a partir de<\/strong> <strong>novembro de 2023<\/strong><\/li>\n\n\n\n<li>Funda\u00e7\u00e3o Nacional dos Povos Ind\u00edgenas &#8211; FUNAI: <strong><\/strong><strong>a partir de<\/strong> <strong>novembro de 2023<\/strong><\/li>\n<\/ul>\n\n\n\n<h3 class=\"wp-block-heading\">Concurso Funai<\/h3>\n\n\n\n<p>Foram autorizadas <strong>502 vagas\u00a0<\/strong>para diversos cargos de n\u00edveis m\u00e9dio e superior de forma\u00e7\u00e3o. Essa ser\u00e1 a primeira sele\u00e7\u00e3o desde 2016. <a href=\"https:\/\/www.estrategiaconcursos.com.br\/blog\/concurso-funai\/\" target=\"_blank\" rel=\"noreferrer noopener\"><em>Mais detalhes do concurso Funai<\/em><\/a><\/p>\n\n\n\n<h3 class=\"wp-block-heading\">Concurso MMA<\/h3>\n\n\n\n<p>O Minist\u00e9rio do Meio Ambiente e Mudan\u00e7as Clim\u00e1ticas tamb\u00e9m est\u00e1 h\u00e1 bastante tempo sem concurso. Os \u00faltimos editais foram publicados em 2009 e 2010. <\/p>\n\n\n\n<p>Est\u00e3o oficialmente autorizadas <strong>98 vagas<\/strong> para Analista Ambiental (superior), que receber\u00e1 <strong>R$ 9.475,72<\/strong>, j\u00e1 com o aux\u00edlio alimenta\u00e7\u00e3o incluso! <a href=\"https:\/\/www.estrategiaconcursos.com.br\/blog\/concurso-mma\/\" target=\"_blank\" rel=\"noreferrer noopener\"><em>Mais detalhes do concurso MMA<\/em><\/a><\/p>\n\n\n\n<h3 class=\"wp-block-heading\">Concurso MCTI<\/h3>\n\n\n\n<p>Ser\u00e3o ofertadas <strong>814 vagas\u00a0<\/strong>de n\u00edvel superior para os cargos de Analista em Ci\u00eancia e Tecnologia (296), Pesquisador (253) e Tecnologista (265). O \u00faltimo edital \u00e9 de 2012. <a href=\"https:\/\/www.estrategiaconcursos.com.br\/blog\/concurso-mcti\/\" target=\"_blank\" rel=\"noreferrer noopener\"><em>Mais detalhes do concurso MCTI<\/em><\/a><\/p>\n\n\n\n<h3 class=\"wp-block-heading\">Concurso Diplomata<\/h3>\n\n\n\n<p>Dos concursos autorizados, esse \u00e9 o mais adiantado, inclusive, com banca organizadora j\u00e1 definida: o <strong>IADES<\/strong>. Ser\u00e3o ofertadas cerca de 30 vagas para o cargo de <strong>Terceiro-Secret\u00e1rio<\/strong>. <a href=\"https:\/\/www.estrategiaconcursos.com.br\/blog\/concurso-diplomata\/\" target=\"_blank\" rel=\"noreferrer noopener\"><em>Mais detalhes do concurso Diplomata<\/em><\/a><\/p>\n\n\n\n<hr class=\"wp-block-separator has-alpha-channel-opacity is-style-dots\"\/>\n\n\n\n<p class=\"has-text-align-center\"><em>Para ficar por dentro de todas as informa\u00e7\u00f5es sobre os novos concursos <a href=\"https:\/\/www.gov.br\/pt-br\/noticias\" target=\"_blank\" rel=\"noreferrer noopener\">federais<\/a>, que devem ter suas nomea\u00e7\u00f5es iniciadas j\u00e1 em 2023, n\u00e3o deixe de conferir nosso artigo com o panorama completo das oportunidades previstas:<\/em><\/p>\n\n\n\n<p class=\"has-text-align-center has-background has-medium-font-size\" style=\"background-color:#dadfe2\"><strong>Mais informa\u00e7\u00f5es: <a href=\"https:\/\/www.estrategiaconcursos.com.br\/blog\/concursos-federais-2023\/\" target=\"_blank\" rel=\"noreferrer noopener\">Concursos no \u00e2mbito federal<\/a><\/strong><\/p>\n\n\n\n<div class=\"container\" id=\"boxes\">\n  <div class=\"row\">\n\n    <div class=\"col-sm\">\n      <div class=\"estrategia\" id=\"box-assinatura\">\n        <h3 class=\"titulo-assinatura\">Assinatura Concursos<\/h3>\n        <p class=\"subtitulo-assinatura\">Assinatura de 1 ano ou 2 anos<\/p>\n        <div class=\"box-botao\">\n          <a class=\"btn-assinatura\" target=\"_blank\" href=\"https:\/\/www.estrategiaconcursos.com.br\/assinaturas\/\" role=\"button\" rel=\"noopener noreferrer\">ASSINE AGORA<\/a>\n        <\/div>\n      <\/div><\/div><\/div><\/div>\n\n\n\n<h2 class=\"wp-block-heading has-text-align-center\" id=\"h-quer-saber-tudo-sobre-concursos-previstos-confira-nossos-artigos\">Quer saber tudo sobre concursos previstos?<br \/>Confira nossos artigos!<\/h2>\n\n\n\n<ul class=\"wp-block-list\">\n<li><a href=\"https:\/\/www.estrategiaconcursos.com.br\/blog\/concursos-abertos\/\" target=\"_blank\" rel=\"noreferrer noopener\">Concursos Abertos<\/a><\/li>\n\n\n\n<li><a href=\"https:\/\/www.estrategiaconcursos.com.br\/blog\/concursos-2023\/\" target=\"_blank\" rel=\"noreferrer noopener\">Concursos 2023<\/a><\/li>\n<\/ul>\n","protected":false},"excerpt":{"rendered":"<p>Os concursos federais voltaram com tudo em 2023 e as novidades n\u00e3o param de pipocar, inclusive com conversas sobre nomea\u00e7\u00f5es! \u00c9 isso mesmo, os concursos rec\u00e9m autorizados j\u00e1 possuem uma data prevista para o in\u00edcio dos provimentos. Segunda a tabela de Autoriza\u00e7\u00f5es e Provimentos divulgada pelo Governo Federal, os concursos da Funai, MMA e MCTI [&hellip;]<\/p>\n","protected":false},"author":659,"featured_media":1209622,"comment_status":"open","ping_status":"closed","sticky":false,"template":"","format":"standard","meta":{"post_tipo":"news","footnotes":""},"categories":[1,214992,220219],"tags":[],"tax_estado":[219963],"class_list":["post-1210935","post","type-post","status-publish","format-standard","has-post-thumbnail","hentry","category-cursos-e-concursos","category-concursos-administrativos","category-noticias","tax_estado-concursos-federais"],"acf":[],"yoast_head":"<!-- This site is optimized with the Yoast SEO Premium plugin v27.2 (Yoast SEO v27.2) - https:\/\/yoast.com\/product\/yoast-seo-premium-wordpress\/ -->\n<title>Concursos federais: nomea\u00e7\u00f5es previstas para novembro!<\/title>\n<meta name=\"description\" content=\"Concursos federais j\u00e1 autorizados devem ter nomea\u00e7\u00f5es a partir de novembro de 2023. Confira mais detalhes!!!\" \/>\n<meta name=\"robots\" content=\"index, follow, max-snippet:-1, max-image-preview:large, max-video-preview:-1\" \/>\n<link rel=\"canonical\" href=\"https:\/\/www.estrategiaconcursos.com.br\/blog\/concursos-federais-nomeacoes-novembro-2023\/\" \/>\n<meta property=\"og:locale\" content=\"pt_BR\" \/>\n<meta property=\"og:type\" content=\"article\" \/>\n<meta property=\"og:title\" content=\"Concursos federais: nomea\u00e7\u00f5es previstas para novembro!\" \/>\n<meta property=\"og:description\" content=\"Concursos federais j\u00e1 autorizados devem ter nomea\u00e7\u00f5es a partir de novembro de 2023. Confira mais detalhes!!!\" \/>\n<meta property=\"og:url\" content=\"https:\/\/www.estrategiaconcursos.com.br\/blog\/concursos-federais-nomeacoes-novembro-2023\/\" \/>\n<meta property=\"og:site_name\" content=\"Estrat\u00e9gia Concursos\" \/>\n<meta property=\"article:published_time\" content=\"2023-05-04T17:29:56+00:00\" \/>\n<meta property=\"article:modified_time\" content=\"2025-09-12T20:48:30+00:00\" \/>\n<meta property=\"og:image\" content=\"https:\/\/dhg1h5j42swfq.cloudfront.net\/2023\/05\/02151653\/concursos-federais.jpg\" \/>\n\t<meta property=\"og:image:width\" content=\"768\" \/>\n\t<meta property=\"og:image:height\" content=\"432\" \/>\n\t<meta property=\"og:image:type\" content=\"image\/jpeg\" \/>\n<meta name=\"author\" content=\"Camila Leite\" \/>\n<meta name=\"twitter:card\" content=\"summary_large_image\" \/>\n<meta name=\"twitter:creator\" content=\"@EstratConcursos\" \/>\n<meta name=\"twitter:site\" content=\"@EstratConcursos\" \/>\n<meta name=\"twitter:label1\" content=\"Escrito por\" \/>\n\t<meta name=\"twitter:data1\" content=\"Camila Leite\" \/>\n\t<meta name=\"twitter:label2\" content=\"Est. tempo de leitura\" \/>\n\t<meta name=\"twitter:data2\" content=\"2 minutos\" \/>\n<script type=\"application\/ld+json\" class=\"yoast-schema-graph\">{\"@context\":\"https:\/\/schema.org\",\"@graph\":[{\"@type\":\"NewsArticle\",\"@id\":\"https:\/\/www.estrategiaconcursos.com.br\/blog\/concursos-federais-nomeacoes-novembro-2023\/#article\",\"isPartOf\":{\"@id\":\"https:\/\/www.estrategiaconcursos.com.br\/blog\/concursos-federais-nomeacoes-novembro-2023\/\"},\"author\":{\"name\":\"Camila Leite\",\"@id\":\"https:\/\/www.estrategiaconcursos.com.br\/blog\/#\/schema\/person\/84ecdc6eb58d3cf1689bf76c5cd8fb38\"},\"headline\":\"Concursos federais: nomea\u00e7\u00f5es previstas para novembro!\",\"datePublished\":\"2023-05-04T17:29:56+00:00\",\"dateModified\":\"2025-09-12T20:48:30+00:00\",\"mainEntityOfPage\":{\"@id\":\"https:\/\/www.estrategiaconcursos.com.br\/blog\/concursos-federais-nomeacoes-novembro-2023\/\"},\"wordCount\":415,\"commentCount\":0,\"publisher\":{\"@id\":\"https:\/\/www.estrategiaconcursos.com.br\/blog\/#organization\"},\"image\":{\"@id\":\"https:\/\/www.estrategiaconcursos.com.br\/blog\/concursos-federais-nomeacoes-novembro-2023\/#primaryimage\"},\"thumbnailUrl\":\"https:\/\/dhg1h5j42swfq.cloudfront.net\/2023\/05\/02151653\/concursos-federais.jpg\",\"articleSection\":[\"Concursos P\u00fablicos\",\"Executivo (Administrativa)\",\"\u00daltimas not\u00edcias\"],\"inLanguage\":\"pt-BR\",\"potentialAction\":[{\"@type\":\"CommentAction\",\"name\":\"Comment\",\"target\":[\"https:\/\/www.estrategiaconcursos.com.br\/blog\/concursos-federais-nomeacoes-novembro-2023\/#respond\"]}],\"copyrightYear\":\"2023\",\"copyrightHolder\":{\"@id\":\"https:\/\/www.estrategiaconcursos.com.br\/blog\/#organization\"}},{\"@type\":\"WebPage\",\"@id\":\"https:\/\/www.estrategiaconcursos.com.br\/blog\/concursos-federais-nomeacoes-novembro-2023\/\",\"url\":\"https:\/\/www.estrategiaconcursos.com.br\/blog\/concursos-federais-nomeacoes-novembro-2023\/\",\"name\":\"Concursos federais: nomea\u00e7\u00f5es previstas para novembro!\",\"isPartOf\":{\"@id\":\"https:\/\/www.estrategiaconcursos.com.br\/blog\/#website\"},\"primaryImageOfPage\":{\"@id\":\"https:\/\/www.estrategiaconcursos.com.br\/blog\/concursos-federais-nomeacoes-novembro-2023\/#primaryimage\"},\"image\":{\"@id\":\"https:\/\/www.estrategiaconcursos.com.br\/blog\/concursos-federais-nomeacoes-novembro-2023\/#primaryimage\"},\"thumbnailUrl\":\"https:\/\/dhg1h5j42swfq.cloudfront.net\/2023\/05\/02151653\/concursos-federais.jpg\",\"datePublished\":\"2023-05-04T17:29:56+00:00\",\"dateModified\":\"2025-09-12T20:48:30+00:00\",\"description\":\"Concursos federais j\u00e1 autorizados devem ter nomea\u00e7\u00f5es a partir de novembro de 2023. Confira mais detalhes!!!\",\"breadcrumb\":{\"@id\":\"https:\/\/www.estrategiaconcursos.com.br\/blog\/concursos-federais-nomeacoes-novembro-2023\/#breadcrumb\"},\"inLanguage\":\"pt-BR\",\"potentialAction\":[{\"@type\":\"ReadAction\",\"target\":[\"https:\/\/www.estrategiaconcursos.com.br\/blog\/concursos-federais-nomeacoes-novembro-2023\/\"]}]},{\"@type\":\"ImageObject\",\"inLanguage\":\"pt-BR\",\"@id\":\"https:\/\/www.estrategiaconcursos.com.br\/blog\/concursos-federais-nomeacoes-novembro-2023\/#primaryimage\",\"url\":\"https:\/\/dhg1h5j42swfq.cloudfront.net\/2023\/05\/02151653\/concursos-federais.jpg\",\"contentUrl\":\"https:\/\/dhg1h5j42swfq.cloudfront.net\/2023\/05\/02151653\/concursos-federais.jpg\",\"width\":768,\"height\":432,\"caption\":\"Concursos federais: ministra confirma novos concursos em 2026\"},{\"@type\":\"BreadcrumbList\",\"@id\":\"https:\/\/www.estrategiaconcursos.com.br\/blog\/concursos-federais-nomeacoes-novembro-2023\/#breadcrumb\",\"itemListElement\":[{\"@type\":\"ListItem\",\"position\":1,\"name\":\"In\u00edcio\",\"item\":\"https:\/\/www.estrategiaconcursos.com.br\/blog\/\"},{\"@type\":\"ListItem\",\"position\":2,\"name\":\"Concursos federais: nomea\u00e7\u00f5es previstas para novembro!\"}]},{\"@type\":\"WebSite\",\"@id\":\"https:\/\/www.estrategiaconcursos.com.br\/blog\/#website\",\"url\":\"https:\/\/www.estrategiaconcursos.com.br\/blog\/\",\"name\":\"Estrat\u00e9gia Concursos\",\"description\":\"O blog da Estrat\u00e9gia Concursos traz not\u00edcias sobre concursos e artigos de professores oferecendo cursos para concursos (pdf + videaulas) no site.\",\"publisher\":{\"@id\":\"https:\/\/www.estrategiaconcursos.com.br\/blog\/#organization\"},\"potentialAction\":[{\"@type\":\"SearchAction\",\"target\":{\"@type\":\"EntryPoint\",\"urlTemplate\":\"https:\/\/www.estrategiaconcursos.com.br\/blog\/?s={search_term_string}\"},\"query-input\":{\"@type\":\"PropertyValueSpecification\",\"valueRequired\":true,\"valueName\":\"search_term_string\"}}],\"inLanguage\":\"pt-BR\"},{\"@type\":\"Organization\",\"@id\":\"https:\/\/www.estrategiaconcursos.com.br\/blog\/#organization\",\"name\":\"Estrat\u00e9gia Concursos\",\"url\":\"https:\/\/www.estrategiaconcursos.com.br\/blog\/\",\"logo\":{\"@type\":\"ImageObject\",\"inLanguage\":\"pt-BR\",\"@id\":\"https:\/\/www.estrategiaconcursos.com.br\/blog\/#\/schema\/logo\/image\/\",\"url\":\"https:\/\/dhg1h5j42swfq.cloudfront.net\/2025\/06\/03203428\/logo_concursos-1.jpg\",\"contentUrl\":\"https:\/\/dhg1h5j42swfq.cloudfront.net\/2025\/06\/03203428\/logo_concursos-1.jpg\",\"width\":230,\"height\":60,\"caption\":\"Estrat\u00e9gia Concursos\"},\"image\":{\"@id\":\"https:\/\/www.estrategiaconcursos.com.br\/blog\/#\/schema\/logo\/image\/\"},\"sameAs\":[\"https:\/\/x.com\/EstratConcursos\"]},{\"@type\":\"Person\",\"@id\":\"https:\/\/www.estrategiaconcursos.com.br\/blog\/#\/schema\/person\/84ecdc6eb58d3cf1689bf76c5cd8fb38\",\"name\":\"Camila Leite\",\"image\":{\"@type\":\"ImageObject\",\"inLanguage\":\"pt-BR\",\"@id\":\"https:\/\/secure.gravatar.com\/avatar\/f2f8faef639c8a2bfb7fb909912a56917f4c3a0aed064500168e2fb8ea55cf61?s=96&d=mm&r=g\",\"url\":\"https:\/\/secure.gravatar.com\/avatar\/f2f8faef639c8a2bfb7fb909912a56917f4c3a0aed064500168e2fb8ea55cf61?s=96&d=mm&r=g\",\"contentUrl\":\"https:\/\/secure.gravatar.com\/avatar\/f2f8faef639c8a2bfb7fb909912a56917f4c3a0aed064500168e2fb8ea55cf61?s=96&d=mm&r=g\",\"caption\":\"Camila Leite\"},\"description\":\"Formada em Design Gr\u00e1fico e em Propaganda e Marketing pela UNIP, integra a equipe de jornalismo do Estrat\u00e9gia Concursos desde 2018. Ao longo dos anos, construiu uma s\u00f3lida experi\u00eancia na produ\u00e7\u00e3o de conte\u00fado informativo e relevante para concurseiros. Desde 2020, atua na cobertura das \u00e1reas Fiscal \u2014 com \u00eanfase nas Secretarias de Fazenda (Sefaz) das regi\u00f5es Sul e Sudeste \u2014, al\u00e9m da cobertura de concursos federais, como CNU, Petrobras, CGU, Receita Federal, ag\u00eancias reguladoras (Anvisa, ANAC, entre outras) e INSS. Mant\u00e9m contato direto com os principais \u00f3rg\u00e3os p\u00fablicos, acompanhando editais, atualiza\u00e7\u00f5es e movimenta\u00e7\u00f5es importantes para os candidatos.\",\"sameAs\":[\"https:\/\/www.linkedin.com\/in\/camila-pinheiro-leite-9ba135b6\/\"],\"url\":\"https:\/\/www.estrategiaconcursos.com.br\/blog\/author\/camila-leiteestrategiaconcursos-com-br\/\"}]}<\/script>\n<!-- \/ Yoast SEO Premium plugin. -->","yoast_head_json":{"title":"Concursos federais: nomea\u00e7\u00f5es previstas para novembro!","description":"Concursos federais j\u00e1 autorizados devem ter nomea\u00e7\u00f5es a partir de novembro de 2023. Confira mais detalhes!!!","robots":{"index":"index","follow":"follow","max-snippet":"max-snippet:-1","max-image-preview":"max-image-preview:large","max-video-preview":"max-video-preview:-1"},"canonical":"https:\/\/www.estrategiaconcursos.com.br\/blog\/concursos-federais-nomeacoes-novembro-2023\/","og_locale":"pt_BR","og_type":"article","og_title":"Concursos federais: nomea\u00e7\u00f5es previstas para novembro!","og_description":"Concursos federais j\u00e1 autorizados devem ter nomea\u00e7\u00f5es a partir de novembro de 2023. Confira mais detalhes!!!","og_url":"https:\/\/www.estrategiaconcursos.com.br\/blog\/concursos-federais-nomeacoes-novembro-2023\/","og_site_name":"Estrat\u00e9gia Concursos","article_published_time":"2023-05-04T17:29:56+00:00","article_modified_time":"2025-09-12T20:48:30+00:00","og_image":[{"width":768,"height":432,"url":"https:\/\/dhg1h5j42swfq.cloudfront.net\/2023\/05\/02151653\/concursos-federais.jpg","type":"image\/jpeg"}],"author":"Camila Leite","twitter_card":"summary_large_image","twitter_creator":"@EstratConcursos","twitter_site":"@EstratConcursos","twitter_misc":{"Escrito por":"Camila Leite","Est. tempo de leitura":"2 minutos"},"schema":{"@context":"https:\/\/schema.org","@graph":[{"@type":"NewsArticle","@id":"https:\/\/www.estrategiaconcursos.com.br\/blog\/concursos-federais-nomeacoes-novembro-2023\/#article","isPartOf":{"@id":"https:\/\/www.estrategiaconcursos.com.br\/blog\/concursos-federais-nomeacoes-novembro-2023\/"},"author":{"name":"Camila Leite","@id":"https:\/\/www.estrategiaconcursos.com.br\/blog\/#\/schema\/person\/84ecdc6eb58d3cf1689bf76c5cd8fb38"},"headline":"Concursos federais: nomea\u00e7\u00f5es previstas para novembro!","datePublished":"2023-05-04T17:29:56+00:00","dateModified":"2025-09-12T20:48:30+00:00","mainEntityOfPage":{"@id":"https:\/\/www.estrategiaconcursos.com.br\/blog\/concursos-federais-nomeacoes-novembro-2023\/"},"wordCount":415,"commentCount":0,"publisher":{"@id":"https:\/\/www.estrategiaconcursos.com.br\/blog\/#organization"},"image":{"@id":"https:\/\/www.estrategiaconcursos.com.br\/blog\/concursos-federais-nomeacoes-novembro-2023\/#primaryimage"},"thumbnailUrl":"https:\/\/dhg1h5j42swfq.cloudfront.net\/2023\/05\/02151653\/concursos-federais.jpg","articleSection":["Concursos P\u00fablicos","Executivo (Administrativa)","\u00daltimas not\u00edcias"],"inLanguage":"pt-BR","potentialAction":[{"@type":"CommentAction","name":"Comment","target":["https:\/\/www.estrategiaconcursos.com.br\/blog\/concursos-federais-nomeacoes-novembro-2023\/#respond"]}],"copyrightYear":"2023","copyrightHolder":{"@id":"https:\/\/www.estrategiaconcursos.com.br\/blog\/#organization"}},{"@type":"WebPage","@id":"https:\/\/www.estrategiaconcursos.com.br\/blog\/concursos-federais-nomeacoes-novembro-2023\/","url":"https:\/\/www.estrategiaconcursos.com.br\/blog\/concursos-federais-nomeacoes-novembro-2023\/","name":"Concursos federais: nomea\u00e7\u00f5es previstas para novembro!","isPartOf":{"@id":"https:\/\/www.estrategiaconcursos.com.br\/blog\/#website"},"primaryImageOfPage":{"@id":"https:\/\/www.estrategiaconcursos.com.br\/blog\/concursos-federais-nomeacoes-novembro-2023\/#primaryimage"},"image":{"@id":"https:\/\/www.estrategiaconcursos.com.br\/blog\/concursos-federais-nomeacoes-novembro-2023\/#primaryimage"},"thumbnailUrl":"https:\/\/dhg1h5j42swfq.cloudfront.net\/2023\/05\/02151653\/concursos-federais.jpg","datePublished":"2023-05-04T17:29:56+00:00","dateModified":"2025-09-12T20:48:30+00:00","description":"Concursos federais j\u00e1 autorizados devem ter nomea\u00e7\u00f5es a partir de novembro de 2023. Confira mais detalhes!!!","breadcrumb":{"@id":"https:\/\/www.estrategiaconcursos.com.br\/blog\/concursos-federais-nomeacoes-novembro-2023\/#breadcrumb"},"inLanguage":"pt-BR","potentialAction":[{"@type":"ReadAction","target":["https:\/\/www.estrategiaconcursos.com.br\/blog\/concursos-federais-nomeacoes-novembro-2023\/"]}]},{"@type":"ImageObject","inLanguage":"pt-BR","@id":"https:\/\/www.estrategiaconcursos.com.br\/blog\/concursos-federais-nomeacoes-novembro-2023\/#primaryimage","url":"https:\/\/dhg1h5j42swfq.cloudfront.net\/2023\/05\/02151653\/concursos-federais.jpg","contentUrl":"https:\/\/dhg1h5j42swfq.cloudfront.net\/2023\/05\/02151653\/concursos-federais.jpg","width":768,"height":432,"caption":"Concursos federais: ministra confirma novos concursos em 2026"},{"@type":"BreadcrumbList","@id":"https:\/\/www.estrategiaconcursos.com.br\/blog\/concursos-federais-nomeacoes-novembro-2023\/#breadcrumb","itemListElement":[{"@type":"ListItem","position":1,"name":"In\u00edcio","item":"https:\/\/www.estrategiaconcursos.com.br\/blog\/"},{"@type":"ListItem","position":2,"name":"Concursos federais: nomea\u00e7\u00f5es previstas para novembro!"}]},{"@type":"WebSite","@id":"https:\/\/www.estrategiaconcursos.com.br\/blog\/#website","url":"https:\/\/www.estrategiaconcursos.com.br\/blog\/","name":"Estrat\u00e9gia Concursos","description":"O blog da Estrat\u00e9gia Concursos traz not\u00edcias sobre concursos e artigos de professores oferecendo cursos para concursos (pdf + videaulas) no site.","publisher":{"@id":"https:\/\/www.estrategiaconcursos.com.br\/blog\/#organization"},"potentialAction":[{"@type":"SearchAction","target":{"@type":"EntryPoint","urlTemplate":"https:\/\/www.estrategiaconcursos.com.br\/blog\/?s={search_term_string}"},"query-input":{"@type":"PropertyValueSpecification","valueRequired":true,"valueName":"search_term_string"}}],"inLanguage":"pt-BR"},{"@type":"Organization","@id":"https:\/\/www.estrategiaconcursos.com.br\/blog\/#organization","name":"Estrat\u00e9gia Concursos","url":"https:\/\/www.estrategiaconcursos.com.br\/blog\/","logo":{"@type":"ImageObject","inLanguage":"pt-BR","@id":"https:\/\/www.estrategiaconcursos.com.br\/blog\/#\/schema\/logo\/image\/","url":"https:\/\/dhg1h5j42swfq.cloudfront.net\/2025\/06\/03203428\/logo_concursos-1.jpg","contentUrl":"https:\/\/dhg1h5j42swfq.cloudfront.net\/2025\/06\/03203428\/logo_concursos-1.jpg","width":230,"height":60,"caption":"Estrat\u00e9gia Concursos"},"image":{"@id":"https:\/\/www.estrategiaconcursos.com.br\/blog\/#\/schema\/logo\/image\/"},"sameAs":["https:\/\/x.com\/EstratConcursos"]},{"@type":"Person","@id":"https:\/\/www.estrategiaconcursos.com.br\/blog\/#\/schema\/person\/84ecdc6eb58d3cf1689bf76c5cd8fb38","name":"Camila Leite","image":{"@type":"ImageObject","inLanguage":"pt-BR","@id":"https:\/\/secure.gravatar.com\/avatar\/f2f8faef639c8a2bfb7fb909912a56917f4c3a0aed064500168e2fb8ea55cf61?s=96&d=mm&r=g","url":"https:\/\/secure.gravatar.com\/avatar\/f2f8faef639c8a2bfb7fb909912a56917f4c3a0aed064500168e2fb8ea55cf61?s=96&d=mm&r=g","contentUrl":"https:\/\/secure.gravatar.com\/avatar\/f2f8faef639c8a2bfb7fb909912a56917f4c3a0aed064500168e2fb8ea55cf61?s=96&d=mm&r=g","caption":"Camila Leite"},"description":"Formada em Design Gr\u00e1fico e em Propaganda e Marketing pela UNIP, integra a equipe de jornalismo do Estrat\u00e9gia Concursos desde 2018. Ao longo dos anos, construiu uma s\u00f3lida experi\u00eancia na produ\u00e7\u00e3o de conte\u00fado informativo e relevante para concurseiros. Desde 2020, atua na cobertura das \u00e1reas Fiscal \u2014 com \u00eanfase nas Secretarias de Fazenda (Sefaz) das regi\u00f5es Sul e Sudeste \u2014, al\u00e9m da cobertura de concursos federais, como CNU, Petrobras, CGU, Receita Federal, ag\u00eancias reguladoras (Anvisa, ANAC, entre outras) e INSS. Mant\u00e9m contato direto com os principais \u00f3rg\u00e3os p\u00fablicos, acompanhando editais, atualiza\u00e7\u00f5es e movimenta\u00e7\u00f5es importantes para os candidatos.","sameAs":["https:\/\/www.linkedin.com\/in\/camila-pinheiro-leite-9ba135b6\/"],"url":"https:\/\/www.estrategiaconcursos.com.br\/blog\/author\/camila-leiteestrategiaconcursos-com-br\/"}]}},"_links":{"self":[{"href":"https:\/\/www.estrategiaconcursos.com.br\/blog\/wp-json\/wp\/v2\/posts\/1210935","targetHints":{"allow":["GET"]}}],"collection":[{"href":"https:\/\/www.estrategiaconcursos.com.br\/blog\/wp-json\/wp\/v2\/posts"}],"about":[{"href":"https:\/\/www.estrategiaconcursos.com.br\/blog\/wp-json\/wp\/v2\/types\/post"}],"author":[{"embeddable":true,"href":"https:\/\/www.estrategiaconcursos.com.br\/blog\/wp-json\/wp\/v2\/users\/659"}],"replies":[{"embeddable":true,"href":"https:\/\/www.estrategiaconcursos.com.br\/blog\/wp-json\/wp\/v2\/comments?post=1210935"}],"version-history":[{"count":7,"href":"https:\/\/www.estrategiaconcursos.com.br\/blog\/wp-json\/wp\/v2\/posts\/1210935\/revisions"}],"predecessor-version":[{"id":1210975,"href":"https:\/\/www.estrategiaconcursos.com.br\/blog\/wp-json\/wp\/v2\/posts\/1210935\/revisions\/1210975"}],"wp:featuredmedia":[{"embeddable":true,"href":"https:\/\/www.estrategiaconcursos.com.br\/blog\/wp-json\/wp\/v2\/media\/1209622"}],"wp:attachment":[{"href":"https:\/\/www.estrategiaconcursos.com.br\/blog\/wp-json\/wp\/v2\/media?parent=1210935"}],"wp:term":[{"taxonomy":"category","embeddable":true,"href":"https:\/\/www.estrategiaconcursos.com.br\/blog\/wp-json\/wp\/v2\/categories?post=1210935"},{"taxonomy":"post_tag","embeddable":true,"href":"https:\/\/www.estrategiaconcursos.com.br\/blog\/wp-json\/wp\/v2\/tags?post=1210935"},{"taxonomy":"tax_estado","embeddable":true,"href":"https:\/\/www.estrategiaconcursos.com.br\/blog\/wp-json\/wp\/v2\/tax_estado?post=1210935"}],"curies":[{"name":"wp","href":"https:\/\/api.w.org\/{rel}","templated":true}]}}