{"id":120972,"date":"2026-01-26T12:00:00","date_gmt":"2026-01-26T15:00:00","guid":{"rendered":"https:\/\/www.estrategiaconcursos.com.br\/blog\/?p=120972"},"modified":"2026-04-14T17:22:59","modified_gmt":"2026-04-14T20:22:59","slug":"concurso-sed-ms","status":"publish","type":"post","link":"https:\/\/www.estrategiaconcursos.com.br\/blog\/concurso-sed-ms\/","title":{"rendered":"Concurso SED MS para tempor\u00e1rios ter\u00e1 provas em dezembro!"},"content":{"rendered":"\n<p>A&nbsp;<strong><a href=\"https:\/\/www.estrategiaconcursos.com.br\/cursosPorConcurso\/sed-ms-secretaria-de-estado-de-educacao-do-mato-grosso-do-sul\/\" target=\"_blank\" rel=\"noreferrer noopener\">Secretaria de Educa\u00e7\u00e3o do Mato Grosso do Sul<\/a><\/strong>&nbsp;<strong>(SED MS) <\/strong>publicou novo edital para professores tempor\u00e1rios!<\/p>\n\n\n\n<p>As vagas s\u00e3o para <strong>cadastro de reserva<\/strong> em diversas especialidades de n\u00edvel superior, com sal\u00e1rios de <strong>R$ 7.512,00<\/strong>.<\/p>\n\n\n\n<p>As <strong>provas<\/strong> foram aplicadas em <strong>7 de dezembro<\/strong> de 2025 e o resultado j\u00e1 foi homologado. <\/p>\n\n\n\n<p>Confira todos os detalhes ao longo do artigo!<\/p>\n\n\n\n<ul class=\"wp-block-list has-cyan-bluish-gray-background-color has-background\">\n<li><strong>PSS Secretaria de Educa\u00e7\u00e3o do Mato Grosso do Sul (SED MS)<\/strong><\/li>\n\n\n\n<li><strong>Status: <\/strong>homologado<\/li>\n\n\n\n<li><strong>Banca: <\/strong><a href=\"https:\/\/www.avalia.org.br\/concursos\/581\" target=\"_blank\" rel=\"noreferrer noopener\">Instituto Avalia<\/a><\/li>\n\n\n\n<li><strong>Vagas:<\/strong>&nbsp;CR<\/li>\n\n\n\n<li><strong>Escolaridade:&nbsp;<\/strong>n\u00edvel superior&nbsp;<\/li>\n\n\n\n<li><strong>Sal\u00e1rios:&nbsp;<\/strong>R$ 7.512,00<\/li>\n\n\n\n<li><strong>Edital:<\/strong> <a href=\"https:\/\/dhg1h5j42swfq.cloudfront.net\/2025\/11\/13230028\/pss-sed-ms-edital.pdf\" target=\"_blank\" rel=\"noreferrer noopener nofollow\">PSS SED MS 2025<\/a><\/li>\n<\/ul>\n\n\n\n<p>A equipe de professores do Estrat\u00e9gia Concursos costuma garantir um \u00edndice de <strong>pelo menos um ter\u00e7o do total de aprovados nos certames p\u00fablicos. <\/strong><\/p>\n\n\n\n<p>Gostou desse desempenho? Ent\u00e3o clique abaixo e conhe\u00e7a nossos cursos exclusivos: <\/p>\n\n\n\n<div class=\"container\" id=\"boxes\">\n  <div class=\"row\">\n\n    <div class=\"col-sm\">\n      <div class=\"banner-estrategia\" id=\"box-assinatura\">\n        <h3 class=\"titulo-assinatura\">Curso SED MS<\/h3>\n        <p class=\"subtitulo-assinatura\">Conhe\u00e7a os cursos<\/p>\n        <div class=\"box-botao\">\n          <a class=\"btn-assinatura\" target=\"_blank\" href=\"https:\/\/www.estrategiaconcursos.com.br\/cursosPorConcurso\/sed-ms-secretaria-de-estado-de-educacao-do-mato-grosso-do-sul\/\" role=\"button\" rel=\"noopener noreferrer\">Conhe\u00e7a mais<\/a>\n        <\/div>\n      <\/div>\n      <p class=\"texto-auxiliar\">Prepare-se com o melhor material e com quem mais aprova em Concursos P\u00fablicos em todo o pa\u00eds.<\/p>\n    <\/div>\n\n  <\/div>\n<\/div>\n\n\n\n<ul id=\"indice\" class=\"wp-block-list\">\n<li><a href=\"#atual\">Situa\u00e7\u00e3o atual &#8211; PSS Tempor\u00e1rios<\/a><\/li>\n\n\n\n<li><a href=\"#cargos\">Cargos e especialidades<\/a><\/li>\n\n\n\n<li><a href=\"#h-etapas-e-provas-pss-sed-ms\">Provas e etapas<\/a><\/li>\n\n\n\n<li><a href=\"#ultimo\">\u00daltimo concurso SED MS 2022 &#8211; efetivos<\/a>\n<ul class=\"wp-block-list\">\n<li><a href=\"#h-numero-de-vagas-retificado\">Retifica\u00e7\u00e3o das vagas<\/a><\/li>\n\n\n\n<li><a href=\"#h-homologacao\">Homologa\u00e7\u00e3o<\/a><\/li>\n\n\n\n<li><a href=\"#h-resultados-das-provas\">Resultados<\/a><\/li>\n<\/ul>\n<\/li>\n\n\n\n<li><a href=\"#cargos\">Cargos e vagas<\/a><\/li>\n\n\n\n<li><a href=\"#provas\">Provas e etapas<\/a>\n<ul class=\"wp-block-list\">\n<li><a href=\"#objetiva\">Prova objetiva<\/a><\/li>\n\n\n\n<li><a href=\"#titulos\">Prova de t\u00edtulos<\/a><\/li>\n<\/ul>\n<\/li>\n\n\n\n<li><strong><a href=\"#cursos\">Cursos e Assinaturas<\/a><\/strong><\/li>\n\n\n\n<li><strong><a href=\"#ficha-tecnica\">Ficha T\u00e9cnica<\/a><\/strong><\/li>\n<\/ul>\n\n\n\n<h2 class=\"wp-block-heading\" id=\"atual\">PSS SED MS: situa\u00e7\u00e3o atual<\/h2>\n\n\n\n<ul class=\"wp-block-list\">\n<li><a href=\"https:\/\/arquivos-site.avalia.org.br\/publicacoes\/7416938c-3f70-482e-80c7-d8bb843ab658.pdf\">Homologa\u00e7\u00e3o;<\/a><\/li>\n\n\n\n<li><a href=\"https:\/\/arquivos-site.avalia.org.br\/publicacoes\/8e3c939f-325e-4855-8ee6-dbf0aa42fa20.pdf\">Resultado final<\/a>.<\/li>\n<\/ul>\n\n\n\n<h3 class=\"wp-block-heading\" id=\"cargos-vagas\">Cargos e especialidades<\/h3>\n\n\n\n<p>O certame \u00e9 voltado para a forma\u00e7\u00e3o de cadastro reserva de docentes para suprir demandas que surgirem por tempo determinado. Podem ser contemplados os 79 munic\u00edpios sul mato-grossenses.<\/p>\n\n\n\n<ul class=\"wp-block-list\">\n<li><strong>Educa\u00e7\u00e3o Especial: <\/strong>Licenciatura plena em Educa\u00e7\u00e3o Especial ou em outras \u00e1reas do conhecimento.<\/li>\n\n\n\n<li><strong>Educa\u00e7\u00e3o Infantil<\/strong>: Pedagogia ou Normal Superior.<\/li>\n\n\n\n<li><strong>Anos iniciais do ensino fundamental e suas modalidades: <\/strong>Licenciatura plena, com habilita\u00e7\u00e3o para Doc\u00eancia nos Anos Iniciais do Ensino Fundamental.<\/li>\n\n\n\n<li><strong>Anos finais do ensino fundamental e ensino m\u00e9dio e suas modalidades<\/strong>: Arte, Biologia\/Ci\u00eancias, Educa\u00e7\u00e3o F\u00edsica, Filosofia, F\u00edsica, Geografia, Hist\u00f3ria, L\u00edngua Estrangeira (L\u00edngua Inglesa e Espanhol), L\u00edngua Portuguesa, Matem\u00e1tica, Qu\u00edmica e Sociologia.<\/li>\n<\/ul>\n\n\n\n<p>A remunera\u00e7\u00e3o prevista \u00e9 de R$ 7.512,00 por m\u00eas em jornadas de 40 horas de trabalho semanal.<\/p>\n\n\n\n<h3 class=\"wp-block-heading\" id=\"h-etapas-e-provas-do-pss-sed-ms\">Etapas e provas do PSS SED MS<\/h3>\n\n\n\n<p>A prova objetiva foi realizada nos munic\u00edpios de Campo Grande, Corumb\u00e1, Coxim, Dourados, Navira\u00ed, Ponta Por\u00e3 e Tr\u00eas Lagoas.<\/p>\n\n\n\n<p><strong>Prova Objetiva<\/strong>&nbsp;(car\u00e1ter eliminat\u00f3rio e classificat\u00f3rio)<\/p>\n\n\n\n<ul class=\"wp-block-list\">\n<li>Conhecimentos de Legisla\u00e7\u00e3o Educacional: 5 quest\u00f5es<\/li>\n\n\n\n<li>Conhecimentos Pedag\u00f3gicos: 10 quest\u00f5es<\/li>\n\n\n\n<li>Conhecimentos Espec\u00edficos da Etapa\/Componente Curricular: 15 quest\u00f5es<\/li>\n<\/ul>\n\n\n\n<p><strong>Avalia\u00e7\u00e3o Curricular<\/strong>&nbsp;(car\u00e1ter classificat\u00f3rio)<\/p>\n\n\n\n<ul class=\"wp-block-list\">\n<li>A Avalia\u00e7\u00e3o Curricular (Prova de T\u00edtulos) possui car\u00e1ter unicamente classificat\u00f3rio, sendo realizada de acordo com os subitens descritos no quadro abaixo e valeu de 0,00 (zero) at\u00e9 10,00 (dez) pontos.<\/li>\n<\/ul>\n\n\n\n<figure class=\"wp-block-image aligncenter size-full\"><img loading=\"lazy\" decoding=\"async\" width=\"808\" height=\"492\" src=\"https:\/\/dhg1h5j42swfq.cloudfront.net\/2025\/11\/13231126\/image-161.png\" alt=\"Tabela de detalhes da avalia\u00e7\u00e3o curricular do PSS SED MS\" class=\"wp-image-1670472\" srcset=\"https:\/\/dhg1h5j42swfq.cloudfront.net\/2025\/11\/13231126\/image-161.png 808w, https:\/\/dhg1h5j42swfq.cloudfront.net\/2025\/11\/13231126\/image-161-300x183.png 300w, https:\/\/dhg1h5j42swfq.cloudfront.net\/2025\/11\/13231126\/image-161-768x468.png 768w, https:\/\/dhg1h5j42swfq.cloudfront.net\/2025\/11\/13231126\/image-161-150x91.png 150w\" sizes=\"auto, (max-width: 808px) 100vw, 808px\" \/><figcaption class=\"wp-element-caption\">Avalia\u00e7\u00e3o curricular do PSS SED MS<\/figcaption><\/figure>\n\n\n\n<h2 class=\"wp-block-heading\" id=\"h-ultimo-concurso-sed-ms-efetivos-2022\"><br \/>\u00daltimo concurso SED MS &#8211; efetivos (2022)<\/h2>\n\n\n\n<p>O \u00faltimo edital do <strong>concurso SED MS<\/strong> (Secretaria de Educa\u00e7\u00e3o do Mato Grosso do Sul) foi publicado em 2022, oferecendo, inicialmente, 722 vagas para professores da educa\u00e7\u00e3o b\u00e1sica do estado, com jornada de 20 horas semanais.<\/p>\n\n\n\n<p>A banca organizadora do concurso foi <strong>Instituto <a href=\"https:\/\/www.institutoaocp.org.br\">AOCP<\/a>.<\/strong> A primeira etapa, prova objetiva, foi aplicada no dia 03 de abril de 2022, nos munic\u00edpios de Campo Grande, Dourados e de Tr\u00eas Lagoas.<\/p>\n\n\n\n<h3 class=\"wp-block-heading\" id=\"h-numero-de-vagas-retificado\">N\u00famero de vagas retificado<\/h3>\n\n\n\n<p>Em janeiro de 2025, foi decretado o <a href=\"https:\/\/dhg1h5j42swfq.cloudfront.net\/2022\/05\/14095108\/concurso-sed-ms-ampliacao.pdf\">aumento de 142 vagas<\/a> para Professor, com isso,&nbsp;<strong>o n\u00famero total de vagas foi de 864 oportunidades.<\/strong> <\/p>\n\n\n\n<h3 class=\"wp-block-heading\" id=\"h-homologacao\">Homologa\u00e7\u00e3o <\/h3>\n\n\n\n<p>Em junho de 2022 foi publicada a <a href=\"https:\/\/arquivos-site.institutoaocp.org.br\/publicacoes\/ed_homolog_concurso_sadsed.pdf\">homologa\u00e7\u00e3o<\/a> do edital, que tem vig\u00eancia de dois anos prorrog\u00e1vel por igual per\u00edodo a depender das necessidades da administra\u00e7\u00e3o. <\/p>\n\n\n\n<h3 class=\"wp-block-heading\" id=\"h-resultados-das-provas\">Resultados das provas<\/h3>\n\n\n\n<ul class=\"wp-block-list\">\n<li><a href=\"https:\/\/arquivos-site.institutoaocp.org.br\/publicacoes\/ed_classific_geral_aprovados_sadsed.pdf\" target=\"_blank\" rel=\"noreferrer noopener\">Resultado final &#8211; classifica\u00e7\u00e3o geral<\/a>;<\/li>\n\n\n\n<li><a href=\"https:\/\/arquivos-site.institutoaocp.org.br\/publicacoes\/ed_classific_geral_aprovados_sadsed.pdf\" target=\"_blank\" rel=\"noreferrer noopener\">Resultado definitivo da avalia\u00e7\u00e3o de t\u00edtulos<\/a>;<\/li>\n\n\n\n<li><a href=\"https:\/\/arquivos-site.institutoaocp.org.br\/publicacoes\/ed_result_def_fase2_prova_escrita_disc_sed.pdf\" target=\"_blank\" rel=\"noreferrer noopener\">Resultado definitivo da prova objetiva<\/a>.<\/li>\n<\/ul>\n\n\n\n<h3 class=\"wp-block-heading\" id=\"cargos\">Cargos e vagas <\/h3>\n\n\n\n<p>As vagas eram<strong> para profissionais da Educa\u00e7\u00e3o B\u00e1sica<\/strong>, dos anos finais do Ensino Fundamental ao Ensino M\u00e9dio. Assim, houve <strong>oportunidades para professores das doze \u00e1reas<\/strong> a seguir:<\/p>\n\n\n\n<ul class=\"wp-block-list\">\n<li>Arte;<\/li>\n\n\n\n<li>Biologia;<\/li>\n\n\n\n<li>Educa\u00e7\u00e3o F\u00edsica; <\/li>\n\n\n\n<li>Filosofia; <\/li>\n\n\n\n<li>F\u00edsica;<\/li>\n\n\n\n<li>Geografia;<\/li>\n\n\n\n<li>Hist\u00f3ria;<\/li>\n\n\n\n<li>L\u00edngua Inglesa;<\/li>\n\n\n\n<li>L\u00edngua Portuguesa; <\/li>\n\n\n\n<li>Matem\u00e1tica; <\/li>\n\n\n\n<li>Qu\u00edmica; e <\/li>\n\n\n\n<li>Sociologia.<\/li>\n<\/ul>\n\n\n\n<p>De acordo com o edital, as vagas foram distribu\u00eddas da seguinte forma*:<\/p>\n\n\n\n<figure class=\"wp-block-image\"><img decoding=\"async\" src=\"https:\/\/dhg1h5j42swfq.cloudfront.net\/2022\/02\/23093305\/captura-de-tela-2022-02-23-as-09-20-00-1024x322.png\" alt=\"Concurso SED MS: distribui\u00e7\u00e3o das vagas\"\/><\/figure>\n\n\n\n<p>As vagas foram divididas entre os <strong>79 munic\u00edpios do Estado<\/strong>, conforme disponibilidade da Rede Estadual.<\/p>\n\n\n\n<p>*As vagas acima correspondem \u00e0 distribui\u00e7\u00e3o original, conforme o edital, antes da retifica\u00e7\u00e3o divulgada em 2025.<\/p>\n\n\n\n<h3 class=\"wp-block-heading\" id=\"h-salarios-e-beneficios\">Sal\u00e1rios e Benef\u00edcios <\/h3>\n\n\n\n<p>Os aprovados cumprir\u00e3o carga hor\u00e1rio de 20 horas\/aula, que podem ser distribu\u00eddas entre os turnos matutino, vespertino e noturno, com sal\u00e1rio inicial de:<\/p>\n\n\n\n<ul class=\"wp-block-list\">\n<li><strong>Habilita\u00e7\u00e3o espec\u00edfica de N\u00edvel Superior:<\/strong>&nbsp;R$ 4.190,82 (quatro mil, cento e noventa reais e oitenta e dois centavos)<\/li>\n\n\n\n<li><strong>Curso de p\u00f3s-gradua\u00e7\u00e3o em n\u00edvel de especializa\u00e7\u00e3o&nbsp;<em>lato sensu<\/em>&nbsp;com dura\u00e7\u00e3o m\u00ednima de 360 horas:<\/strong>&nbsp;R$ 4.470,20 (quatro mil, quatrocentos e setenta reais e vinte centavos)<\/li>\n\n\n\n<li><strong>Curso de p\u00f3s-gradua\u00e7\u00e3o&nbsp;<em>stricto sensu<\/em>&nbsp;em n\u00edvel de Mestrado\/Doutorado:<\/strong>&nbsp;R$ 4.609,89 (quatro mil, seiscentos e nove reais e oitenta e nove centavos)<\/li>\n<\/ul>\n\n\n\n<h3 class=\"wp-block-heading\" id=\"concurso-sed-ms-requisitos\">Concurso SED MS: requisitos<\/h3>\n\n\n\n<ul class=\"wp-block-list\">\n<li><strong>Arte:<\/strong>&nbsp;Licenciatura Plena em Educa\u00e7\u00e3o Art\u00edstica, Artes Visuais, Artes Pl\u00e1sticas, Artes C\u00eanicas, Teatro, Dan\u00e7a, M\u00fasica ou Educa\u00e7\u00e3o do Campo, com habilita\u00e7\u00e3o em Linguagens e C\u00f3digos ou Licenciatura em Linguagens e Educa\u00e7\u00e3o Intercultural ou Licenciatura Intercultural Ind\u00edgena \u2013&nbsp;<em>Teko Arandu&nbsp;<\/em>\u2013 Linguagens;<\/li>\n\n\n\n<li><strong>Biologia:<\/strong>&nbsp;Licenciatura Plena em Ci\u00eancias Biol\u00f3gicas, Biologia ou em Ci\u00eancias com Habilita\u00e7\u00e3o em Biologia ou Educa\u00e7\u00e3o do Campo, com habilita\u00e7\u00e3o em Ci\u00eancias da Natureza ou Licenciatura em Ci\u00eancias da Natureza e Educa\u00e7\u00e3o Intercultural ou Licenciatura Intercultural Ind\u00edgena \u2013&nbsp;<em>Teko Arandu&nbsp;<\/em>\u2013 Ci\u00eancias da Natureza;<\/li>\n\n\n\n<li><strong>Educa\u00e7\u00e3o F\u00edsica:&nbsp;<\/strong>Licenciatura Plena em Educa\u00e7\u00e3o F\u00edsica;<\/li>\n\n\n\n<li><strong>Filosofia:&nbsp;<\/strong>Licenciatura Plena em Filosofia ou Educa\u00e7\u00e3o do Campo, com habili- ta\u00e7\u00e3o em Ci\u00eancias Humanas e Sociais ou Licenciatura em Ci\u00eancias Sociais e Educa\u00e7\u00e3o Intercultural ou Licenciatura Intercultural Ind\u00edgena \u2013&nbsp;<em>Teko Arandu&nbsp;<\/em>\u2013 Ci\u00eancias Humanas;<\/li>\n\n\n\n<li><strong>F\u00edsica<\/strong>: Licenciatura Plena em F\u00edsica ou em Ci\u00eancias com habilita\u00e7\u00e3o em F\u00edsica ou Educa\u00e7\u00e3o do Campo, com habilita\u00e7\u00e3o em Ci\u00eancias da Natureza ou Licenciatura em Ci\u00eancias da Natureza e Educa\u00e7\u00e3o Intercultural ou Licenciatura Intercultural Ind\u00edgena \u2013&nbsp;<em>Teko Arandu&nbsp;<\/em>\u2013 Ci\u00eancias da Natureza<\/li>\n\n\n\n<li><strong>Geografia:&nbsp;<\/strong>Licenciatura Plena em Geografia ou Educa\u00e7\u00e3o do Campo, com habi- lita\u00e7\u00e3o em Ci\u00eancias Humanas e Sociais ou Licenciatura em Ci\u00eancias Sociais e Educa\u00e7\u00e3o Intercultural ou Licenciatura Intercultural Ind\u00edgena \u2013&nbsp;<em>Teko Arandu&nbsp;<\/em>\u2013 Ci\u00eancias Humanas;<\/li>\n\n\n\n<li><strong>Hist\u00f3ria:&nbsp;<\/strong>Licenciatura Plena em Hist\u00f3ria ou Educa\u00e7\u00e3o do Campo, com habili- ta\u00e7\u00e3o em Ci\u00eancias Humanas e Sociais ou Licenciatura em Ci\u00eancias Sociais e Educa\u00e7\u00e3o Intercultural ou Licenciatura Intercultural Ind\u00edgena \u2013&nbsp;<em>Teko Arandu&nbsp;<\/em>\u2013 Ci\u00eancias Humanas;<\/li>\n\n\n\n<li><strong>L\u00edngua Inglesa:<\/strong>&nbsp;Licenciatura Plena em Letras com Habilita\u00e7\u00e3o em L\u00edngua Estrangeira \u2013 Ingl\u00eas;<\/li>\n\n\n\n<li>L\u00edngua Portuguesa: Licenciatura Plena em Letras ou em Letras com Habilita\u00e7\u00e3o em Literatura ou Educa\u00e7\u00e3o do Campo, com habilita\u00e7\u00e3o em Linguagens e C\u00f3digos ou Licenciatura em Linguagens e Educa\u00e7\u00e3o Intercultural ou Licenciatura Intercultural Ind\u00edgena \u2013&nbsp;<em>Teko Arandu&nbsp;<\/em>\u2013 Linguagens<\/li>\n\n\n\n<li><strong>Matem\u00e1tica:<\/strong>&nbsp;Licenciatura Plena em Matem\u00e1tica, em Ci\u00eancias com Habilita\u00e7\u00e3o em Matem\u00e1tica ou Educa\u00e7\u00e3o do Campo, com habilita\u00e7\u00e3o em Matem\u00e1tica ou Licenciatura em Matem\u00e1tica e Educa\u00e7\u00e3o Intercultural ou Licenciatura Intercultural Ind\u00edgena \u2013&nbsp;<em>Teko Arandu&nbsp;<\/em>\u2013 Matem\u00e1tica<\/li>\n\n\n\n<li><strong>Qu\u00edmica:&nbsp;<\/strong>Licenciatura Plena em Qu\u00edmica, em Ci\u00eancias com Habilita\u00e7\u00e3o em Qu\u00edmica ou Educa\u00e7\u00e3o do Campo, com habilita\u00e7\u00e3o em Ci\u00eancias da Natureza ou Licenciatura em Ci\u00eancias da Natureza e Educa\u00e7\u00e3o Intercultural ou Licenciatura Intercultural Ind\u00edgena \u2013&nbsp;<em>Teko Arandu&nbsp;<\/em>\u2013 Ci\u00eancias da Natureza<\/li>\n\n\n\n<li><strong>Sociologia:<\/strong>&nbsp;Licenciatura Plena em Sociologia, em Ci\u00eancias Sociais ou Educa\u00e7\u00e3o do Campo, com habilita\u00e7\u00e3o em Ci\u00eancias Humanas e Sociais ou Licenciatura em Ci\u00eancias Sociais e Educa\u00e7\u00e3o Intercultural ou Licenciatura Intercultural Ind\u00edgena \u2013&nbsp;<em>Teko Arandu&nbsp;<\/em>\u2013 Ci\u00eancias Humanas<\/li>\n<\/ul>\n\n\n\n<h3 class=\"wp-block-heading\" id=\"provas\">Concurso SED MS: provas e etapas<\/h3>\n\n\n\n<p>Os candidatos do concurso foram avaliados por meio das seguintes etapas:<\/p>\n\n\n\n<p>a) <strong>Fase I: Prova Escrita Objetiva<\/strong>, de car\u00e1ter eliminat\u00f3rio e classificat\u00f3rio, da qual participar\u00e3o todos os candidatos inscritos no Concurso P\u00fablico;<\/p>\n\n\n\n<p>b) <strong>Fase II: Prova Escrita Discursiva<\/strong>, de car\u00e1ter eliminat\u00f3rio e classificat\u00f3rio, da qual participar\u00e3o apenas os candidatos considerados aprovados na Fase I e classificados dentro dos quantitativos especificados no edital;<\/p>\n\n\n\n<p>c) <strong>Fase III: Prova de T\u00edtulos<\/strong>, de car\u00e1ter unicamente classificat\u00f3rio, realizada concomitantemente com a Fase II, de modo que apenas ser\u00e3o objeto de avalia\u00e7\u00e3o os t\u00edtulos apresentados pelos candidatos considerados aprovados na Prova Escrita Discursiva.<\/p>\n\n\n\n<h3 class=\"wp-block-heading\" id=\"objetiva\">Prova objetiva<\/h3>\n\n\n\n<p>A Prova Escrita Objetiva, de car\u00e1ter eliminat\u00f3rio e classificat\u00f3rio, foi avaliada de 0,00 a 80,00 pontos, e constar\u00e1 de 80 quest\u00f5es de m\u00faltipla escolha, cada qual contendo 5 alternativas.<\/p>\n\n\n\n<p>Veja detalhes no quadro abaixo:<\/p>\n\n\n\n<figure class=\"wp-block-image aligncenter\"><img loading=\"lazy\" decoding=\"async\" width=\"1024\" height=\"250\" src=\"https:\/\/dhg1h5j42swfq.cloudfront.net\/2022\/02\/23100838\/captura-de-tela-2022-02-23-as-10-07-09-1024x250.png\" alt=\"Concurso SED MS: prova objetiva\" class=\"wp-image-975952\" srcset=\"https:\/\/dhg1h5j42swfq.cloudfront.net\/2022\/02\/23100838\/captura-de-tela-2022-02-23-as-10-07-09-1024x250.png 1024w, https:\/\/dhg1h5j42swfq.cloudfront.net\/2022\/02\/23100838\/captura-de-tela-2022-02-23-as-10-07-09-300x73.png 300w, https:\/\/dhg1h5j42swfq.cloudfront.net\/2022\/02\/23100838\/captura-de-tela-2022-02-23-as-10-07-09-768x187.png 768w, https:\/\/dhg1h5j42swfq.cloudfront.net\/2022\/02\/23100838\/captura-de-tela-2022-02-23-as-10-07-09-1536x375.png 1536w, https:\/\/dhg1h5j42swfq.cloudfront.net\/2022\/02\/23100838\/captura-de-tela-2022-02-23-as-10-07-09-2048x500.png 2048w, https:\/\/dhg1h5j42swfq.cloudfront.net\/2022\/02\/23100838\/captura-de-tela-2022-02-23-as-10-07-09-610x149.png 610w\" sizes=\"auto, (max-width: 1024px) 100vw, 1024px\" \/><figcaption class=\"wp-element-caption\">Concurso SED MS: prova objetiva<br \/><\/figcaption><\/figure>\n\n\n\n<h3 class=\"wp-block-heading\" id=\"titulos\">Prova de t\u00edtulos<\/h3>\n\n\n\n<p>A Prova de T\u00edtulos ser\u00e1 avaliada de 0,00 at\u00e9 10,00 pontos, mesmo que a soma das pontua\u00e7\u00f5es dos t\u00edtulos apresentados pelo candidato seja superior a esse valor, e foi realizada de acordo com as especifica\u00e7\u00f5es contidas no quadro de pontua\u00e7\u00e3o, conforme abaixo:<\/p>\n\n\n\n<figure class=\"wp-block-image\"><img loading=\"lazy\" decoding=\"async\" width=\"1024\" height=\"482\" src=\"https:\/\/dhg1h5j42swfq.cloudfront.net\/2022\/02\/23101022\/captura-de-tela-2022-02-23-as-10-09-11-1024x482.png\" alt=\"\" class=\"wp-image-975957\" srcset=\"https:\/\/dhg1h5j42swfq.cloudfront.net\/2022\/02\/23101022\/captura-de-tela-2022-02-23-as-10-09-11-1024x482.png 1024w, https:\/\/dhg1h5j42swfq.cloudfront.net\/2022\/02\/23101022\/captura-de-tela-2022-02-23-as-10-09-11-300x141.png 300w, https:\/\/dhg1h5j42swfq.cloudfront.net\/2022\/02\/23101022\/captura-de-tela-2022-02-23-as-10-09-11-768x362.png 768w, https:\/\/dhg1h5j42swfq.cloudfront.net\/2022\/02\/23101022\/captura-de-tela-2022-02-23-as-10-09-11-1536x723.png 1536w, https:\/\/dhg1h5j42swfq.cloudfront.net\/2022\/02\/23101022\/captura-de-tela-2022-02-23-as-10-09-11-2048x965.png 2048w, https:\/\/dhg1h5j42swfq.cloudfront.net\/2022\/02\/23101022\/captura-de-tela-2022-02-23-as-10-09-11-610x287.png 610w\" sizes=\"auto, (max-width: 1024px) 100vw, 1024px\" \/><\/figure>\n\n\n\n<figure class=\"wp-block-image\"><img loading=\"lazy\" decoding=\"async\" width=\"1024\" height=\"320\" src=\"https:\/\/dhg1h5j42swfq.cloudfront.net\/2022\/02\/23101051\/captura-de-tela-2022-02-23-as-10-09-57-1024x320.png\" alt=\"\" class=\"wp-image-975958\" srcset=\"https:\/\/dhg1h5j42swfq.cloudfront.net\/2022\/02\/23101051\/captura-de-tela-2022-02-23-as-10-09-57-1024x320.png 1024w, https:\/\/dhg1h5j42swfq.cloudfront.net\/2022\/02\/23101051\/captura-de-tela-2022-02-23-as-10-09-57-300x94.png 300w, https:\/\/dhg1h5j42swfq.cloudfront.net\/2022\/02\/23101051\/captura-de-tela-2022-02-23-as-10-09-57-768x240.png 768w, https:\/\/dhg1h5j42swfq.cloudfront.net\/2022\/02\/23101051\/captura-de-tela-2022-02-23-as-10-09-57-1536x480.png 1536w, https:\/\/dhg1h5j42swfq.cloudfront.net\/2022\/02\/23101051\/captura-de-tela-2022-02-23-as-10-09-57-2048x641.png 2048w, https:\/\/dhg1h5j42swfq.cloudfront.net\/2022\/02\/23101051\/captura-de-tela-2022-02-23-as-10-09-57-610x191.png 610w\" sizes=\"auto, (max-width: 1024px) 100vw, 1024px\" \/><\/figure>\n\n\n\n<h2 class=\"wp-block-heading has-text-align-center\" id=\"h-quer-saber-tudo-sobre-concursos-previstos-confira-nossos-artigos\">Quer saber tudo sobre concursos previstos?<br \/>Confira nossos artigos!<\/h2>\n\n\n\n<ul class=\"wp-block-list\">\n<li><a href=\"https:\/\/www.estrategiaconcursos.com.br\/blog\/concursos-abertos\/\" target=\"_blank\" rel=\"noreferrer noopener\">Concursos abertos<\/a><\/li>\n\n\n\n<li><a href=\"https:\/\/www.estrategiaconcursos.com.br\/blog\/concursos-educacao\/\" target=\"_blank\" rel=\"noreferrer noopener\">Concursos educa\u00e7\u00e3o<\/a><\/li>\n\n\n\n<li><a href=\"https:\/\/www.estrategiaconcursos.com.br\/blog\/concursos-2026\/\" target=\"_blank\" rel=\"noreferrer noopener\">Concursos 2026<\/a><\/li>\n<\/ul>\n\n\n\n<h2 class=\"wp-block-heading has-text-align-center\" id=\"cursos\"><strong><em>Cursos e assinaturas<\/em><\/strong><\/h2>\n\n\n\n<p class=\"has-text-align-center\"><strong><em><span style=\"font-size: 14pt;\">Gostou dessa oportunidade e deseja se preparar?&nbsp;Esteja mais preparado com nossos cursos. Acompanhe as novidades!<\/span><\/em><\/strong><\/p>\n\n\n\n<div class=\"container\" id=\"boxes\">\n  <div class=\"row\">\n\n    <div class=\"col-sm\">\n      <div class=\"banner-estrategia\" id=\"box-assinatura\">\n        <h3 class=\"titulo-assinatura\">Curso SED MS<\/h3>\n        <p class=\"subtitulo-assinatura\">Conhe\u00e7a os cursos<\/p>\n        <div class=\"box-botao\">\n          <a class=\"btn-assinatura\" target=\"_blank\" href=\"https:\/\/www.estrategiaconcursos.com.br\/cursosPorConcurso\/sed-ms-secretaria-de-estado-de-educacao-do-mato-grosso-do-sul\/\" role=\"button\" rel=\"noopener noreferrer\">Conhe\u00e7a mais<\/a>\n        <\/div>\n      <\/div>\n      <p class=\"texto-auxiliar\">Prepare-se com o melhor material e com quem mais aprova em Concursos P\u00fablicos em todo o pa\u00eds.<\/p>\n    <\/div>\n\n  <\/div>\n<\/div>\n\n\n\n<div class=\"container\" id=\"boxes\">\n  <div class=\"row\">\n\n    <div class=\"col-sm\">\n      <div class=\"estrategia\" id=\"box-assinatura\">\n        <h3 class=\"titulo-assinatura\">Assinatura Concursos<\/h3>\n        <p class=\"subtitulo-assinatura\">Assinatura de 1 ano ou 2 anos<\/p>\n        <div class=\"box-botao\">\n          <a class=\"btn-assinatura\" target=\"_blank\" href=\"https:\/\/www.estrategiaconcursos.com.br\/assinaturas\/\" role=\"button\" rel=\"noopener noreferrer\">ASSINE AGORA<\/a>\n        <\/div>\n      <\/div>\n     \n    <\/div><\/div><\/div>\n\n\n\n\n\n<figure class=\"wp-block-image size-large is-resized\"><img loading=\"lazy\" decoding=\"async\" width=\"1024\" height=\"632\" src=\"https:\/\/dhg1h5j42swfq.cloudfront.net\/2025\/06\/27101122\/ficha-tecnica-1-1024x632.png\" alt=\"Informa\u00e7\u00f5es do concurso SME Eus\u00e9bio CE\" class=\"wp-image-702728\" style=\"width:269px;height:166px\" srcset=\"https:\/\/dhg1h5j42swfq.cloudfront.net\/2025\/06\/27101122\/ficha-tecnica-1-1024x632.png 1024w, https:\/\/dhg1h5j42swfq.cloudfront.net\/2025\/06\/27101122\/ficha-tecnica-1-300x185.png 300w, https:\/\/dhg1h5j42swfq.cloudfront.net\/2025\/06\/27101122\/ficha-tecnica-1-768x474.png 768w, https:\/\/dhg1h5j42swfq.cloudfront.net\/2025\/06\/27101122\/ficha-tecnica-1-1536x948.png 1536w, https:\/\/dhg1h5j42swfq.cloudfront.net\/2025\/06\/27101122\/ficha-tecnica-1-610x377.png 610w, https:\/\/dhg1h5j42swfq.cloudfront.net\/2025\/06\/27101122\/ficha-tecnica-1.png 1571w\" sizes=\"auto, (max-width: 1024px) 100vw, 1024px\" \/><\/figure>\n\n\n\n<h3 class=\"wp-block-heading\" id=\"ficha\">\u00daltimo edital SED MS &#8211; efetivos <\/h3>\n\n\n\n<ul class=\"wp-block-list\">\n<li><strong>Situa\u00e7\u00e3o:&nbsp;<\/strong>homologado<\/li>\n\n\n\n<li><strong>Vagas:<\/strong>&nbsp;722<\/li>\n\n\n\n<li><strong>Cargos:<\/strong>&nbsp;professor<\/li>\n\n\n\n<li><strong>Escolaridade:<\/strong>&nbsp;n\u00edvel superior<\/li>\n\n\n\n<li><strong>Sal\u00e1rios:<\/strong>&nbsp;at\u00e9&nbsp;R$ 4.609,89<\/li>\n\n\n\n<li><strong>Data da prova:<\/strong>&nbsp;3 de abril<\/li>\n\n\n\n<li><strong>Edital:<\/strong> <a href=\"https:\/\/dhg1h5j42swfq.cloudfront.net\/2022\/02\/23091517\/do10764_23_02_2022-162-212.pdf\" target=\"_blank\" rel=\"noreferrer noopener\">SED MS Efetivos<\/a><\/li>\n<\/ul>\n\n\n\n<h3 class=\"wp-block-heading\" id=\"ficha\">\u00daltimo edital SED MS &#8211; efetivos 2022<\/h3>\n\n\n\n<ul class=\"wp-block-list\">\n<li><strong>Situa\u00e7\u00e3o:&nbsp;<\/strong>homologado<\/li>\n\n\n\n<li><strong>Vagas:<\/strong>&nbsp;864<\/li>\n\n\n\n<li><strong>Cargos:<\/strong>&nbsp;professor<\/li>\n\n\n\n<li><strong>Escolaridade:<\/strong>&nbsp;n\u00edvel superior<\/li>\n\n\n\n<li><strong>Sal\u00e1rios:<\/strong>&nbsp;at\u00e9&nbsp;R$ 4.609,89<\/li>\n\n\n\n<li><strong>Data da prova:<\/strong>&nbsp;3 de abril<\/li>\n\n\n\n<li><strong>Edital: <\/strong><a href=\"https:\/\/dhg1h5j42swfq.cloudfront.net\/2022\/02\/23091517\/do10764_23_02_2022-162-212.pdf\" target=\"_blank\" rel=\"noreferrer noopener\">SED MS Efetivos 2022<\/a><\/li>\n<\/ul>\n","protected":false},"excerpt":{"rendered":"<p>A&nbsp;Secretaria de Educa\u00e7\u00e3o do Mato Grosso do Sul&nbsp;(SED MS) publicou novo edital para professores tempor\u00e1rios! As vagas s\u00e3o para cadastro de reserva em diversas especialidades de n\u00edvel superior, com sal\u00e1rios de R$ 7.512,00. As provas foram aplicadas em 7 de dezembro de 2025 e o resultado j\u00e1 foi homologado. Confira todos os detalhes ao longo [&hellip;]<\/p>\n","protected":false},"author":1,"featured_media":841216,"comment_status":"open","ping_status":"closed","sticky":false,"template":"","format":"standard","meta":{"post_tipo":"news_page","footnotes":""},"categories":[3766,220219],"tags":[3818],"tax_estado":[219975],"class_list":["post-120972","post","type-post","status-publish","format-standard","has-post-thumbnail","hentry","category-educacional","category-noticias","tag-sed-ms","tax_estado-ms"],"acf":[],"yoast_head":"<!-- This site is optimized with the Yoast SEO Premium plugin v27.2 (Yoast SEO v27.2) - https:\/\/yoast.com\/product\/yoast-seo-premium-wordpress\/ -->\n<title>Concurso SED MS para tempor\u00e1rios ter\u00e1 provas em dezembro!<\/title>\n<meta name=\"description\" content=\"Concurso SED MS: edital para tempor\u00e1rios ofertou vagas em CR e j\u00e1 est\u00e1 homologado! Confira todas as informa\u00e7\u00f5es!\" \/>\n<meta name=\"robots\" content=\"index, follow, max-snippet:-1, max-image-preview:large, max-video-preview:-1\" \/>\n<link rel=\"canonical\" href=\"https:\/\/www.estrategiaconcursos.com.br\/blog\/concurso-sed-ms\/\" \/>\n<meta property=\"og:locale\" content=\"pt_BR\" \/>\n<meta property=\"og:type\" content=\"article\" \/>\n<meta property=\"og:title\" content=\"Concurso SED MS para tempor\u00e1rios ter\u00e1 provas em dezembro!\" \/>\n<meta property=\"og:description\" content=\"Concurso SED MS: edital para tempor\u00e1rios ofertou vagas em CR e j\u00e1 est\u00e1 homologado! Confira todas as informa\u00e7\u00f5es!\" \/>\n<meta property=\"og:url\" content=\"https:\/\/www.estrategiaconcursos.com.br\/blog\/concurso-sed-ms\/\" \/>\n<meta property=\"og:site_name\" content=\"Estrat\u00e9gia Concursos\" \/>\n<meta property=\"article:author\" content=\"https:\/\/www.facebook.com\/EstrategiaConcursos\" \/>\n<meta property=\"article:published_time\" content=\"2026-01-26T15:00:00+00:00\" \/>\n<meta property=\"article:modified_time\" content=\"2026-04-14T20:22:59+00:00\" \/>\n<meta property=\"og:image\" content=\"https:\/\/dhg1h5j42swfq.cloudfront.net\/2021\/08\/20102450\/sed-ms.jpeg\" \/>\n\t<meta property=\"og:image:width\" content=\"768\" \/>\n\t<meta property=\"og:image:height\" content=\"432\" \/>\n\t<meta property=\"og:image:type\" content=\"image\/jpeg\" \/>\n<meta name=\"author\" content=\"Coordena\u00e7\u00e3o\" \/>\n<meta name=\"twitter:card\" content=\"summary_large_image\" \/>\n<meta name=\"twitter:creator\" content=\"@EstratConcursos\" \/>\n<meta name=\"twitter:site\" content=\"@EstratConcursos\" \/>\n<meta name=\"twitter:label1\" content=\"Escrito por\" \/>\n\t<meta name=\"twitter:data1\" content=\"Coordena\u00e7\u00e3o\" \/>\n\t<meta name=\"twitter:label2\" content=\"Est. tempo de leitura\" \/>\n\t<meta name=\"twitter:data2\" content=\"15 minutos\" \/>\n<script type=\"application\/ld+json\" class=\"yoast-schema-graph\">{\"@context\":\"https:\/\/schema.org\",\"@graph\":[{\"@type\":\"NewsArticle\",\"@id\":\"https:\/\/www.estrategiaconcursos.com.br\/blog\/concurso-sed-ms\/#article\",\"isPartOf\":{\"@id\":\"https:\/\/www.estrategiaconcursos.com.br\/blog\/concurso-sed-ms\/\"},\"author\":{\"name\":\"Coordena\u00e7\u00e3o\",\"@id\":\"https:\/\/www.estrategiaconcursos.com.br\/blog\/#\/schema\/person\/b4a388c97673c5f483d72185668afa1f\"},\"headline\":\"Concurso SED MS para tempor\u00e1rios ter\u00e1 provas em dezembro!\",\"datePublished\":\"2026-01-26T15:00:00+00:00\",\"dateModified\":\"2026-04-14T20:22:59+00:00\",\"mainEntityOfPage\":{\"@id\":\"https:\/\/www.estrategiaconcursos.com.br\/blog\/concurso-sed-ms\/\"},\"wordCount\":1715,\"commentCount\":7,\"publisher\":{\"@id\":\"https:\/\/www.estrategiaconcursos.com.br\/blog\/#organization\"},\"image\":{\"@id\":\"https:\/\/www.estrategiaconcursos.com.br\/blog\/concurso-sed-ms\/#primaryimage\"},\"thumbnailUrl\":\"https:\/\/dhg1h5j42swfq.cloudfront.net\/2021\/08\/20102450\/sed-ms.jpeg\",\"keywords\":[\"SED MS\"],\"articleSection\":[\"Educa\u00e7\u00e3o\",\"\u00daltimas not\u00edcias\"],\"inLanguage\":\"pt-BR\",\"potentialAction\":[{\"@type\":\"CommentAction\",\"name\":\"Comment\",\"target\":[\"https:\/\/www.estrategiaconcursos.com.br\/blog\/concurso-sed-ms\/#respond\"]}],\"copyrightYear\":\"2026\",\"copyrightHolder\":{\"@id\":\"https:\/\/www.estrategiaconcursos.com.br\/blog\/#organization\"}},{\"@type\":\"WebPage\",\"@id\":\"https:\/\/www.estrategiaconcursos.com.br\/blog\/concurso-sed-ms\/\",\"url\":\"https:\/\/www.estrategiaconcursos.com.br\/blog\/concurso-sed-ms\/\",\"name\":\"Concurso SED MS para tempor\u00e1rios ter\u00e1 provas em dezembro!\",\"isPartOf\":{\"@id\":\"https:\/\/www.estrategiaconcursos.com.br\/blog\/#website\"},\"primaryImageOfPage\":{\"@id\":\"https:\/\/www.estrategiaconcursos.com.br\/blog\/concurso-sed-ms\/#primaryimage\"},\"image\":{\"@id\":\"https:\/\/www.estrategiaconcursos.com.br\/blog\/concurso-sed-ms\/#primaryimage\"},\"thumbnailUrl\":\"https:\/\/dhg1h5j42swfq.cloudfront.net\/2021\/08\/20102450\/sed-ms.jpeg\",\"datePublished\":\"2026-01-26T15:00:00+00:00\",\"dateModified\":\"2026-04-14T20:22:59+00:00\",\"description\":\"Concurso SED MS: edital para tempor\u00e1rios ofertou vagas em CR e j\u00e1 est\u00e1 homologado! Confira todas as informa\u00e7\u00f5es!\",\"breadcrumb\":{\"@id\":\"https:\/\/www.estrategiaconcursos.com.br\/blog\/concurso-sed-ms\/#breadcrumb\"},\"inLanguage\":\"pt-BR\",\"potentialAction\":[{\"@type\":\"ReadAction\",\"target\":[\"https:\/\/www.estrategiaconcursos.com.br\/blog\/concurso-sed-ms\/\"]}]},{\"@type\":\"ImageObject\",\"inLanguage\":\"pt-BR\",\"@id\":\"https:\/\/www.estrategiaconcursos.com.br\/blog\/concurso-sed-ms\/#primaryimage\",\"url\":\"https:\/\/dhg1h5j42swfq.cloudfront.net\/2021\/08\/20102450\/sed-ms.jpeg\",\"contentUrl\":\"https:\/\/dhg1h5j42swfq.cloudfront.net\/2021\/08\/20102450\/sed-ms.jpeg\",\"width\":768,\"height\":432,\"caption\":\"concurso sed ms\"},{\"@type\":\"BreadcrumbList\",\"@id\":\"https:\/\/www.estrategiaconcursos.com.br\/blog\/concurso-sed-ms\/#breadcrumb\",\"itemListElement\":[{\"@type\":\"ListItem\",\"position\":1,\"name\":\"In\u00edcio\",\"item\":\"https:\/\/www.estrategiaconcursos.com.br\/blog\/\"},{\"@type\":\"ListItem\",\"position\":2,\"name\":\"Concurso SED MS para tempor\u00e1rios ter\u00e1 provas em dezembro!\"}]},{\"@type\":\"WebSite\",\"@id\":\"https:\/\/www.estrategiaconcursos.com.br\/blog\/#website\",\"url\":\"https:\/\/www.estrategiaconcursos.com.br\/blog\/\",\"name\":\"Estrat\u00e9gia Concursos\",\"description\":\"O blog da Estrat\u00e9gia Concursos traz not\u00edcias sobre concursos e artigos de professores oferecendo cursos para concursos (pdf + videaulas) no site.\",\"publisher\":{\"@id\":\"https:\/\/www.estrategiaconcursos.com.br\/blog\/#organization\"},\"potentialAction\":[{\"@type\":\"SearchAction\",\"target\":{\"@type\":\"EntryPoint\",\"urlTemplate\":\"https:\/\/www.estrategiaconcursos.com.br\/blog\/?s={search_term_string}\"},\"query-input\":{\"@type\":\"PropertyValueSpecification\",\"valueRequired\":true,\"valueName\":\"search_term_string\"}}],\"inLanguage\":\"pt-BR\"},{\"@type\":\"Organization\",\"@id\":\"https:\/\/www.estrategiaconcursos.com.br\/blog\/#organization\",\"name\":\"Estrat\u00e9gia Concursos\",\"url\":\"https:\/\/www.estrategiaconcursos.com.br\/blog\/\",\"logo\":{\"@type\":\"ImageObject\",\"inLanguage\":\"pt-BR\",\"@id\":\"https:\/\/www.estrategiaconcursos.com.br\/blog\/#\/schema\/logo\/image\/\",\"url\":\"https:\/\/dhg1h5j42swfq.cloudfront.net\/2025\/06\/03203428\/logo_concursos-1.jpg\",\"contentUrl\":\"https:\/\/dhg1h5j42swfq.cloudfront.net\/2025\/06\/03203428\/logo_concursos-1.jpg\",\"width\":230,\"height\":60,\"caption\":\"Estrat\u00e9gia Concursos\"},\"image\":{\"@id\":\"https:\/\/www.estrategiaconcursos.com.br\/blog\/#\/schema\/logo\/image\/\"},\"sameAs\":[\"https:\/\/x.com\/EstratConcursos\"]},{\"@type\":\"Person\",\"@id\":\"https:\/\/www.estrategiaconcursos.com.br\/blog\/#\/schema\/person\/b4a388c97673c5f483d72185668afa1f\",\"name\":\"Coordena\u00e7\u00e3o\",\"image\":{\"@type\":\"ImageObject\",\"inLanguage\":\"pt-BR\",\"@id\":\"https:\/\/secure.gravatar.com\/avatar\/b720319e4c9a967eb58678d110f4fe35452fc5d5f97b202bac7b8acceb18c6ad?s=96&d=mm&r=g\",\"url\":\"https:\/\/secure.gravatar.com\/avatar\/b720319e4c9a967eb58678d110f4fe35452fc5d5f97b202bac7b8acceb18c6ad?s=96&d=mm&r=g\",\"contentUrl\":\"https:\/\/secure.gravatar.com\/avatar\/b720319e4c9a967eb58678d110f4fe35452fc5d5f97b202bac7b8acceb18c6ad?s=96&d=mm&r=g\",\"caption\":\"Coordena\u00e7\u00e3o\"},\"sameAs\":[\"https:\/\/www.facebook.com\/EstrategiaConcursos\",\"https:\/\/x.com\/EstratConcursos\"],\"url\":\"https:\/\/www.estrategiaconcursos.com.br\/blog\/author\/estrategia2013\/\"}]}<\/script>\n<!-- \/ Yoast SEO Premium plugin. -->","yoast_head_json":{"title":"Concurso SED MS para tempor\u00e1rios ter\u00e1 provas em dezembro!","description":"Concurso SED MS: edital para tempor\u00e1rios ofertou vagas em CR e j\u00e1 est\u00e1 homologado! Confira todas as informa\u00e7\u00f5es!","robots":{"index":"index","follow":"follow","max-snippet":"max-snippet:-1","max-image-preview":"max-image-preview:large","max-video-preview":"max-video-preview:-1"},"canonical":"https:\/\/www.estrategiaconcursos.com.br\/blog\/concurso-sed-ms\/","og_locale":"pt_BR","og_type":"article","og_title":"Concurso SED MS para tempor\u00e1rios ter\u00e1 provas em dezembro!","og_description":"Concurso SED MS: edital para tempor\u00e1rios ofertou vagas em CR e j\u00e1 est\u00e1 homologado! Confira todas as informa\u00e7\u00f5es!","og_url":"https:\/\/www.estrategiaconcursos.com.br\/blog\/concurso-sed-ms\/","og_site_name":"Estrat\u00e9gia Concursos","article_author":"https:\/\/www.facebook.com\/EstrategiaConcursos","article_published_time":"2026-01-26T15:00:00+00:00","article_modified_time":"2026-04-14T20:22:59+00:00","og_image":[{"width":768,"height":432,"url":"https:\/\/dhg1h5j42swfq.cloudfront.net\/2021\/08\/20102450\/sed-ms.jpeg","type":"image\/jpeg"}],"author":"Coordena\u00e7\u00e3o","twitter_card":"summary_large_image","twitter_creator":"@EstratConcursos","twitter_site":"@EstratConcursos","twitter_misc":{"Escrito por":"Coordena\u00e7\u00e3o","Est. tempo de leitura":"15 minutos"},"schema":{"@context":"https:\/\/schema.org","@graph":[{"@type":"NewsArticle","@id":"https:\/\/www.estrategiaconcursos.com.br\/blog\/concurso-sed-ms\/#article","isPartOf":{"@id":"https:\/\/www.estrategiaconcursos.com.br\/blog\/concurso-sed-ms\/"},"author":{"name":"Coordena\u00e7\u00e3o","@id":"https:\/\/www.estrategiaconcursos.com.br\/blog\/#\/schema\/person\/b4a388c97673c5f483d72185668afa1f"},"headline":"Concurso SED MS para tempor\u00e1rios ter\u00e1 provas em dezembro!","datePublished":"2026-01-26T15:00:00+00:00","dateModified":"2026-04-14T20:22:59+00:00","mainEntityOfPage":{"@id":"https:\/\/www.estrategiaconcursos.com.br\/blog\/concurso-sed-ms\/"},"wordCount":1715,"commentCount":7,"publisher":{"@id":"https:\/\/www.estrategiaconcursos.com.br\/blog\/#organization"},"image":{"@id":"https:\/\/www.estrategiaconcursos.com.br\/blog\/concurso-sed-ms\/#primaryimage"},"thumbnailUrl":"https:\/\/dhg1h5j42swfq.cloudfront.net\/2021\/08\/20102450\/sed-ms.jpeg","keywords":["SED MS"],"articleSection":["Educa\u00e7\u00e3o","\u00daltimas not\u00edcias"],"inLanguage":"pt-BR","potentialAction":[{"@type":"CommentAction","name":"Comment","target":["https:\/\/www.estrategiaconcursos.com.br\/blog\/concurso-sed-ms\/#respond"]}],"copyrightYear":"2026","copyrightHolder":{"@id":"https:\/\/www.estrategiaconcursos.com.br\/blog\/#organization"}},{"@type":"WebPage","@id":"https:\/\/www.estrategiaconcursos.com.br\/blog\/concurso-sed-ms\/","url":"https:\/\/www.estrategiaconcursos.com.br\/blog\/concurso-sed-ms\/","name":"Concurso SED MS para tempor\u00e1rios ter\u00e1 provas em dezembro!","isPartOf":{"@id":"https:\/\/www.estrategiaconcursos.com.br\/blog\/#website"},"primaryImageOfPage":{"@id":"https:\/\/www.estrategiaconcursos.com.br\/blog\/concurso-sed-ms\/#primaryimage"},"image":{"@id":"https:\/\/www.estrategiaconcursos.com.br\/blog\/concurso-sed-ms\/#primaryimage"},"thumbnailUrl":"https:\/\/dhg1h5j42swfq.cloudfront.net\/2021\/08\/20102450\/sed-ms.jpeg","datePublished":"2026-01-26T15:00:00+00:00","dateModified":"2026-04-14T20:22:59+00:00","description":"Concurso SED MS: edital para tempor\u00e1rios ofertou vagas em CR e j\u00e1 est\u00e1 homologado! Confira todas as informa\u00e7\u00f5es!","breadcrumb":{"@id":"https:\/\/www.estrategiaconcursos.com.br\/blog\/concurso-sed-ms\/#breadcrumb"},"inLanguage":"pt-BR","potentialAction":[{"@type":"ReadAction","target":["https:\/\/www.estrategiaconcursos.com.br\/blog\/concurso-sed-ms\/"]}]},{"@type":"ImageObject","inLanguage":"pt-BR","@id":"https:\/\/www.estrategiaconcursos.com.br\/blog\/concurso-sed-ms\/#primaryimage","url":"https:\/\/dhg1h5j42swfq.cloudfront.net\/2021\/08\/20102450\/sed-ms.jpeg","contentUrl":"https:\/\/dhg1h5j42swfq.cloudfront.net\/2021\/08\/20102450\/sed-ms.jpeg","width":768,"height":432,"caption":"concurso sed ms"},{"@type":"BreadcrumbList","@id":"https:\/\/www.estrategiaconcursos.com.br\/blog\/concurso-sed-ms\/#breadcrumb","itemListElement":[{"@type":"ListItem","position":1,"name":"In\u00edcio","item":"https:\/\/www.estrategiaconcursos.com.br\/blog\/"},{"@type":"ListItem","position":2,"name":"Concurso SED MS para tempor\u00e1rios ter\u00e1 provas em dezembro!"}]},{"@type":"WebSite","@id":"https:\/\/www.estrategiaconcursos.com.br\/blog\/#website","url":"https:\/\/www.estrategiaconcursos.com.br\/blog\/","name":"Estrat\u00e9gia Concursos","description":"O blog da Estrat\u00e9gia Concursos traz not\u00edcias sobre concursos e artigos de professores oferecendo cursos para concursos (pdf + videaulas) no site.","publisher":{"@id":"https:\/\/www.estrategiaconcursos.com.br\/blog\/#organization"},"potentialAction":[{"@type":"SearchAction","target":{"@type":"EntryPoint","urlTemplate":"https:\/\/www.estrategiaconcursos.com.br\/blog\/?s={search_term_string}"},"query-input":{"@type":"PropertyValueSpecification","valueRequired":true,"valueName":"search_term_string"}}],"inLanguage":"pt-BR"},{"@type":"Organization","@id":"https:\/\/www.estrategiaconcursos.com.br\/blog\/#organization","name":"Estrat\u00e9gia Concursos","url":"https:\/\/www.estrategiaconcursos.com.br\/blog\/","logo":{"@type":"ImageObject","inLanguage":"pt-BR","@id":"https:\/\/www.estrategiaconcursos.com.br\/blog\/#\/schema\/logo\/image\/","url":"https:\/\/dhg1h5j42swfq.cloudfront.net\/2025\/06\/03203428\/logo_concursos-1.jpg","contentUrl":"https:\/\/dhg1h5j42swfq.cloudfront.net\/2025\/06\/03203428\/logo_concursos-1.jpg","width":230,"height":60,"caption":"Estrat\u00e9gia Concursos"},"image":{"@id":"https:\/\/www.estrategiaconcursos.com.br\/blog\/#\/schema\/logo\/image\/"},"sameAs":["https:\/\/x.com\/EstratConcursos"]},{"@type":"Person","@id":"https:\/\/www.estrategiaconcursos.com.br\/blog\/#\/schema\/person\/b4a388c97673c5f483d72185668afa1f","name":"Coordena\u00e7\u00e3o","image":{"@type":"ImageObject","inLanguage":"pt-BR","@id":"https:\/\/secure.gravatar.com\/avatar\/b720319e4c9a967eb58678d110f4fe35452fc5d5f97b202bac7b8acceb18c6ad?s=96&d=mm&r=g","url":"https:\/\/secure.gravatar.com\/avatar\/b720319e4c9a967eb58678d110f4fe35452fc5d5f97b202bac7b8acceb18c6ad?s=96&d=mm&r=g","contentUrl":"https:\/\/secure.gravatar.com\/avatar\/b720319e4c9a967eb58678d110f4fe35452fc5d5f97b202bac7b8acceb18c6ad?s=96&d=mm&r=g","caption":"Coordena\u00e7\u00e3o"},"sameAs":["https:\/\/www.facebook.com\/EstrategiaConcursos","https:\/\/x.com\/EstratConcursos"],"url":"https:\/\/www.estrategiaconcursos.com.br\/blog\/author\/estrategia2013\/"}]}},"_links":{"self":[{"href":"https:\/\/www.estrategiaconcursos.com.br\/blog\/wp-json\/wp\/v2\/posts\/120972","targetHints":{"allow":["GET"]}}],"collection":[{"href":"https:\/\/www.estrategiaconcursos.com.br\/blog\/wp-json\/wp\/v2\/posts"}],"about":[{"href":"https:\/\/www.estrategiaconcursos.com.br\/blog\/wp-json\/wp\/v2\/types\/post"}],"author":[{"embeddable":true,"href":"https:\/\/www.estrategiaconcursos.com.br\/blog\/wp-json\/wp\/v2\/users\/1"}],"replies":[{"embeddable":true,"href":"https:\/\/www.estrategiaconcursos.com.br\/blog\/wp-json\/wp\/v2\/comments?post=120972"}],"version-history":[{"count":85,"href":"https:\/\/www.estrategiaconcursos.com.br\/blog\/wp-json\/wp\/v2\/posts\/120972\/revisions"}],"predecessor-version":[{"id":1753592,"href":"https:\/\/www.estrategiaconcursos.com.br\/blog\/wp-json\/wp\/v2\/posts\/120972\/revisions\/1753592"}],"wp:featuredmedia":[{"embeddable":true,"href":"https:\/\/www.estrategiaconcursos.com.br\/blog\/wp-json\/wp\/v2\/media\/841216"}],"wp:attachment":[{"href":"https:\/\/www.estrategiaconcursos.com.br\/blog\/wp-json\/wp\/v2\/media?parent=120972"}],"wp:term":[{"taxonomy":"category","embeddable":true,"href":"https:\/\/www.estrategiaconcursos.com.br\/blog\/wp-json\/wp\/v2\/categories?post=120972"},{"taxonomy":"post_tag","embeddable":true,"href":"https:\/\/www.estrategiaconcursos.com.br\/blog\/wp-json\/wp\/v2\/tags?post=120972"},{"taxonomy":"tax_estado","embeddable":true,"href":"https:\/\/www.estrategiaconcursos.com.br\/blog\/wp-json\/wp\/v2\/tax_estado?post=120972"}],"curies":[{"name":"wp","href":"https:\/\/api.w.org\/{rel}","templated":true}]}}