{"id":120959,"date":"2018-05-13T19:05:04","date_gmt":"2018-05-13T22:05:04","guid":{"rendered":"https:\/\/www.estrategiaconcursos.com.br\/blog\/?p=120959"},"modified":"2018-09-21T14:59:30","modified_gmt":"2018-09-21T17:59:30","slug":"nutricionista-inscricoes-abertas-para-concurso-trt-2a-regiao","status":"publish","type":"post","link":"https:\/\/www.estrategiaconcursos.com.br\/blog\/nutricionista-inscricoes-abertas-para-concurso-trt-2a-regiao\/","title":{"rendered":"Nutricionista, inscri\u00e7\u00f5es abertas para concurso TRT 2a Regi\u00e3o"},"content":{"rendered":"<p>Ol\u00e1 pessoal, tenho uma excelente not\u00edcia!<\/p>\n<p>Estamos em per\u00edodo de inscri\u00e7\u00f5es para o Concurso P\u00fablico destinado ao provimento de cargos efetivos e forma\u00e7\u00e3o de cadastro reserva das carreiras funcionais do Poder Judici\u00e1rio Federal, referente ao Quadro Permanente de Pessoal do Tribunal Regional do Trabalho 2<sup>a<\/sup> Regi\u00e3o. O Concurso P\u00fablico ser\u00e1 realizado sob a responsabilidade da <strong>Funda\u00e7\u00e3o Carlos Chagas<\/strong>.<\/p>\n<p>O Edital de Abertura do Concurso est\u00e1 dispon\u00edvel &#8211; <a href=\"https:\/\/dhg1h5j42swfq.cloudfront.net\/2018\/04\/26191021\/Diario_A_02.pdf\">clique aqui<\/a>.<\/p>\n<p>Acreditem, a remunera\u00e7\u00e3o inicial \u00e9 <strong>R$ 11.006,83<\/strong> (onze mil e seis reais e oitenta e tr\u00eas centavos).<\/p>\n<p>Para nutricionistas, o concurso ser\u00e1 para forma\u00e7\u00e3o de cadastro reserva de Analista Judici\u00e1rio \u2013 \u00c1rea Apoio Especializado \u2013 Especialidade Nutri\u00e7\u00e3o. \u00a0E os requisitos para o preenchimento do cargo s\u00e3o:<\/p>\n<p>&#8211; Diploma ou Certificado de Gradua\u00e7\u00e3o em Nutri\u00e7\u00e3o, devidamente reconhecido pelo Minist\u00e9rio da Educa\u00e7\u00e3o (MEC) e<\/p>\n<p>&#8211; Registro no Conselho Regional de Nutri\u00e7\u00e3o.<\/p>\n<p>&nbsp;<\/p>\n<p>Voc\u00ea quer saber as atribui\u00e7\u00f5es deste cargo?<\/p>\n<p>Realizar programas e campanhas referentes \u00e0 educa\u00e7\u00e3o nutricional; prescrever e supervisionar dietas; atuar visando \u00e0 seguran\u00e7a alimentar em todas as \u00e1reas da alimenta\u00e7\u00e3o e nutri\u00e7\u00e3o; promover a manuten\u00e7\u00e3o e recupera\u00e7\u00e3o da sa\u00fade e preven\u00e7\u00e3o de doen\u00e7as dos servidores; elaborar e aplicar instrumentos de acompanhamento, avalia\u00e7\u00e3o, pesquisa, controle e divulga\u00e7\u00e3o referentes aos projetos desenvolvidos; redigir, digitar e conferir expedientes diversos e executar outras atividades de mesma natureza e grau de complexidade.<\/p>\n<p>&nbsp;<\/p>\n<p>Prof, j\u00e1 gostei! Como me inscrevo?<\/p>\n<p>As inscri\u00e7\u00f5es s\u00e3o de <strong>10 horas do dia 27\/04\/2018 \u00e0s 14 horas do dia 21\/05\/2018<\/strong> (hor\u00e1rio de Bras\u00edlia). O valor \u00e9 de R$ 95,00 para os cargos de Ensino Superior.<\/p>\n<p>As <strong>Provas Objetivas e Discursivas<\/strong> ser\u00e3o realizadas na cidade de S\u00e3o Paulo\/SP, com previs\u00e3o de aplica\u00e7\u00e3o para o dia <strong>22\/07\/2018<\/strong>. As Provas de Conhecimentos B\u00e1sicos e Conhecimentos Espec\u00edficos constar\u00e3o de quest\u00f5es objetivas de m\u00faltipla escolha (com cinco alternativas cada quest\u00e3o).<\/p>\n<p>&nbsp;<\/p>\n<p>Quer saber como estudar?<\/p>\n<p>Clique <a href=\"https:\/\/www.estrategiaconcursos.com.br\/curso\/16-pacote-conhecimentos-basicos-questoes-p-trt-sp-2-regiao-analista-area-nutricao-pos-edital\/\">AQUI<\/a> para conhecer nosso pacote com disciplinas b\u00e1sicas e espec\u00edficas para o cargo de Analista Judici\u00e1rio na \u00e1rea de Nutri\u00e7\u00e3o.<\/p>\n<p>As aulas gratuitas j\u00e1 est\u00e3o dispon\u00edveis para download.<\/p>\n<p>Quais s\u00e3o as vantagens?<\/p>\n<ul>\n<li>Todas as disciplinas s\u00e3o FOCADAS no edital e na banca organizadora do concurso.<\/li>\n<li>O aluno Estrat\u00e9gia Concursos tem acesso ILIMITADO ao F\u00f3rum de D\u00favidas com o Professor de cada disciplina.<\/li>\n<li>E ainda, voc\u00ea tem 30 dias para avaliar os materiais e, se n\u00e3o estiver satisfeito, pode pedir seu dinheiro de volta.<\/li>\n<\/ul>\n<p>&nbsp;<\/p>\n<p>Venha fazer parte do nosso time!\u00a0Para estar atentos \u00e0s novidades na \u00e1rea de Nutri\u00e7\u00e3o, siga-nos no INSTAGRAM:<\/p>\n<p>@profgil_inacio e @proflinamonteiro<\/p>\n<p>Bom estudo,<\/p>\n<p>Profa Gil<\/p>\n","protected":false},"excerpt":{"rendered":"<p>Ol\u00e1 pessoal, tenho uma excelente not\u00edcia! Estamos em per\u00edodo de inscri\u00e7\u00f5es para o Concurso P\u00fablico destinado ao provimento de cargos efetivos e forma\u00e7\u00e3o de cadastro reserva das carreiras funcionais do Poder Judici\u00e1rio Federal, referente ao Quadro Permanente de Pessoal do Tribunal Regional do Trabalho 2a Regi\u00e3o. O Concurso P\u00fablico ser\u00e1 realizado sob a responsabilidade da [&hellip;]<\/p>\n","protected":false},"author":256,"featured_media":0,"comment_status":"open","ping_status":"closed","sticky":false,"template":"","format":"standard","meta":{"post_tipo":"article","footnotes":""},"categories":[1],"tags":[],"tax_estado":[],"class_list":["post-120959","post","type-post","status-publish","format-standard","hentry","category-cursos-e-concursos"],"acf":[],"yoast_head":"<!-- This site is optimized with the Yoast SEO Premium plugin v27.2 (Yoast SEO v27.2) - https:\/\/yoast.com\/product\/yoast-seo-premium-wordpress\/ -->\n<title>Nutricionista, inscri\u00e7\u00f5es abertas para concurso TRT 2a Regi\u00e3o<\/title>\n<meta name=\"robots\" content=\"index, follow, max-snippet:-1, max-image-preview:large, max-video-preview:-1\" \/>\n<link rel=\"canonical\" href=\"https:\/\/www.estrategiaconcursos.com.br\/blog\/nutricionista-inscricoes-abertas-para-concurso-trt-2a-regiao\/\" \/>\n<meta property=\"og:locale\" content=\"pt_BR\" \/>\n<meta property=\"og:type\" content=\"article\" \/>\n<meta property=\"og:title\" content=\"Nutricionista, inscri\u00e7\u00f5es abertas para concurso TRT 2a Regi\u00e3o\" \/>\n<meta property=\"og:description\" content=\"Ol\u00e1 pessoal, tenho uma excelente not\u00edcia! Estamos em per\u00edodo de inscri\u00e7\u00f5es para o Concurso P\u00fablico destinado ao provimento de cargos efetivos e forma\u00e7\u00e3o de cadastro reserva das carreiras funcionais do Poder Judici\u00e1rio Federal, referente ao Quadro Permanente de Pessoal do Tribunal Regional do Trabalho 2a Regi\u00e3o. O Concurso P\u00fablico ser\u00e1 realizado sob a responsabilidade da [&hellip;]\" \/>\n<meta property=\"og:url\" content=\"https:\/\/www.estrategiaconcursos.com.br\/blog\/nutricionista-inscricoes-abertas-para-concurso-trt-2a-regiao\/\" \/>\n<meta property=\"og:site_name\" content=\"Estrat\u00e9gia Concursos\" \/>\n<meta property=\"article:published_time\" content=\"2018-05-13T22:05:04+00:00\" \/>\n<meta property=\"article:modified_time\" content=\"2018-09-21T17:59:30+00:00\" \/>\n<meta name=\"author\" content=\"Gilcil\u00e9ia In\u00e1cio\" \/>\n<meta name=\"twitter:card\" content=\"summary_large_image\" \/>\n<meta name=\"twitter:creator\" content=\"@EstratConcursos\" \/>\n<meta name=\"twitter:site\" content=\"@EstratConcursos\" \/>\n<meta name=\"twitter:label1\" content=\"Escrito por\" \/>\n\t<meta name=\"twitter:data1\" content=\"Gilcil\u00e9ia In\u00e1cio\" \/>\n\t<meta name=\"twitter:label2\" content=\"Est. tempo de leitura\" \/>\n\t<meta name=\"twitter:data2\" content=\"2 minutos\" \/>\n<script type=\"application\/ld+json\" class=\"yoast-schema-graph\">{\"@context\":\"https:\/\/schema.org\",\"@graph\":[{\"@type\":\"NewsArticle\",\"@id\":\"https:\/\/www.estrategiaconcursos.com.br\/blog\/nutricionista-inscricoes-abertas-para-concurso-trt-2a-regiao\/#article\",\"isPartOf\":{\"@id\":\"https:\/\/www.estrategiaconcursos.com.br\/blog\/nutricionista-inscricoes-abertas-para-concurso-trt-2a-regiao\/\"},\"author\":{\"name\":\"Gilcil\u00e9ia In\u00e1cio\",\"@id\":\"https:\/\/www.estrategiaconcursos.com.br\/blog\/#\/schema\/person\/4b9511fed51a0df1ecdedd396e5c2efb\"},\"headline\":\"Nutricionista, inscri\u00e7\u00f5es abertas para concurso TRT 2a Regi\u00e3o\",\"datePublished\":\"2018-05-13T22:05:04+00:00\",\"dateModified\":\"2018-09-21T17:59:30+00:00\",\"mainEntityOfPage\":{\"@id\":\"https:\/\/www.estrategiaconcursos.com.br\/blog\/nutricionista-inscricoes-abertas-para-concurso-trt-2a-regiao\/\"},\"wordCount\":466,\"commentCount\":1,\"publisher\":{\"@id\":\"https:\/\/www.estrategiaconcursos.com.br\/blog\/#organization\"},\"articleSection\":[\"Concursos P\u00fablicos\"],\"inLanguage\":\"pt-BR\",\"potentialAction\":[{\"@type\":\"CommentAction\",\"name\":\"Comment\",\"target\":[\"https:\/\/www.estrategiaconcursos.com.br\/blog\/nutricionista-inscricoes-abertas-para-concurso-trt-2a-regiao\/#respond\"]}],\"copyrightYear\":\"2018\",\"copyrightHolder\":{\"@id\":\"https:\/\/www.estrategiaconcursos.com.br\/blog\/#organization\"}},{\"@type\":\"WebPage\",\"@id\":\"https:\/\/www.estrategiaconcursos.com.br\/blog\/nutricionista-inscricoes-abertas-para-concurso-trt-2a-regiao\/\",\"url\":\"https:\/\/www.estrategiaconcursos.com.br\/blog\/nutricionista-inscricoes-abertas-para-concurso-trt-2a-regiao\/\",\"name\":\"Nutricionista, inscri\u00e7\u00f5es abertas para concurso TRT 2a Regi\u00e3o\",\"isPartOf\":{\"@id\":\"https:\/\/www.estrategiaconcursos.com.br\/blog\/#website\"},\"datePublished\":\"2018-05-13T22:05:04+00:00\",\"dateModified\":\"2018-09-21T17:59:30+00:00\",\"breadcrumb\":{\"@id\":\"https:\/\/www.estrategiaconcursos.com.br\/blog\/nutricionista-inscricoes-abertas-para-concurso-trt-2a-regiao\/#breadcrumb\"},\"inLanguage\":\"pt-BR\",\"potentialAction\":[{\"@type\":\"ReadAction\",\"target\":[\"https:\/\/www.estrategiaconcursos.com.br\/blog\/nutricionista-inscricoes-abertas-para-concurso-trt-2a-regiao\/\"]}]},{\"@type\":\"BreadcrumbList\",\"@id\":\"https:\/\/www.estrategiaconcursos.com.br\/blog\/nutricionista-inscricoes-abertas-para-concurso-trt-2a-regiao\/#breadcrumb\",\"itemListElement\":[{\"@type\":\"ListItem\",\"position\":1,\"name\":\"In\u00edcio\",\"item\":\"https:\/\/www.estrategiaconcursos.com.br\/blog\/\"},{\"@type\":\"ListItem\",\"position\":2,\"name\":\"Nutricionista, inscri\u00e7\u00f5es abertas para concurso TRT 2a Regi\u00e3o\"}]},{\"@type\":\"WebSite\",\"@id\":\"https:\/\/www.estrategiaconcursos.com.br\/blog\/#website\",\"url\":\"https:\/\/www.estrategiaconcursos.com.br\/blog\/\",\"name\":\"Estrat\u00e9gia Concursos\",\"description\":\"O blog da Estrat\u00e9gia Concursos traz not\u00edcias sobre concursos e artigos de professores oferecendo cursos para concursos (pdf + videaulas) no site.\",\"publisher\":{\"@id\":\"https:\/\/www.estrategiaconcursos.com.br\/blog\/#organization\"},\"potentialAction\":[{\"@type\":\"SearchAction\",\"target\":{\"@type\":\"EntryPoint\",\"urlTemplate\":\"https:\/\/www.estrategiaconcursos.com.br\/blog\/?s={search_term_string}\"},\"query-input\":{\"@type\":\"PropertyValueSpecification\",\"valueRequired\":true,\"valueName\":\"search_term_string\"}}],\"inLanguage\":\"pt-BR\"},{\"@type\":\"Organization\",\"@id\":\"https:\/\/www.estrategiaconcursos.com.br\/blog\/#organization\",\"name\":\"Estrat\u00e9gia Concursos\",\"url\":\"https:\/\/www.estrategiaconcursos.com.br\/blog\/\",\"logo\":{\"@type\":\"ImageObject\",\"inLanguage\":\"pt-BR\",\"@id\":\"https:\/\/www.estrategiaconcursos.com.br\/blog\/#\/schema\/logo\/image\/\",\"url\":\"https:\/\/dhg1h5j42swfq.cloudfront.net\/2025\/06\/03203428\/logo_concursos-1.jpg\",\"contentUrl\":\"https:\/\/dhg1h5j42swfq.cloudfront.net\/2025\/06\/03203428\/logo_concursos-1.jpg\",\"width\":230,\"height\":60,\"caption\":\"Estrat\u00e9gia Concursos\"},\"image\":{\"@id\":\"https:\/\/www.estrategiaconcursos.com.br\/blog\/#\/schema\/logo\/image\/\"},\"sameAs\":[\"https:\/\/x.com\/EstratConcursos\"]},{\"@type\":\"Person\",\"@id\":\"https:\/\/www.estrategiaconcursos.com.br\/blog\/#\/schema\/person\/4b9511fed51a0df1ecdedd396e5c2efb\",\"name\":\"Gilcil\u00e9ia In\u00e1cio\",\"image\":{\"@type\":\"ImageObject\",\"inLanguage\":\"pt-BR\",\"@id\":\"https:\/\/secure.gravatar.com\/avatar\/675ff0360d07d0bb7d94546cf3382e5adeeb611128b0816c1154a81591472548?s=96&d=mm&r=g\",\"url\":\"https:\/\/secure.gravatar.com\/avatar\/675ff0360d07d0bb7d94546cf3382e5adeeb611128b0816c1154a81591472548?s=96&d=mm&r=g\",\"contentUrl\":\"https:\/\/secure.gravatar.com\/avatar\/675ff0360d07d0bb7d94546cf3382e5adeeb611128b0816c1154a81591472548?s=96&d=mm&r=g\",\"caption\":\"Gilcil\u00e9ia In\u00e1cio\"},\"url\":\"https:\/\/www.estrategiaconcursos.com.br\/blog\/author\/gilcileiagmail-com\/\"}]}<\/script>\n<!-- \/ Yoast SEO Premium plugin. -->","yoast_head_json":{"title":"Nutricionista, inscri\u00e7\u00f5es abertas para concurso TRT 2a Regi\u00e3o","robots":{"index":"index","follow":"follow","max-snippet":"max-snippet:-1","max-image-preview":"max-image-preview:large","max-video-preview":"max-video-preview:-1"},"canonical":"https:\/\/www.estrategiaconcursos.com.br\/blog\/nutricionista-inscricoes-abertas-para-concurso-trt-2a-regiao\/","og_locale":"pt_BR","og_type":"article","og_title":"Nutricionista, inscri\u00e7\u00f5es abertas para concurso TRT 2a Regi\u00e3o","og_description":"Ol\u00e1 pessoal, tenho uma excelente not\u00edcia! Estamos em per\u00edodo de inscri\u00e7\u00f5es para o Concurso P\u00fablico destinado ao provimento de cargos efetivos e forma\u00e7\u00e3o de cadastro reserva das carreiras funcionais do Poder Judici\u00e1rio Federal, referente ao Quadro Permanente de Pessoal do Tribunal Regional do Trabalho 2a Regi\u00e3o. O Concurso P\u00fablico ser\u00e1 realizado sob a responsabilidade da [&hellip;]","og_url":"https:\/\/www.estrategiaconcursos.com.br\/blog\/nutricionista-inscricoes-abertas-para-concurso-trt-2a-regiao\/","og_site_name":"Estrat\u00e9gia Concursos","article_published_time":"2018-05-13T22:05:04+00:00","article_modified_time":"2018-09-21T17:59:30+00:00","author":"Gilcil\u00e9ia In\u00e1cio","twitter_card":"summary_large_image","twitter_creator":"@EstratConcursos","twitter_site":"@EstratConcursos","twitter_misc":{"Escrito por":"Gilcil\u00e9ia In\u00e1cio","Est. tempo de leitura":"2 minutos"},"schema":{"@context":"https:\/\/schema.org","@graph":[{"@type":"NewsArticle","@id":"https:\/\/www.estrategiaconcursos.com.br\/blog\/nutricionista-inscricoes-abertas-para-concurso-trt-2a-regiao\/#article","isPartOf":{"@id":"https:\/\/www.estrategiaconcursos.com.br\/blog\/nutricionista-inscricoes-abertas-para-concurso-trt-2a-regiao\/"},"author":{"name":"Gilcil\u00e9ia In\u00e1cio","@id":"https:\/\/www.estrategiaconcursos.com.br\/blog\/#\/schema\/person\/4b9511fed51a0df1ecdedd396e5c2efb"},"headline":"Nutricionista, inscri\u00e7\u00f5es abertas para concurso TRT 2a Regi\u00e3o","datePublished":"2018-05-13T22:05:04+00:00","dateModified":"2018-09-21T17:59:30+00:00","mainEntityOfPage":{"@id":"https:\/\/www.estrategiaconcursos.com.br\/blog\/nutricionista-inscricoes-abertas-para-concurso-trt-2a-regiao\/"},"wordCount":466,"commentCount":1,"publisher":{"@id":"https:\/\/www.estrategiaconcursos.com.br\/blog\/#organization"},"articleSection":["Concursos P\u00fablicos"],"inLanguage":"pt-BR","potentialAction":[{"@type":"CommentAction","name":"Comment","target":["https:\/\/www.estrategiaconcursos.com.br\/blog\/nutricionista-inscricoes-abertas-para-concurso-trt-2a-regiao\/#respond"]}],"copyrightYear":"2018","copyrightHolder":{"@id":"https:\/\/www.estrategiaconcursos.com.br\/blog\/#organization"}},{"@type":"WebPage","@id":"https:\/\/www.estrategiaconcursos.com.br\/blog\/nutricionista-inscricoes-abertas-para-concurso-trt-2a-regiao\/","url":"https:\/\/www.estrategiaconcursos.com.br\/blog\/nutricionista-inscricoes-abertas-para-concurso-trt-2a-regiao\/","name":"Nutricionista, inscri\u00e7\u00f5es abertas para concurso TRT 2a Regi\u00e3o","isPartOf":{"@id":"https:\/\/www.estrategiaconcursos.com.br\/blog\/#website"},"datePublished":"2018-05-13T22:05:04+00:00","dateModified":"2018-09-21T17:59:30+00:00","breadcrumb":{"@id":"https:\/\/www.estrategiaconcursos.com.br\/blog\/nutricionista-inscricoes-abertas-para-concurso-trt-2a-regiao\/#breadcrumb"},"inLanguage":"pt-BR","potentialAction":[{"@type":"ReadAction","target":["https:\/\/www.estrategiaconcursos.com.br\/blog\/nutricionista-inscricoes-abertas-para-concurso-trt-2a-regiao\/"]}]},{"@type":"BreadcrumbList","@id":"https:\/\/www.estrategiaconcursos.com.br\/blog\/nutricionista-inscricoes-abertas-para-concurso-trt-2a-regiao\/#breadcrumb","itemListElement":[{"@type":"ListItem","position":1,"name":"In\u00edcio","item":"https:\/\/www.estrategiaconcursos.com.br\/blog\/"},{"@type":"ListItem","position":2,"name":"Nutricionista, inscri\u00e7\u00f5es abertas para concurso TRT 2a Regi\u00e3o"}]},{"@type":"WebSite","@id":"https:\/\/www.estrategiaconcursos.com.br\/blog\/#website","url":"https:\/\/www.estrategiaconcursos.com.br\/blog\/","name":"Estrat\u00e9gia Concursos","description":"O blog da Estrat\u00e9gia Concursos traz not\u00edcias sobre concursos e artigos de professores oferecendo cursos para concursos (pdf + videaulas) no site.","publisher":{"@id":"https:\/\/www.estrategiaconcursos.com.br\/blog\/#organization"},"potentialAction":[{"@type":"SearchAction","target":{"@type":"EntryPoint","urlTemplate":"https:\/\/www.estrategiaconcursos.com.br\/blog\/?s={search_term_string}"},"query-input":{"@type":"PropertyValueSpecification","valueRequired":true,"valueName":"search_term_string"}}],"inLanguage":"pt-BR"},{"@type":"Organization","@id":"https:\/\/www.estrategiaconcursos.com.br\/blog\/#organization","name":"Estrat\u00e9gia Concursos","url":"https:\/\/www.estrategiaconcursos.com.br\/blog\/","logo":{"@type":"ImageObject","inLanguage":"pt-BR","@id":"https:\/\/www.estrategiaconcursos.com.br\/blog\/#\/schema\/logo\/image\/","url":"https:\/\/dhg1h5j42swfq.cloudfront.net\/2025\/06\/03203428\/logo_concursos-1.jpg","contentUrl":"https:\/\/dhg1h5j42swfq.cloudfront.net\/2025\/06\/03203428\/logo_concursos-1.jpg","width":230,"height":60,"caption":"Estrat\u00e9gia Concursos"},"image":{"@id":"https:\/\/www.estrategiaconcursos.com.br\/blog\/#\/schema\/logo\/image\/"},"sameAs":["https:\/\/x.com\/EstratConcursos"]},{"@type":"Person","@id":"https:\/\/www.estrategiaconcursos.com.br\/blog\/#\/schema\/person\/4b9511fed51a0df1ecdedd396e5c2efb","name":"Gilcil\u00e9ia In\u00e1cio","image":{"@type":"ImageObject","inLanguage":"pt-BR","@id":"https:\/\/secure.gravatar.com\/avatar\/675ff0360d07d0bb7d94546cf3382e5adeeb611128b0816c1154a81591472548?s=96&d=mm&r=g","url":"https:\/\/secure.gravatar.com\/avatar\/675ff0360d07d0bb7d94546cf3382e5adeeb611128b0816c1154a81591472548?s=96&d=mm&r=g","contentUrl":"https:\/\/secure.gravatar.com\/avatar\/675ff0360d07d0bb7d94546cf3382e5adeeb611128b0816c1154a81591472548?s=96&d=mm&r=g","caption":"Gilcil\u00e9ia In\u00e1cio"},"url":"https:\/\/www.estrategiaconcursos.com.br\/blog\/author\/gilcileiagmail-com\/"}]}},"_links":{"self":[{"href":"https:\/\/www.estrategiaconcursos.com.br\/blog\/wp-json\/wp\/v2\/posts\/120959","targetHints":{"allow":["GET"]}}],"collection":[{"href":"https:\/\/www.estrategiaconcursos.com.br\/blog\/wp-json\/wp\/v2\/posts"}],"about":[{"href":"https:\/\/www.estrategiaconcursos.com.br\/blog\/wp-json\/wp\/v2\/types\/post"}],"author":[{"embeddable":true,"href":"https:\/\/www.estrategiaconcursos.com.br\/blog\/wp-json\/wp\/v2\/users\/256"}],"replies":[{"embeddable":true,"href":"https:\/\/www.estrategiaconcursos.com.br\/blog\/wp-json\/wp\/v2\/comments?post=120959"}],"version-history":[{"count":2,"href":"https:\/\/www.estrategiaconcursos.com.br\/blog\/wp-json\/wp\/v2\/posts\/120959\/revisions"}],"predecessor-version":[{"id":142186,"href":"https:\/\/www.estrategiaconcursos.com.br\/blog\/wp-json\/wp\/v2\/posts\/120959\/revisions\/142186"}],"wp:attachment":[{"href":"https:\/\/www.estrategiaconcursos.com.br\/blog\/wp-json\/wp\/v2\/media?parent=120959"}],"wp:term":[{"taxonomy":"category","embeddable":true,"href":"https:\/\/www.estrategiaconcursos.com.br\/blog\/wp-json\/wp\/v2\/categories?post=120959"},{"taxonomy":"post_tag","embeddable":true,"href":"https:\/\/www.estrategiaconcursos.com.br\/blog\/wp-json\/wp\/v2\/tags?post=120959"},{"taxonomy":"tax_estado","embeddable":true,"href":"https:\/\/www.estrategiaconcursos.com.br\/blog\/wp-json\/wp\/v2\/tax_estado?post=120959"}],"curies":[{"name":"wp","href":"https:\/\/api.w.org\/{rel}","templated":true}]}}