{"id":120738,"date":"2018-06-11T00:00:31","date_gmt":"2018-06-11T03:00:31","guid":{"rendered":"https:\/\/www.estrategiaconcursos.com.br\/blog\/?p=120738"},"modified":"2018-06-23T12:28:50","modified_gmt":"2018-06-23T15:28:50","slug":"edital-concurso-camar-2018","status":"publish","type":"post","link":"https:\/\/www.estrategiaconcursos.com.br\/blog\/edital-concurso-camar-2018\/","title":{"rendered":"Edital Camar 2018: S\u00e3o ofertadas 104 vagas para n\u00edvel superior"},"content":{"rendered":"<p>Est\u00e3o sendo ofertadas 104 vagas para o Quadro de Oficiais M\u00e9dicos, que\u00a0visa suprir as necessidades de Oficiais M\u00e9dicos do Comando da Aeron\u00e1utica.<\/p>\n<p>No dia 10 de maio foi publicado o edital do concurso para os candidatos j\u00e1 se organizarem para o ritmo intenso de estudos. As\u00a0inscri\u00e7\u00f5es ficaram abertas no site da FAB (link dispon\u00edvel na ficha t\u00e9cnica) at\u00e9 o dia <strong>\u00a012 de junho<\/strong>. A taxa de inscri\u00e7\u00e3o foi fixada em\u00a0 R$ 130,00.<\/p>\n<h3>Sobre o Concurso Camar 18\/19<\/h3>\n<ul>\n<li>O CAMAR ter\u00e1 dura\u00e7\u00e3o aproximada de 17 semanas e compreende instru\u00e7\u00f5es nos Campos Geral, Militar e T\u00e9cnico-Especializado;<\/li>\n<li>O Curso ser\u00e1 realizado no Centro de Instru\u00e7\u00e3o e Adapta\u00e7\u00e3o da Aeron\u00e1utica (CIAAR), em Belo Horizonte Lagoa Santa\/MG, em 2019;<\/li>\n<li>O candidato, no momento da matr\u00edcula, mediante ato do Comandante do CIAAR, ser\u00e1 declarado Primeiro-Tenente Estagi\u00e1rio do CAMAR, designa\u00e7\u00e3o a ser mantida durante o Curso de Adapta\u00e7\u00e3o;<\/li>\n<li>O militar da ativa da Aeron\u00e1utica matriculado no CAMAR permanecer\u00e1 no efetivo da OM de origem e passar\u00e1 \u00e0 situa\u00e7\u00e3o de adido ao CIAAR;<\/li>\n<li>O estagi\u00e1rio que concluir o CAMAR com aproveitamento estar\u00e1 em condi\u00e7\u00f5es de ser nomeado Primeiro-Tenente.<\/li>\n<\/ul>\n<h3>Principais da datas e informa\u00e7\u00f5es<\/h3>\n<ul>\n<li><strong>Inscri\u00e7\u00e3o: <\/strong>das 10h do dia 14\/05 at\u00e9 \u00e0s 15h do dia\u00a012\/06<\/li>\n<li><strong>Taxa de Inscri\u00e7\u00e3o:\u00a0<\/strong>R$ 130,00<\/li>\n<li><strong>Data da Prova:\u00a0<\/strong>29\/07 (in\u00edcio das provas \u00e0s 9:40h &#8211; hor\u00e1rio de Bras\u00edlia)<\/li>\n<\/ul>\n<h3>Requisitos para Inscri\u00e7\u00e3o<\/h3>\n<ul>\n<li>N\u00c3O completar 36 anos de idade at\u00e9 31 de dezembro de 2019;<\/li>\n<\/ul>\n<h3>Especialidades<\/h3>\n<table>\n<tbody>\n<tr>\n<td>Alergologia (2)<\/td>\n<td><\/td>\n<td>\u00a0Ginecologia e Obstetr\u00edcia (3)<\/td>\n<\/tr>\n<tr>\n<td>Anatomia Patol\u00f3gica (2)<\/td>\n<td><\/td>\n<td>\u00a0Hemoterapia (2)<\/td>\n<\/tr>\n<tr>\n<td>Anestesiologia (8)<\/td>\n<td><\/td>\n<td>\u00a0Medicina de Fam\u00edlia e Comunidade (32)<\/td>\n<\/tr>\n<tr>\n<td>Cancerologia (2)<\/td>\n<td><\/td>\n<td>\u00a0Medicina do Trabalho (1)<\/td>\n<\/tr>\n<tr>\n<td>Cardiologia (4)<\/td>\n<td><\/td>\n<td>\u00a0Neurologia (1)<\/td>\n<\/tr>\n<tr>\n<td>Cirurgia Geral (3)<\/td>\n<td><\/td>\n<td>\u00a0Oftalmologia (3)<\/td>\n<\/tr>\n<tr>\n<td>Cl\u00ednica M\u00e9dica (9)<\/td>\n<td><\/td>\n<td>\u00a0Otorrinolaringologia (4)<\/td>\n<\/tr>\n<tr>\n<td>Cirurgia Vascular Perif\u00e9rica (1)<\/td>\n<td><\/td>\n<td>\u00a0Ortopedia (3)<\/td>\n<\/tr>\n<tr>\n<td>Dermatologia (1)<\/td>\n<td><\/td>\n<td>\u00a0Pediatria (3)<\/td>\n<\/tr>\n<tr>\n<td>Endocrinologia (2)<\/td>\n<td><\/td>\n<td>\u00a0Psiquiatria (3)<\/td>\n<\/tr>\n<tr>\n<td>Gastroenterologia (1)<\/td>\n<td><\/td>\n<td>\u00a0Radiologia (6)<\/td>\n<\/tr>\n<tr>\n<td>Geriatria (6)<\/td>\n<td><\/td>\n<td>\u00a0Urologia (2)<\/td>\n<\/tr>\n<\/tbody>\n<\/table>\n<h3>Etapas do Exame de Admiss\u00e3o<\/h3>\n<ol style=\"list-style-type: lower-alpha;\">\n<li>Provas Escritas;<\/li>\n<li>Verifica\u00e7\u00e3o de Dados Biogr\u00e1ficos e Profissionais;<\/li>\n<li>Parecer da Comiss\u00e3o de Promo\u00e7\u00f5es de Oficiais, para candidatos militares da Aeron\u00e1utica;<\/li>\n<li>Inspe\u00e7\u00e3o de Sa\u00fade;<\/li>\n<li>Teste de Avalia\u00e7\u00e3o do Condicionamento F\u00edsico (TACF);<\/li>\n<li>Exame de Aptid\u00e3o Psicol\u00f3gica;<\/li>\n<li>Prova Pr\u00e1tico-Oral;<\/li>\n<li>Procedimento de Heteroidentifica\u00e7\u00e3o Complementar;<\/li>\n<li>Valida\u00e7\u00e3o Documental.<\/li>\n<\/ol>\n<h3>Provas Escritas<\/h3>\n<p>As Provas Escritas ter\u00e3o as disciplinas de <strong>L\u00edngua Portuguesa<\/strong> (Gram\u00e1tica e Interpreta\u00e7\u00e3o de Texto) e <strong>Conhecimentos Especializados<\/strong> (assuntos relativos \u00e0 especialidade pretendida), com <strong>dura\u00e7\u00e3o de\u00a0quatro horas e 20 vinte minutos<\/strong>.<\/p>\n<h3>Teste de Avalia\u00e7\u00e3o do Condicionamento F\u00edsico (TACF)<\/h3>\n<p><img loading=\"lazy\" decoding=\"async\" class=\"alignnone wp-image-120752 size-full\" src=\"https:\/\/dhg1h5j42swfq.cloudfront.net\/2018\/05\/11132223\/DG.jpg\" alt=\"TACF Concurso CAMAR\" width=\"657\" height=\"200\" srcset=\"https:\/\/dhg1h5j42swfq.cloudfront.net\/2018\/05\/11132223\/DG.jpg 657w, https:\/\/dhg1h5j42swfq.cloudfront.net\/2018\/05\/11132223\/DG.jpg 300w, https:\/\/dhg1h5j42swfq.cloudfront.net\/2018\/05\/11132223\/DG.jpg 610w\" sizes=\"auto, (max-width: 657px) 100vw, 657px\" \/><\/p>\n<h3>Locais de Realiza\u00e7\u00e3o do Exame<\/h3>\n<p>No momento da solicita\u00e7\u00e3o de inscri\u00e7\u00e3o, o candidato dever\u00e1 indicar a localidade da Organiza\u00e7\u00e3o Militar (OM) de Apoio onde deseja realizar as Provas Escritas.<\/p>\n<p><img loading=\"lazy\" decoding=\"async\" class=\"alignnone wp-image-120751\" src=\"https:\/\/dhg1h5j42swfq.cloudfront.net\/2018\/05\/11131555\/Capturar1.jpg\" alt=\"\" width=\"592\" height=\"499\" srcset=\"https:\/\/dhg1h5j42swfq.cloudfront.net\/2018\/05\/11131555\/Capturar1.jpg 691w, https:\/\/dhg1h5j42swfq.cloudfront.net\/2018\/05\/11131555\/Capturar1.jpg 300w, https:\/\/dhg1h5j42swfq.cloudfront.net\/2018\/05\/11131555\/Capturar1.jpg 610w\" sizes=\"auto, (max-width: 592px) 100vw, 592px\" \/><\/p>\n<p>&nbsp;<\/p>\n<p style=\"text-align: center;\"><span style=\"font-size: 14pt;\"><em><strong>Gostou desta oportunidade e deseja se preparar? O Estrat\u00e9gia Concursos j\u00e1 tem um pacote pronto para voc\u00ea. Confira:<\/strong><\/em><\/span><\/p>\n<p style=\"text-align: center;\"><a href=\"https:\/\/www.estrategiaconcursos.com.br\/cursosPorConcurso\/camar-curso-de-adaptacao-de-medicos-da-aeronautica\/\" target=\"_blank\" rel=\"noopener\"><span style=\"font-size: 18pt;\"><strong>Curso\u00a0preparat\u00f3rio CAMAR 2018-2019<\/strong><\/span><\/a><\/p>\n<p>&nbsp;<\/p>\n<p><img loading=\"lazy\" decoding=\"async\" class=\"alignnone wp-image-60957\" src=\"https:\/\/www.estrategiaconcursos.com.br\/blog\/wp-content\/uploads\/2017\/01\/coruja-ficha-tecnica-1024x347.png\" sizes=\"auto, (max-width: 336px) 100vw, 336px\" srcset=\"https:\/\/www.estrategiaconcursos.com.br\/blog\/wp-content\/uploads\/2017\/01\/coruja-ficha-tecnica-1024x347.png 1024w, https:\/\/www.estrategiaconcursos.com.br\/blog\/wp-content\/uploads\/2017\/01\/coruja-ficha-tecnica-300x102.png 300w, https:\/\/www.estrategiaconcursos.com.br\/blog\/wp-content\/uploads\/2017\/01\/coruja-ficha-tecnica-768x260.png 768w, https:\/\/www.estrategiaconcursos.com.br\/blog\/wp-content\/uploads\/2017\/01\/coruja-ficha-tecnica-500x170.png 500w\" alt=\"Ficha T\u00e9cnica Edital Concurso CAMAR 2018\/2019\" width=\"336\" height=\"114\" \/><\/p>\n<p><strong>Informa\u00e7\u00f5es do concurso CAMAR<\/strong><\/p>\n<p>\u25baData prevista:\u00a0<strong>29\/07<\/strong><br \/>\n\u25baVagas: <strong>104<br \/>\n\u25ba<\/strong>\u00c1rea: M\u00e9dico-hospitalar<br \/>\n\u25baLota\u00e7\u00f5es: <strong>Nacional (conforme tabela acima)<\/strong><br \/>\n\u25baEscolaridade: <strong>N\u00edvel Superior<\/strong><\/p>\n<p>\u25ba<strong>EDITAL<\/strong>:\u00a0<a href=\"https:\/\/www.estrategiaconcursos.com.br\/blog\/wp-content\/uploads\/2018\/05\/Edital-CAMAR.pdf\" target=\"_blank\" rel=\"noopener\">Edital CAMAR<\/a><\/p>\n<p><em>Site de inscri\u00e7\u00e3o:\u00a0<strong><a href=\"http:\/\/www2.fab.mil.br\/ciaar\/\" target=\"_blank\" rel=\"noopener\">www.fab.mil.br\/ciaar\/<\/a><\/strong><\/em><\/p>\n<p><em>D\u00e9cio Terror<\/em><br \/>\nProfessor de Portugu\u00eas<br \/>\nEstrat\u00e9gia Concursos<\/p>\n","protected":false},"excerpt":{"rendered":"<p>Est\u00e3o sendo ofertadas 104 vagas para o Quadro de Oficiais M\u00e9dicos, que\u00a0visa suprir as necessidades de Oficiais M\u00e9dicos do Comando da Aeron\u00e1utica. No dia 10 de maio foi publicado o edital do concurso para os candidatos j\u00e1 se organizarem para o ritmo intenso de estudos. As\u00a0inscri\u00e7\u00f5es ficaram abertas no site da FAB (link dispon\u00edvel na [&hellip;]<\/p>\n","protected":false},"author":214,"featured_media":0,"comment_status":"open","ping_status":"closed","sticky":false,"template":"","format":"standard","meta":{"post_tipo":"article","footnotes":""},"categories":[1,1981],"tags":[],"tax_estado":[],"class_list":["post-120738","post","type-post","status-publish","format-standard","hentry","category-cursos-e-concursos","category-saude"],"acf":[],"yoast_head":"<!-- This site is optimized with the Yoast SEO Premium plugin v27.2 (Yoast SEO v27.2) - https:\/\/yoast.com\/product\/yoast-seo-premium-wordpress\/ -->\n<title>Edital CAMAR 2018: S\u00e3o ofertadas 104 vagas para o Concurso M\u00e9dico<\/title>\n<meta name=\"description\" content=\"Concurso CAMAR 2018\/2019: Confira todos os detalhes do edital para ingressar no Curso de Adapta\u00e7\u00e3o de M\u00e9dicos da Aeron\u00e1utica do ano de 2019. S\u00e3o ofertadas 104 vagas para diversas \u00e1reas de medicina.\" \/>\n<meta name=\"robots\" content=\"index, follow, max-snippet:-1, max-image-preview:large, max-video-preview:-1\" \/>\n<link rel=\"canonical\" href=\"https:\/\/www.estrategiaconcursos.com.br\/blog\/edital-concurso-camar-2018\/\" \/>\n<meta property=\"og:locale\" content=\"pt_BR\" \/>\n<meta property=\"og:type\" content=\"article\" \/>\n<meta property=\"og:title\" content=\"Edital Camar 2018: S\u00e3o ofertadas 104 vagas para n\u00edvel superior\" \/>\n<meta property=\"og:description\" content=\"Concurso CAMAR 2018\/2019: Confira todos os detalhes do edital para ingressar no Curso de Adapta\u00e7\u00e3o de M\u00e9dicos da Aeron\u00e1utica do ano de 2019. S\u00e3o ofertadas 104 vagas para diversas \u00e1reas de medicina.\" \/>\n<meta property=\"og:url\" content=\"https:\/\/www.estrategiaconcursos.com.br\/blog\/edital-concurso-camar-2018\/\" \/>\n<meta property=\"og:site_name\" content=\"Estrat\u00e9gia Concursos\" \/>\n<meta property=\"article:published_time\" content=\"2018-06-11T03:00:31+00:00\" \/>\n<meta property=\"article:modified_time\" content=\"2018-06-23T15:28:50+00:00\" \/>\n<meta property=\"og:image\" content=\"https:\/\/www.estrategiaconcursos.com.br\/blog\/wp-content\/uploads\/2018\/05\/DG.jpg\" \/>\n<meta name=\"author\" content=\"D\u00e9cio Terror Filho\" \/>\n<meta name=\"twitter:card\" content=\"summary_large_image\" \/>\n<meta name=\"twitter:creator\" content=\"@EstratConcursos\" \/>\n<meta name=\"twitter:site\" content=\"@EstratConcursos\" \/>\n<meta name=\"twitter:label1\" content=\"Escrito por\" \/>\n\t<meta name=\"twitter:data1\" content=\"D\u00e9cio Terror Filho\" \/>\n\t<meta name=\"twitter:label2\" content=\"Est. tempo de leitura\" \/>\n\t<meta name=\"twitter:data2\" content=\"3 minutos\" \/>\n<script type=\"application\/ld+json\" class=\"yoast-schema-graph\">{\"@context\":\"https:\/\/schema.org\",\"@graph\":[{\"@type\":\"NewsArticle\",\"@id\":\"https:\/\/www.estrategiaconcursos.com.br\/blog\/edital-concurso-camar-2018\/#article\",\"isPartOf\":{\"@id\":\"https:\/\/www.estrategiaconcursos.com.br\/blog\/edital-concurso-camar-2018\/\"},\"author\":{\"name\":\"D\u00e9cio Terror Filho\",\"@id\":\"https:\/\/www.estrategiaconcursos.com.br\/blog\/#\/schema\/person\/e8165364027a31208914fc77c3314727\"},\"headline\":\"Edital Camar 2018: S\u00e3o ofertadas 104 vagas para n\u00edvel superior\",\"datePublished\":\"2018-06-11T03:00:31+00:00\",\"dateModified\":\"2018-06-23T15:28:50+00:00\",\"mainEntityOfPage\":{\"@id\":\"https:\/\/www.estrategiaconcursos.com.br\/blog\/edital-concurso-camar-2018\/\"},\"wordCount\":511,\"commentCount\":0,\"publisher\":{\"@id\":\"https:\/\/www.estrategiaconcursos.com.br\/blog\/#organization\"},\"image\":{\"@id\":\"https:\/\/www.estrategiaconcursos.com.br\/blog\/edital-concurso-camar-2018\/#primaryimage\"},\"thumbnailUrl\":\"https:\/\/www.estrategiaconcursos.com.br\/blog\/wp-content\/uploads\/2018\/05\/DG.jpg\",\"articleSection\":[\"Concursos P\u00fablicos\",\"Sa\u00fade\"],\"inLanguage\":\"pt-BR\",\"potentialAction\":[{\"@type\":\"CommentAction\",\"name\":\"Comment\",\"target\":[\"https:\/\/www.estrategiaconcursos.com.br\/blog\/edital-concurso-camar-2018\/#respond\"]}],\"copyrightYear\":\"2018\",\"copyrightHolder\":{\"@id\":\"https:\/\/www.estrategiaconcursos.com.br\/blog\/#organization\"}},{\"@type\":\"WebPage\",\"@id\":\"https:\/\/www.estrategiaconcursos.com.br\/blog\/edital-concurso-camar-2018\/\",\"url\":\"https:\/\/www.estrategiaconcursos.com.br\/blog\/edital-concurso-camar-2018\/\",\"name\":\"Edital CAMAR 2018: S\u00e3o ofertadas 104 vagas para o Concurso M\u00e9dico\",\"isPartOf\":{\"@id\":\"https:\/\/www.estrategiaconcursos.com.br\/blog\/#website\"},\"primaryImageOfPage\":{\"@id\":\"https:\/\/www.estrategiaconcursos.com.br\/blog\/edital-concurso-camar-2018\/#primaryimage\"},\"image\":{\"@id\":\"https:\/\/www.estrategiaconcursos.com.br\/blog\/edital-concurso-camar-2018\/#primaryimage\"},\"thumbnailUrl\":\"https:\/\/www.estrategiaconcursos.com.br\/blog\/wp-content\/uploads\/2018\/05\/DG.jpg\",\"datePublished\":\"2018-06-11T03:00:31+00:00\",\"dateModified\":\"2018-06-23T15:28:50+00:00\",\"description\":\"Concurso CAMAR 2018\/2019: Confira todos os detalhes do edital para ingressar no Curso de Adapta\u00e7\u00e3o de M\u00e9dicos da Aeron\u00e1utica do ano de 2019. S\u00e3o ofertadas 104 vagas para diversas \u00e1reas de medicina.\",\"breadcrumb\":{\"@id\":\"https:\/\/www.estrategiaconcursos.com.br\/blog\/edital-concurso-camar-2018\/#breadcrumb\"},\"inLanguage\":\"pt-BR\",\"potentialAction\":[{\"@type\":\"ReadAction\",\"target\":[\"https:\/\/www.estrategiaconcursos.com.br\/blog\/edital-concurso-camar-2018\/\"]}]},{\"@type\":\"ImageObject\",\"inLanguage\":\"pt-BR\",\"@id\":\"https:\/\/www.estrategiaconcursos.com.br\/blog\/edital-concurso-camar-2018\/#primaryimage\",\"url\":\"https:\/\/dhg1h5j42swfq.cloudfront.net\/2018\/05\/11132223\/DG.jpg\",\"contentUrl\":\"https:\/\/dhg1h5j42swfq.cloudfront.net\/2018\/05\/11132223\/DG.jpg\",\"width\":657,\"height\":200},{\"@type\":\"BreadcrumbList\",\"@id\":\"https:\/\/www.estrategiaconcursos.com.br\/blog\/edital-concurso-camar-2018\/#breadcrumb\",\"itemListElement\":[{\"@type\":\"ListItem\",\"position\":1,\"name\":\"In\u00edcio\",\"item\":\"https:\/\/www.estrategiaconcursos.com.br\/blog\/\"},{\"@type\":\"ListItem\",\"position\":2,\"name\":\"Edital Camar 2018: S\u00e3o ofertadas 104 vagas para n\u00edvel superior\"}]},{\"@type\":\"WebSite\",\"@id\":\"https:\/\/www.estrategiaconcursos.com.br\/blog\/#website\",\"url\":\"https:\/\/www.estrategiaconcursos.com.br\/blog\/\",\"name\":\"Estrat\u00e9gia Concursos\",\"description\":\"O blog da Estrat\u00e9gia Concursos traz not\u00edcias sobre concursos e artigos de professores oferecendo cursos para concursos (pdf + videaulas) no site.\",\"publisher\":{\"@id\":\"https:\/\/www.estrategiaconcursos.com.br\/blog\/#organization\"},\"potentialAction\":[{\"@type\":\"SearchAction\",\"target\":{\"@type\":\"EntryPoint\",\"urlTemplate\":\"https:\/\/www.estrategiaconcursos.com.br\/blog\/?s={search_term_string}\"},\"query-input\":{\"@type\":\"PropertyValueSpecification\",\"valueRequired\":true,\"valueName\":\"search_term_string\"}}],\"inLanguage\":\"pt-BR\"},{\"@type\":\"Organization\",\"@id\":\"https:\/\/www.estrategiaconcursos.com.br\/blog\/#organization\",\"name\":\"Estrat\u00e9gia Concursos\",\"url\":\"https:\/\/www.estrategiaconcursos.com.br\/blog\/\",\"logo\":{\"@type\":\"ImageObject\",\"inLanguage\":\"pt-BR\",\"@id\":\"https:\/\/www.estrategiaconcursos.com.br\/blog\/#\/schema\/logo\/image\/\",\"url\":\"https:\/\/dhg1h5j42swfq.cloudfront.net\/2025\/06\/03203428\/logo_concursos-1.jpg\",\"contentUrl\":\"https:\/\/dhg1h5j42swfq.cloudfront.net\/2025\/06\/03203428\/logo_concursos-1.jpg\",\"width\":230,\"height\":60,\"caption\":\"Estrat\u00e9gia Concursos\"},\"image\":{\"@id\":\"https:\/\/www.estrategiaconcursos.com.br\/blog\/#\/schema\/logo\/image\/\"},\"sameAs\":[\"https:\/\/x.com\/EstratConcursos\"]},{\"@type\":\"Person\",\"@id\":\"https:\/\/www.estrategiaconcursos.com.br\/blog\/#\/schema\/person\/e8165364027a31208914fc77c3314727\",\"name\":\"D\u00e9cio Terror Filho\",\"image\":{\"@type\":\"ImageObject\",\"inLanguage\":\"pt-BR\",\"@id\":\"https:\/\/secure.gravatar.com\/avatar\/a5b78e734de7c6482e965926e78344deb81abbc34282a3c9536cbb1a59728a37?s=96&d=mm&r=g\",\"url\":\"https:\/\/secure.gravatar.com\/avatar\/a5b78e734de7c6482e965926e78344deb81abbc34282a3c9536cbb1a59728a37?s=96&d=mm&r=g\",\"contentUrl\":\"https:\/\/secure.gravatar.com\/avatar\/a5b78e734de7c6482e965926e78344deb81abbc34282a3c9536cbb1a59728a37?s=96&d=mm&r=g\",\"caption\":\"D\u00e9cio Terror Filho\"},\"url\":\"https:\/\/www.estrategiaconcursos.com.br\/blog\/author\/contatoterrorportugues-com-br\/\"}]}<\/script>\n<!-- \/ Yoast SEO Premium plugin. -->","yoast_head_json":{"title":"Edital CAMAR 2018: S\u00e3o ofertadas 104 vagas para o Concurso M\u00e9dico","description":"Concurso CAMAR 2018\/2019: Confira todos os detalhes do edital para ingressar no Curso de Adapta\u00e7\u00e3o de M\u00e9dicos da Aeron\u00e1utica do ano de 2019. S\u00e3o ofertadas 104 vagas para diversas \u00e1reas de medicina.","robots":{"index":"index","follow":"follow","max-snippet":"max-snippet:-1","max-image-preview":"max-image-preview:large","max-video-preview":"max-video-preview:-1"},"canonical":"https:\/\/www.estrategiaconcursos.com.br\/blog\/edital-concurso-camar-2018\/","og_locale":"pt_BR","og_type":"article","og_title":"Edital Camar 2018: S\u00e3o ofertadas 104 vagas para n\u00edvel superior","og_description":"Concurso CAMAR 2018\/2019: Confira todos os detalhes do edital para ingressar no Curso de Adapta\u00e7\u00e3o de M\u00e9dicos da Aeron\u00e1utica do ano de 2019. S\u00e3o ofertadas 104 vagas para diversas \u00e1reas de medicina.","og_url":"https:\/\/www.estrategiaconcursos.com.br\/blog\/edital-concurso-camar-2018\/","og_site_name":"Estrat\u00e9gia Concursos","article_published_time":"2018-06-11T03:00:31+00:00","article_modified_time":"2018-06-23T15:28:50+00:00","og_image":[{"url":"https:\/\/www.estrategiaconcursos.com.br\/blog\/wp-content\/uploads\/2018\/05\/DG.jpg","type":"","width":"","height":""}],"author":"D\u00e9cio Terror Filho","twitter_card":"summary_large_image","twitter_creator":"@EstratConcursos","twitter_site":"@EstratConcursos","twitter_misc":{"Escrito por":"D\u00e9cio Terror Filho","Est. tempo de leitura":"3 minutos"},"schema":{"@context":"https:\/\/schema.org","@graph":[{"@type":"NewsArticle","@id":"https:\/\/www.estrategiaconcursos.com.br\/blog\/edital-concurso-camar-2018\/#article","isPartOf":{"@id":"https:\/\/www.estrategiaconcursos.com.br\/blog\/edital-concurso-camar-2018\/"},"author":{"name":"D\u00e9cio Terror Filho","@id":"https:\/\/www.estrategiaconcursos.com.br\/blog\/#\/schema\/person\/e8165364027a31208914fc77c3314727"},"headline":"Edital Camar 2018: S\u00e3o ofertadas 104 vagas para n\u00edvel superior","datePublished":"2018-06-11T03:00:31+00:00","dateModified":"2018-06-23T15:28:50+00:00","mainEntityOfPage":{"@id":"https:\/\/www.estrategiaconcursos.com.br\/blog\/edital-concurso-camar-2018\/"},"wordCount":511,"commentCount":0,"publisher":{"@id":"https:\/\/www.estrategiaconcursos.com.br\/blog\/#organization"},"image":{"@id":"https:\/\/www.estrategiaconcursos.com.br\/blog\/edital-concurso-camar-2018\/#primaryimage"},"thumbnailUrl":"https:\/\/www.estrategiaconcursos.com.br\/blog\/wp-content\/uploads\/2018\/05\/DG.jpg","articleSection":["Concursos P\u00fablicos","Sa\u00fade"],"inLanguage":"pt-BR","potentialAction":[{"@type":"CommentAction","name":"Comment","target":["https:\/\/www.estrategiaconcursos.com.br\/blog\/edital-concurso-camar-2018\/#respond"]}],"copyrightYear":"2018","copyrightHolder":{"@id":"https:\/\/www.estrategiaconcursos.com.br\/blog\/#organization"}},{"@type":"WebPage","@id":"https:\/\/www.estrategiaconcursos.com.br\/blog\/edital-concurso-camar-2018\/","url":"https:\/\/www.estrategiaconcursos.com.br\/blog\/edital-concurso-camar-2018\/","name":"Edital CAMAR 2018: S\u00e3o ofertadas 104 vagas para o Concurso M\u00e9dico","isPartOf":{"@id":"https:\/\/www.estrategiaconcursos.com.br\/blog\/#website"},"primaryImageOfPage":{"@id":"https:\/\/www.estrategiaconcursos.com.br\/blog\/edital-concurso-camar-2018\/#primaryimage"},"image":{"@id":"https:\/\/www.estrategiaconcursos.com.br\/blog\/edital-concurso-camar-2018\/#primaryimage"},"thumbnailUrl":"https:\/\/www.estrategiaconcursos.com.br\/blog\/wp-content\/uploads\/2018\/05\/DG.jpg","datePublished":"2018-06-11T03:00:31+00:00","dateModified":"2018-06-23T15:28:50+00:00","description":"Concurso CAMAR 2018\/2019: Confira todos os detalhes do edital para ingressar no Curso de Adapta\u00e7\u00e3o de M\u00e9dicos da Aeron\u00e1utica do ano de 2019. S\u00e3o ofertadas 104 vagas para diversas \u00e1reas de medicina.","breadcrumb":{"@id":"https:\/\/www.estrategiaconcursos.com.br\/blog\/edital-concurso-camar-2018\/#breadcrumb"},"inLanguage":"pt-BR","potentialAction":[{"@type":"ReadAction","target":["https:\/\/www.estrategiaconcursos.com.br\/blog\/edital-concurso-camar-2018\/"]}]},{"@type":"ImageObject","inLanguage":"pt-BR","@id":"https:\/\/www.estrategiaconcursos.com.br\/blog\/edital-concurso-camar-2018\/#primaryimage","url":"https:\/\/dhg1h5j42swfq.cloudfront.net\/2018\/05\/11132223\/DG.jpg","contentUrl":"https:\/\/dhg1h5j42swfq.cloudfront.net\/2018\/05\/11132223\/DG.jpg","width":657,"height":200},{"@type":"BreadcrumbList","@id":"https:\/\/www.estrategiaconcursos.com.br\/blog\/edital-concurso-camar-2018\/#breadcrumb","itemListElement":[{"@type":"ListItem","position":1,"name":"In\u00edcio","item":"https:\/\/www.estrategiaconcursos.com.br\/blog\/"},{"@type":"ListItem","position":2,"name":"Edital Camar 2018: S\u00e3o ofertadas 104 vagas para n\u00edvel superior"}]},{"@type":"WebSite","@id":"https:\/\/www.estrategiaconcursos.com.br\/blog\/#website","url":"https:\/\/www.estrategiaconcursos.com.br\/blog\/","name":"Estrat\u00e9gia Concursos","description":"O blog da Estrat\u00e9gia Concursos traz not\u00edcias sobre concursos e artigos de professores oferecendo cursos para concursos (pdf + videaulas) no site.","publisher":{"@id":"https:\/\/www.estrategiaconcursos.com.br\/blog\/#organization"},"potentialAction":[{"@type":"SearchAction","target":{"@type":"EntryPoint","urlTemplate":"https:\/\/www.estrategiaconcursos.com.br\/blog\/?s={search_term_string}"},"query-input":{"@type":"PropertyValueSpecification","valueRequired":true,"valueName":"search_term_string"}}],"inLanguage":"pt-BR"},{"@type":"Organization","@id":"https:\/\/www.estrategiaconcursos.com.br\/blog\/#organization","name":"Estrat\u00e9gia Concursos","url":"https:\/\/www.estrategiaconcursos.com.br\/blog\/","logo":{"@type":"ImageObject","inLanguage":"pt-BR","@id":"https:\/\/www.estrategiaconcursos.com.br\/blog\/#\/schema\/logo\/image\/","url":"https:\/\/dhg1h5j42swfq.cloudfront.net\/2025\/06\/03203428\/logo_concursos-1.jpg","contentUrl":"https:\/\/dhg1h5j42swfq.cloudfront.net\/2025\/06\/03203428\/logo_concursos-1.jpg","width":230,"height":60,"caption":"Estrat\u00e9gia Concursos"},"image":{"@id":"https:\/\/www.estrategiaconcursos.com.br\/blog\/#\/schema\/logo\/image\/"},"sameAs":["https:\/\/x.com\/EstratConcursos"]},{"@type":"Person","@id":"https:\/\/www.estrategiaconcursos.com.br\/blog\/#\/schema\/person\/e8165364027a31208914fc77c3314727","name":"D\u00e9cio Terror Filho","image":{"@type":"ImageObject","inLanguage":"pt-BR","@id":"https:\/\/secure.gravatar.com\/avatar\/a5b78e734de7c6482e965926e78344deb81abbc34282a3c9536cbb1a59728a37?s=96&d=mm&r=g","url":"https:\/\/secure.gravatar.com\/avatar\/a5b78e734de7c6482e965926e78344deb81abbc34282a3c9536cbb1a59728a37?s=96&d=mm&r=g","contentUrl":"https:\/\/secure.gravatar.com\/avatar\/a5b78e734de7c6482e965926e78344deb81abbc34282a3c9536cbb1a59728a37?s=96&d=mm&r=g","caption":"D\u00e9cio Terror Filho"},"url":"https:\/\/www.estrategiaconcursos.com.br\/blog\/author\/contatoterrorportugues-com-br\/"}]}},"_links":{"self":[{"href":"https:\/\/www.estrategiaconcursos.com.br\/blog\/wp-json\/wp\/v2\/posts\/120738","targetHints":{"allow":["GET"]}}],"collection":[{"href":"https:\/\/www.estrategiaconcursos.com.br\/blog\/wp-json\/wp\/v2\/posts"}],"about":[{"href":"https:\/\/www.estrategiaconcursos.com.br\/blog\/wp-json\/wp\/v2\/types\/post"}],"author":[{"embeddable":true,"href":"https:\/\/www.estrategiaconcursos.com.br\/blog\/wp-json\/wp\/v2\/users\/214"}],"replies":[{"embeddable":true,"href":"https:\/\/www.estrategiaconcursos.com.br\/blog\/wp-json\/wp\/v2\/comments?post=120738"}],"version-history":[{"count":29,"href":"https:\/\/www.estrategiaconcursos.com.br\/blog\/wp-json\/wp\/v2\/posts\/120738\/revisions"}],"predecessor-version":[{"id":128147,"href":"https:\/\/www.estrategiaconcursos.com.br\/blog\/wp-json\/wp\/v2\/posts\/120738\/revisions\/128147"}],"wp:attachment":[{"href":"https:\/\/www.estrategiaconcursos.com.br\/blog\/wp-json\/wp\/v2\/media?parent=120738"}],"wp:term":[{"taxonomy":"category","embeddable":true,"href":"https:\/\/www.estrategiaconcursos.com.br\/blog\/wp-json\/wp\/v2\/categories?post=120738"},{"taxonomy":"post_tag","embeddable":true,"href":"https:\/\/www.estrategiaconcursos.com.br\/blog\/wp-json\/wp\/v2\/tags?post=120738"},{"taxonomy":"tax_estado","embeddable":true,"href":"https:\/\/www.estrategiaconcursos.com.br\/blog\/wp-json\/wp\/v2\/tax_estado?post=120738"}],"curies":[{"name":"wp","href":"https:\/\/api.w.org\/{rel}","templated":true}]}}