{"id":1206987,"date":"2025-06-04T05:48:00","date_gmt":"2025-06-04T08:48:00","guid":{"rendered":"https:\/\/www.estrategiaconcursos.com.br\/blog\/?p=1206987"},"modified":"2025-06-04T15:37:09","modified_gmt":"2025-06-04T18:37:09","slug":"concurso-suframa","status":"publish","type":"post","link":"https:\/\/www.estrategiaconcursos.com.br\/blog\/concurso-suframa\/","title":{"rendered":"Concurso Suframa: Alckmin recebe demanda por novo edital"},"content":{"rendered":"\n<p>A <strong>Superintend\u00eancia da Zona Franca de Manaus (Suframa)<\/strong> apresentou ao vice-presidente e ministro do Desenvolvimento, Ind\u00fastria, Com\u00e9rcio e Servi\u00e7os, <strong>Geraldo Alckmin<\/strong>, um <strong>balan\u00e7o de dois anos de gest\u00e3o<\/strong>, destacando a necessidade de realiza\u00e7\u00e3o de<strong> concurso p\u00fablico<\/strong>.<\/p>\n\n\n\n<p>O of\u00edcio com a solicita\u00e7\u00e3o foi entregue durante a <a href=\"https:\/\/portalflagrante.com.br\/polo-industrial\/suframa-e-recebida-por-vice-presidente-e-apresenta-balanco-de-dois-anos-com-indicacao-de-concurso-publico-na-autarquia\/\" target=\"_blank\" rel=\"noreferrer noopener\">reuni\u00e3o<\/a>, visando encaminhar o processo ao Minist\u00e9rio da Gest\u00e3o e da Inova\u00e7\u00e3o em Servi\u00e7os P\u00fablicos (MGI).<\/p>\n\n\n\n<p>Vale lembrar que o \u00faltimo pedido de <strong>concurso Suframa foi feito em 2024, solicitando 200 vagas<\/strong>.<\/p>\n\n\n\n<p>O of\u00edcio que confirmou a solicita\u00e7\u00e3o de vagas foi assinado pelo superintendente Jo\u00e3o Bosco Gomes Saraiva e encaminhado ao Minist\u00e9rio do Desenvolvimento, Ind\u00fastria, Com\u00e9rcio e Servi\u00e7os. Confira abaixo:<\/p>\n\n\n\n<figure class=\"wp-block-image aligncenter size-full is-resized\"><img loading=\"lazy\" decoding=\"async\" width=\"974\" height=\"583\" src=\"https:\/\/dhg1h5j42swfq.cloudfront.net\/2024\/04\/16163221\/image-337.png\" alt=\"Concurso Suframa: solicitado edital com 200 vagas!\" class=\"wp-image-1385205\" style=\"width:718px;height:auto\" srcset=\"https:\/\/dhg1h5j42swfq.cloudfront.net\/2024\/04\/16163221\/image-337.png 974w, https:\/\/dhg1h5j42swfq.cloudfront.net\/2024\/04\/16163221\/image-337-300x180.png 300w, https:\/\/dhg1h5j42swfq.cloudfront.net\/2024\/04\/16163221\/image-337-768x460.png 768w, https:\/\/dhg1h5j42swfq.cloudfront.net\/2024\/04\/16163221\/image-337-610x365.png 610w, https:\/\/dhg1h5j42swfq.cloudfront.net\/2024\/04\/16163221\/image-337-150x90.png 150w\" sizes=\"auto, (max-width: 974px) 100vw, 974px\" \/><\/figure>\n\n\n\n<ul style=\"background-color:#e7e9eb\" class=\"wp-block-list has-background\">\n<li><strong>Superintend\u00eancia da Zona Franca de Manaus <\/strong><\/li>\n\n\n\n<li><strong style=\"color: initial;\">Status:<\/strong><span style=\"color: initial;\">&nbsp;<\/span>solicitado<\/li>\n\n\n\n<li><strong>Banca:&nbsp;<\/strong>a definir<\/li>\n\n\n\n<li><strong>Vagas:&nbsp;<\/strong>200 previstas<\/li>\n\n\n\n<li><strong>Sal\u00e1rio inicial:<\/strong> R$ 5.166,95 a R$ 10.346,14<\/li>\n\n\n\n<li><strong>\u00daltimo edital:<\/strong> <a href=\"https:\/\/dhg1h5j42swfq.cloudfront.net\/2023\/04\/26111136\/edital-suframa_01_de_abertura_2013.pdf\" target=\"_blank\" rel=\"noreferrer noopener nofollow\">Suframa 2013<\/a><\/li>\n<\/ul>\n\n\n\n<p>Confira neste artigo os principais detalhes sobre o concurso Suframa. Acompanhe os t\u00f3picos abaixo e n\u00e3o perca nenhum detalhe:<\/p>\n\n\n\n<ul id=\"indice\" class=\"wp-block-list\">\n<li><a href=\"#situacao\"><strong>Situa\u00e7\u00e3o atual<\/strong><\/a>\n<ul class=\"wp-block-list\">\n<li><a href=\"#solicitacao\">Solicita\u00e7\u00e3o de concurso<\/a> (2024)<\/li>\n<\/ul>\n<\/li>\n\n\n\n<li><a href=\"#carreira\"><strong>Carreira<\/strong><\/a>\n<ul class=\"wp-block-list\">\n<li><a href=\"#remuneracao\">Remunera\u00e7\u00e3o<\/a><\/li>\n\n\n\n<li><a href=\"#requisitos\">Requisitos<\/a><\/li>\n<\/ul>\n<\/li>\n\n\n\n<li><a href=\"#sobre\"><strong>Sobre<\/strong><\/a><\/li>\n\n\n\n<li><a href=\"#ultimo-concurso\"><strong>\u00daltimo concurso<\/strong><\/a>\n<ul class=\"wp-block-list\">\n<li><a href=\"#objetiva\">Prova objetiva<\/a><\/li>\n<\/ul>\n<\/li>\n\n\n\n<li><a href=\"#cursos\"><strong>Cursos e assinaturas<\/strong><\/a><\/li>\n\n\n\n<li><a href=\"#ficha\"><strong>Ficha t\u00e9cnica<\/strong><\/a><\/li>\n<\/ul>\n\n\n\n<div class=\"container\" id=\"boxes\">\n  <div class=\"row\">\n\n    <div class=\"col-sm\">\n      <div class=\"banner-estrat-corj\" id=\"box-assinatura\">\n        <h3 class=\"titulo-assinatura\" style=\"text-align: left;\">Cursos para Concursos<\/h3>\n        <p class=\"subtitulo-assinatura\" style=\"text-align: left;\">Conhe\u00e7a os cursos<\/p>\n        <div class=\"box-botao\" style=\"text-align: left;\">\n          <a class=\"btn-assinatura\" target=\"_blank\" href=\"https:\/\/www.estrategiaconcursos.com.br\/pesquisa\/?q=suframa\" role=\"button\" rel=\"noopener noreferrer\">CLIQUE AQUI<\/a>\n        <\/div>\n      <\/div><\/div><\/div><\/div>\n\n\n\n<h2 class=\"wp-block-heading\" id=\"situacao\">Concurso Suframa: situa\u00e7\u00e3o atual <\/h2>\n\n\n\n<h3 class=\"wp-block-heading\" id=\"solicitacao\">Solicita\u00e7\u00e3o de concurso<\/h3>\n\n\n\n<p>Conforme mencionado no in\u00edcio do artigo, um <strong>pedido para realiza\u00e7\u00e3o de concurso p\u00fablico <\/strong>da Suframa foi realizado em 2024.<\/p>\n\n\n\n<p>O <a href=\"https:\/\/dhg1h5j42swfq.cloudfront.net\/2023\/10\/04112626\/oficio_no_98_2023__do_deputado_sidney_leite___4618963_.pdf\" target=\"_blank\" rel=\"noreferrer noopener nofollow\"><strong>of\u00edcio<\/strong><\/a>, enviado pelo deputado Sidney Leite \u00e0 Casa Civil solicitava <strong>200 vagas<\/strong> para preenchimento dos seguintes cargos de n\u00edvel superior:<\/p>\n\n\n\n<figure class=\"wp-block-table is-style-stripes\"><table><thead><tr><th class=\"has-text-align-center\" data-align=\"center\">Cargos<\/th><th class=\"has-text-align-center\" data-align=\"center\">Vagas solicitadas<\/th><\/tr><\/thead><tbody><tr><td class=\"has-text-align-center\" data-align=\"center\">Administrador<\/td><td class=\"has-text-align-center\" data-align=\"center\">10<\/td><\/tr><tr><td class=\"has-text-align-center\" data-align=\"center\">Assistente Social<\/td><td class=\"has-text-align-center\" data-align=\"center\">01<\/td><\/tr><tr><td class=\"has-text-align-center\" data-align=\"center\">Auditor<\/td><td class=\"has-text-align-center\" data-align=\"center\">01<\/td><\/tr><tr><td class=\"has-text-align-center\" data-align=\"center\">Contador<\/td><td class=\"has-text-align-center\" data-align=\"center\">10<\/td><\/tr><tr><td class=\"has-text-align-center\" data-align=\"center\">Economista<\/td><td class=\"has-text-align-center\" data-align=\"center\">21<\/td><\/tr><tr><td class=\"has-text-align-center\" data-align=\"center\">M\u00e9dico<\/td><td class=\"has-text-align-center\" data-align=\"center\">01<\/td><\/tr><tr><td class=\"has-text-align-center\" data-align=\"center\">Psic\u00f3logo<\/td><td class=\"has-text-align-center\" data-align=\"center\">01<\/td><\/tr><tr><td class=\"has-text-align-center\" data-align=\"center\">Analista T\u00e9cnic-Administrativo<\/td><td class=\"has-text-align-center\" data-align=\"center\">139<\/td><\/tr><tr><td class=\"has-text-align-center\" data-align=\"center\">Analista em Tecnologia da Infomra\u00e7\u00e3o<\/td><td class=\"has-text-align-center\" data-align=\"center\">15<\/td><\/tr><tr><td class=\"has-text-align-center\" data-align=\"center\">Arquivista<\/td><td class=\"has-text-align-center\" data-align=\"center\">01<\/td><\/tr><\/tbody><\/table><figcaption class=\"wp-element-caption\">Vagas solicitadas<\/figcaption><\/figure>\n\n\n\n<p>Segundo consta no documento, a Suframa tem enfrentado desafios significativos para garantir a continuidade dos servi\u00e7os p\u00fablicos essenciais que prestam \u00e0 regi\u00e3o, e o preenchimento dessas vagas efetivas \u00e9 crucial para manter a efici\u00eancia e efic\u00e1cia desses servi\u00e7os.<\/p>\n\n\n\n<p>Al\u00e9m disso, a previs\u00e3o \u00e9 que at\u00e9 2027, cerca de 85 servidores estejam em condi\u00e7\u00f5es de se aposentar.<\/p>\n\n\n\n<h2 class=\"wp-block-heading\" id=\"carreira\">Carreira na Suframa<\/h2>\n\n\n\n<h3 class=\"wp-block-heading\" id=\"remuneracao\">Remunera\u00e7\u00e3o<\/h3>\n\n\n\n<ul class=\"wp-block-list\">\n<li><strong>Analista T\u00e9cnico-Administrativo e cargos de n\u00edvel superior<\/strong>\n<ul class=\"wp-block-list\">\n<li>Inicial: R$ 10.346,14<\/li>\n\n\n\n<li>Final: <strong>R$ 18.583,74<\/strong><\/li>\n<\/ul>\n<\/li>\n<\/ul>\n\n\n\n<ul class=\"wp-block-list\">\n<li><strong>Cargos de n\u00edvel m\u00e9dio<\/strong>\n<ul class=\"wp-block-list\">\n<li>Inicial: R$ 5.166,95<\/li>\n\n\n\n<li>Final: <strong>R$ 7.607,97<\/strong><\/li>\n<\/ul>\n<\/li>\n<\/ul>\n\n\n\n<h3 class=\"wp-block-heading\" id=\"requisitos\">Requisitos dos cargos<\/h3>\n\n\n\n<p><strong>Administrador: <\/strong>n\u00edvel superior e administra\u00e7\u00e3o e registro no \u00f3rg\u00e3o de classe.<\/p>\n\n\n\n<p><strong>Analista de Sistemas: <\/strong>n\u00edvel superior na \u00e1rea de inform\u00e1tica.<\/p>\n\n\n\n<p><strong>Analista T\u00e9cnico-Administrativo &#8211; Geral:<\/strong> n\u00edvel superior em qualquer \u00e1rea de forma\u00e7\u00e3o e registro no \u00f3rg\u00e3o de classe.<\/p>\n\n\n\n<p><strong>Analista T\u00e9cnico-Administrativo &#8211; Demais \u00e1reas: <\/strong>n\u00edvel superior em \u00e1rea espec\u00edficas (conforme edital) e registro no \u00f3rg\u00e3o de classe.<\/p>\n\n\n\n<p><strong>Bibliotec\u00e1rio:<\/strong> n\u00edvel superior em Biblioteconomia e registro no \u00f3rg\u00e3o de classe.<\/p>\n\n\n\n<p><strong>Assistente Social: <\/strong>n\u00edvel superior em Servi\u00e7o Social e registro no \u00f3rg\u00e3o de classe.<\/p>\n\n\n\n<p><strong>Contador: <\/strong>n\u00edvel superior em Ci\u00eancias Cont\u00e1beis e registro no \u00f3rg\u00e3o de classe.<\/p>\n\n\n\n<p><strong>Economista: <\/strong>n\u00edvel superior em Economia e registro no \u00f3rg\u00e3o de classe.<\/p>\n\n\n\n<p><strong>Engenheiro: <\/strong>n\u00edvel superior em \u00e1rea espec\u00edficas (conforme edital) e registro no \u00f3rg\u00e3o de classe.<\/p>\n\n\n\n<p><strong>Agente Administrativo: <\/strong>n\u00edvel m\u00e9dio ou curso t\u00e9cnico equivalente.<\/p>\n\n\n\n<p><strong>T\u00e9cnico em Contabilidade: <\/strong>curso t\u00e9cnico em contabilidade.<\/p>\n\n\n\n<h2 class=\"wp-block-heading\" id=\"sobre\">Sobre a Suframa<\/h2>\n\n\n\n<p>S\u00e3o atribui\u00e7\u00f5es da Suframa:&nbsp;<\/p>\n\n\n\n<ul class=\"wp-block-list\">\n<li>Elaborar o Plano Diretor Plurienal da Zona Franca e coordenar ou promover a sua execu\u00e7\u00e3o, diretamente ou mediante conv\u00eanio com \u00f3rg\u00e3os ou entidades p\u00fablicas inclusive sociedades de economia mista, ou atrav\u00e9s de contrato com pessoas ou entidades privadas;<\/li>\n\n\n\n<li>Revisar, uma vez por ano, o Plano Diretor e avaliar, os resultados de sua execu\u00e7\u00e3o;<\/li>\n\n\n\n<li>Promover a elabora\u00e7\u00e3o e a execu\u00e7\u00e3o dos programas e projetos de interesse para o desenvolvimento da Zona Franca;<\/li>\n\n\n\n<li>Prestar assist\u00eancia t\u00e9cnica a entidades p\u00fablicas ou privadas, na elabora\u00e7\u00e3o ou execu\u00e7\u00e3o de programas de interesse para o desenvolvimento da Zona Franca;<\/li>\n\n\n\n<li>Manter constante articula\u00e7\u00e3o com a Superintend\u00eancia do Desenvolvimento da Amaz\u00f4nia (SUDAM), com o Governo do Estado do Amazonas e autoridades dos munic\u00edpios em que se encontra localizada a Zona Franca;<\/li>\n\n\n\n<li>Sugerir \u00e0 SUDAM e a outras entidades governamentais, estaduais ou municipais, provid\u00eancias julgadas necess\u00e1rias ao desenvolvimento da Zona Franca;<\/li>\n\n\n\n<li>Promover e divulgar pesquisas, estudos e an\u00e1lises, visando ao reconhecimento sistem\u00e1tico das potencialidades econ\u00f4micas da Zona Franca;<\/li>\n\n\n\n<li>Praticar todos os demais atos necess\u00e1rias as suas fun\u00e7\u00f5es de \u00f3rg\u00e3o de planejamento, promo\u00e7\u00e3o, coordena\u00e7\u00e3o e administra\u00e7\u00e3o da Zona Franca.<\/li>\n<\/ul>\n\n\n\n<h2 class=\"wp-block-heading\" id=\"ultimo-concurso\">Concurso Suframa: ultimo edital<\/h2>\n\n\n\n<p>O \u00faltimo edital do concurso da Superintend\u00eancia da Zona Franca de Manaus foi lan\u00e7ado em <strong>2013<\/strong>, sob organiza\u00e7\u00e3o do Cespe. <\/p>\n\n\n\n<p>Na \u00e9poca foram ofertadas<strong> 241 vagas <\/strong>imediatas, sendo 37 para cargos de n\u00edvel m\u00e9dio e 204 para cargos de n\u00edvel superior de forma\u00e7\u00e3o. Foram registrados, no total <a href=\"https:\/\/dhg1h5j42swfq.cloudfront.net\/2023\/04\/26111325\/demanda_suframa_13.pdf\" target=\"_blank\" rel=\"noreferrer noopener nofollow\">29.439 inscritos<\/a>.<\/p>\n\n\n\n<p> Os cargos ofertados foram:<\/p>\n\n\n\n<ul class=\"wp-block-list\">\n<li>Administrador &#8211; 5 vagas;<\/li>\n\n\n\n<li>Analista de Sistemas &#8211; 1 vaga;<\/li>\n\n\n\n<li>Analista T\u00e9cnico Administrativo &#8211; 89 vagas;<\/li>\n\n\n\n<li>Assistente Social &#8211; 1 vaga;<\/li>\n\n\n\n<li>Bibliotec\u00e1rio &#8211; 1 vaga;<\/li>\n\n\n\n<li>Contador &#8211; 4 vagas;<\/li>\n\n\n\n<li>Economista &#8211; 45 vagas;<\/li>\n\n\n\n<li>Engenheiro (v\u00e1rias especialidades) &#8211; 58 vagas;<\/li>\n\n\n\n<li>Agente Administrativo &#8211; 33 vagas;<\/li>\n\n\n\n<li>T\u00e9cnico em Contabilidade &#8211; 4 vagas.<\/li>\n<\/ul>\n\n\n\n<h3 class=\"wp-block-heading\" id=\"objetiva\">Prova objetiva<\/h3>\n\n\n\n<p>A avalia\u00e7\u00e3o dos candidatos foi realizada atrav\u00e9s de duas provas objetivas, de car\u00e1ter eliminat\u00f3rio e classificat\u00f3rio, com 120 quest\u00f5es do tipo &#8220;CERTO ou ERRADO&#8221;. A dura\u00e7\u00e3o foi de 3 horas e 30 minutos.<\/p>\n\n\n\n<ul class=\"wp-block-list\">\n<li><strong>Conhecimentos b\u00e1sicos (50 quest\u00f5es)<\/strong>:\n<ul class=\"wp-block-list\">\n<li>L\u00edngua portuguesa;<\/li>\n\n\n\n<li>Racioc\u00ednio l\u00f3gico;<\/li>\n\n\n\n<li>\u00c9tica no servi\u00e7o p\u00fablico;<\/li>\n\n\n\n<li>No\u00e7\u00f5es de inform\u00e1tica (apenas para n\u00edvel m\u00e9dio);<\/li>\n\n\n\n<li>No\u00e7\u00f5es de direito constitucional (apenas para n\u00edvel superior);<\/li>\n\n\n\n<li>No\u00e7\u00f5es de direito administrativo (apenas para n\u00edvel superior).<\/li>\n<\/ul>\n<\/li>\n\n\n\n<li><strong>Conhecimentos espec\u00edficos (70 quest\u00f5es)<\/strong><\/li>\n<\/ul>\n\n\n\n<p>Foi considerado reprovado o candidato que se enquadrasse em pelo menos um dos itens a seguir:<\/p>\n\n\n\n<ul class=\"wp-block-list\">\n<li>nota inferior a 10,00 pontos na prova objetiva de conhecimentos b\u00e1sicos P1;<\/li>\n\n\n\n<li>nota inferior a 21,00 pontos na prova objetiva de conhecimentos espec\u00edficos P2;<\/li>\n\n\n\n<li>nota inferior a 36,00 pontos no conjunto das provas objetivas.<\/li>\n<\/ul>\n\n\n\n<hr class=\"wp-block-separator has-alpha-channel-opacity\"\/>\n\n\n\n<h2 class=\"wp-block-heading has-text-align-center\" id=\"cursos\">Quer estudar para o concurso Suframa?<\/h2>\n\n\n\n<div class=\"container\" id=\"boxes\">\n  <div class=\"row\">\n\n    <div class=\"col-sm\">\n      <div class=\"banner-estrat-corj\" id=\"box-assinatura\">\n        <h3 class=\"titulo-assinatura\" style=\"text-align: left;\">Cursos para Concursos<\/h3>\n        <p class=\"subtitulo-assinatura\" style=\"text-align: left;\">Conhe\u00e7a os cursos<\/p>\n        <div class=\"box-botao\" style=\"text-align: left;\">\n          <a class=\"btn-assinatura\" target=\"_blank\" href=\"https:\/\/www.estrategiaconcursos.com.br\/pesquisa\/?q=suframa\" role=\"button\" rel=\"noopener noreferrer\">CLIQUE AQUI<\/a>\n        <\/div>\n      <\/div><\/div><\/div><\/div>\n\n\n\n<div class=\"container\" id=\"boxes\">\n  <div class=\"row\">\n\n    <div class=\"col-sm\">\n      <div class=\"estrategia\" id=\"box-assinatura\">\n        <h3 class=\"titulo-assinatura\">Assinatura Concursos<\/h3>\n        <p class=\"subtitulo-assinatura\">Assinatura de 1 ano ou 2 anos<\/p>\n        <div class=\"box-botao\">\n          <a class=\"btn-assinatura\" target=\"_blank\" href=\"https:\/\/www.estrategiaconcursos.com.br\/assinaturas\/\" role=\"button\" rel=\"noopener noreferrer\">ASSINE AGORA<\/a>\n        <\/div>\n      <\/div><\/div><\/div><\/div>\n\n\n\n<h2 class=\"wp-block-heading has-text-align-center\" id=\"h-quer-saber-tudo-sobre-concursos-previstos-confira-nossos-artigos\">Quer saber tudo sobre concursos previstos?<br \/>Confira nossos artigos!<\/h2>\n\n\n\n<ul class=\"wp-block-list\">\n<li><a href=\"https:\/\/www.estrategiaconcursos.com.br\/blog\/concursos-abertos\/\" target=\"_blank\" rel=\"noreferrer noopener\">Concursos abertos<\/a><\/li>\n\n\n\n<li><a href=\"https:\/\/www.estrategiaconcursos.com.br\/blog\/concurso-administrativos\/\">Concursos administrativos<\/a><\/li>\n\n\n\n<li><a href=\"https:\/\/www.estrategiaconcursos.com.br\/blog\/concursos-2025\/\" target=\"_blank\" rel=\"noreferrer noopener\">Concursos 2025<\/a><\/li>\n\n\n\n<li><a href=\"https:\/\/www.estrategiaconcursos.com.br\/blog\/concursos-2026\/\" target=\"_blank\" rel=\"noreferrer noopener\">Concursos 2026<\/a><\/li>\n<\/ul>\n\n\n\n<figure class=\"wp-block-image size-large is-resized\"><img loading=\"lazy\" decoding=\"async\" width=\"1024\" height=\"632\" src=\"https:\/\/dhg1h5j42swfq.cloudfront.net\/2021\/04\/06153947\/ficha-tecnica-1-1024x632-1.png\" alt=\"Informa\u00e7\u00f5es do pr\u00f3ximo concurso Suframa\" class=\"wp-image-708668\" style=\"width:249px;height:154px\" srcset=\"https:\/\/dhg1h5j42swfq.cloudfront.net\/2021\/04\/06153947\/ficha-tecnica-1-1024x632-1.png 1024w, https:\/\/dhg1h5j42swfq.cloudfront.net\/2021\/04\/06153947\/ficha-tecnica-1-1024x632-1-300x185.png 300w, https:\/\/dhg1h5j42swfq.cloudfront.net\/2021\/04\/06153947\/ficha-tecnica-1-1024x632-1-768x474.png 768w, https:\/\/dhg1h5j42swfq.cloudfront.net\/2021\/04\/06153947\/ficha-tecnica-1-1024x632-1-610x376.png 610w\" sizes=\"auto, (max-width: 1024px) 100vw, 1024px\" \/><\/figure>\n\n\n\n<h3 class=\"wp-block-heading\" id=\"ficha\">Informa\u00e7\u00f5es do pr\u00f3ximo concurso Suframa<\/h3>\n\n\n\n<ul class=\"wp-block-list\">\n<li><strong>Data prevista<\/strong>: 2025\/2026<\/li>\n\n\n\n<li><strong>Vagas<\/strong>: 200 solicitadas<\/li>\n\n\n\n<li><strong>Cargos<\/strong>: v\u00e1rios<\/li>\n\n\n\n<li><strong>Banca<\/strong>: a definir<\/li>\n\n\n\n<li><strong>Escolaridade<\/strong>: N\u00edvel superior<\/li>\n\n\n\n<li><strong>\u00daltimo edital:<\/strong> <a href=\"https:\/\/dhg1h5j42swfq.cloudfront.net\/2023\/04\/26111136\/edital-suframa_01_de_abertura_2013.pdf\" target=\"_blank\" rel=\"noreferrer noopener nofollow\">Suframa 2013<\/a><\/li>\n<\/ul>\n","protected":false},"excerpt":{"rendered":"<p>A Superintend\u00eancia da Zona Franca de Manaus (Suframa) apresentou ao vice-presidente e ministro do Desenvolvimento, Ind\u00fastria, Com\u00e9rcio e Servi\u00e7os, Geraldo Alckmin, um balan\u00e7o de dois anos de gest\u00e3o, destacando a necessidade de realiza\u00e7\u00e3o de concurso p\u00fablico. O of\u00edcio com a solicita\u00e7\u00e3o foi entregue durante a reuni\u00e3o, visando encaminhar o processo ao Minist\u00e9rio da Gest\u00e3o e [&hellip;]<\/p>\n","protected":false},"author":1,"featured_media":1215420,"comment_status":"open","ping_status":"closed","sticky":false,"template":"","format":"standard","meta":{"post_tipo":"news_page","footnotes":""},"categories":[214992],"tags":[],"tax_estado":[219966],"class_list":["post-1206987","post","type-post","status-publish","format-standard","has-post-thumbnail","hentry","category-concursos-administrativos","tax_estado-am"],"acf":[],"yoast_head":"<!-- This site is optimized with the Yoast SEO Premium plugin v27.2 (Yoast SEO v27.2) - https:\/\/yoast.com\/product\/yoast-seo-premium-wordpress\/ -->\n<title>Concurso Suframa: Alckmin recebe demanda por novo edital<\/title>\n<meta name=\"description\" content=\"Saiba tudo sobre o poss\u00edvel novo concurso Suframa, incluindo a solicita\u00e7\u00e3o de vagas e o balan\u00e7o de dois anos de gest\u00e3o.\" \/>\n<meta name=\"robots\" content=\"index, follow, max-snippet:-1, max-image-preview:large, max-video-preview:-1\" \/>\n<link rel=\"canonical\" href=\"https:\/\/www.estrategiaconcursos.com.br\/blog\/concurso-suframa\/\" \/>\n<meta property=\"og:locale\" content=\"pt_BR\" \/>\n<meta property=\"og:type\" content=\"article\" \/>\n<meta property=\"og:title\" content=\"Concurso Suframa: Alckmin recebe demanda por novo edital\" \/>\n<meta property=\"og:description\" content=\"Saiba tudo sobre o poss\u00edvel novo concurso Suframa, incluindo a solicita\u00e7\u00e3o de vagas e o balan\u00e7o de dois anos de gest\u00e3o.\" \/>\n<meta property=\"og:url\" content=\"https:\/\/www.estrategiaconcursos.com.br\/blog\/concurso-suframa\/\" \/>\n<meta property=\"og:site_name\" content=\"Estrat\u00e9gia Concursos\" \/>\n<meta property=\"article:author\" content=\"https:\/\/www.facebook.com\/EstrategiaConcursos\" \/>\n<meta property=\"article:published_time\" content=\"2025-06-04T08:48:00+00:00\" \/>\n<meta property=\"article:modified_time\" content=\"2025-06-04T18:37:09+00:00\" \/>\n<meta property=\"og:image\" content=\"https:\/\/dhg1h5j42swfq.cloudfront.net\/2023\/05\/12143223\/suframa.jpg\" \/>\n\t<meta property=\"og:image:width\" content=\"768\" \/>\n\t<meta property=\"og:image:height\" content=\"432\" \/>\n\t<meta property=\"og:image:type\" content=\"image\/jpeg\" \/>\n<meta name=\"author\" content=\"Coordena\u00e7\u00e3o\" \/>\n<meta name=\"twitter:card\" content=\"summary_large_image\" \/>\n<meta name=\"twitter:creator\" content=\"@EstratConcursos\" \/>\n<meta name=\"twitter:site\" content=\"@EstratConcursos\" \/>\n<meta name=\"twitter:label1\" content=\"Escrito por\" \/>\n\t<meta name=\"twitter:data1\" content=\"Coordena\u00e7\u00e3o\" \/>\n\t<meta name=\"twitter:label2\" content=\"Est. tempo de leitura\" \/>\n\t<meta name=\"twitter:data2\" content=\"5 minutos\" \/>\n<script type=\"application\/ld+json\" class=\"yoast-schema-graph\">{\"@context\":\"https:\/\/schema.org\",\"@graph\":[{\"@type\":\"NewsArticle\",\"@id\":\"https:\/\/www.estrategiaconcursos.com.br\/blog\/concurso-suframa\/#article\",\"isPartOf\":{\"@id\":\"https:\/\/www.estrategiaconcursos.com.br\/blog\/concurso-suframa\/\"},\"author\":{\"name\":\"Coordena\u00e7\u00e3o\",\"@id\":\"https:\/\/www.estrategiaconcursos.com.br\/blog\/#\/schema\/person\/b4a388c97673c5f483d72185668afa1f\"},\"headline\":\"Concurso Suframa: Alckmin recebe demanda por novo edital\",\"datePublished\":\"2025-06-04T08:48:00+00:00\",\"dateModified\":\"2025-06-04T18:37:09+00:00\",\"mainEntityOfPage\":{\"@id\":\"https:\/\/www.estrategiaconcursos.com.br\/blog\/concurso-suframa\/\"},\"wordCount\":1067,\"commentCount\":0,\"publisher\":{\"@id\":\"https:\/\/www.estrategiaconcursos.com.br\/blog\/#organization\"},\"image\":{\"@id\":\"https:\/\/www.estrategiaconcursos.com.br\/blog\/concurso-suframa\/#primaryimage\"},\"thumbnailUrl\":\"https:\/\/dhg1h5j42swfq.cloudfront.net\/2023\/05\/12143223\/suframa.jpg\",\"articleSection\":[\"Executivo (Administrativa)\"],\"inLanguage\":\"pt-BR\",\"potentialAction\":[{\"@type\":\"CommentAction\",\"name\":\"Comment\",\"target\":[\"https:\/\/www.estrategiaconcursos.com.br\/blog\/concurso-suframa\/#respond\"]}],\"copyrightYear\":\"2025\",\"copyrightHolder\":{\"@id\":\"https:\/\/www.estrategiaconcursos.com.br\/blog\/#organization\"}},{\"@type\":\"WebPage\",\"@id\":\"https:\/\/www.estrategiaconcursos.com.br\/blog\/concurso-suframa\/\",\"url\":\"https:\/\/www.estrategiaconcursos.com.br\/blog\/concurso-suframa\/\",\"name\":\"Concurso Suframa: Alckmin recebe demanda por novo edital\",\"isPartOf\":{\"@id\":\"https:\/\/www.estrategiaconcursos.com.br\/blog\/#website\"},\"primaryImageOfPage\":{\"@id\":\"https:\/\/www.estrategiaconcursos.com.br\/blog\/concurso-suframa\/#primaryimage\"},\"image\":{\"@id\":\"https:\/\/www.estrategiaconcursos.com.br\/blog\/concurso-suframa\/#primaryimage\"},\"thumbnailUrl\":\"https:\/\/dhg1h5j42swfq.cloudfront.net\/2023\/05\/12143223\/suframa.jpg\",\"datePublished\":\"2025-06-04T08:48:00+00:00\",\"dateModified\":\"2025-06-04T18:37:09+00:00\",\"description\":\"Saiba tudo sobre o poss\u00edvel novo concurso Suframa, incluindo a solicita\u00e7\u00e3o de vagas e o balan\u00e7o de dois anos de gest\u00e3o.\",\"breadcrumb\":{\"@id\":\"https:\/\/www.estrategiaconcursos.com.br\/blog\/concurso-suframa\/#breadcrumb\"},\"inLanguage\":\"pt-BR\",\"potentialAction\":[{\"@type\":\"ReadAction\",\"target\":[\"https:\/\/www.estrategiaconcursos.com.br\/blog\/concurso-suframa\/\"]}]},{\"@type\":\"ImageObject\",\"inLanguage\":\"pt-BR\",\"@id\":\"https:\/\/www.estrategiaconcursos.com.br\/blog\/concurso-suframa\/#primaryimage\",\"url\":\"https:\/\/dhg1h5j42swfq.cloudfront.net\/2023\/05\/12143223\/suframa.jpg\",\"contentUrl\":\"https:\/\/dhg1h5j42swfq.cloudfront.net\/2023\/05\/12143223\/suframa.jpg\",\"width\":768,\"height\":432,\"caption\":\"Concurso Suframa\"},{\"@type\":\"BreadcrumbList\",\"@id\":\"https:\/\/www.estrategiaconcursos.com.br\/blog\/concurso-suframa\/#breadcrumb\",\"itemListElement\":[{\"@type\":\"ListItem\",\"position\":1,\"name\":\"In\u00edcio\",\"item\":\"https:\/\/www.estrategiaconcursos.com.br\/blog\/\"},{\"@type\":\"ListItem\",\"position\":2,\"name\":\"Concurso Suframa: Alckmin recebe demanda por novo edital\"}]},{\"@type\":\"WebSite\",\"@id\":\"https:\/\/www.estrategiaconcursos.com.br\/blog\/#website\",\"url\":\"https:\/\/www.estrategiaconcursos.com.br\/blog\/\",\"name\":\"Estrat\u00e9gia Concursos\",\"description\":\"O blog da Estrat\u00e9gia Concursos traz not\u00edcias sobre concursos e artigos de professores oferecendo cursos para concursos (pdf + videaulas) no site.\",\"publisher\":{\"@id\":\"https:\/\/www.estrategiaconcursos.com.br\/blog\/#organization\"},\"potentialAction\":[{\"@type\":\"SearchAction\",\"target\":{\"@type\":\"EntryPoint\",\"urlTemplate\":\"https:\/\/www.estrategiaconcursos.com.br\/blog\/?s={search_term_string}\"},\"query-input\":{\"@type\":\"PropertyValueSpecification\",\"valueRequired\":true,\"valueName\":\"search_term_string\"}}],\"inLanguage\":\"pt-BR\"},{\"@type\":\"Organization\",\"@id\":\"https:\/\/www.estrategiaconcursos.com.br\/blog\/#organization\",\"name\":\"Estrat\u00e9gia Concursos\",\"url\":\"https:\/\/www.estrategiaconcursos.com.br\/blog\/\",\"logo\":{\"@type\":\"ImageObject\",\"inLanguage\":\"pt-BR\",\"@id\":\"https:\/\/www.estrategiaconcursos.com.br\/blog\/#\/schema\/logo\/image\/\",\"url\":\"https:\/\/dhg1h5j42swfq.cloudfront.net\/2025\/06\/03203428\/logo_concursos-1.jpg\",\"contentUrl\":\"https:\/\/dhg1h5j42swfq.cloudfront.net\/2025\/06\/03203428\/logo_concursos-1.jpg\",\"width\":230,\"height\":60,\"caption\":\"Estrat\u00e9gia Concursos\"},\"image\":{\"@id\":\"https:\/\/www.estrategiaconcursos.com.br\/blog\/#\/schema\/logo\/image\/\"},\"sameAs\":[\"https:\/\/x.com\/EstratConcursos\"]},{\"@type\":\"Person\",\"@id\":\"https:\/\/www.estrategiaconcursos.com.br\/blog\/#\/schema\/person\/b4a388c97673c5f483d72185668afa1f\",\"name\":\"Coordena\u00e7\u00e3o\",\"image\":{\"@type\":\"ImageObject\",\"inLanguage\":\"pt-BR\",\"@id\":\"https:\/\/secure.gravatar.com\/avatar\/b720319e4c9a967eb58678d110f4fe35452fc5d5f97b202bac7b8acceb18c6ad?s=96&d=mm&r=g\",\"url\":\"https:\/\/secure.gravatar.com\/avatar\/b720319e4c9a967eb58678d110f4fe35452fc5d5f97b202bac7b8acceb18c6ad?s=96&d=mm&r=g\",\"contentUrl\":\"https:\/\/secure.gravatar.com\/avatar\/b720319e4c9a967eb58678d110f4fe35452fc5d5f97b202bac7b8acceb18c6ad?s=96&d=mm&r=g\",\"caption\":\"Coordena\u00e7\u00e3o\"},\"sameAs\":[\"https:\/\/www.facebook.com\/EstrategiaConcursos\",\"https:\/\/x.com\/EstratConcursos\"],\"url\":\"https:\/\/www.estrategiaconcursos.com.br\/blog\/author\/estrategia2013\/\"}]}<\/script>\n<!-- \/ Yoast SEO Premium plugin. -->","yoast_head_json":{"title":"Concurso Suframa: Alckmin recebe demanda por novo edital","description":"Saiba tudo sobre o poss\u00edvel novo concurso Suframa, incluindo a solicita\u00e7\u00e3o de vagas e o balan\u00e7o de dois anos de gest\u00e3o.","robots":{"index":"index","follow":"follow","max-snippet":"max-snippet:-1","max-image-preview":"max-image-preview:large","max-video-preview":"max-video-preview:-1"},"canonical":"https:\/\/www.estrategiaconcursos.com.br\/blog\/concurso-suframa\/","og_locale":"pt_BR","og_type":"article","og_title":"Concurso Suframa: Alckmin recebe demanda por novo edital","og_description":"Saiba tudo sobre o poss\u00edvel novo concurso Suframa, incluindo a solicita\u00e7\u00e3o de vagas e o balan\u00e7o de dois anos de gest\u00e3o.","og_url":"https:\/\/www.estrategiaconcursos.com.br\/blog\/concurso-suframa\/","og_site_name":"Estrat\u00e9gia Concursos","article_author":"https:\/\/www.facebook.com\/EstrategiaConcursos","article_published_time":"2025-06-04T08:48:00+00:00","article_modified_time":"2025-06-04T18:37:09+00:00","og_image":[{"width":768,"height":432,"url":"https:\/\/dhg1h5j42swfq.cloudfront.net\/2023\/05\/12143223\/suframa.jpg","type":"image\/jpeg"}],"author":"Coordena\u00e7\u00e3o","twitter_card":"summary_large_image","twitter_creator":"@EstratConcursos","twitter_site":"@EstratConcursos","twitter_misc":{"Escrito por":"Coordena\u00e7\u00e3o","Est. tempo de leitura":"5 minutos"},"schema":{"@context":"https:\/\/schema.org","@graph":[{"@type":"NewsArticle","@id":"https:\/\/www.estrategiaconcursos.com.br\/blog\/concurso-suframa\/#article","isPartOf":{"@id":"https:\/\/www.estrategiaconcursos.com.br\/blog\/concurso-suframa\/"},"author":{"name":"Coordena\u00e7\u00e3o","@id":"https:\/\/www.estrategiaconcursos.com.br\/blog\/#\/schema\/person\/b4a388c97673c5f483d72185668afa1f"},"headline":"Concurso Suframa: Alckmin recebe demanda por novo edital","datePublished":"2025-06-04T08:48:00+00:00","dateModified":"2025-06-04T18:37:09+00:00","mainEntityOfPage":{"@id":"https:\/\/www.estrategiaconcursos.com.br\/blog\/concurso-suframa\/"},"wordCount":1067,"commentCount":0,"publisher":{"@id":"https:\/\/www.estrategiaconcursos.com.br\/blog\/#organization"},"image":{"@id":"https:\/\/www.estrategiaconcursos.com.br\/blog\/concurso-suframa\/#primaryimage"},"thumbnailUrl":"https:\/\/dhg1h5j42swfq.cloudfront.net\/2023\/05\/12143223\/suframa.jpg","articleSection":["Executivo (Administrativa)"],"inLanguage":"pt-BR","potentialAction":[{"@type":"CommentAction","name":"Comment","target":["https:\/\/www.estrategiaconcursos.com.br\/blog\/concurso-suframa\/#respond"]}],"copyrightYear":"2025","copyrightHolder":{"@id":"https:\/\/www.estrategiaconcursos.com.br\/blog\/#organization"}},{"@type":"WebPage","@id":"https:\/\/www.estrategiaconcursos.com.br\/blog\/concurso-suframa\/","url":"https:\/\/www.estrategiaconcursos.com.br\/blog\/concurso-suframa\/","name":"Concurso Suframa: Alckmin recebe demanda por novo edital","isPartOf":{"@id":"https:\/\/www.estrategiaconcursos.com.br\/blog\/#website"},"primaryImageOfPage":{"@id":"https:\/\/www.estrategiaconcursos.com.br\/blog\/concurso-suframa\/#primaryimage"},"image":{"@id":"https:\/\/www.estrategiaconcursos.com.br\/blog\/concurso-suframa\/#primaryimage"},"thumbnailUrl":"https:\/\/dhg1h5j42swfq.cloudfront.net\/2023\/05\/12143223\/suframa.jpg","datePublished":"2025-06-04T08:48:00+00:00","dateModified":"2025-06-04T18:37:09+00:00","description":"Saiba tudo sobre o poss\u00edvel novo concurso Suframa, incluindo a solicita\u00e7\u00e3o de vagas e o balan\u00e7o de dois anos de gest\u00e3o.","breadcrumb":{"@id":"https:\/\/www.estrategiaconcursos.com.br\/blog\/concurso-suframa\/#breadcrumb"},"inLanguage":"pt-BR","potentialAction":[{"@type":"ReadAction","target":["https:\/\/www.estrategiaconcursos.com.br\/blog\/concurso-suframa\/"]}]},{"@type":"ImageObject","inLanguage":"pt-BR","@id":"https:\/\/www.estrategiaconcursos.com.br\/blog\/concurso-suframa\/#primaryimage","url":"https:\/\/dhg1h5j42swfq.cloudfront.net\/2023\/05\/12143223\/suframa.jpg","contentUrl":"https:\/\/dhg1h5j42swfq.cloudfront.net\/2023\/05\/12143223\/suframa.jpg","width":768,"height":432,"caption":"Concurso Suframa"},{"@type":"BreadcrumbList","@id":"https:\/\/www.estrategiaconcursos.com.br\/blog\/concurso-suframa\/#breadcrumb","itemListElement":[{"@type":"ListItem","position":1,"name":"In\u00edcio","item":"https:\/\/www.estrategiaconcursos.com.br\/blog\/"},{"@type":"ListItem","position":2,"name":"Concurso Suframa: Alckmin recebe demanda por novo edital"}]},{"@type":"WebSite","@id":"https:\/\/www.estrategiaconcursos.com.br\/blog\/#website","url":"https:\/\/www.estrategiaconcursos.com.br\/blog\/","name":"Estrat\u00e9gia Concursos","description":"O blog da Estrat\u00e9gia Concursos traz not\u00edcias sobre concursos e artigos de professores oferecendo cursos para concursos (pdf + videaulas) no site.","publisher":{"@id":"https:\/\/www.estrategiaconcursos.com.br\/blog\/#organization"},"potentialAction":[{"@type":"SearchAction","target":{"@type":"EntryPoint","urlTemplate":"https:\/\/www.estrategiaconcursos.com.br\/blog\/?s={search_term_string}"},"query-input":{"@type":"PropertyValueSpecification","valueRequired":true,"valueName":"search_term_string"}}],"inLanguage":"pt-BR"},{"@type":"Organization","@id":"https:\/\/www.estrategiaconcursos.com.br\/blog\/#organization","name":"Estrat\u00e9gia Concursos","url":"https:\/\/www.estrategiaconcursos.com.br\/blog\/","logo":{"@type":"ImageObject","inLanguage":"pt-BR","@id":"https:\/\/www.estrategiaconcursos.com.br\/blog\/#\/schema\/logo\/image\/","url":"https:\/\/dhg1h5j42swfq.cloudfront.net\/2025\/06\/03203428\/logo_concursos-1.jpg","contentUrl":"https:\/\/dhg1h5j42swfq.cloudfront.net\/2025\/06\/03203428\/logo_concursos-1.jpg","width":230,"height":60,"caption":"Estrat\u00e9gia Concursos"},"image":{"@id":"https:\/\/www.estrategiaconcursos.com.br\/blog\/#\/schema\/logo\/image\/"},"sameAs":["https:\/\/x.com\/EstratConcursos"]},{"@type":"Person","@id":"https:\/\/www.estrategiaconcursos.com.br\/blog\/#\/schema\/person\/b4a388c97673c5f483d72185668afa1f","name":"Coordena\u00e7\u00e3o","image":{"@type":"ImageObject","inLanguage":"pt-BR","@id":"https:\/\/secure.gravatar.com\/avatar\/b720319e4c9a967eb58678d110f4fe35452fc5d5f97b202bac7b8acceb18c6ad?s=96&d=mm&r=g","url":"https:\/\/secure.gravatar.com\/avatar\/b720319e4c9a967eb58678d110f4fe35452fc5d5f97b202bac7b8acceb18c6ad?s=96&d=mm&r=g","contentUrl":"https:\/\/secure.gravatar.com\/avatar\/b720319e4c9a967eb58678d110f4fe35452fc5d5f97b202bac7b8acceb18c6ad?s=96&d=mm&r=g","caption":"Coordena\u00e7\u00e3o"},"sameAs":["https:\/\/www.facebook.com\/EstrategiaConcursos","https:\/\/x.com\/EstratConcursos"],"url":"https:\/\/www.estrategiaconcursos.com.br\/blog\/author\/estrategia2013\/"}]}},"_links":{"self":[{"href":"https:\/\/www.estrategiaconcursos.com.br\/blog\/wp-json\/wp\/v2\/posts\/1206987","targetHints":{"allow":["GET"]}}],"collection":[{"href":"https:\/\/www.estrategiaconcursos.com.br\/blog\/wp-json\/wp\/v2\/posts"}],"about":[{"href":"https:\/\/www.estrategiaconcursos.com.br\/blog\/wp-json\/wp\/v2\/types\/post"}],"author":[{"embeddable":true,"href":"https:\/\/www.estrategiaconcursos.com.br\/blog\/wp-json\/wp\/v2\/users\/1"}],"replies":[{"embeddable":true,"href":"https:\/\/www.estrategiaconcursos.com.br\/blog\/wp-json\/wp\/v2\/comments?post=1206987"}],"version-history":[{"count":24,"href":"https:\/\/www.estrategiaconcursos.com.br\/blog\/wp-json\/wp\/v2\/posts\/1206987\/revisions"}],"predecessor-version":[{"id":1586148,"href":"https:\/\/www.estrategiaconcursos.com.br\/blog\/wp-json\/wp\/v2\/posts\/1206987\/revisions\/1586148"}],"wp:featuredmedia":[{"embeddable":true,"href":"https:\/\/www.estrategiaconcursos.com.br\/blog\/wp-json\/wp\/v2\/media\/1215420"}],"wp:attachment":[{"href":"https:\/\/www.estrategiaconcursos.com.br\/blog\/wp-json\/wp\/v2\/media?parent=1206987"}],"wp:term":[{"taxonomy":"category","embeddable":true,"href":"https:\/\/www.estrategiaconcursos.com.br\/blog\/wp-json\/wp\/v2\/categories?post=1206987"},{"taxonomy":"post_tag","embeddable":true,"href":"https:\/\/www.estrategiaconcursos.com.br\/blog\/wp-json\/wp\/v2\/tags?post=1206987"},{"taxonomy":"tax_estado","embeddable":true,"href":"https:\/\/www.estrategiaconcursos.com.br\/blog\/wp-json\/wp\/v2\/tax_estado?post=1206987"}],"curies":[{"name":"wp","href":"https:\/\/api.w.org\/{rel}","templated":true}]}}