{"id":120569,"date":"2018-05-12T07:30:03","date_gmt":"2018-05-12T10:30:03","guid":{"rendered":"https:\/\/www.estrategiaconcursos.com.br\/blog\/?p=120569"},"modified":"2018-05-13T09:54:11","modified_gmt":"2018-05-13T12:54:11","slug":"candidatos-juiz-questionam-classificacao-de-negros-aprovados-em-ampla-concorrencia","status":"publish","type":"post","link":"https:\/\/www.estrategiaconcursos.com.br\/blog\/candidatos-juiz-questionam-classificacao-de-negros-aprovados-em-ampla-concorrencia\/","title":{"rendered":"Candidatos a juiz questionam classifica\u00e7\u00e3o de negros aprovados em Ampla Concorr\u00eancia"},"content":{"rendered":"<p><span style=\"font-size: 18pt;\"><em><strong>Liminar pedia a transfer\u00eancia de candidato para a lista de cotas<\/strong><\/em><\/span><\/p>\n<p>Um grupo de candidatos aprovados no concurso para Juiz Substituto do Tribunal de Justi\u00e7a do Piau\u00ed entrou com um pedido de liminar no Conselho Nacional de Justi\u00e7a (CNJ) questionando a integra\u00e7\u00e3o do nome de candidatos negros na lista de aprovados em Ampla Concorr\u00eancia.<\/p>\n<p>Isso porque o resultado final publicado em novembro de 2017 pela Funda\u00e7\u00e3o Carlos Chagas, banca organizadora do certame, mostra que os tr\u00eas primeiros colocados da lista de candidatos negros figuravam entre as vagas imediatas da Ampla Concorr\u00eancia.<\/p>\n<p>Mesmo com nota para serem aprovados na lista geral de vagas, o grupo pedia que a nomea\u00e7\u00e3o dos candidatos negros seguisse apenas a lista de cotistas, de modo a liberar as vagas para os demais concorrentes, que n\u00e3o s\u00e3o cotistas.<\/p>\n<p>Seguindo a Resolu\u00e7\u00e3o CNJ 203\/2015, o CNJ julgou o caso nessa semana e indeferiu o pedido de liminar. Conforme a resolu\u00e7\u00e3o, candidatos negros aprovados na ampla concorr\u00eancia <em>&#8220;n\u00e3o ser\u00e3o computados para efeito de preenchimento das vagas reservadas a candidatos negros&#8221;<\/em>.<\/p>\n<p>O concurso do TJ PI foi realizado em 2015 e teve como banca a Funda\u00e7\u00e3o Carlos Chagas. Foram 24 vagas ofertadas, sendo duas reservadas aos candidatos com defici\u00eancia e cinco aos candidatos negros.<\/p>\n","protected":false},"excerpt":{"rendered":"<p>Liminar pedia a transfer\u00eancia de candidato para a lista de cotas Um grupo de candidatos aprovados no concurso para Juiz Substituto do Tribunal de Justi\u00e7a do Piau\u00ed entrou com um pedido de liminar no Conselho Nacional de Justi\u00e7a (CNJ) questionando a integra\u00e7\u00e3o do nome de candidatos negros na lista de aprovados em Ampla Concorr\u00eancia. Isso [&hellip;]<\/p>\n","protected":false},"author":1,"featured_media":0,"comment_status":"open","ping_status":"closed","sticky":false,"template":"","format":"standard","meta":{"post_tipo":"news","footnotes":""},"categories":[1],"tags":[],"tax_estado":[],"class_list":["post-120569","post","type-post","status-publish","format-standard","hentry","category-cursos-e-concursos"],"acf":[],"yoast_head":"<!-- This site is optimized with the Yoast SEO Premium plugin v27.2 (Yoast SEO v27.2) - https:\/\/yoast.com\/product\/yoast-seo-premium-wordpress\/ -->\n<title>Candidatos a juiz questionam classifica\u00e7\u00e3o de negros aprovados em Ampla Concorr\u00eancia<\/title>\n<meta name=\"robots\" content=\"index, follow, max-snippet:-1, max-image-preview:large, max-video-preview:-1\" \/>\n<link rel=\"canonical\" href=\"https:\/\/www.estrategiaconcursos.com.br\/blog\/candidatos-juiz-questionam-classificacao-de-negros-aprovados-em-ampla-concorrencia\/\" \/>\n<meta property=\"og:locale\" content=\"pt_BR\" \/>\n<meta property=\"og:type\" content=\"article\" \/>\n<meta property=\"og:title\" content=\"Candidatos a juiz questionam classifica\u00e7\u00e3o de negros aprovados em Ampla Concorr\u00eancia\" \/>\n<meta property=\"og:description\" content=\"Liminar pedia a transfer\u00eancia de candidato para a lista de cotas Um grupo de candidatos aprovados no concurso para Juiz Substituto do Tribunal de Justi\u00e7a do Piau\u00ed entrou com um pedido de liminar no Conselho Nacional de Justi\u00e7a (CNJ) questionando a integra\u00e7\u00e3o do nome de candidatos negros na lista de aprovados em Ampla Concorr\u00eancia. Isso [&hellip;]\" \/>\n<meta property=\"og:url\" content=\"https:\/\/www.estrategiaconcursos.com.br\/blog\/candidatos-juiz-questionam-classificacao-de-negros-aprovados-em-ampla-concorrencia\/\" \/>\n<meta property=\"og:site_name\" content=\"Estrat\u00e9gia Concursos\" \/>\n<meta property=\"article:author\" content=\"https:\/\/www.facebook.com\/EstrategiaConcursos\" \/>\n<meta property=\"article:published_time\" content=\"2018-05-12T10:30:03+00:00\" \/>\n<meta property=\"article:modified_time\" content=\"2018-05-13T12:54:11+00:00\" \/>\n<meta name=\"author\" content=\"Coordena\u00e7\u00e3o\" \/>\n<meta name=\"twitter:card\" content=\"summary_large_image\" \/>\n<meta name=\"twitter:creator\" content=\"@EstratConcursos\" \/>\n<meta name=\"twitter:site\" content=\"@EstratConcursos\" \/>\n<meta name=\"twitter:label1\" content=\"Escrito por\" \/>\n\t<meta name=\"twitter:data1\" content=\"Coordena\u00e7\u00e3o\" \/>\n\t<meta name=\"twitter:label2\" content=\"Est. tempo de leitura\" \/>\n\t<meta name=\"twitter:data2\" content=\"1 minuto\" \/>\n<script type=\"application\/ld+json\" class=\"yoast-schema-graph\">{\"@context\":\"https:\/\/schema.org\",\"@graph\":[{\"@type\":\"NewsArticle\",\"@id\":\"https:\/\/www.estrategiaconcursos.com.br\/blog\/candidatos-juiz-questionam-classificacao-de-negros-aprovados-em-ampla-concorrencia\/#article\",\"isPartOf\":{\"@id\":\"https:\/\/www.estrategiaconcursos.com.br\/blog\/candidatos-juiz-questionam-classificacao-de-negros-aprovados-em-ampla-concorrencia\/\"},\"author\":{\"name\":\"Coordena\u00e7\u00e3o\",\"@id\":\"https:\/\/www.estrategiaconcursos.com.br\/blog\/#\/schema\/person\/b4a388c97673c5f483d72185668afa1f\"},\"headline\":\"Candidatos a juiz questionam classifica\u00e7\u00e3o de negros aprovados em Ampla Concorr\u00eancia\",\"datePublished\":\"2018-05-12T10:30:03+00:00\",\"dateModified\":\"2018-05-13T12:54:11+00:00\",\"mainEntityOfPage\":{\"@id\":\"https:\/\/www.estrategiaconcursos.com.br\/blog\/candidatos-juiz-questionam-classificacao-de-negros-aprovados-em-ampla-concorrencia\/\"},\"wordCount\":231,\"commentCount\":21,\"publisher\":{\"@id\":\"https:\/\/www.estrategiaconcursos.com.br\/blog\/#organization\"},\"articleSection\":[\"Concursos P\u00fablicos\"],\"inLanguage\":\"pt-BR\",\"potentialAction\":[{\"@type\":\"CommentAction\",\"name\":\"Comment\",\"target\":[\"https:\/\/www.estrategiaconcursos.com.br\/blog\/candidatos-juiz-questionam-classificacao-de-negros-aprovados-em-ampla-concorrencia\/#respond\"]}],\"copyrightYear\":\"2018\",\"copyrightHolder\":{\"@id\":\"https:\/\/www.estrategiaconcursos.com.br\/blog\/#organization\"}},{\"@type\":\"WebPage\",\"@id\":\"https:\/\/www.estrategiaconcursos.com.br\/blog\/candidatos-juiz-questionam-classificacao-de-negros-aprovados-em-ampla-concorrencia\/\",\"url\":\"https:\/\/www.estrategiaconcursos.com.br\/blog\/candidatos-juiz-questionam-classificacao-de-negros-aprovados-em-ampla-concorrencia\/\",\"name\":\"Candidatos a juiz questionam classifica\u00e7\u00e3o de negros aprovados em Ampla Concorr\u00eancia\",\"isPartOf\":{\"@id\":\"https:\/\/www.estrategiaconcursos.com.br\/blog\/#website\"},\"datePublished\":\"2018-05-12T10:30:03+00:00\",\"dateModified\":\"2018-05-13T12:54:11+00:00\",\"breadcrumb\":{\"@id\":\"https:\/\/www.estrategiaconcursos.com.br\/blog\/candidatos-juiz-questionam-classificacao-de-negros-aprovados-em-ampla-concorrencia\/#breadcrumb\"},\"inLanguage\":\"pt-BR\",\"potentialAction\":[{\"@type\":\"ReadAction\",\"target\":[\"https:\/\/www.estrategiaconcursos.com.br\/blog\/candidatos-juiz-questionam-classificacao-de-negros-aprovados-em-ampla-concorrencia\/\"]}]},{\"@type\":\"BreadcrumbList\",\"@id\":\"https:\/\/www.estrategiaconcursos.com.br\/blog\/candidatos-juiz-questionam-classificacao-de-negros-aprovados-em-ampla-concorrencia\/#breadcrumb\",\"itemListElement\":[{\"@type\":\"ListItem\",\"position\":1,\"name\":\"In\u00edcio\",\"item\":\"https:\/\/www.estrategiaconcursos.com.br\/blog\/\"},{\"@type\":\"ListItem\",\"position\":2,\"name\":\"Candidatos a juiz questionam classifica\u00e7\u00e3o de negros aprovados em Ampla Concorr\u00eancia\"}]},{\"@type\":\"WebSite\",\"@id\":\"https:\/\/www.estrategiaconcursos.com.br\/blog\/#website\",\"url\":\"https:\/\/www.estrategiaconcursos.com.br\/blog\/\",\"name\":\"Estrat\u00e9gia Concursos\",\"description\":\"O blog da Estrat\u00e9gia Concursos traz not\u00edcias sobre concursos e artigos de professores oferecendo cursos para concursos (pdf + videaulas) no site.\",\"publisher\":{\"@id\":\"https:\/\/www.estrategiaconcursos.com.br\/blog\/#organization\"},\"potentialAction\":[{\"@type\":\"SearchAction\",\"target\":{\"@type\":\"EntryPoint\",\"urlTemplate\":\"https:\/\/www.estrategiaconcursos.com.br\/blog\/?s={search_term_string}\"},\"query-input\":{\"@type\":\"PropertyValueSpecification\",\"valueRequired\":true,\"valueName\":\"search_term_string\"}}],\"inLanguage\":\"pt-BR\"},{\"@type\":\"Organization\",\"@id\":\"https:\/\/www.estrategiaconcursos.com.br\/blog\/#organization\",\"name\":\"Estrat\u00e9gia Concursos\",\"url\":\"https:\/\/www.estrategiaconcursos.com.br\/blog\/\",\"logo\":{\"@type\":\"ImageObject\",\"inLanguage\":\"pt-BR\",\"@id\":\"https:\/\/www.estrategiaconcursos.com.br\/blog\/#\/schema\/logo\/image\/\",\"url\":\"https:\/\/dhg1h5j42swfq.cloudfront.net\/2025\/06\/03203428\/logo_concursos-1.jpg\",\"contentUrl\":\"https:\/\/dhg1h5j42swfq.cloudfront.net\/2025\/06\/03203428\/logo_concursos-1.jpg\",\"width\":230,\"height\":60,\"caption\":\"Estrat\u00e9gia Concursos\"},\"image\":{\"@id\":\"https:\/\/www.estrategiaconcursos.com.br\/blog\/#\/schema\/logo\/image\/\"},\"sameAs\":[\"https:\/\/x.com\/EstratConcursos\"]},{\"@type\":\"Person\",\"@id\":\"https:\/\/www.estrategiaconcursos.com.br\/blog\/#\/schema\/person\/b4a388c97673c5f483d72185668afa1f\",\"name\":\"Coordena\u00e7\u00e3o\",\"image\":{\"@type\":\"ImageObject\",\"inLanguage\":\"pt-BR\",\"@id\":\"https:\/\/secure.gravatar.com\/avatar\/b720319e4c9a967eb58678d110f4fe35452fc5d5f97b202bac7b8acceb18c6ad?s=96&d=mm&r=g\",\"url\":\"https:\/\/secure.gravatar.com\/avatar\/b720319e4c9a967eb58678d110f4fe35452fc5d5f97b202bac7b8acceb18c6ad?s=96&d=mm&r=g\",\"contentUrl\":\"https:\/\/secure.gravatar.com\/avatar\/b720319e4c9a967eb58678d110f4fe35452fc5d5f97b202bac7b8acceb18c6ad?s=96&d=mm&r=g\",\"caption\":\"Coordena\u00e7\u00e3o\"},\"sameAs\":[\"https:\/\/www.facebook.com\/EstrategiaConcursos\",\"https:\/\/x.com\/EstratConcursos\"],\"url\":\"https:\/\/www.estrategiaconcursos.com.br\/blog\/author\/estrategia2013\/\"}]}<\/script>\n<!-- \/ Yoast SEO Premium plugin. -->","yoast_head_json":{"title":"Candidatos a juiz questionam classifica\u00e7\u00e3o de negros aprovados em Ampla Concorr\u00eancia","robots":{"index":"index","follow":"follow","max-snippet":"max-snippet:-1","max-image-preview":"max-image-preview:large","max-video-preview":"max-video-preview:-1"},"canonical":"https:\/\/www.estrategiaconcursos.com.br\/blog\/candidatos-juiz-questionam-classificacao-de-negros-aprovados-em-ampla-concorrencia\/","og_locale":"pt_BR","og_type":"article","og_title":"Candidatos a juiz questionam classifica\u00e7\u00e3o de negros aprovados em Ampla Concorr\u00eancia","og_description":"Liminar pedia a transfer\u00eancia de candidato para a lista de cotas Um grupo de candidatos aprovados no concurso para Juiz Substituto do Tribunal de Justi\u00e7a do Piau\u00ed entrou com um pedido de liminar no Conselho Nacional de Justi\u00e7a (CNJ) questionando a integra\u00e7\u00e3o do nome de candidatos negros na lista de aprovados em Ampla Concorr\u00eancia. Isso [&hellip;]","og_url":"https:\/\/www.estrategiaconcursos.com.br\/blog\/candidatos-juiz-questionam-classificacao-de-negros-aprovados-em-ampla-concorrencia\/","og_site_name":"Estrat\u00e9gia Concursos","article_author":"https:\/\/www.facebook.com\/EstrategiaConcursos","article_published_time":"2018-05-12T10:30:03+00:00","article_modified_time":"2018-05-13T12:54:11+00:00","author":"Coordena\u00e7\u00e3o","twitter_card":"summary_large_image","twitter_creator":"@EstratConcursos","twitter_site":"@EstratConcursos","twitter_misc":{"Escrito por":"Coordena\u00e7\u00e3o","Est. tempo de leitura":"1 minuto"},"schema":{"@context":"https:\/\/schema.org","@graph":[{"@type":"NewsArticle","@id":"https:\/\/www.estrategiaconcursos.com.br\/blog\/candidatos-juiz-questionam-classificacao-de-negros-aprovados-em-ampla-concorrencia\/#article","isPartOf":{"@id":"https:\/\/www.estrategiaconcursos.com.br\/blog\/candidatos-juiz-questionam-classificacao-de-negros-aprovados-em-ampla-concorrencia\/"},"author":{"name":"Coordena\u00e7\u00e3o","@id":"https:\/\/www.estrategiaconcursos.com.br\/blog\/#\/schema\/person\/b4a388c97673c5f483d72185668afa1f"},"headline":"Candidatos a juiz questionam classifica\u00e7\u00e3o de negros aprovados em Ampla Concorr\u00eancia","datePublished":"2018-05-12T10:30:03+00:00","dateModified":"2018-05-13T12:54:11+00:00","mainEntityOfPage":{"@id":"https:\/\/www.estrategiaconcursos.com.br\/blog\/candidatos-juiz-questionam-classificacao-de-negros-aprovados-em-ampla-concorrencia\/"},"wordCount":231,"commentCount":21,"publisher":{"@id":"https:\/\/www.estrategiaconcursos.com.br\/blog\/#organization"},"articleSection":["Concursos P\u00fablicos"],"inLanguage":"pt-BR","potentialAction":[{"@type":"CommentAction","name":"Comment","target":["https:\/\/www.estrategiaconcursos.com.br\/blog\/candidatos-juiz-questionam-classificacao-de-negros-aprovados-em-ampla-concorrencia\/#respond"]}],"copyrightYear":"2018","copyrightHolder":{"@id":"https:\/\/www.estrategiaconcursos.com.br\/blog\/#organization"}},{"@type":"WebPage","@id":"https:\/\/www.estrategiaconcursos.com.br\/blog\/candidatos-juiz-questionam-classificacao-de-negros-aprovados-em-ampla-concorrencia\/","url":"https:\/\/www.estrategiaconcursos.com.br\/blog\/candidatos-juiz-questionam-classificacao-de-negros-aprovados-em-ampla-concorrencia\/","name":"Candidatos a juiz questionam classifica\u00e7\u00e3o de negros aprovados em Ampla Concorr\u00eancia","isPartOf":{"@id":"https:\/\/www.estrategiaconcursos.com.br\/blog\/#website"},"datePublished":"2018-05-12T10:30:03+00:00","dateModified":"2018-05-13T12:54:11+00:00","breadcrumb":{"@id":"https:\/\/www.estrategiaconcursos.com.br\/blog\/candidatos-juiz-questionam-classificacao-de-negros-aprovados-em-ampla-concorrencia\/#breadcrumb"},"inLanguage":"pt-BR","potentialAction":[{"@type":"ReadAction","target":["https:\/\/www.estrategiaconcursos.com.br\/blog\/candidatos-juiz-questionam-classificacao-de-negros-aprovados-em-ampla-concorrencia\/"]}]},{"@type":"BreadcrumbList","@id":"https:\/\/www.estrategiaconcursos.com.br\/blog\/candidatos-juiz-questionam-classificacao-de-negros-aprovados-em-ampla-concorrencia\/#breadcrumb","itemListElement":[{"@type":"ListItem","position":1,"name":"In\u00edcio","item":"https:\/\/www.estrategiaconcursos.com.br\/blog\/"},{"@type":"ListItem","position":2,"name":"Candidatos a juiz questionam classifica\u00e7\u00e3o de negros aprovados em Ampla Concorr\u00eancia"}]},{"@type":"WebSite","@id":"https:\/\/www.estrategiaconcursos.com.br\/blog\/#website","url":"https:\/\/www.estrategiaconcursos.com.br\/blog\/","name":"Estrat\u00e9gia Concursos","description":"O blog da Estrat\u00e9gia Concursos traz not\u00edcias sobre concursos e artigos de professores oferecendo cursos para concursos (pdf + videaulas) no site.","publisher":{"@id":"https:\/\/www.estrategiaconcursos.com.br\/blog\/#organization"},"potentialAction":[{"@type":"SearchAction","target":{"@type":"EntryPoint","urlTemplate":"https:\/\/www.estrategiaconcursos.com.br\/blog\/?s={search_term_string}"},"query-input":{"@type":"PropertyValueSpecification","valueRequired":true,"valueName":"search_term_string"}}],"inLanguage":"pt-BR"},{"@type":"Organization","@id":"https:\/\/www.estrategiaconcursos.com.br\/blog\/#organization","name":"Estrat\u00e9gia Concursos","url":"https:\/\/www.estrategiaconcursos.com.br\/blog\/","logo":{"@type":"ImageObject","inLanguage":"pt-BR","@id":"https:\/\/www.estrategiaconcursos.com.br\/blog\/#\/schema\/logo\/image\/","url":"https:\/\/dhg1h5j42swfq.cloudfront.net\/2025\/06\/03203428\/logo_concursos-1.jpg","contentUrl":"https:\/\/dhg1h5j42swfq.cloudfront.net\/2025\/06\/03203428\/logo_concursos-1.jpg","width":230,"height":60,"caption":"Estrat\u00e9gia Concursos"},"image":{"@id":"https:\/\/www.estrategiaconcursos.com.br\/blog\/#\/schema\/logo\/image\/"},"sameAs":["https:\/\/x.com\/EstratConcursos"]},{"@type":"Person","@id":"https:\/\/www.estrategiaconcursos.com.br\/blog\/#\/schema\/person\/b4a388c97673c5f483d72185668afa1f","name":"Coordena\u00e7\u00e3o","image":{"@type":"ImageObject","inLanguage":"pt-BR","@id":"https:\/\/secure.gravatar.com\/avatar\/b720319e4c9a967eb58678d110f4fe35452fc5d5f97b202bac7b8acceb18c6ad?s=96&d=mm&r=g","url":"https:\/\/secure.gravatar.com\/avatar\/b720319e4c9a967eb58678d110f4fe35452fc5d5f97b202bac7b8acceb18c6ad?s=96&d=mm&r=g","contentUrl":"https:\/\/secure.gravatar.com\/avatar\/b720319e4c9a967eb58678d110f4fe35452fc5d5f97b202bac7b8acceb18c6ad?s=96&d=mm&r=g","caption":"Coordena\u00e7\u00e3o"},"sameAs":["https:\/\/www.facebook.com\/EstrategiaConcursos","https:\/\/x.com\/EstratConcursos"],"url":"https:\/\/www.estrategiaconcursos.com.br\/blog\/author\/estrategia2013\/"}]}},"_links":{"self":[{"href":"https:\/\/www.estrategiaconcursos.com.br\/blog\/wp-json\/wp\/v2\/posts\/120569","targetHints":{"allow":["GET"]}}],"collection":[{"href":"https:\/\/www.estrategiaconcursos.com.br\/blog\/wp-json\/wp\/v2\/posts"}],"about":[{"href":"https:\/\/www.estrategiaconcursos.com.br\/blog\/wp-json\/wp\/v2\/types\/post"}],"author":[{"embeddable":true,"href":"https:\/\/www.estrategiaconcursos.com.br\/blog\/wp-json\/wp\/v2\/users\/1"}],"replies":[{"embeddable":true,"href":"https:\/\/www.estrategiaconcursos.com.br\/blog\/wp-json\/wp\/v2\/comments?post=120569"}],"version-history":[{"count":51,"href":"https:\/\/www.estrategiaconcursos.com.br\/blog\/wp-json\/wp\/v2\/posts\/120569\/revisions"}],"predecessor-version":[{"id":120665,"href":"https:\/\/www.estrategiaconcursos.com.br\/blog\/wp-json\/wp\/v2\/posts\/120569\/revisions\/120665"}],"wp:attachment":[{"href":"https:\/\/www.estrategiaconcursos.com.br\/blog\/wp-json\/wp\/v2\/media?parent=120569"}],"wp:term":[{"taxonomy":"category","embeddable":true,"href":"https:\/\/www.estrategiaconcursos.com.br\/blog\/wp-json\/wp\/v2\/categories?post=120569"},{"taxonomy":"post_tag","embeddable":true,"href":"https:\/\/www.estrategiaconcursos.com.br\/blog\/wp-json\/wp\/v2\/tags?post=120569"},{"taxonomy":"tax_estado","embeddable":true,"href":"https:\/\/www.estrategiaconcursos.com.br\/blog\/wp-json\/wp\/v2\/tax_estado?post=120569"}],"curies":[{"name":"wp","href":"https:\/\/api.w.org\/{rel}","templated":true}]}}