{"id":1204652,"date":"2023-04-20T10:14:23","date_gmt":"2023-04-20T13:14:23","guid":{"rendered":"https:\/\/www.estrategiaconcursos.com.br\/blog\/?p=1204652"},"modified":"2023-04-20T10:29:36","modified_gmt":"2023-04-20T13:29:36","slug":"concurso-sme-sp-convocacao-para-as-provas-praticas","status":"publish","type":"post","link":"https:\/\/www.estrategiaconcursos.com.br\/blog\/concurso-sme-sp-convocacao-para-as-provas-praticas\/","title":{"rendered":"Concurso SME SP: convoca\u00e7\u00e3o para as provas pr\u00e1ticas!"},"content":{"rendered":"\n<p>Foi publicada a convoca\u00e7\u00e3o para as provas pr\u00e1ticas do <strong>concurso SME SP<\/strong> (<a href=\"https:\/\/www.estrategiaconcursos.com.br\/pesquisa\/?q=sme+sp\" target=\"_blank\" rel=\"noreferrer noopener\">Secretaria Municipal de Educa\u00e7\u00e3o de S\u00e3o Paulo<\/a>)!<\/p>\n\n\n\n<p>De acordo com os editais publicados no Di\u00e1rio Oficial da Cidade de S\u00e3o Paulo nesta quinta-feira, 20, a Prova Pr\u00e1tica, de car\u00e1ter eliminat\u00f3rio e classificat\u00f3rio, ser\u00e1 composta por por duas etapas, sendo:<\/p>\n\n\n\n<ul class=\"wp-block-list\">\n<li>Analise de Planejamento de experi\u00eancia\/Plano de Aula; e<\/li>\n\n\n\n<li>Prova did\u00e1tica.<\/li>\n<\/ul>\n\n\n\n<p>A etapa de grava\u00e7\u00e3o da prova did\u00e1tica est\u00e1 prevista para 21 de maio de 2023, nos turnos da manh\u00e3 e da tarde.<\/p>\n\n\n\n<p>Confira abaixo a publica\u00e7\u00e3o na \u00edntegra e os candidatos convocados!<\/p>\n\n\n\n<h3 class=\"wp-block-heading has-text-align-center has-electric-grass-gradient-background has-background\"><strong><a href=\"https:\/\/dhg1h5j42swfq.cloudfront.net\/2023\/04\/20100039\/sme-sp.pdf\" target=\"_blank\" rel=\"noreferrer noopener nofollow\">Convoca\u00e7\u00e3o provas pr\u00e1ticas- concurso SME SP<\/a><\/strong><\/h3>\n\n\n\n<p>Ao todo o edital SME SP oferta de <strong>3.250 vagas<\/strong> para o cargo de <strong>Professor<\/strong> que se dividem da seguinte forma:<\/p>\n\n\n\n<ul class=\"wp-block-list\">\n<li>1.270 para<strong> Professor de educa\u00e7\u00e3o Infantil e Ensino Fundamental I<\/strong>; e <\/li>\n\n\n\n<li>1.980 para <strong>Professor de Ensino Fundamental II e M\u00e9dio<\/strong>.<\/li>\n<\/ul>\n\n\n\n<h3 class=\"wp-block-heading\" id=\"salarios\">Sal\u00e1rios<\/h3>\n\n\n\n<p>Conforme informado no edital do concurso SME SP, os aprovados far\u00e3o jus aos seguintes sal\u00e1rios iniciais:<\/p>\n\n\n\n<ul class=\"wp-block-list\">\n<li>Professor Educa\u00e7\u00e3o Infantil e Fundamental I:&nbsp;<strong>R$ 3.135,48<\/strong>&nbsp;(remunera\u00e7\u00e3o mensal + Abono Complementar de R$ 636,94); e<\/li>\n\n\n\n<li>Professor Fundamental II e M\u00e9dio:\u00a0<strong>R$ 3.787,50<\/strong>\u00a0(remunera\u00e7\u00e3o mensal + Abono Complementar de R$ 769,30).<\/li>\n<\/ul>\n\n\n\n<h3 class=\"wp-block-heading\">Reajuste salarial <\/h3>\n\n\n\n<p>A C\u00e2mara Municipal de S\u00e3o Paulo aprovou no dia 16 de agosto o aumento do piso salarial inicial do professor da Rede Municipal&nbsp;de&nbsp;<strong>R$3.832,37 para R$5.050<\/strong>,<strong>00<\/strong>. O reajuste tamb\u00e9m foi garantido nos pisos salariais iniciais para todas as categorias da Secretaria de&nbsp;Educa\u00e7\u00e3o.<\/p>\n\n\n\n<p>O aumento est\u00e1 previsto no projeto de Lei 428\/2022, de autoria da Prefeitura e aprovado pela C\u00e2mara Municipal.\u00a0Cerca de 126 mil servidores ativos e aposentados da SME SP ser\u00e3o beneficiados, al\u00e9m dos aprovados no novo concurso p\u00fablico.<\/p>\n\n\n\n<p>Ficou interessado em saber mais informa\u00e7\u00f5es sobre o concurso SME SP? Elaboramos uma artigo completo para voc\u00ea!<\/p>\n\n\n\n<p class=\"has-text-align-center has-electric-grass-gradient-background has-background has-medium-font-size\"><strong>Saiba mais: <a href=\"https:\/\/www.estrategiaconcursos.com.br\/blog\/concurso-sme-sp\/\" target=\"_blank\" rel=\"noreferrer noopener\">concurso SME SP<\/a><\/strong><\/p>\n\n\n\n<h2 class=\"wp-block-heading has-text-align-center\" id=\"h-quer-saber-tudo-sobre-concursos-previstos-confira-nossos-artigos\">Quer saber tudo sobre concursos previstos?<br \/>Confira  nossos artigos!<\/h2>\n\n\n\n<ul class=\"wp-block-list\">\n<li><a href=\"https:\/\/www.estrategiaconcursos.com.br\/blog\/concursos-abertos\/\" target=\"_blank\" rel=\"noreferrer noopener\">Concursos abertos<\/a><\/li>\n\n\n\n<li><a href=\"https:\/\/www.estrategiaconcursos.com.br\/blog\/concursos-2023\/\" target=\"_blank\" rel=\"noreferrer noopener\">Concursos 2023<\/a><\/li>\n<\/ul>\n\n\n\n<h2 class=\"wp-block-heading has-text-align-center\" id=\"cursos-assinatura\">Quer estudar para o concurso SME SP?<\/h2>\n\n\n\n<p class=\"has-text-align-center\"><em>Gostou desta oportunidade e deseja se preparar? Ent\u00e3o, confira abaixo nosso curso exclusivo para este concurso e inicie seus estudos agora mesmo:<\/em><\/p>\n\n\n\n<div class=\"col-sm\">\n      <div class=\"banner-estrategia\" id=\"box-assinatura\">\n        <h3 class=\"titulo-assinatura\">Cursos para SME SP<\/h3>\n        <p class=\"subtitulo-assinatura\">Conhe\u00e7a os cursos<\/p>\n        <div class=\"box-botao\">\n          <a class=\"btn-assinatura\" target=\"_blank\" href=\"https:\/\/www.estrategiaconcursos.com.br\/cursos\/concurso\/\" role=\"button\" rel=\"noopener noreferrer\">Conhe\u00e7a mais<\/a>\n        <\/div>\n      <\/div>\n      <p class=\"texto-auxiliar\">Prepare-se com o melhor material e com quem mais aprova em Concursos P\u00fablicos em todo o pa\u00eds.<\/p>\n    <\/div>\n","protected":false},"excerpt":{"rendered":"<p>Foi publicada a convoca\u00e7\u00e3o para as provas pr\u00e1ticas do concurso SME SP (Secretaria Municipal de Educa\u00e7\u00e3o de S\u00e3o Paulo)! De acordo com os editais publicados no Di\u00e1rio Oficial da Cidade de S\u00e3o Paulo nesta quinta-feira, 20, a Prova Pr\u00e1tica, de car\u00e1ter eliminat\u00f3rio e classificat\u00f3rio, ser\u00e1 composta por por duas etapas, sendo: A etapa de grava\u00e7\u00e3o [&hellip;]<\/p>\n","protected":false},"author":2402,"featured_media":886159,"comment_status":"open","ping_status":"closed","sticky":false,"template":"","format":"standard","meta":{"post_tipo":"news","footnotes":""},"categories":[3766,220219],"tags":[],"tax_estado":[219989],"class_list":["post-1204652","post","type-post","status-publish","format-standard","has-post-thumbnail","hentry","category-educacional","category-noticias","tax_estado-sp"],"acf":[],"yoast_head":"<!-- This site is optimized with the Yoast SEO Premium plugin v27.2 (Yoast SEO v27.2) - https:\/\/yoast.com\/product\/yoast-seo-premium-wordpress\/ -->\n<title>Concurso SME SP: convoca\u00e7\u00e3o para as provas pr\u00e1ticas!<\/title>\n<meta name=\"description\" content=\"Concurso SME SP: editais de convoca\u00e7\u00e3o para realiza\u00e7\u00e3o das provas pr\u00e1ticas divulgados. Confira os detalhes aqui!\" \/>\n<meta name=\"robots\" content=\"index, follow, max-snippet:-1, max-image-preview:large, max-video-preview:-1\" \/>\n<link rel=\"canonical\" href=\"https:\/\/www.estrategiaconcursos.com.br\/blog\/concurso-sme-sp-convocacao-para-as-provas-praticas\/\" \/>\n<meta property=\"og:locale\" content=\"pt_BR\" \/>\n<meta property=\"og:type\" content=\"article\" \/>\n<meta property=\"og:title\" content=\"Concurso SME SP: convoca\u00e7\u00e3o para as provas pr\u00e1ticas!\" \/>\n<meta property=\"og:description\" content=\"Concurso SME SP: editais de convoca\u00e7\u00e3o para realiza\u00e7\u00e3o das provas pr\u00e1ticas divulgados. Confira os detalhes aqui!\" \/>\n<meta property=\"og:url\" content=\"https:\/\/www.estrategiaconcursos.com.br\/blog\/concurso-sme-sp-convocacao-para-as-provas-praticas\/\" \/>\n<meta property=\"og:site_name\" content=\"Estrat\u00e9gia Concursos\" \/>\n<meta property=\"article:published_time\" content=\"2023-04-20T13:14:23+00:00\" \/>\n<meta property=\"article:modified_time\" content=\"2023-04-20T13:29:36+00:00\" \/>\n<meta property=\"og:image\" content=\"https:\/\/dhg1h5j42swfq.cloudfront.net\/2021\/10\/15170338\/sme-sp.jpg\" \/>\n\t<meta property=\"og:image:width\" content=\"1200\" \/>\n\t<meta property=\"og:image:height\" content=\"628\" \/>\n\t<meta property=\"og:image:type\" content=\"image\/jpeg\" \/>\n<meta name=\"author\" content=\"Daniela Santos Nascimento\" \/>\n<meta name=\"twitter:card\" content=\"summary_large_image\" \/>\n<meta name=\"twitter:creator\" content=\"@EstratConcursos\" \/>\n<meta name=\"twitter:site\" content=\"@EstratConcursos\" \/>\n<meta name=\"twitter:label1\" content=\"Escrito por\" \/>\n\t<meta name=\"twitter:data1\" content=\"Daniela Santos Nascimento\" \/>\n\t<meta name=\"twitter:label2\" content=\"Est. tempo de leitura\" \/>\n\t<meta name=\"twitter:data2\" content=\"2 minutos\" \/>\n<script type=\"application\/ld+json\" class=\"yoast-schema-graph\">{\"@context\":\"https:\/\/schema.org\",\"@graph\":[{\"@type\":\"NewsArticle\",\"@id\":\"https:\/\/www.estrategiaconcursos.com.br\/blog\/concurso-sme-sp-convocacao-para-as-provas-praticas\/#article\",\"isPartOf\":{\"@id\":\"https:\/\/www.estrategiaconcursos.com.br\/blog\/concurso-sme-sp-convocacao-para-as-provas-praticas\/\"},\"author\":{\"name\":\"Daniela Santos Nascimento\",\"@id\":\"https:\/\/www.estrategiaconcursos.com.br\/blog\/#\/schema\/person\/399990d02336f200766707b881aee98f\"},\"headline\":\"Concurso SME SP: convoca\u00e7\u00e3o para as provas pr\u00e1ticas!\",\"datePublished\":\"2023-04-20T13:14:23+00:00\",\"dateModified\":\"2023-04-20T13:29:36+00:00\",\"mainEntityOfPage\":{\"@id\":\"https:\/\/www.estrategiaconcursos.com.br\/blog\/concurso-sme-sp-convocacao-para-as-provas-praticas\/\"},\"wordCount\":403,\"commentCount\":0,\"publisher\":{\"@id\":\"https:\/\/www.estrategiaconcursos.com.br\/blog\/#organization\"},\"image\":{\"@id\":\"https:\/\/www.estrategiaconcursos.com.br\/blog\/concurso-sme-sp-convocacao-para-as-provas-praticas\/#primaryimage\"},\"thumbnailUrl\":\"https:\/\/dhg1h5j42swfq.cloudfront.net\/2021\/10\/15170338\/sme-sp.jpg\",\"articleSection\":[\"Educa\u00e7\u00e3o\",\"\u00daltimas not\u00edcias\"],\"inLanguage\":\"pt-BR\",\"potentialAction\":[{\"@type\":\"CommentAction\",\"name\":\"Comment\",\"target\":[\"https:\/\/www.estrategiaconcursos.com.br\/blog\/concurso-sme-sp-convocacao-para-as-provas-praticas\/#respond\"]}],\"copyrightYear\":\"2023\",\"copyrightHolder\":{\"@id\":\"https:\/\/www.estrategiaconcursos.com.br\/blog\/#organization\"}},{\"@type\":\"WebPage\",\"@id\":\"https:\/\/www.estrategiaconcursos.com.br\/blog\/concurso-sme-sp-convocacao-para-as-provas-praticas\/\",\"url\":\"https:\/\/www.estrategiaconcursos.com.br\/blog\/concurso-sme-sp-convocacao-para-as-provas-praticas\/\",\"name\":\"Concurso SME SP: convoca\u00e7\u00e3o para as provas pr\u00e1ticas!\",\"isPartOf\":{\"@id\":\"https:\/\/www.estrategiaconcursos.com.br\/blog\/#website\"},\"primaryImageOfPage\":{\"@id\":\"https:\/\/www.estrategiaconcursos.com.br\/blog\/concurso-sme-sp-convocacao-para-as-provas-praticas\/#primaryimage\"},\"image\":{\"@id\":\"https:\/\/www.estrategiaconcursos.com.br\/blog\/concurso-sme-sp-convocacao-para-as-provas-praticas\/#primaryimage\"},\"thumbnailUrl\":\"https:\/\/dhg1h5j42swfq.cloudfront.net\/2021\/10\/15170338\/sme-sp.jpg\",\"datePublished\":\"2023-04-20T13:14:23+00:00\",\"dateModified\":\"2023-04-20T13:29:36+00:00\",\"description\":\"Concurso SME SP: editais de convoca\u00e7\u00e3o para realiza\u00e7\u00e3o das provas pr\u00e1ticas divulgados. Confira os detalhes aqui!\",\"breadcrumb\":{\"@id\":\"https:\/\/www.estrategiaconcursos.com.br\/blog\/concurso-sme-sp-convocacao-para-as-provas-praticas\/#breadcrumb\"},\"inLanguage\":\"pt-BR\",\"potentialAction\":[{\"@type\":\"ReadAction\",\"target\":[\"https:\/\/www.estrategiaconcursos.com.br\/blog\/concurso-sme-sp-convocacao-para-as-provas-praticas\/\"]}]},{\"@type\":\"ImageObject\",\"inLanguage\":\"pt-BR\",\"@id\":\"https:\/\/www.estrategiaconcursos.com.br\/blog\/concurso-sme-sp-convocacao-para-as-provas-praticas\/#primaryimage\",\"url\":\"https:\/\/dhg1h5j42swfq.cloudfront.net\/2021\/10\/15170338\/sme-sp.jpg\",\"contentUrl\":\"https:\/\/dhg1h5j42swfq.cloudfront.net\/2021\/10\/15170338\/sme-sp.jpg\",\"width\":1200,\"height\":628,\"caption\":\"SME S\u00e3o Paulo\"},{\"@type\":\"BreadcrumbList\",\"@id\":\"https:\/\/www.estrategiaconcursos.com.br\/blog\/concurso-sme-sp-convocacao-para-as-provas-praticas\/#breadcrumb\",\"itemListElement\":[{\"@type\":\"ListItem\",\"position\":1,\"name\":\"In\u00edcio\",\"item\":\"https:\/\/www.estrategiaconcursos.com.br\/blog\/\"},{\"@type\":\"ListItem\",\"position\":2,\"name\":\"Concurso SME SP: convoca\u00e7\u00e3o para as provas pr\u00e1ticas!\"}]},{\"@type\":\"WebSite\",\"@id\":\"https:\/\/www.estrategiaconcursos.com.br\/blog\/#website\",\"url\":\"https:\/\/www.estrategiaconcursos.com.br\/blog\/\",\"name\":\"Estrat\u00e9gia Concursos\",\"description\":\"O blog da Estrat\u00e9gia Concursos traz not\u00edcias sobre concursos e artigos de professores oferecendo cursos para concursos (pdf + videaulas) no site.\",\"publisher\":{\"@id\":\"https:\/\/www.estrategiaconcursos.com.br\/blog\/#organization\"},\"potentialAction\":[{\"@type\":\"SearchAction\",\"target\":{\"@type\":\"EntryPoint\",\"urlTemplate\":\"https:\/\/www.estrategiaconcursos.com.br\/blog\/?s={search_term_string}\"},\"query-input\":{\"@type\":\"PropertyValueSpecification\",\"valueRequired\":true,\"valueName\":\"search_term_string\"}}],\"inLanguage\":\"pt-BR\"},{\"@type\":\"Organization\",\"@id\":\"https:\/\/www.estrategiaconcursos.com.br\/blog\/#organization\",\"name\":\"Estrat\u00e9gia Concursos\",\"url\":\"https:\/\/www.estrategiaconcursos.com.br\/blog\/\",\"logo\":{\"@type\":\"ImageObject\",\"inLanguage\":\"pt-BR\",\"@id\":\"https:\/\/www.estrategiaconcursos.com.br\/blog\/#\/schema\/logo\/image\/\",\"url\":\"https:\/\/dhg1h5j42swfq.cloudfront.net\/2025\/06\/03203428\/logo_concursos-1.jpg\",\"contentUrl\":\"https:\/\/dhg1h5j42swfq.cloudfront.net\/2025\/06\/03203428\/logo_concursos-1.jpg\",\"width\":230,\"height\":60,\"caption\":\"Estrat\u00e9gia Concursos\"},\"image\":{\"@id\":\"https:\/\/www.estrategiaconcursos.com.br\/blog\/#\/schema\/logo\/image\/\"},\"sameAs\":[\"https:\/\/x.com\/EstratConcursos\"]},{\"@type\":\"Person\",\"@id\":\"https:\/\/www.estrategiaconcursos.com.br\/blog\/#\/schema\/person\/399990d02336f200766707b881aee98f\",\"name\":\"Daniela Santos Nascimento\",\"image\":{\"@type\":\"ImageObject\",\"inLanguage\":\"pt-BR\",\"@id\":\"https:\/\/secure.gravatar.com\/avatar\/7f343622ad121e2893832a8c76808be436bdfcbf2f7d696174c94ecd84f2384a?s=96&d=mm&r=g\",\"url\":\"https:\/\/secure.gravatar.com\/avatar\/7f343622ad121e2893832a8c76808be436bdfcbf2f7d696174c94ecd84f2384a?s=96&d=mm&r=g\",\"contentUrl\":\"https:\/\/secure.gravatar.com\/avatar\/7f343622ad121e2893832a8c76808be436bdfcbf2f7d696174c94ecd84f2384a?s=96&d=mm&r=g\",\"caption\":\"Daniela Santos Nascimento\"},\"url\":\"https:\/\/www.estrategiaconcursos.com.br\/blog\/author\/daniela-nascimentoestrategia-com\/\"}]}<\/script>\n<!-- \/ Yoast SEO Premium plugin. -->","yoast_head_json":{"title":"Concurso SME SP: convoca\u00e7\u00e3o para as provas pr\u00e1ticas!","description":"Concurso SME SP: editais de convoca\u00e7\u00e3o para realiza\u00e7\u00e3o das provas pr\u00e1ticas divulgados. Confira os detalhes aqui!","robots":{"index":"index","follow":"follow","max-snippet":"max-snippet:-1","max-image-preview":"max-image-preview:large","max-video-preview":"max-video-preview:-1"},"canonical":"https:\/\/www.estrategiaconcursos.com.br\/blog\/concurso-sme-sp-convocacao-para-as-provas-praticas\/","og_locale":"pt_BR","og_type":"article","og_title":"Concurso SME SP: convoca\u00e7\u00e3o para as provas pr\u00e1ticas!","og_description":"Concurso SME SP: editais de convoca\u00e7\u00e3o para realiza\u00e7\u00e3o das provas pr\u00e1ticas divulgados. Confira os detalhes aqui!","og_url":"https:\/\/www.estrategiaconcursos.com.br\/blog\/concurso-sme-sp-convocacao-para-as-provas-praticas\/","og_site_name":"Estrat\u00e9gia Concursos","article_published_time":"2023-04-20T13:14:23+00:00","article_modified_time":"2023-04-20T13:29:36+00:00","og_image":[{"width":1200,"height":628,"url":"https:\/\/dhg1h5j42swfq.cloudfront.net\/2021\/10\/15170338\/sme-sp.jpg","type":"image\/jpeg"}],"author":"Daniela Santos Nascimento","twitter_card":"summary_large_image","twitter_creator":"@EstratConcursos","twitter_site":"@EstratConcursos","twitter_misc":{"Escrito por":"Daniela Santos Nascimento","Est. tempo de leitura":"2 minutos"},"schema":{"@context":"https:\/\/schema.org","@graph":[{"@type":"NewsArticle","@id":"https:\/\/www.estrategiaconcursos.com.br\/blog\/concurso-sme-sp-convocacao-para-as-provas-praticas\/#article","isPartOf":{"@id":"https:\/\/www.estrategiaconcursos.com.br\/blog\/concurso-sme-sp-convocacao-para-as-provas-praticas\/"},"author":{"name":"Daniela Santos Nascimento","@id":"https:\/\/www.estrategiaconcursos.com.br\/blog\/#\/schema\/person\/399990d02336f200766707b881aee98f"},"headline":"Concurso SME SP: convoca\u00e7\u00e3o para as provas pr\u00e1ticas!","datePublished":"2023-04-20T13:14:23+00:00","dateModified":"2023-04-20T13:29:36+00:00","mainEntityOfPage":{"@id":"https:\/\/www.estrategiaconcursos.com.br\/blog\/concurso-sme-sp-convocacao-para-as-provas-praticas\/"},"wordCount":403,"commentCount":0,"publisher":{"@id":"https:\/\/www.estrategiaconcursos.com.br\/blog\/#organization"},"image":{"@id":"https:\/\/www.estrategiaconcursos.com.br\/blog\/concurso-sme-sp-convocacao-para-as-provas-praticas\/#primaryimage"},"thumbnailUrl":"https:\/\/dhg1h5j42swfq.cloudfront.net\/2021\/10\/15170338\/sme-sp.jpg","articleSection":["Educa\u00e7\u00e3o","\u00daltimas not\u00edcias"],"inLanguage":"pt-BR","potentialAction":[{"@type":"CommentAction","name":"Comment","target":["https:\/\/www.estrategiaconcursos.com.br\/blog\/concurso-sme-sp-convocacao-para-as-provas-praticas\/#respond"]}],"copyrightYear":"2023","copyrightHolder":{"@id":"https:\/\/www.estrategiaconcursos.com.br\/blog\/#organization"}},{"@type":"WebPage","@id":"https:\/\/www.estrategiaconcursos.com.br\/blog\/concurso-sme-sp-convocacao-para-as-provas-praticas\/","url":"https:\/\/www.estrategiaconcursos.com.br\/blog\/concurso-sme-sp-convocacao-para-as-provas-praticas\/","name":"Concurso SME SP: convoca\u00e7\u00e3o para as provas pr\u00e1ticas!","isPartOf":{"@id":"https:\/\/www.estrategiaconcursos.com.br\/blog\/#website"},"primaryImageOfPage":{"@id":"https:\/\/www.estrategiaconcursos.com.br\/blog\/concurso-sme-sp-convocacao-para-as-provas-praticas\/#primaryimage"},"image":{"@id":"https:\/\/www.estrategiaconcursos.com.br\/blog\/concurso-sme-sp-convocacao-para-as-provas-praticas\/#primaryimage"},"thumbnailUrl":"https:\/\/dhg1h5j42swfq.cloudfront.net\/2021\/10\/15170338\/sme-sp.jpg","datePublished":"2023-04-20T13:14:23+00:00","dateModified":"2023-04-20T13:29:36+00:00","description":"Concurso SME SP: editais de convoca\u00e7\u00e3o para realiza\u00e7\u00e3o das provas pr\u00e1ticas divulgados. Confira os detalhes aqui!","breadcrumb":{"@id":"https:\/\/www.estrategiaconcursos.com.br\/blog\/concurso-sme-sp-convocacao-para-as-provas-praticas\/#breadcrumb"},"inLanguage":"pt-BR","potentialAction":[{"@type":"ReadAction","target":["https:\/\/www.estrategiaconcursos.com.br\/blog\/concurso-sme-sp-convocacao-para-as-provas-praticas\/"]}]},{"@type":"ImageObject","inLanguage":"pt-BR","@id":"https:\/\/www.estrategiaconcursos.com.br\/blog\/concurso-sme-sp-convocacao-para-as-provas-praticas\/#primaryimage","url":"https:\/\/dhg1h5j42swfq.cloudfront.net\/2021\/10\/15170338\/sme-sp.jpg","contentUrl":"https:\/\/dhg1h5j42swfq.cloudfront.net\/2021\/10\/15170338\/sme-sp.jpg","width":1200,"height":628,"caption":"SME S\u00e3o Paulo"},{"@type":"BreadcrumbList","@id":"https:\/\/www.estrategiaconcursos.com.br\/blog\/concurso-sme-sp-convocacao-para-as-provas-praticas\/#breadcrumb","itemListElement":[{"@type":"ListItem","position":1,"name":"In\u00edcio","item":"https:\/\/www.estrategiaconcursos.com.br\/blog\/"},{"@type":"ListItem","position":2,"name":"Concurso SME SP: convoca\u00e7\u00e3o para as provas pr\u00e1ticas!"}]},{"@type":"WebSite","@id":"https:\/\/www.estrategiaconcursos.com.br\/blog\/#website","url":"https:\/\/www.estrategiaconcursos.com.br\/blog\/","name":"Estrat\u00e9gia Concursos","description":"O blog da Estrat\u00e9gia Concursos traz not\u00edcias sobre concursos e artigos de professores oferecendo cursos para concursos (pdf + videaulas) no site.","publisher":{"@id":"https:\/\/www.estrategiaconcursos.com.br\/blog\/#organization"},"potentialAction":[{"@type":"SearchAction","target":{"@type":"EntryPoint","urlTemplate":"https:\/\/www.estrategiaconcursos.com.br\/blog\/?s={search_term_string}"},"query-input":{"@type":"PropertyValueSpecification","valueRequired":true,"valueName":"search_term_string"}}],"inLanguage":"pt-BR"},{"@type":"Organization","@id":"https:\/\/www.estrategiaconcursos.com.br\/blog\/#organization","name":"Estrat\u00e9gia Concursos","url":"https:\/\/www.estrategiaconcursos.com.br\/blog\/","logo":{"@type":"ImageObject","inLanguage":"pt-BR","@id":"https:\/\/www.estrategiaconcursos.com.br\/blog\/#\/schema\/logo\/image\/","url":"https:\/\/dhg1h5j42swfq.cloudfront.net\/2025\/06\/03203428\/logo_concursos-1.jpg","contentUrl":"https:\/\/dhg1h5j42swfq.cloudfront.net\/2025\/06\/03203428\/logo_concursos-1.jpg","width":230,"height":60,"caption":"Estrat\u00e9gia Concursos"},"image":{"@id":"https:\/\/www.estrategiaconcursos.com.br\/blog\/#\/schema\/logo\/image\/"},"sameAs":["https:\/\/x.com\/EstratConcursos"]},{"@type":"Person","@id":"https:\/\/www.estrategiaconcursos.com.br\/blog\/#\/schema\/person\/399990d02336f200766707b881aee98f","name":"Daniela Santos Nascimento","image":{"@type":"ImageObject","inLanguage":"pt-BR","@id":"https:\/\/secure.gravatar.com\/avatar\/7f343622ad121e2893832a8c76808be436bdfcbf2f7d696174c94ecd84f2384a?s=96&d=mm&r=g","url":"https:\/\/secure.gravatar.com\/avatar\/7f343622ad121e2893832a8c76808be436bdfcbf2f7d696174c94ecd84f2384a?s=96&d=mm&r=g","contentUrl":"https:\/\/secure.gravatar.com\/avatar\/7f343622ad121e2893832a8c76808be436bdfcbf2f7d696174c94ecd84f2384a?s=96&d=mm&r=g","caption":"Daniela Santos Nascimento"},"url":"https:\/\/www.estrategiaconcursos.com.br\/blog\/author\/daniela-nascimentoestrategia-com\/"}]}},"_links":{"self":[{"href":"https:\/\/www.estrategiaconcursos.com.br\/blog\/wp-json\/wp\/v2\/posts\/1204652","targetHints":{"allow":["GET"]}}],"collection":[{"href":"https:\/\/www.estrategiaconcursos.com.br\/blog\/wp-json\/wp\/v2\/posts"}],"about":[{"href":"https:\/\/www.estrategiaconcursos.com.br\/blog\/wp-json\/wp\/v2\/types\/post"}],"author":[{"embeddable":true,"href":"https:\/\/www.estrategiaconcursos.com.br\/blog\/wp-json\/wp\/v2\/users\/2402"}],"replies":[{"embeddable":true,"href":"https:\/\/www.estrategiaconcursos.com.br\/blog\/wp-json\/wp\/v2\/comments?post=1204652"}],"version-history":[{"count":12,"href":"https:\/\/www.estrategiaconcursos.com.br\/blog\/wp-json\/wp\/v2\/posts\/1204652\/revisions"}],"predecessor-version":[{"id":1204690,"href":"https:\/\/www.estrategiaconcursos.com.br\/blog\/wp-json\/wp\/v2\/posts\/1204652\/revisions\/1204690"}],"wp:featuredmedia":[{"embeddable":true,"href":"https:\/\/www.estrategiaconcursos.com.br\/blog\/wp-json\/wp\/v2\/media\/886159"}],"wp:attachment":[{"href":"https:\/\/www.estrategiaconcursos.com.br\/blog\/wp-json\/wp\/v2\/media?parent=1204652"}],"wp:term":[{"taxonomy":"category","embeddable":true,"href":"https:\/\/www.estrategiaconcursos.com.br\/blog\/wp-json\/wp\/v2\/categories?post=1204652"},{"taxonomy":"post_tag","embeddable":true,"href":"https:\/\/www.estrategiaconcursos.com.br\/blog\/wp-json\/wp\/v2\/tags?post=1204652"},{"taxonomy":"tax_estado","embeddable":true,"href":"https:\/\/www.estrategiaconcursos.com.br\/blog\/wp-json\/wp\/v2\/tax_estado?post=1204652"}],"curies":[{"name":"wp","href":"https:\/\/api.w.org\/{rel}","templated":true}]}}