{"id":1203746,"date":"2023-04-18T18:35:21","date_gmt":"2023-04-18T21:35:21","guid":{"rendered":"https:\/\/www.estrategiaconcursos.com.br\/blog\/?p=1203746"},"modified":"2023-04-19T08:40:06","modified_gmt":"2023-04-19T11:40:06","slug":"concurso-pm-rn-recursos","status":"publish","type":"post","link":"https:\/\/www.estrategiaconcursos.com.br\/blog\/concurso-pm-rn-recursos\/","title":{"rendered":"Concurso PM RN: veja os recursos poss\u00edvels!"},"content":{"rendered":"\n<p>Ap\u00f3s a aplica\u00e7\u00e3o das provas do concurso PM RN no \u00faltimo domingo, 16 de abril de 2023, o IBFC divulgou os gabaritos provis\u00f3rios da etapa.<\/p>\n\n\n\n<p>Com isso, os interessados poder\u00e3o interpor recursos entre <strong>19 e 20 de abril<\/strong>, no site da banca organizadora. O Estrat\u00e9gia Concursos esteve presente durante toda a sua prepara\u00e7\u00e3o, inclusive realizando a <a href=\"https:\/\/www.estrategiaconcursos.com.br\/blog\/gabarito-extraoficial-pm-rn-soldado\" target=\"_blank\" rel=\"noreferrer noopener\">corre\u00e7\u00e3o extraoficial<\/a>, e vai te ajudar em mais uma etapa.<\/p>\n\n\n\n<p>Nosso time de professores elaborou sugest\u00f5es de recursos contra o gabarito provis\u00f3rio do concurso PM RN Soldado. Veja a seguir!<\/p>\n\n\n\n<p><\/p>\n\n\n\n<h3 class=\"wp-block-heading has-very-light-gray-to-cyan-bluish-gray-gradient-background has-background\">Racioc\u00ednio L\u00f3gico<\/h3>\n\n\n\n<p class=\"has-medium-font-size\"><strong>Quest\u00e3o 20<\/strong> &#8211; vers\u00e3o A<\/p>\n\n\n\n<p><strong>De acordo com Racioc\u00ednio L\u00f3gico proposicional, dentre frases descritas as abaixo, a \u00fanica<br \/>que n\u00e3o pode ser considerada uma proposi\u00e7\u00e3o, \u00e9:<\/strong><\/p>\n\n\n\n<p>a) O Sol \u00e9 um planeta<br \/>b) 3+5=8<br \/>c) Chover\u00e1 amanh\u00e3<br \/>d) A capital de Florian\u00f3polis \u00e9 Santa Catarina<br \/>e) 25 de agosto \u00e9 considerado &#8220;Dia do soldado<\/p>\n\n\n\n<p>Pedido: Anula\u00e7\u00e3o<br \/>Motivo: falta de alternativa<br \/>Justificativa: Uma vez que a quest\u00e3o deu a alternativa C como sendo a \u00fanica que n\u00e3o \u00e9 uma<br \/>proposi\u00e7\u00e3o, entendemos que o pr\u00f3prio autor admite que as demais senten\u00e7as s\u00e3o<br \/>proposi\u00e7\u00f5es.<br \/><\/p>\n\n\n\n<p>Vamos, ent\u00e3o, nos debru\u00e7ar sobre a alternativa C.<br \/>No livro \u201cintrodu\u00e7\u00e3o \u00e0 l\u00f3gica \/Irving M. Copi \/ 2\u00ba edi\u00e7\u00e3o, na p\u00e1gina 22 o autor diz:<br \/>\u201cAs proposi\u00e7\u00f5es s\u00e3o verdadeiras ou falsas e nisto diferem das perguntas, ordens e<br \/>exclama\u00e7\u00f5es. S\u00f3 as proposi\u00e7\u00f5es podem ser afirmadas, ou negadas; uma pergunta pode ser<br \/>respondida, uma ordem dada e uma exclama\u00e7\u00e3o proferida, mas nenhuma delas pode ser<br \/>afirmada ou negada, nem \u00e9 poss\u00edvel julg\u00e1-las como verdadeiras ou falsas.\u201d<\/p>\n\n\n\n<p>A alternativa C diz: Chover\u00e1 amanh\u00e3<\/p>\n\n\n\n<p>A senten\u00e7a &#8220;chover\u00e1 amanh\u00e3&#8221; \u00e9 uma proposi\u00e7\u00e3o, pois pode ser avaliada como verdadeira ou<br \/>falsa. Veja que dependendo das condi\u00e7\u00f5es atmosf\u00e9ricas de amanh\u00e3, a proposi\u00e7\u00e3o pode ser<br \/>verdadeira ou falsa. Se chover, ela \u00e9 verdadeira e se n\u00e3o chover ela \u00e9 falsa.<br \/>Ainda no livro \u201cintrodu\u00e7\u00e3o \u00e0 l\u00f3gica \/Irving M. Copi \/ 2\u00ba edi\u00e7\u00e3o, na p\u00e1gina 22, o autor diz:<br \/><\/p>\n\n\n\n<p>\u201c\u00c9 necess\u00e1rio distinguir as senten\u00e7as das proposi\u00e7\u00f5es para cuja afirma\u00e7\u00e3o elas podem ser<br \/>usadas. Duas senten\u00e7as (ou ora\u00e7\u00f5es declarativas) que constituem claramente duas ora\u00e7\u00f5es<br \/>distintas, porque consistem de diferentes palavras, dispostas de modo diferente, podem ter o<br \/>mesmo significado, no mesmo contexto, e expressar a mesma proposi\u00e7\u00e3o. Por exemplo: Jo\u00e3o<br \/>ama In\u00eas. In\u00eas \u00e9 amada por Jo\u00e3o. S\u00e3o duas senten\u00e7as diferentes, pois a primeira cont\u00e9m tr\u00eas<br \/>palavras, ao passo que a segunda cont\u00e9m cinco, a primeira come\u00e7a com a palavra &#8220;Jo\u00e3o&#8221;,<br \/>enquanto a segunda come\u00e7a com a palavra &#8220;In\u00eas&#8221; etc. Contudo, as duas senten\u00e7as t\u00eam<br \/>exatamente o mesmo significado. Costuma-se usar a palavra &#8220;proposi\u00e7\u00e3o&#8221; para designar o<br \/>significado de uma senten\u00e7a ou ora\u00e7\u00e3o declarativa. A diferen\u00e7a entre ora\u00e7\u00f5es e proposi\u00e7\u00f5es \u00e9<br \/>evidenciada ao observar-se que uma ora\u00e7\u00e3o, declarativa faz sempre parte de uma linguagem<br \/>determinada, a linguagem em que ela \u00e9 enunciada, ao passo que as proposi\u00e7\u00f5es n\u00e3o s\u00e3o<br \/>peculiares a nenhuma das linguagens em que podem ser expressas. As quatro senten\u00e7as:<br \/>Chove. It is Raining. Il pleut. Es Regnet S\u00e3o certamente diferentes, visto que a primeira est\u00e1 em<br \/>portugu\u00eas, a segunda em ingl\u00eas, a terceira em franc\u00eas e a quarta em alem\u00e3o. Contudo, t\u00eam<br \/>todas um \u00fanico significado e, em contextos apropriados, podem ser usadas para declarar a<br \/>proposi\u00e7\u00e3o de que cada uma delas \u00e9 uma formula\u00e7\u00e3o diferente\u201d.<\/p>\n\n\n\n<p>Percebemos que o pr\u00f3prio autor cita a senten\u00e7a \u201cchove\u201d como sendo proposi\u00e7\u00e3o. Sendo<br \/>assim, n\u00e3o h\u00e1 motivo l\u00f3gico ou te\u00f3rico para que a senten\u00e7a \u201cchover\u00e1 amanh\u00e3\u201d n\u00e3o seja uma<br \/>proposi\u00e7\u00e3o.<\/p>\n\n\n\n<p>Insta dizer que no livro \u201c\u00d3rganon \/ Arist\u00f3teles\/ 1\u00aa edi\u00e7\u00e3o\/ 2005\/ p\u00e1gina 85 temos:<br \/>\u201cUma proposi\u00e7\u00e3o simples, mais precisamente, \u00e9 um enunciado falado com significado que<br \/>afirma ou nega a presen\u00e7a de alguma coisa de alguma coisa no tempo passado, presente ou<br \/>futuro\u201d.<\/p>\n\n\n\n<p><br \/>Vemos, portanto, que n\u00e3o podemos desclassificar a senten\u00e7a \u201cchover\u00e1 amanh\u00e3\u201d de ser uma<br \/>proposi\u00e7\u00e3o por usar o verbo no futuro. Fica claro que a senten\u00e7a supracitada \u00e9 uma proposi\u00e7\u00e3o e com isso a quest\u00e3o n\u00e3o tem alternativa vi\u00e1vel.<\/p>\n\n\n\n<h3 class=\"wp-block-heading has-very-light-gray-to-cyan-bluish-gray-gradient-background has-background\">Legisla\u00e7\u00e3o Extravagante<\/h3>\n\n\n\n<p class=\"has-medium-font-size\"><strong>Quest\u00e3o 61<\/strong> &#8211; vers\u00e3o A<\/p>\n\n\n\n<p><strong>A respeito da Lei n\u00ba 8.429\/1992, conhecida como Lei de Improbidade Administrativa, assinale a alternativa correta.<\/strong><\/p>\n\n\n\n<p><strong>a) Revelar fato de que tem ci\u00eancia em raz\u00e3o das atribui\u00e7\u00f5es e que deva permanecer em segredo, mediante a pr\u00e1tica de ato doloso ou culposo que viole os deveres de honestidade, constitui ato de improbidade administrativa que atenta contra os princ\u00edpios da administra\u00e7\u00e3o p\u00fablica<\/strong><\/p>\n\n\n\n<p><strong>b) Conceder benef\u00edcio tribut\u00e1rio, mediante a\u00e7\u00e3o ou omiss\u00e3o dolosa, que enseje, efetiva e comprovadamente, dilapida\u00e7\u00e3o dos bens ou haveres de entidade p\u00fablica, configura ato de improbidade administrativa que atenta contra os princ\u00edpios da administra\u00e7\u00e3o p\u00fablica<\/strong><\/p>\n\n\n\n<p><strong>c) N\u00e3o configura improbidade a a\u00e7\u00e3o ou omiss\u00e3o decorrente de diverg\u00eancia interpretativa da lei, baseada em jurisprud\u00eancia, ainda que n\u00e3o pacificada, mesmo que n\u00e3o venha a ser posteriormente prevalecente nas decis\u00f5es dos \u00f3rg\u00e3os de controle ou dos tribunais do Poder Judici\u00e1rio<\/strong><\/p>\n\n\n\n<p><strong>d) Se houver ind\u00edcios de ato de improbidade, a autoridade que conhecer dos fatos representar\u00e1 \u00e0 Pol\u00edcia Federal competente, para as provid\u00eancias necess\u00e1rias<\/strong><\/p>\n\n\n\n<p><strong>e) Para os efeitos da Lei de Improbidade Administrativa, considera-se dolo a vontade livre e consciente de alcan\u00e7ar o resultado il\u00edcito tipificado nesta lei, bastando a voluntariedade do agente.<\/strong><\/p>\n\n\n\n<p><strong>Requerimento: Anula\u00e7\u00e3o da quest\u00e3o<\/strong><\/p>\n\n\n\n<p><strong>Fundamenta\u00e7\u00e3o<\/strong>: Inexist\u00eancia de alternativa correta.<\/p>\n\n\n\n<p>O gabarito preliminar aponta o item \u201c<strong>C<\/strong>\u201d como correto, uma vez que ele corresponde ao disposto no art. 1\u00ba, \u00a7 8\u00ba, da Lei 8.429\/92.<\/p>\n\n\n\n<p>Contudo, esse dispositivo teve a sua efic\u00e1cia suspensa pelo STF (ADI 7236, publicada em 27\/12\/2022).<\/p>\n\n\n\n<p>Desse modo, \u00e9 incorreto afirmar que tal diverg\u00eancia n\u00e3o configura improbidade, uma vez que tal dispositivo est\u00e1 com a sua efic\u00e1cia suspensa, o que tornaria tamb\u00e9m essa alternativa errada.<\/p>\n\n\n\n<p>Link da decis\u00e3o:<\/p>\n\n\n\n<p><a href=\"https:\/\/www.stf.jus.br\/arquivo\/cms\/noticiaNoticiaStf\/anexo\/ADI7236CautelarLeideImprobidade.pdf\">https:\/\/www.stf.jus.br\/arquivo\/cms\/noticiaNoticiaStf\/anexo\/ADI7236CautelarLeideImprobidade.pdf<\/a><\/p>\n\n\n\n<p>Desse modo, requer-se a anula\u00e7\u00e3o da presente quest\u00e3o, em virtude de n\u00e3o existir alternativa correta.<\/p>\n\n\n\n<p class=\"has-medium-font-size\"><strong>Quest\u00e3o 62<\/strong> &#8211; vers\u00e3o A<\/p>\n\n\n\n<p><strong>A respeito do procedimento administrativo e do processo judicial na Lei 8.429\/1992, conhecida como Lei de Improbidade Administrativa, analise as afirmativas abaixo.<\/strong><\/p>\n\n\n\n<p><strong>I. Na a\u00e7\u00e3o por improbidade administrativa poder\u00e1 ser formulado, em car\u00e1ter antecedente ou incidente, independentemente da representa\u00e7\u00e3o junto ao Minist\u00e9rio P\u00fablico, pedido de indisponibilidade de bens dos r\u00e9us, a fim de garantir a integral recomposi\u00e7\u00e3o do er\u00e1rio ou do acr\u00e9scimo patrimonial resultante de enriquecimento il\u00edcito.<\/strong><\/p>\n\n\n\n<p><strong>II. Da decis\u00e3o que deferir ou indeferir a medida relativa \u00e0 indisponibilidade de bens caber\u00e1 recurso de apela\u00e7\u00e3o, nos termos do C\u00f3digo de Processo Civil.<\/strong><\/p>\n\n\n\n<p><strong>III. N\u00e3o se aplica na a\u00e7\u00e3o de improbidade administrativa o reexame obrigat\u00f3rio da senten\u00e7a de improced\u00eancia ou de extin\u00e7\u00e3o sem resolu\u00e7\u00e3o de m\u00e9rito.<\/strong><\/p>\n\n\n\n<p><strong>IV. O Minist\u00e9rio P\u00fablico poder\u00e1, conforme as circunst\u00e2ncias do caso concreto, celebrar acordo de n\u00e3o persecu\u00e7\u00e3o civil, ainda que dele n\u00e3o advenha o integral ressarcimento do dano.<\/strong><\/p>\n\n\n\n<p><strong>Assinale a alternativa correta.<\/strong><\/p>\n\n\n\n<p><strong>a) Apenas as afirmativas I e III est\u00e3o corretas<\/strong><\/p>\n\n\n\n<p><strong>b) Apenas as afirmativas I e IV est\u00e3o corretas<\/strong><\/p>\n\n\n\n<p><strong>c) Apenas as afirmativas II e IV est\u00e3o corretas<\/strong><\/p>\n\n\n\n<p><strong>d) Apenas as afirmativas II e III est\u00e3o corretas<\/strong><\/p>\n\n\n\n<p><strong>e) Apenas as afirmativas III e IV est\u00e3o corretas<\/strong><\/p>\n\n\n\n<p><strong>Requerimento: Anula\u00e7\u00e3o da quest\u00e3o<\/strong><\/p>\n\n\n\n<p><strong>Fundamenta\u00e7\u00e3o<\/strong>: O conte\u00fado abordado extrapola o previsto no edital.<\/p>\n\n\n\n<p>No conte\u00fado program\u00e1tico de Legisla\u00e7\u00e3o Extravagante, esse t\u00f3pico consta no item 18, vejamos:<\/p>\n\n\n\n<p>\u201c<em>18. Lei n\u00ba 8.429\/1992 e suas altera\u00e7\u00f5es (enriquecimento il\u00edcito no exerc\u00edcio de mandato, cargo, emprego ou fun\u00e7\u00e3o na administra\u00e7\u00e3o p\u00fablica direta, indireta ou fundacional).\u201d<\/em><\/p>\n\n\n\n<p>Ap\u00f3s citar o n\u00famero da referida lei, o edital coloca entre par\u00eanteses uma delimita\u00e7\u00e3o do conte\u00fado dessa lei ao enriquecimento il\u00edcito no exerc\u00edcio do mandato, cargo etc.<\/p>\n\n\n\n<p>A presente quest\u00e3o abordou conte\u00fado referente ao processo judicial acerca da a\u00e7\u00e3o de improbidade e da declara\u00e7\u00e3o de indisponibilidade dos bens, subt\u00f3picos que n\u00e3o estariam amparados no conte\u00fado program\u00e1tico, que limitou apenas ao enriquecimento il\u00edcito do agente, conte\u00fado que estaria previsto no art. 9\u00ba (atos que importam em enriquecimento il\u00edcito) da referida lei e no m\u00e1ximo ao art. 12, inciso I (penalidades em rela\u00e7\u00e3o aos atos de improbidade).<\/p>\n\n\n\n<p>Desse modo, a quest\u00e3o n\u00e3o respeitou a delimita\u00e7\u00e3o no conte\u00fado program\u00e1tico que constava no edital do concurso, o que enseja a anula\u00e7\u00e3o da presente quest\u00e3o.<\/p>\n\n\n\n<hr class=\"wp-block-separator has-alpha-channel-opacity\"\/>\n\n\n\n<h3 class=\"wp-block-heading has-text-align-center has-cyan-bluish-gray-background-color has-background\" id=\"h-saiba-mais-concurso-pm-rn\">Saiba mais: <a href=\"https:\/\/www.estrategiaconcursos.com.br\/blog\/concurso-pm-rn\/\" target=\"_blank\" rel=\"noreferrer noopener\">concurso PM RN<\/a><\/h3>\n\n\n\n<h2 class=\"wp-block-heading has-text-align-center\" id=\"h-quer-saber-tudo-sobre-concursos-previstos-confira-nossos-artigos\">Quer saber tudo sobre concursos previstos?<br \/>Confira nossos artigos!<\/h2>\n\n\n\n<ul class=\"wp-block-list\">\n<li><a href=\"https:\/\/www.estrategiaconcursos.com.br\/blog\/concursos-abertos\/\" target=\"_blank\" rel=\"noreferrer noopener\">Concursos abertos<\/a><\/li>\n\n\n\n<li><a href=\"https:\/\/www.estrategiaconcursos.com.br\/blog\/concursos-2023\/\" target=\"_blank\" rel=\"noreferrer noopener\">Concursos 2023<\/a><\/li>\n<\/ul>\n\n\n\n<h2 class=\"wp-block-heading has-text-align-center\" id=\"curso\">Quer estudar para o concurso PM RN?<\/h2>\n\n\n\n<div class=\"container\" id=\"boxes\">\r\n  <div class=\"row\"> \r\n\r\n    <div class=\"col-sm\">\r\n      <div class=\"banner-policial\" id=\"box-assinatura\">\r\n        <h3 class=\"titulo-assinatura\">Concurso PM RN<\/h3>\r\n        <p class=\"subtitulo-assinatura\">Conhe\u00e7a os cursos<\/p>\r\n        <div class=\"box-botao\">\r\n          <a class=\"btn-assinatura\" target=\"_blank\" href=\"https:\/\/www.estrategiaconcursos.com.br\/cursosPorConcurso\/policia-militar-rn\/\" role=\"button\" rel=\"noopener noreferrer\">Conhe\u00e7a mais<\/a>\r\n        <\/div>\r\n      <\/div>\r\n     \r\n\r\n  <\/div>\r\n<\/div><\/div>\n\n\n\n<div class=\"container\" id=\"boxes\">\r\n  <div class=\"row\">\r\n\r\n    <div class=\"col-sm\">\r\n      <div class=\"estrategia\" id=\"box-assinatura\">\r\n        <h3 class=\"titulo-assinatura\">Assinatura Concursos<\/h3>\r\n        <p class=\"subtitulo-assinatura\">Assinatura de 1 ano ou 2 anos<\/p>\r\n        <div class=\"box-botao\">\r\n          <a class=\"btn-assinatura\" target=\"_blank\" href=\"https:\/\/www.estrategiaconcursos.com.br\/assinaturas\/\" role=\"button\" rel=\"noopener noreferrer\">ASSINE AGORA<\/a>\r\n        <\/div>\r\n      <\/div><\/div><\/div><\/div>\n","protected":false},"excerpt":{"rendered":"<p>Ap\u00f3s a aplica\u00e7\u00e3o das provas do concurso PM RN no \u00faltimo domingo, 16 de abril de 2023, o IBFC divulgou os gabaritos provis\u00f3rios da etapa. Com isso, os interessados poder\u00e3o interpor recursos entre 19 e 20 de abril, no site da banca organizadora. O Estrat\u00e9gia Concursos esteve presente durante toda a sua prepara\u00e7\u00e3o, inclusive realizando [&hellip;]<\/p>\n","protected":false},"author":2041,"featured_media":856360,"comment_status":"open","ping_status":"closed","sticky":false,"template":"","format":"standard","meta":{"post_tipo":"news","footnotes":""},"categories":[220187,220219],"tags":[],"tax_estado":[219983],"class_list":["post-1203746","post","type-post","status-publish","format-standard","has-post-thumbnail","hentry","category-policial-pracas","category-noticias","tax_estado-rn"],"acf":[],"yoast_head":"<!-- This site is optimized with the Yoast SEO Premium plugin v27.2 (Yoast SEO v27.2) - https:\/\/yoast.com\/product\/yoast-seo-premium-wordpress\/ -->\n<title>Concurso PM RN: veja os recursos poss\u00edvels!<\/title>\n<meta name=\"description\" content=\"Concurso PM RN: ap\u00f3s a aplica\u00e7\u00e3o das provas, foram divulgados os gabaritos provis\u00f3rios. Confira as sugest\u00f5es de recursos AQUI!\" \/>\n<meta name=\"robots\" content=\"index, follow, max-snippet:-1, max-image-preview:large, max-video-preview:-1\" \/>\n<link rel=\"canonical\" href=\"https:\/\/www.estrategiaconcursos.com.br\/blog\/concurso-pm-rn-recursos\/\" \/>\n<meta property=\"og:locale\" content=\"pt_BR\" \/>\n<meta property=\"og:type\" content=\"article\" \/>\n<meta property=\"og:title\" content=\"Concurso PM RN: veja os recursos poss\u00edvels!\" \/>\n<meta property=\"og:description\" content=\"Concurso PM RN: ap\u00f3s a aplica\u00e7\u00e3o das provas, foram divulgados os gabaritos provis\u00f3rios. Confira as sugest\u00f5es de recursos AQUI!\" \/>\n<meta property=\"og:url\" content=\"https:\/\/www.estrategiaconcursos.com.br\/blog\/concurso-pm-rn-recursos\/\" \/>\n<meta property=\"og:site_name\" content=\"Estrat\u00e9gia Concursos\" \/>\n<meta property=\"article:published_time\" content=\"2023-04-18T21:35:21+00:00\" \/>\n<meta property=\"article:modified_time\" content=\"2023-04-19T11:40:06+00:00\" \/>\n<meta property=\"og:image\" content=\"https:\/\/dhg1h5j42swfq.cloudfront.net\/2021\/09\/08135529\/pm-rn.jpg\" \/>\n\t<meta property=\"og:image:width\" content=\"768\" \/>\n\t<meta property=\"og:image:height\" content=\"432\" \/>\n\t<meta property=\"og:image:type\" content=\"image\/jpeg\" \/>\n<meta name=\"author\" content=\"Thiago Cavalcante Gomes\" \/>\n<meta name=\"twitter:card\" content=\"summary_large_image\" \/>\n<meta name=\"twitter:creator\" content=\"@EstratConcursos\" \/>\n<meta name=\"twitter:site\" content=\"@EstratConcursos\" \/>\n<meta name=\"twitter:label1\" content=\"Escrito por\" \/>\n\t<meta name=\"twitter:data1\" content=\"Thiago Cavalcante Gomes\" \/>\n\t<meta name=\"twitter:label2\" content=\"Est. tempo de leitura\" \/>\n\t<meta name=\"twitter:data2\" content=\"8 minutos\" \/>\n<script type=\"application\/ld+json\" class=\"yoast-schema-graph\">{\"@context\":\"https:\/\/schema.org\",\"@graph\":[{\"@type\":\"NewsArticle\",\"@id\":\"https:\/\/www.estrategiaconcursos.com.br\/blog\/concurso-pm-rn-recursos\/#article\",\"isPartOf\":{\"@id\":\"https:\/\/www.estrategiaconcursos.com.br\/blog\/concurso-pm-rn-recursos\/\"},\"author\":{\"name\":\"Thiago Cavalcante Gomes\",\"@id\":\"https:\/\/www.estrategiaconcursos.com.br\/blog\/#\/schema\/person\/4970184533d0a3ffa5b0299ae0a2b21f\"},\"headline\":\"Concurso PM RN: veja os recursos poss\u00edvels!\",\"datePublished\":\"2023-04-18T21:35:21+00:00\",\"dateModified\":\"2023-04-19T11:40:06+00:00\",\"mainEntityOfPage\":{\"@id\":\"https:\/\/www.estrategiaconcursos.com.br\/blog\/concurso-pm-rn-recursos\/\"},\"wordCount\":1523,\"commentCount\":0,\"publisher\":{\"@id\":\"https:\/\/www.estrategiaconcursos.com.br\/blog\/#organization\"},\"image\":{\"@id\":\"https:\/\/www.estrategiaconcursos.com.br\/blog\/concurso-pm-rn-recursos\/#primaryimage\"},\"thumbnailUrl\":\"https:\/\/dhg1h5j42swfq.cloudfront.net\/2021\/09\/08135529\/pm-rn.jpg\",\"articleSection\":[\"Policial (PM\/BM - Pra\u00e7as)\",\"\u00daltimas not\u00edcias\"],\"inLanguage\":\"pt-BR\",\"potentialAction\":[{\"@type\":\"CommentAction\",\"name\":\"Comment\",\"target\":[\"https:\/\/www.estrategiaconcursos.com.br\/blog\/concurso-pm-rn-recursos\/#respond\"]}],\"copyrightYear\":\"2023\",\"copyrightHolder\":{\"@id\":\"https:\/\/www.estrategiaconcursos.com.br\/blog\/#organization\"}},{\"@type\":\"WebPage\",\"@id\":\"https:\/\/www.estrategiaconcursos.com.br\/blog\/concurso-pm-rn-recursos\/\",\"url\":\"https:\/\/www.estrategiaconcursos.com.br\/blog\/concurso-pm-rn-recursos\/\",\"name\":\"Concurso PM RN: veja os recursos poss\u00edvels!\",\"isPartOf\":{\"@id\":\"https:\/\/www.estrategiaconcursos.com.br\/blog\/#website\"},\"primaryImageOfPage\":{\"@id\":\"https:\/\/www.estrategiaconcursos.com.br\/blog\/concurso-pm-rn-recursos\/#primaryimage\"},\"image\":{\"@id\":\"https:\/\/www.estrategiaconcursos.com.br\/blog\/concurso-pm-rn-recursos\/#primaryimage\"},\"thumbnailUrl\":\"https:\/\/dhg1h5j42swfq.cloudfront.net\/2021\/09\/08135529\/pm-rn.jpg\",\"datePublished\":\"2023-04-18T21:35:21+00:00\",\"dateModified\":\"2023-04-19T11:40:06+00:00\",\"description\":\"Concurso PM RN: ap\u00f3s a aplica\u00e7\u00e3o das provas, foram divulgados os gabaritos provis\u00f3rios. Confira as sugest\u00f5es de recursos AQUI!\",\"breadcrumb\":{\"@id\":\"https:\/\/www.estrategiaconcursos.com.br\/blog\/concurso-pm-rn-recursos\/#breadcrumb\"},\"inLanguage\":\"pt-BR\",\"potentialAction\":[{\"@type\":\"ReadAction\",\"target\":[\"https:\/\/www.estrategiaconcursos.com.br\/blog\/concurso-pm-rn-recursos\/\"]}]},{\"@type\":\"ImageObject\",\"inLanguage\":\"pt-BR\",\"@id\":\"https:\/\/www.estrategiaconcursos.com.br\/blog\/concurso-pm-rn-recursos\/#primaryimage\",\"url\":\"https:\/\/dhg1h5j42swfq.cloudfront.net\/2021\/09\/08135529\/pm-rn.jpg\",\"contentUrl\":\"https:\/\/dhg1h5j42swfq.cloudfront.net\/2021\/09\/08135529\/pm-rn.jpg\",\"width\":768,\"height\":432,\"caption\":\"concurso pm rn\"},{\"@type\":\"BreadcrumbList\",\"@id\":\"https:\/\/www.estrategiaconcursos.com.br\/blog\/concurso-pm-rn-recursos\/#breadcrumb\",\"itemListElement\":[{\"@type\":\"ListItem\",\"position\":1,\"name\":\"In\u00edcio\",\"item\":\"https:\/\/www.estrategiaconcursos.com.br\/blog\/\"},{\"@type\":\"ListItem\",\"position\":2,\"name\":\"Concurso PM RN: veja os recursos poss\u00edvels!\"}]},{\"@type\":\"WebSite\",\"@id\":\"https:\/\/www.estrategiaconcursos.com.br\/blog\/#website\",\"url\":\"https:\/\/www.estrategiaconcursos.com.br\/blog\/\",\"name\":\"Estrat\u00e9gia Concursos\",\"description\":\"O blog da Estrat\u00e9gia Concursos traz not\u00edcias sobre concursos e artigos de professores oferecendo cursos para concursos (pdf + videaulas) no site.\",\"publisher\":{\"@id\":\"https:\/\/www.estrategiaconcursos.com.br\/blog\/#organization\"},\"potentialAction\":[{\"@type\":\"SearchAction\",\"target\":{\"@type\":\"EntryPoint\",\"urlTemplate\":\"https:\/\/www.estrategiaconcursos.com.br\/blog\/?s={search_term_string}\"},\"query-input\":{\"@type\":\"PropertyValueSpecification\",\"valueRequired\":true,\"valueName\":\"search_term_string\"}}],\"inLanguage\":\"pt-BR\"},{\"@type\":\"Organization\",\"@id\":\"https:\/\/www.estrategiaconcursos.com.br\/blog\/#organization\",\"name\":\"Estrat\u00e9gia Concursos\",\"url\":\"https:\/\/www.estrategiaconcursos.com.br\/blog\/\",\"logo\":{\"@type\":\"ImageObject\",\"inLanguage\":\"pt-BR\",\"@id\":\"https:\/\/www.estrategiaconcursos.com.br\/blog\/#\/schema\/logo\/image\/\",\"url\":\"https:\/\/dhg1h5j42swfq.cloudfront.net\/2025\/06\/03203428\/logo_concursos-1.jpg\",\"contentUrl\":\"https:\/\/dhg1h5j42swfq.cloudfront.net\/2025\/06\/03203428\/logo_concursos-1.jpg\",\"width\":230,\"height\":60,\"caption\":\"Estrat\u00e9gia Concursos\"},\"image\":{\"@id\":\"https:\/\/www.estrategiaconcursos.com.br\/blog\/#\/schema\/logo\/image\/\"},\"sameAs\":[\"https:\/\/x.com\/EstratConcursos\"]},{\"@type\":\"Person\",\"@id\":\"https:\/\/www.estrategiaconcursos.com.br\/blog\/#\/schema\/person\/4970184533d0a3ffa5b0299ae0a2b21f\",\"name\":\"Thiago Cavalcante Gomes\",\"image\":{\"@type\":\"ImageObject\",\"inLanguage\":\"pt-BR\",\"@id\":\"https:\/\/secure.gravatar.com\/avatar\/?s=96&d=mm&r=g\",\"url\":\"https:\/\/secure.gravatar.com\/avatar\/?s=96&d=mm&r=g\",\"contentUrl\":\"https:\/\/secure.gravatar.com\/avatar\/?s=96&d=mm&r=g\",\"caption\":\"Thiago Cavalcante Gomes\"},\"url\":\"https:\/\/www.estrategiaconcursos.com.br\/blog\/author\/thiago-gomes\/\"}]}<\/script>\n<!-- \/ Yoast SEO Premium plugin. -->","yoast_head_json":{"title":"Concurso PM RN: veja os recursos poss\u00edvels!","description":"Concurso PM RN: ap\u00f3s a aplica\u00e7\u00e3o das provas, foram divulgados os gabaritos provis\u00f3rios. Confira as sugest\u00f5es de recursos AQUI!","robots":{"index":"index","follow":"follow","max-snippet":"max-snippet:-1","max-image-preview":"max-image-preview:large","max-video-preview":"max-video-preview:-1"},"canonical":"https:\/\/www.estrategiaconcursos.com.br\/blog\/concurso-pm-rn-recursos\/","og_locale":"pt_BR","og_type":"article","og_title":"Concurso PM RN: veja os recursos poss\u00edvels!","og_description":"Concurso PM RN: ap\u00f3s a aplica\u00e7\u00e3o das provas, foram divulgados os gabaritos provis\u00f3rios. Confira as sugest\u00f5es de recursos AQUI!","og_url":"https:\/\/www.estrategiaconcursos.com.br\/blog\/concurso-pm-rn-recursos\/","og_site_name":"Estrat\u00e9gia Concursos","article_published_time":"2023-04-18T21:35:21+00:00","article_modified_time":"2023-04-19T11:40:06+00:00","og_image":[{"width":768,"height":432,"url":"https:\/\/dhg1h5j42swfq.cloudfront.net\/2021\/09\/08135529\/pm-rn.jpg","type":"image\/jpeg"}],"author":"Thiago Cavalcante Gomes","twitter_card":"summary_large_image","twitter_creator":"@EstratConcursos","twitter_site":"@EstratConcursos","twitter_misc":{"Escrito por":"Thiago Cavalcante Gomes","Est. tempo de leitura":"8 minutos"},"schema":{"@context":"https:\/\/schema.org","@graph":[{"@type":"NewsArticle","@id":"https:\/\/www.estrategiaconcursos.com.br\/blog\/concurso-pm-rn-recursos\/#article","isPartOf":{"@id":"https:\/\/www.estrategiaconcursos.com.br\/blog\/concurso-pm-rn-recursos\/"},"author":{"name":"Thiago Cavalcante Gomes","@id":"https:\/\/www.estrategiaconcursos.com.br\/blog\/#\/schema\/person\/4970184533d0a3ffa5b0299ae0a2b21f"},"headline":"Concurso PM RN: veja os recursos poss\u00edvels!","datePublished":"2023-04-18T21:35:21+00:00","dateModified":"2023-04-19T11:40:06+00:00","mainEntityOfPage":{"@id":"https:\/\/www.estrategiaconcursos.com.br\/blog\/concurso-pm-rn-recursos\/"},"wordCount":1523,"commentCount":0,"publisher":{"@id":"https:\/\/www.estrategiaconcursos.com.br\/blog\/#organization"},"image":{"@id":"https:\/\/www.estrategiaconcursos.com.br\/blog\/concurso-pm-rn-recursos\/#primaryimage"},"thumbnailUrl":"https:\/\/dhg1h5j42swfq.cloudfront.net\/2021\/09\/08135529\/pm-rn.jpg","articleSection":["Policial (PM\/BM - Pra\u00e7as)","\u00daltimas not\u00edcias"],"inLanguage":"pt-BR","potentialAction":[{"@type":"CommentAction","name":"Comment","target":["https:\/\/www.estrategiaconcursos.com.br\/blog\/concurso-pm-rn-recursos\/#respond"]}],"copyrightYear":"2023","copyrightHolder":{"@id":"https:\/\/www.estrategiaconcursos.com.br\/blog\/#organization"}},{"@type":"WebPage","@id":"https:\/\/www.estrategiaconcursos.com.br\/blog\/concurso-pm-rn-recursos\/","url":"https:\/\/www.estrategiaconcursos.com.br\/blog\/concurso-pm-rn-recursos\/","name":"Concurso PM RN: veja os recursos poss\u00edvels!","isPartOf":{"@id":"https:\/\/www.estrategiaconcursos.com.br\/blog\/#website"},"primaryImageOfPage":{"@id":"https:\/\/www.estrategiaconcursos.com.br\/blog\/concurso-pm-rn-recursos\/#primaryimage"},"image":{"@id":"https:\/\/www.estrategiaconcursos.com.br\/blog\/concurso-pm-rn-recursos\/#primaryimage"},"thumbnailUrl":"https:\/\/dhg1h5j42swfq.cloudfront.net\/2021\/09\/08135529\/pm-rn.jpg","datePublished":"2023-04-18T21:35:21+00:00","dateModified":"2023-04-19T11:40:06+00:00","description":"Concurso PM RN: ap\u00f3s a aplica\u00e7\u00e3o das provas, foram divulgados os gabaritos provis\u00f3rios. Confira as sugest\u00f5es de recursos AQUI!","breadcrumb":{"@id":"https:\/\/www.estrategiaconcursos.com.br\/blog\/concurso-pm-rn-recursos\/#breadcrumb"},"inLanguage":"pt-BR","potentialAction":[{"@type":"ReadAction","target":["https:\/\/www.estrategiaconcursos.com.br\/blog\/concurso-pm-rn-recursos\/"]}]},{"@type":"ImageObject","inLanguage":"pt-BR","@id":"https:\/\/www.estrategiaconcursos.com.br\/blog\/concurso-pm-rn-recursos\/#primaryimage","url":"https:\/\/dhg1h5j42swfq.cloudfront.net\/2021\/09\/08135529\/pm-rn.jpg","contentUrl":"https:\/\/dhg1h5j42swfq.cloudfront.net\/2021\/09\/08135529\/pm-rn.jpg","width":768,"height":432,"caption":"concurso pm rn"},{"@type":"BreadcrumbList","@id":"https:\/\/www.estrategiaconcursos.com.br\/blog\/concurso-pm-rn-recursos\/#breadcrumb","itemListElement":[{"@type":"ListItem","position":1,"name":"In\u00edcio","item":"https:\/\/www.estrategiaconcursos.com.br\/blog\/"},{"@type":"ListItem","position":2,"name":"Concurso PM RN: veja os recursos poss\u00edvels!"}]},{"@type":"WebSite","@id":"https:\/\/www.estrategiaconcursos.com.br\/blog\/#website","url":"https:\/\/www.estrategiaconcursos.com.br\/blog\/","name":"Estrat\u00e9gia Concursos","description":"O blog da Estrat\u00e9gia Concursos traz not\u00edcias sobre concursos e artigos de professores oferecendo cursos para concursos (pdf + videaulas) no site.","publisher":{"@id":"https:\/\/www.estrategiaconcursos.com.br\/blog\/#organization"},"potentialAction":[{"@type":"SearchAction","target":{"@type":"EntryPoint","urlTemplate":"https:\/\/www.estrategiaconcursos.com.br\/blog\/?s={search_term_string}"},"query-input":{"@type":"PropertyValueSpecification","valueRequired":true,"valueName":"search_term_string"}}],"inLanguage":"pt-BR"},{"@type":"Organization","@id":"https:\/\/www.estrategiaconcursos.com.br\/blog\/#organization","name":"Estrat\u00e9gia Concursos","url":"https:\/\/www.estrategiaconcursos.com.br\/blog\/","logo":{"@type":"ImageObject","inLanguage":"pt-BR","@id":"https:\/\/www.estrategiaconcursos.com.br\/blog\/#\/schema\/logo\/image\/","url":"https:\/\/dhg1h5j42swfq.cloudfront.net\/2025\/06\/03203428\/logo_concursos-1.jpg","contentUrl":"https:\/\/dhg1h5j42swfq.cloudfront.net\/2025\/06\/03203428\/logo_concursos-1.jpg","width":230,"height":60,"caption":"Estrat\u00e9gia Concursos"},"image":{"@id":"https:\/\/www.estrategiaconcursos.com.br\/blog\/#\/schema\/logo\/image\/"},"sameAs":["https:\/\/x.com\/EstratConcursos"]},{"@type":"Person","@id":"https:\/\/www.estrategiaconcursos.com.br\/blog\/#\/schema\/person\/4970184533d0a3ffa5b0299ae0a2b21f","name":"Thiago Cavalcante Gomes","image":{"@type":"ImageObject","inLanguage":"pt-BR","@id":"https:\/\/secure.gravatar.com\/avatar\/?s=96&d=mm&r=g","url":"https:\/\/secure.gravatar.com\/avatar\/?s=96&d=mm&r=g","contentUrl":"https:\/\/secure.gravatar.com\/avatar\/?s=96&d=mm&r=g","caption":"Thiago Cavalcante Gomes"},"url":"https:\/\/www.estrategiaconcursos.com.br\/blog\/author\/thiago-gomes\/"}]}},"_links":{"self":[{"href":"https:\/\/www.estrategiaconcursos.com.br\/blog\/wp-json\/wp\/v2\/posts\/1203746","targetHints":{"allow":["GET"]}}],"collection":[{"href":"https:\/\/www.estrategiaconcursos.com.br\/blog\/wp-json\/wp\/v2\/posts"}],"about":[{"href":"https:\/\/www.estrategiaconcursos.com.br\/blog\/wp-json\/wp\/v2\/types\/post"}],"author":[{"embeddable":true,"href":"https:\/\/www.estrategiaconcursos.com.br\/blog\/wp-json\/wp\/v2\/users\/2041"}],"replies":[{"embeddable":true,"href":"https:\/\/www.estrategiaconcursos.com.br\/blog\/wp-json\/wp\/v2\/comments?post=1203746"}],"version-history":[{"count":5,"href":"https:\/\/www.estrategiaconcursos.com.br\/blog\/wp-json\/wp\/v2\/posts\/1203746\/revisions"}],"predecessor-version":[{"id":1203915,"href":"https:\/\/www.estrategiaconcursos.com.br\/blog\/wp-json\/wp\/v2\/posts\/1203746\/revisions\/1203915"}],"wp:featuredmedia":[{"embeddable":true,"href":"https:\/\/www.estrategiaconcursos.com.br\/blog\/wp-json\/wp\/v2\/media\/856360"}],"wp:attachment":[{"href":"https:\/\/www.estrategiaconcursos.com.br\/blog\/wp-json\/wp\/v2\/media?parent=1203746"}],"wp:term":[{"taxonomy":"category","embeddable":true,"href":"https:\/\/www.estrategiaconcursos.com.br\/blog\/wp-json\/wp\/v2\/categories?post=1203746"},{"taxonomy":"post_tag","embeddable":true,"href":"https:\/\/www.estrategiaconcursos.com.br\/blog\/wp-json\/wp\/v2\/tags?post=1203746"},{"taxonomy":"tax_estado","embeddable":true,"href":"https:\/\/www.estrategiaconcursos.com.br\/blog\/wp-json\/wp\/v2\/tax_estado?post=1203746"}],"curies":[{"name":"wp","href":"https:\/\/api.w.org\/{rel}","templated":true}]}}