{"id":1203276,"date":"2023-04-18T10:20:03","date_gmt":"2023-04-18T13:20:03","guid":{"rendered":"https:\/\/www.estrategiaconcursos.com.br\/blog\/?p=1203276"},"modified":"2024-12-09T17:33:13","modified_gmt":"2024-12-09T20:33:13","slug":"ministra-volta-a-falar-dos-concursos-ambientais","status":"publish","type":"post","link":"https:\/\/www.estrategiaconcursos.com.br\/blog\/ministra-volta-a-falar-dos-concursos-ambientais\/","title":{"rendered":"Concursos ambientais: ministra volta a falar sobre editais"},"content":{"rendered":"\n<p>Em evento realizado na \u00faltima segunda-feira, 17 de abril, a ministra do Meio Ambiente e Mudan\u00e7a do Clima, Marina Silva, voltou a falar sobre a <strong>autoriza\u00e7\u00e3o dos concursos para o IBAMA, ICMBio e MMA<\/strong>:<\/p>\n\n\n\n<blockquote class=\"wp-block-quote is-layout-flow wp-block-quote-is-layout-flow\">\n<p><em>\u201c[No] governo Bolsonaro, quando a gente diz terra arrasada, [que] houve um desmonte, \u00e9 um desmonte mesmo. \u00c9 com esses fiscais que n\u00f3s estamos trabalhando. <strong>Ainda bem que j\u00e1 conseguimos concurso para o Ibama, o ICMBio e o minist\u00e9rio<\/strong>\u201d<\/em>, <a href=\"https:\/\/globorural.globo.com\/politica\/noticia\/2023\/04\/marina-silva-avalia-que-houve-um-desmonte-na-fiscalizacao-ambiental.ghtml\" target=\"_blank\" rel=\"noreferrer noopener\">afirmou<\/a>.<\/p>\n\n\n\n<figure class=\"wp-block-image aligncenter size-full\"><img loading=\"lazy\" decoding=\"async\" width=\"888\" height=\"557\" src=\"https:\/\/dhg1h5j42swfq.cloudfront.net\/2023\/04\/18101426\/image-165.png\" alt=\"Concursos ambientais: ministra volta a falar sobre editais\" class=\"wp-image-1203303\" srcset=\"https:\/\/dhg1h5j42swfq.cloudfront.net\/2023\/04\/18101426\/image-165.png 888w, https:\/\/dhg1h5j42swfq.cloudfront.net\/2023\/04\/18101426\/image-165-300x188.png 300w, https:\/\/dhg1h5j42swfq.cloudfront.net\/2023\/04\/18101426\/image-165-768x482.png 768w, https:\/\/dhg1h5j42swfq.cloudfront.net\/2023\/04\/18101426\/image-165-610x383.png 610w, https:\/\/dhg1h5j42swfq.cloudfront.net\/2023\/04\/18101426\/image-165-150x94.png 150w\" sizes=\"auto, (max-width: 888px) 100vw, 888px\" \/><figcaption class=\"wp-element-caption\">Imagem: Emerson Leal\/STJ<\/figcaption><\/figure>\n<\/blockquote>\n\n\n\n<p>O <a href=\"https:\/\/www.stj.jus.br\/sites\/portalp\/Paginas\/Comunicacao\/Noticias\/2023\/17042023-Representatividade-e-pluralidade-marcam-inicio-de-simposio-internacional-sobre-povos-indigenas.aspx\" target=\"_blank\" rel=\"noreferrer noopener\">evento<\/a> foi realizado pelo Superior Tribunal de Justi\u00e7a (STJ) e pela Associa\u00e7\u00e3o dos Magistrados Brasileiros (AMB). Formaram a mesa de abertura a presidente do STJ, ministra Maria Thereza de Assis Moura; a presidente do Supremo Tribunal Federal (STF), ministra Rosa Weber; o ministro Herman Benjamin, coordenador cient\u00edfico do simp\u00f3sio; a deputada federal C\u00e9lia Xakriab\u00e1; o presidente da AMB, Frederico Mendes J\u00fanior e a diretora jur\u00eddica do Banco do Brasil, Lucin\u00e9ia Possar.<\/p>\n\n\n\n<p>Vale lembrar que em recente <a href=\"https:\/\/www.estrategiaconcursos.com.br\/blog\/concursos-ambientais-autorizados-entenda\/\" target=\"_blank\" rel=\"noreferrer noopener\">entrevista ao jornal CNN Brasil<\/a>, Marina j\u00e1 havia confirmado a autoriza\u00e7\u00e3o dos tr\u00eas concursos ambientais.<\/p>\n\n\n\n<p>Apesar disso, o \u00fanico certame <strong>oficialmente autorizado at\u00e9 o momento<\/strong> foi para o Minist\u00e9rio da Ci\u00eancia, Tecnologia e Inova\u00e7\u00e3o&nbsp;(<a href=\"https:\/\/www.estrategiaconcursos.com.br\/blog\/concurso-mctic\/\" target=\"_blank\" rel=\"noreferrer noopener\">MCTI<\/a>).<\/p>\n\n\n\n<p class=\"has-text-align-center\"><em>Para ficar por dentro de todas as informa\u00e7\u00f5es sobre os concursos ambientais, n\u00e3o deixe de conferir nossos artigos completos sobre as respectivas sele\u00e7\u00f5es:<\/em><\/p>\n\n\n\n<p class=\"has-text-align-center has-background\" style=\"background-color:#e6eaed\"><strong>Mais informa\u00e7\u00f5es: <a href=\"https:\/\/www.estrategiaconcursos.com.br\/blog\/concurso-ibama\/\" target=\"_blank\" rel=\"noreferrer noopener\">IBAMA<\/a> | <a href=\"https:\/\/www.estrategiaconcursos.com.br\/blog\/concurso-icmbio\/\" target=\"_blank\" rel=\"noreferrer noopener\">ICMBio<\/a> | <a href=\"https:\/\/www.estrategiaconcursos.com.br\/blog\/concurso-mma\/\" target=\"_blank\" rel=\"noreferrer noopener\">MMA<\/a><\/strong><\/p>\n\n\n\n<hr class=\"wp-block-separator has-alpha-channel-opacity\"\/>\n\n\n\n<p class=\"has-text-align-center\"><strong>Assinatura Vital\u00edcia:&nbsp;<\/strong>esta \u00e9 a sua chance de obter acesso ao material l\u00edder absoluto em aprova\u00e7\u00f5es, para vida toda, e transformar completamente a sua realidade:<\/p>\n\n\n\n<figure class=\"wp-block-image\"><a href=\"https:\/\/www.estrategiaconcursos.com.br\/promocoes\/vitalicia?utm_source=banner&amp;utm_medium=banner&amp;utm_campaign=ec-ge-vd-banner-assinaturavitalicia-semesp-030423\" target=\"_blank\" rel=\"noreferrer noopener\"><img loading=\"lazy\" decoding=\"async\" width=\"1024\" height=\"326\" src=\"https:\/\/dhg1h5j42swfq.cloudfront.net\/2023\/04\/11075857\/unnamed-1-1-1024x326.png\" alt=\"Assinatura Vital\u00edcia - estude para os concursos ambientais 2023\" class=\"wp-image-1199647\" srcset=\"https:\/\/dhg1h5j42swfq.cloudfront.net\/2023\/04\/11075857\/unnamed-1-1-1024x326.png 1024w, https:\/\/dhg1h5j42swfq.cloudfront.net\/2023\/04\/11075857\/unnamed-1-1-300x96.png 300w, https:\/\/dhg1h5j42swfq.cloudfront.net\/2023\/04\/11075857\/unnamed-1-1-768x245.png 768w, https:\/\/dhg1h5j42swfq.cloudfront.net\/2023\/04\/11075857\/unnamed-1-1-610x194.png 610w, https:\/\/dhg1h5j42swfq.cloudfront.net\/2023\/04\/11075857\/unnamed-1-1-150x48.png 150w, https:\/\/dhg1h5j42swfq.cloudfront.net\/2023\/04\/11075857\/unnamed-1-1.png 1418w\" sizes=\"auto, (max-width: 1024px) 100vw, 1024px\" \/><\/a><figcaption class=\"wp-element-caption\"><a href=\"https:\/\/estrategiaconcursos.com.br\/promocoes\/assinaturas\" target=\"_blank\" rel=\"noreferrer noopener\">Assinatura Vital\u00edcia \u2013 Lote 2 at\u00e9 24\/04<\/a><\/figcaption><\/figure>\n\n\n\n<h2 class=\"wp-block-heading has-text-align-center\" id=\"h-quer-saber-tudo-sobre-concursos-previstos-confira-os-nossos-artigos\"><a href=\"https:\/\/gratis.estrategiaconcursos.com.br\/assinatura-vitalicia-estrategia\/?utm_source=banner&amp;utm_medium=banner&amp;utm_campaign=ec-ge-ld-banner-assinaturavitalicia-semesp-030423\"><\/a>Quer saber tudo sobre concursos previstos?<br \/>Confira os nossos artigos!<\/h2>\n\n\n\n<ul class=\"wp-block-list\">\n<li><a href=\"https:\/\/www.estrategiaconcursos.com.br\/blog\/concursos-abertos\/\" target=\"_blank\" rel=\"noreferrer noopener\">Concursos Abertos<\/a><\/li>\n\n\n\n<li><a href=\"https:\/\/www.estrategiaconcursos.com.br\/blog\/concursos-federais-2023\/\" target=\"_blank\" rel=\"noreferrer noopener\">Concursos Federais<\/a><\/li>\n\n\n\n<li><a href=\"https:\/\/www.estrategiaconcursos.com.br\/blog\/concursos-2023\/\" target=\"_blank\" rel=\"noreferrer noopener\">Concursos 2023<\/a><\/li>\n<\/ul>\n","protected":false},"excerpt":{"rendered":"<p>Em evento realizado na \u00faltima segunda-feira, 17 de abril, a ministra do Meio Ambiente e Mudan\u00e7a do Clima, Marina Silva, voltou a falar sobre a autoriza\u00e7\u00e3o dos concursos para o IBAMA, ICMBio e MMA: O evento foi realizado pelo Superior Tribunal de Justi\u00e7a (STJ) e pela Associa\u00e7\u00e3o dos Magistrados Brasileiros (AMB). Formaram a mesa de [&hellip;]<\/p>\n","protected":false},"author":659,"featured_media":916425,"comment_status":"open","ping_status":"closed","sticky":false,"template":"","format":"standard","meta":{"post_tipo":"news","footnotes":""},"categories":[214992,220219],"tags":[],"tax_estado":[219963],"class_list":["post-1203276","post","type-post","status-publish","format-standard","has-post-thumbnail","hentry","category-concursos-administrativos","category-noticias","tax_estado-concursos-federais"],"acf":[],"yoast_head":"<!-- This site is optimized with the Yoast SEO Premium plugin v27.2 (Yoast SEO v27.2) - https:\/\/yoast.com\/product\/yoast-seo-premium-wordpress\/ -->\n<title>Concursos ambientais: ministra volta a falar sobre editais<\/title>\n<meta name=\"description\" content=\"Em evento realizado na \u00faltima segunda-feira, ministra Marina Silva voltou a falar sobre a autoriza\u00e7\u00e3o de tr\u00eas concursos ambientais.\" \/>\n<meta name=\"robots\" content=\"index, follow, max-snippet:-1, max-image-preview:large, max-video-preview:-1\" \/>\n<link rel=\"canonical\" href=\"https:\/\/www.estrategiaconcursos.com.br\/blog\/ministra-volta-a-falar-dos-concursos-ambientais\/\" \/>\n<meta property=\"og:locale\" content=\"pt_BR\" \/>\n<meta property=\"og:type\" content=\"article\" \/>\n<meta property=\"og:title\" content=\"Concursos ambientais: ministra volta a falar sobre editais\" \/>\n<meta property=\"og:description\" content=\"Em evento realizado na \u00faltima segunda-feira, ministra Marina Silva voltou a falar sobre a autoriza\u00e7\u00e3o de tr\u00eas concursos ambientais.\" \/>\n<meta property=\"og:url\" content=\"https:\/\/www.estrategiaconcursos.com.br\/blog\/ministra-volta-a-falar-dos-concursos-ambientais\/\" \/>\n<meta property=\"og:site_name\" content=\"Estrat\u00e9gia Concursos\" \/>\n<meta property=\"article:published_time\" content=\"2023-04-18T13:20:03+00:00\" \/>\n<meta property=\"article:modified_time\" content=\"2024-12-09T20:33:13+00:00\" \/>\n<meta property=\"og:image\" content=\"https:\/\/dhg1h5j42swfq.cloudfront.net\/2021\/11\/25152046\/concursos-federais.jpg\" \/>\n\t<meta property=\"og:image:width\" content=\"1200\" \/>\n\t<meta property=\"og:image:height\" content=\"629\" \/>\n\t<meta property=\"og:image:type\" content=\"image\/jpeg\" \/>\n<meta name=\"author\" content=\"Camila Leite\" \/>\n<meta name=\"twitter:card\" content=\"summary_large_image\" \/>\n<meta name=\"twitter:creator\" content=\"@EstratConcursos\" \/>\n<meta name=\"twitter:site\" content=\"@EstratConcursos\" \/>\n<meta name=\"twitter:label1\" content=\"Escrito por\" \/>\n\t<meta name=\"twitter:data1\" content=\"Camila Leite\" \/>\n\t<meta name=\"twitter:label2\" content=\"Est. tempo de leitura\" \/>\n\t<meta name=\"twitter:data2\" content=\"1 minuto\" \/>\n<script type=\"application\/ld+json\" class=\"yoast-schema-graph\">{\"@context\":\"https:\/\/schema.org\",\"@graph\":[{\"@type\":\"NewsArticle\",\"@id\":\"https:\/\/www.estrategiaconcursos.com.br\/blog\/ministra-volta-a-falar-dos-concursos-ambientais\/#article\",\"isPartOf\":{\"@id\":\"https:\/\/www.estrategiaconcursos.com.br\/blog\/ministra-volta-a-falar-dos-concursos-ambientais\/\"},\"author\":{\"name\":\"Camila Leite\",\"@id\":\"https:\/\/www.estrategiaconcursos.com.br\/blog\/#\/schema\/person\/84ecdc6eb58d3cf1689bf76c5cd8fb38\"},\"headline\":\"Concursos ambientais: ministra volta a falar sobre editais\",\"datePublished\":\"2023-04-18T13:20:03+00:00\",\"dateModified\":\"2024-12-09T20:33:13+00:00\",\"mainEntityOfPage\":{\"@id\":\"https:\/\/www.estrategiaconcursos.com.br\/blog\/ministra-volta-a-falar-dos-concursos-ambientais\/\"},\"wordCount\":293,\"commentCount\":0,\"publisher\":{\"@id\":\"https:\/\/www.estrategiaconcursos.com.br\/blog\/#organization\"},\"image\":{\"@id\":\"https:\/\/www.estrategiaconcursos.com.br\/blog\/ministra-volta-a-falar-dos-concursos-ambientais\/#primaryimage\"},\"thumbnailUrl\":\"https:\/\/dhg1h5j42swfq.cloudfront.net\/2021\/11\/25152046\/concursos-federais.jpg\",\"articleSection\":[\"Executivo (Administrativa)\",\"\u00daltimas not\u00edcias\"],\"inLanguage\":\"pt-BR\",\"potentialAction\":[{\"@type\":\"CommentAction\",\"name\":\"Comment\",\"target\":[\"https:\/\/www.estrategiaconcursos.com.br\/blog\/ministra-volta-a-falar-dos-concursos-ambientais\/#respond\"]}],\"copyrightYear\":\"2023\",\"copyrightHolder\":{\"@id\":\"https:\/\/www.estrategiaconcursos.com.br\/blog\/#organization\"}},{\"@type\":\"WebPage\",\"@id\":\"https:\/\/www.estrategiaconcursos.com.br\/blog\/ministra-volta-a-falar-dos-concursos-ambientais\/\",\"url\":\"https:\/\/www.estrategiaconcursos.com.br\/blog\/ministra-volta-a-falar-dos-concursos-ambientais\/\",\"name\":\"Concursos ambientais: ministra volta a falar sobre editais\",\"isPartOf\":{\"@id\":\"https:\/\/www.estrategiaconcursos.com.br\/blog\/#website\"},\"primaryImageOfPage\":{\"@id\":\"https:\/\/www.estrategiaconcursos.com.br\/blog\/ministra-volta-a-falar-dos-concursos-ambientais\/#primaryimage\"},\"image\":{\"@id\":\"https:\/\/www.estrategiaconcursos.com.br\/blog\/ministra-volta-a-falar-dos-concursos-ambientais\/#primaryimage\"},\"thumbnailUrl\":\"https:\/\/dhg1h5j42swfq.cloudfront.net\/2021\/11\/25152046\/concursos-federais.jpg\",\"datePublished\":\"2023-04-18T13:20:03+00:00\",\"dateModified\":\"2024-12-09T20:33:13+00:00\",\"description\":\"Em evento realizado na \u00faltima segunda-feira, ministra Marina Silva voltou a falar sobre a autoriza\u00e7\u00e3o de tr\u00eas concursos ambientais.\",\"breadcrumb\":{\"@id\":\"https:\/\/www.estrategiaconcursos.com.br\/blog\/ministra-volta-a-falar-dos-concursos-ambientais\/#breadcrumb\"},\"inLanguage\":\"pt-BR\",\"potentialAction\":[{\"@type\":\"ReadAction\",\"target\":[\"https:\/\/www.estrategiaconcursos.com.br\/blog\/ministra-volta-a-falar-dos-concursos-ambientais\/\"]}]},{\"@type\":\"ImageObject\",\"inLanguage\":\"pt-BR\",\"@id\":\"https:\/\/www.estrategiaconcursos.com.br\/blog\/ministra-volta-a-falar-dos-concursos-ambientais\/#primaryimage\",\"url\":\"https:\/\/dhg1h5j42swfq.cloudfront.net\/2021\/11\/25152046\/concursos-federais.jpg\",\"contentUrl\":\"https:\/\/dhg1h5j42swfq.cloudfront.net\/2021\/11\/25152046\/concursos-federais.jpg\",\"width\":1200,\"height\":629,\"caption\":\"Concursos Federais convoca\u00e7\u00f5es\"},{\"@type\":\"BreadcrumbList\",\"@id\":\"https:\/\/www.estrategiaconcursos.com.br\/blog\/ministra-volta-a-falar-dos-concursos-ambientais\/#breadcrumb\",\"itemListElement\":[{\"@type\":\"ListItem\",\"position\":1,\"name\":\"In\u00edcio\",\"item\":\"https:\/\/www.estrategiaconcursos.com.br\/blog\/\"},{\"@type\":\"ListItem\",\"position\":2,\"name\":\"Concursos ambientais: ministra volta a falar sobre editais\"}]},{\"@type\":\"WebSite\",\"@id\":\"https:\/\/www.estrategiaconcursos.com.br\/blog\/#website\",\"url\":\"https:\/\/www.estrategiaconcursos.com.br\/blog\/\",\"name\":\"Estrat\u00e9gia Concursos\",\"description\":\"O blog da Estrat\u00e9gia Concursos traz not\u00edcias sobre concursos e artigos de professores oferecendo cursos para concursos (pdf + videaulas) no site.\",\"publisher\":{\"@id\":\"https:\/\/www.estrategiaconcursos.com.br\/blog\/#organization\"},\"potentialAction\":[{\"@type\":\"SearchAction\",\"target\":{\"@type\":\"EntryPoint\",\"urlTemplate\":\"https:\/\/www.estrategiaconcursos.com.br\/blog\/?s={search_term_string}\"},\"query-input\":{\"@type\":\"PropertyValueSpecification\",\"valueRequired\":true,\"valueName\":\"search_term_string\"}}],\"inLanguage\":\"pt-BR\"},{\"@type\":\"Organization\",\"@id\":\"https:\/\/www.estrategiaconcursos.com.br\/blog\/#organization\",\"name\":\"Estrat\u00e9gia Concursos\",\"url\":\"https:\/\/www.estrategiaconcursos.com.br\/blog\/\",\"logo\":{\"@type\":\"ImageObject\",\"inLanguage\":\"pt-BR\",\"@id\":\"https:\/\/www.estrategiaconcursos.com.br\/blog\/#\/schema\/logo\/image\/\",\"url\":\"https:\/\/dhg1h5j42swfq.cloudfront.net\/2025\/06\/03203428\/logo_concursos-1.jpg\",\"contentUrl\":\"https:\/\/dhg1h5j42swfq.cloudfront.net\/2025\/06\/03203428\/logo_concursos-1.jpg\",\"width\":230,\"height\":60,\"caption\":\"Estrat\u00e9gia Concursos\"},\"image\":{\"@id\":\"https:\/\/www.estrategiaconcursos.com.br\/blog\/#\/schema\/logo\/image\/\"},\"sameAs\":[\"https:\/\/x.com\/EstratConcursos\"]},{\"@type\":\"Person\",\"@id\":\"https:\/\/www.estrategiaconcursos.com.br\/blog\/#\/schema\/person\/84ecdc6eb58d3cf1689bf76c5cd8fb38\",\"name\":\"Camila Leite\",\"image\":{\"@type\":\"ImageObject\",\"inLanguage\":\"pt-BR\",\"@id\":\"https:\/\/secure.gravatar.com\/avatar\/f2f8faef639c8a2bfb7fb909912a56917f4c3a0aed064500168e2fb8ea55cf61?s=96&d=mm&r=g\",\"url\":\"https:\/\/secure.gravatar.com\/avatar\/f2f8faef639c8a2bfb7fb909912a56917f4c3a0aed064500168e2fb8ea55cf61?s=96&d=mm&r=g\",\"contentUrl\":\"https:\/\/secure.gravatar.com\/avatar\/f2f8faef639c8a2bfb7fb909912a56917f4c3a0aed064500168e2fb8ea55cf61?s=96&d=mm&r=g\",\"caption\":\"Camila Leite\"},\"description\":\"Formada em Design Gr\u00e1fico e em Propaganda e Marketing pela UNIP, integra a equipe de jornalismo do Estrat\u00e9gia Concursos desde 2018. Ao longo dos anos, construiu uma s\u00f3lida experi\u00eancia na produ\u00e7\u00e3o de conte\u00fado informativo e relevante para concurseiros. Desde 2020, atua na cobertura das \u00e1reas Fiscal \u2014 com \u00eanfase nas Secretarias de Fazenda (Sefaz) das regi\u00f5es Sul e Sudeste \u2014, al\u00e9m da cobertura de concursos federais, como CNU, Petrobras, CGU, Receita Federal, ag\u00eancias reguladoras (Anvisa, ANAC, entre outras) e INSS. Mant\u00e9m contato direto com os principais \u00f3rg\u00e3os p\u00fablicos, acompanhando editais, atualiza\u00e7\u00f5es e movimenta\u00e7\u00f5es importantes para os candidatos.\",\"sameAs\":[\"https:\/\/www.linkedin.com\/in\/camila-pinheiro-leite-9ba135b6\/\"],\"url\":\"https:\/\/www.estrategiaconcursos.com.br\/blog\/author\/camila-leiteestrategiaconcursos-com-br\/\"}]}<\/script>\n<!-- \/ Yoast SEO Premium plugin. -->","yoast_head_json":{"title":"Concursos ambientais: ministra volta a falar sobre editais","description":"Em evento realizado na \u00faltima segunda-feira, ministra Marina Silva voltou a falar sobre a autoriza\u00e7\u00e3o de tr\u00eas concursos ambientais.","robots":{"index":"index","follow":"follow","max-snippet":"max-snippet:-1","max-image-preview":"max-image-preview:large","max-video-preview":"max-video-preview:-1"},"canonical":"https:\/\/www.estrategiaconcursos.com.br\/blog\/ministra-volta-a-falar-dos-concursos-ambientais\/","og_locale":"pt_BR","og_type":"article","og_title":"Concursos ambientais: ministra volta a falar sobre editais","og_description":"Em evento realizado na \u00faltima segunda-feira, ministra Marina Silva voltou a falar sobre a autoriza\u00e7\u00e3o de tr\u00eas concursos ambientais.","og_url":"https:\/\/www.estrategiaconcursos.com.br\/blog\/ministra-volta-a-falar-dos-concursos-ambientais\/","og_site_name":"Estrat\u00e9gia Concursos","article_published_time":"2023-04-18T13:20:03+00:00","article_modified_time":"2024-12-09T20:33:13+00:00","og_image":[{"width":1200,"height":629,"url":"https:\/\/dhg1h5j42swfq.cloudfront.net\/2021\/11\/25152046\/concursos-federais.jpg","type":"image\/jpeg"}],"author":"Camila Leite","twitter_card":"summary_large_image","twitter_creator":"@EstratConcursos","twitter_site":"@EstratConcursos","twitter_misc":{"Escrito por":"Camila Leite","Est. tempo de leitura":"1 minuto"},"schema":{"@context":"https:\/\/schema.org","@graph":[{"@type":"NewsArticle","@id":"https:\/\/www.estrategiaconcursos.com.br\/blog\/ministra-volta-a-falar-dos-concursos-ambientais\/#article","isPartOf":{"@id":"https:\/\/www.estrategiaconcursos.com.br\/blog\/ministra-volta-a-falar-dos-concursos-ambientais\/"},"author":{"name":"Camila Leite","@id":"https:\/\/www.estrategiaconcursos.com.br\/blog\/#\/schema\/person\/84ecdc6eb58d3cf1689bf76c5cd8fb38"},"headline":"Concursos ambientais: ministra volta a falar sobre editais","datePublished":"2023-04-18T13:20:03+00:00","dateModified":"2024-12-09T20:33:13+00:00","mainEntityOfPage":{"@id":"https:\/\/www.estrategiaconcursos.com.br\/blog\/ministra-volta-a-falar-dos-concursos-ambientais\/"},"wordCount":293,"commentCount":0,"publisher":{"@id":"https:\/\/www.estrategiaconcursos.com.br\/blog\/#organization"},"image":{"@id":"https:\/\/www.estrategiaconcursos.com.br\/blog\/ministra-volta-a-falar-dos-concursos-ambientais\/#primaryimage"},"thumbnailUrl":"https:\/\/dhg1h5j42swfq.cloudfront.net\/2021\/11\/25152046\/concursos-federais.jpg","articleSection":["Executivo (Administrativa)","\u00daltimas not\u00edcias"],"inLanguage":"pt-BR","potentialAction":[{"@type":"CommentAction","name":"Comment","target":["https:\/\/www.estrategiaconcursos.com.br\/blog\/ministra-volta-a-falar-dos-concursos-ambientais\/#respond"]}],"copyrightYear":"2023","copyrightHolder":{"@id":"https:\/\/www.estrategiaconcursos.com.br\/blog\/#organization"}},{"@type":"WebPage","@id":"https:\/\/www.estrategiaconcursos.com.br\/blog\/ministra-volta-a-falar-dos-concursos-ambientais\/","url":"https:\/\/www.estrategiaconcursos.com.br\/blog\/ministra-volta-a-falar-dos-concursos-ambientais\/","name":"Concursos ambientais: ministra volta a falar sobre editais","isPartOf":{"@id":"https:\/\/www.estrategiaconcursos.com.br\/blog\/#website"},"primaryImageOfPage":{"@id":"https:\/\/www.estrategiaconcursos.com.br\/blog\/ministra-volta-a-falar-dos-concursos-ambientais\/#primaryimage"},"image":{"@id":"https:\/\/www.estrategiaconcursos.com.br\/blog\/ministra-volta-a-falar-dos-concursos-ambientais\/#primaryimage"},"thumbnailUrl":"https:\/\/dhg1h5j42swfq.cloudfront.net\/2021\/11\/25152046\/concursos-federais.jpg","datePublished":"2023-04-18T13:20:03+00:00","dateModified":"2024-12-09T20:33:13+00:00","description":"Em evento realizado na \u00faltima segunda-feira, ministra Marina Silva voltou a falar sobre a autoriza\u00e7\u00e3o de tr\u00eas concursos ambientais.","breadcrumb":{"@id":"https:\/\/www.estrategiaconcursos.com.br\/blog\/ministra-volta-a-falar-dos-concursos-ambientais\/#breadcrumb"},"inLanguage":"pt-BR","potentialAction":[{"@type":"ReadAction","target":["https:\/\/www.estrategiaconcursos.com.br\/blog\/ministra-volta-a-falar-dos-concursos-ambientais\/"]}]},{"@type":"ImageObject","inLanguage":"pt-BR","@id":"https:\/\/www.estrategiaconcursos.com.br\/blog\/ministra-volta-a-falar-dos-concursos-ambientais\/#primaryimage","url":"https:\/\/dhg1h5j42swfq.cloudfront.net\/2021\/11\/25152046\/concursos-federais.jpg","contentUrl":"https:\/\/dhg1h5j42swfq.cloudfront.net\/2021\/11\/25152046\/concursos-federais.jpg","width":1200,"height":629,"caption":"Concursos Federais convoca\u00e7\u00f5es"},{"@type":"BreadcrumbList","@id":"https:\/\/www.estrategiaconcursos.com.br\/blog\/ministra-volta-a-falar-dos-concursos-ambientais\/#breadcrumb","itemListElement":[{"@type":"ListItem","position":1,"name":"In\u00edcio","item":"https:\/\/www.estrategiaconcursos.com.br\/blog\/"},{"@type":"ListItem","position":2,"name":"Concursos ambientais: ministra volta a falar sobre editais"}]},{"@type":"WebSite","@id":"https:\/\/www.estrategiaconcursos.com.br\/blog\/#website","url":"https:\/\/www.estrategiaconcursos.com.br\/blog\/","name":"Estrat\u00e9gia Concursos","description":"O blog da Estrat\u00e9gia Concursos traz not\u00edcias sobre concursos e artigos de professores oferecendo cursos para concursos (pdf + videaulas) no site.","publisher":{"@id":"https:\/\/www.estrategiaconcursos.com.br\/blog\/#organization"},"potentialAction":[{"@type":"SearchAction","target":{"@type":"EntryPoint","urlTemplate":"https:\/\/www.estrategiaconcursos.com.br\/blog\/?s={search_term_string}"},"query-input":{"@type":"PropertyValueSpecification","valueRequired":true,"valueName":"search_term_string"}}],"inLanguage":"pt-BR"},{"@type":"Organization","@id":"https:\/\/www.estrategiaconcursos.com.br\/blog\/#organization","name":"Estrat\u00e9gia Concursos","url":"https:\/\/www.estrategiaconcursos.com.br\/blog\/","logo":{"@type":"ImageObject","inLanguage":"pt-BR","@id":"https:\/\/www.estrategiaconcursos.com.br\/blog\/#\/schema\/logo\/image\/","url":"https:\/\/dhg1h5j42swfq.cloudfront.net\/2025\/06\/03203428\/logo_concursos-1.jpg","contentUrl":"https:\/\/dhg1h5j42swfq.cloudfront.net\/2025\/06\/03203428\/logo_concursos-1.jpg","width":230,"height":60,"caption":"Estrat\u00e9gia Concursos"},"image":{"@id":"https:\/\/www.estrategiaconcursos.com.br\/blog\/#\/schema\/logo\/image\/"},"sameAs":["https:\/\/x.com\/EstratConcursos"]},{"@type":"Person","@id":"https:\/\/www.estrategiaconcursos.com.br\/blog\/#\/schema\/person\/84ecdc6eb58d3cf1689bf76c5cd8fb38","name":"Camila Leite","image":{"@type":"ImageObject","inLanguage":"pt-BR","@id":"https:\/\/secure.gravatar.com\/avatar\/f2f8faef639c8a2bfb7fb909912a56917f4c3a0aed064500168e2fb8ea55cf61?s=96&d=mm&r=g","url":"https:\/\/secure.gravatar.com\/avatar\/f2f8faef639c8a2bfb7fb909912a56917f4c3a0aed064500168e2fb8ea55cf61?s=96&d=mm&r=g","contentUrl":"https:\/\/secure.gravatar.com\/avatar\/f2f8faef639c8a2bfb7fb909912a56917f4c3a0aed064500168e2fb8ea55cf61?s=96&d=mm&r=g","caption":"Camila Leite"},"description":"Formada em Design Gr\u00e1fico e em Propaganda e Marketing pela UNIP, integra a equipe de jornalismo do Estrat\u00e9gia Concursos desde 2018. Ao longo dos anos, construiu uma s\u00f3lida experi\u00eancia na produ\u00e7\u00e3o de conte\u00fado informativo e relevante para concurseiros. Desde 2020, atua na cobertura das \u00e1reas Fiscal \u2014 com \u00eanfase nas Secretarias de Fazenda (Sefaz) das regi\u00f5es Sul e Sudeste \u2014, al\u00e9m da cobertura de concursos federais, como CNU, Petrobras, CGU, Receita Federal, ag\u00eancias reguladoras (Anvisa, ANAC, entre outras) e INSS. Mant\u00e9m contato direto com os principais \u00f3rg\u00e3os p\u00fablicos, acompanhando editais, atualiza\u00e7\u00f5es e movimenta\u00e7\u00f5es importantes para os candidatos.","sameAs":["https:\/\/www.linkedin.com\/in\/camila-pinheiro-leite-9ba135b6\/"],"url":"https:\/\/www.estrategiaconcursos.com.br\/blog\/author\/camila-leiteestrategiaconcursos-com-br\/"}]}},"_links":{"self":[{"href":"https:\/\/www.estrategiaconcursos.com.br\/blog\/wp-json\/wp\/v2\/posts\/1203276","targetHints":{"allow":["GET"]}}],"collection":[{"href":"https:\/\/www.estrategiaconcursos.com.br\/blog\/wp-json\/wp\/v2\/posts"}],"about":[{"href":"https:\/\/www.estrategiaconcursos.com.br\/blog\/wp-json\/wp\/v2\/types\/post"}],"author":[{"embeddable":true,"href":"https:\/\/www.estrategiaconcursos.com.br\/blog\/wp-json\/wp\/v2\/users\/659"}],"replies":[{"embeddable":true,"href":"https:\/\/www.estrategiaconcursos.com.br\/blog\/wp-json\/wp\/v2\/comments?post=1203276"}],"version-history":[{"count":4,"href":"https:\/\/www.estrategiaconcursos.com.br\/blog\/wp-json\/wp\/v2\/posts\/1203276\/revisions"}],"predecessor-version":[{"id":1203311,"href":"https:\/\/www.estrategiaconcursos.com.br\/blog\/wp-json\/wp\/v2\/posts\/1203276\/revisions\/1203311"}],"wp:featuredmedia":[{"embeddable":true,"href":"https:\/\/www.estrategiaconcursos.com.br\/blog\/wp-json\/wp\/v2\/media\/916425"}],"wp:attachment":[{"href":"https:\/\/www.estrategiaconcursos.com.br\/blog\/wp-json\/wp\/v2\/media?parent=1203276"}],"wp:term":[{"taxonomy":"category","embeddable":true,"href":"https:\/\/www.estrategiaconcursos.com.br\/blog\/wp-json\/wp\/v2\/categories?post=1203276"},{"taxonomy":"post_tag","embeddable":true,"href":"https:\/\/www.estrategiaconcursos.com.br\/blog\/wp-json\/wp\/v2\/tags?post=1203276"},{"taxonomy":"tax_estado","embeddable":true,"href":"https:\/\/www.estrategiaconcursos.com.br\/blog\/wp-json\/wp\/v2\/tax_estado?post=1203276"}],"curies":[{"name":"wp","href":"https:\/\/api.w.org\/{rel}","templated":true}]}}