{"id":1202234,"date":"2023-04-16T17:55:04","date_gmt":"2023-04-16T20:55:04","guid":{"rendered":"https:\/\/www.estrategiaconcursos.com.br\/blog\/?p=1202234"},"modified":"2023-04-18T12:20:21","modified_gmt":"2023-04-18T15:20:21","slug":"gabarito-extraoficial-cgdf-auditor-de-controle-interno","status":"publish","type":"post","link":"https:\/\/www.estrategiaconcursos.com.br\/blog\/gabarito-extraoficial-cgdf-auditor-de-controle-interno\/","title":{"rendered":"Gabarito extraoficial CGDF: Auditor de Controle Interno"},"content":{"rendered":"\n<p>Neste domingo, 16 de abril de 2023, foram aplicadas as provas do concurso <a href=\"https:\/\/www.estrategiaconcursos.com.br\/cursosPorConcurso\/controladoria-geral-do-distrito-federal-cg-df\/\" target=\"_blank\" rel=\"noreferrer noopener\">CGDF<\/a>, cuja oferta&nbsp;\u00e9 de <strong>234 vagas&nbsp;<\/strong>(imediatas e CR) para o cargo de&nbsp;<strong>Auditor de Controle Interno<\/strong>, com inicial de R$ 13,7 mil.<\/p>\n\n\n\n<p>Com o objetivo de ajud\u00e1-los em todas as etapas do certame e, claro, diminuir um pouco a ansiedade para saber seu desempenho,&nbsp;<strong>nossos professores realizaram a corre\u00e7\u00e3o extraoficial da prova<\/strong>.<\/p>\n\n\n\n<p>Focaremos na prova para o cargo de&nbsp;<strong>Auditor de Controle Interno &#8211; Finan\u00e7as e Controle<\/strong>. Agora \u00e9 a hora! Confira seu desempenho e ainda receba dicas de recursos (se houver necessidade, \u00e9 claro)! Lembrando que o&nbsp;gabarito oficial preliminar ser\u00e1 publicado esta semana pela banca organizadora, <a href=\"https:\/\/www.cebraspe.org.br\/concursos\/SEPLAD_DF_22_AUDITOR\" target=\"_blank\" rel=\"noreferrer noopener\">Cebraspe<\/a>.<\/p>\n\n\n<figure class=\"wp-block-embed-youtube wp-block-embed is-type-video is-provider-youtube wp-embed-aspect-16-9 wp-has-aspect-ratio\"><div class=\"lyte-wrapper\" style=\"width:853px;max-width:100%;margin:5px;\"><div class=\"lyMe\" id=\"WYL_-DM5RcAcrxI\"><div id=\"lyte_-DM5RcAcrxI\" data-src=\"\/\/i.ytimg.com\/vi\/-DM5RcAcrxI\/hqdefault.jpg\" class=\"pL\"><div class=\"tC\"><div class=\"tT\"><\/div><\/div><div class=\"play\"><\/div><div class=\"ctrl\"><div class=\"Lctrl\"><\/div><div class=\"Rctrl\"><\/div><\/div><\/div><noscript><a href=\"https:\/\/youtu.be\/-DM5RcAcrxI\" rel=\"nofollow\"><img loading=\"lazy\" decoding=\"async\" src=\"https:\/\/i.ytimg.com\/vi\/-DM5RcAcrxI\/0.jpg\" alt=\"YouTube video thumbnail\" width=\"853\" height=\"460\" \/><br \/>Assista a este v\u00eddeo no YouTube<\/a><\/noscript><\/div><\/div><div class=\"lL\" style=\"max-width:100%;width:853px;margin:5px;\"><\/div><figcaption><\/figcaption><\/figure>\n\n\n<h3 class=\"wp-block-heading\" id=\"h-gabarito-extraoficial-cgdf-auditor-de-controle-interno-financas-e-controle\">Gabarito extraoficial: CGDF \u2013 Auditor de Controle Interno &#8211; Finan\u00e7as e Controle<\/h3>\n\n\n\n<p>Abaixo, voc\u00ea confere os gabaritos das quest\u00f5es corrigidas pelos nossos professores. Como existem diferentes tipos de provas, voc\u00ea pode conferindo o in\u00edcio da quest\u00e3o.<\/p>\n\n\n\n<p><strong>Provas P1 e P2<\/strong><\/p>\n\n\n\n<figure class=\"wp-block-table is-style-stripes\"><table class=\"has-fixed-layout\"><tbody><tr><td class=\"has-text-align-center\" data-align=\"center\"><strong>Disciplina<\/strong><\/td><td class=\"has-text-align-center\" data-align=\"center\"><strong>Professor<\/strong><\/td><\/tr><tr><td class=\"has-text-align-center\" data-align=\"center\">Regime Jur\u00eddico do Distrito Federal<\/td><td class=\"has-text-align-center\" data-align=\"center\">Herbert Almeida<\/td><\/tr><tr><td class=\"has-text-align-center\" data-align=\"center\">L\u00edngua Portuguesa<\/td><td class=\"has-text-align-center\" data-align=\"center\">Fabr\u00edcio Dutra<\/td><\/tr><tr><td class=\"has-text-align-center\" data-align=\"center\">Administra\u00e7\u00e3o P\u00fablica<\/td><td class=\"has-text-align-center\" data-align=\"center\">Rodrigo Renn\u00f3<\/td><\/tr><tr><td class=\"has-text-align-center\" data-align=\"center\">Direito Administrativo<\/td><td class=\"has-text-align-center\" data-align=\"center\">Ant\u00f4nio Daud<\/td><\/tr><tr><td class=\"has-text-align-center\" data-align=\"center\">Racioc\u00ednio L\u00f3gico<\/td><td class=\"has-text-align-center\" data-align=\"center\">Carlos Henrique<\/td><\/tr><tr><td class=\"has-text-align-center\" data-align=\"center\">L\u00edngua Inglesa<\/td><td class=\"has-text-align-center\" data-align=\"center\">Andrea Belo<\/td><\/tr><tr><td class=\"has-text-align-center\" data-align=\"center\">Lei Org\u00e2nica do Distrito Federal<\/td><td class=\"has-text-align-center\" data-align=\"center\">Rodrigo Francelino<\/td><\/tr><tr><td class=\"has-text-align-center\" data-align=\"center\">Estat\u00edstica<\/td><td class=\"has-text-align-center\" data-align=\"center\">Jhoni Zini<\/td><\/tr><tr><td class=\"has-text-align-center\" data-align=\"center\">Administra\u00e7\u00e3o Financeira e Or\u00e7ament\u00e1ria<\/td><td class=\"has-text-align-center\" data-align=\"center\">Luciana Marinho<\/td><\/tr><tr><td class=\"has-text-align-center\" data-align=\"center\">Direito Constitucional<\/td><td class=\"has-text-align-center\" data-align=\"center\">Nelma Fontana<\/td><\/tr><tr><td class=\"has-text-align-center\" data-align=\"center\">Contabilidade Geral e An\u00e1lise das Demonstra\u00e7\u00f5es<\/td><td class=\"has-text-align-center\" data-align=\"center\">Silvio Sande<\/td><\/tr><tr><td class=\"has-text-align-center\" data-align=\"center\">Conhecimentos do Distrito Federal e Pol\u00edtica para Mulheres<\/td><td class=\"has-text-align-center\" data-align=\"center\">Leandro Signori<\/td><\/tr><\/tbody><\/table><\/figure>\n\n\n\n<p><strong>Prova P3<\/strong><\/p>\n\n\n\n<figure class=\"wp-block-table is-style-stripes\"><table class=\"has-fixed-layout\"><tbody><tr><td class=\"has-text-align-center\" data-align=\"center\"><strong>Disciplina<\/strong><\/td><td class=\"has-text-align-center\" data-align=\"center\"><strong>Professor<\/strong><\/td><\/tr><tr><td class=\"has-text-align-center\" data-align=\"center\">Contabilidade P\u00fablica<\/td><td class=\"has-text-align-center\" data-align=\"center\">Gilmar Possati<\/td><\/tr><tr><td class=\"has-text-align-center\" data-align=\"center\">Economia e Finan\u00e7as P\u00fablicas<\/td><td class=\"has-text-align-center\" data-align=\"center\">Celso Natale<\/td><\/tr><tr><td class=\"has-text-align-center\" data-align=\"center\">Controle Interno e Externo<\/td><td class=\"has-text-align-center\" data-align=\"center\">Herbert Almeida<\/td><\/tr><tr><td class=\"has-text-align-center\" data-align=\"center\">Auditoria Governamental<\/td><td class=\"has-text-align-center\" data-align=\"center\">Tonyvan Carvalho<\/td><\/tr><\/tbody><\/table><\/figure>\n\n\n\n<h3 class=\"wp-block-heading has-background\" style=\"background-color:#ccb2e9\"><em>P1 e P2<\/em><\/h3>\n\n\n\n<p><strong>Quest\u00e3o 1: Entende-se da leitura do texto&#8230;<\/strong><br \/><strong><em>Resposta:<\/em><\/strong> C<\/p>\n\n\n\n<p><strong>Quest\u00e3o 2: Conforme se depreende&#8230;<br \/><\/strong><em><strong>Resposta:<\/strong> <\/em>C<\/p>\n\n\n\n<p><strong>Quest\u00e3o 3: No que se refere \u00e0 democracia<br \/><\/strong><em><strong>Resposta:<\/strong><\/em> D<\/p>\n\n\n\n<p><strong>Quest\u00e3o 4: Quanto \u00e0 tipologia&#8230;<br \/><\/strong><em><strong>Resposta:<\/strong><\/em> A<\/p>\n\n\n\n<p><strong>Quest\u00e3o 5: No segundo per\u00edodo do quinto par\u00e1grafo&#8230; <br \/><\/strong><em><strong>Resposta:<\/strong><\/em> B<\/p>\n\n\n\n<p><strong>Quest\u00e3o 6: No in\u00edcio do segundo par\u00e1grafo&#8230;<br \/><\/strong><em><strong>Resposta:<\/strong><\/em> C<\/p>\n\n\n\n<p><strong>Quest\u00e3o 7: No primeiro per\u00edodo do quinto par\u00e1grafo&#8230;<br \/><\/strong><em><strong>Resposta:<\/strong><\/em> C<\/p>\n\n\n\n<p><strong>Quest\u00e3o 8: Estariam mantidos os sentidos&#8230;<br \/><\/strong><em><strong>Resposta:<\/strong><\/em> A<\/p>\n\n\n\n<p><strong>Quest\u00e3o 9: No \u00faltimo per\u00edodo do texto&#8230;<br \/><\/strong><em><strong>Resposta:<\/strong><\/em> D<\/p>\n\n\n\n<p><strong>Quest\u00e3o 10: Estariam mantidos os sentidos&#8230;<br \/><\/strong><em><strong>Resposta:<\/strong><\/em> B<\/p>\n\n\n\n<p><strong>Quest\u00e3o 11: No 4\u00ba par\u00e1grafo do texto&#8230;<br \/><\/strong><em><strong>Resposta:<\/strong><\/em> D<\/p>\n\n\n\n<p><strong>Quest\u00e3o 12: Considerando-se o fen\u00f4meno&#8230; <br \/><\/strong><em><strong>Resposta:<\/strong><\/em> B<\/p>\n\n\n\n<p><strong>Quest\u00e3o 13: According to text&#8230;<br \/><\/strong><em><strong>Resposta:<\/strong><\/em> C<\/p>\n\n\n\n<p><strong>Quest\u00e3o 14: Choose the option&#8230;<br \/><\/strong><em><strong>Resposta:<\/strong><\/em> B<\/p>\n\n\n\n<p><strong>Quest\u00e3o 15: In text CB1A2-1&#8230;<br \/><\/strong><em><strong>Resposta:<\/strong><\/em> C<\/p>\n\n\n\n<p><strong>Quest\u00e3o 16: In the second&#8230;<br \/><\/strong><em><strong>Resposta:<\/strong><\/em> D<\/p>\n\n\n\n<p><strong>Quest\u00e3o 17: <\/strong><strong>In text CB1A2-1<\/strong>&#8230;<strong><br \/><\/strong><em><strong>Resposta:<\/strong><\/em> A<\/p>\n\n\n\n<p><strong>Quest\u00e3o 18: Choose the correct option&#8230;<br \/><\/strong><em><strong>Resposta:<\/strong><\/em> A<\/p>\n\n\n\n<p><strong>Quest\u00e3o 19: In the first&#8230;<br \/><\/strong><em><strong>Resposta:<\/strong><\/em> B<\/p>\n\n\n\n<p><strong>Quest\u00e3o 20: Considering the research&#8230;<br \/><\/strong><em><strong>Resposta:<\/strong><\/em> D<\/p>\n\n\n\n<p><strong>Quest\u00e3o 21: Julgue os pr\u00f3ximos itens&#8230;<br \/><\/strong><em><strong>Resposta:<\/strong><\/em> C<\/p>\n\n\n\n<p><strong>Quest\u00e3o 22: Os tribunais de contas podem&#8230; <br \/><\/strong><em><strong>Resposta:<\/strong><\/em> D<\/p>\n\n\n\n<p><strong>Quest\u00e3o 23: De acordo com a CF&#8230;<br \/><\/strong><em><strong>Resposta:<\/strong><\/em> C<\/p>\n\n\n\n<p><strong>Quest\u00e3o 24: Os princ\u00edpios gerais&#8230;<br \/><\/strong><em><strong>Resposta:<\/strong><\/em> C<\/p>\n\n\n\n<p><strong>Quest\u00e3o 25: Com base na CF&#8230;<br \/><\/strong><em><strong>Resposta:<\/strong><\/em> A<\/p>\n\n\n\n<p><strong>Quest\u00e3o 26: A a\u00e7\u00e3o declarat\u00f3ria&#8230; <br \/><\/strong><em><strong>Resposta:<\/strong><\/em> C <\/p>\n\n\n\n<p><strong>Quest\u00e3o 27: Em se tratando de omiss\u00e3o&#8230;<br \/><\/strong><em><strong>Resposta:<\/strong><\/em> A<\/p>\n\n\n\n<p><strong>Quest\u00e3o 28: Em uma a\u00e7\u00e3o de descumprimento&#8230; <br \/><\/strong><em><strong>Resposta:<\/strong><\/em> D<\/p>\n\n\n\n<p><strong>Quest\u00e3o 29: Determinado \u00f3rg\u00e3o do Poder Executivo&#8230;<br \/><\/strong><em><strong>Resposta:<\/strong><\/em> A<\/p>\n\n\n\n<p><strong>Quest\u00e3o 30: Juan, Pablo e Jorge&#8230;<br \/><\/strong><em><strong>Resposta:<\/strong><\/em> B<\/p>\n\n\n\n<p><strong>Quest\u00e3o 31: Uma pessoa com 25 anos de idade&#8230;<br \/><\/strong><em><strong>Resposta:<\/strong><\/em> B<\/p>\n\n\n\n<p><strong>Quest\u00e3o 32: Pedro foi condenado por&#8230;<br \/><\/strong><em><strong>Resposta:<\/strong><\/em> D<\/p>\n\n\n\n<p><strong>Quest\u00e3o 33: Cada regi\u00e3o administrativa&#8230;<br \/><\/strong><em><strong>Resposta:<\/strong><\/em> A<\/p>\n\n\n\n<p><strong>Quest\u00e3o 34: \u00c9 compet\u00eancia administrativa&#8230;<br \/><\/strong><em><strong>Resposta:<\/strong><\/em> B<\/p>\n\n\n\n<p><strong>Quest\u00e3o 35:No \u00e2mbito dos direitos das servidoras p\u00fablicas&#8230;<br \/><\/strong><em><strong>Resposta:<\/strong><\/em> C<\/p>\n\n\n\n<p><strong>Quest\u00e3o 36: Os membros da C\u00e2mara&#8230;<br \/><\/strong><em><strong>Resposta:<\/strong><\/em> B<\/p>\n\n\n\n<p><strong>Quest\u00e3o 37: Os conselheiros do Tribunal&#8230;<br \/><\/strong><em><strong>Resposta:<\/strong><\/em> C<\/p>\n\n\n\n<p><strong>Quest\u00e3o 38: Em raz\u00e3o de casamento&#8230;<br \/><\/strong><em><strong>Resposta:<\/strong><\/em> A<\/p>\n\n\n\n<p><strong>Quest\u00e3o 39: As faltas injustificadas&#8230;<br \/><\/strong><em><strong>Resposta:<\/strong><\/em> B<\/p>\n\n\n\n<p><strong>Quest\u00e3o 40: O servidor tem direito a licen\u00e7a&#8230;<br \/><\/strong><em><strong>Resposta:<\/strong><\/em> B<\/p>\n\n\n\n<p><strong>Quest\u00e3o 41: Para fins de contagem&#8230;<br \/><\/strong><em><strong>Resposta:<\/strong><\/em> A<\/p>\n\n\n\n<p><strong>Quest\u00e3o 42: \u00c9 considerada como&#8230;<br \/><\/strong><em><strong>Resposta:<\/strong><\/em> D<\/p>\n\n\n\n<p><strong>Quest\u00e3o 43: De acordo com a Lei Complementar&#8230;<br \/><\/strong><em><strong>Resposta:<\/strong><\/em> B<\/p>\n\n\n\n<p><strong>Quest\u00e3o 44: O servidor p\u00fablico que recusar&#8230;<br \/><\/strong><em><strong>Resposta:<\/strong><\/em> B<\/p>\n\n\n\n<p><strong>Quest\u00e3o 45: A autoridade instauradora&#8230; <br \/><\/strong><em><strong>Resposta:<\/strong><\/em> A<\/p>\n\n\n\n<p><strong>Quest\u00e3o 46: Conforme o Plano Distrital&#8230;<br \/><\/strong><em><strong>Resposta:<\/strong><\/em> B<\/p>\n\n\n\n<p><strong>Quest\u00e3o 47: Considerando o fragmento&#8230; <br \/><\/strong><em><strong>Resposta:<\/strong><\/em> B<\/p>\n\n\n\n<p><strong>Quest\u00e3o 48: A C\u00e2mara Legislativa aprovou&#8230; <br \/><\/strong><em><strong>Resposta:<\/strong><\/em> C<\/p>\n\n\n\n<p><strong>Quest\u00e3o 49: A economia do Distrito Federal&#8230;<br \/><\/strong><em><strong>Resposta:<\/strong><\/em> C<\/p>\n\n\n\n<p><strong>Quest\u00e3o 50: A partir do texto apresentado&#8230;<br \/><\/strong><em><strong>Resposta:<\/strong><\/em> B<\/p>\n\n\n\n<p><strong>Quest\u00e3o 51: Quanto \u00e0s fontes do direito&#8230;<br \/><\/strong><em><strong>Resposta:<\/strong><\/em> B<\/p>\n\n\n\n<p><strong>Quest\u00e3o 52: Assinale a op\u00e7\u00e3o correta&#8230;<br \/><\/strong><em><strong>Resposta:<\/strong><\/em> A<\/p>\n\n\n\n<p><strong>Quest\u00e3o 53: Em rela\u00e7\u00e3o aos direitos&#8230;<br \/><\/strong><em><strong>Resposta:<\/strong><\/em> A<\/p>\n\n\n\n<p><strong>Quest\u00e3o 54: A respeito do poder regulamentar&#8230; <br \/><\/strong><em><strong>Resposta:<\/strong><\/em> D<\/p>\n\n\n\n<p><strong>Quest\u00e3o 55: Assinale a op\u00e7\u00e3o correta&#8230;<br \/><\/strong><em><strong>Resposta:<\/strong><\/em> C<\/p>\n\n\n\n<p><strong>Quest\u00e3o 56: No que tange aos requisitos&#8230;<br \/><\/strong><em><strong>Resposta:<\/strong><\/em> C<\/p>\n\n\n\n<p><strong>Quest\u00e3o 57: Com refer\u00eancia \u00e0 permiss\u00e3o&#8230;<br \/><\/strong><em><strong>Resposta:<\/strong><\/em> C<\/p>\n\n\n\n<p><strong>Quest\u00e3o 58: Assinale a op\u00e7\u00e3o correta&#8230;<br \/><\/strong><em><strong>Resposta:<\/strong><\/em> A<\/p>\n\n\n\n<p><strong>Quest\u00e3o 59: Com refer\u00eancia ao controle&#8230;<br \/><\/strong><em><strong>Resposta:<\/strong><\/em> C<\/p>\n\n\n\n<p><strong>Quest\u00e3o 60: Assinale a op\u00e7\u00e3o correta&#8230;<br \/><\/strong><em><strong>Resposta:<\/strong><\/em> D<\/p>\n\n\n\n<p><strong>Quest\u00e3o 61: Conforme as normas de organiza\u00e7\u00e3o&#8230;<br \/><\/strong><em><strong>Resposta:<\/strong><\/em> A<\/p>\n\n\n\n<p><strong>Quest\u00e3o 62: Considerando as normas constitucionais&#8230;<br \/><\/strong><em><strong>Resposta:<\/strong><\/em> B<\/p>\n\n\n\n<p><strong>Quest\u00e3o 63: Na administra\u00e7\u00e3o p\u00fablica&#8230;<br \/><\/strong><em><strong>Resposta:<\/strong><\/em> D<\/p>\n\n\n\n<p><strong>Quest\u00e3o 64: Considerando as habilidades&#8230;<br \/><\/strong><em><strong>Resposta:<\/strong><\/em> B<\/p>\n\n\n\n<p><strong>Quest\u00e3o 65: Para se promover a moderniza\u00e7\u00e3o&#8230;<br \/><\/strong><em><strong>Resposta:<\/strong><\/em> D<\/p>\n\n\n\n<p><strong>Quest\u00e3o 66: Conforme os pressupostos&#8230; <br \/><\/strong><em><strong>Resposta:<\/strong><\/em> B<\/p>\n\n\n\n<p><strong>Quest\u00e3o 67: Para que a administra\u00e7\u00e3o p\u00fablica possa&#8230;<br \/><\/strong><em><strong>Resposta:<\/strong><\/em> C<\/p>\n\n\n\n<p><strong>Quest\u00e3o 68: A iniciativa Transformar&#8230;<br \/><\/strong><em><strong>Resposta:<\/strong><\/em> B<\/p>\n\n\n\n<p><strong>Quest\u00e3o 69: Na administra\u00e7\u00e3o p\u00fablica&#8230;<br \/><\/strong><em><strong>Resposta:<\/strong><\/em> C<\/p>\n\n\n\n<p><strong>Quest\u00e3o 70: No que tange \u00e0 \u00e9tica&#8230;<br \/><\/strong><em><strong>Resposta:<\/strong><\/em> B<\/p>\n\n\n\n<p><strong>Quest\u00e3o 71: Considerando que a tabela&#8230;<br \/><\/strong><em><strong>Resposta:<\/strong><\/em> C<\/p>\n\n\n\n<p><strong>Quest\u00e3o 72: Um conjunto \u00e9 composto por quatro&#8230;<br \/><\/strong><em><strong>Resposta:<\/strong><\/em> C<\/p>\n\n\n\n<p><strong>Quest\u00e3o 73: Caso, em um espa\u00e7o amostra&#8230;<br \/><\/strong><em><strong>Resposta:<\/strong><\/em> C<\/p>\n\n\n\n<p><strong>Quest\u00e3o 74: Caso uma amostra aleat\u00f3ria simples&#8230;<br \/><\/strong><em><strong>Resposta:<\/strong><\/em> B<\/p>\n\n\n\n<p><strong>Quest\u00e3o 75: Uma amostragem por&#8230;<br \/><\/strong><em><strong>Resposta:<\/strong><\/em> D<\/p>\n\n\n\n<p><strong>Quest\u00e3o 76: Considerando-se que, no texto&#8230;<br \/><\/strong><em><strong>Resposta:<\/strong><\/em> C<\/p>\n\n\n\n<p><strong>Quest\u00e3o 77: Inspirados no Mosaico Bras\u00edlia&#8230;<br \/><\/strong><em><strong>Resposta:<\/strong><\/em> D<\/p>\n\n\n\n<p><strong>Quest\u00e3o 78: O Mosaico Bras\u00edlia&#8230;<br \/><\/strong><em><strong>Resposta:<\/strong><\/em> B<\/p>\n\n\n\n<p><strong>Quest\u00e3o 79: A sequ\u00eancia de valores V ou F&#8230;<br \/><\/strong><em><strong>Resposta:<\/strong><\/em> A<\/p>\n\n\n\n<p><strong>Quest\u00e3o 80: O lema apresentado em nossa bandeira&#8230;<br \/><\/strong><em><strong>Resposta:<\/strong><\/em> D<\/p>\n\n\n\n<p><strong>Quest\u00e3o 81: Com base nos conceitos&#8230;<br \/><\/strong><em><strong>Resposta:<\/strong><\/em> C<\/p>\n\n\n\n<p><strong>Quest\u00e3o 82: Considerando que, na tabela acima&#8230;<br \/><\/strong><em><strong>Resposta:<\/strong><\/em> A<\/p>\n\n\n\n<p><strong>Quest\u00e3o 83: Uma ind\u00fastria de m\u00e1quina&#8230;<br \/><\/strong><em><strong>Resposta:<\/strong><\/em> D<\/p>\n\n\n\n<p><strong>Quest\u00e3o 84: Segundo a regra geral&#8230;<br \/><\/strong><em><strong>Resposta:<\/strong><\/em> D<\/p>\n\n\n\n<p><strong>Quest\u00e3o 85: A precifica\u00e7\u00e3o por matriz&#8230;<br \/><\/strong><em><strong>Resposta:<\/strong><\/em> C<\/p>\n\n\n\n<p><strong>Quest\u00e3o 86: Uma unidade de produ\u00e7\u00e3o industrial&#8230;<br \/><\/strong><em><strong>Resposta:<\/strong><\/em> D<\/p>\n\n\n\n<p><strong>Quest\u00e3o 87: Uma ind\u00fastria estimou que suas vendas&#8230;<br \/><\/strong><em><strong>Resposta:<\/strong><\/em> C<\/p>\n\n\n\n<p><strong>Quest\u00e3o 88: Julgue os itens a seguir&#8230;<br \/><\/strong><em><strong>Resposta:<\/strong><\/em> B<\/p>\n\n\n\n<p><strong>Quest\u00e3o 89: Considerando os indicadores&#8230;<br \/><\/strong><em><strong>Resposta:<\/strong><\/em> A<\/p>\n\n\n\n<p><strong>Quest\u00e3o 90: Com base nas informa\u00e7\u00f5es&#8230;<br \/><\/strong><em><strong>Resposta:<\/strong><\/em> A<\/p>\n\n\n\n<p><strong>Quest\u00e3o 91: Um deputado federal defende&#8230;<br \/><\/strong><em><strong>Resposta:<\/strong><\/em> B<\/p>\n\n\n\n<p><strong>Quest\u00e3o 92: julgue os itens a seguir&#8230;<br \/><\/strong><em><strong>Resposta:<\/strong><\/em> D<\/p>\n\n\n\n<p><strong>Quest\u00e3o 93: De acordo com os dados&#8230;<br \/><\/strong><em><strong>Resposta:<\/strong><\/em> A<\/p>\n\n\n\n<p><strong>Quest\u00e3o 94: Conforme os dados da situa\u00e7\u00e3o&#8230;<br \/><\/strong><em><strong>Resposta:<\/strong><\/em> B<\/p>\n\n\n\n<p><strong>Quest\u00e3o 95: Com base apenas nos fatos presentes&#8230;<br \/><\/strong><em><strong>Resposta:<\/strong><\/em> B (cabe recurso)<\/p>\n\n\n\n<p><strong>Quest\u00e3o 96: <\/strong><strong>Com base apenas nos fatos presentes&#8230;<\/strong><br \/><em><strong>Resposta:<\/strong><\/em> B (cabe recurso)<\/p>\n\n\n\n<p><strong>Quest\u00e3o 97: O modelo or\u00e7ament\u00e1rio brasileiro&#8230;<br \/><\/strong><em><strong>Resposta:<\/strong><\/em> B<\/p>\n\n\n\n<p><strong>Quest\u00e3o 98: O Governo do DF (GDF)&#8230;<br \/><\/strong><em><strong>Resposta:<\/strong><\/em> Anula\u00e7\u00e3o&#8230;<\/p>\n\n\n\n<p><strong>Quest\u00e3o 99: A fim de adquirir um terreno&#8230;<br \/><\/strong><em><strong>Resposta:<\/strong><\/em> D<\/p>\n\n\n\n<p><strong>Quest\u00e3o 100: No exerc\u00edcio de 2022..<br \/><\/strong><em><strong>Resposta:<\/strong><\/em> B<\/p>\n\n\n\n<h3 class=\"wp-block-heading has-background\" style=\"background-color:#ccb2e9\"><em>P3<\/em><\/h3>\n\n\n\n<p><strong>Quest\u00e3o 1: Em rela\u00e7\u00e3o \u00e0s contas nacionais&#8230;<br \/><\/strong><em><strong>Resposta:<\/strong><\/em> B<\/p>\n\n\n\n<p><strong>Quest\u00e3o 2: Com refer\u00eancia a instrumentos&#8230;<br \/><\/strong><em><strong>Resposta:<\/strong><\/em> C<\/p>\n\n\n\n<p><strong>Quest\u00e3o 3: Em rela\u00e7\u00e3o \u00e0s institui\u00e7\u00f5es&#8230;<br \/><\/strong><em><strong>Resposta:<\/strong><\/em> A<\/p>\n\n\n\n<p><strong>Quest\u00e3o 4: Assinale a op\u00e7\u00e3o correta&#8230;<br \/><\/strong><em><strong>Resposta:<\/strong><\/em> D<\/p>\n\n\n\n<p><strong>Quest\u00e3o 5: \u00c0 luz das implica\u00e7\u00f5es&#8230;<br \/><\/strong><em><strong>Resposta:<\/strong><\/em> A<\/p>\n\n\n\n<p><strong>Quest\u00e3o 6: Considerando a teoria cl\u00e1ssica&#8230;<br \/><\/strong><em><strong>Resposta:<\/strong><\/em> D<\/p>\n\n\n\n<p><strong>Quest\u00e3o 7: Acerca das regras e dos princ\u00edpios&#8230; <br \/><\/strong><em><strong>Resposta:<\/strong><\/em> A <\/p>\n\n\n\n<p><strong>Quest\u00e3o 8: Uma economia \u00e9 formada por dois consumidores&#8230;<br \/><\/strong><em><strong>Resposta:<\/strong><\/em> B<\/p>\n\n\n\n<p><strong>Quest\u00e3o 9: A luz da teoria cl\u00e1ssica&#8230;<br \/><\/strong><em><strong>Resposta:<\/strong><\/em> B<\/p>\n\n\n\n<p><strong>Quest\u00e3o 10: Conforme as caract\u00e9risticas&#8230;<br \/><\/strong><em><strong>Resposta:<\/strong><\/em> D<\/p>\n\n\n\n<p><strong>Quest\u00e3o 11: Se um ativo intang\u00edvel for reavaliado&#8230; <br \/><\/strong><em><strong>Resposta:<\/strong><\/em> D<\/p>\n\n\n\n<p><strong>Quest\u00e3o 12: No tratamento cont\u00e1bil&#8230;<br \/><\/strong><em><strong>Resposta:<\/strong><\/em> C<\/p>\n\n\n\n<p><strong>Quest\u00e3o 13: Na reparti\u00e7\u00e3o tribut\u00e1ria&#8230;<br \/><\/strong><em><strong>Resposta:<\/strong><\/em> A<\/p>\n\n\n\n<p><strong>Quest\u00e3o 14: No ambiente da informa\u00e7\u00e3o&#8230;<br \/><\/strong><em><strong>Resposta:<\/strong><\/em> B<\/p>\n\n\n\n<p><strong>Quest\u00e3o 15: Conforme o detalhamento das contas&#8230;<br \/><\/strong><em><strong>Resposta:<\/strong><\/em> B<\/p>\n\n\n\n<p><strong>Quest\u00e3o 16: De acordo com os dados apresentados&#8230;<br \/><\/strong><em><strong>Resposta:<\/strong><\/em> C<\/p>\n\n\n\n<p><strong>Quest\u00e3o 17: Conforme os dados apresentados&#8230;<br \/><\/strong><em><strong>Resposta:<\/strong><\/em> C<\/p>\n\n\n\n<p><strong>Quest\u00e3o 18: Conforme os dados apresentados&#8230;<\/strong><br \/><em><strong>Resposta:<\/strong><\/em> A<\/p>\n\n\n\n<p><strong>Quest\u00e3o 19: Na etapa do lan\u00e7amento&#8230;<br \/><\/strong><em><strong>Resposta:<\/strong><\/em> D<\/p>\n\n\n\n<p><strong>Quest\u00e3o 20: Quando ocorrem no mesmo exerc\u00edcio&#8230;<br \/><\/strong><em><strong>Resposta:<\/strong><\/em> D<\/p>\n\n\n\n<p><strong>Quest\u00e3o 21: Recompensas e san\u00e7\u00f5es&#8230;<br \/><\/strong><em><strong>Resposta:<\/strong><\/em> B<\/p>\n\n\n\n<p><strong>Quest\u00e3o 22: Assinale a op\u00e7\u00e3o que apresenta&#8230;<br \/><\/strong><em><strong>Resposta:<\/strong><\/em> A<\/p>\n\n\n\n<p><strong>Quest\u00e3o 23: A respeito do processo de avalia\u00e7\u00e3o&#8230;<br \/><\/strong><em><strong>Resposta:<\/strong><\/em> B<\/p>\n\n\n\n<p><strong>Quest\u00e3o 24: A descoberta, pela equipe de vigil\u00e2ncia&#8230; <br \/><\/strong><em><strong>Resposta:<\/strong><\/em> A<\/p>\n\n\n\n<p><strong>Quest\u00e3o 25: As atividades de monitoramento&#8230;<br \/><\/strong><em><strong>Resposta:<\/strong><\/em> A<\/p>\n\n\n\n<p><strong>Quest\u00e3o 26: O sistema de freios e contrapeso&#8230;<br \/><\/strong><em><strong>Resposta:<\/strong><\/em> A<\/p>\n\n\n\n<p><strong>Quest\u00e3o 27: Um dos mecanismos de controle&#8230;<br \/><\/strong><em><strong>Resposta:<\/strong><\/em> A<\/p>\n\n\n\n<p><strong>Quest\u00e3o 28: Caso certo agente p\u00fablico&#8230;<br \/><\/strong><em><strong>Resposta:<\/strong><\/em> C<\/p>\n\n\n\n<p><strong>Quest\u00e3o 29: A principal caracter\u00edstica&#8230;<br \/><\/strong><em><strong>Resposta:<\/strong><\/em> C<\/p>\n\n\n\n<p><strong>Quest\u00e3o 30: A respeito dos dispositivos&#8230;<br \/><\/strong><em><strong>Resposta:<\/strong><\/em> A<\/p>\n\n\n\n<p><strong>Quest\u00e3o 31: No que se refere \u00e0 auditoria&#8230; <br \/><\/strong><em><strong>Resposta:<\/strong><\/em> C<\/p>\n\n\n\n<p><strong>Quest\u00e3o 32: De acordo com o plano anual&#8230;<br \/><\/strong><em><strong>Resposta:<\/strong><\/em> D<\/p>\n\n\n\n<p><strong>Quest\u00e3o 33: No que se refere \u00e0 auditoria&#8230; <br \/><\/strong><em><strong>Resposta:<\/strong><\/em> D<\/p>\n\n\n\n<p><strong>Quest\u00e3o 34: O fator utilizado para delimita\u00e7\u00e3o&#8230; <br \/><\/strong><em><strong>Resposta:<\/strong><\/em> A<\/p>\n\n\n\n<p><strong>Quest\u00e3o 35: O teste substantivo utilizado&#8230;<br \/><\/strong><em><strong>Resposta:<\/strong><\/em> C<\/p>\n\n\n\n<p><strong>Quest\u00e3o 36: Acerca da auditoria operacional&#8230;<br \/><\/strong><em><strong>Resposta:<\/strong><\/em> B<\/p>\n\n\n\n<p><strong>Quest\u00e3o 37: Com rela\u00e7\u00e3o ao planejamento&#8230;<br \/><\/strong><em><strong>Resposta:<\/strong><\/em> D<\/p>\n\n\n\n<p><strong>Quest\u00e3o 38: Certo auditor elaborou seus pap\u00e9is&#8230;<br \/><\/strong><em><strong>Resposta:<\/strong><\/em> C<\/p>\n\n\n\n<p><strong>Quest\u00e3o 39: Assinale a op\u00e7\u00e3o que corresponde&#8230;<br \/><\/strong><em><strong>Resposta:<\/strong><\/em> A<\/p>\n\n\n\n<p><strong>Quest\u00e3o 40: Ao redigir um relat\u00f3rio de auditoria&#8230;<br \/><\/strong><em><strong>Resposta:<\/strong><\/em> B<\/p>\n\n\n\n<p class=\"has-text-align-center\"><em>Para mais detalhes do concurso CGDF, cuja artigo especifica o gabarito extraoficial, acesse o link abaixo. Preparamos um artigo completo, separado por t\u00f3picos, para facilitar a sua compreens\u00e3o:<\/em><\/p>\n\n\n\n<p class=\"has-text-align-center has-background has-medium-font-size\" style=\"background-color:#b4daf2\"><strong>Saiba mais: <a href=\"https:\/\/www.estrategiaconcursos.com.br\/blog\/concurso-cgdf\/\" target=\"_blank\" rel=\"noreferrer noopener\">concurso CGDF<\/a><\/strong><\/p>\n\n\n\n<hr class=\"wp-block-separator has-alpha-channel-opacity\"\/>\n\n\n\n<h2 class=\"wp-block-heading has-text-align-center\" id=\"cursos-assinatura\"><em>Quer estudar para o concurso CGDF?<\/em><\/h2>\n\n\n\n<div class=\"container\" id=\"boxes\">\n  <div class=\"row\">\n\n    <div class=\"col-sm\">\n      <div class=\"banner-tcg\" id=\"box-assinatura\">\n        <h3 class=\"titulo-assinatura\">Cursos CGDF<\/h3>\n        <p class=\"subtitulo-assinatura\">Conhe\u00e7a os cursos<\/p>\n        <div class=\"box-botao\">\n          <a class=\"btn-assinatura\" target=\"_blank\" href=\"https:\/\/www.estrategiaconcursos.com.br\/cursosPorConcurso\/controladoria-geral-do-distrito-federal-cg-df\/\" role=\"button\" rel=\"noopener noreferrer\">Conhe\u00e7a mais<\/a>\n        <\/div>\n      <\/div>\n      \n    <\/div>\n\n  <\/div>\n<\/div>\n\n\n\n<figure class=\"wp-block-image aligncenter size-full\"><a href=\"https:\/\/www.estrategiaconcursos.com.br\/promocoes\/vitalicia?utm_source=banner&amp;utm_medium=banner&amp;utm_campaign=ec-ge-vd-banner-assinaturavitalicia-semesp-030423\" target=\"_blank\" rel=\"noreferrer noopener\"><img loading=\"lazy\" decoding=\"async\" width=\"1024\" height=\"326\" src=\"https:\/\/dhg1h5j42swfq.cloudfront.net\/2023\/04\/14074544\/unnamed-1-2-1024x326-1.png\" alt=\"\" class=\"wp-image-1201510\" srcset=\"https:\/\/dhg1h5j42swfq.cloudfront.net\/2023\/04\/14074544\/unnamed-1-2-1024x326-1.png 1024w, https:\/\/dhg1h5j42swfq.cloudfront.net\/2023\/04\/14074544\/unnamed-1-2-1024x326-1-300x96.png 300w, https:\/\/dhg1h5j42swfq.cloudfront.net\/2023\/04\/14074544\/unnamed-1-2-1024x326-1-768x245.png 768w, https:\/\/dhg1h5j42swfq.cloudfront.net\/2023\/04\/14074544\/unnamed-1-2-1024x326-1-610x194.png 610w, https:\/\/dhg1h5j42swfq.cloudfront.net\/2023\/04\/14074544\/unnamed-1-2-1024x326-1-150x48.png 150w\" sizes=\"auto, (max-width: 1024px) 100vw, 1024px\" \/><\/a><\/figure>\n\n\n\n<h2 class=\"wp-block-heading has-text-align-center\" id=\"h-quer-saber-tudo-sobre-concursos-previstos-confira-nossos-artigos\">Quer saber tudo sobre concursos previstos?<br \/>Confira nossos artigos!<\/h2>\n\n\n\n<ul class=\"wp-block-list\">\n<li><a href=\"https:\/\/www.estrategiaconcursos.com.br\/blog\/concursos-abertos\/\" target=\"_blank\" rel=\"noreferrer noopener\">Concursos Abertos<\/a><\/li>\n\n\n\n<li><a href=\"https:\/\/www.estrategiaconcursos.com.br\/blog\/concursos-2023\/\" target=\"_blank\" rel=\"noreferrer noopener\">Concursos 2023<\/a><\/li>\n<\/ul>\n","protected":false},"excerpt":{"rendered":"<p>Neste domingo, 16 de abril de 2023, foram aplicadas as provas do concurso CGDF, cuja oferta&nbsp;\u00e9 de 234 vagas&nbsp;(imediatas e CR) para o cargo de&nbsp;Auditor de Controle Interno, com inicial de R$ 13,7 mil. Com o objetivo de ajud\u00e1-los em todas as etapas do certame e, claro, diminuir um pouco a ansiedade para saber seu [&hellip;]<\/p>\n","protected":false},"author":2018,"featured_media":1202247,"comment_status":"open","ping_status":"closed","sticky":false,"template":"","format":"standard","meta":{"post_tipo":"news","footnotes":""},"categories":[220180,220219],"tags":[],"tax_estado":[219970],"class_list":["post-1202234","post","type-post","status-publish","format-standard","has-post-thumbnail","hentry","category-controle-gestao","category-noticias","tax_estado-df"],"acf":[],"yoast_head":"<!-- This site is optimized with the Yoast SEO Premium plugin v27.2 (Yoast SEO v27.2) - https:\/\/yoast.com\/product\/yoast-seo-premium-wordpress\/ -->\n<title>Gabarito extraoficial CGDF: Auditor de Controle Interno<\/title>\n<meta name=\"description\" content=\"Neste domingo, 16 de abril, foram aplicadas as provas do concurso\u00a0CGDF. Veja a corre\u00e7\u00e3o extraoficial para Auditor!\" \/>\n<meta name=\"robots\" content=\"index, follow, max-snippet:-1, max-image-preview:large, max-video-preview:-1\" \/>\n<link rel=\"canonical\" href=\"https:\/\/www.estrategiaconcursos.com.br\/blog\/gabarito-extraoficial-cgdf-auditor-de-controle-interno\/\" \/>\n<meta property=\"og:locale\" content=\"pt_BR\" \/>\n<meta property=\"og:type\" content=\"article\" \/>\n<meta property=\"og:title\" content=\"Gabarito extraoficial CGDF: Auditor de Controle Interno\" \/>\n<meta property=\"og:description\" content=\"Neste domingo, 16 de abril, foram aplicadas as provas do concurso\u00a0CGDF. Veja a corre\u00e7\u00e3o extraoficial para Auditor!\" \/>\n<meta property=\"og:url\" content=\"https:\/\/www.estrategiaconcursos.com.br\/blog\/gabarito-extraoficial-cgdf-auditor-de-controle-interno\/\" \/>\n<meta property=\"og:site_name\" content=\"Estrat\u00e9gia Concursos\" \/>\n<meta property=\"article:published_time\" content=\"2023-04-16T20:55:04+00:00\" \/>\n<meta property=\"article:modified_time\" content=\"2023-04-18T15:20:21+00:00\" \/>\n<meta property=\"og:image\" content=\"https:\/\/dhg1h5j42swfq.cloudfront.net\/2023\/04\/16175324\/captura-de-tela-2023-04-16-175430.png\" \/>\n\t<meta property=\"og:image:width\" content=\"1255\" \/>\n\t<meta property=\"og:image:height\" content=\"609\" \/>\n\t<meta property=\"og:image:type\" content=\"image\/png\" \/>\n<meta name=\"author\" content=\"B\u00e1rbara Carvalho Santos\" \/>\n<meta name=\"twitter:card\" content=\"summary_large_image\" \/>\n<meta name=\"twitter:creator\" content=\"@EstratConcursos\" \/>\n<meta name=\"twitter:site\" content=\"@EstratConcursos\" \/>\n<meta name=\"twitter:label1\" content=\"Escrito por\" \/>\n\t<meta name=\"twitter:data1\" content=\"B\u00e1rbara Carvalho Santos\" \/>\n\t<meta name=\"twitter:label2\" content=\"Est. tempo de leitura\" \/>\n\t<meta name=\"twitter:data2\" content=\"8 minutos\" \/>\n<script type=\"application\/ld+json\" class=\"yoast-schema-graph\">{\"@context\":\"https:\/\/schema.org\",\"@graph\":[{\"@type\":\"NewsArticle\",\"@id\":\"https:\/\/www.estrategiaconcursos.com.br\/blog\/gabarito-extraoficial-cgdf-auditor-de-controle-interno\/#article\",\"isPartOf\":{\"@id\":\"https:\/\/www.estrategiaconcursos.com.br\/blog\/gabarito-extraoficial-cgdf-auditor-de-controle-interno\/\"},\"author\":{\"name\":\"B\u00e1rbara Carvalho Santos\",\"@id\":\"https:\/\/www.estrategiaconcursos.com.br\/blog\/#\/schema\/person\/e3882259fa157d54c44c21f4ee4e0e60\"},\"headline\":\"Gabarito extraoficial CGDF: Auditor de Controle Interno\",\"datePublished\":\"2023-04-16T20:55:04+00:00\",\"dateModified\":\"2023-04-18T15:20:21+00:00\",\"mainEntityOfPage\":{\"@id\":\"https:\/\/www.estrategiaconcursos.com.br\/blog\/gabarito-extraoficial-cgdf-auditor-de-controle-interno\/\"},\"wordCount\":1609,\"commentCount\":0,\"publisher\":{\"@id\":\"https:\/\/www.estrategiaconcursos.com.br\/blog\/#organization\"},\"image\":{\"@id\":\"https:\/\/www.estrategiaconcursos.com.br\/blog\/gabarito-extraoficial-cgdf-auditor-de-controle-interno\/#primaryimage\"},\"thumbnailUrl\":\"https:\/\/dhg1h5j42swfq.cloudfront.net\/2023\/04\/16175324\/captura-de-tela-2023-04-16-175430.png\",\"articleSection\":[\"Controladorias\/Gest\u00e3o (CGU, CGE, STN, EPPGG)\",\"\u00daltimas not\u00edcias\"],\"inLanguage\":\"pt-BR\",\"potentialAction\":[{\"@type\":\"CommentAction\",\"name\":\"Comment\",\"target\":[\"https:\/\/www.estrategiaconcursos.com.br\/blog\/gabarito-extraoficial-cgdf-auditor-de-controle-interno\/#respond\"]}],\"copyrightYear\":\"2023\",\"copyrightHolder\":{\"@id\":\"https:\/\/www.estrategiaconcursos.com.br\/blog\/#organization\"}},{\"@type\":\"WebPage\",\"@id\":\"https:\/\/www.estrategiaconcursos.com.br\/blog\/gabarito-extraoficial-cgdf-auditor-de-controle-interno\/\",\"url\":\"https:\/\/www.estrategiaconcursos.com.br\/blog\/gabarito-extraoficial-cgdf-auditor-de-controle-interno\/\",\"name\":\"Gabarito extraoficial CGDF: Auditor de Controle Interno\",\"isPartOf\":{\"@id\":\"https:\/\/www.estrategiaconcursos.com.br\/blog\/#website\"},\"primaryImageOfPage\":{\"@id\":\"https:\/\/www.estrategiaconcursos.com.br\/blog\/gabarito-extraoficial-cgdf-auditor-de-controle-interno\/#primaryimage\"},\"image\":{\"@id\":\"https:\/\/www.estrategiaconcursos.com.br\/blog\/gabarito-extraoficial-cgdf-auditor-de-controle-interno\/#primaryimage\"},\"thumbnailUrl\":\"https:\/\/dhg1h5j42swfq.cloudfront.net\/2023\/04\/16175324\/captura-de-tela-2023-04-16-175430.png\",\"datePublished\":\"2023-04-16T20:55:04+00:00\",\"dateModified\":\"2023-04-18T15:20:21+00:00\",\"description\":\"Neste domingo, 16 de abril, foram aplicadas as provas do concurso\u00a0CGDF. Veja a corre\u00e7\u00e3o extraoficial para Auditor!\",\"breadcrumb\":{\"@id\":\"https:\/\/www.estrategiaconcursos.com.br\/blog\/gabarito-extraoficial-cgdf-auditor-de-controle-interno\/#breadcrumb\"},\"inLanguage\":\"pt-BR\",\"potentialAction\":[{\"@type\":\"ReadAction\",\"target\":[\"https:\/\/www.estrategiaconcursos.com.br\/blog\/gabarito-extraoficial-cgdf-auditor-de-controle-interno\/\"]}]},{\"@type\":\"ImageObject\",\"inLanguage\":\"pt-BR\",\"@id\":\"https:\/\/www.estrategiaconcursos.com.br\/blog\/gabarito-extraoficial-cgdf-auditor-de-controle-interno\/#primaryimage\",\"url\":\"https:\/\/dhg1h5j42swfq.cloudfront.net\/2023\/04\/16175324\/captura-de-tela-2023-04-16-175430.png\",\"contentUrl\":\"https:\/\/dhg1h5j42swfq.cloudfront.net\/2023\/04\/16175324\/captura-de-tela-2023-04-16-175430.png\",\"width\":1255,\"height\":609},{\"@type\":\"BreadcrumbList\",\"@id\":\"https:\/\/www.estrategiaconcursos.com.br\/blog\/gabarito-extraoficial-cgdf-auditor-de-controle-interno\/#breadcrumb\",\"itemListElement\":[{\"@type\":\"ListItem\",\"position\":1,\"name\":\"In\u00edcio\",\"item\":\"https:\/\/www.estrategiaconcursos.com.br\/blog\/\"},{\"@type\":\"ListItem\",\"position\":2,\"name\":\"Gabarito extraoficial CGDF: Auditor de Controle Interno\"}]},{\"@type\":\"WebSite\",\"@id\":\"https:\/\/www.estrategiaconcursos.com.br\/blog\/#website\",\"url\":\"https:\/\/www.estrategiaconcursos.com.br\/blog\/\",\"name\":\"Estrat\u00e9gia Concursos\",\"description\":\"O blog da Estrat\u00e9gia Concursos traz not\u00edcias sobre concursos e artigos de professores oferecendo cursos para concursos (pdf + videaulas) no site.\",\"publisher\":{\"@id\":\"https:\/\/www.estrategiaconcursos.com.br\/blog\/#organization\"},\"potentialAction\":[{\"@type\":\"SearchAction\",\"target\":{\"@type\":\"EntryPoint\",\"urlTemplate\":\"https:\/\/www.estrategiaconcursos.com.br\/blog\/?s={search_term_string}\"},\"query-input\":{\"@type\":\"PropertyValueSpecification\",\"valueRequired\":true,\"valueName\":\"search_term_string\"}}],\"inLanguage\":\"pt-BR\"},{\"@type\":\"Organization\",\"@id\":\"https:\/\/www.estrategiaconcursos.com.br\/blog\/#organization\",\"name\":\"Estrat\u00e9gia Concursos\",\"url\":\"https:\/\/www.estrategiaconcursos.com.br\/blog\/\",\"logo\":{\"@type\":\"ImageObject\",\"inLanguage\":\"pt-BR\",\"@id\":\"https:\/\/www.estrategiaconcursos.com.br\/blog\/#\/schema\/logo\/image\/\",\"url\":\"https:\/\/dhg1h5j42swfq.cloudfront.net\/2025\/06\/03203428\/logo_concursos-1.jpg\",\"contentUrl\":\"https:\/\/dhg1h5j42swfq.cloudfront.net\/2025\/06\/03203428\/logo_concursos-1.jpg\",\"width\":230,\"height\":60,\"caption\":\"Estrat\u00e9gia Concursos\"},\"image\":{\"@id\":\"https:\/\/www.estrategiaconcursos.com.br\/blog\/#\/schema\/logo\/image\/\"},\"sameAs\":[\"https:\/\/x.com\/EstratConcursos\"]},{\"@type\":\"Person\",\"@id\":\"https:\/\/www.estrategiaconcursos.com.br\/blog\/#\/schema\/person\/e3882259fa157d54c44c21f4ee4e0e60\",\"name\":\"B\u00e1rbara Carvalho Santos\",\"image\":{\"@type\":\"ImageObject\",\"inLanguage\":\"pt-BR\",\"@id\":\"https:\/\/secure.gravatar.com\/avatar\/353300f73140f779692b9be2b39f434d1341e4e34c7f55bd5a990fe29ef352eb?s=96&d=mm&r=g\",\"url\":\"https:\/\/secure.gravatar.com\/avatar\/353300f73140f779692b9be2b39f434d1341e4e34c7f55bd5a990fe29ef352eb?s=96&d=mm&r=g\",\"contentUrl\":\"https:\/\/secure.gravatar.com\/avatar\/353300f73140f779692b9be2b39f434d1341e4e34c7f55bd5a990fe29ef352eb?s=96&d=mm&r=g\",\"caption\":\"B\u00e1rbara Carvalho Santos\"},\"description\":\"M\u00e3e e jornalista formada pela UNIP, possui ampla experi\u00eancia na cobertura de entretenimento em grandes ve\u00edculos, como o site da CNN, RedeTV! e Estrat\u00e9gia Educacional. Atuou tamb\u00e9m em ag\u00eancias de marketing, produtoras musicais e assessorias de imprensa, com foco especial no trabalho com personalidades p\u00fablicas. Atualmente, integra a equipe do Estrat\u00e9gia Concursos, onde \u00e9 respons\u00e1vel pela produ\u00e7\u00e3o de conte\u00fados estrat\u00e9gicos voltados para o setor de concursos p\u00fablicos, com destaque para a \u00e1rea fiscal, gest\u00e3o, controle, concursos administrativos e Minist\u00e9rios participantes do CNU, al\u00e9m de diversos \u00f3rg\u00e3os federais. Tem como miss\u00e3o transformar informa\u00e7\u00f5es complexas em conte\u00fados acess\u00edveis, relevantes e de alto valor para quem sonha com uma carreira no servi\u00e7o p\u00fablico.\",\"url\":\"https:\/\/www.estrategiaconcursos.com.br\/blog\/author\/barbara-santos\/\"}]}<\/script>\n<!-- \/ Yoast SEO Premium plugin. -->","yoast_head_json":{"title":"Gabarito extraoficial CGDF: Auditor de Controle Interno","description":"Neste domingo, 16 de abril, foram aplicadas as provas do concurso\u00a0CGDF. Veja a corre\u00e7\u00e3o extraoficial para Auditor!","robots":{"index":"index","follow":"follow","max-snippet":"max-snippet:-1","max-image-preview":"max-image-preview:large","max-video-preview":"max-video-preview:-1"},"canonical":"https:\/\/www.estrategiaconcursos.com.br\/blog\/gabarito-extraoficial-cgdf-auditor-de-controle-interno\/","og_locale":"pt_BR","og_type":"article","og_title":"Gabarito extraoficial CGDF: Auditor de Controle Interno","og_description":"Neste domingo, 16 de abril, foram aplicadas as provas do concurso\u00a0CGDF. Veja a corre\u00e7\u00e3o extraoficial para Auditor!","og_url":"https:\/\/www.estrategiaconcursos.com.br\/blog\/gabarito-extraoficial-cgdf-auditor-de-controle-interno\/","og_site_name":"Estrat\u00e9gia Concursos","article_published_time":"2023-04-16T20:55:04+00:00","article_modified_time":"2023-04-18T15:20:21+00:00","og_image":[{"width":1255,"height":609,"url":"https:\/\/dhg1h5j42swfq.cloudfront.net\/2023\/04\/16175324\/captura-de-tela-2023-04-16-175430.png","type":"image\/png"}],"author":"B\u00e1rbara Carvalho Santos","twitter_card":"summary_large_image","twitter_creator":"@EstratConcursos","twitter_site":"@EstratConcursos","twitter_misc":{"Escrito por":"B\u00e1rbara Carvalho Santos","Est. tempo de leitura":"8 minutos"},"schema":{"@context":"https:\/\/schema.org","@graph":[{"@type":"NewsArticle","@id":"https:\/\/www.estrategiaconcursos.com.br\/blog\/gabarito-extraoficial-cgdf-auditor-de-controle-interno\/#article","isPartOf":{"@id":"https:\/\/www.estrategiaconcursos.com.br\/blog\/gabarito-extraoficial-cgdf-auditor-de-controle-interno\/"},"author":{"name":"B\u00e1rbara Carvalho Santos","@id":"https:\/\/www.estrategiaconcursos.com.br\/blog\/#\/schema\/person\/e3882259fa157d54c44c21f4ee4e0e60"},"headline":"Gabarito extraoficial CGDF: Auditor de Controle Interno","datePublished":"2023-04-16T20:55:04+00:00","dateModified":"2023-04-18T15:20:21+00:00","mainEntityOfPage":{"@id":"https:\/\/www.estrategiaconcursos.com.br\/blog\/gabarito-extraoficial-cgdf-auditor-de-controle-interno\/"},"wordCount":1609,"commentCount":0,"publisher":{"@id":"https:\/\/www.estrategiaconcursos.com.br\/blog\/#organization"},"image":{"@id":"https:\/\/www.estrategiaconcursos.com.br\/blog\/gabarito-extraoficial-cgdf-auditor-de-controle-interno\/#primaryimage"},"thumbnailUrl":"https:\/\/dhg1h5j42swfq.cloudfront.net\/2023\/04\/16175324\/captura-de-tela-2023-04-16-175430.png","articleSection":["Controladorias\/Gest\u00e3o (CGU, CGE, STN, EPPGG)","\u00daltimas not\u00edcias"],"inLanguage":"pt-BR","potentialAction":[{"@type":"CommentAction","name":"Comment","target":["https:\/\/www.estrategiaconcursos.com.br\/blog\/gabarito-extraoficial-cgdf-auditor-de-controle-interno\/#respond"]}],"copyrightYear":"2023","copyrightHolder":{"@id":"https:\/\/www.estrategiaconcursos.com.br\/blog\/#organization"}},{"@type":"WebPage","@id":"https:\/\/www.estrategiaconcursos.com.br\/blog\/gabarito-extraoficial-cgdf-auditor-de-controle-interno\/","url":"https:\/\/www.estrategiaconcursos.com.br\/blog\/gabarito-extraoficial-cgdf-auditor-de-controle-interno\/","name":"Gabarito extraoficial CGDF: Auditor de Controle Interno","isPartOf":{"@id":"https:\/\/www.estrategiaconcursos.com.br\/blog\/#website"},"primaryImageOfPage":{"@id":"https:\/\/www.estrategiaconcursos.com.br\/blog\/gabarito-extraoficial-cgdf-auditor-de-controle-interno\/#primaryimage"},"image":{"@id":"https:\/\/www.estrategiaconcursos.com.br\/blog\/gabarito-extraoficial-cgdf-auditor-de-controle-interno\/#primaryimage"},"thumbnailUrl":"https:\/\/dhg1h5j42swfq.cloudfront.net\/2023\/04\/16175324\/captura-de-tela-2023-04-16-175430.png","datePublished":"2023-04-16T20:55:04+00:00","dateModified":"2023-04-18T15:20:21+00:00","description":"Neste domingo, 16 de abril, foram aplicadas as provas do concurso\u00a0CGDF. Veja a corre\u00e7\u00e3o extraoficial para Auditor!","breadcrumb":{"@id":"https:\/\/www.estrategiaconcursos.com.br\/blog\/gabarito-extraoficial-cgdf-auditor-de-controle-interno\/#breadcrumb"},"inLanguage":"pt-BR","potentialAction":[{"@type":"ReadAction","target":["https:\/\/www.estrategiaconcursos.com.br\/blog\/gabarito-extraoficial-cgdf-auditor-de-controle-interno\/"]}]},{"@type":"ImageObject","inLanguage":"pt-BR","@id":"https:\/\/www.estrategiaconcursos.com.br\/blog\/gabarito-extraoficial-cgdf-auditor-de-controle-interno\/#primaryimage","url":"https:\/\/dhg1h5j42swfq.cloudfront.net\/2023\/04\/16175324\/captura-de-tela-2023-04-16-175430.png","contentUrl":"https:\/\/dhg1h5j42swfq.cloudfront.net\/2023\/04\/16175324\/captura-de-tela-2023-04-16-175430.png","width":1255,"height":609},{"@type":"BreadcrumbList","@id":"https:\/\/www.estrategiaconcursos.com.br\/blog\/gabarito-extraoficial-cgdf-auditor-de-controle-interno\/#breadcrumb","itemListElement":[{"@type":"ListItem","position":1,"name":"In\u00edcio","item":"https:\/\/www.estrategiaconcursos.com.br\/blog\/"},{"@type":"ListItem","position":2,"name":"Gabarito extraoficial CGDF: Auditor de Controle Interno"}]},{"@type":"WebSite","@id":"https:\/\/www.estrategiaconcursos.com.br\/blog\/#website","url":"https:\/\/www.estrategiaconcursos.com.br\/blog\/","name":"Estrat\u00e9gia Concursos","description":"O blog da Estrat\u00e9gia Concursos traz not\u00edcias sobre concursos e artigos de professores oferecendo cursos para concursos (pdf + videaulas) no site.","publisher":{"@id":"https:\/\/www.estrategiaconcursos.com.br\/blog\/#organization"},"potentialAction":[{"@type":"SearchAction","target":{"@type":"EntryPoint","urlTemplate":"https:\/\/www.estrategiaconcursos.com.br\/blog\/?s={search_term_string}"},"query-input":{"@type":"PropertyValueSpecification","valueRequired":true,"valueName":"search_term_string"}}],"inLanguage":"pt-BR"},{"@type":"Organization","@id":"https:\/\/www.estrategiaconcursos.com.br\/blog\/#organization","name":"Estrat\u00e9gia Concursos","url":"https:\/\/www.estrategiaconcursos.com.br\/blog\/","logo":{"@type":"ImageObject","inLanguage":"pt-BR","@id":"https:\/\/www.estrategiaconcursos.com.br\/blog\/#\/schema\/logo\/image\/","url":"https:\/\/dhg1h5j42swfq.cloudfront.net\/2025\/06\/03203428\/logo_concursos-1.jpg","contentUrl":"https:\/\/dhg1h5j42swfq.cloudfront.net\/2025\/06\/03203428\/logo_concursos-1.jpg","width":230,"height":60,"caption":"Estrat\u00e9gia Concursos"},"image":{"@id":"https:\/\/www.estrategiaconcursos.com.br\/blog\/#\/schema\/logo\/image\/"},"sameAs":["https:\/\/x.com\/EstratConcursos"]},{"@type":"Person","@id":"https:\/\/www.estrategiaconcursos.com.br\/blog\/#\/schema\/person\/e3882259fa157d54c44c21f4ee4e0e60","name":"B\u00e1rbara Carvalho Santos","image":{"@type":"ImageObject","inLanguage":"pt-BR","@id":"https:\/\/secure.gravatar.com\/avatar\/353300f73140f779692b9be2b39f434d1341e4e34c7f55bd5a990fe29ef352eb?s=96&d=mm&r=g","url":"https:\/\/secure.gravatar.com\/avatar\/353300f73140f779692b9be2b39f434d1341e4e34c7f55bd5a990fe29ef352eb?s=96&d=mm&r=g","contentUrl":"https:\/\/secure.gravatar.com\/avatar\/353300f73140f779692b9be2b39f434d1341e4e34c7f55bd5a990fe29ef352eb?s=96&d=mm&r=g","caption":"B\u00e1rbara Carvalho Santos"},"description":"M\u00e3e e jornalista formada pela UNIP, possui ampla experi\u00eancia na cobertura de entretenimento em grandes ve\u00edculos, como o site da CNN, RedeTV! e Estrat\u00e9gia Educacional. Atuou tamb\u00e9m em ag\u00eancias de marketing, produtoras musicais e assessorias de imprensa, com foco especial no trabalho com personalidades p\u00fablicas. Atualmente, integra a equipe do Estrat\u00e9gia Concursos, onde \u00e9 respons\u00e1vel pela produ\u00e7\u00e3o de conte\u00fados estrat\u00e9gicos voltados para o setor de concursos p\u00fablicos, com destaque para a \u00e1rea fiscal, gest\u00e3o, controle, concursos administrativos e Minist\u00e9rios participantes do CNU, al\u00e9m de diversos \u00f3rg\u00e3os federais. Tem como miss\u00e3o transformar informa\u00e7\u00f5es complexas em conte\u00fados acess\u00edveis, relevantes e de alto valor para quem sonha com uma carreira no servi\u00e7o p\u00fablico.","url":"https:\/\/www.estrategiaconcursos.com.br\/blog\/author\/barbara-santos\/"}]}},"_links":{"self":[{"href":"https:\/\/www.estrategiaconcursos.com.br\/blog\/wp-json\/wp\/v2\/posts\/1202234","targetHints":{"allow":["GET"]}}],"collection":[{"href":"https:\/\/www.estrategiaconcursos.com.br\/blog\/wp-json\/wp\/v2\/posts"}],"about":[{"href":"https:\/\/www.estrategiaconcursos.com.br\/blog\/wp-json\/wp\/v2\/types\/post"}],"author":[{"embeddable":true,"href":"https:\/\/www.estrategiaconcursos.com.br\/blog\/wp-json\/wp\/v2\/users\/2018"}],"replies":[{"embeddable":true,"href":"https:\/\/www.estrategiaconcursos.com.br\/blog\/wp-json\/wp\/v2\/comments?post=1202234"}],"version-history":[{"count":99,"href":"https:\/\/www.estrategiaconcursos.com.br\/blog\/wp-json\/wp\/v2\/posts\/1202234\/revisions"}],"predecessor-version":[{"id":1202490,"href":"https:\/\/www.estrategiaconcursos.com.br\/blog\/wp-json\/wp\/v2\/posts\/1202234\/revisions\/1202490"}],"wp:featuredmedia":[{"embeddable":true,"href":"https:\/\/www.estrategiaconcursos.com.br\/blog\/wp-json\/wp\/v2\/media\/1202247"}],"wp:attachment":[{"href":"https:\/\/www.estrategiaconcursos.com.br\/blog\/wp-json\/wp\/v2\/media?parent=1202234"}],"wp:term":[{"taxonomy":"category","embeddable":true,"href":"https:\/\/www.estrategiaconcursos.com.br\/blog\/wp-json\/wp\/v2\/categories?post=1202234"},{"taxonomy":"post_tag","embeddable":true,"href":"https:\/\/www.estrategiaconcursos.com.br\/blog\/wp-json\/wp\/v2\/tags?post=1202234"},{"taxonomy":"tax_estado","embeddable":true,"href":"https:\/\/www.estrategiaconcursos.com.br\/blog\/wp-json\/wp\/v2\/tax_estado?post=1202234"}],"curies":[{"name":"wp","href":"https:\/\/api.w.org\/{rel}","templated":true}]}}