{"id":1202226,"date":"2023-04-16T17:14:28","date_gmt":"2023-04-16T20:14:28","guid":{"rendered":"https:\/\/blog-estrategia.mystagingwebsite.com\/blog\/?p=1202226"},"modified":"2023-04-17T12:35:13","modified_gmt":"2023-04-17T15:35:13","slug":"concurso-mp-ms-gabarito-extraoficial","status":"publish","type":"post","link":"https:\/\/www.estrategiaconcursos.com.br\/blog\/concurso-mp-ms-gabarito-extraoficial\/","title":{"rendered":"Gabarito MP MS: corre\u00e7\u00e3o extraoficial &#8211; Analista &#8211; atividade Direito"},"content":{"rendered":"\n<p class=\"wp-embed-aspect-16-9 wp-has-aspect-ratio wp-block-paragraph\">As provas objetivas do concurso do\u00a0<a href=\"https:\/\/www.estrategiaconcursos.com.br\/cursosPorConcurso\/ministerio-publicodo-mato-grosso-do-sul-mp-ms-servidores\/\" target=\"_blank\" rel=\"noreferrer noopener\">Minist\u00e9rio P\u00fablico do Mato Grosso do Sul<\/a> (<strong>MP MS<\/strong>) foram aplicadas no domingo (16\/04) e aqui voc\u00ea poder\u00e1 conferir o <strong>gabarito extraoficial<\/strong> para o cargo de <strong>analista &#8211; atividade Direito<\/strong>.<\/p>\n\n\n\n<p class=\"wp-embed-aspect-16-9 wp-has-aspect-ratio wp-block-paragraph\">A corre\u00e7\u00e3o extraoficial estar\u00e1 dispon\u00edvel em v\u00eddeo (atrav\u00e9s do link abaixo) e tamb\u00e9m em texto, a partir da transcri\u00e7\u00e3o do enunciado das quest\u00f5es.<\/p>\n\n\n\n<p class=\"wp-embed-aspect-16-9 wp-has-aspect-ratio wp-block-paragraph\">Veja a corre\u00e7\u00e3o dos especialistas do Estrat\u00e9gia Concursos e tenha uma melhor no\u00e7\u00e3o do seu desempenho na prova!<\/p>\n\n\n\n<h2 class=\"wp-block-heading wp-embed-aspect-16-9 wp-has-aspect-ratio\" id=\"h-participe-do-ranking-para-o-gabarito-extraoficial-mp-ms\">Participe do Ranking para o Gabarito extraoficial MP MS<\/h2>\n\n\n\n<p class=\"has-text-align-center wp-embed-aspect-16-9 wp-has-aspect-ratio has-cyan-bluish-gray-background-color has-background wp-block-paragraph\" style=\"font-size:clamp(14px, 0.875rem + ((1vw - 3.2px) * 0.392), 18px);\"><strong><a href=\"https:\/\/forms.gle\/mXr1PPsmqsig5g7z7\" target=\"_blank\" rel=\"noreferrer noopener\">Preencha o gabarito eletr\u00f4nico<\/a><\/strong><\/p>\n\n\n\n<p class=\"has-text-align-center has-cyan-bluish-gray-background-color has-background wp-block-paragraph\" style=\"font-size:clamp(14px, 0.875rem + ((1vw - 3.2px) * 0.392), 18px);\"><strong><a href=\"https:\/\/docs.google.com\/spreadsheets\/d\/1TVGCa8PYuo0VtRwk9I5E40jQlmieDBVKoSbi3MdIlC8\/edit?usp=sharing\" target=\"_blank\" rel=\"noreferrer noopener\">Ranking Gabarito Extraoficial<\/a><\/strong><\/p>\n\n\n\n<p class=\"wp-embed-aspect-16-9 wp-has-aspect-ratio wp-block-paragraph\">Veja agora a corre\u00e7\u00e3o em v\u00eddeo: <\/p>\n\n\n\n<h2 class=\"wp-block-heading has-text-align-center has-pale-cyan-blue-background-color has-background\" id=\"h-gabarito-extraoficial-mp-ms-em-video\">Gabarito extraoficial MP MS em v\u00eddeo<\/h2>\n\n\n<figure class=\"wp-block-embed-youtube wp-block-embed is-type-video is-provider-youtube wp-embed-aspect-16-9 wp-has-aspect-ratio\"><div class=\"lyte-wrapper\" style=\"width:853px;max-width:100%;margin:5px;\"><div class=\"lyMe\" id=\"WYL_2S3WuqpDidE\"><div id=\"lyte_2S3WuqpDidE\" data-src=\"\/\/i.ytimg.com\/vi\/2S3WuqpDidE\/hqdefault.jpg\" class=\"pL\"><div class=\"tC\"><div class=\"tT\"><\/div><\/div><div class=\"play\"><\/div><div class=\"ctrl\"><div class=\"Lctrl\"><\/div><div class=\"Rctrl\"><\/div><\/div><\/div><noscript><a href=\"https:\/\/youtu.be\/2S3WuqpDidE\" rel=\"nofollow\"><img loading=\"lazy\" decoding=\"async\" src=\"https:\/\/i.ytimg.com\/vi\/2S3WuqpDidE\/0.jpg\" alt=\"YouTube video thumbnail\" width=\"853\" height=\"460\" \/><br \/>Assista a este v\u00eddeo no YouTube<\/a><\/noscript><\/div><\/div><div class=\"lL\" style=\"max-width:100%;width:853px;margin:5px;\"><\/div><figcaption>Gabarito extraoficial MP MS<\/figcaption><\/figure>\n\n\n<h2 class=\"wp-block-heading has-text-align-center has-pale-cyan-blue-background-color has-background\">Concurso MP MS: gabarito extraoficial em texto<\/h2>\n\n\n\n<p class=\"wp-block-paragraph\">Como h\u00e1 v\u00e1rios tipos de provas, voc\u00ea pode conferir o in\u00edcio da quest\u00e3o do<strong> gabarito MP MS &#8211; analista &#8211; atividade Direito<\/strong>:<\/p>\n\n\n\n<ul class=\"wp-block-list\">\n<li>Em rela\u00e7\u00e3o ao subt\u00edtulo do texto&#8230;<\/li>\n\n\n\n<li><strong>Gabarito: <\/strong>D<\/li>\n<\/ul>\n\n\n\n<ul class=\"wp-block-list\">\n<li>Assinale a alternativa em que a pr\u00f3clise&#8230;<\/li>\n\n\n\n<li><strong>Gabarito: <\/strong> B<\/li>\n<\/ul>\n\n\n\n<ul class=\"wp-block-list\">\n<li>Assinale a alternativa que apresenta&#8230;<\/li>\n\n\n\n<li><strong>Gabarito: <\/strong>A<\/li>\n<\/ul>\n\n\n\n<ul class=\"wp-block-list\">\n<li>Sobre o excerto &#8220;entre encontrar&#8221; &#8230;<\/li>\n\n\n\n<li><strong>Gabarito: <\/strong>E<\/li>\n<\/ul>\n\n\n\n<ul class=\"wp-block-list\">\n<li>Sobre os mecanismos de coes\u00e3o empregados&#8230;<\/li>\n\n\n\n<li><strong>Gabarito: <\/strong>B<\/li>\n<\/ul>\n\n\n\n<ul class=\"wp-block-list\">\n<li>Assinale a alternativa que indica corretamente&#8230;<\/li>\n\n\n\n<li><strong>Gabarito: <\/strong>C<\/li>\n<\/ul>\n\n\n\n<ul class=\"wp-block-list\">\n<li>Sobre o verbo presente em &#8220;[&#8230;] v\u00e1 ao teatro&#8221;&#8230;<\/li>\n\n\n\n<li><strong>Gabarito: <\/strong>E<\/li>\n<\/ul>\n\n\n\n<ul class=\"wp-block-list\">\n<li>Assinale a alternativa em que a omiss\u00e3o da v\u00edrgula&#8230;<\/li>\n\n\n\n<li><strong>Gabarito: <\/strong>A<\/li>\n<\/ul>\n\n\n\n<ul class=\"wp-block-list\">\n<li>A partir da leitura do texto, \u00e9 correto afirma&#8230;<\/li>\n\n\n\n<li><strong>Gabarito: <\/strong>D<\/li>\n<\/ul>\n\n\n\n<ul class=\"wp-block-list\">\n<li>Assinale a alternativa em que e a express\u00e3o destacada&#8230;<\/li>\n\n\n\n<li><strong>Gabarito: <\/strong>D<\/li>\n<\/ul>\n\n\n\n<ul class=\"wp-block-list\">\n<li>Sobre o constitucionalismo, assinale a alternativa&#8230;<\/li>\n\n\n\n<li><strong>Gabarito: <\/strong>A<\/li>\n<\/ul>\n\n\n\n<ul class=\"wp-block-list\">\n<li>O poder revisor foi previsto no art. 3\u00ba, do ADCT&#8230;<\/li>\n\n\n\n<li><strong>Gabarito: <\/strong>B<\/li>\n<\/ul>\n\n\n\n<ul class=\"wp-block-list\">\n<li>Sobre os diferentes conceitos de constitui\u00e7\u00e3o&#8230;<\/li>\n\n\n\n<li><strong>Gabarito: <\/strong>C<\/li>\n<\/ul>\n\n\n\n<ul class=\"wp-block-list\">\n<li>Em rela\u00e7\u00e3o \u00e0s classifica\u00e7\u00f5es constitucionais&#8230;<\/li>\n\n\n\n<li><strong>Gabarito: <\/strong>E<\/li>\n<\/ul>\n\n\n\n<ul class=\"wp-block-list\">\n<li>Assinale a alternativa correta acerca dos direitos e garantias fundamentais&#8230;<\/li>\n\n\n\n<li><strong>Gabarito: <\/strong>E<\/li>\n<\/ul>\n\n\n\n<ul class=\"wp-block-list\">\n<li>Esteado na defesa da sa\u00fade&#8230;<\/li>\n\n\n\n<li><strong>Gabarito: <\/strong>D<\/li>\n<\/ul>\n\n\n\n<ul class=\"wp-block-list\">\n<li>No \u00e2mbito do controle de constitucionalidade&#8230;<\/li>\n\n\n\n<li><strong>Gabarito: <\/strong>A<\/li>\n<\/ul>\n\n\n\n<ul class=\"wp-block-list\">\n<li>No que diz respeito ao Poder Judici\u00e1rio&#8230;<\/li>\n\n\n\n<li><strong>Gabarito: <\/strong>B<\/li>\n<\/ul>\n\n\n\n<ul class=\"wp-block-list\">\n<li>Nos termos da constitui\u00e7\u00e3o Federal&#8230;<\/li>\n\n\n\n<li><strong>Gabarito: <\/strong>C<\/li>\n<\/ul>\n\n\n\n<ul class=\"wp-block-list\">\n<li>Sobre a Constitui\u00e7\u00e3o da Rep\u00fablica, assinale a alternativa incorreta&#8230;<\/li>\n\n\n\n<li><strong>Gabarito: <\/strong>B<\/li>\n<\/ul>\n\n\n\n<ul class=\"wp-block-list\">\n<li>Emilly, filha de pais americanas que trabalhavam&#8230;<\/li>\n\n\n\n<li><strong>Gabarito: <\/strong>D<\/li>\n<\/ul>\n\n\n\n<ul class=\"wp-block-list\">\n<li>De acordo com a Constitui\u00e7\u00e3o Federal, assinale a alternativa acerca do estado de s\u00edtio&#8230;<\/li>\n\n\n\n<li><strong>Gabarito: <\/strong>E<\/li>\n<\/ul>\n\n\n\n<ul class=\"wp-block-list\">\n<li>Sobre a Constitui\u00e7\u00e3o Federal de 1986, assinale a alternativa incorreta&#8230;<\/li>\n\n\n\n<li><strong>Gabarito: <\/strong>C<\/li>\n<\/ul>\n\n\n\n<ul class=\"wp-block-list\">\n<li>Considerando a Lei do Mandado de Seguran\u00e7a&#8230;<\/li>\n\n\n\n<li><strong>Gabarito: <\/strong>A<\/li>\n<\/ul>\n\n\n\n<ul class=\"wp-block-list\">\n<li>Referente \u00e0 a\u00e7\u00e3o civil p\u00fablica e \u00e0 a\u00e7\u00e3o popular&#8230;<\/li>\n\n\n\n<li><strong>Gabarito: <\/strong>E<\/li>\n<\/ul>\n\n\n\n<ul class=\"wp-block-list\">\n<li>Gorbachov, conhecido produtor rural&#8230;<\/li>\n\n\n\n<li><strong>Gabarito: <\/strong>A<\/li>\n<\/ul>\n\n\n\n<ul class=\"wp-block-list\">\n<li>Em rela\u00e7\u00e3o aos ben p\u00fablicos&#8230;<\/li>\n\n\n\n<li><strong>Gabarito: <\/strong>D<\/li>\n<\/ul>\n\n\n\n<ul class=\"wp-block-list\">\n<li>No que diz respeito aos \u00f3rg\u00e3os p\u00fablicos&#8230;<\/li>\n\n\n\n<li><strong>Gabarito: <\/strong>B<\/li>\n<\/ul>\n\n\n\n<ul class=\"wp-block-list\">\n<li>Yelena, servidora p\u00fablica do MP MS&#8230;<\/li>\n\n\n\n<li><strong>Gabarito: <\/strong>C<\/li>\n<\/ul>\n\n\n\n<ul class=\"wp-block-list\">\n<li>Sobre a Organiza\u00e7\u00e3o administrativa&#8230;<\/li>\n\n\n\n<li><strong>Gabarito: <\/strong>D<\/li>\n<\/ul>\n\n\n\n<ul class=\"wp-block-list\">\n<li>[&#8230;] delega\u00e7\u00e3o a t\u00edtulo prec\u00e1rio&#8230;&#8221;<\/li>\n\n\n\n<li><strong>Gabarito: <\/strong>B<\/li>\n<\/ul>\n\n\n\n<ul class=\"wp-block-list\">\n<li>Dimitri \u00e9 servidor p\u00fablico da administra\u00e7\u00e3o direta&#8230;<\/li>\n\n\n\n<li><strong>Gabarito: <\/strong>D<\/li>\n<\/ul>\n\n\n\n<ul class=\"wp-block-list\">\n<li>Considere que Olga, servidora p\u00fablica estadual efetiva&#8230;<\/li>\n\n\n\n<li><strong>Gabarito: <\/strong>C<\/li>\n<\/ul>\n\n\n\n<ul class=\"wp-block-list\">\n<li>Sobre o Plano de Cargos, Carreiras e Remunera\u00e7\u00e3o&#8230;<\/li>\n\n\n\n<li><strong>Gabarito: <\/strong>E<\/li>\n<\/ul>\n\n\n\n<ul class=\"wp-block-list\">\n<li>No que concerne ao processo administrativo&#8230;<\/li>\n\n\n\n<li><strong>Gabarito: <\/strong>A<\/li>\n<\/ul>\n\n\n\n<ul class=\"wp-block-list\">\n<li>Assinale a alternativa correta acerca do processo administrativo&#8230;<\/li>\n\n\n\n<li><strong>Gabarito: <\/strong>E<\/li>\n<\/ul>\n\n\n\n<ul class=\"wp-block-list\">\n<li>Sobre a improbidade administrativa&#8230;<\/li>\n\n\n\n<li><strong>Gabarito: <\/strong>B<\/li>\n<\/ul>\n\n\n\n<ul class=\"wp-block-list\">\n<li>Nos termos da Lei de Improbidade Administrativa&#8230;<\/li>\n\n\n\n<li><strong>Gabarito:<\/strong> C<\/li>\n<\/ul>\n\n\n\n<ul class=\"wp-block-list\">\n<li>De acordo com a nova Lei de Licita\u00e7\u00f5es e Contratos&#8230;<\/li>\n\n\n\n<li><strong>Gabarito: <\/strong>A<\/li>\n<\/ul>\n\n\n\n<ul class=\"wp-block-list\">\n<li>Sobre a responsabilidade civil do Estado&#8230;<\/li>\n\n\n\n<li><strong>Gabarito: <\/strong><\/li>\n<\/ul>\n\n\n\n<ul class=\"wp-block-list\">\n<li>Pedro e Joana eram casados&#8230;<\/li>\n\n\n\n<li><strong>Gabarito: <\/strong>B<\/li>\n<\/ul>\n\n\n\n<ul class=\"wp-block-list\">\n<li>Considerando o disposto no c\u00f3digo civil&#8230;<\/li>\n\n\n\n<li><strong>Gabarito: <\/strong>C<\/li>\n<\/ul>\n\n\n\n<ul class=\"wp-block-list\">\n<li>Sobre os contratos em conformidade&#8230;<\/li>\n\n\n\n<li><strong>Gabarito: <\/strong>A<\/li>\n<\/ul>\n\n\n\n<ul class=\"wp-block-list\">\n<li>F\u00e1tima e Pedro eram casados sob o regime de comunh\u00e3o parcial de bens&#8230;<\/li>\n\n\n\n<li><strong>Gabarito: <\/strong>E<\/li>\n<\/ul>\n\n\n\n<ul class=\"wp-block-list\">\n<li>Considerando o que disp\u00f5e o C\u00f3digo Civil (Lei n\u00ba 10.406\/2002)&#8230;<\/li>\n\n\n\n<li><strong>Gabarito: <\/strong>D<\/li>\n<\/ul>\n\n\n\n<ul class=\"wp-block-list\">\n<li>Acerca do procedimento comum, considerando&#8230;<\/li>\n\n\n\n<li><strong>Gabarito: <\/strong>E<\/li>\n<\/ul>\n\n\n\n<ul class=\"wp-block-list\">\n<li>Maria prop\u00f4s uma a\u00e7\u00e3o de Usucapi\u00e3o&#8230;<\/li>\n\n\n\n<li><strong>Gabarito: <\/strong>B<\/li>\n<\/ul>\n\n\n\n<ul class=\"wp-block-list\">\n<li>Assinale a alternativa que n\u00e3o representa&#8230;<\/li>\n\n\n\n<li><strong>Gabarito: <\/strong>A<\/li>\n<\/ul>\n\n\n\n<ul class=\"wp-block-list\">\n<li>Em um comum acordo, as partes e o juiz&#8230;<\/li>\n\n\n\n<li><strong>Gabarito: <\/strong>C<\/li>\n<\/ul>\n\n\n\n<ul class=\"wp-block-list\">\n<li>Assinale a alternativa correta acerca do processo de execu\u00e7\u00e3o&#8230;<\/li>\n\n\n\n<li><strong>Gabarito: <\/strong>D<\/li>\n<\/ul>\n\n\n\n<ul class=\"wp-block-list\">\n<li>Samanta foi condenada \u00e0 pena de reclus\u00e3o&#8230;<\/li>\n\n\n\n<li><strong>Gabarito: <\/strong>D<\/li>\n<\/ul>\n\n\n\n<ul class=\"wp-block-list\">\n<li>Jackson foi prefeito de Tr\u00eas Lagoas &#8211; MS&#8230;<\/li>\n\n\n\n<li><strong>Gabarito: <\/strong>A<\/li>\n<\/ul>\n\n\n\n<ul class=\"wp-block-list\">\n<li>O crime de &#8220;impedimento ou perturba\u00e7\u00e3o&#8230;&#8221;<\/li>\n\n\n\n<li><strong>Gabarito: <\/strong>B (cabe anula\u00e7\u00e3o)<\/li>\n<\/ul>\n\n\n\n<ul class=\"wp-block-list\">\n<li>Preencha as lacunas&#8230;<\/li>\n\n\n\n<li><strong>Gabarito: <\/strong>E<\/li>\n<\/ul>\n\n\n\n<ul class=\"wp-block-list\">\n<li>O tipo penal de &#8220;contrata\u00e7\u00e3o&#8230;&#8221;<\/li>\n\n\n\n<li><strong>Gabarito: <\/strong>B (cabe anula\u00e7\u00e3o)<\/li>\n<\/ul>\n\n\n\n<ul class=\"wp-block-list\">\n<li>Acerca da compet\u00eancia processual&#8230;<\/li>\n\n\n\n<li><strong>Gabarito: <\/strong>C<\/li>\n<\/ul>\n\n\n\n<ul class=\"wp-block-list\">\n<li>Alberto, 18 anos, \u00e9 morador de um pr\u00e9dio&#8230;<\/li>\n\n\n\n<li><strong>Gabarito: <\/strong>D<\/li>\n<\/ul>\n\n\n\n<ul class=\"wp-block-list\">\n<li>Preencha a lacuna e assinale a alterativa correta&#8230;<\/li>\n\n\n\n<li><strong>Gabarito: <\/strong>E<\/li>\n<\/ul>\n\n\n\n<ul class=\"wp-block-list\">\n<li>Marieta \u00e9 promotora de justi\u00e7a&#8230;<\/li>\n\n\n\n<li><strong>Gabarito: <\/strong>D<\/li>\n<\/ul>\n\n\n\n<ul class=\"wp-block-list\">\n<li>Sobre os regimes da nulidades processuais&#8230;<\/li>\n\n\n\n<li><strong>Gabarito: <\/strong>A<\/li>\n<\/ul>\n\n\n\n<ul class=\"wp-block-list\">\n<li>Carlos \u00e9 servidor p\u00fablico com cargo efetivo&#8230;<\/li>\n\n\n\n<li><strong>Gabarito: <\/strong>D<\/li>\n<\/ul>\n\n\n\n<ul class=\"wp-block-list\">\n<li>Sobre o Conselho Nacional do Minist\u00e9rio P\u00fablico&#8230;<\/li>\n\n\n\n<li><strong>Gabarito: <\/strong>E<\/li>\n<\/ul>\n\n\n\n<ul class=\"wp-block-list\">\n<li>De acordo com a Lei Org\u00e2nica do MP MS&#8230;<\/li>\n\n\n\n<li><strong>Gabarito: <\/strong>B<\/li>\n<\/ul>\n\n\n\n<ul class=\"wp-block-list\">\n<li>Paulo \u00e9 membro do MP MS&#8230;<\/li>\n\n\n\n<li><strong>Gabarito: <\/strong>C<\/li>\n<\/ul>\n\n\n\n<ul class=\"wp-block-list\">\n<li>Al\u00e9m dos vencimentos, poder\u00e3o ser outorgadas&#8230;<\/li>\n\n\n\n<li><strong>Gabarito: <\/strong>A<\/li>\n<\/ul>\n\n\n\n<ul class=\"wp-block-list\">\n<li>Marta \u00e9 casada e sofreu viol\u00eancia&#8230;<\/li>\n\n\n\n<li><strong>Gabarito: <\/strong>A<\/li>\n<\/ul>\n\n\n\n<ul class=\"wp-block-list\">\n<li>Os im\u00f3veis rurais precisam manter&#8230;<\/li>\n\n\n\n<li><strong>Gabarito: <\/strong><\/li>\n<\/ul>\n\n\n\n<ul class=\"wp-block-list\">\n<li>Hugo \u00e9 dependente de drogas&#8230;<\/li>\n\n\n\n<li><strong>Gabarito: <\/strong>B<\/li>\n<\/ul>\n\n\n\n<ul class=\"wp-block-list\">\n<li>De acordo com a Lei de Abuso de Autoridade&#8230;<\/li>\n\n\n\n<li><strong>Gabarito: <\/strong>E<\/li>\n<\/ul>\n\n\n\n<ul class=\"wp-block-list\">\n<li>Acerca do que prev\u00ea a Lei de Organiza\u00e7\u00e3o Criminosa&#8230;<\/li>\n\n\n\n<li><strong>Gabarito: <\/strong>C<\/li>\n<\/ul>\n\n\n\n<p class=\"wp-block-paragraph\"><\/p>\n\n\n\n<p class=\"wp-block-paragraph\">N\u00e3o perca nenhuma atualiza\u00e7\u00e3o e novidade sobre o concurso MP MS. Elaboramos um artigo completo para voc\u00ea se informar!<\/p>\n\n\n\n<p class=\"has-text-align-center has-very-light-gray-to-cyan-bluish-gray-gradient-background has-background has-medium-font-size wp-block-paragraph\"><strong>Saiba mais: <a href=\"https:\/\/www.estrategiaconcursos.com.br\/blog\/concurso-mp-ms\/\" target=\"_blank\" rel=\"noreferrer noopener\">concurso MP MS<\/a><\/strong><\/p>\n\n\n\n<h2 class=\"wp-block-heading has-text-align-center\" id=\"h-quer-saber-tudo-sobre-concursos-previstos-confira-nossos-artigos\">Quer saber tudo sobre concursos previstos?<br \/>Confira nossos artigos!<\/h2>\n\n\n\n<ul class=\"wp-block-list\">\n<li><a href=\"https:\/\/www.estrategiaconcursos.com.br\/blog\/concursos-abertos\/\" target=\"_blank\" rel=\"noreferrer noopener\">Concursos abertos<\/a><\/li>\n\n\n\n<li><a href=\"https:\/\/www.estrategiaconcursos.com.br\/blog\/concursos-2023\/\" target=\"_blank\" rel=\"noreferrer noopener\">Concursos 2023<\/a><\/li>\n<\/ul>\n\n\n\n<h2 class=\"wp-block-heading has-text-align-center\" id=\"curso\">Quer estudar para o concurso MP MS? <\/h2>\n\n\n\n<div class=\"row\">\n\n    <div class=\"col-sm\">\n      <div class=\"banner-ecj\" id=\"box-assinatura\">\n        <h3 class=\"titulo-assinatura\">Cursos Concurso MP MS <\/h3>\n        <p class=\"subtitulo-assinatura\">Cursos focados no edital do concurso<\/p>\n        <div class=\"box-botao\">\n          <a class=\"btn-assinatura\" target=\"_blank\" href=\"https:\/\/www.estrategiaconcursos.com.br\/cursosPorConcurso\/ministerio-publicodo-mato-grosso-do-sul-mp-ms-servidores\/\" role=\"button\" rel=\"noopener noreferrer\">Conhe\u00e7a mais<\/a>\n        <\/div>\n      <\/div>\n      <p class=\"texto-auxiliar\">Prepare-se com o melhor material e com quem mais aprova em concursos de Procuradorias em todo o pa\u00eds. \n<\/p>\n    <\/div>\n\n  <\/div>\n\n\n\n<div class=\"container\" id=\"boxes\">\n  <div class=\"row\">\n\n    <div class=\"col-sm\">\n      <div class=\"estrategia\" id=\"box-assinatura\">\n        <h3 class=\"titulo-assinatura\">Assinatura Concursos<\/h3>\n        <p class=\"subtitulo-assinatura\">Assinatura de 1 ano ou 2 anos<\/p>\n        <div class=\"box-botao\">\n          <a class=\"btn-assinatura\" target=\"_blank\" href=\"https:\/\/www.estrategiaconcursos.com.br\/blog\/assinaturas\/\" role=\"button\" rel=\"noopener noreferrer\">ASSINE AGORA<\/a>\n        <\/div>\n      <\/div>\n     \n    <\/div><\/div><\/div>\n","protected":false},"excerpt":{"rendered":"<p>As provas objetivas do concurso do\u00a0Minist\u00e9rio P\u00fablico do Mato Grosso do Sul (MP MS) foram aplicadas no domingo (16\/04) e aqui voc\u00ea poder\u00e1 conferir o gabarito extraoficial para o cargo de analista &#8211; atividade Direito. A corre\u00e7\u00e3o extraoficial estar\u00e1 dispon\u00edvel em v\u00eddeo (atrav\u00e9s do link abaixo) e tamb\u00e9m em texto, a partir da transcri\u00e7\u00e3o do [&hellip;]<\/p>\n","protected":false},"author":2319,"featured_media":1202228,"comment_status":"open","ping_status":"closed","sticky":false,"template":"","format":"standard","meta":{"_acf_changed":false,"post_tipo":"news","footnotes":""},"categories":[1984,220737,220219],"tags":[],"tax_estado":[219975],"class_list":["post-1202226","post","type-post","status-publish","format-standard","has-post-thumbnail","hentry","category-tribunais","category-tribunais-tribunais","category-noticias","tax_estado-ms"],"acf":[],"yoast_head":"<!-- This site is optimized with the Yoast SEO Premium plugin v28.1 (Yoast SEO v28.1) - https:\/\/yoast.com\/product\/yoast-seo-premium-wordpress\/ -->\n<title>Gabarito MP MS: corre\u00e7\u00e3o extraoficial - Analista - atividade Direito<\/title>\n<meta name=\"description\" content=\"As provas objetivas do MP MS foram aplicadas no domingo (16\/04) e aqui voc\u00ea poder\u00e1 conferir o gabarito extraoficial.\" \/>\n<meta name=\"robots\" content=\"index, follow, max-snippet:-1, max-image-preview:large, max-video-preview:-1\" \/>\n<link rel=\"canonical\" href=\"https:\/\/www.estrategiaconcursos.com.br\/blog\/concurso-mp-ms-gabarito-extraoficial\/\" \/>\n<meta property=\"og:locale\" content=\"pt_BR\" \/>\n<meta property=\"og:type\" content=\"article\" \/>\n<meta property=\"og:title\" content=\"Gabarito MP MS: corre\u00e7\u00e3o extraoficial - Analista - atividade Direito\" \/>\n<meta property=\"og:description\" content=\"As provas objetivas do MP MS foram aplicadas no domingo (16\/04) e aqui voc\u00ea poder\u00e1 conferir o gabarito extraoficial.\" \/>\n<meta property=\"og:url\" content=\"https:\/\/www.estrategiaconcursos.com.br\/blog\/concurso-mp-ms-gabarito-extraoficial\/\" \/>\n<meta property=\"og:site_name\" content=\"Estrat\u00e9gia Concursos\" \/>\n<meta property=\"article:published_time\" content=\"2023-04-16T20:14:28+00:00\" \/>\n<meta property=\"article:modified_time\" content=\"2023-04-17T15:35:13+00:00\" \/>\n<meta property=\"og:image\" content=\"https:\/\/dhg1h5j42swfq.cloudfront.net\/2023\/04\/16170936\/captura-de-tela-2023-04-16-as-16-51-45.png\" \/>\n\t<meta property=\"og:image:width\" content=\"1898\" \/>\n\t<meta property=\"og:image:height\" content=\"930\" \/>\n\t<meta property=\"og:image:type\" content=\"image\/png\" \/>\n<meta name=\"author\" content=\"Let\u00edcia Teixeira\" \/>\n<meta name=\"twitter:card\" content=\"summary_large_image\" \/>\n<meta name=\"twitter:creator\" content=\"@EstratConcursos\" \/>\n<meta name=\"twitter:site\" content=\"@EstratConcursos\" \/>\n<meta name=\"twitter:label1\" content=\"Escrito por\" \/>\n\t<meta name=\"twitter:data1\" content=\"Let\u00edcia Teixeira\" \/>\n\t<meta name=\"twitter:label2\" content=\"Est. tempo de leitura\" \/>\n\t<meta name=\"twitter:data2\" content=\"5 minutos\" \/>\n<script type=\"application\/ld+json\" class=\"yoast-schema-graph\">{\"@context\":\"https:\\\/\\\/schema.org\",\"@graph\":[{\"@type\":\"NewsArticle\",\"@id\":\"https:\\\/\\\/www.estrategiaconcursos.com.br\\\/blog\\\/concurso-mp-ms-gabarito-extraoficial\\\/#article\",\"isPartOf\":{\"@id\":\"https:\\\/\\\/www.estrategiaconcursos.com.br\\\/blog\\\/concurso-mp-ms-gabarito-extraoficial\\\/\"},\"author\":{\"name\":\"Let\u00edcia Teixeira\",\"@id\":\"https:\\\/\\\/blog-estrategia.mystagingwebsite.com\\\/#\\\/schema\\\/person\\\/9b94727dcf4410f4a7931c83966c843b\"},\"headline\":\"Gabarito MP MS: corre\u00e7\u00e3o extraoficial &#8211; Analista &#8211; atividade Direito\",\"datePublished\":\"2023-04-16T20:14:28+00:00\",\"dateModified\":\"2023-04-17T15:35:13+00:00\",\"mainEntityOfPage\":{\"@id\":\"https:\\\/\\\/www.estrategiaconcursos.com.br\\\/blog\\\/concurso-mp-ms-gabarito-extraoficial\\\/\"},\"wordCount\":934,\"commentCount\":0,\"publisher\":{\"@id\":\"https:\\\/\\\/blog-estrategia.mystagingwebsite.com\\\/#organization\"},\"image\":{\"@id\":\"https:\\\/\\\/www.estrategiaconcursos.com.br\\\/blog\\\/concurso-mp-ms-gabarito-extraoficial\\\/#primaryimage\"},\"thumbnailUrl\":\"https:\\\/\\\/dhg1h5j42swfq.cloudfront.net\\\/2023\\\/04\\\/16170936\\\/captura-de-tela-2023-04-16-as-16-51-45.png\",\"articleSection\":[\"Tribunais\",\"Tribunais\",\"\u00daltimas not\u00edcias\"],\"inLanguage\":\"pt-BR\",\"potentialAction\":[{\"@type\":\"CommentAction\",\"name\":\"Comment\",\"target\":[\"https:\\\/\\\/www.estrategiaconcursos.com.br\\\/blog\\\/concurso-mp-ms-gabarito-extraoficial\\\/#respond\"]}],\"copyrightYear\":\"2023\",\"copyrightHolder\":{\"@id\":\"https:\\\/\\\/www.estrategiaconcursos.com.br\\\/blog\\\/#organization\"}},{\"@type\":\"WebPage\",\"@id\":\"https:\\\/\\\/www.estrategiaconcursos.com.br\\\/blog\\\/concurso-mp-ms-gabarito-extraoficial\\\/\",\"url\":\"https:\\\/\\\/www.estrategiaconcursos.com.br\\\/blog\\\/concurso-mp-ms-gabarito-extraoficial\\\/\",\"name\":\"Gabarito MP MS: corre\u00e7\u00e3o extraoficial - Analista - atividade Direito\",\"isPartOf\":{\"@id\":\"https:\\\/\\\/blog-estrategia.mystagingwebsite.com\\\/#website\"},\"primaryImageOfPage\":{\"@id\":\"https:\\\/\\\/www.estrategiaconcursos.com.br\\\/blog\\\/concurso-mp-ms-gabarito-extraoficial\\\/#primaryimage\"},\"image\":{\"@id\":\"https:\\\/\\\/www.estrategiaconcursos.com.br\\\/blog\\\/concurso-mp-ms-gabarito-extraoficial\\\/#primaryimage\"},\"thumbnailUrl\":\"https:\\\/\\\/dhg1h5j42swfq.cloudfront.net\\\/2023\\\/04\\\/16170936\\\/captura-de-tela-2023-04-16-as-16-51-45.png\",\"datePublished\":\"2023-04-16T20:14:28+00:00\",\"dateModified\":\"2023-04-17T15:35:13+00:00\",\"description\":\"As provas objetivas do MP MS foram aplicadas no domingo (16\\\/04) e aqui voc\u00ea poder\u00e1 conferir o gabarito extraoficial.\",\"breadcrumb\":{\"@id\":\"https:\\\/\\\/www.estrategiaconcursos.com.br\\\/blog\\\/concurso-mp-ms-gabarito-extraoficial\\\/#breadcrumb\"},\"inLanguage\":\"pt-BR\",\"potentialAction\":[{\"@type\":\"ReadAction\",\"target\":[\"https:\\\/\\\/www.estrategiaconcursos.com.br\\\/blog\\\/concurso-mp-ms-gabarito-extraoficial\\\/\"]}]},{\"@type\":\"ImageObject\",\"inLanguage\":\"pt-BR\",\"@id\":\"https:\\\/\\\/www.estrategiaconcursos.com.br\\\/blog\\\/concurso-mp-ms-gabarito-extraoficial\\\/#primaryimage\",\"url\":\"https:\\\/\\\/dhg1h5j42swfq.cloudfront.net\\\/2023\\\/04\\\/16170936\\\/captura-de-tela-2023-04-16-as-16-51-45.png\",\"contentUrl\":\"https:\\\/\\\/dhg1h5j42swfq.cloudfront.net\\\/2023\\\/04\\\/16170936\\\/captura-de-tela-2023-04-16-as-16-51-45.png\",\"width\":1898,\"height\":930},{\"@type\":\"BreadcrumbList\",\"@id\":\"https:\\\/\\\/www.estrategiaconcursos.com.br\\\/blog\\\/concurso-mp-ms-gabarito-extraoficial\\\/#breadcrumb\",\"itemListElement\":[{\"@type\":\"ListItem\",\"position\":1,\"name\":\"In\u00edcio\",\"item\":\"https:\\\/\\\/blog-estrategia.mystagingwebsite.com\\\/\"},{\"@type\":\"ListItem\",\"position\":2,\"name\":\"Gabarito MP MS: corre\u00e7\u00e3o extraoficial &#8211; Analista &#8211; atividade Direito\"}]},{\"@type\":\"WebSite\",\"@id\":\"https:\\\/\\\/blog-estrategia.mystagingwebsite.com\\\/#website\",\"url\":\"https:\\\/\\\/blog-estrategia.mystagingwebsite.com\\\/\",\"name\":\"Estrat\u00e9gia Concursos\",\"description\":\"O blog da Estrat\u00e9gia Concursos traz not\u00edcias sobre concursos e artigos de professores oferecendo cursos para concursos (pdf + videaulas) no site.\",\"publisher\":{\"@id\":\"https:\\\/\\\/blog-estrategia.mystagingwebsite.com\\\/#organization\"},\"potentialAction\":[{\"@type\":\"SearchAction\",\"target\":{\"@type\":\"EntryPoint\",\"urlTemplate\":\"https:\\\/\\\/blog-estrategia.mystagingwebsite.com\\\/?s={search_term_string}\"},\"query-input\":{\"@type\":\"PropertyValueSpecification\",\"valueRequired\":true,\"valueName\":\"search_term_string\"}}],\"inLanguage\":\"pt-BR\"},{\"@type\":\"Organization\",\"@id\":\"https:\\\/\\\/blog-estrategia.mystagingwebsite.com\\\/#organization\",\"name\":\"Estrat\u00e9gia Concursos\",\"url\":\"https:\\\/\\\/blog-estrategia.mystagingwebsite.com\\\/\",\"logo\":{\"@type\":\"ImageObject\",\"inLanguage\":\"pt-BR\",\"@id\":\"https:\\\/\\\/blog-estrategia.mystagingwebsite.com\\\/#\\\/schema\\\/logo\\\/image\\\/\",\"url\":\"https:\\\/\\\/dhg1h5j42swfq.cloudfront.net\\\/2025\\\/06\\\/03203428\\\/logo_concursos-1.jpg\",\"contentUrl\":\"https:\\\/\\\/dhg1h5j42swfq.cloudfront.net\\\/2025\\\/06\\\/03203428\\\/logo_concursos-1.jpg\",\"width\":230,\"height\":60,\"caption\":\"Estrat\u00e9gia Concursos\"},\"image\":{\"@id\":\"https:\\\/\\\/blog-estrategia.mystagingwebsite.com\\\/#\\\/schema\\\/logo\\\/image\\\/\"},\"sameAs\":[\"https:\\\/\\\/x.com\\\/EstratConcursos\"]},{\"@type\":\"Person\",\"@id\":\"https:\\\/\\\/blog-estrategia.mystagingwebsite.com\\\/#\\\/schema\\\/person\\\/9b94727dcf4410f4a7931c83966c843b\",\"name\":\"Let\u00edcia Teixeira\",\"image\":{\"@type\":\"ImageObject\",\"inLanguage\":\"pt-BR\",\"@id\":\"https:\\\/\\\/secure.gravatar.com\\\/avatar\\\/fb589b06b881e20b676d08f9d03226d1e3291ba2f90e751ddc9ccb21abf0244d?s=96&d=mm&r=g\",\"url\":\"https:\\\/\\\/secure.gravatar.com\\\/avatar\\\/fb589b06b881e20b676d08f9d03226d1e3291ba2f90e751ddc9ccb21abf0244d?s=96&d=mm&r=g\",\"contentUrl\":\"https:\\\/\\\/secure.gravatar.com\\\/avatar\\\/fb589b06b881e20b676d08f9d03226d1e3291ba2f90e751ddc9ccb21abf0244d?s=96&d=mm&r=g\",\"caption\":\"Let\u00edcia Teixeira\"},\"description\":\"Jornalista com experi\u00eancia de mais de quatro anos no segmento de concursos p\u00fablicos. Especializada em Narrativa Transm\u00eddia e Storytelling pela Universidade Cat\u00f3lica de Bras\u00edlia, com atua\u00e7\u00e3o nas \u00e1reas de SEO, conte\u00fado, Webwriting e Copywriting.\",\"url\":\"https:\\\/\\\/www.estrategiaconcursos.com.br\\\/blog\\\/author\\\/leticia-teixeiraestrategia-com\\\/\"}]}<\/script>\n<!-- \/ Yoast SEO Premium plugin. -->","yoast_head_json":{"title":"Gabarito MP MS: corre\u00e7\u00e3o extraoficial - Analista - atividade Direito","description":"As provas objetivas do MP MS foram aplicadas no domingo (16\/04) e aqui voc\u00ea poder\u00e1 conferir o gabarito extraoficial.","robots":{"index":"index","follow":"follow","max-snippet":"max-snippet:-1","max-image-preview":"max-image-preview:large","max-video-preview":"max-video-preview:-1"},"canonical":"https:\/\/www.estrategiaconcursos.com.br\/blog\/concurso-mp-ms-gabarito-extraoficial\/","og_locale":"pt_BR","og_type":"article","og_title":"Gabarito MP MS: corre\u00e7\u00e3o extraoficial - Analista - atividade Direito","og_description":"As provas objetivas do MP MS foram aplicadas no domingo (16\/04) e aqui voc\u00ea poder\u00e1 conferir o gabarito extraoficial.","og_url":"https:\/\/www.estrategiaconcursos.com.br\/blog\/concurso-mp-ms-gabarito-extraoficial\/","og_site_name":"Estrat\u00e9gia Concursos","article_published_time":"2023-04-16T20:14:28+00:00","article_modified_time":"2023-04-17T15:35:13+00:00","og_image":[{"width":1898,"height":930,"url":"https:\/\/dhg1h5j42swfq.cloudfront.net\/2023\/04\/16170936\/captura-de-tela-2023-04-16-as-16-51-45.png","type":"image\/png"}],"author":"Let\u00edcia Teixeira","twitter_card":"summary_large_image","twitter_creator":"@EstratConcursos","twitter_site":"@EstratConcursos","twitter_misc":{"Escrito por":"Let\u00edcia Teixeira","Est. tempo de leitura":"5 minutos"},"schema":{"@context":"https:\/\/schema.org","@graph":[{"@type":"NewsArticle","@id":"https:\/\/www.estrategiaconcursos.com.br\/blog\/concurso-mp-ms-gabarito-extraoficial\/#article","isPartOf":{"@id":"https:\/\/www.estrategiaconcursos.com.br\/blog\/concurso-mp-ms-gabarito-extraoficial\/"},"author":{"name":"Let\u00edcia Teixeira","@id":"https:\/\/blog-estrategia.mystagingwebsite.com\/#\/schema\/person\/9b94727dcf4410f4a7931c83966c843b"},"headline":"Gabarito MP MS: corre\u00e7\u00e3o extraoficial &#8211; Analista &#8211; atividade Direito","datePublished":"2023-04-16T20:14:28+00:00","dateModified":"2023-04-17T15:35:13+00:00","mainEntityOfPage":{"@id":"https:\/\/www.estrategiaconcursos.com.br\/blog\/concurso-mp-ms-gabarito-extraoficial\/"},"wordCount":934,"commentCount":0,"publisher":{"@id":"https:\/\/blog-estrategia.mystagingwebsite.com\/#organization"},"image":{"@id":"https:\/\/www.estrategiaconcursos.com.br\/blog\/concurso-mp-ms-gabarito-extraoficial\/#primaryimage"},"thumbnailUrl":"https:\/\/dhg1h5j42swfq.cloudfront.net\/2023\/04\/16170936\/captura-de-tela-2023-04-16-as-16-51-45.png","articleSection":["Tribunais","Tribunais","\u00daltimas not\u00edcias"],"inLanguage":"pt-BR","potentialAction":[{"@type":"CommentAction","name":"Comment","target":["https:\/\/www.estrategiaconcursos.com.br\/blog\/concurso-mp-ms-gabarito-extraoficial\/#respond"]}],"copyrightYear":"2023","copyrightHolder":{"@id":"https:\/\/www.estrategiaconcursos.com.br\/blog\/#organization"}},{"@type":"WebPage","@id":"https:\/\/www.estrategiaconcursos.com.br\/blog\/concurso-mp-ms-gabarito-extraoficial\/","url":"https:\/\/www.estrategiaconcursos.com.br\/blog\/concurso-mp-ms-gabarito-extraoficial\/","name":"Gabarito MP MS: corre\u00e7\u00e3o extraoficial - Analista - atividade Direito","isPartOf":{"@id":"https:\/\/blog-estrategia.mystagingwebsite.com\/#website"},"primaryImageOfPage":{"@id":"https:\/\/www.estrategiaconcursos.com.br\/blog\/concurso-mp-ms-gabarito-extraoficial\/#primaryimage"},"image":{"@id":"https:\/\/www.estrategiaconcursos.com.br\/blog\/concurso-mp-ms-gabarito-extraoficial\/#primaryimage"},"thumbnailUrl":"https:\/\/dhg1h5j42swfq.cloudfront.net\/2023\/04\/16170936\/captura-de-tela-2023-04-16-as-16-51-45.png","datePublished":"2023-04-16T20:14:28+00:00","dateModified":"2023-04-17T15:35:13+00:00","description":"As provas objetivas do MP MS foram aplicadas no domingo (16\/04) e aqui voc\u00ea poder\u00e1 conferir o gabarito extraoficial.","breadcrumb":{"@id":"https:\/\/www.estrategiaconcursos.com.br\/blog\/concurso-mp-ms-gabarito-extraoficial\/#breadcrumb"},"inLanguage":"pt-BR","potentialAction":[{"@type":"ReadAction","target":["https:\/\/www.estrategiaconcursos.com.br\/blog\/concurso-mp-ms-gabarito-extraoficial\/"]}]},{"@type":"ImageObject","inLanguage":"pt-BR","@id":"https:\/\/www.estrategiaconcursos.com.br\/blog\/concurso-mp-ms-gabarito-extraoficial\/#primaryimage","url":"https:\/\/dhg1h5j42swfq.cloudfront.net\/2023\/04\/16170936\/captura-de-tela-2023-04-16-as-16-51-45.png","contentUrl":"https:\/\/dhg1h5j42swfq.cloudfront.net\/2023\/04\/16170936\/captura-de-tela-2023-04-16-as-16-51-45.png","width":1898,"height":930},{"@type":"BreadcrumbList","@id":"https:\/\/www.estrategiaconcursos.com.br\/blog\/concurso-mp-ms-gabarito-extraoficial\/#breadcrumb","itemListElement":[{"@type":"ListItem","position":1,"name":"In\u00edcio","item":"https:\/\/blog-estrategia.mystagingwebsite.com\/"},{"@type":"ListItem","position":2,"name":"Gabarito MP MS: corre\u00e7\u00e3o extraoficial &#8211; Analista &#8211; atividade Direito"}]},{"@type":"WebSite","@id":"https:\/\/blog-estrategia.mystagingwebsite.com\/#website","url":"https:\/\/blog-estrategia.mystagingwebsite.com\/","name":"Estrat\u00e9gia Concursos","description":"O blog da Estrat\u00e9gia Concursos traz not\u00edcias sobre concursos e artigos de professores oferecendo cursos para concursos (pdf + videaulas) no site.","publisher":{"@id":"https:\/\/blog-estrategia.mystagingwebsite.com\/#organization"},"potentialAction":[{"@type":"SearchAction","target":{"@type":"EntryPoint","urlTemplate":"https:\/\/blog-estrategia.mystagingwebsite.com\/?s={search_term_string}"},"query-input":{"@type":"PropertyValueSpecification","valueRequired":true,"valueName":"search_term_string"}}],"inLanguage":"pt-BR"},{"@type":"Organization","@id":"https:\/\/blog-estrategia.mystagingwebsite.com\/#organization","name":"Estrat\u00e9gia Concursos","url":"https:\/\/blog-estrategia.mystagingwebsite.com\/","logo":{"@type":"ImageObject","inLanguage":"pt-BR","@id":"https:\/\/blog-estrategia.mystagingwebsite.com\/#\/schema\/logo\/image\/","url":"https:\/\/dhg1h5j42swfq.cloudfront.net\/2025\/06\/03203428\/logo_concursos-1.jpg","contentUrl":"https:\/\/dhg1h5j42swfq.cloudfront.net\/2025\/06\/03203428\/logo_concursos-1.jpg","width":230,"height":60,"caption":"Estrat\u00e9gia Concursos"},"image":{"@id":"https:\/\/blog-estrategia.mystagingwebsite.com\/#\/schema\/logo\/image\/"},"sameAs":["https:\/\/x.com\/EstratConcursos"]},{"@type":"Person","@id":"https:\/\/blog-estrategia.mystagingwebsite.com\/#\/schema\/person\/9b94727dcf4410f4a7931c83966c843b","name":"Let\u00edcia Teixeira","image":{"@type":"ImageObject","inLanguage":"pt-BR","@id":"https:\/\/secure.gravatar.com\/avatar\/fb589b06b881e20b676d08f9d03226d1e3291ba2f90e751ddc9ccb21abf0244d?s=96&d=mm&r=g","url":"https:\/\/secure.gravatar.com\/avatar\/fb589b06b881e20b676d08f9d03226d1e3291ba2f90e751ddc9ccb21abf0244d?s=96&d=mm&r=g","contentUrl":"https:\/\/secure.gravatar.com\/avatar\/fb589b06b881e20b676d08f9d03226d1e3291ba2f90e751ddc9ccb21abf0244d?s=96&d=mm&r=g","caption":"Let\u00edcia Teixeira"},"description":"Jornalista com experi\u00eancia de mais de quatro anos no segmento de concursos p\u00fablicos. Especializada em Narrativa Transm\u00eddia e Storytelling pela Universidade Cat\u00f3lica de Bras\u00edlia, com atua\u00e7\u00e3o nas \u00e1reas de SEO, conte\u00fado, Webwriting e Copywriting.","url":"https:\/\/www.estrategiaconcursos.com.br\/blog\/author\/leticia-teixeiraestrategia-com\/"}]}},"_links":{"self":[{"href":"https:\/\/www.estrategiaconcursos.com.br\/blog\/wp-json\/wp\/v2\/posts\/1202226","targetHints":{"allow":["GET"]}}],"collection":[{"href":"https:\/\/www.estrategiaconcursos.com.br\/blog\/wp-json\/wp\/v2\/posts"}],"about":[{"href":"https:\/\/www.estrategiaconcursos.com.br\/blog\/wp-json\/wp\/v2\/types\/post"}],"author":[{"embeddable":true,"href":"https:\/\/www.estrategiaconcursos.com.br\/blog\/wp-json\/wp\/v2\/users\/2319"}],"replies":[{"embeddable":true,"href":"https:\/\/www.estrategiaconcursos.com.br\/blog\/wp-json\/wp\/v2\/comments?post=1202226"}],"version-history":[{"count":0,"href":"https:\/\/www.estrategiaconcursos.com.br\/blog\/wp-json\/wp\/v2\/posts\/1202226\/revisions"}],"wp:featuredmedia":[{"embeddable":true,"href":"https:\/\/www.estrategiaconcursos.com.br\/blog\/wp-json\/wp\/v2\/media\/1202228"}],"wp:attachment":[{"href":"https:\/\/www.estrategiaconcursos.com.br\/blog\/wp-json\/wp\/v2\/media?parent=1202226"}],"wp:term":[{"taxonomy":"category","embeddable":true,"href":"https:\/\/www.estrategiaconcursos.com.br\/blog\/wp-json\/wp\/v2\/categories?post=1202226"},{"taxonomy":"post_tag","embeddable":true,"href":"https:\/\/www.estrategiaconcursos.com.br\/blog\/wp-json\/wp\/v2\/tags?post=1202226"},{"taxonomy":"tax_estado","embeddable":true,"href":"https:\/\/www.estrategiaconcursos.com.br\/blog\/wp-json\/wp\/v2\/tax_estado?post=1202226"}],"curies":[{"name":"wp","href":"https:\/\/api.w.org\/{rel}","templated":true}]}}