{"id":120110,"date":"2018-05-08T09:57:15","date_gmt":"2018-05-08T12:57:15","guid":{"rendered":"https:\/\/www.estrategiaconcursos.com.br\/blog\/?p=120110"},"modified":"2021-01-13T13:05:22","modified_gmt":"2021-01-13T16:05:22","slug":"comentarios-as-questoes-de-direito-da-crianca-e-do-adolescente-do-tj-rs","status":"publish","type":"post","link":"https:\/\/www.estrategiaconcursos.com.br\/blog\/comentarios-as-questoes-de-direito-da-crianca-e-do-adolescente-do-tj-rs\/","title":{"rendered":"Coment\u00e1rios \u00e0s Quest\u00f5es de Direito da Crian\u00e7a e do Adolescente do TJ-RS"},"content":{"rendered":"<p style=\"text-align: justify\">Neste artigo analisamos as quest\u00f5es aplicadas pela VUNESP no concurso para ingresso na magistratura do Estado do Rio Grande do Sul. S\u00e3o quest\u00f5es interessantes e atuais para quem quiser treinar Direito da Crian\u00e7a e do Adolescente.<\/p>\n<p style=\"text-align: justify\">Vamos aos coment\u00e1rios!<\/p>\n<p style=\"text-align: justify\"><strong>VUNESP\/TJRS\/2018<\/strong><\/p>\n<p style=\"text-align: justify\">No que diz respeito aos dispositivos previstos no Estatuto da Crian\u00e7a e do Adolescente relativos ao per\u00edodo de gesta\u00e7\u00e3o at\u00e9 o final da amamenta\u00e7\u00e3o, assinale a alternativa correta.<\/p>\n<p style=\"text-align: justify\">(A) O poder p\u00fablico, as institui\u00e7\u00f5es e os empregadores propiciar\u00e3o condi\u00e7\u00f5es adequadas ao aleitamento materno, inclusive aos filhos de m\u00e3es submetidas a medida privativa de liberdade, \u00e0 exce\u00e7\u00e3o daquelas inclu\u00eddas em regime disciplinar diferenciado.<\/p>\n<p style=\"text-align: justify\">(B) Em virtude dos efeitos do estado gestacional ou puerperal, \u00e9 vedado \u00e0 gestante ou \u00e0 m\u00e3e que manifeste interesse em entregar seu filho para ado\u00e7\u00e3o, antes ou logo ap\u00f3s o nascimento.<\/p>\n<p style=\"text-align: justify\">(C) A gestante e a parturiente t\u00eam direito a 1 (um) acompanhante de sua prefer\u00eancia durante o per\u00edodo do pr\u00e9-natal, do trabalho de parto e do p\u00f3s-parto imediato.<\/p>\n<p style=\"text-align: justify\">(D) A gestante ou m\u00e3e que manifeste interesse em entregar seu filho para ado\u00e7\u00e3o, antes ou logo ap\u00f3s o nascimento, ser\u00e1 encaminhada \u00e0 Justi\u00e7a da Inf\u00e2ncia e da Juventude, sendo que ap\u00f3s a formaliza\u00e7\u00e3o do interesse manifestado em audi\u00eancia ou perante a equipe interprofissional, \u00e9 vedada a desist\u00eancia da entrega da crian\u00e7a, pela m\u00e3e, ap\u00f3s o nascimento.<\/p>\n<p style=\"text-align: justify\">(E) Os estabelecimentos de atendimento \u00e0 sa\u00fade, \u00e0 exce\u00e7\u00e3o das unidades neonatais e de terapia intensiva, dever\u00e3o proporcionar condi\u00e7\u00f5es para a perman\u00eancia em tempo integral de um dos pais ou respons\u00e1vel, nos casos de interna\u00e7\u00e3o de crian\u00e7a ou adolescente.<\/p>\n<p style=\"text-align: justify\"><strong>Coment\u00e1rios<\/strong><\/p>\n<p style=\"text-align: justify\">Vejamos:<\/p>\n<p style=\"text-align: justify\">A alternativa A est\u00e1 incorreta, uma vez que cria uma restri\u00e7\u00e3o que n\u00e3o existe na lei (\u201c\u00e0 exce\u00e7\u00e3o daquelas inclu\u00eddas em regime disciplinar diferenciado\u201d). Confiram (art. 9\u00ba,<em> caput<\/em>, do ECA):<\/p>\n<blockquote>\n<p style=\"text-align: justify\">Art. 9\u00ba O poder p\u00fablico, as institui\u00e7\u00f5es e os empregadores propiciar\u00e3o condi\u00e7\u00f5es adequadas ao aleitamento materno, inclusive aos filhos de m\u00e3es submetidas a medida privativa de liberdade.<\/p>\n<\/blockquote>\n<p style=\"text-align: justify\">A alternativa B est\u00e1 incorreta. A gestante ou m\u00e3e pode sim manifestar o interesse de entregar seu filho para ado\u00e7\u00e3o, antes ou logo ap\u00f3s o nascimento, hip\u00f3tese em que ser\u00e1 encaminhada \u00e0 Justi\u00e7a da Inf\u00e2ncia e da Juventude (art. 19-A, do ECA).<\/p>\n<p style=\"text-align: justify\">A alternativa C est\u00e1 correta e \u00e9 o gabarito da quest\u00e3o. Trata-se de c\u00f3pia literal do art. 8\u00ba, \u00a7 6\u00ba, do ECA. Vejam:<\/p>\n<blockquote>\n<p style=\"text-align: justify\">\u00a7 6o &nbsp;A gestante e a parturiente t\u00eam direito a 1 (um) acompanhante de sua prefer\u00eancia durante o per\u00edodo do pr\u00e9-natal, do trabalho de parto e do p\u00f3s-parto imediato.<\/p>\n<\/blockquote>\n<p style=\"text-align: justify\">A alternativa D est\u00e1 incorreta. Na hip\u00f3tese de desist\u00eancia pelos genitores, manifestada em audi\u00eancia ou perante a equipe profissional, \u00e9 com os genitores que a crian\u00e7a ser\u00e1 mantida, sendo que ser\u00e1 determinado pela Justi\u00e7a da Inf\u00e2ncia e da Juventude o acompanhamento familiar pelo prazo de 180 (cento e oitenta) dias (art. 19-A, \u00a7 8\u00ba, do ECA).<\/p>\n<p style=\"text-align: justify\">A alternativa E est\u00e1 incorreta. Os estabelecimentos de atendimento \u00e0 sa\u00fade, <u>inclusive as unidades neonatais e de terapia intensiva<\/u>, dever\u00e3o proporcionar condi\u00e7\u00f5es para a perman\u00eancia em tempo integral de um dos pais ou respons\u00e1vel, nos casos de interna\u00e7\u00e3o de crian\u00e7a ou adolescente (art. 12, do ECA)<\/p>\n<p style=\"text-align: justify\"><strong>VUNESP\/TJRS\/2018<\/strong><\/p>\n<p style=\"text-align: justify\">Em rela\u00e7\u00e3o ao poder familiar, \u00e9 correto afirmar:<\/p>\n<p style=\"text-align: justify\">(A) a condena\u00e7\u00e3o criminal do pai ou da m\u00e3e, por crime doloso praticado contra a vida, implicar\u00e1 na destitui\u00e7\u00e3o do poder familiar.<\/p>\n<p style=\"text-align: justify\">(B) \u00e9 atribui\u00e7\u00e3o do Conselho Tutelar representar ao Minist\u00e9rio P\u00fablico para efeito das a\u00e7\u00f5es de perda ou suspens\u00e3o do poder familiar, ap\u00f3s esgotadas as possibilidades de manuten\u00e7\u00e3o da crian\u00e7a ou do adolescente junto \u00e0 fam\u00edlia natural.<\/p>\n<p style=\"text-align: justify\">(C) o consentimento dos pais, detentores do poder familiar, nos pedidos para coloca\u00e7\u00e3o em fam\u00edlia substituta, \u00e9 retrat\u00e1vel at\u00e9 a data da realiza\u00e7\u00e3o da audi\u00eancia judicial, sendo vedado aos pais exercerem o arrependimento ap\u00f3s a prola\u00e7\u00e3o da senten\u00e7a de extin\u00e7\u00e3o do poder familiar.<\/p>\n<p style=\"text-align: justify\">(D) a falta ou a car\u00eancia de recursos materiais como motivo suficiente para a perda ou a suspens\u00e3o do poder familiar deve ser comprovada mediante o devido processo legal perante a autoridade judici\u00e1ria competente.<\/p>\n<p style=\"text-align: justify\">(E) no procedimento para suspens\u00e3o ou perda do poder familiar \u00e9 obrigat\u00f3ria a oitiva dos pais sempre que eles forem identificados e estiverem em local conhecido, ressalvados os casos de n\u00e3o comparecimento perante a Justi\u00e7a quando devidamente citados ou estiverem privados de liberdade.<\/p>\n<p style=\"text-align: justify\"><strong>Coment\u00e1rios<\/strong><\/p>\n<p style=\"text-align: justify\">Analisemos alternativa por alternativa:<\/p>\n<p style=\"text-align: justify\">A alternativa A est\u00e1 incorreta. N\u00e3o basta que seja crime contra a vida. Tem que se tratar de crime contra o pr\u00f3prio filho ou filha (art. 23, \u00a7 2\u00ba, do ECA):<\/p>\n<blockquote>\n<p style=\"text-align: justify\">\u00a7 2\u00ba A condena\u00e7\u00e3o criminal do pai ou da m\u00e3e n\u00e3o implicar\u00e1 a destitui\u00e7\u00e3o do poder familiar, exceto na hip\u00f3tese de condena\u00e7\u00e3o por crime doloso, sujeito \u00e0 pena de reclus\u00e3o, contra o pr\u00f3prio filho ou filha.<\/p>\n<\/blockquote>\n<p style=\"text-align: justify\">A alternativa B est\u00e1 correta e \u00e9 o gabarito da quest\u00e3o. De acordo com o art. 136, XI, \u00e9 atribui\u00e7\u00e3o do Conselho Tutelar representar ao Minist\u00e9rio P\u00fablico para efeito das a\u00e7\u00f5es de perda ou suspens\u00e3o do poder familiar, ap\u00f3s esgotadas as possibilidades de manuten\u00e7\u00e3o da crian\u00e7a ou do adolescente junto \u00e0 fam\u00edlia natural.<\/p>\n<p style=\"text-align: justify\">A alternativa C est\u00e1 incorreta. O consentimento \u00e9 retrat\u00e1vel at\u00e9 a data da realiza\u00e7\u00e3o da audi\u00eancia judicial, sendo que os pais ainda podem exercer o arrependimento no prazo de 10 (dez) dias, contado da data de prola\u00e7\u00e3o da senten\u00e7a de extin\u00e7\u00e3o do poder familiar (art. 166, \u00a7 5\u00ba, do ECA).<\/p>\n<p style=\"text-align: justify\">A alternativa D est\u00e1 incorreta. A falta ou a car\u00eancia de recursos materiais n\u00e3o constitui motivo suficiente para a perda ou a suspens\u00e3o do poder familiar (art. 23, <em>caput<\/em>, do ECA).<\/p>\n<p style=\"text-align: justify\">A alternativa E, por fim, est\u00e1 incorreta. Ainda que os pais estejam privados de liberdade \u00e9 obrigat\u00f3ria a sua oitiva, que ocorrer\u00e1 mediante requisi\u00e7\u00e3o \u00e0 autoridade competente para apresenta\u00e7\u00e3o (art. 161, \u00a7 4\u00ba, do ECA).<\/p>\n<p style=\"text-align: justify\"><strong>VUNESP\/TJSP\/2018<\/strong><\/p>\n<p style=\"text-align: justify\">Assinale a alternativa correta no que se refere aos dispositivos previstos no Estatuto da Crian\u00e7a e Adolescente em rela\u00e7\u00e3o ao T\u00edtulo destinado \u00e0 pr\u00e1tica de atos infracionais.<\/p>\n<p style=\"text-align: justify\">(A) A medida socioeducativa, denominada liberdade assistida, ser\u00e1 fixada pelo prazo m\u00ednimo de 01 (um) m\u00eas, podendo a qualquer tempo ser prorrogada, revogada ou substitu\u00edda por outra medida, ouvido o orientador, o Minist\u00e9rio P\u00fablico e o defensor.<\/p>\n<p style=\"text-align: justify\">(B) A medida de interna\u00e7\u00e3o poder\u00e1 ser aplicada na hip\u00f3tese de reitera\u00e7\u00e3o no cometimento de outras infra\u00e7\u00f5es por parte do adolescente infrator.<\/p>\n<p style=\"text-align: justify\">(C) A medida socioeducativa de advert\u00eancia poder\u00e1 ser aplicada ao adolescente desde que haja ind\u00edcios suficientes da autoria.<\/p>\n<p style=\"text-align: justify\">(D) A remiss\u00e3o n\u00e3o implica necessariamente o reconhecimento ou comprova\u00e7\u00e3o da responsabilidade, nem prevalece para efeito de antecedentes, podendo incluir eventualmente a aplica\u00e7\u00e3o de qualquer das medidas previstas em lei, exceto a coloca\u00e7\u00e3o em regime de semi-liberdade e a interna\u00e7\u00e3o.<\/p>\n<p style=\"text-align: justify\">(E) Verificada a pr\u00e1tica de ato infracional, a autoridade competente poder\u00e1 aplicar ao adolescente as medidas socioeducativas, sendo vedada a simples determina\u00e7\u00e3o de encaminhamento aos pais ou respons\u00e1vel, mediante termo de responsabilidade.<\/p>\n<p style=\"text-align: justify\"><strong>Coment\u00e1rios<\/strong><\/p>\n<p style=\"text-align: justify\">Vejamos:<\/p>\n<p style=\"text-align: justify\">A alternativa A est\u00e1 incorreta. O prazo m\u00ednimo \u00e9 de 6 (seis) meses (art. 118, \u00a7 2\u00ba, do ECA). Confira:<\/p>\n<blockquote>\n<p style=\"text-align: justify\">\u00a7 2\u00ba A liberdade assistida ser\u00e1 fixada pelo prazo m\u00ednimo de seis meses, podendo a qualquer tempo ser prorrogada, revogada ou substitu\u00edda por outra medida, ouvido o orientador, o Minist\u00e9rio P\u00fablico e o defensor.<\/p>\n<\/blockquote>\n<p style=\"text-align: justify\">A alternativa B est\u00e1 incorreta. N\u00e3o basta a hip\u00f3tese de reitera\u00e7\u00e3o no cometimento de outras infra\u00e7\u00f5es por parte do adolescente infrator. \u00c9 necess\u00e1rio que essas outras infra\u00e7\u00f5es sejam graves, o que n\u00e3o ficou claro na alternativa. Vamos relembrar:<\/p>\n<blockquote>\n<p style=\"text-align: justify\">Art. 122. A medida de interna\u00e7\u00e3o s\u00f3 poder\u00e1 ser aplicada quando:<\/p>\n<p style=\"text-align: justify\">I &#8211; tratar-se de ato infracional cometido mediante grave amea\u00e7a ou viol\u00eancia a pessoa;<\/p>\n<p style=\"text-align: justify\">II &#8211; por reitera\u00e7\u00e3o no cometimento de outras infra\u00e7\u00f5es graves;<\/p>\n<p style=\"text-align: justify\">III &#8211; por descumprimento reiterado e injustific\u00e1vel da medida anteriormente imposta.<\/p>\n<\/blockquote>\n<p style=\"text-align: justify\">A alternativa C est\u00e1 incorreta. N\u00e3o bastam os ind\u00edcios suficientes de autoria, mesmo que n\u00e3o provada perfunctoriamente a autoria. \u00c9 necess\u00e1rio, ainda, que haja prova da materialidade (art. 114, par\u00e1grafo \u00fanico).<\/p>\n<p style=\"text-align: justify\">A alternativa D est\u00e1 correta e \u00e9 o gabarito da quest\u00e3o. Ela consiste em c\u00f3pia literal do art. 127, do ECA. Vamos conferir:<\/p>\n<blockquote>\n<p style=\"text-align: justify\">Art. 127. A remiss\u00e3o n\u00e3o implica necessariamente o reconhecimento ou comprova\u00e7\u00e3o da responsabilidade, nem prevalece para efeito de antecedentes, podendo incluir eventualmente a aplica\u00e7\u00e3o de qualquer das medidas previstas em lei, exceto a coloca\u00e7\u00e3o em regime de semi-liberdade e a interna\u00e7\u00e3o.<\/p>\n<\/blockquote>\n<p style=\"text-align: justify\">A alternativa E, por fim, est\u00e1 incorreta. O erro est\u00e1 na parte final. A veda\u00e7\u00e3o n\u00e3o existe, vejam:<\/p>\n<blockquote>\n<p style=\"text-align: justify\">Art. 112. Verificada a pr\u00e1tica de ato infracional, a autoridade competente poder\u00e1 aplicar ao adolescente as seguintes medidas:<\/p>\n<p style=\"text-align: justify\">(&#8230;) VII &#8211; qualquer uma das previstas no art. 101, I a VI.<\/p>\n<p style=\"text-align: justify\">Art. 101. Verificada qualquer das hip\u00f3teses previstas no art. 98, a autoridade competente poder\u00e1 determinar, dentre outras, as seguintes medidas:<\/p>\n<p style=\"text-align: justify\">I &#8211; encaminhamento aos pais ou respons\u00e1vel, mediante termo de responsabilidade;<\/p>\n<\/blockquote>\n<p style=\"text-align: justify\"><strong>VUNESP\/TJRS\/2018<\/strong><\/p>\n<p style=\"text-align: justify\">Em rela\u00e7\u00e3o ao Ju\u00edzo da Inf\u00e2ncia e da Juventude, ao Minist\u00e9rio P\u00fablico, \u00e0 Defensoria e ao Advogado, assinale a alternativa correta.<\/p>\n<p style=\"text-align: justify\">(A) A aus\u00eancia do defensor do adolescente a quem se atribua ato infracional determinar\u00e1 o adiamento do ato do processo.<\/p>\n<p style=\"text-align: justify\">(B) Em caso de infra\u00e7\u00e3o cometida por meio de transmiss\u00e3o simult\u00e2nea de r\u00e1dio ou televis\u00e3o, que atinja mais de uma comarca, ser\u00e1 competente, para aplica\u00e7\u00e3o da penalidade, a autoridade judici\u00e1ria do domic\u00edlio dos pais ou respons\u00e1vel, tendo a senten\u00e7a efic\u00e1cia para todas as transmissoras ou retransmissoras do respectivo estado.<\/p>\n<p style=\"text-align: justify\">(C) Compete \u00e0 autoridade judici\u00e1ria disciplinar, por meio de portaria, ou autorizar, mediante alvar\u00e1, a entrada e perman\u00eancia de crian\u00e7a ou adolescente em est\u00fadios cinematogr\u00e1ficos, de teatro, r\u00e1dio e televis\u00e3o.<\/p>\n<p style=\"text-align: justify\">(D) As associa\u00e7\u00f5es legitimadas, nos termos do Estatuto da Crian\u00e7a e dos Adolescentes, para a\u00e7\u00f5es c\u00edveis fundadas em interesses coletivos ou difusos poder\u00e3o tomar dos interessados compromisso de ajustamento de sua conduta \u00e0s exig\u00eancias legais, o qual ter\u00e1 efic\u00e1cia de t\u00edtulo executivo extrajudicial.<\/p>\n<p style=\"text-align: justify\">(E) Compete ao Minist\u00e9rio P\u00fablico conceder a remiss\u00e3o como forma de exclus\u00e3o do processo.<\/p>\n<p style=\"text-align: justify\"><strong>Coment\u00e1rios<\/strong><\/p>\n<p style=\"text-align: justify\">A alternativa A est\u00e1 incorreta. A aus\u00eancia do defensor n\u00e3o determinar\u00e1 o adiamento de nenhum ato do processo, devendo o juiz nomear substituto, ainda que provisoriamente, ou para o s\u00f3 efeito do ato (art. 207, \u00a7 2\u00ba, do ECA).<\/p>\n<p style=\"text-align: justify\">A alternativa B est\u00e1 incorreta. Ser\u00e1 competente a autoridade judici\u00e1ria do local da sede estadual da emissora ou rede (art. 147, \u00a7 3\u00ba, do ECA).<\/p>\n<p style=\"text-align: justify\">A alternativa C est\u00e1 incorreta. Compete \u00e0 autoridade judici\u00e1ria disciplinar, por meio de portaria, ou autorizar, mediante alvar\u00e1, a entrada e perman\u00eancia de crian\u00e7a ou adolescente em est\u00fadios cinematogr\u00e1ficos, de teatro, r\u00e1dio e televis\u00e3o, apenas quando a crian\u00e7a ou o adolescente estiver desacompanhado dos pais ou respons\u00e1vel (art. 149, I, e, do ECA).<\/p>\n<p style=\"text-align: justify\">A alternativa D est\u00e1 incorreta. A lei (art. 211, do ECA) fala em \u00f3rg\u00e3os p\u00fablicos, n\u00e3o em associa\u00e7\u00f5es. Vejam:<\/p>\n<blockquote>\n<p style=\"text-align: justify\">Art. 211. Os \u00f3rg\u00e3os p\u00fablicos legitimados poder\u00e3o tomar dos interessados compromisso de ajustamento de sua conduta \u00e0s exig\u00eancias legais, o qual ter\u00e1 efic\u00e1cia de t\u00edtulo executivo extrajudicial.<\/p>\n<\/blockquote>\n<p style=\"text-align: justify\">E a alternativa E est\u00e1 correta, sendo, portanto, o gabarito da quest\u00e3o. De fato, compete ao Minist\u00e9rio P\u00fablico conceder a remiss\u00e3o como forma de exclus\u00e3o do processo (art. 201, I, do ECA). A remiss\u00e3o como forma de suspens\u00e3o do processo \u00e9 conferido pela autoridade judicial, ouvido o Minist\u00e9rio P\u00fablico.<\/p>\n<p style=\"text-align: justify\"><strong>VUNESP\/TJRS\/2018<\/strong><\/p>\n<p style=\"text-align: justify\">Em rela\u00e7\u00e3o \u00e0 jurisprud\u00eancia, aos crimes e infra\u00e7\u00f5es administrativas previstas no Estatuto da Crian\u00e7a e dos Adolescentes, e \u00e0 Organiza\u00e7\u00e3o Judici\u00e1ria e demais peculiaridades e compet\u00eancias do Poder Judici\u00e1rio do Rio Grande do Sul, \u00e9 correto afirmar:<\/p>\n<p style=\"text-align: justify\">(A) o Conselho da Magistratura do Rio Grande do Sul pode, excepcionalmente, atribuir \u00e0s varas da Inf\u00e2ncia e Juventude compet\u00eancia para processar e julgar o crime de estupro de vulner\u00e1vel cuja v\u00edtima seja crian\u00e7a ou adolescente.<\/p>\n<p style=\"text-align: justify\">(B) a conduta do m\u00e9dico, enfermeiro ou dirigente de estabelecimento de aten\u00e7\u00e3o \u00e0 sa\u00fade de gestante que deixa de efetuar imediato encaminhamento \u00e0 autoridade judici\u00e1ria de caso de que tenha conhecimento de m\u00e3e ou gestante interessada em entregar seu filho para ado\u00e7\u00e3o \u00e9 caracterizada como crime nos termos do Estatuto da Crian\u00e7a e do Adolescente.<\/p>\n<p style=\"text-align: justify\">(C) a conduta consistente em auxiliar a efetiva\u00e7\u00e3o de ato destinado ao envio de crian\u00e7a ou adolescente para o exterior com inobserv\u00e2ncia das formalidades legais sem o fito de obter lucro \u00e9 penalmente at\u00edpica mas configura infra\u00e7\u00e3o administrativa.<\/p>\n<p style=\"text-align: justify\">(D) aquele que adquire v\u00eddeo ou qualquer outra forma de representa\u00e7\u00e3o visual que apenas simula a participa\u00e7\u00e3o de crian\u00e7a ou adolescente em cena de sexo expl\u00edcito ou pornogr\u00e1fica n\u00e3o pode ser responsabilizado penalmente nos termos do Estatuto da Crian\u00e7a e do Adolescente.<\/p>\n<p style=\"text-align: justify\">(E) hospedar crian\u00e7a ou adolescente desacompanhado dos pais ou respons\u00e1vel, ou sem autoriza\u00e7\u00e3o escrita desses ou da autoridade judici\u00e1ria, em pens\u00e3o \u00e9 conduta caracterizada como crime nos termos do Estatuto da Crian\u00e7a e do Adolescente.<\/p>\n<p style=\"text-align: justify\"><strong>Coment\u00e1rios<\/strong><\/p>\n<p style=\"text-align: justify\">Vejamos:<\/p>\n<p style=\"text-align: justify\">A alternativa A est\u00e1 correta e retrata o precedente<a href=\"#_ftn1\" name=\"_ftnref1\">[1]<\/a> abaixo citado:<\/p>\n<p style=\"text-align: justify\">HABEAS CORPUS. PENAL. PROCESSUAL PENAL. LEI ESTADUAL. TRANSFER\u00caNCIA DE COMPET\u00caNCIA. DELITOS SEXUAIS DO C\u00d3DIGO PENAL PRATICADOS CONTRA CRIAN\u00c7AS E ADOLESCENTES. JUIZADOS DA INF\u00c2NCIA E JUVENTUDE. VIOLA\u00c7\u00c3O DO ART. 22 DA CONSTITUI\u00c7\u00c3O FEDERAL E OFENSA AOS PRINC\u00cdPIOS CONSTITUCIONAIS. N\u00c3O OCORR\u00caNCIA. ORDEM DENEGADA. I \u2013 A lei estadual apontada como inconstitucional conferiu ao Conselho da Magistratura poderes para atribuir aos 1\u00ba e 2\u00ba Juizados da Inf\u00e2ncia e Juventude, entre outras compet\u00eancias, a de processar e julgar crimes de natureza sexuais praticados contra crian\u00e7as e adolescentes, nos exatos limites da atribui\u00e7\u00e3o que a Carta Magna confere aos Tribunais. II \u2013 N\u00e3o h\u00e1 viola\u00e7\u00e3o aos princ\u00edpios constitucionais da legalidade, do juiz natural e do devido processo legal, visto que a leitura interpretativa do art. 96, I, a, da Constitui\u00e7\u00e3o Federal admite que haja altera\u00e7\u00e3o da compet\u00eancia dos \u00f3rg\u00e3os do Poder Judici\u00e1rio por delibera\u00e7\u00e3o dos Tribunais. Precedentes. III \u2013 A especializa\u00e7\u00e3o de varas consiste em altera\u00e7\u00e3o de compet\u00eancia territorial em raz\u00e3o da mat\u00e9ria, e n\u00e3o altera\u00e7\u00e3o de compet\u00eancia material, regida pelo art. 22 da Constitui\u00e7\u00e3o Federal. IV \u2013 Ordem denegada.<\/p>\n<p style=\"text-align: justify\">A alternativa B est\u00e1 incorreta, pois a conduta constitui infra\u00e7\u00e3o administrativa e n\u00e3o crime, conforme disciplinado art. 258-B do Estatuto.<\/p>\n<p style=\"text-align: justify\">A alternativa C est\u00e1 incorreta. A conduta \u00e9 t\u00edpica, estando prevista no art. 239, do Estatuto.<\/p>\n<p style=\"text-align: justify\">A alternativa D est\u00e1 incorreta. Aquele que pratica a conduta descrita pode sim ser responsabilizado penalmente, nos termos do art. 241-C, do ECA.<\/p>\n<p style=\"text-align: justify\">A alternativa E est\u00e1 incorreta. A conduta est\u00e1 prevista no art. 250 do ECA, mas n\u00e3o como crime, como infra\u00e7\u00e3o administrativa.<\/p>\n<p style=\"text-align: justify\"><strong>VUNESP\/TJRS\/2018<\/strong><\/p>\n<p style=\"text-align: justify\">Assinale a alternativa correta de acordo com o entendimento sumulado do Superior Tribunal de Justi\u00e7a.<\/p>\n<p style=\"text-align: justify\">(A) \u00c9 dispens\u00e1vel a oitiva do menor infrator antes de decretar-se a regress\u00e3o da medida socioeducativa.<\/p>\n<p style=\"text-align: justify\">(B) O Minist\u00e9rio P\u00fablico tem legitimidade ativa para ajuizar a\u00e7\u00e3o de alimentos em proveito de crian\u00e7a ou adolescente independentemente do exerc\u00edcio do poder familiar dos pais, ou do fato de o menor se encontrar nas situa\u00e7\u00f5es de risco descritas no art. 98 do Estatuto da Crian\u00e7a e do Adolescente, ou de quaisquer outros questionamentos acerca da exist\u00eancia ou efici\u00eancia da Defensoria P\u00fablica na comarca.<\/p>\n<p style=\"text-align: justify\">(C) A configura\u00e7\u00e3o do crime do art. 244-B do ECA depende da prova da efetiva corrup\u00e7\u00e3o do menor, por se tratar de delito formal.<\/p>\n<p style=\"text-align: justify\">(D) A confiss\u00e3o do adolescente no procedimento para aplica\u00e7\u00e3o de medida socioeducativa permite a desist\u00eancia de outras provas e aplica\u00e7\u00e3o de medida mais adequada ao princ\u00edpio da reeduca\u00e7\u00e3o e da prote\u00e7\u00e3o integral.<\/p>\n<p style=\"text-align: justify\">(E) A compet\u00eancia para processar e julgar as a\u00e7\u00f5es conexas de interesse de menor \u00e9, em princ\u00edpio, do foro da sede da entidade ou do \u00f3rg\u00e3o respons\u00e1vel pela ado\u00e7\u00e3o das medidas de prote\u00e7\u00e3o ao menor.<\/p>\n<p style=\"text-align: justify\"><strong>Coment\u00e1rios<\/strong><\/p>\n<p style=\"text-align: justify\">A alternativa A est\u00e1 incorreta. \u00c9 necess\u00e1ria a oitiva do menor infrator antes de decretar-se a regress\u00e3o da medida socioeducativa (S\u00famula 265 STJ).<\/p>\n<p style=\"text-align: justify\">A alternativa B est\u00e1 correta e \u00e9 o gabarito da quest\u00e3o. O Minist\u00e9rio P\u00fablico tem legitimidade ativa para ajuizar a\u00e7\u00e3o de alimentos em proveito de crian\u00e7a ou adolescente independentemente do exerc\u00edcio do poder familiar dos pais, ou do fato de o menor se encontrar nas situa\u00e7\u00f5es de risco descritas no art. 98 do Estatuto da Crian\u00e7a e do Adolescente, ou de quaisquer outros questionamentos acerca da exist\u00eancia ou efici\u00eancia da Defensoria P\u00fablica na comarca (S\u00famula 594 STJ).<\/p>\n<p style=\"text-align: justify\">A alternativa C est\u00e1 incorreta. A configura\u00e7\u00e3o do crime do art. 244-B do ECA independe da prova da efetiva corrup\u00e7\u00e3o do menor, por se tratar de delito formal (S\u00famula 500 STJ).<\/p>\n<p style=\"text-align: justify\">A alternativa D est\u00e1 incorreta. No procedimento para aplica\u00e7\u00e3o de medida socioeducativa, \u00e9 nula a desist\u00eancia de outras provas em face da confiss\u00e3o do adolescente (S\u00famula 342 STJ).<\/p>\n<p style=\"text-align: justify\">E a alternativa E est\u00e1 incorreta. A compet\u00eancia para processar e julgar as a\u00e7\u00f5es conexas de interesse de menor \u00e9, em princ\u00edpio, do foro do domic\u00edlio do detentor de sua guarda (S\u00famula 383 STJ).<\/p>\n<p style=\"text-align: justify\">\u00c9 isso!<\/p>\n<p style=\"text-align: justify\">Qualquer d\u00favida, deixei seu coment\u00e1rio ou nos procure nas redes sociais.<\/p>\n<p style=\"text-align: justify\">Bons estudos!!<\/p>\n<p style=\"text-align: justify\"><a href=\"#_ftnref1\" name=\"_ftn1\">[1]<\/a> HC 113.018, Rel. Min. Ricardo Lewandowski, 2\u00aa Turma, decis\u00e3o un\u00e2nime, DJe 14\/11\/2013.<\/p>\n","protected":false},"excerpt":{"rendered":"<p>Neste artigo analisamos as quest\u00f5es aplicadas pela VUNESP no concurso para ingresso na magistratura do Estado do Rio Grande do Sul. S\u00e3o quest\u00f5es interessantes e atuais para quem quiser treinar Direito da Crian\u00e7a e do Adolescente. Vamos aos coment\u00e1rios! VUNESP\/TJRS\/2018 No que diz respeito aos dispositivos previstos no Estatuto da Crian\u00e7a e do Adolescente relativos [&hellip;]<\/p>\n","protected":false},"author":180,"featured_media":0,"comment_status":"open","ping_status":"closed","sticky":false,"template":"","format":"standard","meta":{"post_tipo":"article","footnotes":""},"categories":[1],"tags":[1119,867,2888],"tax_estado":[219986],"class_list":["post-120110","post","type-post","status-publish","format-standard","hentry","category-cursos-e-concursos","tag-eca","tag-prova-comentada","tag-tj-rs","tax_estado-rs"],"acf":[],"yoast_head":"<!-- This site is optimized with the Yoast SEO Premium plugin v27.2 (Yoast SEO v27.2) - https:\/\/yoast.com\/product\/yoast-seo-premium-wordpress\/ -->\n<title>Coment\u00e1rios \u00e0s Quest\u00f5es de Direito da Crian\u00e7a e do Adolescente do TJ-RS<\/title>\n<meta name=\"robots\" content=\"index, follow, max-snippet:-1, max-image-preview:large, max-video-preview:-1\" \/>\n<link rel=\"canonical\" href=\"https:\/\/www.estrategiaconcursos.com.br\/blog\/comentarios-as-questoes-de-direito-da-crianca-e-do-adolescente-do-tj-rs\/\" \/>\n<meta property=\"og:locale\" content=\"pt_BR\" \/>\n<meta property=\"og:type\" content=\"article\" \/>\n<meta property=\"og:title\" content=\"Coment\u00e1rios \u00e0s Quest\u00f5es de Direito da Crian\u00e7a e do Adolescente do TJ-RS\" \/>\n<meta property=\"og:description\" content=\"Neste artigo analisamos as quest\u00f5es aplicadas pela VUNESP no concurso para ingresso na magistratura do Estado do Rio Grande do Sul. S\u00e3o quest\u00f5es interessantes e atuais para quem quiser treinar Direito da Crian\u00e7a e do Adolescente. Vamos aos coment\u00e1rios! VUNESP\/TJRS\/2018 No que diz respeito aos dispositivos previstos no Estatuto da Crian\u00e7a e do Adolescente relativos [&hellip;]\" \/>\n<meta property=\"og:url\" content=\"https:\/\/www.estrategiaconcursos.com.br\/blog\/comentarios-as-questoes-de-direito-da-crianca-e-do-adolescente-do-tj-rs\/\" \/>\n<meta property=\"og:site_name\" content=\"Estrat\u00e9gia Concursos\" \/>\n<meta property=\"article:author\" content=\"https:\/\/www.facebook.com\/ricardo.s.torques\" \/>\n<meta property=\"article:published_time\" content=\"2018-05-08T12:57:15+00:00\" \/>\n<meta property=\"article:modified_time\" content=\"2021-01-13T16:05:22+00:00\" \/>\n<meta name=\"author\" content=\"Ricardo Torques\" \/>\n<meta name=\"twitter:card\" content=\"summary_large_image\" \/>\n<meta name=\"twitter:creator\" content=\"@EstratConcursos\" \/>\n<meta name=\"twitter:site\" content=\"@EstratConcursos\" \/>\n<meta name=\"twitter:label1\" content=\"Escrito por\" \/>\n\t<meta name=\"twitter:data1\" content=\"Ricardo Torques\" \/>\n\t<meta name=\"twitter:label2\" content=\"Est. tempo de leitura\" \/>\n\t<meta name=\"twitter:data2\" content=\"15 minutos\" \/>\n<script type=\"application\/ld+json\" class=\"yoast-schema-graph\">{\"@context\":\"https:\/\/schema.org\",\"@graph\":[{\"@type\":\"NewsArticle\",\"@id\":\"https:\/\/www.estrategiaconcursos.com.br\/blog\/comentarios-as-questoes-de-direito-da-crianca-e-do-adolescente-do-tj-rs\/#article\",\"isPartOf\":{\"@id\":\"https:\/\/www.estrategiaconcursos.com.br\/blog\/comentarios-as-questoes-de-direito-da-crianca-e-do-adolescente-do-tj-rs\/\"},\"author\":{\"name\":\"Ricardo Torques\",\"@id\":\"https:\/\/www.estrategiaconcursos.com.br\/blog\/#\/schema\/person\/aa39cf5ddb518e5bdce27c35788405e2\"},\"headline\":\"Coment\u00e1rios \u00e0s Quest\u00f5es de Direito da Crian\u00e7a e do Adolescente do TJ-RS\",\"datePublished\":\"2018-05-08T12:57:15+00:00\",\"dateModified\":\"2021-01-13T16:05:22+00:00\",\"mainEntityOfPage\":{\"@id\":\"https:\/\/www.estrategiaconcursos.com.br\/blog\/comentarios-as-questoes-de-direito-da-crianca-e-do-adolescente-do-tj-rs\/\"},\"wordCount\":3052,\"commentCount\":0,\"publisher\":{\"@id\":\"https:\/\/www.estrategiaconcursos.com.br\/blog\/#organization\"},\"keywords\":[\"ECA\",\"prova comentada\",\"tj-rs\"],\"articleSection\":[\"Concursos P\u00fablicos\"],\"inLanguage\":\"pt-BR\",\"potentialAction\":[{\"@type\":\"CommentAction\",\"name\":\"Comment\",\"target\":[\"https:\/\/www.estrategiaconcursos.com.br\/blog\/comentarios-as-questoes-de-direito-da-crianca-e-do-adolescente-do-tj-rs\/#respond\"]}],\"copyrightYear\":\"2018\",\"copyrightHolder\":{\"@id\":\"https:\/\/www.estrategiaconcursos.com.br\/blog\/#organization\"}},{\"@type\":\"WebPage\",\"@id\":\"https:\/\/www.estrategiaconcursos.com.br\/blog\/comentarios-as-questoes-de-direito-da-crianca-e-do-adolescente-do-tj-rs\/\",\"url\":\"https:\/\/www.estrategiaconcursos.com.br\/blog\/comentarios-as-questoes-de-direito-da-crianca-e-do-adolescente-do-tj-rs\/\",\"name\":\"Coment\u00e1rios \u00e0s Quest\u00f5es de Direito da Crian\u00e7a e do Adolescente do TJ-RS\",\"isPartOf\":{\"@id\":\"https:\/\/www.estrategiaconcursos.com.br\/blog\/#website\"},\"datePublished\":\"2018-05-08T12:57:15+00:00\",\"dateModified\":\"2021-01-13T16:05:22+00:00\",\"breadcrumb\":{\"@id\":\"https:\/\/www.estrategiaconcursos.com.br\/blog\/comentarios-as-questoes-de-direito-da-crianca-e-do-adolescente-do-tj-rs\/#breadcrumb\"},\"inLanguage\":\"pt-BR\",\"potentialAction\":[{\"@type\":\"ReadAction\",\"target\":[\"https:\/\/www.estrategiaconcursos.com.br\/blog\/comentarios-as-questoes-de-direito-da-crianca-e-do-adolescente-do-tj-rs\/\"]}]},{\"@type\":\"BreadcrumbList\",\"@id\":\"https:\/\/www.estrategiaconcursos.com.br\/blog\/comentarios-as-questoes-de-direito-da-crianca-e-do-adolescente-do-tj-rs\/#breadcrumb\",\"itemListElement\":[{\"@type\":\"ListItem\",\"position\":1,\"name\":\"In\u00edcio\",\"item\":\"https:\/\/www.estrategiaconcursos.com.br\/blog\/\"},{\"@type\":\"ListItem\",\"position\":2,\"name\":\"Coment\u00e1rios \u00e0s Quest\u00f5es de Direito da Crian\u00e7a e do Adolescente do TJ-RS\"}]},{\"@type\":\"WebSite\",\"@id\":\"https:\/\/www.estrategiaconcursos.com.br\/blog\/#website\",\"url\":\"https:\/\/www.estrategiaconcursos.com.br\/blog\/\",\"name\":\"Estrat\u00e9gia Concursos\",\"description\":\"O blog da Estrat\u00e9gia Concursos traz not\u00edcias sobre concursos e artigos de professores oferecendo cursos para concursos (pdf + videaulas) no site.\",\"publisher\":{\"@id\":\"https:\/\/www.estrategiaconcursos.com.br\/blog\/#organization\"},\"potentialAction\":[{\"@type\":\"SearchAction\",\"target\":{\"@type\":\"EntryPoint\",\"urlTemplate\":\"https:\/\/www.estrategiaconcursos.com.br\/blog\/?s={search_term_string}\"},\"query-input\":{\"@type\":\"PropertyValueSpecification\",\"valueRequired\":true,\"valueName\":\"search_term_string\"}}],\"inLanguage\":\"pt-BR\"},{\"@type\":\"Organization\",\"@id\":\"https:\/\/www.estrategiaconcursos.com.br\/blog\/#organization\",\"name\":\"Estrat\u00e9gia Concursos\",\"url\":\"https:\/\/www.estrategiaconcursos.com.br\/blog\/\",\"logo\":{\"@type\":\"ImageObject\",\"inLanguage\":\"pt-BR\",\"@id\":\"https:\/\/www.estrategiaconcursos.com.br\/blog\/#\/schema\/logo\/image\/\",\"url\":\"https:\/\/dhg1h5j42swfq.cloudfront.net\/2025\/06\/03203428\/logo_concursos-1.jpg\",\"contentUrl\":\"https:\/\/dhg1h5j42swfq.cloudfront.net\/2025\/06\/03203428\/logo_concursos-1.jpg\",\"width\":230,\"height\":60,\"caption\":\"Estrat\u00e9gia Concursos\"},\"image\":{\"@id\":\"https:\/\/www.estrategiaconcursos.com.br\/blog\/#\/schema\/logo\/image\/\"},\"sameAs\":[\"https:\/\/x.com\/EstratConcursos\"]},{\"@type\":\"Person\",\"@id\":\"https:\/\/www.estrategiaconcursos.com.br\/blog\/#\/schema\/person\/aa39cf5ddb518e5bdce27c35788405e2\",\"name\":\"Ricardo Torques\",\"image\":{\"@type\":\"ImageObject\",\"inLanguage\":\"pt-BR\",\"@id\":\"https:\/\/secure.gravatar.com\/avatar\/ce9ac6c3cff25fe86d15ed568ebc64d1724baf5c0693133bcb1f6073f712f92a?s=96&d=mm&r=g\",\"url\":\"https:\/\/secure.gravatar.com\/avatar\/ce9ac6c3cff25fe86d15ed568ebc64d1724baf5c0693133bcb1f6073f712f92a?s=96&d=mm&r=g\",\"contentUrl\":\"https:\/\/secure.gravatar.com\/avatar\/ce9ac6c3cff25fe86d15ed568ebc64d1724baf5c0693133bcb1f6073f712f92a?s=96&d=mm&r=g\",\"caption\":\"Ricardo Torques\"},\"sameAs\":[\"https:\/\/www.facebook.com\/ricardo.s.torques\"],\"url\":\"https:\/\/www.estrategiaconcursos.com.br\/blog\/author\/ricardotorquesestrategiaconcursos-com-br\/\"}]}<\/script>\n<!-- \/ Yoast SEO Premium plugin. -->","yoast_head_json":{"title":"Coment\u00e1rios \u00e0s Quest\u00f5es de Direito da Crian\u00e7a e do Adolescente do TJ-RS","robots":{"index":"index","follow":"follow","max-snippet":"max-snippet:-1","max-image-preview":"max-image-preview:large","max-video-preview":"max-video-preview:-1"},"canonical":"https:\/\/www.estrategiaconcursos.com.br\/blog\/comentarios-as-questoes-de-direito-da-crianca-e-do-adolescente-do-tj-rs\/","og_locale":"pt_BR","og_type":"article","og_title":"Coment\u00e1rios \u00e0s Quest\u00f5es de Direito da Crian\u00e7a e do Adolescente do TJ-RS","og_description":"Neste artigo analisamos as quest\u00f5es aplicadas pela VUNESP no concurso para ingresso na magistratura do Estado do Rio Grande do Sul. S\u00e3o quest\u00f5es interessantes e atuais para quem quiser treinar Direito da Crian\u00e7a e do Adolescente. Vamos aos coment\u00e1rios! VUNESP\/TJRS\/2018 No que diz respeito aos dispositivos previstos no Estatuto da Crian\u00e7a e do Adolescente relativos [&hellip;]","og_url":"https:\/\/www.estrategiaconcursos.com.br\/blog\/comentarios-as-questoes-de-direito-da-crianca-e-do-adolescente-do-tj-rs\/","og_site_name":"Estrat\u00e9gia Concursos","article_author":"https:\/\/www.facebook.com\/ricardo.s.torques","article_published_time":"2018-05-08T12:57:15+00:00","article_modified_time":"2021-01-13T16:05:22+00:00","author":"Ricardo Torques","twitter_card":"summary_large_image","twitter_creator":"@EstratConcursos","twitter_site":"@EstratConcursos","twitter_misc":{"Escrito por":"Ricardo Torques","Est. tempo de leitura":"15 minutos"},"schema":{"@context":"https:\/\/schema.org","@graph":[{"@type":"NewsArticle","@id":"https:\/\/www.estrategiaconcursos.com.br\/blog\/comentarios-as-questoes-de-direito-da-crianca-e-do-adolescente-do-tj-rs\/#article","isPartOf":{"@id":"https:\/\/www.estrategiaconcursos.com.br\/blog\/comentarios-as-questoes-de-direito-da-crianca-e-do-adolescente-do-tj-rs\/"},"author":{"name":"Ricardo Torques","@id":"https:\/\/www.estrategiaconcursos.com.br\/blog\/#\/schema\/person\/aa39cf5ddb518e5bdce27c35788405e2"},"headline":"Coment\u00e1rios \u00e0s Quest\u00f5es de Direito da Crian\u00e7a e do Adolescente do TJ-RS","datePublished":"2018-05-08T12:57:15+00:00","dateModified":"2021-01-13T16:05:22+00:00","mainEntityOfPage":{"@id":"https:\/\/www.estrategiaconcursos.com.br\/blog\/comentarios-as-questoes-de-direito-da-crianca-e-do-adolescente-do-tj-rs\/"},"wordCount":3052,"commentCount":0,"publisher":{"@id":"https:\/\/www.estrategiaconcursos.com.br\/blog\/#organization"},"keywords":["ECA","prova comentada","tj-rs"],"articleSection":["Concursos P\u00fablicos"],"inLanguage":"pt-BR","potentialAction":[{"@type":"CommentAction","name":"Comment","target":["https:\/\/www.estrategiaconcursos.com.br\/blog\/comentarios-as-questoes-de-direito-da-crianca-e-do-adolescente-do-tj-rs\/#respond"]}],"copyrightYear":"2018","copyrightHolder":{"@id":"https:\/\/www.estrategiaconcursos.com.br\/blog\/#organization"}},{"@type":"WebPage","@id":"https:\/\/www.estrategiaconcursos.com.br\/blog\/comentarios-as-questoes-de-direito-da-crianca-e-do-adolescente-do-tj-rs\/","url":"https:\/\/www.estrategiaconcursos.com.br\/blog\/comentarios-as-questoes-de-direito-da-crianca-e-do-adolescente-do-tj-rs\/","name":"Coment\u00e1rios \u00e0s Quest\u00f5es de Direito da Crian\u00e7a e do Adolescente do TJ-RS","isPartOf":{"@id":"https:\/\/www.estrategiaconcursos.com.br\/blog\/#website"},"datePublished":"2018-05-08T12:57:15+00:00","dateModified":"2021-01-13T16:05:22+00:00","breadcrumb":{"@id":"https:\/\/www.estrategiaconcursos.com.br\/blog\/comentarios-as-questoes-de-direito-da-crianca-e-do-adolescente-do-tj-rs\/#breadcrumb"},"inLanguage":"pt-BR","potentialAction":[{"@type":"ReadAction","target":["https:\/\/www.estrategiaconcursos.com.br\/blog\/comentarios-as-questoes-de-direito-da-crianca-e-do-adolescente-do-tj-rs\/"]}]},{"@type":"BreadcrumbList","@id":"https:\/\/www.estrategiaconcursos.com.br\/blog\/comentarios-as-questoes-de-direito-da-crianca-e-do-adolescente-do-tj-rs\/#breadcrumb","itemListElement":[{"@type":"ListItem","position":1,"name":"In\u00edcio","item":"https:\/\/www.estrategiaconcursos.com.br\/blog\/"},{"@type":"ListItem","position":2,"name":"Coment\u00e1rios \u00e0s Quest\u00f5es de Direito da Crian\u00e7a e do Adolescente do TJ-RS"}]},{"@type":"WebSite","@id":"https:\/\/www.estrategiaconcursos.com.br\/blog\/#website","url":"https:\/\/www.estrategiaconcursos.com.br\/blog\/","name":"Estrat\u00e9gia Concursos","description":"O blog da Estrat\u00e9gia Concursos traz not\u00edcias sobre concursos e artigos de professores oferecendo cursos para concursos (pdf + videaulas) no site.","publisher":{"@id":"https:\/\/www.estrategiaconcursos.com.br\/blog\/#organization"},"potentialAction":[{"@type":"SearchAction","target":{"@type":"EntryPoint","urlTemplate":"https:\/\/www.estrategiaconcursos.com.br\/blog\/?s={search_term_string}"},"query-input":{"@type":"PropertyValueSpecification","valueRequired":true,"valueName":"search_term_string"}}],"inLanguage":"pt-BR"},{"@type":"Organization","@id":"https:\/\/www.estrategiaconcursos.com.br\/blog\/#organization","name":"Estrat\u00e9gia Concursos","url":"https:\/\/www.estrategiaconcursos.com.br\/blog\/","logo":{"@type":"ImageObject","inLanguage":"pt-BR","@id":"https:\/\/www.estrategiaconcursos.com.br\/blog\/#\/schema\/logo\/image\/","url":"https:\/\/dhg1h5j42swfq.cloudfront.net\/2025\/06\/03203428\/logo_concursos-1.jpg","contentUrl":"https:\/\/dhg1h5j42swfq.cloudfront.net\/2025\/06\/03203428\/logo_concursos-1.jpg","width":230,"height":60,"caption":"Estrat\u00e9gia Concursos"},"image":{"@id":"https:\/\/www.estrategiaconcursos.com.br\/blog\/#\/schema\/logo\/image\/"},"sameAs":["https:\/\/x.com\/EstratConcursos"]},{"@type":"Person","@id":"https:\/\/www.estrategiaconcursos.com.br\/blog\/#\/schema\/person\/aa39cf5ddb518e5bdce27c35788405e2","name":"Ricardo Torques","image":{"@type":"ImageObject","inLanguage":"pt-BR","@id":"https:\/\/secure.gravatar.com\/avatar\/ce9ac6c3cff25fe86d15ed568ebc64d1724baf5c0693133bcb1f6073f712f92a?s=96&d=mm&r=g","url":"https:\/\/secure.gravatar.com\/avatar\/ce9ac6c3cff25fe86d15ed568ebc64d1724baf5c0693133bcb1f6073f712f92a?s=96&d=mm&r=g","contentUrl":"https:\/\/secure.gravatar.com\/avatar\/ce9ac6c3cff25fe86d15ed568ebc64d1724baf5c0693133bcb1f6073f712f92a?s=96&d=mm&r=g","caption":"Ricardo Torques"},"sameAs":["https:\/\/www.facebook.com\/ricardo.s.torques"],"url":"https:\/\/www.estrategiaconcursos.com.br\/blog\/author\/ricardotorquesestrategiaconcursos-com-br\/"}]}},"_links":{"self":[{"href":"https:\/\/www.estrategiaconcursos.com.br\/blog\/wp-json\/wp\/v2\/posts\/120110","targetHints":{"allow":["GET"]}}],"collection":[{"href":"https:\/\/www.estrategiaconcursos.com.br\/blog\/wp-json\/wp\/v2\/posts"}],"about":[{"href":"https:\/\/www.estrategiaconcursos.com.br\/blog\/wp-json\/wp\/v2\/types\/post"}],"author":[{"embeddable":true,"href":"https:\/\/www.estrategiaconcursos.com.br\/blog\/wp-json\/wp\/v2\/users\/180"}],"replies":[{"embeddable":true,"href":"https:\/\/www.estrategiaconcursos.com.br\/blog\/wp-json\/wp\/v2\/comments?post=120110"}],"version-history":[{"count":2,"href":"https:\/\/www.estrategiaconcursos.com.br\/blog\/wp-json\/wp\/v2\/posts\/120110\/revisions"}],"predecessor-version":[{"id":649660,"href":"https:\/\/www.estrategiaconcursos.com.br\/blog\/wp-json\/wp\/v2\/posts\/120110\/revisions\/649660"}],"wp:attachment":[{"href":"https:\/\/www.estrategiaconcursos.com.br\/blog\/wp-json\/wp\/v2\/media?parent=120110"}],"wp:term":[{"taxonomy":"category","embeddable":true,"href":"https:\/\/www.estrategiaconcursos.com.br\/blog\/wp-json\/wp\/v2\/categories?post=120110"},{"taxonomy":"post_tag","embeddable":true,"href":"https:\/\/www.estrategiaconcursos.com.br\/blog\/wp-json\/wp\/v2\/tags?post=120110"},{"taxonomy":"tax_estado","embeddable":true,"href":"https:\/\/www.estrategiaconcursos.com.br\/blog\/wp-json\/wp\/v2\/tax_estado?post=120110"}],"curies":[{"name":"wp","href":"https:\/\/api.w.org\/{rel}","templated":true}]}}