{"id":120109,"date":"2018-05-08T10:24:19","date_gmt":"2018-05-08T13:24:19","guid":{"rendered":"https:\/\/www.estrategiaconcursos.com.br\/blog\/?p=120109"},"modified":"2018-05-08T11:06:23","modified_gmt":"2018-05-08T14:06:23","slug":"prazo-para-que-orgaos-do-executivo-federal-solicitem-concurso-e-estendido-ate-30-de-junho","status":"publish","type":"post","link":"https:\/\/www.estrategiaconcursos.com.br\/blog\/prazo-para-que-orgaos-do-executivo-federal-solicitem-concurso-e-estendido-ate-30-de-junho\/","title":{"rendered":"Prazo para que \u00f3rg\u00e3os do Executivo Federal solicitem concurso \u00e9 estendido at\u00e9 30 de junho"},"content":{"rendered":"<p>O Minist\u00e9rio do Planejamento, Desenvolvimento e Gest\u00e3o lan\u00e7ou na segunda-feira, 7 de maio, uma ferramenta digital que dar\u00e1 um prazo maior aos \u00f3rg\u00e3os do Executivo Federal na solicita\u00e7\u00e3o de Concursos P\u00fablicos para o ano de 2019.<\/p>\n<p>A ferramenta se chama &#8220;Sele\u00e7\u00e3o de Pessoas&#8221;. Com o procedimento mais informatizado, o prazo para solicitar concurso, que anualmente era de at\u00e9 o dia 31 de maio, <em><strong>fica estendido at\u00e9 o dia 30 de junho<\/strong><\/em>.<\/p>\n<p>O novo procedimento criado pelo MPOG, al\u00e9m de aumentar o prazo para solicita\u00e7\u00f5es, deve facilitar ainda o processo de an\u00e1lise dos pedidos de concurso por parte do Minist\u00e9rio.<\/p>\n<p>Embora as solicita\u00e7\u00f5es pelo SEI (Sistema Eletr\u00f4nico de Informa\u00e7\u00f5es) continuem v\u00e1lidas, elas devem seguir o prazo anterior, de 31 de maio, conforme previsto no Decreto n\u00ba 6.944 de 2010.<\/p>\n<p style=\"padding-left: 30px;\"><em>Art. 3\u00ba O \u00f3rg\u00e3o ou entidade dever\u00e1 apresentar as propostas de que tratam os incisos I e II do \u00a7 2o do art. 1o, quando acarretarem aumento de despesa, at\u00e9 o dia 31 de maio de cada exerc\u00edcio, de modo a compatibiliz\u00e1-las com o projeto de lei or\u00e7ament\u00e1ria anual para o exerc\u00edcio subsequente.<\/em><\/p>\n<p>Os dois modelos de solicita\u00e7\u00e3o de concurso ser\u00e3o atendidos pelo Minist\u00e9rio do Planejamento. Por\u00e9m, os pedidos feitos pelo novo sistema ter\u00e3o prioridade nas an\u00e1lises.<\/p>\n<h2>Solicita\u00e7\u00f5es de concurso ao MPOG<\/h2>\n<p>Para que a previs\u00e3o dos concursos p\u00fablicos fa\u00e7a parte do or\u00e7amento do ano seguinte, os pedidos precisam ser feitos at\u00e9 o dia 31 de maio, como previsto no decreto supracitado, agora estendido at\u00e9 o dia 30 de junho.<\/p>\n<p>Com as solicita\u00e7\u00f5es em m\u00e3os, o MPOG tem at\u00e9 o m\u00eas de agosto para analisar e consolidar os pedidos de concurso. N\u00e3o estando dentro das exig\u00eancias previstas, o MPOG emite um parecer e retorna o pedido para que o \u00f3rg\u00e3o fa\u00e7a as adequa\u00e7\u00f5es necess\u00e1rias.<\/p>\n<p style=\"padding-left: 30px;\"><em>Art. 2\u00ba (Par\u00e1grafo \u00fanico). O Minist\u00e9rio do Planejamento, Or\u00e7amento e Gest\u00e3o analisar\u00e1 as propostas com base nas diretrizes relacionadas no art. 1\u00ba, cabendo-lhe emitir parecer sobre sua adequa\u00e7\u00e3o t\u00e9cnica e or\u00e7ament\u00e1ria, bem como propor ou adotar os ajustes e medidas que forem necess\u00e1rios \u00e0 sua implementa\u00e7\u00e3o ou prosseguimento.<\/em><\/p>\n<p>Verificando a viabilidade, o Minist\u00e9rio do Planejamento re\u00fane os pedidos, elabora o PLOA e o presidente encaminha para avalia\u00e7\u00e3o do Congresso Nacional. Para que seja autorizado o provimento de novas vagas s\u00f3 \u00e9 preciso levar em conta alguns pontos como:<\/p>\n<p style=\"padding-left: 30px;\"><em>&#8211; as prioridades do governo<\/em><br \/>\n<em>&#8211; a necessidade de pessoal, e;<\/em><br \/>\n<em>&#8211; as condi\u00e7\u00f5es or\u00e7ament\u00e1rias dos \u00f3rg\u00e3os.<\/em><\/p>\n<p>Os gastos com contrata\u00e7\u00f5es s\u00e3o conciliados tamb\u00e9m com as demais despesas e investimentos que o governo precisa fazer em \u00e1reas como sa\u00fade, educa\u00e7\u00e3o, seguran\u00e7a, e outras.<\/p>\n","protected":false},"excerpt":{"rendered":"<p>O Minist\u00e9rio do Planejamento, Desenvolvimento e Gest\u00e3o lan\u00e7ou na segunda-feira, 7 de maio, uma ferramenta digital que dar\u00e1 um prazo maior aos \u00f3rg\u00e3os do Executivo Federal na solicita\u00e7\u00e3o de Concursos P\u00fablicos para o ano de 2019. A ferramenta se chama &#8220;Sele\u00e7\u00e3o de Pessoas&#8221;. Com o procedimento mais informatizado, o prazo para solicitar concurso, que anualmente [&hellip;]<\/p>\n","protected":false},"author":1,"featured_media":0,"comment_status":"open","ping_status":"closed","sticky":false,"template":"","format":"standard","meta":{"post_tipo":"news","footnotes":""},"categories":[1],"tags":[],"tax_estado":[],"class_list":["post-120109","post","type-post","status-publish","format-standard","hentry","category-cursos-e-concursos"],"acf":[],"yoast_head":"<!-- This site is optimized with the Yoast SEO Premium plugin v27.2 (Yoast SEO v27.2) - https:\/\/yoast.com\/product\/yoast-seo-premium-wordpress\/ -->\n<title>Prazo para que \u00f3rg\u00e3os do Executivo Federal solicitem concurso \u00e9 estendido at\u00e9 30 de junho<\/title>\n<meta name=\"robots\" content=\"index, follow, max-snippet:-1, max-image-preview:large, max-video-preview:-1\" \/>\n<link rel=\"canonical\" href=\"https:\/\/www.estrategiaconcursos.com.br\/blog\/prazo-para-que-orgaos-do-executivo-federal-solicitem-concurso-e-estendido-ate-30-de-junho\/\" \/>\n<meta property=\"og:locale\" content=\"pt_BR\" \/>\n<meta property=\"og:type\" content=\"article\" \/>\n<meta property=\"og:title\" content=\"Prazo para que \u00f3rg\u00e3os do Executivo Federal solicitem concurso \u00e9 estendido at\u00e9 30 de junho\" \/>\n<meta property=\"og:description\" content=\"O Minist\u00e9rio do Planejamento, Desenvolvimento e Gest\u00e3o lan\u00e7ou na segunda-feira, 7 de maio, uma ferramenta digital que dar\u00e1 um prazo maior aos \u00f3rg\u00e3os do Executivo Federal na solicita\u00e7\u00e3o de Concursos P\u00fablicos para o ano de 2019. A ferramenta se chama &#8220;Sele\u00e7\u00e3o de Pessoas&#8221;. Com o procedimento mais informatizado, o prazo para solicitar concurso, que anualmente [&hellip;]\" \/>\n<meta property=\"og:url\" content=\"https:\/\/www.estrategiaconcursos.com.br\/blog\/prazo-para-que-orgaos-do-executivo-federal-solicitem-concurso-e-estendido-ate-30-de-junho\/\" \/>\n<meta property=\"og:site_name\" content=\"Estrat\u00e9gia Concursos\" \/>\n<meta property=\"article:author\" content=\"https:\/\/www.facebook.com\/EstrategiaConcursos\" \/>\n<meta property=\"article:published_time\" content=\"2018-05-08T13:24:19+00:00\" \/>\n<meta property=\"article:modified_time\" content=\"2018-05-08T14:06:23+00:00\" \/>\n<meta name=\"author\" content=\"Coordena\u00e7\u00e3o\" \/>\n<meta name=\"twitter:card\" content=\"summary_large_image\" \/>\n<meta name=\"twitter:creator\" content=\"@EstratConcursos\" \/>\n<meta name=\"twitter:site\" content=\"@EstratConcursos\" \/>\n<meta name=\"twitter:label1\" content=\"Escrito por\" \/>\n\t<meta name=\"twitter:data1\" content=\"Coordena\u00e7\u00e3o\" \/>\n\t<meta name=\"twitter:label2\" content=\"Est. tempo de leitura\" \/>\n\t<meta name=\"twitter:data2\" content=\"2 minutos\" \/>\n<script type=\"application\/ld+json\" class=\"yoast-schema-graph\">{\"@context\":\"https:\/\/schema.org\",\"@graph\":[{\"@type\":\"NewsArticle\",\"@id\":\"https:\/\/www.estrategiaconcursos.com.br\/blog\/prazo-para-que-orgaos-do-executivo-federal-solicitem-concurso-e-estendido-ate-30-de-junho\/#article\",\"isPartOf\":{\"@id\":\"https:\/\/www.estrategiaconcursos.com.br\/blog\/prazo-para-que-orgaos-do-executivo-federal-solicitem-concurso-e-estendido-ate-30-de-junho\/\"},\"author\":{\"name\":\"Coordena\u00e7\u00e3o\",\"@id\":\"https:\/\/www.estrategiaconcursos.com.br\/blog\/#\/schema\/person\/b4a388c97673c5f483d72185668afa1f\"},\"headline\":\"Prazo para que \u00f3rg\u00e3os do Executivo Federal solicitem concurso \u00e9 estendido at\u00e9 30 de junho\",\"datePublished\":\"2018-05-08T13:24:19+00:00\",\"dateModified\":\"2018-05-08T14:06:23+00:00\",\"mainEntityOfPage\":{\"@id\":\"https:\/\/www.estrategiaconcursos.com.br\/blog\/prazo-para-que-orgaos-do-executivo-federal-solicitem-concurso-e-estendido-ate-30-de-junho\/\"},\"wordCount\":485,\"commentCount\":0,\"publisher\":{\"@id\":\"https:\/\/www.estrategiaconcursos.com.br\/blog\/#organization\"},\"articleSection\":[\"Concursos P\u00fablicos\"],\"inLanguage\":\"pt-BR\",\"potentialAction\":[{\"@type\":\"CommentAction\",\"name\":\"Comment\",\"target\":[\"https:\/\/www.estrategiaconcursos.com.br\/blog\/prazo-para-que-orgaos-do-executivo-federal-solicitem-concurso-e-estendido-ate-30-de-junho\/#respond\"]}],\"copyrightYear\":\"2018\",\"copyrightHolder\":{\"@id\":\"https:\/\/www.estrategiaconcursos.com.br\/blog\/#organization\"}},{\"@type\":\"WebPage\",\"@id\":\"https:\/\/www.estrategiaconcursos.com.br\/blog\/prazo-para-que-orgaos-do-executivo-federal-solicitem-concurso-e-estendido-ate-30-de-junho\/\",\"url\":\"https:\/\/www.estrategiaconcursos.com.br\/blog\/prazo-para-que-orgaos-do-executivo-federal-solicitem-concurso-e-estendido-ate-30-de-junho\/\",\"name\":\"Prazo para que \u00f3rg\u00e3os do Executivo Federal solicitem concurso \u00e9 estendido at\u00e9 30 de junho\",\"isPartOf\":{\"@id\":\"https:\/\/www.estrategiaconcursos.com.br\/blog\/#website\"},\"datePublished\":\"2018-05-08T13:24:19+00:00\",\"dateModified\":\"2018-05-08T14:06:23+00:00\",\"breadcrumb\":{\"@id\":\"https:\/\/www.estrategiaconcursos.com.br\/blog\/prazo-para-que-orgaos-do-executivo-federal-solicitem-concurso-e-estendido-ate-30-de-junho\/#breadcrumb\"},\"inLanguage\":\"pt-BR\",\"potentialAction\":[{\"@type\":\"ReadAction\",\"target\":[\"https:\/\/www.estrategiaconcursos.com.br\/blog\/prazo-para-que-orgaos-do-executivo-federal-solicitem-concurso-e-estendido-ate-30-de-junho\/\"]}]},{\"@type\":\"BreadcrumbList\",\"@id\":\"https:\/\/www.estrategiaconcursos.com.br\/blog\/prazo-para-que-orgaos-do-executivo-federal-solicitem-concurso-e-estendido-ate-30-de-junho\/#breadcrumb\",\"itemListElement\":[{\"@type\":\"ListItem\",\"position\":1,\"name\":\"In\u00edcio\",\"item\":\"https:\/\/www.estrategiaconcursos.com.br\/blog\/\"},{\"@type\":\"ListItem\",\"position\":2,\"name\":\"Prazo para que \u00f3rg\u00e3os do Executivo Federal solicitem concurso \u00e9 estendido at\u00e9 30 de junho\"}]},{\"@type\":\"WebSite\",\"@id\":\"https:\/\/www.estrategiaconcursos.com.br\/blog\/#website\",\"url\":\"https:\/\/www.estrategiaconcursos.com.br\/blog\/\",\"name\":\"Estrat\u00e9gia Concursos\",\"description\":\"O blog da Estrat\u00e9gia Concursos traz not\u00edcias sobre concursos e artigos de professores oferecendo cursos para concursos (pdf + videaulas) no site.\",\"publisher\":{\"@id\":\"https:\/\/www.estrategiaconcursos.com.br\/blog\/#organization\"},\"potentialAction\":[{\"@type\":\"SearchAction\",\"target\":{\"@type\":\"EntryPoint\",\"urlTemplate\":\"https:\/\/www.estrategiaconcursos.com.br\/blog\/?s={search_term_string}\"},\"query-input\":{\"@type\":\"PropertyValueSpecification\",\"valueRequired\":true,\"valueName\":\"search_term_string\"}}],\"inLanguage\":\"pt-BR\"},{\"@type\":\"Organization\",\"@id\":\"https:\/\/www.estrategiaconcursos.com.br\/blog\/#organization\",\"name\":\"Estrat\u00e9gia Concursos\",\"url\":\"https:\/\/www.estrategiaconcursos.com.br\/blog\/\",\"logo\":{\"@type\":\"ImageObject\",\"inLanguage\":\"pt-BR\",\"@id\":\"https:\/\/www.estrategiaconcursos.com.br\/blog\/#\/schema\/logo\/image\/\",\"url\":\"https:\/\/dhg1h5j42swfq.cloudfront.net\/2025\/06\/03203428\/logo_concursos-1.jpg\",\"contentUrl\":\"https:\/\/dhg1h5j42swfq.cloudfront.net\/2025\/06\/03203428\/logo_concursos-1.jpg\",\"width\":230,\"height\":60,\"caption\":\"Estrat\u00e9gia Concursos\"},\"image\":{\"@id\":\"https:\/\/www.estrategiaconcursos.com.br\/blog\/#\/schema\/logo\/image\/\"},\"sameAs\":[\"https:\/\/x.com\/EstratConcursos\"]},{\"@type\":\"Person\",\"@id\":\"https:\/\/www.estrategiaconcursos.com.br\/blog\/#\/schema\/person\/b4a388c97673c5f483d72185668afa1f\",\"name\":\"Coordena\u00e7\u00e3o\",\"image\":{\"@type\":\"ImageObject\",\"inLanguage\":\"pt-BR\",\"@id\":\"https:\/\/secure.gravatar.com\/avatar\/b720319e4c9a967eb58678d110f4fe35452fc5d5f97b202bac7b8acceb18c6ad?s=96&d=mm&r=g\",\"url\":\"https:\/\/secure.gravatar.com\/avatar\/b720319e4c9a967eb58678d110f4fe35452fc5d5f97b202bac7b8acceb18c6ad?s=96&d=mm&r=g\",\"contentUrl\":\"https:\/\/secure.gravatar.com\/avatar\/b720319e4c9a967eb58678d110f4fe35452fc5d5f97b202bac7b8acceb18c6ad?s=96&d=mm&r=g\",\"caption\":\"Coordena\u00e7\u00e3o\"},\"sameAs\":[\"https:\/\/www.facebook.com\/EstrategiaConcursos\",\"https:\/\/x.com\/EstratConcursos\"],\"url\":\"https:\/\/www.estrategiaconcursos.com.br\/blog\/author\/estrategia2013\/\"}]}<\/script>\n<!-- \/ Yoast SEO Premium plugin. -->","yoast_head_json":{"title":"Prazo para que \u00f3rg\u00e3os do Executivo Federal solicitem concurso \u00e9 estendido at\u00e9 30 de junho","robots":{"index":"index","follow":"follow","max-snippet":"max-snippet:-1","max-image-preview":"max-image-preview:large","max-video-preview":"max-video-preview:-1"},"canonical":"https:\/\/www.estrategiaconcursos.com.br\/blog\/prazo-para-que-orgaos-do-executivo-federal-solicitem-concurso-e-estendido-ate-30-de-junho\/","og_locale":"pt_BR","og_type":"article","og_title":"Prazo para que \u00f3rg\u00e3os do Executivo Federal solicitem concurso \u00e9 estendido at\u00e9 30 de junho","og_description":"O Minist\u00e9rio do Planejamento, Desenvolvimento e Gest\u00e3o lan\u00e7ou na segunda-feira, 7 de maio, uma ferramenta digital que dar\u00e1 um prazo maior aos \u00f3rg\u00e3os do Executivo Federal na solicita\u00e7\u00e3o de Concursos P\u00fablicos para o ano de 2019. A ferramenta se chama &#8220;Sele\u00e7\u00e3o de Pessoas&#8221;. Com o procedimento mais informatizado, o prazo para solicitar concurso, que anualmente [&hellip;]","og_url":"https:\/\/www.estrategiaconcursos.com.br\/blog\/prazo-para-que-orgaos-do-executivo-federal-solicitem-concurso-e-estendido-ate-30-de-junho\/","og_site_name":"Estrat\u00e9gia Concursos","article_author":"https:\/\/www.facebook.com\/EstrategiaConcursos","article_published_time":"2018-05-08T13:24:19+00:00","article_modified_time":"2018-05-08T14:06:23+00:00","author":"Coordena\u00e7\u00e3o","twitter_card":"summary_large_image","twitter_creator":"@EstratConcursos","twitter_site":"@EstratConcursos","twitter_misc":{"Escrito por":"Coordena\u00e7\u00e3o","Est. tempo de leitura":"2 minutos"},"schema":{"@context":"https:\/\/schema.org","@graph":[{"@type":"NewsArticle","@id":"https:\/\/www.estrategiaconcursos.com.br\/blog\/prazo-para-que-orgaos-do-executivo-federal-solicitem-concurso-e-estendido-ate-30-de-junho\/#article","isPartOf":{"@id":"https:\/\/www.estrategiaconcursos.com.br\/blog\/prazo-para-que-orgaos-do-executivo-federal-solicitem-concurso-e-estendido-ate-30-de-junho\/"},"author":{"name":"Coordena\u00e7\u00e3o","@id":"https:\/\/www.estrategiaconcursos.com.br\/blog\/#\/schema\/person\/b4a388c97673c5f483d72185668afa1f"},"headline":"Prazo para que \u00f3rg\u00e3os do Executivo Federal solicitem concurso \u00e9 estendido at\u00e9 30 de junho","datePublished":"2018-05-08T13:24:19+00:00","dateModified":"2018-05-08T14:06:23+00:00","mainEntityOfPage":{"@id":"https:\/\/www.estrategiaconcursos.com.br\/blog\/prazo-para-que-orgaos-do-executivo-federal-solicitem-concurso-e-estendido-ate-30-de-junho\/"},"wordCount":485,"commentCount":0,"publisher":{"@id":"https:\/\/www.estrategiaconcursos.com.br\/blog\/#organization"},"articleSection":["Concursos P\u00fablicos"],"inLanguage":"pt-BR","potentialAction":[{"@type":"CommentAction","name":"Comment","target":["https:\/\/www.estrategiaconcursos.com.br\/blog\/prazo-para-que-orgaos-do-executivo-federal-solicitem-concurso-e-estendido-ate-30-de-junho\/#respond"]}],"copyrightYear":"2018","copyrightHolder":{"@id":"https:\/\/www.estrategiaconcursos.com.br\/blog\/#organization"}},{"@type":"WebPage","@id":"https:\/\/www.estrategiaconcursos.com.br\/blog\/prazo-para-que-orgaos-do-executivo-federal-solicitem-concurso-e-estendido-ate-30-de-junho\/","url":"https:\/\/www.estrategiaconcursos.com.br\/blog\/prazo-para-que-orgaos-do-executivo-federal-solicitem-concurso-e-estendido-ate-30-de-junho\/","name":"Prazo para que \u00f3rg\u00e3os do Executivo Federal solicitem concurso \u00e9 estendido at\u00e9 30 de junho","isPartOf":{"@id":"https:\/\/www.estrategiaconcursos.com.br\/blog\/#website"},"datePublished":"2018-05-08T13:24:19+00:00","dateModified":"2018-05-08T14:06:23+00:00","breadcrumb":{"@id":"https:\/\/www.estrategiaconcursos.com.br\/blog\/prazo-para-que-orgaos-do-executivo-federal-solicitem-concurso-e-estendido-ate-30-de-junho\/#breadcrumb"},"inLanguage":"pt-BR","potentialAction":[{"@type":"ReadAction","target":["https:\/\/www.estrategiaconcursos.com.br\/blog\/prazo-para-que-orgaos-do-executivo-federal-solicitem-concurso-e-estendido-ate-30-de-junho\/"]}]},{"@type":"BreadcrumbList","@id":"https:\/\/www.estrategiaconcursos.com.br\/blog\/prazo-para-que-orgaos-do-executivo-federal-solicitem-concurso-e-estendido-ate-30-de-junho\/#breadcrumb","itemListElement":[{"@type":"ListItem","position":1,"name":"In\u00edcio","item":"https:\/\/www.estrategiaconcursos.com.br\/blog\/"},{"@type":"ListItem","position":2,"name":"Prazo para que \u00f3rg\u00e3os do Executivo Federal solicitem concurso \u00e9 estendido at\u00e9 30 de junho"}]},{"@type":"WebSite","@id":"https:\/\/www.estrategiaconcursos.com.br\/blog\/#website","url":"https:\/\/www.estrategiaconcursos.com.br\/blog\/","name":"Estrat\u00e9gia Concursos","description":"O blog da Estrat\u00e9gia Concursos traz not\u00edcias sobre concursos e artigos de professores oferecendo cursos para concursos (pdf + videaulas) no site.","publisher":{"@id":"https:\/\/www.estrategiaconcursos.com.br\/blog\/#organization"},"potentialAction":[{"@type":"SearchAction","target":{"@type":"EntryPoint","urlTemplate":"https:\/\/www.estrategiaconcursos.com.br\/blog\/?s={search_term_string}"},"query-input":{"@type":"PropertyValueSpecification","valueRequired":true,"valueName":"search_term_string"}}],"inLanguage":"pt-BR"},{"@type":"Organization","@id":"https:\/\/www.estrategiaconcursos.com.br\/blog\/#organization","name":"Estrat\u00e9gia Concursos","url":"https:\/\/www.estrategiaconcursos.com.br\/blog\/","logo":{"@type":"ImageObject","inLanguage":"pt-BR","@id":"https:\/\/www.estrategiaconcursos.com.br\/blog\/#\/schema\/logo\/image\/","url":"https:\/\/dhg1h5j42swfq.cloudfront.net\/2025\/06\/03203428\/logo_concursos-1.jpg","contentUrl":"https:\/\/dhg1h5j42swfq.cloudfront.net\/2025\/06\/03203428\/logo_concursos-1.jpg","width":230,"height":60,"caption":"Estrat\u00e9gia Concursos"},"image":{"@id":"https:\/\/www.estrategiaconcursos.com.br\/blog\/#\/schema\/logo\/image\/"},"sameAs":["https:\/\/x.com\/EstratConcursos"]},{"@type":"Person","@id":"https:\/\/www.estrategiaconcursos.com.br\/blog\/#\/schema\/person\/b4a388c97673c5f483d72185668afa1f","name":"Coordena\u00e7\u00e3o","image":{"@type":"ImageObject","inLanguage":"pt-BR","@id":"https:\/\/secure.gravatar.com\/avatar\/b720319e4c9a967eb58678d110f4fe35452fc5d5f97b202bac7b8acceb18c6ad?s=96&d=mm&r=g","url":"https:\/\/secure.gravatar.com\/avatar\/b720319e4c9a967eb58678d110f4fe35452fc5d5f97b202bac7b8acceb18c6ad?s=96&d=mm&r=g","contentUrl":"https:\/\/secure.gravatar.com\/avatar\/b720319e4c9a967eb58678d110f4fe35452fc5d5f97b202bac7b8acceb18c6ad?s=96&d=mm&r=g","caption":"Coordena\u00e7\u00e3o"},"sameAs":["https:\/\/www.facebook.com\/EstrategiaConcursos","https:\/\/x.com\/EstratConcursos"],"url":"https:\/\/www.estrategiaconcursos.com.br\/blog\/author\/estrategia2013\/"}]}},"_links":{"self":[{"href":"https:\/\/www.estrategiaconcursos.com.br\/blog\/wp-json\/wp\/v2\/posts\/120109","targetHints":{"allow":["GET"]}}],"collection":[{"href":"https:\/\/www.estrategiaconcursos.com.br\/blog\/wp-json\/wp\/v2\/posts"}],"about":[{"href":"https:\/\/www.estrategiaconcursos.com.br\/blog\/wp-json\/wp\/v2\/types\/post"}],"author":[{"embeddable":true,"href":"https:\/\/www.estrategiaconcursos.com.br\/blog\/wp-json\/wp\/v2\/users\/1"}],"replies":[{"embeddable":true,"href":"https:\/\/www.estrategiaconcursos.com.br\/blog\/wp-json\/wp\/v2\/comments?post=120109"}],"version-history":[{"count":13,"href":"https:\/\/www.estrategiaconcursos.com.br\/blog\/wp-json\/wp\/v2\/posts\/120109\/revisions"}],"predecessor-version":[{"id":120146,"href":"https:\/\/www.estrategiaconcursos.com.br\/blog\/wp-json\/wp\/v2\/posts\/120109\/revisions\/120146"}],"wp:attachment":[{"href":"https:\/\/www.estrategiaconcursos.com.br\/blog\/wp-json\/wp\/v2\/media?parent=120109"}],"wp:term":[{"taxonomy":"category","embeddable":true,"href":"https:\/\/www.estrategiaconcursos.com.br\/blog\/wp-json\/wp\/v2\/categories?post=120109"},{"taxonomy":"post_tag","embeddable":true,"href":"https:\/\/www.estrategiaconcursos.com.br\/blog\/wp-json\/wp\/v2\/tags?post=120109"},{"taxonomy":"tax_estado","embeddable":true,"href":"https:\/\/www.estrategiaconcursos.com.br\/blog\/wp-json\/wp\/v2\/tax_estado?post=120109"}],"curies":[{"name":"wp","href":"https:\/\/api.w.org\/{rel}","templated":true}]}}