{"id":1200587,"date":"2023-04-12T15:24:47","date_gmt":"2023-04-12T18:24:47","guid":{"rendered":"https:\/\/www.estrategiaconcursos.com.br\/blog\/?p=1200587"},"modified":"2023-04-12T15:24:50","modified_gmt":"2023-04-12T18:24:50","slug":"concurso-dpe-sp-cargos-vagas","status":"publish","type":"post","link":"https:\/\/www.estrategiaconcursos.com.br\/blog\/concurso-dpe-sp-cargos-vagas\/","title":{"rendered":"Quais s\u00e3o os cargos e as vagas ofertadas no concurso DPE SP?"},"content":{"rendered":"\n<p>O <strong>concurso DPE SP<\/strong> (<a href=\"https:\/\/www.estrategiaconcursos.com.br\/cursosPorConcurso\/defensoria-publica-de-sao-paulo-dpe-sp-servidores\" target=\"_blank\" rel=\"noreferrer noopener\">Defensoria P\u00fablica de S\u00e3o Paulo<\/a>) oferta vagas em cadastro reserva para o cargo de Agente de Defensoria. Os sal\u00e1rios iniciais s\u00e3o de at\u00e9 R$ 7,5 mil.<\/p>\n\n\n\n<p>Os interessados poder\u00e3o realizar as inscri\u00e7\u00f5es no site da banca organizadora do certame &#8211; <a href=\"https:\/\/www.vunesp.com.br\/busca\/concurso\/proximo\" target=\"_blank\" rel=\"noreferrer noopener\">Vunesp<\/a>, entre os dias 13 de abril e 24 de maio. A taxa de participa\u00e7\u00e3o \u00e9 de R$ 117,00. <\/p>\n\n\n\n<p>As provas objetivas e de reda\u00e7\u00e3o devem ser aplicadas na data prov\u00e1vel do dia <strong>16 de julho de 2023<\/strong>, no per\u00edodo da tarde.<\/p>\n\n\n\n<h2 class=\"wp-block-heading\" id=\"h-concurso-dpe-sp-cargos-e-vagas\">Concurso DPE SP: cargos e vagas <\/h2>\n\n\n\n<p>Segundo o edital DPE SP, o concurso p\u00fablico oferece vagas para Agente de Defensoria nas seguintes especialidades:<\/p>\n\n\n\n<figure class=\"wp-block-table is-style-stripes\"><table class=\"has-electric-grass-gradient-background has-background has-fixed-layout\"><thead><tr><th class=\"has-text-align-center\" data-align=\"center\">Especialidade<\/th><th class=\"has-text-align-center\" data-align=\"center\">VAGAS<\/th><\/tr><\/thead><tbody><tr><td class=\"has-text-align-center\" data-align=\"center\">Administrador<\/td><td class=\"has-text-align-center\" data-align=\"center\">CR<\/td><\/tr><tr><td class=\"has-text-align-center\" data-align=\"center\">Analista de Suporte<\/td><td class=\"has-text-align-center\" data-align=\"center\">CR<\/td><\/tr><tr><td class=\"has-text-align-center\" data-align=\"center\">Arquiteto<\/td><td class=\"has-text-align-center\" data-align=\"center\">CR<\/td><\/tr><tr><td class=\"has-text-align-center\" data-align=\"center\">Assistente Social<\/td><td class=\"has-text-align-center\" data-align=\"center\">CR<\/td><\/tr><tr><td class=\"has-text-align-center\" data-align=\"center\">Biblioteconomista<\/td><td class=\"has-text-align-center\" data-align=\"center\">CR<\/td><\/tr><tr><td class=\"has-text-align-center\" data-align=\"center\">Cientista Social<\/td><td class=\"has-text-align-center\" data-align=\"center\">CR<\/td><\/tr><tr><td class=\"has-text-align-center\" data-align=\"center\">Comunica\u00e7\u00e3o Social<\/td><td class=\"has-text-align-center\" data-align=\"center\">CR<\/td><\/tr><tr><td class=\"has-text-align-center\" data-align=\"center\">Desenhista Industrial<\/td><td class=\"has-text-align-center\" data-align=\"center\">CR<\/td><\/tr><tr><td class=\"has-text-align-center\" data-align=\"center\">Engenheiro de Redes<\/td><td class=\"has-text-align-center\" data-align=\"center\">CR<\/td><\/tr><tr><td class=\"has-text-align-center\" data-align=\"center\">Engenheiro Mec\u00e2nico<\/td><td class=\"has-text-align-center\" data-align=\"center\">CR<\/td><\/tr><tr><td class=\"has-text-align-center\" data-align=\"center\">Engenheiro de Telecomunica\u00e7\u00e3o<\/td><td class=\"has-text-align-center\" data-align=\"center\">CR<\/td><\/tr><tr><td class=\"has-text-align-center\" data-align=\"center\">Estat\u00edstico<\/td><td class=\"has-text-align-center\" data-align=\"center\">CR<\/td><\/tr><tr><td class=\"has-text-align-center\" data-align=\"center\">Pedagogo<\/td><td class=\"has-text-align-center\" data-align=\"center\">CR<\/td><\/tr><tr><td class=\"has-text-align-center\" data-align=\"center\">Programador<\/td><td class=\"has-text-align-center\" data-align=\"center\">CR<\/td><\/tr><tr><td class=\"has-text-align-center\" data-align=\"center\">Psic\u00f3logo<\/td><td class=\"has-text-align-center\" data-align=\"center\">CR<\/td><\/tr><tr><td class=\"has-text-align-center\" data-align=\"center\">Rela\u00e7\u00f5es P\u00fablicas<\/td><td class=\"has-text-align-center\" data-align=\"center\">CR<\/td><\/tr><tr><td class=\"has-text-align-center\" data-align=\"center\">Secret\u00e1rio Executivo<\/td><td class=\"has-text-align-center\" data-align=\"center\">CR<\/td><\/tr><\/tbody><\/table><figcaption class=\"wp-element-caption\">                                    Cargos e vagas edital DPE SP- Agente de Defensoria<\/figcaption><\/figure>\n\n\n\n<p class=\"has-text-align-center has-electric-grass-gradient-background has-background has-medium-font-size\"><strong>Saiba mais: <a href=\"https:\/\/www.estrategiaconcursos.com.br\/blog\/concurso-dpe-sp\/\" target=\"_blank\" rel=\"noreferrer noopener\">concurso DPE SP<\/a><\/strong><\/p>\n\n\n\n<h2 class=\"wp-block-heading has-text-align-center\" id=\"h-quer-saber-tudo-sobre-concursos-previstos-confira-nossos-artigos\">Quer saber tudo sobre concursos previstos?<br \/>Confira  nossos artigos!<\/h2>\n\n\n\n<ul class=\"wp-block-list\">\n<li><a href=\"https:\/\/www.estrategiaconcursos.com.br\/blog\/concursos-abertos\/\" target=\"_blank\" rel=\"noreferrer noopener\">Concursos abertos<\/a><\/li>\n\n\n\n<li><a href=\"https:\/\/www.estrategiaconcursos.com.br\/blog\/concursos-2023\/\" target=\"_blank\" rel=\"noreferrer noopener\">Concursos 2023<\/a><\/li>\n<\/ul>\n\n\n\n<h2 class=\"wp-block-heading has-text-align-center\"> Que tal iniciar os estudos?<\/h2>\n\n\n\n<div class=\"container\" id=\"boxes\">\n  <div class=\"row\">\n\n    <div class=\"col-sm\">\n      <div class=\"banner-estrategia\" id=\"box-assinatura\">\n        <h3 class=\"titulo-assinatura\">Cursos para DPE SP<\/h3>\n        <p class=\"subtitulo-assinatura\">Estude conosco<\/p>\n        <div class=\"box-botao\">\n          <a class=\"btn-assinatura\" target=\"_blank\" href=\"https:\/\/www.estrategiaconcursos.com.br\/cursosPorConcurso\/defensoria-publica-de-sao-paulo-dpe-sp-servidores\/\" role=\"button\" rel=\"noopener noreferrer\">Conhe\u00e7a os cursos<\/a>\n        <\/div>\n      <\/div>\n     \n    <\/div>\n\n  <\/div>\n<\/div>\n\n\n\n<div class=\"container\" id=\"boxes\">\n  <div class=\"row\">\n\n    <div class=\"col-sm\">\n      <div class=\"estrategia\" id=\"box-assinatura\">\n        <h3 class=\"titulo-assinatura\">Assinatura de Concursos<\/h3>\n        <p class=\"subtitulo-assinatura\">Assinatura de 1 ano ou 2 anos<\/p>\n        <div class=\"box-botao\">\n          <a class=\"btn-assinatura\" target=\"_blank\" href=\"https:\/\/www.estrategiaconcursos.com.br\/assinaturas\/\" role=\"button\" rel=\"noopener noreferrer\">ASSINE AGORA<\/a>\n        <\/div>\n      <\/div>\n     \n    <\/div><\/div><\/div>\n","protected":false},"excerpt":{"rendered":"<p>O concurso DPE SP (Defensoria P\u00fablica de S\u00e3o Paulo) oferta vagas em cadastro reserva para o cargo de Agente de Defensoria. Os sal\u00e1rios iniciais s\u00e3o de at\u00e9 R$ 7,5 mil. Os interessados poder\u00e3o realizar as inscri\u00e7\u00f5es no site da banca organizadora do certame &#8211; Vunesp, entre os dias 13 de abril e 24 de maio. [&hellip;]<\/p>\n","protected":false},"author":2375,"featured_media":1198050,"comment_status":"open","ping_status":"closed","sticky":false,"template":"","format":"standard","meta":{"post_tipo":"news","footnotes":""},"categories":[1984,220219],"tags":[],"tax_estado":[219989],"class_list":["post-1200587","post","type-post","status-publish","format-standard","has-post-thumbnail","hentry","category-tribunais","category-noticias","tax_estado-sp"],"acf":[],"yoast_head":"<!-- This site is optimized with the Yoast SEO Premium plugin v27.2 (Yoast SEO v27.2) - https:\/\/yoast.com\/product\/yoast-seo-premium-wordpress\/ -->\n<title>Quais s\u00e3o os cargos e as vagas ofertadas no concurso DPE SP?<\/title>\n<meta name=\"description\" content=\"Concurso DPE SP: confira agora mesmo no site da Coruja os cargos e as vagas ofertadas no certame da Defensoria P\u00fablica de S\u00e3o Paulo.\" \/>\n<meta name=\"robots\" content=\"index, follow, max-snippet:-1, max-image-preview:large, max-video-preview:-1\" \/>\n<link rel=\"canonical\" href=\"https:\/\/www.estrategiaconcursos.com.br\/blog\/concurso-dpe-sp-cargos-vagas\/\" \/>\n<meta property=\"og:locale\" content=\"pt_BR\" \/>\n<meta property=\"og:type\" content=\"article\" \/>\n<meta property=\"og:title\" content=\"Quais s\u00e3o os cargos e as vagas ofertadas no concurso DPE SP?\" \/>\n<meta property=\"og:description\" content=\"Concurso DPE SP: confira agora mesmo no site da Coruja os cargos e as vagas ofertadas no certame da Defensoria P\u00fablica de S\u00e3o Paulo.\" \/>\n<meta property=\"og:url\" content=\"https:\/\/www.estrategiaconcursos.com.br\/blog\/concurso-dpe-sp-cargos-vagas\/\" \/>\n<meta property=\"og:site_name\" content=\"Estrat\u00e9gia Concursos\" \/>\n<meta property=\"article:published_time\" content=\"2023-04-12T18:24:47+00:00\" \/>\n<meta property=\"article:modified_time\" content=\"2023-04-12T18:24:50+00:00\" \/>\n<meta property=\"og:image\" content=\"https:\/\/dhg1h5j42swfq.cloudfront.net\/2023\/04\/06071404\/captura-de-tela-2022-12-12-as-17-23-43-300x139-1.png\" \/>\n\t<meta property=\"og:image:width\" content=\"300\" \/>\n\t<meta property=\"og:image:height\" content=\"139\" \/>\n\t<meta property=\"og:image:type\" content=\"image\/png\" \/>\n<meta name=\"author\" content=\"Priscila Almeida\" \/>\n<meta name=\"twitter:card\" content=\"summary_large_image\" \/>\n<meta name=\"twitter:creator\" content=\"@EstratConcursos\" \/>\n<meta name=\"twitter:site\" content=\"@EstratConcursos\" \/>\n<meta name=\"twitter:label1\" content=\"Escrito por\" \/>\n\t<meta name=\"twitter:data1\" content=\"Priscila Almeida\" \/>\n\t<meta name=\"twitter:label2\" content=\"Est. tempo de leitura\" \/>\n\t<meta name=\"twitter:data2\" content=\"1 minuto\" \/>\n<script type=\"application\/ld+json\" class=\"yoast-schema-graph\">{\"@context\":\"https:\/\/schema.org\",\"@graph\":[{\"@type\":\"NewsArticle\",\"@id\":\"https:\/\/www.estrategiaconcursos.com.br\/blog\/concurso-dpe-sp-cargos-vagas\/#article\",\"isPartOf\":{\"@id\":\"https:\/\/www.estrategiaconcursos.com.br\/blog\/concurso-dpe-sp-cargos-vagas\/\"},\"author\":{\"name\":\"Priscila Almeida\",\"@id\":\"https:\/\/www.estrategiaconcursos.com.br\/blog\/#\/schema\/person\/a06e841e501f2e1d8c49c4e8f066bfd1\"},\"headline\":\"Quais s\u00e3o os cargos e as vagas ofertadas no concurso DPE SP?\",\"datePublished\":\"2023-04-12T18:24:47+00:00\",\"dateModified\":\"2023-04-12T18:24:50+00:00\",\"mainEntityOfPage\":{\"@id\":\"https:\/\/www.estrategiaconcursos.com.br\/blog\/concurso-dpe-sp-cargos-vagas\/\"},\"wordCount\":234,\"commentCount\":0,\"publisher\":{\"@id\":\"https:\/\/www.estrategiaconcursos.com.br\/blog\/#organization\"},\"image\":{\"@id\":\"https:\/\/www.estrategiaconcursos.com.br\/blog\/concurso-dpe-sp-cargos-vagas\/#primaryimage\"},\"thumbnailUrl\":\"https:\/\/dhg1h5j42swfq.cloudfront.net\/2023\/04\/06071404\/captura-de-tela-2022-12-12-as-17-23-43-300x139-1.png\",\"articleSection\":[\"Tribunais\",\"\u00daltimas not\u00edcias\"],\"inLanguage\":\"pt-BR\",\"potentialAction\":[{\"@type\":\"CommentAction\",\"name\":\"Comment\",\"target\":[\"https:\/\/www.estrategiaconcursos.com.br\/blog\/concurso-dpe-sp-cargos-vagas\/#respond\"]}],\"copyrightYear\":\"2023\",\"copyrightHolder\":{\"@id\":\"https:\/\/www.estrategiaconcursos.com.br\/blog\/#organization\"}},{\"@type\":\"WebPage\",\"@id\":\"https:\/\/www.estrategiaconcursos.com.br\/blog\/concurso-dpe-sp-cargos-vagas\/\",\"url\":\"https:\/\/www.estrategiaconcursos.com.br\/blog\/concurso-dpe-sp-cargos-vagas\/\",\"name\":\"Quais s\u00e3o os cargos e as vagas ofertadas no concurso DPE SP?\",\"isPartOf\":{\"@id\":\"https:\/\/www.estrategiaconcursos.com.br\/blog\/#website\"},\"primaryImageOfPage\":{\"@id\":\"https:\/\/www.estrategiaconcursos.com.br\/blog\/concurso-dpe-sp-cargos-vagas\/#primaryimage\"},\"image\":{\"@id\":\"https:\/\/www.estrategiaconcursos.com.br\/blog\/concurso-dpe-sp-cargos-vagas\/#primaryimage\"},\"thumbnailUrl\":\"https:\/\/dhg1h5j42swfq.cloudfront.net\/2023\/04\/06071404\/captura-de-tela-2022-12-12-as-17-23-43-300x139-1.png\",\"datePublished\":\"2023-04-12T18:24:47+00:00\",\"dateModified\":\"2023-04-12T18:24:50+00:00\",\"description\":\"Concurso DPE SP: confira agora mesmo no site da Coruja os cargos e as vagas ofertadas no certame da Defensoria P\u00fablica de S\u00e3o Paulo.\",\"breadcrumb\":{\"@id\":\"https:\/\/www.estrategiaconcursos.com.br\/blog\/concurso-dpe-sp-cargos-vagas\/#breadcrumb\"},\"inLanguage\":\"pt-BR\",\"potentialAction\":[{\"@type\":\"ReadAction\",\"target\":[\"https:\/\/www.estrategiaconcursos.com.br\/blog\/concurso-dpe-sp-cargos-vagas\/\"]}]},{\"@type\":\"ImageObject\",\"inLanguage\":\"pt-BR\",\"@id\":\"https:\/\/www.estrategiaconcursos.com.br\/blog\/concurso-dpe-sp-cargos-vagas\/#primaryimage\",\"url\":\"https:\/\/dhg1h5j42swfq.cloudfront.net\/2023\/04\/06071404\/captura-de-tela-2022-12-12-as-17-23-43-300x139-1.png\",\"contentUrl\":\"https:\/\/dhg1h5j42swfq.cloudfront.net\/2023\/04\/06071404\/captura-de-tela-2022-12-12-as-17-23-43-300x139-1.png\",\"width\":300,\"height\":139},{\"@type\":\"BreadcrumbList\",\"@id\":\"https:\/\/www.estrategiaconcursos.com.br\/blog\/concurso-dpe-sp-cargos-vagas\/#breadcrumb\",\"itemListElement\":[{\"@type\":\"ListItem\",\"position\":1,\"name\":\"In\u00edcio\",\"item\":\"https:\/\/www.estrategiaconcursos.com.br\/blog\/\"},{\"@type\":\"ListItem\",\"position\":2,\"name\":\"Quais s\u00e3o os cargos e as vagas ofertadas no concurso DPE SP?\"}]},{\"@type\":\"WebSite\",\"@id\":\"https:\/\/www.estrategiaconcursos.com.br\/blog\/#website\",\"url\":\"https:\/\/www.estrategiaconcursos.com.br\/blog\/\",\"name\":\"Estrat\u00e9gia Concursos\",\"description\":\"O blog da Estrat\u00e9gia Concursos traz not\u00edcias sobre concursos e artigos de professores oferecendo cursos para concursos (pdf + videaulas) no site.\",\"publisher\":{\"@id\":\"https:\/\/www.estrategiaconcursos.com.br\/blog\/#organization\"},\"potentialAction\":[{\"@type\":\"SearchAction\",\"target\":{\"@type\":\"EntryPoint\",\"urlTemplate\":\"https:\/\/www.estrategiaconcursos.com.br\/blog\/?s={search_term_string}\"},\"query-input\":{\"@type\":\"PropertyValueSpecification\",\"valueRequired\":true,\"valueName\":\"search_term_string\"}}],\"inLanguage\":\"pt-BR\"},{\"@type\":\"Organization\",\"@id\":\"https:\/\/www.estrategiaconcursos.com.br\/blog\/#organization\",\"name\":\"Estrat\u00e9gia Concursos\",\"url\":\"https:\/\/www.estrategiaconcursos.com.br\/blog\/\",\"logo\":{\"@type\":\"ImageObject\",\"inLanguage\":\"pt-BR\",\"@id\":\"https:\/\/www.estrategiaconcursos.com.br\/blog\/#\/schema\/logo\/image\/\",\"url\":\"https:\/\/dhg1h5j42swfq.cloudfront.net\/2025\/06\/03203428\/logo_concursos-1.jpg\",\"contentUrl\":\"https:\/\/dhg1h5j42swfq.cloudfront.net\/2025\/06\/03203428\/logo_concursos-1.jpg\",\"width\":230,\"height\":60,\"caption\":\"Estrat\u00e9gia Concursos\"},\"image\":{\"@id\":\"https:\/\/www.estrategiaconcursos.com.br\/blog\/#\/schema\/logo\/image\/\"},\"sameAs\":[\"https:\/\/x.com\/EstratConcursos\"]},{\"@type\":\"Person\",\"@id\":\"https:\/\/www.estrategiaconcursos.com.br\/blog\/#\/schema\/person\/a06e841e501f2e1d8c49c4e8f066bfd1\",\"name\":\"Priscila Almeida\",\"image\":{\"@type\":\"ImageObject\",\"inLanguage\":\"pt-BR\",\"@id\":\"https:\/\/secure.gravatar.com\/avatar\/0a963c9e2a947fa675b669cea2b5d0ba6dd1cbf46b966190343b6c9973ad3337?s=96&d=mm&r=g\",\"url\":\"https:\/\/secure.gravatar.com\/avatar\/0a963c9e2a947fa675b669cea2b5d0ba6dd1cbf46b966190343b6c9973ad3337?s=96&d=mm&r=g\",\"contentUrl\":\"https:\/\/secure.gravatar.com\/avatar\/0a963c9e2a947fa675b669cea2b5d0ba6dd1cbf46b966190343b6c9973ad3337?s=96&d=mm&r=g\",\"caption\":\"Priscila Almeida\"},\"description\":\"Atua na \u00e1rea de concursos p\u00fablicos desde 2019. As editorias que mais t\u00eam familiaridade s\u00e3o: Tribunais (TJs; TRTs; TREs; TSTs; STJ, STF, STM e TSE); Defensorias; Minist\u00e9rios P\u00fablicos; Procuradorias; Educa\u00e7\u00e3o e Conselhos. Na \u00e1rea de comunica\u00e7\u00e3o, de maneira geral, a caminhada \u00e9 um pouco mais longa - desde 2007. Possui experi\u00eancia em reda\u00e7\u00f5es de r\u00e1dio, TV, Web e impresso, al\u00e9m de desenvolver trabalhos em assessorias de comunica\u00e7\u00e3o institucional, empresarial e p\u00fablicas. Entre outros trabalhos, se destacam a atua\u00e7\u00e3o nas \u00e1reas de Justi\u00e7a, Congresso, Esportes, Sa\u00fade, Agropecu\u00e1ria, Cidades e Avia\u00e7\u00e3o Civil.\",\"url\":\"https:\/\/www.estrategiaconcursos.com.br\/blog\/author\/priscila-almeidaestrategia-com\/\"}]}<\/script>\n<!-- \/ Yoast SEO Premium plugin. -->","yoast_head_json":{"title":"Quais s\u00e3o os cargos e as vagas ofertadas no concurso DPE SP?","description":"Concurso DPE SP: confira agora mesmo no site da Coruja os cargos e as vagas ofertadas no certame da Defensoria P\u00fablica de S\u00e3o Paulo.","robots":{"index":"index","follow":"follow","max-snippet":"max-snippet:-1","max-image-preview":"max-image-preview:large","max-video-preview":"max-video-preview:-1"},"canonical":"https:\/\/www.estrategiaconcursos.com.br\/blog\/concurso-dpe-sp-cargos-vagas\/","og_locale":"pt_BR","og_type":"article","og_title":"Quais s\u00e3o os cargos e as vagas ofertadas no concurso DPE SP?","og_description":"Concurso DPE SP: confira agora mesmo no site da Coruja os cargos e as vagas ofertadas no certame da Defensoria P\u00fablica de S\u00e3o Paulo.","og_url":"https:\/\/www.estrategiaconcursos.com.br\/blog\/concurso-dpe-sp-cargos-vagas\/","og_site_name":"Estrat\u00e9gia Concursos","article_published_time":"2023-04-12T18:24:47+00:00","article_modified_time":"2023-04-12T18:24:50+00:00","og_image":[{"width":300,"height":139,"url":"https:\/\/dhg1h5j42swfq.cloudfront.net\/2023\/04\/06071404\/captura-de-tela-2022-12-12-as-17-23-43-300x139-1.png","type":"image\/png"}],"author":"Priscila Almeida","twitter_card":"summary_large_image","twitter_creator":"@EstratConcursos","twitter_site":"@EstratConcursos","twitter_misc":{"Escrito por":"Priscila Almeida","Est. tempo de leitura":"1 minuto"},"schema":{"@context":"https:\/\/schema.org","@graph":[{"@type":"NewsArticle","@id":"https:\/\/www.estrategiaconcursos.com.br\/blog\/concurso-dpe-sp-cargos-vagas\/#article","isPartOf":{"@id":"https:\/\/www.estrategiaconcursos.com.br\/blog\/concurso-dpe-sp-cargos-vagas\/"},"author":{"name":"Priscila Almeida","@id":"https:\/\/www.estrategiaconcursos.com.br\/blog\/#\/schema\/person\/a06e841e501f2e1d8c49c4e8f066bfd1"},"headline":"Quais s\u00e3o os cargos e as vagas ofertadas no concurso DPE SP?","datePublished":"2023-04-12T18:24:47+00:00","dateModified":"2023-04-12T18:24:50+00:00","mainEntityOfPage":{"@id":"https:\/\/www.estrategiaconcursos.com.br\/blog\/concurso-dpe-sp-cargos-vagas\/"},"wordCount":234,"commentCount":0,"publisher":{"@id":"https:\/\/www.estrategiaconcursos.com.br\/blog\/#organization"},"image":{"@id":"https:\/\/www.estrategiaconcursos.com.br\/blog\/concurso-dpe-sp-cargos-vagas\/#primaryimage"},"thumbnailUrl":"https:\/\/dhg1h5j42swfq.cloudfront.net\/2023\/04\/06071404\/captura-de-tela-2022-12-12-as-17-23-43-300x139-1.png","articleSection":["Tribunais","\u00daltimas not\u00edcias"],"inLanguage":"pt-BR","potentialAction":[{"@type":"CommentAction","name":"Comment","target":["https:\/\/www.estrategiaconcursos.com.br\/blog\/concurso-dpe-sp-cargos-vagas\/#respond"]}],"copyrightYear":"2023","copyrightHolder":{"@id":"https:\/\/www.estrategiaconcursos.com.br\/blog\/#organization"}},{"@type":"WebPage","@id":"https:\/\/www.estrategiaconcursos.com.br\/blog\/concurso-dpe-sp-cargos-vagas\/","url":"https:\/\/www.estrategiaconcursos.com.br\/blog\/concurso-dpe-sp-cargos-vagas\/","name":"Quais s\u00e3o os cargos e as vagas ofertadas no concurso DPE SP?","isPartOf":{"@id":"https:\/\/www.estrategiaconcursos.com.br\/blog\/#website"},"primaryImageOfPage":{"@id":"https:\/\/www.estrategiaconcursos.com.br\/blog\/concurso-dpe-sp-cargos-vagas\/#primaryimage"},"image":{"@id":"https:\/\/www.estrategiaconcursos.com.br\/blog\/concurso-dpe-sp-cargos-vagas\/#primaryimage"},"thumbnailUrl":"https:\/\/dhg1h5j42swfq.cloudfront.net\/2023\/04\/06071404\/captura-de-tela-2022-12-12-as-17-23-43-300x139-1.png","datePublished":"2023-04-12T18:24:47+00:00","dateModified":"2023-04-12T18:24:50+00:00","description":"Concurso DPE SP: confira agora mesmo no site da Coruja os cargos e as vagas ofertadas no certame da Defensoria P\u00fablica de S\u00e3o Paulo.","breadcrumb":{"@id":"https:\/\/www.estrategiaconcursos.com.br\/blog\/concurso-dpe-sp-cargos-vagas\/#breadcrumb"},"inLanguage":"pt-BR","potentialAction":[{"@type":"ReadAction","target":["https:\/\/www.estrategiaconcursos.com.br\/blog\/concurso-dpe-sp-cargos-vagas\/"]}]},{"@type":"ImageObject","inLanguage":"pt-BR","@id":"https:\/\/www.estrategiaconcursos.com.br\/blog\/concurso-dpe-sp-cargos-vagas\/#primaryimage","url":"https:\/\/dhg1h5j42swfq.cloudfront.net\/2023\/04\/06071404\/captura-de-tela-2022-12-12-as-17-23-43-300x139-1.png","contentUrl":"https:\/\/dhg1h5j42swfq.cloudfront.net\/2023\/04\/06071404\/captura-de-tela-2022-12-12-as-17-23-43-300x139-1.png","width":300,"height":139},{"@type":"BreadcrumbList","@id":"https:\/\/www.estrategiaconcursos.com.br\/blog\/concurso-dpe-sp-cargos-vagas\/#breadcrumb","itemListElement":[{"@type":"ListItem","position":1,"name":"In\u00edcio","item":"https:\/\/www.estrategiaconcursos.com.br\/blog\/"},{"@type":"ListItem","position":2,"name":"Quais s\u00e3o os cargos e as vagas ofertadas no concurso DPE SP?"}]},{"@type":"WebSite","@id":"https:\/\/www.estrategiaconcursos.com.br\/blog\/#website","url":"https:\/\/www.estrategiaconcursos.com.br\/blog\/","name":"Estrat\u00e9gia Concursos","description":"O blog da Estrat\u00e9gia Concursos traz not\u00edcias sobre concursos e artigos de professores oferecendo cursos para concursos (pdf + videaulas) no site.","publisher":{"@id":"https:\/\/www.estrategiaconcursos.com.br\/blog\/#organization"},"potentialAction":[{"@type":"SearchAction","target":{"@type":"EntryPoint","urlTemplate":"https:\/\/www.estrategiaconcursos.com.br\/blog\/?s={search_term_string}"},"query-input":{"@type":"PropertyValueSpecification","valueRequired":true,"valueName":"search_term_string"}}],"inLanguage":"pt-BR"},{"@type":"Organization","@id":"https:\/\/www.estrategiaconcursos.com.br\/blog\/#organization","name":"Estrat\u00e9gia Concursos","url":"https:\/\/www.estrategiaconcursos.com.br\/blog\/","logo":{"@type":"ImageObject","inLanguage":"pt-BR","@id":"https:\/\/www.estrategiaconcursos.com.br\/blog\/#\/schema\/logo\/image\/","url":"https:\/\/dhg1h5j42swfq.cloudfront.net\/2025\/06\/03203428\/logo_concursos-1.jpg","contentUrl":"https:\/\/dhg1h5j42swfq.cloudfront.net\/2025\/06\/03203428\/logo_concursos-1.jpg","width":230,"height":60,"caption":"Estrat\u00e9gia Concursos"},"image":{"@id":"https:\/\/www.estrategiaconcursos.com.br\/blog\/#\/schema\/logo\/image\/"},"sameAs":["https:\/\/x.com\/EstratConcursos"]},{"@type":"Person","@id":"https:\/\/www.estrategiaconcursos.com.br\/blog\/#\/schema\/person\/a06e841e501f2e1d8c49c4e8f066bfd1","name":"Priscila Almeida","image":{"@type":"ImageObject","inLanguage":"pt-BR","@id":"https:\/\/secure.gravatar.com\/avatar\/0a963c9e2a947fa675b669cea2b5d0ba6dd1cbf46b966190343b6c9973ad3337?s=96&d=mm&r=g","url":"https:\/\/secure.gravatar.com\/avatar\/0a963c9e2a947fa675b669cea2b5d0ba6dd1cbf46b966190343b6c9973ad3337?s=96&d=mm&r=g","contentUrl":"https:\/\/secure.gravatar.com\/avatar\/0a963c9e2a947fa675b669cea2b5d0ba6dd1cbf46b966190343b6c9973ad3337?s=96&d=mm&r=g","caption":"Priscila Almeida"},"description":"Atua na \u00e1rea de concursos p\u00fablicos desde 2019. As editorias que mais t\u00eam familiaridade s\u00e3o: Tribunais (TJs; TRTs; TREs; TSTs; STJ, STF, STM e TSE); Defensorias; Minist\u00e9rios P\u00fablicos; Procuradorias; Educa\u00e7\u00e3o e Conselhos. Na \u00e1rea de comunica\u00e7\u00e3o, de maneira geral, a caminhada \u00e9 um pouco mais longa - desde 2007. Possui experi\u00eancia em reda\u00e7\u00f5es de r\u00e1dio, TV, Web e impresso, al\u00e9m de desenvolver trabalhos em assessorias de comunica\u00e7\u00e3o institucional, empresarial e p\u00fablicas. Entre outros trabalhos, se destacam a atua\u00e7\u00e3o nas \u00e1reas de Justi\u00e7a, Congresso, Esportes, Sa\u00fade, Agropecu\u00e1ria, Cidades e Avia\u00e7\u00e3o Civil.","url":"https:\/\/www.estrategiaconcursos.com.br\/blog\/author\/priscila-almeidaestrategia-com\/"}]}},"_links":{"self":[{"href":"https:\/\/www.estrategiaconcursos.com.br\/blog\/wp-json\/wp\/v2\/posts\/1200587","targetHints":{"allow":["GET"]}}],"collection":[{"href":"https:\/\/www.estrategiaconcursos.com.br\/blog\/wp-json\/wp\/v2\/posts"}],"about":[{"href":"https:\/\/www.estrategiaconcursos.com.br\/blog\/wp-json\/wp\/v2\/types\/post"}],"author":[{"embeddable":true,"href":"https:\/\/www.estrategiaconcursos.com.br\/blog\/wp-json\/wp\/v2\/users\/2375"}],"replies":[{"embeddable":true,"href":"https:\/\/www.estrategiaconcursos.com.br\/blog\/wp-json\/wp\/v2\/comments?post=1200587"}],"version-history":[{"count":2,"href":"https:\/\/www.estrategiaconcursos.com.br\/blog\/wp-json\/wp\/v2\/posts\/1200587\/revisions"}],"predecessor-version":[{"id":1200636,"href":"https:\/\/www.estrategiaconcursos.com.br\/blog\/wp-json\/wp\/v2\/posts\/1200587\/revisions\/1200636"}],"wp:featuredmedia":[{"embeddable":true,"href":"https:\/\/www.estrategiaconcursos.com.br\/blog\/wp-json\/wp\/v2\/media\/1198050"}],"wp:attachment":[{"href":"https:\/\/www.estrategiaconcursos.com.br\/blog\/wp-json\/wp\/v2\/media?parent=1200587"}],"wp:term":[{"taxonomy":"category","embeddable":true,"href":"https:\/\/www.estrategiaconcursos.com.br\/blog\/wp-json\/wp\/v2\/categories?post=1200587"},{"taxonomy":"post_tag","embeddable":true,"href":"https:\/\/www.estrategiaconcursos.com.br\/blog\/wp-json\/wp\/v2\/tags?post=1200587"},{"taxonomy":"tax_estado","embeddable":true,"href":"https:\/\/www.estrategiaconcursos.com.br\/blog\/wp-json\/wp\/v2\/tax_estado?post=1200587"}],"curies":[{"name":"wp","href":"https:\/\/api.w.org\/{rel}","templated":true}]}}