{"id":1200507,"date":"2023-04-12T13:54:18","date_gmt":"2023-04-12T16:54:18","guid":{"rendered":"https:\/\/www.estrategiaconcursos.com.br\/blog\/?p=1200507"},"modified":"2023-04-12T14:17:16","modified_gmt":"2023-04-12T17:17:16","slug":"governo-veta-privatizacao-de-estatais","status":"publish","type":"post","link":"https:\/\/www.estrategiaconcursos.com.br\/blog\/governo-veta-privatizacao-de-estatais\/","title":{"rendered":"Concursos Federais: governo veta privatiza\u00e7\u00e3o de estatais!"},"content":{"rendered":"\n<p>O atual governo vetou a privatiza\u00e7\u00e3o de sete empresas estatais. O presidente Lu\u00eds In\u00e1cio Lula da Silva retirou <strong>sete empresas do Programa Nacional de Desestatiza\u00e7\u00e3o (PND) e tr\u00eas do Programa de Parcerias de Investimentos (PPI). <\/strong><\/p>\n\n\n\n<p>A medida foi divulgada na \u00faltima quinta-feira, 06 de abril, em uma edi\u00e7\u00e3o extra do Di\u00e1rio Oficial da Uni\u00e3o. O atual presidente havia assinado um despacho, no dia de sua posse, revogando o processo de privatiza\u00e7\u00e3o de oito estatais.<\/p>\n\n\n\n<p>Com a medida do governo, foram sete empresas estatais retiradas do programa de privatiza\u00e7\u00e3o. Confira:<\/p>\n\n\n\n<ul class=\"wp-block-list\">\n<li>Empresa Brasileira de Correios e Tel\u00e9grafos (<a href=\"https:\/\/www.estrategiaconcursos.com.br\/blog\/concurso-correios\/\" target=\"_blank\" rel=\"noreferrer noopener\">Correios<\/a>);<\/li>\n\n\n\n<li>Empresa Brasil de Comunica\u00e7\u00e3o (EBC);<\/li>\n\n\n\n<li>Empresa de Tecnologia e Informa\u00e7\u00f5es da Previd\u00eancia (Dataprev);<\/li>\n\n\n\n<li>Nuclebr\u00e1s Equipamentos Pesados S.A. (Nuclep);<\/li>\n\n\n\n<li>Servi\u00e7o Federal de Processamento de Dados (<a href=\"https:\/\/www.estrategiaconcursos.com.br\/blog\/concurso-serpro\/\" target=\"_blank\" rel=\"noreferrer noopener\">Serpro<\/a>);<\/li>\n\n\n\n<li>Ag\u00eancia Brasileira Gestora de Fundos Garantidores e Garantias S.A. (ABGF);<\/li>\n\n\n\n<li>Centro Nacional de Tecnologia Eletr\u00f4nica Avan\u00e7ada S.A. (Ceitec).<\/li>\n<\/ul>\n\n\n\n<p>Al\u00e9m disso, o governo tamb\u00e9m revogou a qualifica\u00e7\u00e3o de tr\u00eas empresas que integram o Programa de Parcerias de Investimentos:<\/p>\n\n\n\n<ul class=\"wp-block-list\">\n<li>Armaz\u00e9ns e im\u00f3veis da Companhia Nacional de Abastecimento (Conab)<\/li>\n\n\n\n<li>Empresa Brasileira de Administra\u00e7\u00e3o de Petr\u00f3leo e G\u00e1s Natural S.A. (PPSA)<\/li>\n\n\n\n<li>Telecomunica\u00e7\u00f5es Brasileiras S.A. (<a href=\"https:\/\/www.estrategiaconcursos.com.br\/blog\/concurso-telebras\/\" target=\"_blank\" rel=\"noreferrer noopener\">Telebras<\/a>)<\/li>\n<\/ul>\n\n\n\n<p>Vale lembrar que algumas estatais, como os Correios, j\u00e1 haviam tido suas privatiza\u00e7\u00f5es parcialmente aprovadas pela C\u00e2mara dos Deputados, mas aguardavam decis\u00e3o do Senado.&nbsp;<\/p>\n\n\n\n<p>Com a retirada dessas empresas dos programas de privatiza\u00e7\u00e3o, as estatais <strong>devem seguir contratando<\/strong> atrav\u00e9s de <strong>concursos p\u00fablicos<\/strong>. Vale ressaltar que, ainda em abril, a Serpro publicar\u00e1 edital com\u00a0600 vagas para Analista de Tecnologia.<\/p>\n\n\n\n<p class=\"has-text-align-center\"><em>Para ficar por dentro de todas as informa\u00e7\u00f5es sobre os novos concurso federais, n\u00e3o deixe de conferir nosso artigo completo:<\/em><\/p>\n\n\n\n<p class=\"has-text-align-center has-background\" style=\"background-color:#ecf5fd;font-size:clamp(14.642px, 0.915rem + ((1vw - 3.2px) * 0.721), 22px);\"><a href=\"https:\/\/www.estrategiaconcursos.com.br\/blog\/concursos-federais-2023\/\" target=\"_blank\" rel=\"noreferrer noopener\"><strong>Veja os principais concursos federais previstos para esse ano!<\/strong><\/a><\/p>\n\n\n\n<hr class=\"wp-block-separator has-alpha-channel-opacity\"\/>\n\n\n\n<p class=\"has-text-align-center\"><strong>Assinatura Vital\u00edcia:&nbsp;<\/strong>esta \u00e9 a sua chance de obter acesso ao material l\u00edder absoluto em aprova\u00e7\u00f5es, para vida toda, e transformar completamente a sua realidade:<\/p>\n\n\n\n<figure class=\"wp-block-image aligncenter\"><a href=\"https:\/\/www.estrategiaconcursos.com.br\/promocoes\/vitalicia?utm_source=banner&amp;utm_medium=banner&amp;utm_campaign=ec-ge-vd-banner-assinaturavitalicia-semesp-030423\" target=\"_blank\" rel=\"noreferrer noopener\"><img loading=\"lazy\" decoding=\"async\" width=\"1024\" height=\"326\" src=\"https:\/\/dhg1h5j42swfq.cloudfront.net\/2023\/04\/03142029\/image-9-1024x326.png\" alt=\"Banner Assinatura Vital\u00edcia Estrat\u00e9gia Concursos 2023\" class=\"wp-image-1196121\" srcset=\"https:\/\/dhg1h5j42swfq.cloudfront.net\/2023\/04\/03142029\/image-9-1024x326.png 1024w, https:\/\/dhg1h5j42swfq.cloudfront.net\/2023\/04\/03142029\/image-9-300x96.png 300w, https:\/\/dhg1h5j42swfq.cloudfront.net\/2023\/04\/03142029\/image-9-768x245.png 768w, https:\/\/dhg1h5j42swfq.cloudfront.net\/2023\/04\/03142029\/image-9-610x194.png 610w, https:\/\/dhg1h5j42swfq.cloudfront.net\/2023\/04\/03142029\/image-9-150x48.png 150w, https:\/\/dhg1h5j42swfq.cloudfront.net\/2023\/04\/03142029\/image-9.png 1418w\" sizes=\"auto, (max-width: 1024px) 100vw, 1024px\" \/><\/a><figcaption class=\"wp-element-caption\"><a href=\"https:\/\/estrategiaconcursos.com.br\/promocoes\/assinaturas\" target=\"_blank\" rel=\"noreferrer noopener\">Assinatura Vital\u00edcia \u2013 Lote 1 at\u00e9 17\/04<\/a><\/figcaption><\/figure>\n\n\n\n<h2 class=\"wp-block-heading has-text-align-center\" id=\"h-quer-saber-tudo-sobre-concursos-previstos-confira-nossos-artigos\">Quer saber tudo sobre concursos previstos?<br \/>Confira nossos artigos!<\/h2>\n\n\n\n<ul class=\"wp-block-list\">\n<li><a href=\"https:\/\/www.estrategiaconcursos.com.br\/blog\/concursos-abertos\/\" target=\"_blank\" rel=\"noreferrer noopener\">Concursos abertos<\/a><\/li>\n\n\n\n<li><a href=\"https:\/\/www.estrategiaconcursos.com.br\/blog\/concursos-2023\/\" target=\"_blank\" rel=\"noreferrer noopener\">Concursos 2023<\/a><\/li>\n<\/ul>\n","protected":false},"excerpt":{"rendered":"<p>O atual governo vetou a privatiza\u00e7\u00e3o de sete empresas estatais. O presidente Lu\u00eds In\u00e1cio Lula da Silva retirou sete empresas do Programa Nacional de Desestatiza\u00e7\u00e3o (PND) e tr\u00eas do Programa de Parcerias de Investimentos (PPI). A medida foi divulgada na \u00faltima quinta-feira, 06 de abril, em uma edi\u00e7\u00e3o extra do Di\u00e1rio Oficial da Uni\u00e3o. O [&hellip;]<\/p>\n","protected":false},"author":2496,"featured_media":916425,"comment_status":"open","ping_status":"closed","sticky":false,"template":"","format":"standard","meta":{"post_tipo":"news","footnotes":""},"categories":[1,220219],"tags":[],"tax_estado":[219963],"class_list":["post-1200507","post","type-post","status-publish","format-standard","has-post-thumbnail","hentry","category-cursos-e-concursos","category-noticias","tax_estado-concursos-federais"],"acf":[],"yoast_head":"<!-- This site is optimized with the Yoast SEO Premium plugin v27.2 (Yoast SEO v27.2) - https:\/\/yoast.com\/product\/yoast-seo-premium-wordpress\/ -->\n<title>Concursos Federais: governo veta privatiza\u00e7\u00e3o de estatais!<\/title>\n<meta name=\"description\" content=\"O atual Governo divulgou a retirada de empresas estatais do plano de privatiza\u00e7\u00e3o. Acesse e confira os detalhes!\" \/>\n<meta name=\"robots\" content=\"index, follow, max-snippet:-1, max-image-preview:large, max-video-preview:-1\" \/>\n<link rel=\"canonical\" href=\"https:\/\/www.estrategiaconcursos.com.br\/blog\/governo-veta-privatizacao-de-estatais\/\" \/>\n<meta property=\"og:locale\" content=\"pt_BR\" \/>\n<meta property=\"og:type\" content=\"article\" \/>\n<meta property=\"og:title\" content=\"Concursos Federais: governo veta privatiza\u00e7\u00e3o de estatais!\" \/>\n<meta property=\"og:description\" content=\"O atual Governo divulgou a retirada de empresas estatais do plano de privatiza\u00e7\u00e3o. Acesse e confira os detalhes!\" \/>\n<meta property=\"og:url\" content=\"https:\/\/www.estrategiaconcursos.com.br\/blog\/governo-veta-privatizacao-de-estatais\/\" \/>\n<meta property=\"og:site_name\" content=\"Estrat\u00e9gia Concursos\" \/>\n<meta property=\"article:published_time\" content=\"2023-04-12T16:54:18+00:00\" \/>\n<meta property=\"article:modified_time\" content=\"2023-04-12T17:17:16+00:00\" \/>\n<meta property=\"og:image\" content=\"https:\/\/dhg1h5j42swfq.cloudfront.net\/2021\/11\/25152046\/concursos-federais.jpg\" \/>\n\t<meta property=\"og:image:width\" content=\"1200\" \/>\n\t<meta property=\"og:image:height\" content=\"629\" \/>\n\t<meta property=\"og:image:type\" content=\"image\/jpeg\" \/>\n<meta name=\"author\" content=\"Lu\u00eds Henrique Koliski Taguchi\" \/>\n<meta name=\"twitter:card\" content=\"summary_large_image\" \/>\n<meta name=\"twitter:creator\" content=\"@EstratConcursos\" \/>\n<meta name=\"twitter:site\" content=\"@EstratConcursos\" \/>\n<meta name=\"twitter:label1\" content=\"Escrito por\" \/>\n\t<meta name=\"twitter:data1\" content=\"Lu\u00eds Henrique Koliski Taguchi\" \/>\n\t<meta name=\"twitter:label2\" content=\"Est. tempo de leitura\" \/>\n\t<meta name=\"twitter:data2\" content=\"2 minutos\" \/>\n<script type=\"application\/ld+json\" class=\"yoast-schema-graph\">{\"@context\":\"https:\/\/schema.org\",\"@graph\":[{\"@type\":\"NewsArticle\",\"@id\":\"https:\/\/www.estrategiaconcursos.com.br\/blog\/governo-veta-privatizacao-de-estatais\/#article\",\"isPartOf\":{\"@id\":\"https:\/\/www.estrategiaconcursos.com.br\/blog\/governo-veta-privatizacao-de-estatais\/\"},\"author\":{\"name\":\"Lu\u00eds Henrique Koliski Taguchi\",\"@id\":\"https:\/\/www.estrategiaconcursos.com.br\/blog\/#\/schema\/person\/4796f784535bea69338c17360e24ca86\"},\"headline\":\"Concursos Federais: governo veta privatiza\u00e7\u00e3o de estatais!\",\"datePublished\":\"2023-04-12T16:54:18+00:00\",\"dateModified\":\"2023-04-12T17:17:16+00:00\",\"mainEntityOfPage\":{\"@id\":\"https:\/\/www.estrategiaconcursos.com.br\/blog\/governo-veta-privatizacao-de-estatais\/\"},\"wordCount\":364,\"commentCount\":0,\"publisher\":{\"@id\":\"https:\/\/www.estrategiaconcursos.com.br\/blog\/#organization\"},\"image\":{\"@id\":\"https:\/\/www.estrategiaconcursos.com.br\/blog\/governo-veta-privatizacao-de-estatais\/#primaryimage\"},\"thumbnailUrl\":\"https:\/\/dhg1h5j42swfq.cloudfront.net\/2021\/11\/25152046\/concursos-federais.jpg\",\"articleSection\":[\"Concursos P\u00fablicos\",\"\u00daltimas not\u00edcias\"],\"inLanguage\":\"pt-BR\",\"potentialAction\":[{\"@type\":\"CommentAction\",\"name\":\"Comment\",\"target\":[\"https:\/\/www.estrategiaconcursos.com.br\/blog\/governo-veta-privatizacao-de-estatais\/#respond\"]}],\"copyrightYear\":\"2023\",\"copyrightHolder\":{\"@id\":\"https:\/\/www.estrategiaconcursos.com.br\/blog\/#organization\"}},{\"@type\":\"WebPage\",\"@id\":\"https:\/\/www.estrategiaconcursos.com.br\/blog\/governo-veta-privatizacao-de-estatais\/\",\"url\":\"https:\/\/www.estrategiaconcursos.com.br\/blog\/governo-veta-privatizacao-de-estatais\/\",\"name\":\"Concursos Federais: governo veta privatiza\u00e7\u00e3o de estatais!\",\"isPartOf\":{\"@id\":\"https:\/\/www.estrategiaconcursos.com.br\/blog\/#website\"},\"primaryImageOfPage\":{\"@id\":\"https:\/\/www.estrategiaconcursos.com.br\/blog\/governo-veta-privatizacao-de-estatais\/#primaryimage\"},\"image\":{\"@id\":\"https:\/\/www.estrategiaconcursos.com.br\/blog\/governo-veta-privatizacao-de-estatais\/#primaryimage\"},\"thumbnailUrl\":\"https:\/\/dhg1h5j42swfq.cloudfront.net\/2021\/11\/25152046\/concursos-federais.jpg\",\"datePublished\":\"2023-04-12T16:54:18+00:00\",\"dateModified\":\"2023-04-12T17:17:16+00:00\",\"description\":\"O atual Governo divulgou a retirada de empresas estatais do plano de privatiza\u00e7\u00e3o. Acesse e confira os detalhes!\",\"breadcrumb\":{\"@id\":\"https:\/\/www.estrategiaconcursos.com.br\/blog\/governo-veta-privatizacao-de-estatais\/#breadcrumb\"},\"inLanguage\":\"pt-BR\",\"potentialAction\":[{\"@type\":\"ReadAction\",\"target\":[\"https:\/\/www.estrategiaconcursos.com.br\/blog\/governo-veta-privatizacao-de-estatais\/\"]}]},{\"@type\":\"ImageObject\",\"inLanguage\":\"pt-BR\",\"@id\":\"https:\/\/www.estrategiaconcursos.com.br\/blog\/governo-veta-privatizacao-de-estatais\/#primaryimage\",\"url\":\"https:\/\/dhg1h5j42swfq.cloudfront.net\/2021\/11\/25152046\/concursos-federais.jpg\",\"contentUrl\":\"https:\/\/dhg1h5j42swfq.cloudfront.net\/2021\/11\/25152046\/concursos-federais.jpg\",\"width\":1200,\"height\":629,\"caption\":\"Concursos Federais convoca\u00e7\u00f5es\"},{\"@type\":\"BreadcrumbList\",\"@id\":\"https:\/\/www.estrategiaconcursos.com.br\/blog\/governo-veta-privatizacao-de-estatais\/#breadcrumb\",\"itemListElement\":[{\"@type\":\"ListItem\",\"position\":1,\"name\":\"In\u00edcio\",\"item\":\"https:\/\/www.estrategiaconcursos.com.br\/blog\/\"},{\"@type\":\"ListItem\",\"position\":2,\"name\":\"Concursos Federais: governo veta privatiza\u00e7\u00e3o de estatais!\"}]},{\"@type\":\"WebSite\",\"@id\":\"https:\/\/www.estrategiaconcursos.com.br\/blog\/#website\",\"url\":\"https:\/\/www.estrategiaconcursos.com.br\/blog\/\",\"name\":\"Estrat\u00e9gia Concursos\",\"description\":\"O blog da Estrat\u00e9gia Concursos traz not\u00edcias sobre concursos e artigos de professores oferecendo cursos para concursos (pdf + videaulas) no site.\",\"publisher\":{\"@id\":\"https:\/\/www.estrategiaconcursos.com.br\/blog\/#organization\"},\"potentialAction\":[{\"@type\":\"SearchAction\",\"target\":{\"@type\":\"EntryPoint\",\"urlTemplate\":\"https:\/\/www.estrategiaconcursos.com.br\/blog\/?s={search_term_string}\"},\"query-input\":{\"@type\":\"PropertyValueSpecification\",\"valueRequired\":true,\"valueName\":\"search_term_string\"}}],\"inLanguage\":\"pt-BR\"},{\"@type\":\"Organization\",\"@id\":\"https:\/\/www.estrategiaconcursos.com.br\/blog\/#organization\",\"name\":\"Estrat\u00e9gia Concursos\",\"url\":\"https:\/\/www.estrategiaconcursos.com.br\/blog\/\",\"logo\":{\"@type\":\"ImageObject\",\"inLanguage\":\"pt-BR\",\"@id\":\"https:\/\/www.estrategiaconcursos.com.br\/blog\/#\/schema\/logo\/image\/\",\"url\":\"https:\/\/dhg1h5j42swfq.cloudfront.net\/2025\/06\/03203428\/logo_concursos-1.jpg\",\"contentUrl\":\"https:\/\/dhg1h5j42swfq.cloudfront.net\/2025\/06\/03203428\/logo_concursos-1.jpg\",\"width\":230,\"height\":60,\"caption\":\"Estrat\u00e9gia Concursos\"},\"image\":{\"@id\":\"https:\/\/www.estrategiaconcursos.com.br\/blog\/#\/schema\/logo\/image\/\"},\"sameAs\":[\"https:\/\/x.com\/EstratConcursos\"]},{\"@type\":\"Person\",\"@id\":\"https:\/\/www.estrategiaconcursos.com.br\/blog\/#\/schema\/person\/4796f784535bea69338c17360e24ca86\",\"name\":\"Lu\u00eds Henrique Koliski Taguchi\",\"image\":{\"@type\":\"ImageObject\",\"inLanguage\":\"pt-BR\",\"@id\":\"https:\/\/secure.gravatar.com\/avatar\/cd45137551650332231b9b3d541d08c1f24718112f052488ba1ea66ad0f57c9c?s=96&d=mm&r=g\",\"url\":\"https:\/\/secure.gravatar.com\/avatar\/cd45137551650332231b9b3d541d08c1f24718112f052488ba1ea66ad0f57c9c?s=96&d=mm&r=g\",\"contentUrl\":\"https:\/\/secure.gravatar.com\/avatar\/cd45137551650332231b9b3d541d08c1f24718112f052488ba1ea66ad0f57c9c?s=96&d=mm&r=g\",\"caption\":\"Lu\u00eds Henrique Koliski Taguchi\"},\"url\":\"https:\/\/www.estrategiaconcursos.com.br\/blog\/author\/luis-taguchiestrategia-com\/\"}]}<\/script>\n<!-- \/ Yoast SEO Premium plugin. -->","yoast_head_json":{"title":"Concursos Federais: governo veta privatiza\u00e7\u00e3o de estatais!","description":"O atual Governo divulgou a retirada de empresas estatais do plano de privatiza\u00e7\u00e3o. Acesse e confira os detalhes!","robots":{"index":"index","follow":"follow","max-snippet":"max-snippet:-1","max-image-preview":"max-image-preview:large","max-video-preview":"max-video-preview:-1"},"canonical":"https:\/\/www.estrategiaconcursos.com.br\/blog\/governo-veta-privatizacao-de-estatais\/","og_locale":"pt_BR","og_type":"article","og_title":"Concursos Federais: governo veta privatiza\u00e7\u00e3o de estatais!","og_description":"O atual Governo divulgou a retirada de empresas estatais do plano de privatiza\u00e7\u00e3o. Acesse e confira os detalhes!","og_url":"https:\/\/www.estrategiaconcursos.com.br\/blog\/governo-veta-privatizacao-de-estatais\/","og_site_name":"Estrat\u00e9gia Concursos","article_published_time":"2023-04-12T16:54:18+00:00","article_modified_time":"2023-04-12T17:17:16+00:00","og_image":[{"width":1200,"height":629,"url":"https:\/\/dhg1h5j42swfq.cloudfront.net\/2021\/11\/25152046\/concursos-federais.jpg","type":"image\/jpeg"}],"author":"Lu\u00eds Henrique Koliski Taguchi","twitter_card":"summary_large_image","twitter_creator":"@EstratConcursos","twitter_site":"@EstratConcursos","twitter_misc":{"Escrito por":"Lu\u00eds Henrique Koliski Taguchi","Est. tempo de leitura":"2 minutos"},"schema":{"@context":"https:\/\/schema.org","@graph":[{"@type":"NewsArticle","@id":"https:\/\/www.estrategiaconcursos.com.br\/blog\/governo-veta-privatizacao-de-estatais\/#article","isPartOf":{"@id":"https:\/\/www.estrategiaconcursos.com.br\/blog\/governo-veta-privatizacao-de-estatais\/"},"author":{"name":"Lu\u00eds Henrique Koliski Taguchi","@id":"https:\/\/www.estrategiaconcursos.com.br\/blog\/#\/schema\/person\/4796f784535bea69338c17360e24ca86"},"headline":"Concursos Federais: governo veta privatiza\u00e7\u00e3o de estatais!","datePublished":"2023-04-12T16:54:18+00:00","dateModified":"2023-04-12T17:17:16+00:00","mainEntityOfPage":{"@id":"https:\/\/www.estrategiaconcursos.com.br\/blog\/governo-veta-privatizacao-de-estatais\/"},"wordCount":364,"commentCount":0,"publisher":{"@id":"https:\/\/www.estrategiaconcursos.com.br\/blog\/#organization"},"image":{"@id":"https:\/\/www.estrategiaconcursos.com.br\/blog\/governo-veta-privatizacao-de-estatais\/#primaryimage"},"thumbnailUrl":"https:\/\/dhg1h5j42swfq.cloudfront.net\/2021\/11\/25152046\/concursos-federais.jpg","articleSection":["Concursos P\u00fablicos","\u00daltimas not\u00edcias"],"inLanguage":"pt-BR","potentialAction":[{"@type":"CommentAction","name":"Comment","target":["https:\/\/www.estrategiaconcursos.com.br\/blog\/governo-veta-privatizacao-de-estatais\/#respond"]}],"copyrightYear":"2023","copyrightHolder":{"@id":"https:\/\/www.estrategiaconcursos.com.br\/blog\/#organization"}},{"@type":"WebPage","@id":"https:\/\/www.estrategiaconcursos.com.br\/blog\/governo-veta-privatizacao-de-estatais\/","url":"https:\/\/www.estrategiaconcursos.com.br\/blog\/governo-veta-privatizacao-de-estatais\/","name":"Concursos Federais: governo veta privatiza\u00e7\u00e3o de estatais!","isPartOf":{"@id":"https:\/\/www.estrategiaconcursos.com.br\/blog\/#website"},"primaryImageOfPage":{"@id":"https:\/\/www.estrategiaconcursos.com.br\/blog\/governo-veta-privatizacao-de-estatais\/#primaryimage"},"image":{"@id":"https:\/\/www.estrategiaconcursos.com.br\/blog\/governo-veta-privatizacao-de-estatais\/#primaryimage"},"thumbnailUrl":"https:\/\/dhg1h5j42swfq.cloudfront.net\/2021\/11\/25152046\/concursos-federais.jpg","datePublished":"2023-04-12T16:54:18+00:00","dateModified":"2023-04-12T17:17:16+00:00","description":"O atual Governo divulgou a retirada de empresas estatais do plano de privatiza\u00e7\u00e3o. Acesse e confira os detalhes!","breadcrumb":{"@id":"https:\/\/www.estrategiaconcursos.com.br\/blog\/governo-veta-privatizacao-de-estatais\/#breadcrumb"},"inLanguage":"pt-BR","potentialAction":[{"@type":"ReadAction","target":["https:\/\/www.estrategiaconcursos.com.br\/blog\/governo-veta-privatizacao-de-estatais\/"]}]},{"@type":"ImageObject","inLanguage":"pt-BR","@id":"https:\/\/www.estrategiaconcursos.com.br\/blog\/governo-veta-privatizacao-de-estatais\/#primaryimage","url":"https:\/\/dhg1h5j42swfq.cloudfront.net\/2021\/11\/25152046\/concursos-federais.jpg","contentUrl":"https:\/\/dhg1h5j42swfq.cloudfront.net\/2021\/11\/25152046\/concursos-federais.jpg","width":1200,"height":629,"caption":"Concursos Federais convoca\u00e7\u00f5es"},{"@type":"BreadcrumbList","@id":"https:\/\/www.estrategiaconcursos.com.br\/blog\/governo-veta-privatizacao-de-estatais\/#breadcrumb","itemListElement":[{"@type":"ListItem","position":1,"name":"In\u00edcio","item":"https:\/\/www.estrategiaconcursos.com.br\/blog\/"},{"@type":"ListItem","position":2,"name":"Concursos Federais: governo veta privatiza\u00e7\u00e3o de estatais!"}]},{"@type":"WebSite","@id":"https:\/\/www.estrategiaconcursos.com.br\/blog\/#website","url":"https:\/\/www.estrategiaconcursos.com.br\/blog\/","name":"Estrat\u00e9gia Concursos","description":"O blog da Estrat\u00e9gia Concursos traz not\u00edcias sobre concursos e artigos de professores oferecendo cursos para concursos (pdf + videaulas) no site.","publisher":{"@id":"https:\/\/www.estrategiaconcursos.com.br\/blog\/#organization"},"potentialAction":[{"@type":"SearchAction","target":{"@type":"EntryPoint","urlTemplate":"https:\/\/www.estrategiaconcursos.com.br\/blog\/?s={search_term_string}"},"query-input":{"@type":"PropertyValueSpecification","valueRequired":true,"valueName":"search_term_string"}}],"inLanguage":"pt-BR"},{"@type":"Organization","@id":"https:\/\/www.estrategiaconcursos.com.br\/blog\/#organization","name":"Estrat\u00e9gia Concursos","url":"https:\/\/www.estrategiaconcursos.com.br\/blog\/","logo":{"@type":"ImageObject","inLanguage":"pt-BR","@id":"https:\/\/www.estrategiaconcursos.com.br\/blog\/#\/schema\/logo\/image\/","url":"https:\/\/dhg1h5j42swfq.cloudfront.net\/2025\/06\/03203428\/logo_concursos-1.jpg","contentUrl":"https:\/\/dhg1h5j42swfq.cloudfront.net\/2025\/06\/03203428\/logo_concursos-1.jpg","width":230,"height":60,"caption":"Estrat\u00e9gia Concursos"},"image":{"@id":"https:\/\/www.estrategiaconcursos.com.br\/blog\/#\/schema\/logo\/image\/"},"sameAs":["https:\/\/x.com\/EstratConcursos"]},{"@type":"Person","@id":"https:\/\/www.estrategiaconcursos.com.br\/blog\/#\/schema\/person\/4796f784535bea69338c17360e24ca86","name":"Lu\u00eds Henrique Koliski Taguchi","image":{"@type":"ImageObject","inLanguage":"pt-BR","@id":"https:\/\/secure.gravatar.com\/avatar\/cd45137551650332231b9b3d541d08c1f24718112f052488ba1ea66ad0f57c9c?s=96&d=mm&r=g","url":"https:\/\/secure.gravatar.com\/avatar\/cd45137551650332231b9b3d541d08c1f24718112f052488ba1ea66ad0f57c9c?s=96&d=mm&r=g","contentUrl":"https:\/\/secure.gravatar.com\/avatar\/cd45137551650332231b9b3d541d08c1f24718112f052488ba1ea66ad0f57c9c?s=96&d=mm&r=g","caption":"Lu\u00eds Henrique Koliski Taguchi"},"url":"https:\/\/www.estrategiaconcursos.com.br\/blog\/author\/luis-taguchiestrategia-com\/"}]}},"_links":{"self":[{"href":"https:\/\/www.estrategiaconcursos.com.br\/blog\/wp-json\/wp\/v2\/posts\/1200507","targetHints":{"allow":["GET"]}}],"collection":[{"href":"https:\/\/www.estrategiaconcursos.com.br\/blog\/wp-json\/wp\/v2\/posts"}],"about":[{"href":"https:\/\/www.estrategiaconcursos.com.br\/blog\/wp-json\/wp\/v2\/types\/post"}],"author":[{"embeddable":true,"href":"https:\/\/www.estrategiaconcursos.com.br\/blog\/wp-json\/wp\/v2\/users\/2496"}],"replies":[{"embeddable":true,"href":"https:\/\/www.estrategiaconcursos.com.br\/blog\/wp-json\/wp\/v2\/comments?post=1200507"}],"version-history":[{"count":5,"href":"https:\/\/www.estrategiaconcursos.com.br\/blog\/wp-json\/wp\/v2\/posts\/1200507\/revisions"}],"predecessor-version":[{"id":1200559,"href":"https:\/\/www.estrategiaconcursos.com.br\/blog\/wp-json\/wp\/v2\/posts\/1200507\/revisions\/1200559"}],"wp:featuredmedia":[{"embeddable":true,"href":"https:\/\/www.estrategiaconcursos.com.br\/blog\/wp-json\/wp\/v2\/media\/916425"}],"wp:attachment":[{"href":"https:\/\/www.estrategiaconcursos.com.br\/blog\/wp-json\/wp\/v2\/media?parent=1200507"}],"wp:term":[{"taxonomy":"category","embeddable":true,"href":"https:\/\/www.estrategiaconcursos.com.br\/blog\/wp-json\/wp\/v2\/categories?post=1200507"},{"taxonomy":"post_tag","embeddable":true,"href":"https:\/\/www.estrategiaconcursos.com.br\/blog\/wp-json\/wp\/v2\/tags?post=1200507"},{"taxonomy":"tax_estado","embeddable":true,"href":"https:\/\/www.estrategiaconcursos.com.br\/blog\/wp-json\/wp\/v2\/tax_estado?post=1200507"}],"curies":[{"name":"wp","href":"https:\/\/api.w.org\/{rel}","templated":true}]}}