{"id":1200404,"date":"2023-04-12T10:10:13","date_gmt":"2023-04-12T13:10:13","guid":{"rendered":"https:\/\/www.estrategiaconcursos.com.br\/blog\/?p=1200404"},"modified":"2023-04-12T10:10:20","modified_gmt":"2023-04-12T13:10:20","slug":"concurso-tj-mg-resultado-preliminar-discursiva","status":"publish","type":"post","link":"https:\/\/www.estrategiaconcursos.com.br\/blog\/concurso-tj-mg-resultado-preliminar-discursiva\/","title":{"rendered":"Concurso TJ MG: confira o resultado preliminar da discursiva!"},"content":{"rendered":"\n<p>Foi publicado o resultado preliminar da etapa de prova discursiva do concurso do <a href=\"https:\/\/www.estrategiaconcursos.com.br\/cursosPorConcurso\/tj-mg\/\" target=\"_blank\" rel=\"noreferrer noopener\">Tribunal de Justi\u00e7a de Minas Gerais<\/a> (<strong>TJ MG<\/strong>)!<\/p>\n\n\n\n<p>O certame oferta <strong>284 <\/strong>vagas, al\u00e9m de forma\u00e7\u00e3o de cadastro de reserva, para Oficial Judici\u00e1rio e Analista Judici\u00e1rio, de n\u00edveis m\u00e9dio e superior, com sal\u00e1rios iniciais de de R$ 3.264,9 a R$ 5.113,09.<\/p>\n\n\n\n<p>A etapa discursiva foi aplicada apenas para os candidatos aos cargos de n\u00edvel superior de escolaridade, e foi composta de:<\/p>\n\n\n\n<ul class=\"wp-block-list\">\n<li>Texto dissertativo abordando tema de conhecimento espec\u00edfico para as especialidades de Analista Judici\u00e1rio e Bibliotec\u00e1rio.<\/li>\n\n\n\n<li>Estudo de caso para as especialidades de Administrador, Analista de Tecnologia da Informa\u00e7\u00e3o, Assistente Social, Contador, Enfermeiro, Engenheiro Civil, Engenheiro Eletricista, Engenheiro Mec\u00e2nico, M\u00e9dico, Psic\u00f3logo e Revisor Judici\u00e1rio.<\/li>\n<\/ul>\n\n\n\n<p>Confira abaixo o resultado!<\/p>\n\n\n\n<h3 class=\"wp-block-heading has-text-align-center\"><strong><a href=\"https:\/\/dhg1h5j42swfq.cloudfront.net\/2023\/04\/12100308\/listaspreliminaresdiscursiva_laksdlakdla.pdf\" target=\"_blank\" rel=\"noreferrer noopener nofollow\">Resultado preliminar discursiva &#8211; concurso TJ MG<\/a><\/strong><\/h3>\n\n\n\n<p>Agora, os interessados em interpor recursos contra o resultado dever\u00e3o faz\u00ea-lo atrav\u00e9s do site da banca organizadora do certame, IBFC, entre os dias 17 e 18 de abril de 2023.<\/p>\n\n\n\n<h3 class=\"wp-block-heading\" id=\"nivel-superior\">Concurso TJ MG: cargos, vagas e requisitos<\/h3>\n\n\n\n<h3 class=\"wp-block-heading\" id=\"nivel-superior\">N\u00edvel superior<\/h3>\n\n\n\n<figure class=\"wp-block-table is-style-stripes\"><table class=\"has-fixed-layout\"><tbody><tr><td class=\"has-text-align-center\" data-align=\"center\"><strong>Cargo<\/strong><\/td><td class=\"has-text-align-center\" data-align=\"center\"><strong>Especialidade<\/strong><\/td><td class=\"has-text-align-center\" data-align=\"center\">Vagas<\/td><td class=\"has-text-align-center\" data-align=\"center\"><strong>Requisitos<\/strong><\/td><\/tr><tr><td class=\"has-text-align-center\" data-align=\"center\">Analista Judici\u00e1rio (Classe C)<\/td><td class=\"has-text-align-center\" data-align=\"center\">Administrador<\/td><td class=\"has-text-align-center\" data-align=\"center\">01<\/td><td class=\"has-text-align-center\" data-align=\"center\">Gradua\u00e7\u00e3o em curso de n\u00edvel superior de Administra\u00e7\u00e3o,<br \/>Administra\u00e7\u00e3o ou Gest\u00e3o P\u00fablica, reconhecido por \u00f3rg\u00e3o governamental competente, e registro e\/ou inscri\u00e7\u00e3o profissional na entidade de classe da categoria, se for o caso<\/td><\/tr><tr><td class=\"has-text-align-center\" data-align=\"center\"> Analista Judici\u00e1rio (Classe C) <\/td><td class=\"has-text-align-center\" data-align=\"center\">Analista de Tecnologia da<br \/>Informa\u00e7\u00e3o<\/td><td class=\"has-text-align-center\" data-align=\"center\">08<\/td><td class=\"has-text-align-center\" data-align=\"center\">Gradua\u00e7\u00e3o em curso superior na \u00e1rea de Tecnologia da<br \/>Informa\u00e7\u00e3o, reconhecido por \u00f3rg\u00e3o governamental competente, com registro e\/ou inscri\u00e7\u00e3o profissional na entidade de classe da<br \/>categoria, se for o caso. Atua\u00e7\u00e3o<br \/>m\u00ednima de 2 anos na<br \/>\u00e1rea de Tecnologia da Informa\u00e7\u00e3o<\/td><\/tr><tr><td class=\"has-text-align-center\" data-align=\"center\"> <a href=\"https:\/\/www.estrategiaconcursos.com.br\/curso\/tj-mg-analista-judiciario-analista-judiciario-pacote-2022-pos-edital\/\" target=\"_blank\" rel=\"noreferrer noopener\"> Analista Judici\u00e1rio (Classe C)<\/a><\/td><td class=\"has-text-align-center\" data-align=\"center\">Analista Judici\u00e1rio<\/td><td class=\"has-text-align-center\" data-align=\"center\">69<\/td><td class=\"has-text-align-center\" data-align=\"center\">Gradua\u00e7\u00e3o em curso de n\u00edvel superior de Direito, reconhecido por<br \/>\u00f3rg\u00e3o governamental competente<\/td><\/tr><tr><td class=\"has-text-align-center\" data-align=\"center\">  Analista Judici\u00e1rio (Classe C) <\/td><td class=\"has-text-align-center\" data-align=\"center\">Assistente Social<\/td><td class=\"has-text-align-center\" data-align=\"center\">105<\/td><td class=\"has-text-align-center\" data-align=\"center\">Gradua\u00e7\u00e3o em curso de n\u00edvel superior de Servi\u00e7o Social,<br \/>reconhecido por \u00f3rg\u00e3o governamental competente, e registro e\/ou inscri\u00e7\u00e3o profissional na entidade de classe da categoria<\/td><\/tr><tr><td class=\"has-text-align-center\" data-align=\"center\">  Analista Judici\u00e1rio (Classe C) <\/td><td class=\"has-text-align-center\" data-align=\"center\">Bibliotec\u00e1rio<\/td><td class=\"has-text-align-center\" data-align=\"center\">02<\/td><td class=\"has-text-align-center\" data-align=\"center\">Gradua\u00e7\u00e3o em curso de n\u00edvel superior de Biblioteconomia,<br \/>reconhecido por \u00f3rg\u00e3o governamental competente, e registro e\/ou inscri\u00e7\u00e3o profissional na entidade de classe da categoria, se for o caso.<\/td><\/tr><tr><td class=\"has-text-align-center\" data-align=\"center\">  Analista Judici\u00e1rio (Classe C) <\/td><td class=\"has-text-align-center\" data-align=\"center\">Contador<\/td><td class=\"has-text-align-center\" data-align=\"center\">01<\/td><td class=\"has-text-align-center\" data-align=\"center\">Gradua\u00e7\u00e3o em curso de n\u00edvel superior de Ci\u00eancias Cont\u00e1beis,<br \/>reconhecido por \u00f3rg\u00e3o governamental competente, e registro e\/ou inscri\u00e7\u00e3o profissional na entidade de classe da categoria, se for o caso<\/td><\/tr><tr><td class=\"has-text-align-center\" data-align=\"center\">  Analista Judici\u00e1rio (Classe C) <\/td><td class=\"has-text-align-center\" data-align=\"center\">Enfermeiro<\/td><td class=\"has-text-align-center\" data-align=\"center\">01<\/td><td class=\"has-text-align-center\" data-align=\"center\">Gradua\u00e7\u00e3o em curso de n\u00edvel superior de Enfermagem, reconhecido por \u00f3rg\u00e3o governamental competente, e registro e\/ou inscri\u00e7\u00e3o profissional na entidade de classe da categoria, se for o caso<\/td><\/tr><tr><td class=\"has-text-align-center\" data-align=\"center\">  Analista Judici\u00e1rio (Classe C) <\/td><td class=\"has-text-align-center\" data-align=\"center\">Engenheiro Civil<\/td><td class=\"has-text-align-center\" data-align=\"center\">01<\/td><td class=\"has-text-align-center\" data-align=\"center\">Gradua\u00e7\u00e3o em curso superior de Engenharia Civil, reconhecido<br \/>por \u00f3rg\u00e3o governamental competente, e registro e\/ou inscri\u00e7\u00e3o profissional na entidade de classe da categoria, se for o caso<\/td><\/tr><tr><td class=\"has-text-align-center\" data-align=\"center\">  Analista Judici\u00e1rio (Classe C) <\/td><td class=\"has-text-align-center\" data-align=\"center\">Engenheiro Eletricista<\/td><td class=\"has-text-align-center\" data-align=\"center\">03<\/td><td class=\"has-text-align-center\" data-align=\"center\">Gradua\u00e7\u00e3o em curso de n\u00edvel superior de Engenharia El\u00e9trica,<br \/>reconhecido por \u00f3rg\u00e3o governamental competente, e registro e\/ou inscri\u00e7\u00e3o profissional na entidade de classe da categoria, se for o caso<\/td><\/tr><tr><td class=\"has-text-align-center\" data-align=\"center\">  Analista Judici\u00e1rio (Classe C) <\/td><td class=\"has-text-align-center\" data-align=\"center\">Engenheiro Mec\u00e2nico<\/td><td class=\"has-text-align-center\" data-align=\"center\">03<\/td><td class=\"has-text-align-center\" data-align=\"center\">Gradua\u00e7\u00e3o em curso de n\u00edvel superior de Engenharia Mec\u00e2nica,<br \/>reconhecido por \u00f3rg\u00e3o governamental competente, e registro e\/ou inscri\u00e7\u00e3o profissional na entidade de classe da categoria, se for o caso.<\/td><\/tr><tr><td class=\"has-text-align-center\" data-align=\"center\">  Analista Judici\u00e1rio (Classe C) <\/td><td class=\"has-text-align-center\" data-align=\"center\">M\u00e9dico<\/td><td class=\"has-text-align-center\" data-align=\"center\">04<\/td><td class=\"has-text-align-center\" data-align=\"center\">Gradua\u00e7\u00e3o em curso de n\u00edvel superior de Medicina, reconhecido<br \/>por \u00f3rg\u00e3o governamental competente, e registro e\/ou inscri\u00e7\u00e3o profissional na entidade de classe da categoria, se for o caso.<\/td><\/tr><tr><td class=\"has-text-align-center\" data-align=\"center\">  Analista Judici\u00e1rio (Classe C) <\/td><td class=\"has-text-align-center\" data-align=\"center\">Psic\u00f3logo<\/td><td class=\"has-text-align-center\" data-align=\"center\">23<\/td><td class=\"has-text-align-center\" data-align=\"center\">Gradua\u00e7\u00e3o em curso de n\u00edvel superior de Psicologia, reconhecido<br \/>por \u00f3rg\u00e3o governamental competente, e registro e\/ou inscri\u00e7\u00e3o profissional na entidade de classe da categoria.<\/td><\/tr><tr><td class=\"has-text-align-center\" data-align=\"center\">  Analista Judici\u00e1rio (Classe C) <\/td><td class=\"has-text-align-center\" data-align=\"center\">Revisor Judici\u00e1rio<\/td><td class=\"has-text-align-center\" data-align=\"center\">01<\/td><td class=\"has-text-align-center\" data-align=\"center\">Gradua\u00e7\u00e3o em curso de n\u00edvel superior de Letras ou Direito,<br \/>reconhecido por \u00f3rg\u00e3o governamental competente, e registro e\/ou inscri\u00e7\u00e3o profissional na entidade de classe da categoria, se for o caso<\/td><\/tr><\/tbody><\/table><figcaption class=\"wp-element-caption\">Concurso TJMG: Cargos ofertados &#8211; N\u00edvel Superior<\/figcaption><\/figure>\n\n\n\n<p>N\u00e3o deixe escapar nenhuma atualiza\u00e7\u00e3o sobre o concurso TJ MG, cujo resultado preliminar da prova discursiva voc\u00ea acabou de conferir! Elaboramos um artigo completo para voc\u00ea!<\/p>\n\n\n\n<p class=\"has-text-align-center has-blush-light-purple-gradient-background has-background has-medium-font-size\"><strong>Saiba mais: <a href=\"https:\/\/www.estrategiaconcursos.com.br\/blog\/concurso-tjmg\/\" target=\"_blank\" rel=\"noreferrer noopener\">concurso TJ MG<\/a><\/strong><\/p>\n\n\n\n<h2 class=\"wp-block-heading has-text-align-center\" id=\"h-quer-saber-tudo-sobre-concursos-previstos-confira-nossos-artigos\">Quer saber tudo sobre concursos previstos? <br \/>Confira nossos artigos!<\/h2>\n\n\n\n<ul class=\"wp-block-list\">\n<li><a href=\"https:\/\/www.estrategiaconcursos.com.br\/blog\/concursos-abertos\/\" target=\"_blank\" rel=\"noreferrer noopener\">Concursos abertos<\/a><\/li>\n\n\n\n<li><a href=\"https:\/\/www.estrategiaconcursos.com.br\/blog\/concursos-2023\/\" target=\"_blank\" rel=\"noreferrer noopener\">Concursos 2023<\/a><\/li>\n<\/ul>\n\n\n\n<h2 class=\"wp-block-heading has-text-align-center\" id=\"CURSOS-ASSUNATURA\">Quer se preparar para o concurso TJMG? <\/h2>\n\n\n\n<div class=\"container\" id=\"boxes\">\n  <div class=\"row\">\n\n    <div class=\"col-sm\">\n      <div class=\"banner-tribunal\" id=\"box-assinatura\">\n        <h3 class=\"titulo-assinatura\">Curso TJ MG<\/h3>\n        <p class=\"subtitulo-assinatura\">Conhe\u00e7a os cursos<\/p>\n        <div class=\"box-botao\">\n          <a class=\"btn-assinatura\" target=\"_blank\" href=\"https:\/\/www.estrategiaconcursos.com.br\/cursosPorConcurso\/tj-mg-oficial-de-apoio-judicial-e-judiciario\/\" role=\"button\" rel=\"noopener noreferrer\">Conhe\u00e7a mais<\/a>\n        <\/div>\n      <\/div>\n      <p class=\"texto-auxiliar\">Prepare-se com o melhor material e com quem mais aprova em Concursos P\u00fablicos em todo o pa\u00eds.<\/p>\n    <\/div>\n\n  <\/div>\n<\/div>\n\n\n\n<div class=\"container\" id=\"boxes\">\n  <div class=\"row\">\n\n    <div class=\"col-sm\">\n      <div class=\"estrategia\" id=\"box-assinatura\">\n        <h3 class=\"titulo-assinatura\">Assinatura Concursos<\/h3>\n        <p class=\"subtitulo-assinatura\">Assinatura de 1 ano ou 2 anos<\/p>\n        <div class=\"box-botao\">\n          <a class=\"btn-assinatura\" target=\"_blank\" href=\"https:\/\/www.estrategiaconcursos.com.br\/assinaturas\/\" role=\"button\" rel=\"noopener noreferrer\">ASSINE AGORA<\/a>\n        <\/div>\n      <\/div>\n     \n    <\/div><\/div><\/div>\n","protected":false},"excerpt":{"rendered":"<p>Foi publicado o resultado preliminar da etapa de prova discursiva do concurso do Tribunal de Justi\u00e7a de Minas Gerais (TJ MG)! O certame oferta 284 vagas, al\u00e9m de forma\u00e7\u00e3o de cadastro de reserva, para Oficial Judici\u00e1rio e Analista Judici\u00e1rio, de n\u00edveis m\u00e9dio e superior, com sal\u00e1rios iniciais de de R$ 3.264,9 a R$ 5.113,09. A [&hellip;]<\/p>\n","protected":false},"author":2402,"featured_media":951099,"comment_status":"open","ping_status":"closed","sticky":false,"template":"","format":"standard","meta":{"post_tipo":"news","footnotes":""},"categories":[1984,220219],"tags":[],"tax_estado":[219974],"class_list":["post-1200404","post","type-post","status-publish","format-standard","has-post-thumbnail","hentry","category-tribunais","category-noticias","tax_estado-mg"],"acf":[],"yoast_head":"<!-- This site is optimized with the Yoast SEO Premium plugin v27.2 (Yoast SEO v27.2) - https:\/\/yoast.com\/product\/yoast-seo-premium-wordpress\/ -->\n<title>Concurso TJ MG: confira o resultado preliminar da discursiva!<\/title>\n<meta name=\"description\" content=\"Concurso TJ MG: resultado preliminar da etapa de prova discursiva divulgado! Confira aqui no site do Estrat\u00e9gia!\" \/>\n<meta name=\"robots\" content=\"index, follow, max-snippet:-1, max-image-preview:large, max-video-preview:-1\" \/>\n<link rel=\"canonical\" href=\"https:\/\/www.estrategiaconcursos.com.br\/blog\/concurso-tj-mg-resultado-preliminar-discursiva\/\" \/>\n<meta property=\"og:locale\" content=\"pt_BR\" \/>\n<meta property=\"og:type\" content=\"article\" \/>\n<meta property=\"og:title\" content=\"Concurso TJ MG: confira o resultado preliminar da discursiva!\" \/>\n<meta property=\"og:description\" content=\"Concurso TJ MG: resultado preliminar da etapa de prova discursiva divulgado! Confira aqui no site do Estrat\u00e9gia!\" \/>\n<meta property=\"og:url\" content=\"https:\/\/www.estrategiaconcursos.com.br\/blog\/concurso-tj-mg-resultado-preliminar-discursiva\/\" \/>\n<meta property=\"og:site_name\" content=\"Estrat\u00e9gia Concursos\" \/>\n<meta property=\"article:published_time\" content=\"2023-04-12T13:10:13+00:00\" \/>\n<meta property=\"article:modified_time\" content=\"2023-04-12T13:10:20+00:00\" \/>\n<meta property=\"og:image\" content=\"https:\/\/dhg1h5j42swfq.cloudfront.net\/2022\/01\/20140532\/tj-mg.jpg\" \/>\n\t<meta property=\"og:image:width\" content=\"1200\" \/>\n\t<meta property=\"og:image:height\" content=\"628\" \/>\n\t<meta property=\"og:image:type\" content=\"image\/jpeg\" \/>\n<meta name=\"author\" content=\"Daniela Santos Nascimento\" \/>\n<meta name=\"twitter:card\" content=\"summary_large_image\" \/>\n<meta name=\"twitter:creator\" content=\"@EstratConcursos\" \/>\n<meta name=\"twitter:site\" content=\"@EstratConcursos\" \/>\n<meta name=\"twitter:label1\" content=\"Escrito por\" \/>\n\t<meta name=\"twitter:data1\" content=\"Daniela Santos Nascimento\" \/>\n\t<meta name=\"twitter:label2\" content=\"Est. tempo de leitura\" \/>\n\t<meta name=\"twitter:data2\" content=\"4 minutos\" \/>\n<script type=\"application\/ld+json\" class=\"yoast-schema-graph\">{\"@context\":\"https:\/\/schema.org\",\"@graph\":[{\"@type\":\"NewsArticle\",\"@id\":\"https:\/\/www.estrategiaconcursos.com.br\/blog\/concurso-tj-mg-resultado-preliminar-discursiva\/#article\",\"isPartOf\":{\"@id\":\"https:\/\/www.estrategiaconcursos.com.br\/blog\/concurso-tj-mg-resultado-preliminar-discursiva\/\"},\"author\":{\"name\":\"Daniela Santos Nascimento\",\"@id\":\"https:\/\/www.estrategiaconcursos.com.br\/blog\/#\/schema\/person\/399990d02336f200766707b881aee98f\"},\"headline\":\"Concurso TJ MG: confira o resultado preliminar da discursiva!\",\"datePublished\":\"2023-04-12T13:10:13+00:00\",\"dateModified\":\"2023-04-12T13:10:20+00:00\",\"mainEntityOfPage\":{\"@id\":\"https:\/\/www.estrategiaconcursos.com.br\/blog\/concurso-tj-mg-resultado-preliminar-discursiva\/\"},\"wordCount\":817,\"commentCount\":0,\"publisher\":{\"@id\":\"https:\/\/www.estrategiaconcursos.com.br\/blog\/#organization\"},\"image\":{\"@id\":\"https:\/\/www.estrategiaconcursos.com.br\/blog\/concurso-tj-mg-resultado-preliminar-discursiva\/#primaryimage\"},\"thumbnailUrl\":\"https:\/\/dhg1h5j42swfq.cloudfront.net\/2022\/01\/20140532\/tj-mg.jpg\",\"articleSection\":[\"Tribunais\",\"\u00daltimas not\u00edcias\"],\"inLanguage\":\"pt-BR\",\"potentialAction\":[{\"@type\":\"CommentAction\",\"name\":\"Comment\",\"target\":[\"https:\/\/www.estrategiaconcursos.com.br\/blog\/concurso-tj-mg-resultado-preliminar-discursiva\/#respond\"]}],\"copyrightYear\":\"2023\",\"copyrightHolder\":{\"@id\":\"https:\/\/www.estrategiaconcursos.com.br\/blog\/#organization\"}},{\"@type\":\"WebPage\",\"@id\":\"https:\/\/www.estrategiaconcursos.com.br\/blog\/concurso-tj-mg-resultado-preliminar-discursiva\/\",\"url\":\"https:\/\/www.estrategiaconcursos.com.br\/blog\/concurso-tj-mg-resultado-preliminar-discursiva\/\",\"name\":\"Concurso TJ MG: confira o resultado preliminar da discursiva!\",\"isPartOf\":{\"@id\":\"https:\/\/www.estrategiaconcursos.com.br\/blog\/#website\"},\"primaryImageOfPage\":{\"@id\":\"https:\/\/www.estrategiaconcursos.com.br\/blog\/concurso-tj-mg-resultado-preliminar-discursiva\/#primaryimage\"},\"image\":{\"@id\":\"https:\/\/www.estrategiaconcursos.com.br\/blog\/concurso-tj-mg-resultado-preliminar-discursiva\/#primaryimage\"},\"thumbnailUrl\":\"https:\/\/dhg1h5j42swfq.cloudfront.net\/2022\/01\/20140532\/tj-mg.jpg\",\"datePublished\":\"2023-04-12T13:10:13+00:00\",\"dateModified\":\"2023-04-12T13:10:20+00:00\",\"description\":\"Concurso TJ MG: resultado preliminar da etapa de prova discursiva divulgado! Confira aqui no site do Estrat\u00e9gia!\",\"breadcrumb\":{\"@id\":\"https:\/\/www.estrategiaconcursos.com.br\/blog\/concurso-tj-mg-resultado-preliminar-discursiva\/#breadcrumb\"},\"inLanguage\":\"pt-BR\",\"potentialAction\":[{\"@type\":\"ReadAction\",\"target\":[\"https:\/\/www.estrategiaconcursos.com.br\/blog\/concurso-tj-mg-resultado-preliminar-discursiva\/\"]}]},{\"@type\":\"ImageObject\",\"inLanguage\":\"pt-BR\",\"@id\":\"https:\/\/www.estrategiaconcursos.com.br\/blog\/concurso-tj-mg-resultado-preliminar-discursiva\/#primaryimage\",\"url\":\"https:\/\/dhg1h5j42swfq.cloudfront.net\/2022\/01\/20140532\/tj-mg.jpg\",\"contentUrl\":\"https:\/\/dhg1h5j42swfq.cloudfront.net\/2022\/01\/20140532\/tj-mg.jpg\",\"width\":1200,\"height\":628,\"caption\":\"TJ MG\"},{\"@type\":\"BreadcrumbList\",\"@id\":\"https:\/\/www.estrategiaconcursos.com.br\/blog\/concurso-tj-mg-resultado-preliminar-discursiva\/#breadcrumb\",\"itemListElement\":[{\"@type\":\"ListItem\",\"position\":1,\"name\":\"In\u00edcio\",\"item\":\"https:\/\/www.estrategiaconcursos.com.br\/blog\/\"},{\"@type\":\"ListItem\",\"position\":2,\"name\":\"Concurso TJ MG: confira o resultado preliminar da discursiva!\"}]},{\"@type\":\"WebSite\",\"@id\":\"https:\/\/www.estrategiaconcursos.com.br\/blog\/#website\",\"url\":\"https:\/\/www.estrategiaconcursos.com.br\/blog\/\",\"name\":\"Estrat\u00e9gia Concursos\",\"description\":\"O blog da Estrat\u00e9gia Concursos traz not\u00edcias sobre concursos e artigos de professores oferecendo cursos para concursos (pdf + videaulas) no site.\",\"publisher\":{\"@id\":\"https:\/\/www.estrategiaconcursos.com.br\/blog\/#organization\"},\"potentialAction\":[{\"@type\":\"SearchAction\",\"target\":{\"@type\":\"EntryPoint\",\"urlTemplate\":\"https:\/\/www.estrategiaconcursos.com.br\/blog\/?s={search_term_string}\"},\"query-input\":{\"@type\":\"PropertyValueSpecification\",\"valueRequired\":true,\"valueName\":\"search_term_string\"}}],\"inLanguage\":\"pt-BR\"},{\"@type\":\"Organization\",\"@id\":\"https:\/\/www.estrategiaconcursos.com.br\/blog\/#organization\",\"name\":\"Estrat\u00e9gia Concursos\",\"url\":\"https:\/\/www.estrategiaconcursos.com.br\/blog\/\",\"logo\":{\"@type\":\"ImageObject\",\"inLanguage\":\"pt-BR\",\"@id\":\"https:\/\/www.estrategiaconcursos.com.br\/blog\/#\/schema\/logo\/image\/\",\"url\":\"https:\/\/dhg1h5j42swfq.cloudfront.net\/2025\/06\/03203428\/logo_concursos-1.jpg\",\"contentUrl\":\"https:\/\/dhg1h5j42swfq.cloudfront.net\/2025\/06\/03203428\/logo_concursos-1.jpg\",\"width\":230,\"height\":60,\"caption\":\"Estrat\u00e9gia Concursos\"},\"image\":{\"@id\":\"https:\/\/www.estrategiaconcursos.com.br\/blog\/#\/schema\/logo\/image\/\"},\"sameAs\":[\"https:\/\/x.com\/EstratConcursos\"]},{\"@type\":\"Person\",\"@id\":\"https:\/\/www.estrategiaconcursos.com.br\/blog\/#\/schema\/person\/399990d02336f200766707b881aee98f\",\"name\":\"Daniela Santos Nascimento\",\"image\":{\"@type\":\"ImageObject\",\"inLanguage\":\"pt-BR\",\"@id\":\"https:\/\/secure.gravatar.com\/avatar\/7f343622ad121e2893832a8c76808be436bdfcbf2f7d696174c94ecd84f2384a?s=96&d=mm&r=g\",\"url\":\"https:\/\/secure.gravatar.com\/avatar\/7f343622ad121e2893832a8c76808be436bdfcbf2f7d696174c94ecd84f2384a?s=96&d=mm&r=g\",\"contentUrl\":\"https:\/\/secure.gravatar.com\/avatar\/7f343622ad121e2893832a8c76808be436bdfcbf2f7d696174c94ecd84f2384a?s=96&d=mm&r=g\",\"caption\":\"Daniela Santos Nascimento\"},\"url\":\"https:\/\/www.estrategiaconcursos.com.br\/blog\/author\/daniela-nascimentoestrategia-com\/\"}]}<\/script>\n<!-- \/ Yoast SEO Premium plugin. -->","yoast_head_json":{"title":"Concurso TJ MG: confira o resultado preliminar da discursiva!","description":"Concurso TJ MG: resultado preliminar da etapa de prova discursiva divulgado! Confira aqui no site do Estrat\u00e9gia!","robots":{"index":"index","follow":"follow","max-snippet":"max-snippet:-1","max-image-preview":"max-image-preview:large","max-video-preview":"max-video-preview:-1"},"canonical":"https:\/\/www.estrategiaconcursos.com.br\/blog\/concurso-tj-mg-resultado-preliminar-discursiva\/","og_locale":"pt_BR","og_type":"article","og_title":"Concurso TJ MG: confira o resultado preliminar da discursiva!","og_description":"Concurso TJ MG: resultado preliminar da etapa de prova discursiva divulgado! Confira aqui no site do Estrat\u00e9gia!","og_url":"https:\/\/www.estrategiaconcursos.com.br\/blog\/concurso-tj-mg-resultado-preliminar-discursiva\/","og_site_name":"Estrat\u00e9gia Concursos","article_published_time":"2023-04-12T13:10:13+00:00","article_modified_time":"2023-04-12T13:10:20+00:00","og_image":[{"width":1200,"height":628,"url":"https:\/\/dhg1h5j42swfq.cloudfront.net\/2022\/01\/20140532\/tj-mg.jpg","type":"image\/jpeg"}],"author":"Daniela Santos Nascimento","twitter_card":"summary_large_image","twitter_creator":"@EstratConcursos","twitter_site":"@EstratConcursos","twitter_misc":{"Escrito por":"Daniela Santos Nascimento","Est. tempo de leitura":"4 minutos"},"schema":{"@context":"https:\/\/schema.org","@graph":[{"@type":"NewsArticle","@id":"https:\/\/www.estrategiaconcursos.com.br\/blog\/concurso-tj-mg-resultado-preliminar-discursiva\/#article","isPartOf":{"@id":"https:\/\/www.estrategiaconcursos.com.br\/blog\/concurso-tj-mg-resultado-preliminar-discursiva\/"},"author":{"name":"Daniela Santos Nascimento","@id":"https:\/\/www.estrategiaconcursos.com.br\/blog\/#\/schema\/person\/399990d02336f200766707b881aee98f"},"headline":"Concurso TJ MG: confira o resultado preliminar da discursiva!","datePublished":"2023-04-12T13:10:13+00:00","dateModified":"2023-04-12T13:10:20+00:00","mainEntityOfPage":{"@id":"https:\/\/www.estrategiaconcursos.com.br\/blog\/concurso-tj-mg-resultado-preliminar-discursiva\/"},"wordCount":817,"commentCount":0,"publisher":{"@id":"https:\/\/www.estrategiaconcursos.com.br\/blog\/#organization"},"image":{"@id":"https:\/\/www.estrategiaconcursos.com.br\/blog\/concurso-tj-mg-resultado-preliminar-discursiva\/#primaryimage"},"thumbnailUrl":"https:\/\/dhg1h5j42swfq.cloudfront.net\/2022\/01\/20140532\/tj-mg.jpg","articleSection":["Tribunais","\u00daltimas not\u00edcias"],"inLanguage":"pt-BR","potentialAction":[{"@type":"CommentAction","name":"Comment","target":["https:\/\/www.estrategiaconcursos.com.br\/blog\/concurso-tj-mg-resultado-preliminar-discursiva\/#respond"]}],"copyrightYear":"2023","copyrightHolder":{"@id":"https:\/\/www.estrategiaconcursos.com.br\/blog\/#organization"}},{"@type":"WebPage","@id":"https:\/\/www.estrategiaconcursos.com.br\/blog\/concurso-tj-mg-resultado-preliminar-discursiva\/","url":"https:\/\/www.estrategiaconcursos.com.br\/blog\/concurso-tj-mg-resultado-preliminar-discursiva\/","name":"Concurso TJ MG: confira o resultado preliminar da discursiva!","isPartOf":{"@id":"https:\/\/www.estrategiaconcursos.com.br\/blog\/#website"},"primaryImageOfPage":{"@id":"https:\/\/www.estrategiaconcursos.com.br\/blog\/concurso-tj-mg-resultado-preliminar-discursiva\/#primaryimage"},"image":{"@id":"https:\/\/www.estrategiaconcursos.com.br\/blog\/concurso-tj-mg-resultado-preliminar-discursiva\/#primaryimage"},"thumbnailUrl":"https:\/\/dhg1h5j42swfq.cloudfront.net\/2022\/01\/20140532\/tj-mg.jpg","datePublished":"2023-04-12T13:10:13+00:00","dateModified":"2023-04-12T13:10:20+00:00","description":"Concurso TJ MG: resultado preliminar da etapa de prova discursiva divulgado! Confira aqui no site do Estrat\u00e9gia!","breadcrumb":{"@id":"https:\/\/www.estrategiaconcursos.com.br\/blog\/concurso-tj-mg-resultado-preliminar-discursiva\/#breadcrumb"},"inLanguage":"pt-BR","potentialAction":[{"@type":"ReadAction","target":["https:\/\/www.estrategiaconcursos.com.br\/blog\/concurso-tj-mg-resultado-preliminar-discursiva\/"]}]},{"@type":"ImageObject","inLanguage":"pt-BR","@id":"https:\/\/www.estrategiaconcursos.com.br\/blog\/concurso-tj-mg-resultado-preliminar-discursiva\/#primaryimage","url":"https:\/\/dhg1h5j42swfq.cloudfront.net\/2022\/01\/20140532\/tj-mg.jpg","contentUrl":"https:\/\/dhg1h5j42swfq.cloudfront.net\/2022\/01\/20140532\/tj-mg.jpg","width":1200,"height":628,"caption":"TJ MG"},{"@type":"BreadcrumbList","@id":"https:\/\/www.estrategiaconcursos.com.br\/blog\/concurso-tj-mg-resultado-preliminar-discursiva\/#breadcrumb","itemListElement":[{"@type":"ListItem","position":1,"name":"In\u00edcio","item":"https:\/\/www.estrategiaconcursos.com.br\/blog\/"},{"@type":"ListItem","position":2,"name":"Concurso TJ MG: confira o resultado preliminar da discursiva!"}]},{"@type":"WebSite","@id":"https:\/\/www.estrategiaconcursos.com.br\/blog\/#website","url":"https:\/\/www.estrategiaconcursos.com.br\/blog\/","name":"Estrat\u00e9gia Concursos","description":"O blog da Estrat\u00e9gia Concursos traz not\u00edcias sobre concursos e artigos de professores oferecendo cursos para concursos (pdf + videaulas) no site.","publisher":{"@id":"https:\/\/www.estrategiaconcursos.com.br\/blog\/#organization"},"potentialAction":[{"@type":"SearchAction","target":{"@type":"EntryPoint","urlTemplate":"https:\/\/www.estrategiaconcursos.com.br\/blog\/?s={search_term_string}"},"query-input":{"@type":"PropertyValueSpecification","valueRequired":true,"valueName":"search_term_string"}}],"inLanguage":"pt-BR"},{"@type":"Organization","@id":"https:\/\/www.estrategiaconcursos.com.br\/blog\/#organization","name":"Estrat\u00e9gia Concursos","url":"https:\/\/www.estrategiaconcursos.com.br\/blog\/","logo":{"@type":"ImageObject","inLanguage":"pt-BR","@id":"https:\/\/www.estrategiaconcursos.com.br\/blog\/#\/schema\/logo\/image\/","url":"https:\/\/dhg1h5j42swfq.cloudfront.net\/2025\/06\/03203428\/logo_concursos-1.jpg","contentUrl":"https:\/\/dhg1h5j42swfq.cloudfront.net\/2025\/06\/03203428\/logo_concursos-1.jpg","width":230,"height":60,"caption":"Estrat\u00e9gia Concursos"},"image":{"@id":"https:\/\/www.estrategiaconcursos.com.br\/blog\/#\/schema\/logo\/image\/"},"sameAs":["https:\/\/x.com\/EstratConcursos"]},{"@type":"Person","@id":"https:\/\/www.estrategiaconcursos.com.br\/blog\/#\/schema\/person\/399990d02336f200766707b881aee98f","name":"Daniela Santos Nascimento","image":{"@type":"ImageObject","inLanguage":"pt-BR","@id":"https:\/\/secure.gravatar.com\/avatar\/7f343622ad121e2893832a8c76808be436bdfcbf2f7d696174c94ecd84f2384a?s=96&d=mm&r=g","url":"https:\/\/secure.gravatar.com\/avatar\/7f343622ad121e2893832a8c76808be436bdfcbf2f7d696174c94ecd84f2384a?s=96&d=mm&r=g","contentUrl":"https:\/\/secure.gravatar.com\/avatar\/7f343622ad121e2893832a8c76808be436bdfcbf2f7d696174c94ecd84f2384a?s=96&d=mm&r=g","caption":"Daniela Santos Nascimento"},"url":"https:\/\/www.estrategiaconcursos.com.br\/blog\/author\/daniela-nascimentoestrategia-com\/"}]}},"_links":{"self":[{"href":"https:\/\/www.estrategiaconcursos.com.br\/blog\/wp-json\/wp\/v2\/posts\/1200404","targetHints":{"allow":["GET"]}}],"collection":[{"href":"https:\/\/www.estrategiaconcursos.com.br\/blog\/wp-json\/wp\/v2\/posts"}],"about":[{"href":"https:\/\/www.estrategiaconcursos.com.br\/blog\/wp-json\/wp\/v2\/types\/post"}],"author":[{"embeddable":true,"href":"https:\/\/www.estrategiaconcursos.com.br\/blog\/wp-json\/wp\/v2\/users\/2402"}],"replies":[{"embeddable":true,"href":"https:\/\/www.estrategiaconcursos.com.br\/blog\/wp-json\/wp\/v2\/comments?post=1200404"}],"version-history":[{"count":4,"href":"https:\/\/www.estrategiaconcursos.com.br\/blog\/wp-json\/wp\/v2\/posts\/1200404\/revisions"}],"predecessor-version":[{"id":1200467,"href":"https:\/\/www.estrategiaconcursos.com.br\/blog\/wp-json\/wp\/v2\/posts\/1200404\/revisions\/1200467"}],"wp:featuredmedia":[{"embeddable":true,"href":"https:\/\/www.estrategiaconcursos.com.br\/blog\/wp-json\/wp\/v2\/media\/951099"}],"wp:attachment":[{"href":"https:\/\/www.estrategiaconcursos.com.br\/blog\/wp-json\/wp\/v2\/media?parent=1200404"}],"wp:term":[{"taxonomy":"category","embeddable":true,"href":"https:\/\/www.estrategiaconcursos.com.br\/blog\/wp-json\/wp\/v2\/categories?post=1200404"},{"taxonomy":"post_tag","embeddable":true,"href":"https:\/\/www.estrategiaconcursos.com.br\/blog\/wp-json\/wp\/v2\/tags?post=1200404"},{"taxonomy":"tax_estado","embeddable":true,"href":"https:\/\/www.estrategiaconcursos.com.br\/blog\/wp-json\/wp\/v2\/tax_estado?post=1200404"}],"curies":[{"name":"wp","href":"https:\/\/api.w.org\/{rel}","templated":true}]}}