{"id":120037,"date":"2018-05-07T23:48:05","date_gmt":"2018-05-08T02:48:05","guid":{"rendered":"https:\/\/www.estrategiaconcursos.com.br\/blog\/?p=120037"},"modified":"2020-04-13T15:12:53","modified_gmt":"2020-04-13T18:12:53","slug":"comentarios-contabilidade-analista-ebserh","status":"publish","type":"post","link":"https:\/\/www.estrategiaconcursos.com.br\/blog\/comentarios-contabilidade-analista-ebserh\/","title":{"rendered":"Coment\u00e1rios Contabilidade &#8211; Analista EBSERH!"},"content":{"rendered":"<p style=\"text-align: justify;\">Ol\u00e1, pessoal! A seguir o gabarito extraoficial da prova de Analista Cont\u00e1bil da EBSERH.<\/p>\n<p style=\"text-align: justify;\">Por enquanto, sem possibilidade de recursos.<\/p>\n<p style=\"text-align: justify;\">Vamos esperar o gabarito oficial e nos manifestamos novamente.<\/p>\n<p style=\"text-align: justify;\">Forte abra\u00e7o!<\/p>\n<p style=\"text-align: justify;\">\n<ol style=\"text-align: justify;\" start=\"41\">\n<li><strong>(CESPE\/Analista\/EBSERH\/2018)<\/strong> Ao se ajustar o fluxo de caixa de um neg\u00f3cio a valor presente, n\u00e3o havendo possibilidade de estimar confiavelmente o pr\u00eamio de risco envolvido, poder-se-\u00e1 optar pela taxa de juros livre de risco, externa ao neg\u00f3cio, como taxa de desconto.<\/li>\n<\/ol>\n<p style=\"text-align: justify;\"><span style=\"text-decoration: underline;\"><span style=\"color: #ff0000;\"><strong>Coment\u00e1rios:<\/strong><\/span><\/span><\/p>\n<p style=\"text-align: justify;\"><strong><u>\u00a0<\/u><\/strong><\/p>\n<p style=\"text-align: justify;\">Segundo o CPC 12:<\/p>\n<ol style=\"text-align: justify;\" start=\"14\">\n<li>Em muitas situa\u00e7\u00f5es n\u00e3o \u00e9 poss\u00edvel se chegar a uma estimativa confi\u00e1vel para o pr\u00eamio pelo risco ou, em sendo poss\u00edvel, o montante estimado pode ser relativamente pequeno se comparado a erros potenciais nos fluxos de caixa estimados. Nesses casos, excepcionalmente, o valor presente de fluxos de caixa esperados pode ser obtido com a ado\u00e7\u00e3o de taxa de desconto que reflita unicamente a taxa de juros livre de risco, desde que com ampla divulga\u00e7\u00e3o do fato e das raz\u00f5es que levaram a esse procedimento.<\/li>\n<\/ol>\n<p style=\"text-align: justify;\"><strong><u>\u00a0<\/u><\/strong><\/p>\n<p style=\"text-align: justify;\"><strong>Gabarito \u2013 Correto.<\/strong><\/p>\n<p style=\"text-align: justify;\"><strong>\u00a0<\/strong><\/p>\n<ol style=\"text-align: justify;\" start=\"42\">\n<li><strong>(CESPE\/Analista\/EBSERH\/2018) <\/strong>Para que um ativo financeiro seja mensurado ao custo amortizado, \u00e9 necess\u00e1rio que suas cl\u00e1usulas contratuais prevejam fluxos de caixa exclusivamente de principal e juros sobre esse principal, nas datas previamente acordadas, e que o modelo de neg\u00f3cio em que o ativo esteja inserido tenha por objetivo receber esses fluxos de caixa contratuais.<\/li>\n<\/ol>\n<p style=\"text-align: justify;\"><span style=\"text-decoration: underline;\"><span style=\"color: #ff0000;\"><strong>Coment\u00e1rios:<\/strong><\/span><\/span><\/p>\n<p style=\"text-align: justify;\">Segundo o CPC 48 \u2013 Instrumentos Financeiros:<\/p>\n<p style=\"text-align: justify;\">4.1.1 A menos que o item 4.1.5 seja aplic\u00e1vel, a entidade deve classificar ativos financeiros como subsequentemente mensurados ao custo amortizado, ao valor justo por meio de outros resultados abrangentes ou ao valor justo por meio do resultado com base tanto:<\/p>\n<p style=\"text-align: justify;\">(a) no modelo de neg\u00f3cios da entidade para a gest\u00e3o dos ativos financeiros; quanto<\/p>\n<p style=\"text-align: justify;\">(b) nas caracter\u00edsticas de fluxo de caixa contratual do ativo financeiro.<\/p>\n<p style=\"text-align: justify;\">4.1.2 O ativo financeiro deve ser mensurado ao custo amortizado se ambas as seguintes condi\u00e7\u00f5es forem atendidas:<\/p>\n<p style=\"text-align: justify;\">(a) o ativo financeiro for mantido dentro de modelo de neg\u00f3cios cujo objetivo seja manter ativos financeiros com o fim de receber fluxos de caixa contratuais; e<\/p>\n<p style=\"text-align: justify;\">(b) os termos contratuais do ativo financeiro derem origem, em datas especificadas, a fluxos de caixa que constituam, exclusivamente, pagamentos de principal e juros sobre o valor do principal em aberto.<\/p>\n<p style=\"text-align: justify;\">\n<p style=\"text-align: justify;\"><strong>Gabarito \u2013 Correto <\/strong><\/p>\n<p style=\"text-align: justify;\">\n<ol style=\"text-align: justify;\" start=\"43\">\n<li><strong>(CESPE\/Analista\/EBSERH\/2018) <\/strong>A utiliza\u00e7\u00e3o de a\u00e7\u00f5es dispon\u00edveis em tesouraria para a capta\u00e7\u00e3o de caixa por meio do ingresso de novos acionistas n\u00e3o controladores na entidade constitui um tipo de receita.<\/li>\n<\/ol>\n<p style=\"text-align: justify;\"><span style=\"text-decoration: underline;\"><span style=\"color: #ff0000;\"><strong>Coment\u00e1rios:<\/strong><\/span><\/span><\/p>\n<p style=\"text-align: justify;\">O item est\u00e1 incorreto! A\u00e7\u00f5es em tesouraria s\u00e3o a\u00e7\u00f5es que a companhia adquire dela mesma! A aquisi\u00e7\u00e3o de a\u00e7\u00f5es em tesouraria e sua aliena\u00e7\u00e3o s\u00e3o ditas transa\u00e7\u00f5es de capital e, como tal, n\u00e3o devem afetar o resultado do exerc\u00edcio.<\/p>\n<p style=\"text-align: justify;\"><strong>Gabarito &#8211; Errado. <\/strong><\/p>\n<p style=\"text-align: justify;\"><strong>\u00a0<\/strong><\/p>\n<ol style=\"text-align: justify;\" start=\"44\">\n<li><strong>(CESPE\/Analista\/EBSERH\/2018) <\/strong>Se uma empresa for adquirida em uma combina\u00e7\u00e3o de neg\u00f3cios e, inesperadamente, ap\u00f3s a aquisi\u00e7\u00e3o, o adquirente obtiver um ganho com a liquida\u00e7\u00e3o em condi\u00e7\u00f5es vantajosas de um passivo da adquirida, tal ganho representar\u00e1 um goodwill.<\/li>\n<\/ol>\n<p style=\"text-align: justify;\"><span style=\"text-decoration: underline;\"><span style=\"color: #ff0000;\"><strong>Coment\u00e1rios:<\/strong><\/span><\/span><\/p>\n<p style=\"text-align: justify;\">Segundo o CPC 15 \u2013 Combina\u00e7\u00e3o de neg\u00f3cios:<\/p>\n<ol style=\"text-align: justify;\" start=\"48\">\n<li>O adquirente deve considerar todos os fatores pertinentes para determinar se a informa\u00e7\u00e3o obtida ap\u00f3s a data de aquisi\u00e7\u00e3o teria resultado em ajuste nos valores provis\u00f3rios reconhecidos ou se essa informa\u00e7\u00e3o \u00e9 proveniente de eventos que ocorreram ap\u00f3s a data da aquisi\u00e7\u00e3o. Fatores pertinentes incluem a data em que a informa\u00e7\u00e3o adicional \u00e9 obtida, bem como se o adquirente consegue identificar uma raz\u00e3o para a altera\u00e7\u00e3o dos valores provis\u00f3rios. \u00c9 mais prov\u00e1vel que uma informa\u00e7\u00e3o obtida logo ap\u00f3s a data da aquisi\u00e7\u00e3o represente circunst\u00e2ncias existentes na data de aquisi\u00e7\u00e3o do que uma informa\u00e7\u00e3o obtida v\u00e1rios meses depois. Por exemplo, a menos que um evento interveniente que altere o valor justo possa ser identificado, a venda de ativo para terceiros logo ap\u00f3s a data da aquisi\u00e7\u00e3o por um valor significativamente diferente do valor justo mensurado provisoriamente para esse ativo constitui um evento indicativo de que o valor provis\u00f3rio reconhecido provavelmente estava errado. (Alterado pela Revis\u00e3o CPC 03)<\/li>\n<li>O adquirente deve reconhecer aumento (ou redu\u00e7\u00e3o) nos valores provis\u00f3rios reconhecidos para um ativo identific\u00e1vel (ou passivo assumido) por meio de aumento (ou redu\u00e7\u00e3o) no \u00e1gio por expectativa de rentabilidade futura (goodwill)<\/li>\n<\/ol>\n<p style=\"text-align: justify;\"><strong>Gabarito <\/strong><strong>&#8211;<\/strong><strong> Correto<\/strong><\/p>\n<p style=\"text-align: justify;\"><strong><u>\u00a0<\/u><\/strong><\/p>\n<ol style=\"text-align: justify;\" start=\"45\">\n<li><strong>(CESPE\/Analista\/EBSERH\/2018) <\/strong>Situa\u00e7\u00e3o Hipot\u00e9tica. Um fornecedor de equipamentos industriais vendeu, \u00e0 vista, uma m\u00e1quina por um valor 10% abaixo do valor habitual de mercado. As partes envolvidas n\u00e3o tinham qualquer outro tipo de relacionamento a n\u00e3o ser a transa\u00e7\u00e3o descrita, n\u00e3o se achavam constrangidas de qualquer forma e possu\u00edam pleno conhecimento sobre o mercado e as caracter\u00edsticas do neg\u00f3cio que realizavam.<\/li>\n<\/ol>\n<p style=\"text-align: justify;\">Assertiva: Nessa situa\u00e7\u00e3o, na data da realiza\u00e7\u00e3o da transa\u00e7\u00e3o, o pre\u00e7o acordado foi o seu valor justo.<\/p>\n<p style=\"text-align: justify;\"><span style=\"text-decoration: underline;\"><span style=\"color: #ff0000;\"><strong>Coment\u00e1rios:<\/strong><\/span><\/span><\/p>\n<p style=\"text-align: justify;\">Segundo o CPC 46:<\/p>\n<ol style=\"text-align: justify;\" start=\"9\">\n<li>Este Pronunciamento define valor justo como o pre\u00e7o que seria recebido pela venda de um ativo ou que seria pago pela transfer\u00eancia de um passivo em uma transa\u00e7\u00e3o n\u00e3o for\u00e7ada entre participantes do mercado na data de mensura\u00e7\u00e3o.<\/li>\n<\/ol>\n<p style=\"text-align: justify;\">B4. Ao determinar se o valor justo no reconhecimento inicial \u00e9 igual ao pre\u00e7o da transa\u00e7\u00e3o, a entidade deve levar em conta fatores espec\u00edficos da transa\u00e7\u00e3o e do ativo ou passivo. Por exemplo, o pre\u00e7o da transa\u00e7\u00e3o pode n\u00e3o representar o valor justo de ativo ou passivo no reconhecimento inicial se qualquer das condi\u00e7\u00f5es seguintes se aplicar:<\/p>\n<p style=\"text-align: justify;\">(a) a transa\u00e7\u00e3o for entre partes relacionadas, embora o pre\u00e7o na transa\u00e7\u00e3o com partes<\/p>\n<p style=\"text-align: justify;\">relacionadas possa ser utilizado como informa\u00e7\u00e3o na mensura\u00e7\u00e3o do valor justo se a entidade tiver evid\u00eancia de que a transa\u00e7\u00e3o foi realizada em condi\u00e7\u00f5es de mercado;<\/p>\n<p style=\"text-align: justify;\">(b) a transa\u00e7\u00e3o ocorre sob coa\u00e7\u00e3o ou o vendedor \u00e9 for\u00e7ado a aceitar o pre\u00e7o na transa\u00e7\u00e3o. Por exemplo, esse pode ser o caso quando o vendedor est\u00e1 passando por dificuldades financeiras;<\/p>\n<p style=\"text-align: justify;\">(c) a unidade de contabiliza\u00e7\u00e3o representada pelo pre\u00e7o da transa\u00e7\u00e3o \u00e9 diferente da unidade de contabiliza\u00e7\u00e3o para o ativo ou passivo mensurado ao valor justo. Por exemplo, esse pode ser o caso se o ativo ou o passivo mensurado ao valor justo for apenas um dos elementos na transa\u00e7\u00e3o (por exemplo, na combina\u00e7\u00e3o de neg\u00f3cios), a transa\u00e7\u00e3o incluir direitos e privil\u00e9gios impl\u00edcitos que sejam mensurados separadamente de acordo com outro Pronunciamento ou o pre\u00e7o da transa\u00e7\u00e3o incluir custos de transa\u00e7\u00e3o;<\/p>\n<p style=\"text-align: justify;\">(d) o mercado no qual ocorre a transa\u00e7\u00e3o \u00e9 diferente do mercado principal (ou mais vantajoso). Por exemplo, esses mercados podem ser diferentes se a entidade for uma revendedora que celebrar transa\u00e7\u00f5es com clientes no mercado de varejo, mas o mercado principal (ou mais vantajoso) para a transa\u00e7\u00e3o de sa\u00edda for com outros revendedores no mercado de revendedores.<\/p>\n<p style=\"text-align: justify;\"><strong>\u00a0<\/strong>Faltou apenas mencionar que a transa\u00e7\u00e3o foi feita no mercado principal. Mas a quest\u00e3o atende perfeitamente \u00e0 defini\u00e7\u00e3o de valor justo: \u201c\u00c9 o pre\u00e7o que seria recebido pela venda de um ativo ou que seria pago pela transfer\u00eancia de um passivo em uma transa\u00e7\u00e3o n\u00e3o for\u00e7ada entre participantes do mercado na data de mensura\u00e7\u00e3o.\u201d<\/p>\n<p style=\"text-align: justify;\"><strong>Gabarito \u2013 Correto. <\/strong><\/p>\n<p style=\"text-align: justify;\"><strong>\u00a0<\/strong><\/p>\n<ol style=\"text-align: justify;\" start=\"46\">\n<li><strong>(CESPE\/Analista\/EBSERH\/2018) <\/strong>Ajustes de exerc\u00edcios anteriores afetam a demonstra\u00e7\u00e3o de lucros ou preju\u00edzos acumulados, desde que sejam derivados de fatos subsequentes.<\/li>\n<\/ol>\n<p style=\"text-align: justify;\"><span style=\"text-decoration: underline;\"><span style=\"color: #ff0000;\"><strong>Coment\u00e1rios:<\/strong><\/span><\/span><\/p>\n<p style=\"text-align: justify;\">Segundo a Lei 6.404\/76:<\/p>\n<p style=\"text-align: justify;\">Art. 186. A demonstra\u00e7\u00e3o de lucros ou preju\u00edzos acumulados discriminar\u00e1:<\/p>\n<p style=\"text-align: justify;\">I &#8211; o saldo do in\u00edcio do per\u00edodo, <strong>os ajustes de exerc\u00edcios anteriores<\/strong> e a corre\u00e7\u00e3o monet\u00e1ria do saldo inicial;<\/p>\n<p style=\"text-align: justify;\">II &#8211; as revers\u00f5es de reservas e o lucro l\u00edquido do exerc\u00edcio;<\/p>\n<p style=\"text-align: justify;\">III &#8211; as transfer\u00eancias para reservas, os dividendos, a parcela dos lucros incorporada ao capital e o saldo ao fim do per\u00edodo.<\/p>\n<ul style=\"text-align: justify;\">\n<li>1\u00ba <strong>Como ajustes de exerc\u00edcios anteriores ser\u00e3o considerados apenas os decorrentes de efeitos da mudan\u00e7a de crit\u00e9rio cont\u00e1bil, ou da retifica\u00e7\u00e3o de erro imput\u00e1vel a determinado exerc\u00edcio anterior, e que n\u00e3o possam ser atribu\u00eddos a fatos subsequentes<\/strong>.<\/li>\n<\/ul>\n<p style=\"text-align: justify;\">Portanto, os ajustes de exerc\u00edcios anteriores n\u00e3o podem ser atribu\u00eddos a fatos subsequentes.<\/p>\n<p style=\"text-align: justify;\"><strong>Gabarito \u2013 Errado. <\/strong><\/p>\n<p style=\"text-align: justify;\">\n<ol style=\"text-align: justify;\" start=\"47\">\n<li><strong>(CESPE\/Analista\/EBSERH\/2018) <\/strong>O valor pago na aquisi\u00e7\u00e3o de um im\u00f3vel destinado a loca\u00e7\u00e3o a terceiro \u00e9 exemplo de fluxo de caixa decorrente de atividades de investimento.<\/li>\n<\/ol>\n<p style=\"text-align: justify;\"><span style=\"text-decoration: underline;\"><span style=\"color: #ff0000;\"><strong>Coment\u00e1rios:<\/strong><\/span><\/span><\/p>\n<p style=\"text-align: justify;\">Segundo o CPC 03:<\/p>\n<p style=\"text-align: justify;\">Algumas transa\u00e7\u00f5es, como a venda de item do imobilizado, podem resultar em ganho ou perda, que \u00e9 inclu\u00eddo na apura\u00e7\u00e3o do lucro l\u00edquido ou preju\u00edzo. Os fluxos de caixa relativos a tais transa\u00e7\u00f5es s\u00e3o fluxos de caixa provenientes de atividades de investimento. Entretanto, pagamentos em caixa para a produ\u00e7\u00e3o ou a aquisi\u00e7\u00e3o de ativos mantidos para aluguel a terceiros que, em sequ\u00eancia, s\u00e3o vendidos, conforme descrito no item 68A do Pronunciamento T\u00e9cnico CPC 27 &#8211; Ativo Imobilizado, s\u00e3o fluxos de caixa advindos das atividades operacionais. Os recebimentos de alugu\u00e9is e das vendas subsequentes de tais ativos s\u00e3o tamb\u00e9m fluxos de caixa das atividades operacionais.<\/p>\n<p style=\"text-align: justify;\"><strong>Gabarito \u2013 Errado. <\/strong><\/p>\n<p style=\"text-align: justify;\"><strong>\u00a0<\/strong><\/p>\n<ol style=\"text-align: justify;\" start=\"48\">\n<li><strong>(CESPE\/Analista\/EBSERH\/2018) <\/strong>A segrega\u00e7\u00e3o usual entre ativos circulantes e n\u00e3o circulantes, realizada no balan\u00e7o patrimonial, pode ser substitu\u00edda pela apresenta\u00e7\u00e3o de alguns ativos e passivos por ordem de liquidez, quando tal procedimento fornecer informa\u00e7\u00e3o mais confi\u00e1vel e relevante sobre tais itens patrimoniais, mantendo-se para os demais ativos e passivo o crit\u00e9rio tradicional.<\/li>\n<\/ol>\n<p style=\"text-align: justify;\"><span style=\"text-decoration: underline;\"><span style=\"color: #ff0000;\"><strong>Coment\u00e1rios:<\/strong><\/span><\/span><\/p>\n<p style=\"text-align: justify;\">Quest\u00e3o muito interessante! O item est\u00e1 errado apenas por um detalhe! Sen\u00e3o vejamos. Segundo o CPC 26:<\/p>\n<ol style=\"text-align: justify;\" start=\"60\">\n<li>A entidade deve apresentar ativos circulantes e n\u00e3o circulantes, e passivos circulantes e n\u00e3o circulantes, como grupos de contas separados no balan\u00e7o patrimonial, de acordo com os itens 66 a 76, exceto quando uma apresenta\u00e7\u00e3o baseada na liquidez proporcionar informa\u00e7\u00e3o confi\u00e1vel e mais relevante. <strong>Quando essa exce\u00e7\u00e3o for aplic\u00e1vel, todos os ativos e passivos devem ser apresentados por ordem de liquidez.<\/strong><\/li>\n<\/ol>\n<p style=\"text-align: justify;\"><strong>Gabarito \u2013 Errado. <\/strong><\/p>\n<p style=\"text-align: justify;\"><strong>\u00a0<\/strong><\/p>\n<ol style=\"text-align: justify;\" start=\"49\">\n<li><strong>(CESPE\/Analista\/EBSERH\/2018) <\/strong>Na demonstra\u00e7\u00e3o do resultado do exerc\u00edcio, as receitas devem ser apresentadas pelo crit\u00e9rio de compet\u00eancia, avaliados segundo o seu custo hist\u00f3rico.<\/li>\n<\/ol>\n<p style=\"text-align: justify;\"><span style=\"text-decoration: underline;\"><span style=\"color: #ff0000;\"><strong>Coment\u00e1rios:<\/strong><\/span><\/span><\/p>\n<p style=\"text-align: justify;\">O CPC 47 determina que as receitas de contrato com clientes devem ser apresentadas pelo valor justo da contrapresta\u00e7\u00e3o. Havendo juros, estes devem ser tratados como receita financeira.<\/p>\n<p style=\"text-align: justify;\">Portanto, gabarito errado.<\/p>\n<p style=\"text-align: justify;\">\n<p style=\"text-align: justify;\"><strong>Gabarito \u2013 Errado. <\/strong><\/p>\n<ol style=\"text-align: justify;\" start=\"50\">\n<li><strong>(CESPE\/Analista\/EBSERH\/2018) <\/strong>Uma empresa que tenha adquirido insumos de terceiros para seu processo produtivo deve apresentar esses valores na se\u00e7\u00e3o da demonstra\u00e7\u00e3o do valor adicionado destinado \u00e0 demonstra\u00e7\u00e3o da riqueza criada pela entidade.<\/li>\n<\/ol>\n<p style=\"text-align: justify;\"><span style=\"text-decoration: underline;\"><span style=\"color: #ff0000;\"><strong>Coment\u00e1rios:<\/strong><\/span><\/span><\/p>\n<p style=\"text-align: justify;\">Item correto! Os insumos adquiridos de terceiro comp\u00f5em a primeira parte da DVA, tamb\u00e9m conhecida por representar a riqueza gerada pela entidade.<\/p>\n<ol style=\"text-align: justify;\" start=\"14\">\n<li>A DVA, em sua primeira parte, deve apresentar de forma detalhada a riqueza criada pela entidade. Os principais componentes da riqueza criada est\u00e3o apresentados a seguir nos seguintes itens (&#8230;):<\/li>\n<\/ol>\n<p style=\"text-align: justify;\">Insumos adquiridos de terceiros (&#8230;)<\/p>\n<p style=\"text-align: justify;\"><strong>Gabarito \u2013 Correto. <\/strong><\/p>\n<p style=\"text-align: justify;\">\n<ol style=\"text-align: justify;\" start=\"51\">\n<li><strong>(CESPE\/Analista\/EBSERH\/2018) <\/strong>Apesar de ser facultativa, segundo a legisla\u00e7\u00e3o societ\u00e1ria, a demonstra\u00e7\u00e3o das muta\u00e7\u00f5es do patrim\u00f4nio l\u00edquido integra o rol de demonstra\u00e7\u00f5es financeiras classificadas como obrigat\u00f3ria pelo CPC.<\/li>\n<\/ol>\n<p style=\"text-align: justify;\"><span style=\"text-decoration: underline;\"><span style=\"color: #ff0000;\"><strong>Coment\u00e1rios:<\/strong><\/span><\/span><\/p>\n<p style=\"text-align: justify;\">Item correto! Segundo a Lei 6.404:<\/p>\n<p style=\"text-align: justify;\">A DMPL n\u00e3o consta como sendo obrigat\u00f3ria pela Lei 6.404\/76. Todavia, o CPC 26 (Apresenta\u00e7\u00e3o das demonstra\u00e7\u00f5es cont\u00e1beis) arrolou esta demonstra\u00e7\u00e3o dentre aquelas que fazem parte do conjunto das demonstra\u00e7\u00f5es cont\u00e1beis de uma entidade. Tal men\u00e7\u00e3o levou o FIPECAFI, no livro Manual de Contabilidade Societ\u00e1ria, a considerar que, a partir da edi\u00e7\u00e3o do Pronunciamento Cont\u00e1bil, a DMPL passa a ser obrigat\u00f3ria a todos os tipos societ\u00e1rios.<\/p>\n<p style=\"text-align: justify;\"><strong>Gabarito \u2013 Correto. <\/strong><\/p>\n<p style=\"text-align: justify;\"><strong>\u00a0<\/strong><\/p>\n<ol style=\"text-align: justify;\" start=\"58\">\n<li><strong>(CESPE\/Analista\/EBSERH\/2018) <\/strong>Situa\u00e7\u00e3o hipot\u00e9tica: Uma empresa adquiriu o equipamento industrial X, com vida \u00fatil estimada de 10 anos e capacidade de processamento de um milh\u00e3o de pe\u00e7as. X custou R$ 350 mil e apresentou a produtividade de 80 mil pe\u00e7as no primeiro ano e 120 mil pe\u00e7as no segundo ano.<\/li>\n<\/ol>\n<p style=\"text-align: justify;\">No final do primeiro trimestre do terceiro ano de utiliza\u00e7\u00e3o de X, quando h\u00e1 haviam sido produzidas mais 40 mil pe\u00e7as, a empresa resolveu substituir esse equipamento por um mais moderno, tendo realizado a venda de X por R$ 270 mil. A deprecia\u00e7\u00e3o foi calculada pelo m\u00e9todo das unidades produzidas.<\/p>\n<p style=\"text-align: justify;\"><strong>Assertiva: <\/strong>Nessa situa\u00e7\u00e3o, a empresa realizou uma perda com baixa de x.<\/p>\n<p style=\"text-align: justify;\"><span style=\"text-decoration: underline;\"><span style=\"color: #ff0000;\"><strong>Coment\u00e1rios:<\/strong><\/span><\/span><\/p>\n<p style=\"text-align: justify;\">Vamos calcular a deprecia\u00e7\u00e3o acumulada, pelo m\u00e9todo das unidades produzidas.<\/p>\n<p style=\"text-align: justify;\">80 mil + 120 mil + 40 mil = 240 mil pe\u00e7as produzidas.<\/p>\n<p style=\"text-align: justify;\">Deprecia\u00e7\u00e3o acumulada = 240 \/ 1.000 = 0,24 = 24%<\/p>\n<p style=\"text-align: justify;\">Deprecia\u00e7\u00e3o acumulada = 350.000 x 24% = 84.000<\/p>\n<p style=\"text-align: justify;\">Valor cont\u00e1bil = Valor original \u2013 Deprecia\u00e7\u00e3o acumulada<\/p>\n<p style=\"text-align: justify;\">Valor cont\u00e1bil = 350.000 \u2013 84.000 = 266.000<\/p>\n<p style=\"text-align: justify;\">Resultado da baixa = pre\u00e7o de venda \u2013 valor cont\u00e1bil<\/p>\n<p style=\"text-align: justify;\">Resultado da baixa = 270.000 \u2013 266.000 = 4.000<\/p>\n<p style=\"text-align: justify;\">Portanto, houve um ganho de $4.000 com a baixa, e n\u00e3o uma perda.<\/p>\n<p style=\"text-align: justify;\"><strong>Gabarito \u2013 Errado<\/strong><\/p>\n<p style=\"text-align: justify;\"><strong>\u00a0<\/strong><\/p>\n<ol style=\"text-align: justify;\" start=\"59\">\n<li><strong>(CESPE\/Analista\/EBSERH\/2018) <\/strong>Enquanto o custo deduzida da deprecia\u00e7\u00e3o, amortiza\u00e7\u00e3o ou exaust\u00e3o, revisado periodicamente pela avalia\u00e7\u00e3o de recuperabilidade do valor investido, \u00e9 o crit\u00e9rio de avalia\u00e7\u00e3o de ativos imobilizados na maior parte das empresas, nas empresas agr\u00edcolas, os ativos biol\u00f3gicos devem, em geral, ser avaliados a valor justo.<\/li>\n<\/ol>\n<p style=\"text-align: justify;\"><span style=\"text-decoration: underline;\"><span style=\"color: #ff0000;\"><strong>Coment\u00e1rios:<\/strong><\/span><\/span><\/p>\n<p style=\"text-align: justify;\">Item correto! Segundo o CPC 29, o ativo biol\u00f3gico \u00e9 avaliado a valor justo.<\/p>\n<ol style=\"text-align: justify;\" start=\"12\">\n<li>O ativo biol\u00f3gico deve ser mensurado ao valor justo menos a despesa de venda no momento do reconhecimento inicial e no final de cada per\u00edodo de compet\u00eancia, exceto para os casos descritos no item 30, em que o valor justo n\u00e3o pode ser mensurado de forma confi\u00e1vel.<\/li>\n<\/ol>\n<p style=\"text-align: justify;\"><strong>Gabarito \u2013 Correto. <\/strong><\/p>\n<p style=\"text-align: justify;\">\n<ol style=\"text-align: justify;\" start=\"60\">\n<li><strong>(CESPE\/Analista\/EBSERH\/2018) <\/strong>A constata\u00e7\u00e3o de que o valor de mercado das a\u00e7\u00f5es de uma empresa \u00e9 inferior ao seu valor patrimonial \u00e9 um indicativo externo de que seus ativos podem estar sobreavaliados, sinalizando a necessidade de realiza\u00e7\u00e3o de teste de recuperabilidade do valor patrimonial desses ativos.<\/li>\n<\/ol>\n<p style=\"text-align: justify;\"><span style=\"text-decoration: underline;\"><span style=\"color: #ff0000;\"><strong>Coment\u00e1rios:<\/strong><\/span><\/span><\/p>\n<p style=\"text-align: justify;\">O item est\u00e1 correto. Geralmente, como a empresa trabalha com seus ativos em sinergia, o valor de mercado da companhia \u00e9 maior do que o valor patrimonial.<\/p>\n<p style=\"text-align: justify;\">Quando isso n\u00e3o acontece, superando o valor patrimonial ao valor de mercado, pode ser um indicativo de que a empresa passar por um \u201cproblema\u201d, estando os seus ativos superavaliados ou sobreavaliados.<\/p>\n<p style=\"text-align: justify;\">Nesta hip\u00f3tese, \u00e9 poss\u00edvel a realiza\u00e7\u00e3o do teste de recuperabilidade.<\/p>\n<p style=\"text-align: justify;\"><strong>Gabarito \u2013 Correto.<\/strong><\/p>\n<p style=\"text-align: justify;\"><strong>\u00a0<\/strong><\/p>\n<p style=\"text-align: justify;\"><strong>\u00a0<\/strong><\/p>\n<p style=\"text-align: justify;\">Uma empresa adquiriu R$ 220.000,00 de materiais para a produ\u00e7\u00e3o, sendo recuper\u00e1veis R$ 20.000,00 de IPI e R$ 24.000,00 de ICMS.<\/p>\n<p style=\"text-align: justify;\">Considerando essa situa\u00e7\u00e3o hipot\u00e9tica, julgue os seguintes itens a respeito do tratamento cont\u00e1bil aplic\u00e1vel aos impostos e \u00e0s contribui\u00e7\u00f5es.<\/p>\n<ol style=\"text-align: justify;\" start=\"86\">\n<li><strong>(CESPE\/Analista\/EBSERH\/2018) <\/strong>O lan\u00e7amento cont\u00e1bil a ser realizado no t\u00e9rmino do per\u00edodo da apura\u00e7\u00e3o do IPI dever\u00e1 ser o seguinte.<\/li>\n<\/ol>\n<p style=\"text-align: justify;\">D \u2013 IPI a recuperar R$ 20.000,00<\/p>\n<p style=\"text-align: justify;\">C \u2013 IPI a recolher R$ 20.000,00<\/p>\n<p style=\"text-align: justify;\">\n<ol style=\"text-align: justify;\" start=\"87\">\n<li><strong>(CESPE\/Analista\/EBSERH\/2018) <\/strong>O lan\u00e7amento cont\u00e1bil a ser realizado na data de aquisi\u00e7\u00e3o dos materiais dever\u00e1 ser o seguinte:<\/li>\n<\/ol>\n<p style=\"text-align: justify;\">D \u2013 Estoque de mat\u00e9rias primas 176.000,00<\/p>\n<p style=\"text-align: justify;\">D \u2013 IPI a recuperar 20.000,00<\/p>\n<p style=\"text-align: justify;\">D \u2013 ICMS a recuperar 24.000,00<\/p>\n<p style=\"text-align: justify;\">C \u2013 Fornecedores 220.000,00<\/p>\n<p style=\"text-align: justify;\"><span style=\"text-decoration: underline;\"><span style=\"color: #ff0000;\"><strong>Coment\u00e1rios:<\/strong><\/span><\/span><\/p>\n<p style=\"text-align: justify;\">Como \u00e9 para produ\u00e7\u00e3o, IPI e ICMs s\u00e3o recuper\u00e1veis. O lan\u00e7amento na aquisi\u00e7\u00e3o \u00e9 o que se segue:<\/p>\n<p style=\"text-align: justify;\">D \u2013 Estoque de mat\u00e9rias primas 176.000,00<\/p>\n<p style=\"text-align: justify;\">D \u2013 IPI a recuperar 20.000,00<\/p>\n<p style=\"text-align: justify;\">D \u2013 ICMS a recuperar 24.000,00<\/p>\n<p style=\"text-align: justify;\">C \u2013 Fornecedores 220.000,00<\/p>\n<p style=\"text-align: justify;\">Portanto, quest\u00e3o 87 correto.<\/p>\n<p style=\"text-align: justify;\">No final do exerc\u00edcio, se n\u00e3o houve qualquer venda, n\u00e3o h\u00e1 motivo para lan\u00e7ar o IPI a recuperar contra o IPI a recolher. Esse lan\u00e7amento s\u00f3 \u00e9 realizado se for para abater o valor a recuperar do valor a recolher.<\/p>\n<p style=\"text-align: justify;\">Ademais, pelo que foi apresentado na quest\u00e3o, voc\u00ea est\u00e1 aumentando o saldo do seu IPI a recuperar e do IPI a recolher, o que n\u00e3o tem sentido.<\/p>\n<p style=\"text-align: justify;\"><strong>Gabarito 86 &#8211; Errado.<\/strong><\/p>\n<p style=\"text-align: justify;\"><strong>Gabarito 87 \u2013 Correto. <\/strong><\/p>\n<p style=\"text-align: justify;\">\n","protected":false},"excerpt":{"rendered":"<p>Ol\u00e1, pessoal! A seguir o gabarito extraoficial da prova de Analista Cont\u00e1bil da EBSERH. Por enquanto, sem possibilidade de recursos. Vamos esperar o gabarito oficial e nos manifestamos novamente. Forte abra\u00e7o! (CESPE\/Analista\/EBSERH\/2018) Ao se ajustar o fluxo de caixa de um neg\u00f3cio a valor presente, n\u00e3o havendo possibilidade de estimar confiavelmente o pr\u00eamio de risco [&hellip;]<\/p>\n","protected":false},"author":20,"featured_media":0,"comment_status":"open","ping_status":"closed","sticky":false,"template":"","format":"standard","meta":{"post_tipo":"article","footnotes":""},"categories":[1,1981],"tags":[],"tax_estado":[],"class_list":["post-120037","post","type-post","status-publish","format-standard","hentry","category-cursos-e-concursos","category-saude"],"acf":[],"yoast_head":"<!-- This site is optimized with the Yoast SEO Premium plugin v27.2 (Yoast SEO v27.2) - https:\/\/yoast.com\/product\/yoast-seo-premium-wordpress\/ -->\n<title>Coment\u00e1rios Contabilidade - Analista EBSERH!<\/title>\n<meta name=\"robots\" content=\"index, follow, max-snippet:-1, max-image-preview:large, max-video-preview:-1\" \/>\n<link rel=\"canonical\" href=\"https:\/\/www.estrategiaconcursos.com.br\/blog\/comentarios-contabilidade-analista-ebserh\/\" \/>\n<meta property=\"og:locale\" content=\"pt_BR\" \/>\n<meta property=\"og:type\" content=\"article\" \/>\n<meta property=\"og:title\" content=\"Coment\u00e1rios Contabilidade - Analista EBSERH!\" \/>\n<meta property=\"og:description\" content=\"Ol\u00e1, pessoal! A seguir o gabarito extraoficial da prova de Analista Cont\u00e1bil da EBSERH. Por enquanto, sem possibilidade de recursos. Vamos esperar o gabarito oficial e nos manifestamos novamente. Forte abra\u00e7o! (CESPE\/Analista\/EBSERH\/2018) Ao se ajustar o fluxo de caixa de um neg\u00f3cio a valor presente, n\u00e3o havendo possibilidade de estimar confiavelmente o pr\u00eamio de risco [&hellip;]\" \/>\n<meta property=\"og:url\" content=\"https:\/\/www.estrategiaconcursos.com.br\/blog\/comentarios-contabilidade-analista-ebserh\/\" \/>\n<meta property=\"og:site_name\" content=\"Estrat\u00e9gia Concursos\" \/>\n<meta property=\"article:published_time\" content=\"2018-05-08T02:48:05+00:00\" \/>\n<meta property=\"article:modified_time\" content=\"2020-04-13T18:12:53+00:00\" \/>\n<meta name=\"author\" content=\"Luciano Rosa\" \/>\n<meta name=\"twitter:card\" content=\"summary_large_image\" \/>\n<meta name=\"twitter:creator\" content=\"@EstratConcursos\" \/>\n<meta name=\"twitter:site\" content=\"@EstratConcursos\" \/>\n<meta name=\"twitter:label1\" content=\"Escrito por\" \/>\n\t<meta name=\"twitter:data1\" content=\"Luciano Rosa\" \/>\n\t<meta name=\"twitter:label2\" content=\"Est. tempo de leitura\" \/>\n\t<meta name=\"twitter:data2\" content=\"13 minutos\" \/>\n<script type=\"application\/ld+json\" class=\"yoast-schema-graph\">{\"@context\":\"https:\/\/schema.org\",\"@graph\":[{\"@type\":\"NewsArticle\",\"@id\":\"https:\/\/www.estrategiaconcursos.com.br\/blog\/comentarios-contabilidade-analista-ebserh\/#article\",\"isPartOf\":{\"@id\":\"https:\/\/www.estrategiaconcursos.com.br\/blog\/comentarios-contabilidade-analista-ebserh\/\"},\"author\":{\"name\":\"Luciano Rosa\",\"@id\":\"https:\/\/www.estrategiaconcursos.com.br\/blog\/#\/schema\/person\/523996854b82477bef38e2ab59b10b96\"},\"headline\":\"Coment\u00e1rios Contabilidade &#8211; Analista EBSERH!\",\"datePublished\":\"2018-05-08T02:48:05+00:00\",\"dateModified\":\"2020-04-13T18:12:53+00:00\",\"mainEntityOfPage\":{\"@id\":\"https:\/\/www.estrategiaconcursos.com.br\/blog\/comentarios-contabilidade-analista-ebserh\/\"},\"wordCount\":2687,\"commentCount\":2,\"publisher\":{\"@id\":\"https:\/\/www.estrategiaconcursos.com.br\/blog\/#organization\"},\"articleSection\":[\"Concursos P\u00fablicos\",\"Sa\u00fade\"],\"inLanguage\":\"pt-BR\",\"potentialAction\":[{\"@type\":\"CommentAction\",\"name\":\"Comment\",\"target\":[\"https:\/\/www.estrategiaconcursos.com.br\/blog\/comentarios-contabilidade-analista-ebserh\/#respond\"]}],\"copyrightYear\":\"2018\",\"copyrightHolder\":{\"@id\":\"https:\/\/www.estrategiaconcursos.com.br\/blog\/#organization\"}},{\"@type\":\"WebPage\",\"@id\":\"https:\/\/www.estrategiaconcursos.com.br\/blog\/comentarios-contabilidade-analista-ebserh\/\",\"url\":\"https:\/\/www.estrategiaconcursos.com.br\/blog\/comentarios-contabilidade-analista-ebserh\/\",\"name\":\"Coment\u00e1rios Contabilidade - Analista EBSERH!\",\"isPartOf\":{\"@id\":\"https:\/\/www.estrategiaconcursos.com.br\/blog\/#website\"},\"datePublished\":\"2018-05-08T02:48:05+00:00\",\"dateModified\":\"2020-04-13T18:12:53+00:00\",\"breadcrumb\":{\"@id\":\"https:\/\/www.estrategiaconcursos.com.br\/blog\/comentarios-contabilidade-analista-ebserh\/#breadcrumb\"},\"inLanguage\":\"pt-BR\",\"potentialAction\":[{\"@type\":\"ReadAction\",\"target\":[\"https:\/\/www.estrategiaconcursos.com.br\/blog\/comentarios-contabilidade-analista-ebserh\/\"]}]},{\"@type\":\"BreadcrumbList\",\"@id\":\"https:\/\/www.estrategiaconcursos.com.br\/blog\/comentarios-contabilidade-analista-ebserh\/#breadcrumb\",\"itemListElement\":[{\"@type\":\"ListItem\",\"position\":1,\"name\":\"In\u00edcio\",\"item\":\"https:\/\/www.estrategiaconcursos.com.br\/blog\/\"},{\"@type\":\"ListItem\",\"position\":2,\"name\":\"Coment\u00e1rios Contabilidade &#8211; Analista EBSERH!\"}]},{\"@type\":\"WebSite\",\"@id\":\"https:\/\/www.estrategiaconcursos.com.br\/blog\/#website\",\"url\":\"https:\/\/www.estrategiaconcursos.com.br\/blog\/\",\"name\":\"Estrat\u00e9gia Concursos\",\"description\":\"O blog da Estrat\u00e9gia Concursos traz not\u00edcias sobre concursos e artigos de professores oferecendo cursos para concursos (pdf + videaulas) no site.\",\"publisher\":{\"@id\":\"https:\/\/www.estrategiaconcursos.com.br\/blog\/#organization\"},\"potentialAction\":[{\"@type\":\"SearchAction\",\"target\":{\"@type\":\"EntryPoint\",\"urlTemplate\":\"https:\/\/www.estrategiaconcursos.com.br\/blog\/?s={search_term_string}\"},\"query-input\":{\"@type\":\"PropertyValueSpecification\",\"valueRequired\":true,\"valueName\":\"search_term_string\"}}],\"inLanguage\":\"pt-BR\"},{\"@type\":\"Organization\",\"@id\":\"https:\/\/www.estrategiaconcursos.com.br\/blog\/#organization\",\"name\":\"Estrat\u00e9gia Concursos\",\"url\":\"https:\/\/www.estrategiaconcursos.com.br\/blog\/\",\"logo\":{\"@type\":\"ImageObject\",\"inLanguage\":\"pt-BR\",\"@id\":\"https:\/\/www.estrategiaconcursos.com.br\/blog\/#\/schema\/logo\/image\/\",\"url\":\"https:\/\/dhg1h5j42swfq.cloudfront.net\/2025\/06\/03203428\/logo_concursos-1.jpg\",\"contentUrl\":\"https:\/\/dhg1h5j42swfq.cloudfront.net\/2025\/06\/03203428\/logo_concursos-1.jpg\",\"width\":230,\"height\":60,\"caption\":\"Estrat\u00e9gia Concursos\"},\"image\":{\"@id\":\"https:\/\/www.estrategiaconcursos.com.br\/blog\/#\/schema\/logo\/image\/\"},\"sameAs\":[\"https:\/\/x.com\/EstratConcursos\"]},{\"@type\":\"Person\",\"@id\":\"https:\/\/www.estrategiaconcursos.com.br\/blog\/#\/schema\/person\/523996854b82477bef38e2ab59b10b96\",\"name\":\"Luciano Rosa\",\"image\":{\"@type\":\"ImageObject\",\"inLanguage\":\"pt-BR\",\"@id\":\"https:\/\/secure.gravatar.com\/avatar\/83a121de5c60d4c6fd842714d97bf0c8077c4e40935f2d96950c4a5859cf82c4?s=96&d=mm&r=g\",\"url\":\"https:\/\/secure.gravatar.com\/avatar\/83a121de5c60d4c6fd842714d97bf0c8077c4e40935f2d96950c4a5859cf82c4?s=96&d=mm&r=g\",\"contentUrl\":\"https:\/\/secure.gravatar.com\/avatar\/83a121de5c60d4c6fd842714d97bf0c8077c4e40935f2d96950c4a5859cf82c4?s=96&d=mm&r=g\",\"caption\":\"Luciano Rosa\"},\"url\":\"https:\/\/www.estrategiaconcursos.com.br\/blog\/author\/lucianorosaestrategiaconcursos-com-br\/\"}]}<\/script>\n<!-- \/ Yoast SEO Premium plugin. -->","yoast_head_json":{"title":"Coment\u00e1rios Contabilidade - Analista EBSERH!","robots":{"index":"index","follow":"follow","max-snippet":"max-snippet:-1","max-image-preview":"max-image-preview:large","max-video-preview":"max-video-preview:-1"},"canonical":"https:\/\/www.estrategiaconcursos.com.br\/blog\/comentarios-contabilidade-analista-ebserh\/","og_locale":"pt_BR","og_type":"article","og_title":"Coment\u00e1rios Contabilidade - Analista EBSERH!","og_description":"Ol\u00e1, pessoal! A seguir o gabarito extraoficial da prova de Analista Cont\u00e1bil da EBSERH. Por enquanto, sem possibilidade de recursos. Vamos esperar o gabarito oficial e nos manifestamos novamente. Forte abra\u00e7o! (CESPE\/Analista\/EBSERH\/2018) Ao se ajustar o fluxo de caixa de um neg\u00f3cio a valor presente, n\u00e3o havendo possibilidade de estimar confiavelmente o pr\u00eamio de risco [&hellip;]","og_url":"https:\/\/www.estrategiaconcursos.com.br\/blog\/comentarios-contabilidade-analista-ebserh\/","og_site_name":"Estrat\u00e9gia Concursos","article_published_time":"2018-05-08T02:48:05+00:00","article_modified_time":"2020-04-13T18:12:53+00:00","author":"Luciano Rosa","twitter_card":"summary_large_image","twitter_creator":"@EstratConcursos","twitter_site":"@EstratConcursos","twitter_misc":{"Escrito por":"Luciano Rosa","Est. tempo de leitura":"13 minutos"},"schema":{"@context":"https:\/\/schema.org","@graph":[{"@type":"NewsArticle","@id":"https:\/\/www.estrategiaconcursos.com.br\/blog\/comentarios-contabilidade-analista-ebserh\/#article","isPartOf":{"@id":"https:\/\/www.estrategiaconcursos.com.br\/blog\/comentarios-contabilidade-analista-ebserh\/"},"author":{"name":"Luciano Rosa","@id":"https:\/\/www.estrategiaconcursos.com.br\/blog\/#\/schema\/person\/523996854b82477bef38e2ab59b10b96"},"headline":"Coment\u00e1rios Contabilidade &#8211; Analista EBSERH!","datePublished":"2018-05-08T02:48:05+00:00","dateModified":"2020-04-13T18:12:53+00:00","mainEntityOfPage":{"@id":"https:\/\/www.estrategiaconcursos.com.br\/blog\/comentarios-contabilidade-analista-ebserh\/"},"wordCount":2687,"commentCount":2,"publisher":{"@id":"https:\/\/www.estrategiaconcursos.com.br\/blog\/#organization"},"articleSection":["Concursos P\u00fablicos","Sa\u00fade"],"inLanguage":"pt-BR","potentialAction":[{"@type":"CommentAction","name":"Comment","target":["https:\/\/www.estrategiaconcursos.com.br\/blog\/comentarios-contabilidade-analista-ebserh\/#respond"]}],"copyrightYear":"2018","copyrightHolder":{"@id":"https:\/\/www.estrategiaconcursos.com.br\/blog\/#organization"}},{"@type":"WebPage","@id":"https:\/\/www.estrategiaconcursos.com.br\/blog\/comentarios-contabilidade-analista-ebserh\/","url":"https:\/\/www.estrategiaconcursos.com.br\/blog\/comentarios-contabilidade-analista-ebserh\/","name":"Coment\u00e1rios Contabilidade - Analista EBSERH!","isPartOf":{"@id":"https:\/\/www.estrategiaconcursos.com.br\/blog\/#website"},"datePublished":"2018-05-08T02:48:05+00:00","dateModified":"2020-04-13T18:12:53+00:00","breadcrumb":{"@id":"https:\/\/www.estrategiaconcursos.com.br\/blog\/comentarios-contabilidade-analista-ebserh\/#breadcrumb"},"inLanguage":"pt-BR","potentialAction":[{"@type":"ReadAction","target":["https:\/\/www.estrategiaconcursos.com.br\/blog\/comentarios-contabilidade-analista-ebserh\/"]}]},{"@type":"BreadcrumbList","@id":"https:\/\/www.estrategiaconcursos.com.br\/blog\/comentarios-contabilidade-analista-ebserh\/#breadcrumb","itemListElement":[{"@type":"ListItem","position":1,"name":"In\u00edcio","item":"https:\/\/www.estrategiaconcursos.com.br\/blog\/"},{"@type":"ListItem","position":2,"name":"Coment\u00e1rios Contabilidade &#8211; Analista EBSERH!"}]},{"@type":"WebSite","@id":"https:\/\/www.estrategiaconcursos.com.br\/blog\/#website","url":"https:\/\/www.estrategiaconcursos.com.br\/blog\/","name":"Estrat\u00e9gia Concursos","description":"O blog da Estrat\u00e9gia Concursos traz not\u00edcias sobre concursos e artigos de professores oferecendo cursos para concursos (pdf + videaulas) no site.","publisher":{"@id":"https:\/\/www.estrategiaconcursos.com.br\/blog\/#organization"},"potentialAction":[{"@type":"SearchAction","target":{"@type":"EntryPoint","urlTemplate":"https:\/\/www.estrategiaconcursos.com.br\/blog\/?s={search_term_string}"},"query-input":{"@type":"PropertyValueSpecification","valueRequired":true,"valueName":"search_term_string"}}],"inLanguage":"pt-BR"},{"@type":"Organization","@id":"https:\/\/www.estrategiaconcursos.com.br\/blog\/#organization","name":"Estrat\u00e9gia Concursos","url":"https:\/\/www.estrategiaconcursos.com.br\/blog\/","logo":{"@type":"ImageObject","inLanguage":"pt-BR","@id":"https:\/\/www.estrategiaconcursos.com.br\/blog\/#\/schema\/logo\/image\/","url":"https:\/\/dhg1h5j42swfq.cloudfront.net\/2025\/06\/03203428\/logo_concursos-1.jpg","contentUrl":"https:\/\/dhg1h5j42swfq.cloudfront.net\/2025\/06\/03203428\/logo_concursos-1.jpg","width":230,"height":60,"caption":"Estrat\u00e9gia Concursos"},"image":{"@id":"https:\/\/www.estrategiaconcursos.com.br\/blog\/#\/schema\/logo\/image\/"},"sameAs":["https:\/\/x.com\/EstratConcursos"]},{"@type":"Person","@id":"https:\/\/www.estrategiaconcursos.com.br\/blog\/#\/schema\/person\/523996854b82477bef38e2ab59b10b96","name":"Luciano Rosa","image":{"@type":"ImageObject","inLanguage":"pt-BR","@id":"https:\/\/secure.gravatar.com\/avatar\/83a121de5c60d4c6fd842714d97bf0c8077c4e40935f2d96950c4a5859cf82c4?s=96&d=mm&r=g","url":"https:\/\/secure.gravatar.com\/avatar\/83a121de5c60d4c6fd842714d97bf0c8077c4e40935f2d96950c4a5859cf82c4?s=96&d=mm&r=g","contentUrl":"https:\/\/secure.gravatar.com\/avatar\/83a121de5c60d4c6fd842714d97bf0c8077c4e40935f2d96950c4a5859cf82c4?s=96&d=mm&r=g","caption":"Luciano Rosa"},"url":"https:\/\/www.estrategiaconcursos.com.br\/blog\/author\/lucianorosaestrategiaconcursos-com-br\/"}]}},"_links":{"self":[{"href":"https:\/\/www.estrategiaconcursos.com.br\/blog\/wp-json\/wp\/v2\/posts\/120037","targetHints":{"allow":["GET"]}}],"collection":[{"href":"https:\/\/www.estrategiaconcursos.com.br\/blog\/wp-json\/wp\/v2\/posts"}],"about":[{"href":"https:\/\/www.estrategiaconcursos.com.br\/blog\/wp-json\/wp\/v2\/types\/post"}],"author":[{"embeddable":true,"href":"https:\/\/www.estrategiaconcursos.com.br\/blog\/wp-json\/wp\/v2\/users\/20"}],"replies":[{"embeddable":true,"href":"https:\/\/www.estrategiaconcursos.com.br\/blog\/wp-json\/wp\/v2\/comments?post=120037"}],"version-history":[{"count":7,"href":"https:\/\/www.estrategiaconcursos.com.br\/blog\/wp-json\/wp\/v2\/posts\/120037\/revisions"}],"predecessor-version":[{"id":413647,"href":"https:\/\/www.estrategiaconcursos.com.br\/blog\/wp-json\/wp\/v2\/posts\/120037\/revisions\/413647"}],"wp:attachment":[{"href":"https:\/\/www.estrategiaconcursos.com.br\/blog\/wp-json\/wp\/v2\/media?parent=120037"}],"wp:term":[{"taxonomy":"category","embeddable":true,"href":"https:\/\/www.estrategiaconcursos.com.br\/blog\/wp-json\/wp\/v2\/categories?post=120037"},{"taxonomy":"post_tag","embeddable":true,"href":"https:\/\/www.estrategiaconcursos.com.br\/blog\/wp-json\/wp\/v2\/tags?post=120037"},{"taxonomy":"tax_estado","embeddable":true,"href":"https:\/\/www.estrategiaconcursos.com.br\/blog\/wp-json\/wp\/v2\/tax_estado?post=120037"}],"curies":[{"name":"wp","href":"https:\/\/api.w.org\/{rel}","templated":true}]}}