{"id":1200367,"date":"2023-04-12T08:47:54","date_gmt":"2023-04-12T11:47:54","guid":{"rendered":"https:\/\/www.estrategiaconcursos.com.br\/blog\/?p=1200367"},"modified":"2023-04-12T09:57:43","modified_gmt":"2023-04-12T12:57:43","slug":"concurso-tse-unificado-possibilidade-de-aumento-de-pessoal","status":"publish","type":"post","link":"https:\/\/www.estrategiaconcursos.com.br\/blog\/concurso-tse-unificado-possibilidade-de-aumento-de-pessoal\/","title":{"rendered":"Concurso TSE Unificado: possibilidade de aumento de pessoal em pauta!"},"content":{"rendered":"\n<p>O presidente do Tribunal Superior Eleitoral (TSE), Alexandre de Morais, se reuniu com os demais presidentes dos Tribunais Regionais Eleitoraris (TREs), e uma das pautas do encontro foi a possibilidade de aumento de pessoal nos TREs, o que indica que as movimenta\u00e7\u00f5es para o <strong>concurso TSE Unificado<\/strong> est\u00e3o a todo vapor.<\/p>\n\n\n\n<p>Segundo divulgado pelo portal de not\u00edcias do TSE nesta quarta-feira,12, o aumento de pessoal nos \u00f3rg\u00e3os regionais foi um dos destaques da reuni\u00e3o, e versou sobre interesse na devolu\u00e7\u00e3o dos servidores requisitados para aumentar o quadro administrativo do \u00f3rg\u00e3o.<\/p>\n\n\n\n<p>Vale lembrar que o edital do novo <strong>concurso TSE unificado<\/strong> est\u00e1 previsto para<strong> agosto semestre de 2023<\/strong>, de acordo com o divulgado na ata do encontro do Col\u00e9gio de Presidentes dos Tribunais Regionais Eleitorais.<\/p>\n\n\n\n<p>A informa\u00e7\u00e3o foi apresentada pelo Diretor-Geral do TSE, Dr. Rui Moreira, que ainda apontou que as provas do certame unificado com cria\u00e7\u00e3o de cargos dever\u00e3o ser aplicadas em setembro ou outubro desse ano.<\/p>\n\n\n\n<p>Al\u00e9m disso, a proposta que prev\u00ea a&nbsp;<strong>cria\u00e7\u00e3o de 565 vagas<\/strong>&nbsp;de Analista Judici\u00e1rio na \u00e1rea de An\u00e1lise de Sistemas, que podem ser inclusas no edital est\u00e1 em analise no TSE. <\/p>\n\n\n\n<p>O comunicado tamb\u00e9m foi apresentada durante 80\u00ba Encontro do Col\u00e9gio de Presidentes dos Tribunais Regionais Eleitorais (Coptrel), e a proposta j\u00e1 foi encaminhada ao Congresso Nacional e&nbsp;ao dever\u00e1 ser tamb\u00e9m analisada pelo \u00f3rg\u00e3o superior da Justi\u00e7a Eleitoral.<\/p>\n\n\n\n<p>Ressalta-se ainda que at\u00e9 o momento,&nbsp;com exce\u00e7\u00e3o do TRE PA, <strong>todos os Tribunais Regionais Eleitorais<\/strong>&nbsp;j\u00e1 demonstraram interesse no edital unificado promovido pelo Tribunal Superior Eleitoral (TSE).<\/p>\n\n\n\n<p>Fique por dentro de todas as atualiza\u00e7\u00f5es sobre o concurso TSE Unificado, cujo aumento de pessoal est\u00e1 em pauta! Elaboramos um artigo completo para voc\u00ea!<\/p>\n\n\n\n<p class=\"has-text-align-center has-blush-light-purple-gradient-background has-background has-medium-font-size\"><strong>Saiba mais: <a href=\"https:\/\/www.estrategiaconcursos.com.br\/blog\/concurso-tse-unificado\/\" target=\"_blank\" rel=\"noreferrer noopener\">concurso TSE Unificado<\/a><\/strong><\/p>\n\n\n\n<h2 class=\"wp-block-heading has-text-align-center\" id=\"h-quer-saber-tudo-sobre-concursos-previstos-confira-nossos-artigos\">Quer saber tudo sobre concursos previstos?<br \/>Confira nossos artigos!<\/h2>\n\n\n\n<ul class=\"wp-block-list\">\n<li><a href=\"https:\/\/www.estrategiaconcursos.com.br\/blog\/concursos-2023\/\" target=\"_blank\" rel=\"noreferrer noopener\">Concursos 2023<\/a><\/li>\n\n\n\n<li><a href=\"https:\/\/www.estrategiaconcursos.com.br\/blog\/concursos-abertos\/\" target=\"_blank\" rel=\"noreferrer noopener\">Concursos abertos<\/a><\/li>\n\n\n\n<li><a href=\"https:\/\/www.estrategiaconcursos.com.br\/blog\/concursos-tribunais\/\" target=\"_blank\" rel=\"noreferrer noopener\">Concursos Tribunais<\/a><\/li>\n<\/ul>\n\n\n\n<h2 class=\"wp-block-heading has-text-align-center\" id=\"cursos-assinatura\"><br \/>Quer estudar para o concurso TSE Unificado?<\/h2>\n\n\n\n<div class=\"container\" id=\"boxes\">\n  <div class=\"row\">\n    <div class=\"col-sm\">\n      <div class=\"banner-tribunal\" id=\"box-assinatura\">\n        <h2 class=\"titulo-assinatura\"><span style=\"color: #ffffff; font-size: 28px; \">Curso para Concurso TSE<\/span><\/h2>\n        <p class=\"subtitulo-assinatura\">Conhe\u00e7a os cursos<\/p>\n        <div class=\"box-botao\">\n          <a class=\"btn-assinatura\" target=\"_blank\" href=\"https:\/\/www.estrategiaconcursos.com.br\/cursosPorConcurso\/tribunal-superior-eleitoral-tse-servidores\/\" role=\"button\" rel=\"noopener noreferrer\">Conhe\u00e7a mais<\/a>\n        <\/div>\n      <\/div>\n      <p class=\"texto-auxiliar\">Prepare-se com o melhor material e com quem mais aprova em Concursos P\u00fablicos em todo o pa\u00eds.<\/p>\n    <\/div>\n  <\/div>\n<\/div>\n\n\n\n<div class=\"container\" id=\"boxes\">\n  <div class=\"row\">\n    <div class=\"col-sm\">\n      <div class=\"estrategia\" id=\"box-assinatura\">\n        <h3 class=\"titulo-assinatura\">Assinatura Concursos<\/h3>\n        <p class=\"subtitulo-assinatura\">Assinatura de 1 ano ou 2 anos<\/p>\n        <div class=\"box-botao\">\n          <a class=\"btn-assinatura\" target=\"_blank\" href=\"https:\/\/www.estrategiaconcursos.com.br\/assinaturas\/\" role=\"button\" rel=\"noopener noreferrer\">ASSINE AGORA<\/a>\n        <\/div>\n      <\/div>\n     \n    <\/div><\/div><\/div>\n","protected":false},"excerpt":{"rendered":"<p>O presidente do Tribunal Superior Eleitoral (TSE), Alexandre de Morais, se reuniu com os demais presidentes dos Tribunais Regionais Eleitoraris (TREs), e uma das pautas do encontro foi a possibilidade de aumento de pessoal nos TREs, o que indica que as movimenta\u00e7\u00f5es para o concurso TSE Unificado est\u00e3o a todo vapor. Segundo divulgado pelo portal [&hellip;]<\/p>\n","protected":false},"author":2402,"featured_media":0,"comment_status":"open","ping_status":"closed","sticky":false,"template":"","format":"standard","meta":{"post_tipo":"news","footnotes":""},"categories":[1984,220737,220219],"tags":[],"tax_estado":[219964,219965,219966,219967,219968,219969,219963,219970,219971,219972,219973,219974,219975,219976,219977,219978,219979,219980,219981,219982,219983,219984,219985,219986,219987,219988,219989,219990],"class_list":["post-1200367","post","type-post","status-publish","format-standard","hentry","category-tribunais","category-tribunais-tribunais","category-noticias","tax_estado-ac","tax_estado-al","tax_estado-am","tax_estado-ap","tax_estado-ba","tax_estado-ce","tax_estado-concursos-federais","tax_estado-df","tax_estado-es","tax_estado-go","tax_estado-ma","tax_estado-mg","tax_estado-ms","tax_estado-mt","tax_estado-pa","tax_estado-pb","tax_estado-pe","tax_estado-pi","tax_estado-pr","tax_estado-rj","tax_estado-rn","tax_estado-ro","tax_estado-rr","tax_estado-rs","tax_estado-sc","tax_estado-se","tax_estado-sp","tax_estado-to"],"acf":[],"yoast_head":"<!-- This site is optimized with the Yoast SEO Premium plugin v27.2 (Yoast SEO v27.2) - https:\/\/yoast.com\/product\/yoast-seo-premium-wordpress\/ -->\n<title>Concurso TSE Unificado: possibilidade de aumento de pessoal em pauta!<\/title>\n<meta name=\"description\" content=\"Concurso TSE Unificado: possibilidade de aumento do quadro de pessoal \u00e9 debatida em reuni\u00e3o com presidentes dos TREs. Confira!\" \/>\n<meta name=\"robots\" content=\"index, follow, max-snippet:-1, max-image-preview:large, max-video-preview:-1\" \/>\n<link rel=\"canonical\" href=\"https:\/\/www.estrategiaconcursos.com.br\/blog\/concurso-tse-unificado-possibilidade-de-aumento-de-pessoal\/\" \/>\n<meta property=\"og:locale\" content=\"pt_BR\" \/>\n<meta property=\"og:type\" content=\"article\" \/>\n<meta property=\"og:title\" content=\"Concurso TSE Unificado: possibilidade de aumento de pessoal em pauta!\" \/>\n<meta property=\"og:description\" content=\"Concurso TSE Unificado: possibilidade de aumento do quadro de pessoal \u00e9 debatida em reuni\u00e3o com presidentes dos TREs. Confira!\" \/>\n<meta property=\"og:url\" content=\"https:\/\/www.estrategiaconcursos.com.br\/blog\/concurso-tse-unificado-possibilidade-de-aumento-de-pessoal\/\" \/>\n<meta property=\"og:site_name\" content=\"Estrat\u00e9gia Concursos\" \/>\n<meta property=\"article:published_time\" content=\"2023-04-12T11:47:54+00:00\" \/>\n<meta property=\"article:modified_time\" content=\"2023-04-12T12:57:43+00:00\" \/>\n<meta property=\"og:image\" content=\"https:\/\/dhg1h5j42swfq.cloudfront.net\/2023\/01\/18152341\/tse_unificado-1.jpg\" \/>\n\t<meta property=\"og:image:width\" content=\"768\" \/>\n\t<meta property=\"og:image:height\" content=\"432\" \/>\n\t<meta property=\"og:image:type\" content=\"image\/jpeg\" \/>\n<meta name=\"author\" content=\"Daniela Santos Nascimento\" \/>\n<meta name=\"twitter:card\" content=\"summary_large_image\" \/>\n<meta name=\"twitter:creator\" content=\"@EstratConcursos\" \/>\n<meta name=\"twitter:site\" content=\"@EstratConcursos\" \/>\n<meta name=\"twitter:label1\" content=\"Escrito por\" \/>\n\t<meta name=\"twitter:data1\" content=\"Daniela Santos Nascimento\" \/>\n\t<meta name=\"twitter:label2\" content=\"Est. tempo de leitura\" \/>\n\t<meta name=\"twitter:data2\" content=\"2 minutos\" \/>\n<script type=\"application\/ld+json\" class=\"yoast-schema-graph\">{\"@context\":\"https:\/\/schema.org\",\"@graph\":[{\"@type\":\"NewsArticle\",\"@id\":\"https:\/\/www.estrategiaconcursos.com.br\/blog\/concurso-tse-unificado-possibilidade-de-aumento-de-pessoal\/#article\",\"isPartOf\":{\"@id\":\"https:\/\/www.estrategiaconcursos.com.br\/blog\/concurso-tse-unificado-possibilidade-de-aumento-de-pessoal\/\"},\"author\":{\"name\":\"Daniela Santos Nascimento\",\"@id\":\"https:\/\/www.estrategiaconcursos.com.br\/blog\/#\/schema\/person\/399990d02336f200766707b881aee98f\"},\"headline\":\"Concurso TSE Unificado: possibilidade de aumento de pessoal em pauta!\",\"datePublished\":\"2023-04-12T11:47:54+00:00\",\"dateModified\":\"2023-04-12T12:57:43+00:00\",\"mainEntityOfPage\":{\"@id\":\"https:\/\/www.estrategiaconcursos.com.br\/blog\/concurso-tse-unificado-possibilidade-de-aumento-de-pessoal\/\"},\"wordCount\":378,\"commentCount\":0,\"publisher\":{\"@id\":\"https:\/\/www.estrategiaconcursos.com.br\/blog\/#organization\"},\"articleSection\":[\"Tribunais\",\"Tribunais\",\"\u00daltimas not\u00edcias\"],\"inLanguage\":\"pt-BR\",\"potentialAction\":[{\"@type\":\"CommentAction\",\"name\":\"Comment\",\"target\":[\"https:\/\/www.estrategiaconcursos.com.br\/blog\/concurso-tse-unificado-possibilidade-de-aumento-de-pessoal\/#respond\"]}],\"copyrightYear\":\"2023\",\"copyrightHolder\":{\"@id\":\"https:\/\/www.estrategiaconcursos.com.br\/blog\/#organization\"}},{\"@type\":\"WebPage\",\"@id\":\"https:\/\/www.estrategiaconcursos.com.br\/blog\/concurso-tse-unificado-possibilidade-de-aumento-de-pessoal\/\",\"url\":\"https:\/\/www.estrategiaconcursos.com.br\/blog\/concurso-tse-unificado-possibilidade-de-aumento-de-pessoal\/\",\"name\":\"Concurso TSE Unificado: possibilidade de aumento de pessoal em pauta!\",\"isPartOf\":{\"@id\":\"https:\/\/www.estrategiaconcursos.com.br\/blog\/#website\"},\"datePublished\":\"2023-04-12T11:47:54+00:00\",\"dateModified\":\"2023-04-12T12:57:43+00:00\",\"description\":\"Concurso TSE Unificado: possibilidade de aumento do quadro de pessoal \u00e9 debatida em reuni\u00e3o com presidentes dos TREs. Confira!\",\"breadcrumb\":{\"@id\":\"https:\/\/www.estrategiaconcursos.com.br\/blog\/concurso-tse-unificado-possibilidade-de-aumento-de-pessoal\/#breadcrumb\"},\"inLanguage\":\"pt-BR\",\"potentialAction\":[{\"@type\":\"ReadAction\",\"target\":[\"https:\/\/www.estrategiaconcursos.com.br\/blog\/concurso-tse-unificado-possibilidade-de-aumento-de-pessoal\/\"]}]},{\"@type\":\"BreadcrumbList\",\"@id\":\"https:\/\/www.estrategiaconcursos.com.br\/blog\/concurso-tse-unificado-possibilidade-de-aumento-de-pessoal\/#breadcrumb\",\"itemListElement\":[{\"@type\":\"ListItem\",\"position\":1,\"name\":\"In\u00edcio\",\"item\":\"https:\/\/www.estrategiaconcursos.com.br\/blog\/\"},{\"@type\":\"ListItem\",\"position\":2,\"name\":\"Concurso TSE Unificado: possibilidade de aumento de pessoal em pauta!\"}]},{\"@type\":\"WebSite\",\"@id\":\"https:\/\/www.estrategiaconcursos.com.br\/blog\/#website\",\"url\":\"https:\/\/www.estrategiaconcursos.com.br\/blog\/\",\"name\":\"Estrat\u00e9gia Concursos\",\"description\":\"O blog da Estrat\u00e9gia Concursos traz not\u00edcias sobre concursos e artigos de professores oferecendo cursos para concursos (pdf + videaulas) no site.\",\"publisher\":{\"@id\":\"https:\/\/www.estrategiaconcursos.com.br\/blog\/#organization\"},\"potentialAction\":[{\"@type\":\"SearchAction\",\"target\":{\"@type\":\"EntryPoint\",\"urlTemplate\":\"https:\/\/www.estrategiaconcursos.com.br\/blog\/?s={search_term_string}\"},\"query-input\":{\"@type\":\"PropertyValueSpecification\",\"valueRequired\":true,\"valueName\":\"search_term_string\"}}],\"inLanguage\":\"pt-BR\"},{\"@type\":\"Organization\",\"@id\":\"https:\/\/www.estrategiaconcursos.com.br\/blog\/#organization\",\"name\":\"Estrat\u00e9gia Concursos\",\"url\":\"https:\/\/www.estrategiaconcursos.com.br\/blog\/\",\"logo\":{\"@type\":\"ImageObject\",\"inLanguage\":\"pt-BR\",\"@id\":\"https:\/\/www.estrategiaconcursos.com.br\/blog\/#\/schema\/logo\/image\/\",\"url\":\"https:\/\/dhg1h5j42swfq.cloudfront.net\/2025\/06\/03203428\/logo_concursos-1.jpg\",\"contentUrl\":\"https:\/\/dhg1h5j42swfq.cloudfront.net\/2025\/06\/03203428\/logo_concursos-1.jpg\",\"width\":230,\"height\":60,\"caption\":\"Estrat\u00e9gia Concursos\"},\"image\":{\"@id\":\"https:\/\/www.estrategiaconcursos.com.br\/blog\/#\/schema\/logo\/image\/\"},\"sameAs\":[\"https:\/\/x.com\/EstratConcursos\"]},{\"@type\":\"Person\",\"@id\":\"https:\/\/www.estrategiaconcursos.com.br\/blog\/#\/schema\/person\/399990d02336f200766707b881aee98f\",\"name\":\"Daniela Santos Nascimento\",\"image\":{\"@type\":\"ImageObject\",\"inLanguage\":\"pt-BR\",\"@id\":\"https:\/\/secure.gravatar.com\/avatar\/7f343622ad121e2893832a8c76808be436bdfcbf2f7d696174c94ecd84f2384a?s=96&d=mm&r=g\",\"url\":\"https:\/\/secure.gravatar.com\/avatar\/7f343622ad121e2893832a8c76808be436bdfcbf2f7d696174c94ecd84f2384a?s=96&d=mm&r=g\",\"contentUrl\":\"https:\/\/secure.gravatar.com\/avatar\/7f343622ad121e2893832a8c76808be436bdfcbf2f7d696174c94ecd84f2384a?s=96&d=mm&r=g\",\"caption\":\"Daniela Santos Nascimento\"},\"url\":\"https:\/\/www.estrategiaconcursos.com.br\/blog\/author\/daniela-nascimentoestrategia-com\/\"}]}<\/script>\n<!-- \/ Yoast SEO Premium plugin. -->","yoast_head_json":{"title":"Concurso TSE Unificado: possibilidade de aumento de pessoal em pauta!","description":"Concurso TSE Unificado: possibilidade de aumento do quadro de pessoal \u00e9 debatida em reuni\u00e3o com presidentes dos TREs. Confira!","robots":{"index":"index","follow":"follow","max-snippet":"max-snippet:-1","max-image-preview":"max-image-preview:large","max-video-preview":"max-video-preview:-1"},"canonical":"https:\/\/www.estrategiaconcursos.com.br\/blog\/concurso-tse-unificado-possibilidade-de-aumento-de-pessoal\/","og_locale":"pt_BR","og_type":"article","og_title":"Concurso TSE Unificado: possibilidade de aumento de pessoal em pauta!","og_description":"Concurso TSE Unificado: possibilidade de aumento do quadro de pessoal \u00e9 debatida em reuni\u00e3o com presidentes dos TREs. Confira!","og_url":"https:\/\/www.estrategiaconcursos.com.br\/blog\/concurso-tse-unificado-possibilidade-de-aumento-de-pessoal\/","og_site_name":"Estrat\u00e9gia Concursos","article_published_time":"2023-04-12T11:47:54+00:00","article_modified_time":"2023-04-12T12:57:43+00:00","og_image":[{"width":768,"height":432,"url":"https:\/\/dhg1h5j42swfq.cloudfront.net\/2023\/01\/18152341\/tse_unificado-1.jpg","type":"image\/jpeg"}],"author":"Daniela Santos Nascimento","twitter_card":"summary_large_image","twitter_creator":"@EstratConcursos","twitter_site":"@EstratConcursos","twitter_misc":{"Escrito por":"Daniela Santos Nascimento","Est. tempo de leitura":"2 minutos"},"schema":{"@context":"https:\/\/schema.org","@graph":[{"@type":"NewsArticle","@id":"https:\/\/www.estrategiaconcursos.com.br\/blog\/concurso-tse-unificado-possibilidade-de-aumento-de-pessoal\/#article","isPartOf":{"@id":"https:\/\/www.estrategiaconcursos.com.br\/blog\/concurso-tse-unificado-possibilidade-de-aumento-de-pessoal\/"},"author":{"name":"Daniela Santos Nascimento","@id":"https:\/\/www.estrategiaconcursos.com.br\/blog\/#\/schema\/person\/399990d02336f200766707b881aee98f"},"headline":"Concurso TSE Unificado: possibilidade de aumento de pessoal em pauta!","datePublished":"2023-04-12T11:47:54+00:00","dateModified":"2023-04-12T12:57:43+00:00","mainEntityOfPage":{"@id":"https:\/\/www.estrategiaconcursos.com.br\/blog\/concurso-tse-unificado-possibilidade-de-aumento-de-pessoal\/"},"wordCount":378,"commentCount":0,"publisher":{"@id":"https:\/\/www.estrategiaconcursos.com.br\/blog\/#organization"},"articleSection":["Tribunais","Tribunais","\u00daltimas not\u00edcias"],"inLanguage":"pt-BR","potentialAction":[{"@type":"CommentAction","name":"Comment","target":["https:\/\/www.estrategiaconcursos.com.br\/blog\/concurso-tse-unificado-possibilidade-de-aumento-de-pessoal\/#respond"]}],"copyrightYear":"2023","copyrightHolder":{"@id":"https:\/\/www.estrategiaconcursos.com.br\/blog\/#organization"}},{"@type":"WebPage","@id":"https:\/\/www.estrategiaconcursos.com.br\/blog\/concurso-tse-unificado-possibilidade-de-aumento-de-pessoal\/","url":"https:\/\/www.estrategiaconcursos.com.br\/blog\/concurso-tse-unificado-possibilidade-de-aumento-de-pessoal\/","name":"Concurso TSE Unificado: possibilidade de aumento de pessoal em pauta!","isPartOf":{"@id":"https:\/\/www.estrategiaconcursos.com.br\/blog\/#website"},"datePublished":"2023-04-12T11:47:54+00:00","dateModified":"2023-04-12T12:57:43+00:00","description":"Concurso TSE Unificado: possibilidade de aumento do quadro de pessoal \u00e9 debatida em reuni\u00e3o com presidentes dos TREs. Confira!","breadcrumb":{"@id":"https:\/\/www.estrategiaconcursos.com.br\/blog\/concurso-tse-unificado-possibilidade-de-aumento-de-pessoal\/#breadcrumb"},"inLanguage":"pt-BR","potentialAction":[{"@type":"ReadAction","target":["https:\/\/www.estrategiaconcursos.com.br\/blog\/concurso-tse-unificado-possibilidade-de-aumento-de-pessoal\/"]}]},{"@type":"BreadcrumbList","@id":"https:\/\/www.estrategiaconcursos.com.br\/blog\/concurso-tse-unificado-possibilidade-de-aumento-de-pessoal\/#breadcrumb","itemListElement":[{"@type":"ListItem","position":1,"name":"In\u00edcio","item":"https:\/\/www.estrategiaconcursos.com.br\/blog\/"},{"@type":"ListItem","position":2,"name":"Concurso TSE Unificado: possibilidade de aumento de pessoal em pauta!"}]},{"@type":"WebSite","@id":"https:\/\/www.estrategiaconcursos.com.br\/blog\/#website","url":"https:\/\/www.estrategiaconcursos.com.br\/blog\/","name":"Estrat\u00e9gia Concursos","description":"O blog da Estrat\u00e9gia Concursos traz not\u00edcias sobre concursos e artigos de professores oferecendo cursos para concursos (pdf + videaulas) no site.","publisher":{"@id":"https:\/\/www.estrategiaconcursos.com.br\/blog\/#organization"},"potentialAction":[{"@type":"SearchAction","target":{"@type":"EntryPoint","urlTemplate":"https:\/\/www.estrategiaconcursos.com.br\/blog\/?s={search_term_string}"},"query-input":{"@type":"PropertyValueSpecification","valueRequired":true,"valueName":"search_term_string"}}],"inLanguage":"pt-BR"},{"@type":"Organization","@id":"https:\/\/www.estrategiaconcursos.com.br\/blog\/#organization","name":"Estrat\u00e9gia Concursos","url":"https:\/\/www.estrategiaconcursos.com.br\/blog\/","logo":{"@type":"ImageObject","inLanguage":"pt-BR","@id":"https:\/\/www.estrategiaconcursos.com.br\/blog\/#\/schema\/logo\/image\/","url":"https:\/\/dhg1h5j42swfq.cloudfront.net\/2025\/06\/03203428\/logo_concursos-1.jpg","contentUrl":"https:\/\/dhg1h5j42swfq.cloudfront.net\/2025\/06\/03203428\/logo_concursos-1.jpg","width":230,"height":60,"caption":"Estrat\u00e9gia Concursos"},"image":{"@id":"https:\/\/www.estrategiaconcursos.com.br\/blog\/#\/schema\/logo\/image\/"},"sameAs":["https:\/\/x.com\/EstratConcursos"]},{"@type":"Person","@id":"https:\/\/www.estrategiaconcursos.com.br\/blog\/#\/schema\/person\/399990d02336f200766707b881aee98f","name":"Daniela Santos Nascimento","image":{"@type":"ImageObject","inLanguage":"pt-BR","@id":"https:\/\/secure.gravatar.com\/avatar\/7f343622ad121e2893832a8c76808be436bdfcbf2f7d696174c94ecd84f2384a?s=96&d=mm&r=g","url":"https:\/\/secure.gravatar.com\/avatar\/7f343622ad121e2893832a8c76808be436bdfcbf2f7d696174c94ecd84f2384a?s=96&d=mm&r=g","contentUrl":"https:\/\/secure.gravatar.com\/avatar\/7f343622ad121e2893832a8c76808be436bdfcbf2f7d696174c94ecd84f2384a?s=96&d=mm&r=g","caption":"Daniela Santos Nascimento"},"url":"https:\/\/www.estrategiaconcursos.com.br\/blog\/author\/daniela-nascimentoestrategia-com\/"}]}},"_links":{"self":[{"href":"https:\/\/www.estrategiaconcursos.com.br\/blog\/wp-json\/wp\/v2\/posts\/1200367","targetHints":{"allow":["GET"]}}],"collection":[{"href":"https:\/\/www.estrategiaconcursos.com.br\/blog\/wp-json\/wp\/v2\/posts"}],"about":[{"href":"https:\/\/www.estrategiaconcursos.com.br\/blog\/wp-json\/wp\/v2\/types\/post"}],"author":[{"embeddable":true,"href":"https:\/\/www.estrategiaconcursos.com.br\/blog\/wp-json\/wp\/v2\/users\/2402"}],"replies":[{"embeddable":true,"href":"https:\/\/www.estrategiaconcursos.com.br\/blog\/wp-json\/wp\/v2\/comments?post=1200367"}],"version-history":[{"count":5,"href":"https:\/\/www.estrategiaconcursos.com.br\/blog\/wp-json\/wp\/v2\/posts\/1200367\/revisions"}],"predecessor-version":[{"id":1200457,"href":"https:\/\/www.estrategiaconcursos.com.br\/blog\/wp-json\/wp\/v2\/posts\/1200367\/revisions\/1200457"}],"wp:attachment":[{"href":"https:\/\/www.estrategiaconcursos.com.br\/blog\/wp-json\/wp\/v2\/media?parent=1200367"}],"wp:term":[{"taxonomy":"category","embeddable":true,"href":"https:\/\/www.estrategiaconcursos.com.br\/blog\/wp-json\/wp\/v2\/categories?post=1200367"},{"taxonomy":"post_tag","embeddable":true,"href":"https:\/\/www.estrategiaconcursos.com.br\/blog\/wp-json\/wp\/v2\/tags?post=1200367"},{"taxonomy":"tax_estado","embeddable":true,"href":"https:\/\/www.estrategiaconcursos.com.br\/blog\/wp-json\/wp\/v2\/tax_estado?post=1200367"}],"curies":[{"name":"wp","href":"https:\/\/api.w.org\/{rel}","templated":true}]}}