{"id":120009,"date":"2018-05-07T23:49:54","date_gmt":"2018-05-08T02:49:54","guid":{"rendered":"https:\/\/www.estrategiaconcursos.com.br\/blog\/?p=120009"},"modified":"2018-05-07T23:54:21","modified_gmt":"2018-05-08T02:54:21","slug":"atualidades-camara-de-sao-jose-dos-campos-gabarito-extraoficial","status":"publish","type":"post","link":"https:\/\/www.estrategiaconcursos.com.br\/blog\/atualidades-camara-de-sao-jose-dos-campos-gabarito-extraoficial\/","title":{"rendered":"Atualidades &#8211; C\u00e2mara de S\u00e3o Jos\u00e9 dos Campos &#8211; Gabarito Extraoficial &#8211; Vunesp"},"content":{"rendered":"<p style=\"text-align: justify\">Ol\u00e1 pessoal,<\/p>\n<p style=\"text-align: justify\">Segue o gabarito extraoficial.\u00a0 A Vunesp cobrou o conhecimento de fatos ocorridos no m\u00eas de mar\u00e7o de 2018.<\/p>\n<p style=\"text-align: justify\">Sucesso no concurso!<\/p>\n<p style=\"text-align: justify\">Leandro Signori<\/p>\n<p>&nbsp;<\/p>\n<p style=\"text-align: justify\">46. A decis\u00e3o do presidente dos EUA, Donald Trump, de aumentar os impostos de importa\u00e7\u00e3o de a\u00e7o e alum\u00ednio pode abalar o com\u00e9rcio mundial e a economia brasileira.<\/p>\n<p style=\"text-align: right\">(UOL, 09.03.2018. Dispon\u00edvel em: . Adaptado)<\/p>\n<p style=\"text-align: justify\">Uma das poss\u00edveis consequ\u00eancias da decis\u00e3o de Trump para o Brasil \u00e9<\/p>\n<p style=\"text-align: justify\">(A) o aumento da produ\u00e7\u00e3o de a\u00e7o nacional, devido \u00e0 demanda de outros pa\u00edses.<\/p>\n<p style=\"text-align: justify\">(B) uma crise na oferta de a\u00e7o, diante da escassez do produto no mercado.<\/p>\n<p style=\"text-align: justify\">(C) o impacto nas sider\u00fargicas nacionais, que exportam muito para os EUA.<\/p>\n<p style=\"text-align: justify\">(D) a interrup\u00e7\u00e3o da importa\u00e7\u00e3o de produtos norte-americanos, como retalia\u00e7\u00e3o \u00e0 decis\u00e3o.<\/p>\n<p style=\"text-align: justify\">(E) a redu\u00e7\u00e3o no consumo de petr\u00f3leo, muito utilizado na produ\u00e7\u00e3o de a\u00e7o.<\/p>\n<p style=\"text-align: center\"><span style=\"text-decoration: underline\"><strong>COMENT\u00c1RIOS:<\/strong><\/span><\/p>\n<p style=\"text-align: justify\">O Brasil \u00e9 o segundo maior exportador de a\u00e7o para os EUA e as vendas para o pa\u00eds representam um ter\u00e7o das exporta\u00e7\u00f5es brasileiras do produto. Os Estados Unidos estabeleceram uma sobretaxa de 25% para o a\u00e7o e de 10% para o alum\u00ednio importado de outros pa\u00edses. Ap\u00f3s o estabelecimento, as taxas foram suspensas para diversos pa\u00edses com a realiza\u00e7\u00e3o de negocia\u00e7\u00f5es comerciais. O Brasil foi um desses pa\u00edses, mas, em maio de 2018, o governo norte-americano interrompeu as negocia\u00e7\u00f5es e decidiram aplicar as medidas restritivas. Para o setor de alum\u00ednio foi estabelecida a sobretaxa de 10% e para o setor de a\u00e7o, quotas de importa\u00e7\u00e3o.<\/p>\n<p style=\"text-align: justify\">Uma das poss\u00edveis consequ\u00eancias da decis\u00e3o de Trump para o Brasil \u00e9 o impacto nas sider\u00fargicas nacionais, que exportam muito para os EUA. V\u00e3o exportar menos, com isso arrecadar menos, o que pode levar a demiss\u00f5es de trabalhadores em empresas afetadas.<\/p>\n<p style=\"text-align: justify\"><span style=\"color: #ff0000\"><strong>Gabarito: C<\/strong><\/span><\/p>\n<p>&nbsp;<\/p>\n<p style=\"text-align: justify\">47. A elei\u00e7\u00e3o na It\u00e1lia terminou sem que nenhum partido conseguisse maioria suficiente para formar um governo. Agora, cada um vai tentar alian\u00e7as para que os italianos n\u00e3o precisem voltar \u00e0s urnas.<\/p>\n<p style=\"text-align: right\">(G1, 05.03.2018. Dispon\u00edvel em: . Adaptado)<\/p>\n<p style=\"text-align: justify\">Em um cen\u00e1rio de incerteza pol\u00edtica, a coliga\u00e7\u00e3o mais votada nas elei\u00e7\u00f5es italianas ocorridas no in\u00edcio de mar\u00e7o \u00e9 de<\/p>\n<p style=\"text-align: justify\">(A) centro-esquerda, favor\u00e1vel ao programa de acolhimento de refugiados e \u00e0 perman\u00eancia da It\u00e1lia na Uni\u00e3o Europeia.<\/p>\n<p style=\"text-align: justify\">(B) centro-direita, contr\u00e1ria \u00e0 recep\u00e7\u00e3o de imigrantes resgatados no Mediterr\u00e2neo e \u00e0s medidas de austeridade da Uni\u00e3o Europeia.<\/p>\n<p style=\"text-align: justify\">(C) esquerda, favor\u00e1vel \u00e0 concess\u00e3o de cidadania italiana a todos os imigrantes e a uma pol\u00edtica econ\u00f4mica desenvolvimentista.<\/p>\n<p style=\"text-align: justify\">(D) extrema direita, favor\u00e1vel \u00e0 expuls\u00e3o de todos os imigrantes da It\u00e1lia e \u00e0 ruptura do pa\u00eds com a Uni\u00e3o Europeia.<\/p>\n<p style=\"text-align: justify\">(E) centro, contr\u00e1ria ao controle mais r\u00edgido das fronteiras italianas e \u00e0s medidas econ\u00f4micas de ajuste fiscal e redu\u00e7\u00e3o do Estado.<\/p>\n<p style=\"text-align: center\"><span style=\"text-decoration: underline\"><strong>COMENT\u00c1RIOS:<\/strong><\/span><\/p>\n<p style=\"text-align: justify\">Nenhum partido ou coliga\u00e7\u00e3o alcan\u00e7ou maioria suficiente para formar um governo nas elei\u00e7\u00f5es italianas de mar\u00e7o de 2018. O partido mais votado foi o Movimento Cinco Estrelas (M5S), mas ficou em segundo no resultado geral quando se leva em considera\u00e7\u00e3o as coliga\u00e7\u00f5es. A coliga\u00e7\u00e3o de centro-direita ficou em primeiro lugar.<\/p>\n<p style=\"text-align: justify\">O populista M5S e a coliga\u00e7\u00e3o de centro-direita s\u00e3o contra as pol\u00edticas de austeridade da Uni\u00e3o Europeia, e contra receber os imigrantes resgatados no mediterr\u00e2neo. Juntos, teriam maioria para governar, mas poderiam amea\u00e7ar a perman\u00eancia da It\u00e1lia na Uni\u00e3o Europeia.<\/p>\n<p style=\"text-align: justify\">As negocia\u00e7\u00f5es para o estabelecimento de uma coaliz\u00e3o no parlamento, com vistas \u00e0 elei\u00e7\u00e3o do primeiro-ministro podem durar semanas e se n\u00e3o houver acordo, o presidente pode convocar novas elei\u00e7\u00f5es, como aconteceu na Espanha em 2015.<\/p>\n<p style=\"text-align: justify\"><span style=\"color: #ff0000\"><strong>Gabarito: B<\/strong><\/span><\/p>\n<p>&nbsp;<\/p>\n<p style=\"text-align: justify\">48. Ao divulgar seu balan\u00e7o, a Embraer fez curta men\u00e7\u00e3o \u00e0s discuss\u00f5es com a empresa americana para combina\u00e7\u00e3o de neg\u00f3cios, sem dar mais detalhes sobre as alternativas que est\u00e3o sendo analisadas. A empresa afirma que \u201cas negocia\u00e7\u00f5es continuam em andamento e uma eventual estrutura estar\u00e1 sujeita \u00e0 aprova\u00e7\u00e3o do governo brasileiro, dos \u00f3rg\u00e3os reguladores nacionais e internacionais e das duas companhias. N\u00e3o h\u00e1 garantia de que a referida combina\u00e7\u00e3o de neg\u00f3cios venha a ser concretizada\u201d.<\/p>\n<p style=\"text-align: right\">(Valor, 08.03.2018. Dispon\u00edvel em: . Adaptado)<\/p>\n<p style=\"text-align: justify\">A not\u00edcia faz refer\u00eancia \u00e0s negocia\u00e7\u00f5es entre a Embraer e a<\/p>\n<p style=\"text-align: justify\">(A) British Airways.<\/p>\n<p style=\"text-align: justify\">(B) Airbus.<\/p>\n<p style=\"text-align: justify\">(C) American Airlines.<\/p>\n<p style=\"text-align: justify\">(D) Bombardier.<\/p>\n<p style=\"text-align: justify\">(E) Boeing.<\/p>\n<p style=\"text-align: center\"><span style=\"text-decoration: underline\"><strong>COMENT\u00c1RIOS:<\/strong><\/span><\/p>\n<p style=\"text-align: justify\">A not\u00edcia faz refer\u00eancia \u00e0s negocia\u00e7\u00f5es entre a Embraer e a Boeing.<\/p>\n<p style=\"text-align: justify\"><span style=\"color: #ff0000\"><strong>Gabarito: E<\/strong><\/span><\/p>\n<p>&nbsp;<\/p>\n<p style=\"text-align: justify\">49. A Justi\u00e7a Federal determinou, nesta sexta-feira, a liberta\u00e7\u00e3o do empres\u00e1rio Joesley Batista, do grupo J&amp;F. O juiz Marcus Vin\u00edcius Reis Bastos, da 12\u00aa Vara Federal de Bras\u00edlia, revogou a pris\u00e3o preventiva de Joesley no processo em que ele \u00e9 acusado de mentir em seu acordo de dela\u00e7\u00e3o premiada com a Procuradoria-Geral da Rep\u00fablica (PGR). O empres\u00e1rio estava preso em S\u00e3o Paulo desde setembro do ano passado. Al\u00e9m dele, o ex-diretor da JBS Ricardo Saud tamb\u00e9m teve a liberdade decidida.<\/p>\n<p style=\"text-align: right\">(Veja, 09.03.2018. Dispon\u00edvel em: . Adaptado)<\/p>\n<p style=\"text-align: justify\">Entre os argumentos utilizados pelo juiz para revogar a pris\u00e3o de Joesley Batista, \u00e9 correto identificar<\/p>\n<p style=\"text-align: justify\">(A) o excesso de prazo da pris\u00e3o preventiva.<\/p>\n<p style=\"text-align: justify\">(B) a aus\u00eancia de provas no processo.<\/p>\n<p style=\"text-align: justify\">(C) a negocia\u00e7\u00e3o de novo acordo com o Minist\u00e9rio P\u00fablico.<\/p>\n<p style=\"text-align: justify\">(D) a den\u00fancia de maus-tratos na pris\u00e3o.<\/p>\n<p style=\"text-align: justify\">(E) a anula\u00e7\u00e3o da dela\u00e7\u00e3o premiada da J&amp;F.<\/p>\n<p style=\"text-align: center\"><strong><span style=\"text-decoration: underline\">COMENT\u00c1RIOS:<\/span><\/strong><\/p>\n<p style=\"text-align: justify\">Como justificativa para revogar a pris\u00e3o, o juiz Reis Bastos, da 12\u00aa Vara Federal de Bras\u00edlia alegou o \u201cinduvidoso excesso de prazo da pris\u00e3o cautelar\u201d. Ele tamb\u00e9m argumentou que o empres\u00e1rio tem resid\u00eancia e atividades fixas, que colabora com as investiga\u00e7\u00f5es e n\u00e3o tem antecedentes que o desabone.<\/p>\n<p style=\"text-align: justify\">O empres\u00e1rio Joesley Batista, seu irm\u00e3o Wesley, tamb\u00e9m empres\u00e1rio e executivos do grupo J&amp;F firmaram acordos de dela\u00e7\u00e3o premiada com a Procuradoria Geral da Rep\u00fablica (PGR) em 2017. Um dos pontos mais sens\u00edveis da colabora\u00e7\u00e3o veio a p\u00fablico no dia 17 de maio daquele ano: a grava\u00e7\u00e3o de um pol\u00eamico di\u00e1logo entre ele e o presidente Michel Temer (MDB), com uma conversa em termos pouco republicanos sobre interesses do grupo empresarial de Joesley e insinua\u00e7\u00f5es sobre pagamento de propina ao ex-presidente da C\u00e2mara Eduardo Cunha (MDB-RJ).<\/p>\n<p style=\"text-align: justify\">A dela\u00e7\u00e3o do empres\u00e1rio foi o ponto de partida para duas den\u00fancias criminais contra Temer, que fizeram o presidente passar quase cinco meses acuado sob o risco de perder o mandato. O acordo rendeu a Joesley uma desejada imunidade penal contra todos os crimes confessados, que envolviam rela\u00e7\u00f5es esp\u00farias com mais de 1.000 nomes do setor p\u00fablico.<\/p>\n<p style=\"text-align: justify\">A situa\u00e7\u00e3o mudou radicalmente no dia 4 de setembro, quando o procurador-geral da Rep\u00fablica, Rodrigo Janot, veio a p\u00fablico anunciar que descobriu que o empres\u00e1rio omitiu fatos importantes de seu acordo de dela\u00e7\u00e3o, a partir de novos \u00e1udios encontrados que mostravam articula\u00e7\u00f5es no m\u00ednimo indevidas do dono da J&amp;F para obter o melhor acordo poss\u00edvel e evitar a pris\u00e3o.<\/p>\n<p style=\"text-align: justify\">Os novos fatos levaram a PGR a pedir a suspens\u00e3o do acordo de dela\u00e7\u00e3o e a pris\u00e3o preventiva de Joesley e Saud, no que foi atendida pelo ministro Edson Fachin, do Supremo Tribunal Federal (STF). Posteriormente, um novo esquema levou para a cadeia Wesley Batista: os irm\u00e3os foram acusados de, prevendo a hecatombe pol\u00edtica a ser causada pela dela\u00e7\u00e3o, negociarem d\u00f3lares na bolsa de forma a manipular o mercado, o crime financeiro conhecido como insider trading.<\/p>\n<p style=\"text-align: justify\">A partir da decis\u00e3o do juiz Reis Bastos, ambos passaram a responder aos processos em liberdade.<\/p>\n<p style=\"text-align: justify\">Os acordos de dela\u00e7\u00e3o de Joesley, Saud e Wesley Batista est\u00e3o suspensos. A rescis\u00e3o definitiva ainda depende de decis\u00e3o do ministro Luiz Edson Fachin, do Supremo Tribunal Federal (STF).<\/p>\n<p style=\"text-align: justify\"><span style=\"color: #ff0000\"><strong>Gabarito: A<\/strong><\/span><\/p>\n<p>&nbsp;<\/p>\n<p style=\"text-align: justify\">50. O pa\u00eds tem um novo leque de armas com capacidade nuclear, incluindo um m\u00edssil bal\u00edstico intercontinental que torna os sistemas de defesa \u201cin\u00fateis\u201d, anunciou o presidente nesta quinta-feira (1o de mar\u00e7o). Esse m\u00edssil tem um alcance mais longo do que qualquer outro e pode atingir praticamente qualquer alvo no mundo, enfatizou.<\/p>\n<p style=\"text-align: right\">(G1, 01.03.2018. Dispon\u00edvel em: . Adaptado)<\/p>\n<p style=\"text-align: justify\">A not\u00edcia faz refer\u00eancia<\/p>\n<p style=\"text-align: justify\">(A) aos EUA.<\/p>\n<p style=\"text-align: justify\">(B) \u00e0 Coreia do Norte.<\/p>\n<p style=\"text-align: justify\">(C) \u00e0 China.<\/p>\n<p style=\"text-align: justify\">(D) \u00e0 R\u00fassia.<\/p>\n<p style=\"text-align: justify\">(E) ao Ir\u00e3.<\/p>\n<p style=\"text-align: center\"><span style=\"text-decoration: underline\"><strong>COMENT\u00c1RIOS:<\/strong><\/span><\/p>\n<p style=\"text-align: justify\">Em discurso sobre o estado da na\u00e7\u00e3o, o presidente da R\u00fassia Vladimir Putin disse que o pa\u00eds conta com um novo leque de armas com capacidade nuclear, incluindo um m\u00edssil bal\u00edstico intercontinental que torna os sistemas de defesa &#8220;in\u00fateis&#8221;. Esse m\u00edssil tem um alcance mais longo do que qualquer outro e pode atingir praticamente qualquer alvo no mundo, enfatizou.<br \/>\nDe acordo com Putin, um dos sistemas inclui &#8220;m\u00edsseis que voam baixo, dif\u00edceis de encontrar, com uma rota de voo imprevis\u00edvel que podem ignorar linhas de intercep\u00e7\u00e3o s\u00e3o invenc\u00edveis diante de todos os sistemas existentes e sistemas futuros de defesa a\u00e9rea e contra m\u00edsseis&#8221;.<\/p>\n<p style=\"text-align: justify\">Ele tamb\u00e9m advertiu que Moscou consideraria qualquer ataque nuclear, de qualquer tamanho, contra ele ou seus aliados, um ataque \u00e0 R\u00fassia que levaria a uma resposta imediata.<\/p>\n<p style=\"text-align: justify\"><strong><span style=\"color: #ff0000\">Gabarito: D<\/span><\/strong><\/p>\n","protected":false},"excerpt":{"rendered":"<p>Ol\u00e1 pessoal, Segue o gabarito extraoficial.\u00a0 A Vunesp cobrou o conhecimento de fatos ocorridos no m\u00eas de mar\u00e7o de 2018. Sucesso no concurso! Leandro Signori &nbsp; 46. A decis\u00e3o do presidente dos EUA, Donald Trump, de aumentar os impostos de importa\u00e7\u00e3o de a\u00e7o e alum\u00ednio pode abalar o com\u00e9rcio mundial e a economia brasileira. (UOL, [&hellip;]<\/p>\n","protected":false},"author":306,"featured_media":0,"comment_status":"open","ping_status":"closed","sticky":false,"template":"","format":"standard","meta":{"post_tipo":"article","footnotes":""},"categories":[1,2017],"tags":[549,1055,1054,3756],"tax_estado":[],"class_list":["post-120009","post","type-post","status-publish","format-standard","hentry","category-cursos-e-concursos","category-concursos-legislativos","tag-atualidades","tag-banca-vunesp","tag-concursos-vunesp","tag-leandro-signori"],"acf":[],"yoast_head":"<!-- This site is optimized with the Yoast SEO Premium plugin v27.2 (Yoast SEO v27.2) - https:\/\/yoast.com\/product\/yoast-seo-premium-wordpress\/ -->\n<title>Atualidades - C\u00e2mara de S\u00e3o Jos\u00e9 dos Campos - Gabarito Extraoficial - Vunesp<\/title>\n<meta name=\"robots\" content=\"index, follow, max-snippet:-1, max-image-preview:large, max-video-preview:-1\" \/>\n<link rel=\"canonical\" href=\"https:\/\/www.estrategiaconcursos.com.br\/blog\/atualidades-camara-de-sao-jose-dos-campos-gabarito-extraoficial\/\" \/>\n<meta property=\"og:locale\" content=\"pt_BR\" \/>\n<meta property=\"og:type\" content=\"article\" \/>\n<meta property=\"og:title\" content=\"Atualidades - C\u00e2mara de S\u00e3o Jos\u00e9 dos Campos - Gabarito Extraoficial - Vunesp\" \/>\n<meta property=\"og:description\" content=\"Ol\u00e1 pessoal, Segue o gabarito extraoficial.\u00a0 A Vunesp cobrou o conhecimento de fatos ocorridos no m\u00eas de mar\u00e7o de 2018. Sucesso no concurso! Leandro Signori &nbsp; 46. A decis\u00e3o do presidente dos EUA, Donald Trump, de aumentar os impostos de importa\u00e7\u00e3o de a\u00e7o e alum\u00ednio pode abalar o com\u00e9rcio mundial e a economia brasileira. (UOL, [&hellip;]\" \/>\n<meta property=\"og:url\" content=\"https:\/\/www.estrategiaconcursos.com.br\/blog\/atualidades-camara-de-sao-jose-dos-campos-gabarito-extraoficial\/\" \/>\n<meta property=\"og:site_name\" content=\"Estrat\u00e9gia Concursos\" \/>\n<meta property=\"article:author\" content=\"https:\/\/www.facebook.com\/leandrosignoriatualidades\/\" \/>\n<meta property=\"article:published_time\" content=\"2018-05-08T02:49:54+00:00\" \/>\n<meta property=\"article:modified_time\" content=\"2018-05-08T02:54:21+00:00\" \/>\n<meta name=\"author\" content=\"Leandro Signori\" \/>\n<meta name=\"twitter:card\" content=\"summary_large_image\" \/>\n<meta name=\"twitter:creator\" content=\"@EstratConcursos\" \/>\n<meta name=\"twitter:site\" content=\"@EstratConcursos\" \/>\n<meta name=\"twitter:label1\" content=\"Escrito por\" \/>\n\t<meta name=\"twitter:data1\" content=\"Leandro Signori\" \/>\n\t<meta name=\"twitter:label2\" content=\"Est. tempo de leitura\" \/>\n\t<meta name=\"twitter:data2\" content=\"8 minutos\" \/>\n<script type=\"application\/ld+json\" class=\"yoast-schema-graph\">{\"@context\":\"https:\/\/schema.org\",\"@graph\":[{\"@type\":\"NewsArticle\",\"@id\":\"https:\/\/www.estrategiaconcursos.com.br\/blog\/atualidades-camara-de-sao-jose-dos-campos-gabarito-extraoficial\/#article\",\"isPartOf\":{\"@id\":\"https:\/\/www.estrategiaconcursos.com.br\/blog\/atualidades-camara-de-sao-jose-dos-campos-gabarito-extraoficial\/\"},\"author\":{\"name\":\"Leandro Signori\",\"@id\":\"https:\/\/www.estrategiaconcursos.com.br\/blog\/#\/schema\/person\/d2e7d78de4b9d6ba51cc24fd558a7f42\"},\"headline\":\"Atualidades &#8211; C\u00e2mara de S\u00e3o Jos\u00e9 dos Campos &#8211; Gabarito Extraoficial &#8211; Vunesp\",\"datePublished\":\"2018-05-08T02:49:54+00:00\",\"dateModified\":\"2018-05-08T02:54:21+00:00\",\"mainEntityOfPage\":{\"@id\":\"https:\/\/www.estrategiaconcursos.com.br\/blog\/atualidades-camara-de-sao-jose-dos-campos-gabarito-extraoficial\/\"},\"wordCount\":1620,\"commentCount\":0,\"publisher\":{\"@id\":\"https:\/\/www.estrategiaconcursos.com.br\/blog\/#organization\"},\"keywords\":[\"Atualidades\",\"BANCA VUNESP\",\"CONCURSOS VUNESP\",\"Leandro Signori\"],\"articleSection\":[\"Concursos P\u00fablicos\",\"Legislativo\"],\"inLanguage\":\"pt-BR\",\"potentialAction\":[{\"@type\":\"CommentAction\",\"name\":\"Comment\",\"target\":[\"https:\/\/www.estrategiaconcursos.com.br\/blog\/atualidades-camara-de-sao-jose-dos-campos-gabarito-extraoficial\/#respond\"]}],\"copyrightYear\":\"2018\",\"copyrightHolder\":{\"@id\":\"https:\/\/www.estrategiaconcursos.com.br\/blog\/#organization\"}},{\"@type\":\"WebPage\",\"@id\":\"https:\/\/www.estrategiaconcursos.com.br\/blog\/atualidades-camara-de-sao-jose-dos-campos-gabarito-extraoficial\/\",\"url\":\"https:\/\/www.estrategiaconcursos.com.br\/blog\/atualidades-camara-de-sao-jose-dos-campos-gabarito-extraoficial\/\",\"name\":\"Atualidades - C\u00e2mara de S\u00e3o Jos\u00e9 dos Campos - Gabarito Extraoficial - Vunesp\",\"isPartOf\":{\"@id\":\"https:\/\/www.estrategiaconcursos.com.br\/blog\/#website\"},\"datePublished\":\"2018-05-08T02:49:54+00:00\",\"dateModified\":\"2018-05-08T02:54:21+00:00\",\"breadcrumb\":{\"@id\":\"https:\/\/www.estrategiaconcursos.com.br\/blog\/atualidades-camara-de-sao-jose-dos-campos-gabarito-extraoficial\/#breadcrumb\"},\"inLanguage\":\"pt-BR\",\"potentialAction\":[{\"@type\":\"ReadAction\",\"target\":[\"https:\/\/www.estrategiaconcursos.com.br\/blog\/atualidades-camara-de-sao-jose-dos-campos-gabarito-extraoficial\/\"]}]},{\"@type\":\"BreadcrumbList\",\"@id\":\"https:\/\/www.estrategiaconcursos.com.br\/blog\/atualidades-camara-de-sao-jose-dos-campos-gabarito-extraoficial\/#breadcrumb\",\"itemListElement\":[{\"@type\":\"ListItem\",\"position\":1,\"name\":\"In\u00edcio\",\"item\":\"https:\/\/www.estrategiaconcursos.com.br\/blog\/\"},{\"@type\":\"ListItem\",\"position\":2,\"name\":\"Atualidades &#8211; C\u00e2mara de S\u00e3o Jos\u00e9 dos Campos &#8211; Gabarito Extraoficial &#8211; Vunesp\"}]},{\"@type\":\"WebSite\",\"@id\":\"https:\/\/www.estrategiaconcursos.com.br\/blog\/#website\",\"url\":\"https:\/\/www.estrategiaconcursos.com.br\/blog\/\",\"name\":\"Estrat\u00e9gia Concursos\",\"description\":\"O blog da Estrat\u00e9gia Concursos traz not\u00edcias sobre concursos e artigos de professores oferecendo cursos para concursos (pdf + videaulas) no site.\",\"publisher\":{\"@id\":\"https:\/\/www.estrategiaconcursos.com.br\/blog\/#organization\"},\"potentialAction\":[{\"@type\":\"SearchAction\",\"target\":{\"@type\":\"EntryPoint\",\"urlTemplate\":\"https:\/\/www.estrategiaconcursos.com.br\/blog\/?s={search_term_string}\"},\"query-input\":{\"@type\":\"PropertyValueSpecification\",\"valueRequired\":true,\"valueName\":\"search_term_string\"}}],\"inLanguage\":\"pt-BR\"},{\"@type\":\"Organization\",\"@id\":\"https:\/\/www.estrategiaconcursos.com.br\/blog\/#organization\",\"name\":\"Estrat\u00e9gia Concursos\",\"url\":\"https:\/\/www.estrategiaconcursos.com.br\/blog\/\",\"logo\":{\"@type\":\"ImageObject\",\"inLanguage\":\"pt-BR\",\"@id\":\"https:\/\/www.estrategiaconcursos.com.br\/blog\/#\/schema\/logo\/image\/\",\"url\":\"https:\/\/dhg1h5j42swfq.cloudfront.net\/2025\/06\/03203428\/logo_concursos-1.jpg\",\"contentUrl\":\"https:\/\/dhg1h5j42swfq.cloudfront.net\/2025\/06\/03203428\/logo_concursos-1.jpg\",\"width\":230,\"height\":60,\"caption\":\"Estrat\u00e9gia Concursos\"},\"image\":{\"@id\":\"https:\/\/www.estrategiaconcursos.com.br\/blog\/#\/schema\/logo\/image\/\"},\"sameAs\":[\"https:\/\/x.com\/EstratConcursos\"]},{\"@type\":\"Person\",\"@id\":\"https:\/\/www.estrategiaconcursos.com.br\/blog\/#\/schema\/person\/d2e7d78de4b9d6ba51cc24fd558a7f42\",\"name\":\"Leandro Signori\",\"image\":{\"@type\":\"ImageObject\",\"inLanguage\":\"pt-BR\",\"@id\":\"https:\/\/secure.gravatar.com\/avatar\/aa2ef98e93764dcf1758f52d2792d4b3e4089ee25bc520608dde62ad802ae541?s=96&d=mm&r=g\",\"url\":\"https:\/\/secure.gravatar.com\/avatar\/aa2ef98e93764dcf1758f52d2792d4b3e4089ee25bc520608dde62ad802ae541?s=96&d=mm&r=g\",\"contentUrl\":\"https:\/\/secure.gravatar.com\/avatar\/aa2ef98e93764dcf1758f52d2792d4b3e4089ee25bc520608dde62ad802ae541?s=96&d=mm&r=g\",\"caption\":\"Leandro Signori\"},\"description\":\"Licenciado em Geografia pela Universidade Federal do Rio Grande do Sul (UFRGS) e Bacharel em Geografia pela Uniceub (Bras\u00edlia). Como servidor p\u00fablico, foi funcion\u00e1rio da Prefeitura de S\u00e3o Leopoldo (RS), Prefeitura de Porto Alegre (RS), Companhia Riograndense de Saneamento (Corsan) e Minist\u00e9rio da Integra\u00e7\u00e3o Nacional. \u00c9 professor de Geografia para o ensino m\u00e9dio na rede particular de ensino. Leciona as disciplinas de Atualidades, Conhecimentos Gerais, Geografia, Realidade Brasileira e Hist\u00f3ria, em cursos on line e presenciais preparat\u00f3rios para concursos p\u00fablicos.\",\"sameAs\":[\"https:\/\/www.facebook.com\/leandrosignoriatualidades\/\"],\"url\":\"https:\/\/www.estrategiaconcursos.com.br\/blog\/author\/leandroestrategiaconcursos-com-br\/\"}]}<\/script>\n<!-- \/ Yoast SEO Premium plugin. -->","yoast_head_json":{"title":"Atualidades - C\u00e2mara de S\u00e3o Jos\u00e9 dos Campos - Gabarito Extraoficial - Vunesp","robots":{"index":"index","follow":"follow","max-snippet":"max-snippet:-1","max-image-preview":"max-image-preview:large","max-video-preview":"max-video-preview:-1"},"canonical":"https:\/\/www.estrategiaconcursos.com.br\/blog\/atualidades-camara-de-sao-jose-dos-campos-gabarito-extraoficial\/","og_locale":"pt_BR","og_type":"article","og_title":"Atualidades - C\u00e2mara de S\u00e3o Jos\u00e9 dos Campos - Gabarito Extraoficial - Vunesp","og_description":"Ol\u00e1 pessoal, Segue o gabarito extraoficial.\u00a0 A Vunesp cobrou o conhecimento de fatos ocorridos no m\u00eas de mar\u00e7o de 2018. Sucesso no concurso! Leandro Signori &nbsp; 46. A decis\u00e3o do presidente dos EUA, Donald Trump, de aumentar os impostos de importa\u00e7\u00e3o de a\u00e7o e alum\u00ednio pode abalar o com\u00e9rcio mundial e a economia brasileira. (UOL, [&hellip;]","og_url":"https:\/\/www.estrategiaconcursos.com.br\/blog\/atualidades-camara-de-sao-jose-dos-campos-gabarito-extraoficial\/","og_site_name":"Estrat\u00e9gia Concursos","article_author":"https:\/\/www.facebook.com\/leandrosignoriatualidades\/","article_published_time":"2018-05-08T02:49:54+00:00","article_modified_time":"2018-05-08T02:54:21+00:00","author":"Leandro Signori","twitter_card":"summary_large_image","twitter_creator":"@EstratConcursos","twitter_site":"@EstratConcursos","twitter_misc":{"Escrito por":"Leandro Signori","Est. tempo de leitura":"8 minutos"},"schema":{"@context":"https:\/\/schema.org","@graph":[{"@type":"NewsArticle","@id":"https:\/\/www.estrategiaconcursos.com.br\/blog\/atualidades-camara-de-sao-jose-dos-campos-gabarito-extraoficial\/#article","isPartOf":{"@id":"https:\/\/www.estrategiaconcursos.com.br\/blog\/atualidades-camara-de-sao-jose-dos-campos-gabarito-extraoficial\/"},"author":{"name":"Leandro Signori","@id":"https:\/\/www.estrategiaconcursos.com.br\/blog\/#\/schema\/person\/d2e7d78de4b9d6ba51cc24fd558a7f42"},"headline":"Atualidades &#8211; C\u00e2mara de S\u00e3o Jos\u00e9 dos Campos &#8211; Gabarito Extraoficial &#8211; Vunesp","datePublished":"2018-05-08T02:49:54+00:00","dateModified":"2018-05-08T02:54:21+00:00","mainEntityOfPage":{"@id":"https:\/\/www.estrategiaconcursos.com.br\/blog\/atualidades-camara-de-sao-jose-dos-campos-gabarito-extraoficial\/"},"wordCount":1620,"commentCount":0,"publisher":{"@id":"https:\/\/www.estrategiaconcursos.com.br\/blog\/#organization"},"keywords":["Atualidades","BANCA VUNESP","CONCURSOS VUNESP","Leandro Signori"],"articleSection":["Concursos P\u00fablicos","Legislativo"],"inLanguage":"pt-BR","potentialAction":[{"@type":"CommentAction","name":"Comment","target":["https:\/\/www.estrategiaconcursos.com.br\/blog\/atualidades-camara-de-sao-jose-dos-campos-gabarito-extraoficial\/#respond"]}],"copyrightYear":"2018","copyrightHolder":{"@id":"https:\/\/www.estrategiaconcursos.com.br\/blog\/#organization"}},{"@type":"WebPage","@id":"https:\/\/www.estrategiaconcursos.com.br\/blog\/atualidades-camara-de-sao-jose-dos-campos-gabarito-extraoficial\/","url":"https:\/\/www.estrategiaconcursos.com.br\/blog\/atualidades-camara-de-sao-jose-dos-campos-gabarito-extraoficial\/","name":"Atualidades - C\u00e2mara de S\u00e3o Jos\u00e9 dos Campos - Gabarito Extraoficial - Vunesp","isPartOf":{"@id":"https:\/\/www.estrategiaconcursos.com.br\/blog\/#website"},"datePublished":"2018-05-08T02:49:54+00:00","dateModified":"2018-05-08T02:54:21+00:00","breadcrumb":{"@id":"https:\/\/www.estrategiaconcursos.com.br\/blog\/atualidades-camara-de-sao-jose-dos-campos-gabarito-extraoficial\/#breadcrumb"},"inLanguage":"pt-BR","potentialAction":[{"@type":"ReadAction","target":["https:\/\/www.estrategiaconcursos.com.br\/blog\/atualidades-camara-de-sao-jose-dos-campos-gabarito-extraoficial\/"]}]},{"@type":"BreadcrumbList","@id":"https:\/\/www.estrategiaconcursos.com.br\/blog\/atualidades-camara-de-sao-jose-dos-campos-gabarito-extraoficial\/#breadcrumb","itemListElement":[{"@type":"ListItem","position":1,"name":"In\u00edcio","item":"https:\/\/www.estrategiaconcursos.com.br\/blog\/"},{"@type":"ListItem","position":2,"name":"Atualidades &#8211; C\u00e2mara de S\u00e3o Jos\u00e9 dos Campos &#8211; Gabarito Extraoficial &#8211; Vunesp"}]},{"@type":"WebSite","@id":"https:\/\/www.estrategiaconcursos.com.br\/blog\/#website","url":"https:\/\/www.estrategiaconcursos.com.br\/blog\/","name":"Estrat\u00e9gia Concursos","description":"O blog da Estrat\u00e9gia Concursos traz not\u00edcias sobre concursos e artigos de professores oferecendo cursos para concursos (pdf + videaulas) no site.","publisher":{"@id":"https:\/\/www.estrategiaconcursos.com.br\/blog\/#organization"},"potentialAction":[{"@type":"SearchAction","target":{"@type":"EntryPoint","urlTemplate":"https:\/\/www.estrategiaconcursos.com.br\/blog\/?s={search_term_string}"},"query-input":{"@type":"PropertyValueSpecification","valueRequired":true,"valueName":"search_term_string"}}],"inLanguage":"pt-BR"},{"@type":"Organization","@id":"https:\/\/www.estrategiaconcursos.com.br\/blog\/#organization","name":"Estrat\u00e9gia Concursos","url":"https:\/\/www.estrategiaconcursos.com.br\/blog\/","logo":{"@type":"ImageObject","inLanguage":"pt-BR","@id":"https:\/\/www.estrategiaconcursos.com.br\/blog\/#\/schema\/logo\/image\/","url":"https:\/\/dhg1h5j42swfq.cloudfront.net\/2025\/06\/03203428\/logo_concursos-1.jpg","contentUrl":"https:\/\/dhg1h5j42swfq.cloudfront.net\/2025\/06\/03203428\/logo_concursos-1.jpg","width":230,"height":60,"caption":"Estrat\u00e9gia Concursos"},"image":{"@id":"https:\/\/www.estrategiaconcursos.com.br\/blog\/#\/schema\/logo\/image\/"},"sameAs":["https:\/\/x.com\/EstratConcursos"]},{"@type":"Person","@id":"https:\/\/www.estrategiaconcursos.com.br\/blog\/#\/schema\/person\/d2e7d78de4b9d6ba51cc24fd558a7f42","name":"Leandro Signori","image":{"@type":"ImageObject","inLanguage":"pt-BR","@id":"https:\/\/secure.gravatar.com\/avatar\/aa2ef98e93764dcf1758f52d2792d4b3e4089ee25bc520608dde62ad802ae541?s=96&d=mm&r=g","url":"https:\/\/secure.gravatar.com\/avatar\/aa2ef98e93764dcf1758f52d2792d4b3e4089ee25bc520608dde62ad802ae541?s=96&d=mm&r=g","contentUrl":"https:\/\/secure.gravatar.com\/avatar\/aa2ef98e93764dcf1758f52d2792d4b3e4089ee25bc520608dde62ad802ae541?s=96&d=mm&r=g","caption":"Leandro Signori"},"description":"Licenciado em Geografia pela Universidade Federal do Rio Grande do Sul (UFRGS) e Bacharel em Geografia pela Uniceub (Bras\u00edlia). Como servidor p\u00fablico, foi funcion\u00e1rio da Prefeitura de S\u00e3o Leopoldo (RS), Prefeitura de Porto Alegre (RS), Companhia Riograndense de Saneamento (Corsan) e Minist\u00e9rio da Integra\u00e7\u00e3o Nacional. \u00c9 professor de Geografia para o ensino m\u00e9dio na rede particular de ensino. Leciona as disciplinas de Atualidades, Conhecimentos Gerais, Geografia, Realidade Brasileira e Hist\u00f3ria, em cursos on line e presenciais preparat\u00f3rios para concursos p\u00fablicos.","sameAs":["https:\/\/www.facebook.com\/leandrosignoriatualidades\/"],"url":"https:\/\/www.estrategiaconcursos.com.br\/blog\/author\/leandroestrategiaconcursos-com-br\/"}]}},"_links":{"self":[{"href":"https:\/\/www.estrategiaconcursos.com.br\/blog\/wp-json\/wp\/v2\/posts\/120009","targetHints":{"allow":["GET"]}}],"collection":[{"href":"https:\/\/www.estrategiaconcursos.com.br\/blog\/wp-json\/wp\/v2\/posts"}],"about":[{"href":"https:\/\/www.estrategiaconcursos.com.br\/blog\/wp-json\/wp\/v2\/types\/post"}],"author":[{"embeddable":true,"href":"https:\/\/www.estrategiaconcursos.com.br\/blog\/wp-json\/wp\/v2\/users\/306"}],"replies":[{"embeddable":true,"href":"https:\/\/www.estrategiaconcursos.com.br\/blog\/wp-json\/wp\/v2\/comments?post=120009"}],"version-history":[{"count":7,"href":"https:\/\/www.estrategiaconcursos.com.br\/blog\/wp-json\/wp\/v2\/posts\/120009\/revisions"}],"predecessor-version":[{"id":120049,"href":"https:\/\/www.estrategiaconcursos.com.br\/blog\/wp-json\/wp\/v2\/posts\/120009\/revisions\/120049"}],"wp:attachment":[{"href":"https:\/\/www.estrategiaconcursos.com.br\/blog\/wp-json\/wp\/v2\/media?parent=120009"}],"wp:term":[{"taxonomy":"category","embeddable":true,"href":"https:\/\/www.estrategiaconcursos.com.br\/blog\/wp-json\/wp\/v2\/categories?post=120009"},{"taxonomy":"post_tag","embeddable":true,"href":"https:\/\/www.estrategiaconcursos.com.br\/blog\/wp-json\/wp\/v2\/tags?post=120009"},{"taxonomy":"tax_estado","embeddable":true,"href":"https:\/\/www.estrategiaconcursos.com.br\/blog\/wp-json\/wp\/v2\/tax_estado?post=120009"}],"curies":[{"name":"wp","href":"https:\/\/api.w.org\/{rel}","templated":true}]}}