{"id":1199728,"date":"2023-04-11T09:19:29","date_gmt":"2023-04-11T12:19:29","guid":{"rendered":"https:\/\/www.estrategiaconcursos.com.br\/blog\/?p=1199728"},"modified":"2023-04-18T10:19:10","modified_gmt":"2023-04-18T13:19:10","slug":"concursos-ambientais-autorizados-entenda","status":"publish","type":"post","link":"https:\/\/www.estrategiaconcursos.com.br\/blog\/concursos-ambientais-autorizados-entenda\/","title":{"rendered":"Concursos ambientais est\u00e3o autorizados? Entenda!"},"content":{"rendered":"\n<p class=\"has-medium-font-size\"><em><strong>Conseguimos o concurso para o IBAMA, ICMBio e MMA, afirma ministra!<\/strong><\/em><\/p>\n\n\n\n<p>Ser\u00e1 que teremos novos concursos ambientais em breve? Em entrevista ao CNN Brasil desta ter\u00e7a-feira, 11 de abril, a ministra do Meio Ambiente, Marina Silva, deu uma declara\u00e7\u00e3o esperan\u00e7osa aos concurseiros de plant\u00e3o:<\/p>\n\n\n\n<blockquote class=\"wp-block-quote is-layout-flow wp-block-quote-is-layout-flow\">\n<p><em>&#8220;J\u00e1 conseguimos junto ao Minist\u00e9rio de Gest\u00e3o o concurso para o IBAMA, para o ICMBio, para o Minist\u00e9rio do Meio Ambiente e vamos emergencialmente convocar aqueles que fizeram concurso p\u00fablico e que estavam na reserva de forma emergencial.&#8221;<\/em><\/p>\n<\/blockquote>\n\n\n\n<figure class=\"wp-block-image aligncenter size-full\"><img loading=\"lazy\" decoding=\"async\" width=\"800\" height=\"449\" src=\"https:\/\/dhg1h5j42swfq.cloudfront.net\/2023\/04\/11090310\/image-65.png\" alt=\"Concursos ambientais est\u00e3o autorizados? Entenda!\" class=\"wp-image-1199731\" srcset=\"https:\/\/dhg1h5j42swfq.cloudfront.net\/2023\/04\/11090310\/image-65.png 800w, https:\/\/dhg1h5j42swfq.cloudfront.net\/2023\/04\/11090310\/image-65-300x168.png 300w, https:\/\/dhg1h5j42swfq.cloudfront.net\/2023\/04\/11090310\/image-65-768x431.png 768w, https:\/\/dhg1h5j42swfq.cloudfront.net\/2023\/04\/11090310\/image-65-610x342.png 610w, https:\/\/dhg1h5j42swfq.cloudfront.net\/2023\/04\/11090310\/image-65-150x84.png 150w\" sizes=\"auto, (max-width: 800px) 100vw, 800px\" \/><figcaption class=\"wp-element-caption\"><a href=\"https:\/\/www.youtube.com\/watch?v=u7XM5p5PG-s\" target=\"_blank\" rel=\"noreferrer noopener\">Ministra do Meio Ambiente, Marina Silva, em entrevista ao CNN<\/a><\/figcaption><\/figure>\n\n\n\n<p>Vale lembrar que a ministra da Gest\u00e3o e Inova\u00e7\u00e3o, Esther Dweck, j\u00e1 havia prometido um <a href=\"https:\/\/www.estrategiaconcursos.com.br\/blog\/novos-concursos-federais-serao-anunciados\/\" target=\"_blank\" rel=\"noreferrer noopener\">bloco de an\u00fancios de concursos p\u00fablicos<\/a> para esta semana. <strong>At\u00e9 o momento, o \u00fanico certame oficialmente autorizado foi para o Minist\u00e9rio da Ci\u00eancia, Tecnologia e Inova\u00e7\u00e3o<\/strong>&nbsp;(<a href=\"https:\/\/www.estrategiaconcursos.com.br\/blog\/concurso-mctic\/\" target=\"_blank\" rel=\"noreferrer noopener\">MCTI<\/a>).<\/p>\n\n\n\n<p>Ou seja, os concursos IBAMA, ICMBio e MMA ainda <strong><span style=\"text-decoration: underline;\">N\u00c3O<\/span> est\u00e3o oficialmente autorizados<\/strong>, o que pode acontecer nos pr\u00f3ximos dias, em publica\u00e7\u00e3o no Di\u00e1rio Oficial da Uni\u00e3o.<\/p>\n\n\n\n<p class=\"has-text-align-center\"><em>Para ficar por dentro de todas as informa\u00e7\u00f5es sobre os concursos ambientais, n\u00e3o deixe de conferir nossos artigos completos sobre as respectivas sele\u00e7\u00f5es:<\/em><\/p>\n\n\n\n<p class=\"has-text-align-center has-background\" style=\"background-color:#e6eaed\"><strong>Mais informa\u00e7\u00f5es: <a href=\"https:\/\/www.estrategiaconcursos.com.br\/blog\/concurso-ibama\/\" target=\"_blank\" rel=\"noreferrer noopener\">IBAMA<\/a> | <a href=\"https:\/\/www.estrategiaconcursos.com.br\/blog\/concurso-icmbio\/\" target=\"_blank\" rel=\"noreferrer noopener\">ICMBio<\/a> | <a href=\"https:\/\/www.estrategiaconcursos.com.br\/blog\/concurso-mma\/\" target=\"_blank\" rel=\"noreferrer noopener\">MMA<\/a><\/strong><\/p>\n\n\n\n<hr class=\"wp-block-separator has-alpha-channel-opacity\"\/>\n\n\n\n<p class=\"has-text-align-center\"><strong>Assinatura Vital\u00edcia:&nbsp;<\/strong>esta \u00e9 a sua chance de obter acesso ao material l\u00edder absoluto em aprova\u00e7\u00f5es, para vida toda, e transformar completamente a sua realidade:<\/p>\n\n\n\n<figure class=\"wp-block-image\"><a href=\"https:\/\/www.estrategiaconcursos.com.br\/promocoes\/vitalicia?utm_source=banner&amp;utm_medium=banner&amp;utm_campaign=ec-ge-vd-banner-assinaturavitalicia-semesp-030423\" target=\"_blank\" rel=\"noreferrer noopener\"><img loading=\"lazy\" decoding=\"async\" width=\"1024\" height=\"326\" src=\"https:\/\/dhg1h5j42swfq.cloudfront.net\/2023\/04\/11075857\/unnamed-1-1-1024x326.png\" alt=\"\" class=\"wp-image-1199647\" srcset=\"https:\/\/dhg1h5j42swfq.cloudfront.net\/2023\/04\/11075857\/unnamed-1-1-1024x326.png 1024w, https:\/\/dhg1h5j42swfq.cloudfront.net\/2023\/04\/11075857\/unnamed-1-1-300x96.png 300w, https:\/\/dhg1h5j42swfq.cloudfront.net\/2023\/04\/11075857\/unnamed-1-1-768x245.png 768w, https:\/\/dhg1h5j42swfq.cloudfront.net\/2023\/04\/11075857\/unnamed-1-1-610x194.png 610w, https:\/\/dhg1h5j42swfq.cloudfront.net\/2023\/04\/11075857\/unnamed-1-1-150x48.png 150w, https:\/\/dhg1h5j42swfq.cloudfront.net\/2023\/04\/11075857\/unnamed-1-1.png 1418w\" sizes=\"auto, (max-width: 1024px) 100vw, 1024px\" \/><\/a><figcaption class=\"wp-element-caption\"><a href=\"https:\/\/estrategiaconcursos.com.br\/promocoes\/assinaturas\" target=\"_blank\" rel=\"noreferrer noopener\">Assinatura Vital\u00edcia \u2013 Lote 1 at\u00e9 17\/04<\/a><\/figcaption><\/figure>\n\n\n\n<h2 class=\"wp-block-heading has-text-align-center\" id=\"h-quer-saber-tudo-sobre-concursos-previstos-confira-os-nossos-artigos\"><a href=\"https:\/\/gratis.estrategiaconcursos.com.br\/assinatura-vitalicia-estrategia\/?utm_source=banner&amp;utm_medium=banner&amp;utm_campaign=ec-ge-ld-banner-assinaturavitalicia-semesp-030423\"><\/a>Quer saber tudo sobre concursos previstos?<br \/>Confira os nossos artigos!<\/h2>\n\n\n\n<ul class=\"wp-block-list\">\n<li><a href=\"https:\/\/www.estrategiaconcursos.com.br\/blog\/concursos-abertos\/\" target=\"_blank\" rel=\"noreferrer noopener\">Concursos Abertos<\/a><\/li>\n\n\n\n<li><a href=\"https:\/\/www.estrategiaconcursos.com.br\/blog\/concursos-federais-2023\/\" target=\"_blank\" rel=\"noreferrer noopener\">Concursos Federais<\/a><\/li>\n\n\n\n<li><a href=\"https:\/\/www.estrategiaconcursos.com.br\/blog\/concursos-2023\/\" target=\"_blank\" rel=\"noreferrer noopener\">Concursos 2023<\/a><\/li>\n<\/ul>\n","protected":false},"excerpt":{"rendered":"<p>Conseguimos o concurso para o IBAMA, ICMBio e MMA, afirma ministra! Ser\u00e1 que teremos novos concursos ambientais em breve? Em entrevista ao CNN Brasil desta ter\u00e7a-feira, 11 de abril, a ministra do Meio Ambiente, Marina Silva, deu uma declara\u00e7\u00e3o esperan\u00e7osa aos concurseiros de plant\u00e3o: &#8220;J\u00e1 conseguimos junto ao Minist\u00e9rio de Gest\u00e3o o concurso para o [&hellip;]<\/p>\n","protected":false},"author":659,"featured_media":916425,"comment_status":"open","ping_status":"closed","sticky":false,"template":"","format":"standard","meta":{"post_tipo":"news","footnotes":""},"categories":[1,214992,220219],"tags":[],"tax_estado":[219963],"class_list":["post-1199728","post","type-post","status-publish","format-standard","has-post-thumbnail","hentry","category-cursos-e-concursos","category-concursos-administrativos","category-noticias","tax_estado-concursos-federais"],"acf":[],"yoast_head":"<!-- This site is optimized with the Yoast SEO Premium plugin v27.2 (Yoast SEO v27.2) - https:\/\/yoast.com\/product\/yoast-seo-premium-wordpress\/ -->\n<title>Concursos ambientais est\u00e3o autorizados? Entenda!<\/title>\n<meta name=\"description\" content=\"Concursos ambientais: &quot;j\u00e1 conseguimos junto ao Minist\u00e9rio de Gest\u00e3o o concurso para o IBAMA, ICMBio, MMA&quot; afirma ministra Marina Silva.\" \/>\n<meta name=\"robots\" content=\"index, follow, max-snippet:-1, max-image-preview:large, max-video-preview:-1\" \/>\n<link rel=\"canonical\" href=\"https:\/\/www.estrategiaconcursos.com.br\/blog\/concursos-ambientais-autorizados-entenda\/\" \/>\n<meta property=\"og:locale\" content=\"pt_BR\" \/>\n<meta property=\"og:type\" content=\"article\" \/>\n<meta property=\"og:title\" content=\"Concursos ambientais est\u00e3o autorizados? Entenda!\" \/>\n<meta property=\"og:description\" content=\"Concursos ambientais: &quot;j\u00e1 conseguimos junto ao Minist\u00e9rio de Gest\u00e3o o concurso para o IBAMA, ICMBio, MMA&quot; afirma ministra Marina Silva.\" \/>\n<meta property=\"og:url\" content=\"https:\/\/www.estrategiaconcursos.com.br\/blog\/concursos-ambientais-autorizados-entenda\/\" \/>\n<meta property=\"og:site_name\" content=\"Estrat\u00e9gia Concursos\" \/>\n<meta property=\"article:published_time\" content=\"2023-04-11T12:19:29+00:00\" \/>\n<meta property=\"article:modified_time\" content=\"2023-04-18T13:19:10+00:00\" \/>\n<meta property=\"og:image\" content=\"https:\/\/dhg1h5j42swfq.cloudfront.net\/2021\/11\/25152046\/concursos-federais.jpg\" \/>\n\t<meta property=\"og:image:width\" content=\"1200\" \/>\n\t<meta property=\"og:image:height\" content=\"629\" \/>\n\t<meta property=\"og:image:type\" content=\"image\/jpeg\" \/>\n<meta name=\"author\" content=\"Camila Leite\" \/>\n<meta name=\"twitter:card\" content=\"summary_large_image\" \/>\n<meta name=\"twitter:creator\" content=\"@EstratConcursos\" \/>\n<meta name=\"twitter:site\" content=\"@EstratConcursos\" \/>\n<meta name=\"twitter:label1\" content=\"Escrito por\" \/>\n\t<meta name=\"twitter:data1\" content=\"Camila Leite\" \/>\n\t<meta name=\"twitter:label2\" content=\"Est. tempo de leitura\" \/>\n\t<meta name=\"twitter:data2\" content=\"1 minuto\" \/>\n<script type=\"application\/ld+json\" class=\"yoast-schema-graph\">{\"@context\":\"https:\/\/schema.org\",\"@graph\":[{\"@type\":\"NewsArticle\",\"@id\":\"https:\/\/www.estrategiaconcursos.com.br\/blog\/concursos-ambientais-autorizados-entenda\/#article\",\"isPartOf\":{\"@id\":\"https:\/\/www.estrategiaconcursos.com.br\/blog\/concursos-ambientais-autorizados-entenda\/\"},\"author\":{\"name\":\"Camila Leite\",\"@id\":\"https:\/\/www.estrategiaconcursos.com.br\/blog\/#\/schema\/person\/84ecdc6eb58d3cf1689bf76c5cd8fb38\"},\"headline\":\"Concursos ambientais est\u00e3o autorizados? Entenda!\",\"datePublished\":\"2023-04-11T12:19:29+00:00\",\"dateModified\":\"2023-04-18T13:19:10+00:00\",\"mainEntityOfPage\":{\"@id\":\"https:\/\/www.estrategiaconcursos.com.br\/blog\/concursos-ambientais-autorizados-entenda\/\"},\"wordCount\":268,\"commentCount\":0,\"publisher\":{\"@id\":\"https:\/\/www.estrategiaconcursos.com.br\/blog\/#organization\"},\"image\":{\"@id\":\"https:\/\/www.estrategiaconcursos.com.br\/blog\/concursos-ambientais-autorizados-entenda\/#primaryimage\"},\"thumbnailUrl\":\"https:\/\/dhg1h5j42swfq.cloudfront.net\/2021\/11\/25152046\/concursos-federais.jpg\",\"articleSection\":[\"Concursos P\u00fablicos\",\"Executivo (Administrativa)\",\"\u00daltimas not\u00edcias\"],\"inLanguage\":\"pt-BR\",\"potentialAction\":[{\"@type\":\"CommentAction\",\"name\":\"Comment\",\"target\":[\"https:\/\/www.estrategiaconcursos.com.br\/blog\/concursos-ambientais-autorizados-entenda\/#respond\"]}],\"copyrightYear\":\"2023\",\"copyrightHolder\":{\"@id\":\"https:\/\/www.estrategiaconcursos.com.br\/blog\/#organization\"}},{\"@type\":\"WebPage\",\"@id\":\"https:\/\/www.estrategiaconcursos.com.br\/blog\/concursos-ambientais-autorizados-entenda\/\",\"url\":\"https:\/\/www.estrategiaconcursos.com.br\/blog\/concursos-ambientais-autorizados-entenda\/\",\"name\":\"Concursos ambientais est\u00e3o autorizados? Entenda!\",\"isPartOf\":{\"@id\":\"https:\/\/www.estrategiaconcursos.com.br\/blog\/#website\"},\"primaryImageOfPage\":{\"@id\":\"https:\/\/www.estrategiaconcursos.com.br\/blog\/concursos-ambientais-autorizados-entenda\/#primaryimage\"},\"image\":{\"@id\":\"https:\/\/www.estrategiaconcursos.com.br\/blog\/concursos-ambientais-autorizados-entenda\/#primaryimage\"},\"thumbnailUrl\":\"https:\/\/dhg1h5j42swfq.cloudfront.net\/2021\/11\/25152046\/concursos-federais.jpg\",\"datePublished\":\"2023-04-11T12:19:29+00:00\",\"dateModified\":\"2023-04-18T13:19:10+00:00\",\"description\":\"Concursos ambientais: \\\"j\u00e1 conseguimos junto ao Minist\u00e9rio de Gest\u00e3o o concurso para o IBAMA, ICMBio, MMA\\\" afirma ministra Marina Silva.\",\"breadcrumb\":{\"@id\":\"https:\/\/www.estrategiaconcursos.com.br\/blog\/concursos-ambientais-autorizados-entenda\/#breadcrumb\"},\"inLanguage\":\"pt-BR\",\"potentialAction\":[{\"@type\":\"ReadAction\",\"target\":[\"https:\/\/www.estrategiaconcursos.com.br\/blog\/concursos-ambientais-autorizados-entenda\/\"]}]},{\"@type\":\"ImageObject\",\"inLanguage\":\"pt-BR\",\"@id\":\"https:\/\/www.estrategiaconcursos.com.br\/blog\/concursos-ambientais-autorizados-entenda\/#primaryimage\",\"url\":\"https:\/\/dhg1h5j42swfq.cloudfront.net\/2021\/11\/25152046\/concursos-federais.jpg\",\"contentUrl\":\"https:\/\/dhg1h5j42swfq.cloudfront.net\/2021\/11\/25152046\/concursos-federais.jpg\",\"width\":1200,\"height\":629,\"caption\":\"Concursos Federais convoca\u00e7\u00f5es\"},{\"@type\":\"BreadcrumbList\",\"@id\":\"https:\/\/www.estrategiaconcursos.com.br\/blog\/concursos-ambientais-autorizados-entenda\/#breadcrumb\",\"itemListElement\":[{\"@type\":\"ListItem\",\"position\":1,\"name\":\"In\u00edcio\",\"item\":\"https:\/\/www.estrategiaconcursos.com.br\/blog\/\"},{\"@type\":\"ListItem\",\"position\":2,\"name\":\"Concursos ambientais est\u00e3o autorizados? Entenda!\"}]},{\"@type\":\"WebSite\",\"@id\":\"https:\/\/www.estrategiaconcursos.com.br\/blog\/#website\",\"url\":\"https:\/\/www.estrategiaconcursos.com.br\/blog\/\",\"name\":\"Estrat\u00e9gia Concursos\",\"description\":\"O blog da Estrat\u00e9gia Concursos traz not\u00edcias sobre concursos e artigos de professores oferecendo cursos para concursos (pdf + videaulas) no site.\",\"publisher\":{\"@id\":\"https:\/\/www.estrategiaconcursos.com.br\/blog\/#organization\"},\"potentialAction\":[{\"@type\":\"SearchAction\",\"target\":{\"@type\":\"EntryPoint\",\"urlTemplate\":\"https:\/\/www.estrategiaconcursos.com.br\/blog\/?s={search_term_string}\"},\"query-input\":{\"@type\":\"PropertyValueSpecification\",\"valueRequired\":true,\"valueName\":\"search_term_string\"}}],\"inLanguage\":\"pt-BR\"},{\"@type\":\"Organization\",\"@id\":\"https:\/\/www.estrategiaconcursos.com.br\/blog\/#organization\",\"name\":\"Estrat\u00e9gia Concursos\",\"url\":\"https:\/\/www.estrategiaconcursos.com.br\/blog\/\",\"logo\":{\"@type\":\"ImageObject\",\"inLanguage\":\"pt-BR\",\"@id\":\"https:\/\/www.estrategiaconcursos.com.br\/blog\/#\/schema\/logo\/image\/\",\"url\":\"https:\/\/dhg1h5j42swfq.cloudfront.net\/2025\/06\/03203428\/logo_concursos-1.jpg\",\"contentUrl\":\"https:\/\/dhg1h5j42swfq.cloudfront.net\/2025\/06\/03203428\/logo_concursos-1.jpg\",\"width\":230,\"height\":60,\"caption\":\"Estrat\u00e9gia Concursos\"},\"image\":{\"@id\":\"https:\/\/www.estrategiaconcursos.com.br\/blog\/#\/schema\/logo\/image\/\"},\"sameAs\":[\"https:\/\/x.com\/EstratConcursos\"]},{\"@type\":\"Person\",\"@id\":\"https:\/\/www.estrategiaconcursos.com.br\/blog\/#\/schema\/person\/84ecdc6eb58d3cf1689bf76c5cd8fb38\",\"name\":\"Camila Leite\",\"image\":{\"@type\":\"ImageObject\",\"inLanguage\":\"pt-BR\",\"@id\":\"https:\/\/secure.gravatar.com\/avatar\/f2f8faef639c8a2bfb7fb909912a56917f4c3a0aed064500168e2fb8ea55cf61?s=96&d=mm&r=g\",\"url\":\"https:\/\/secure.gravatar.com\/avatar\/f2f8faef639c8a2bfb7fb909912a56917f4c3a0aed064500168e2fb8ea55cf61?s=96&d=mm&r=g\",\"contentUrl\":\"https:\/\/secure.gravatar.com\/avatar\/f2f8faef639c8a2bfb7fb909912a56917f4c3a0aed064500168e2fb8ea55cf61?s=96&d=mm&r=g\",\"caption\":\"Camila Leite\"},\"description\":\"Formada em Design Gr\u00e1fico e em Propaganda e Marketing pela UNIP, integra a equipe de jornalismo do Estrat\u00e9gia Concursos desde 2018. Ao longo dos anos, construiu uma s\u00f3lida experi\u00eancia na produ\u00e7\u00e3o de conte\u00fado informativo e relevante para concurseiros. Desde 2020, atua na cobertura das \u00e1reas Fiscal \u2014 com \u00eanfase nas Secretarias de Fazenda (Sefaz) das regi\u00f5es Sul e Sudeste \u2014, al\u00e9m da cobertura de concursos federais, como CNU, Petrobras, CGU, Receita Federal, ag\u00eancias reguladoras (Anvisa, ANAC, entre outras) e INSS. Mant\u00e9m contato direto com os principais \u00f3rg\u00e3os p\u00fablicos, acompanhando editais, atualiza\u00e7\u00f5es e movimenta\u00e7\u00f5es importantes para os candidatos.\",\"sameAs\":[\"https:\/\/www.linkedin.com\/in\/camila-pinheiro-leite-9ba135b6\/\"],\"url\":\"https:\/\/www.estrategiaconcursos.com.br\/blog\/author\/camila-leiteestrategiaconcursos-com-br\/\"}]}<\/script>\n<!-- \/ Yoast SEO Premium plugin. -->","yoast_head_json":{"title":"Concursos ambientais est\u00e3o autorizados? Entenda!","description":"Concursos ambientais: \"j\u00e1 conseguimos junto ao Minist\u00e9rio de Gest\u00e3o o concurso para o IBAMA, ICMBio, MMA\" afirma ministra Marina Silva.","robots":{"index":"index","follow":"follow","max-snippet":"max-snippet:-1","max-image-preview":"max-image-preview:large","max-video-preview":"max-video-preview:-1"},"canonical":"https:\/\/www.estrategiaconcursos.com.br\/blog\/concursos-ambientais-autorizados-entenda\/","og_locale":"pt_BR","og_type":"article","og_title":"Concursos ambientais est\u00e3o autorizados? Entenda!","og_description":"Concursos ambientais: \"j\u00e1 conseguimos junto ao Minist\u00e9rio de Gest\u00e3o o concurso para o IBAMA, ICMBio, MMA\" afirma ministra Marina Silva.","og_url":"https:\/\/www.estrategiaconcursos.com.br\/blog\/concursos-ambientais-autorizados-entenda\/","og_site_name":"Estrat\u00e9gia Concursos","article_published_time":"2023-04-11T12:19:29+00:00","article_modified_time":"2023-04-18T13:19:10+00:00","og_image":[{"width":1200,"height":629,"url":"https:\/\/dhg1h5j42swfq.cloudfront.net\/2021\/11\/25152046\/concursos-federais.jpg","type":"image\/jpeg"}],"author":"Camila Leite","twitter_card":"summary_large_image","twitter_creator":"@EstratConcursos","twitter_site":"@EstratConcursos","twitter_misc":{"Escrito por":"Camila Leite","Est. tempo de leitura":"1 minuto"},"schema":{"@context":"https:\/\/schema.org","@graph":[{"@type":"NewsArticle","@id":"https:\/\/www.estrategiaconcursos.com.br\/blog\/concursos-ambientais-autorizados-entenda\/#article","isPartOf":{"@id":"https:\/\/www.estrategiaconcursos.com.br\/blog\/concursos-ambientais-autorizados-entenda\/"},"author":{"name":"Camila Leite","@id":"https:\/\/www.estrategiaconcursos.com.br\/blog\/#\/schema\/person\/84ecdc6eb58d3cf1689bf76c5cd8fb38"},"headline":"Concursos ambientais est\u00e3o autorizados? Entenda!","datePublished":"2023-04-11T12:19:29+00:00","dateModified":"2023-04-18T13:19:10+00:00","mainEntityOfPage":{"@id":"https:\/\/www.estrategiaconcursos.com.br\/blog\/concursos-ambientais-autorizados-entenda\/"},"wordCount":268,"commentCount":0,"publisher":{"@id":"https:\/\/www.estrategiaconcursos.com.br\/blog\/#organization"},"image":{"@id":"https:\/\/www.estrategiaconcursos.com.br\/blog\/concursos-ambientais-autorizados-entenda\/#primaryimage"},"thumbnailUrl":"https:\/\/dhg1h5j42swfq.cloudfront.net\/2021\/11\/25152046\/concursos-federais.jpg","articleSection":["Concursos P\u00fablicos","Executivo (Administrativa)","\u00daltimas not\u00edcias"],"inLanguage":"pt-BR","potentialAction":[{"@type":"CommentAction","name":"Comment","target":["https:\/\/www.estrategiaconcursos.com.br\/blog\/concursos-ambientais-autorizados-entenda\/#respond"]}],"copyrightYear":"2023","copyrightHolder":{"@id":"https:\/\/www.estrategiaconcursos.com.br\/blog\/#organization"}},{"@type":"WebPage","@id":"https:\/\/www.estrategiaconcursos.com.br\/blog\/concursos-ambientais-autorizados-entenda\/","url":"https:\/\/www.estrategiaconcursos.com.br\/blog\/concursos-ambientais-autorizados-entenda\/","name":"Concursos ambientais est\u00e3o autorizados? Entenda!","isPartOf":{"@id":"https:\/\/www.estrategiaconcursos.com.br\/blog\/#website"},"primaryImageOfPage":{"@id":"https:\/\/www.estrategiaconcursos.com.br\/blog\/concursos-ambientais-autorizados-entenda\/#primaryimage"},"image":{"@id":"https:\/\/www.estrategiaconcursos.com.br\/blog\/concursos-ambientais-autorizados-entenda\/#primaryimage"},"thumbnailUrl":"https:\/\/dhg1h5j42swfq.cloudfront.net\/2021\/11\/25152046\/concursos-federais.jpg","datePublished":"2023-04-11T12:19:29+00:00","dateModified":"2023-04-18T13:19:10+00:00","description":"Concursos ambientais: \"j\u00e1 conseguimos junto ao Minist\u00e9rio de Gest\u00e3o o concurso para o IBAMA, ICMBio, MMA\" afirma ministra Marina Silva.","breadcrumb":{"@id":"https:\/\/www.estrategiaconcursos.com.br\/blog\/concursos-ambientais-autorizados-entenda\/#breadcrumb"},"inLanguage":"pt-BR","potentialAction":[{"@type":"ReadAction","target":["https:\/\/www.estrategiaconcursos.com.br\/blog\/concursos-ambientais-autorizados-entenda\/"]}]},{"@type":"ImageObject","inLanguage":"pt-BR","@id":"https:\/\/www.estrategiaconcursos.com.br\/blog\/concursos-ambientais-autorizados-entenda\/#primaryimage","url":"https:\/\/dhg1h5j42swfq.cloudfront.net\/2021\/11\/25152046\/concursos-federais.jpg","contentUrl":"https:\/\/dhg1h5j42swfq.cloudfront.net\/2021\/11\/25152046\/concursos-federais.jpg","width":1200,"height":629,"caption":"Concursos Federais convoca\u00e7\u00f5es"},{"@type":"BreadcrumbList","@id":"https:\/\/www.estrategiaconcursos.com.br\/blog\/concursos-ambientais-autorizados-entenda\/#breadcrumb","itemListElement":[{"@type":"ListItem","position":1,"name":"In\u00edcio","item":"https:\/\/www.estrategiaconcursos.com.br\/blog\/"},{"@type":"ListItem","position":2,"name":"Concursos ambientais est\u00e3o autorizados? Entenda!"}]},{"@type":"WebSite","@id":"https:\/\/www.estrategiaconcursos.com.br\/blog\/#website","url":"https:\/\/www.estrategiaconcursos.com.br\/blog\/","name":"Estrat\u00e9gia Concursos","description":"O blog da Estrat\u00e9gia Concursos traz not\u00edcias sobre concursos e artigos de professores oferecendo cursos para concursos (pdf + videaulas) no site.","publisher":{"@id":"https:\/\/www.estrategiaconcursos.com.br\/blog\/#organization"},"potentialAction":[{"@type":"SearchAction","target":{"@type":"EntryPoint","urlTemplate":"https:\/\/www.estrategiaconcursos.com.br\/blog\/?s={search_term_string}"},"query-input":{"@type":"PropertyValueSpecification","valueRequired":true,"valueName":"search_term_string"}}],"inLanguage":"pt-BR"},{"@type":"Organization","@id":"https:\/\/www.estrategiaconcursos.com.br\/blog\/#organization","name":"Estrat\u00e9gia Concursos","url":"https:\/\/www.estrategiaconcursos.com.br\/blog\/","logo":{"@type":"ImageObject","inLanguage":"pt-BR","@id":"https:\/\/www.estrategiaconcursos.com.br\/blog\/#\/schema\/logo\/image\/","url":"https:\/\/dhg1h5j42swfq.cloudfront.net\/2025\/06\/03203428\/logo_concursos-1.jpg","contentUrl":"https:\/\/dhg1h5j42swfq.cloudfront.net\/2025\/06\/03203428\/logo_concursos-1.jpg","width":230,"height":60,"caption":"Estrat\u00e9gia Concursos"},"image":{"@id":"https:\/\/www.estrategiaconcursos.com.br\/blog\/#\/schema\/logo\/image\/"},"sameAs":["https:\/\/x.com\/EstratConcursos"]},{"@type":"Person","@id":"https:\/\/www.estrategiaconcursos.com.br\/blog\/#\/schema\/person\/84ecdc6eb58d3cf1689bf76c5cd8fb38","name":"Camila Leite","image":{"@type":"ImageObject","inLanguage":"pt-BR","@id":"https:\/\/secure.gravatar.com\/avatar\/f2f8faef639c8a2bfb7fb909912a56917f4c3a0aed064500168e2fb8ea55cf61?s=96&d=mm&r=g","url":"https:\/\/secure.gravatar.com\/avatar\/f2f8faef639c8a2bfb7fb909912a56917f4c3a0aed064500168e2fb8ea55cf61?s=96&d=mm&r=g","contentUrl":"https:\/\/secure.gravatar.com\/avatar\/f2f8faef639c8a2bfb7fb909912a56917f4c3a0aed064500168e2fb8ea55cf61?s=96&d=mm&r=g","caption":"Camila Leite"},"description":"Formada em Design Gr\u00e1fico e em Propaganda e Marketing pela UNIP, integra a equipe de jornalismo do Estrat\u00e9gia Concursos desde 2018. Ao longo dos anos, construiu uma s\u00f3lida experi\u00eancia na produ\u00e7\u00e3o de conte\u00fado informativo e relevante para concurseiros. Desde 2020, atua na cobertura das \u00e1reas Fiscal \u2014 com \u00eanfase nas Secretarias de Fazenda (Sefaz) das regi\u00f5es Sul e Sudeste \u2014, al\u00e9m da cobertura de concursos federais, como CNU, Petrobras, CGU, Receita Federal, ag\u00eancias reguladoras (Anvisa, ANAC, entre outras) e INSS. Mant\u00e9m contato direto com os principais \u00f3rg\u00e3os p\u00fablicos, acompanhando editais, atualiza\u00e7\u00f5es e movimenta\u00e7\u00f5es importantes para os candidatos.","sameAs":["https:\/\/www.linkedin.com\/in\/camila-pinheiro-leite-9ba135b6\/"],"url":"https:\/\/www.estrategiaconcursos.com.br\/blog\/author\/camila-leiteestrategiaconcursos-com-br\/"}]}},"_links":{"self":[{"href":"https:\/\/www.estrategiaconcursos.com.br\/blog\/wp-json\/wp\/v2\/posts\/1199728","targetHints":{"allow":["GET"]}}],"collection":[{"href":"https:\/\/www.estrategiaconcursos.com.br\/blog\/wp-json\/wp\/v2\/posts"}],"about":[{"href":"https:\/\/www.estrategiaconcursos.com.br\/blog\/wp-json\/wp\/v2\/types\/post"}],"author":[{"embeddable":true,"href":"https:\/\/www.estrategiaconcursos.com.br\/blog\/wp-json\/wp\/v2\/users\/659"}],"replies":[{"embeddable":true,"href":"https:\/\/www.estrategiaconcursos.com.br\/blog\/wp-json\/wp\/v2\/comments?post=1199728"}],"version-history":[{"count":8,"href":"https:\/\/www.estrategiaconcursos.com.br\/blog\/wp-json\/wp\/v2\/posts\/1199728\/revisions"}],"predecessor-version":[{"id":1203309,"href":"https:\/\/www.estrategiaconcursos.com.br\/blog\/wp-json\/wp\/v2\/posts\/1199728\/revisions\/1203309"}],"wp:featuredmedia":[{"embeddable":true,"href":"https:\/\/www.estrategiaconcursos.com.br\/blog\/wp-json\/wp\/v2\/media\/916425"}],"wp:attachment":[{"href":"https:\/\/www.estrategiaconcursos.com.br\/blog\/wp-json\/wp\/v2\/media?parent=1199728"}],"wp:term":[{"taxonomy":"category","embeddable":true,"href":"https:\/\/www.estrategiaconcursos.com.br\/blog\/wp-json\/wp\/v2\/categories?post=1199728"},{"taxonomy":"post_tag","embeddable":true,"href":"https:\/\/www.estrategiaconcursos.com.br\/blog\/wp-json\/wp\/v2\/tags?post=1199728"},{"taxonomy":"tax_estado","embeddable":true,"href":"https:\/\/www.estrategiaconcursos.com.br\/blog\/wp-json\/wp\/v2\/tax_estado?post=1199728"}],"curies":[{"name":"wp","href":"https:\/\/api.w.org\/{rel}","templated":true}]}}