{"id":1199656,"date":"2025-09-25T11:42:00","date_gmt":"2025-09-25T14:42:00","guid":{"rendered":"https:\/\/www.estrategiaconcursos.com.br\/blog\/?p=1199656"},"modified":"2025-10-07T11:42:56","modified_gmt":"2025-10-07T14:42:56","slug":"concurso-crefito-9","status":"publish","type":"post","link":"https:\/\/www.estrategiaconcursos.com.br\/blog\/concurso-crefito-9\/","title":{"rendered":"Concurso CREFITO 9: provas em 2 de novembro!"},"content":{"rendered":"<a id=\"cta-icon\" href=\"https:\/\/mais.red\/wpp\/crefito-9-grupo\" target=\"blank\" style=\"background:rgb(41,166,26)\">\n            <img decoding=\"async\" src=\"https:\/\/dhg1h5j42swfq.cloudfront.net\/2024\/01\/03154041\/whatsapp_13851.png\" alt=\"\" alt=\"whatsapp_13851\"><span > Acesse agora o Grupo de Estudos para o Concurso CREFITO 9<\/span><\/a>\n\n\n\n<p>O <a href=\"https:\/\/www.estrategiaconcursos.com.br\/cursos\/concurso\/\" target=\"_blank\" rel=\"noreferrer noopener\">Conselho Regional de Fisioterapia e Terapia Ocupacional da 9\u00b0 regi\u00e3o<\/a> (<strong>CREFITO 9<\/strong>), no Mato Grosso, oferta <strong>03 vagas imediatas, al\u00e9m de cadastro de reserva, <\/strong>e os sal\u00e1rios de iniciais variam de <strong>R$ 2.500,00 a R$ 6.034,00<\/strong>.<\/p>\n\n\n\n<p>As <strong>inscri\u00e7\u00f5es<\/strong> deveriam ser feitas exclusivamente via internet, no endere\u00e7o eletr\u00f4nico do <a href=\"http:\/\/www.institutoibest.org.br\" target=\"_blank\" rel=\"noreferrer noopener\">Instituto Ibest<\/a>, do dia <strong>9 de setembro a 6 de outubro<\/strong>.<\/p>\n\n\n\n<p>A taxa de foide R$ 46,00 para o cargo de n\u00edvel m\u00e9dio, e R$ 53,00 para os cargos de n\u00edvel superior. As <strong>provas <\/strong>ser\u00e3o aplicadas na data prov\u00e1vel de <strong>2 de novembro<\/strong>.<\/p>\n\n\n\n<ul style=\"background:linear-gradient(135deg,rgb(255,245,203) 0%,rgb(182,227,212) 0%,rgb(51,167,181) 100%)\" class=\"wp-block-list has-background\">\n<li><strong>Concurso CREFITO 9<\/strong><\/li>\n\n\n\n<li><strong>Status:<\/strong> prova em 2\/11<\/li>\n\n\n\n<li><strong>Vagas:<\/strong> 03 + CR<\/li>\n\n\n\n<li><strong>Escolaridade:<\/strong> m\u00e9dio e superior<\/li>\n\n\n\n<li><strong>Sal\u00e1rios:<\/strong> R$ 2.500,00 a R$ 6.034,00<\/li>\n\n\n\n<li><strong>Edital:<\/strong> <a href=\"https:\/\/anexos.cdn.selecao.net.br\/uploads\/729\/concursos\/14\/anexos\/bd687590-4890-4b4f-a04d-9982b5ccde62.pdf\" target=\"_blank\" rel=\"noreferrer noopener\">CREFITO 9 2025<\/a><\/li>\n<\/ul>\n\n\n\n<p>Elaboramos este artigo com as principais informa\u00e7\u00f5es e novidades sobre o concurso CREFITO 9 para te manter 100% informado. Acompanhe os t\u00f3picos abaixo e n\u00e3o perca nenhum detalhe:<\/p>\n\n\n\n<ul class=\"wp-block-list\">\n<li><strong><a href=\"#situa\u00e7\u00e3o-atual\">Situa\u00e7\u00e3o atual<\/a><\/strong>\n<ul class=\"wp-block-list\">\n<li><a href=\"#datas\"><strong>Principais datas<\/strong><\/a><\/li>\n<\/ul>\n<\/li>\n\n\n\n<li><a href=\"#cargos-vagas\"><strong>Cargos e vagas<\/strong><\/a>\n<ul class=\"wp-block-list\">\n<li><a href=\"#medio\"><strong>M\u00e9dio<\/strong><\/a><\/li>\n\n\n\n<li><a href=\"#superior\"><strong>Superior<\/strong><\/a><\/li>\n<\/ul>\n<\/li>\n\n\n\n<li><a href=\"#requisitos\"><strong>Requisitos<\/strong><\/a><\/li>\n\n\n\n<li><a href=\"#etapas\"><strong>Etapas e provas<\/strong><\/a>\n<ul class=\"wp-block-list\">\n<li><a href=\"#objetiva\"><strong>Objetiva<\/strong><\/a><\/li>\n\n\n\n<li><a href=\"#T\u00edtulos\"><strong>T\u00edtulos<\/strong><\/a><\/li>\n<\/ul>\n<\/li>\n\n\n\n<li><a href=\"#\u00faltimo-concurso\"><strong>\u00daltimo concurso<\/strong><\/a><\/li>\n\n\n\n<li><strong><a href=\"#cursos-assinatura\">Cursos e assinaturas<\/a><\/strong><\/li>\n\n\n\n<li><strong><a href=\"#ficha\">Ficha t\u00e9cnica<\/a><\/strong><\/li>\n<\/ul>\n\n\n\n<div class=\"container\" id=\"boxes\">\n  <div class=\"row\">\n\n    <div class=\"col-sm\">\n      <div class=\"banner-estrategia\" id=\"box-assinatura\">\n        <h3 class=\"titulo-assinatura\">Cursos para concursos<\/h3>\n        <p class=\"subtitulo-assinatura\">Conhe\u00e7a os cursos<\/p>\n        <div class=\"box-botao\">\n          <a class=\"btn-assinatura\" target=\"_blank\" href=\"https:\/\/www.estrategiaconcursos.com.br\/cursos\/\" role=\"button\" rel=\"noopener noreferrer\">Conhe\u00e7a mais<\/a>\n        <\/div>\n      <\/div>\n     \n    <\/div>\n\n  <\/div>\n<\/div>\n\n\n\n<h2 class=\"wp-block-heading\" id=\"situa\u00e7\u00e3o-atual\">Concurso CREFITO 9: situa\u00e7\u00e3o atual<\/h2>\n\n\n\n<h3 class=\"wp-block-heading\" id=\"datas\">Principais datas<\/h3>\n\n\n\n<ul class=\"wp-block-list\">\n<li><strong>Inscri\u00e7\u00f5es<\/strong>: 09\/09 a 06\/10\/2025<\/li>\n\n\n\n<li><strong>Prova<\/strong>: 02\/11\/2025<\/li>\n<\/ul>\n\n\n\n<h3 class=\"wp-block-heading\" id=\"cargos-vagas\">Cargos e vagas<\/h3>\n\n\n\n<figure class=\"wp-block-table is-style-stripes\"><table class=\"has-fixed-layout\"><tbody><tr><td>Cargo<\/td><td class=\"has-text-align-center\" data-align=\"center\">N\u00edvel de Escolaridade<\/td><td>Vagas Efetivas (Ampla Concorr\u00eancia &#8211; AC)<\/td><td>Cadastro Reserva (CR) Total*<\/td><td>Sal\u00e1rio Mensal<\/td><\/tr><tr><td><strong>Agente Fiscal \u2013 Fisioterapia<\/strong><\/td><td class=\"has-text-align-center\" data-align=\"center\">Superior<\/td><td>2<\/td><td>30<\/td><td>R$ 6.034,00 + benef\u00edcios<\/td><\/tr><tr><td><strong>Agente Fiscal \u2013 Terapia Ocupacional<\/strong><\/td><td class=\"has-text-align-center\" data-align=\"center\">Superior<\/td><td>1<\/td><td>30<\/td><td>R$ 6.034,00 + benef\u00edcios<\/td><\/tr><tr><td><strong>Agente Administrativo<\/strong><\/td><td class=\"has-text-align-center\" data-align=\"center\">M\u00e9dio<\/td><td>\u2013 (Nenhuma vaga efetiva em AC)<\/td><td>30<\/td><td>R$ 2.500,00 + benef\u00edcios<\/td><\/tr><\/tbody><\/table><\/figure>\n\n\n\n<p><em>*Nota: O total de 30 vagas para Cadastro Reserva inclui Ampla Concorr\u00eancia (AC), Pessoa Negra (PN), Pessoa com Defici\u00eancia (PCD), Pessoa Ind\u00edgena (PI) e Pessoa Quilombola (PQ), conforme a distribui\u00e7\u00e3o do Quadro de Vagas<\/em><em>.<\/em><\/p>\n\n\n\n<h3 class=\"wp-block-heading\" id=\"requisitos\">Requisitos<\/h3>\n\n\n\n<p>Os requisitos abaixo listados s\u00e3o espec\u00edficos para o exerc\u00edcio de cada cargo. Al\u00e9m desses, o candidato deve atender aos requisitos b\u00e1sicos para a investidura no cargo, como ser aprovado no concurso, ter nacionalidade brasileira ou portuguesa (amparado pelo Estatuto de Igualdade), estar em gozo dos direitos pol\u00edticos, ter no m\u00ednimo 18 anos completos na data da posse, estar quite com as obriga\u00e7\u00f5es militares (se for o caso) e eleitorais, ter aptid\u00e3o f\u00edsica e mental, e cumprir as determina\u00e7\u00f5es do edital.<\/p>\n\n\n\n<p><strong>CARGO 100: AGENTE FISCAL \u2013 FISIOTERAPIA (N\u00edvel Superior)<\/strong><\/p>\n\n\n\n<p>\u2022 <strong>Diploma<\/strong>, devidamente registrado, de conclus\u00e3o de curso de <strong>gradua\u00e7\u00e3o de n\u00edvel superior em Fisioterapia<\/strong>, fornecido por institui\u00e7\u00e3o de ensino superior reconhecida pelo Minist\u00e9rio da Educa\u00e7\u00e3o (MEC).<\/p>\n\n\n\n<p>\u2022 <strong>Carteira Nacional de Habilita\u00e7\u00e3o \u2013 Categoria \u201cB\u201d<\/strong>, conforme arts. 143 e 147 do C\u00f3digo Nacional de Tr\u00e2nsito e Resolu\u00e7\u00f5es 168\/2004 e 285\/2008, do CONTRAN, com pontua\u00e7\u00e3o que permita o pleno exerc\u00edcio do direito de dirigir.<\/p>\n\n\n\n<p>\u2022 <strong>N\u00e3o possuir d\u00e9bitos inadimplidos ou condena\u00e7\u00e3o transitada em julgado em Processo \u00c9tico-Disciplinar<\/strong> em qualquer Regional do Sistema COFFITO\/CREFITO, caso esteja ativo no Conselho Regional de Fisioterapia e Terapia Ocupacional.<\/p>\n\n\n\n<p>\u2022 Dever\u00e1 <strong>dar baixa na inscri\u00e7\u00e3o de Fisioterapia para a posse<\/strong> no concurso.<\/p>\n\n\n\n<p>\u2022 <strong>Disponibilidade para viagens<\/strong>.<\/p>\n\n\n\n<p><strong>CARGO 101: AGENTE FISCAL \u2013 TERAPIA OCUPACIONAL (N\u00edvel Superior)<\/strong><\/p>\n\n\n\n<p>\u2022 <strong>Diploma<\/strong>, devidamente registrado, de conclus\u00e3o de curso de <strong>gradua\u00e7\u00e3o de n\u00edvel superior em Terapia Ocupacional<\/strong>, fornecido por institui\u00e7\u00e3o de ensino superior reconhecida pelo Minist\u00e9rio da Educa\u00e7\u00e3o (MEC).<\/p>\n\n\n\n<p>\u2022 <strong>Carteira Nacional de Habilita\u00e7\u00e3o \u2013 Categoria \u201cB\u201d<\/strong>, conforme arts. 143 e 147 do C\u00f3digo Nacional de Tr\u00e2nsito e Resolu\u00e7\u00f5es 168\/2004 e 285\/2008, do CONTRAN, com pontua\u00e7\u00e3o que permita o pleno exerc\u00edcio do direito de dirigir.<\/p>\n\n\n\n<p>\u2022 <strong>N\u00e3o possuir d\u00e9bitos inadimplidos ou condena\u00e7\u00e3o transitada em julgado em Processo \u00c9tico-Disciplinar<\/strong> em qualquer Regional do Sistema COFFITO\/CREFITO, caso esteja ativo no Conselho Regional de Fisioterapia e Terapia Ocupacional.<\/p>\n\n\n\n<p>\u2022 Dever\u00e1 <strong>dar baixa na inscri\u00e7\u00e3o de Fisioterapia<\/strong> para a posse no concurso.<\/p>\n\n\n\n<p>\u2022 <strong>Disponibilidade para viagens<\/strong>.<\/p>\n\n\n\n<p><strong>CARGO 200: AGENTE ADMINISTRATIVO (N\u00edvel M\u00e9dio)<\/strong><\/p>\n\n\n\n<p>\u2022 <strong>Diploma ou certificado<\/strong>, devidamente registrado, de conclus\u00e3o de <strong>curso de n\u00edvel m\u00e9dio<\/strong>, fornecido por institui\u00e7\u00e3o de ensino reconhecida pelo Minist\u00e9rio da Educa\u00e7\u00e3o (MEC).<\/p>\n\n\n\n<p>\u2022 <strong>Carteira Nacional de Habilita\u00e7\u00e3o \u2013 Categoria \u201cB\u201d<\/strong>, conforme arts. 143 e 147 do C\u00f3digo Nacional de Tr\u00e2nsito e Resolu\u00e7\u00f5es 168\/2004 e 285\/2008, do CONTRAN, com pontua\u00e7\u00e3o que permita o pleno exerc\u00edcio do direito de dirigir.<\/p>\n\n\n\n<p>\u2022 <strong>Disponibilidade para viagens<\/strong>.<\/p>\n\n\n\n<h2 class=\"wp-block-heading\" id=\"etapas\">Etapas e provas do Concurso CREFITO 9<\/h2>\n\n\n\n<p>O concurso CREFITO 9 \u00e9 composto pelas seguintes etapas:<\/p>\n\n\n\n<ul class=\"wp-block-list\">\n<li>Prova objetiva, de car\u00e1ter eliminat\u00f3rio e classificat\u00f3rio, para todos os cargos;<\/li>\n\n\n\n<li>Avalia\u00e7\u00e3o de t\u00edtulos, de car\u00e1ter classificat\u00f3rio, para os cargos de n\u00edvel superior.<\/li>\n<\/ul>\n\n\n\n<p>As provas objetivas est\u00e3o precistas para o dia 02 de novembro, nos turnos da manha e da tarde, com dura\u00e7\u00e3o m\u00e1xima de 3 horas e 30 minutos.<\/p>\n\n\n\n<h3 class=\"wp-block-heading\" id=\"objetiva\">Provas Objetivas<\/h3>\n\n\n\n<p>A etapa \u00e9 composta de <strong>120 itens<\/strong> para julgamento de CERTO ou ERRADO, e vale 120,00 pontos. Confira abaixo a estrutura da prova:<\/p>\n\n\n\n<ul class=\"wp-block-list\">\n<li>Conhecimentos b\u00e1sicos &#8211; 40 itens;<\/li>\n\n\n\n<li>Conhecimentos complementares &#8211; 30 itens;<\/li>\n\n\n\n<li>Conhecimentos espec\u00edficos &#8211; 50 itens.<\/li>\n<\/ul>\n\n\n\n<h3 class=\"wp-block-heading\" id=\"T\u00edtulos\">Avalia\u00e7\u00e3o de T\u00edtulos<\/h3>\n\n\n\n<p>S\u00e3o convocados para a avalia\u00e7\u00e3o de t\u00edtulos os candidatos aos cargos de n\u00edvel superior classificados at\u00e9 a 30\u00aa posi\u00e7\u00e3o na prova objetiva, em cada cidade de lota\u00e7\u00e3o.<\/p>\n\n\n\n<p>A avalia\u00e7\u00e3o de t\u00edtulos vale 10,00 pontos, ainda que a soma dos valores dos t\u00edtulos enviados seja superior a esse valor. Confira abaixo a tabela de pontua\u00e7\u00e3o da etapa!<\/p>\n\n\n\n<figure class=\"wp-block-image aligncenter size-full is-resized\"><img loading=\"lazy\" decoding=\"async\" width=\"719\" height=\"202\" src=\"https:\/\/dhg1h5j42swfq.cloudfront.net\/2023\/05\/04095137\/image-46.png\" alt=\"Tabela de atribui\u00e7\u00e3o de pontos na avalia\u00e7\u00e3o de t\u00edtulos\" class=\"wp-image-1210736\" style=\"width:739px;height:207px\" srcset=\"https:\/\/dhg1h5j42swfq.cloudfront.net\/2023\/05\/04095137\/image-46.png 719w, https:\/\/dhg1h5j42swfq.cloudfront.net\/2023\/05\/04095137\/image-46-300x84.png 300w, https:\/\/dhg1h5j42swfq.cloudfront.net\/2023\/05\/04095137\/image-46-610x171.png 610w, https:\/\/dhg1h5j42swfq.cloudfront.net\/2023\/05\/04095137\/image-46-150x42.png 150w\" sizes=\"auto, (max-width: 719px) 100vw, 719px\" \/><\/figure>\n\n\n\n<h2 class=\"wp-block-heading\" id=\"\u00faltimo-concurso\">\u00daltimo concurso CREFITO 9<\/h2>\n\n\n\n<p>O \u00faltimo edital ofertado pelo \u00f3rg\u00e3o, publicado em 2014, ofertou 05 vagas imediatas mais 400 em cadastro de reserva para Agente Administrativo e Agente Fiscal, de n\u00edveis m\u00e9dio e superior de escolaridade, respectivamente.<\/p>\n\n\n\n<p>Os sal\u00e1rios inicias ofertado na \u00e9poca foram de R$ 1.564,83 a R$ 4.200. Os candidatos foram avaliados por provas objetivas, de car\u00e1ter eliminat\u00f3rio e classificat\u00f3rio, para todos os cargos, e avalia\u00e7\u00e3o de t\u00edtulos para o cargo de Agente Fiscal.<\/p>\n\n\n\n<p>O certame ficou sob responsabilidade da banca MS Concursos, e as inscri\u00e7\u00f5es foram realizadas ao custo de R$ 50,00 a R$ 80,00 reais.<\/p>\n\n\n\n<hr class=\"wp-block-separator has-css-opacity\"\/>\n\n\n\n<h2 class=\"wp-block-heading has-text-align-center\" id=\"h-quer-saber-tudo-sobre-concursos-previstos-confira-nossos-artigos\">Quer saber tudo sobre concursos previstos?<br \/>Confira  nossos artigos!<\/h2>\n\n\n\n<ul class=\"wp-block-list\">\n<li><a href=\"https:\/\/www.estrategiaconcursos.com.br\/blog\/concursos-abertos\/\" target=\"_blank\" rel=\"noreferrer noopener\">Concursos abertos<\/a><\/li>\n\n\n\n<li><a href=\"https:\/\/www.estrategiaconcursos.com.br\/blog\/concursos-conselhos\/\">Concursos conselhos<\/a><\/li>\n\n\n\n<li><a href=\"https:\/\/www.estrategiaconcursos.com.br\/blog\/concursos-2025\/\">Concursos 2025<\/a><\/li>\n\n\n\n<li><a href=\"https:\/\/www.estrategiaconcursos.com.br\/blog\/concursos-2026\/\">Concursos 2026<\/a><\/li>\n<\/ul>\n\n\n\n<h2 class=\"wp-block-heading has-text-align-center\" id=\"cursos-assinatura\">Quer estudar para o concurso CREFITO 9?<\/h2>\n\n\n\n<div class=\"container\" id=\"boxes\">\n  <div class=\"row\">\n\n    <div class=\"col-sm\">\n      <div class=\"banner-estrategia\" id=\"box-assinatura\">\n        <h3 class=\"titulo-assinatura\">Cursos para concursos<\/h3>\n        <p class=\"subtitulo-assinatura\">Conhe\u00e7a os cursos<\/p>\n        <div class=\"box-botao\">\n          <a class=\"btn-assinatura\" target=\"_blank\" href=\"https:\/\/www.estrategiaconcursos.com.br\/cursos\/\" role=\"button\" rel=\"noopener noreferrer\">Conhe\u00e7a mais<\/a>\n        <\/div>\n      <\/div>\n     \n    <\/div>\n\n  <\/div>\n<\/div>\n\n\n\n<div class=\"container\" id=\"boxes\">\n  <div class=\"row\">\n\n    <div class=\"col-sm\">\n      <div class=\"estrategia\" id=\"box-assinatura\">\n        <h3 class=\"titulo-assinatura\">Assinatura Concursos<\/h3>\n        <p class=\"subtitulo-assinatura\">Assinatura de 1 ano ou 2 anos<\/p>\n        <div class=\"box-botao\">\n          <a class=\"btn-assinatura\" target=\"_blank\" href=\"https:\/\/www.estrategiaconcursos.com.br\/assinaturas\/\" role=\"button\" rel=\"noopener noreferrer\">ASSINE AGORA<\/a>\n        <\/div>\n      <\/div><\/div><\/div><\/div>\n\n\n\n<figure class=\"wp-block-image size-large is-resized\"><img loading=\"lazy\" decoding=\"async\" width=\"1024\" height=\"632\" src=\"https:\/\/dhg1h5j42swfq.cloudfront.net\/2025\/06\/27101122\/ficha-tecnica-1-1024x632.png\" alt=\"\" class=\"wp-image-702728\" style=\"width:269px;height:166px\" srcset=\"https:\/\/dhg1h5j42swfq.cloudfront.net\/2025\/06\/27101122\/ficha-tecnica-1-1024x632.png 1024w, https:\/\/dhg1h5j42swfq.cloudfront.net\/2025\/06\/27101122\/ficha-tecnica-1-300x185.png 300w, https:\/\/dhg1h5j42swfq.cloudfront.net\/2025\/06\/27101122\/ficha-tecnica-1-768x474.png 768w, https:\/\/dhg1h5j42swfq.cloudfront.net\/2025\/06\/27101122\/ficha-tecnica-1-1536x948.png 1536w, https:\/\/dhg1h5j42swfq.cloudfront.net\/2025\/06\/27101122\/ficha-tecnica-1-610x377.png 610w, https:\/\/dhg1h5j42swfq.cloudfront.net\/2025\/06\/27101122\/ficha-tecnica-1.png 1571w\" sizes=\"auto, (max-width: 1024px) 100vw, 1024px\" \/><\/figure>\n\n\n\n<h3 class=\"wp-block-heading\" id=\"ficha\">Informa\u00e7\u00f5es do concurso CREFITO 9<\/h3>\n\n\n\n<ul class=\"wp-block-list\">\n<li><strong>Vagas<\/strong>: 03 + CR<\/li>\n\n\n\n<li><strong>Cargos<\/strong>: diversos<\/li>\n\n\n\n<li><strong>Banca<\/strong>: Ibest<\/li>\n\n\n\n<li><strong>Escolaridade<\/strong>: m\u00e9dio e superior<\/li>\n\n\n\n<li><strong>Edital:<\/strong> <a href=\"https:\/\/dhg1h5j42swfq.cloudfront.net\/2023\/05\/04085324\/edital-de-abertura-crefito-9.pdf\" target=\"_blank\" rel=\"noreferrer noopener\">CREFITO 9 2025<\/a><\/li>\n<\/ul>\n","protected":false},"excerpt":{"rendered":"<p>O Conselho Regional de Fisioterapia e Terapia Ocupacional da 9\u00b0 regi\u00e3o (CREFITO 9), no Mato Grosso, oferta 03 vagas imediatas, al\u00e9m de cadastro de reserva, e os sal\u00e1rios de iniciais variam de R$ 2.500,00 a R$ 6.034,00. As inscri\u00e7\u00f5es deveriam ser feitas exclusivamente via internet, no endere\u00e7o eletr\u00f4nico do Instituto Ibest, do dia 9 de [&hellip;]<\/p>\n","protected":false},"author":1,"featured_media":698684,"comment_status":"open","ping_status":"closed","sticky":false,"template":"","format":"standard","meta":{"post_tipo":"news_page","footnotes":""},"categories":[222234,220219],"tags":[],"tax_estado":[219964,219976,219984],"class_list":["post-1199656","post","type-post","status-publish","format-standard","has-post-thumbnail","hentry","category-conselhos-regionais","category-noticias","tax_estado-ac","tax_estado-mt","tax_estado-ro"],"acf":[],"yoast_head":"<!-- This site is optimized with the Yoast SEO Premium plugin v27.2 (Yoast SEO v27.2) - https:\/\/yoast.com\/product\/yoast-seo-premium-wordpress\/ -->\n<title>Concurso CREFITO 9: provas em 2 de novembro!<\/title>\n<meta name=\"description\" content=\"Concurso CREFITO 9: edital oferta 3 vagas + CR para cargos de n\u00edveis m\u00e9dio e superior. Inscreva-se at\u00e9 06 de outubro!\" \/>\n<meta name=\"robots\" content=\"index, follow, max-snippet:-1, max-image-preview:large, max-video-preview:-1\" \/>\n<link rel=\"canonical\" href=\"https:\/\/www.estrategiaconcursos.com.br\/blog\/concurso-crefito-9\/\" \/>\n<meta property=\"og:locale\" content=\"pt_BR\" \/>\n<meta property=\"og:type\" content=\"article\" \/>\n<meta property=\"og:title\" content=\"Concurso CREFITO 9: provas em 2 de novembro!\" \/>\n<meta property=\"og:description\" content=\"Concurso CREFITO 9: edital oferta 3 vagas + CR para cargos de n\u00edveis m\u00e9dio e superior. Inscreva-se at\u00e9 06 de outubro!\" \/>\n<meta property=\"og:url\" content=\"https:\/\/www.estrategiaconcursos.com.br\/blog\/concurso-crefito-9\/\" \/>\n<meta property=\"og:site_name\" content=\"Estrat\u00e9gia Concursos\" \/>\n<meta property=\"article:author\" content=\"https:\/\/www.facebook.com\/EstrategiaConcursos\" \/>\n<meta property=\"article:published_time\" content=\"2025-09-25T14:42:00+00:00\" \/>\n<meta property=\"article:modified_time\" content=\"2025-10-07T14:42:56+00:00\" \/>\n<meta property=\"og:image\" content=\"https:\/\/dhg1h5j42swfq.cloudfront.net\/2021\/02\/22171500\/concursos-conselhos.jpg\" \/>\n\t<meta property=\"og:image:width\" content=\"1200\" \/>\n\t<meta property=\"og:image:height\" content=\"628\" \/>\n\t<meta property=\"og:image:type\" content=\"image\/jpeg\" \/>\n<meta name=\"author\" content=\"Coordena\u00e7\u00e3o\" \/>\n<meta name=\"twitter:card\" content=\"summary_large_image\" \/>\n<meta name=\"twitter:creator\" content=\"@EstratConcursos\" \/>\n<meta name=\"twitter:site\" content=\"@EstratConcursos\" \/>\n<meta name=\"twitter:label1\" content=\"Escrito por\" \/>\n\t<meta name=\"twitter:data1\" content=\"Coordena\u00e7\u00e3o\" \/>\n\t<meta name=\"twitter:label2\" content=\"Est. tempo de leitura\" \/>\n\t<meta name=\"twitter:data2\" content=\"5 minutos\" \/>\n<script type=\"application\/ld+json\" class=\"yoast-schema-graph\">{\"@context\":\"https:\/\/schema.org\",\"@graph\":[{\"@type\":\"NewsArticle\",\"@id\":\"https:\/\/www.estrategiaconcursos.com.br\/blog\/concurso-crefito-9\/#article\",\"isPartOf\":{\"@id\":\"https:\/\/www.estrategiaconcursos.com.br\/blog\/concurso-crefito-9\/\"},\"author\":{\"name\":\"Coordena\u00e7\u00e3o\",\"@id\":\"https:\/\/www.estrategiaconcursos.com.br\/blog\/#\/schema\/person\/b4a388c97673c5f483d72185668afa1f\"},\"headline\":\"Concurso CREFITO 9: provas em 2 de novembro!\",\"datePublished\":\"2025-09-25T14:42:00+00:00\",\"dateModified\":\"2025-10-07T14:42:56+00:00\",\"mainEntityOfPage\":{\"@id\":\"https:\/\/www.estrategiaconcursos.com.br\/blog\/concurso-crefito-9\/\"},\"wordCount\":1034,\"commentCount\":0,\"publisher\":{\"@id\":\"https:\/\/www.estrategiaconcursos.com.br\/blog\/#organization\"},\"image\":{\"@id\":\"https:\/\/www.estrategiaconcursos.com.br\/blog\/concurso-crefito-9\/#primaryimage\"},\"thumbnailUrl\":\"https:\/\/dhg1h5j42swfq.cloudfront.net\/2021\/02\/22171500\/concursos-conselhos.jpg\",\"articleSection\":[\"Conselhos Regionais\",\"\u00daltimas not\u00edcias\"],\"inLanguage\":\"pt-BR\",\"potentialAction\":[{\"@type\":\"CommentAction\",\"name\":\"Comment\",\"target\":[\"https:\/\/www.estrategiaconcursos.com.br\/blog\/concurso-crefito-9\/#respond\"]}],\"copyrightYear\":\"2025\",\"copyrightHolder\":{\"@id\":\"https:\/\/www.estrategiaconcursos.com.br\/blog\/#organization\"}},{\"@type\":\"WebPage\",\"@id\":\"https:\/\/www.estrategiaconcursos.com.br\/blog\/concurso-crefito-9\/\",\"url\":\"https:\/\/www.estrategiaconcursos.com.br\/blog\/concurso-crefito-9\/\",\"name\":\"Concurso CREFITO 9: provas em 2 de novembro!\",\"isPartOf\":{\"@id\":\"https:\/\/www.estrategiaconcursos.com.br\/blog\/#website\"},\"primaryImageOfPage\":{\"@id\":\"https:\/\/www.estrategiaconcursos.com.br\/blog\/concurso-crefito-9\/#primaryimage\"},\"image\":{\"@id\":\"https:\/\/www.estrategiaconcursos.com.br\/blog\/concurso-crefito-9\/#primaryimage\"},\"thumbnailUrl\":\"https:\/\/dhg1h5j42swfq.cloudfront.net\/2021\/02\/22171500\/concursos-conselhos.jpg\",\"datePublished\":\"2025-09-25T14:42:00+00:00\",\"dateModified\":\"2025-10-07T14:42:56+00:00\",\"description\":\"Concurso CREFITO 9: edital oferta 3 vagas + CR para cargos de n\u00edveis m\u00e9dio e superior. Inscreva-se at\u00e9 06 de outubro!\",\"breadcrumb\":{\"@id\":\"https:\/\/www.estrategiaconcursos.com.br\/blog\/concurso-crefito-9\/#breadcrumb\"},\"inLanguage\":\"pt-BR\",\"potentialAction\":[{\"@type\":\"ReadAction\",\"target\":[\"https:\/\/www.estrategiaconcursos.com.br\/blog\/concurso-crefito-9\/\"]}]},{\"@type\":\"ImageObject\",\"inLanguage\":\"pt-BR\",\"@id\":\"https:\/\/www.estrategiaconcursos.com.br\/blog\/concurso-crefito-9\/#primaryimage\",\"url\":\"https:\/\/dhg1h5j42swfq.cloudfront.net\/2021\/02\/22171500\/concursos-conselhos.jpg\",\"contentUrl\":\"https:\/\/dhg1h5j42swfq.cloudfront.net\/2021\/02\/22171500\/concursos-conselhos.jpg\",\"width\":1200,\"height\":628,\"caption\":\"concursos conselhos\"},{\"@type\":\"BreadcrumbList\",\"@id\":\"https:\/\/www.estrategiaconcursos.com.br\/blog\/concurso-crefito-9\/#breadcrumb\",\"itemListElement\":[{\"@type\":\"ListItem\",\"position\":1,\"name\":\"In\u00edcio\",\"item\":\"https:\/\/www.estrategiaconcursos.com.br\/blog\/\"},{\"@type\":\"ListItem\",\"position\":2,\"name\":\"Concurso CREFITO 9: provas em 2 de novembro!\"}]},{\"@type\":\"WebSite\",\"@id\":\"https:\/\/www.estrategiaconcursos.com.br\/blog\/#website\",\"url\":\"https:\/\/www.estrategiaconcursos.com.br\/blog\/\",\"name\":\"Estrat\u00e9gia Concursos\",\"description\":\"O blog da Estrat\u00e9gia Concursos traz not\u00edcias sobre concursos e artigos de professores oferecendo cursos para concursos (pdf + videaulas) no site.\",\"publisher\":{\"@id\":\"https:\/\/www.estrategiaconcursos.com.br\/blog\/#organization\"},\"potentialAction\":[{\"@type\":\"SearchAction\",\"target\":{\"@type\":\"EntryPoint\",\"urlTemplate\":\"https:\/\/www.estrategiaconcursos.com.br\/blog\/?s={search_term_string}\"},\"query-input\":{\"@type\":\"PropertyValueSpecification\",\"valueRequired\":true,\"valueName\":\"search_term_string\"}}],\"inLanguage\":\"pt-BR\"},{\"@type\":\"Organization\",\"@id\":\"https:\/\/www.estrategiaconcursos.com.br\/blog\/#organization\",\"name\":\"Estrat\u00e9gia Concursos\",\"url\":\"https:\/\/www.estrategiaconcursos.com.br\/blog\/\",\"logo\":{\"@type\":\"ImageObject\",\"inLanguage\":\"pt-BR\",\"@id\":\"https:\/\/www.estrategiaconcursos.com.br\/blog\/#\/schema\/logo\/image\/\",\"url\":\"https:\/\/dhg1h5j42swfq.cloudfront.net\/2025\/06\/03203428\/logo_concursos-1.jpg\",\"contentUrl\":\"https:\/\/dhg1h5j42swfq.cloudfront.net\/2025\/06\/03203428\/logo_concursos-1.jpg\",\"width\":230,\"height\":60,\"caption\":\"Estrat\u00e9gia Concursos\"},\"image\":{\"@id\":\"https:\/\/www.estrategiaconcursos.com.br\/blog\/#\/schema\/logo\/image\/\"},\"sameAs\":[\"https:\/\/x.com\/EstratConcursos\"]},{\"@type\":\"Person\",\"@id\":\"https:\/\/www.estrategiaconcursos.com.br\/blog\/#\/schema\/person\/b4a388c97673c5f483d72185668afa1f\",\"name\":\"Coordena\u00e7\u00e3o\",\"image\":{\"@type\":\"ImageObject\",\"inLanguage\":\"pt-BR\",\"@id\":\"https:\/\/secure.gravatar.com\/avatar\/b720319e4c9a967eb58678d110f4fe35452fc5d5f97b202bac7b8acceb18c6ad?s=96&d=mm&r=g\",\"url\":\"https:\/\/secure.gravatar.com\/avatar\/b720319e4c9a967eb58678d110f4fe35452fc5d5f97b202bac7b8acceb18c6ad?s=96&d=mm&r=g\",\"contentUrl\":\"https:\/\/secure.gravatar.com\/avatar\/b720319e4c9a967eb58678d110f4fe35452fc5d5f97b202bac7b8acceb18c6ad?s=96&d=mm&r=g\",\"caption\":\"Coordena\u00e7\u00e3o\"},\"sameAs\":[\"https:\/\/www.facebook.com\/EstrategiaConcursos\",\"https:\/\/x.com\/EstratConcursos\"],\"url\":\"https:\/\/www.estrategiaconcursos.com.br\/blog\/author\/estrategia2013\/\"}]}<\/script>\n<!-- \/ Yoast SEO Premium plugin. -->","yoast_head_json":{"title":"Concurso CREFITO 9: provas em 2 de novembro!","description":"Concurso CREFITO 9: edital oferta 3 vagas + CR para cargos de n\u00edveis m\u00e9dio e superior. Inscreva-se at\u00e9 06 de outubro!","robots":{"index":"index","follow":"follow","max-snippet":"max-snippet:-1","max-image-preview":"max-image-preview:large","max-video-preview":"max-video-preview:-1"},"canonical":"https:\/\/www.estrategiaconcursos.com.br\/blog\/concurso-crefito-9\/","og_locale":"pt_BR","og_type":"article","og_title":"Concurso CREFITO 9: provas em 2 de novembro!","og_description":"Concurso CREFITO 9: edital oferta 3 vagas + CR para cargos de n\u00edveis m\u00e9dio e superior. Inscreva-se at\u00e9 06 de outubro!","og_url":"https:\/\/www.estrategiaconcursos.com.br\/blog\/concurso-crefito-9\/","og_site_name":"Estrat\u00e9gia Concursos","article_author":"https:\/\/www.facebook.com\/EstrategiaConcursos","article_published_time":"2025-09-25T14:42:00+00:00","article_modified_time":"2025-10-07T14:42:56+00:00","og_image":[{"width":1200,"height":628,"url":"https:\/\/dhg1h5j42swfq.cloudfront.net\/2021\/02\/22171500\/concursos-conselhos.jpg","type":"image\/jpeg"}],"author":"Coordena\u00e7\u00e3o","twitter_card":"summary_large_image","twitter_creator":"@EstratConcursos","twitter_site":"@EstratConcursos","twitter_misc":{"Escrito por":"Coordena\u00e7\u00e3o","Est. tempo de leitura":"5 minutos"},"schema":{"@context":"https:\/\/schema.org","@graph":[{"@type":"NewsArticle","@id":"https:\/\/www.estrategiaconcursos.com.br\/blog\/concurso-crefito-9\/#article","isPartOf":{"@id":"https:\/\/www.estrategiaconcursos.com.br\/blog\/concurso-crefito-9\/"},"author":{"name":"Coordena\u00e7\u00e3o","@id":"https:\/\/www.estrategiaconcursos.com.br\/blog\/#\/schema\/person\/b4a388c97673c5f483d72185668afa1f"},"headline":"Concurso CREFITO 9: provas em 2 de novembro!","datePublished":"2025-09-25T14:42:00+00:00","dateModified":"2025-10-07T14:42:56+00:00","mainEntityOfPage":{"@id":"https:\/\/www.estrategiaconcursos.com.br\/blog\/concurso-crefito-9\/"},"wordCount":1034,"commentCount":0,"publisher":{"@id":"https:\/\/www.estrategiaconcursos.com.br\/blog\/#organization"},"image":{"@id":"https:\/\/www.estrategiaconcursos.com.br\/blog\/concurso-crefito-9\/#primaryimage"},"thumbnailUrl":"https:\/\/dhg1h5j42swfq.cloudfront.net\/2021\/02\/22171500\/concursos-conselhos.jpg","articleSection":["Conselhos Regionais","\u00daltimas not\u00edcias"],"inLanguage":"pt-BR","potentialAction":[{"@type":"CommentAction","name":"Comment","target":["https:\/\/www.estrategiaconcursos.com.br\/blog\/concurso-crefito-9\/#respond"]}],"copyrightYear":"2025","copyrightHolder":{"@id":"https:\/\/www.estrategiaconcursos.com.br\/blog\/#organization"}},{"@type":"WebPage","@id":"https:\/\/www.estrategiaconcursos.com.br\/blog\/concurso-crefito-9\/","url":"https:\/\/www.estrategiaconcursos.com.br\/blog\/concurso-crefito-9\/","name":"Concurso CREFITO 9: provas em 2 de novembro!","isPartOf":{"@id":"https:\/\/www.estrategiaconcursos.com.br\/blog\/#website"},"primaryImageOfPage":{"@id":"https:\/\/www.estrategiaconcursos.com.br\/blog\/concurso-crefito-9\/#primaryimage"},"image":{"@id":"https:\/\/www.estrategiaconcursos.com.br\/blog\/concurso-crefito-9\/#primaryimage"},"thumbnailUrl":"https:\/\/dhg1h5j42swfq.cloudfront.net\/2021\/02\/22171500\/concursos-conselhos.jpg","datePublished":"2025-09-25T14:42:00+00:00","dateModified":"2025-10-07T14:42:56+00:00","description":"Concurso CREFITO 9: edital oferta 3 vagas + CR para cargos de n\u00edveis m\u00e9dio e superior. Inscreva-se at\u00e9 06 de outubro!","breadcrumb":{"@id":"https:\/\/www.estrategiaconcursos.com.br\/blog\/concurso-crefito-9\/#breadcrumb"},"inLanguage":"pt-BR","potentialAction":[{"@type":"ReadAction","target":["https:\/\/www.estrategiaconcursos.com.br\/blog\/concurso-crefito-9\/"]}]},{"@type":"ImageObject","inLanguage":"pt-BR","@id":"https:\/\/www.estrategiaconcursos.com.br\/blog\/concurso-crefito-9\/#primaryimage","url":"https:\/\/dhg1h5j42swfq.cloudfront.net\/2021\/02\/22171500\/concursos-conselhos.jpg","contentUrl":"https:\/\/dhg1h5j42swfq.cloudfront.net\/2021\/02\/22171500\/concursos-conselhos.jpg","width":1200,"height":628,"caption":"concursos conselhos"},{"@type":"BreadcrumbList","@id":"https:\/\/www.estrategiaconcursos.com.br\/blog\/concurso-crefito-9\/#breadcrumb","itemListElement":[{"@type":"ListItem","position":1,"name":"In\u00edcio","item":"https:\/\/www.estrategiaconcursos.com.br\/blog\/"},{"@type":"ListItem","position":2,"name":"Concurso CREFITO 9: provas em 2 de novembro!"}]},{"@type":"WebSite","@id":"https:\/\/www.estrategiaconcursos.com.br\/blog\/#website","url":"https:\/\/www.estrategiaconcursos.com.br\/blog\/","name":"Estrat\u00e9gia Concursos","description":"O blog da Estrat\u00e9gia Concursos traz not\u00edcias sobre concursos e artigos de professores oferecendo cursos para concursos (pdf + videaulas) no site.","publisher":{"@id":"https:\/\/www.estrategiaconcursos.com.br\/blog\/#organization"},"potentialAction":[{"@type":"SearchAction","target":{"@type":"EntryPoint","urlTemplate":"https:\/\/www.estrategiaconcursos.com.br\/blog\/?s={search_term_string}"},"query-input":{"@type":"PropertyValueSpecification","valueRequired":true,"valueName":"search_term_string"}}],"inLanguage":"pt-BR"},{"@type":"Organization","@id":"https:\/\/www.estrategiaconcursos.com.br\/blog\/#organization","name":"Estrat\u00e9gia Concursos","url":"https:\/\/www.estrategiaconcursos.com.br\/blog\/","logo":{"@type":"ImageObject","inLanguage":"pt-BR","@id":"https:\/\/www.estrategiaconcursos.com.br\/blog\/#\/schema\/logo\/image\/","url":"https:\/\/dhg1h5j42swfq.cloudfront.net\/2025\/06\/03203428\/logo_concursos-1.jpg","contentUrl":"https:\/\/dhg1h5j42swfq.cloudfront.net\/2025\/06\/03203428\/logo_concursos-1.jpg","width":230,"height":60,"caption":"Estrat\u00e9gia Concursos"},"image":{"@id":"https:\/\/www.estrategiaconcursos.com.br\/blog\/#\/schema\/logo\/image\/"},"sameAs":["https:\/\/x.com\/EstratConcursos"]},{"@type":"Person","@id":"https:\/\/www.estrategiaconcursos.com.br\/blog\/#\/schema\/person\/b4a388c97673c5f483d72185668afa1f","name":"Coordena\u00e7\u00e3o","image":{"@type":"ImageObject","inLanguage":"pt-BR","@id":"https:\/\/secure.gravatar.com\/avatar\/b720319e4c9a967eb58678d110f4fe35452fc5d5f97b202bac7b8acceb18c6ad?s=96&d=mm&r=g","url":"https:\/\/secure.gravatar.com\/avatar\/b720319e4c9a967eb58678d110f4fe35452fc5d5f97b202bac7b8acceb18c6ad?s=96&d=mm&r=g","contentUrl":"https:\/\/secure.gravatar.com\/avatar\/b720319e4c9a967eb58678d110f4fe35452fc5d5f97b202bac7b8acceb18c6ad?s=96&d=mm&r=g","caption":"Coordena\u00e7\u00e3o"},"sameAs":["https:\/\/www.facebook.com\/EstrategiaConcursos","https:\/\/x.com\/EstratConcursos"],"url":"https:\/\/www.estrategiaconcursos.com.br\/blog\/author\/estrategia2013\/"}]}},"_links":{"self":[{"href":"https:\/\/www.estrategiaconcursos.com.br\/blog\/wp-json\/wp\/v2\/posts\/1199656","targetHints":{"allow":["GET"]}}],"collection":[{"href":"https:\/\/www.estrategiaconcursos.com.br\/blog\/wp-json\/wp\/v2\/posts"}],"about":[{"href":"https:\/\/www.estrategiaconcursos.com.br\/blog\/wp-json\/wp\/v2\/types\/post"}],"author":[{"embeddable":true,"href":"https:\/\/www.estrategiaconcursos.com.br\/blog\/wp-json\/wp\/v2\/users\/1"}],"replies":[{"embeddable":true,"href":"https:\/\/www.estrategiaconcursos.com.br\/blog\/wp-json\/wp\/v2\/comments?post=1199656"}],"version-history":[{"count":34,"href":"https:\/\/www.estrategiaconcursos.com.br\/blog\/wp-json\/wp\/v2\/posts\/1199656\/revisions"}],"predecessor-version":[{"id":1651343,"href":"https:\/\/www.estrategiaconcursos.com.br\/blog\/wp-json\/wp\/v2\/posts\/1199656\/revisions\/1651343"}],"wp:featuredmedia":[{"embeddable":true,"href":"https:\/\/www.estrategiaconcursos.com.br\/blog\/wp-json\/wp\/v2\/media\/698684"}],"wp:attachment":[{"href":"https:\/\/www.estrategiaconcursos.com.br\/blog\/wp-json\/wp\/v2\/media?parent=1199656"}],"wp:term":[{"taxonomy":"category","embeddable":true,"href":"https:\/\/www.estrategiaconcursos.com.br\/blog\/wp-json\/wp\/v2\/categories?post=1199656"},{"taxonomy":"post_tag","embeddable":true,"href":"https:\/\/www.estrategiaconcursos.com.br\/blog\/wp-json\/wp\/v2\/tags?post=1199656"},{"taxonomy":"tax_estado","embeddable":true,"href":"https:\/\/www.estrategiaconcursos.com.br\/blog\/wp-json\/wp\/v2\/tax_estado?post=1199656"}],"curies":[{"name":"wp","href":"https:\/\/api.w.org\/{rel}","templated":true}]}}