{"id":1199407,"date":"2023-04-10T16:16:06","date_gmt":"2023-04-10T19:16:06","guid":{"rendered":"https:\/\/www.estrategiaconcursos.com.br\/blog\/?p=1199407"},"modified":"2023-06-16T14:18:41","modified_gmt":"2023-06-16T17:18:41","slug":"novos-concursos-federais-serao-anunciados","status":"publish","type":"post","link":"https:\/\/www.estrategiaconcursos.com.br\/blog\/novos-concursos-federais-serao-anunciados\/","title":{"rendered":"Novos concursos federais ser\u00e3o anunciados ainda nesta semana"},"content":{"rendered":"\n<h3 class=\"wp-block-heading\"><em>Afirma\u00e7\u00e3o partiu da ministra de Gest\u00e3o e da Inova\u00e7\u00e3o em Servi\u00e7os P\u00fablicos, Esther Dweck<\/em><\/h3>\n\n\n\n<p>O ano de 2023 est\u00e1 bombando para quem sonha em ingressar na carreira p\u00fablica! Isso porque, al\u00e9m dos in\u00fameros editais j\u00e1 abertos, <strong>novos concursos federais devem ser anunciados ainda nesta semana. <\/strong><\/p>\n\n\n\n<p>A informa\u00e7\u00e3o foi confirmada pela ministra de Gest\u00e3o e Inova\u00e7\u00e3o em Servi\u00e7os P\u00fablicos, Esther Dweck, atrav\u00e9s de postagem feita em suas redes sociais, nesta segunda (10). Confira abaixo:<\/p>\n\n\n\n<figure class=\"wp-block-image aligncenter size-full\"><img loading=\"lazy\" decoding=\"async\" width=\"492\" height=\"164\" src=\"https:\/\/dhg1h5j42swfq.cloudfront.net\/2023\/04\/10155022\/esther.png\" alt=\"Novos concurso federais ser\u00e3o anunciados essa semana!\" class=\"wp-image-1199414\" srcset=\"https:\/\/dhg1h5j42swfq.cloudfront.net\/2023\/04\/10155022\/esther.png 492w, https:\/\/dhg1h5j42swfq.cloudfront.net\/2023\/04\/10155022\/esther-300x100.png 300w, https:\/\/dhg1h5j42swfq.cloudfront.net\/2023\/04\/10155022\/esther-150x50.png 150w\" sizes=\"auto, (max-width: 492px) 100vw, 492px\" \/><figcaption class=\"wp-element-caption\">Novos concurso federais ser\u00e3o anunciados essa semana!<\/figcaption><\/figure>\n\n\n\n<p>Os an\u00fancios come\u00e7aram hoje, j\u00e1 com a autoriza\u00e7\u00e3o do <a href=\"https:\/\/www.estrategiaconcursos.com.br\/blog\/concurso-mctic\/\" target=\"_blank\" rel=\"noreferrer noopener\">concurso do Minist\u00e9rio da Ci\u00eancia, Tecnologia e Inova\u00e7\u00e3o<\/a> (MCTI). Foram liberadas <strong>814 novas vagas<\/strong>, que ser\u00e3o distribu\u00eddas em tr\u00eas cargos de n\u00edvel superior.<\/p>\n\n\n\n<ul class=\"wp-block-list\">\n<li><strong>296 <\/strong>para analisa em ci\u00eancia e tecnologia; <\/li>\n\n\n\n<li><strong>253 <\/strong>para pesquisador; e <\/li>\n\n\n\n<li><strong>265 <\/strong>para tecnologista. <\/li>\n<\/ul>\n\n\n\n<figure class=\"wp-block-image aligncenter size-large\"><img loading=\"lazy\" decoding=\"async\" width=\"1024\" height=\"492\" src=\"https:\/\/dhg1h5j42swfq.cloudfront.net\/2023\/04\/10161442\/ministra-1024x492.jpg\" alt=\"Ministra de Gest\u00e3o e da Inova\u00e7\u00e3o em Servi\u00e7os P\u00fablicos autorizou a realiza\u00e7\u00e3o do concurso MCTI \" class=\"wp-image-1199449\" srcset=\"https:\/\/dhg1h5j42swfq.cloudfront.net\/2023\/04\/10161442\/ministra-1024x492.jpg 1024w, https:\/\/dhg1h5j42swfq.cloudfront.net\/2023\/04\/10161442\/ministra-300x144.jpg 300w, https:\/\/dhg1h5j42swfq.cloudfront.net\/2023\/04\/10161442\/ministra-768x369.jpg 768w, https:\/\/dhg1h5j42swfq.cloudfront.net\/2023\/04\/10161442\/ministra-610x293.jpg 610w, https:\/\/dhg1h5j42swfq.cloudfront.net\/2023\/04\/10161442\/ministra-150x72.jpg 150w, https:\/\/dhg1h5j42swfq.cloudfront.net\/2023\/04\/10161442\/ministra.jpg 1200w\" sizes=\"auto, (max-width: 1024px) 100vw, 1024px\" \/><figcaption class=\"wp-element-caption\"><em>Ministra de Gest\u00e3o e da Inova\u00e7\u00e3o em Servi\u00e7os P\u00fablicos autorizou a realiza\u00e7\u00e3o do concurso MCTI <\/em><\/figcaption><\/figure>\n\n\n\n<p>Al\u00e9m deste, \u00e9 importante frisar que o presidente Lula tamb\u00e9m comentou sobre a <strong>necessidade de repor servidores <\/strong>nas \u00e1reas do Meio Ambiente e da Previd\u00eancia Social. Vale lembrar que pastas como o <a href=\"https:\/\/www.estrategiaconcursos.com.br\/blog\/concurso-ibama\/\" target=\"_blank\" rel=\"noreferrer noopener\">IBAMA<\/a> e <a href=\"https:\/\/www.estrategiaconcursos.com.br\/blog\/concurso-funai\/\" target=\"_blank\" rel=\"noreferrer noopener\">Funai<\/a> enviaram novos pedidos de concurso.<\/p>\n\n\n\n<p class=\"has-text-align-center\"><em>Para ficar por dentro de todas as informa\u00e7\u00f5es sobre os novos concurso federais, n\u00e3o deixe de conferir nosso artigo completo:<\/em><\/p>\n\n\n\n<p class=\"has-text-align-center has-background\" style=\"background-color:#ecf5fd;font-size:clamp(14.642px, 0.915rem + ((1vw - 3.2px) * 0.721), 22px);\"><a href=\"https:\/\/www.estrategiaconcursos.com.br\/blog\/concursos-federais-2023\/\" target=\"_blank\" rel=\"noreferrer noopener\"><strong>Veja os principais concursos federais previstos para esse ano!<\/strong><\/a><\/p>\n\n\n\n<hr class=\"wp-block-separator has-alpha-channel-opacity\"\/>\n\n\n\n<p class=\"has-text-align-center\"><strong>Assinatura Vital\u00edcia:&nbsp;<\/strong>esta \u00e9 a sua chance de obter acesso ao material l\u00edder absoluto em aprova\u00e7\u00f5es, para vida toda, e transformar completamente a sua realidade:<\/p>\n\n\n\n<figure class=\"wp-block-image aligncenter\"><a href=\"https:\/\/www.estrategiaconcursos.com.br\/promocoes\/vitalicia?utm_source=banner&amp;utm_medium=banner&amp;utm_campaign=ec-ge-vd-banner-assinaturavitalicia-semesp-030423\" target=\"_blank\" rel=\"noreferrer noopener\"><img loading=\"lazy\" decoding=\"async\" width=\"1024\" height=\"326\" src=\"https:\/\/dhg1h5j42swfq.cloudfront.net\/2023\/04\/03142029\/image-9-1024x326.png\" alt=\"Banner Assinatura Vital\u00edcia Estrat\u00e9gia Concursos 2023 - Concurso ISS Fortaleza: conhe\u00e7a o conte\u00fado program\u00e1tico\" class=\"wp-image-1196121\" srcset=\"https:\/\/dhg1h5j42swfq.cloudfront.net\/2023\/04\/03142029\/image-9-1024x326.png 1024w, https:\/\/dhg1h5j42swfq.cloudfront.net\/2023\/04\/03142029\/image-9-300x96.png 300w, https:\/\/dhg1h5j42swfq.cloudfront.net\/2023\/04\/03142029\/image-9-768x245.png 768w, https:\/\/dhg1h5j42swfq.cloudfront.net\/2023\/04\/03142029\/image-9-610x194.png 610w, https:\/\/dhg1h5j42swfq.cloudfront.net\/2023\/04\/03142029\/image-9-150x48.png 150w, https:\/\/dhg1h5j42swfq.cloudfront.net\/2023\/04\/03142029\/image-9.png 1418w\" sizes=\"auto, (max-width: 1024px) 100vw, 1024px\" \/><\/a><figcaption class=\"wp-element-caption\"><a href=\"https:\/\/estrategiaconcursos.com.br\/promocoes\/assinaturas\" target=\"_blank\" rel=\"noreferrer noopener\">Assinatura Vital\u00edcia \u2013 Lote 1 at\u00e9 17\/04<\/a><\/figcaption><\/figure>\n\n\n\n<h2 class=\"wp-block-heading has-text-align-center\" id=\"h-quer-saber-tudo-sobre-concursos-previstos-confira-nossos-artigos\">Quer saber tudo sobre concursos previstos?<br \/>Confira nossos artigos!<\/h2>\n\n\n\n<ul class=\"wp-block-list\">\n<li><a href=\"https:\/\/www.estrategiaconcursos.com.br\/blog\/concursos-abertos\/\" target=\"_blank\" rel=\"noreferrer noopener\">Concursos abertos<\/a><\/li>\n\n\n\n<li><a href=\"https:\/\/www.estrategiaconcursos.com.br\/blog\/concursos-2023\/\" target=\"_blank\" rel=\"noreferrer noopener\">Concursos 2023<\/a><\/li>\n<\/ul>\n","protected":false},"excerpt":{"rendered":"<p>Afirma\u00e7\u00e3o partiu da ministra de Gest\u00e3o e da Inova\u00e7\u00e3o em Servi\u00e7os P\u00fablicos, Esther Dweck O ano de 2023 est\u00e1 bombando para quem sonha em ingressar na carreira p\u00fablica! Isso porque, al\u00e9m dos in\u00fameros editais j\u00e1 abertos, novos concursos federais devem ser anunciados ainda nesta semana. A informa\u00e7\u00e3o foi confirmada pela ministra de Gest\u00e3o e Inova\u00e7\u00e3o [&hellip;]<\/p>\n","protected":false},"author":656,"featured_media":916425,"comment_status":"open","ping_status":"closed","sticky":false,"template":"","format":"standard","meta":{"post_tipo":"news","footnotes":""},"categories":[1,220219],"tags":[],"tax_estado":[219963],"class_list":["post-1199407","post","type-post","status-publish","format-standard","has-post-thumbnail","hentry","category-cursos-e-concursos","category-noticias","tax_estado-concursos-federais"],"acf":[],"yoast_head":"<!-- This site is optimized with the Yoast SEO Premium plugin v27.2 (Yoast SEO v27.2) - https:\/\/yoast.com\/product\/yoast-seo-premium-wordpress\/ -->\n<title>Novos concursos federais ser\u00e3o anunciados ainda nesta semana<\/title>\n<meta name=\"description\" content=\"Novos concursos federais devem ser anunciados nesta semana, afirmou a ministra de Gest\u00e3o e da Inova\u00e7\u00e3o em Servi\u00e7os P\u00fablicos, Esther Dweck.\" \/>\n<meta name=\"robots\" content=\"index, follow, max-snippet:-1, max-image-preview:large, max-video-preview:-1\" \/>\n<link rel=\"canonical\" href=\"https:\/\/www.estrategiaconcursos.com.br\/blog\/novos-concursos-federais-serao-anunciados\/\" \/>\n<meta property=\"og:locale\" content=\"pt_BR\" \/>\n<meta property=\"og:type\" content=\"article\" \/>\n<meta property=\"og:title\" content=\"Novos concursos federais ser\u00e3o anunciados ainda nesta semana\" \/>\n<meta property=\"og:description\" content=\"Novos concursos federais devem ser anunciados nesta semana, afirmou a ministra de Gest\u00e3o e da Inova\u00e7\u00e3o em Servi\u00e7os P\u00fablicos, Esther Dweck.\" \/>\n<meta property=\"og:url\" content=\"https:\/\/www.estrategiaconcursos.com.br\/blog\/novos-concursos-federais-serao-anunciados\/\" \/>\n<meta property=\"og:site_name\" content=\"Estrat\u00e9gia Concursos\" \/>\n<meta property=\"article:published_time\" content=\"2023-04-10T19:16:06+00:00\" \/>\n<meta property=\"article:modified_time\" content=\"2023-06-16T17:18:41+00:00\" \/>\n<meta property=\"og:image\" content=\"https:\/\/dhg1h5j42swfq.cloudfront.net\/2021\/11\/25152046\/concursos-federais.jpg\" \/>\n\t<meta property=\"og:image:width\" content=\"1200\" \/>\n\t<meta property=\"og:image:height\" content=\"629\" \/>\n\t<meta property=\"og:image:type\" content=\"image\/jpeg\" \/>\n<meta name=\"author\" content=\"F\u00e1bio Scaldelai\" \/>\n<meta name=\"twitter:card\" content=\"summary_large_image\" \/>\n<meta name=\"twitter:creator\" content=\"@EstratConcursos\" \/>\n<meta name=\"twitter:site\" content=\"@EstratConcursos\" \/>\n<meta name=\"twitter:label1\" content=\"Escrito por\" \/>\n\t<meta name=\"twitter:data1\" content=\"F\u00e1bio Scaldelai\" \/>\n\t<meta name=\"twitter:label2\" content=\"Est. tempo de leitura\" \/>\n\t<meta name=\"twitter:data2\" content=\"1 minuto\" \/>\n<script type=\"application\/ld+json\" class=\"yoast-schema-graph\">{\"@context\":\"https:\/\/schema.org\",\"@graph\":[{\"@type\":\"NewsArticle\",\"@id\":\"https:\/\/www.estrategiaconcursos.com.br\/blog\/novos-concursos-federais-serao-anunciados\/#article\",\"isPartOf\":{\"@id\":\"https:\/\/www.estrategiaconcursos.com.br\/blog\/novos-concursos-federais-serao-anunciados\/\"},\"author\":{\"name\":\"F\u00e1bio Scaldelai\",\"@id\":\"https:\/\/www.estrategiaconcursos.com.br\/blog\/#\/schema\/person\/e3b6b7ce0192dd4ad270655969d61750\"},\"headline\":\"Novos concursos federais ser\u00e3o anunciados ainda nesta semana\",\"datePublished\":\"2023-04-10T19:16:06+00:00\",\"dateModified\":\"2023-06-16T17:18:41+00:00\",\"mainEntityOfPage\":{\"@id\":\"https:\/\/www.estrategiaconcursos.com.br\/blog\/novos-concursos-federais-serao-anunciados\/\"},\"wordCount\":293,\"commentCount\":0,\"publisher\":{\"@id\":\"https:\/\/www.estrategiaconcursos.com.br\/blog\/#organization\"},\"image\":{\"@id\":\"https:\/\/www.estrategiaconcursos.com.br\/blog\/novos-concursos-federais-serao-anunciados\/#primaryimage\"},\"thumbnailUrl\":\"https:\/\/dhg1h5j42swfq.cloudfront.net\/2021\/11\/25152046\/concursos-federais.jpg\",\"articleSection\":[\"Concursos P\u00fablicos\",\"\u00daltimas not\u00edcias\"],\"inLanguage\":\"pt-BR\",\"potentialAction\":[{\"@type\":\"CommentAction\",\"name\":\"Comment\",\"target\":[\"https:\/\/www.estrategiaconcursos.com.br\/blog\/novos-concursos-federais-serao-anunciados\/#respond\"]}],\"copyrightYear\":\"2023\",\"copyrightHolder\":{\"@id\":\"https:\/\/www.estrategiaconcursos.com.br\/blog\/#organization\"}},{\"@type\":\"WebPage\",\"@id\":\"https:\/\/www.estrategiaconcursos.com.br\/blog\/novos-concursos-federais-serao-anunciados\/\",\"url\":\"https:\/\/www.estrategiaconcursos.com.br\/blog\/novos-concursos-federais-serao-anunciados\/\",\"name\":\"Novos concursos federais ser\u00e3o anunciados ainda nesta semana\",\"isPartOf\":{\"@id\":\"https:\/\/www.estrategiaconcursos.com.br\/blog\/#website\"},\"primaryImageOfPage\":{\"@id\":\"https:\/\/www.estrategiaconcursos.com.br\/blog\/novos-concursos-federais-serao-anunciados\/#primaryimage\"},\"image\":{\"@id\":\"https:\/\/www.estrategiaconcursos.com.br\/blog\/novos-concursos-federais-serao-anunciados\/#primaryimage\"},\"thumbnailUrl\":\"https:\/\/dhg1h5j42swfq.cloudfront.net\/2021\/11\/25152046\/concursos-federais.jpg\",\"datePublished\":\"2023-04-10T19:16:06+00:00\",\"dateModified\":\"2023-06-16T17:18:41+00:00\",\"description\":\"Novos concursos federais devem ser anunciados nesta semana, afirmou a ministra de Gest\u00e3o e da Inova\u00e7\u00e3o em Servi\u00e7os P\u00fablicos, Esther Dweck.\",\"breadcrumb\":{\"@id\":\"https:\/\/www.estrategiaconcursos.com.br\/blog\/novos-concursos-federais-serao-anunciados\/#breadcrumb\"},\"inLanguage\":\"pt-BR\",\"potentialAction\":[{\"@type\":\"ReadAction\",\"target\":[\"https:\/\/www.estrategiaconcursos.com.br\/blog\/novos-concursos-federais-serao-anunciados\/\"]}]},{\"@type\":\"ImageObject\",\"inLanguage\":\"pt-BR\",\"@id\":\"https:\/\/www.estrategiaconcursos.com.br\/blog\/novos-concursos-federais-serao-anunciados\/#primaryimage\",\"url\":\"https:\/\/dhg1h5j42swfq.cloudfront.net\/2021\/11\/25152046\/concursos-federais.jpg\",\"contentUrl\":\"https:\/\/dhg1h5j42swfq.cloudfront.net\/2021\/11\/25152046\/concursos-federais.jpg\",\"width\":1200,\"height\":629,\"caption\":\"Concursos Federais convoca\u00e7\u00f5es\"},{\"@type\":\"BreadcrumbList\",\"@id\":\"https:\/\/www.estrategiaconcursos.com.br\/blog\/novos-concursos-federais-serao-anunciados\/#breadcrumb\",\"itemListElement\":[{\"@type\":\"ListItem\",\"position\":1,\"name\":\"In\u00edcio\",\"item\":\"https:\/\/www.estrategiaconcursos.com.br\/blog\/\"},{\"@type\":\"ListItem\",\"position\":2,\"name\":\"Novos concursos federais ser\u00e3o anunciados ainda nesta semana\"}]},{\"@type\":\"WebSite\",\"@id\":\"https:\/\/www.estrategiaconcursos.com.br\/blog\/#website\",\"url\":\"https:\/\/www.estrategiaconcursos.com.br\/blog\/\",\"name\":\"Estrat\u00e9gia Concursos\",\"description\":\"O blog da Estrat\u00e9gia Concursos traz not\u00edcias sobre concursos e artigos de professores oferecendo cursos para concursos (pdf + videaulas) no site.\",\"publisher\":{\"@id\":\"https:\/\/www.estrategiaconcursos.com.br\/blog\/#organization\"},\"potentialAction\":[{\"@type\":\"SearchAction\",\"target\":{\"@type\":\"EntryPoint\",\"urlTemplate\":\"https:\/\/www.estrategiaconcursos.com.br\/blog\/?s={search_term_string}\"},\"query-input\":{\"@type\":\"PropertyValueSpecification\",\"valueRequired\":true,\"valueName\":\"search_term_string\"}}],\"inLanguage\":\"pt-BR\"},{\"@type\":\"Organization\",\"@id\":\"https:\/\/www.estrategiaconcursos.com.br\/blog\/#organization\",\"name\":\"Estrat\u00e9gia Concursos\",\"url\":\"https:\/\/www.estrategiaconcursos.com.br\/blog\/\",\"logo\":{\"@type\":\"ImageObject\",\"inLanguage\":\"pt-BR\",\"@id\":\"https:\/\/www.estrategiaconcursos.com.br\/blog\/#\/schema\/logo\/image\/\",\"url\":\"https:\/\/dhg1h5j42swfq.cloudfront.net\/2025\/06\/03203428\/logo_concursos-1.jpg\",\"contentUrl\":\"https:\/\/dhg1h5j42swfq.cloudfront.net\/2025\/06\/03203428\/logo_concursos-1.jpg\",\"width\":230,\"height\":60,\"caption\":\"Estrat\u00e9gia Concursos\"},\"image\":{\"@id\":\"https:\/\/www.estrategiaconcursos.com.br\/blog\/#\/schema\/logo\/image\/\"},\"sameAs\":[\"https:\/\/x.com\/EstratConcursos\"]},{\"@type\":\"Person\",\"@id\":\"https:\/\/www.estrategiaconcursos.com.br\/blog\/#\/schema\/person\/e3b6b7ce0192dd4ad270655969d61750\",\"name\":\"F\u00e1bio Scaldelai\",\"image\":{\"@type\":\"ImageObject\",\"inLanguage\":\"pt-BR\",\"@id\":\"https:\/\/secure.gravatar.com\/avatar\/8ed7492c4d88d8495bc0cb24cda6847b8ae23eec459a919e08e77d0ca0fd79ec?s=96&d=mm&r=g\",\"url\":\"https:\/\/secure.gravatar.com\/avatar\/8ed7492c4d88d8495bc0cb24cda6847b8ae23eec459a919e08e77d0ca0fd79ec?s=96&d=mm&r=g\",\"contentUrl\":\"https:\/\/secure.gravatar.com\/avatar\/8ed7492c4d88d8495bc0cb24cda6847b8ae23eec459a919e08e77d0ca0fd79ec?s=96&d=mm&r=g\",\"caption\":\"F\u00e1bio Scaldelai\"},\"description\":\"Jornalista no Estrat\u00e9gia Concursos e Produtor de Televis\u00e3o, formado em Jornalismo, R\u00e1dio e TV pela Faculdade Integrada Rio Branco, com especializa\u00e7\u00f5es em Gest\u00e3o Empresarial e Marketing pelo M\u00f3dulo. Atuou como produtor no SBT, TV Bandeirantes e R\u00e1dio Band FM, al\u00e9m de acumular tr\u00eas anos de experi\u00eancia no setor de concursos p\u00fablicos pela LFG (Luiz Fl\u00e1vio Gomes). No Estrat\u00e9gia Concursos, atua na apura\u00e7\u00e3o de not\u00edcias da \u00e1rea fiscal, al\u00e9m de coberturas sobre concursos das \u00e1reas de controle (TCU, TCE, etc), concurso AFT, \u00e1rea de gest\u00e3o e administrativa, bem como dos \u00f3rg\u00e3os participantes do CNU. Tamb\u00e9m possui experi\u00eancia em link building e an\u00e1lise de m\u00eddia, adquirida durante sua atua\u00e7\u00e3o na ag\u00eancia SEO Marketing.\",\"url\":\"https:\/\/www.estrategiaconcursos.com.br\/blog\/author\/fabio-scaldelaiestrategiaconcursos-com-br\/\"}]}<\/script>\n<!-- \/ Yoast SEO Premium plugin. -->","yoast_head_json":{"title":"Novos concursos federais ser\u00e3o anunciados ainda nesta semana","description":"Novos concursos federais devem ser anunciados nesta semana, afirmou a ministra de Gest\u00e3o e da Inova\u00e7\u00e3o em Servi\u00e7os P\u00fablicos, Esther Dweck.","robots":{"index":"index","follow":"follow","max-snippet":"max-snippet:-1","max-image-preview":"max-image-preview:large","max-video-preview":"max-video-preview:-1"},"canonical":"https:\/\/www.estrategiaconcursos.com.br\/blog\/novos-concursos-federais-serao-anunciados\/","og_locale":"pt_BR","og_type":"article","og_title":"Novos concursos federais ser\u00e3o anunciados ainda nesta semana","og_description":"Novos concursos federais devem ser anunciados nesta semana, afirmou a ministra de Gest\u00e3o e da Inova\u00e7\u00e3o em Servi\u00e7os P\u00fablicos, Esther Dweck.","og_url":"https:\/\/www.estrategiaconcursos.com.br\/blog\/novos-concursos-federais-serao-anunciados\/","og_site_name":"Estrat\u00e9gia Concursos","article_published_time":"2023-04-10T19:16:06+00:00","article_modified_time":"2023-06-16T17:18:41+00:00","og_image":[{"width":1200,"height":629,"url":"https:\/\/dhg1h5j42swfq.cloudfront.net\/2021\/11\/25152046\/concursos-federais.jpg","type":"image\/jpeg"}],"author":"F\u00e1bio Scaldelai","twitter_card":"summary_large_image","twitter_creator":"@EstratConcursos","twitter_site":"@EstratConcursos","twitter_misc":{"Escrito por":"F\u00e1bio Scaldelai","Est. tempo de leitura":"1 minuto"},"schema":{"@context":"https:\/\/schema.org","@graph":[{"@type":"NewsArticle","@id":"https:\/\/www.estrategiaconcursos.com.br\/blog\/novos-concursos-federais-serao-anunciados\/#article","isPartOf":{"@id":"https:\/\/www.estrategiaconcursos.com.br\/blog\/novos-concursos-federais-serao-anunciados\/"},"author":{"name":"F\u00e1bio Scaldelai","@id":"https:\/\/www.estrategiaconcursos.com.br\/blog\/#\/schema\/person\/e3b6b7ce0192dd4ad270655969d61750"},"headline":"Novos concursos federais ser\u00e3o anunciados ainda nesta semana","datePublished":"2023-04-10T19:16:06+00:00","dateModified":"2023-06-16T17:18:41+00:00","mainEntityOfPage":{"@id":"https:\/\/www.estrategiaconcursos.com.br\/blog\/novos-concursos-federais-serao-anunciados\/"},"wordCount":293,"commentCount":0,"publisher":{"@id":"https:\/\/www.estrategiaconcursos.com.br\/blog\/#organization"},"image":{"@id":"https:\/\/www.estrategiaconcursos.com.br\/blog\/novos-concursos-federais-serao-anunciados\/#primaryimage"},"thumbnailUrl":"https:\/\/dhg1h5j42swfq.cloudfront.net\/2021\/11\/25152046\/concursos-federais.jpg","articleSection":["Concursos P\u00fablicos","\u00daltimas not\u00edcias"],"inLanguage":"pt-BR","potentialAction":[{"@type":"CommentAction","name":"Comment","target":["https:\/\/www.estrategiaconcursos.com.br\/blog\/novos-concursos-federais-serao-anunciados\/#respond"]}],"copyrightYear":"2023","copyrightHolder":{"@id":"https:\/\/www.estrategiaconcursos.com.br\/blog\/#organization"}},{"@type":"WebPage","@id":"https:\/\/www.estrategiaconcursos.com.br\/blog\/novos-concursos-federais-serao-anunciados\/","url":"https:\/\/www.estrategiaconcursos.com.br\/blog\/novos-concursos-federais-serao-anunciados\/","name":"Novos concursos federais ser\u00e3o anunciados ainda nesta semana","isPartOf":{"@id":"https:\/\/www.estrategiaconcursos.com.br\/blog\/#website"},"primaryImageOfPage":{"@id":"https:\/\/www.estrategiaconcursos.com.br\/blog\/novos-concursos-federais-serao-anunciados\/#primaryimage"},"image":{"@id":"https:\/\/www.estrategiaconcursos.com.br\/blog\/novos-concursos-federais-serao-anunciados\/#primaryimage"},"thumbnailUrl":"https:\/\/dhg1h5j42swfq.cloudfront.net\/2021\/11\/25152046\/concursos-federais.jpg","datePublished":"2023-04-10T19:16:06+00:00","dateModified":"2023-06-16T17:18:41+00:00","description":"Novos concursos federais devem ser anunciados nesta semana, afirmou a ministra de Gest\u00e3o e da Inova\u00e7\u00e3o em Servi\u00e7os P\u00fablicos, Esther Dweck.","breadcrumb":{"@id":"https:\/\/www.estrategiaconcursos.com.br\/blog\/novos-concursos-federais-serao-anunciados\/#breadcrumb"},"inLanguage":"pt-BR","potentialAction":[{"@type":"ReadAction","target":["https:\/\/www.estrategiaconcursos.com.br\/blog\/novos-concursos-federais-serao-anunciados\/"]}]},{"@type":"ImageObject","inLanguage":"pt-BR","@id":"https:\/\/www.estrategiaconcursos.com.br\/blog\/novos-concursos-federais-serao-anunciados\/#primaryimage","url":"https:\/\/dhg1h5j42swfq.cloudfront.net\/2021\/11\/25152046\/concursos-federais.jpg","contentUrl":"https:\/\/dhg1h5j42swfq.cloudfront.net\/2021\/11\/25152046\/concursos-federais.jpg","width":1200,"height":629,"caption":"Concursos Federais convoca\u00e7\u00f5es"},{"@type":"BreadcrumbList","@id":"https:\/\/www.estrategiaconcursos.com.br\/blog\/novos-concursos-federais-serao-anunciados\/#breadcrumb","itemListElement":[{"@type":"ListItem","position":1,"name":"In\u00edcio","item":"https:\/\/www.estrategiaconcursos.com.br\/blog\/"},{"@type":"ListItem","position":2,"name":"Novos concursos federais ser\u00e3o anunciados ainda nesta semana"}]},{"@type":"WebSite","@id":"https:\/\/www.estrategiaconcursos.com.br\/blog\/#website","url":"https:\/\/www.estrategiaconcursos.com.br\/blog\/","name":"Estrat\u00e9gia Concursos","description":"O blog da Estrat\u00e9gia Concursos traz not\u00edcias sobre concursos e artigos de professores oferecendo cursos para concursos (pdf + videaulas) no site.","publisher":{"@id":"https:\/\/www.estrategiaconcursos.com.br\/blog\/#organization"},"potentialAction":[{"@type":"SearchAction","target":{"@type":"EntryPoint","urlTemplate":"https:\/\/www.estrategiaconcursos.com.br\/blog\/?s={search_term_string}"},"query-input":{"@type":"PropertyValueSpecification","valueRequired":true,"valueName":"search_term_string"}}],"inLanguage":"pt-BR"},{"@type":"Organization","@id":"https:\/\/www.estrategiaconcursos.com.br\/blog\/#organization","name":"Estrat\u00e9gia Concursos","url":"https:\/\/www.estrategiaconcursos.com.br\/blog\/","logo":{"@type":"ImageObject","inLanguage":"pt-BR","@id":"https:\/\/www.estrategiaconcursos.com.br\/blog\/#\/schema\/logo\/image\/","url":"https:\/\/dhg1h5j42swfq.cloudfront.net\/2025\/06\/03203428\/logo_concursos-1.jpg","contentUrl":"https:\/\/dhg1h5j42swfq.cloudfront.net\/2025\/06\/03203428\/logo_concursos-1.jpg","width":230,"height":60,"caption":"Estrat\u00e9gia Concursos"},"image":{"@id":"https:\/\/www.estrategiaconcursos.com.br\/blog\/#\/schema\/logo\/image\/"},"sameAs":["https:\/\/x.com\/EstratConcursos"]},{"@type":"Person","@id":"https:\/\/www.estrategiaconcursos.com.br\/blog\/#\/schema\/person\/e3b6b7ce0192dd4ad270655969d61750","name":"F\u00e1bio Scaldelai","image":{"@type":"ImageObject","inLanguage":"pt-BR","@id":"https:\/\/secure.gravatar.com\/avatar\/8ed7492c4d88d8495bc0cb24cda6847b8ae23eec459a919e08e77d0ca0fd79ec?s=96&d=mm&r=g","url":"https:\/\/secure.gravatar.com\/avatar\/8ed7492c4d88d8495bc0cb24cda6847b8ae23eec459a919e08e77d0ca0fd79ec?s=96&d=mm&r=g","contentUrl":"https:\/\/secure.gravatar.com\/avatar\/8ed7492c4d88d8495bc0cb24cda6847b8ae23eec459a919e08e77d0ca0fd79ec?s=96&d=mm&r=g","caption":"F\u00e1bio Scaldelai"},"description":"Jornalista no Estrat\u00e9gia Concursos e Produtor de Televis\u00e3o, formado em Jornalismo, R\u00e1dio e TV pela Faculdade Integrada Rio Branco, com especializa\u00e7\u00f5es em Gest\u00e3o Empresarial e Marketing pelo M\u00f3dulo. Atuou como produtor no SBT, TV Bandeirantes e R\u00e1dio Band FM, al\u00e9m de acumular tr\u00eas anos de experi\u00eancia no setor de concursos p\u00fablicos pela LFG (Luiz Fl\u00e1vio Gomes). No Estrat\u00e9gia Concursos, atua na apura\u00e7\u00e3o de not\u00edcias da \u00e1rea fiscal, al\u00e9m de coberturas sobre concursos das \u00e1reas de controle (TCU, TCE, etc), concurso AFT, \u00e1rea de gest\u00e3o e administrativa, bem como dos \u00f3rg\u00e3os participantes do CNU. Tamb\u00e9m possui experi\u00eancia em link building e an\u00e1lise de m\u00eddia, adquirida durante sua atua\u00e7\u00e3o na ag\u00eancia SEO Marketing.","url":"https:\/\/www.estrategiaconcursos.com.br\/blog\/author\/fabio-scaldelaiestrategiaconcursos-com-br\/"}]}},"_links":{"self":[{"href":"https:\/\/www.estrategiaconcursos.com.br\/blog\/wp-json\/wp\/v2\/posts\/1199407","targetHints":{"allow":["GET"]}}],"collection":[{"href":"https:\/\/www.estrategiaconcursos.com.br\/blog\/wp-json\/wp\/v2\/posts"}],"about":[{"href":"https:\/\/www.estrategiaconcursos.com.br\/blog\/wp-json\/wp\/v2\/types\/post"}],"author":[{"embeddable":true,"href":"https:\/\/www.estrategiaconcursos.com.br\/blog\/wp-json\/wp\/v2\/users\/656"}],"replies":[{"embeddable":true,"href":"https:\/\/www.estrategiaconcursos.com.br\/blog\/wp-json\/wp\/v2\/comments?post=1199407"}],"version-history":[{"count":8,"href":"https:\/\/www.estrategiaconcursos.com.br\/blog\/wp-json\/wp\/v2\/posts\/1199407\/revisions"}],"predecessor-version":[{"id":1199486,"href":"https:\/\/www.estrategiaconcursos.com.br\/blog\/wp-json\/wp\/v2\/posts\/1199407\/revisions\/1199486"}],"wp:featuredmedia":[{"embeddable":true,"href":"https:\/\/www.estrategiaconcursos.com.br\/blog\/wp-json\/wp\/v2\/media\/916425"}],"wp:attachment":[{"href":"https:\/\/www.estrategiaconcursos.com.br\/blog\/wp-json\/wp\/v2\/media?parent=1199407"}],"wp:term":[{"taxonomy":"category","embeddable":true,"href":"https:\/\/www.estrategiaconcursos.com.br\/blog\/wp-json\/wp\/v2\/categories?post=1199407"},{"taxonomy":"post_tag","embeddable":true,"href":"https:\/\/www.estrategiaconcursos.com.br\/blog\/wp-json\/wp\/v2\/tags?post=1199407"},{"taxonomy":"tax_estado","embeddable":true,"href":"https:\/\/www.estrategiaconcursos.com.br\/blog\/wp-json\/wp\/v2\/tax_estado?post=1199407"}],"curies":[{"name":"wp","href":"https:\/\/api.w.org\/{rel}","templated":true}]}}