{"id":1199293,"date":"2023-04-10T14:05:51","date_gmt":"2023-04-10T17:05:51","guid":{"rendered":"https:\/\/www.estrategiaconcursos.com.br\/blog\/?p=1199293"},"modified":"2023-04-10T14:46:14","modified_gmt":"2023-04-10T17:46:14","slug":"sabesp-privatizacao-estudos-liberados","status":"publish","type":"post","link":"https:\/\/www.estrategiaconcursos.com.br\/blog\/sabesp-privatizacao-estudos-liberados\/","title":{"rendered":"Estudos para privatiza\u00e7\u00e3o da Sabesp s\u00e3o liberados!"},"content":{"rendered":"\n<p>O governador de S\u00e3o Paulo, Tarc\u00edsio de Freitas, anunciou nesta segunda-feira (10) que assinou um decreto para a contrata\u00e7\u00e3o de estudos visando o in\u00edcio do processo de privatiza\u00e7\u00e3o da <strong>Sabesp&nbsp;<\/strong>(<em>Companhia de Saneamento B\u00e1sico do Estado de S\u00e3o Paulo<\/em>).<\/p>\n\n\n\n<p>O documento assinado em cerim\u00f4nia que marca os 100 dias de Tarc\u00edsio no cargo firma a parceira entre a Secretaria de Parcerias e Investimentos do governo e o Banco Mundial.<\/p>\n\n\n\n<p>De acordo com o governador, espera-se que o processo de privatiza\u00e7\u00e3o da Sabesp seja conclu\u00eddo at\u00e9 2024 e que os primeiros estudos sejam liberados ainda no primeiro semestre de 2023.<\/p>\n\n\n\n<p>Uma pesquisa feita pelo Instituto Datafolha mostra que 53% dos paulistas s\u00e3o <strong>contr\u00e1rios <\/strong>\u00e0 privatiza\u00e7\u00e3o da Companhia, enquanto que 40% s\u00e3o a favor. <\/p>\n\n\n\n<h3 class=\"wp-block-heading\">Concurso Sabesp<\/h3>\n\n\n\n<p>Vale lembrar que no in\u00edcio de mar\u00e7o, foi divulgada no Di\u00e1rio Oficial do Munic\u00edpio, a <a href=\"https:\/\/dhg1h5j42swfq.cloudfront.net\/2023\/03\/01082139\/image-2-1.png\" target=\"_blank\" rel=\"noreferrer noopener\">contrata\u00e7\u00e3o<\/a> da Funda\u00e7\u00e3o Carlos Chagas &#8211; <a href=\"https:\/\/www.concursosfcc.com.br\/\" target=\"_blank\" rel=\"noreferrer noopener\">FCC<\/a> como banca organizadora de novos concursos para provimento de vagas de empregados, estagi\u00e1rios e aprendizes.<\/p>\n\n\n\n<p>A equipe de jornalismo do Estrat\u00e9gia Concursos entrou em contato com a Sabesp para obter informa\u00e7\u00f5es sobre a previs\u00e3o de realiza\u00e7\u00e3o do novo concurso, mas segundo a Companhia, n\u00e3o h\u00e1 previs\u00e3o para o mesmo:<\/p>\n\n\n\n<figure class=\"wp-block-image size-full\"><img loading=\"lazy\" decoding=\"async\" width=\"1017\" height=\"214\" src=\"https:\/\/dhg1h5j42swfq.cloudfront.net\/2023\/04\/10140304\/image-60.png\" alt=\"Estudos para privatiza\u00e7\u00e3o da Sabesp s\u00e3o liberados!\" class=\"wp-image-1199305\" srcset=\"https:\/\/dhg1h5j42swfq.cloudfront.net\/2023\/04\/10140304\/image-60.png 1017w, https:\/\/dhg1h5j42swfq.cloudfront.net\/2023\/04\/10140304\/image-60-300x63.png 300w, https:\/\/dhg1h5j42swfq.cloudfront.net\/2023\/04\/10140304\/image-60-768x162.png 768w, https:\/\/dhg1h5j42swfq.cloudfront.net\/2023\/04\/10140304\/image-60-610x128.png 610w, https:\/\/dhg1h5j42swfq.cloudfront.net\/2023\/04\/10140304\/image-60-150x32.png 150w\" sizes=\"auto, (max-width: 1017px) 100vw, 1017px\" \/><\/figure>\n\n\n\n<p class=\"has-text-align-center\"><em>Para ficar por dentro de todas as informa\u00e7\u00f5es sobre o concurso Sabesp, n\u00e3o deixe de conferir nosso artigo completo sobre a sele\u00e7\u00e3o:<\/em><\/p>\n\n\n\n<p class=\"has-text-align-center has-background has-medium-font-size\" style=\"background-color:#d8dbde\"><strong>Mais informa\u00e7\u00f5es: <a href=\"https:\/\/www.estrategiaconcursos.com.br\/blog\/concurso-sabesp\/\" target=\"_blank\" rel=\"noreferrer noopener\">concurso Sabesp<\/a><\/strong><\/p>\n\n\n\n<figure class=\"wp-block-image\"><a href=\"https:\/\/www.estrategiaconcursos.com.br\/promocoes\/vitalicia?utm_source=banner&amp;utm_medium=banner&amp;utm_campaign=ec-ge-vd-banner-assinaturavitalicia-semesp-030423\" target=\"_blank\" rel=\"noreferrer noopener\"><img loading=\"lazy\" decoding=\"async\" width=\"1024\" height=\"326\" src=\"https:\/\/dhg1h5j42swfq.cloudfront.net\/2023\/04\/10130609\/unnamed-1-1024x326.png\" alt=\"\" class=\"wp-image-1199233\" srcset=\"https:\/\/dhg1h5j42swfq.cloudfront.net\/2023\/04\/10130609\/unnamed-1-1024x326.png 1024w, https:\/\/dhg1h5j42swfq.cloudfront.net\/2023\/04\/10130609\/unnamed-1-300x96.png 300w, https:\/\/dhg1h5j42swfq.cloudfront.net\/2023\/04\/10130609\/unnamed-1-768x245.png 768w, https:\/\/dhg1h5j42swfq.cloudfront.net\/2023\/04\/10130609\/unnamed-1-610x194.png 610w, https:\/\/dhg1h5j42swfq.cloudfront.net\/2023\/04\/10130609\/unnamed-1-150x48.png 150w, https:\/\/dhg1h5j42swfq.cloudfront.net\/2023\/04\/10130609\/unnamed-1.png 1418w\" sizes=\"auto, (max-width: 1024px) 100vw, 1024px\" \/><\/a><\/figure>\n\n\n\n<hr class=\"wp-block-separator has-alpha-channel-opacity\"\/>\n\n\n\n<h2 class=\"wp-block-heading has-text-align-center\" id=\"h-quer-saber-tudo-sobre-concursos-previstos-confira-os-nossos-artigos\">Quer saber tudo sobre concursos previstos?<br \/>Confira os nossos artigos!<\/h2>\n\n\n\n<ul class=\"wp-block-list\">\n<li><a href=\"https:\/\/www.estrategiaconcursos.com.br\/blog\/concursos-abertos\/\" target=\"_blank\" rel=\"noreferrer noopener\">Concursos Abertos<\/a><\/li>\n\n\n\n<li><a href=\"https:\/\/www.estrategiaconcursos.com.br\/blog\/concursos-2023\/\" target=\"_blank\" rel=\"noreferrer noopener\">Concursos 2023<\/a><\/li>\n<\/ul>\n","protected":false},"excerpt":{"rendered":"<p>O governador de S\u00e3o Paulo, Tarc\u00edsio de Freitas, anunciou nesta segunda-feira (10) que assinou um decreto para a contrata\u00e7\u00e3o de estudos visando o in\u00edcio do processo de privatiza\u00e7\u00e3o da Sabesp&nbsp;(Companhia de Saneamento B\u00e1sico do Estado de S\u00e3o Paulo). O documento assinado em cerim\u00f4nia que marca os 100 dias de Tarc\u00edsio no cargo firma a parceira [&hellip;]<\/p>\n","protected":false},"author":2496,"featured_media":1179641,"comment_status":"open","ping_status":"closed","sticky":false,"template":"","format":"standard","meta":{"post_tipo":"news","footnotes":""},"categories":[214992,220219],"tags":[],"tax_estado":[219989],"class_list":["post-1199293","post","type-post","status-publish","format-standard","has-post-thumbnail","hentry","category-concursos-administrativos","category-noticias","tax_estado-sp"],"acf":[],"yoast_head":"<!-- This site is optimized with the Yoast SEO Premium plugin v27.2 (Yoast SEO v27.2) - https:\/\/yoast.com\/product\/yoast-seo-premium-wordpress\/ -->\n<title>Estudos para privatiza\u00e7\u00e3o da Sabesp s\u00e3o liberados!<\/title>\n<meta name=\"description\" content=\"Foram autorizados os estudos para o processo de privatiza\u00e7\u00e3o da Sabesp. Acesse o artigo e confira todos os detalhes!\" \/>\n<meta name=\"robots\" content=\"index, follow, max-snippet:-1, max-image-preview:large, max-video-preview:-1\" \/>\n<link rel=\"canonical\" href=\"https:\/\/www.estrategiaconcursos.com.br\/blog\/sabesp-privatizacao-estudos-liberados\/\" \/>\n<meta property=\"og:locale\" content=\"pt_BR\" \/>\n<meta property=\"og:type\" content=\"article\" \/>\n<meta property=\"og:title\" content=\"Estudos para privatiza\u00e7\u00e3o da Sabesp s\u00e3o liberados!\" \/>\n<meta property=\"og:description\" content=\"Foram autorizados os estudos para o processo de privatiza\u00e7\u00e3o da Sabesp. Acesse o artigo e confira todos os detalhes!\" \/>\n<meta property=\"og:url\" content=\"https:\/\/www.estrategiaconcursos.com.br\/blog\/sabesp-privatizacao-estudos-liberados\/\" \/>\n<meta property=\"og:site_name\" content=\"Estrat\u00e9gia Concursos\" \/>\n<meta property=\"article:published_time\" content=\"2023-04-10T17:05:51+00:00\" \/>\n<meta property=\"article:modified_time\" content=\"2023-04-10T17:46:14+00:00\" \/>\n<meta property=\"og:image\" content=\"https:\/\/dhg1h5j42swfq.cloudfront.net\/2023\/03\/01141246\/sabesp.jpg\" \/>\n\t<meta property=\"og:image:width\" content=\"768\" \/>\n\t<meta property=\"og:image:height\" content=\"432\" \/>\n\t<meta property=\"og:image:type\" content=\"image\/jpeg\" \/>\n<meta name=\"author\" content=\"Lu\u00eds Henrique Koliski Taguchi\" \/>\n<meta name=\"twitter:card\" content=\"summary_large_image\" \/>\n<meta name=\"twitter:creator\" content=\"@EstratConcursos\" \/>\n<meta name=\"twitter:site\" content=\"@EstratConcursos\" \/>\n<meta name=\"twitter:label1\" content=\"Escrito por\" \/>\n\t<meta name=\"twitter:data1\" content=\"Lu\u00eds Henrique Koliski Taguchi\" \/>\n\t<meta name=\"twitter:label2\" content=\"Est. tempo de leitura\" \/>\n\t<meta name=\"twitter:data2\" content=\"1 minuto\" \/>\n<script type=\"application\/ld+json\" class=\"yoast-schema-graph\">{\"@context\":\"https:\/\/schema.org\",\"@graph\":[{\"@type\":\"NewsArticle\",\"@id\":\"https:\/\/www.estrategiaconcursos.com.br\/blog\/sabesp-privatizacao-estudos-liberados\/#article\",\"isPartOf\":{\"@id\":\"https:\/\/www.estrategiaconcursos.com.br\/blog\/sabesp-privatizacao-estudos-liberados\/\"},\"author\":{\"name\":\"Lu\u00eds Henrique Koliski Taguchi\",\"@id\":\"https:\/\/www.estrategiaconcursos.com.br\/blog\/#\/schema\/person\/4796f784535bea69338c17360e24ca86\"},\"headline\":\"Estudos para privatiza\u00e7\u00e3o da Sabesp s\u00e3o liberados!\",\"datePublished\":\"2023-04-10T17:05:51+00:00\",\"dateModified\":\"2023-04-10T17:46:14+00:00\",\"mainEntityOfPage\":{\"@id\":\"https:\/\/www.estrategiaconcursos.com.br\/blog\/sabesp-privatizacao-estudos-liberados\/\"},\"wordCount\":269,\"commentCount\":0,\"publisher\":{\"@id\":\"https:\/\/www.estrategiaconcursos.com.br\/blog\/#organization\"},\"image\":{\"@id\":\"https:\/\/www.estrategiaconcursos.com.br\/blog\/sabesp-privatizacao-estudos-liberados\/#primaryimage\"},\"thumbnailUrl\":\"https:\/\/dhg1h5j42swfq.cloudfront.net\/2023\/03\/01141246\/sabesp.jpg\",\"articleSection\":[\"Executivo (Administrativa)\",\"\u00daltimas not\u00edcias\"],\"inLanguage\":\"pt-BR\",\"potentialAction\":[{\"@type\":\"CommentAction\",\"name\":\"Comment\",\"target\":[\"https:\/\/www.estrategiaconcursos.com.br\/blog\/sabesp-privatizacao-estudos-liberados\/#respond\"]}],\"copyrightYear\":\"2023\",\"copyrightHolder\":{\"@id\":\"https:\/\/www.estrategiaconcursos.com.br\/blog\/#organization\"}},{\"@type\":\"WebPage\",\"@id\":\"https:\/\/www.estrategiaconcursos.com.br\/blog\/sabesp-privatizacao-estudos-liberados\/\",\"url\":\"https:\/\/www.estrategiaconcursos.com.br\/blog\/sabesp-privatizacao-estudos-liberados\/\",\"name\":\"Estudos para privatiza\u00e7\u00e3o da Sabesp s\u00e3o liberados!\",\"isPartOf\":{\"@id\":\"https:\/\/www.estrategiaconcursos.com.br\/blog\/#website\"},\"primaryImageOfPage\":{\"@id\":\"https:\/\/www.estrategiaconcursos.com.br\/blog\/sabesp-privatizacao-estudos-liberados\/#primaryimage\"},\"image\":{\"@id\":\"https:\/\/www.estrategiaconcursos.com.br\/blog\/sabesp-privatizacao-estudos-liberados\/#primaryimage\"},\"thumbnailUrl\":\"https:\/\/dhg1h5j42swfq.cloudfront.net\/2023\/03\/01141246\/sabesp.jpg\",\"datePublished\":\"2023-04-10T17:05:51+00:00\",\"dateModified\":\"2023-04-10T17:46:14+00:00\",\"description\":\"Foram autorizados os estudos para o processo de privatiza\u00e7\u00e3o da Sabesp. Acesse o artigo e confira todos os detalhes!\",\"breadcrumb\":{\"@id\":\"https:\/\/www.estrategiaconcursos.com.br\/blog\/sabesp-privatizacao-estudos-liberados\/#breadcrumb\"},\"inLanguage\":\"pt-BR\",\"potentialAction\":[{\"@type\":\"ReadAction\",\"target\":[\"https:\/\/www.estrategiaconcursos.com.br\/blog\/sabesp-privatizacao-estudos-liberados\/\"]}]},{\"@type\":\"ImageObject\",\"inLanguage\":\"pt-BR\",\"@id\":\"https:\/\/www.estrategiaconcursos.com.br\/blog\/sabesp-privatizacao-estudos-liberados\/#primaryimage\",\"url\":\"https:\/\/dhg1h5j42swfq.cloudfront.net\/2023\/03\/01141246\/sabesp.jpg\",\"contentUrl\":\"https:\/\/dhg1h5j42swfq.cloudfront.net\/2023\/03\/01141246\/sabesp.jpg\",\"width\":768,\"height\":432,\"caption\":\"Sabesp privatiza\u00e7\u00e3o\"},{\"@type\":\"BreadcrumbList\",\"@id\":\"https:\/\/www.estrategiaconcursos.com.br\/blog\/sabesp-privatizacao-estudos-liberados\/#breadcrumb\",\"itemListElement\":[{\"@type\":\"ListItem\",\"position\":1,\"name\":\"In\u00edcio\",\"item\":\"https:\/\/www.estrategiaconcursos.com.br\/blog\/\"},{\"@type\":\"ListItem\",\"position\":2,\"name\":\"Estudos para privatiza\u00e7\u00e3o da Sabesp s\u00e3o liberados!\"}]},{\"@type\":\"WebSite\",\"@id\":\"https:\/\/www.estrategiaconcursos.com.br\/blog\/#website\",\"url\":\"https:\/\/www.estrategiaconcursos.com.br\/blog\/\",\"name\":\"Estrat\u00e9gia Concursos\",\"description\":\"O blog da Estrat\u00e9gia Concursos traz not\u00edcias sobre concursos e artigos de professores oferecendo cursos para concursos (pdf + videaulas) no site.\",\"publisher\":{\"@id\":\"https:\/\/www.estrategiaconcursos.com.br\/blog\/#organization\"},\"potentialAction\":[{\"@type\":\"SearchAction\",\"target\":{\"@type\":\"EntryPoint\",\"urlTemplate\":\"https:\/\/www.estrategiaconcursos.com.br\/blog\/?s={search_term_string}\"},\"query-input\":{\"@type\":\"PropertyValueSpecification\",\"valueRequired\":true,\"valueName\":\"search_term_string\"}}],\"inLanguage\":\"pt-BR\"},{\"@type\":\"Organization\",\"@id\":\"https:\/\/www.estrategiaconcursos.com.br\/blog\/#organization\",\"name\":\"Estrat\u00e9gia Concursos\",\"url\":\"https:\/\/www.estrategiaconcursos.com.br\/blog\/\",\"logo\":{\"@type\":\"ImageObject\",\"inLanguage\":\"pt-BR\",\"@id\":\"https:\/\/www.estrategiaconcursos.com.br\/blog\/#\/schema\/logo\/image\/\",\"url\":\"https:\/\/dhg1h5j42swfq.cloudfront.net\/2025\/06\/03203428\/logo_concursos-1.jpg\",\"contentUrl\":\"https:\/\/dhg1h5j42swfq.cloudfront.net\/2025\/06\/03203428\/logo_concursos-1.jpg\",\"width\":230,\"height\":60,\"caption\":\"Estrat\u00e9gia Concursos\"},\"image\":{\"@id\":\"https:\/\/www.estrategiaconcursos.com.br\/blog\/#\/schema\/logo\/image\/\"},\"sameAs\":[\"https:\/\/x.com\/EstratConcursos\"]},{\"@type\":\"Person\",\"@id\":\"https:\/\/www.estrategiaconcursos.com.br\/blog\/#\/schema\/person\/4796f784535bea69338c17360e24ca86\",\"name\":\"Lu\u00eds Henrique Koliski Taguchi\",\"image\":{\"@type\":\"ImageObject\",\"inLanguage\":\"pt-BR\",\"@id\":\"https:\/\/secure.gravatar.com\/avatar\/cd45137551650332231b9b3d541d08c1f24718112f052488ba1ea66ad0f57c9c?s=96&d=mm&r=g\",\"url\":\"https:\/\/secure.gravatar.com\/avatar\/cd45137551650332231b9b3d541d08c1f24718112f052488ba1ea66ad0f57c9c?s=96&d=mm&r=g\",\"contentUrl\":\"https:\/\/secure.gravatar.com\/avatar\/cd45137551650332231b9b3d541d08c1f24718112f052488ba1ea66ad0f57c9c?s=96&d=mm&r=g\",\"caption\":\"Lu\u00eds Henrique Koliski Taguchi\"},\"url\":\"https:\/\/www.estrategiaconcursos.com.br\/blog\/author\/luis-taguchiestrategia-com\/\"}]}<\/script>\n<!-- \/ Yoast SEO Premium plugin. -->","yoast_head_json":{"title":"Estudos para privatiza\u00e7\u00e3o da Sabesp s\u00e3o liberados!","description":"Foram autorizados os estudos para o processo de privatiza\u00e7\u00e3o da Sabesp. Acesse o artigo e confira todos os detalhes!","robots":{"index":"index","follow":"follow","max-snippet":"max-snippet:-1","max-image-preview":"max-image-preview:large","max-video-preview":"max-video-preview:-1"},"canonical":"https:\/\/www.estrategiaconcursos.com.br\/blog\/sabesp-privatizacao-estudos-liberados\/","og_locale":"pt_BR","og_type":"article","og_title":"Estudos para privatiza\u00e7\u00e3o da Sabesp s\u00e3o liberados!","og_description":"Foram autorizados os estudos para o processo de privatiza\u00e7\u00e3o da Sabesp. Acesse o artigo e confira todos os detalhes!","og_url":"https:\/\/www.estrategiaconcursos.com.br\/blog\/sabesp-privatizacao-estudos-liberados\/","og_site_name":"Estrat\u00e9gia Concursos","article_published_time":"2023-04-10T17:05:51+00:00","article_modified_time":"2023-04-10T17:46:14+00:00","og_image":[{"width":768,"height":432,"url":"https:\/\/dhg1h5j42swfq.cloudfront.net\/2023\/03\/01141246\/sabesp.jpg","type":"image\/jpeg"}],"author":"Lu\u00eds Henrique Koliski Taguchi","twitter_card":"summary_large_image","twitter_creator":"@EstratConcursos","twitter_site":"@EstratConcursos","twitter_misc":{"Escrito por":"Lu\u00eds Henrique Koliski Taguchi","Est. tempo de leitura":"1 minuto"},"schema":{"@context":"https:\/\/schema.org","@graph":[{"@type":"NewsArticle","@id":"https:\/\/www.estrategiaconcursos.com.br\/blog\/sabesp-privatizacao-estudos-liberados\/#article","isPartOf":{"@id":"https:\/\/www.estrategiaconcursos.com.br\/blog\/sabesp-privatizacao-estudos-liberados\/"},"author":{"name":"Lu\u00eds Henrique Koliski Taguchi","@id":"https:\/\/www.estrategiaconcursos.com.br\/blog\/#\/schema\/person\/4796f784535bea69338c17360e24ca86"},"headline":"Estudos para privatiza\u00e7\u00e3o da Sabesp s\u00e3o liberados!","datePublished":"2023-04-10T17:05:51+00:00","dateModified":"2023-04-10T17:46:14+00:00","mainEntityOfPage":{"@id":"https:\/\/www.estrategiaconcursos.com.br\/blog\/sabesp-privatizacao-estudos-liberados\/"},"wordCount":269,"commentCount":0,"publisher":{"@id":"https:\/\/www.estrategiaconcursos.com.br\/blog\/#organization"},"image":{"@id":"https:\/\/www.estrategiaconcursos.com.br\/blog\/sabesp-privatizacao-estudos-liberados\/#primaryimage"},"thumbnailUrl":"https:\/\/dhg1h5j42swfq.cloudfront.net\/2023\/03\/01141246\/sabesp.jpg","articleSection":["Executivo (Administrativa)","\u00daltimas not\u00edcias"],"inLanguage":"pt-BR","potentialAction":[{"@type":"CommentAction","name":"Comment","target":["https:\/\/www.estrategiaconcursos.com.br\/blog\/sabesp-privatizacao-estudos-liberados\/#respond"]}],"copyrightYear":"2023","copyrightHolder":{"@id":"https:\/\/www.estrategiaconcursos.com.br\/blog\/#organization"}},{"@type":"WebPage","@id":"https:\/\/www.estrategiaconcursos.com.br\/blog\/sabesp-privatizacao-estudos-liberados\/","url":"https:\/\/www.estrategiaconcursos.com.br\/blog\/sabesp-privatizacao-estudos-liberados\/","name":"Estudos para privatiza\u00e7\u00e3o da Sabesp s\u00e3o liberados!","isPartOf":{"@id":"https:\/\/www.estrategiaconcursos.com.br\/blog\/#website"},"primaryImageOfPage":{"@id":"https:\/\/www.estrategiaconcursos.com.br\/blog\/sabesp-privatizacao-estudos-liberados\/#primaryimage"},"image":{"@id":"https:\/\/www.estrategiaconcursos.com.br\/blog\/sabesp-privatizacao-estudos-liberados\/#primaryimage"},"thumbnailUrl":"https:\/\/dhg1h5j42swfq.cloudfront.net\/2023\/03\/01141246\/sabesp.jpg","datePublished":"2023-04-10T17:05:51+00:00","dateModified":"2023-04-10T17:46:14+00:00","description":"Foram autorizados os estudos para o processo de privatiza\u00e7\u00e3o da Sabesp. Acesse o artigo e confira todos os detalhes!","breadcrumb":{"@id":"https:\/\/www.estrategiaconcursos.com.br\/blog\/sabesp-privatizacao-estudos-liberados\/#breadcrumb"},"inLanguage":"pt-BR","potentialAction":[{"@type":"ReadAction","target":["https:\/\/www.estrategiaconcursos.com.br\/blog\/sabesp-privatizacao-estudos-liberados\/"]}]},{"@type":"ImageObject","inLanguage":"pt-BR","@id":"https:\/\/www.estrategiaconcursos.com.br\/blog\/sabesp-privatizacao-estudos-liberados\/#primaryimage","url":"https:\/\/dhg1h5j42swfq.cloudfront.net\/2023\/03\/01141246\/sabesp.jpg","contentUrl":"https:\/\/dhg1h5j42swfq.cloudfront.net\/2023\/03\/01141246\/sabesp.jpg","width":768,"height":432,"caption":"Sabesp privatiza\u00e7\u00e3o"},{"@type":"BreadcrumbList","@id":"https:\/\/www.estrategiaconcursos.com.br\/blog\/sabesp-privatizacao-estudos-liberados\/#breadcrumb","itemListElement":[{"@type":"ListItem","position":1,"name":"In\u00edcio","item":"https:\/\/www.estrategiaconcursos.com.br\/blog\/"},{"@type":"ListItem","position":2,"name":"Estudos para privatiza\u00e7\u00e3o da Sabesp s\u00e3o liberados!"}]},{"@type":"WebSite","@id":"https:\/\/www.estrategiaconcursos.com.br\/blog\/#website","url":"https:\/\/www.estrategiaconcursos.com.br\/blog\/","name":"Estrat\u00e9gia Concursos","description":"O blog da Estrat\u00e9gia Concursos traz not\u00edcias sobre concursos e artigos de professores oferecendo cursos para concursos (pdf + videaulas) no site.","publisher":{"@id":"https:\/\/www.estrategiaconcursos.com.br\/blog\/#organization"},"potentialAction":[{"@type":"SearchAction","target":{"@type":"EntryPoint","urlTemplate":"https:\/\/www.estrategiaconcursos.com.br\/blog\/?s={search_term_string}"},"query-input":{"@type":"PropertyValueSpecification","valueRequired":true,"valueName":"search_term_string"}}],"inLanguage":"pt-BR"},{"@type":"Organization","@id":"https:\/\/www.estrategiaconcursos.com.br\/blog\/#organization","name":"Estrat\u00e9gia Concursos","url":"https:\/\/www.estrategiaconcursos.com.br\/blog\/","logo":{"@type":"ImageObject","inLanguage":"pt-BR","@id":"https:\/\/www.estrategiaconcursos.com.br\/blog\/#\/schema\/logo\/image\/","url":"https:\/\/dhg1h5j42swfq.cloudfront.net\/2025\/06\/03203428\/logo_concursos-1.jpg","contentUrl":"https:\/\/dhg1h5j42swfq.cloudfront.net\/2025\/06\/03203428\/logo_concursos-1.jpg","width":230,"height":60,"caption":"Estrat\u00e9gia Concursos"},"image":{"@id":"https:\/\/www.estrategiaconcursos.com.br\/blog\/#\/schema\/logo\/image\/"},"sameAs":["https:\/\/x.com\/EstratConcursos"]},{"@type":"Person","@id":"https:\/\/www.estrategiaconcursos.com.br\/blog\/#\/schema\/person\/4796f784535bea69338c17360e24ca86","name":"Lu\u00eds Henrique Koliski Taguchi","image":{"@type":"ImageObject","inLanguage":"pt-BR","@id":"https:\/\/secure.gravatar.com\/avatar\/cd45137551650332231b9b3d541d08c1f24718112f052488ba1ea66ad0f57c9c?s=96&d=mm&r=g","url":"https:\/\/secure.gravatar.com\/avatar\/cd45137551650332231b9b3d541d08c1f24718112f052488ba1ea66ad0f57c9c?s=96&d=mm&r=g","contentUrl":"https:\/\/secure.gravatar.com\/avatar\/cd45137551650332231b9b3d541d08c1f24718112f052488ba1ea66ad0f57c9c?s=96&d=mm&r=g","caption":"Lu\u00eds Henrique Koliski Taguchi"},"url":"https:\/\/www.estrategiaconcursos.com.br\/blog\/author\/luis-taguchiestrategia-com\/"}]}},"_links":{"self":[{"href":"https:\/\/www.estrategiaconcursos.com.br\/blog\/wp-json\/wp\/v2\/posts\/1199293","targetHints":{"allow":["GET"]}}],"collection":[{"href":"https:\/\/www.estrategiaconcursos.com.br\/blog\/wp-json\/wp\/v2\/posts"}],"about":[{"href":"https:\/\/www.estrategiaconcursos.com.br\/blog\/wp-json\/wp\/v2\/types\/post"}],"author":[{"embeddable":true,"href":"https:\/\/www.estrategiaconcursos.com.br\/blog\/wp-json\/wp\/v2\/users\/2496"}],"replies":[{"embeddable":true,"href":"https:\/\/www.estrategiaconcursos.com.br\/blog\/wp-json\/wp\/v2\/comments?post=1199293"}],"version-history":[{"count":7,"href":"https:\/\/www.estrategiaconcursos.com.br\/blog\/wp-json\/wp\/v2\/posts\/1199293\/revisions"}],"predecessor-version":[{"id":1199358,"href":"https:\/\/www.estrategiaconcursos.com.br\/blog\/wp-json\/wp\/v2\/posts\/1199293\/revisions\/1199358"}],"wp:featuredmedia":[{"embeddable":true,"href":"https:\/\/www.estrategiaconcursos.com.br\/blog\/wp-json\/wp\/v2\/media\/1179641"}],"wp:attachment":[{"href":"https:\/\/www.estrategiaconcursos.com.br\/blog\/wp-json\/wp\/v2\/media?parent=1199293"}],"wp:term":[{"taxonomy":"category","embeddable":true,"href":"https:\/\/www.estrategiaconcursos.com.br\/blog\/wp-json\/wp\/v2\/categories?post=1199293"},{"taxonomy":"post_tag","embeddable":true,"href":"https:\/\/www.estrategiaconcursos.com.br\/blog\/wp-json\/wp\/v2\/tags?post=1199293"},{"taxonomy":"tax_estado","embeddable":true,"href":"https:\/\/www.estrategiaconcursos.com.br\/blog\/wp-json\/wp\/v2\/tax_estado?post=1199293"}],"curies":[{"name":"wp","href":"https:\/\/api.w.org\/{rel}","templated":true}]}}