{"id":119847,"date":"2018-05-08T14:28:47","date_gmt":"2018-05-08T17:28:47","guid":{"rendered":"https:\/\/www.estrategiaconcursos.com.br\/blog\/?p=119847"},"modified":"2018-05-08T22:49:45","modified_gmt":"2018-05-09T01:49:45","slug":"recursos-para-redacao-stj-macroestrutura-cargos-de-09-13","status":"publish","type":"post","link":"https:\/\/www.estrategiaconcursos.com.br\/blog\/recursos-para-redacao-stj-macroestrutura-cargos-de-09-13\/","title":{"rendered":"\u00a0Recursos para a reda\u00e7\u00e3o STJ (Macroestrutura) &#8211; cargos de 09 a 13."},"content":{"rendered":"<p style=\"text-align: justify\"><span style=\"font-size: 14pt\">\u00a0\u00a0\u00a0\u00a0\u00a0\u00a0\u00a0<\/span><\/p>\n<table>\n<tbody>\n<tr>\n<td width=\"611\"><span style=\"font-size: 14pt\"><strong>\u00a0<\/strong><strong>Recursos para a prova discursiva STJ \u2013 2018<\/strong><\/span><\/p>\n<p><span style=\"font-size: 14pt\"><strong>\u00a0<\/strong><\/span><span style=\"font-size: 14pt\"><strong>CARGOS: de 09 a 13<\/strong><\/span><\/p>\n<p><span style=\"font-size: 14pt\"><strong>Tema: \u201cAnonimato digital e o abuso do direito \u00e0 liberdade de express\u00e3o\u201d<\/strong><\/span><\/td>\n<\/tr>\n<\/tbody>\n<\/table>\n<p style=\"text-align: justify\"><span style=\"font-size: 14pt\">Estrategianos, tudo bem?<\/span><\/p>\n<p style=\"text-align: justify\"><span style=\"font-size: 14pt\">Estou muito feliz em ter sido convidado pelo Coordenador de Provas Discursivas, Professor Carlos Roberto, para auxili\u00e1-los nesta fase de extrema import\u00e2ncia de seu concurso: <strong>recursos para a prova discursiva (macroestrutura) do concurso do STJ, cargos de 09 a 13.<\/strong><\/span><\/p>\n<p style=\"text-align: justify\"><span style=\"font-size: 14pt\">Antes de iniciarmos, quero fazer uma breve apresenta\u00e7\u00e3o:<\/span><\/p>\n<p style=\"text-align: justify\"><span style=\"font-size: 14pt\">Meu nome \u00e9 Raphael Reis, sou graduado em Hist\u00f3ria (UFJF), Especialista em Pol\u00edticas P\u00fablicas e Gest\u00e3o Social (UFJF), MBA em Organiza\u00e7\u00e3o de Campanha Eleitoral (Uninter) e Mestre em Sociologia da Educa\u00e7\u00e3o (UFJF). Atualmente, trabalho no Estrat\u00e9gia Concursos\/ENEM com as disciplinas de Filosofia, de Hist\u00f3ria e de Sociologia. Atuo tamb\u00e9m na parte de Macroestrutura e Recursos do N\u00facleo de Reda\u00e7\u00e3o.<\/span><\/p>\n<p style=\"text-align: justify\"><span style=\"font-size: 14pt\">\u00a0Inicialmente, gostaria de dar-lhes os parab\u00e9ns por terem chegado at\u00e9 aqui em um concurso t\u00e3o concorrido e de alt\u00edssimo n\u00edvel organizado pela banca Cespe, a qual, certamente, testou seus conhecimentos e comprovou que voc\u00eas est\u00e3o aptos para, a qualquer momento, ingressarem de forma majestosa na Administra\u00e7\u00e3o P\u00fablica do nosso pa\u00eds. <strong>Quem sabe n\u00e3o chegou a hora, n\u00e3o \u00e9 verdade? <\/strong>N\u00f3s, do Estrat\u00e9gia, trabalhamos com afinco para que isso se concretize!<\/span><\/p>\n<p style=\"text-align: justify\"><span style=\"font-size: 14pt\">Malgrado as dificuldades vivenciadas em sua trajet\u00f3ria at\u00e9 aqui, devo informar-lhes que ainda \u00e9 cedo para qualquer tipo de comemora\u00e7\u00e3o ou desist\u00eancia, pois o jogo s\u00f3 acaba quando o juiz apita o final da partida e, no seu caso, esse apito ainda n\u00e3o foi dado.<\/span><\/p>\n<p style=\"text-align: justify\"><span style=\"font-size: 14pt\"><strong>Professor, mas a classifica\u00e7\u00e3o muda tanto assim ap\u00f3s os recursos da prova discursiva?<\/strong> Posso dizer que quem acompanha os concursos p\u00fablicos, que essa fase \u00e9 t\u00e3o importante quanto a elabora\u00e7\u00e3o do texto discursivo que voc\u00ea fez no dia da sua prova. Por\u00e9m, h\u00e1 possibilidade real de a nota ser majorada? N\u00e3o s\u00f3 existe essa possibilidade, como temos conseguido resultados significativos nos \u00faltimos concursos p\u00fablicos (no que se refere a banca Cespe a cada tr\u00eas recursos um \u00e9 exitoso, isto \u00e9, um aproveitamento de 33,3% de recursos deferidos). Alguns pontinhos a mais podem salvar sua classifica\u00e7\u00e3o e, por conseguinte, sua aprova\u00e7\u00e3o.<\/span><\/p>\n<p style=\"text-align: justify\"><span style=\"font-size: 14pt\">Nem sempre a banca erra ao corrigir sua prova, <strong>mas isso pode acontecer! <\/strong>Nem sempre a banca te devolve a pontua\u00e7\u00e3o quando est\u00e1 errada, <strong>mas isso pode acontecer! <\/strong>Nem sempre a banca te d\u00e1 uma nota abaixo daquela que realmente lhe \u00e9 devida, <strong>mas isso pode acontecer! <\/strong><\/span><\/p>\n<p style=\"text-align: justify\"><span style=\"font-size: 14pt\">Portanto, meus amigos, entrar com recursos na sua prova discursiva \u00e9 algo necess\u00e1rio para quem ainda se v\u00ea com chances de conseguir a classifica\u00e7\u00e3o dentro das vagas.<\/span><\/p>\n<p style=\"text-align: justify\"><span style=\"font-size: 14pt\">O meu foco aqui \u00e9 avaliar a <strong>MACROESTRUTURA do seu texto (desenvolvimento do conte\u00fado).<\/strong><\/span><\/p>\n<p style=\"text-align: justify\"><span style=\"font-size: 14pt\">Sem mais delongas, vamos ver o que disp\u00f5e o edital sobre os crit\u00e9rios de avalia\u00e7\u00e3o de sua reda\u00e7\u00e3o, bem como o processo de recurso. Vamos l\u00e1!<\/span><\/p>\n<p style=\"text-align: justify\"><span style=\"font-size: 14pt\"><strong>Sua prova ser\u00e1 avaliada nos seguintes itens:<\/strong><\/span><\/p>\n<p style=\"text-align: justify\"><span style=\"font-size: 14pt\">\u201cA prova discursiva de cada candidato ser\u00e1 submetida a duas avalia\u00e7\u00f5es: uma avalia\u00e7\u00e3o de conte\u00fado e uma avalia\u00e7\u00e3o do dom\u00ednio da modalidade escrita da l\u00edngua portuguesa.\u201d<\/span><\/p>\n<ol style=\"text-align: justify\">\n<li><span style=\"font-size: 14pt\">a) a apresenta\u00e7\u00e3o e a estrutura textuais e o desenvolvimento do tema totalizar\u00e3o a nota relativa ao dom\u00ednio do conte\u00fado (<em>NC)<\/em>, cuja pontua\u00e7\u00e3o m\u00e1xima ser\u00e1 limitada ao valor de <strong>40,00 pontos<\/strong>;<\/span><\/li>\n<li><span style=\"font-size: 14pt\">b) a avalia\u00e7\u00e3o do dom\u00ednio da modalidade escrita totalizar\u00e1 o n\u00famero de erros (<em>NE<\/em>) do candidato, considerando-se aspectos tais como: ortografia, morfossintaxe e propriedade vocabular;<\/span><\/li>\n<li><span style=\"font-size: 14pt\">c) ser\u00e1 computado o n\u00famero total de linhas (<em>TL<\/em>) efetivamente escritas pelo candidato;<\/span><\/li>\n<li><span style=\"font-size: 14pt\">d) ser\u00e1 desconsiderado, para efeito de avalia\u00e7\u00e3o, qualquer fragmento de texto que for escrito fora do local apropriado ou que ultrapassar a extens\u00e3o m\u00e1xima de linhas estabelecida no subitem 9.1 deste edital;<\/span><\/li>\n<li><span style=\"font-size: 14pt\">e) ser\u00e1 calculada, ent\u00e3o, para cada candidato, a nota na reda\u00e7\u00e3o (<em>NR<\/em>) pela f\u00f3rmula:<\/span><\/li>\n<\/ol>\n<p style=\"text-align: justify\"><span style=\"font-size: 14pt\"><em>NR (Nota da Reda\u00e7\u00e3o) <\/em>= <em>NC <\/em>\u2013 <em>NE \/ TL <\/em>em que <em>TL <\/em>corresponde ao n\u00famero de linhas efetivamente escritas pelo candidato na resposta \u00e0 quest\u00e3o proposta;<\/span><\/p>\n<ol style=\"text-align: justify\">\n<li><span style=\"font-size: 14pt\">f) ser\u00e1 atribu\u00edda nota zero ao texto que obtiver <em>NR <\/em>&lt; 0,00.<\/span><\/li>\n<li><span style=\"font-size: 14pt\">g) nos casos de fuga ao tema, ou de n\u00e3o haver texto, o candidato receber\u00e1 nota no texto igual a zero.<\/span><\/li>\n<li><span style=\"font-size: 14pt\">h) a nota na prova discursiva <em>P3 <\/em>(<em>NP3<\/em>) ser\u00e1 igual a <em>NR<\/em>.<\/span><\/li>\n<\/ol>\n<p style=\"text-align: justify\"><span style=\"font-size: 14pt\"><strong>Ok, professor, entendi, mas como fazer o recurso contra o resultado provis\u00f3rio da prova discursiva?<\/strong><\/span><\/p>\n<p style=\"text-align: justify\"><span style=\"font-size: 14pt\">Voc\u00ea tem que ser bem esperto e agir r\u00e1pido!<\/span><\/p>\n<p style=\"text-align: justify\"><span style=\"font-size: 14pt\">Os\u00a0candidatos\u00a0poder\u00e3o\u00a0ter\u00a0acesso\u00a0\u00e0\u00a0prova\u00a0discursiva\u00a0e\u00a0aos\u00a0espelhos\u00a0de\u00a0avalia\u00e7\u00e3o\u00a0e\u00a0interpor\u00a0recurso\u00a0contra o\u00a0resultado\u00a0provis\u00f3rio\u00a0na\u00a0prova\u00a0discursiva,\u00a0<strong>das\u00a09\u00a0horas\u00a0do\u00a0dia\u00a009 de maio\u00a0de\u00a02018\u00a0\u00e0s\u00a018\u00a0horas\u00a0do dia 10 de maio de 2018, <\/strong>(hor\u00e1rio\u00a0 oficial\u00a0 de\u00a0 Bras\u00edlia\/DF),\u00a0 no\u00a0 endere\u00e7o\u00a0 eletr\u00f4nico\u00a0do site da banca Cespe, por meio do Sistema de Interposi\u00e7\u00e3o de Recursos.<\/span><\/p>\n<p style=\"text-align: justify\"><span style=\"font-size: 14pt\">Ap\u00f3s\u00a0esse\u00a0per\u00edodo,\u00a0n\u00e3o\u00a0ser\u00e3o\u00a0aceitos\u00a0pedidos\u00a0de\u00a0revis\u00e3o.\u00a0<\/span><\/p>\n<p style=\"text-align: justify\"><span style=\"font-size: 14pt\">\u00c9 fundamental que voc\u00eas tenham acesso ao caderno de respostas o mais r\u00e1pido poss\u00edvel at\u00e9 o dia 08 de maio para que possamos preparar seu recurso de forma bem fundamentada e com tranquilidade, ok?<\/span><\/p>\n<p style=\"text-align: justify\"><span style=\"font-size: 14pt\">Assim que voc\u00ea tiver acesso ao seu caderno de respostas, dever\u00e1 me disponibilizar por meio da \u00e1rea do aluno no site Estrat\u00e9gia Concursos o mais r\u00e1pido poss\u00edvel, os seguintes arquivos:<\/span><\/p>\n<p style=\"text-align: justify\"><span style=\"font-size: 14pt\"><strong>1<\/strong><strong>) C\u00f3pia escaneada leg\u00edvel da sua reda\u00e7\u00e3o; <\/strong><\/span><\/p>\n<p style=\"text-align: justify\"><span style=\"font-size: 14pt\"><strong>2) Texto escrito em arquivo separado (doc. \u201cword\u201d) da sua prova discursiva; <\/strong><\/span><\/p>\n<p style=\"text-align: justify\"><span style=\"font-size: 14pt\"><strong>3) Barema da banca (avalia\u00e7\u00e3o que lhe foi atribu\u00edda em cada item). <\/strong><\/span><\/p>\n<p style=\"text-align: justify\"><span style=\"font-size: 14pt\">Devo lembrar-lhes que as <strong>vagas s\u00e3o limitadas \u2013 temos somente 5 (cinco) vagas<\/strong>, pois, haja vista o tempo ex\u00edguo para a elabora\u00e7\u00e3o dos recursos, \u00e9 necess\u00e1rio impor esse limite para que eu possa atender a todos com a qualidade necess\u00e1ria e em tempo h\u00e1bil (<strong>s\u00f3 vamos aceitar o envio at\u00e9 09h do dia 10 de maio<\/strong>). Ap\u00f3s a confec\u00e7\u00e3o dos recursos, ser\u00e1 de inteira <strong>responsabilidade do aluno <\/strong>envi\u00e1-los para avalia\u00e7\u00e3o da banca examinadora no site do Cespe.<\/span><\/p>\n<p style=\"text-align: justify\"><span style=\"font-size: 14pt\"><strong>Duas coisas precisam ficar muito claras:<\/strong><\/span><\/p>\n<p style=\"text-align: justify\"><span style=\"font-size: 14pt\"><em>&#8211; a contrata\u00e7\u00e3o do nosso servi\u00e7o n\u00e3o garante a majora\u00e7\u00e3o da sua nota! \u00c9 uma possibilidade!<\/em><\/span><\/p>\n<p style=\"text-align: justify\"><span style=\"font-size: 14pt\"><em>&#8211; ao receber o seu texto, vou avaliar de maneira muito honesta, fazendo uma an\u00e1lise minuciosa de cada erro apontado pela banca. Se n\u00e3o houver possibilidade de recurso, devolveremos 100% do valor.<\/em><\/span><\/p>\n<p style=\"text-align: justify\"><span style=\"font-size: 14pt\">Comprometo-me a doar meu m\u00e1ximo em prol de conseguirmos alguns pontos ou d\u00e9cimos em sua nota final. Contudo, isso depender\u00e1, em grande parte, do texto que foi produzido por voc\u00ea e das margens que ele nos deixou para que possamos argumentar com o examinador a possibilidade de majora\u00e7\u00e3o de sua pontua\u00e7\u00e3o.<\/span><\/p>\n<p style=\"text-align: justify\"><span style=\"font-size: 14pt\">Feitos esses esclarecimentos, desejo-lhes boa sorte com os recursos e espero, sinceramente, que obtenhamos \u00eaxito para que possamos comemorar sua aprova\u00e7\u00e3o!<\/span><\/p>\n<p style=\"text-align: justify\"><span style=\"font-size: 14pt\">Coloco-me \u00e0 disposi\u00e7\u00e3o de voc\u00eas neste pr\u00f3ximo desafio!<\/span><\/p>\n<p style=\"text-align: justify\"><span style=\"font-size: 14pt\"><strong>Link para os adquirir o curso de Recursos:<\/strong><\/span><\/p>\n<p style=\"text-align: center\"><span style=\"font-size: 14pt\"><strong><a href=\"https:\/\/www.estrategiaconcursos.com.br\/curso\/recursos-p-stj-tecnico-judiciario-aspectos-de-conteudo-prof-raphael-reis\/\">STJ<\/a><\/strong><\/span><\/p>\n<p><span style=\"font-size: 14pt\"><strong>\u00a0<\/strong><\/span><\/p>\n<p style=\"text-align: justify\"><span style=\"font-size: 14pt\"><strong>E-mail da Coordena\u00e7\u00e3o de Recursos:<\/strong><\/span><\/p>\n<p style=\"text-align: justify\"><span style=\"font-size: 14pt\">recursos@estrategiaconcursos.com.br<\/span><\/p>\n<p style=\"text-align: justify\"><span style=\"font-size: 14pt\"><strong>\u00a0<\/strong><\/span><\/p>\n<p style=\"text-align: justify\"><span style=\"font-size: 14pt\"><strong>Contatos:<\/strong><\/span><\/p>\n<p style=\"text-align: justify\"><span style=\"font-size: 14pt\"><strong>\u00a0<\/strong>YouTUbe: Don Raphael Reis<\/span><\/p>\n<p style=\"text-align: justify\"><span style=\"font-size: 14pt\">Facebook: Professor Raphael Reis<\/span><\/p>\n<p style=\"text-align: justify\"><span style=\"font-size: 14pt\">Instagram: profraphaelreis<\/span><\/p>\n","protected":false},"excerpt":{"rendered":"<p>\u00a0\u00a0\u00a0\u00a0\u00a0\u00a0\u00a0 \u00a0Recursos para a prova discursiva STJ \u2013 2018 \u00a0CARGOS: de 09 a 13 Tema: \u201cAnonimato digital e o abuso do direito \u00e0 liberdade de express\u00e3o\u201d Estrategianos, tudo bem? Estou muito feliz em ter sido convidado pelo Coordenador de Provas Discursivas, Professor Carlos Roberto, para auxili\u00e1-los nesta fase de extrema import\u00e2ncia de seu concurso: recursos [&hellip;]<\/p>\n","protected":false},"author":384,"featured_media":0,"comment_status":"open","ping_status":"closed","sticky":false,"template":"","format":"standard","meta":{"post_tipo":"article","footnotes":""},"categories":[1],"tags":[3813,3810,3811,3812],"tax_estado":[],"class_list":["post-119847","post","type-post","status-publish","format-standard","hentry","category-cursos-e-concursos","tag-prova-discursiva-stj","tag-recursos-redacao-stj","tag-recursos-stj","tag-redacao-stj"],"acf":[],"yoast_head":"<!-- This site is optimized with the Yoast SEO Premium plugin v27.2 (Yoast SEO v27.2) - https:\/\/yoast.com\/product\/yoast-seo-premium-wordpress\/ -->\n<title>\u00a0Recursos para a reda\u00e7\u00e3o STJ (Macroestrutura) - cargos de 09 a 13.<\/title>\n<meta name=\"robots\" content=\"index, follow, max-snippet:-1, max-image-preview:large, max-video-preview:-1\" \/>\n<link rel=\"canonical\" href=\"https:\/\/www.estrategiaconcursos.com.br\/blog\/recursos-para-redacao-stj-macroestrutura-cargos-de-09-13\/\" \/>\n<meta property=\"og:locale\" content=\"pt_BR\" \/>\n<meta property=\"og:type\" content=\"article\" \/>\n<meta property=\"og:title\" content=\"\u00a0Recursos para a reda\u00e7\u00e3o STJ (Macroestrutura) - cargos de 09 a 13.\" \/>\n<meta property=\"og:description\" content=\"\u00a0\u00a0\u00a0\u00a0\u00a0\u00a0\u00a0 \u00a0Recursos para a prova discursiva STJ \u2013 2018 \u00a0CARGOS: de 09 a 13 Tema: \u201cAnonimato digital e o abuso do direito \u00e0 liberdade de express\u00e3o\u201d Estrategianos, tudo bem? Estou muito feliz em ter sido convidado pelo Coordenador de Provas Discursivas, Professor Carlos Roberto, para auxili\u00e1-los nesta fase de extrema import\u00e2ncia de seu concurso: recursos [&hellip;]\" \/>\n<meta property=\"og:url\" content=\"https:\/\/www.estrategiaconcursos.com.br\/blog\/recursos-para-redacao-stj-macroestrutura-cargos-de-09-13\/\" \/>\n<meta property=\"og:site_name\" content=\"Estrat\u00e9gia Concursos\" \/>\n<meta property=\"article:published_time\" content=\"2018-05-08T17:28:47+00:00\" \/>\n<meta property=\"article:modified_time\" content=\"2018-05-09T01:49:45+00:00\" \/>\n<meta name=\"author\" content=\"Raphael de Oliveira Reis\" \/>\n<meta name=\"twitter:card\" content=\"summary_large_image\" \/>\n<meta name=\"twitter:creator\" content=\"@EstratConcursos\" \/>\n<meta name=\"twitter:site\" content=\"@EstratConcursos\" \/>\n<meta name=\"twitter:label1\" content=\"Escrito por\" \/>\n\t<meta name=\"twitter:data1\" content=\"Raphael de Oliveira Reis\" \/>\n\t<meta name=\"twitter:label2\" content=\"Est. tempo de leitura\" \/>\n\t<meta name=\"twitter:data2\" content=\"6 minutos\" \/>\n<script type=\"application\/ld+json\" class=\"yoast-schema-graph\">{\"@context\":\"https:\/\/schema.org\",\"@graph\":[{\"@type\":\"NewsArticle\",\"@id\":\"https:\/\/www.estrategiaconcursos.com.br\/blog\/recursos-para-redacao-stj-macroestrutura-cargos-de-09-13\/#article\",\"isPartOf\":{\"@id\":\"https:\/\/www.estrategiaconcursos.com.br\/blog\/recursos-para-redacao-stj-macroestrutura-cargos-de-09-13\/\"},\"author\":{\"name\":\"Raphael de Oliveira Reis\",\"@id\":\"https:\/\/www.estrategiaconcursos.com.br\/blog\/#\/schema\/person\/b49a1a49e5ef8a9f8d3268e74404a911\"},\"headline\":\"\u00a0Recursos para a reda\u00e7\u00e3o STJ (Macroestrutura) &#8211; cargos de 09 a 13.\",\"datePublished\":\"2018-05-08T17:28:47+00:00\",\"dateModified\":\"2018-05-09T01:49:45+00:00\",\"mainEntityOfPage\":{\"@id\":\"https:\/\/www.estrategiaconcursos.com.br\/blog\/recursos-para-redacao-stj-macroestrutura-cargos-de-09-13\/\"},\"wordCount\":1214,\"commentCount\":0,\"publisher\":{\"@id\":\"https:\/\/www.estrategiaconcursos.com.br\/blog\/#organization\"},\"keywords\":[\"prova discursiva STJ\",\"Recursos reda\u00e7\u00e3o STJ\",\"recursos STJ\",\"reda\u00e7\u00e3o STJ\"],\"articleSection\":[\"Concursos P\u00fablicos\"],\"inLanguage\":\"pt-BR\",\"potentialAction\":[{\"@type\":\"CommentAction\",\"name\":\"Comment\",\"target\":[\"https:\/\/www.estrategiaconcursos.com.br\/blog\/recursos-para-redacao-stj-macroestrutura-cargos-de-09-13\/#respond\"]}],\"copyrightYear\":\"2018\",\"copyrightHolder\":{\"@id\":\"https:\/\/www.estrategiaconcursos.com.br\/blog\/#organization\"}},{\"@type\":\"WebPage\",\"@id\":\"https:\/\/www.estrategiaconcursos.com.br\/blog\/recursos-para-redacao-stj-macroestrutura-cargos-de-09-13\/\",\"url\":\"https:\/\/www.estrategiaconcursos.com.br\/blog\/recursos-para-redacao-stj-macroestrutura-cargos-de-09-13\/\",\"name\":\"\u00a0Recursos para a reda\u00e7\u00e3o STJ (Macroestrutura) - cargos de 09 a 13.\",\"isPartOf\":{\"@id\":\"https:\/\/www.estrategiaconcursos.com.br\/blog\/#website\"},\"datePublished\":\"2018-05-08T17:28:47+00:00\",\"dateModified\":\"2018-05-09T01:49:45+00:00\",\"breadcrumb\":{\"@id\":\"https:\/\/www.estrategiaconcursos.com.br\/blog\/recursos-para-redacao-stj-macroestrutura-cargos-de-09-13\/#breadcrumb\"},\"inLanguage\":\"pt-BR\",\"potentialAction\":[{\"@type\":\"ReadAction\",\"target\":[\"https:\/\/www.estrategiaconcursos.com.br\/blog\/recursos-para-redacao-stj-macroestrutura-cargos-de-09-13\/\"]}]},{\"@type\":\"BreadcrumbList\",\"@id\":\"https:\/\/www.estrategiaconcursos.com.br\/blog\/recursos-para-redacao-stj-macroestrutura-cargos-de-09-13\/#breadcrumb\",\"itemListElement\":[{\"@type\":\"ListItem\",\"position\":1,\"name\":\"In\u00edcio\",\"item\":\"https:\/\/www.estrategiaconcursos.com.br\/blog\/\"},{\"@type\":\"ListItem\",\"position\":2,\"name\":\"\u00a0Recursos para a reda\u00e7\u00e3o STJ (Macroestrutura) &#8211; cargos de 09 a 13.\"}]},{\"@type\":\"WebSite\",\"@id\":\"https:\/\/www.estrategiaconcursos.com.br\/blog\/#website\",\"url\":\"https:\/\/www.estrategiaconcursos.com.br\/blog\/\",\"name\":\"Estrat\u00e9gia Concursos\",\"description\":\"O blog da Estrat\u00e9gia Concursos traz not\u00edcias sobre concursos e artigos de professores oferecendo cursos para concursos (pdf + videaulas) no site.\",\"publisher\":{\"@id\":\"https:\/\/www.estrategiaconcursos.com.br\/blog\/#organization\"},\"potentialAction\":[{\"@type\":\"SearchAction\",\"target\":{\"@type\":\"EntryPoint\",\"urlTemplate\":\"https:\/\/www.estrategiaconcursos.com.br\/blog\/?s={search_term_string}\"},\"query-input\":{\"@type\":\"PropertyValueSpecification\",\"valueRequired\":true,\"valueName\":\"search_term_string\"}}],\"inLanguage\":\"pt-BR\"},{\"@type\":\"Organization\",\"@id\":\"https:\/\/www.estrategiaconcursos.com.br\/blog\/#organization\",\"name\":\"Estrat\u00e9gia Concursos\",\"url\":\"https:\/\/www.estrategiaconcursos.com.br\/blog\/\",\"logo\":{\"@type\":\"ImageObject\",\"inLanguage\":\"pt-BR\",\"@id\":\"https:\/\/www.estrategiaconcursos.com.br\/blog\/#\/schema\/logo\/image\/\",\"url\":\"https:\/\/dhg1h5j42swfq.cloudfront.net\/2025\/06\/03203428\/logo_concursos-1.jpg\",\"contentUrl\":\"https:\/\/dhg1h5j42swfq.cloudfront.net\/2025\/06\/03203428\/logo_concursos-1.jpg\",\"width\":230,\"height\":60,\"caption\":\"Estrat\u00e9gia Concursos\"},\"image\":{\"@id\":\"https:\/\/www.estrategiaconcursos.com.br\/blog\/#\/schema\/logo\/image\/\"},\"sameAs\":[\"https:\/\/x.com\/EstratConcursos\"]},{\"@type\":\"Person\",\"@id\":\"https:\/\/www.estrategiaconcursos.com.br\/blog\/#\/schema\/person\/b49a1a49e5ef8a9f8d3268e74404a911\",\"name\":\"Raphael de Oliveira Reis\",\"image\":{\"@type\":\"ImageObject\",\"inLanguage\":\"pt-BR\",\"@id\":\"https:\/\/secure.gravatar.com\/avatar\/b1c5789180fc7bfb5103ec006c301370c02393e37aa13c55f6d72f05fcc76b3b?s=96&d=mm&r=g\",\"url\":\"https:\/\/secure.gravatar.com\/avatar\/b1c5789180fc7bfb5103ec006c301370c02393e37aa13c55f6d72f05fcc76b3b?s=96&d=mm&r=g\",\"contentUrl\":\"https:\/\/secure.gravatar.com\/avatar\/b1c5789180fc7bfb5103ec006c301370c02393e37aa13c55f6d72f05fcc76b3b?s=96&d=mm&r=g\",\"caption\":\"Raphael de Oliveira Reis\"},\"url\":\"https:\/\/www.estrategiaconcursos.com.br\/blog\/author\/profraphaelreisgmail-com\/\"}]}<\/script>\n<!-- \/ Yoast SEO Premium plugin. -->","yoast_head_json":{"title":"\u00a0Recursos para a reda\u00e7\u00e3o STJ (Macroestrutura) - cargos de 09 a 13.","robots":{"index":"index","follow":"follow","max-snippet":"max-snippet:-1","max-image-preview":"max-image-preview:large","max-video-preview":"max-video-preview:-1"},"canonical":"https:\/\/www.estrategiaconcursos.com.br\/blog\/recursos-para-redacao-stj-macroestrutura-cargos-de-09-13\/","og_locale":"pt_BR","og_type":"article","og_title":"\u00a0Recursos para a reda\u00e7\u00e3o STJ (Macroestrutura) - cargos de 09 a 13.","og_description":"\u00a0\u00a0\u00a0\u00a0\u00a0\u00a0\u00a0 \u00a0Recursos para a prova discursiva STJ \u2013 2018 \u00a0CARGOS: de 09 a 13 Tema: \u201cAnonimato digital e o abuso do direito \u00e0 liberdade de express\u00e3o\u201d Estrategianos, tudo bem? Estou muito feliz em ter sido convidado pelo Coordenador de Provas Discursivas, Professor Carlos Roberto, para auxili\u00e1-los nesta fase de extrema import\u00e2ncia de seu concurso: recursos [&hellip;]","og_url":"https:\/\/www.estrategiaconcursos.com.br\/blog\/recursos-para-redacao-stj-macroestrutura-cargos-de-09-13\/","og_site_name":"Estrat\u00e9gia Concursos","article_published_time":"2018-05-08T17:28:47+00:00","article_modified_time":"2018-05-09T01:49:45+00:00","author":"Raphael de Oliveira Reis","twitter_card":"summary_large_image","twitter_creator":"@EstratConcursos","twitter_site":"@EstratConcursos","twitter_misc":{"Escrito por":"Raphael de Oliveira Reis","Est. tempo de leitura":"6 minutos"},"schema":{"@context":"https:\/\/schema.org","@graph":[{"@type":"NewsArticle","@id":"https:\/\/www.estrategiaconcursos.com.br\/blog\/recursos-para-redacao-stj-macroestrutura-cargos-de-09-13\/#article","isPartOf":{"@id":"https:\/\/www.estrategiaconcursos.com.br\/blog\/recursos-para-redacao-stj-macroestrutura-cargos-de-09-13\/"},"author":{"name":"Raphael de Oliveira Reis","@id":"https:\/\/www.estrategiaconcursos.com.br\/blog\/#\/schema\/person\/b49a1a49e5ef8a9f8d3268e74404a911"},"headline":"\u00a0Recursos para a reda\u00e7\u00e3o STJ (Macroestrutura) &#8211; cargos de 09 a 13.","datePublished":"2018-05-08T17:28:47+00:00","dateModified":"2018-05-09T01:49:45+00:00","mainEntityOfPage":{"@id":"https:\/\/www.estrategiaconcursos.com.br\/blog\/recursos-para-redacao-stj-macroestrutura-cargos-de-09-13\/"},"wordCount":1214,"commentCount":0,"publisher":{"@id":"https:\/\/www.estrategiaconcursos.com.br\/blog\/#organization"},"keywords":["prova discursiva STJ","Recursos reda\u00e7\u00e3o STJ","recursos STJ","reda\u00e7\u00e3o STJ"],"articleSection":["Concursos P\u00fablicos"],"inLanguage":"pt-BR","potentialAction":[{"@type":"CommentAction","name":"Comment","target":["https:\/\/www.estrategiaconcursos.com.br\/blog\/recursos-para-redacao-stj-macroestrutura-cargos-de-09-13\/#respond"]}],"copyrightYear":"2018","copyrightHolder":{"@id":"https:\/\/www.estrategiaconcursos.com.br\/blog\/#organization"}},{"@type":"WebPage","@id":"https:\/\/www.estrategiaconcursos.com.br\/blog\/recursos-para-redacao-stj-macroestrutura-cargos-de-09-13\/","url":"https:\/\/www.estrategiaconcursos.com.br\/blog\/recursos-para-redacao-stj-macroestrutura-cargos-de-09-13\/","name":"\u00a0Recursos para a reda\u00e7\u00e3o STJ (Macroestrutura) - cargos de 09 a 13.","isPartOf":{"@id":"https:\/\/www.estrategiaconcursos.com.br\/blog\/#website"},"datePublished":"2018-05-08T17:28:47+00:00","dateModified":"2018-05-09T01:49:45+00:00","breadcrumb":{"@id":"https:\/\/www.estrategiaconcursos.com.br\/blog\/recursos-para-redacao-stj-macroestrutura-cargos-de-09-13\/#breadcrumb"},"inLanguage":"pt-BR","potentialAction":[{"@type":"ReadAction","target":["https:\/\/www.estrategiaconcursos.com.br\/blog\/recursos-para-redacao-stj-macroestrutura-cargos-de-09-13\/"]}]},{"@type":"BreadcrumbList","@id":"https:\/\/www.estrategiaconcursos.com.br\/blog\/recursos-para-redacao-stj-macroestrutura-cargos-de-09-13\/#breadcrumb","itemListElement":[{"@type":"ListItem","position":1,"name":"In\u00edcio","item":"https:\/\/www.estrategiaconcursos.com.br\/blog\/"},{"@type":"ListItem","position":2,"name":"\u00a0Recursos para a reda\u00e7\u00e3o STJ (Macroestrutura) &#8211; cargos de 09 a 13."}]},{"@type":"WebSite","@id":"https:\/\/www.estrategiaconcursos.com.br\/blog\/#website","url":"https:\/\/www.estrategiaconcursos.com.br\/blog\/","name":"Estrat\u00e9gia Concursos","description":"O blog da Estrat\u00e9gia Concursos traz not\u00edcias sobre concursos e artigos de professores oferecendo cursos para concursos (pdf + videaulas) no site.","publisher":{"@id":"https:\/\/www.estrategiaconcursos.com.br\/blog\/#organization"},"potentialAction":[{"@type":"SearchAction","target":{"@type":"EntryPoint","urlTemplate":"https:\/\/www.estrategiaconcursos.com.br\/blog\/?s={search_term_string}"},"query-input":{"@type":"PropertyValueSpecification","valueRequired":true,"valueName":"search_term_string"}}],"inLanguage":"pt-BR"},{"@type":"Organization","@id":"https:\/\/www.estrategiaconcursos.com.br\/blog\/#organization","name":"Estrat\u00e9gia Concursos","url":"https:\/\/www.estrategiaconcursos.com.br\/blog\/","logo":{"@type":"ImageObject","inLanguage":"pt-BR","@id":"https:\/\/www.estrategiaconcursos.com.br\/blog\/#\/schema\/logo\/image\/","url":"https:\/\/dhg1h5j42swfq.cloudfront.net\/2025\/06\/03203428\/logo_concursos-1.jpg","contentUrl":"https:\/\/dhg1h5j42swfq.cloudfront.net\/2025\/06\/03203428\/logo_concursos-1.jpg","width":230,"height":60,"caption":"Estrat\u00e9gia Concursos"},"image":{"@id":"https:\/\/www.estrategiaconcursos.com.br\/blog\/#\/schema\/logo\/image\/"},"sameAs":["https:\/\/x.com\/EstratConcursos"]},{"@type":"Person","@id":"https:\/\/www.estrategiaconcursos.com.br\/blog\/#\/schema\/person\/b49a1a49e5ef8a9f8d3268e74404a911","name":"Raphael de Oliveira Reis","image":{"@type":"ImageObject","inLanguage":"pt-BR","@id":"https:\/\/secure.gravatar.com\/avatar\/b1c5789180fc7bfb5103ec006c301370c02393e37aa13c55f6d72f05fcc76b3b?s=96&d=mm&r=g","url":"https:\/\/secure.gravatar.com\/avatar\/b1c5789180fc7bfb5103ec006c301370c02393e37aa13c55f6d72f05fcc76b3b?s=96&d=mm&r=g","contentUrl":"https:\/\/secure.gravatar.com\/avatar\/b1c5789180fc7bfb5103ec006c301370c02393e37aa13c55f6d72f05fcc76b3b?s=96&d=mm&r=g","caption":"Raphael de Oliveira Reis"},"url":"https:\/\/www.estrategiaconcursos.com.br\/blog\/author\/profraphaelreisgmail-com\/"}]}},"_links":{"self":[{"href":"https:\/\/www.estrategiaconcursos.com.br\/blog\/wp-json\/wp\/v2\/posts\/119847","targetHints":{"allow":["GET"]}}],"collection":[{"href":"https:\/\/www.estrategiaconcursos.com.br\/blog\/wp-json\/wp\/v2\/posts"}],"about":[{"href":"https:\/\/www.estrategiaconcursos.com.br\/blog\/wp-json\/wp\/v2\/types\/post"}],"author":[{"embeddable":true,"href":"https:\/\/www.estrategiaconcursos.com.br\/blog\/wp-json\/wp\/v2\/users\/384"}],"replies":[{"embeddable":true,"href":"https:\/\/www.estrategiaconcursos.com.br\/blog\/wp-json\/wp\/v2\/comments?post=119847"}],"version-history":[{"count":3,"href":"https:\/\/www.estrategiaconcursos.com.br\/blog\/wp-json\/wp\/v2\/posts\/119847\/revisions"}],"predecessor-version":[{"id":120302,"href":"https:\/\/www.estrategiaconcursos.com.br\/blog\/wp-json\/wp\/v2\/posts\/119847\/revisions\/120302"}],"wp:attachment":[{"href":"https:\/\/www.estrategiaconcursos.com.br\/blog\/wp-json\/wp\/v2\/media?parent=119847"}],"wp:term":[{"taxonomy":"category","embeddable":true,"href":"https:\/\/www.estrategiaconcursos.com.br\/blog\/wp-json\/wp\/v2\/categories?post=119847"},{"taxonomy":"post_tag","embeddable":true,"href":"https:\/\/www.estrategiaconcursos.com.br\/blog\/wp-json\/wp\/v2\/tags?post=119847"},{"taxonomy":"tax_estado","embeddable":true,"href":"https:\/\/www.estrategiaconcursos.com.br\/blog\/wp-json\/wp\/v2\/tax_estado?post=119847"}],"curies":[{"name":"wp","href":"https:\/\/api.w.org\/{rel}","templated":true}]}}