{"id":1197903,"date":"2023-05-10T14:00:00","date_gmt":"2023-05-10T17:00:00","guid":{"rendered":"https:\/\/www.estrategiaconcursos.com.br\/blog\/?p=1197903"},"modified":"2023-04-24T15:21:41","modified_gmt":"2023-04-24T18:21:41","slug":"crimes-contra-paz-publica-tj-rn","status":"publish","type":"post","link":"https:\/\/www.estrategiaconcursos.com.br\/blog\/crimes-contra-paz-publica-tj-rn\/","title":{"rendered":"Crimes contra a paz p\u00fablica para TJ-RN"},"content":{"rendered":"\n<p><strong>Ol\u00e1, concurseiro! <\/strong>Como voc\u00ea est\u00e1? Espero que esteja bem! Neste artigo, abordaremos o g\u00eanero de <strong>crimes contra a paz p\u00fablica para TJ-RN<\/strong>, que \u00e9 tema recorrentemente abordado nas provas de concursos p\u00fablicos, assim como objeto de quest\u00f5es pela Funda\u00e7\u00e3o Get\u00falio Vargas (FGV).<\/p>\n\n\n\n<p>Por isso, trataremos de <strong>aspectos introdut\u00f3rios<\/strong> \u00e0 tem\u00e1tica, a exemplo do bem jur\u00eddico tutelado por esse g\u00eanero de crimes, bem como a natureza das a\u00e7\u00f5es penais. Ademais, iremos <strong>esmiu\u00e7ar cada esp\u00e9cie infracional<\/strong>, de forma que exporemos t\u00f3picos peculiares a cada tipo penal.<\/p>\n\n\n\n<p>Enfim, com o intuito de tornar o seu aprendizado mais did\u00e1tico, utilizaremos n\u00e3o somente linguagem objetiva e sint\u00e9tica, como tamb\u00e9m estrutura de t\u00f3picos e quadros-resumo.<\/p>\n\n\n\n<figure class=\"wp-block-image aligncenter size-large\"><img loading=\"lazy\" decoding=\"async\" width=\"1024\" height=\"1024\" src=\"https:\/\/dhg1h5j42swfq.cloudfront.net\/2023\/04\/06115907\/sandy_ppl-09_single-03-1024x1024.jpg\" alt=\"Crimes contra a paz p\u00fablica para TJ-RN\" class=\"wp-image-1198286\" srcset=\"https:\/\/dhg1h5j42swfq.cloudfront.net\/2023\/04\/06115907\/sandy_ppl-09_single-03-1024x1024.jpg 1024w, https:\/\/dhg1h5j42swfq.cloudfront.net\/2023\/04\/06115907\/sandy_ppl-09_single-03-300x300.jpg 300w, https:\/\/dhg1h5j42swfq.cloudfront.net\/2023\/04\/06115907\/sandy_ppl-09_single-03-150x150.jpg 150w, https:\/\/dhg1h5j42swfq.cloudfront.net\/2023\/04\/06115907\/sandy_ppl-09_single-03-768x768.jpg 768w, https:\/\/dhg1h5j42swfq.cloudfront.net\/2023\/04\/06115907\/sandy_ppl-09_single-03-1536x1536.jpg 1536w, https:\/\/dhg1h5j42swfq.cloudfront.net\/2023\/04\/06115907\/sandy_ppl-09_single-03-2048x2048.jpg 2048w, https:\/\/dhg1h5j42swfq.cloudfront.net\/2023\/04\/06115907\/sandy_ppl-09_single-03-610x610.jpg 610w, https:\/\/dhg1h5j42swfq.cloudfront.net\/2023\/04\/06115907\/sandy_ppl-09_single-03-96x96.jpg 96w\" sizes=\"auto, (max-width: 1024px) 100vw, 1024px\" \/><\/figure>\n\n\n\n<p><strong>Vamos nessa!<\/strong><\/p>\n\n\n\n<h2 class=\"wp-block-heading\" id=\"h-nocoes-gerais-acerca-dos-crimes-contra-a-publica-para-tj-rn\">No\u00e7\u00f5es gerais acerca dos crimes contra a p\u00fablica para TJ-RN<\/h2>\n\n\n\n<p>Em primeiro lugar, esse g\u00eanero de crimes est\u00e1 previsto no <strong><a href=\"http:\/\/www.planalto.gov.br\/ccivil_03\/decreto-lei\/del2848compilado.htm\" target=\"_blank\" rel=\"noreferrer noopener\">C\u00f3digo Penal<\/a><\/strong>, nos <strong>artigos 286 a 288-A<\/strong>. Tais esp\u00e9cies criminais <strong>buscam a tutela do bem jur\u00eddico da tranquilidade social<\/strong>, ou seja, a sensa\u00e7\u00e3o de seguran\u00e7a da sociedade em geral.<\/p>\n\n\n\n<p>Em segundo lugar, <strong>os crimes pertencentes a esse g\u00eanero s\u00e3o de a\u00e7\u00e3o penal p\u00fablica incondicionada<\/strong>. Isto \u00e9, n\u00e3o \u00e9 necess\u00e1ria a representa\u00e7\u00e3o do ofendido para que a autoridade policial formalize as suas investiga\u00e7\u00f5es ou o membro do Minist\u00e9rio P\u00fablico oferte den\u00fancia.<\/p>\n\n\n\n<p>Em terceiro lugar, o aludido C\u00f3digo passou por algumas reformas, de modo que <strong>algumas leis alteram ou inclu\u00edram dispositivos nesse g\u00eanero de delitos<\/strong>:<\/p>\n\n\n\n<ul class=\"wp-block-list\">\n<li><strong><a href=\"https:\/\/www.planalto.gov.br\/ccivil_03\/_ato2011-2014\/2012\/lei\/l12720.htm\" target=\"_blank\" rel=\"noreferrer noopener\">Lei 12.720\/2012<\/a>: <\/strong>acrescentou toda reda\u00e7\u00e3o do dispositivo 288-A, uma vez que o crime em comento n\u00e3o tinha previs\u00e3o anterior na legisla\u00e7\u00e3o penal brasileira;<\/li>\n\n\n\n<li><strong><a href=\"http:\/\/www.planalto.gov.br\/ccivil_03\/_ato2011-2014\/2013\/lei\/l12850.htm\" target=\"_blank\" rel=\"noreferrer noopener\">Lei n\u00ba 12.850\/2013<\/a>: <\/strong>modificou toda a norma anteriormente disposta no artigo 288, inclusive a denomina\u00e7\u00e3o da infra\u00e7\u00e3o penal;<\/li>\n\n\n\n<li><strong><a href=\"https:\/\/www.planalto.gov.br\/ccivil_03\/_ato2019-2022\/2021\/lei\/l14197.htm\" target=\"_blank\" rel=\"noreferrer noopener\">Lei 14.197\/2021<\/a>: <\/strong>somou ao texto legal o par\u00e1grafo \u00fanico da norma 286, de forma que foi tipificada uma situa\u00e7\u00e3o espec\u00edfica ao tipo penal.<\/li>\n<\/ul>\n\n\n\n<figure class=\"wp-block-table aligncenter\"><table class=\"has-pale-pink-background-color has-background\"><tbody><tr><td class=\"has-text-align-center\" data-align=\"center\"><strong>CRIMES CONTRA A PAZ P\u00daBLICA<\/strong><\/td><\/tr><tr><td class=\"has-text-align-center\" data-align=\"center\"><strong>Previs\u00e3o:<\/strong> art. 286 a 288-A do C\u00f3digo Penal.<\/td><\/tr><tr><td class=\"has-text-align-center\" data-align=\"center\">S\u00e3o <strong>04 esp\u00e9cies<\/strong> de crimes.<\/td><\/tr><tr><td class=\"has-text-align-center\" data-align=\"center\"><strong>Bem jur\u00eddico tutelado:<\/strong> a tranquilidade social.<\/td><\/tr><tr><td class=\"has-text-align-center\" data-align=\"center\"><strong>Tipo de a\u00e7\u00e3o penal:<\/strong> p\u00fablica incondicionada.<\/td><\/tr><\/tbody><\/table><\/figure>\n\n\n\n<h2 class=\"wp-block-heading\" id=\"h-especies-de-crimes-contra-a-paz-publica-para-tj-rn\">Esp\u00e9cies de crimes contra a paz p\u00fablica para TJ-RN<\/h2>\n\n\n\n<h3 class=\"wp-block-heading\" id=\"h-incitacao-ao-crime-e-apologia-de-crime-ou-criminoso\">Incita\u00e7\u00e3o ao crime e Apologia de crime ou criminoso<\/h3>\n\n\n\n<blockquote class=\"wp-block-quote is-layout-flow wp-block-quote-is-layout-flow\">\n<p>Art. 286 &#8211; Incitar, publicamente, a pr\u00e1tica de crime:<\/p>\n\n\n\n<p>Pena &#8211; deten\u00e7\u00e3o, de tr\u00eas a seis meses, ou multa.<\/p>\n\n\n\n<p>Par\u00e1grafo \u00fanico. Incorre na mesma pena quem incita, publicamente, animosidade entre as For\u00e7as Armadas, ou delas contra os poderes constitucionais, as institui\u00e7\u00f5es civis ou a sociedade.<\/p>\n\n\n\n<p><\/p>\n\n\n\n<p>Art. 287 &#8211; Fazer, publicamente, apologia de fato criminoso ou de autor de crime:<\/p>\n\n\n\n<p>Pena &#8211; deten\u00e7\u00e3o, de tr\u00eas a seis meses, ou multa.<\/p>\n<\/blockquote>\n\n\n\n<p>Com rela\u00e7\u00e3o ao primeiro tipo penal, <strong>a incita\u00e7\u00e3o consiste em estimular ou instigar algu\u00e9m a realizar ou deixar de fazer algo<\/strong>. No entanto, para fins de adequa\u00e7\u00e3o \u00e0 referida esp\u00e9cie penal, <strong>o encorajamento deve ser p\u00fablico<\/strong> e n\u00e3o privado ou em uma conversa reservada de grupo.<\/p>\n\n\n\n<p>Al\u00e9m disso, <strong>deve-se estimular a pr\u00e1tica de delito<\/strong>. Ent\u00e3o, caso seja estimulada a realiza\u00e7\u00e3o de alguma contraven\u00e7\u00e3o penal n\u00e3o ser\u00e1 abrangido por esse tipo penal.<\/p>\n\n\n\n<p>Embora o <em>caput <\/em>do dispositivo exija a instiga\u00e7\u00e3o ao crime de maneira p\u00fablica, o par\u00e1grafo \u00fanico \u2013 acrescido pela Lei n\u00ba 14.197\/2021 \u2013 requer o <strong>mero est\u00edmulo \u00e0 animosidade entre<\/strong>:<\/p>\n\n\n\n<ul class=\"wp-block-list\">\n<li><strong>For\u00e7as Armadas<\/strong> (Ex\u00e9rcito, Marinha e Aeron\u00e1utica);<\/li>\n\n\n\n<li><strong>Essas e os poderes constitucionais<\/strong>, <strong>as institui\u00e7\u00f5es civis<\/strong> ou <strong>a sociedade<\/strong>.<\/li>\n<\/ul>\n\n\n\n<p>No tocante ao segundo crime, esse tamb\u00e9m <strong>deve ser realizado de forma p\u00fablica<\/strong>, de modo que se for manifestado em car\u00e1ter privado ou reservado n\u00e3o haver\u00e1 o crime. Outrossim, <strong>deve-se saudar algum evento criminoso ocorrido ou o autor desse delito<\/strong>. Por conseguinte, infere-se que o fato criminoso \u00e9 pret\u00e9rito, ou seja, j\u00e1 ocorreu.<\/p>\n\n\n\n<p>Por outra via, a apologia \u00e0 contraven\u00e7\u00e3o penal e ao contraventor, tampouco ao crime culposo n\u00e3o s\u00e3o abarcadas por essa esp\u00e9cie penal.<\/p>\n\n\n\n<p>Para encerrarmos, em rela\u00e7\u00e3o \u00e0s infra\u00e7\u00f5es penais em estudo, <strong>essas caracterizam-se pelo seguinte<\/strong>:<\/p>\n\n\n\n<ul class=\"wp-block-list\">\n<li>S\u00e3o <strong>crimes comuns<\/strong>, pois podem ser realizadas por qualquer agente, inexigindo-se qualidade espec\u00edfica do infrator;<\/li>\n\n\n\n<li><strong>A conduta deve ser dolosa<\/strong>, de maneira que o sujeito ativo deve prever e querer o resultado da sua a\u00e7\u00e3o;<\/li>\n\n\n\n<li><strong>Os crimes s\u00e3o plurissubsistentes<\/strong>, j\u00e1 que a conduta do agente pode ser dividida. Logo, pode haver o instituto jur\u00eddico da tentativa. Contudo, quando a conduta for praticada de modo oral, o delito ser\u00e1 unissubsistente e, consequentemente, ser\u00e1 inadmitida a tentativa; e<\/li>\n\n\n\n<li>Os preceitos secund\u00e1rios para os delitos s\u00e3o <strong>deten\u00e7\u00e3o (tr\u00eas a seis meses) ou multa<\/strong>.<\/li>\n<\/ul>\n\n\n\n<h3 class=\"wp-block-heading\" id=\"h-associacao-criminosa\">Associa\u00e7\u00e3o criminosa<\/h3>\n\n\n\n<blockquote class=\"wp-block-quote is-layout-flow wp-block-quote-is-layout-flow\">\n<p>Art. 288. &nbsp;Associarem-se 3 (tr\u00eas) ou mais pessoas, para o fim espec\u00edfico de cometer crimes:<\/p>\n\n\n\n<p>Pena &#8211; reclus\u00e3o, de 1 (um) a 3 (tr\u00eas) anos.<\/p>\n\n\n\n<p>Par\u00e1grafo \u00fanico. &nbsp;A pena aumenta-se at\u00e9 a metade se a associa\u00e7\u00e3o \u00e9 armada ou se houver a participa\u00e7\u00e3o de crian\u00e7a ou adolescente.<\/p>\n<\/blockquote>\n\n\n\n<p>A princ\u00edpio, este tipo penal foi completamente alterado pela Lei n\u00ba 12.850\/2013, desde o <em>nomen iuris <\/em>do delito at\u00e9 a reda\u00e7\u00e3o para sua adequa\u00e7\u00e3o ao caso concreto. Nesse sentido, o crime exige que <strong>tr\u00eas ou mais pessoas se associem<\/strong> para fins de configurar uma associa\u00e7\u00e3o. Ademais, <strong>o objetivo dessa associa\u00e7\u00e3o tem que ser o cometimento de crimes<\/strong>.<\/p>\n\n\n\n<ul class=\"wp-block-list\">\n<li>Quando formada para a realiza\u00e7\u00e3o de contraven\u00e7\u00f5es penais, n\u00e3o haver\u00e1 a adequa\u00e7\u00e3o ao tipo penal em tela.<\/li>\n<\/ul>\n\n\n\n<p>Desse modo, segundo precedentes do Supremo Tribunal Federal, para configura\u00e7\u00e3o desse tipo penal <strong>\u00e9 essencial que<\/strong>:<\/p>\n\n\n\n<ul class=\"wp-block-list\">\n<li>A associa\u00e7\u00e3o <strong>deve preceder o cometimento do crime<\/strong> para a sua configura\u00e7\u00e3o; e<\/li>\n\n\n\n<li>O <strong>arranjo<\/strong> de pessoas n\u00e3o deve ser eventual, mas <strong>aut\u00f4nomo e est\u00e1vel<\/strong>.<\/li>\n<\/ul>\n\n\n\n<p>Nesse contexto, saibamos que a pena b\u00e1sica para esse delito \u00e9 a <strong>reclus\u00e3o (um a tr\u00eas anos)<\/strong>.<\/p>\n\n\n\n<p>Al\u00e9m disso, o par\u00e1grafo \u00fanico traz <strong>circunst\u00e2ncias majorantes<\/strong>, que far\u00e3o com que a pena do crime seja <strong>aumentada at\u00e9 a metade<\/strong>. S\u00e3o elas:<\/p>\n\n\n\n<ul class=\"wp-block-list\">\n<li><strong>Utilizam-se armas <\/strong>na associa\u00e7\u00e3o; e<\/li>\n\n\n\n<li>H\u00e1 a <strong>participa\u00e7\u00e3o de crian\u00e7a ou adolescente<\/strong>.<\/li>\n<\/ul>\n\n\n\n<figure class=\"wp-block-table aligncenter\"><table class=\"has-pale-cyan-blue-background-color has-background\"><tbody><tr><td class=\"has-text-align-center\" data-align=\"center\"><strong>ASSOCIA\u00c7\u00c3O CRIMINOSA<\/strong><\/td><\/tr><tr><td class=\"has-text-align-center\" data-align=\"center\">Associa\u00e7\u00e3o de 3 ou mais pessoas<\/td><\/tr><tr><td class=\"has-text-align-center\" data-align=\"center\">N\u00e3o eventual, mas est\u00e1vel e aut\u00f4noma<\/td><\/tr><tr><td class=\"has-text-align-center\" data-align=\"center\">Cometimento de crimes.<\/td><\/tr><\/tbody><\/table><\/figure>\n\n\n\n<h3 class=\"wp-block-heading\" id=\"h-constituicao-de-milicia-privada\">Constitui\u00e7\u00e3o de mil\u00edcia privada<\/h3>\n\n\n\n<blockquote class=\"wp-block-quote is-layout-flow wp-block-quote-is-layout-flow\">\n<p>Art. 288-A. &nbsp;Constituir, organizar, integrar, manter ou custear organiza\u00e7\u00e3o paramilitar, mil\u00edcia particular, grupo ou esquadr\u00e3o com a finalidade de praticar qualquer dos crimes previstos neste C\u00f3digo:<\/p>\n\n\n\n<p>Pena &#8211; reclus\u00e3o, de 4 (quatro) a 8 (oito) anos.<\/p>\n<\/blockquote>\n\n\n\n<p>Em rela\u00e7\u00e3o ao aludido delito, somou-se ao texto do C\u00f3digo Penal por meio da Lei n\u00ba 12.720\/2012, n\u00e3o sendo um crime origin\u00e1rio do citado Estatuto. Nessa conjuntura, a conduta do agente em <strong>constituir, organizar, integrar, manter ou custear organiza\u00e7\u00e3o paramilitar, mil\u00edcia particular ou esquadr\u00e3o<\/strong> pode incorrer no tipo penal em an\u00e1lise.<\/p>\n\n\n\n<ul class=\"wp-block-list\">\n<li><strong>Organiza\u00e7\u00e3o paramilitar: <\/strong>relaciona-se \u00e0 associa\u00e7\u00e3o civil armada com estrutura que se assemelha \u00e0 militar, podendo conter membros civis e militares. Assim, possuem forma de tropa, em sua organiza\u00e7\u00e3o ou hierarquia;<\/li>\n\n\n\n<li><strong>Mil\u00edcia particular:<\/strong> consiste na reuni\u00e3o de pessoas armadas que dominam determinado territ\u00f3rio, a pretexto de restabelecer a paz e a ordem na aus\u00eancia do Estado, mas agindo com viol\u00eancia e grave amea\u00e7a para impor o seu dom\u00ednio.<\/li>\n\n\n\n<li><strong>Esquadr\u00e3o:<\/strong> refere-se \u00e0 grupo de exterm\u00ednio, que s\u00e3o conjunto de pessoas que atuam como justiceiros, uma vez que buscam neutralizar ou eliminar pessoas que s\u00e3o se consideram perigosas ou marginais.<\/li>\n<\/ul>\n\n\n\n<p>Ademais, exige-se que a <strong>finalidade<\/strong> da conduta do sujeito ativo seja o <strong>cometimento de outros crimes que est\u00e3o previstos no C\u00f3digo Penal<\/strong>. Ent\u00e3o, nem os crimes previstos em leis especiais, como a Lei de Drogas e a Lei de Tortura, assim como contraven\u00e7\u00f5es penais, n\u00e3o s\u00e3o abarcados por esse delito.<\/p>\n\n\n\n<p>Por fim, quanto ao <strong>n\u00famero m\u00ednimo de pessoas<\/strong> necess\u00e1rias para a pr\u00e1tica deste crime, h\u00e1 <strong>diverg\u00eancia doutrin\u00e1ria<\/strong>:<\/p>\n\n\n\n<ul class=\"wp-block-list\">\n<li>Para da doutrina compreende que o n\u00famero de agentes deve ser o mesmo da associa\u00e7\u00e3o criminosa, ou seja, tr\u00eas ou mais pessoas;<\/li>\n\n\n\n<li>Outra parcela de operadores entende que o par\u00e2metro deve ser a organiza\u00e7\u00e3o criminosa, que exige \u2013 pelo menos \u2013 quatro indiv\u00edduos.<\/li>\n<\/ul>\n\n\n\n<figure class=\"wp-block-table aligncenter\"><table class=\"has-luminous-vivid-orange-background-color has-background\"><tbody><tr><td class=\"has-text-align-center\" data-align=\"center\"><strong>ASSOCIA\u00c7\u00c3O CRIMINOSA<\/strong><\/td><td class=\"has-text-align-center\" data-align=\"center\"><strong>MIL\u00cdCIA PRIVADA<\/strong><\/td><\/tr><tr><td class=\"has-text-align-center\" data-align=\"center\">Fim de cometer CRIMES, inclusive estabelecidos em leis extravagantes.<\/td><td class=\"has-text-align-center\" data-align=\"center\">Objetiva a realiza\u00e7\u00e3o de CRIMES dispostos no C\u00f3digo Penal.<\/td><\/tr><\/tbody><\/table><\/figure>\n\n\n\n<h2 class=\"wp-block-heading\" id=\"h-consideracoes-finais-a-respeito-dos-crimes-contra-a-paz-publica-para-tj-rn\">Considera\u00e7\u00f5es Finais a respeito dos crimes contra a paz p\u00fablica para TJ-RN<\/h2>\n\n\n\n<p>Diante disso, exaurimos todas as informa\u00e7\u00f5es necess\u00e1rias acerca dos crimes contra a paz p\u00fablica para TJ-RN, de modo que voc\u00ea possui \u2013 com este material \u2013 todo conhecimento para ter \u00eaxito na resolu\u00e7\u00e3o das quest\u00f5es do <a href=\"https:\/\/conhecimento.fgv.br\/concursos\/tjrn2023\" target=\"_blank\" rel=\"noreferrer noopener\">seu certame<\/a>.<\/p>\n\n\n\n<p>Outrossim, oportunamente, <strong>ressaltamos a import\u00e2ncia do dom\u00ednio do conte\u00fado da literalidade legal<\/strong>, dado que \u2013 por vezes \u2013 o examinador restringe-se a esse modelo de abordagem.<\/p>\n\n\n\n<p>Quer aprofundar mais ainda o seu conhecimento? <strong><a href=\"https:\/\/www.estrategiaconcursos.com.br\/cursosPorConcurso\/tribunal-de-justica-do-rio-grande-do-norte-tj-rn\/?utm_source=google&amp;utm_medium=cpc&amp;utm_campaign=ec-tri-vd-gsh-TJRN&amp;gclid=Cj0KCQjw27mhBhC9ARIsAIFsETFw323gAbjE8YeJdByNT4HJzpKLxL_CvpMjOb7sk99vGW9AaV2_rZYaAsslEALw_wcB\" target=\"_blank\" rel=\"noreferrer noopener\">Venha conosco!<\/a><\/strong><\/p>\n\n\n\n<p>Desejo bastante resili\u00eancia e perseveran\u00e7a em sua jornada! A vit\u00f3ria \u00e9 certa para quem n\u00e3o desiste do prop\u00f3sito! <strong>Bons estudos!<\/strong><\/p>\n\n\n\n<p class=\"has-text-align-center\" id=\"h-quer-saber-tudo-sobre-concursos-previstos\"><strong>Quer saber quais ser\u00e3o os pr\u00f3ximos concursos?<\/strong><\/p>\n\n\n\n<p class=\"has-text-align-center\"><strong>Confira nossos artigos!<\/strong><\/p>\n\n\n\n<p class=\"has-text-align-center has-white-color has-pale-cyan-blue-background-color has-text-color has-background\"><a href=\"https:\/\/www.estrategiaconcursos.com.br\/blog\/concursos-abertos\/\" target=\"_blank\" rel=\"noreferrer noopener\">Concursos abertos<\/a><\/p>\n\n\n\n<p class=\"has-text-align-center has-white-color has-pale-cyan-blue-background-color has-text-color has-background\"><a href=\"https:\/\/www.estrategiaconcursos.com.br\/blog\/concursos-2023\/\" target=\"_blank\" rel=\"noreferrer noopener\">Concursos 2023<\/a><\/p>\n","protected":false},"excerpt":{"rendered":"<p>Ol\u00e1, concurseiro! Como voc\u00ea est\u00e1? Espero que esteja bem! Neste artigo, abordaremos o g\u00eanero de crimes contra a paz p\u00fablica para TJ-RN, que \u00e9 tema recorrentemente abordado nas provas de concursos p\u00fablicos, assim como objeto de quest\u00f5es pela Funda\u00e7\u00e3o Get\u00falio Vargas (FGV). Por isso, trataremos de aspectos introdut\u00f3rios \u00e0 tem\u00e1tica, a exemplo do bem jur\u00eddico [&hellip;]<\/p>\n","protected":false},"author":2566,"featured_media":1198286,"comment_status":"open","ping_status":"closed","sticky":false,"template":"","format":"standard","meta":{"post_tipo":"article","footnotes":""},"categories":[1,1984,220737],"tags":[1374,2059,820,2118,701,643],"tax_estado":[219963,219983],"class_list":["post-1197903","post","type-post","status-publish","format-standard","has-post-thumbnail","hentry","category-cursos-e-concursos","category-tribunais","category-tribunais-tribunais","tag-analista-judiciario","tag-concursos-de-tribunais","tag-concursos-publicos","tag-oficial-de-justica","tag-tecnico-judiciario","tag-tribunais","tax_estado-concursos-federais","tax_estado-rn"],"acf":[],"yoast_head":"<!-- This site is optimized with the Yoast SEO Premium plugin v27.2 (Yoast SEO v27.2) - https:\/\/yoast.com\/product\/yoast-seo-premium-wordpress\/ -->\n<title>Crimes contra a paz p\u00fablica para TJ-RN<\/title>\n<meta name=\"description\" content=\"Confira agora os principais esclarecimentos acerca do g\u00eanero de crimes contra a paz p\u00fablica para TJ-RN e seja mais assertivo em sua prova!\" \/>\n<meta name=\"robots\" content=\"index, follow, max-snippet:-1, max-image-preview:large, max-video-preview:-1\" \/>\n<link rel=\"canonical\" href=\"https:\/\/www.estrategiaconcursos.com.br\/blog\/crimes-contra-paz-publica-tj-rn\/\" \/>\n<meta property=\"og:locale\" content=\"pt_BR\" \/>\n<meta property=\"og:type\" content=\"article\" \/>\n<meta property=\"og:title\" content=\"Crimes contra a paz p\u00fablica para TJ-RN\" \/>\n<meta property=\"og:description\" content=\"Confira agora os principais esclarecimentos acerca do g\u00eanero de crimes contra a paz p\u00fablica para TJ-RN e seja mais assertivo em sua prova!\" \/>\n<meta property=\"og:url\" content=\"https:\/\/www.estrategiaconcursos.com.br\/blog\/crimes-contra-paz-publica-tj-rn\/\" \/>\n<meta property=\"og:site_name\" content=\"Estrat\u00e9gia Concursos\" \/>\n<meta property=\"article:published_time\" content=\"2023-05-10T17:00:00+00:00\" \/>\n<meta property=\"og:image\" content=\"https:\/\/dhg1h5j42swfq.cloudfront.net\/2023\/04\/06115907\/sandy_ppl-09_single-03-scaled.jpg\" \/>\n\t<meta property=\"og:image:width\" content=\"2560\" \/>\n\t<meta property=\"og:image:height\" content=\"2560\" \/>\n\t<meta property=\"og:image:type\" content=\"image\/jpeg\" \/>\n<meta name=\"author\" content=\"Gabriel Rocha da Gra\u00e7a\" \/>\n<meta name=\"twitter:card\" content=\"summary_large_image\" \/>\n<meta name=\"twitter:creator\" content=\"@EstratConcursos\" \/>\n<meta name=\"twitter:site\" content=\"@EstratConcursos\" \/>\n<meta name=\"twitter:label1\" content=\"Escrito por\" \/>\n\t<meta name=\"twitter:data1\" content=\"Gabriel Rocha da Gra\u00e7a\" \/>\n\t<meta name=\"twitter:label2\" content=\"Est. tempo de leitura\" \/>\n\t<meta name=\"twitter:data2\" content=\"8 minutos\" \/>\n<script type=\"application\/ld+json\" class=\"yoast-schema-graph\">{\"@context\":\"https:\/\/schema.org\",\"@graph\":[{\"@type\":\"NewsArticle\",\"@id\":\"https:\/\/www.estrategiaconcursos.com.br\/blog\/crimes-contra-paz-publica-tj-rn\/#article\",\"isPartOf\":{\"@id\":\"https:\/\/www.estrategiaconcursos.com.br\/blog\/crimes-contra-paz-publica-tj-rn\/\"},\"author\":{\"name\":\"Gabriel Rocha da Gra\u00e7a\",\"@id\":\"https:\/\/www.estrategiaconcursos.com.br\/blog\/#\/schema\/person\/b7dbf284f7775e26e8fafbe6a56c1fc0\"},\"headline\":\"Crimes contra a paz p\u00fablica para TJ-RN\",\"datePublished\":\"2023-05-10T17:00:00+00:00\",\"mainEntityOfPage\":{\"@id\":\"https:\/\/www.estrategiaconcursos.com.br\/blog\/crimes-contra-paz-publica-tj-rn\/\"},\"wordCount\":1559,\"commentCount\":0,\"publisher\":{\"@id\":\"https:\/\/www.estrategiaconcursos.com.br\/blog\/#organization\"},\"image\":{\"@id\":\"https:\/\/www.estrategiaconcursos.com.br\/blog\/crimes-contra-paz-publica-tj-rn\/#primaryimage\"},\"thumbnailUrl\":\"https:\/\/dhg1h5j42swfq.cloudfront.net\/2023\/04\/06115907\/sandy_ppl-09_single-03-scaled.jpg\",\"keywords\":[\"Analista Judici\u00e1rio\",\"concursos de tribunais\",\"concursos p\u00fablicos\",\"oficial de justi\u00e7a\",\"T\u00e9cnico Judici\u00e1rio\",\"tribunais\"],\"articleSection\":[\"Concursos P\u00fablicos\",\"Tribunais\",\"Tribunais\"],\"inLanguage\":\"pt-BR\",\"potentialAction\":[{\"@type\":\"CommentAction\",\"name\":\"Comment\",\"target\":[\"https:\/\/www.estrategiaconcursos.com.br\/blog\/crimes-contra-paz-publica-tj-rn\/#respond\"]}],\"copyrightYear\":\"2023\",\"copyrightHolder\":{\"@id\":\"https:\/\/www.estrategiaconcursos.com.br\/blog\/#organization\"}},{\"@type\":\"WebPage\",\"@id\":\"https:\/\/www.estrategiaconcursos.com.br\/blog\/crimes-contra-paz-publica-tj-rn\/\",\"url\":\"https:\/\/www.estrategiaconcursos.com.br\/blog\/crimes-contra-paz-publica-tj-rn\/\",\"name\":\"Crimes contra a paz p\u00fablica para TJ-RN\",\"isPartOf\":{\"@id\":\"https:\/\/www.estrategiaconcursos.com.br\/blog\/#website\"},\"primaryImageOfPage\":{\"@id\":\"https:\/\/www.estrategiaconcursos.com.br\/blog\/crimes-contra-paz-publica-tj-rn\/#primaryimage\"},\"image\":{\"@id\":\"https:\/\/www.estrategiaconcursos.com.br\/blog\/crimes-contra-paz-publica-tj-rn\/#primaryimage\"},\"thumbnailUrl\":\"https:\/\/dhg1h5j42swfq.cloudfront.net\/2023\/04\/06115907\/sandy_ppl-09_single-03-scaled.jpg\",\"datePublished\":\"2023-05-10T17:00:00+00:00\",\"description\":\"Confira agora os principais esclarecimentos acerca do g\u00eanero de crimes contra a paz p\u00fablica para TJ-RN e seja mais assertivo em sua prova!\",\"breadcrumb\":{\"@id\":\"https:\/\/www.estrategiaconcursos.com.br\/blog\/crimes-contra-paz-publica-tj-rn\/#breadcrumb\"},\"inLanguage\":\"pt-BR\",\"potentialAction\":[{\"@type\":\"ReadAction\",\"target\":[\"https:\/\/www.estrategiaconcursos.com.br\/blog\/crimes-contra-paz-publica-tj-rn\/\"]}]},{\"@type\":\"ImageObject\",\"inLanguage\":\"pt-BR\",\"@id\":\"https:\/\/www.estrategiaconcursos.com.br\/blog\/crimes-contra-paz-publica-tj-rn\/#primaryimage\",\"url\":\"https:\/\/dhg1h5j42swfq.cloudfront.net\/2023\/04\/06115907\/sandy_ppl-09_single-03-scaled.jpg\",\"contentUrl\":\"https:\/\/dhg1h5j42swfq.cloudfront.net\/2023\/04\/06115907\/sandy_ppl-09_single-03-scaled.jpg\",\"width\":2560,\"height\":2560,\"caption\":\"Crimes contra a paz p\u00fablica para TJ-RN\"},{\"@type\":\"BreadcrumbList\",\"@id\":\"https:\/\/www.estrategiaconcursos.com.br\/blog\/crimes-contra-paz-publica-tj-rn\/#breadcrumb\",\"itemListElement\":[{\"@type\":\"ListItem\",\"position\":1,\"name\":\"In\u00edcio\",\"item\":\"https:\/\/www.estrategiaconcursos.com.br\/blog\/\"},{\"@type\":\"ListItem\",\"position\":2,\"name\":\"Crimes contra a paz p\u00fablica para TJ-RN\"}]},{\"@type\":\"WebSite\",\"@id\":\"https:\/\/www.estrategiaconcursos.com.br\/blog\/#website\",\"url\":\"https:\/\/www.estrategiaconcursos.com.br\/blog\/\",\"name\":\"Estrat\u00e9gia Concursos\",\"description\":\"O blog da Estrat\u00e9gia Concursos traz not\u00edcias sobre concursos e artigos de professores oferecendo cursos para concursos (pdf + videaulas) no site.\",\"publisher\":{\"@id\":\"https:\/\/www.estrategiaconcursos.com.br\/blog\/#organization\"},\"potentialAction\":[{\"@type\":\"SearchAction\",\"target\":{\"@type\":\"EntryPoint\",\"urlTemplate\":\"https:\/\/www.estrategiaconcursos.com.br\/blog\/?s={search_term_string}\"},\"query-input\":{\"@type\":\"PropertyValueSpecification\",\"valueRequired\":true,\"valueName\":\"search_term_string\"}}],\"inLanguage\":\"pt-BR\"},{\"@type\":\"Organization\",\"@id\":\"https:\/\/www.estrategiaconcursos.com.br\/blog\/#organization\",\"name\":\"Estrat\u00e9gia Concursos\",\"url\":\"https:\/\/www.estrategiaconcursos.com.br\/blog\/\",\"logo\":{\"@type\":\"ImageObject\",\"inLanguage\":\"pt-BR\",\"@id\":\"https:\/\/www.estrategiaconcursos.com.br\/blog\/#\/schema\/logo\/image\/\",\"url\":\"https:\/\/dhg1h5j42swfq.cloudfront.net\/2025\/06\/03203428\/logo_concursos-1.jpg\",\"contentUrl\":\"https:\/\/dhg1h5j42swfq.cloudfront.net\/2025\/06\/03203428\/logo_concursos-1.jpg\",\"width\":230,\"height\":60,\"caption\":\"Estrat\u00e9gia Concursos\"},\"image\":{\"@id\":\"https:\/\/www.estrategiaconcursos.com.br\/blog\/#\/schema\/logo\/image\/\"},\"sameAs\":[\"https:\/\/x.com\/EstratConcursos\"]},{\"@type\":\"Person\",\"@id\":\"https:\/\/www.estrategiaconcursos.com.br\/blog\/#\/schema\/person\/b7dbf284f7775e26e8fafbe6a56c1fc0\",\"name\":\"Gabriel Rocha da Gra\u00e7a\",\"image\":{\"@type\":\"ImageObject\",\"inLanguage\":\"pt-BR\",\"@id\":\"https:\/\/secure.gravatar.com\/avatar\/01dc6deaaf49f7195b1b726afb16234e5589513d0df3f1687499d49775ccfb8c?s=96&d=mm&r=g\",\"url\":\"https:\/\/secure.gravatar.com\/avatar\/01dc6deaaf49f7195b1b726afb16234e5589513d0df3f1687499d49775ccfb8c?s=96&d=mm&r=g\",\"contentUrl\":\"https:\/\/secure.gravatar.com\/avatar\/01dc6deaaf49f7195b1b726afb16234e5589513d0df3f1687499d49775ccfb8c?s=96&d=mm&r=g\",\"caption\":\"Gabriel Rocha da Gra\u00e7a\"},\"description\":\"Sou Bacharel em Direito e possuo cinco especializa\u00e7\u00f5es, entre as quais destaco a minha P\u00f3s-Gradua\u00e7\u00e3o em Ci\u00eancias Criminais e meus MBAs em Gest\u00e3o da Seguran\u00e7a P\u00fablica e em Gest\u00e3o de Pol\u00edcia Ostensiva. Ademais, fui aprovado, de primeira, no XXX Exame da Ordem dos Advogados do Brasil, bem como conquistei diversas aprova\u00e7\u00f5es em concursos p\u00fablicos, entre as quais destaco os \\\"top-5\\\" nos concursos do CFO PM-GO, CFO PM-RN, Delegado\/BA e Soldado PM\/SE. Atualmente, estou Aspirante a Oficial na Pol\u00edcia Militar do Estado de Goi\u00e1s.\",\"url\":\"https:\/\/www.estrategiaconcursos.com.br\/blog\/author\/gabrieldagracayahoo-com-br\/\"}]}<\/script>\n<!-- \/ Yoast SEO Premium plugin. -->","yoast_head_json":{"title":"Crimes contra a paz p\u00fablica para TJ-RN","description":"Confira agora os principais esclarecimentos acerca do g\u00eanero de crimes contra a paz p\u00fablica para TJ-RN e seja mais assertivo em sua prova!","robots":{"index":"index","follow":"follow","max-snippet":"max-snippet:-1","max-image-preview":"max-image-preview:large","max-video-preview":"max-video-preview:-1"},"canonical":"https:\/\/www.estrategiaconcursos.com.br\/blog\/crimes-contra-paz-publica-tj-rn\/","og_locale":"pt_BR","og_type":"article","og_title":"Crimes contra a paz p\u00fablica para TJ-RN","og_description":"Confira agora os principais esclarecimentos acerca do g\u00eanero de crimes contra a paz p\u00fablica para TJ-RN e seja mais assertivo em sua prova!","og_url":"https:\/\/www.estrategiaconcursos.com.br\/blog\/crimes-contra-paz-publica-tj-rn\/","og_site_name":"Estrat\u00e9gia Concursos","article_published_time":"2023-05-10T17:00:00+00:00","og_image":[{"width":2560,"height":2560,"url":"https:\/\/dhg1h5j42swfq.cloudfront.net\/2023\/04\/06115907\/sandy_ppl-09_single-03-scaled.jpg","type":"image\/jpeg"}],"author":"Gabriel Rocha da Gra\u00e7a","twitter_card":"summary_large_image","twitter_creator":"@EstratConcursos","twitter_site":"@EstratConcursos","twitter_misc":{"Escrito por":"Gabriel Rocha da Gra\u00e7a","Est. tempo de leitura":"8 minutos"},"schema":{"@context":"https:\/\/schema.org","@graph":[{"@type":"NewsArticle","@id":"https:\/\/www.estrategiaconcursos.com.br\/blog\/crimes-contra-paz-publica-tj-rn\/#article","isPartOf":{"@id":"https:\/\/www.estrategiaconcursos.com.br\/blog\/crimes-contra-paz-publica-tj-rn\/"},"author":{"name":"Gabriel Rocha da Gra\u00e7a","@id":"https:\/\/www.estrategiaconcursos.com.br\/blog\/#\/schema\/person\/b7dbf284f7775e26e8fafbe6a56c1fc0"},"headline":"Crimes contra a paz p\u00fablica para TJ-RN","datePublished":"2023-05-10T17:00:00+00:00","mainEntityOfPage":{"@id":"https:\/\/www.estrategiaconcursos.com.br\/blog\/crimes-contra-paz-publica-tj-rn\/"},"wordCount":1559,"commentCount":0,"publisher":{"@id":"https:\/\/www.estrategiaconcursos.com.br\/blog\/#organization"},"image":{"@id":"https:\/\/www.estrategiaconcursos.com.br\/blog\/crimes-contra-paz-publica-tj-rn\/#primaryimage"},"thumbnailUrl":"https:\/\/dhg1h5j42swfq.cloudfront.net\/2023\/04\/06115907\/sandy_ppl-09_single-03-scaled.jpg","keywords":["Analista Judici\u00e1rio","concursos de tribunais","concursos p\u00fablicos","oficial de justi\u00e7a","T\u00e9cnico Judici\u00e1rio","tribunais"],"articleSection":["Concursos P\u00fablicos","Tribunais","Tribunais"],"inLanguage":"pt-BR","potentialAction":[{"@type":"CommentAction","name":"Comment","target":["https:\/\/www.estrategiaconcursos.com.br\/blog\/crimes-contra-paz-publica-tj-rn\/#respond"]}],"copyrightYear":"2023","copyrightHolder":{"@id":"https:\/\/www.estrategiaconcursos.com.br\/blog\/#organization"}},{"@type":"WebPage","@id":"https:\/\/www.estrategiaconcursos.com.br\/blog\/crimes-contra-paz-publica-tj-rn\/","url":"https:\/\/www.estrategiaconcursos.com.br\/blog\/crimes-contra-paz-publica-tj-rn\/","name":"Crimes contra a paz p\u00fablica para TJ-RN","isPartOf":{"@id":"https:\/\/www.estrategiaconcursos.com.br\/blog\/#website"},"primaryImageOfPage":{"@id":"https:\/\/www.estrategiaconcursos.com.br\/blog\/crimes-contra-paz-publica-tj-rn\/#primaryimage"},"image":{"@id":"https:\/\/www.estrategiaconcursos.com.br\/blog\/crimes-contra-paz-publica-tj-rn\/#primaryimage"},"thumbnailUrl":"https:\/\/dhg1h5j42swfq.cloudfront.net\/2023\/04\/06115907\/sandy_ppl-09_single-03-scaled.jpg","datePublished":"2023-05-10T17:00:00+00:00","description":"Confira agora os principais esclarecimentos acerca do g\u00eanero de crimes contra a paz p\u00fablica para TJ-RN e seja mais assertivo em sua prova!","breadcrumb":{"@id":"https:\/\/www.estrategiaconcursos.com.br\/blog\/crimes-contra-paz-publica-tj-rn\/#breadcrumb"},"inLanguage":"pt-BR","potentialAction":[{"@type":"ReadAction","target":["https:\/\/www.estrategiaconcursos.com.br\/blog\/crimes-contra-paz-publica-tj-rn\/"]}]},{"@type":"ImageObject","inLanguage":"pt-BR","@id":"https:\/\/www.estrategiaconcursos.com.br\/blog\/crimes-contra-paz-publica-tj-rn\/#primaryimage","url":"https:\/\/dhg1h5j42swfq.cloudfront.net\/2023\/04\/06115907\/sandy_ppl-09_single-03-scaled.jpg","contentUrl":"https:\/\/dhg1h5j42swfq.cloudfront.net\/2023\/04\/06115907\/sandy_ppl-09_single-03-scaled.jpg","width":2560,"height":2560,"caption":"Crimes contra a paz p\u00fablica para TJ-RN"},{"@type":"BreadcrumbList","@id":"https:\/\/www.estrategiaconcursos.com.br\/blog\/crimes-contra-paz-publica-tj-rn\/#breadcrumb","itemListElement":[{"@type":"ListItem","position":1,"name":"In\u00edcio","item":"https:\/\/www.estrategiaconcursos.com.br\/blog\/"},{"@type":"ListItem","position":2,"name":"Crimes contra a paz p\u00fablica para TJ-RN"}]},{"@type":"WebSite","@id":"https:\/\/www.estrategiaconcursos.com.br\/blog\/#website","url":"https:\/\/www.estrategiaconcursos.com.br\/blog\/","name":"Estrat\u00e9gia Concursos","description":"O blog da Estrat\u00e9gia Concursos traz not\u00edcias sobre concursos e artigos de professores oferecendo cursos para concursos (pdf + videaulas) no site.","publisher":{"@id":"https:\/\/www.estrategiaconcursos.com.br\/blog\/#organization"},"potentialAction":[{"@type":"SearchAction","target":{"@type":"EntryPoint","urlTemplate":"https:\/\/www.estrategiaconcursos.com.br\/blog\/?s={search_term_string}"},"query-input":{"@type":"PropertyValueSpecification","valueRequired":true,"valueName":"search_term_string"}}],"inLanguage":"pt-BR"},{"@type":"Organization","@id":"https:\/\/www.estrategiaconcursos.com.br\/blog\/#organization","name":"Estrat\u00e9gia Concursos","url":"https:\/\/www.estrategiaconcursos.com.br\/blog\/","logo":{"@type":"ImageObject","inLanguage":"pt-BR","@id":"https:\/\/www.estrategiaconcursos.com.br\/blog\/#\/schema\/logo\/image\/","url":"https:\/\/dhg1h5j42swfq.cloudfront.net\/2025\/06\/03203428\/logo_concursos-1.jpg","contentUrl":"https:\/\/dhg1h5j42swfq.cloudfront.net\/2025\/06\/03203428\/logo_concursos-1.jpg","width":230,"height":60,"caption":"Estrat\u00e9gia Concursos"},"image":{"@id":"https:\/\/www.estrategiaconcursos.com.br\/blog\/#\/schema\/logo\/image\/"},"sameAs":["https:\/\/x.com\/EstratConcursos"]},{"@type":"Person","@id":"https:\/\/www.estrategiaconcursos.com.br\/blog\/#\/schema\/person\/b7dbf284f7775e26e8fafbe6a56c1fc0","name":"Gabriel Rocha da Gra\u00e7a","image":{"@type":"ImageObject","inLanguage":"pt-BR","@id":"https:\/\/secure.gravatar.com\/avatar\/01dc6deaaf49f7195b1b726afb16234e5589513d0df3f1687499d49775ccfb8c?s=96&d=mm&r=g","url":"https:\/\/secure.gravatar.com\/avatar\/01dc6deaaf49f7195b1b726afb16234e5589513d0df3f1687499d49775ccfb8c?s=96&d=mm&r=g","contentUrl":"https:\/\/secure.gravatar.com\/avatar\/01dc6deaaf49f7195b1b726afb16234e5589513d0df3f1687499d49775ccfb8c?s=96&d=mm&r=g","caption":"Gabriel Rocha da Gra\u00e7a"},"description":"Sou Bacharel em Direito e possuo cinco especializa\u00e7\u00f5es, entre as quais destaco a minha P\u00f3s-Gradua\u00e7\u00e3o em Ci\u00eancias Criminais e meus MBAs em Gest\u00e3o da Seguran\u00e7a P\u00fablica e em Gest\u00e3o de Pol\u00edcia Ostensiva. Ademais, fui aprovado, de primeira, no XXX Exame da Ordem dos Advogados do Brasil, bem como conquistei diversas aprova\u00e7\u00f5es em concursos p\u00fablicos, entre as quais destaco os \"top-5\" nos concursos do CFO PM-GO, CFO PM-RN, Delegado\/BA e Soldado PM\/SE. Atualmente, estou Aspirante a Oficial na Pol\u00edcia Militar do Estado de Goi\u00e1s.","url":"https:\/\/www.estrategiaconcursos.com.br\/blog\/author\/gabrieldagracayahoo-com-br\/"}]}},"_links":{"self":[{"href":"https:\/\/www.estrategiaconcursos.com.br\/blog\/wp-json\/wp\/v2\/posts\/1197903","targetHints":{"allow":["GET"]}}],"collection":[{"href":"https:\/\/www.estrategiaconcursos.com.br\/blog\/wp-json\/wp\/v2\/posts"}],"about":[{"href":"https:\/\/www.estrategiaconcursos.com.br\/blog\/wp-json\/wp\/v2\/types\/post"}],"author":[{"embeddable":true,"href":"https:\/\/www.estrategiaconcursos.com.br\/blog\/wp-json\/wp\/v2\/users\/2566"}],"replies":[{"embeddable":true,"href":"https:\/\/www.estrategiaconcursos.com.br\/blog\/wp-json\/wp\/v2\/comments?post=1197903"}],"version-history":[{"count":4,"href":"https:\/\/www.estrategiaconcursos.com.br\/blog\/wp-json\/wp\/v2\/posts\/1197903\/revisions"}],"predecessor-version":[{"id":1206063,"href":"https:\/\/www.estrategiaconcursos.com.br\/blog\/wp-json\/wp\/v2\/posts\/1197903\/revisions\/1206063"}],"wp:featuredmedia":[{"embeddable":true,"href":"https:\/\/www.estrategiaconcursos.com.br\/blog\/wp-json\/wp\/v2\/media\/1198286"}],"wp:attachment":[{"href":"https:\/\/www.estrategiaconcursos.com.br\/blog\/wp-json\/wp\/v2\/media?parent=1197903"}],"wp:term":[{"taxonomy":"category","embeddable":true,"href":"https:\/\/www.estrategiaconcursos.com.br\/blog\/wp-json\/wp\/v2\/categories?post=1197903"},{"taxonomy":"post_tag","embeddable":true,"href":"https:\/\/www.estrategiaconcursos.com.br\/blog\/wp-json\/wp\/v2\/tags?post=1197903"},{"taxonomy":"tax_estado","embeddable":true,"href":"https:\/\/www.estrategiaconcursos.com.br\/blog\/wp-json\/wp\/v2\/tax_estado?post=1197903"}],"curies":[{"name":"wp","href":"https:\/\/api.w.org\/{rel}","templated":true}]}}