{"id":1197708,"date":"2023-05-08T11:00:00","date_gmt":"2023-05-08T14:00:00","guid":{"rendered":"https:\/\/www.estrategiaconcursos.com.br\/blog\/?p=1197708"},"modified":"2023-04-24T15:18:28","modified_gmt":"2023-04-24T18:18:28","slug":"poderes-administrativos-tjrn","status":"publish","type":"post","link":"https:\/\/www.estrategiaconcursos.com.br\/blog\/poderes-administrativos-tjrn\/","title":{"rendered":"Poderes Administrativos para o TJ-RN"},"content":{"rendered":"\n<p>Poderes Administrativos para o TJ-RN<\/p>\n\n\n\n<p>Ol\u00e1, amigos. Tudo bom? Esperamos que sim.<\/p>\n\n\n\n<p>O edital do concurso do <strong><mark style=\"background-color:rgba(0, 0, 0, 0)\" class=\"has-inline-color has-vivid-cyan-blue-color\">TJ-RN<\/mark><\/strong> acabou de ser publicado. S\u00e3o ofertadas 229 vagas mais cadastro reserva, com remunera\u00e7\u00e3o inicial que varia de R$ 3.974,08 a R$ 7.301,18. A inscri\u00e7\u00f5es para esse certamente ir\u00e3o ocorrer entre os dias <strong><mark style=\"background-color:rgba(0, 0, 0, 0)\" class=\"has-inline-color has-vivid-cyan-blue-color\">08 de mar\u00e7o e 10 de abril de 2023<\/mark><\/strong>, no site da banca organizadora FGV, a um custo que varia de&nbsp;<strong><mark style=\"background-color:rgba(0, 0, 0, 0)\" class=\"has-inline-color has-vivid-cyan-blue-color\">R$ 85,00 a R$ 110,00<\/mark><\/strong>. As provas objetiva e discursiva est\u00e3o marcadas para a poss\u00edvel data de 04\/06\/2023 (Analista e Oficial de Justi\u00e7a) e 11\/06\/2023 (T\u00e9cnico).<\/p>\n\n\n\n<p>Bom, e para te ajudar com as revis\u00f5es, o artigo de hoje trata dos <strong><mark style=\"background-color:rgba(0, 0, 0, 0)\" class=\"has-inline-color has-vivid-cyan-blue-color\">Poderes Administrativo<\/mark><\/strong>s no \u00e2mbito da disciplina de Direito Administrativo. Nosso artigo est\u00e1 estruturado da seguinte forma:<\/p>\n\n\n\n<ul class=\"wp-block-list\">\n<li>Conceito de Poderes Administrativos;<\/li>\n\n\n\n<li>Poderes Administrativos;<\/li>\n\n\n\n<li>Uso e abuso de poder;<\/li>\n\n\n\n<li>Videoaula;<\/li>\n\n\n\n<li>Considera\u00e7\u00f5es finais.<\/li>\n<\/ul>\n\n\n\n<figure class=\"wp-block-image aligncenter size-full\"><img loading=\"lazy\" decoding=\"async\" width=\"750\" height=\"375\" src=\"https:\/\/dhg1h5j42swfq.cloudfront.net\/2023\/03\/16183701\/tjrn.png\" alt=\"Poderes Administrativos: TJ RN\" class=\"wp-image-1188003\" srcset=\"https:\/\/dhg1h5j42swfq.cloudfront.net\/2023\/03\/16183701\/tjrn.png 750w, https:\/\/dhg1h5j42swfq.cloudfront.net\/2023\/03\/16183701\/tjrn-300x150.png 300w, https:\/\/dhg1h5j42swfq.cloudfront.net\/2023\/03\/16183701\/tjrn-610x305.png 610w, https:\/\/dhg1h5j42swfq.cloudfront.net\/2023\/03\/16183701\/tjrn-150x75.png 150w\" sizes=\"auto, (max-width: 750px) 100vw, 750px\" \/><figcaption class=\"wp-element-caption\">Poderes Administrativos: TJ RN<\/figcaption><\/figure>\n\n\n\n<p>Vamos l\u00e1?!<\/p>\n\n\n\n<h2 class=\"wp-block-heading\"><strong>Conceito de Poderes Administrativos &nbsp;<\/strong><\/h2>\n\n\n\n<p>O <strong><mark style=\"background-color:rgba(0, 0, 0, 0)\" class=\"has-inline-color has-vivid-cyan-blue-color\">regime jur\u00eddico administrativo<\/mark><\/strong> \u00e9 formado por um conjunto de prerrogativas e sujei\u00e7\u00f5es pr\u00f3prias que colocam a Administra\u00e7\u00e3o P\u00fablica em posi\u00e7\u00e3o de superioridade na rela\u00e7\u00e3o com os administrados, ao mesmo tempo em que limitam a sua esfera de liberdade para defender os direitos individuais e preservar o patrim\u00f4nio p\u00fablico.<\/p>\n\n\n\n<p>Em se tratando das prerrogativas, encontram-se os poderes administrativos, que funcionam como <strong><mark style=\"background-color:rgba(0, 0, 0, 0)\" class=\"has-inline-color has-vivid-cyan-blue-color\">instrumentos<\/mark><\/strong> por meio dos quais o Poder P\u00fablico deve perseguir o interesse da coletividade.<\/p>\n\n\n\n<p>Nesse sentido, <strong><mark style=\"background-color:rgba(0, 0, 0, 0)\" class=\"has-inline-color has-vivid-cyan-blue-color\">Jos\u00e9 dos Santos Carvalho Filho<\/mark><\/strong> define poderes administrativos como \u201co conjunto de prerrogativas de direito p\u00fablico que a ordem jur\u00eddica confere aos agentes administrativos para o fim de permitir que o Estado alcance seus fins\u201d.<\/p>\n\n\n\n<p>Eles s\u00e3o os instrumentos pelos quais os \u00f3rg\u00e3os p\u00fablicos cumprem os seus deveres funcionais. Portanto, os poderes p\u00fablicos devem ser utilizados para a realiza\u00e7\u00e3o do <strong><mark style=\"background-color:rgba(0, 0, 0, 0)\" class=\"has-inline-color has-vivid-cyan-blue-color\">fim p\u00fablico<\/mark><\/strong> que justificou a compet\u00eancia atribu\u00edda ao agente, ou seja, todo poder se vincula ao fim p\u00fablico.<\/p>\n\n\n\n<p>Por fim, \u00e9 importante destacar que n\u00e3o podemos confundir os <strong><mark style=\"background-color:rgba(0, 0, 0, 0)\" class=\"has-inline-color has-vivid-cyan-blue-color\">poderes administrativos<\/mark><\/strong> com os <strong><mark style=\"background-color:rgba(0, 0, 0, 0)\" class=\"has-inline-color has-vivid-cyan-blue-color\">poderes pol\u00edticos<\/mark><\/strong> \u2013 Executivo, Legislativo e Judici\u00e1rio, pois estes s\u00e3o estruturais, j\u00e1 que dizem respeito \u00e0 estrutura do Estado.<\/p>\n\n\n\n<h2 class=\"wp-block-heading\"><strong>Poderes Administrativos<\/strong><\/h2>\n\n\n\n<p>Primeiramente, \u00e9 necess\u00e1rio destacar que <strong><mark style=\"background-color:rgba(0, 0, 0, 0)\" class=\"has-inline-color has-vivid-cyan-blue-color\">n\u00e3o h\u00e1 uma lista exaustiva<\/mark><\/strong> dos poderes administrativos. Entretanto, iremos destacar aqui aqueles poderes administrativos que possuem alta recorr\u00eancia de cobran\u00e7a em provas de concursos p\u00fablicos:<\/p>\n\n\n\n<ol class=\"wp-block-list\" type=\"a\">\n<li>Vinculado e discricion\u00e1rio;<\/li>\n\n\n\n<li>Hier\u00e1rquico;<\/li>\n\n\n\n<li>Disciplinar;<\/li>\n\n\n\n<li>Regulamentar (ou normativo); e<\/li>\n\n\n\n<li>De pol\u00edcia.<\/li>\n<\/ol>\n\n\n\n<p>De forma breve, vejamos seus conceitos:<\/p>\n\n\n\n<p>O <strong><mark style=\"background-color:rgba(0, 0, 0, 0)\" class=\"has-inline-color has-vivid-cyan-blue-color\">Poder vinculado<\/mark><\/strong> se trata de uma limita\u00e7\u00e3o \u00e0 atividade administrativa, posto que a lei estabelece todas as condi\u00e7\u00f5es de sua realiza\u00e7\u00e3o. Por outro lado, o <strong><mark style=\"background-color:rgba(0, 0, 0, 0)\" class=\"has-inline-color has-vivid-cyan-blue-color\">poder discricion\u00e1rio<\/mark><\/strong> \u00e9 aquele que permite que a Administra\u00e7\u00e3o pratique determinados atos com certa liberdade de escolha, podendo decidir quanto \u00e0 sua conveni\u00eancia e oportunidade.<\/p>\n\n\n\n<p>O <strong><mark style=\"background-color:rgba(0, 0, 0, 0)\" class=\"has-inline-color has-vivid-cyan-blue-color\">poder hier\u00e1rquico<\/mark><\/strong> permite \u00e0 administra\u00e7\u00e3o p\u00fablica distribuir e escalonar fun\u00e7\u00f5es entre os seus \u00f3rg\u00e3os, de forma interna, bem como ordenar e rever a atua\u00e7\u00e3o dos seus agentes. Desse modo, h\u00e1 uma rela\u00e7\u00e3o de coordena\u00e7\u00e3o e subordina\u00e7\u00e3o entre os servidores da administra\u00e7\u00e3o.<\/p>\n\n\n\n<p>O <strong><mark style=\"background-color:rgba(0, 0, 0, 0)\" class=\"has-inline-color has-vivid-cyan-blue-color\">poder disciplinar<\/mark><\/strong> trata da apura\u00e7\u00e3o de infra\u00e7\u00f5es e aplica\u00e7\u00e3o de penalidades \u00e0queles sujeitos \u00e0 disciplina interna da Administra\u00e7\u00e3o. Tais sujeitos podem ser os servidores p\u00fablicos ou particulares com v\u00ednculo espec\u00edfico com a Administra\u00e7\u00e3o. O <strong><mark style=\"background-color:rgba(0, 0, 0, 0)\" class=\"has-inline-color has-vivid-cyan-blue-color\">poder regulamentar<\/mark><\/strong> expressa a compet\u00eancia normativa da administra\u00e7\u00e3o p\u00fablica que, em regra, se manifesta por meio de decretos.<\/p>\n\n\n\n<p>Por fim, <strong><mark style=\"background-color:rgba(0, 0, 0, 0)\" class=\"has-inline-color has-vivid-cyan-blue-color\">poder de pol\u00edcia<\/mark><\/strong> trata da faculdade que a Administra\u00e7\u00e3o P\u00fablica possui para condicionar e restringir o uso e gozo de bens, atividades e direitos individuais em prol da coletividade ou do pr\u00f3prio Estado. Esse poder \u00e9 uma clara manifesta\u00e7\u00e3o do <strong><mark style=\"background-color:rgba(0, 0, 0, 0)\" class=\"has-inline-color has-vivid-cyan-blue-color\">poder de imp\u00e9rio do Estado<\/mark><\/strong>, que incide sobre condutas e situa\u00e7\u00f5es que possam afetar os interesses de toda a coletividade. Em regra, o poder de pol\u00edcia \u00e9 dotado de tr\u00eas atributos: <strong><mark style=\"background-color:rgba(0, 0, 0, 0)\" class=\"has-inline-color has-vivid-cyan-blue-color\">discricionariedade<\/mark><\/strong>, <strong><mark style=\"background-color:rgba(0, 0, 0, 0)\" class=\"has-inline-color has-vivid-cyan-blue-color\">autoexecutoriedade<\/mark><\/strong> e <strong><mark style=\"background-color:rgba(0, 0, 0, 0)\" class=\"has-inline-color has-vivid-cyan-blue-color\">coercibilidade<\/mark><\/strong>.<\/p>\n\n\n\n<h2 class=\"wp-block-heading\"><strong>Uso e abuso de poder<\/strong><\/h2>\n\n\n\n<p>O princ\u00edpio da <strong><mark style=\"background-color:rgba(0, 0, 0, 0)\" class=\"has-inline-color has-vivid-cyan-blue-color\">supremacia do interesse p\u00fablico<\/mark><\/strong> justifica o exerc\u00edcio dos poderes administrativos na estrita medida em que sejam necess\u00e1rios ao atingimento dos fins p\u00fablicos. Por outro lado, o exerc\u00edcio ileg\u00edtimo das prerrogativas previstas no ordenamento jur\u00eddico \u00e0 Administra\u00e7\u00e3o P\u00fablica se caracteriza, de forma gen\u00e9rica, como abuso de poder, que \u00e9 uma esp\u00e9cie de ilegalidade.<\/p>\n\n\n\n<p>Nesse contexto, podemos afirmar que o <strong><mark style=\"background-color:rgba(0, 0, 0, 0)\" class=\"has-inline-color has-vivid-cyan-blue-color\">abuso de poder \u00e9 um g\u00eanero que comporta duas esp\u00e9cies:<\/mark><\/strong><\/p>\n\n\n\n<ol class=\"wp-block-list\" type=\"a\">\n<li><strong><mark style=\"background-color:rgba(0, 0, 0, 0)\" class=\"has-inline-color has-vivid-cyan-blue-color\">Excesso de poder:<\/mark><\/strong> quando o agente p\u00fablico atua fora dos limites de sua esfera de compet\u00eancia;<\/li>\n\n\n\n<li><strong><mark style=\"background-color:rgba(0, 0, 0, 0)\" class=\"has-inline-color has-vivid-cyan-blue-color\">Desvio de poder (desvio de finalidade):<\/mark><\/strong> quando o agente atua dentro de sua esfera de compet\u00eancia, por\u00e9m de forma contr\u00e1ria \u00e0 finalidade expl\u00edcita ou impl\u00edcita na lei que determinou ou autorizou o ato. Nesse caso, ser\u00e1 desvio de poder a tanto conduta contr\u00e1ria \u00e0 finalidade geral (interesse p\u00fablico, finalidade mediata) quanto \u00e0 finalidade espec\u00edfica (imediata).<\/li>\n<\/ol>\n\n\n\n<p>Em seu livro eletr\u00f4nico (PDF), o Professor Ant\u00f4nio Daud traz a figura do abuso de poder de forma bastante did\u00e1tica:<\/p>\n\n\n\n<figure class=\"wp-block-image aligncenter size-full\"><img loading=\"lazy\" decoding=\"async\" width=\"606\" height=\"113\" src=\"https:\/\/dhg1h5j42swfq.cloudfront.net\/2023\/04\/05152018\/image-35.png\" alt=\"\" class=\"wp-image-1197710\" srcset=\"https:\/\/dhg1h5j42swfq.cloudfront.net\/2023\/04\/05152018\/image-35.png 606w, https:\/\/dhg1h5j42swfq.cloudfront.net\/2023\/04\/05152018\/image-35-300x56.png 300w, https:\/\/dhg1h5j42swfq.cloudfront.net\/2023\/04\/05152018\/image-35-150x28.png 150w\" sizes=\"auto, (max-width: 606px) 100vw, 606px\" \/><\/figure>\n\n\n\n<p>Agora n\u00e3o d\u00e1 mais para esquecer, n\u00e3o \u00e9 mesmo?!<\/p>\n\n\n\n<h2 class=\"wp-block-heading\"><strong>Videoaula: Poderes Administrativos<\/strong><\/h2>\n\n\n\n<p>Pessoal, no v\u00eddeo abaixo o Professor Th\u00e1llius Moraes trouxe, de forma bastante did\u00e1tica, os principais pontos acerca dos atos e dos poderes administrativos:&nbsp;<\/p>\n\n\n<figure class=\"wp-block-embed-youtube wp-block-embed is-type-video is-provider-youtube wp-embed-aspect-16-9 wp-has-aspect-ratio\"><div class=\"lyte-wrapper\" style=\"width:853px;max-width:100%;margin:5px;\"><div class=\"lyMe\" id=\"WYL_L_4iV9pXt-0\"><div id=\"lyte_L_4iV9pXt-0\" data-src=\"\/\/i.ytimg.com\/vi\/L_4iV9pXt-0\/hqdefault.jpg\" class=\"pL\"><div class=\"tC\"><div class=\"tT\"><\/div><\/div><div class=\"play\"><\/div><div class=\"ctrl\"><div class=\"Lctrl\"><\/div><div class=\"Rctrl\"><\/div><\/div><\/div><noscript><a href=\"https:\/\/youtu.be\/L_4iV9pXt-0\" rel=\"nofollow\"><img loading=\"lazy\" decoding=\"async\" src=\"https:\/\/i.ytimg.com\/vi\/L_4iV9pXt-0\/0.jpg\" alt=\"YouTube video thumbnail\" width=\"853\" height=\"460\" \/><br \/>Assista a este v\u00eddeo no YouTube<\/a><\/noscript><\/div><\/div><div class=\"lL\" style=\"max-width:100%;width:853px;margin:5px;\"><\/div><figcaption><\/figcaption><\/figure>\n\n\n<p class=\"wp-embed-aspect-16-9 wp-has-aspect-ratio\"><a href=\"https:\/\/www.youtube.com\/watch?v=L_4iV9pXt-0&amp;ab_channel=Estrat%C3%A9giaConcursos\">https:\/\/www.youtube.com\/watch?v=L_4iV9pXt-0&amp;ab_channel=Estrat%C3%A9giaConcursos<\/a><\/p>\n\n\n\n<h2 class=\"wp-block-heading\" id=\"h-consideracoes-finais\"><strong>Considera\u00e7\u00f5es Finais<\/strong><\/h2>\n\n\n\n<p>Finalizamos mais um artigo, galera. Hoje trouxemos um resumo sobre os <strong><mark style=\"background-color:rgba(0, 0, 0, 0)\" class=\"has-inline-color has-vivid-cyan-blue-color\">Poderes Administrativos<\/mark><\/strong> com a finalidade de facilitar a revis\u00e3o dos alunos a respeito desse tema t\u00e3o importante e que \u00e9 tema certo em sua prova de Direito Administrativo no concurso do TJ-RN.<\/p>\n\n\n\n<p>Desejamos que as informa\u00e7\u00f5es aqui apresentadas possam ajud\u00e1-los na jornada di\u00e1ria de estudos e, dessa forma, contribuir para sua aprova\u00e7\u00e3o.<\/p>\n\n\n\n<p>Para uma prepara\u00e7\u00e3o completa, invista nos <strong><a href=\"https:\/\/www.estrategiaconcursos.com.br\/cursos\/concurso\/\">cursos do Estrat\u00e9gia Concursos.<\/a> <\/strong>L\u00e1 voc\u00ea encontrar\u00e1 aulas completas e detalhadas, com os melhores professores do mercado, de todos os t\u00f3picos exigidos no edital do seu concurso.<\/p>\n\n\n\n<p>Conhe\u00e7a tamb\u00e9m o <strong><a href=\"https:\/\/concursos.estrategia.com\/\">Sistema de Quest\u00f5es do Estrat\u00e9gia.<\/a><\/strong> Afinal, a \u00fanica maneira de consolidar o conte\u00fado de maneira satisfat\u00f3ria \u00e9 atrav\u00e9s da resolu\u00e7\u00e3o de quest\u00f5es.<\/p>\n\n\n\n<p>At\u00e9 a pr\u00f3xima, pessoal!<\/p>\n\n\n\n<h2 class=\"wp-block-heading has-text-align-center\" id=\"h-quer-saber-tudo-sobre-concursos-previstos-confira-nossos-artigos\">Quer saber tudo sobre concursos previstos?<br \/>Confira nossos artigos!<\/h2>\n\n\n\n<ul class=\"wp-block-list\">\n<li><a href=\"https:\/\/www.estrategiaconcursos.com.br\/blog\/concursos-abertos\/\" target=\"_blank\" rel=\"noreferrer noopener\">Concursos abertos<\/a><\/li>\n\n\n\n<li><a href=\"https:\/\/www.estrategiaconcursos.com.br\/blog\/concursos-2023\/\" target=\"_blank\" rel=\"noreferrer noopener\">Concursos 2023<\/a><\/li>\n<\/ul>\n\n\n\n<h2 class=\"wp-block-heading has-text-align-center\" id=\"curso-tj-rn\"><strong><em>Quer estudar para o concurso do TJ RN?<\/em><\/strong><\/h2>\n\n\n\n<div class=\"container\" id=\"boxes\">\n  <div class=\"row\">\n\n    <div class=\"col-sm\">\n      <div class=\"banner-tribunal\" id=\"box-assinatura\">\n        <h3 class=\"titulo-assinatura\">Cursos para TJ RN<\/h3>\n        <p class=\"subtitulo-assinatura\">Conhe\u00e7a os cursos<\/p>\n        <div class=\"box-botao\">\n          <a class=\"btn-assinatura\" target=\"_blank\" href=\"https:\/\/www.estrategiaconcursos.com.br\/cursosPorConcurso\/tribunal-de-justica-do-rio-grande-do-norte-tj-rn\/\" role=\"button\" rel=\"noopener noreferrer\">Conhe\u00e7a mais<\/a>\n        <\/div>\n      <\/div>\n      <p class=\"texto-auxiliar\">Prepare-se com o melhor material e com quem mais aprova em Concursos P\u00fablicos em todo o pa\u00eds.<\/p>\n    <\/div>\n\n  <\/div>\n<\/div>\n\n\n\n<div class=\"container\" id=\"boxes\">\n  <div class=\"row\">\n\n    <div class=\"col-sm\">\n      <div class=\"estrategia\" id=\"box-assinatura\">\n        <h3 class=\"titulo-assinatura\">Assinatura Concursos<\/h3>\n        <p class=\"subtitulo-assinatura\">Assinatura de 1 ano ou 2 anos<\/p>\n        <div class=\"box-botao\">\n          <a class=\"btn-assinatura\" target=\"_blank\" href=\"https:\/\/www.estrategiaconcursos.com.br\/assinaturas\/\" role=\"button\" rel=\"noopener noreferrer\">ASSINE AGORA<\/a>\n        <\/div>\n      <\/div>\n     \n    <\/div><\/div><\/div>\n","protected":false},"excerpt":{"rendered":"<p>Poderes Administrativos para o TJ-RN Ol\u00e1, amigos. Tudo bom? Esperamos que sim. O edital do concurso do TJ-RN acabou de ser publicado. S\u00e3o ofertadas 229 vagas mais cadastro reserva, com remunera\u00e7\u00e3o inicial que varia de R$ 3.974,08 a R$ 7.301,18. A inscri\u00e7\u00f5es para esse certamente ir\u00e3o ocorrer entre os dias 08 de mar\u00e7o e 10 [&hellip;]<\/p>\n","protected":false},"author":1572,"featured_media":1188003,"comment_status":"open","ping_status":"closed","sticky":false,"template":"","format":"standard","meta":{"post_tipo":"article","footnotes":""},"categories":[1,1984,220737],"tags":[],"tax_estado":[219963,219983],"class_list":["post-1197708","post","type-post","status-publish","format-standard","has-post-thumbnail","hentry","category-cursos-e-concursos","category-tribunais","category-tribunais-tribunais","tax_estado-concursos-federais","tax_estado-rn"],"acf":[],"yoast_head":"<!-- This site is optimized with the Yoast SEO Premium plugin v27.2 (Yoast SEO v27.2) - https:\/\/yoast.com\/product\/yoast-seo-premium-wordpress\/ -->\n<title>Poderes Administrativos para o TJ-RN<\/title>\n<meta name=\"description\" content=\"Este artigo se trata de um resumo te\u00f3rico sobre o tema Poderes Administrativos voltado ao concurso do TJ-RN.\" \/>\n<meta name=\"robots\" content=\"index, follow, max-snippet:-1, max-image-preview:large, max-video-preview:-1\" \/>\n<link rel=\"canonical\" href=\"https:\/\/www.estrategiaconcursos.com.br\/blog\/poderes-administrativos-tjrn\/\" \/>\n<meta property=\"og:locale\" content=\"pt_BR\" \/>\n<meta property=\"og:type\" content=\"article\" \/>\n<meta property=\"og:title\" content=\"Poderes Administrativos para o TJ-RN\" \/>\n<meta property=\"og:description\" content=\"Este artigo se trata de um resumo te\u00f3rico sobre o tema Poderes Administrativos voltado ao concurso do TJ-RN.\" \/>\n<meta property=\"og:url\" content=\"https:\/\/www.estrategiaconcursos.com.br\/blog\/poderes-administrativos-tjrn\/\" \/>\n<meta property=\"og:site_name\" content=\"Estrat\u00e9gia Concursos\" \/>\n<meta property=\"article:published_time\" content=\"2023-05-08T14:00:00+00:00\" \/>\n<meta property=\"og:image\" content=\"https:\/\/dhg1h5j42swfq.cloudfront.net\/2023\/03\/16183701\/tjrn.png\" \/>\n\t<meta property=\"og:image:width\" content=\"750\" \/>\n\t<meta property=\"og:image:height\" content=\"375\" \/>\n\t<meta property=\"og:image:type\" content=\"image\/png\" \/>\n<meta name=\"author\" content=\"Marcela Neves Suonski\" \/>\n<meta name=\"twitter:card\" content=\"summary_large_image\" \/>\n<meta name=\"twitter:creator\" content=\"@EstratConcursos\" \/>\n<meta name=\"twitter:site\" content=\"@EstratConcursos\" \/>\n<meta name=\"twitter:label1\" content=\"Escrito por\" \/>\n\t<meta name=\"twitter:data1\" content=\"Marcela Neves Suonski\" \/>\n\t<meta name=\"twitter:label2\" content=\"Est. tempo de leitura\" \/>\n\t<meta name=\"twitter:data2\" content=\"6 minutos\" \/>\n<script type=\"application\/ld+json\" class=\"yoast-schema-graph\">{\"@context\":\"https:\/\/schema.org\",\"@graph\":[{\"@type\":\"NewsArticle\",\"@id\":\"https:\/\/www.estrategiaconcursos.com.br\/blog\/poderes-administrativos-tjrn\/#article\",\"isPartOf\":{\"@id\":\"https:\/\/www.estrategiaconcursos.com.br\/blog\/poderes-administrativos-tjrn\/\"},\"author\":{\"name\":\"Marcela Neves Suonski\",\"@id\":\"https:\/\/www.estrategiaconcursos.com.br\/blog\/#\/schema\/person\/a15c21c2f6fa4756fcdcb8613065671c\"},\"headline\":\"Poderes Administrativos para o TJ-RN\",\"datePublished\":\"2023-05-08T14:00:00+00:00\",\"mainEntityOfPage\":{\"@id\":\"https:\/\/www.estrategiaconcursos.com.br\/blog\/poderes-administrativos-tjrn\/\"},\"wordCount\":1142,\"commentCount\":0,\"publisher\":{\"@id\":\"https:\/\/www.estrategiaconcursos.com.br\/blog\/#organization\"},\"image\":{\"@id\":\"https:\/\/www.estrategiaconcursos.com.br\/blog\/poderes-administrativos-tjrn\/#primaryimage\"},\"thumbnailUrl\":\"https:\/\/dhg1h5j42swfq.cloudfront.net\/2023\/03\/16183701\/tjrn.png\",\"articleSection\":[\"Concursos P\u00fablicos\",\"Tribunais\",\"Tribunais\"],\"inLanguage\":\"pt-BR\",\"potentialAction\":[{\"@type\":\"CommentAction\",\"name\":\"Comment\",\"target\":[\"https:\/\/www.estrategiaconcursos.com.br\/blog\/poderes-administrativos-tjrn\/#respond\"]}],\"copyrightYear\":\"2023\",\"copyrightHolder\":{\"@id\":\"https:\/\/www.estrategiaconcursos.com.br\/blog\/#organization\"}},{\"@type\":\"WebPage\",\"@id\":\"https:\/\/www.estrategiaconcursos.com.br\/blog\/poderes-administrativos-tjrn\/\",\"url\":\"https:\/\/www.estrategiaconcursos.com.br\/blog\/poderes-administrativos-tjrn\/\",\"name\":\"Poderes Administrativos para o TJ-RN\",\"isPartOf\":{\"@id\":\"https:\/\/www.estrategiaconcursos.com.br\/blog\/#website\"},\"primaryImageOfPage\":{\"@id\":\"https:\/\/www.estrategiaconcursos.com.br\/blog\/poderes-administrativos-tjrn\/#primaryimage\"},\"image\":{\"@id\":\"https:\/\/www.estrategiaconcursos.com.br\/blog\/poderes-administrativos-tjrn\/#primaryimage\"},\"thumbnailUrl\":\"https:\/\/dhg1h5j42swfq.cloudfront.net\/2023\/03\/16183701\/tjrn.png\",\"datePublished\":\"2023-05-08T14:00:00+00:00\",\"description\":\"Este artigo se trata de um resumo te\u00f3rico sobre o tema Poderes Administrativos voltado ao concurso do TJ-RN.\",\"breadcrumb\":{\"@id\":\"https:\/\/www.estrategiaconcursos.com.br\/blog\/poderes-administrativos-tjrn\/#breadcrumb\"},\"inLanguage\":\"pt-BR\",\"potentialAction\":[{\"@type\":\"ReadAction\",\"target\":[\"https:\/\/www.estrategiaconcursos.com.br\/blog\/poderes-administrativos-tjrn\/\"]}]},{\"@type\":\"ImageObject\",\"inLanguage\":\"pt-BR\",\"@id\":\"https:\/\/www.estrategiaconcursos.com.br\/blog\/poderes-administrativos-tjrn\/#primaryimage\",\"url\":\"https:\/\/dhg1h5j42swfq.cloudfront.net\/2023\/03\/16183701\/tjrn.png\",\"contentUrl\":\"https:\/\/dhg1h5j42swfq.cloudfront.net\/2023\/03\/16183701\/tjrn.png\",\"width\":750,\"height\":375,\"caption\":\"TJRN\"},{\"@type\":\"BreadcrumbList\",\"@id\":\"https:\/\/www.estrategiaconcursos.com.br\/blog\/poderes-administrativos-tjrn\/#breadcrumb\",\"itemListElement\":[{\"@type\":\"ListItem\",\"position\":1,\"name\":\"In\u00edcio\",\"item\":\"https:\/\/www.estrategiaconcursos.com.br\/blog\/\"},{\"@type\":\"ListItem\",\"position\":2,\"name\":\"Poderes Administrativos para o TJ-RN\"}]},{\"@type\":\"WebSite\",\"@id\":\"https:\/\/www.estrategiaconcursos.com.br\/blog\/#website\",\"url\":\"https:\/\/www.estrategiaconcursos.com.br\/blog\/\",\"name\":\"Estrat\u00e9gia Concursos\",\"description\":\"O blog da Estrat\u00e9gia Concursos traz not\u00edcias sobre concursos e artigos de professores oferecendo cursos para concursos (pdf + videaulas) no site.\",\"publisher\":{\"@id\":\"https:\/\/www.estrategiaconcursos.com.br\/blog\/#organization\"},\"potentialAction\":[{\"@type\":\"SearchAction\",\"target\":{\"@type\":\"EntryPoint\",\"urlTemplate\":\"https:\/\/www.estrategiaconcursos.com.br\/blog\/?s={search_term_string}\"},\"query-input\":{\"@type\":\"PropertyValueSpecification\",\"valueRequired\":true,\"valueName\":\"search_term_string\"}}],\"inLanguage\":\"pt-BR\"},{\"@type\":\"Organization\",\"@id\":\"https:\/\/www.estrategiaconcursos.com.br\/blog\/#organization\",\"name\":\"Estrat\u00e9gia Concursos\",\"url\":\"https:\/\/www.estrategiaconcursos.com.br\/blog\/\",\"logo\":{\"@type\":\"ImageObject\",\"inLanguage\":\"pt-BR\",\"@id\":\"https:\/\/www.estrategiaconcursos.com.br\/blog\/#\/schema\/logo\/image\/\",\"url\":\"https:\/\/dhg1h5j42swfq.cloudfront.net\/2025\/06\/03203428\/logo_concursos-1.jpg\",\"contentUrl\":\"https:\/\/dhg1h5j42swfq.cloudfront.net\/2025\/06\/03203428\/logo_concursos-1.jpg\",\"width\":230,\"height\":60,\"caption\":\"Estrat\u00e9gia Concursos\"},\"image\":{\"@id\":\"https:\/\/www.estrategiaconcursos.com.br\/blog\/#\/schema\/logo\/image\/\"},\"sameAs\":[\"https:\/\/x.com\/EstratConcursos\"]},{\"@type\":\"Person\",\"@id\":\"https:\/\/www.estrategiaconcursos.com.br\/blog\/#\/schema\/person\/a15c21c2f6fa4756fcdcb8613065671c\",\"name\":\"Marcela Neves Suonski\",\"image\":{\"@type\":\"ImageObject\",\"inLanguage\":\"pt-BR\",\"@id\":\"https:\/\/secure.gravatar.com\/avatar\/0d4a2e1e9762c57505715db480ae30bd030689a7d92a8cfab6265cca9baff330?s=96&d=mm&r=g\",\"url\":\"https:\/\/secure.gravatar.com\/avatar\/0d4a2e1e9762c57505715db480ae30bd030689a7d92a8cfab6265cca9baff330?s=96&d=mm&r=g\",\"contentUrl\":\"https:\/\/secure.gravatar.com\/avatar\/0d4a2e1e9762c57505715db480ae30bd030689a7d92a8cfab6265cca9baff330?s=96&d=mm&r=g\",\"caption\":\"Marcela Neves Suonski\"},\"url\":\"https:\/\/www.estrategiaconcursos.com.br\/blog\/author\/marcela_nevessuonskihotmail-com\/\"}]}<\/script>\n<!-- \/ Yoast SEO Premium plugin. -->","yoast_head_json":{"title":"Poderes Administrativos para o TJ-RN","description":"Este artigo se trata de um resumo te\u00f3rico sobre o tema Poderes Administrativos voltado ao concurso do TJ-RN.","robots":{"index":"index","follow":"follow","max-snippet":"max-snippet:-1","max-image-preview":"max-image-preview:large","max-video-preview":"max-video-preview:-1"},"canonical":"https:\/\/www.estrategiaconcursos.com.br\/blog\/poderes-administrativos-tjrn\/","og_locale":"pt_BR","og_type":"article","og_title":"Poderes Administrativos para o TJ-RN","og_description":"Este artigo se trata de um resumo te\u00f3rico sobre o tema Poderes Administrativos voltado ao concurso do TJ-RN.","og_url":"https:\/\/www.estrategiaconcursos.com.br\/blog\/poderes-administrativos-tjrn\/","og_site_name":"Estrat\u00e9gia Concursos","article_published_time":"2023-05-08T14:00:00+00:00","og_image":[{"width":750,"height":375,"url":"https:\/\/dhg1h5j42swfq.cloudfront.net\/2023\/03\/16183701\/tjrn.png","type":"image\/png"}],"author":"Marcela Neves Suonski","twitter_card":"summary_large_image","twitter_creator":"@EstratConcursos","twitter_site":"@EstratConcursos","twitter_misc":{"Escrito por":"Marcela Neves Suonski","Est. tempo de leitura":"6 minutos"},"schema":{"@context":"https:\/\/schema.org","@graph":[{"@type":"NewsArticle","@id":"https:\/\/www.estrategiaconcursos.com.br\/blog\/poderes-administrativos-tjrn\/#article","isPartOf":{"@id":"https:\/\/www.estrategiaconcursos.com.br\/blog\/poderes-administrativos-tjrn\/"},"author":{"name":"Marcela Neves Suonski","@id":"https:\/\/www.estrategiaconcursos.com.br\/blog\/#\/schema\/person\/a15c21c2f6fa4756fcdcb8613065671c"},"headline":"Poderes Administrativos para o TJ-RN","datePublished":"2023-05-08T14:00:00+00:00","mainEntityOfPage":{"@id":"https:\/\/www.estrategiaconcursos.com.br\/blog\/poderes-administrativos-tjrn\/"},"wordCount":1142,"commentCount":0,"publisher":{"@id":"https:\/\/www.estrategiaconcursos.com.br\/blog\/#organization"},"image":{"@id":"https:\/\/www.estrategiaconcursos.com.br\/blog\/poderes-administrativos-tjrn\/#primaryimage"},"thumbnailUrl":"https:\/\/dhg1h5j42swfq.cloudfront.net\/2023\/03\/16183701\/tjrn.png","articleSection":["Concursos P\u00fablicos","Tribunais","Tribunais"],"inLanguage":"pt-BR","potentialAction":[{"@type":"CommentAction","name":"Comment","target":["https:\/\/www.estrategiaconcursos.com.br\/blog\/poderes-administrativos-tjrn\/#respond"]}],"copyrightYear":"2023","copyrightHolder":{"@id":"https:\/\/www.estrategiaconcursos.com.br\/blog\/#organization"}},{"@type":"WebPage","@id":"https:\/\/www.estrategiaconcursos.com.br\/blog\/poderes-administrativos-tjrn\/","url":"https:\/\/www.estrategiaconcursos.com.br\/blog\/poderes-administrativos-tjrn\/","name":"Poderes Administrativos para o TJ-RN","isPartOf":{"@id":"https:\/\/www.estrategiaconcursos.com.br\/blog\/#website"},"primaryImageOfPage":{"@id":"https:\/\/www.estrategiaconcursos.com.br\/blog\/poderes-administrativos-tjrn\/#primaryimage"},"image":{"@id":"https:\/\/www.estrategiaconcursos.com.br\/blog\/poderes-administrativos-tjrn\/#primaryimage"},"thumbnailUrl":"https:\/\/dhg1h5j42swfq.cloudfront.net\/2023\/03\/16183701\/tjrn.png","datePublished":"2023-05-08T14:00:00+00:00","description":"Este artigo se trata de um resumo te\u00f3rico sobre o tema Poderes Administrativos voltado ao concurso do TJ-RN.","breadcrumb":{"@id":"https:\/\/www.estrategiaconcursos.com.br\/blog\/poderes-administrativos-tjrn\/#breadcrumb"},"inLanguage":"pt-BR","potentialAction":[{"@type":"ReadAction","target":["https:\/\/www.estrategiaconcursos.com.br\/blog\/poderes-administrativos-tjrn\/"]}]},{"@type":"ImageObject","inLanguage":"pt-BR","@id":"https:\/\/www.estrategiaconcursos.com.br\/blog\/poderes-administrativos-tjrn\/#primaryimage","url":"https:\/\/dhg1h5j42swfq.cloudfront.net\/2023\/03\/16183701\/tjrn.png","contentUrl":"https:\/\/dhg1h5j42swfq.cloudfront.net\/2023\/03\/16183701\/tjrn.png","width":750,"height":375,"caption":"TJRN"},{"@type":"BreadcrumbList","@id":"https:\/\/www.estrategiaconcursos.com.br\/blog\/poderes-administrativos-tjrn\/#breadcrumb","itemListElement":[{"@type":"ListItem","position":1,"name":"In\u00edcio","item":"https:\/\/www.estrategiaconcursos.com.br\/blog\/"},{"@type":"ListItem","position":2,"name":"Poderes Administrativos para o TJ-RN"}]},{"@type":"WebSite","@id":"https:\/\/www.estrategiaconcursos.com.br\/blog\/#website","url":"https:\/\/www.estrategiaconcursos.com.br\/blog\/","name":"Estrat\u00e9gia Concursos","description":"O blog da Estrat\u00e9gia Concursos traz not\u00edcias sobre concursos e artigos de professores oferecendo cursos para concursos (pdf + videaulas) no site.","publisher":{"@id":"https:\/\/www.estrategiaconcursos.com.br\/blog\/#organization"},"potentialAction":[{"@type":"SearchAction","target":{"@type":"EntryPoint","urlTemplate":"https:\/\/www.estrategiaconcursos.com.br\/blog\/?s={search_term_string}"},"query-input":{"@type":"PropertyValueSpecification","valueRequired":true,"valueName":"search_term_string"}}],"inLanguage":"pt-BR"},{"@type":"Organization","@id":"https:\/\/www.estrategiaconcursos.com.br\/blog\/#organization","name":"Estrat\u00e9gia Concursos","url":"https:\/\/www.estrategiaconcursos.com.br\/blog\/","logo":{"@type":"ImageObject","inLanguage":"pt-BR","@id":"https:\/\/www.estrategiaconcursos.com.br\/blog\/#\/schema\/logo\/image\/","url":"https:\/\/dhg1h5j42swfq.cloudfront.net\/2025\/06\/03203428\/logo_concursos-1.jpg","contentUrl":"https:\/\/dhg1h5j42swfq.cloudfront.net\/2025\/06\/03203428\/logo_concursos-1.jpg","width":230,"height":60,"caption":"Estrat\u00e9gia Concursos"},"image":{"@id":"https:\/\/www.estrategiaconcursos.com.br\/blog\/#\/schema\/logo\/image\/"},"sameAs":["https:\/\/x.com\/EstratConcursos"]},{"@type":"Person","@id":"https:\/\/www.estrategiaconcursos.com.br\/blog\/#\/schema\/person\/a15c21c2f6fa4756fcdcb8613065671c","name":"Marcela Neves Suonski","image":{"@type":"ImageObject","inLanguage":"pt-BR","@id":"https:\/\/secure.gravatar.com\/avatar\/0d4a2e1e9762c57505715db480ae30bd030689a7d92a8cfab6265cca9baff330?s=96&d=mm&r=g","url":"https:\/\/secure.gravatar.com\/avatar\/0d4a2e1e9762c57505715db480ae30bd030689a7d92a8cfab6265cca9baff330?s=96&d=mm&r=g","contentUrl":"https:\/\/secure.gravatar.com\/avatar\/0d4a2e1e9762c57505715db480ae30bd030689a7d92a8cfab6265cca9baff330?s=96&d=mm&r=g","caption":"Marcela Neves Suonski"},"url":"https:\/\/www.estrategiaconcursos.com.br\/blog\/author\/marcela_nevessuonskihotmail-com\/"}]}},"_links":{"self":[{"href":"https:\/\/www.estrategiaconcursos.com.br\/blog\/wp-json\/wp\/v2\/posts\/1197708","targetHints":{"allow":["GET"]}}],"collection":[{"href":"https:\/\/www.estrategiaconcursos.com.br\/blog\/wp-json\/wp\/v2\/posts"}],"about":[{"href":"https:\/\/www.estrategiaconcursos.com.br\/blog\/wp-json\/wp\/v2\/types\/post"}],"author":[{"embeddable":true,"href":"https:\/\/www.estrategiaconcursos.com.br\/blog\/wp-json\/wp\/v2\/users\/1572"}],"replies":[{"embeddable":true,"href":"https:\/\/www.estrategiaconcursos.com.br\/blog\/wp-json\/wp\/v2\/comments?post=1197708"}],"version-history":[{"count":10,"href":"https:\/\/www.estrategiaconcursos.com.br\/blog\/wp-json\/wp\/v2\/posts\/1197708\/revisions"}],"predecessor-version":[{"id":1197858,"href":"https:\/\/www.estrategiaconcursos.com.br\/blog\/wp-json\/wp\/v2\/posts\/1197708\/revisions\/1197858"}],"wp:featuredmedia":[{"embeddable":true,"href":"https:\/\/www.estrategiaconcursos.com.br\/blog\/wp-json\/wp\/v2\/media\/1188003"}],"wp:attachment":[{"href":"https:\/\/www.estrategiaconcursos.com.br\/blog\/wp-json\/wp\/v2\/media?parent=1197708"}],"wp:term":[{"taxonomy":"category","embeddable":true,"href":"https:\/\/www.estrategiaconcursos.com.br\/blog\/wp-json\/wp\/v2\/categories?post=1197708"},{"taxonomy":"post_tag","embeddable":true,"href":"https:\/\/www.estrategiaconcursos.com.br\/blog\/wp-json\/wp\/v2\/tags?post=1197708"},{"taxonomy":"tax_estado","embeddable":true,"href":"https:\/\/www.estrategiaconcursos.com.br\/blog\/wp-json\/wp\/v2\/tax_estado?post=1197708"}],"curies":[{"name":"wp","href":"https:\/\/api.w.org\/{rel}","templated":true}]}}