{"id":1196574,"date":"2023-05-01T11:24:35","date_gmt":"2023-05-01T14:24:35","guid":{"rendered":"https:\/\/www.estrategiaconcursos.com.br\/blog\/?p=1196574"},"modified":"2023-06-29T15:05:15","modified_gmt":"2023-06-29T18:05:15","slug":"concurso-camara-de-natal-edital-publicado","status":"publish","type":"post","link":"https:\/\/www.estrategiaconcursos.com.br\/blog\/concurso-camara-de-natal-edital-publicado\/","title":{"rendered":"Edital C\u00e2mara de Natal tem prova reagendada; confira"},"content":{"rendered":"\n<p>Foram remarcadas as provas do <strong>edital C\u00e2mara de Natal<\/strong>, localizada no estado do Rio Grande do Norte, para o cargo de Assistente Legislativo \u2013 Assistente Geral. Agora, a aplica\u00e7\u00e3o ocorrer\u00e1 no dia <strong>30 de julho<\/strong>.<\/p>\n\n\n\n<p>A\u00a0<a href=\"https:\/\/www.estrategiaconcursos.com.br\/blog\/camara-de-natal-prova-assistente-legislativo-reaplicada\/\" target=\"_blank\" rel=\"noreferrer noopener\">anula\u00e7\u00e3o<\/a>\u00a0da etapa se deu ap\u00f3s 20 quest\u00f5es terem a alternativa \u201cA\u201d como correta, gerando suspeitas por parte dos candidatos que, inclusive, podem solicitar a devolu\u00e7\u00e3o da taxa de inscri\u00e7\u00e3o. <\/p>\n\n\n\n<p>Ao todo, o certame oferta o total de <strong>46 vagas imediatas<\/strong>. As oportunidades s\u00e3o para os cargos de T\u00e9cnico Legislativo e Assistente Legislativo (diversas especialidades), com exig\u00eancia de n\u00edveis m\u00e9dio e superior de forma\u00e7\u00e3o. Os sal\u00e1rios iniciais variam de <strong>R$ 1.916,15 a R$ 2.949,80<\/strong>.<\/p>\n\n\n\n<ul class=\"has-background wp-block-list\" style=\"background-color:#d2c8a9\">\n<li><strong>C\u00e2mara de Natal<\/strong><\/li>\n\n\n\n<li><strong>Status:\u00a0<\/strong>prova remarcada (Assistente Legislativo \u2013 Assistente Geral)<\/li>\n\n\n\n<li><strong>Banca<\/strong>: FUNCERN<\/li>\n\n\n\n<li><strong>Vagas:<\/strong>&nbsp;46<\/li>\n\n\n\n<li><strong>Sal\u00e1rio:<\/strong>&nbsp;R$ 1.916,15 a R$ 2.949,80<\/li>\n\n\n\n<li><strong>Edital:&nbsp;<\/strong><a href=\"https:\/\/dhg1h5j42swfq.cloudfront.net\/2023\/04\/04104834\/edital_001_2023_camara_natal_-_concurso_geral_29-03-2023.pdf\" target=\"_blank\" rel=\"noreferrer noopener nofollow\">C\u00e2mara de Natal &#8211; 2023<\/a><\/li>\n<\/ul>\n\n\n\n<h2 class=\"wp-block-heading\" id=\"datas\">Principais datas do edital C\u00e2mara de Natal<\/h2>\n\n\n\n<ul class=\"wp-block-list\">\n<li><strong>Inscri\u00e7\u00f5es<\/strong>: <s>10 de abril a 25 de maio<\/s><\/li>\n\n\n\n<li><strong>Isen\u00e7\u00e3o da taxa<\/strong>: <s>10 a 14 de abril<\/s><\/li>\n\n\n\n<li><strong>\u00daltimo dia para pagamento<\/strong>: <s>26 de maio<\/s><\/li>\n\n\n\n<li><strong>Prova<\/strong>: <s>18 de junho<\/s> | 30 de julho &#8211; Assistente Legislativo \u2013 Assistente Geral<\/li>\n<\/ul>\n\n\n\n<h2 class=\"wp-block-heading\" id=\"cargos-vagas\">Cargos e vagas do edital C\u00e2mara de Natal<\/h2>\n\n\n\n<p><strong>N\u00edvel m\u00e9dio<\/strong><\/p>\n\n\n\n<figure class=\"wp-block-table is-style-stripes\"><table class=\"has-background has-fixed-layout\" style=\"background-color:#dfd8c5\"><thead><tr><th class=\"has-text-align-center\" data-align=\"center\">Cargos<\/th><th class=\"has-text-align-center\" data-align=\"center\">Vagas<\/th><th class=\"has-text-align-center\" data-align=\"center\">Sal\u00e1rio<\/th><\/tr><\/thead><tbody><tr><td class=\"has-text-align-center\" data-align=\"center\"><a href=\"https:\/\/www.estrategiaconcursos.com.br\/curso\/camara-de-natal-rn-tecnico-legislativo-tecnico-em-administracao-pacote-2023-pos-edital\/\" target=\"_blank\" rel=\"noreferrer noopener\">T\u00e9cnico Legislativo &#8211; Administra\u00e7\u00e3o<\/a><\/td><td class=\"has-text-align-center\" data-align=\"center\">5<\/td><td class=\"has-text-align-center\" data-align=\"center\">R$ 1.916,15<\/td><\/tr><tr><td class=\"has-text-align-center\" data-align=\"center\">T\u00e9cnico Legislativo &#8211; Eletro Eletr\u00f4nica<\/td><td class=\"has-text-align-center\" data-align=\"center\">1<\/td><td class=\"has-text-align-center\" data-align=\"center\">R$ 1.916,15<\/td><\/tr><tr><td class=\"has-text-align-center\" data-align=\"center\">T\u00e9cnico Legislativo &#8211; Eventos<\/td><td class=\"has-text-align-center\" data-align=\"center\">2<\/td><td class=\"has-text-align-center\" data-align=\"center\">R$ 1.916,15<\/td><\/tr><tr><td class=\"has-text-align-center\" data-align=\"center\"><a href=\"https:\/\/www.estrategiaconcursos.com.br\/curso\/camara-de-natal-rn-tecnico-legislativo-tecnico-em-manutencao-e-suporte-em-informatica-pacote-2023-pos-edital\/\" target=\"_blank\" rel=\"noreferrer noopener\">T\u00e9cnico Legislativo &#8211; Manuten\u00e7\u00e3o e Suporte em Inform\u00e1tica<\/a><\/td><td class=\"has-text-align-center\" data-align=\"center\">2<\/td><td class=\"has-text-align-center\" data-align=\"center\">R$ 1.916,15<\/td><\/tr><tr><td class=\"has-text-align-center\" data-align=\"center\"><a href=\"https:\/\/www.estrategiaconcursos.com.br\/curso\/camara-de-natal-rn-ecnico-legislativo-tecnico-em-redes-de-computadores-pacote-2023-pos-edital\/\" target=\"_blank\" rel=\"noreferrer noopener\">T\u00e9cnico Legislativo &#8211; Rede de Computadores<\/a><\/td><td class=\"has-text-align-center\" data-align=\"center\">2<\/td><td class=\"has-text-align-center\" data-align=\"center\">R$ 1.916,15<\/td><\/tr><\/tbody><\/table><\/figure>\n\n\n\n<p><strong>N\u00edvel superior<\/strong><\/p>\n\n\n\n<figure class=\"wp-block-table is-style-stripes\"><table class=\"has-background has-fixed-layout\" style=\"background-color:#dfd8c5\"><thead><tr><th class=\"has-text-align-center\" data-align=\"center\">Cargos<\/th><th class=\"has-text-align-center\" data-align=\"center\">Vagas<\/th><th class=\"has-text-align-center\" data-align=\"center\">Sal\u00e1rio<\/th><\/tr><\/thead><tbody><tr><td class=\"has-text-align-center\" data-align=\"center\"><a href=\"https:\/\/www.estrategiaconcursos.com.br\/curso\/camara-de-natal-rn-assistente-legislativo-administracao-pacote-2023-pos-edital\/\" target=\"_blank\" rel=\"noreferrer noopener\">Assistente Legislativo &#8211; Administrador<\/a><\/td><td class=\"has-text-align-center\" data-align=\"center\">4<\/td><td class=\"has-text-align-center\" data-align=\"center\">R$ 2.949,80<\/td><\/tr><tr><td class=\"has-text-align-center\" data-align=\"center\"><a href=\"https:\/\/www.estrategiaconcursos.com.br\/curso\/camara-de-natal-rn-assistente-legislativo-assistente-geral-generalista-pacote-2023-pos-edital\/\" target=\"_blank\" rel=\"noreferrer noopener\">Assistente Legislativo &#8211; Assistente Geral<\/a><\/td><td class=\"has-text-align-center\" data-align=\"center\">12<\/td><td class=\"has-text-align-center\" data-align=\"center\">R$ 2.949,80<\/td><\/tr><tr><td class=\"has-text-align-center\" data-align=\"center\"><a href=\"https:\/\/www.estrategiaconcursos.com.br\/curso\/camara-de-natal-rn-assistente-legislativo-arquivista-pacote-completo-2023-pos-edital\/\" target=\"_blank\" rel=\"noreferrer noopener\">Assistente Legislativo &#8211; Arquivista<\/a><\/td><td class=\"has-text-align-center\" data-align=\"center\">1<\/td><td class=\"has-text-align-center\" data-align=\"center\">R$ 2.949,80<\/td><\/tr><tr><td class=\"has-text-align-center\" data-align=\"center\">Assistente Legislativo &#8211; Arquiteto Urbanista<\/td><td class=\"has-text-align-center\" data-align=\"center\">1<\/td><td class=\"has-text-align-center\" data-align=\"center\">R$ 2.949,80<\/td><\/tr><tr><td class=\"has-text-align-center\" data-align=\"center\"><a href=\"https:\/\/www.estrategiaconcursos.com.br\/curso\/camara-de-natal-rn-assistente-legislativo-biblioteconomista-pacote-completo-2023-pos-edital\/\" target=\"_blank\" rel=\"noreferrer noopener\">Assistente Legislativo &#8211; Biblioteconomia<\/a><\/td><td class=\"has-text-align-center\" data-align=\"center\">1<\/td><td class=\"has-text-align-center\" data-align=\"center\">R$ 2.949,80<\/td><\/tr><tr><td class=\"has-text-align-center\" data-align=\"center\"><a href=\"https:\/\/www.estrategiaconcursos.com.br\/curso\/camara-de-natal-rn-assistente-legislativo-ciencias-contabeis-pacote-2023-pos-edital\/\" target=\"_blank\" rel=\"noreferrer noopener\">Assistente Legislativo &#8211; Contador<\/a><\/td><td class=\"has-text-align-center\" data-align=\"center\">3<\/td><td class=\"has-text-align-center\" data-align=\"center\">R$ 2.949,80<\/td><\/tr><tr><td class=\"has-text-align-center\" data-align=\"center\"><a href=\"https:\/\/www.estrategiaconcursos.com.br\/curso\/camara-de-natal-rn-assistente-legislativo-economista-pacote-2023-pos-edital\/\" target=\"_blank\" rel=\"noreferrer noopener\">Assistente Legislativo &#8211; Economista<\/a><\/td><td class=\"has-text-align-center\" data-align=\"center\">1<\/td><td class=\"has-text-align-center\" data-align=\"center\">R$ 2.949,80<\/td><\/tr><tr><td class=\"has-text-align-center\" data-align=\"center\">Assistente Legislativo &#8211; Engenheiro Civil<\/td><td class=\"has-text-align-center\" data-align=\"center\">1<\/td><td class=\"has-text-align-center\" data-align=\"center\">R$ 2.949,80<\/td><\/tr><tr><td class=\"has-text-align-center\" data-align=\"center\"><a href=\"https:\/\/www.estrategiaconcursos.com.br\/curso\/camara-de-natal-rn-assistente-legislativo-engenheiro-da-computacao-pacote-2023-pos-edital\/\" target=\"_blank\" rel=\"noreferrer noopener\">Assistente Legislativo &#8211; Engenheiro da Computa\u00e7\u00e3o<\/a><\/td><td class=\"has-text-align-center\" data-align=\"center\">2<\/td><td class=\"has-text-align-center\" data-align=\"center\">R$ 2.949,80<\/td><\/tr><tr><td class=\"has-text-align-center\" data-align=\"center\"><a href=\"https:\/\/www.estrategiaconcursos.com.br\/curso\/camara-de-natal-rn-assistente-legislativo-gestao-publica-pacote-2023-pos-edital\/\" target=\"_blank\" rel=\"noreferrer noopener\">Assistente Legislativo &#8211; Gest\u00e3o P\u00fablica<\/a><\/td><td class=\"has-text-align-center\" data-align=\"center\">3<\/td><td class=\"has-text-align-center\" data-align=\"center\">R$ 2.949,80<\/td><\/tr><tr><td class=\"has-text-align-center\" data-align=\"center\"><a href=\"https:\/\/www.estrategiaconcursos.com.br\/curso\/camara-de-natal-rn-assistente-legislativo-jornalista-pacote-2023-pos-edital\/\" target=\"_blank\" rel=\"noreferrer noopener\">Assistente Legislativo &#8211; Jornalista<\/a><\/td><td class=\"has-text-align-center\" data-align=\"center\">1<\/td><td class=\"has-text-align-center\" data-align=\"center\">R$ 2.949,80<\/td><\/tr><tr><td class=\"has-text-align-center\" data-align=\"center\"><a href=\"https:\/\/www.estrategiaconcursos.com.br\/curso\/camara-de-natal-rn-assistente-legislativo-letras-pacote-2023-pos-edital\/\" target=\"_blank\" rel=\"noreferrer noopener\">Assistente Legislativo &#8211; Letras<\/a><\/td><td class=\"has-text-align-center\" data-align=\"center\">2<\/td><td class=\"has-text-align-center\" data-align=\"center\">R$ 2.949,80<\/td><\/tr><tr><td class=\"has-text-align-center\" data-align=\"center\"><a href=\"https:\/\/www.estrategiaconcursos.com.br\/curso\/camara-de-natal-rn-assistente-legislativo-pedagogia-pacote-2023-pos-edital\/\" target=\"_blank\" rel=\"noreferrer noopener\">Assistente Legislativo -Pedagogo<\/a><\/td><td class=\"has-text-align-center\" data-align=\"center\">1<\/td><td class=\"has-text-align-center\" data-align=\"center\">R$ 2.949,80<\/td><\/tr><tr><td class=\"has-text-align-center\" data-align=\"center\"><a href=\"https:\/\/www.estrategiaconcursos.com.br\/curso\/camara-de-natal-rn-assistente-legislativo-pregoeiro-pacote-2023-pos-edital\/\" target=\"_blank\" rel=\"noreferrer noopener\">Assistente Legislativo &#8211; Pregoeiro<\/a><\/td><td class=\"has-text-align-center\" data-align=\"center\">1<\/td><td class=\"has-text-align-center\" data-align=\"center\">R$ 2.949,80<\/td><\/tr><\/tbody><\/table><\/figure>\n\n\n\n<h3 class=\"wp-block-heading\" id=\"etapas\">Etapas e provas do concurso C\u00e2mara de Natal<\/h3>\n\n\n\n<p>Os candidatos do concurso C\u00e2mara de Natal ser\u00e3o avaliados mediante aplica\u00e7\u00e3o de duas etapas, compostas de:<\/p>\n\n\n\n<ol class=\"wp-block-list\">\n<li><strong>Prova Objetiva<\/strong>: para todos os cargos, de car\u00e1ter eliminat\u00f3rio e classificat\u00f3rio;<\/li>\n\n\n\n<li><strong>Avalia\u00e7\u00e3o de T\u00edtulos<\/strong>: apenas para n\u00edvel superior, de car\u00e1ter classificat\u00f3rio.<\/li>\n<\/ol>\n\n\n\n<h3 class=\"wp-block-heading\" id=\"objetiva\">Provas Objetivas<\/h3>\n\n\n\n<p>A Prova Objetiva ser\u00e1 constitu\u00edda por quest\u00f5es de m\u00faltipla escolha, de car\u00e1ter eliminat\u00f3rio e classificat\u00f3rio, com dura\u00e7\u00e3o de 04 horas.<\/p>\n\n\n\n<ul class=\"wp-block-list\">\n<li><strong>N\u00edvel superior<\/strong>\n<ul class=\"wp-block-list\">\n<li><em>L\u00edngua Portuguesa \u2013 10 quest\u00f5es (peso 2,00)<\/em><\/li>\n\n\n\n<li><em>L\u00f3gica \u2013 10&nbsp;<\/em><em>quest\u00f5es (peso 2,00)<\/em><\/li>\n\n\n\n<li><em>Conhecimentos Espec\u00edficos \u2013 20<\/em><em>&nbsp;quest\u00f5es (peso 3,00)<\/em><\/li>\n<\/ul>\n<\/li>\n\n\n\n<li><strong>N\u00edvel m\u00e9dio<\/strong>\n<ul class=\"wp-block-list\">\n<li><em>L\u00edngua Portuguesa \u2013 10<\/em><em>&nbsp;quest\u00f5es (peso 2,00)<\/em><\/li>\n\n\n\n<li><em>Inform\u00e1tica \u2013 10<\/em><em>&nbsp;quest\u00f5es (peso 2,00)<\/em><\/li>\n\n\n\n<li><em>Conhecimentos Espec\u00edficos \u2013 20<\/em><em>&nbsp;quest\u00f5es (peso 3,00)<\/em><\/li>\n<\/ul>\n<\/li>\n<\/ul>\n\n\n\n<p>Ser\u00e1 considerado habilitado o candidato que obtiver no m\u00ednimo 60% dos pontos da Prova Objetiva e nota diferente de zero em cada disciplina.<\/p>\n\n\n\n<h3 class=\"wp-block-heading\" id=\"titulos\">Avalia\u00e7\u00e3o de T\u00edtulos<\/h3>\n\n\n\n<p>Somente participar\u00e3o da Avalia\u00e7\u00e3o de T\u00edtulos os candidatos de n\u00edvel superior aprovados na Prova Objetiva. Cada candidato poder\u00e1 protocolar at\u00e9 dois arquivos em formato PDF.<\/p>\n\n\n\n<p>A etapa do concurso C\u00e2mara de Natal valer\u00e1 no m\u00e1ximo 10 pontos, conforme tabela abaixo:<\/p>\n\n\n\n<figure class=\"wp-block-image aligncenter\"><img loading=\"lazy\" decoding=\"async\" width=\"574\" height=\"328\" src=\"https:\/\/dhg1h5j42swfq.cloudfront.net\/2023\/04\/04093532\/image-13.png\" alt=\"Quadro de t\u00edtulos do concurso C\u00e2mara de Natal\" class=\"wp-image-1196465\" srcset=\"https:\/\/dhg1h5j42swfq.cloudfront.net\/2023\/04\/04093532\/image-13.png 574w, https:\/\/dhg1h5j42swfq.cloudfront.net\/2023\/04\/04093532\/image-13-300x171.png 300w, https:\/\/dhg1h5j42swfq.cloudfront.net\/2023\/04\/04093532\/image-13-150x86.png 150w\" sizes=\"auto, (max-width: 574px) 100vw, 574px\" \/><figcaption class=\"wp-element-caption\">Quadro de t\u00edtulos do concurso C\u00e2mara de Natal<\/figcaption><\/figure>\n\n\n\n<h2 class=\"wp-block-heading has-text-align-center\" id=\"h-quer-saber-tudo-sobre-concursos-previstos-confira-nossos-artigos\">Quer saber tudo sobre concursos previstos?<br \/>Confira nossos artigos!<\/h2>\n\n\n\n<ul class=\"wp-block-list\">\n<li><a href=\"https:\/\/www.estrategiaconcursos.com.br\/blog\/concursos-abertos\/\" target=\"_blank\" rel=\"noreferrer noopener\">Concursos abertos<\/a><\/li>\n\n\n\n<li><a href=\"https:\/\/www.estrategiaconcursos.com.br\/blog\/concursos-2023\/\" target=\"_blank\" rel=\"noreferrer noopener\">Concursos 2023<\/a><\/li>\n\n\n\n<li><a href=\"https:\/\/www.estrategiaconcursos.com.br\/blog\/concursos-2024\/\" target=\"_blank\" rel=\"noreferrer noopener\">Concursos 2024<\/a><\/li>\n<\/ul>\n\n\n\n<div class=\"container\" id=\"boxes\">\r\n  <div class=\"row\">\r\n\r\n    <div class=\"col-sm\">\r\n      <div class=\"banner-legislativo\" id=\"box-assinatura\">\r\n        <h3 class=\"titulo-assinatura\">Concurso C\u00e2mara de Natal<\/h3>\r\n        <p class=\"subtitulo-assinatura\">Conhe\u00e7a os cursos<\/p>\r\n        <div class=\"box-botao\">\r\n          <a class=\"btn-assinatura\" target=\"_blank\" href=\"https:\/\/www.estrategiaconcursos.com.br\/cursosPorConcurso\/camara-municipal-de-natal-rn\/\" role=\"button\" rel=\"noopener noreferrer\">Conhe\u00e7a mais<\/a>\r\n        <\/div>\r\n      <\/div>\r\n     \r\n\r\n  <\/div>\r\n<\/div><\/div>\n\n\n\n<div class=\"container\" id=\"boxes\">\r\n  <div class=\"row\">\r\n\r\n    <div class=\"col-sm\">\r\n      <div class=\"estrategia\" id=\"box-assinatura\">\r\n        <h3 class=\"titulo-assinatura\">Assinatura de Concursos<\/h3>\r\n        <p class=\"subtitulo-assinatura\">Assinatura de 1 ano ou 2 anos<\/p>\r\n        <div class=\"box-botao\">\r\n          <a class=\"btn-assinatura\" target=\"_blank\" href=\"https:\/\/www.estrategiaconcursos.com.br\/assinaturas\/\" role=\"button\" rel=\"noopener noreferrer\">ASSINE AGORA<\/a>\r\n        <\/div>\r\n      <\/div>\r\n     \r\n    <\/div><\/div><\/div>\n\n\n\n<figure class=\"wp-block-image size-large is-resized\"><img loading=\"lazy\" decoding=\"async\" src=\"https:\/\/dhg1h5j42swfq.cloudfront.net\/2021\/08\/03075659\/ficha-tecnica-1-1024x632.png\" alt=\"Ficha t\u00e9cnica\" class=\"wp-image-827472\" width=\"254\" height=\"156\" srcset=\"https:\/\/dhg1h5j42swfq.cloudfront.net\/2021\/08\/03075659\/ficha-tecnica-1-1024x632.png 1024w, https:\/\/dhg1h5j42swfq.cloudfront.net\/2021\/08\/03075659\/ficha-tecnica-1-300x185.png 300w, https:\/\/dhg1h5j42swfq.cloudfront.net\/2021\/08\/03075659\/ficha-tecnica-1-768x474.png 768w, https:\/\/dhg1h5j42swfq.cloudfront.net\/2021\/08\/03075659\/ficha-tecnica-1-1536x948.png 1536w, https:\/\/dhg1h5j42swfq.cloudfront.net\/2021\/08\/03075659\/ficha-tecnica-1-610x377.png 610w, https:\/\/dhg1h5j42swfq.cloudfront.net\/2021\/08\/03075659\/ficha-tecnica-1.png 1571w\" sizes=\"auto, (max-width: 254px) 100vw, 254px\" \/><\/figure>\n\n\n\n<h3 class=\"wp-block-heading\" id=\"informacoes-do-ultimo-concurso-camara-de-natal\">Informa\u00e7\u00f5es do concurso&nbsp;C\u00e2mara de Natal-RN<\/h3>\n\n\n\n<ul class=\"wp-block-list\">\n<li><strong>Provas:<\/strong>\u00a018\/06\/2023 e 30\/07\/2023<\/li>\n\n\n\n<li><strong>Vagas:&nbsp;<\/strong>46<\/li>\n\n\n\n<li><strong>Cargos:&nbsp;<\/strong>v\u00e1rios<\/li>\n\n\n\n<li><strong>Escolaridade:<\/strong>&nbsp;n\u00edvel m\u00e9dio e superior<\/li>\n\n\n\n<li><strong>Banca:<\/strong>&nbsp;FUNCERN<\/li>\n\n\n\n<li><strong>Edital: <\/strong><a href=\"https:\/\/dhg1h5j42swfq.cloudfront.net\/2023\/04\/04092013\/edital-camara-de-natal-2023.pdf\" target=\"_blank\" rel=\"noreferrer noopener nofollow\">C\u00e2mara de Natal-2023<\/a><\/li>\n<\/ul>\n","protected":false},"excerpt":{"rendered":"<p>Foram remarcadas as provas do edital C\u00e2mara de Natal, localizada no estado do Rio Grande do Norte, para o cargo de Assistente Legislativo \u2013 Assistente Geral. Agora, a aplica\u00e7\u00e3o ocorrer\u00e1 no dia 30 de julho. A\u00a0anula\u00e7\u00e3o\u00a0da etapa se deu ap\u00f3s 20 quest\u00f5es terem a alternativa \u201cA\u201d como correta, gerando suspeitas por parte dos candidatos que, [&hellip;]<\/p>\n","protected":false},"author":1483,"featured_media":1030857,"comment_status":"open","ping_status":"closed","sticky":false,"template":"","format":"standard","meta":{"post_tipo":"news","footnotes":""},"categories":[2017,220219],"tags":[],"tax_estado":[219983],"class_list":["post-1196574","post","type-post","status-publish","format-standard","has-post-thumbnail","hentry","category-concursos-legislativos","category-noticias","tax_estado-rn"],"acf":[],"yoast_head":"<!-- This site is optimized with the Yoast SEO Premium plugin v27.2 (Yoast SEO v27.2) - https:\/\/yoast.com\/product\/yoast-seo-premium-wordpress\/ -->\n<title>Edital C\u00e2mara de Natal tem prova reagendada; confira<\/title>\n<meta name=\"description\" content=\"Foi publicado o edital C\u00e2mara de Natal, com oferta de 46 vagas imediatas. Acesse o site e confira todos os detalhes!\" \/>\n<meta name=\"robots\" content=\"index, follow, max-snippet:-1, max-image-preview:large, max-video-preview:-1\" \/>\n<link rel=\"canonical\" href=\"https:\/\/www.estrategiaconcursos.com.br\/blog\/concurso-camara-de-natal-edital-publicado\/\" \/>\n<meta property=\"og:locale\" content=\"pt_BR\" \/>\n<meta property=\"og:type\" content=\"article\" \/>\n<meta property=\"og:title\" content=\"Edital C\u00e2mara de Natal tem prova reagendada; confira\" \/>\n<meta property=\"og:description\" content=\"Foi publicado o edital C\u00e2mara de Natal, com oferta de 46 vagas imediatas. Acesse o site e confira todos os detalhes!\" \/>\n<meta property=\"og:url\" content=\"https:\/\/www.estrategiaconcursos.com.br\/blog\/concurso-camara-de-natal-edital-publicado\/\" \/>\n<meta property=\"og:site_name\" content=\"Estrat\u00e9gia Concursos\" \/>\n<meta property=\"article:published_time\" content=\"2023-05-01T14:24:35+00:00\" \/>\n<meta property=\"article:modified_time\" content=\"2023-06-29T18:05:15+00:00\" \/>\n<meta property=\"og:image\" content=\"https:\/\/dhg1h5j42swfq.cloudfront.net\/2022\/05\/19132747\/camara_de_natal.jpg\" \/>\n\t<meta property=\"og:image:width\" content=\"768\" \/>\n\t<meta property=\"og:image:height\" content=\"432\" \/>\n\t<meta property=\"og:image:type\" content=\"image\/jpeg\" \/>\n<meta name=\"author\" content=\"Diogo Mendes\" \/>\n<meta name=\"twitter:card\" content=\"summary_large_image\" \/>\n<meta name=\"twitter:creator\" content=\"@EstratConcursos\" \/>\n<meta name=\"twitter:site\" content=\"@EstratConcursos\" \/>\n<meta name=\"twitter:label1\" content=\"Escrito por\" \/>\n\t<meta name=\"twitter:data1\" content=\"Diogo Mendes\" \/>\n\t<meta name=\"twitter:label2\" content=\"Est. tempo de leitura\" \/>\n\t<meta name=\"twitter:data2\" content=\"3 minutos\" \/>\n<script type=\"application\/ld+json\" class=\"yoast-schema-graph\">{\"@context\":\"https:\/\/schema.org\",\"@graph\":[{\"@type\":\"NewsArticle\",\"@id\":\"https:\/\/www.estrategiaconcursos.com.br\/blog\/concurso-camara-de-natal-edital-publicado\/#article\",\"isPartOf\":{\"@id\":\"https:\/\/www.estrategiaconcursos.com.br\/blog\/concurso-camara-de-natal-edital-publicado\/\"},\"author\":{\"name\":\"Diogo Mendes\",\"@id\":\"https:\/\/www.estrategiaconcursos.com.br\/blog\/#\/schema\/person\/cc9e76173880338ce9f656c88664a1f6\"},\"headline\":\"Edital C\u00e2mara de Natal tem prova reagendada; confira\",\"datePublished\":\"2023-05-01T14:24:35+00:00\",\"dateModified\":\"2023-06-29T18:05:15+00:00\",\"mainEntityOfPage\":{\"@id\":\"https:\/\/www.estrategiaconcursos.com.br\/blog\/concurso-camara-de-natal-edital-publicado\/\"},\"wordCount\":618,\"commentCount\":0,\"publisher\":{\"@id\":\"https:\/\/www.estrategiaconcursos.com.br\/blog\/#organization\"},\"image\":{\"@id\":\"https:\/\/www.estrategiaconcursos.com.br\/blog\/concurso-camara-de-natal-edital-publicado\/#primaryimage\"},\"thumbnailUrl\":\"https:\/\/dhg1h5j42swfq.cloudfront.net\/2022\/05\/19132747\/camara_de_natal.jpg\",\"articleSection\":[\"Legislativo\",\"\u00daltimas not\u00edcias\"],\"inLanguage\":\"pt-BR\",\"potentialAction\":[{\"@type\":\"CommentAction\",\"name\":\"Comment\",\"target\":[\"https:\/\/www.estrategiaconcursos.com.br\/blog\/concurso-camara-de-natal-edital-publicado\/#respond\"]}],\"copyrightYear\":\"2023\",\"copyrightHolder\":{\"@id\":\"https:\/\/www.estrategiaconcursos.com.br\/blog\/#organization\"}},{\"@type\":\"WebPage\",\"@id\":\"https:\/\/www.estrategiaconcursos.com.br\/blog\/concurso-camara-de-natal-edital-publicado\/\",\"url\":\"https:\/\/www.estrategiaconcursos.com.br\/blog\/concurso-camara-de-natal-edital-publicado\/\",\"name\":\"Edital C\u00e2mara de Natal tem prova reagendada; confira\",\"isPartOf\":{\"@id\":\"https:\/\/www.estrategiaconcursos.com.br\/blog\/#website\"},\"primaryImageOfPage\":{\"@id\":\"https:\/\/www.estrategiaconcursos.com.br\/blog\/concurso-camara-de-natal-edital-publicado\/#primaryimage\"},\"image\":{\"@id\":\"https:\/\/www.estrategiaconcursos.com.br\/blog\/concurso-camara-de-natal-edital-publicado\/#primaryimage\"},\"thumbnailUrl\":\"https:\/\/dhg1h5j42swfq.cloudfront.net\/2022\/05\/19132747\/camara_de_natal.jpg\",\"datePublished\":\"2023-05-01T14:24:35+00:00\",\"dateModified\":\"2023-06-29T18:05:15+00:00\",\"description\":\"Foi publicado o edital C\u00e2mara de Natal, com oferta de 46 vagas imediatas. Acesse o site e confira todos os detalhes!\",\"breadcrumb\":{\"@id\":\"https:\/\/www.estrategiaconcursos.com.br\/blog\/concurso-camara-de-natal-edital-publicado\/#breadcrumb\"},\"inLanguage\":\"pt-BR\",\"potentialAction\":[{\"@type\":\"ReadAction\",\"target\":[\"https:\/\/www.estrategiaconcursos.com.br\/blog\/concurso-camara-de-natal-edital-publicado\/\"]}]},{\"@type\":\"ImageObject\",\"inLanguage\":\"pt-BR\",\"@id\":\"https:\/\/www.estrategiaconcursos.com.br\/blog\/concurso-camara-de-natal-edital-publicado\/#primaryimage\",\"url\":\"https:\/\/dhg1h5j42swfq.cloudfront.net\/2022\/05\/19132747\/camara_de_natal.jpg\",\"contentUrl\":\"https:\/\/dhg1h5j42swfq.cloudfront.net\/2022\/05\/19132747\/camara_de_natal.jpg\",\"width\":768,\"height\":432,\"caption\":\"concurso C\u00e2mara de Natal\"},{\"@type\":\"BreadcrumbList\",\"@id\":\"https:\/\/www.estrategiaconcursos.com.br\/blog\/concurso-camara-de-natal-edital-publicado\/#breadcrumb\",\"itemListElement\":[{\"@type\":\"ListItem\",\"position\":1,\"name\":\"In\u00edcio\",\"item\":\"https:\/\/www.estrategiaconcursos.com.br\/blog\/\"},{\"@type\":\"ListItem\",\"position\":2,\"name\":\"Edital C\u00e2mara de Natal tem prova reagendada; confira\"}]},{\"@type\":\"WebSite\",\"@id\":\"https:\/\/www.estrategiaconcursos.com.br\/blog\/#website\",\"url\":\"https:\/\/www.estrategiaconcursos.com.br\/blog\/\",\"name\":\"Estrat\u00e9gia Concursos\",\"description\":\"O blog da Estrat\u00e9gia Concursos traz not\u00edcias sobre concursos e artigos de professores oferecendo cursos para concursos (pdf + videaulas) no site.\",\"publisher\":{\"@id\":\"https:\/\/www.estrategiaconcursos.com.br\/blog\/#organization\"},\"potentialAction\":[{\"@type\":\"SearchAction\",\"target\":{\"@type\":\"EntryPoint\",\"urlTemplate\":\"https:\/\/www.estrategiaconcursos.com.br\/blog\/?s={search_term_string}\"},\"query-input\":{\"@type\":\"PropertyValueSpecification\",\"valueRequired\":true,\"valueName\":\"search_term_string\"}}],\"inLanguage\":\"pt-BR\"},{\"@type\":\"Organization\",\"@id\":\"https:\/\/www.estrategiaconcursos.com.br\/blog\/#organization\",\"name\":\"Estrat\u00e9gia Concursos\",\"url\":\"https:\/\/www.estrategiaconcursos.com.br\/blog\/\",\"logo\":{\"@type\":\"ImageObject\",\"inLanguage\":\"pt-BR\",\"@id\":\"https:\/\/www.estrategiaconcursos.com.br\/blog\/#\/schema\/logo\/image\/\",\"url\":\"https:\/\/dhg1h5j42swfq.cloudfront.net\/2025\/06\/03203428\/logo_concursos-1.jpg\",\"contentUrl\":\"https:\/\/dhg1h5j42swfq.cloudfront.net\/2025\/06\/03203428\/logo_concursos-1.jpg\",\"width\":230,\"height\":60,\"caption\":\"Estrat\u00e9gia Concursos\"},\"image\":{\"@id\":\"https:\/\/www.estrategiaconcursos.com.br\/blog\/#\/schema\/logo\/image\/\"},\"sameAs\":[\"https:\/\/x.com\/EstratConcursos\"]},{\"@type\":\"Person\",\"@id\":\"https:\/\/www.estrategiaconcursos.com.br\/blog\/#\/schema\/person\/cc9e76173880338ce9f656c88664a1f6\",\"name\":\"Diogo Mendes\",\"image\":{\"@type\":\"ImageObject\",\"inLanguage\":\"pt-BR\",\"@id\":\"https:\/\/secure.gravatar.com\/avatar\/9754d6777d460a45ef4067b586b94c32005cc2345a0404b8d96adc620cf63806?s=96&d=mm&r=g\",\"url\":\"https:\/\/secure.gravatar.com\/avatar\/9754d6777d460a45ef4067b586b94c32005cc2345a0404b8d96adc620cf63806?s=96&d=mm&r=g\",\"contentUrl\":\"https:\/\/secure.gravatar.com\/avatar\/9754d6777d460a45ef4067b586b94c32005cc2345a0404b8d96adc620cf63806?s=96&d=mm&r=g\",\"caption\":\"Diogo Mendes\"},\"description\":\"Diogo Mendes \u00e9 jornalista formado pela Universidade Paulista, com experi\u00eancia em reda\u00e7\u00f5es de diversos ve\u00edculos e na produ\u00e7\u00e3o de conte\u00fados especializados em concursos p\u00fablicos. Desde 2019, atua no Estrat\u00e9gia Concursos como Jornalista e Analista de Conte\u00fado, com foco na apura\u00e7\u00e3o de informa\u00e7\u00f5es junto a \u00f3rg\u00e3os e fontes oficiais. Dedica-se especialmente \u00e0 produ\u00e7\u00e3o de not\u00edcias e reportagens sobre Concursos Legislativos, al\u00e9m de acompanhar diariamente os concursos policiais, banc\u00e1rios e da \u00e1rea da sa\u00fade.\",\"url\":\"https:\/\/www.estrategiaconcursos.com.br\/blog\/author\/diogo-mendesestrategiaconcursos-com-br\/\"}]}<\/script>\n<!-- \/ Yoast SEO Premium plugin. -->","yoast_head_json":{"title":"Edital C\u00e2mara de Natal tem prova reagendada; confira","description":"Foi publicado o edital C\u00e2mara de Natal, com oferta de 46 vagas imediatas. Acesse o site e confira todos os detalhes!","robots":{"index":"index","follow":"follow","max-snippet":"max-snippet:-1","max-image-preview":"max-image-preview:large","max-video-preview":"max-video-preview:-1"},"canonical":"https:\/\/www.estrategiaconcursos.com.br\/blog\/concurso-camara-de-natal-edital-publicado\/","og_locale":"pt_BR","og_type":"article","og_title":"Edital C\u00e2mara de Natal tem prova reagendada; confira","og_description":"Foi publicado o edital C\u00e2mara de Natal, com oferta de 46 vagas imediatas. Acesse o site e confira todos os detalhes!","og_url":"https:\/\/www.estrategiaconcursos.com.br\/blog\/concurso-camara-de-natal-edital-publicado\/","og_site_name":"Estrat\u00e9gia Concursos","article_published_time":"2023-05-01T14:24:35+00:00","article_modified_time":"2023-06-29T18:05:15+00:00","og_image":[{"width":768,"height":432,"url":"https:\/\/dhg1h5j42swfq.cloudfront.net\/2022\/05\/19132747\/camara_de_natal.jpg","type":"image\/jpeg"}],"author":"Diogo Mendes","twitter_card":"summary_large_image","twitter_creator":"@EstratConcursos","twitter_site":"@EstratConcursos","twitter_misc":{"Escrito por":"Diogo Mendes","Est. tempo de leitura":"3 minutos"},"schema":{"@context":"https:\/\/schema.org","@graph":[{"@type":"NewsArticle","@id":"https:\/\/www.estrategiaconcursos.com.br\/blog\/concurso-camara-de-natal-edital-publicado\/#article","isPartOf":{"@id":"https:\/\/www.estrategiaconcursos.com.br\/blog\/concurso-camara-de-natal-edital-publicado\/"},"author":{"name":"Diogo Mendes","@id":"https:\/\/www.estrategiaconcursos.com.br\/blog\/#\/schema\/person\/cc9e76173880338ce9f656c88664a1f6"},"headline":"Edital C\u00e2mara de Natal tem prova reagendada; confira","datePublished":"2023-05-01T14:24:35+00:00","dateModified":"2023-06-29T18:05:15+00:00","mainEntityOfPage":{"@id":"https:\/\/www.estrategiaconcursos.com.br\/blog\/concurso-camara-de-natal-edital-publicado\/"},"wordCount":618,"commentCount":0,"publisher":{"@id":"https:\/\/www.estrategiaconcursos.com.br\/blog\/#organization"},"image":{"@id":"https:\/\/www.estrategiaconcursos.com.br\/blog\/concurso-camara-de-natal-edital-publicado\/#primaryimage"},"thumbnailUrl":"https:\/\/dhg1h5j42swfq.cloudfront.net\/2022\/05\/19132747\/camara_de_natal.jpg","articleSection":["Legislativo","\u00daltimas not\u00edcias"],"inLanguage":"pt-BR","potentialAction":[{"@type":"CommentAction","name":"Comment","target":["https:\/\/www.estrategiaconcursos.com.br\/blog\/concurso-camara-de-natal-edital-publicado\/#respond"]}],"copyrightYear":"2023","copyrightHolder":{"@id":"https:\/\/www.estrategiaconcursos.com.br\/blog\/#organization"}},{"@type":"WebPage","@id":"https:\/\/www.estrategiaconcursos.com.br\/blog\/concurso-camara-de-natal-edital-publicado\/","url":"https:\/\/www.estrategiaconcursos.com.br\/blog\/concurso-camara-de-natal-edital-publicado\/","name":"Edital C\u00e2mara de Natal tem prova reagendada; confira","isPartOf":{"@id":"https:\/\/www.estrategiaconcursos.com.br\/blog\/#website"},"primaryImageOfPage":{"@id":"https:\/\/www.estrategiaconcursos.com.br\/blog\/concurso-camara-de-natal-edital-publicado\/#primaryimage"},"image":{"@id":"https:\/\/www.estrategiaconcursos.com.br\/blog\/concurso-camara-de-natal-edital-publicado\/#primaryimage"},"thumbnailUrl":"https:\/\/dhg1h5j42swfq.cloudfront.net\/2022\/05\/19132747\/camara_de_natal.jpg","datePublished":"2023-05-01T14:24:35+00:00","dateModified":"2023-06-29T18:05:15+00:00","description":"Foi publicado o edital C\u00e2mara de Natal, com oferta de 46 vagas imediatas. Acesse o site e confira todos os detalhes!","breadcrumb":{"@id":"https:\/\/www.estrategiaconcursos.com.br\/blog\/concurso-camara-de-natal-edital-publicado\/#breadcrumb"},"inLanguage":"pt-BR","potentialAction":[{"@type":"ReadAction","target":["https:\/\/www.estrategiaconcursos.com.br\/blog\/concurso-camara-de-natal-edital-publicado\/"]}]},{"@type":"ImageObject","inLanguage":"pt-BR","@id":"https:\/\/www.estrategiaconcursos.com.br\/blog\/concurso-camara-de-natal-edital-publicado\/#primaryimage","url":"https:\/\/dhg1h5j42swfq.cloudfront.net\/2022\/05\/19132747\/camara_de_natal.jpg","contentUrl":"https:\/\/dhg1h5j42swfq.cloudfront.net\/2022\/05\/19132747\/camara_de_natal.jpg","width":768,"height":432,"caption":"concurso C\u00e2mara de Natal"},{"@type":"BreadcrumbList","@id":"https:\/\/www.estrategiaconcursos.com.br\/blog\/concurso-camara-de-natal-edital-publicado\/#breadcrumb","itemListElement":[{"@type":"ListItem","position":1,"name":"In\u00edcio","item":"https:\/\/www.estrategiaconcursos.com.br\/blog\/"},{"@type":"ListItem","position":2,"name":"Edital C\u00e2mara de Natal tem prova reagendada; confira"}]},{"@type":"WebSite","@id":"https:\/\/www.estrategiaconcursos.com.br\/blog\/#website","url":"https:\/\/www.estrategiaconcursos.com.br\/blog\/","name":"Estrat\u00e9gia Concursos","description":"O blog da Estrat\u00e9gia Concursos traz not\u00edcias sobre concursos e artigos de professores oferecendo cursos para concursos (pdf + videaulas) no site.","publisher":{"@id":"https:\/\/www.estrategiaconcursos.com.br\/blog\/#organization"},"potentialAction":[{"@type":"SearchAction","target":{"@type":"EntryPoint","urlTemplate":"https:\/\/www.estrategiaconcursos.com.br\/blog\/?s={search_term_string}"},"query-input":{"@type":"PropertyValueSpecification","valueRequired":true,"valueName":"search_term_string"}}],"inLanguage":"pt-BR"},{"@type":"Organization","@id":"https:\/\/www.estrategiaconcursos.com.br\/blog\/#organization","name":"Estrat\u00e9gia Concursos","url":"https:\/\/www.estrategiaconcursos.com.br\/blog\/","logo":{"@type":"ImageObject","inLanguage":"pt-BR","@id":"https:\/\/www.estrategiaconcursos.com.br\/blog\/#\/schema\/logo\/image\/","url":"https:\/\/dhg1h5j42swfq.cloudfront.net\/2025\/06\/03203428\/logo_concursos-1.jpg","contentUrl":"https:\/\/dhg1h5j42swfq.cloudfront.net\/2025\/06\/03203428\/logo_concursos-1.jpg","width":230,"height":60,"caption":"Estrat\u00e9gia Concursos"},"image":{"@id":"https:\/\/www.estrategiaconcursos.com.br\/blog\/#\/schema\/logo\/image\/"},"sameAs":["https:\/\/x.com\/EstratConcursos"]},{"@type":"Person","@id":"https:\/\/www.estrategiaconcursos.com.br\/blog\/#\/schema\/person\/cc9e76173880338ce9f656c88664a1f6","name":"Diogo Mendes","image":{"@type":"ImageObject","inLanguage":"pt-BR","@id":"https:\/\/secure.gravatar.com\/avatar\/9754d6777d460a45ef4067b586b94c32005cc2345a0404b8d96adc620cf63806?s=96&d=mm&r=g","url":"https:\/\/secure.gravatar.com\/avatar\/9754d6777d460a45ef4067b586b94c32005cc2345a0404b8d96adc620cf63806?s=96&d=mm&r=g","contentUrl":"https:\/\/secure.gravatar.com\/avatar\/9754d6777d460a45ef4067b586b94c32005cc2345a0404b8d96adc620cf63806?s=96&d=mm&r=g","caption":"Diogo Mendes"},"description":"Diogo Mendes \u00e9 jornalista formado pela Universidade Paulista, com experi\u00eancia em reda\u00e7\u00f5es de diversos ve\u00edculos e na produ\u00e7\u00e3o de conte\u00fados especializados em concursos p\u00fablicos. Desde 2019, atua no Estrat\u00e9gia Concursos como Jornalista e Analista de Conte\u00fado, com foco na apura\u00e7\u00e3o de informa\u00e7\u00f5es junto a \u00f3rg\u00e3os e fontes oficiais. Dedica-se especialmente \u00e0 produ\u00e7\u00e3o de not\u00edcias e reportagens sobre Concursos Legislativos, al\u00e9m de acompanhar diariamente os concursos policiais, banc\u00e1rios e da \u00e1rea da sa\u00fade.","url":"https:\/\/www.estrategiaconcursos.com.br\/blog\/author\/diogo-mendesestrategiaconcursos-com-br\/"}]}},"_links":{"self":[{"href":"https:\/\/www.estrategiaconcursos.com.br\/blog\/wp-json\/wp\/v2\/posts\/1196574","targetHints":{"allow":["GET"]}}],"collection":[{"href":"https:\/\/www.estrategiaconcursos.com.br\/blog\/wp-json\/wp\/v2\/posts"}],"about":[{"href":"https:\/\/www.estrategiaconcursos.com.br\/blog\/wp-json\/wp\/v2\/types\/post"}],"author":[{"embeddable":true,"href":"https:\/\/www.estrategiaconcursos.com.br\/blog\/wp-json\/wp\/v2\/users\/1483"}],"replies":[{"embeddable":true,"href":"https:\/\/www.estrategiaconcursos.com.br\/blog\/wp-json\/wp\/v2\/comments?post=1196574"}],"version-history":[{"count":10,"href":"https:\/\/www.estrategiaconcursos.com.br\/blog\/wp-json\/wp\/v2\/posts\/1196574\/revisions"}],"predecessor-version":[{"id":1241164,"href":"https:\/\/www.estrategiaconcursos.com.br\/blog\/wp-json\/wp\/v2\/posts\/1196574\/revisions\/1241164"}],"wp:featuredmedia":[{"embeddable":true,"href":"https:\/\/www.estrategiaconcursos.com.br\/blog\/wp-json\/wp\/v2\/media\/1030857"}],"wp:attachment":[{"href":"https:\/\/www.estrategiaconcursos.com.br\/blog\/wp-json\/wp\/v2\/media?parent=1196574"}],"wp:term":[{"taxonomy":"category","embeddable":true,"href":"https:\/\/www.estrategiaconcursos.com.br\/blog\/wp-json\/wp\/v2\/categories?post=1196574"},{"taxonomy":"post_tag","embeddable":true,"href":"https:\/\/www.estrategiaconcursos.com.br\/blog\/wp-json\/wp\/v2\/tags?post=1196574"},{"taxonomy":"tax_estado","embeddable":true,"href":"https:\/\/www.estrategiaconcursos.com.br\/blog\/wp-json\/wp\/v2\/tax_estado?post=1196574"}],"curies":[{"name":"wp","href":"https:\/\/api.w.org\/{rel}","templated":true}]}}