{"id":1196277,"date":"2023-05-02T14:00:00","date_gmt":"2023-05-02T17:00:00","guid":{"rendered":"https:\/\/www.estrategiaconcursos.com.br\/blog\/?p=1196277"},"modified":"2023-04-24T15:08:46","modified_gmt":"2023-04-24T18:08:46","slug":"direitos-sociais-tj-rn","status":"publish","type":"post","link":"https:\/\/www.estrategiaconcursos.com.br\/blog\/direitos-sociais-tj-rn\/","title":{"rendered":"Direitos sociais para o TJ RN"},"content":{"rendered":"\n<p>Prezado aluno, na postagem de hoje iremos fazer uma revis\u00e3o da disciplina de Direito Constitucional, sobre o tema Direitos Sociais para o concurso do TJ RN.<\/p>\n\n\n\n<p>O meu nome \u00e9 Carlos Eduardo, sou Consultor do Tesouro da SEFAZ do Esp\u00edrito Santo, coach e professor do Estrat\u00e9gia Concursos. O meu objetivo nesta postagem \u00e9 fazer uma breve revis\u00e3o da do cap\u00edtulo II da CF 88, que versa sobre os Direitos Sociais, do art. 6\u00ba ao art. 11 da Carta Magna.<\/p>\n\n\n\n<p>Escrevi outros artigos contendo outros temas que s\u00e3o cobrados no edital da FGV para o TJ RN, para conferir basta entrar na minha p\u00e1gina aqui no site Estrat\u00e9gia e ver os meus artigos publicados (https:\/\/www.estrategiaconcursos.com.br\/blog\/author\/carloschagascardosogmail-com\/). Tenho dezenas de artigos publicados sobre diversos outros temas que podem ajudar na sua prepara\u00e7\u00e3o.<\/p>\n\n\n\n<figure class=\"wp-block-image aligncenter size-full is-resized\"><img loading=\"lazy\" decoding=\"async\" src=\"https:\/\/dhg1h5j42swfq.cloudfront.net\/2020\/08\/01115903\/30-anos-constituicao.jpg\" alt=\"Direitos sociais para o TJ RN\" class=\"wp-image-550265\" width=\"596\" height=\"336\" srcset=\"https:\/\/dhg1h5j42swfq.cloudfront.net\/2020\/08\/01115903\/30-anos-constituicao.jpg 800w, https:\/\/dhg1h5j42swfq.cloudfront.net\/2020\/08\/01115903\/30-anos-constituicao-300x169.jpg 300w, https:\/\/dhg1h5j42swfq.cloudfront.net\/2020\/08\/01115903\/30-anos-constituicao-768x433.jpg 768w, https:\/\/dhg1h5j42swfq.cloudfront.net\/2020\/08\/01115903\/30-anos-constituicao-610x344.jpg 610w\" sizes=\"auto, (max-width: 596px) 100vw, 596px\" \/><\/figure>\n\n\n\n<p><\/p>\n\n\n\n<p>Essa mat\u00e9ria est\u00e1 prevista no edital do Tribunal de Justi\u00e7a do Estado do Rio Grande do Norte para o cargo de Analista Judici\u00e1rio e de Oficial de Justi\u00e7a, ent\u00e3o a leitura atenta deste artigo poder\u00e1 ser um diferencial na sua prepara\u00e7\u00e3o.<\/p>\n\n\n\n<p>Caso sinta necessidade, antes de come\u00e7ar a leitura deste artigo, aconselho a revis\u00e3o da aula correspondente no curso do TJRN do Estrat\u00e9gia Concursos, bem como a leitura dos artigos supracitados da Constitui\u00e7\u00e3o Federal. Acredito que dever\u00e1 vir uma quest\u00e3o sobre esse tema na prova de voc\u00eas, ent\u00e3o a leitura desse artigo poder\u00e1 ser um diferencial na prepara\u00e7\u00e3o.<\/p>\n\n\n\n<h2 class=\"wp-block-heading\" id=\"h-direitos-sociais-para-o-tj-rn\"><strong>Direitos sociais para o TJ RN<\/strong><\/h2>\n\n\n\n<p>Sobre esse tema, vale ressaltar que de acordo com o art. 6\u00b0, s\u00e3o direitos sociais a educa\u00e7\u00e3o, a sa\u00fade, a alimenta\u00e7\u00e3o, o trabalho, a moradia, o transporte, o lazer, a seguran\u00e7a, a previd\u00eancia social, a prote\u00e7\u00e3o \u00e0 maternidade e \u00e0 inf\u00e2ncia, a assist\u00eancia aos desamparados, na forma desta Constitui\u00e7\u00e3o. Esse artigo costuma ser cobrado em sua literalidade, por vezes a banca troca um dos direitos por outro que n\u00e3o est\u00e1 na lista tornando a assertiva incorreta. Repare que o artigo menciona previd\u00eancia social e n\u00e3o seguridade social, al\u00e9m disso ele fala em prote\u00e7\u00e3o \u00e0 inf\u00e2ncia e n\u00e3o prote\u00e7\u00e3o \u00e0 adolesc\u00eancia, cuidado com pegadinhas nesse sentido.<\/p>\n\n\n\n<p>O art. 7\u00ba enumera os direitos dos trabalhadores urbanos e rurais, aconselho sua leitura com aten\u00e7\u00e3o. Destaco ainda que nem todos os direitos s\u00e3o assegurados aos trabalhadores dom\u00e9sticos, apenas os que est\u00e3o previstos no par\u00e1grafo \u00fanico do artigo.<\/p>\n\n\n\n<p>Sobre a associa\u00e7\u00e3o profissional e sindical, destaco que: o sindicato n\u00e3o precisa de autoriza\u00e7\u00e3o para a sua cria\u00e7\u00e3o; \u00e9 vedada a cria\u00e7\u00e3o de mais de uma organiza\u00e7\u00e3o sindical, em qualquer grau, representativa de categoria profissional ou econ\u00f4mica, na mesma base territorial; e que ningu\u00e9m ser\u00e1 obrigado a filiar-se ou a manter-se filiado a sindicato.<\/p>\n\n\n\n<p>Outro ponto importante diz respeito ao direito de greve, em regra ele \u00e9 assegurado aos trabalhadores, contudo, a lei definir\u00e1 os servi\u00e7os ou atividades essenciais e dispor\u00e1 sobre o atendimento das necessidades inadi\u00e1veis da comunidade.<\/p>\n\n\n\n<p>Al\u00e9m disso, o cap\u00edtulo dos direitos sociais da carta magna ainda assegura a participa\u00e7\u00e3o dos trabalhadores e empregadores nos colegiados dos \u00f3rg\u00e3os p\u00fablicos em que seus interesses profissionais ou previdenci\u00e1rios sejam objeto de discuss\u00e3o e delibera\u00e7\u00e3o.<\/p>\n\n\n\n<p>Por fim, vale destacar que nas empresas com <strong>mais de duzentos empregados<\/strong>, \u00e9 assegurada a elei\u00e7\u00e3o de um representante destes com a finalidade exclusiva de promover-lhes o entendimento direto com os empregadores. J\u00e1 vi algumas quest\u00f5es alterando o n\u00famero de empregados, tornando a quest\u00e3o incorreta, cuidado!<\/p>\n\n\n\n<p>Dica final, agora que a gente fez essa breve revis\u00e3o desse t\u00f3pico da mat\u00e9ria, aproveite e resolva muitas quest\u00f5es da banca do concurso sobre esse tema, pois essa \u00e9 uma \u00f3tima maneira de revisar e saber como a banca costuma cobrar o assunto. Al\u00e9m disso, aproveite para ler os coment\u00e1rios dos professores nas quest\u00f5es (tem algumas quest\u00f5es que eu mesmo comentei como professor), bem como ver as solu\u00e7\u00f5es em v\u00eddeo (existem milhares de quest\u00f5es comentadas por v\u00eddeo pelos professores do Estrat\u00e9gia). Se tiver oportunidade aproveite para comentar tamb\u00e9m adicionando informa\u00e7\u00f5es relevantes nas quest\u00f5es de interesse. \u00c9 fundamental que o candidato resolva muitas quest\u00f5es de modo que na hora da prova esteja acostumado com o tipo de cobran\u00e7a da banca examinadora.<\/p>\n\n\n\n<p>Para quem \u00e9 assinante, aconselho a leitura atenta, bem como a visualiza\u00e7\u00e3o das videoaulas do curso para o TJ RN. Nele, voc\u00ea poder\u00e1 encontrar diversos exerc\u00edcios comentados, bem como mapas mentais de tabelas de atalhos que ir\u00e3o ajudar na fixa\u00e7\u00e3o do tema. O curso \u00e9 bem completo e eu gosto muito da did\u00e1tica do professor.<\/p>\n\n\n\n<p>Por fim, vale salientar que se deve utilizar este artigo e as quest\u00f5es do Sistema de Quest\u00f5es como complemento ao estudo, privilegiando, sempre, o material te\u00f3rico e as quest\u00f5es dos PDF\u2019s das aulas. Al\u00e9m disso, caso sinta necessidade, recomendo a visualiza\u00e7\u00e3o de v\u00eddeo aulas sobre os assuntos de maior dificuldade\/complexidade do edital do TJ RN, inclusive sobre os Direitos sociais.<\/p>\n\n\n\n<p><\/p>\n\n\n\n<p>Carlos Eduardo Cardoso<\/p>\n\n\n\n<p>Consultor do Tesouro Estadual, Coach do Estudo Acompanhado e Professor do Estrat\u00e9gia quest\u00f5es.<\/p>\n\n\n\n<p><\/p>\n\n\n\n<p>Para mais dicas e materiais sobre concurso, siga-me no Instagram:<\/p>\n\n\n\n<p><a href=\"https:\/\/www.instagram.com\/profcarloseduardocardoso\/?igshid=YmMyMTA2M2Y%3D\">@profcarloseduardocardoso<\/a><\/p>\n\n\n\n<p><\/p>\n\n\n\n<p><\/p>\n\n\n\n<h2 class=\"wp-block-heading has-text-align-center\" id=\"quer-saber-tudo-sobre-concursos-previstos-confira-nossos-artigos\">Quer saber tudo sobre concursos previstos?<br \/>Confira nossos artigos!<\/h2>\n\n\n\n<p class=\"has-text-align-center has-pale-cyan-blue-background-color has-background has-medium-font-size\"><a href=\"https:\/\/www.estrategiaconcursos.com.br\/blog\/concursos-abertos\/\" target=\"_blank\" rel=\"noreferrer noopener\">Concursos abertos<\/a><\/p>\n\n\n\n<p class=\"has-text-align-center has-pale-cyan-blue-background-color has-background has-medium-font-size\"><a href=\"https:\/\/www.estrategiaconcursos.com.br\/blog\/concursos-2023\/\" target=\"_blank\" rel=\"noreferrer noopener\">Concursos 2023<\/a><\/p>\n","protected":false},"excerpt":{"rendered":"<p>Prezado aluno, na postagem de hoje iremos fazer uma revis\u00e3o da disciplina de Direito Constitucional, sobre o tema Direitos Sociais para o concurso do TJ RN. O meu nome \u00e9 Carlos Eduardo, sou Consultor do Tesouro da SEFAZ do Esp\u00edrito Santo, coach e professor do Estrat\u00e9gia Concursos. O meu objetivo nesta postagem \u00e9 fazer uma [&hellip;]<\/p>\n","protected":false},"author":2472,"featured_media":680019,"comment_status":"open","ping_status":"closed","sticky":false,"template":"","format":"standard","meta":{"post_tipo":"article","footnotes":""},"categories":[1984],"tags":[834,40,220331,861,48,220332],"tax_estado":[219963,219983],"class_list":["post-1196277","post","type-post","status-publish","format-standard","has-post-thumbnail","hentry","category-tribunais","tag-coaching","tag-concurso","tag-concurso-tj-rn","tag-dicas-de-estudo","tag-edital","tag-tj-rn","tax_estado-concursos-federais","tax_estado-rn"],"acf":[],"yoast_head":"<!-- This site is optimized with the Yoast SEO Premium plugin v27.2 (Yoast SEO v27.2) - https:\/\/yoast.com\/product\/yoast-seo-premium-wordpress\/ -->\n<title>Direitos sociais para o TJ RN<\/title>\n<meta name=\"description\" content=\"Neste artigo ser\u00e1 feita a revis\u00e3o da disciplina de Direito Constitucional, sobre o tema Direitos Sociais para o concurso do TJ RN.\" \/>\n<meta name=\"robots\" content=\"index, follow, max-snippet:-1, max-image-preview:large, max-video-preview:-1\" \/>\n<link rel=\"canonical\" href=\"https:\/\/www.estrategiaconcursos.com.br\/blog\/direitos-sociais-tj-rn\/\" \/>\n<meta property=\"og:locale\" content=\"pt_BR\" \/>\n<meta property=\"og:type\" content=\"article\" \/>\n<meta property=\"og:title\" content=\"Direitos sociais para o TJ RN\" \/>\n<meta property=\"og:description\" content=\"Neste artigo ser\u00e1 feita a revis\u00e3o da disciplina de Direito Constitucional, sobre o tema Direitos Sociais para o concurso do TJ RN.\" \/>\n<meta property=\"og:url\" content=\"https:\/\/www.estrategiaconcursos.com.br\/blog\/direitos-sociais-tj-rn\/\" \/>\n<meta property=\"og:site_name\" content=\"Estrat\u00e9gia Concursos\" \/>\n<meta property=\"article:published_time\" content=\"2023-05-02T17:00:00+00:00\" \/>\n<meta property=\"og:image\" content=\"https:\/\/dhg1h5j42swfq.cloudfront.net\/2021\/02\/25104339\/constituicao-federal-do-brasil-de-1988-1.jpg\" \/>\n\t<meta property=\"og:image:width\" content=\"720\" \/>\n\t<meta property=\"og:image:height\" content=\"405\" \/>\n\t<meta property=\"og:image:type\" content=\"image\/jpeg\" \/>\n<meta name=\"author\" content=\"Carlos Eduardo Chagas Cardoso\" \/>\n<meta name=\"twitter:card\" content=\"summary_large_image\" \/>\n<meta name=\"twitter:creator\" content=\"@EstratConcursos\" \/>\n<meta name=\"twitter:site\" content=\"@EstratConcursos\" \/>\n<meta name=\"twitter:label1\" content=\"Escrito por\" \/>\n\t<meta name=\"twitter:data1\" content=\"Carlos Eduardo Chagas Cardoso\" \/>\n\t<meta name=\"twitter:label2\" content=\"Est. tempo de leitura\" \/>\n\t<meta name=\"twitter:data2\" content=\"5 minutos\" \/>\n<script type=\"application\/ld+json\" class=\"yoast-schema-graph\">{\"@context\":\"https:\/\/schema.org\",\"@graph\":[{\"@type\":\"NewsArticle\",\"@id\":\"https:\/\/www.estrategiaconcursos.com.br\/blog\/direitos-sociais-tj-rn\/#article\",\"isPartOf\":{\"@id\":\"https:\/\/www.estrategiaconcursos.com.br\/blog\/direitos-sociais-tj-rn\/\"},\"author\":{\"name\":\"Carlos Eduardo Chagas Cardoso\",\"@id\":\"https:\/\/www.estrategiaconcursos.com.br\/blog\/#\/schema\/person\/dd0d60f163b910918686346d6b9b7cd5\"},\"headline\":\"Direitos sociais para o TJ RN\",\"datePublished\":\"2023-05-02T17:00:00+00:00\",\"mainEntityOfPage\":{\"@id\":\"https:\/\/www.estrategiaconcursos.com.br\/blog\/direitos-sociais-tj-rn\/\"},\"wordCount\":919,\"commentCount\":0,\"publisher\":{\"@id\":\"https:\/\/www.estrategiaconcursos.com.br\/blog\/#organization\"},\"image\":{\"@id\":\"https:\/\/www.estrategiaconcursos.com.br\/blog\/direitos-sociais-tj-rn\/#primaryimage\"},\"thumbnailUrl\":\"https:\/\/dhg1h5j42swfq.cloudfront.net\/2021\/02\/25104339\/constituicao-federal-do-brasil-de-1988-1.jpg\",\"keywords\":[\"coaching\",\"Concurso\",\"concurso tj rn\",\"dicas de estudo\",\"edital\",\"tj rn\"],\"articleSection\":[\"Tribunais\"],\"inLanguage\":\"pt-BR\",\"potentialAction\":[{\"@type\":\"CommentAction\",\"name\":\"Comment\",\"target\":[\"https:\/\/www.estrategiaconcursos.com.br\/blog\/direitos-sociais-tj-rn\/#respond\"]}],\"copyrightYear\":\"2023\",\"copyrightHolder\":{\"@id\":\"https:\/\/www.estrategiaconcursos.com.br\/blog\/#organization\"}},{\"@type\":\"WebPage\",\"@id\":\"https:\/\/www.estrategiaconcursos.com.br\/blog\/direitos-sociais-tj-rn\/\",\"url\":\"https:\/\/www.estrategiaconcursos.com.br\/blog\/direitos-sociais-tj-rn\/\",\"name\":\"Direitos sociais para o TJ RN\",\"isPartOf\":{\"@id\":\"https:\/\/www.estrategiaconcursos.com.br\/blog\/#website\"},\"primaryImageOfPage\":{\"@id\":\"https:\/\/www.estrategiaconcursos.com.br\/blog\/direitos-sociais-tj-rn\/#primaryimage\"},\"image\":{\"@id\":\"https:\/\/www.estrategiaconcursos.com.br\/blog\/direitos-sociais-tj-rn\/#primaryimage\"},\"thumbnailUrl\":\"https:\/\/dhg1h5j42swfq.cloudfront.net\/2021\/02\/25104339\/constituicao-federal-do-brasil-de-1988-1.jpg\",\"datePublished\":\"2023-05-02T17:00:00+00:00\",\"description\":\"Neste artigo ser\u00e1 feita a revis\u00e3o da disciplina de Direito Constitucional, sobre o tema Direitos Sociais para o concurso do TJ RN.\",\"breadcrumb\":{\"@id\":\"https:\/\/www.estrategiaconcursos.com.br\/blog\/direitos-sociais-tj-rn\/#breadcrumb\"},\"inLanguage\":\"pt-BR\",\"potentialAction\":[{\"@type\":\"ReadAction\",\"target\":[\"https:\/\/www.estrategiaconcursos.com.br\/blog\/direitos-sociais-tj-rn\/\"]}]},{\"@type\":\"ImageObject\",\"inLanguage\":\"pt-BR\",\"@id\":\"https:\/\/www.estrategiaconcursos.com.br\/blog\/direitos-sociais-tj-rn\/#primaryimage\",\"url\":\"https:\/\/dhg1h5j42swfq.cloudfront.net\/2021\/02\/25104339\/constituicao-federal-do-brasil-de-1988-1.jpg\",\"contentUrl\":\"https:\/\/dhg1h5j42swfq.cloudfront.net\/2021\/02\/25104339\/constituicao-federal-do-brasil-de-1988-1.jpg\",\"width\":720,\"height\":405,\"caption\":\"S\u00famula vinculante para TJ-RN\"},{\"@type\":\"BreadcrumbList\",\"@id\":\"https:\/\/www.estrategiaconcursos.com.br\/blog\/direitos-sociais-tj-rn\/#breadcrumb\",\"itemListElement\":[{\"@type\":\"ListItem\",\"position\":1,\"name\":\"In\u00edcio\",\"item\":\"https:\/\/www.estrategiaconcursos.com.br\/blog\/\"},{\"@type\":\"ListItem\",\"position\":2,\"name\":\"Direitos sociais para o TJ RN\"}]},{\"@type\":\"WebSite\",\"@id\":\"https:\/\/www.estrategiaconcursos.com.br\/blog\/#website\",\"url\":\"https:\/\/www.estrategiaconcursos.com.br\/blog\/\",\"name\":\"Estrat\u00e9gia Concursos\",\"description\":\"O blog da Estrat\u00e9gia Concursos traz not\u00edcias sobre concursos e artigos de professores oferecendo cursos para concursos (pdf + videaulas) no site.\",\"publisher\":{\"@id\":\"https:\/\/www.estrategiaconcursos.com.br\/blog\/#organization\"},\"potentialAction\":[{\"@type\":\"SearchAction\",\"target\":{\"@type\":\"EntryPoint\",\"urlTemplate\":\"https:\/\/www.estrategiaconcursos.com.br\/blog\/?s={search_term_string}\"},\"query-input\":{\"@type\":\"PropertyValueSpecification\",\"valueRequired\":true,\"valueName\":\"search_term_string\"}}],\"inLanguage\":\"pt-BR\"},{\"@type\":\"Organization\",\"@id\":\"https:\/\/www.estrategiaconcursos.com.br\/blog\/#organization\",\"name\":\"Estrat\u00e9gia Concursos\",\"url\":\"https:\/\/www.estrategiaconcursos.com.br\/blog\/\",\"logo\":{\"@type\":\"ImageObject\",\"inLanguage\":\"pt-BR\",\"@id\":\"https:\/\/www.estrategiaconcursos.com.br\/blog\/#\/schema\/logo\/image\/\",\"url\":\"https:\/\/dhg1h5j42swfq.cloudfront.net\/2025\/06\/03203428\/logo_concursos-1.jpg\",\"contentUrl\":\"https:\/\/dhg1h5j42swfq.cloudfront.net\/2025\/06\/03203428\/logo_concursos-1.jpg\",\"width\":230,\"height\":60,\"caption\":\"Estrat\u00e9gia Concursos\"},\"image\":{\"@id\":\"https:\/\/www.estrategiaconcursos.com.br\/blog\/#\/schema\/logo\/image\/\"},\"sameAs\":[\"https:\/\/x.com\/EstratConcursos\"]},{\"@type\":\"Person\",\"@id\":\"https:\/\/www.estrategiaconcursos.com.br\/blog\/#\/schema\/person\/dd0d60f163b910918686346d6b9b7cd5\",\"name\":\"Carlos Eduardo Chagas Cardoso\",\"image\":{\"@type\":\"ImageObject\",\"inLanguage\":\"pt-BR\",\"@id\":\"https:\/\/secure.gravatar.com\/avatar\/87e8a3317d2c325a36d045fe2cc05df9d3b54288620d17d0e241ec43377fdc25?s=96&d=mm&r=g\",\"url\":\"https:\/\/secure.gravatar.com\/avatar\/87e8a3317d2c325a36d045fe2cc05df9d3b54288620d17d0e241ec43377fdc25?s=96&d=mm&r=g\",\"contentUrl\":\"https:\/\/secure.gravatar.com\/avatar\/87e8a3317d2c325a36d045fe2cc05df9d3b54288620d17d0e241ec43377fdc25?s=96&d=mm&r=g\",\"caption\":\"Carlos Eduardo Chagas Cardoso\"},\"url\":\"https:\/\/www.estrategiaconcursos.com.br\/blog\/author\/carloschagascardosogmail-com\/\"}]}<\/script>\n<!-- \/ Yoast SEO Premium plugin. -->","yoast_head_json":{"title":"Direitos sociais para o TJ RN","description":"Neste artigo ser\u00e1 feita a revis\u00e3o da disciplina de Direito Constitucional, sobre o tema Direitos Sociais para o concurso do TJ RN.","robots":{"index":"index","follow":"follow","max-snippet":"max-snippet:-1","max-image-preview":"max-image-preview:large","max-video-preview":"max-video-preview:-1"},"canonical":"https:\/\/www.estrategiaconcursos.com.br\/blog\/direitos-sociais-tj-rn\/","og_locale":"pt_BR","og_type":"article","og_title":"Direitos sociais para o TJ RN","og_description":"Neste artigo ser\u00e1 feita a revis\u00e3o da disciplina de Direito Constitucional, sobre o tema Direitos Sociais para o concurso do TJ RN.","og_url":"https:\/\/www.estrategiaconcursos.com.br\/blog\/direitos-sociais-tj-rn\/","og_site_name":"Estrat\u00e9gia Concursos","article_published_time":"2023-05-02T17:00:00+00:00","og_image":[{"width":720,"height":405,"url":"https:\/\/dhg1h5j42swfq.cloudfront.net\/2021\/02\/25104339\/constituicao-federal-do-brasil-de-1988-1.jpg","type":"image\/jpeg"}],"author":"Carlos Eduardo Chagas Cardoso","twitter_card":"summary_large_image","twitter_creator":"@EstratConcursos","twitter_site":"@EstratConcursos","twitter_misc":{"Escrito por":"Carlos Eduardo Chagas Cardoso","Est. tempo de leitura":"5 minutos"},"schema":{"@context":"https:\/\/schema.org","@graph":[{"@type":"NewsArticle","@id":"https:\/\/www.estrategiaconcursos.com.br\/blog\/direitos-sociais-tj-rn\/#article","isPartOf":{"@id":"https:\/\/www.estrategiaconcursos.com.br\/blog\/direitos-sociais-tj-rn\/"},"author":{"name":"Carlos Eduardo Chagas Cardoso","@id":"https:\/\/www.estrategiaconcursos.com.br\/blog\/#\/schema\/person\/dd0d60f163b910918686346d6b9b7cd5"},"headline":"Direitos sociais para o TJ RN","datePublished":"2023-05-02T17:00:00+00:00","mainEntityOfPage":{"@id":"https:\/\/www.estrategiaconcursos.com.br\/blog\/direitos-sociais-tj-rn\/"},"wordCount":919,"commentCount":0,"publisher":{"@id":"https:\/\/www.estrategiaconcursos.com.br\/blog\/#organization"},"image":{"@id":"https:\/\/www.estrategiaconcursos.com.br\/blog\/direitos-sociais-tj-rn\/#primaryimage"},"thumbnailUrl":"https:\/\/dhg1h5j42swfq.cloudfront.net\/2021\/02\/25104339\/constituicao-federal-do-brasil-de-1988-1.jpg","keywords":["coaching","Concurso","concurso tj rn","dicas de estudo","edital","tj rn"],"articleSection":["Tribunais"],"inLanguage":"pt-BR","potentialAction":[{"@type":"CommentAction","name":"Comment","target":["https:\/\/www.estrategiaconcursos.com.br\/blog\/direitos-sociais-tj-rn\/#respond"]}],"copyrightYear":"2023","copyrightHolder":{"@id":"https:\/\/www.estrategiaconcursos.com.br\/blog\/#organization"}},{"@type":"WebPage","@id":"https:\/\/www.estrategiaconcursos.com.br\/blog\/direitos-sociais-tj-rn\/","url":"https:\/\/www.estrategiaconcursos.com.br\/blog\/direitos-sociais-tj-rn\/","name":"Direitos sociais para o TJ RN","isPartOf":{"@id":"https:\/\/www.estrategiaconcursos.com.br\/blog\/#website"},"primaryImageOfPage":{"@id":"https:\/\/www.estrategiaconcursos.com.br\/blog\/direitos-sociais-tj-rn\/#primaryimage"},"image":{"@id":"https:\/\/www.estrategiaconcursos.com.br\/blog\/direitos-sociais-tj-rn\/#primaryimage"},"thumbnailUrl":"https:\/\/dhg1h5j42swfq.cloudfront.net\/2021\/02\/25104339\/constituicao-federal-do-brasil-de-1988-1.jpg","datePublished":"2023-05-02T17:00:00+00:00","description":"Neste artigo ser\u00e1 feita a revis\u00e3o da disciplina de Direito Constitucional, sobre o tema Direitos Sociais para o concurso do TJ RN.","breadcrumb":{"@id":"https:\/\/www.estrategiaconcursos.com.br\/blog\/direitos-sociais-tj-rn\/#breadcrumb"},"inLanguage":"pt-BR","potentialAction":[{"@type":"ReadAction","target":["https:\/\/www.estrategiaconcursos.com.br\/blog\/direitos-sociais-tj-rn\/"]}]},{"@type":"ImageObject","inLanguage":"pt-BR","@id":"https:\/\/www.estrategiaconcursos.com.br\/blog\/direitos-sociais-tj-rn\/#primaryimage","url":"https:\/\/dhg1h5j42swfq.cloudfront.net\/2021\/02\/25104339\/constituicao-federal-do-brasil-de-1988-1.jpg","contentUrl":"https:\/\/dhg1h5j42swfq.cloudfront.net\/2021\/02\/25104339\/constituicao-federal-do-brasil-de-1988-1.jpg","width":720,"height":405,"caption":"S\u00famula vinculante para TJ-RN"},{"@type":"BreadcrumbList","@id":"https:\/\/www.estrategiaconcursos.com.br\/blog\/direitos-sociais-tj-rn\/#breadcrumb","itemListElement":[{"@type":"ListItem","position":1,"name":"In\u00edcio","item":"https:\/\/www.estrategiaconcursos.com.br\/blog\/"},{"@type":"ListItem","position":2,"name":"Direitos sociais para o TJ RN"}]},{"@type":"WebSite","@id":"https:\/\/www.estrategiaconcursos.com.br\/blog\/#website","url":"https:\/\/www.estrategiaconcursos.com.br\/blog\/","name":"Estrat\u00e9gia Concursos","description":"O blog da Estrat\u00e9gia Concursos traz not\u00edcias sobre concursos e artigos de professores oferecendo cursos para concursos (pdf + videaulas) no site.","publisher":{"@id":"https:\/\/www.estrategiaconcursos.com.br\/blog\/#organization"},"potentialAction":[{"@type":"SearchAction","target":{"@type":"EntryPoint","urlTemplate":"https:\/\/www.estrategiaconcursos.com.br\/blog\/?s={search_term_string}"},"query-input":{"@type":"PropertyValueSpecification","valueRequired":true,"valueName":"search_term_string"}}],"inLanguage":"pt-BR"},{"@type":"Organization","@id":"https:\/\/www.estrategiaconcursos.com.br\/blog\/#organization","name":"Estrat\u00e9gia Concursos","url":"https:\/\/www.estrategiaconcursos.com.br\/blog\/","logo":{"@type":"ImageObject","inLanguage":"pt-BR","@id":"https:\/\/www.estrategiaconcursos.com.br\/blog\/#\/schema\/logo\/image\/","url":"https:\/\/dhg1h5j42swfq.cloudfront.net\/2025\/06\/03203428\/logo_concursos-1.jpg","contentUrl":"https:\/\/dhg1h5j42swfq.cloudfront.net\/2025\/06\/03203428\/logo_concursos-1.jpg","width":230,"height":60,"caption":"Estrat\u00e9gia Concursos"},"image":{"@id":"https:\/\/www.estrategiaconcursos.com.br\/blog\/#\/schema\/logo\/image\/"},"sameAs":["https:\/\/x.com\/EstratConcursos"]},{"@type":"Person","@id":"https:\/\/www.estrategiaconcursos.com.br\/blog\/#\/schema\/person\/dd0d60f163b910918686346d6b9b7cd5","name":"Carlos Eduardo Chagas Cardoso","image":{"@type":"ImageObject","inLanguage":"pt-BR","@id":"https:\/\/secure.gravatar.com\/avatar\/87e8a3317d2c325a36d045fe2cc05df9d3b54288620d17d0e241ec43377fdc25?s=96&d=mm&r=g","url":"https:\/\/secure.gravatar.com\/avatar\/87e8a3317d2c325a36d045fe2cc05df9d3b54288620d17d0e241ec43377fdc25?s=96&d=mm&r=g","contentUrl":"https:\/\/secure.gravatar.com\/avatar\/87e8a3317d2c325a36d045fe2cc05df9d3b54288620d17d0e241ec43377fdc25?s=96&d=mm&r=g","caption":"Carlos Eduardo Chagas Cardoso"},"url":"https:\/\/www.estrategiaconcursos.com.br\/blog\/author\/carloschagascardosogmail-com\/"}]}},"_links":{"self":[{"href":"https:\/\/www.estrategiaconcursos.com.br\/blog\/wp-json\/wp\/v2\/posts\/1196277","targetHints":{"allow":["GET"]}}],"collection":[{"href":"https:\/\/www.estrategiaconcursos.com.br\/blog\/wp-json\/wp\/v2\/posts"}],"about":[{"href":"https:\/\/www.estrategiaconcursos.com.br\/blog\/wp-json\/wp\/v2\/types\/post"}],"author":[{"embeddable":true,"href":"https:\/\/www.estrategiaconcursos.com.br\/blog\/wp-json\/wp\/v2\/users\/2472"}],"replies":[{"embeddable":true,"href":"https:\/\/www.estrategiaconcursos.com.br\/blog\/wp-json\/wp\/v2\/comments?post=1196277"}],"version-history":[{"count":1,"href":"https:\/\/www.estrategiaconcursos.com.br\/blog\/wp-json\/wp\/v2\/posts\/1196277\/revisions"}],"predecessor-version":[{"id":1196281,"href":"https:\/\/www.estrategiaconcursos.com.br\/blog\/wp-json\/wp\/v2\/posts\/1196277\/revisions\/1196281"}],"wp:featuredmedia":[{"embeddable":true,"href":"https:\/\/www.estrategiaconcursos.com.br\/blog\/wp-json\/wp\/v2\/media\/680019"}],"wp:attachment":[{"href":"https:\/\/www.estrategiaconcursos.com.br\/blog\/wp-json\/wp\/v2\/media?parent=1196277"}],"wp:term":[{"taxonomy":"category","embeddable":true,"href":"https:\/\/www.estrategiaconcursos.com.br\/blog\/wp-json\/wp\/v2\/categories?post=1196277"},{"taxonomy":"post_tag","embeddable":true,"href":"https:\/\/www.estrategiaconcursos.com.br\/blog\/wp-json\/wp\/v2\/tags?post=1196277"},{"taxonomy":"tax_estado","embeddable":true,"href":"https:\/\/www.estrategiaconcursos.com.br\/blog\/wp-json\/wp\/v2\/tax_estado?post=1196277"}],"curies":[{"name":"wp","href":"https:\/\/api.w.org\/{rel}","templated":true}]}}