{"id":1196076,"date":"2023-05-01T14:00:00","date_gmt":"2023-05-01T17:00:00","guid":{"rendered":"https:\/\/www.estrategiaconcursos.com.br\/blog\/?p=1196076"},"modified":"2023-04-24T15:07:02","modified_gmt":"2023-04-24T18:07:02","slug":"base-calculo-ipva-sefaz-mt","status":"publish","type":"post","link":"https:\/\/www.estrategiaconcursos.com.br\/blog\/base-calculo-ipva-sefaz-mt\/","title":{"rendered":"SEFAZ MT: Base de C\u00e1lculo do IPVA"},"content":{"rendered":"\n<p class=\"has-text-align-center\"><em>Resumo dos principais pontos acerca da base de c\u00e1lculo do Imposto sobre a Propriedade de Ve\u00edculos Automotores (IPVA) para o concurso da SEFAZ MT.<\/em><\/p>\n\n\n\n<figure class=\"wp-block-image aligncenter size-full is-resized\"><img loading=\"lazy\" decoding=\"async\" src=\"https:\/\/dhg1h5j42swfq.cloudfront.net\/2023\/04\/03135053\/146-divida-ativa-de-ipva.png\" alt=\"base c\u00e1lculo ipva mt\" class=\"wp-image-1196078\" width=\"450\" height=\"300\" srcset=\"https:\/\/dhg1h5j42swfq.cloudfront.net\/2023\/04\/03135053\/146-divida-ativa-de-ipva.png 540w, https:\/\/dhg1h5j42swfq.cloudfront.net\/2023\/04\/03135053\/146-divida-ativa-de-ipva-300x200.png 300w, https:\/\/dhg1h5j42swfq.cloudfront.net\/2023\/04\/03135053\/146-divida-ativa-de-ipva-150x100.png 150w\" sizes=\"auto, (max-width: 450px) 100vw, 450px\" \/><\/figure>\n\n\n\n<p>Fala, pessoal!<\/p>\n\n\n\n<p>Tudo bem com voc\u00eas?<\/p>\n\n\n\n<p>Neste artigo veremos um resumo acerca da <strong>base de c\u00e1lculo do IPVA para o concurso da SEFAZ MT.<\/strong> Em outro artigo, apresentamos os aspectos gerais como fato gerador, local e al\u00edquotas deste imposto, n\u00e3o deixe de conferir. IPVA \u00e9 um assunto tranquilo e que n\u00e3o pode ficar de fora da sua prepara\u00e7\u00e3o.<\/p>\n\n\n\n<p>O ano de 2023 trouxe mais uma \u00f3tima oportunidade de concurso para a \u00e1rea fiscal. Estamos falando do edital do <strong>concurso <\/strong><a href=\"https:\/\/www.estrategiaconcursos.com.br\/cursosPorConcurso\/secretaria-da-fazenda-do-mato-grosso-sefaz-mt\/\" target=\"_blank\" rel=\"noreferrer noopener\"><strong>Sefaz MT<\/strong><\/a>, com sal\u00e1rio inicial suficiente para voc\u00ea aposentar a caneta:<strong> R$ 30.063,76<\/strong>, al\u00e9m de R$ 9 mil de verba indenizat\u00f3ria.<\/p>\n\n\n\n<p>O concurso ser\u00e1 realizado pela<a href=\"https:\/\/conhecimento.fgv.br\/concursos\/sefazmt23\" target=\"_blank\" rel=\"noreferrer noopener\"> Funda\u00e7\u00e3o Get\u00falio Vargas (<strong>FGV<\/strong>)<\/a>, as inscri\u00e7\u00f5es podem ser feitas at\u00e9 \u00e0s 16h (Hor\u00e1rio local de Cuiab\u00e1\/MT) do<strong> dia 04 de abril<\/strong>.<\/p>\n\n\n\n<p>Vamos nessa?<\/p>\n\n\n\n<h2 class=\"wp-block-heading\" id=\"h-base-de-calculo-ipva-para-a-sefaz-mt\">Base de c\u00e1lculo IPVA para a SEFAZ MT<\/h2>\n\n\n\n<p>O IPVA \u00e9 um imposto real que incide sobre a propriedade de ve\u00edculos automotores.<\/p>\n\n\n\n<p>\u00c9 importante ressaltar o entendimento jurisprudencial que considera que a simples <strong>notifica\u00e7\u00e3o do contribuinte <\/strong>para o recolhimento do IPVA <strong>perfectibiliza a constitui\u00e7\u00e3o definitiva do cr\u00e9dito tribut\u00e1rio<\/strong>, dessa forma, <strong>d\u00e1 in\u00edcio ao prazo prescricional para a execu\u00e7\u00e3o fiscal no dia seguinte \u00e0 data estipulada para o vencimento da exa\u00e7\u00e3o.<\/strong><\/p>\n\n\n\n<p>Vejamos as bases de c\u00e1lculo trazidas pela <strong>Lei 7.301\/2000.<\/strong><\/p>\n\n\n\n<p><strong><mark style=\"background-color:rgba(0, 0, 0, 0)\" class=\"has-inline-color has-vivid-purple-color\">Primeira aquisi\u00e7\u00e3o do ve\u00edculo por consumidor final:<\/mark><\/strong><\/p>\n\n\n\n<p>&#8211; <strong>o valor constante do documento fiscal relativo \u00e0 aquisi\u00e7\u00e3o, acrescido do valor de opcional e acess\u00f3rio e das demais despesas relativas \u00e0 opera\u00e7\u00e3o.<\/strong><\/p>\n\n\n\n<p>Nos casos de aquisi\u00e7\u00e3o de ve\u00edculos novos, a base de c\u00e1lculo ser\u00e1 o valor constante do documento fiscal incluindo todos os valores opcionais referentes aos acess\u00f3rios do ve\u00edculo e as despesas relativas \u00e0 compra.<\/p>\n\n\n\n<p>Neste caso, o valor do imposto deve ser proporcional aos meses que ainda restam do ano da compra. Para este c\u00e1lculo, deve-se levar em conta inclusive o m\u00eas da ocorr\u00eancia do evento.<\/p>\n\n\n\n<p>Portanto, se o ve\u00edculo foi adquirido em outubro, o imposto ser\u00e1 devido na propor\u00e7\u00e3o de 3\/12 (referentes \u00e0 outubro, novembro e dezembro).<\/p>\n\n\n\n<p><strong><mark style=\"background-color:rgba(0, 0, 0, 0)\" class=\"has-inline-color has-vivid-purple-color\">Ve\u00edculo importado<\/mark><\/strong><\/p>\n\n\n\n<p>&#8211; o <strong>valor constante do documento de importa\u00e7\u00e3o, acrescido do valor de tributo incidente e de qualquer despesa decorrente da importa\u00e7\u00e3o, ainda que n\u00e3o pago pelo importador.<\/strong><\/p>\n\n\n\n<p>Ressalta-se que esta importa\u00e7\u00e3o pode ser feita diretamente, pelo consumidor final, ou indiretamente, por meio de tradings.<\/p>\n\n\n\n<p>Ainda, aqui tamb\u00e9m se aplica a regra da propor\u00e7\u00e3o dos meses restantes para o c\u00e1lculo do imposto devido, considerando a <strong>data do desembara\u00e7o aduaneiro<\/strong>.<\/p>\n\n\n\n<p><strong><mark style=\"background-color:rgba(0, 0, 0, 0)\" class=\"has-inline-color has-vivid-purple-color\">Incorpora\u00e7\u00e3o do ve\u00edculo ao ativo permanente<\/mark><\/strong><\/p>\n\n\n\n<p>&#8211; <strong>o valor do custo de aquisi\u00e7\u00e3o ou de fabrica\u00e7\u00e3o constante do documento relativo \u00e0 opera\u00e7\u00e3o.<\/strong><\/p>\n\n\n\n<p>H\u00e1 situa\u00e7\u00f5es em que o contribuinte adquire ve\u00edculo com a inten\u00e7\u00e3o de vend\u00ea-lo e posteriormente, decide incorpor\u00e1-lo em seu ativo permanente. Nestes casos, o imposto incide quando ocorre essa incorpora\u00e7\u00e3o e tem como base de c\u00e1lculo o valor do custo de aquisi\u00e7\u00e3o ou de fabrica\u00e7\u00e3o constante no documento da opera\u00e7\u00e3o.<\/p>\n\n\n\n<p>Assim como nos casos acima, aqui tamb\u00e9m se aplica a propor\u00e7\u00e3o dos meses restantes do ano para o c\u00e1lculo do imposto, considerando a data da incorpora\u00e7\u00e3o.<\/p>\n\n\n\n<p>Vejamos mais uma base de c\u00e1lculo do IPVA para o concurso da SEFAZ MT.<\/p>\n\n\n\n<p><strong><mark style=\"background-color:rgba(0, 0, 0, 0)\" class=\"has-inline-color has-vivid-purple-color\">Ve\u00edculo montado<\/mark><\/strong><\/p>\n\n\n\n<p><strong>&#8211; o somat\u00f3rio dos valores constantes dos documentos fiscais relativos \u00e0 aquisi\u00e7\u00e3o de partes e pe\u00e7as e aos servi\u00e7os prestados, n\u00e3o podendo o somat\u00f3rio ser inferior ao valor m\u00e9dio de mercado.<\/strong><\/p>\n\n\n\n<p>O ve\u00edculo montado pelo pr\u00f3prio contribuinte ou por conta e ordem deste tem como base de c\u00e1lculo o somat\u00f3rio de todas as pe\u00e7as, partes e servi\u00e7os prestados para a montagem.<\/p>\n\n\n\n<p>Este valor n\u00e3o pode ser inferior ao valor m\u00e9dio de mercado.<\/p>\n\n\n\n<p><strong><mark style=\"background-color:rgba(0, 0, 0, 0)\" class=\"has-inline-color has-vivid-purple-color\">Ve\u00edculo usado<\/mark><\/strong><\/p>\n\n\n\n<p>&#8211; <strong>o valor m\u00e9dio de mercado divulgado em tabela elaborada pela Secretaria de Estado de Fazenda, na forma indicada no regulamento<\/strong>.<\/p>\n\n\n\n<p>A regra geral da base de c\u00e1lculo dos ve\u00edculos adquiridos em exerc\u00edcios anteriores \u00e9 o valor m\u00e9dio divulgado pela SEFAZ.<\/p>\n\n\n\n<p>A legisla\u00e7\u00e3o mato-grossense ainda apresenta, neste caso, alguns aspectos que devem ser observados, vejamos:<\/p>\n\n\n\n<p>a) em rela\u00e7\u00e3o ao<strong> ve\u00edculo a\u00e9reo<\/strong>, o fabricante, o <strong>modelo e\/ou o peso<\/strong> de decolagem;<\/p>\n\n\n\n<p>b) em rela\u00e7\u00e3o ao <strong>ve\u00edculo aqu\u00e1tico<\/strong>, a <strong>pot\u00eancia do motor, o comprimento, o tipo de casco e\/ou o ano de fabrica\u00e7\u00e3o;<\/strong><\/p>\n\n\n\n<p>c) em rela\u00e7\u00e3o ao <strong>ve\u00edculo terrestre, a marca, o modelo, a pot\u00eancia, a esp\u00e9cie e\/ou o ano de fabrica\u00e7\u00e3o.<\/strong><\/p>\n\n\n\n<p>A tabela com a divulga\u00e7\u00e3o do valor m\u00e9dio de mercado deve ser publicada at\u00e9 o dia 31 de dezembro do exerc\u00edcio anterior ao da cobran\u00e7a do imposto.<\/p>\n\n\n\n<p>Nos casos de perda de isen\u00e7\u00e3o ou recupera\u00e7\u00e3o de ve\u00edculos furtados ou roubados, o imposto devido tamb\u00e9m ser\u00e1 calculado conforme a propor\u00e7\u00e3o dos meses restantes.<\/p>\n\n\n\n<p>A lei ainda apresenta as bases de c\u00e1lculo que devem ser consideradas no caso de impossibilidade da aplica\u00e7\u00e3o das bases de c\u00e1lculo previstas acima, quais sejam:<\/p>\n\n\n\n<p><strong>a) de ve\u00edculo similar constante da tabela ou existente no mercado;<\/strong><\/p>\n\n\n\n<p><strong>b) arbitrado pela autoridade administrativa na inviabilidade da aplica\u00e7\u00e3o da regra precedente.<\/strong><\/p>\n\n\n\n<p>Ressalta-se que a determina\u00e7\u00e3o da base de c\u00e1lculo n\u00e3o leva em considera\u00e7\u00e3o o estado de conserva\u00e7\u00e3o do ve\u00edculo.<\/p>\n\n\n\n<h2 class=\"wp-block-heading\">Finalizando<\/h2>\n\n\n\n<p>Pessoal, este foi o nosso resumo acerca dos <strong>base de c\u00e1lculo do IPVA para o concurso da SEFAZ MT<\/strong>. N\u00e3o deixem de fazer a leitura da lei seca a fim de consolidar o conhecimento.<\/p>\n\n\n\n<p>O Estrat\u00e9gia Concursos possui o curso completo para a sua prepara\u00e7\u00e3o, n\u00e3o deixe de conferir.<\/p>\n\n\n\n<p>Bons estudos!<\/p>\n\n\n\n<p>At\u00e9 a pr\u00f3xima.<\/p>\n\n\n\n<h2 class=\"wp-block-heading has-text-align-center\" id=\"h-cursos-e-assinaturas\">Cursos e Assinaturas <\/h2>\n\n\n\n<p>Prepare-se com o melhor material e com quem mais aprova em Concursos P\u00fablicos em todo o pa\u00eds!<\/p>\n\n\n\n<p class=\"has-text-align-center has-white-color has-vivid-purple-background-color has-text-color has-background\"><a href=\"https:\/\/www.estrategiaconcursos.com.br\/blog\/concursos-abertos\/\" target=\"_blank\" rel=\"noreferrer noopener\"><strong>Concursos abertos<\/strong><\/a><\/p>\n\n\n\n<p class=\"has-text-align-center has-vivid-purple-background-color has-background\"><a href=\"https:\/\/www.estrategiaconcursos.com.br\/blog\/concursos-abertos\/\" target=\"_blank\" rel=\"noreferrer noopener\"><strong>Concursos <\/strong>2023<\/a><\/p>\n","protected":false},"excerpt":{"rendered":"<p>Resumo dos principais pontos acerca da base de c\u00e1lculo do Imposto sobre a Propriedade de Ve\u00edculos Automotores (IPVA) para o concurso da SEFAZ MT.<\/p>\n","protected":false},"author":2459,"featured_media":1196078,"comment_status":"open","ping_status":"closed","sticky":false,"template":"","format":"standard","meta":{"post_tipo":"article","footnotes":""},"categories":[1],"tags":[40],"tax_estado":[219963,219976],"class_list":["post-1196076","post","type-post","status-publish","format-standard","has-post-thumbnail","hentry","category-cursos-e-concursos","tag-concurso","tax_estado-concursos-federais","tax_estado-mt"],"acf":[],"yoast_head":"<!-- This site is optimized with the Yoast SEO Premium plugin v27.2 (Yoast SEO v27.2) - https:\/\/yoast.com\/product\/yoast-seo-premium-wordpress\/ -->\n<title>SEFAZ MT: Base de C\u00e1lculo do IPVA<\/title>\n<meta name=\"description\" content=\"Resumo dos principais pontos acerca da base de c\u00e1lculo do Imposto sobre a Propriedade de Ve\u00edculos Automotores (IPVA).\" \/>\n<meta name=\"robots\" content=\"index, follow, max-snippet:-1, max-image-preview:large, max-video-preview:-1\" \/>\n<link rel=\"canonical\" href=\"https:\/\/www.estrategiaconcursos.com.br\/blog\/base-calculo-ipva-sefaz-mt\/\" \/>\n<meta property=\"og:locale\" content=\"pt_BR\" \/>\n<meta property=\"og:type\" content=\"article\" \/>\n<meta property=\"og:title\" content=\"SEFAZ MT: Base de C\u00e1lculo do IPVA\" \/>\n<meta property=\"og:description\" content=\"Resumo dos principais pontos acerca da base de c\u00e1lculo do Imposto sobre a Propriedade de Ve\u00edculos Automotores (IPVA).\" \/>\n<meta property=\"og:url\" content=\"https:\/\/www.estrategiaconcursos.com.br\/blog\/base-calculo-ipva-sefaz-mt\/\" \/>\n<meta property=\"og:site_name\" content=\"Estrat\u00e9gia Concursos\" \/>\n<meta property=\"article:published_time\" content=\"2023-05-01T17:00:00+00:00\" \/>\n<meta property=\"og:image\" content=\"https:\/\/dhg1h5j42swfq.cloudfront.net\/2023\/04\/03135053\/146-divida-ativa-de-ipva.png\" \/>\n\t<meta property=\"og:image:width\" content=\"540\" \/>\n\t<meta property=\"og:image:height\" content=\"360\" \/>\n\t<meta property=\"og:image:type\" content=\"image\/png\" \/>\n<meta name=\"author\" content=\"J\u00e9ssica Luciano Barcelos\" \/>\n<meta name=\"twitter:card\" content=\"summary_large_image\" \/>\n<meta name=\"twitter:creator\" content=\"@EstratConcursos\" \/>\n<meta name=\"twitter:site\" content=\"@EstratConcursos\" \/>\n<meta name=\"twitter:label1\" content=\"Escrito por\" \/>\n\t<meta name=\"twitter:data1\" content=\"J\u00e9ssica Luciano Barcelos\" \/>\n\t<meta name=\"twitter:label2\" content=\"Est. tempo de leitura\" \/>\n\t<meta name=\"twitter:data2\" content=\"5 minutos\" \/>\n<script type=\"application\/ld+json\" class=\"yoast-schema-graph\">{\"@context\":\"https:\/\/schema.org\",\"@graph\":[{\"@type\":\"NewsArticle\",\"@id\":\"https:\/\/www.estrategiaconcursos.com.br\/blog\/base-calculo-ipva-sefaz-mt\/#article\",\"isPartOf\":{\"@id\":\"https:\/\/www.estrategiaconcursos.com.br\/blog\/base-calculo-ipva-sefaz-mt\/\"},\"author\":{\"name\":\"J\u00e9ssica Luciano Barcelos\",\"@id\":\"https:\/\/www.estrategiaconcursos.com.br\/blog\/#\/schema\/person\/8207b340097a76d57b0d52dd527d7e53\"},\"headline\":\"SEFAZ MT: Base de C\u00e1lculo do IPVA\",\"datePublished\":\"2023-05-01T17:00:00+00:00\",\"mainEntityOfPage\":{\"@id\":\"https:\/\/www.estrategiaconcursos.com.br\/blog\/base-calculo-ipva-sefaz-mt\/\"},\"wordCount\":1042,\"commentCount\":0,\"publisher\":{\"@id\":\"https:\/\/www.estrategiaconcursos.com.br\/blog\/#organization\"},\"image\":{\"@id\":\"https:\/\/www.estrategiaconcursos.com.br\/blog\/base-calculo-ipva-sefaz-mt\/#primaryimage\"},\"thumbnailUrl\":\"https:\/\/dhg1h5j42swfq.cloudfront.net\/2023\/04\/03135053\/146-divida-ativa-de-ipva.png\",\"keywords\":[\"Concurso\"],\"articleSection\":[\"Concursos P\u00fablicos\"],\"inLanguage\":\"pt-BR\",\"potentialAction\":[{\"@type\":\"CommentAction\",\"name\":\"Comment\",\"target\":[\"https:\/\/www.estrategiaconcursos.com.br\/blog\/base-calculo-ipva-sefaz-mt\/#respond\"]}],\"copyrightYear\":\"2023\",\"copyrightHolder\":{\"@id\":\"https:\/\/www.estrategiaconcursos.com.br\/blog\/#organization\"}},{\"@type\":\"WebPage\",\"@id\":\"https:\/\/www.estrategiaconcursos.com.br\/blog\/base-calculo-ipva-sefaz-mt\/\",\"url\":\"https:\/\/www.estrategiaconcursos.com.br\/blog\/base-calculo-ipva-sefaz-mt\/\",\"name\":\"SEFAZ MT: Base de C\u00e1lculo do IPVA\",\"isPartOf\":{\"@id\":\"https:\/\/www.estrategiaconcursos.com.br\/blog\/#website\"},\"primaryImageOfPage\":{\"@id\":\"https:\/\/www.estrategiaconcursos.com.br\/blog\/base-calculo-ipva-sefaz-mt\/#primaryimage\"},\"image\":{\"@id\":\"https:\/\/www.estrategiaconcursos.com.br\/blog\/base-calculo-ipva-sefaz-mt\/#primaryimage\"},\"thumbnailUrl\":\"https:\/\/dhg1h5j42swfq.cloudfront.net\/2023\/04\/03135053\/146-divida-ativa-de-ipva.png\",\"datePublished\":\"2023-05-01T17:00:00+00:00\",\"description\":\"Resumo dos principais pontos acerca da base de c\u00e1lculo do Imposto sobre a Propriedade de Ve\u00edculos Automotores (IPVA).\",\"breadcrumb\":{\"@id\":\"https:\/\/www.estrategiaconcursos.com.br\/blog\/base-calculo-ipva-sefaz-mt\/#breadcrumb\"},\"inLanguage\":\"pt-BR\",\"potentialAction\":[{\"@type\":\"ReadAction\",\"target\":[\"https:\/\/www.estrategiaconcursos.com.br\/blog\/base-calculo-ipva-sefaz-mt\/\"]}]},{\"@type\":\"ImageObject\",\"inLanguage\":\"pt-BR\",\"@id\":\"https:\/\/www.estrategiaconcursos.com.br\/blog\/base-calculo-ipva-sefaz-mt\/#primaryimage\",\"url\":\"https:\/\/dhg1h5j42swfq.cloudfront.net\/2023\/04\/03135053\/146-divida-ativa-de-ipva.png\",\"contentUrl\":\"https:\/\/dhg1h5j42swfq.cloudfront.net\/2023\/04\/03135053\/146-divida-ativa-de-ipva.png\",\"width\":540,\"height\":360},{\"@type\":\"BreadcrumbList\",\"@id\":\"https:\/\/www.estrategiaconcursos.com.br\/blog\/base-calculo-ipva-sefaz-mt\/#breadcrumb\",\"itemListElement\":[{\"@type\":\"ListItem\",\"position\":1,\"name\":\"In\u00edcio\",\"item\":\"https:\/\/www.estrategiaconcursos.com.br\/blog\/\"},{\"@type\":\"ListItem\",\"position\":2,\"name\":\"SEFAZ MT: Base de C\u00e1lculo do IPVA\"}]},{\"@type\":\"WebSite\",\"@id\":\"https:\/\/www.estrategiaconcursos.com.br\/blog\/#website\",\"url\":\"https:\/\/www.estrategiaconcursos.com.br\/blog\/\",\"name\":\"Estrat\u00e9gia Concursos\",\"description\":\"O blog da Estrat\u00e9gia Concursos traz not\u00edcias sobre concursos e artigos de professores oferecendo cursos para concursos (pdf + videaulas) no site.\",\"publisher\":{\"@id\":\"https:\/\/www.estrategiaconcursos.com.br\/blog\/#organization\"},\"potentialAction\":[{\"@type\":\"SearchAction\",\"target\":{\"@type\":\"EntryPoint\",\"urlTemplate\":\"https:\/\/www.estrategiaconcursos.com.br\/blog\/?s={search_term_string}\"},\"query-input\":{\"@type\":\"PropertyValueSpecification\",\"valueRequired\":true,\"valueName\":\"search_term_string\"}}],\"inLanguage\":\"pt-BR\"},{\"@type\":\"Organization\",\"@id\":\"https:\/\/www.estrategiaconcursos.com.br\/blog\/#organization\",\"name\":\"Estrat\u00e9gia Concursos\",\"url\":\"https:\/\/www.estrategiaconcursos.com.br\/blog\/\",\"logo\":{\"@type\":\"ImageObject\",\"inLanguage\":\"pt-BR\",\"@id\":\"https:\/\/www.estrategiaconcursos.com.br\/blog\/#\/schema\/logo\/image\/\",\"url\":\"https:\/\/dhg1h5j42swfq.cloudfront.net\/2025\/06\/03203428\/logo_concursos-1.jpg\",\"contentUrl\":\"https:\/\/dhg1h5j42swfq.cloudfront.net\/2025\/06\/03203428\/logo_concursos-1.jpg\",\"width\":230,\"height\":60,\"caption\":\"Estrat\u00e9gia Concursos\"},\"image\":{\"@id\":\"https:\/\/www.estrategiaconcursos.com.br\/blog\/#\/schema\/logo\/image\/\"},\"sameAs\":[\"https:\/\/x.com\/EstratConcursos\"]},{\"@type\":\"Person\",\"@id\":\"https:\/\/www.estrategiaconcursos.com.br\/blog\/#\/schema\/person\/8207b340097a76d57b0d52dd527d7e53\",\"name\":\"J\u00e9ssica Luciano Barcelos\",\"image\":{\"@type\":\"ImageObject\",\"inLanguage\":\"pt-BR\",\"@id\":\"https:\/\/secure.gravatar.com\/avatar\/feaa24cba2d6d73f21c019e05c8bff471043b1db62437f2c2e5112e2f3773495?s=96&d=mm&r=g\",\"url\":\"https:\/\/secure.gravatar.com\/avatar\/feaa24cba2d6d73f21c019e05c8bff471043b1db62437f2c2e5112e2f3773495?s=96&d=mm&r=g\",\"contentUrl\":\"https:\/\/secure.gravatar.com\/avatar\/feaa24cba2d6d73f21c019e05c8bff471043b1db62437f2c2e5112e2f3773495?s=96&d=mm&r=g\",\"caption\":\"J\u00e9ssica Luciano Barcelos\"},\"description\":\"Formada em Engenharia Civil pela Universidade Federal dos Vales do Jequitinhonha e Mucuri (UFVJM). Aprovada para Auditora Fiscal da SEFAZ AM em 2022.\",\"sameAs\":[\"https:\/\/www.instagram.com\/jessicalbarcelos\/\",\"https:\/\/www.linkedin.com\/in\/jssica-barcelos-580594143\/\"],\"worksFor\":\"J\u00c9SSICA LUCIANO BARCELOS\",\"url\":\"https:\/\/www.estrategiaconcursos.com.br\/blog\/author\/jessicalbarcelosgmail-com\/\"}]}<\/script>\n<!-- \/ Yoast SEO Premium plugin. -->","yoast_head_json":{"title":"SEFAZ MT: Base de C\u00e1lculo do IPVA","description":"Resumo dos principais pontos acerca da base de c\u00e1lculo do Imposto sobre a Propriedade de Ve\u00edculos Automotores (IPVA).","robots":{"index":"index","follow":"follow","max-snippet":"max-snippet:-1","max-image-preview":"max-image-preview:large","max-video-preview":"max-video-preview:-1"},"canonical":"https:\/\/www.estrategiaconcursos.com.br\/blog\/base-calculo-ipva-sefaz-mt\/","og_locale":"pt_BR","og_type":"article","og_title":"SEFAZ MT: Base de C\u00e1lculo do IPVA","og_description":"Resumo dos principais pontos acerca da base de c\u00e1lculo do Imposto sobre a Propriedade de Ve\u00edculos Automotores (IPVA).","og_url":"https:\/\/www.estrategiaconcursos.com.br\/blog\/base-calculo-ipva-sefaz-mt\/","og_site_name":"Estrat\u00e9gia Concursos","article_published_time":"2023-05-01T17:00:00+00:00","og_image":[{"width":540,"height":360,"url":"https:\/\/dhg1h5j42swfq.cloudfront.net\/2023\/04\/03135053\/146-divida-ativa-de-ipva.png","type":"image\/png"}],"author":"J\u00e9ssica Luciano Barcelos","twitter_card":"summary_large_image","twitter_creator":"@EstratConcursos","twitter_site":"@EstratConcursos","twitter_misc":{"Escrito por":"J\u00e9ssica Luciano Barcelos","Est. tempo de leitura":"5 minutos"},"schema":{"@context":"https:\/\/schema.org","@graph":[{"@type":"NewsArticle","@id":"https:\/\/www.estrategiaconcursos.com.br\/blog\/base-calculo-ipva-sefaz-mt\/#article","isPartOf":{"@id":"https:\/\/www.estrategiaconcursos.com.br\/blog\/base-calculo-ipva-sefaz-mt\/"},"author":{"name":"J\u00e9ssica Luciano Barcelos","@id":"https:\/\/www.estrategiaconcursos.com.br\/blog\/#\/schema\/person\/8207b340097a76d57b0d52dd527d7e53"},"headline":"SEFAZ MT: Base de C\u00e1lculo do IPVA","datePublished":"2023-05-01T17:00:00+00:00","mainEntityOfPage":{"@id":"https:\/\/www.estrategiaconcursos.com.br\/blog\/base-calculo-ipva-sefaz-mt\/"},"wordCount":1042,"commentCount":0,"publisher":{"@id":"https:\/\/www.estrategiaconcursos.com.br\/blog\/#organization"},"image":{"@id":"https:\/\/www.estrategiaconcursos.com.br\/blog\/base-calculo-ipva-sefaz-mt\/#primaryimage"},"thumbnailUrl":"https:\/\/dhg1h5j42swfq.cloudfront.net\/2023\/04\/03135053\/146-divida-ativa-de-ipva.png","keywords":["Concurso"],"articleSection":["Concursos P\u00fablicos"],"inLanguage":"pt-BR","potentialAction":[{"@type":"CommentAction","name":"Comment","target":["https:\/\/www.estrategiaconcursos.com.br\/blog\/base-calculo-ipva-sefaz-mt\/#respond"]}],"copyrightYear":"2023","copyrightHolder":{"@id":"https:\/\/www.estrategiaconcursos.com.br\/blog\/#organization"}},{"@type":"WebPage","@id":"https:\/\/www.estrategiaconcursos.com.br\/blog\/base-calculo-ipva-sefaz-mt\/","url":"https:\/\/www.estrategiaconcursos.com.br\/blog\/base-calculo-ipva-sefaz-mt\/","name":"SEFAZ MT: Base de C\u00e1lculo do IPVA","isPartOf":{"@id":"https:\/\/www.estrategiaconcursos.com.br\/blog\/#website"},"primaryImageOfPage":{"@id":"https:\/\/www.estrategiaconcursos.com.br\/blog\/base-calculo-ipva-sefaz-mt\/#primaryimage"},"image":{"@id":"https:\/\/www.estrategiaconcursos.com.br\/blog\/base-calculo-ipva-sefaz-mt\/#primaryimage"},"thumbnailUrl":"https:\/\/dhg1h5j42swfq.cloudfront.net\/2023\/04\/03135053\/146-divida-ativa-de-ipva.png","datePublished":"2023-05-01T17:00:00+00:00","description":"Resumo dos principais pontos acerca da base de c\u00e1lculo do Imposto sobre a Propriedade de Ve\u00edculos Automotores (IPVA).","breadcrumb":{"@id":"https:\/\/www.estrategiaconcursos.com.br\/blog\/base-calculo-ipva-sefaz-mt\/#breadcrumb"},"inLanguage":"pt-BR","potentialAction":[{"@type":"ReadAction","target":["https:\/\/www.estrategiaconcursos.com.br\/blog\/base-calculo-ipva-sefaz-mt\/"]}]},{"@type":"ImageObject","inLanguage":"pt-BR","@id":"https:\/\/www.estrategiaconcursos.com.br\/blog\/base-calculo-ipva-sefaz-mt\/#primaryimage","url":"https:\/\/dhg1h5j42swfq.cloudfront.net\/2023\/04\/03135053\/146-divida-ativa-de-ipva.png","contentUrl":"https:\/\/dhg1h5j42swfq.cloudfront.net\/2023\/04\/03135053\/146-divida-ativa-de-ipva.png","width":540,"height":360},{"@type":"BreadcrumbList","@id":"https:\/\/www.estrategiaconcursos.com.br\/blog\/base-calculo-ipva-sefaz-mt\/#breadcrumb","itemListElement":[{"@type":"ListItem","position":1,"name":"In\u00edcio","item":"https:\/\/www.estrategiaconcursos.com.br\/blog\/"},{"@type":"ListItem","position":2,"name":"SEFAZ MT: Base de C\u00e1lculo do IPVA"}]},{"@type":"WebSite","@id":"https:\/\/www.estrategiaconcursos.com.br\/blog\/#website","url":"https:\/\/www.estrategiaconcursos.com.br\/blog\/","name":"Estrat\u00e9gia Concursos","description":"O blog da Estrat\u00e9gia Concursos traz not\u00edcias sobre concursos e artigos de professores oferecendo cursos para concursos (pdf + videaulas) no site.","publisher":{"@id":"https:\/\/www.estrategiaconcursos.com.br\/blog\/#organization"},"potentialAction":[{"@type":"SearchAction","target":{"@type":"EntryPoint","urlTemplate":"https:\/\/www.estrategiaconcursos.com.br\/blog\/?s={search_term_string}"},"query-input":{"@type":"PropertyValueSpecification","valueRequired":true,"valueName":"search_term_string"}}],"inLanguage":"pt-BR"},{"@type":"Organization","@id":"https:\/\/www.estrategiaconcursos.com.br\/blog\/#organization","name":"Estrat\u00e9gia Concursos","url":"https:\/\/www.estrategiaconcursos.com.br\/blog\/","logo":{"@type":"ImageObject","inLanguage":"pt-BR","@id":"https:\/\/www.estrategiaconcursos.com.br\/blog\/#\/schema\/logo\/image\/","url":"https:\/\/dhg1h5j42swfq.cloudfront.net\/2025\/06\/03203428\/logo_concursos-1.jpg","contentUrl":"https:\/\/dhg1h5j42swfq.cloudfront.net\/2025\/06\/03203428\/logo_concursos-1.jpg","width":230,"height":60,"caption":"Estrat\u00e9gia Concursos"},"image":{"@id":"https:\/\/www.estrategiaconcursos.com.br\/blog\/#\/schema\/logo\/image\/"},"sameAs":["https:\/\/x.com\/EstratConcursos"]},{"@type":"Person","@id":"https:\/\/www.estrategiaconcursos.com.br\/blog\/#\/schema\/person\/8207b340097a76d57b0d52dd527d7e53","name":"J\u00e9ssica Luciano Barcelos","image":{"@type":"ImageObject","inLanguage":"pt-BR","@id":"https:\/\/secure.gravatar.com\/avatar\/feaa24cba2d6d73f21c019e05c8bff471043b1db62437f2c2e5112e2f3773495?s=96&d=mm&r=g","url":"https:\/\/secure.gravatar.com\/avatar\/feaa24cba2d6d73f21c019e05c8bff471043b1db62437f2c2e5112e2f3773495?s=96&d=mm&r=g","contentUrl":"https:\/\/secure.gravatar.com\/avatar\/feaa24cba2d6d73f21c019e05c8bff471043b1db62437f2c2e5112e2f3773495?s=96&d=mm&r=g","caption":"J\u00e9ssica Luciano Barcelos"},"description":"Formada em Engenharia Civil pela Universidade Federal dos Vales do Jequitinhonha e Mucuri (UFVJM). Aprovada para Auditora Fiscal da SEFAZ AM em 2022.","sameAs":["https:\/\/www.instagram.com\/jessicalbarcelos\/","https:\/\/www.linkedin.com\/in\/jssica-barcelos-580594143\/"],"worksFor":"J\u00c9SSICA LUCIANO BARCELOS","url":"https:\/\/www.estrategiaconcursos.com.br\/blog\/author\/jessicalbarcelosgmail-com\/"}]}},"_links":{"self":[{"href":"https:\/\/www.estrategiaconcursos.com.br\/blog\/wp-json\/wp\/v2\/posts\/1196076","targetHints":{"allow":["GET"]}}],"collection":[{"href":"https:\/\/www.estrategiaconcursos.com.br\/blog\/wp-json\/wp\/v2\/posts"}],"about":[{"href":"https:\/\/www.estrategiaconcursos.com.br\/blog\/wp-json\/wp\/v2\/types\/post"}],"author":[{"embeddable":true,"href":"https:\/\/www.estrategiaconcursos.com.br\/blog\/wp-json\/wp\/v2\/users\/2459"}],"replies":[{"embeddable":true,"href":"https:\/\/www.estrategiaconcursos.com.br\/blog\/wp-json\/wp\/v2\/comments?post=1196076"}],"version-history":[{"count":4,"href":"https:\/\/www.estrategiaconcursos.com.br\/blog\/wp-json\/wp\/v2\/posts\/1196076\/revisions"}],"predecessor-version":[{"id":1196200,"href":"https:\/\/www.estrategiaconcursos.com.br\/blog\/wp-json\/wp\/v2\/posts\/1196076\/revisions\/1196200"}],"wp:featuredmedia":[{"embeddable":true,"href":"https:\/\/www.estrategiaconcursos.com.br\/blog\/wp-json\/wp\/v2\/media\/1196078"}],"wp:attachment":[{"href":"https:\/\/www.estrategiaconcursos.com.br\/blog\/wp-json\/wp\/v2\/media?parent=1196076"}],"wp:term":[{"taxonomy":"category","embeddable":true,"href":"https:\/\/www.estrategiaconcursos.com.br\/blog\/wp-json\/wp\/v2\/categories?post=1196076"},{"taxonomy":"post_tag","embeddable":true,"href":"https:\/\/www.estrategiaconcursos.com.br\/blog\/wp-json\/wp\/v2\/tags?post=1196076"},{"taxonomy":"tax_estado","embeddable":true,"href":"https:\/\/www.estrategiaconcursos.com.br\/blog\/wp-json\/wp\/v2\/tax_estado?post=1196076"}],"curies":[{"name":"wp","href":"https:\/\/api.w.org\/{rel}","templated":true}]}}